{"id":1068675,"date":"2020-06-21T23:49:43","date_gmt":"2020-06-21T21:49:43","guid":{"rendered":"https:\/\/www.eldigitaldeasturias.com\/noticias\/?p=1068675"},"modified":"2020-06-21T23:49:43","modified_gmt":"2020-06-21T21:49:43","slug":"instalacion-con-100-maniquies-recuerda-la-crisis-covid-19-en-alemania","status":"publish","type":"post","link":"https:\/\/www.eldigitaldeasturias.com\/noticias\/instalacion-con-100-maniquies-recuerda-la-crisis-covid-19-en-alemania\/","title":{"rendered":"Instalaci\u00f3n con 100 maniqu\u00edes recuerda la crisis covid-19 en Alemania"},"content":{"rendered":"<p>Limburgo (Alemania), 21 jun (dpa) &#8211; M\u00e1s de 100 maniqu\u00edes envueltos con cinta roja llamaron hoy la atenci\u00f3n en la ciudad de Limburgo cerca de Fr\u00e1ncfort sobre la crisis desatada por la pandemia del coronavirus y los cambios sociales que la acompa\u00f1aron.<\/p>\n<figure id=\"attachment_1068676\" aria-describedby=\"caption-attachment-1068676\" style=\"width: 650px\" class=\"wp-caption aligncenter\"><img loading=\"lazy\" decoding=\"async\" class=\"wp-image-1068676\" src=\"https:\/\/www.eldigitaldeasturias.com\/noticias\/wp-content\/uploads\/2020\/06\/Covid-19-Alemania-360x229.jpg\" alt=\"\" width=\"650\" height=\"414\" srcset=\"https:\/\/www.eldigitaldeasturias.com\/noticias\/wp-content\/uploads\/2020\/06\/Covid-19-Alemania-360x229.jpg 360w, https:\/\/www.eldigitaldeasturias.com\/noticias\/wp-content\/uploads\/2020\/06\/Covid-19-Alemania-690x439.jpg 690w, https:\/\/www.eldigitaldeasturias.com\/noticias\/wp-content\/uploads\/2020\/06\/Covid-19-Alemania-471x300.jpg 471w, https:\/\/www.eldigitaldeasturias.com\/noticias\/wp-content\/uploads\/2020\/06\/Covid-19-Alemania-768x489.jpg 768w, https:\/\/www.eldigitaldeasturias.com\/noticias\/wp-content\/uploads\/2020\/06\/Covid-19-Alemania-696x443.jpg 696w, https:\/\/www.eldigitaldeasturias.com\/noticias\/wp-content\/uploads\/2020\/06\/Covid-19-Alemania-659x420.jpg 659w, https:\/\/www.eldigitaldeasturias.com\/noticias\/wp-content\/uploads\/2020\/06\/Covid-19-Alemania.jpg 1041w\" sizes=\"auto, (max-width: 650px) 100vw, 650px\" \/><figcaption id=\"caption-attachment-1068676\" class=\"wp-caption-text\">El artista Dennis Josef Meseg junto con su instalaci\u00f3n de 100 maniqu\u00edes para llamar la atenci\u00f3n sobre la crisis provocada por la pandemia del coronavirus. Foto: Andreas Arnold\/dpa<\/figcaption><\/figure>\n<p>\u00abEs un monumento inspirado en la crisis\u00bb, dijo el artista Dennis Josef Meseg sobre su instalaci\u00f3n. Indic\u00f3 que \u00absobre todo, (la obra) deber\u00eda conducir a una mayor conciencia de la gente.\u00bb<\/p>\n<p>Ya en la ma\u00f1ana del domingo, el equipo de Meseg construy\u00f3 la instalaci\u00f3n titulada \u00abEs como es\u00bb (\u00abIt is like it is\u00bb) en el puente sobre el r\u00edo Lahn. Dos horas m\u00e1s tarde, los 111 mu\u00f1ecos fueron trasladados a la plaza de la catedral de Limburgo.<\/p>\n<p>\u00abEstar de pie alrededor de los maniqu\u00edes tambi\u00e9n revela el estancamiento de la sociedad\u00bb, manifest\u00f3 Meseg.<\/p>\n<p>Autoridades de la ciudad explicaron que a principios de a\u00f1o estos maniqu\u00edes todav\u00eda se exhib\u00edan en las vidrieras de las tiendas y agregaron que, en el contexto de la pandemia, muchas tuvieron que cerrar por un tiempo.<\/p>\n<p>Indicaron que las extremidades perdidas de los maniqu\u00edes eran un s\u00edmbolo de la reducci\u00f3n de los derechos b\u00e1sicos durante la pandemia y que la instalaci\u00f3n ya se ha mostrado en Berl\u00edn, Colonia, Hamburgo, Stuttgart y Wolfsburgo, entre otros sitios.<\/p>\n","protected":false},"excerpt":{"rendered":"<p>Limburgo (Alemania), 21 jun (dpa) &#8211; M\u00e1s de 100 maniqu\u00edes envueltos con cinta roja llamaron hoy la atenci\u00f3n en la ciudad de Limburgo cerca de Fr\u00e1ncfort sobre la crisis desatada por la pandemia del coronavirus y los cambios sociales que la acompa\u00f1aron. \u00abEs un monumento inspirado en la crisis\u00bb, dijo el artista Dennis Josef Meseg [&hellip;]<\/p>\n","protected":false},"author":1,"featured_media":1068676,"comment_status":"closed","ping_status":"closed","sticky":false,"template":"","format":"standard","meta":{"footnotes":""},"categories":[28],"tags":[],"class_list":["post-1068675","post","type-post","status-publish","format-standard","has-post-thumbnail","hentry","category-sociedad"],"aioseo_notices":[],"aioseo_head":"\n\t\t<!-- All in One SEO Pro 4.9.6.2 - aioseo.com -->\n\t<meta name=\"description\" content=\"Limburgo (Alemania), 21 jun (dpa) - M\u00e1s de 100 maniqu\u00edes envueltos con cinta roja llamaron hoy la atenci\u00f3n en la ciudad de Limburgo cerca de Fr\u00e1ncfort sobre la crisis desatada por la pandemia del coronavirus y los cambios sociales que la acompa\u00f1aron. &quot;Es un monumento inspirado en la crisis&quot;, dijo el artista Dennis Josef Meseg\" \/>\n\t<meta name=\"robots\" content=\"max-image-preview:large\" \/>\n\t<meta name=\"author\" content=\"El Digital de Asturias\"\/>\n\t<meta name=\"google-site-verification\" content=\"UA-38556648-1\" \/>\n\t<meta name=\"msvalidate.01\" content=\"7dfe9f3f1b24437ab69f4f2559babe99\" \/>\n\t<meta name=\"keywords\" content=\"sociedad\" \/>\n\t<link rel=\"canonical\" href=\"https:\/\/www.eldigitaldeasturias.com\/noticias\/instalacion-con-100-maniquies-recuerda-la-crisis-covid-19-en-alemania\/\" \/>\n\t<meta name=\"generator\" content=\"All in One SEO Pro (AIOSEO) 4.9.6.2\" \/>\n\t\t<meta property=\"og:locale\" content=\"es_ES\" \/>\n\t\t<meta property=\"og:site_name\" content=\"El Digital de Asturias\" \/>\n\t\t<meta property=\"og:type\" content=\"article\" \/>\n\t\t<meta property=\"og:title\" content=\"Instalaci\u00f3n con 100 maniqu\u00edes recuerda la crisis covid-19 en Alemania - El Digital de Asturias\" \/>\n\t\t<meta property=\"og:description\" content=\"Limburgo (Alemania), 21 jun (dpa) - M\u00e1s de 100 maniqu\u00edes envueltos con cinta roja llamaron hoy la atenci\u00f3n en la ciudad de Limburgo cerca de Fr\u00e1ncfort sobre la crisis desatada por la pandemia del coronavirus y los cambios sociales que la acompa\u00f1aron. &quot;Es un monumento inspirado en la crisis&quot;, dijo el artista Dennis Josef Meseg\" \/>\n\t\t<meta property=\"og:url\" content=\"https:\/\/www.eldigitaldeasturias.com\/noticias\/instalacion-con-100-maniquies-recuerda-la-crisis-covid-19-en-alemania\/\" \/>\n\t\t<meta property=\"og:image\" content=\"https:\/\/www.eldigitaldeasturias.com\/noticias\/wp-content\/uploads\/2020\/06\/Covid-19-Alemania.jpg\" \/>\n\t\t<meta property=\"og:image:secure_url\" content=\"https:\/\/www.eldigitaldeasturias.com\/noticias\/wp-content\/uploads\/2020\/06\/Covid-19-Alemania.jpg\" \/>\n\t\t<meta property=\"og:image:width\" content=\"1041\" \/>\n\t\t<meta property=\"og:image:height\" content=\"663\" \/>\n\t\t<meta property=\"article:tag\" content=\"sociedad\" \/>\n\t\t<meta property=\"article:published_time\" content=\"2020-06-21T21:49:43+00:00\" \/>\n\t\t<meta property=\"article:modified_time\" content=\"2020-06-21T21:49:43+00:00\" \/>\n\t\t<meta property=\"article:publisher\" content=\"https:\/\/facebook.com\/eldigitaldeasturias\" \/>\n\t\t<meta name=\"twitter:card\" content=\"summary_large_image\" \/>\n\t\t<meta name=\"twitter:title\" content=\"Instalaci\u00f3n con 100 maniqu\u00edes recuerda la crisis covid-19 en Alemania - El Digital de Asturias\" \/>\n\t\t<meta name=\"twitter:description\" content=\"Limburgo (Alemania), 21 jun (dpa) - M\u00e1s de 100 maniqu\u00edes envueltos con cinta roja llamaron hoy la atenci\u00f3n en la ciudad de Limburgo cerca de Fr\u00e1ncfort sobre la crisis desatada por la pandemia del coronavirus y los cambios sociales que la acompa\u00f1aron. &quot;Es un monumento inspirado en la crisis&quot;, dijo el artista Dennis Josef Meseg\" \/>\n\t\t<meta name=\"twitter:image\" content=\"https:\/\/www.eldigitaldeasturias.com\/noticias\/wp-content\/uploads\/2020\/06\/Covid-19-Alemania.jpg\" \/>\n\t\t<meta name=\"twitter:label1\" content=\"Escrito por\" \/>\n\t\t<meta name=\"twitter:data1\" content=\"El Digital de Asturias\" \/>\n\t\t<meta name=\"twitter:label2\" content=\"Tiempo de lectura estimado\" \/>\n\t\t<meta name=\"twitter:data2\" content=\"1 minuto\" \/>\n\t\t<script type=\"application\/ld+json\" class=\"aioseo-schema\">\n\t\t\t{\"@context\":\"https:\\\/\\\/schema.org\",\"@graph\":[{\"@type\":\"BlogPosting\",\"@id\":\"https:\\\/\\\/www.eldigitaldeasturias.com\\\/noticias\\\/instalacion-con-100-maniquies-recuerda-la-crisis-covid-19-en-alemania\\\/#blogposting\",\"name\":\"Instalaci\\u00f3n con 100 maniqu\\u00edes recuerda la crisis covid-19 en Alemania - El Digital de Asturias\",\"headline\":\"Instalaci\\u00f3n con 100 maniqu\\u00edes recuerda la crisis covid-19 en Alemania\",\"author\":{\"@id\":\"https:\\\/\\\/www.eldigitaldeasturias.com\\\/noticias\\\/author\\\/admin\\\/#author\"},\"publisher\":{\"@id\":\"https:\\\/\\\/www.eldigitaldeasturias.com\\\/noticias\\\/#organization\"},\"image\":{\"@type\":\"ImageObject\",\"url\":\"https:\\\/\\\/www.eldigitaldeasturias.com\\\/noticias\\\/wp-content\\\/uploads\\\/2020\\\/06\\\/Covid-19-Alemania.jpg\",\"width\":1041,\"height\":663,\"caption\":\"El artista Dennis Josef Meseg junto con su instalaci\\u00f3n de 100 maniqu\\u00edes para llamar la atenci\\u00f3n sobre la crisis provocada por la pandemia del coronavirus. Foto: Andreas Arnold\\\/dpa\"},\"datePublished\":\"2020-06-21T23:49:43+02:00\",\"dateModified\":\"2020-06-21T23:49:43+02:00\",\"inLanguage\":\"es-ES\",\"mainEntityOfPage\":{\"@id\":\"https:\\\/\\\/www.eldigitaldeasturias.com\\\/noticias\\\/instalacion-con-100-maniquies-recuerda-la-crisis-covid-19-en-alemania\\\/#webpage\"},\"isPartOf\":{\"@id\":\"https:\\\/\\\/www.eldigitaldeasturias.com\\\/noticias\\\/instalacion-con-100-maniquies-recuerda-la-crisis-covid-19-en-alemania\\\/#webpage\"},\"articleSection\":\"Sociedad\"},{\"@type\":\"BreadcrumbList\",\"@id\":\"https:\\\/\\\/www.eldigitaldeasturias.com\\\/noticias\\\/instalacion-con-100-maniquies-recuerda-la-crisis-covid-19-en-alemania\\\/#breadcrumblist\",\"itemListElement\":[{\"@type\":\"ListItem\",\"@id\":\"https:\\\/\\\/www.eldigitaldeasturias.com\\\/noticias#listItem\",\"position\":1,\"name\":\"Home\",\"item\":\"https:\\\/\\\/www.eldigitaldeasturias.com\\\/noticias\",\"nextItem\":{\"@type\":\"ListItem\",\"@id\":\"https:\\\/\\\/www.eldigitaldeasturias.com\\\/noticias\\\/category\\\/sociedad\\\/#listItem\",\"name\":\"Sociedad\"}},{\"@type\":\"ListItem\",\"@id\":\"https:\\\/\\\/www.eldigitaldeasturias.com\\\/noticias\\\/category\\\/sociedad\\\/#listItem\",\"position\":2,\"name\":\"Sociedad\",\"item\":\"https:\\\/\\\/www.eldigitaldeasturias.com\\\/noticias\\\/category\\\/sociedad\\\/\",\"nextItem\":{\"@type\":\"ListItem\",\"@id\":\"https:\\\/\\\/www.eldigitaldeasturias.com\\\/noticias\\\/instalacion-con-100-maniquies-recuerda-la-crisis-covid-19-en-alemania\\\/#listItem\",\"name\":\"Instalaci\\u00f3n con 100 maniqu\\u00edes recuerda la crisis covid-19 en Alemania\"},\"previousItem\":{\"@type\":\"ListItem\",\"@id\":\"https:\\\/\\\/www.eldigitaldeasturias.com\\\/noticias#listItem\",\"name\":\"Home\"}},{\"@type\":\"ListItem\",\"@id\":\"https:\\\/\\\/www.eldigitaldeasturias.com\\\/noticias\\\/instalacion-con-100-maniquies-recuerda-la-crisis-covid-19-en-alemania\\\/#listItem\",\"position\":3,\"name\":\"Instalaci\\u00f3n con 100 maniqu\\u00edes recuerda la crisis covid-19 en Alemania\",\"previousItem\":{\"@type\":\"ListItem\",\"@id\":\"https:\\\/\\\/www.eldigitaldeasturias.com\\\/noticias\\\/category\\\/sociedad\\\/#listItem\",\"name\":\"Sociedad\"}}]},{\"@type\":\"Organization\",\"@id\":\"https:\\\/\\\/www.eldigitaldeasturias.com\\\/noticias\\\/#organization\",\"name\":\"El Digital de Asturias\",\"description\":\"Hemeroteca\",\"url\":\"https:\\\/\\\/www.eldigitaldeasturias.com\\\/noticias\\\/\",\"email\":\"info@eldigitaldeasturias.com\",\"telephone\":\"+34652131393\",\"logo\":{\"@type\":\"ImageObject\",\"url\":\"https:\\\/\\\/www.eldigitaldeasturias.com\\\/noticias\\\/wp-content\\\/uploads\\\/2020\\\/12\\\/EDA.jpg\",\"@id\":\"https:\\\/\\\/www.eldigitaldeasturias.com\\\/noticias\\\/instalacion-con-100-maniquies-recuerda-la-crisis-covid-19-en-alemania\\\/#organizationLogo\",\"width\":649,\"height\":297},\"image\":{\"@id\":\"https:\\\/\\\/www.eldigitaldeasturias.com\\\/noticias\\\/instalacion-con-100-maniquies-recuerda-la-crisis-covid-19-en-alemania\\\/#organizationLogo\"},\"sameAs\":[\"https:\\\/\\\/facebook.com\\\/eldigitaldeasturias\",\"https:\\\/\\\/www.youtube.com\\\/channel\\\/UCZP-2wLEB9Rv6erhFmqVnvg\"],\"address\":{\"@id\":\"https:\\\/\\\/www.eldigitaldeasturias.com\\\/noticias\\\/#postaladdress\",\"@type\":\"PostalAddress\",\"streetAddress\":\"san antonio 4,\",\"postalCode\":\"33430\",\"addressLocality\":\"Cand\\u00e1s\",\"addressRegion\":\"Asturias\",\"addressCountry\":\"ES\"}},{\"@type\":\"Person\",\"@id\":\"https:\\\/\\\/www.eldigitaldeasturias.com\\\/noticias\\\/author\\\/admin\\\/#author\",\"url\":\"https:\\\/\\\/www.eldigitaldeasturias.com\\\/noticias\\\/author\\\/admin\\\/\",\"name\":\"El Digital de Asturias\",\"image\":{\"@type\":\"ImageObject\",\"@id\":\"https:\\\/\\\/www.eldigitaldeasturias.com\\\/noticias\\\/instalacion-con-100-maniquies-recuerda-la-crisis-covid-19-en-alemania\\\/#authorImage\",\"url\":\"https:\\\/\\\/www.eldigitaldeasturias.com\\\/noticias\\\/wp-content\\\/litespeed\\\/avatar\\\/18677e78aa0546b92d9dbf31ec7d7668.jpg?ver=1777290358\",\"width\":96,\"height\":96,\"caption\":\"El Digital de Asturias\"}},{\"@type\":\"WebPage\",\"@id\":\"https:\\\/\\\/www.eldigitaldeasturias.com\\\/noticias\\\/instalacion-con-100-maniquies-recuerda-la-crisis-covid-19-en-alemania\\\/#webpage\",\"url\":\"https:\\\/\\\/www.eldigitaldeasturias.com\\\/noticias\\\/instalacion-con-100-maniquies-recuerda-la-crisis-covid-19-en-alemania\\\/\",\"name\":\"Instalaci\\u00f3n con 100 maniqu\\u00edes recuerda la crisis covid-19 en Alemania - El Digital de Asturias\",\"description\":\"Limburgo (Alemania), 21 jun (dpa) - M\\u00e1s de 100 maniqu\\u00edes envueltos con cinta roja llamaron hoy la atenci\\u00f3n en la ciudad de Limburgo cerca de Fr\\u00e1ncfort sobre la crisis desatada por la pandemia del coronavirus y los cambios sociales que la acompa\\u00f1aron. \\\"Es un monumento inspirado en la crisis\\\", dijo el artista Dennis Josef Meseg\",\"inLanguage\":\"es-ES\",\"isPartOf\":{\"@id\":\"https:\\\/\\\/www.eldigitaldeasturias.com\\\/noticias\\\/#website\"},\"breadcrumb\":{\"@id\":\"https:\\\/\\\/www.eldigitaldeasturias.com\\\/noticias\\\/instalacion-con-100-maniquies-recuerda-la-crisis-covid-19-en-alemania\\\/#breadcrumblist\"},\"author\":{\"@id\":\"https:\\\/\\\/www.eldigitaldeasturias.com\\\/noticias\\\/author\\\/admin\\\/#author\"},\"creator\":{\"@id\":\"https:\\\/\\\/www.eldigitaldeasturias.com\\\/noticias\\\/author\\\/admin\\\/#author\"},\"image\":{\"@type\":\"ImageObject\",\"url\":\"https:\\\/\\\/www.eldigitaldeasturias.com\\\/noticias\\\/wp-content\\\/uploads\\\/2020\\\/06\\\/Covid-19-Alemania.jpg\",\"@id\":\"https:\\\/\\\/www.eldigitaldeasturias.com\\\/noticias\\\/instalacion-con-100-maniquies-recuerda-la-crisis-covid-19-en-alemania\\\/#mainImage\",\"width\":1041,\"height\":663,\"caption\":\"El artista Dennis Josef Meseg junto con su instalaci\\u00f3n de 100 maniqu\\u00edes para llamar la atenci\\u00f3n sobre la crisis provocada por la pandemia del coronavirus. Foto: Andreas Arnold\\\/dpa\"},\"primaryImageOfPage\":{\"@id\":\"https:\\\/\\\/www.eldigitaldeasturias.com\\\/noticias\\\/instalacion-con-100-maniquies-recuerda-la-crisis-covid-19-en-alemania\\\/#mainImage\"},\"datePublished\":\"2020-06-21T23:49:43+02:00\",\"dateModified\":\"2020-06-21T23:49:43+02:00\"},{\"@type\":\"WebSite\",\"@id\":\"https:\\\/\\\/www.eldigitaldeasturias.com\\\/noticias\\\/#website\",\"url\":\"https:\\\/\\\/www.eldigitaldeasturias.com\\\/noticias\\\/\",\"name\":\"El Digital de Asturias - Diario de actualidad y noticias\",\"alternateName\":\"El Digital de Asturias - Diario de actualidad y noticias\",\"description\":\"Hemeroteca\",\"inLanguage\":\"es-ES\",\"publisher\":{\"@id\":\"https:\\\/\\\/www.eldigitaldeasturias.com\\\/noticias\\\/#organization\"}}]}\n\t\t<\/script>\n\t\t<!-- All in One SEO Pro -->\r\n\t\t<title>Instalaci\u00f3n con 100 maniqu\u00edes recuerda la crisis covid-19 en Alemania - El Digital de Asturias<\/title>\n\n","aioseo_head_json":{"title":"Instalaci\u00f3n con 100 maniqu\u00edes recuerda la crisis covid-19 en Alemania - El Digital de Asturias","description":"Limburgo (Alemania), 21 jun (dpa) - M\u00e1s de 100 maniqu\u00edes envueltos con cinta roja llamaron hoy la atenci\u00f3n en la ciudad de Limburgo cerca de Fr\u00e1ncfort sobre la crisis desatada por la pandemia del coronavirus y los cambios sociales que la acompa\u00f1aron. \"Es un monumento inspirado en la crisis\", dijo el artista Dennis Josef Meseg","canonical_url":"https:\/\/www.eldigitaldeasturias.com\/noticias\/instalacion-con-100-maniquies-recuerda-la-crisis-covid-19-en-alemania\/","robots":"max-image-preview:large","keywords":"sociedad","webmasterTools":{"google-site-verification":"UA-38556648-1","msvalidate.01":"7dfe9f3f1b24437ab69f4f2559babe99","miscellaneous":""},"schema":{"@context":"https:\/\/schema.org","@graph":[{"@type":"BlogPosting","@id":"https:\/\/www.eldigitaldeasturias.com\/noticias\/instalacion-con-100-maniquies-recuerda-la-crisis-covid-19-en-alemania\/#blogposting","name":"Instalaci\u00f3n con 100 maniqu\u00edes recuerda la crisis covid-19 en Alemania - El Digital de Asturias","headline":"Instalaci\u00f3n con 100 maniqu\u00edes recuerda la crisis covid-19 en Alemania","author":{"@id":"https:\/\/www.eldigitaldeasturias.com\/noticias\/author\/admin\/#author"},"publisher":{"@id":"https:\/\/www.eldigitaldeasturias.com\/noticias\/#organization"},"image":{"@type":"ImageObject","url":"https:\/\/www.eldigitaldeasturias.com\/noticias\/wp-content\/uploads\/2020\/06\/Covid-19-Alemania.jpg","width":1041,"height":663,"caption":"El artista Dennis Josef Meseg junto con su instalaci\u00f3n de 100 maniqu\u00edes para llamar la atenci\u00f3n sobre la crisis provocada por la pandemia del coronavirus. Foto: Andreas Arnold\/dpa"},"datePublished":"2020-06-21T23:49:43+02:00","dateModified":"2020-06-21T23:49:43+02:00","inLanguage":"es-ES","mainEntityOfPage":{"@id":"https:\/\/www.eldigitaldeasturias.com\/noticias\/instalacion-con-100-maniquies-recuerda-la-crisis-covid-19-en-alemania\/#webpage"},"isPartOf":{"@id":"https:\/\/www.eldigitaldeasturias.com\/noticias\/instalacion-con-100-maniquies-recuerda-la-crisis-covid-19-en-alemania\/#webpage"},"articleSection":"Sociedad"},{"@type":"BreadcrumbList","@id":"https:\/\/www.eldigitaldeasturias.com\/noticias\/instalacion-con-100-maniquies-recuerda-la-crisis-covid-19-en-alemania\/#breadcrumblist","itemListElement":[{"@type":"ListItem","@id":"https:\/\/www.eldigitaldeasturias.com\/noticias#listItem","position":1,"name":"Home","item":"https:\/\/www.eldigitaldeasturias.com\/noticias","nextItem":{"@type":"ListItem","@id":"https:\/\/www.eldigitaldeasturias.com\/noticias\/category\/sociedad\/#listItem","name":"Sociedad"}},{"@type":"ListItem","@id":"https:\/\/www.eldigitaldeasturias.com\/noticias\/category\/sociedad\/#listItem","position":2,"name":"Sociedad","item":"https:\/\/www.eldigitaldeasturias.com\/noticias\/category\/sociedad\/","nextItem":{"@type":"ListItem","@id":"https:\/\/www.eldigitaldeasturias.com\/noticias\/instalacion-con-100-maniquies-recuerda-la-crisis-covid-19-en-alemania\/#listItem","name":"Instalaci\u00f3n con 100 maniqu\u00edes recuerda la crisis covid-19 en Alemania"},"previousItem":{"@type":"ListItem","@id":"https:\/\/www.eldigitaldeasturias.com\/noticias#listItem","name":"Home"}},{"@type":"ListItem","@id":"https:\/\/www.eldigitaldeasturias.com\/noticias\/instalacion-con-100-maniquies-recuerda-la-crisis-covid-19-en-alemania\/#listItem","position":3,"name":"Instalaci\u00f3n con 100 maniqu\u00edes recuerda la crisis covid-19 en Alemania","previousItem":{"@type":"ListItem","@id":"https:\/\/www.eldigitaldeasturias.com\/noticias\/category\/sociedad\/#listItem","name":"Sociedad"}}]},{"@type":"Organization","@id":"https:\/\/www.eldigitaldeasturias.com\/noticias\/#organization","name":"El Digital de Asturias","description":"Hemeroteca","url":"https:\/\/www.eldigitaldeasturias.com\/noticias\/","email":"info@eldigitaldeasturias.com","telephone":"+34652131393","logo":{"@type":"ImageObject","url":"https:\/\/www.eldigitaldeasturias.com\/noticias\/wp-content\/uploads\/2020\/12\/EDA.jpg","@id":"https:\/\/www.eldigitaldeasturias.com\/noticias\/instalacion-con-100-maniquies-recuerda-la-crisis-covid-19-en-alemania\/#organizationLogo","width":649,"height":297},"image":{"@id":"https:\/\/www.eldigitaldeasturias.com\/noticias\/instalacion-con-100-maniquies-recuerda-la-crisis-covid-19-en-alemania\/#organizationLogo"},"sameAs":["https:\/\/facebook.com\/eldigitaldeasturias","https:\/\/www.youtube.com\/channel\/UCZP-2wLEB9Rv6erhFmqVnvg"],"address":{"@id":"https:\/\/www.eldigitaldeasturias.com\/noticias\/#postaladdress","@type":"PostalAddress","streetAddress":"san antonio 4,","postalCode":"33430","addressLocality":"Cand\u00e1s","addressRegion":"Asturias","addressCountry":"ES"}},{"@type":"Person","@id":"https:\/\/www.eldigitaldeasturias.com\/noticias\/author\/admin\/#author","url":"https:\/\/www.eldigitaldeasturias.com\/noticias\/author\/admin\/","name":"El Digital de Asturias","image":{"@type":"ImageObject","@id":"https:\/\/www.eldigitaldeasturias.com\/noticias\/instalacion-con-100-maniquies-recuerda-la-crisis-covid-19-en-alemania\/#authorImage","url":"https:\/\/www.eldigitaldeasturias.com\/noticias\/wp-content\/litespeed\/avatar\/18677e78aa0546b92d9dbf31ec7d7668.jpg?ver=1777290358","width":96,"height":96,"caption":"El Digital de Asturias"}},{"@type":"WebPage","@id":"https:\/\/www.eldigitaldeasturias.com\/noticias\/instalacion-con-100-maniquies-recuerda-la-crisis-covid-19-en-alemania\/#webpage","url":"https:\/\/www.eldigitaldeasturias.com\/noticias\/instalacion-con-100-maniquies-recuerda-la-crisis-covid-19-en-alemania\/","name":"Instalaci\u00f3n con 100 maniqu\u00edes recuerda la crisis covid-19 en Alemania - El Digital de Asturias","description":"Limburgo (Alemania), 21 jun (dpa) - M\u00e1s de 100 maniqu\u00edes envueltos con cinta roja llamaron hoy la atenci\u00f3n en la ciudad de Limburgo cerca de Fr\u00e1ncfort sobre la crisis desatada por la pandemia del coronavirus y los cambios sociales que la acompa\u00f1aron. \"Es un monumento inspirado en la crisis\", dijo el artista Dennis Josef Meseg","inLanguage":"es-ES","isPartOf":{"@id":"https:\/\/www.eldigitaldeasturias.com\/noticias\/#website"},"breadcrumb":{"@id":"https:\/\/www.eldigitaldeasturias.com\/noticias\/instalacion-con-100-maniquies-recuerda-la-crisis-covid-19-en-alemania\/#breadcrumblist"},"author":{"@id":"https:\/\/www.eldigitaldeasturias.com\/noticias\/author\/admin\/#author"},"creator":{"@id":"https:\/\/www.eldigitaldeasturias.com\/noticias\/author\/admin\/#author"},"image":{"@type":"ImageObject","url":"https:\/\/www.eldigitaldeasturias.com\/noticias\/wp-content\/uploads\/2020\/06\/Covid-19-Alemania.jpg","@id":"https:\/\/www.eldigitaldeasturias.com\/noticias\/instalacion-con-100-maniquies-recuerda-la-crisis-covid-19-en-alemania\/#mainImage","width":1041,"height":663,"caption":"El artista Dennis Josef Meseg junto con su instalaci\u00f3n de 100 maniqu\u00edes para llamar la atenci\u00f3n sobre la crisis provocada por la pandemia del coronavirus. Foto: Andreas Arnold\/dpa"},"primaryImageOfPage":{"@id":"https:\/\/www.eldigitaldeasturias.com\/noticias\/instalacion-con-100-maniquies-recuerda-la-crisis-covid-19-en-alemania\/#mainImage"},"datePublished":"2020-06-21T23:49:43+02:00","dateModified":"2020-06-21T23:49:43+02:00"},{"@type":"WebSite","@id":"https:\/\/www.eldigitaldeasturias.com\/noticias\/#website","url":"https:\/\/www.eldigitaldeasturias.com\/noticias\/","name":"El Digital de Asturias - Diario de actualidad y noticias","alternateName":"El Digital de Asturias - Diario de actualidad y noticias","description":"Hemeroteca","inLanguage":"es-ES","publisher":{"@id":"https:\/\/www.eldigitaldeasturias.com\/noticias\/#organization"}}]},"og:locale":"es_ES","og:site_name":"El Digital de Asturias","og:type":"article","og:title":"Instalaci\u00f3n con 100 maniqu\u00edes recuerda la crisis covid-19 en Alemania - El Digital de Asturias","og:description":"Limburgo (Alemania), 21 jun (dpa) - M\u00e1s de 100 maniqu\u00edes envueltos con cinta roja llamaron hoy la atenci\u00f3n en la ciudad de Limburgo cerca de Fr\u00e1ncfort sobre la crisis desatada por la pandemia del coronavirus y los cambios sociales que la acompa\u00f1aron. &quot;Es un monumento inspirado en la crisis&quot;, dijo el artista Dennis Josef Meseg","og:url":"https:\/\/www.eldigitaldeasturias.com\/noticias\/instalacion-con-100-maniquies-recuerda-la-crisis-covid-19-en-alemania\/","og:image":"https:\/\/www.eldigitaldeasturias.com\/noticias\/wp-content\/uploads\/2020\/06\/Covid-19-Alemania.jpg","og:image:secure_url":"https:\/\/www.eldigitaldeasturias.com\/noticias\/wp-content\/uploads\/2020\/06\/Covid-19-Alemania.jpg","og:image:width":1041,"og:image:height":663,"article:tag":["sociedad"],"article:published_time":"2020-06-21T21:49:43+00:00","article:modified_time":"2020-06-21T21:49:43+00:00","article:publisher":"https:\/\/facebook.com\/eldigitaldeasturias","twitter:card":"summary_large_image","twitter:title":"Instalaci\u00f3n con 100 maniqu\u00edes recuerda la crisis covid-19 en Alemania - El Digital de Asturias","twitter:description":"Limburgo (Alemania), 21 jun (dpa) - M\u00e1s de 100 maniqu\u00edes envueltos con cinta roja llamaron hoy la atenci\u00f3n en la ciudad de Limburgo cerca de Fr\u00e1ncfort sobre la crisis desatada por la pandemia del coronavirus y los cambios sociales que la acompa\u00f1aron. &quot;Es un monumento inspirado en la crisis&quot;, dijo el artista Dennis Josef Meseg","twitter:image":"https:\/\/www.eldigitaldeasturias.com\/noticias\/wp-content\/uploads\/2020\/06\/Covid-19-Alemania.jpg","twitter:label1":"Escrito por","twitter:data1":"El Digital de Asturias","twitter:label2":"Tiempo de lectura estimado","twitter:data2":"1 minuto"},"aioseo_meta_data":{"post_id":"1068675","title":null,"description":null,"keywords":null,"keyphrases":null,"primary_term":null,"canonical_url":null,"og_title":null,"og_description":null,"og_object_type":"default","og_image_type":"default","og_image_url":null,"og_image_width":null,"og_image_height":null,"og_image_custom_url":null,"og_image_custom_fields":null,"og_video":null,"og_custom_url":null,"og_article_section":null,"og_article_tags":null,"twitter_use_og":false,"twitter_card":"default","twitter_image_type":"default","twitter_image_url":null,"twitter_image_custom_url":null,"twitter_image_custom_fields":null,"twitter_title":null,"twitter_description":null,"schema":{"blockGraphs":[],"customGraphs":[],"default":{"data":{"Article":[],"Course":[],"Dataset":[],"FAQPage":[],"Movie":[],"Person":[],"Product":[],"ProductReview":[],"Car":[],"Recipe":[],"Service":[],"SoftwareApplication":[],"WebPage":[]},"graphName":"","isEnabled":true},"graphs":[],"defaultGraph":"","defaultPostTypeGraph":""},"schema_type":null,"schema_type_options":null,"pillar_content":false,"robots_default":true,"robots_noindex":false,"robots_noarchive":false,"robots_nosnippet":false,"robots_nofollow":false,"robots_noimageindex":false,"robots_noodp":false,"robots_notranslate":false,"robots_max_snippet":null,"robots_max_videopreview":null,"robots_max_imagepreview":"large","priority":null,"frequency":null,"local_seo":null,"seo_analyzer_scan_date":"2025-09-12 18:58:53","breadcrumb_settings":null,"limit_modified_date":false,"open_ai":null,"ai":null,"created":"2020-12-21 10:47:14","updated":"2025-09-12 18:58:53"},"aioseo_breadcrumb":"<div class=\"aioseo-breadcrumbs\"><span class=\"aioseo-breadcrumb\">\n\t<a href=\"https:\/\/www.eldigitaldeasturias.com\/noticias\" title=\"Home\">Home<\/a>\n<\/span><span class=\"aioseo-breadcrumb-separator\">\u2013<\/span><span class=\"aioseo-breadcrumb\">\n\t<a href=\"https:\/\/www.eldigitaldeasturias.com\/noticias\/category\/sociedad\/\" title=\"Sociedad\">Sociedad<\/a>\n<\/span><span class=\"aioseo-breadcrumb-separator\">\u2013<\/span><span class=\"aioseo-breadcrumb\">\n\t<a href=\"https:\/\/www.eldigitaldeasturias.com\/noticias\/instalacion-con-100-maniquies-recuerda-la-crisis-covid-19-en-alemania\/\" title=\"Instalaci\u00f3n con 100 maniqu\u00edes recuerda la crisis covid-19 en Alemania\">Instalaci\u00f3n con 100 maniqu\u00edes recuerda la crisis covid-19 en Alemania<\/a>\n<\/span><\/div>","aioseo_breadcrumb_json":[{"label":"Home","link":"https:\/\/www.eldigitaldeasturias.com\/noticias"},{"label":"Sociedad","link":"https:\/\/www.eldigitaldeasturias.com\/noticias\/category\/sociedad\/"},{"label":"Instalaci\u00f3n con 100 maniqu\u00edes recuerda la crisis covid-19 en Alemania","link":"https:\/\/www.eldigitaldeasturias.com\/noticias\/instalacion-con-100-maniquies-recuerda-la-crisis-covid-19-en-alemania\/"}],"_links":{"self":[{"href":"https:\/\/www.eldigitaldeasturias.com\/noticias\/wp-json\/wp\/v2\/posts\/1068675","targetHints":{"allow":["GET"]}}],"collection":[{"href":"https:\/\/www.eldigitaldeasturias.com\/noticias\/wp-json\/wp\/v2\/posts"}],"about":[{"href":"https:\/\/www.eldigitaldeasturias.com\/noticias\/wp-json\/wp\/v2\/types\/post"}],"author":[{"embeddable":true,"href":"https:\/\/www.eldigitaldeasturias.com\/noticias\/wp-json\/wp\/v2\/users\/1"}],"replies":[{"embeddable":true,"href":"https:\/\/www.eldigitaldeasturias.com\/noticias\/wp-json\/wp\/v2\/comments?post=1068675"}],"version-history":[{"count":0,"href":"https:\/\/www.eldigitaldeasturias.com\/noticias\/wp-json\/wp\/v2\/posts\/1068675\/revisions"}],"wp:featuredmedia":[{"embeddable":true,"href":"https:\/\/www.eldigitaldeasturias.com\/noticias\/wp-json\/wp\/v2\/media\/1068676"}],"wp:attachment":[{"href":"https:\/\/www.eldigitaldeasturias.com\/noticias\/wp-json\/wp\/v2\/media?parent=1068675"}],"wp:term":[{"taxonomy":"category","embeddable":true,"href":"https:\/\/www.eldigitaldeasturias.com\/noticias\/wp-json\/wp\/v2\/categories?post=1068675"},{"taxonomy":"post_tag","embeddable":true,"href":"https:\/\/www.eldigitaldeasturias.com\/noticias\/wp-json\/wp\/v2\/tags?post=1068675"}],"curies":[{"name":"wp","href":"https:\/\/api.w.org\/{rel}","templated":true}]}}