{"id":1068405,"date":"2020-06-18T17:45:01","date_gmt":"2020-06-18T15:45:01","guid":{"rendered":"https:\/\/www.eldigitaldeasturias.com\/noticias\/?p=1068405"},"modified":"2020-06-18T17:45:01","modified_gmt":"2020-06-18T15:45:01","slug":"cultura-convoca-los-premios-lliterarios-nasturianu-y-el-camareta-al-meyor-cantar-nasturianu-y-gallego-asturianu","status":"publish","type":"post","link":"https:\/\/www.eldigitaldeasturias.com\/noticias\/cultura-convoca-los-premios-lliterarios-nasturianu-y-el-camareta-al-meyor-cantar-nasturianu-y-gallego-asturianu\/","title":{"rendered":"Cultura convoca los premios lliterarios n&#8217;asturianu y el Camaret\u00e1 al Meyor Cantar n&#8217;asturianu y gallego-asturianu"},"content":{"rendered":"<p><img loading=\"lazy\" decoding=\"async\" class=\"alignleft size-medium wp-image-1068403\" src=\"https:\/\/www.eldigitaldeasturias.com\/noticias\/wp-content\/uploads\/2020\/06\/typewriter-5260665_640-360x240.jpg\" alt=\"\" width=\"360\" height=\"240\" srcset=\"https:\/\/www.eldigitaldeasturias.com\/noticias\/wp-content\/uploads\/2020\/06\/typewriter-5260665_640-360x240.jpg 360w, https:\/\/www.eldigitaldeasturias.com\/noticias\/wp-content\/uploads\/2020\/06\/typewriter-5260665_640-450x300.jpg 450w, https:\/\/www.eldigitaldeasturias.com\/noticias\/wp-content\/uploads\/2020\/06\/typewriter-5260665_640-630x420.jpg 630w, https:\/\/www.eldigitaldeasturias.com\/noticias\/wp-content\/uploads\/2020\/06\/typewriter-5260665_640.jpg 640w\" sizes=\"auto, (max-width: 360px) 100vw, 360px\" \/>La Conseyer\u00eda de Cultura, Pol\u00edtica Lling\u00fc\u00edstica y Turismu convoc\u00f3 los premios lliterarios n&#8217;asturianu Xosefa Xovellanos de novela, na so 41 edici\u00f3n, Xuan Mar\u00eda Acebal de poes\u00eda, na so 26 edici\u00f3n, M\u00e1ximo Fuertes Acevedo d&#8217;ensayu, tami\u00e9n na so 26 edici\u00f3n, Mar\u00eda Josefa Canellada de lliteratura infantil y xuvenil, na so decimotercer edici\u00f3n, y l&#8217;Alfonso Iglesias de c\u00f3mic, na so decimosegunda edici\u00f3n. Estos cinco premios t\u00e1n dotaos con 5.000 euros cada unu y el plazu de presentaci\u00f3n d&#8217;orixinales remata&#8217;l pr\u00f3ximu 31 de xunetu.<\/p>\n<p>El premiu Camaret\u00e1 al Meyor Cantar incorpora nesta edici\u00f3n el nome de la primer agrupaci\u00f3n musical y lliteraria del Surdimientu, Camaret\u00e1, que foi formada en 1975 por Teresa Estrada, Xuan Marcos, Manuel Asur, Nel Xiblata, Manolo Pe\u00f1ayos, Aurora Roces y Chus Pedro Su\u00e1rez.<\/p>\n<p>El galard\u00f3n foi cre\u00e1u en 2007 pa premiar un cantar con lletra n&#8217;asturianu o en gallego-asturianu, ta dot\u00e1u con 6.000 euros y el plazu de presentaci\u00f3n termina&#8217;l 1 de xunetu. Al Camaret\u00e1 al Meyor Cantar pueden presentase cantares de cualquier x\u00e9neru editaos y publicaos a lo llargo de 2019 y hasta la fecha de convocatoria d&#8217;esta edici\u00f3n, el pas\u00e1u 16 de xunu.<\/p>\n<p>A la cuarta edici\u00f3n del premiu Nel Amaro de teatru profesional n&#8217;asturianu o gallego-asturianu pueden optar obres y\u00e1 estrenaes y representaes, y\u00e1 seyan orixinales, versiones o adaptaciones d&#8217;otros t\u00edtulos. El galard\u00f3n ta dot\u00e1u con 6.000 euros y el plazu de presentaci\u00f3n remata&#8217;l 16 de xunetu. Les obres finalistes van conformar el IV Festival de Teatru Nel Amaro, que se va celebrar los d\u00edes 2, 9, 16 y 23 d&#8217;ochobre nel Teatru Filarm\u00f3nica d&#8217;Uvi\u00e9u.<\/p>\n","protected":false},"excerpt":{"rendered":"<p>La Conseyer\u00eda de Cultura, Pol\u00edtica Lling\u00fc\u00edstica y Turismu convoc\u00f3 los premios lliterarios n&#8217;asturianu Xosefa Xovellanos de novela, na so 41 edici\u00f3n, Xuan Mar\u00eda Acebal de poes\u00eda, na so 26 edici\u00f3n, M\u00e1ximo Fuertes Acevedo d&#8217;ensayu, tami\u00e9n na so 26 edici\u00f3n, Mar\u00eda Josefa Canellada de lliteratura infantil y xuvenil, na so decimotercer edici\u00f3n, y l&#8217;Alfonso Iglesias de [&hellip;]<\/p>\n","protected":false},"author":1,"featured_media":1068403,"comment_status":"closed","ping_status":"closed","sticky":false,"template":"","format":"standard","meta":{"footnotes":""},"categories":[12],"tags":[],"class_list":["post-1068405","post","type-post","status-publish","format-standard","has-post-thumbnail","hentry","category-actualidad-asturias"],"aioseo_notices":[],"aioseo_head":"\n\t\t<!-- All in One SEO Pro 4.9.6.2 - aioseo.com -->\n\t<meta name=\"description\" content=\"La Conseyer\u00eda de Cultura, Pol\u00edtica Lling\u00fc\u00edstica y Turismu convoc\u00f3 los premios lliterarios n&#039;asturianu Xosefa Xovellanos de novela, na so 41 edici\u00f3n, Xuan Mar\u00eda Acebal de poes\u00eda, na so 26 edici\u00f3n, M\u00e1ximo Fuertes Acevedo d&#039;ensayu, tami\u00e9n na so 26 edici\u00f3n, Mar\u00eda Josefa Canellada de lliteratura infantil y xuvenil, na so decimotercer edici\u00f3n, y l&#039;Alfonso Iglesias de\" \/>\n\t<meta name=\"robots\" content=\"max-image-preview:large\" \/>\n\t<meta name=\"author\" content=\"El Digital de Asturias\"\/>\n\t<meta name=\"google-site-verification\" content=\"UA-38556648-1\" \/>\n\t<meta name=\"msvalidate.01\" content=\"7dfe9f3f1b24437ab69f4f2559babe99\" \/>\n\t<meta name=\"keywords\" content=\"actualidad asturias\" \/>\n\t<link rel=\"canonical\" href=\"https:\/\/www.eldigitaldeasturias.com\/noticias\/cultura-convoca-los-premios-lliterarios-nasturianu-y-el-camareta-al-meyor-cantar-nasturianu-y-gallego-asturianu\/\" \/>\n\t<meta name=\"generator\" content=\"All in One SEO Pro (AIOSEO) 4.9.6.2\" \/>\n\t\t<meta property=\"og:locale\" content=\"es_ES\" \/>\n\t\t<meta property=\"og:site_name\" content=\"El Digital de Asturias\" \/>\n\t\t<meta property=\"og:type\" content=\"article\" \/>\n\t\t<meta property=\"og:title\" content=\"Cultura convoca los premios lliterarios n\u2019asturianu y el Camaret\u00e1 al Meyor Cantar n\u2019asturianu y gallego-asturianu - El Digital de Asturias\" \/>\n\t\t<meta property=\"og:description\" content=\"La Conseyer\u00eda de Cultura, Pol\u00edtica Lling\u00fc\u00edstica y Turismu convoc\u00f3 los premios lliterarios n&#039;asturianu Xosefa Xovellanos de novela, na so 41 edici\u00f3n, Xuan Mar\u00eda Acebal de poes\u00eda, na so 26 edici\u00f3n, M\u00e1ximo Fuertes Acevedo d&#039;ensayu, tami\u00e9n na so 26 edici\u00f3n, Mar\u00eda Josefa Canellada de lliteratura infantil y xuvenil, na so decimotercer edici\u00f3n, y l&#039;Alfonso Iglesias de\" \/>\n\t\t<meta property=\"og:url\" content=\"https:\/\/www.eldigitaldeasturias.com\/noticias\/cultura-convoca-los-premios-lliterarios-nasturianu-y-el-camareta-al-meyor-cantar-nasturianu-y-gallego-asturianu\/\" \/>\n\t\t<meta property=\"og:image\" content=\"https:\/\/www.eldigitaldeasturias.com\/noticias\/wp-content\/uploads\/2020\/06\/typewriter-5260665_640.jpg\" \/>\n\t\t<meta property=\"og:image:secure_url\" content=\"https:\/\/www.eldigitaldeasturias.com\/noticias\/wp-content\/uploads\/2020\/06\/typewriter-5260665_640.jpg\" \/>\n\t\t<meta property=\"og:image:width\" content=\"640\" \/>\n\t\t<meta property=\"og:image:height\" content=\"427\" \/>\n\t\t<meta property=\"article:tag\" content=\"actualidad asturias\" \/>\n\t\t<meta property=\"article:published_time\" content=\"2020-06-18T15:45:01+00:00\" \/>\n\t\t<meta property=\"article:modified_time\" content=\"2020-06-18T15:45:01+00:00\" \/>\n\t\t<meta property=\"article:publisher\" content=\"https:\/\/facebook.com\/eldigitaldeasturias\" \/>\n\t\t<meta name=\"twitter:card\" content=\"summary_large_image\" \/>\n\t\t<meta name=\"twitter:title\" content=\"Cultura convoca los premios lliterarios n\u2019asturianu y el Camaret\u00e1 al Meyor Cantar n\u2019asturianu y gallego-asturianu - El Digital de Asturias\" \/>\n\t\t<meta name=\"twitter:description\" content=\"La Conseyer\u00eda de Cultura, Pol\u00edtica Lling\u00fc\u00edstica y Turismu convoc\u00f3 los premios lliterarios n&#039;asturianu Xosefa Xovellanos de novela, na so 41 edici\u00f3n, Xuan Mar\u00eda Acebal de poes\u00eda, na so 26 edici\u00f3n, M\u00e1ximo Fuertes Acevedo d&#039;ensayu, tami\u00e9n na so 26 edici\u00f3n, Mar\u00eda Josefa Canellada de lliteratura infantil y xuvenil, na so decimotercer edici\u00f3n, y l&#039;Alfonso Iglesias de\" \/>\n\t\t<meta name=\"twitter:image\" content=\"https:\/\/www.eldigitaldeasturias.com\/noticias\/wp-content\/uploads\/2020\/06\/typewriter-5260665_640.jpg\" \/>\n\t\t<meta name=\"twitter:label1\" content=\"Escrito por\" \/>\n\t\t<meta name=\"twitter:data1\" content=\"El Digital de Asturias\" \/>\n\t\t<meta name=\"twitter:label2\" content=\"Tiempo de lectura estimado\" \/>\n\t\t<meta name=\"twitter:data2\" content=\"1 minuto\" \/>\n\t\t<script type=\"application\/ld+json\" class=\"aioseo-schema\">\n\t\t\t{\"@context\":\"https:\\\/\\\/schema.org\",\"@graph\":[{\"@type\":\"BlogPosting\",\"@id\":\"https:\\\/\\\/www.eldigitaldeasturias.com\\\/noticias\\\/cultura-convoca-los-premios-lliterarios-nasturianu-y-el-camareta-al-meyor-cantar-nasturianu-y-gallego-asturianu\\\/#blogposting\",\"name\":\"Cultura convoca los premios lliterarios n\\u2019asturianu y el Camaret\\u00e1 al Meyor Cantar n\\u2019asturianu y gallego-asturianu - El Digital de Asturias\",\"headline\":\"Cultura convoca los premios lliterarios n&#8217;asturianu y el Camaret\\u00e1 al Meyor Cantar n&#8217;asturianu y gallego-asturianu\",\"author\":{\"@id\":\"https:\\\/\\\/www.eldigitaldeasturias.com\\\/noticias\\\/author\\\/admin\\\/#author\"},\"publisher\":{\"@id\":\"https:\\\/\\\/www.eldigitaldeasturias.com\\\/noticias\\\/#organization\"},\"image\":{\"@type\":\"ImageObject\",\"url\":\"https:\\\/\\\/www.eldigitaldeasturias.com\\\/noticias\\\/wp-content\\\/uploads\\\/2020\\\/06\\\/typewriter-5260665_640.jpg\",\"width\":640,\"height\":427},\"datePublished\":\"2020-06-18T17:45:01+02:00\",\"dateModified\":\"2020-06-18T17:45:01+02:00\",\"inLanguage\":\"es-ES\",\"mainEntityOfPage\":{\"@id\":\"https:\\\/\\\/www.eldigitaldeasturias.com\\\/noticias\\\/cultura-convoca-los-premios-lliterarios-nasturianu-y-el-camareta-al-meyor-cantar-nasturianu-y-gallego-asturianu\\\/#webpage\"},\"isPartOf\":{\"@id\":\"https:\\\/\\\/www.eldigitaldeasturias.com\\\/noticias\\\/cultura-convoca-los-premios-lliterarios-nasturianu-y-el-camareta-al-meyor-cantar-nasturianu-y-gallego-asturianu\\\/#webpage\"},\"articleSection\":\"Actualidad Asturias\"},{\"@type\":\"BreadcrumbList\",\"@id\":\"https:\\\/\\\/www.eldigitaldeasturias.com\\\/noticias\\\/cultura-convoca-los-premios-lliterarios-nasturianu-y-el-camareta-al-meyor-cantar-nasturianu-y-gallego-asturianu\\\/#breadcrumblist\",\"itemListElement\":[{\"@type\":\"ListItem\",\"@id\":\"https:\\\/\\\/www.eldigitaldeasturias.com\\\/noticias#listItem\",\"position\":1,\"name\":\"Home\",\"item\":\"https:\\\/\\\/www.eldigitaldeasturias.com\\\/noticias\",\"nextItem\":{\"@type\":\"ListItem\",\"@id\":\"https:\\\/\\\/www.eldigitaldeasturias.com\\\/noticias\\\/category\\\/actualidad-asturias\\\/#listItem\",\"name\":\"Actualidad Asturias\"}},{\"@type\":\"ListItem\",\"@id\":\"https:\\\/\\\/www.eldigitaldeasturias.com\\\/noticias\\\/category\\\/actualidad-asturias\\\/#listItem\",\"position\":2,\"name\":\"Actualidad Asturias\",\"item\":\"https:\\\/\\\/www.eldigitaldeasturias.com\\\/noticias\\\/category\\\/actualidad-asturias\\\/\",\"nextItem\":{\"@type\":\"ListItem\",\"@id\":\"https:\\\/\\\/www.eldigitaldeasturias.com\\\/noticias\\\/cultura-convoca-los-premios-lliterarios-nasturianu-y-el-camareta-al-meyor-cantar-nasturianu-y-gallego-asturianu\\\/#listItem\",\"name\":\"Cultura convoca los premios lliterarios n&#8217;asturianu y el Camaret\\u00e1 al Meyor Cantar n&#8217;asturianu y gallego-asturianu\"},\"previousItem\":{\"@type\":\"ListItem\",\"@id\":\"https:\\\/\\\/www.eldigitaldeasturias.com\\\/noticias#listItem\",\"name\":\"Home\"}},{\"@type\":\"ListItem\",\"@id\":\"https:\\\/\\\/www.eldigitaldeasturias.com\\\/noticias\\\/cultura-convoca-los-premios-lliterarios-nasturianu-y-el-camareta-al-meyor-cantar-nasturianu-y-gallego-asturianu\\\/#listItem\",\"position\":3,\"name\":\"Cultura convoca los premios lliterarios n&#8217;asturianu y el Camaret\\u00e1 al Meyor Cantar n&#8217;asturianu y gallego-asturianu\",\"previousItem\":{\"@type\":\"ListItem\",\"@id\":\"https:\\\/\\\/www.eldigitaldeasturias.com\\\/noticias\\\/category\\\/actualidad-asturias\\\/#listItem\",\"name\":\"Actualidad Asturias\"}}]},{\"@type\":\"Organization\",\"@id\":\"https:\\\/\\\/www.eldigitaldeasturias.com\\\/noticias\\\/#organization\",\"name\":\"El Digital de Asturias\",\"description\":\"Hemeroteca\",\"url\":\"https:\\\/\\\/www.eldigitaldeasturias.com\\\/noticias\\\/\",\"email\":\"info@eldigitaldeasturias.com\",\"telephone\":\"+34652131393\",\"logo\":{\"@type\":\"ImageObject\",\"url\":\"https:\\\/\\\/www.eldigitaldeasturias.com\\\/noticias\\\/wp-content\\\/uploads\\\/2020\\\/12\\\/EDA.jpg\",\"@id\":\"https:\\\/\\\/www.eldigitaldeasturias.com\\\/noticias\\\/cultura-convoca-los-premios-lliterarios-nasturianu-y-el-camareta-al-meyor-cantar-nasturianu-y-gallego-asturianu\\\/#organizationLogo\",\"width\":649,\"height\":297},\"image\":{\"@id\":\"https:\\\/\\\/www.eldigitaldeasturias.com\\\/noticias\\\/cultura-convoca-los-premios-lliterarios-nasturianu-y-el-camareta-al-meyor-cantar-nasturianu-y-gallego-asturianu\\\/#organizationLogo\"},\"sameAs\":[\"https:\\\/\\\/facebook.com\\\/eldigitaldeasturias\",\"https:\\\/\\\/www.youtube.com\\\/channel\\\/UCZP-2wLEB9Rv6erhFmqVnvg\"],\"address\":{\"@id\":\"https:\\\/\\\/www.eldigitaldeasturias.com\\\/noticias\\\/#postaladdress\",\"@type\":\"PostalAddress\",\"streetAddress\":\"san antonio 4,\",\"postalCode\":\"33430\",\"addressLocality\":\"Cand\\u00e1s\",\"addressRegion\":\"Asturias\",\"addressCountry\":\"ES\"}},{\"@type\":\"Person\",\"@id\":\"https:\\\/\\\/www.eldigitaldeasturias.com\\\/noticias\\\/author\\\/admin\\\/#author\",\"url\":\"https:\\\/\\\/www.eldigitaldeasturias.com\\\/noticias\\\/author\\\/admin\\\/\",\"name\":\"El Digital de Asturias\",\"image\":{\"@type\":\"ImageObject\",\"@id\":\"https:\\\/\\\/www.eldigitaldeasturias.com\\\/noticias\\\/cultura-convoca-los-premios-lliterarios-nasturianu-y-el-camareta-al-meyor-cantar-nasturianu-y-gallego-asturianu\\\/#authorImage\",\"url\":\"https:\\\/\\\/www.eldigitaldeasturias.com\\\/noticias\\\/wp-content\\\/litespeed\\\/avatar\\\/18677e78aa0546b92d9dbf31ec7d7668.jpg?ver=1777290358\",\"width\":96,\"height\":96,\"caption\":\"El Digital de Asturias\"}},{\"@type\":\"WebPage\",\"@id\":\"https:\\\/\\\/www.eldigitaldeasturias.com\\\/noticias\\\/cultura-convoca-los-premios-lliterarios-nasturianu-y-el-camareta-al-meyor-cantar-nasturianu-y-gallego-asturianu\\\/#webpage\",\"url\":\"https:\\\/\\\/www.eldigitaldeasturias.com\\\/noticias\\\/cultura-convoca-los-premios-lliterarios-nasturianu-y-el-camareta-al-meyor-cantar-nasturianu-y-gallego-asturianu\\\/\",\"name\":\"Cultura convoca los premios lliterarios n\\u2019asturianu y el Camaret\\u00e1 al Meyor Cantar n\\u2019asturianu y gallego-asturianu - El Digital de Asturias\",\"description\":\"La Conseyer\\u00eda de Cultura, Pol\\u00edtica Lling\\u00fc\\u00edstica y Turismu convoc\\u00f3 los premios lliterarios n'asturianu Xosefa Xovellanos de novela, na so 41 edici\\u00f3n, Xuan Mar\\u00eda Acebal de poes\\u00eda, na so 26 edici\\u00f3n, M\\u00e1ximo Fuertes Acevedo d'ensayu, tami\\u00e9n na so 26 edici\\u00f3n, Mar\\u00eda Josefa Canellada de lliteratura infantil y xuvenil, na so decimotercer edici\\u00f3n, y l'Alfonso Iglesias de\",\"inLanguage\":\"es-ES\",\"isPartOf\":{\"@id\":\"https:\\\/\\\/www.eldigitaldeasturias.com\\\/noticias\\\/#website\"},\"breadcrumb\":{\"@id\":\"https:\\\/\\\/www.eldigitaldeasturias.com\\\/noticias\\\/cultura-convoca-los-premios-lliterarios-nasturianu-y-el-camareta-al-meyor-cantar-nasturianu-y-gallego-asturianu\\\/#breadcrumblist\"},\"author\":{\"@id\":\"https:\\\/\\\/www.eldigitaldeasturias.com\\\/noticias\\\/author\\\/admin\\\/#author\"},\"creator\":{\"@id\":\"https:\\\/\\\/www.eldigitaldeasturias.com\\\/noticias\\\/author\\\/admin\\\/#author\"},\"image\":{\"@type\":\"ImageObject\",\"url\":\"https:\\\/\\\/www.eldigitaldeasturias.com\\\/noticias\\\/wp-content\\\/uploads\\\/2020\\\/06\\\/typewriter-5260665_640.jpg\",\"@id\":\"https:\\\/\\\/www.eldigitaldeasturias.com\\\/noticias\\\/cultura-convoca-los-premios-lliterarios-nasturianu-y-el-camareta-al-meyor-cantar-nasturianu-y-gallego-asturianu\\\/#mainImage\",\"width\":640,\"height\":427},\"primaryImageOfPage\":{\"@id\":\"https:\\\/\\\/www.eldigitaldeasturias.com\\\/noticias\\\/cultura-convoca-los-premios-lliterarios-nasturianu-y-el-camareta-al-meyor-cantar-nasturianu-y-gallego-asturianu\\\/#mainImage\"},\"datePublished\":\"2020-06-18T17:45:01+02:00\",\"dateModified\":\"2020-06-18T17:45:01+02:00\"},{\"@type\":\"WebSite\",\"@id\":\"https:\\\/\\\/www.eldigitaldeasturias.com\\\/noticias\\\/#website\",\"url\":\"https:\\\/\\\/www.eldigitaldeasturias.com\\\/noticias\\\/\",\"name\":\"El Digital de Asturias - Diario de actualidad y noticias\",\"alternateName\":\"El Digital de Asturias - Diario de actualidad y noticias\",\"description\":\"Hemeroteca\",\"inLanguage\":\"es-ES\",\"publisher\":{\"@id\":\"https:\\\/\\\/www.eldigitaldeasturias.com\\\/noticias\\\/#organization\"}}]}\n\t\t<\/script>\n\t\t<!-- All in One SEO Pro -->\r\n\t\t<title>Cultura convoca los premios lliterarios n\u2019asturianu y el Camaret\u00e1 al Meyor Cantar n\u2019asturianu y gallego-asturianu - El Digital de Asturias<\/title>\n\n","aioseo_head_json":{"title":"Cultura convoca los premios lliterarios n\u2019asturianu y el Camaret\u00e1 al Meyor Cantar n\u2019asturianu y gallego-asturianu - El Digital de Asturias","description":"La Conseyer\u00eda de Cultura, Pol\u00edtica Lling\u00fc\u00edstica y Turismu convoc\u00f3 los premios lliterarios n'asturianu Xosefa Xovellanos de novela, na so 41 edici\u00f3n, Xuan Mar\u00eda Acebal de poes\u00eda, na so 26 edici\u00f3n, M\u00e1ximo Fuertes Acevedo d'ensayu, tami\u00e9n na so 26 edici\u00f3n, Mar\u00eda Josefa Canellada de lliteratura infantil y xuvenil, na so decimotercer edici\u00f3n, y l'Alfonso Iglesias de","canonical_url":"https:\/\/www.eldigitaldeasturias.com\/noticias\/cultura-convoca-los-premios-lliterarios-nasturianu-y-el-camareta-al-meyor-cantar-nasturianu-y-gallego-asturianu\/","robots":"max-image-preview:large","keywords":"actualidad asturias","webmasterTools":{"google-site-verification":"UA-38556648-1","msvalidate.01":"7dfe9f3f1b24437ab69f4f2559babe99","miscellaneous":""},"schema":{"@context":"https:\/\/schema.org","@graph":[{"@type":"BlogPosting","@id":"https:\/\/www.eldigitaldeasturias.com\/noticias\/cultura-convoca-los-premios-lliterarios-nasturianu-y-el-camareta-al-meyor-cantar-nasturianu-y-gallego-asturianu\/#blogposting","name":"Cultura convoca los premios lliterarios n\u2019asturianu y el Camaret\u00e1 al Meyor Cantar n\u2019asturianu y gallego-asturianu - El Digital de Asturias","headline":"Cultura convoca los premios lliterarios n&#8217;asturianu y el Camaret\u00e1 al Meyor Cantar n&#8217;asturianu y gallego-asturianu","author":{"@id":"https:\/\/www.eldigitaldeasturias.com\/noticias\/author\/admin\/#author"},"publisher":{"@id":"https:\/\/www.eldigitaldeasturias.com\/noticias\/#organization"},"image":{"@type":"ImageObject","url":"https:\/\/www.eldigitaldeasturias.com\/noticias\/wp-content\/uploads\/2020\/06\/typewriter-5260665_640.jpg","width":640,"height":427},"datePublished":"2020-06-18T17:45:01+02:00","dateModified":"2020-06-18T17:45:01+02:00","inLanguage":"es-ES","mainEntityOfPage":{"@id":"https:\/\/www.eldigitaldeasturias.com\/noticias\/cultura-convoca-los-premios-lliterarios-nasturianu-y-el-camareta-al-meyor-cantar-nasturianu-y-gallego-asturianu\/#webpage"},"isPartOf":{"@id":"https:\/\/www.eldigitaldeasturias.com\/noticias\/cultura-convoca-los-premios-lliterarios-nasturianu-y-el-camareta-al-meyor-cantar-nasturianu-y-gallego-asturianu\/#webpage"},"articleSection":"Actualidad Asturias"},{"@type":"BreadcrumbList","@id":"https:\/\/www.eldigitaldeasturias.com\/noticias\/cultura-convoca-los-premios-lliterarios-nasturianu-y-el-camareta-al-meyor-cantar-nasturianu-y-gallego-asturianu\/#breadcrumblist","itemListElement":[{"@type":"ListItem","@id":"https:\/\/www.eldigitaldeasturias.com\/noticias#listItem","position":1,"name":"Home","item":"https:\/\/www.eldigitaldeasturias.com\/noticias","nextItem":{"@type":"ListItem","@id":"https:\/\/www.eldigitaldeasturias.com\/noticias\/category\/actualidad-asturias\/#listItem","name":"Actualidad Asturias"}},{"@type":"ListItem","@id":"https:\/\/www.eldigitaldeasturias.com\/noticias\/category\/actualidad-asturias\/#listItem","position":2,"name":"Actualidad Asturias","item":"https:\/\/www.eldigitaldeasturias.com\/noticias\/category\/actualidad-asturias\/","nextItem":{"@type":"ListItem","@id":"https:\/\/www.eldigitaldeasturias.com\/noticias\/cultura-convoca-los-premios-lliterarios-nasturianu-y-el-camareta-al-meyor-cantar-nasturianu-y-gallego-asturianu\/#listItem","name":"Cultura convoca los premios lliterarios n&#8217;asturianu y el Camaret\u00e1 al Meyor Cantar n&#8217;asturianu y gallego-asturianu"},"previousItem":{"@type":"ListItem","@id":"https:\/\/www.eldigitaldeasturias.com\/noticias#listItem","name":"Home"}},{"@type":"ListItem","@id":"https:\/\/www.eldigitaldeasturias.com\/noticias\/cultura-convoca-los-premios-lliterarios-nasturianu-y-el-camareta-al-meyor-cantar-nasturianu-y-gallego-asturianu\/#listItem","position":3,"name":"Cultura convoca los premios lliterarios n&#8217;asturianu y el Camaret\u00e1 al Meyor Cantar n&#8217;asturianu y gallego-asturianu","previousItem":{"@type":"ListItem","@id":"https:\/\/www.eldigitaldeasturias.com\/noticias\/category\/actualidad-asturias\/#listItem","name":"Actualidad Asturias"}}]},{"@type":"Organization","@id":"https:\/\/www.eldigitaldeasturias.com\/noticias\/#organization","name":"El Digital de Asturias","description":"Hemeroteca","url":"https:\/\/www.eldigitaldeasturias.com\/noticias\/","email":"info@eldigitaldeasturias.com","telephone":"+34652131393","logo":{"@type":"ImageObject","url":"https:\/\/www.eldigitaldeasturias.com\/noticias\/wp-content\/uploads\/2020\/12\/EDA.jpg","@id":"https:\/\/www.eldigitaldeasturias.com\/noticias\/cultura-convoca-los-premios-lliterarios-nasturianu-y-el-camareta-al-meyor-cantar-nasturianu-y-gallego-asturianu\/#organizationLogo","width":649,"height":297},"image":{"@id":"https:\/\/www.eldigitaldeasturias.com\/noticias\/cultura-convoca-los-premios-lliterarios-nasturianu-y-el-camareta-al-meyor-cantar-nasturianu-y-gallego-asturianu\/#organizationLogo"},"sameAs":["https:\/\/facebook.com\/eldigitaldeasturias","https:\/\/www.youtube.com\/channel\/UCZP-2wLEB9Rv6erhFmqVnvg"],"address":{"@id":"https:\/\/www.eldigitaldeasturias.com\/noticias\/#postaladdress","@type":"PostalAddress","streetAddress":"san antonio 4,","postalCode":"33430","addressLocality":"Cand\u00e1s","addressRegion":"Asturias","addressCountry":"ES"}},{"@type":"Person","@id":"https:\/\/www.eldigitaldeasturias.com\/noticias\/author\/admin\/#author","url":"https:\/\/www.eldigitaldeasturias.com\/noticias\/author\/admin\/","name":"El Digital de Asturias","image":{"@type":"ImageObject","@id":"https:\/\/www.eldigitaldeasturias.com\/noticias\/cultura-convoca-los-premios-lliterarios-nasturianu-y-el-camareta-al-meyor-cantar-nasturianu-y-gallego-asturianu\/#authorImage","url":"https:\/\/www.eldigitaldeasturias.com\/noticias\/wp-content\/litespeed\/avatar\/18677e78aa0546b92d9dbf31ec7d7668.jpg?ver=1777290358","width":96,"height":96,"caption":"El Digital de Asturias"}},{"@type":"WebPage","@id":"https:\/\/www.eldigitaldeasturias.com\/noticias\/cultura-convoca-los-premios-lliterarios-nasturianu-y-el-camareta-al-meyor-cantar-nasturianu-y-gallego-asturianu\/#webpage","url":"https:\/\/www.eldigitaldeasturias.com\/noticias\/cultura-convoca-los-premios-lliterarios-nasturianu-y-el-camareta-al-meyor-cantar-nasturianu-y-gallego-asturianu\/","name":"Cultura convoca los premios lliterarios n\u2019asturianu y el Camaret\u00e1 al Meyor Cantar n\u2019asturianu y gallego-asturianu - El Digital de Asturias","description":"La Conseyer\u00eda de Cultura, Pol\u00edtica Lling\u00fc\u00edstica y Turismu convoc\u00f3 los premios lliterarios n'asturianu Xosefa Xovellanos de novela, na so 41 edici\u00f3n, Xuan Mar\u00eda Acebal de poes\u00eda, na so 26 edici\u00f3n, M\u00e1ximo Fuertes Acevedo d'ensayu, tami\u00e9n na so 26 edici\u00f3n, Mar\u00eda Josefa Canellada de lliteratura infantil y xuvenil, na so decimotercer edici\u00f3n, y l'Alfonso Iglesias de","inLanguage":"es-ES","isPartOf":{"@id":"https:\/\/www.eldigitaldeasturias.com\/noticias\/#website"},"breadcrumb":{"@id":"https:\/\/www.eldigitaldeasturias.com\/noticias\/cultura-convoca-los-premios-lliterarios-nasturianu-y-el-camareta-al-meyor-cantar-nasturianu-y-gallego-asturianu\/#breadcrumblist"},"author":{"@id":"https:\/\/www.eldigitaldeasturias.com\/noticias\/author\/admin\/#author"},"creator":{"@id":"https:\/\/www.eldigitaldeasturias.com\/noticias\/author\/admin\/#author"},"image":{"@type":"ImageObject","url":"https:\/\/www.eldigitaldeasturias.com\/noticias\/wp-content\/uploads\/2020\/06\/typewriter-5260665_640.jpg","@id":"https:\/\/www.eldigitaldeasturias.com\/noticias\/cultura-convoca-los-premios-lliterarios-nasturianu-y-el-camareta-al-meyor-cantar-nasturianu-y-gallego-asturianu\/#mainImage","width":640,"height":427},"primaryImageOfPage":{"@id":"https:\/\/www.eldigitaldeasturias.com\/noticias\/cultura-convoca-los-premios-lliterarios-nasturianu-y-el-camareta-al-meyor-cantar-nasturianu-y-gallego-asturianu\/#mainImage"},"datePublished":"2020-06-18T17:45:01+02:00","dateModified":"2020-06-18T17:45:01+02:00"},{"@type":"WebSite","@id":"https:\/\/www.eldigitaldeasturias.com\/noticias\/#website","url":"https:\/\/www.eldigitaldeasturias.com\/noticias\/","name":"El Digital de Asturias - Diario de actualidad y noticias","alternateName":"El Digital de Asturias - Diario de actualidad y noticias","description":"Hemeroteca","inLanguage":"es-ES","publisher":{"@id":"https:\/\/www.eldigitaldeasturias.com\/noticias\/#organization"}}]},"og:locale":"es_ES","og:site_name":"El Digital de Asturias","og:type":"article","og:title":"Cultura convoca los premios lliterarios n\u2019asturianu y el Camaret\u00e1 al Meyor Cantar n\u2019asturianu y gallego-asturianu - El Digital de Asturias","og:description":"La Conseyer\u00eda de Cultura, Pol\u00edtica Lling\u00fc\u00edstica y Turismu convoc\u00f3 los premios lliterarios n'asturianu Xosefa Xovellanos de novela, na so 41 edici\u00f3n, Xuan Mar\u00eda Acebal de poes\u00eda, na so 26 edici\u00f3n, M\u00e1ximo Fuertes Acevedo d'ensayu, tami\u00e9n na so 26 edici\u00f3n, Mar\u00eda Josefa Canellada de lliteratura infantil y xuvenil, na so decimotercer edici\u00f3n, y l'Alfonso Iglesias de","og:url":"https:\/\/www.eldigitaldeasturias.com\/noticias\/cultura-convoca-los-premios-lliterarios-nasturianu-y-el-camareta-al-meyor-cantar-nasturianu-y-gallego-asturianu\/","og:image":"https:\/\/www.eldigitaldeasturias.com\/noticias\/wp-content\/uploads\/2020\/06\/typewriter-5260665_640.jpg","og:image:secure_url":"https:\/\/www.eldigitaldeasturias.com\/noticias\/wp-content\/uploads\/2020\/06\/typewriter-5260665_640.jpg","og:image:width":640,"og:image:height":427,"article:tag":["actualidad asturias"],"article:published_time":"2020-06-18T15:45:01+00:00","article:modified_time":"2020-06-18T15:45:01+00:00","article:publisher":"https:\/\/facebook.com\/eldigitaldeasturias","twitter:card":"summary_large_image","twitter:title":"Cultura convoca los premios lliterarios n\u2019asturianu y el Camaret\u00e1 al Meyor Cantar n\u2019asturianu y gallego-asturianu - El Digital de Asturias","twitter:description":"La Conseyer\u00eda de Cultura, Pol\u00edtica Lling\u00fc\u00edstica y Turismu convoc\u00f3 los premios lliterarios n'asturianu Xosefa Xovellanos de novela, na so 41 edici\u00f3n, Xuan Mar\u00eda Acebal de poes\u00eda, na so 26 edici\u00f3n, M\u00e1ximo Fuertes Acevedo d'ensayu, tami\u00e9n na so 26 edici\u00f3n, Mar\u00eda Josefa Canellada de lliteratura infantil y xuvenil, na so decimotercer edici\u00f3n, y l'Alfonso Iglesias de","twitter:image":"https:\/\/www.eldigitaldeasturias.com\/noticias\/wp-content\/uploads\/2020\/06\/typewriter-5260665_640.jpg","twitter:label1":"Escrito por","twitter:data1":"El Digital de Asturias","twitter:label2":"Tiempo de lectura estimado","twitter:data2":"1 minuto"},"aioseo_meta_data":{"post_id":"1068405","title":null,"description":null,"keywords":null,"keyphrases":null,"primary_term":null,"canonical_url":null,"og_title":null,"og_description":null,"og_object_type":"default","og_image_type":"default","og_image_url":null,"og_image_width":null,"og_image_height":null,"og_image_custom_url":null,"og_image_custom_fields":null,"og_video":null,"og_custom_url":null,"og_article_section":null,"og_article_tags":null,"twitter_use_og":false,"twitter_card":"default","twitter_image_type":"default","twitter_image_url":null,"twitter_image_custom_url":null,"twitter_image_custom_fields":null,"twitter_title":null,"twitter_description":null,"schema":{"blockGraphs":[],"customGraphs":[],"default":{"data":{"Article":[],"Course":[],"Dataset":[],"FAQPage":[],"Movie":[],"Person":[],"Product":[],"ProductReview":[],"Car":[],"Recipe":[],"Service":[],"SoftwareApplication":[],"WebPage":[]},"graphName":"","isEnabled":true},"graphs":[],"defaultGraph":"","defaultPostTypeGraph":""},"schema_type":null,"schema_type_options":null,"pillar_content":false,"robots_default":true,"robots_noindex":false,"robots_noarchive":false,"robots_nosnippet":false,"robots_nofollow":false,"robots_noimageindex":false,"robots_noodp":false,"robots_notranslate":false,"robots_max_snippet":null,"robots_max_videopreview":null,"robots_max_imagepreview":"large","priority":null,"frequency":null,"local_seo":null,"seo_analyzer_scan_date":"2025-09-12 18:10:51","breadcrumb_settings":null,"limit_modified_date":false,"open_ai":null,"ai":null,"created":"2020-12-21 10:48:14","updated":"2025-09-12 18:10:51"},"aioseo_breadcrumb":"<div class=\"aioseo-breadcrumbs\"><span class=\"aioseo-breadcrumb\">\n\t<a href=\"https:\/\/www.eldigitaldeasturias.com\/noticias\" title=\"Home\">Home<\/a>\n<\/span><span class=\"aioseo-breadcrumb-separator\">\u2013<\/span><span class=\"aioseo-breadcrumb\">\n\t<a href=\"https:\/\/www.eldigitaldeasturias.com\/noticias\/category\/actualidad-asturias\/\" title=\"Actualidad Asturias\">Actualidad Asturias<\/a>\n<\/span><span class=\"aioseo-breadcrumb-separator\">\u2013<\/span><span class=\"aioseo-breadcrumb\">\n\t<a href=\"https:\/\/www.eldigitaldeasturias.com\/noticias\/cultura-convoca-los-premios-lliterarios-nasturianu-y-el-camareta-al-meyor-cantar-nasturianu-y-gallego-asturianu\/\" title=\"Cultura convoca los premios lliterarios n\u2019asturianu y el Camaret\u00e1 al Meyor Cantar n\u2019asturianu y gallego-asturianu\">Cultura convoca los premios lliterarios n\u2019asturianu y el Camaret\u00e1 al Meyor Cantar n\u2019asturianu y gallego-asturianu<\/a>\n<\/span><\/div>","aioseo_breadcrumb_json":[{"label":"Home","link":"https:\/\/www.eldigitaldeasturias.com\/noticias"},{"label":"Actualidad Asturias","link":"https:\/\/www.eldigitaldeasturias.com\/noticias\/category\/actualidad-asturias\/"},{"label":"Cultura convoca los premios lliterarios n&#8217;asturianu y el Camaret\u00e1 al Meyor Cantar n&#8217;asturianu y gallego-asturianu","link":"https:\/\/www.eldigitaldeasturias.com\/noticias\/cultura-convoca-los-premios-lliterarios-nasturianu-y-el-camareta-al-meyor-cantar-nasturianu-y-gallego-asturianu\/"}],"_links":{"self":[{"href":"https:\/\/www.eldigitaldeasturias.com\/noticias\/wp-json\/wp\/v2\/posts\/1068405","targetHints":{"allow":["GET"]}}],"collection":[{"href":"https:\/\/www.eldigitaldeasturias.com\/noticias\/wp-json\/wp\/v2\/posts"}],"about":[{"href":"https:\/\/www.eldigitaldeasturias.com\/noticias\/wp-json\/wp\/v2\/types\/post"}],"author":[{"embeddable":true,"href":"https:\/\/www.eldigitaldeasturias.com\/noticias\/wp-json\/wp\/v2\/users\/1"}],"replies":[{"embeddable":true,"href":"https:\/\/www.eldigitaldeasturias.com\/noticias\/wp-json\/wp\/v2\/comments?post=1068405"}],"version-history":[{"count":0,"href":"https:\/\/www.eldigitaldeasturias.com\/noticias\/wp-json\/wp\/v2\/posts\/1068405\/revisions"}],"wp:featuredmedia":[{"embeddable":true,"href":"https:\/\/www.eldigitaldeasturias.com\/noticias\/wp-json\/wp\/v2\/media\/1068403"}],"wp:attachment":[{"href":"https:\/\/www.eldigitaldeasturias.com\/noticias\/wp-json\/wp\/v2\/media?parent=1068405"}],"wp:term":[{"taxonomy":"category","embeddable":true,"href":"https:\/\/www.eldigitaldeasturias.com\/noticias\/wp-json\/wp\/v2\/categories?post=1068405"},{"taxonomy":"post_tag","embeddable":true,"href":"https:\/\/www.eldigitaldeasturias.com\/noticias\/wp-json\/wp\/v2\/tags?post=1068405"}],"curies":[{"name":"wp","href":"https:\/\/api.w.org\/{rel}","templated":true}]}}