{"id":1068396,"date":"2020-06-18T17:31:33","date_gmt":"2020-06-18T15:31:33","guid":{"rendered":"https:\/\/www.eldigitaldeasturias.com\/noticias\/?p=1068396"},"modified":"2020-06-18T17:31:33","modified_gmt":"2020-06-18T15:31:33","slug":"asturias-en-la-feria-virtual-onviaje","status":"publish","type":"post","link":"https:\/\/www.eldigitaldeasturias.com\/noticias\/asturias-en-la-feria-virtual-onviaje\/","title":{"rendered":"Asturias en la feria virtual OnViaje"},"content":{"rendered":"<p><img loading=\"lazy\" decoding=\"async\" class=\"alignleft size-medium wp-image-1068397\" src=\"https:\/\/www.eldigitaldeasturias.com\/noticias\/wp-content\/uploads\/2020\/06\/hiker-1149877_640-360x240.jpg\" alt=\"\" width=\"360\" height=\"240\" srcset=\"https:\/\/www.eldigitaldeasturias.com\/noticias\/wp-content\/uploads\/2020\/06\/hiker-1149877_640-360x240.jpg 360w, https:\/\/www.eldigitaldeasturias.com\/noticias\/wp-content\/uploads\/2020\/06\/hiker-1149877_640-451x300.jpg 451w, https:\/\/www.eldigitaldeasturias.com\/noticias\/wp-content\/uploads\/2020\/06\/hiker-1149877_640-631x420.jpg 631w, https:\/\/www.eldigitaldeasturias.com\/noticias\/wp-content\/uploads\/2020\/06\/hiker-1149877_640.jpg 640w\" sizes=\"auto, (max-width: 360px) 100vw, 360px\" \/>El Principado retoma esta semana la promoci\u00f3n tur\u00edstica de la comunidad en foros especializados con su participaci\u00f3n en la <strong>primera edici\u00f3n de la feria virtual OnViaje<\/strong>, que se celebra desde hoy y hasta el domingo. Asturias, que cuenta con una zona expositiva virtual, estar\u00e1 presente en el programa de conferencias y reuniones, as\u00ed como en el espacio destinado a relaciones comerciales.<\/p>\n<p>El \u00e1rea interactiva est\u00e1 dirigida fundamentalmente a la <strong>comercializaci\u00f3n de productos que incluyen propuestas para experiencias y escapadas que van desde el ecoturismo a opciones vinculadas con el deporte, la aventura o el bienestar<\/strong>. Dentro del programa de conferencias, Asturias participa con la intervenci\u00f3n de profesionales del sector, que abordar\u00e1n temas como la accesibilidad en actividades de aventura, la pr\u00e1ctica del ecoturismo en las reservas de la biosfera, el turismo rural, el senderismo y propuestas para bicicleta, adem\u00e1s de otras opciones relacionadas con la salud.<\/p>\n<p>El programa de conferencias, a las que se puede acceder a trav\u00e9s de la p\u00e1gina www.onviaje.com, es el siguiente:<\/p>\n<h4><strong>Jueves 18 de junio<\/strong><\/h4>\n<ul>\n<li>18:00 a 18:30 horas. Actividades de aventura en Asturias, accesibles para tod@s<\/li>\n<li>18:30 a 19:00 horas. Ecoturismo en Asturias: Osos, quebrantahuesos y aves en las reservas de la biosfera.<\/li>\n<\/ul>\n<h4><strong>Viernes 19 de junio<\/strong><\/h4>\n<ul>\n<li>13:00 a 13:30 horas. Albergues, aventura y turismo rural en Asturias: Ven con tus amigos o familia a la aventura natural<\/li>\n<li>13:30 a 14:00 horas. Senderismo y bicicleta: Recorre o pedalea las sendas de Asturias.<\/li>\n<\/ul>\n<h4><strong>S\u00e1bado 20 de junio<\/strong><\/h4>\n<ul>\n<li>12:00 a 12:30 horas. Asturias: En_Clave de Bienestar.<\/li>\n<\/ul>\n<p>&nbsp;<\/p>\n","protected":false},"excerpt":{"rendered":"<p>El Principado retoma esta semana la promoci\u00f3n tur\u00edstica de la comunidad en foros especializados con su participaci\u00f3n en la primera edici\u00f3n de la feria virtual OnViaje, que se celebra desde hoy y hasta el domingo. Asturias, que cuenta con una zona expositiva virtual, estar\u00e1 presente en el programa de conferencias y reuniones, as\u00ed como en [&hellip;]<\/p>\n","protected":false},"author":1,"featured_media":1068397,"comment_status":"closed","ping_status":"closed","sticky":false,"template":"","format":"standard","meta":{"footnotes":""},"categories":[148],"tags":[],"class_list":["post-1068396","post","type-post","status-publish","format-standard","has-post-thumbnail","hentry","category-turismo"],"aioseo_notices":[],"aioseo_head":"\n\t\t<!-- All in One SEO Pro 4.9.6.2 - aioseo.com -->\n\t<meta name=\"description\" content=\"El Principado retoma esta semana la promoci\u00f3n tur\u00edstica de la comunidad en foros especializados con su participaci\u00f3n en la primera edici\u00f3n de la feria virtual OnViaje, que se celebra desde hoy y hasta el domingo. Asturias, que cuenta con una zona expositiva virtual, estar\u00e1 presente en el programa de conferencias y reuniones, as\u00ed como en\" \/>\n\t<meta name=\"robots\" content=\"max-image-preview:large\" \/>\n\t<meta name=\"author\" content=\"El Digital de Asturias\"\/>\n\t<meta name=\"google-site-verification\" content=\"UA-38556648-1\" \/>\n\t<meta name=\"msvalidate.01\" content=\"7dfe9f3f1b24437ab69f4f2559babe99\" \/>\n\t<meta name=\"keywords\" content=\"turismo\" \/>\n\t<link rel=\"canonical\" href=\"https:\/\/www.eldigitaldeasturias.com\/noticias\/asturias-en-la-feria-virtual-onviaje\/\" \/>\n\t<meta name=\"generator\" content=\"All in One SEO Pro (AIOSEO) 4.9.6.2\" \/>\n\t\t<meta property=\"og:locale\" content=\"es_ES\" \/>\n\t\t<meta property=\"og:site_name\" content=\"El Digital de Asturias\" \/>\n\t\t<meta property=\"og:type\" content=\"article\" \/>\n\t\t<meta property=\"og:title\" content=\"Asturias en la feria virtual OnViaje - El Digital de Asturias\" \/>\n\t\t<meta property=\"og:description\" content=\"El Principado retoma esta semana la promoci\u00f3n tur\u00edstica de la comunidad en foros especializados con su participaci\u00f3n en la primera edici\u00f3n de la feria virtual OnViaje, que se celebra desde hoy y hasta el domingo. Asturias, que cuenta con una zona expositiva virtual, estar\u00e1 presente en el programa de conferencias y reuniones, as\u00ed como en\" \/>\n\t\t<meta property=\"og:url\" content=\"https:\/\/www.eldigitaldeasturias.com\/noticias\/asturias-en-la-feria-virtual-onviaje\/\" \/>\n\t\t<meta property=\"og:image\" content=\"https:\/\/www.eldigitaldeasturias.com\/noticias\/wp-content\/uploads\/2020\/06\/hiker-1149877_640.jpg\" \/>\n\t\t<meta property=\"og:image:secure_url\" content=\"https:\/\/www.eldigitaldeasturias.com\/noticias\/wp-content\/uploads\/2020\/06\/hiker-1149877_640.jpg\" \/>\n\t\t<meta property=\"og:image:width\" content=\"640\" \/>\n\t\t<meta property=\"og:image:height\" content=\"426\" \/>\n\t\t<meta property=\"article:tag\" content=\"turismo\" \/>\n\t\t<meta property=\"article:published_time\" content=\"2020-06-18T15:31:33+00:00\" \/>\n\t\t<meta property=\"article:modified_time\" content=\"2020-06-18T15:31:33+00:00\" \/>\n\t\t<meta property=\"article:publisher\" content=\"https:\/\/facebook.com\/eldigitaldeasturias\" \/>\n\t\t<meta name=\"twitter:card\" content=\"summary_large_image\" \/>\n\t\t<meta name=\"twitter:title\" content=\"Asturias en la feria virtual OnViaje - El Digital de Asturias\" \/>\n\t\t<meta name=\"twitter:description\" content=\"El Principado retoma esta semana la promoci\u00f3n tur\u00edstica de la comunidad en foros especializados con su participaci\u00f3n en la primera edici\u00f3n de la feria virtual OnViaje, que se celebra desde hoy y hasta el domingo. Asturias, que cuenta con una zona expositiva virtual, estar\u00e1 presente en el programa de conferencias y reuniones, as\u00ed como en\" \/>\n\t\t<meta name=\"twitter:image\" content=\"https:\/\/www.eldigitaldeasturias.com\/noticias\/wp-content\/uploads\/2020\/06\/hiker-1149877_640.jpg\" \/>\n\t\t<meta name=\"twitter:label1\" content=\"Escrito por\" \/>\n\t\t<meta name=\"twitter:data1\" content=\"El Digital de Asturias\" \/>\n\t\t<meta name=\"twitter:label2\" content=\"Tiempo de lectura estimado\" \/>\n\t\t<meta name=\"twitter:data2\" content=\"1 minuto\" \/>\n\t\t<script type=\"application\/ld+json\" class=\"aioseo-schema\">\n\t\t\t{\"@context\":\"https:\\\/\\\/schema.org\",\"@graph\":[{\"@type\":\"BlogPosting\",\"@id\":\"https:\\\/\\\/www.eldigitaldeasturias.com\\\/noticias\\\/asturias-en-la-feria-virtual-onviaje\\\/#blogposting\",\"name\":\"Asturias en la feria virtual OnViaje - El Digital de Asturias\",\"headline\":\"Asturias en la feria virtual OnViaje\",\"author\":{\"@id\":\"https:\\\/\\\/www.eldigitaldeasturias.com\\\/noticias\\\/author\\\/admin\\\/#author\"},\"publisher\":{\"@id\":\"https:\\\/\\\/www.eldigitaldeasturias.com\\\/noticias\\\/#organization\"},\"image\":{\"@type\":\"ImageObject\",\"url\":\"https:\\\/\\\/www.eldigitaldeasturias.com\\\/noticias\\\/wp-content\\\/uploads\\\/2020\\\/06\\\/hiker-1149877_640.jpg\",\"width\":640,\"height\":426},\"datePublished\":\"2020-06-18T17:31:33+02:00\",\"dateModified\":\"2020-06-18T17:31:33+02:00\",\"inLanguage\":\"es-ES\",\"mainEntityOfPage\":{\"@id\":\"https:\\\/\\\/www.eldigitaldeasturias.com\\\/noticias\\\/asturias-en-la-feria-virtual-onviaje\\\/#webpage\"},\"isPartOf\":{\"@id\":\"https:\\\/\\\/www.eldigitaldeasturias.com\\\/noticias\\\/asturias-en-la-feria-virtual-onviaje\\\/#webpage\"},\"articleSection\":\"Turismo\"},{\"@type\":\"BreadcrumbList\",\"@id\":\"https:\\\/\\\/www.eldigitaldeasturias.com\\\/noticias\\\/asturias-en-la-feria-virtual-onviaje\\\/#breadcrumblist\",\"itemListElement\":[{\"@type\":\"ListItem\",\"@id\":\"https:\\\/\\\/www.eldigitaldeasturias.com\\\/noticias#listItem\",\"position\":1,\"name\":\"Home\",\"item\":\"https:\\\/\\\/www.eldigitaldeasturias.com\\\/noticias\",\"nextItem\":{\"@type\":\"ListItem\",\"@id\":\"https:\\\/\\\/www.eldigitaldeasturias.com\\\/noticias\\\/category\\\/turismo\\\/#listItem\",\"name\":\"Turismo\"}},{\"@type\":\"ListItem\",\"@id\":\"https:\\\/\\\/www.eldigitaldeasturias.com\\\/noticias\\\/category\\\/turismo\\\/#listItem\",\"position\":2,\"name\":\"Turismo\",\"item\":\"https:\\\/\\\/www.eldigitaldeasturias.com\\\/noticias\\\/category\\\/turismo\\\/\",\"nextItem\":{\"@type\":\"ListItem\",\"@id\":\"https:\\\/\\\/www.eldigitaldeasturias.com\\\/noticias\\\/asturias-en-la-feria-virtual-onviaje\\\/#listItem\",\"name\":\"Asturias en la feria virtual OnViaje\"},\"previousItem\":{\"@type\":\"ListItem\",\"@id\":\"https:\\\/\\\/www.eldigitaldeasturias.com\\\/noticias#listItem\",\"name\":\"Home\"}},{\"@type\":\"ListItem\",\"@id\":\"https:\\\/\\\/www.eldigitaldeasturias.com\\\/noticias\\\/asturias-en-la-feria-virtual-onviaje\\\/#listItem\",\"position\":3,\"name\":\"Asturias en la feria virtual OnViaje\",\"previousItem\":{\"@type\":\"ListItem\",\"@id\":\"https:\\\/\\\/www.eldigitaldeasturias.com\\\/noticias\\\/category\\\/turismo\\\/#listItem\",\"name\":\"Turismo\"}}]},{\"@type\":\"Organization\",\"@id\":\"https:\\\/\\\/www.eldigitaldeasturias.com\\\/noticias\\\/#organization\",\"name\":\"El Digital de Asturias\",\"description\":\"Hemeroteca\",\"url\":\"https:\\\/\\\/www.eldigitaldeasturias.com\\\/noticias\\\/\",\"email\":\"info@eldigitaldeasturias.com\",\"telephone\":\"+34652131393\",\"logo\":{\"@type\":\"ImageObject\",\"url\":\"https:\\\/\\\/www.eldigitaldeasturias.com\\\/noticias\\\/wp-content\\\/uploads\\\/2020\\\/12\\\/EDA.jpg\",\"@id\":\"https:\\\/\\\/www.eldigitaldeasturias.com\\\/noticias\\\/asturias-en-la-feria-virtual-onviaje\\\/#organizationLogo\",\"width\":649,\"height\":297},\"image\":{\"@id\":\"https:\\\/\\\/www.eldigitaldeasturias.com\\\/noticias\\\/asturias-en-la-feria-virtual-onviaje\\\/#organizationLogo\"},\"sameAs\":[\"https:\\\/\\\/facebook.com\\\/eldigitaldeasturias\",\"https:\\\/\\\/www.youtube.com\\\/channel\\\/UCZP-2wLEB9Rv6erhFmqVnvg\"],\"address\":{\"@id\":\"https:\\\/\\\/www.eldigitaldeasturias.com\\\/noticias\\\/#postaladdress\",\"@type\":\"PostalAddress\",\"streetAddress\":\"san antonio 4,\",\"postalCode\":\"33430\",\"addressLocality\":\"Cand\\u00e1s\",\"addressRegion\":\"Asturias\",\"addressCountry\":\"ES\"}},{\"@type\":\"Person\",\"@id\":\"https:\\\/\\\/www.eldigitaldeasturias.com\\\/noticias\\\/author\\\/admin\\\/#author\",\"url\":\"https:\\\/\\\/www.eldigitaldeasturias.com\\\/noticias\\\/author\\\/admin\\\/\",\"name\":\"El Digital de Asturias\",\"image\":{\"@type\":\"ImageObject\",\"@id\":\"https:\\\/\\\/www.eldigitaldeasturias.com\\\/noticias\\\/asturias-en-la-feria-virtual-onviaje\\\/#authorImage\",\"url\":\"https:\\\/\\\/www.eldigitaldeasturias.com\\\/noticias\\\/wp-content\\\/litespeed\\\/avatar\\\/18677e78aa0546b92d9dbf31ec7d7668.jpg?ver=1776685526\",\"width\":96,\"height\":96,\"caption\":\"El Digital de Asturias\"}},{\"@type\":\"WebPage\",\"@id\":\"https:\\\/\\\/www.eldigitaldeasturias.com\\\/noticias\\\/asturias-en-la-feria-virtual-onviaje\\\/#webpage\",\"url\":\"https:\\\/\\\/www.eldigitaldeasturias.com\\\/noticias\\\/asturias-en-la-feria-virtual-onviaje\\\/\",\"name\":\"Asturias en la feria virtual OnViaje - El Digital de Asturias\",\"description\":\"El Principado retoma esta semana la promoci\\u00f3n tur\\u00edstica de la comunidad en foros especializados con su participaci\\u00f3n en la primera edici\\u00f3n de la feria virtual OnViaje, que se celebra desde hoy y hasta el domingo. Asturias, que cuenta con una zona expositiva virtual, estar\\u00e1 presente en el programa de conferencias y reuniones, as\\u00ed como en\",\"inLanguage\":\"es-ES\",\"isPartOf\":{\"@id\":\"https:\\\/\\\/www.eldigitaldeasturias.com\\\/noticias\\\/#website\"},\"breadcrumb\":{\"@id\":\"https:\\\/\\\/www.eldigitaldeasturias.com\\\/noticias\\\/asturias-en-la-feria-virtual-onviaje\\\/#breadcrumblist\"},\"author\":{\"@id\":\"https:\\\/\\\/www.eldigitaldeasturias.com\\\/noticias\\\/author\\\/admin\\\/#author\"},\"creator\":{\"@id\":\"https:\\\/\\\/www.eldigitaldeasturias.com\\\/noticias\\\/author\\\/admin\\\/#author\"},\"image\":{\"@type\":\"ImageObject\",\"url\":\"https:\\\/\\\/www.eldigitaldeasturias.com\\\/noticias\\\/wp-content\\\/uploads\\\/2020\\\/06\\\/hiker-1149877_640.jpg\",\"@id\":\"https:\\\/\\\/www.eldigitaldeasturias.com\\\/noticias\\\/asturias-en-la-feria-virtual-onviaje\\\/#mainImage\",\"width\":640,\"height\":426},\"primaryImageOfPage\":{\"@id\":\"https:\\\/\\\/www.eldigitaldeasturias.com\\\/noticias\\\/asturias-en-la-feria-virtual-onviaje\\\/#mainImage\"},\"datePublished\":\"2020-06-18T17:31:33+02:00\",\"dateModified\":\"2020-06-18T17:31:33+02:00\"},{\"@type\":\"WebSite\",\"@id\":\"https:\\\/\\\/www.eldigitaldeasturias.com\\\/noticias\\\/#website\",\"url\":\"https:\\\/\\\/www.eldigitaldeasturias.com\\\/noticias\\\/\",\"name\":\"El Digital de Asturias - Diario de actualidad y noticias\",\"alternateName\":\"El Digital de Asturias - Diario de actualidad y noticias\",\"description\":\"Hemeroteca\",\"inLanguage\":\"es-ES\",\"publisher\":{\"@id\":\"https:\\\/\\\/www.eldigitaldeasturias.com\\\/noticias\\\/#organization\"}}]}\n\t\t<\/script>\n\t\t<!-- All in One SEO Pro -->\r\n\t\t<title>Asturias en la feria virtual OnViaje - El Digital de Asturias<\/title>\n\n","aioseo_head_json":{"title":"Asturias en la feria virtual OnViaje - El Digital de Asturias","description":"El Principado retoma esta semana la promoci\u00f3n tur\u00edstica de la comunidad en foros especializados con su participaci\u00f3n en la primera edici\u00f3n de la feria virtual OnViaje, que se celebra desde hoy y hasta el domingo. Asturias, que cuenta con una zona expositiva virtual, estar\u00e1 presente en el programa de conferencias y reuniones, as\u00ed como en","canonical_url":"https:\/\/www.eldigitaldeasturias.com\/noticias\/asturias-en-la-feria-virtual-onviaje\/","robots":"max-image-preview:large","keywords":"turismo","webmasterTools":{"google-site-verification":"UA-38556648-1","msvalidate.01":"7dfe9f3f1b24437ab69f4f2559babe99","miscellaneous":""},"schema":{"@context":"https:\/\/schema.org","@graph":[{"@type":"BlogPosting","@id":"https:\/\/www.eldigitaldeasturias.com\/noticias\/asturias-en-la-feria-virtual-onviaje\/#blogposting","name":"Asturias en la feria virtual OnViaje - El Digital de Asturias","headline":"Asturias en la feria virtual OnViaje","author":{"@id":"https:\/\/www.eldigitaldeasturias.com\/noticias\/author\/admin\/#author"},"publisher":{"@id":"https:\/\/www.eldigitaldeasturias.com\/noticias\/#organization"},"image":{"@type":"ImageObject","url":"https:\/\/www.eldigitaldeasturias.com\/noticias\/wp-content\/uploads\/2020\/06\/hiker-1149877_640.jpg","width":640,"height":426},"datePublished":"2020-06-18T17:31:33+02:00","dateModified":"2020-06-18T17:31:33+02:00","inLanguage":"es-ES","mainEntityOfPage":{"@id":"https:\/\/www.eldigitaldeasturias.com\/noticias\/asturias-en-la-feria-virtual-onviaje\/#webpage"},"isPartOf":{"@id":"https:\/\/www.eldigitaldeasturias.com\/noticias\/asturias-en-la-feria-virtual-onviaje\/#webpage"},"articleSection":"Turismo"},{"@type":"BreadcrumbList","@id":"https:\/\/www.eldigitaldeasturias.com\/noticias\/asturias-en-la-feria-virtual-onviaje\/#breadcrumblist","itemListElement":[{"@type":"ListItem","@id":"https:\/\/www.eldigitaldeasturias.com\/noticias#listItem","position":1,"name":"Home","item":"https:\/\/www.eldigitaldeasturias.com\/noticias","nextItem":{"@type":"ListItem","@id":"https:\/\/www.eldigitaldeasturias.com\/noticias\/category\/turismo\/#listItem","name":"Turismo"}},{"@type":"ListItem","@id":"https:\/\/www.eldigitaldeasturias.com\/noticias\/category\/turismo\/#listItem","position":2,"name":"Turismo","item":"https:\/\/www.eldigitaldeasturias.com\/noticias\/category\/turismo\/","nextItem":{"@type":"ListItem","@id":"https:\/\/www.eldigitaldeasturias.com\/noticias\/asturias-en-la-feria-virtual-onviaje\/#listItem","name":"Asturias en la feria virtual OnViaje"},"previousItem":{"@type":"ListItem","@id":"https:\/\/www.eldigitaldeasturias.com\/noticias#listItem","name":"Home"}},{"@type":"ListItem","@id":"https:\/\/www.eldigitaldeasturias.com\/noticias\/asturias-en-la-feria-virtual-onviaje\/#listItem","position":3,"name":"Asturias en la feria virtual OnViaje","previousItem":{"@type":"ListItem","@id":"https:\/\/www.eldigitaldeasturias.com\/noticias\/category\/turismo\/#listItem","name":"Turismo"}}]},{"@type":"Organization","@id":"https:\/\/www.eldigitaldeasturias.com\/noticias\/#organization","name":"El Digital de Asturias","description":"Hemeroteca","url":"https:\/\/www.eldigitaldeasturias.com\/noticias\/","email":"info@eldigitaldeasturias.com","telephone":"+34652131393","logo":{"@type":"ImageObject","url":"https:\/\/www.eldigitaldeasturias.com\/noticias\/wp-content\/uploads\/2020\/12\/EDA.jpg","@id":"https:\/\/www.eldigitaldeasturias.com\/noticias\/asturias-en-la-feria-virtual-onviaje\/#organizationLogo","width":649,"height":297},"image":{"@id":"https:\/\/www.eldigitaldeasturias.com\/noticias\/asturias-en-la-feria-virtual-onviaje\/#organizationLogo"},"sameAs":["https:\/\/facebook.com\/eldigitaldeasturias","https:\/\/www.youtube.com\/channel\/UCZP-2wLEB9Rv6erhFmqVnvg"],"address":{"@id":"https:\/\/www.eldigitaldeasturias.com\/noticias\/#postaladdress","@type":"PostalAddress","streetAddress":"san antonio 4,","postalCode":"33430","addressLocality":"Cand\u00e1s","addressRegion":"Asturias","addressCountry":"ES"}},{"@type":"Person","@id":"https:\/\/www.eldigitaldeasturias.com\/noticias\/author\/admin\/#author","url":"https:\/\/www.eldigitaldeasturias.com\/noticias\/author\/admin\/","name":"El Digital de Asturias","image":{"@type":"ImageObject","@id":"https:\/\/www.eldigitaldeasturias.com\/noticias\/asturias-en-la-feria-virtual-onviaje\/#authorImage","url":"https:\/\/www.eldigitaldeasturias.com\/noticias\/wp-content\/litespeed\/avatar\/18677e78aa0546b92d9dbf31ec7d7668.jpg?ver=1776685526","width":96,"height":96,"caption":"El Digital de Asturias"}},{"@type":"WebPage","@id":"https:\/\/www.eldigitaldeasturias.com\/noticias\/asturias-en-la-feria-virtual-onviaje\/#webpage","url":"https:\/\/www.eldigitaldeasturias.com\/noticias\/asturias-en-la-feria-virtual-onviaje\/","name":"Asturias en la feria virtual OnViaje - El Digital de Asturias","description":"El Principado retoma esta semana la promoci\u00f3n tur\u00edstica de la comunidad en foros especializados con su participaci\u00f3n en la primera edici\u00f3n de la feria virtual OnViaje, que se celebra desde hoy y hasta el domingo. Asturias, que cuenta con una zona expositiva virtual, estar\u00e1 presente en el programa de conferencias y reuniones, as\u00ed como en","inLanguage":"es-ES","isPartOf":{"@id":"https:\/\/www.eldigitaldeasturias.com\/noticias\/#website"},"breadcrumb":{"@id":"https:\/\/www.eldigitaldeasturias.com\/noticias\/asturias-en-la-feria-virtual-onviaje\/#breadcrumblist"},"author":{"@id":"https:\/\/www.eldigitaldeasturias.com\/noticias\/author\/admin\/#author"},"creator":{"@id":"https:\/\/www.eldigitaldeasturias.com\/noticias\/author\/admin\/#author"},"image":{"@type":"ImageObject","url":"https:\/\/www.eldigitaldeasturias.com\/noticias\/wp-content\/uploads\/2020\/06\/hiker-1149877_640.jpg","@id":"https:\/\/www.eldigitaldeasturias.com\/noticias\/asturias-en-la-feria-virtual-onviaje\/#mainImage","width":640,"height":426},"primaryImageOfPage":{"@id":"https:\/\/www.eldigitaldeasturias.com\/noticias\/asturias-en-la-feria-virtual-onviaje\/#mainImage"},"datePublished":"2020-06-18T17:31:33+02:00","dateModified":"2020-06-18T17:31:33+02:00"},{"@type":"WebSite","@id":"https:\/\/www.eldigitaldeasturias.com\/noticias\/#website","url":"https:\/\/www.eldigitaldeasturias.com\/noticias\/","name":"El Digital de Asturias - Diario de actualidad y noticias","alternateName":"El Digital de Asturias - Diario de actualidad y noticias","description":"Hemeroteca","inLanguage":"es-ES","publisher":{"@id":"https:\/\/www.eldigitaldeasturias.com\/noticias\/#organization"}}]},"og:locale":"es_ES","og:site_name":"El Digital de Asturias","og:type":"article","og:title":"Asturias en la feria virtual OnViaje - El Digital de Asturias","og:description":"El Principado retoma esta semana la promoci\u00f3n tur\u00edstica de la comunidad en foros especializados con su participaci\u00f3n en la primera edici\u00f3n de la feria virtual OnViaje, que se celebra desde hoy y hasta el domingo. Asturias, que cuenta con una zona expositiva virtual, estar\u00e1 presente en el programa de conferencias y reuniones, as\u00ed como en","og:url":"https:\/\/www.eldigitaldeasturias.com\/noticias\/asturias-en-la-feria-virtual-onviaje\/","og:image":"https:\/\/www.eldigitaldeasturias.com\/noticias\/wp-content\/uploads\/2020\/06\/hiker-1149877_640.jpg","og:image:secure_url":"https:\/\/www.eldigitaldeasturias.com\/noticias\/wp-content\/uploads\/2020\/06\/hiker-1149877_640.jpg","og:image:width":640,"og:image:height":426,"article:tag":["turismo"],"article:published_time":"2020-06-18T15:31:33+00:00","article:modified_time":"2020-06-18T15:31:33+00:00","article:publisher":"https:\/\/facebook.com\/eldigitaldeasturias","twitter:card":"summary_large_image","twitter:title":"Asturias en la feria virtual OnViaje - El Digital de Asturias","twitter:description":"El Principado retoma esta semana la promoci\u00f3n tur\u00edstica de la comunidad en foros especializados con su participaci\u00f3n en la primera edici\u00f3n de la feria virtual OnViaje, que se celebra desde hoy y hasta el domingo. Asturias, que cuenta con una zona expositiva virtual, estar\u00e1 presente en el programa de conferencias y reuniones, as\u00ed como en","twitter:image":"https:\/\/www.eldigitaldeasturias.com\/noticias\/wp-content\/uploads\/2020\/06\/hiker-1149877_640.jpg","twitter:label1":"Escrito por","twitter:data1":"El Digital de Asturias","twitter:label2":"Tiempo de lectura estimado","twitter:data2":"1 minuto"},"aioseo_meta_data":{"post_id":"1068396","title":null,"description":null,"keywords":null,"keyphrases":null,"primary_term":null,"canonical_url":null,"og_title":null,"og_description":null,"og_object_type":"default","og_image_type":"default","og_image_url":null,"og_image_width":null,"og_image_height":null,"og_image_custom_url":null,"og_image_custom_fields":null,"og_video":null,"og_custom_url":null,"og_article_section":null,"og_article_tags":null,"twitter_use_og":false,"twitter_card":"default","twitter_image_type":"default","twitter_image_url":null,"twitter_image_custom_url":null,"twitter_image_custom_fields":null,"twitter_title":null,"twitter_description":null,"schema":{"blockGraphs":[],"customGraphs":[],"default":{"data":{"Article":[],"Course":[],"Dataset":[],"FAQPage":[],"Movie":[],"Person":[],"Product":[],"ProductReview":[],"Car":[],"Recipe":[],"Service":[],"SoftwareApplication":[],"WebPage":[]},"graphName":"","isEnabled":true},"graphs":[]},"schema_type":null,"schema_type_options":null,"pillar_content":false,"robots_default":true,"robots_noindex":false,"robots_noarchive":false,"robots_nosnippet":false,"robots_nofollow":false,"robots_noimageindex":false,"robots_noodp":false,"robots_notranslate":false,"robots_max_snippet":null,"robots_max_videopreview":null,"robots_max_imagepreview":"large","priority":null,"frequency":null,"local_seo":null,"seo_analyzer_scan_date":"2025-09-12 18:08:50","breadcrumb_settings":null,"limit_modified_date":false,"open_ai":null,"ai":null,"created":"2020-12-21 10:48:14","updated":"2025-09-12 18:08:50"},"aioseo_breadcrumb":"<div class=\"aioseo-breadcrumbs\"><span class=\"aioseo-breadcrumb\">\n\t<a href=\"https:\/\/www.eldigitaldeasturias.com\/noticias\" title=\"Home\">Home<\/a>\n<\/span><span class=\"aioseo-breadcrumb-separator\">\u2013<\/span><span class=\"aioseo-breadcrumb\">\n\t<a href=\"https:\/\/www.eldigitaldeasturias.com\/noticias\/category\/turismo\/\" title=\"Turismo\">Turismo<\/a>\n<\/span><span class=\"aioseo-breadcrumb-separator\">\u2013<\/span><span class=\"aioseo-breadcrumb\">\n\t<a href=\"https:\/\/www.eldigitaldeasturias.com\/noticias\/asturias-en-la-feria-virtual-onviaje\/\" title=\"Asturias en la feria virtual OnViaje\">Asturias en la feria virtual OnViaje<\/a>\n<\/span><\/div>","aioseo_breadcrumb_json":[{"label":"Home","link":"https:\/\/www.eldigitaldeasturias.com\/noticias"},{"label":"Turismo","link":"https:\/\/www.eldigitaldeasturias.com\/noticias\/category\/turismo\/"},{"label":"Asturias en la feria virtual OnViaje","link":"https:\/\/www.eldigitaldeasturias.com\/noticias\/asturias-en-la-feria-virtual-onviaje\/"}],"_links":{"self":[{"href":"https:\/\/www.eldigitaldeasturias.com\/noticias\/wp-json\/wp\/v2\/posts\/1068396","targetHints":{"allow":["GET"]}}],"collection":[{"href":"https:\/\/www.eldigitaldeasturias.com\/noticias\/wp-json\/wp\/v2\/posts"}],"about":[{"href":"https:\/\/www.eldigitaldeasturias.com\/noticias\/wp-json\/wp\/v2\/types\/post"}],"author":[{"embeddable":true,"href":"https:\/\/www.eldigitaldeasturias.com\/noticias\/wp-json\/wp\/v2\/users\/1"}],"replies":[{"embeddable":true,"href":"https:\/\/www.eldigitaldeasturias.com\/noticias\/wp-json\/wp\/v2\/comments?post=1068396"}],"version-history":[{"count":0,"href":"https:\/\/www.eldigitaldeasturias.com\/noticias\/wp-json\/wp\/v2\/posts\/1068396\/revisions"}],"wp:featuredmedia":[{"embeddable":true,"href":"https:\/\/www.eldigitaldeasturias.com\/noticias\/wp-json\/wp\/v2\/media\/1068397"}],"wp:attachment":[{"href":"https:\/\/www.eldigitaldeasturias.com\/noticias\/wp-json\/wp\/v2\/media?parent=1068396"}],"wp:term":[{"taxonomy":"category","embeddable":true,"href":"https:\/\/www.eldigitaldeasturias.com\/noticias\/wp-json\/wp\/v2\/categories?post=1068396"},{"taxonomy":"post_tag","embeddable":true,"href":"https:\/\/www.eldigitaldeasturias.com\/noticias\/wp-json\/wp\/v2\/tags?post=1068396"}],"curies":[{"name":"wp","href":"https:\/\/api.w.org\/{rel}","templated":true}]}}