{"id":1068019,"date":"2020-06-13T02:22:02","date_gmt":"2020-06-13T00:22:02","guid":{"rendered":"https:\/\/www.eldigitaldeasturias.com\/noticias\/?p=1068019"},"modified":"2020-06-13T02:22:02","modified_gmt":"2020-06-13T00:22:02","slug":"cofenat-insiste-miles-de-profesionales-de-terapias-naturales-pueden-ayudar-a-paliar-la-covid-19","status":"publish","type":"post","link":"https:\/\/www.eldigitaldeasturias.com\/noticias\/cofenat-insiste-miles-de-profesionales-de-terapias-naturales-pueden-ayudar-a-paliar-la-covid-19\/","title":{"rendered":"Cofenat insiste: \u00abMiles de profesionales de Terapias Naturales pueden ayudar a paliar la COVID-19\u00bb"},"content":{"rendered":"<p><img loading=\"lazy\" decoding=\"async\" class=\"alignleft size-full wp-image-1068020\" src=\"https:\/\/www.eldigitaldeasturias.com\/noticias\/wp-content\/uploads\/2020\/06\/1591023935_Foto.jpg\" alt=\"\" width=\"329\" height=\"153\" \/>La Asociaci\u00f3n Nacional de Profesionales y Aut\u00f3nomos de las Terapias Naturales,\u00a0<span style=\"color: #ff0000;\"><strong><a style=\"color: #ff0000;\" href=\"http:\/\/www.cofenat.es\/\" target=\"_blank\" rel=\"nofollow noopener noreferrer\">COFENAT<\/a><\/strong><\/span>, ha presentado hace semanas a la consellera de Salut de la Generalitat de Catalunya, Alba Verg\u00e9s, extensa documentaci\u00f3n de las evidencias cient\u00edficas y tratamientos cl\u00ednicos sobre estas t\u00e9cnicas en el tratamiento del pat\u00f3geno SARS2-COVID19 y las patolog\u00edas derivadas. \u201c<strong>Miles de profesionales de las Terapias Naturales pueden ayudar a paliar la COVID-19<\/strong>\u201d, ha sentenciado el presidente de la mayor asociaci\u00f3n nacional de estas t\u00e9cnicas.<\/p>\n<p>\u201cDurante las semanas de confinamiento, los profesionales miembros de COFENAT han trabajado conjuntamente para ponerse en contacto con diferentes representantes de Sanidad de las autonom\u00edas, especialmente de Catalu\u00f1a, haci\u00e9ndoles llegar una amplia y detallada informaci\u00f3n de los protocolos que se podr\u00edan aplicar a los pacientes con coronavirus,\u00a0<strong>todos ellos basados en las experiencias positivas de pa\u00edses que precedieron a Espa\u00f1a<\/strong>\u00a0en cuanto a las medidas sanitarias que adoptaron para tratar a miles de pacientes con el pat\u00f3geno SARS2-COVID 2019 causante de esta pandemia y emergencia sanitaria\u201d, ha detallado San Antonio-Abad.<\/p>\n<p>Entre las terapias que obtienen mejores resultados para ayudar a paliar la pandemia y las patolog\u00edas derivadas de la misma est\u00e1n la Medicina Tradicional China, con la aplicaci\u00f3n de Acupuntura, y la Farmacopea China, la Nutrici\u00f3n Ortomolecular y la Ozonoterapia. COFENAT pone a disposici\u00f3n los estudios que certifican sus beneficios y que se han presentado a las instituciones sanitarias espa\u00f1olas.<\/p>\n<p>\u201cSomos conscientes de que la autoridad competente para desarrollar protocolos corresponde al Ministerio de Sanidad, a quien tambi\u00e9n nos hemos dirigido, pero sabemos que, puesto que las comunidades han tenido hasta ahora transferencia en materia sanitaria, se podr\u00eda hacer mucho m\u00e1s. Es responsabilidad de todos aportar las oportunidades cl\u00ednicas de las que se disponen en el mundo, y las Terapias Naturales son una oportunidad m\u00e1s. Somos miles de profesionales reconocidos dispuestos a tender la mano buscando la uni\u00f3n entre los diferentes profesionales que trabajan en pro de la salud de las personas\u201d, ha concluido el presidente de\u00a0<span style=\"color: #ff0000;\"><strong><a style=\"color: #ff0000;\" href=\"http:\/\/www.cofenat.es\/\" target=\"_blank\" rel=\"nofollow noopener noreferrer\">COFENAT<\/a><\/strong><\/span>.<\/p>\n","protected":false},"excerpt":{"rendered":"<p>La Asociaci\u00f3n Nacional de Profesionales y Aut\u00f3nomos de las Terapias Naturales,\u00a0COFENAT, ha presentado hace semanas a la consellera de Salut de la Generalitat de Catalunya, Alba Verg\u00e9s, extensa documentaci\u00f3n de las evidencias cient\u00edficas y tratamientos cl\u00ednicos sobre estas t\u00e9cnicas en el tratamiento del pat\u00f3geno SARS2-COVID19 y las patolog\u00edas derivadas. \u201cMiles de profesionales de las Terapias [&hellip;]<\/p>\n","protected":false},"author":1,"featured_media":1067868,"comment_status":"closed","ping_status":"closed","sticky":false,"template":"","format":"standard","meta":{"footnotes":""},"categories":[28],"tags":[],"class_list":["post-1068019","post","type-post","status-publish","format-standard","has-post-thumbnail","hentry","category-sociedad"],"aioseo_notices":[],"aioseo_head":"\n\t\t<!-- All in One SEO Pro 4.9.6.2 - aioseo.com -->\n\t<meta name=\"description\" content=\"La Asociaci\u00f3n Nacional de Profesionales y Aut\u00f3nomos de las Terapias Naturales, COFENAT, ha presentado hace semanas a la consellera de Salut de la Generalitat de Catalunya, Alba Verg\u00e9s, extensa documentaci\u00f3n de las evidencias cient\u00edficas y tratamientos cl\u00ednicos sobre estas t\u00e9cnicas en el tratamiento del pat\u00f3geno SARS2-COVID19 y las patolog\u00edas derivadas. \u201cMiles de profesionales de las Terapias\" \/>\n\t<meta name=\"robots\" content=\"max-image-preview:large\" \/>\n\t<meta name=\"author\" content=\"El Digital de Asturias\"\/>\n\t<meta name=\"google-site-verification\" content=\"UA-38556648-1\" \/>\n\t<meta name=\"msvalidate.01\" content=\"7dfe9f3f1b24437ab69f4f2559babe99\" \/>\n\t<meta name=\"keywords\" content=\"sociedad\" \/>\n\t<link rel=\"canonical\" href=\"https:\/\/www.eldigitaldeasturias.com\/noticias\/cofenat-insiste-miles-de-profesionales-de-terapias-naturales-pueden-ayudar-a-paliar-la-covid-19\/\" \/>\n\t<meta name=\"generator\" content=\"All in One SEO Pro (AIOSEO) 4.9.6.2\" \/>\n\t\t<meta property=\"og:locale\" content=\"es_ES\" \/>\n\t\t<meta property=\"og:site_name\" content=\"El Digital de Asturias\" \/>\n\t\t<meta property=\"og:type\" content=\"article\" \/>\n\t\t<meta property=\"og:title\" content=\"Cofenat insiste: \u00abMiles de profesionales de Terapias Naturales pueden ayudar a paliar la COVID-19\u00bb - El Digital de Asturias\" \/>\n\t\t<meta property=\"og:description\" content=\"La Asociaci\u00f3n Nacional de Profesionales y Aut\u00f3nomos de las Terapias Naturales, COFENAT, ha presentado hace semanas a la consellera de Salut de la Generalitat de Catalunya, Alba Verg\u00e9s, extensa documentaci\u00f3n de las evidencias cient\u00edficas y tratamientos cl\u00ednicos sobre estas t\u00e9cnicas en el tratamiento del pat\u00f3geno SARS2-COVID19 y las patolog\u00edas derivadas. \u201cMiles de profesionales de las Terapias\" \/>\n\t\t<meta property=\"og:url\" content=\"https:\/\/www.eldigitaldeasturias.com\/noticias\/cofenat-insiste-miles-de-profesionales-de-terapias-naturales-pueden-ayudar-a-paliar-la-covid-19\/\" \/>\n\t\t<meta property=\"og:image\" content=\"https:\/\/www.eldigitaldeasturias.com\/noticias\/wp-content\/uploads\/2020\/06\/connection-4884862_640.jpg\" \/>\n\t\t<meta property=\"og:image:secure_url\" content=\"https:\/\/www.eldigitaldeasturias.com\/noticias\/wp-content\/uploads\/2020\/06\/connection-4884862_640.jpg\" \/>\n\t\t<meta property=\"og:image:width\" content=\"640\" \/>\n\t\t<meta property=\"og:image:height\" content=\"436\" \/>\n\t\t<meta property=\"article:tag\" content=\"sociedad\" \/>\n\t\t<meta property=\"article:published_time\" content=\"2020-06-13T00:22:02+00:00\" \/>\n\t\t<meta property=\"article:modified_time\" content=\"2020-06-13T00:22:02+00:00\" \/>\n\t\t<meta property=\"article:publisher\" content=\"https:\/\/facebook.com\/eldigitaldeasturias\" \/>\n\t\t<meta name=\"twitter:card\" content=\"summary_large_image\" \/>\n\t\t<meta name=\"twitter:title\" content=\"Cofenat insiste: \u00abMiles de profesionales de Terapias Naturales pueden ayudar a paliar la COVID-19\u00bb - El Digital de Asturias\" \/>\n\t\t<meta name=\"twitter:description\" content=\"La Asociaci\u00f3n Nacional de Profesionales y Aut\u00f3nomos de las Terapias Naturales, COFENAT, ha presentado hace semanas a la consellera de Salut de la Generalitat de Catalunya, Alba Verg\u00e9s, extensa documentaci\u00f3n de las evidencias cient\u00edficas y tratamientos cl\u00ednicos sobre estas t\u00e9cnicas en el tratamiento del pat\u00f3geno SARS2-COVID19 y las patolog\u00edas derivadas. \u201cMiles de profesionales de las Terapias\" \/>\n\t\t<meta name=\"twitter:image\" content=\"https:\/\/www.eldigitaldeasturias.com\/noticias\/wp-content\/uploads\/2020\/06\/connection-4884862_640.jpg\" \/>\n\t\t<meta name=\"twitter:label1\" content=\"Escrito por\" \/>\n\t\t<meta name=\"twitter:data1\" content=\"El Digital de Asturias\" \/>\n\t\t<meta name=\"twitter:label2\" content=\"Tiempo de lectura estimado\" \/>\n\t\t<meta name=\"twitter:data2\" content=\"2 minutos\" \/>\n\t\t<script type=\"application\/ld+json\" class=\"aioseo-schema\">\n\t\t\t{\"@context\":\"https:\\\/\\\/schema.org\",\"@graph\":[{\"@type\":\"BlogPosting\",\"@id\":\"https:\\\/\\\/www.eldigitaldeasturias.com\\\/noticias\\\/cofenat-insiste-miles-de-profesionales-de-terapias-naturales-pueden-ayudar-a-paliar-la-covid-19\\\/#blogposting\",\"name\":\"Cofenat insiste: \\u00abMiles de profesionales de Terapias Naturales pueden ayudar a paliar la COVID-19\\u00bb - El Digital de Asturias\",\"headline\":\"Cofenat insiste: \\u00abMiles de profesionales de Terapias Naturales pueden ayudar a paliar la COVID-19\\u00bb\",\"author\":{\"@id\":\"https:\\\/\\\/www.eldigitaldeasturias.com\\\/noticias\\\/author\\\/admin\\\/#author\"},\"publisher\":{\"@id\":\"https:\\\/\\\/www.eldigitaldeasturias.com\\\/noticias\\\/#organization\"},\"image\":{\"@type\":\"ImageObject\",\"url\":\"https:\\\/\\\/www.eldigitaldeasturias.com\\\/noticias\\\/wp-content\\\/uploads\\\/2020\\\/06\\\/connection-4884862_640.jpg\",\"width\":640,\"height\":436,\"caption\":\"coronavirus\"},\"datePublished\":\"2020-06-13T02:22:02+02:00\",\"dateModified\":\"2020-06-13T02:22:02+02:00\",\"inLanguage\":\"es-ES\",\"mainEntityOfPage\":{\"@id\":\"https:\\\/\\\/www.eldigitaldeasturias.com\\\/noticias\\\/cofenat-insiste-miles-de-profesionales-de-terapias-naturales-pueden-ayudar-a-paliar-la-covid-19\\\/#webpage\"},\"isPartOf\":{\"@id\":\"https:\\\/\\\/www.eldigitaldeasturias.com\\\/noticias\\\/cofenat-insiste-miles-de-profesionales-de-terapias-naturales-pueden-ayudar-a-paliar-la-covid-19\\\/#webpage\"},\"articleSection\":\"Sociedad\"},{\"@type\":\"BreadcrumbList\",\"@id\":\"https:\\\/\\\/www.eldigitaldeasturias.com\\\/noticias\\\/cofenat-insiste-miles-de-profesionales-de-terapias-naturales-pueden-ayudar-a-paliar-la-covid-19\\\/#breadcrumblist\",\"itemListElement\":[{\"@type\":\"ListItem\",\"@id\":\"https:\\\/\\\/www.eldigitaldeasturias.com\\\/noticias#listItem\",\"position\":1,\"name\":\"Home\",\"item\":\"https:\\\/\\\/www.eldigitaldeasturias.com\\\/noticias\",\"nextItem\":{\"@type\":\"ListItem\",\"@id\":\"https:\\\/\\\/www.eldigitaldeasturias.com\\\/noticias\\\/category\\\/sociedad\\\/#listItem\",\"name\":\"Sociedad\"}},{\"@type\":\"ListItem\",\"@id\":\"https:\\\/\\\/www.eldigitaldeasturias.com\\\/noticias\\\/category\\\/sociedad\\\/#listItem\",\"position\":2,\"name\":\"Sociedad\",\"item\":\"https:\\\/\\\/www.eldigitaldeasturias.com\\\/noticias\\\/category\\\/sociedad\\\/\",\"nextItem\":{\"@type\":\"ListItem\",\"@id\":\"https:\\\/\\\/www.eldigitaldeasturias.com\\\/noticias\\\/cofenat-insiste-miles-de-profesionales-de-terapias-naturales-pueden-ayudar-a-paliar-la-covid-19\\\/#listItem\",\"name\":\"Cofenat insiste: \\u00abMiles de profesionales de Terapias Naturales pueden ayudar a paliar la COVID-19\\u00bb\"},\"previousItem\":{\"@type\":\"ListItem\",\"@id\":\"https:\\\/\\\/www.eldigitaldeasturias.com\\\/noticias#listItem\",\"name\":\"Home\"}},{\"@type\":\"ListItem\",\"@id\":\"https:\\\/\\\/www.eldigitaldeasturias.com\\\/noticias\\\/cofenat-insiste-miles-de-profesionales-de-terapias-naturales-pueden-ayudar-a-paliar-la-covid-19\\\/#listItem\",\"position\":3,\"name\":\"Cofenat insiste: \\u00abMiles de profesionales de Terapias Naturales pueden ayudar a paliar la COVID-19\\u00bb\",\"previousItem\":{\"@type\":\"ListItem\",\"@id\":\"https:\\\/\\\/www.eldigitaldeasturias.com\\\/noticias\\\/category\\\/sociedad\\\/#listItem\",\"name\":\"Sociedad\"}}]},{\"@type\":\"Organization\",\"@id\":\"https:\\\/\\\/www.eldigitaldeasturias.com\\\/noticias\\\/#organization\",\"name\":\"El Digital de Asturias\",\"description\":\"Hemeroteca\",\"url\":\"https:\\\/\\\/www.eldigitaldeasturias.com\\\/noticias\\\/\",\"email\":\"info@eldigitaldeasturias.com\",\"telephone\":\"+34652131393\",\"logo\":{\"@type\":\"ImageObject\",\"url\":\"https:\\\/\\\/www.eldigitaldeasturias.com\\\/noticias\\\/wp-content\\\/uploads\\\/2020\\\/12\\\/EDA.jpg\",\"@id\":\"https:\\\/\\\/www.eldigitaldeasturias.com\\\/noticias\\\/cofenat-insiste-miles-de-profesionales-de-terapias-naturales-pueden-ayudar-a-paliar-la-covid-19\\\/#organizationLogo\",\"width\":649,\"height\":297},\"image\":{\"@id\":\"https:\\\/\\\/www.eldigitaldeasturias.com\\\/noticias\\\/cofenat-insiste-miles-de-profesionales-de-terapias-naturales-pueden-ayudar-a-paliar-la-covid-19\\\/#organizationLogo\"},\"sameAs\":[\"https:\\\/\\\/facebook.com\\\/eldigitaldeasturias\",\"https:\\\/\\\/www.youtube.com\\\/channel\\\/UCZP-2wLEB9Rv6erhFmqVnvg\"],\"address\":{\"@id\":\"https:\\\/\\\/www.eldigitaldeasturias.com\\\/noticias\\\/#postaladdress\",\"@type\":\"PostalAddress\",\"streetAddress\":\"san antonio 4,\",\"postalCode\":\"33430\",\"addressLocality\":\"Cand\\u00e1s\",\"addressRegion\":\"Asturias\",\"addressCountry\":\"ES\"}},{\"@type\":\"Person\",\"@id\":\"https:\\\/\\\/www.eldigitaldeasturias.com\\\/noticias\\\/author\\\/admin\\\/#author\",\"url\":\"https:\\\/\\\/www.eldigitaldeasturias.com\\\/noticias\\\/author\\\/admin\\\/\",\"name\":\"El Digital de Asturias\",\"image\":{\"@type\":\"ImageObject\",\"@id\":\"https:\\\/\\\/www.eldigitaldeasturias.com\\\/noticias\\\/cofenat-insiste-miles-de-profesionales-de-terapias-naturales-pueden-ayudar-a-paliar-la-covid-19\\\/#authorImage\",\"url\":\"https:\\\/\\\/www.eldigitaldeasturias.com\\\/noticias\\\/wp-content\\\/litespeed\\\/avatar\\\/18677e78aa0546b92d9dbf31ec7d7668.jpg?ver=1777290358\",\"width\":96,\"height\":96,\"caption\":\"El Digital de Asturias\"}},{\"@type\":\"WebPage\",\"@id\":\"https:\\\/\\\/www.eldigitaldeasturias.com\\\/noticias\\\/cofenat-insiste-miles-de-profesionales-de-terapias-naturales-pueden-ayudar-a-paliar-la-covid-19\\\/#webpage\",\"url\":\"https:\\\/\\\/www.eldigitaldeasturias.com\\\/noticias\\\/cofenat-insiste-miles-de-profesionales-de-terapias-naturales-pueden-ayudar-a-paliar-la-covid-19\\\/\",\"name\":\"Cofenat insiste: \\u00abMiles de profesionales de Terapias Naturales pueden ayudar a paliar la COVID-19\\u00bb - El Digital de Asturias\",\"description\":\"La Asociaci\\u00f3n Nacional de Profesionales y Aut\\u00f3nomos de las Terapias Naturales, COFENAT, ha presentado hace semanas a la consellera de Salut de la Generalitat de Catalunya, Alba Verg\\u00e9s, extensa documentaci\\u00f3n de las evidencias cient\\u00edficas y tratamientos cl\\u00ednicos sobre estas t\\u00e9cnicas en el tratamiento del pat\\u00f3geno SARS2-COVID19 y las patolog\\u00edas derivadas. \\u201cMiles de profesionales de las Terapias\",\"inLanguage\":\"es-ES\",\"isPartOf\":{\"@id\":\"https:\\\/\\\/www.eldigitaldeasturias.com\\\/noticias\\\/#website\"},\"breadcrumb\":{\"@id\":\"https:\\\/\\\/www.eldigitaldeasturias.com\\\/noticias\\\/cofenat-insiste-miles-de-profesionales-de-terapias-naturales-pueden-ayudar-a-paliar-la-covid-19\\\/#breadcrumblist\"},\"author\":{\"@id\":\"https:\\\/\\\/www.eldigitaldeasturias.com\\\/noticias\\\/author\\\/admin\\\/#author\"},\"creator\":{\"@id\":\"https:\\\/\\\/www.eldigitaldeasturias.com\\\/noticias\\\/author\\\/admin\\\/#author\"},\"image\":{\"@type\":\"ImageObject\",\"url\":\"https:\\\/\\\/www.eldigitaldeasturias.com\\\/noticias\\\/wp-content\\\/uploads\\\/2020\\\/06\\\/connection-4884862_640.jpg\",\"@id\":\"https:\\\/\\\/www.eldigitaldeasturias.com\\\/noticias\\\/cofenat-insiste-miles-de-profesionales-de-terapias-naturales-pueden-ayudar-a-paliar-la-covid-19\\\/#mainImage\",\"width\":640,\"height\":436,\"caption\":\"coronavirus\"},\"primaryImageOfPage\":{\"@id\":\"https:\\\/\\\/www.eldigitaldeasturias.com\\\/noticias\\\/cofenat-insiste-miles-de-profesionales-de-terapias-naturales-pueden-ayudar-a-paliar-la-covid-19\\\/#mainImage\"},\"datePublished\":\"2020-06-13T02:22:02+02:00\",\"dateModified\":\"2020-06-13T02:22:02+02:00\"},{\"@type\":\"WebSite\",\"@id\":\"https:\\\/\\\/www.eldigitaldeasturias.com\\\/noticias\\\/#website\",\"url\":\"https:\\\/\\\/www.eldigitaldeasturias.com\\\/noticias\\\/\",\"name\":\"El Digital de Asturias - Diario de actualidad y noticias\",\"alternateName\":\"El Digital de Asturias - Diario de actualidad y noticias\",\"description\":\"Hemeroteca\",\"inLanguage\":\"es-ES\",\"publisher\":{\"@id\":\"https:\\\/\\\/www.eldigitaldeasturias.com\\\/noticias\\\/#organization\"}}]}\n\t\t<\/script>\n\t\t<!-- All in One SEO Pro -->\r\n\t\t<title>Cofenat insiste: \u00abMiles de profesionales de Terapias Naturales pueden ayudar a paliar la COVID-19\u00bb - El Digital de Asturias<\/title>\n\n","aioseo_head_json":{"title":"Cofenat insiste: \u00abMiles de profesionales de Terapias Naturales pueden ayudar a paliar la COVID-19\u00bb - El Digital de Asturias","description":"La Asociaci\u00f3n Nacional de Profesionales y Aut\u00f3nomos de las Terapias Naturales, COFENAT, ha presentado hace semanas a la consellera de Salut de la Generalitat de Catalunya, Alba Verg\u00e9s, extensa documentaci\u00f3n de las evidencias cient\u00edficas y tratamientos cl\u00ednicos sobre estas t\u00e9cnicas en el tratamiento del pat\u00f3geno SARS2-COVID19 y las patolog\u00edas derivadas. \u201cMiles de profesionales de las Terapias","canonical_url":"https:\/\/www.eldigitaldeasturias.com\/noticias\/cofenat-insiste-miles-de-profesionales-de-terapias-naturales-pueden-ayudar-a-paliar-la-covid-19\/","robots":"max-image-preview:large","keywords":"sociedad","webmasterTools":{"google-site-verification":"UA-38556648-1","msvalidate.01":"7dfe9f3f1b24437ab69f4f2559babe99","miscellaneous":""},"schema":{"@context":"https:\/\/schema.org","@graph":[{"@type":"BlogPosting","@id":"https:\/\/www.eldigitaldeasturias.com\/noticias\/cofenat-insiste-miles-de-profesionales-de-terapias-naturales-pueden-ayudar-a-paliar-la-covid-19\/#blogposting","name":"Cofenat insiste: \u00abMiles de profesionales de Terapias Naturales pueden ayudar a paliar la COVID-19\u00bb - El Digital de Asturias","headline":"Cofenat insiste: \u00abMiles de profesionales de Terapias Naturales pueden ayudar a paliar la COVID-19\u00bb","author":{"@id":"https:\/\/www.eldigitaldeasturias.com\/noticias\/author\/admin\/#author"},"publisher":{"@id":"https:\/\/www.eldigitaldeasturias.com\/noticias\/#organization"},"image":{"@type":"ImageObject","url":"https:\/\/www.eldigitaldeasturias.com\/noticias\/wp-content\/uploads\/2020\/06\/connection-4884862_640.jpg","width":640,"height":436,"caption":"coronavirus"},"datePublished":"2020-06-13T02:22:02+02:00","dateModified":"2020-06-13T02:22:02+02:00","inLanguage":"es-ES","mainEntityOfPage":{"@id":"https:\/\/www.eldigitaldeasturias.com\/noticias\/cofenat-insiste-miles-de-profesionales-de-terapias-naturales-pueden-ayudar-a-paliar-la-covid-19\/#webpage"},"isPartOf":{"@id":"https:\/\/www.eldigitaldeasturias.com\/noticias\/cofenat-insiste-miles-de-profesionales-de-terapias-naturales-pueden-ayudar-a-paliar-la-covid-19\/#webpage"},"articleSection":"Sociedad"},{"@type":"BreadcrumbList","@id":"https:\/\/www.eldigitaldeasturias.com\/noticias\/cofenat-insiste-miles-de-profesionales-de-terapias-naturales-pueden-ayudar-a-paliar-la-covid-19\/#breadcrumblist","itemListElement":[{"@type":"ListItem","@id":"https:\/\/www.eldigitaldeasturias.com\/noticias#listItem","position":1,"name":"Home","item":"https:\/\/www.eldigitaldeasturias.com\/noticias","nextItem":{"@type":"ListItem","@id":"https:\/\/www.eldigitaldeasturias.com\/noticias\/category\/sociedad\/#listItem","name":"Sociedad"}},{"@type":"ListItem","@id":"https:\/\/www.eldigitaldeasturias.com\/noticias\/category\/sociedad\/#listItem","position":2,"name":"Sociedad","item":"https:\/\/www.eldigitaldeasturias.com\/noticias\/category\/sociedad\/","nextItem":{"@type":"ListItem","@id":"https:\/\/www.eldigitaldeasturias.com\/noticias\/cofenat-insiste-miles-de-profesionales-de-terapias-naturales-pueden-ayudar-a-paliar-la-covid-19\/#listItem","name":"Cofenat insiste: \u00abMiles de profesionales de Terapias Naturales pueden ayudar a paliar la COVID-19\u00bb"},"previousItem":{"@type":"ListItem","@id":"https:\/\/www.eldigitaldeasturias.com\/noticias#listItem","name":"Home"}},{"@type":"ListItem","@id":"https:\/\/www.eldigitaldeasturias.com\/noticias\/cofenat-insiste-miles-de-profesionales-de-terapias-naturales-pueden-ayudar-a-paliar-la-covid-19\/#listItem","position":3,"name":"Cofenat insiste: \u00abMiles de profesionales de Terapias Naturales pueden ayudar a paliar la COVID-19\u00bb","previousItem":{"@type":"ListItem","@id":"https:\/\/www.eldigitaldeasturias.com\/noticias\/category\/sociedad\/#listItem","name":"Sociedad"}}]},{"@type":"Organization","@id":"https:\/\/www.eldigitaldeasturias.com\/noticias\/#organization","name":"El Digital de Asturias","description":"Hemeroteca","url":"https:\/\/www.eldigitaldeasturias.com\/noticias\/","email":"info@eldigitaldeasturias.com","telephone":"+34652131393","logo":{"@type":"ImageObject","url":"https:\/\/www.eldigitaldeasturias.com\/noticias\/wp-content\/uploads\/2020\/12\/EDA.jpg","@id":"https:\/\/www.eldigitaldeasturias.com\/noticias\/cofenat-insiste-miles-de-profesionales-de-terapias-naturales-pueden-ayudar-a-paliar-la-covid-19\/#organizationLogo","width":649,"height":297},"image":{"@id":"https:\/\/www.eldigitaldeasturias.com\/noticias\/cofenat-insiste-miles-de-profesionales-de-terapias-naturales-pueden-ayudar-a-paliar-la-covid-19\/#organizationLogo"},"sameAs":["https:\/\/facebook.com\/eldigitaldeasturias","https:\/\/www.youtube.com\/channel\/UCZP-2wLEB9Rv6erhFmqVnvg"],"address":{"@id":"https:\/\/www.eldigitaldeasturias.com\/noticias\/#postaladdress","@type":"PostalAddress","streetAddress":"san antonio 4,","postalCode":"33430","addressLocality":"Cand\u00e1s","addressRegion":"Asturias","addressCountry":"ES"}},{"@type":"Person","@id":"https:\/\/www.eldigitaldeasturias.com\/noticias\/author\/admin\/#author","url":"https:\/\/www.eldigitaldeasturias.com\/noticias\/author\/admin\/","name":"El Digital de Asturias","image":{"@type":"ImageObject","@id":"https:\/\/www.eldigitaldeasturias.com\/noticias\/cofenat-insiste-miles-de-profesionales-de-terapias-naturales-pueden-ayudar-a-paliar-la-covid-19\/#authorImage","url":"https:\/\/www.eldigitaldeasturias.com\/noticias\/wp-content\/litespeed\/avatar\/18677e78aa0546b92d9dbf31ec7d7668.jpg?ver=1777290358","width":96,"height":96,"caption":"El Digital de Asturias"}},{"@type":"WebPage","@id":"https:\/\/www.eldigitaldeasturias.com\/noticias\/cofenat-insiste-miles-de-profesionales-de-terapias-naturales-pueden-ayudar-a-paliar-la-covid-19\/#webpage","url":"https:\/\/www.eldigitaldeasturias.com\/noticias\/cofenat-insiste-miles-de-profesionales-de-terapias-naturales-pueden-ayudar-a-paliar-la-covid-19\/","name":"Cofenat insiste: \u00abMiles de profesionales de Terapias Naturales pueden ayudar a paliar la COVID-19\u00bb - El Digital de Asturias","description":"La Asociaci\u00f3n Nacional de Profesionales y Aut\u00f3nomos de las Terapias Naturales, COFENAT, ha presentado hace semanas a la consellera de Salut de la Generalitat de Catalunya, Alba Verg\u00e9s, extensa documentaci\u00f3n de las evidencias cient\u00edficas y tratamientos cl\u00ednicos sobre estas t\u00e9cnicas en el tratamiento del pat\u00f3geno SARS2-COVID19 y las patolog\u00edas derivadas. \u201cMiles de profesionales de las Terapias","inLanguage":"es-ES","isPartOf":{"@id":"https:\/\/www.eldigitaldeasturias.com\/noticias\/#website"},"breadcrumb":{"@id":"https:\/\/www.eldigitaldeasturias.com\/noticias\/cofenat-insiste-miles-de-profesionales-de-terapias-naturales-pueden-ayudar-a-paliar-la-covid-19\/#breadcrumblist"},"author":{"@id":"https:\/\/www.eldigitaldeasturias.com\/noticias\/author\/admin\/#author"},"creator":{"@id":"https:\/\/www.eldigitaldeasturias.com\/noticias\/author\/admin\/#author"},"image":{"@type":"ImageObject","url":"https:\/\/www.eldigitaldeasturias.com\/noticias\/wp-content\/uploads\/2020\/06\/connection-4884862_640.jpg","@id":"https:\/\/www.eldigitaldeasturias.com\/noticias\/cofenat-insiste-miles-de-profesionales-de-terapias-naturales-pueden-ayudar-a-paliar-la-covid-19\/#mainImage","width":640,"height":436,"caption":"coronavirus"},"primaryImageOfPage":{"@id":"https:\/\/www.eldigitaldeasturias.com\/noticias\/cofenat-insiste-miles-de-profesionales-de-terapias-naturales-pueden-ayudar-a-paliar-la-covid-19\/#mainImage"},"datePublished":"2020-06-13T02:22:02+02:00","dateModified":"2020-06-13T02:22:02+02:00"},{"@type":"WebSite","@id":"https:\/\/www.eldigitaldeasturias.com\/noticias\/#website","url":"https:\/\/www.eldigitaldeasturias.com\/noticias\/","name":"El Digital de Asturias - Diario de actualidad y noticias","alternateName":"El Digital de Asturias - Diario de actualidad y noticias","description":"Hemeroteca","inLanguage":"es-ES","publisher":{"@id":"https:\/\/www.eldigitaldeasturias.com\/noticias\/#organization"}}]},"og:locale":"es_ES","og:site_name":"El Digital de Asturias","og:type":"article","og:title":"Cofenat insiste: \u00abMiles de profesionales de Terapias Naturales pueden ayudar a paliar la COVID-19\u00bb - El Digital de Asturias","og:description":"La Asociaci\u00f3n Nacional de Profesionales y Aut\u00f3nomos de las Terapias Naturales, COFENAT, ha presentado hace semanas a la consellera de Salut de la Generalitat de Catalunya, Alba Verg\u00e9s, extensa documentaci\u00f3n de las evidencias cient\u00edficas y tratamientos cl\u00ednicos sobre estas t\u00e9cnicas en el tratamiento del pat\u00f3geno SARS2-COVID19 y las patolog\u00edas derivadas. \u201cMiles de profesionales de las Terapias","og:url":"https:\/\/www.eldigitaldeasturias.com\/noticias\/cofenat-insiste-miles-de-profesionales-de-terapias-naturales-pueden-ayudar-a-paliar-la-covid-19\/","og:image":"https:\/\/www.eldigitaldeasturias.com\/noticias\/wp-content\/uploads\/2020\/06\/connection-4884862_640.jpg","og:image:secure_url":"https:\/\/www.eldigitaldeasturias.com\/noticias\/wp-content\/uploads\/2020\/06\/connection-4884862_640.jpg","og:image:width":640,"og:image:height":436,"article:tag":["sociedad"],"article:published_time":"2020-06-13T00:22:02+00:00","article:modified_time":"2020-06-13T00:22:02+00:00","article:publisher":"https:\/\/facebook.com\/eldigitaldeasturias","twitter:card":"summary_large_image","twitter:title":"Cofenat insiste: \u00abMiles de profesionales de Terapias Naturales pueden ayudar a paliar la COVID-19\u00bb - El Digital de Asturias","twitter:description":"La Asociaci\u00f3n Nacional de Profesionales y Aut\u00f3nomos de las Terapias Naturales, COFENAT, ha presentado hace semanas a la consellera de Salut de la Generalitat de Catalunya, Alba Verg\u00e9s, extensa documentaci\u00f3n de las evidencias cient\u00edficas y tratamientos cl\u00ednicos sobre estas t\u00e9cnicas en el tratamiento del pat\u00f3geno SARS2-COVID19 y las patolog\u00edas derivadas. \u201cMiles de profesionales de las Terapias","twitter:image":"https:\/\/www.eldigitaldeasturias.com\/noticias\/wp-content\/uploads\/2020\/06\/connection-4884862_640.jpg","twitter:label1":"Escrito por","twitter:data1":"El Digital de Asturias","twitter:label2":"Tiempo de lectura estimado","twitter:data2":"2 minutos"},"aioseo_meta_data":{"post_id":"1068019","title":null,"description":null,"keywords":null,"keyphrases":null,"primary_term":null,"canonical_url":null,"og_title":null,"og_description":null,"og_object_type":"default","og_image_type":"default","og_image_url":null,"og_image_width":null,"og_image_height":null,"og_image_custom_url":null,"og_image_custom_fields":null,"og_video":null,"og_custom_url":null,"og_article_section":null,"og_article_tags":null,"twitter_use_og":false,"twitter_card":"default","twitter_image_type":"default","twitter_image_url":null,"twitter_image_custom_url":null,"twitter_image_custom_fields":null,"twitter_title":null,"twitter_description":null,"schema":{"blockGraphs":[],"customGraphs":[],"default":{"data":{"Article":[],"Course":[],"Dataset":[],"FAQPage":[],"Movie":[],"Person":[],"Product":[],"ProductReview":[],"Car":[],"Recipe":[],"Service":[],"SoftwareApplication":[],"WebPage":[]},"graphName":"","isEnabled":true},"graphs":[],"defaultGraph":"","defaultPostTypeGraph":""},"schema_type":null,"schema_type_options":null,"pillar_content":false,"robots_default":true,"robots_noindex":false,"robots_noarchive":false,"robots_nosnippet":false,"robots_nofollow":false,"robots_noimageindex":false,"robots_noodp":false,"robots_notranslate":false,"robots_max_snippet":null,"robots_max_videopreview":null,"robots_max_imagepreview":"large","priority":null,"frequency":null,"local_seo":null,"seo_analyzer_scan_date":"2025-09-12 17:03:53","breadcrumb_settings":null,"limit_modified_date":false,"open_ai":null,"ai":null,"created":"2020-12-21 10:48:23","updated":"2025-09-12 17:03:53"},"aioseo_breadcrumb":"<div class=\"aioseo-breadcrumbs\"><span class=\"aioseo-breadcrumb\">\n\t<a href=\"https:\/\/www.eldigitaldeasturias.com\/noticias\" title=\"Home\">Home<\/a>\n<\/span><span class=\"aioseo-breadcrumb-separator\">\u2013<\/span><span class=\"aioseo-breadcrumb\">\n\t<a href=\"https:\/\/www.eldigitaldeasturias.com\/noticias\/category\/sociedad\/\" title=\"Sociedad\">Sociedad<\/a>\n<\/span><span class=\"aioseo-breadcrumb-separator\">\u2013<\/span><span class=\"aioseo-breadcrumb\">\n\t<a href=\"https:\/\/www.eldigitaldeasturias.com\/noticias\/cofenat-insiste-miles-de-profesionales-de-terapias-naturales-pueden-ayudar-a-paliar-la-covid-19\/\" title=\"Cofenat insiste: \u00abMiles de profesionales de Terapias Naturales pueden ayudar a paliar la COVID-19\u00bb\">Cofenat insiste: \u00abMiles de profesionales de Terapias Naturales pueden ayudar a paliar la COVID-19\u00bb<\/a>\n<\/span><\/div>","aioseo_breadcrumb_json":[{"label":"Home","link":"https:\/\/www.eldigitaldeasturias.com\/noticias"},{"label":"Sociedad","link":"https:\/\/www.eldigitaldeasturias.com\/noticias\/category\/sociedad\/"},{"label":"Cofenat insiste: \u00abMiles de profesionales de Terapias Naturales pueden ayudar a paliar la COVID-19\u00bb","link":"https:\/\/www.eldigitaldeasturias.com\/noticias\/cofenat-insiste-miles-de-profesionales-de-terapias-naturales-pueden-ayudar-a-paliar-la-covid-19\/"}],"_links":{"self":[{"href":"https:\/\/www.eldigitaldeasturias.com\/noticias\/wp-json\/wp\/v2\/posts\/1068019","targetHints":{"allow":["GET"]}}],"collection":[{"href":"https:\/\/www.eldigitaldeasturias.com\/noticias\/wp-json\/wp\/v2\/posts"}],"about":[{"href":"https:\/\/www.eldigitaldeasturias.com\/noticias\/wp-json\/wp\/v2\/types\/post"}],"author":[{"embeddable":true,"href":"https:\/\/www.eldigitaldeasturias.com\/noticias\/wp-json\/wp\/v2\/users\/1"}],"replies":[{"embeddable":true,"href":"https:\/\/www.eldigitaldeasturias.com\/noticias\/wp-json\/wp\/v2\/comments?post=1068019"}],"version-history":[{"count":0,"href":"https:\/\/www.eldigitaldeasturias.com\/noticias\/wp-json\/wp\/v2\/posts\/1068019\/revisions"}],"wp:featuredmedia":[{"embeddable":true,"href":"https:\/\/www.eldigitaldeasturias.com\/noticias\/wp-json\/wp\/v2\/media\/1067868"}],"wp:attachment":[{"href":"https:\/\/www.eldigitaldeasturias.com\/noticias\/wp-json\/wp\/v2\/media?parent=1068019"}],"wp:term":[{"taxonomy":"category","embeddable":true,"href":"https:\/\/www.eldigitaldeasturias.com\/noticias\/wp-json\/wp\/v2\/categories?post=1068019"},{"taxonomy":"post_tag","embeddable":true,"href":"https:\/\/www.eldigitaldeasturias.com\/noticias\/wp-json\/wp\/v2\/tags?post=1068019"}],"curies":[{"name":"wp","href":"https:\/\/api.w.org\/{rel}","templated":true}]}}