{"id":1067839,"date":"2020-06-10T19:07:55","date_gmt":"2020-06-10T17:07:55","guid":{"rendered":"https:\/\/www.eldigitaldeasturias.com\/noticias\/?p=1067839"},"modified":"2020-06-10T19:07:55","modified_gmt":"2020-06-10T17:07:55","slug":"alemania-prolonga-la-advertencia-de-no-viajar-a-160-paises","status":"publish","type":"post","link":"https:\/\/www.eldigitaldeasturias.com\/noticias\/alemania-prolonga-la-advertencia-de-no-viajar-a-160-paises\/","title":{"rendered":"Alemania prolonga la advertencia de no viajar a 160 pa\u00edses"},"content":{"rendered":"<figure id=\"attachment_1067840\" aria-describedby=\"caption-attachment-1067840\" style=\"width: 360px\" class=\"wp-caption alignleft\"><img loading=\"lazy\" decoding=\"async\" class=\"size-medium wp-image-1067840\" src=\"https:\/\/www.eldigitaldeasturias.com\/noticias\/wp-content\/uploads\/2020\/06\/airport-360x225.jpg\" alt=\"\" width=\"360\" height=\"225\" srcset=\"https:\/\/www.eldigitaldeasturias.com\/noticias\/wp-content\/uploads\/2020\/06\/airport-360x225.jpg 360w, https:\/\/www.eldigitaldeasturias.com\/noticias\/wp-content\/uploads\/2020\/06\/airport-690x432.jpg 690w, https:\/\/www.eldigitaldeasturias.com\/noticias\/wp-content\/uploads\/2020\/06\/airport-480x300.jpg 480w, https:\/\/www.eldigitaldeasturias.com\/noticias\/wp-content\/uploads\/2020\/06\/airport-768x481.jpg 768w, https:\/\/www.eldigitaldeasturias.com\/noticias\/wp-content\/uploads\/2020\/06\/airport-696x435.jpg 696w, https:\/\/www.eldigitaldeasturias.com\/noticias\/wp-content\/uploads\/2020\/06\/airport-1068x668.jpg 1068w, https:\/\/www.eldigitaldeasturias.com\/noticias\/wp-content\/uploads\/2020\/06\/airport-671x420.jpg 671w, https:\/\/www.eldigitaldeasturias.com\/noticias\/wp-content\/uploads\/2020\/06\/airport.jpg 1090w\" sizes=\"auto, (max-width: 360px) 100vw, 360px\" \/><figcaption id=\"caption-attachment-1067840\" class=\"wp-caption-text\">Foto: picture alliance \/ dpa<\/figcaption><\/figure>\n<p>Berl\u00edn, 10 jun (dpa) &#8211; El Gobierno alem\u00e1n extendi\u00f3 hoy hasta el 31 de agosto la recomendaci\u00f3n a los turistas de no viajar a m\u00e1s de 160 pa\u00edses fuera de la Uni\u00f3n Europea debido a la pandemia de coronavirus.<\/p>\n<p>El gabinete que encabeza la canciller Angela Merkel determin\u00f3, sin embargo, que se pueden hacer excepciones en el caso de determinados pa\u00edses en los que la propagaci\u00f3n del virus est\u00e9 suficientemente contenida.<\/p>\n<p>La evaluaci\u00f3n deber\u00e1 tener en cuenta la evoluci\u00f3n de las tasas de infecci\u00f3n, el funcionamiento de los sistemas de salud, la capacidad de realizar pruebas, las normas de higiene, las opciones de viaje de regreso y las medidas de seguridad para los turistas.<\/p>\n<p>El 17 de marzo, el ministro de Relaciones Exteriores, Heiko Maas, emiti\u00f3 en una decisi\u00f3n sin precedentes una advertencia de viaje para aproximadamente 200 pa\u00edses del mundo.<\/p>\n<p>Hasta ese momento, solo se hab\u00edan emitido advertencias de viaje en caso de peligro para la vida y la integridad f\u00edsica, por ejemplo en zonas de guerra, lo que permit\u00eda la cancelaci\u00f3n gratuita del viaje.<\/p>\n<p>La semana pasada, el gabinete resolvi\u00f3 levantar la advertencia de viaje para 31 pa\u00edses europeos. En estos casos se proporcionar\u00e1 a los turistas informaci\u00f3n sobre los riesgos espec\u00edficos de cada pa\u00eds.<\/p>\n<p>Para los otros m\u00e1s de 160 pa\u00edses, la advertencia de viaje ser\u00e1 ahora inicialmente v\u00e1lida hasta el 31 de agosto. Tambi\u00e9n se incluyen los principales destinos de viaje de los alemanes, sobre todo Turqu\u00eda como tercer destino de vacaciones m\u00e1s popular.<\/p>\n","protected":false},"excerpt":{"rendered":"<p>Berl\u00edn, 10 jun (dpa) &#8211; El Gobierno alem\u00e1n extendi\u00f3 hoy hasta el 31 de agosto la recomendaci\u00f3n a los turistas de no viajar a m\u00e1s de 160 pa\u00edses fuera de la Uni\u00f3n Europea debido a la pandemia de coronavirus. El gabinete que encabeza la canciller Angela Merkel determin\u00f3, sin embargo, que se pueden hacer excepciones [&hellip;]<\/p>\n","protected":false},"author":1,"featured_media":1067840,"comment_status":"closed","ping_status":"closed","sticky":false,"template":"","format":"standard","meta":{"footnotes":""},"categories":[148],"tags":[],"class_list":["post-1067839","post","type-post","status-publish","format-standard","has-post-thumbnail","hentry","category-turismo"],"aioseo_notices":[],"aioseo_head":"\n\t\t<!-- All in One SEO Pro 4.9.6.2 - aioseo.com -->\n\t<meta name=\"description\" content=\"Berl\u00edn, 10 jun (dpa) - El Gobierno alem\u00e1n extendi\u00f3 hoy hasta el 31 de agosto la recomendaci\u00f3n a los turistas de no viajar a m\u00e1s de 160 pa\u00edses fuera de la Uni\u00f3n Europea debido a la pandemia de coronavirus. El gabinete que encabeza la canciller Angela Merkel determin\u00f3, sin embargo, que se pueden hacer excepciones\" \/>\n\t<meta name=\"robots\" content=\"max-image-preview:large\" \/>\n\t<meta name=\"author\" content=\"El Digital de Asturias\"\/>\n\t<meta name=\"google-site-verification\" content=\"UA-38556648-1\" \/>\n\t<meta name=\"msvalidate.01\" content=\"7dfe9f3f1b24437ab69f4f2559babe99\" \/>\n\t<meta name=\"keywords\" content=\"turismo\" \/>\n\t<link rel=\"canonical\" href=\"https:\/\/www.eldigitaldeasturias.com\/noticias\/alemania-prolonga-la-advertencia-de-no-viajar-a-160-paises\/\" \/>\n\t<meta name=\"generator\" content=\"All in One SEO Pro (AIOSEO) 4.9.6.2\" \/>\n\t\t<meta property=\"og:locale\" content=\"es_ES\" \/>\n\t\t<meta property=\"og:site_name\" content=\"El Digital de Asturias\" \/>\n\t\t<meta property=\"og:type\" content=\"article\" \/>\n\t\t<meta property=\"og:title\" content=\"Alemania prolonga la advertencia de no viajar a 160 pa\u00edses - El Digital de Asturias\" \/>\n\t\t<meta property=\"og:description\" content=\"Berl\u00edn, 10 jun (dpa) - El Gobierno alem\u00e1n extendi\u00f3 hoy hasta el 31 de agosto la recomendaci\u00f3n a los turistas de no viajar a m\u00e1s de 160 pa\u00edses fuera de la Uni\u00f3n Europea debido a la pandemia de coronavirus. El gabinete que encabeza la canciller Angela Merkel determin\u00f3, sin embargo, que se pueden hacer excepciones\" \/>\n\t\t<meta property=\"og:url\" content=\"https:\/\/www.eldigitaldeasturias.com\/noticias\/alemania-prolonga-la-advertencia-de-no-viajar-a-160-paises\/\" \/>\n\t\t<meta property=\"og:image\" content=\"https:\/\/www.eldigitaldeasturias.com\/noticias\/wp-content\/uploads\/2020\/06\/airport.jpg\" \/>\n\t\t<meta property=\"og:image:secure_url\" content=\"https:\/\/www.eldigitaldeasturias.com\/noticias\/wp-content\/uploads\/2020\/06\/airport.jpg\" \/>\n\t\t<meta property=\"og:image:width\" content=\"1090\" \/>\n\t\t<meta property=\"og:image:height\" content=\"682\" \/>\n\t\t<meta property=\"article:tag\" content=\"turismo\" \/>\n\t\t<meta property=\"article:published_time\" content=\"2020-06-10T17:07:55+00:00\" \/>\n\t\t<meta property=\"article:modified_time\" content=\"2020-06-10T17:07:55+00:00\" \/>\n\t\t<meta property=\"article:publisher\" content=\"https:\/\/facebook.com\/eldigitaldeasturias\" \/>\n\t\t<meta name=\"twitter:card\" content=\"summary_large_image\" \/>\n\t\t<meta name=\"twitter:title\" content=\"Alemania prolonga la advertencia de no viajar a 160 pa\u00edses - El Digital de Asturias\" \/>\n\t\t<meta name=\"twitter:description\" content=\"Berl\u00edn, 10 jun (dpa) - El Gobierno alem\u00e1n extendi\u00f3 hoy hasta el 31 de agosto la recomendaci\u00f3n a los turistas de no viajar a m\u00e1s de 160 pa\u00edses fuera de la Uni\u00f3n Europea debido a la pandemia de coronavirus. El gabinete que encabeza la canciller Angela Merkel determin\u00f3, sin embargo, que se pueden hacer excepciones\" \/>\n\t\t<meta name=\"twitter:image\" content=\"https:\/\/www.eldigitaldeasturias.com\/noticias\/wp-content\/uploads\/2020\/06\/airport.jpg\" \/>\n\t\t<meta name=\"twitter:label1\" content=\"Escrito por\" \/>\n\t\t<meta name=\"twitter:data1\" content=\"El Digital de Asturias\" \/>\n\t\t<meta name=\"twitter:label2\" content=\"Tiempo de lectura estimado\" \/>\n\t\t<meta name=\"twitter:data2\" content=\"1 minuto\" \/>\n\t\t<script type=\"application\/ld+json\" class=\"aioseo-schema\">\n\t\t\t{\"@context\":\"https:\\\/\\\/schema.org\",\"@graph\":[{\"@type\":\"BlogPosting\",\"@id\":\"https:\\\/\\\/www.eldigitaldeasturias.com\\\/noticias\\\/alemania-prolonga-la-advertencia-de-no-viajar-a-160-paises\\\/#blogposting\",\"name\":\"Alemania prolonga la advertencia de no viajar a 160 pa\\u00edses - El Digital de Asturias\",\"headline\":\"Alemania prolonga la advertencia de no viajar a 160 pa\\u00edses\",\"author\":{\"@id\":\"https:\\\/\\\/www.eldigitaldeasturias.com\\\/noticias\\\/author\\\/admin\\\/#author\"},\"publisher\":{\"@id\":\"https:\\\/\\\/www.eldigitaldeasturias.com\\\/noticias\\\/#organization\"},\"image\":{\"@type\":\"ImageObject\",\"url\":\"https:\\\/\\\/www.eldigitaldeasturias.com\\\/noticias\\\/wp-content\\\/uploads\\\/2020\\\/06\\\/airport.jpg\",\"width\":1090,\"height\":682,\"caption\":\"Foto: picture alliance \\\/ dpa\"},\"datePublished\":\"2020-06-10T19:07:55+02:00\",\"dateModified\":\"2020-06-10T19:07:55+02:00\",\"inLanguage\":\"es-ES\",\"mainEntityOfPage\":{\"@id\":\"https:\\\/\\\/www.eldigitaldeasturias.com\\\/noticias\\\/alemania-prolonga-la-advertencia-de-no-viajar-a-160-paises\\\/#webpage\"},\"isPartOf\":{\"@id\":\"https:\\\/\\\/www.eldigitaldeasturias.com\\\/noticias\\\/alemania-prolonga-la-advertencia-de-no-viajar-a-160-paises\\\/#webpage\"},\"articleSection\":\"Turismo\"},{\"@type\":\"BreadcrumbList\",\"@id\":\"https:\\\/\\\/www.eldigitaldeasturias.com\\\/noticias\\\/alemania-prolonga-la-advertencia-de-no-viajar-a-160-paises\\\/#breadcrumblist\",\"itemListElement\":[{\"@type\":\"ListItem\",\"@id\":\"https:\\\/\\\/www.eldigitaldeasturias.com\\\/noticias#listItem\",\"position\":1,\"name\":\"Home\",\"item\":\"https:\\\/\\\/www.eldigitaldeasturias.com\\\/noticias\",\"nextItem\":{\"@type\":\"ListItem\",\"@id\":\"https:\\\/\\\/www.eldigitaldeasturias.com\\\/noticias\\\/category\\\/turismo\\\/#listItem\",\"name\":\"Turismo\"}},{\"@type\":\"ListItem\",\"@id\":\"https:\\\/\\\/www.eldigitaldeasturias.com\\\/noticias\\\/category\\\/turismo\\\/#listItem\",\"position\":2,\"name\":\"Turismo\",\"item\":\"https:\\\/\\\/www.eldigitaldeasturias.com\\\/noticias\\\/category\\\/turismo\\\/\",\"nextItem\":{\"@type\":\"ListItem\",\"@id\":\"https:\\\/\\\/www.eldigitaldeasturias.com\\\/noticias\\\/alemania-prolonga-la-advertencia-de-no-viajar-a-160-paises\\\/#listItem\",\"name\":\"Alemania prolonga la advertencia de no viajar a 160 pa\\u00edses\"},\"previousItem\":{\"@type\":\"ListItem\",\"@id\":\"https:\\\/\\\/www.eldigitaldeasturias.com\\\/noticias#listItem\",\"name\":\"Home\"}},{\"@type\":\"ListItem\",\"@id\":\"https:\\\/\\\/www.eldigitaldeasturias.com\\\/noticias\\\/alemania-prolonga-la-advertencia-de-no-viajar-a-160-paises\\\/#listItem\",\"position\":3,\"name\":\"Alemania prolonga la advertencia de no viajar a 160 pa\\u00edses\",\"previousItem\":{\"@type\":\"ListItem\",\"@id\":\"https:\\\/\\\/www.eldigitaldeasturias.com\\\/noticias\\\/category\\\/turismo\\\/#listItem\",\"name\":\"Turismo\"}}]},{\"@type\":\"Organization\",\"@id\":\"https:\\\/\\\/www.eldigitaldeasturias.com\\\/noticias\\\/#organization\",\"name\":\"El Digital de Asturias\",\"description\":\"Hemeroteca\",\"url\":\"https:\\\/\\\/www.eldigitaldeasturias.com\\\/noticias\\\/\",\"email\":\"info@eldigitaldeasturias.com\",\"telephone\":\"+34652131393\",\"logo\":{\"@type\":\"ImageObject\",\"url\":\"https:\\\/\\\/www.eldigitaldeasturias.com\\\/noticias\\\/wp-content\\\/uploads\\\/2020\\\/12\\\/EDA.jpg\",\"@id\":\"https:\\\/\\\/www.eldigitaldeasturias.com\\\/noticias\\\/alemania-prolonga-la-advertencia-de-no-viajar-a-160-paises\\\/#organizationLogo\",\"width\":649,\"height\":297},\"image\":{\"@id\":\"https:\\\/\\\/www.eldigitaldeasturias.com\\\/noticias\\\/alemania-prolonga-la-advertencia-de-no-viajar-a-160-paises\\\/#organizationLogo\"},\"sameAs\":[\"https:\\\/\\\/facebook.com\\\/eldigitaldeasturias\",\"https:\\\/\\\/www.youtube.com\\\/channel\\\/UCZP-2wLEB9Rv6erhFmqVnvg\"],\"address\":{\"@id\":\"https:\\\/\\\/www.eldigitaldeasturias.com\\\/noticias\\\/#postaladdress\",\"@type\":\"PostalAddress\",\"streetAddress\":\"san antonio 4,\",\"postalCode\":\"33430\",\"addressLocality\":\"Cand\\u00e1s\",\"addressRegion\":\"Asturias\",\"addressCountry\":\"ES\"}},{\"@type\":\"Person\",\"@id\":\"https:\\\/\\\/www.eldigitaldeasturias.com\\\/noticias\\\/author\\\/admin\\\/#author\",\"url\":\"https:\\\/\\\/www.eldigitaldeasturias.com\\\/noticias\\\/author\\\/admin\\\/\",\"name\":\"El Digital de Asturias\",\"image\":{\"@type\":\"ImageObject\",\"@id\":\"https:\\\/\\\/www.eldigitaldeasturias.com\\\/noticias\\\/alemania-prolonga-la-advertencia-de-no-viajar-a-160-paises\\\/#authorImage\",\"url\":\"https:\\\/\\\/www.eldigitaldeasturias.com\\\/noticias\\\/wp-content\\\/litespeed\\\/avatar\\\/18677e78aa0546b92d9dbf31ec7d7668.jpg?ver=1776685526\",\"width\":96,\"height\":96,\"caption\":\"El Digital de Asturias\"}},{\"@type\":\"WebPage\",\"@id\":\"https:\\\/\\\/www.eldigitaldeasturias.com\\\/noticias\\\/alemania-prolonga-la-advertencia-de-no-viajar-a-160-paises\\\/#webpage\",\"url\":\"https:\\\/\\\/www.eldigitaldeasturias.com\\\/noticias\\\/alemania-prolonga-la-advertencia-de-no-viajar-a-160-paises\\\/\",\"name\":\"Alemania prolonga la advertencia de no viajar a 160 pa\\u00edses - El Digital de Asturias\",\"description\":\"Berl\\u00edn, 10 jun (dpa) - El Gobierno alem\\u00e1n extendi\\u00f3 hoy hasta el 31 de agosto la recomendaci\\u00f3n a los turistas de no viajar a m\\u00e1s de 160 pa\\u00edses fuera de la Uni\\u00f3n Europea debido a la pandemia de coronavirus. El gabinete que encabeza la canciller Angela Merkel determin\\u00f3, sin embargo, que se pueden hacer excepciones\",\"inLanguage\":\"es-ES\",\"isPartOf\":{\"@id\":\"https:\\\/\\\/www.eldigitaldeasturias.com\\\/noticias\\\/#website\"},\"breadcrumb\":{\"@id\":\"https:\\\/\\\/www.eldigitaldeasturias.com\\\/noticias\\\/alemania-prolonga-la-advertencia-de-no-viajar-a-160-paises\\\/#breadcrumblist\"},\"author\":{\"@id\":\"https:\\\/\\\/www.eldigitaldeasturias.com\\\/noticias\\\/author\\\/admin\\\/#author\"},\"creator\":{\"@id\":\"https:\\\/\\\/www.eldigitaldeasturias.com\\\/noticias\\\/author\\\/admin\\\/#author\"},\"image\":{\"@type\":\"ImageObject\",\"url\":\"https:\\\/\\\/www.eldigitaldeasturias.com\\\/noticias\\\/wp-content\\\/uploads\\\/2020\\\/06\\\/airport.jpg\",\"@id\":\"https:\\\/\\\/www.eldigitaldeasturias.com\\\/noticias\\\/alemania-prolonga-la-advertencia-de-no-viajar-a-160-paises\\\/#mainImage\",\"width\":1090,\"height\":682,\"caption\":\"Foto: picture alliance \\\/ dpa\"},\"primaryImageOfPage\":{\"@id\":\"https:\\\/\\\/www.eldigitaldeasturias.com\\\/noticias\\\/alemania-prolonga-la-advertencia-de-no-viajar-a-160-paises\\\/#mainImage\"},\"datePublished\":\"2020-06-10T19:07:55+02:00\",\"dateModified\":\"2020-06-10T19:07:55+02:00\"},{\"@type\":\"WebSite\",\"@id\":\"https:\\\/\\\/www.eldigitaldeasturias.com\\\/noticias\\\/#website\",\"url\":\"https:\\\/\\\/www.eldigitaldeasturias.com\\\/noticias\\\/\",\"name\":\"El Digital de Asturias - Diario de actualidad y noticias\",\"alternateName\":\"El Digital de Asturias - Diario de actualidad y noticias\",\"description\":\"Hemeroteca\",\"inLanguage\":\"es-ES\",\"publisher\":{\"@id\":\"https:\\\/\\\/www.eldigitaldeasturias.com\\\/noticias\\\/#organization\"}}]}\n\t\t<\/script>\n\t\t<!-- All in One SEO Pro -->\r\n\t\t<title>Alemania prolonga la advertencia de no viajar a 160 pa\u00edses - El Digital de Asturias<\/title>\n\n","aioseo_head_json":{"title":"Alemania prolonga la advertencia de no viajar a 160 pa\u00edses - El Digital de Asturias","description":"Berl\u00edn, 10 jun (dpa) - El Gobierno alem\u00e1n extendi\u00f3 hoy hasta el 31 de agosto la recomendaci\u00f3n a los turistas de no viajar a m\u00e1s de 160 pa\u00edses fuera de la Uni\u00f3n Europea debido a la pandemia de coronavirus. El gabinete que encabeza la canciller Angela Merkel determin\u00f3, sin embargo, que se pueden hacer excepciones","canonical_url":"https:\/\/www.eldigitaldeasturias.com\/noticias\/alemania-prolonga-la-advertencia-de-no-viajar-a-160-paises\/","robots":"max-image-preview:large","keywords":"turismo","webmasterTools":{"google-site-verification":"UA-38556648-1","msvalidate.01":"7dfe9f3f1b24437ab69f4f2559babe99","miscellaneous":""},"schema":{"@context":"https:\/\/schema.org","@graph":[{"@type":"BlogPosting","@id":"https:\/\/www.eldigitaldeasturias.com\/noticias\/alemania-prolonga-la-advertencia-de-no-viajar-a-160-paises\/#blogposting","name":"Alemania prolonga la advertencia de no viajar a 160 pa\u00edses - El Digital de Asturias","headline":"Alemania prolonga la advertencia de no viajar a 160 pa\u00edses","author":{"@id":"https:\/\/www.eldigitaldeasturias.com\/noticias\/author\/admin\/#author"},"publisher":{"@id":"https:\/\/www.eldigitaldeasturias.com\/noticias\/#organization"},"image":{"@type":"ImageObject","url":"https:\/\/www.eldigitaldeasturias.com\/noticias\/wp-content\/uploads\/2020\/06\/airport.jpg","width":1090,"height":682,"caption":"Foto: picture alliance \/ dpa"},"datePublished":"2020-06-10T19:07:55+02:00","dateModified":"2020-06-10T19:07:55+02:00","inLanguage":"es-ES","mainEntityOfPage":{"@id":"https:\/\/www.eldigitaldeasturias.com\/noticias\/alemania-prolonga-la-advertencia-de-no-viajar-a-160-paises\/#webpage"},"isPartOf":{"@id":"https:\/\/www.eldigitaldeasturias.com\/noticias\/alemania-prolonga-la-advertencia-de-no-viajar-a-160-paises\/#webpage"},"articleSection":"Turismo"},{"@type":"BreadcrumbList","@id":"https:\/\/www.eldigitaldeasturias.com\/noticias\/alemania-prolonga-la-advertencia-de-no-viajar-a-160-paises\/#breadcrumblist","itemListElement":[{"@type":"ListItem","@id":"https:\/\/www.eldigitaldeasturias.com\/noticias#listItem","position":1,"name":"Home","item":"https:\/\/www.eldigitaldeasturias.com\/noticias","nextItem":{"@type":"ListItem","@id":"https:\/\/www.eldigitaldeasturias.com\/noticias\/category\/turismo\/#listItem","name":"Turismo"}},{"@type":"ListItem","@id":"https:\/\/www.eldigitaldeasturias.com\/noticias\/category\/turismo\/#listItem","position":2,"name":"Turismo","item":"https:\/\/www.eldigitaldeasturias.com\/noticias\/category\/turismo\/","nextItem":{"@type":"ListItem","@id":"https:\/\/www.eldigitaldeasturias.com\/noticias\/alemania-prolonga-la-advertencia-de-no-viajar-a-160-paises\/#listItem","name":"Alemania prolonga la advertencia de no viajar a 160 pa\u00edses"},"previousItem":{"@type":"ListItem","@id":"https:\/\/www.eldigitaldeasturias.com\/noticias#listItem","name":"Home"}},{"@type":"ListItem","@id":"https:\/\/www.eldigitaldeasturias.com\/noticias\/alemania-prolonga-la-advertencia-de-no-viajar-a-160-paises\/#listItem","position":3,"name":"Alemania prolonga la advertencia de no viajar a 160 pa\u00edses","previousItem":{"@type":"ListItem","@id":"https:\/\/www.eldigitaldeasturias.com\/noticias\/category\/turismo\/#listItem","name":"Turismo"}}]},{"@type":"Organization","@id":"https:\/\/www.eldigitaldeasturias.com\/noticias\/#organization","name":"El Digital de Asturias","description":"Hemeroteca","url":"https:\/\/www.eldigitaldeasturias.com\/noticias\/","email":"info@eldigitaldeasturias.com","telephone":"+34652131393","logo":{"@type":"ImageObject","url":"https:\/\/www.eldigitaldeasturias.com\/noticias\/wp-content\/uploads\/2020\/12\/EDA.jpg","@id":"https:\/\/www.eldigitaldeasturias.com\/noticias\/alemania-prolonga-la-advertencia-de-no-viajar-a-160-paises\/#organizationLogo","width":649,"height":297},"image":{"@id":"https:\/\/www.eldigitaldeasturias.com\/noticias\/alemania-prolonga-la-advertencia-de-no-viajar-a-160-paises\/#organizationLogo"},"sameAs":["https:\/\/facebook.com\/eldigitaldeasturias","https:\/\/www.youtube.com\/channel\/UCZP-2wLEB9Rv6erhFmqVnvg"],"address":{"@id":"https:\/\/www.eldigitaldeasturias.com\/noticias\/#postaladdress","@type":"PostalAddress","streetAddress":"san antonio 4,","postalCode":"33430","addressLocality":"Cand\u00e1s","addressRegion":"Asturias","addressCountry":"ES"}},{"@type":"Person","@id":"https:\/\/www.eldigitaldeasturias.com\/noticias\/author\/admin\/#author","url":"https:\/\/www.eldigitaldeasturias.com\/noticias\/author\/admin\/","name":"El Digital de Asturias","image":{"@type":"ImageObject","@id":"https:\/\/www.eldigitaldeasturias.com\/noticias\/alemania-prolonga-la-advertencia-de-no-viajar-a-160-paises\/#authorImage","url":"https:\/\/www.eldigitaldeasturias.com\/noticias\/wp-content\/litespeed\/avatar\/18677e78aa0546b92d9dbf31ec7d7668.jpg?ver=1776685526","width":96,"height":96,"caption":"El Digital de Asturias"}},{"@type":"WebPage","@id":"https:\/\/www.eldigitaldeasturias.com\/noticias\/alemania-prolonga-la-advertencia-de-no-viajar-a-160-paises\/#webpage","url":"https:\/\/www.eldigitaldeasturias.com\/noticias\/alemania-prolonga-la-advertencia-de-no-viajar-a-160-paises\/","name":"Alemania prolonga la advertencia de no viajar a 160 pa\u00edses - El Digital de Asturias","description":"Berl\u00edn, 10 jun (dpa) - El Gobierno alem\u00e1n extendi\u00f3 hoy hasta el 31 de agosto la recomendaci\u00f3n a los turistas de no viajar a m\u00e1s de 160 pa\u00edses fuera de la Uni\u00f3n Europea debido a la pandemia de coronavirus. El gabinete que encabeza la canciller Angela Merkel determin\u00f3, sin embargo, que se pueden hacer excepciones","inLanguage":"es-ES","isPartOf":{"@id":"https:\/\/www.eldigitaldeasturias.com\/noticias\/#website"},"breadcrumb":{"@id":"https:\/\/www.eldigitaldeasturias.com\/noticias\/alemania-prolonga-la-advertencia-de-no-viajar-a-160-paises\/#breadcrumblist"},"author":{"@id":"https:\/\/www.eldigitaldeasturias.com\/noticias\/author\/admin\/#author"},"creator":{"@id":"https:\/\/www.eldigitaldeasturias.com\/noticias\/author\/admin\/#author"},"image":{"@type":"ImageObject","url":"https:\/\/www.eldigitaldeasturias.com\/noticias\/wp-content\/uploads\/2020\/06\/airport.jpg","@id":"https:\/\/www.eldigitaldeasturias.com\/noticias\/alemania-prolonga-la-advertencia-de-no-viajar-a-160-paises\/#mainImage","width":1090,"height":682,"caption":"Foto: picture alliance \/ dpa"},"primaryImageOfPage":{"@id":"https:\/\/www.eldigitaldeasturias.com\/noticias\/alemania-prolonga-la-advertencia-de-no-viajar-a-160-paises\/#mainImage"},"datePublished":"2020-06-10T19:07:55+02:00","dateModified":"2020-06-10T19:07:55+02:00"},{"@type":"WebSite","@id":"https:\/\/www.eldigitaldeasturias.com\/noticias\/#website","url":"https:\/\/www.eldigitaldeasturias.com\/noticias\/","name":"El Digital de Asturias - Diario de actualidad y noticias","alternateName":"El Digital de Asturias - Diario de actualidad y noticias","description":"Hemeroteca","inLanguage":"es-ES","publisher":{"@id":"https:\/\/www.eldigitaldeasturias.com\/noticias\/#organization"}}]},"og:locale":"es_ES","og:site_name":"El Digital de Asturias","og:type":"article","og:title":"Alemania prolonga la advertencia de no viajar a 160 pa\u00edses - El Digital de Asturias","og:description":"Berl\u00edn, 10 jun (dpa) - El Gobierno alem\u00e1n extendi\u00f3 hoy hasta el 31 de agosto la recomendaci\u00f3n a los turistas de no viajar a m\u00e1s de 160 pa\u00edses fuera de la Uni\u00f3n Europea debido a la pandemia de coronavirus. El gabinete que encabeza la canciller Angela Merkel determin\u00f3, sin embargo, que se pueden hacer excepciones","og:url":"https:\/\/www.eldigitaldeasturias.com\/noticias\/alemania-prolonga-la-advertencia-de-no-viajar-a-160-paises\/","og:image":"https:\/\/www.eldigitaldeasturias.com\/noticias\/wp-content\/uploads\/2020\/06\/airport.jpg","og:image:secure_url":"https:\/\/www.eldigitaldeasturias.com\/noticias\/wp-content\/uploads\/2020\/06\/airport.jpg","og:image:width":1090,"og:image:height":682,"article:tag":["turismo"],"article:published_time":"2020-06-10T17:07:55+00:00","article:modified_time":"2020-06-10T17:07:55+00:00","article:publisher":"https:\/\/facebook.com\/eldigitaldeasturias","twitter:card":"summary_large_image","twitter:title":"Alemania prolonga la advertencia de no viajar a 160 pa\u00edses - El Digital de Asturias","twitter:description":"Berl\u00edn, 10 jun (dpa) - El Gobierno alem\u00e1n extendi\u00f3 hoy hasta el 31 de agosto la recomendaci\u00f3n a los turistas de no viajar a m\u00e1s de 160 pa\u00edses fuera de la Uni\u00f3n Europea debido a la pandemia de coronavirus. El gabinete que encabeza la canciller Angela Merkel determin\u00f3, sin embargo, que se pueden hacer excepciones","twitter:image":"https:\/\/www.eldigitaldeasturias.com\/noticias\/wp-content\/uploads\/2020\/06\/airport.jpg","twitter:label1":"Escrito por","twitter:data1":"El Digital de Asturias","twitter:label2":"Tiempo de lectura estimado","twitter:data2":"1 minuto"},"aioseo_meta_data":{"post_id":"1067839","title":null,"description":null,"keywords":null,"keyphrases":null,"primary_term":null,"canonical_url":null,"og_title":null,"og_description":null,"og_object_type":"default","og_image_type":"default","og_image_url":null,"og_image_width":null,"og_image_height":null,"og_image_custom_url":null,"og_image_custom_fields":null,"og_video":null,"og_custom_url":null,"og_article_section":null,"og_article_tags":null,"twitter_use_og":false,"twitter_card":"default","twitter_image_type":"default","twitter_image_url":null,"twitter_image_custom_url":null,"twitter_image_custom_fields":null,"twitter_title":null,"twitter_description":null,"schema":{"blockGraphs":[],"customGraphs":[],"default":{"data":{"Article":[],"Course":[],"Dataset":[],"FAQPage":[],"Movie":[],"Person":[],"Product":[],"ProductReview":[],"Car":[],"Recipe":[],"Service":[],"SoftwareApplication":[],"WebPage":[]},"graphName":"","isEnabled":true},"graphs":[],"defaultGraph":"","defaultPostTypeGraph":""},"schema_type":null,"schema_type_options":null,"pillar_content":false,"robots_default":true,"robots_noindex":false,"robots_noarchive":false,"robots_nosnippet":false,"robots_nofollow":false,"robots_noimageindex":false,"robots_noodp":false,"robots_notranslate":false,"robots_max_snippet":null,"robots_max_videopreview":null,"robots_max_imagepreview":"large","priority":null,"frequency":null,"local_seo":null,"seo_analyzer_scan_date":"2025-09-12 16:31:49","breadcrumb_settings":null,"limit_modified_date":false,"open_ai":null,"ai":null,"created":"2020-12-21 10:48:30","updated":"2025-09-12 16:31:49"},"aioseo_breadcrumb":"<div class=\"aioseo-breadcrumbs\"><span class=\"aioseo-breadcrumb\">\n\t<a href=\"https:\/\/www.eldigitaldeasturias.com\/noticias\" title=\"Home\">Home<\/a>\n<\/span><span class=\"aioseo-breadcrumb-separator\">\u2013<\/span><span class=\"aioseo-breadcrumb\">\n\t<a href=\"https:\/\/www.eldigitaldeasturias.com\/noticias\/category\/turismo\/\" title=\"Turismo\">Turismo<\/a>\n<\/span><span class=\"aioseo-breadcrumb-separator\">\u2013<\/span><span class=\"aioseo-breadcrumb\">\n\t<a href=\"https:\/\/www.eldigitaldeasturias.com\/noticias\/alemania-prolonga-la-advertencia-de-no-viajar-a-160-paises\/\" title=\"Alemania prolonga la advertencia de no viajar a 160 pa\u00edses\">Alemania prolonga la advertencia de no viajar a 160 pa\u00edses<\/a>\n<\/span><\/div>","aioseo_breadcrumb_json":[{"label":"Home","link":"https:\/\/www.eldigitaldeasturias.com\/noticias"},{"label":"Turismo","link":"https:\/\/www.eldigitaldeasturias.com\/noticias\/category\/turismo\/"},{"label":"Alemania prolonga la advertencia de no viajar a 160 pa\u00edses","link":"https:\/\/www.eldigitaldeasturias.com\/noticias\/alemania-prolonga-la-advertencia-de-no-viajar-a-160-paises\/"}],"_links":{"self":[{"href":"https:\/\/www.eldigitaldeasturias.com\/noticias\/wp-json\/wp\/v2\/posts\/1067839","targetHints":{"allow":["GET"]}}],"collection":[{"href":"https:\/\/www.eldigitaldeasturias.com\/noticias\/wp-json\/wp\/v2\/posts"}],"about":[{"href":"https:\/\/www.eldigitaldeasturias.com\/noticias\/wp-json\/wp\/v2\/types\/post"}],"author":[{"embeddable":true,"href":"https:\/\/www.eldigitaldeasturias.com\/noticias\/wp-json\/wp\/v2\/users\/1"}],"replies":[{"embeddable":true,"href":"https:\/\/www.eldigitaldeasturias.com\/noticias\/wp-json\/wp\/v2\/comments?post=1067839"}],"version-history":[{"count":0,"href":"https:\/\/www.eldigitaldeasturias.com\/noticias\/wp-json\/wp\/v2\/posts\/1067839\/revisions"}],"wp:featuredmedia":[{"embeddable":true,"href":"https:\/\/www.eldigitaldeasturias.com\/noticias\/wp-json\/wp\/v2\/media\/1067840"}],"wp:attachment":[{"href":"https:\/\/www.eldigitaldeasturias.com\/noticias\/wp-json\/wp\/v2\/media?parent=1067839"}],"wp:term":[{"taxonomy":"category","embeddable":true,"href":"https:\/\/www.eldigitaldeasturias.com\/noticias\/wp-json\/wp\/v2\/categories?post=1067839"},{"taxonomy":"post_tag","embeddable":true,"href":"https:\/\/www.eldigitaldeasturias.com\/noticias\/wp-json\/wp\/v2\/tags?post=1067839"}],"curies":[{"name":"wp","href":"https:\/\/api.w.org\/{rel}","templated":true}]}}