{"id":1067773,"date":"2020-06-09T15:59:41","date_gmt":"2020-06-09T13:59:41","guid":{"rendered":"https:\/\/www.eldigitaldeasturias.com\/noticias\/?p=1067773"},"modified":"2020-06-09T15:59:41","modified_gmt":"2020-06-09T13:59:41","slug":"las-finalizaciones-de-erte-crecen-en-asturias","status":"publish","type":"post","link":"https:\/\/www.eldigitaldeasturias.com\/noticias\/las-finalizaciones-de-erte-crecen-en-asturias\/","title":{"rendered":"Las finalizaciones de ERTE crecen en Asturias"},"content":{"rendered":"<p><img loading=\"lazy\" decoding=\"async\" class=\"alignleft size-medium wp-image-1067282\" src=\"https:\/\/www.eldigitaldeasturias.com\/noticias\/wp-content\/uploads\/2020\/06\/write-593333_640-360x213.jpg\" alt=\"\" width=\"360\" height=\"213\" srcset=\"https:\/\/www.eldigitaldeasturias.com\/noticias\/wp-content\/uploads\/2020\/06\/write-593333_640-360x213.jpg 360w, https:\/\/www.eldigitaldeasturias.com\/noticias\/wp-content\/uploads\/2020\/06\/write-593333_640-480x284.jpg 480w, https:\/\/www.eldigitaldeasturias.com\/noticias\/wp-content\/uploads\/2020\/06\/write-593333_640.jpg 640w\" sizes=\"auto, (max-width: 360px) 100vw, 360px\" \/>Un total de 1.112 empresas han comunicado al Principado la <strong>suspensi\u00f3n, por finalizaci\u00f3n, desestimiento o renuncia<\/strong>, de los expedientes de regulaci\u00f3n temporal de empleo (ERTE) que comenzaron a aplicar al inicio de la emergencia sanitaria, seg\u00fan los datos que maneja la Direcci\u00f3n General de Empleo y Formaci\u00f3n. De este modo, la progresiva vuelta a la normalidad tambi\u00e9n se percibe en las medidas sociolaborales adoptadas por las compa\u00f1\u00edas como consecuencia de la crisis de la COVID-19.<\/p>\n<p>Las suspensiones corresponden a ERTE de <strong>empresas o empleadores aut\u00f3nomos con sede en Asturias<\/strong>, tramitados directamente por la Consejer\u00eda de Industria, Empleo y Promoci\u00f3n Econ\u00f3mica, y que implican a 6.473 personas, de las cuales 6.292 estaban afectadas por expedientes de fuerza mayor y 181 por otras causas (econ\u00f3micas, t\u00e9cnicas, productivas y organizativas).<\/p>\n<p>La Direcci\u00f3n General de Empleo y Formaci\u00f3n ha tramitado hasta ahora 12.298 solicitudes que involucran a 51.416 trabajadores, lo que supone el 99,20% de los expedientes presentados en Industria desde el 11 de marzo. De ellos, 11.294 tienen la consideraci\u00f3n de fuerza mayor, con 40.863 personas afectadas, y los 1.004 restantes, debidos a otras causas, llevaron a 10.553 empleados a la suspensi\u00f3n de empleo o a la reducci\u00f3n de jornada.<\/p>\n<p>La incidencia sectorial de los ERTE no var\u00eda y los servicios encabezan las reducciones de jornada o suspensiones de empleo, con 10.587 solicitudes y 37.662 personas implicadas. A continuaci\u00f3n, se sit\u00faan la industria, con 1.341 expedientes, y la construcci\u00f3n, con 268.<\/p>\n<p>Por actividades econ\u00f3micas, restauraci\u00f3n y hosteler\u00eda, comercio minorista, fabricaci\u00f3n de productos met\u00e1licos, y establecimientos de peluquer\u00eda y est\u00e9tica y reparaci\u00f3n y venta de veh\u00edculos son, por este orden, las que se han visto obligadas a regular a m\u00e1s personas.<\/p>\n<p>&nbsp;<\/p>\n","protected":false},"excerpt":{"rendered":"<p>Un total de 1.112 empresas han comunicado al Principado la suspensi\u00f3n, por finalizaci\u00f3n, desestimiento o renuncia, de los expedientes de regulaci\u00f3n temporal de empleo (ERTE) que comenzaron a aplicar al inicio de la emergencia sanitaria, seg\u00fan los datos que maneja la Direcci\u00f3n General de Empleo y Formaci\u00f3n. De este modo, la progresiva vuelta a la [&hellip;]<\/p>\n","protected":false},"author":1,"featured_media":1067282,"comment_status":"closed","ping_status":"closed","sticky":false,"template":"","format":"standard","meta":{"footnotes":""},"categories":[12,141],"tags":[],"class_list":["post-1067773","post","type-post","status-publish","format-standard","has-post-thumbnail","hentry","category-actualidad-asturias","category-destacadas"],"aioseo_notices":[],"aioseo_head":"\n\t\t<!-- All in One SEO Pro 4.9.6.2 - aioseo.com -->\n\t<meta name=\"description\" content=\"Un total de 1.112 empresas han comunicado al Principado la suspensi\u00f3n, por finalizaci\u00f3n, desestimiento o renuncia, de los expedientes de regulaci\u00f3n temporal de empleo (ERTE) que comenzaron a aplicar al inicio de la emergencia sanitaria, seg\u00fan los datos que maneja la Direcci\u00f3n General de Empleo y Formaci\u00f3n. De este modo, la progresiva vuelta a la\" \/>\n\t<meta name=\"robots\" content=\"max-image-preview:large\" \/>\n\t<meta name=\"author\" content=\"El Digital de Asturias\"\/>\n\t<meta name=\"google-site-verification\" content=\"UA-38556648-1\" \/>\n\t<meta name=\"msvalidate.01\" content=\"7dfe9f3f1b24437ab69f4f2559babe99\" \/>\n\t<meta name=\"keywords\" content=\"actualidad asturias,destacadas\" \/>\n\t<link rel=\"canonical\" href=\"https:\/\/www.eldigitaldeasturias.com\/noticias\/las-finalizaciones-de-erte-crecen-en-asturias\/\" \/>\n\t<meta name=\"generator\" content=\"All in One SEO Pro (AIOSEO) 4.9.6.2\" \/>\n\t\t<meta property=\"og:locale\" content=\"es_ES\" \/>\n\t\t<meta property=\"og:site_name\" content=\"El Digital de Asturias\" \/>\n\t\t<meta property=\"og:type\" content=\"article\" \/>\n\t\t<meta property=\"og:title\" content=\"Las finalizaciones de ERTE crecen en Asturias - El Digital de Asturias\" \/>\n\t\t<meta property=\"og:description\" content=\"Un total de 1.112 empresas han comunicado al Principado la suspensi\u00f3n, por finalizaci\u00f3n, desestimiento o renuncia, de los expedientes de regulaci\u00f3n temporal de empleo (ERTE) que comenzaron a aplicar al inicio de la emergencia sanitaria, seg\u00fan los datos que maneja la Direcci\u00f3n General de Empleo y Formaci\u00f3n. De este modo, la progresiva vuelta a la\" \/>\n\t\t<meta property=\"og:url\" content=\"https:\/\/www.eldigitaldeasturias.com\/noticias\/las-finalizaciones-de-erte-crecen-en-asturias\/\" \/>\n\t\t<meta property=\"og:image\" content=\"https:\/\/www.eldigitaldeasturias.com\/noticias\/wp-content\/uploads\/2020\/06\/write-593333_640.jpg\" \/>\n\t\t<meta property=\"og:image:secure_url\" content=\"https:\/\/www.eldigitaldeasturias.com\/noticias\/wp-content\/uploads\/2020\/06\/write-593333_640.jpg\" \/>\n\t\t<meta property=\"og:image:width\" content=\"640\" \/>\n\t\t<meta property=\"og:image:height\" content=\"378\" \/>\n\t\t<meta property=\"article:tag\" content=\"actualidad asturias\" \/>\n\t\t<meta property=\"article:tag\" content=\"destacadas\" \/>\n\t\t<meta property=\"article:published_time\" content=\"2020-06-09T13:59:41+00:00\" \/>\n\t\t<meta property=\"article:modified_time\" content=\"2020-06-09T13:59:41+00:00\" \/>\n\t\t<meta property=\"article:publisher\" content=\"https:\/\/facebook.com\/eldigitaldeasturias\" \/>\n\t\t<meta name=\"twitter:card\" content=\"summary_large_image\" \/>\n\t\t<meta name=\"twitter:title\" content=\"Las finalizaciones de ERTE crecen en Asturias - El Digital de Asturias\" \/>\n\t\t<meta name=\"twitter:description\" content=\"Un total de 1.112 empresas han comunicado al Principado la suspensi\u00f3n, por finalizaci\u00f3n, desestimiento o renuncia, de los expedientes de regulaci\u00f3n temporal de empleo (ERTE) que comenzaron a aplicar al inicio de la emergencia sanitaria, seg\u00fan los datos que maneja la Direcci\u00f3n General de Empleo y Formaci\u00f3n. De este modo, la progresiva vuelta a la\" \/>\n\t\t<meta name=\"twitter:image\" content=\"https:\/\/www.eldigitaldeasturias.com\/noticias\/wp-content\/uploads\/2020\/06\/write-593333_640.jpg\" \/>\n\t\t<meta name=\"twitter:label1\" content=\"Escrito por\" \/>\n\t\t<meta name=\"twitter:data1\" content=\"El Digital de Asturias\" \/>\n\t\t<meta name=\"twitter:label2\" content=\"Tiempo de lectura estimado\" \/>\n\t\t<meta name=\"twitter:data2\" content=\"1 minuto\" \/>\n\t\t<script type=\"application\/ld+json\" class=\"aioseo-schema\">\n\t\t\t{\"@context\":\"https:\\\/\\\/schema.org\",\"@graph\":[{\"@type\":\"BlogPosting\",\"@id\":\"https:\\\/\\\/www.eldigitaldeasturias.com\\\/noticias\\\/las-finalizaciones-de-erte-crecen-en-asturias\\\/#blogposting\",\"name\":\"Las finalizaciones de ERTE crecen en Asturias - El Digital de Asturias\",\"headline\":\"Las finalizaciones de ERTE crecen en Asturias\",\"author\":{\"@id\":\"https:\\\/\\\/www.eldigitaldeasturias.com\\\/noticias\\\/author\\\/admin\\\/#author\"},\"publisher\":{\"@id\":\"https:\\\/\\\/www.eldigitaldeasturias.com\\\/noticias\\\/#organization\"},\"image\":{\"@type\":\"ImageObject\",\"url\":\"https:\\\/\\\/www.eldigitaldeasturias.com\\\/noticias\\\/wp-content\\\/uploads\\\/2020\\\/06\\\/write-593333_640.jpg\",\"width\":640,\"height\":378},\"datePublished\":\"2020-06-09T15:59:41+02:00\",\"dateModified\":\"2020-06-09T15:59:41+02:00\",\"inLanguage\":\"es-ES\",\"mainEntityOfPage\":{\"@id\":\"https:\\\/\\\/www.eldigitaldeasturias.com\\\/noticias\\\/las-finalizaciones-de-erte-crecen-en-asturias\\\/#webpage\"},\"isPartOf\":{\"@id\":\"https:\\\/\\\/www.eldigitaldeasturias.com\\\/noticias\\\/las-finalizaciones-de-erte-crecen-en-asturias\\\/#webpage\"},\"articleSection\":\"Actualidad Asturias, Destacadas\"},{\"@type\":\"BreadcrumbList\",\"@id\":\"https:\\\/\\\/www.eldigitaldeasturias.com\\\/noticias\\\/las-finalizaciones-de-erte-crecen-en-asturias\\\/#breadcrumblist\",\"itemListElement\":[{\"@type\":\"ListItem\",\"@id\":\"https:\\\/\\\/www.eldigitaldeasturias.com\\\/noticias#listItem\",\"position\":1,\"name\":\"Home\",\"item\":\"https:\\\/\\\/www.eldigitaldeasturias.com\\\/noticias\",\"nextItem\":{\"@type\":\"ListItem\",\"@id\":\"https:\\\/\\\/www.eldigitaldeasturias.com\\\/noticias\\\/category\\\/actualidad-asturias\\\/#listItem\",\"name\":\"Actualidad Asturias\"}},{\"@type\":\"ListItem\",\"@id\":\"https:\\\/\\\/www.eldigitaldeasturias.com\\\/noticias\\\/category\\\/actualidad-asturias\\\/#listItem\",\"position\":2,\"name\":\"Actualidad Asturias\",\"item\":\"https:\\\/\\\/www.eldigitaldeasturias.com\\\/noticias\\\/category\\\/actualidad-asturias\\\/\",\"nextItem\":{\"@type\":\"ListItem\",\"@id\":\"https:\\\/\\\/www.eldigitaldeasturias.com\\\/noticias\\\/las-finalizaciones-de-erte-crecen-en-asturias\\\/#listItem\",\"name\":\"Las finalizaciones de ERTE crecen en Asturias\"},\"previousItem\":{\"@type\":\"ListItem\",\"@id\":\"https:\\\/\\\/www.eldigitaldeasturias.com\\\/noticias#listItem\",\"name\":\"Home\"}},{\"@type\":\"ListItem\",\"@id\":\"https:\\\/\\\/www.eldigitaldeasturias.com\\\/noticias\\\/las-finalizaciones-de-erte-crecen-en-asturias\\\/#listItem\",\"position\":3,\"name\":\"Las finalizaciones de ERTE crecen en Asturias\",\"previousItem\":{\"@type\":\"ListItem\",\"@id\":\"https:\\\/\\\/www.eldigitaldeasturias.com\\\/noticias\\\/category\\\/actualidad-asturias\\\/#listItem\",\"name\":\"Actualidad Asturias\"}}]},{\"@type\":\"Organization\",\"@id\":\"https:\\\/\\\/www.eldigitaldeasturias.com\\\/noticias\\\/#organization\",\"name\":\"El Digital de Asturias\",\"description\":\"Hemeroteca\",\"url\":\"https:\\\/\\\/www.eldigitaldeasturias.com\\\/noticias\\\/\",\"email\":\"info@eldigitaldeasturias.com\",\"telephone\":\"+34652131393\",\"logo\":{\"@type\":\"ImageObject\",\"url\":\"https:\\\/\\\/www.eldigitaldeasturias.com\\\/noticias\\\/wp-content\\\/uploads\\\/2020\\\/12\\\/EDA.jpg\",\"@id\":\"https:\\\/\\\/www.eldigitaldeasturias.com\\\/noticias\\\/las-finalizaciones-de-erte-crecen-en-asturias\\\/#organizationLogo\",\"width\":649,\"height\":297},\"image\":{\"@id\":\"https:\\\/\\\/www.eldigitaldeasturias.com\\\/noticias\\\/las-finalizaciones-de-erte-crecen-en-asturias\\\/#organizationLogo\"},\"sameAs\":[\"https:\\\/\\\/facebook.com\\\/eldigitaldeasturias\",\"https:\\\/\\\/www.youtube.com\\\/channel\\\/UCZP-2wLEB9Rv6erhFmqVnvg\"],\"address\":{\"@id\":\"https:\\\/\\\/www.eldigitaldeasturias.com\\\/noticias\\\/#postaladdress\",\"@type\":\"PostalAddress\",\"streetAddress\":\"san antonio 4,\",\"postalCode\":\"33430\",\"addressLocality\":\"Cand\\u00e1s\",\"addressRegion\":\"Asturias\",\"addressCountry\":\"ES\"}},{\"@type\":\"Person\",\"@id\":\"https:\\\/\\\/www.eldigitaldeasturias.com\\\/noticias\\\/author\\\/admin\\\/#author\",\"url\":\"https:\\\/\\\/www.eldigitaldeasturias.com\\\/noticias\\\/author\\\/admin\\\/\",\"name\":\"El Digital de Asturias\",\"image\":{\"@type\":\"ImageObject\",\"@id\":\"https:\\\/\\\/www.eldigitaldeasturias.com\\\/noticias\\\/las-finalizaciones-de-erte-crecen-en-asturias\\\/#authorImage\",\"url\":\"https:\\\/\\\/www.eldigitaldeasturias.com\\\/noticias\\\/wp-content\\\/litespeed\\\/avatar\\\/18677e78aa0546b92d9dbf31ec7d7668.jpg?ver=1777290358\",\"width\":96,\"height\":96,\"caption\":\"El Digital de Asturias\"}},{\"@type\":\"WebPage\",\"@id\":\"https:\\\/\\\/www.eldigitaldeasturias.com\\\/noticias\\\/las-finalizaciones-de-erte-crecen-en-asturias\\\/#webpage\",\"url\":\"https:\\\/\\\/www.eldigitaldeasturias.com\\\/noticias\\\/las-finalizaciones-de-erte-crecen-en-asturias\\\/\",\"name\":\"Las finalizaciones de ERTE crecen en Asturias - El Digital de Asturias\",\"description\":\"Un total de 1.112 empresas han comunicado al Principado la suspensi\\u00f3n, por finalizaci\\u00f3n, desestimiento o renuncia, de los expedientes de regulaci\\u00f3n temporal de empleo (ERTE) que comenzaron a aplicar al inicio de la emergencia sanitaria, seg\\u00fan los datos que maneja la Direcci\\u00f3n General de Empleo y Formaci\\u00f3n. De este modo, la progresiva vuelta a la\",\"inLanguage\":\"es-ES\",\"isPartOf\":{\"@id\":\"https:\\\/\\\/www.eldigitaldeasturias.com\\\/noticias\\\/#website\"},\"breadcrumb\":{\"@id\":\"https:\\\/\\\/www.eldigitaldeasturias.com\\\/noticias\\\/las-finalizaciones-de-erte-crecen-en-asturias\\\/#breadcrumblist\"},\"author\":{\"@id\":\"https:\\\/\\\/www.eldigitaldeasturias.com\\\/noticias\\\/author\\\/admin\\\/#author\"},\"creator\":{\"@id\":\"https:\\\/\\\/www.eldigitaldeasturias.com\\\/noticias\\\/author\\\/admin\\\/#author\"},\"image\":{\"@type\":\"ImageObject\",\"url\":\"https:\\\/\\\/www.eldigitaldeasturias.com\\\/noticias\\\/wp-content\\\/uploads\\\/2020\\\/06\\\/write-593333_640.jpg\",\"@id\":\"https:\\\/\\\/www.eldigitaldeasturias.com\\\/noticias\\\/las-finalizaciones-de-erte-crecen-en-asturias\\\/#mainImage\",\"width\":640,\"height\":378},\"primaryImageOfPage\":{\"@id\":\"https:\\\/\\\/www.eldigitaldeasturias.com\\\/noticias\\\/las-finalizaciones-de-erte-crecen-en-asturias\\\/#mainImage\"},\"datePublished\":\"2020-06-09T15:59:41+02:00\",\"dateModified\":\"2020-06-09T15:59:41+02:00\"},{\"@type\":\"WebSite\",\"@id\":\"https:\\\/\\\/www.eldigitaldeasturias.com\\\/noticias\\\/#website\",\"url\":\"https:\\\/\\\/www.eldigitaldeasturias.com\\\/noticias\\\/\",\"name\":\"El Digital de Asturias - Diario de actualidad y noticias\",\"alternateName\":\"El Digital de Asturias - Diario de actualidad y noticias\",\"description\":\"Hemeroteca\",\"inLanguage\":\"es-ES\",\"publisher\":{\"@id\":\"https:\\\/\\\/www.eldigitaldeasturias.com\\\/noticias\\\/#organization\"}}]}\n\t\t<\/script>\n\t\t<!-- All in One SEO Pro -->\r\n\t\t<title>Las finalizaciones de ERTE crecen en Asturias - El Digital de Asturias<\/title>\n\n","aioseo_head_json":{"title":"Las finalizaciones de ERTE crecen en Asturias - El Digital de Asturias","description":"Un total de 1.112 empresas han comunicado al Principado la suspensi\u00f3n, por finalizaci\u00f3n, desestimiento o renuncia, de los expedientes de regulaci\u00f3n temporal de empleo (ERTE) que comenzaron a aplicar al inicio de la emergencia sanitaria, seg\u00fan los datos que maneja la Direcci\u00f3n General de Empleo y Formaci\u00f3n. De este modo, la progresiva vuelta a la","canonical_url":"https:\/\/www.eldigitaldeasturias.com\/noticias\/las-finalizaciones-de-erte-crecen-en-asturias\/","robots":"max-image-preview:large","keywords":"actualidad asturias,destacadas","webmasterTools":{"google-site-verification":"UA-38556648-1","msvalidate.01":"7dfe9f3f1b24437ab69f4f2559babe99","miscellaneous":""},"schema":{"@context":"https:\/\/schema.org","@graph":[{"@type":"BlogPosting","@id":"https:\/\/www.eldigitaldeasturias.com\/noticias\/las-finalizaciones-de-erte-crecen-en-asturias\/#blogposting","name":"Las finalizaciones de ERTE crecen en Asturias - El Digital de Asturias","headline":"Las finalizaciones de ERTE crecen en Asturias","author":{"@id":"https:\/\/www.eldigitaldeasturias.com\/noticias\/author\/admin\/#author"},"publisher":{"@id":"https:\/\/www.eldigitaldeasturias.com\/noticias\/#organization"},"image":{"@type":"ImageObject","url":"https:\/\/www.eldigitaldeasturias.com\/noticias\/wp-content\/uploads\/2020\/06\/write-593333_640.jpg","width":640,"height":378},"datePublished":"2020-06-09T15:59:41+02:00","dateModified":"2020-06-09T15:59:41+02:00","inLanguage":"es-ES","mainEntityOfPage":{"@id":"https:\/\/www.eldigitaldeasturias.com\/noticias\/las-finalizaciones-de-erte-crecen-en-asturias\/#webpage"},"isPartOf":{"@id":"https:\/\/www.eldigitaldeasturias.com\/noticias\/las-finalizaciones-de-erte-crecen-en-asturias\/#webpage"},"articleSection":"Actualidad Asturias, Destacadas"},{"@type":"BreadcrumbList","@id":"https:\/\/www.eldigitaldeasturias.com\/noticias\/las-finalizaciones-de-erte-crecen-en-asturias\/#breadcrumblist","itemListElement":[{"@type":"ListItem","@id":"https:\/\/www.eldigitaldeasturias.com\/noticias#listItem","position":1,"name":"Home","item":"https:\/\/www.eldigitaldeasturias.com\/noticias","nextItem":{"@type":"ListItem","@id":"https:\/\/www.eldigitaldeasturias.com\/noticias\/category\/actualidad-asturias\/#listItem","name":"Actualidad Asturias"}},{"@type":"ListItem","@id":"https:\/\/www.eldigitaldeasturias.com\/noticias\/category\/actualidad-asturias\/#listItem","position":2,"name":"Actualidad Asturias","item":"https:\/\/www.eldigitaldeasturias.com\/noticias\/category\/actualidad-asturias\/","nextItem":{"@type":"ListItem","@id":"https:\/\/www.eldigitaldeasturias.com\/noticias\/las-finalizaciones-de-erte-crecen-en-asturias\/#listItem","name":"Las finalizaciones de ERTE crecen en Asturias"},"previousItem":{"@type":"ListItem","@id":"https:\/\/www.eldigitaldeasturias.com\/noticias#listItem","name":"Home"}},{"@type":"ListItem","@id":"https:\/\/www.eldigitaldeasturias.com\/noticias\/las-finalizaciones-de-erte-crecen-en-asturias\/#listItem","position":3,"name":"Las finalizaciones de ERTE crecen en Asturias","previousItem":{"@type":"ListItem","@id":"https:\/\/www.eldigitaldeasturias.com\/noticias\/category\/actualidad-asturias\/#listItem","name":"Actualidad Asturias"}}]},{"@type":"Organization","@id":"https:\/\/www.eldigitaldeasturias.com\/noticias\/#organization","name":"El Digital de Asturias","description":"Hemeroteca","url":"https:\/\/www.eldigitaldeasturias.com\/noticias\/","email":"info@eldigitaldeasturias.com","telephone":"+34652131393","logo":{"@type":"ImageObject","url":"https:\/\/www.eldigitaldeasturias.com\/noticias\/wp-content\/uploads\/2020\/12\/EDA.jpg","@id":"https:\/\/www.eldigitaldeasturias.com\/noticias\/las-finalizaciones-de-erte-crecen-en-asturias\/#organizationLogo","width":649,"height":297},"image":{"@id":"https:\/\/www.eldigitaldeasturias.com\/noticias\/las-finalizaciones-de-erte-crecen-en-asturias\/#organizationLogo"},"sameAs":["https:\/\/facebook.com\/eldigitaldeasturias","https:\/\/www.youtube.com\/channel\/UCZP-2wLEB9Rv6erhFmqVnvg"],"address":{"@id":"https:\/\/www.eldigitaldeasturias.com\/noticias\/#postaladdress","@type":"PostalAddress","streetAddress":"san antonio 4,","postalCode":"33430","addressLocality":"Cand\u00e1s","addressRegion":"Asturias","addressCountry":"ES"}},{"@type":"Person","@id":"https:\/\/www.eldigitaldeasturias.com\/noticias\/author\/admin\/#author","url":"https:\/\/www.eldigitaldeasturias.com\/noticias\/author\/admin\/","name":"El Digital de Asturias","image":{"@type":"ImageObject","@id":"https:\/\/www.eldigitaldeasturias.com\/noticias\/las-finalizaciones-de-erte-crecen-en-asturias\/#authorImage","url":"https:\/\/www.eldigitaldeasturias.com\/noticias\/wp-content\/litespeed\/avatar\/18677e78aa0546b92d9dbf31ec7d7668.jpg?ver=1777290358","width":96,"height":96,"caption":"El Digital de Asturias"}},{"@type":"WebPage","@id":"https:\/\/www.eldigitaldeasturias.com\/noticias\/las-finalizaciones-de-erte-crecen-en-asturias\/#webpage","url":"https:\/\/www.eldigitaldeasturias.com\/noticias\/las-finalizaciones-de-erte-crecen-en-asturias\/","name":"Las finalizaciones de ERTE crecen en Asturias - El Digital de Asturias","description":"Un total de 1.112 empresas han comunicado al Principado la suspensi\u00f3n, por finalizaci\u00f3n, desestimiento o renuncia, de los expedientes de regulaci\u00f3n temporal de empleo (ERTE) que comenzaron a aplicar al inicio de la emergencia sanitaria, seg\u00fan los datos que maneja la Direcci\u00f3n General de Empleo y Formaci\u00f3n. De este modo, la progresiva vuelta a la","inLanguage":"es-ES","isPartOf":{"@id":"https:\/\/www.eldigitaldeasturias.com\/noticias\/#website"},"breadcrumb":{"@id":"https:\/\/www.eldigitaldeasturias.com\/noticias\/las-finalizaciones-de-erte-crecen-en-asturias\/#breadcrumblist"},"author":{"@id":"https:\/\/www.eldigitaldeasturias.com\/noticias\/author\/admin\/#author"},"creator":{"@id":"https:\/\/www.eldigitaldeasturias.com\/noticias\/author\/admin\/#author"},"image":{"@type":"ImageObject","url":"https:\/\/www.eldigitaldeasturias.com\/noticias\/wp-content\/uploads\/2020\/06\/write-593333_640.jpg","@id":"https:\/\/www.eldigitaldeasturias.com\/noticias\/las-finalizaciones-de-erte-crecen-en-asturias\/#mainImage","width":640,"height":378},"primaryImageOfPage":{"@id":"https:\/\/www.eldigitaldeasturias.com\/noticias\/las-finalizaciones-de-erte-crecen-en-asturias\/#mainImage"},"datePublished":"2020-06-09T15:59:41+02:00","dateModified":"2020-06-09T15:59:41+02:00"},{"@type":"WebSite","@id":"https:\/\/www.eldigitaldeasturias.com\/noticias\/#website","url":"https:\/\/www.eldigitaldeasturias.com\/noticias\/","name":"El Digital de Asturias - Diario de actualidad y noticias","alternateName":"El Digital de Asturias - Diario de actualidad y noticias","description":"Hemeroteca","inLanguage":"es-ES","publisher":{"@id":"https:\/\/www.eldigitaldeasturias.com\/noticias\/#organization"}}]},"og:locale":"es_ES","og:site_name":"El Digital de Asturias","og:type":"article","og:title":"Las finalizaciones de ERTE crecen en Asturias - El Digital de Asturias","og:description":"Un total de 1.112 empresas han comunicado al Principado la suspensi\u00f3n, por finalizaci\u00f3n, desestimiento o renuncia, de los expedientes de regulaci\u00f3n temporal de empleo (ERTE) que comenzaron a aplicar al inicio de la emergencia sanitaria, seg\u00fan los datos que maneja la Direcci\u00f3n General de Empleo y Formaci\u00f3n. De este modo, la progresiva vuelta a la","og:url":"https:\/\/www.eldigitaldeasturias.com\/noticias\/las-finalizaciones-de-erte-crecen-en-asturias\/","og:image":"https:\/\/www.eldigitaldeasturias.com\/noticias\/wp-content\/uploads\/2020\/06\/write-593333_640.jpg","og:image:secure_url":"https:\/\/www.eldigitaldeasturias.com\/noticias\/wp-content\/uploads\/2020\/06\/write-593333_640.jpg","og:image:width":640,"og:image:height":378,"article:tag":["actualidad asturias","destacadas"],"article:published_time":"2020-06-09T13:59:41+00:00","article:modified_time":"2020-06-09T13:59:41+00:00","article:publisher":"https:\/\/facebook.com\/eldigitaldeasturias","twitter:card":"summary_large_image","twitter:title":"Las finalizaciones de ERTE crecen en Asturias - El Digital de Asturias","twitter:description":"Un total de 1.112 empresas han comunicado al Principado la suspensi\u00f3n, por finalizaci\u00f3n, desestimiento o renuncia, de los expedientes de regulaci\u00f3n temporal de empleo (ERTE) que comenzaron a aplicar al inicio de la emergencia sanitaria, seg\u00fan los datos que maneja la Direcci\u00f3n General de Empleo y Formaci\u00f3n. De este modo, la progresiva vuelta a la","twitter:image":"https:\/\/www.eldigitaldeasturias.com\/noticias\/wp-content\/uploads\/2020\/06\/write-593333_640.jpg","twitter:label1":"Escrito por","twitter:data1":"El Digital de Asturias","twitter:label2":"Tiempo de lectura estimado","twitter:data2":"1 minuto"},"aioseo_meta_data":{"post_id":"1067773","title":null,"description":null,"keywords":null,"keyphrases":null,"primary_term":null,"canonical_url":null,"og_title":null,"og_description":null,"og_object_type":"default","og_image_type":"default","og_image_url":null,"og_image_width":null,"og_image_height":null,"og_image_custom_url":null,"og_image_custom_fields":null,"og_video":null,"og_custom_url":null,"og_article_section":null,"og_article_tags":null,"twitter_use_og":false,"twitter_card":"default","twitter_image_type":"default","twitter_image_url":null,"twitter_image_custom_url":null,"twitter_image_custom_fields":null,"twitter_title":null,"twitter_description":null,"schema":{"blockGraphs":[],"customGraphs":[],"default":{"data":{"Article":[],"Course":[],"Dataset":[],"FAQPage":[],"Movie":[],"Person":[],"Product":[],"ProductReview":[],"Car":[],"Recipe":[],"Service":[],"SoftwareApplication":[],"WebPage":[]},"graphName":"","isEnabled":true},"graphs":[],"defaultGraph":"","defaultPostTypeGraph":""},"schema_type":null,"schema_type_options":null,"pillar_content":false,"robots_default":true,"robots_noindex":false,"robots_noarchive":false,"robots_nosnippet":false,"robots_nofollow":false,"robots_noimageindex":false,"robots_noodp":false,"robots_notranslate":false,"robots_max_snippet":null,"robots_max_videopreview":null,"robots_max_imagepreview":"large","priority":null,"frequency":null,"local_seo":null,"seo_analyzer_scan_date":"2025-09-12 16:21:53","breadcrumb_settings":null,"limit_modified_date":false,"open_ai":null,"ai":null,"created":"2020-12-21 10:48:30","updated":"2025-09-12 16:21:53"},"aioseo_breadcrumb":"<div class=\"aioseo-breadcrumbs\"><span class=\"aioseo-breadcrumb\">\n\t<a href=\"https:\/\/www.eldigitaldeasturias.com\/noticias\" title=\"Home\">Home<\/a>\n<\/span><span class=\"aioseo-breadcrumb-separator\">\u2013<\/span><span class=\"aioseo-breadcrumb\">\n\t<a href=\"https:\/\/www.eldigitaldeasturias.com\/noticias\/category\/actualidad-asturias\/\" title=\"Actualidad Asturias\">Actualidad Asturias<\/a>\n<\/span><span class=\"aioseo-breadcrumb-separator\">\u2013<\/span><span class=\"aioseo-breadcrumb\">\n\t<a href=\"https:\/\/www.eldigitaldeasturias.com\/noticias\/las-finalizaciones-de-erte-crecen-en-asturias\/\" title=\"Las finalizaciones de ERTE crecen en Asturias\">Las finalizaciones de ERTE crecen en Asturias<\/a>\n<\/span><\/div>","aioseo_breadcrumb_json":[{"label":"Home","link":"https:\/\/www.eldigitaldeasturias.com\/noticias"},{"label":"Actualidad Asturias","link":"https:\/\/www.eldigitaldeasturias.com\/noticias\/category\/actualidad-asturias\/"},{"label":"Las finalizaciones de ERTE crecen en Asturias","link":"https:\/\/www.eldigitaldeasturias.com\/noticias\/las-finalizaciones-de-erte-crecen-en-asturias\/"}],"_links":{"self":[{"href":"https:\/\/www.eldigitaldeasturias.com\/noticias\/wp-json\/wp\/v2\/posts\/1067773","targetHints":{"allow":["GET"]}}],"collection":[{"href":"https:\/\/www.eldigitaldeasturias.com\/noticias\/wp-json\/wp\/v2\/posts"}],"about":[{"href":"https:\/\/www.eldigitaldeasturias.com\/noticias\/wp-json\/wp\/v2\/types\/post"}],"author":[{"embeddable":true,"href":"https:\/\/www.eldigitaldeasturias.com\/noticias\/wp-json\/wp\/v2\/users\/1"}],"replies":[{"embeddable":true,"href":"https:\/\/www.eldigitaldeasturias.com\/noticias\/wp-json\/wp\/v2\/comments?post=1067773"}],"version-history":[{"count":0,"href":"https:\/\/www.eldigitaldeasturias.com\/noticias\/wp-json\/wp\/v2\/posts\/1067773\/revisions"}],"wp:featuredmedia":[{"embeddable":true,"href":"https:\/\/www.eldigitaldeasturias.com\/noticias\/wp-json\/wp\/v2\/media\/1067282"}],"wp:attachment":[{"href":"https:\/\/www.eldigitaldeasturias.com\/noticias\/wp-json\/wp\/v2\/media?parent=1067773"}],"wp:term":[{"taxonomy":"category","embeddable":true,"href":"https:\/\/www.eldigitaldeasturias.com\/noticias\/wp-json\/wp\/v2\/categories?post=1067773"},{"taxonomy":"post_tag","embeddable":true,"href":"https:\/\/www.eldigitaldeasturias.com\/noticias\/wp-json\/wp\/v2\/tags?post=1067773"}],"curies":[{"name":"wp","href":"https:\/\/api.w.org\/{rel}","templated":true}]}}