{"id":1067378,"date":"2020-06-03T14:37:02","date_gmt":"2020-06-03T12:37:02","guid":{"rendered":"https:\/\/www.eldigitaldeasturias.com\/noticias\/?p=1067378"},"modified":"2020-06-03T14:37:02","modified_gmt":"2020-06-03T12:37:02","slug":"asturias-solicita-el-paso-a-la-fase-3-de-la-desescalada","status":"publish","type":"post","link":"https:\/\/www.eldigitaldeasturias.com\/noticias\/asturias-solicita-el-paso-a-la-fase-3-de-la-desescalada\/","title":{"rendered":"Asturias solicita el paso a la fase 3 de la desescalada"},"content":{"rendered":"<p><img loading=\"lazy\" decoding=\"async\" class=\"alignleft size-medium wp-image-1067379\" src=\"https:\/\/www.eldigitaldeasturias.com\/noticias\/wp-content\/uploads\/2020\/06\/corona-5153949_640-360x240.jpg\" alt=\"\" width=\"360\" height=\"240\" srcset=\"https:\/\/www.eldigitaldeasturias.com\/noticias\/wp-content\/uploads\/2020\/06\/corona-5153949_640-360x240.jpg 360w, https:\/\/www.eldigitaldeasturias.com\/noticias\/wp-content\/uploads\/2020\/06\/corona-5153949_640-450x300.jpg 450w, https:\/\/www.eldigitaldeasturias.com\/noticias\/wp-content\/uploads\/2020\/06\/corona-5153949_640-630x420.jpg 630w, https:\/\/www.eldigitaldeasturias.com\/noticias\/wp-content\/uploads\/2020\/06\/corona-5153949_640.jpg 640w\" sizes=\"auto, (max-width: 360px) 100vw, 360px\" \/>El Gobierno del Principado ha decidido solicitar el paso de la comunidad aut\u00f3noma a la tercera etapa de la desescalada. Si esta propuesta es aceptada, <strong>Asturias iniciar\u00e1 la fase 3 el lunes 8 de junio y se mantendr\u00e1 en la misma durante dos semanas<\/strong>, hasta el d\u00eda 21, cuando est\u00e1 prevista la finalizaci\u00f3n del estado de alarma.<\/p>\n<p><strong>La tercera fase es la \u00faltima de la desescalada<\/strong>, previa a la recuperaci\u00f3n de lo que se ha venido en llamar \u201cnueva normalidad\u201d. El Gobierno de Asturias ha tomado esta decisi\u00f3n despu\u00e9s de haber analizado la evoluci\u00f3n de la epidemia en la comunidad aut\u00f3noma con los informes aportados por el Servicio de Vigilancia Epidemiol\u00f3gica de la Direcci\u00f3n General de Salud P\u00fablica.<\/p>\n<p>El Gobierno del Principado ha recibido con preocupaci\u00f3n los datos de los \u00faltimos d\u00edas, e<strong>n los que se ha comprobado la existencia de brotes epid\u00e9micos en dos residencias de mayores,<\/strong> el Instituto Gerontol\u00f3gico Astur -conocido com\u00fanmente como la residencia El Carmen-, en Gij\u00f3n, y Santa Teresa, en Oviedo. En el primer caso se detectaron 19 positivos (15 residentes y cuatro trabajadores) y en el segundo, cuatro (tres residentes y una trabajadora).<\/p>\n<p><strong>Ambos brotes han estado presentes en las consideraciones del Gobierno de Asturias<\/strong>. No obstante, despu\u00e9s de haber analizado la situaci\u00f3n, el Ejecutivo ha concluido que la reacci\u00f3n de la Consejer\u00eda de Salud ha sido r\u00e1pida en la detecci\u00f3n precoz de los casos, en la intervenci\u00f3n en las residencias afectadas y en el estudio de los contactos de los casos identificados. Esta \u00e1gil capacidad de respuesta por parte de vigilancia epidemiol\u00f3gica y del servicio de salud ha sido valorada como un elemento positivo a la hora de solicitar el cambio de fase. Asimismo, se ha considerado positiva la no existencia de transmisi\u00f3n comunitaria de virus en el momento actual y que los casos existentes est\u00e1n localizados en puntos muy concretos del entorno sociosanitario.<\/p>\n<h3><strong>M\u00e1xima prudencia<\/strong><\/h3>\n<p>De todos modos, el Ejecutivo del Principado est\u00e1 resuelto a continuar actuando con el m\u00e1ximo rigor y la mayor prudencia posible, tal y como ha venido haciendo hasta ahora. Por ello, anuncia que revocar\u00e1 su petici\u00f3n si los datos empeoran. As\u00ed, en el supuesto de que en los pr\u00f3ximos d\u00edas, antes de que se publique (en principio, el s\u00e1bado) la resoluci\u00f3n que determine qu\u00e9 provincias pasan a la fase 3, hubiese alg\u00fan dato de transmisi\u00f3n comunitaria no controlada, el Principado solicitar\u00e1 con car\u00e1cter de urgencia que se suspenda el cambio.<\/p>\n<p><strong>El Gobierno de Asturias pretende que el paso a la fase 3 se realice con las mayores condiciones de seguridad<\/strong>, de tal manera que se dificulte la posibilidad de rebrotes y se refuerce la capacidad de detecci\u00f3n temprana de los mismos. Esto supondr\u00e1 extremar las medidas de protecci\u00f3n en los entornos sanitarios y sociosanitarios.<\/p>\n","protected":false},"excerpt":{"rendered":"<p>El Gobierno del Principado ha decidido solicitar el paso de la comunidad aut\u00f3noma a la tercera etapa de la desescalada. Si esta propuesta es aceptada, Asturias iniciar\u00e1 la fase 3 el lunes 8 de junio y se mantendr\u00e1 en la misma durante dos semanas, hasta el d\u00eda 21, cuando est\u00e1 prevista la finalizaci\u00f3n del estado [&hellip;]<\/p>\n","protected":false},"author":1,"featured_media":1067379,"comment_status":"closed","ping_status":"closed","sticky":false,"template":"","format":"standard","meta":{"footnotes":""},"categories":[12,141],"tags":[],"class_list":["post-1067378","post","type-post","status-publish","format-standard","has-post-thumbnail","hentry","category-actualidad-asturias","category-destacadas"],"aioseo_notices":[],"aioseo_head":"\n\t\t<!-- All in One SEO Pro 4.9.6.2 - aioseo.com -->\n\t<meta name=\"description\" content=\"El Gobierno del Principado ha decidido solicitar el paso de la comunidad aut\u00f3noma a la tercera etapa de la desescalada. Si esta propuesta es aceptada, Asturias iniciar\u00e1 la fase 3 el lunes 8 de junio y se mantendr\u00e1 en la misma durante dos semanas, hasta el d\u00eda 21, cuando est\u00e1 prevista la finalizaci\u00f3n del estado\" \/>\n\t<meta name=\"robots\" content=\"max-image-preview:large\" \/>\n\t<meta name=\"author\" content=\"El Digital de Asturias\"\/>\n\t<meta name=\"google-site-verification\" content=\"UA-38556648-1\" \/>\n\t<meta name=\"msvalidate.01\" content=\"7dfe9f3f1b24437ab69f4f2559babe99\" \/>\n\t<meta name=\"keywords\" content=\"actualidad asturias,destacadas\" \/>\n\t<link rel=\"canonical\" href=\"https:\/\/www.eldigitaldeasturias.com\/noticias\/asturias-solicita-el-paso-a-la-fase-3-de-la-desescalada\/\" \/>\n\t<meta name=\"generator\" content=\"All in One SEO Pro (AIOSEO) 4.9.6.2\" \/>\n\t\t<meta property=\"og:locale\" content=\"es_ES\" \/>\n\t\t<meta property=\"og:site_name\" content=\"El Digital de Asturias\" \/>\n\t\t<meta property=\"og:type\" content=\"article\" \/>\n\t\t<meta property=\"og:title\" content=\"Asturias solicita el paso a la fase 3 de la desescalada - El Digital de Asturias\" \/>\n\t\t<meta property=\"og:description\" content=\"El Gobierno del Principado ha decidido solicitar el paso de la comunidad aut\u00f3noma a la tercera etapa de la desescalada. Si esta propuesta es aceptada, Asturias iniciar\u00e1 la fase 3 el lunes 8 de junio y se mantendr\u00e1 en la misma durante dos semanas, hasta el d\u00eda 21, cuando est\u00e1 prevista la finalizaci\u00f3n del estado\" \/>\n\t\t<meta property=\"og:url\" content=\"https:\/\/www.eldigitaldeasturias.com\/noticias\/asturias-solicita-el-paso-a-la-fase-3-de-la-desescalada\/\" \/>\n\t\t<meta property=\"og:image\" content=\"https:\/\/www.eldigitaldeasturias.com\/noticias\/wp-content\/uploads\/2020\/06\/corona-5153949_640.jpg\" \/>\n\t\t<meta property=\"og:image:secure_url\" content=\"https:\/\/www.eldigitaldeasturias.com\/noticias\/wp-content\/uploads\/2020\/06\/corona-5153949_640.jpg\" \/>\n\t\t<meta property=\"og:image:width\" content=\"640\" \/>\n\t\t<meta property=\"og:image:height\" content=\"427\" \/>\n\t\t<meta property=\"article:tag\" content=\"actualidad asturias\" \/>\n\t\t<meta property=\"article:tag\" content=\"destacadas\" \/>\n\t\t<meta property=\"article:published_time\" content=\"2020-06-03T12:37:02+00:00\" \/>\n\t\t<meta property=\"article:modified_time\" content=\"2020-06-03T12:37:02+00:00\" \/>\n\t\t<meta property=\"article:publisher\" content=\"https:\/\/facebook.com\/eldigitaldeasturias\" \/>\n\t\t<meta name=\"twitter:card\" content=\"summary_large_image\" \/>\n\t\t<meta name=\"twitter:title\" content=\"Asturias solicita el paso a la fase 3 de la desescalada - El Digital de Asturias\" \/>\n\t\t<meta name=\"twitter:description\" content=\"El Gobierno del Principado ha decidido solicitar el paso de la comunidad aut\u00f3noma a la tercera etapa de la desescalada. Si esta propuesta es aceptada, Asturias iniciar\u00e1 la fase 3 el lunes 8 de junio y se mantendr\u00e1 en la misma durante dos semanas, hasta el d\u00eda 21, cuando est\u00e1 prevista la finalizaci\u00f3n del estado\" \/>\n\t\t<meta name=\"twitter:image\" content=\"https:\/\/www.eldigitaldeasturias.com\/noticias\/wp-content\/uploads\/2020\/06\/corona-5153949_640.jpg\" \/>\n\t\t<meta name=\"twitter:label1\" content=\"Escrito por\" \/>\n\t\t<meta name=\"twitter:data1\" content=\"El Digital de Asturias\" \/>\n\t\t<meta name=\"twitter:label2\" content=\"Tiempo de lectura estimado\" \/>\n\t\t<meta name=\"twitter:data2\" content=\"2 minutos\" \/>\n\t\t<script type=\"application\/ld+json\" class=\"aioseo-schema\">\n\t\t\t{\"@context\":\"https:\\\/\\\/schema.org\",\"@graph\":[{\"@type\":\"BlogPosting\",\"@id\":\"https:\\\/\\\/www.eldigitaldeasturias.com\\\/noticias\\\/asturias-solicita-el-paso-a-la-fase-3-de-la-desescalada\\\/#blogposting\",\"name\":\"Asturias solicita el paso a la fase 3 de la desescalada - El Digital de Asturias\",\"headline\":\"Asturias solicita el paso a la fase 3 de la desescalada\",\"author\":{\"@id\":\"https:\\\/\\\/www.eldigitaldeasturias.com\\\/noticias\\\/author\\\/admin\\\/#author\"},\"publisher\":{\"@id\":\"https:\\\/\\\/www.eldigitaldeasturias.com\\\/noticias\\\/#organization\"},\"image\":{\"@type\":\"ImageObject\",\"url\":\"https:\\\/\\\/www.eldigitaldeasturias.com\\\/noticias\\\/wp-content\\\/uploads\\\/2020\\\/06\\\/corona-5153949_640.jpg\",\"width\":640,\"height\":427},\"datePublished\":\"2020-06-03T14:37:02+02:00\",\"dateModified\":\"2020-06-03T14:37:02+02:00\",\"inLanguage\":\"es-ES\",\"mainEntityOfPage\":{\"@id\":\"https:\\\/\\\/www.eldigitaldeasturias.com\\\/noticias\\\/asturias-solicita-el-paso-a-la-fase-3-de-la-desescalada\\\/#webpage\"},\"isPartOf\":{\"@id\":\"https:\\\/\\\/www.eldigitaldeasturias.com\\\/noticias\\\/asturias-solicita-el-paso-a-la-fase-3-de-la-desescalada\\\/#webpage\"},\"articleSection\":\"Actualidad Asturias, Destacadas\"},{\"@type\":\"BreadcrumbList\",\"@id\":\"https:\\\/\\\/www.eldigitaldeasturias.com\\\/noticias\\\/asturias-solicita-el-paso-a-la-fase-3-de-la-desescalada\\\/#breadcrumblist\",\"itemListElement\":[{\"@type\":\"ListItem\",\"@id\":\"https:\\\/\\\/www.eldigitaldeasturias.com\\\/noticias#listItem\",\"position\":1,\"name\":\"Home\",\"item\":\"https:\\\/\\\/www.eldigitaldeasturias.com\\\/noticias\",\"nextItem\":{\"@type\":\"ListItem\",\"@id\":\"https:\\\/\\\/www.eldigitaldeasturias.com\\\/noticias\\\/category\\\/actualidad-asturias\\\/#listItem\",\"name\":\"Actualidad Asturias\"}},{\"@type\":\"ListItem\",\"@id\":\"https:\\\/\\\/www.eldigitaldeasturias.com\\\/noticias\\\/category\\\/actualidad-asturias\\\/#listItem\",\"position\":2,\"name\":\"Actualidad Asturias\",\"item\":\"https:\\\/\\\/www.eldigitaldeasturias.com\\\/noticias\\\/category\\\/actualidad-asturias\\\/\",\"nextItem\":{\"@type\":\"ListItem\",\"@id\":\"https:\\\/\\\/www.eldigitaldeasturias.com\\\/noticias\\\/asturias-solicita-el-paso-a-la-fase-3-de-la-desescalada\\\/#listItem\",\"name\":\"Asturias solicita el paso a la fase 3 de la desescalada\"},\"previousItem\":{\"@type\":\"ListItem\",\"@id\":\"https:\\\/\\\/www.eldigitaldeasturias.com\\\/noticias#listItem\",\"name\":\"Home\"}},{\"@type\":\"ListItem\",\"@id\":\"https:\\\/\\\/www.eldigitaldeasturias.com\\\/noticias\\\/asturias-solicita-el-paso-a-la-fase-3-de-la-desescalada\\\/#listItem\",\"position\":3,\"name\":\"Asturias solicita el paso a la fase 3 de la desescalada\",\"previousItem\":{\"@type\":\"ListItem\",\"@id\":\"https:\\\/\\\/www.eldigitaldeasturias.com\\\/noticias\\\/category\\\/actualidad-asturias\\\/#listItem\",\"name\":\"Actualidad Asturias\"}}]},{\"@type\":\"Organization\",\"@id\":\"https:\\\/\\\/www.eldigitaldeasturias.com\\\/noticias\\\/#organization\",\"name\":\"El Digital de Asturias\",\"description\":\"Hemeroteca\",\"url\":\"https:\\\/\\\/www.eldigitaldeasturias.com\\\/noticias\\\/\",\"email\":\"info@eldigitaldeasturias.com\",\"telephone\":\"+34652131393\",\"logo\":{\"@type\":\"ImageObject\",\"url\":\"https:\\\/\\\/www.eldigitaldeasturias.com\\\/noticias\\\/wp-content\\\/uploads\\\/2020\\\/12\\\/EDA.jpg\",\"@id\":\"https:\\\/\\\/www.eldigitaldeasturias.com\\\/noticias\\\/asturias-solicita-el-paso-a-la-fase-3-de-la-desescalada\\\/#organizationLogo\",\"width\":649,\"height\":297},\"image\":{\"@id\":\"https:\\\/\\\/www.eldigitaldeasturias.com\\\/noticias\\\/asturias-solicita-el-paso-a-la-fase-3-de-la-desescalada\\\/#organizationLogo\"},\"sameAs\":[\"https:\\\/\\\/facebook.com\\\/eldigitaldeasturias\",\"https:\\\/\\\/www.youtube.com\\\/channel\\\/UCZP-2wLEB9Rv6erhFmqVnvg\"],\"address\":{\"@id\":\"https:\\\/\\\/www.eldigitaldeasturias.com\\\/noticias\\\/#postaladdress\",\"@type\":\"PostalAddress\",\"streetAddress\":\"san antonio 4,\",\"postalCode\":\"33430\",\"addressLocality\":\"Cand\\u00e1s\",\"addressRegion\":\"Asturias\",\"addressCountry\":\"ES\"}},{\"@type\":\"Person\",\"@id\":\"https:\\\/\\\/www.eldigitaldeasturias.com\\\/noticias\\\/author\\\/admin\\\/#author\",\"url\":\"https:\\\/\\\/www.eldigitaldeasturias.com\\\/noticias\\\/author\\\/admin\\\/\",\"name\":\"El Digital de Asturias\",\"image\":{\"@type\":\"ImageObject\",\"@id\":\"https:\\\/\\\/www.eldigitaldeasturias.com\\\/noticias\\\/asturias-solicita-el-paso-a-la-fase-3-de-la-desescalada\\\/#authorImage\",\"url\":\"https:\\\/\\\/www.eldigitaldeasturias.com\\\/noticias\\\/wp-content\\\/litespeed\\\/avatar\\\/18677e78aa0546b92d9dbf31ec7d7668.jpg?ver=1777290358\",\"width\":96,\"height\":96,\"caption\":\"El Digital de Asturias\"}},{\"@type\":\"WebPage\",\"@id\":\"https:\\\/\\\/www.eldigitaldeasturias.com\\\/noticias\\\/asturias-solicita-el-paso-a-la-fase-3-de-la-desescalada\\\/#webpage\",\"url\":\"https:\\\/\\\/www.eldigitaldeasturias.com\\\/noticias\\\/asturias-solicita-el-paso-a-la-fase-3-de-la-desescalada\\\/\",\"name\":\"Asturias solicita el paso a la fase 3 de la desescalada - El Digital de Asturias\",\"description\":\"El Gobierno del Principado ha decidido solicitar el paso de la comunidad aut\\u00f3noma a la tercera etapa de la desescalada. Si esta propuesta es aceptada, Asturias iniciar\\u00e1 la fase 3 el lunes 8 de junio y se mantendr\\u00e1 en la misma durante dos semanas, hasta el d\\u00eda 21, cuando est\\u00e1 prevista la finalizaci\\u00f3n del estado\",\"inLanguage\":\"es-ES\",\"isPartOf\":{\"@id\":\"https:\\\/\\\/www.eldigitaldeasturias.com\\\/noticias\\\/#website\"},\"breadcrumb\":{\"@id\":\"https:\\\/\\\/www.eldigitaldeasturias.com\\\/noticias\\\/asturias-solicita-el-paso-a-la-fase-3-de-la-desescalada\\\/#breadcrumblist\"},\"author\":{\"@id\":\"https:\\\/\\\/www.eldigitaldeasturias.com\\\/noticias\\\/author\\\/admin\\\/#author\"},\"creator\":{\"@id\":\"https:\\\/\\\/www.eldigitaldeasturias.com\\\/noticias\\\/author\\\/admin\\\/#author\"},\"image\":{\"@type\":\"ImageObject\",\"url\":\"https:\\\/\\\/www.eldigitaldeasturias.com\\\/noticias\\\/wp-content\\\/uploads\\\/2020\\\/06\\\/corona-5153949_640.jpg\",\"@id\":\"https:\\\/\\\/www.eldigitaldeasturias.com\\\/noticias\\\/asturias-solicita-el-paso-a-la-fase-3-de-la-desescalada\\\/#mainImage\",\"width\":640,\"height\":427},\"primaryImageOfPage\":{\"@id\":\"https:\\\/\\\/www.eldigitaldeasturias.com\\\/noticias\\\/asturias-solicita-el-paso-a-la-fase-3-de-la-desescalada\\\/#mainImage\"},\"datePublished\":\"2020-06-03T14:37:02+02:00\",\"dateModified\":\"2020-06-03T14:37:02+02:00\"},{\"@type\":\"WebSite\",\"@id\":\"https:\\\/\\\/www.eldigitaldeasturias.com\\\/noticias\\\/#website\",\"url\":\"https:\\\/\\\/www.eldigitaldeasturias.com\\\/noticias\\\/\",\"name\":\"El Digital de Asturias - Diario de actualidad y noticias\",\"alternateName\":\"El Digital de Asturias - Diario de actualidad y noticias\",\"description\":\"Hemeroteca\",\"inLanguage\":\"es-ES\",\"publisher\":{\"@id\":\"https:\\\/\\\/www.eldigitaldeasturias.com\\\/noticias\\\/#organization\"}}]}\n\t\t<\/script>\n\t\t<!-- All in One SEO Pro -->\r\n\t\t<title>Asturias solicita el paso a la fase 3 de la desescalada - El Digital de Asturias<\/title>\n\n","aioseo_head_json":{"title":"Asturias solicita el paso a la fase 3 de la desescalada - El Digital de Asturias","description":"El Gobierno del Principado ha decidido solicitar el paso de la comunidad aut\u00f3noma a la tercera etapa de la desescalada. Si esta propuesta es aceptada, Asturias iniciar\u00e1 la fase 3 el lunes 8 de junio y se mantendr\u00e1 en la misma durante dos semanas, hasta el d\u00eda 21, cuando est\u00e1 prevista la finalizaci\u00f3n del estado","canonical_url":"https:\/\/www.eldigitaldeasturias.com\/noticias\/asturias-solicita-el-paso-a-la-fase-3-de-la-desescalada\/","robots":"max-image-preview:large","keywords":"actualidad asturias,destacadas","webmasterTools":{"google-site-verification":"UA-38556648-1","msvalidate.01":"7dfe9f3f1b24437ab69f4f2559babe99","miscellaneous":""},"schema":{"@context":"https:\/\/schema.org","@graph":[{"@type":"BlogPosting","@id":"https:\/\/www.eldigitaldeasturias.com\/noticias\/asturias-solicita-el-paso-a-la-fase-3-de-la-desescalada\/#blogposting","name":"Asturias solicita el paso a la fase 3 de la desescalada - El Digital de Asturias","headline":"Asturias solicita el paso a la fase 3 de la desescalada","author":{"@id":"https:\/\/www.eldigitaldeasturias.com\/noticias\/author\/admin\/#author"},"publisher":{"@id":"https:\/\/www.eldigitaldeasturias.com\/noticias\/#organization"},"image":{"@type":"ImageObject","url":"https:\/\/www.eldigitaldeasturias.com\/noticias\/wp-content\/uploads\/2020\/06\/corona-5153949_640.jpg","width":640,"height":427},"datePublished":"2020-06-03T14:37:02+02:00","dateModified":"2020-06-03T14:37:02+02:00","inLanguage":"es-ES","mainEntityOfPage":{"@id":"https:\/\/www.eldigitaldeasturias.com\/noticias\/asturias-solicita-el-paso-a-la-fase-3-de-la-desescalada\/#webpage"},"isPartOf":{"@id":"https:\/\/www.eldigitaldeasturias.com\/noticias\/asturias-solicita-el-paso-a-la-fase-3-de-la-desescalada\/#webpage"},"articleSection":"Actualidad Asturias, Destacadas"},{"@type":"BreadcrumbList","@id":"https:\/\/www.eldigitaldeasturias.com\/noticias\/asturias-solicita-el-paso-a-la-fase-3-de-la-desescalada\/#breadcrumblist","itemListElement":[{"@type":"ListItem","@id":"https:\/\/www.eldigitaldeasturias.com\/noticias#listItem","position":1,"name":"Home","item":"https:\/\/www.eldigitaldeasturias.com\/noticias","nextItem":{"@type":"ListItem","@id":"https:\/\/www.eldigitaldeasturias.com\/noticias\/category\/actualidad-asturias\/#listItem","name":"Actualidad Asturias"}},{"@type":"ListItem","@id":"https:\/\/www.eldigitaldeasturias.com\/noticias\/category\/actualidad-asturias\/#listItem","position":2,"name":"Actualidad Asturias","item":"https:\/\/www.eldigitaldeasturias.com\/noticias\/category\/actualidad-asturias\/","nextItem":{"@type":"ListItem","@id":"https:\/\/www.eldigitaldeasturias.com\/noticias\/asturias-solicita-el-paso-a-la-fase-3-de-la-desescalada\/#listItem","name":"Asturias solicita el paso a la fase 3 de la desescalada"},"previousItem":{"@type":"ListItem","@id":"https:\/\/www.eldigitaldeasturias.com\/noticias#listItem","name":"Home"}},{"@type":"ListItem","@id":"https:\/\/www.eldigitaldeasturias.com\/noticias\/asturias-solicita-el-paso-a-la-fase-3-de-la-desescalada\/#listItem","position":3,"name":"Asturias solicita el paso a la fase 3 de la desescalada","previousItem":{"@type":"ListItem","@id":"https:\/\/www.eldigitaldeasturias.com\/noticias\/category\/actualidad-asturias\/#listItem","name":"Actualidad Asturias"}}]},{"@type":"Organization","@id":"https:\/\/www.eldigitaldeasturias.com\/noticias\/#organization","name":"El Digital de Asturias","description":"Hemeroteca","url":"https:\/\/www.eldigitaldeasturias.com\/noticias\/","email":"info@eldigitaldeasturias.com","telephone":"+34652131393","logo":{"@type":"ImageObject","url":"https:\/\/www.eldigitaldeasturias.com\/noticias\/wp-content\/uploads\/2020\/12\/EDA.jpg","@id":"https:\/\/www.eldigitaldeasturias.com\/noticias\/asturias-solicita-el-paso-a-la-fase-3-de-la-desescalada\/#organizationLogo","width":649,"height":297},"image":{"@id":"https:\/\/www.eldigitaldeasturias.com\/noticias\/asturias-solicita-el-paso-a-la-fase-3-de-la-desescalada\/#organizationLogo"},"sameAs":["https:\/\/facebook.com\/eldigitaldeasturias","https:\/\/www.youtube.com\/channel\/UCZP-2wLEB9Rv6erhFmqVnvg"],"address":{"@id":"https:\/\/www.eldigitaldeasturias.com\/noticias\/#postaladdress","@type":"PostalAddress","streetAddress":"san antonio 4,","postalCode":"33430","addressLocality":"Cand\u00e1s","addressRegion":"Asturias","addressCountry":"ES"}},{"@type":"Person","@id":"https:\/\/www.eldigitaldeasturias.com\/noticias\/author\/admin\/#author","url":"https:\/\/www.eldigitaldeasturias.com\/noticias\/author\/admin\/","name":"El Digital de Asturias","image":{"@type":"ImageObject","@id":"https:\/\/www.eldigitaldeasturias.com\/noticias\/asturias-solicita-el-paso-a-la-fase-3-de-la-desescalada\/#authorImage","url":"https:\/\/www.eldigitaldeasturias.com\/noticias\/wp-content\/litespeed\/avatar\/18677e78aa0546b92d9dbf31ec7d7668.jpg?ver=1777290358","width":96,"height":96,"caption":"El Digital de Asturias"}},{"@type":"WebPage","@id":"https:\/\/www.eldigitaldeasturias.com\/noticias\/asturias-solicita-el-paso-a-la-fase-3-de-la-desescalada\/#webpage","url":"https:\/\/www.eldigitaldeasturias.com\/noticias\/asturias-solicita-el-paso-a-la-fase-3-de-la-desescalada\/","name":"Asturias solicita el paso a la fase 3 de la desescalada - El Digital de Asturias","description":"El Gobierno del Principado ha decidido solicitar el paso de la comunidad aut\u00f3noma a la tercera etapa de la desescalada. Si esta propuesta es aceptada, Asturias iniciar\u00e1 la fase 3 el lunes 8 de junio y se mantendr\u00e1 en la misma durante dos semanas, hasta el d\u00eda 21, cuando est\u00e1 prevista la finalizaci\u00f3n del estado","inLanguage":"es-ES","isPartOf":{"@id":"https:\/\/www.eldigitaldeasturias.com\/noticias\/#website"},"breadcrumb":{"@id":"https:\/\/www.eldigitaldeasturias.com\/noticias\/asturias-solicita-el-paso-a-la-fase-3-de-la-desescalada\/#breadcrumblist"},"author":{"@id":"https:\/\/www.eldigitaldeasturias.com\/noticias\/author\/admin\/#author"},"creator":{"@id":"https:\/\/www.eldigitaldeasturias.com\/noticias\/author\/admin\/#author"},"image":{"@type":"ImageObject","url":"https:\/\/www.eldigitaldeasturias.com\/noticias\/wp-content\/uploads\/2020\/06\/corona-5153949_640.jpg","@id":"https:\/\/www.eldigitaldeasturias.com\/noticias\/asturias-solicita-el-paso-a-la-fase-3-de-la-desescalada\/#mainImage","width":640,"height":427},"primaryImageOfPage":{"@id":"https:\/\/www.eldigitaldeasturias.com\/noticias\/asturias-solicita-el-paso-a-la-fase-3-de-la-desescalada\/#mainImage"},"datePublished":"2020-06-03T14:37:02+02:00","dateModified":"2020-06-03T14:37:02+02:00"},{"@type":"WebSite","@id":"https:\/\/www.eldigitaldeasturias.com\/noticias\/#website","url":"https:\/\/www.eldigitaldeasturias.com\/noticias\/","name":"El Digital de Asturias - Diario de actualidad y noticias","alternateName":"El Digital de Asturias - Diario de actualidad y noticias","description":"Hemeroteca","inLanguage":"es-ES","publisher":{"@id":"https:\/\/www.eldigitaldeasturias.com\/noticias\/#organization"}}]},"og:locale":"es_ES","og:site_name":"El Digital de Asturias","og:type":"article","og:title":"Asturias solicita el paso a la fase 3 de la desescalada - El Digital de Asturias","og:description":"El Gobierno del Principado ha decidido solicitar el paso de la comunidad aut\u00f3noma a la tercera etapa de la desescalada. Si esta propuesta es aceptada, Asturias iniciar\u00e1 la fase 3 el lunes 8 de junio y se mantendr\u00e1 en la misma durante dos semanas, hasta el d\u00eda 21, cuando est\u00e1 prevista la finalizaci\u00f3n del estado","og:url":"https:\/\/www.eldigitaldeasturias.com\/noticias\/asturias-solicita-el-paso-a-la-fase-3-de-la-desescalada\/","og:image":"https:\/\/www.eldigitaldeasturias.com\/noticias\/wp-content\/uploads\/2020\/06\/corona-5153949_640.jpg","og:image:secure_url":"https:\/\/www.eldigitaldeasturias.com\/noticias\/wp-content\/uploads\/2020\/06\/corona-5153949_640.jpg","og:image:width":640,"og:image:height":427,"article:tag":["actualidad asturias","destacadas"],"article:published_time":"2020-06-03T12:37:02+00:00","article:modified_time":"2020-06-03T12:37:02+00:00","article:publisher":"https:\/\/facebook.com\/eldigitaldeasturias","twitter:card":"summary_large_image","twitter:title":"Asturias solicita el paso a la fase 3 de la desescalada - El Digital de Asturias","twitter:description":"El Gobierno del Principado ha decidido solicitar el paso de la comunidad aut\u00f3noma a la tercera etapa de la desescalada. Si esta propuesta es aceptada, Asturias iniciar\u00e1 la fase 3 el lunes 8 de junio y se mantendr\u00e1 en la misma durante dos semanas, hasta el d\u00eda 21, cuando est\u00e1 prevista la finalizaci\u00f3n del estado","twitter:image":"https:\/\/www.eldigitaldeasturias.com\/noticias\/wp-content\/uploads\/2020\/06\/corona-5153949_640.jpg","twitter:label1":"Escrito por","twitter:data1":"El Digital de Asturias","twitter:label2":"Tiempo de lectura estimado","twitter:data2":"2 minutos"},"aioseo_meta_data":{"post_id":"1067378","title":null,"description":null,"keywords":null,"keyphrases":null,"primary_term":null,"canonical_url":null,"og_title":null,"og_description":null,"og_object_type":"default","og_image_type":"default","og_image_url":null,"og_image_width":null,"og_image_height":null,"og_image_custom_url":null,"og_image_custom_fields":null,"og_video":null,"og_custom_url":null,"og_article_section":null,"og_article_tags":null,"twitter_use_og":false,"twitter_card":"default","twitter_image_type":"default","twitter_image_url":null,"twitter_image_custom_url":null,"twitter_image_custom_fields":null,"twitter_title":null,"twitter_description":null,"schema":{"blockGraphs":[],"customGraphs":[],"default":{"data":{"Article":[],"Course":[],"Dataset":[],"FAQPage":[],"Movie":[],"Person":[],"Product":[],"ProductReview":[],"Car":[],"Recipe":[],"Service":[],"SoftwareApplication":[],"WebPage":[]},"graphName":"","isEnabled":true},"graphs":[],"defaultGraph":"","defaultPostTypeGraph":""},"schema_type":null,"schema_type_options":null,"pillar_content":false,"robots_default":true,"robots_noindex":false,"robots_noarchive":false,"robots_nosnippet":false,"robots_nofollow":false,"robots_noimageindex":false,"robots_noodp":false,"robots_notranslate":false,"robots_max_snippet":null,"robots_max_videopreview":null,"robots_max_imagepreview":"large","priority":null,"frequency":null,"local_seo":null,"seo_analyzer_scan_date":"2025-09-12 15:17:53","breadcrumb_settings":null,"limit_modified_date":false,"open_ai":null,"ai":null,"created":"2020-12-21 10:48:38","updated":"2025-09-12 15:17:53"},"aioseo_breadcrumb":"<div class=\"aioseo-breadcrumbs\"><span class=\"aioseo-breadcrumb\">\n\t<a href=\"https:\/\/www.eldigitaldeasturias.com\/noticias\" title=\"Home\">Home<\/a>\n<\/span><span class=\"aioseo-breadcrumb-separator\">\u2013<\/span><span class=\"aioseo-breadcrumb\">\n\t<a href=\"https:\/\/www.eldigitaldeasturias.com\/noticias\/category\/actualidad-asturias\/\" title=\"Actualidad Asturias\">Actualidad Asturias<\/a>\n<\/span><span class=\"aioseo-breadcrumb-separator\">\u2013<\/span><span class=\"aioseo-breadcrumb\">\n\t<a href=\"https:\/\/www.eldigitaldeasturias.com\/noticias\/asturias-solicita-el-paso-a-la-fase-3-de-la-desescalada\/\" title=\"Asturias solicita el paso a la fase 3 de la desescalada\">Asturias solicita el paso a la fase 3 de la desescalada<\/a>\n<\/span><\/div>","aioseo_breadcrumb_json":[{"label":"Home","link":"https:\/\/www.eldigitaldeasturias.com\/noticias"},{"label":"Actualidad Asturias","link":"https:\/\/www.eldigitaldeasturias.com\/noticias\/category\/actualidad-asturias\/"},{"label":"Asturias solicita el paso a la fase 3 de la desescalada","link":"https:\/\/www.eldigitaldeasturias.com\/noticias\/asturias-solicita-el-paso-a-la-fase-3-de-la-desescalada\/"}],"_links":{"self":[{"href":"https:\/\/www.eldigitaldeasturias.com\/noticias\/wp-json\/wp\/v2\/posts\/1067378","targetHints":{"allow":["GET"]}}],"collection":[{"href":"https:\/\/www.eldigitaldeasturias.com\/noticias\/wp-json\/wp\/v2\/posts"}],"about":[{"href":"https:\/\/www.eldigitaldeasturias.com\/noticias\/wp-json\/wp\/v2\/types\/post"}],"author":[{"embeddable":true,"href":"https:\/\/www.eldigitaldeasturias.com\/noticias\/wp-json\/wp\/v2\/users\/1"}],"replies":[{"embeddable":true,"href":"https:\/\/www.eldigitaldeasturias.com\/noticias\/wp-json\/wp\/v2\/comments?post=1067378"}],"version-history":[{"count":0,"href":"https:\/\/www.eldigitaldeasturias.com\/noticias\/wp-json\/wp\/v2\/posts\/1067378\/revisions"}],"wp:featuredmedia":[{"embeddable":true,"href":"https:\/\/www.eldigitaldeasturias.com\/noticias\/wp-json\/wp\/v2\/media\/1067379"}],"wp:attachment":[{"href":"https:\/\/www.eldigitaldeasturias.com\/noticias\/wp-json\/wp\/v2\/media?parent=1067378"}],"wp:term":[{"taxonomy":"category","embeddable":true,"href":"https:\/\/www.eldigitaldeasturias.com\/noticias\/wp-json\/wp\/v2\/categories?post=1067378"},{"taxonomy":"post_tag","embeddable":true,"href":"https:\/\/www.eldigitaldeasturias.com\/noticias\/wp-json\/wp\/v2\/tags?post=1067378"}],"curies":[{"name":"wp","href":"https:\/\/api.w.org\/{rel}","templated":true}]}}