{"id":1067365,"date":"2020-06-03T12:15:04","date_gmt":"2020-06-03T10:15:04","guid":{"rendered":"https:\/\/www.eldigitaldeasturias.com\/noticias\/?p=1067365"},"modified":"2020-06-03T12:15:04","modified_gmt":"2020-06-03T10:15:04","slug":"el-gran-velero-sea-cloud-spirit-retrasa-su-botadura","status":"publish","type":"post","link":"https:\/\/www.eldigitaldeasturias.com\/noticias\/el-gran-velero-sea-cloud-spirit-retrasa-su-botadura\/","title":{"rendered":"El gran velero \u00abSea Cloud Spirit\u00bb retrasa su botadura"},"content":{"rendered":"<p><img loading=\"lazy\" decoding=\"async\" class=\"alignleft size-medium wp-image-1067366\" src=\"https:\/\/www.eldigitaldeasturias.com\/noticias\/wp-content\/uploads\/2020\/06\/black-sea-4541692_640-360x240.jpg\" alt=\"\" width=\"360\" height=\"240\" srcset=\"https:\/\/www.eldigitaldeasturias.com\/noticias\/wp-content\/uploads\/2020\/06\/black-sea-4541692_640-360x240.jpg 360w, https:\/\/www.eldigitaldeasturias.com\/noticias\/wp-content\/uploads\/2020\/06\/black-sea-4541692_640-451x300.jpg 451w, https:\/\/www.eldigitaldeasturias.com\/noticias\/wp-content\/uploads\/2020\/06\/black-sea-4541692_640-631x420.jpg 631w, https:\/\/www.eldigitaldeasturias.com\/noticias\/wp-content\/uploads\/2020\/06\/black-sea-4541692_640.jpg 640w\" sizes=\"auto, (max-width: 360px) 100vw, 360px\" \/>(dpa) &#8211; El crucero \u00abSea Cloud Spirit\u00bb, un gran velero de tres m\u00e1stiles y 138 metros de eslora, ser\u00e1 botado m\u00e1s tarde de lo previsto como resultado de la crisis del coronavirus.<\/p>\n<p>El barco se estaba construyendo en un astillero de Vigo, en Espa\u00f1a, y los trabajos tuvieron que ser interrumpidos completamente durante varias semanas debido al confinamiento total declarado en todo el pa\u00eds, seg\u00fan inform\u00f3 la compa\u00f1\u00eda naviera Sea Cloud Cruises.<\/p>\n<p>El viaje inaugural estaba programado para zarpar el 29 de agosto, pero ante el retraso provocado por la pandemia, la compa\u00f1\u00eda anunciar\u00e1 sus planes en cuanto el astillero comunique la nueva fecha de entrega.<\/p>\n","protected":false},"excerpt":{"rendered":"<p>(dpa) &#8211; El crucero \u00abSea Cloud Spirit\u00bb, un gran velero de tres m\u00e1stiles y 138 metros de eslora, ser\u00e1 botado m\u00e1s tarde de lo previsto como resultado de la crisis del coronavirus. El barco se estaba construyendo en un astillero de Vigo, en Espa\u00f1a, y los trabajos tuvieron que ser interrumpidos completamente durante varias semanas [&hellip;]<\/p>\n","protected":false},"author":1,"featured_media":1067366,"comment_status":"closed","ping_status":"closed","sticky":false,"template":"","format":"standard","meta":{"footnotes":""},"categories":[148],"tags":[],"class_list":["post-1067365","post","type-post","status-publish","format-standard","has-post-thumbnail","hentry","category-turismo"],"aioseo_notices":[],"aioseo_head":"\n\t\t<!-- All in One SEO Pro 4.9.6.2 - aioseo.com -->\n\t<meta name=\"description\" content=\"(dpa) - El crucero &quot;Sea Cloud Spirit&quot;, un gran velero de tres m\u00e1stiles y 138 metros de eslora, ser\u00e1 botado m\u00e1s tarde de lo previsto como resultado de la crisis del coronavirus. El barco se estaba construyendo en un astillero de Vigo, en Espa\u00f1a, y los trabajos tuvieron que ser interrumpidos completamente durante varias semanas\" \/>\n\t<meta name=\"robots\" content=\"max-image-preview:large\" \/>\n\t<meta name=\"author\" content=\"El Digital de Asturias\"\/>\n\t<meta name=\"google-site-verification\" content=\"UA-38556648-1\" \/>\n\t<meta name=\"msvalidate.01\" content=\"7dfe9f3f1b24437ab69f4f2559babe99\" \/>\n\t<meta name=\"keywords\" content=\"turismo\" \/>\n\t<link rel=\"canonical\" href=\"https:\/\/www.eldigitaldeasturias.com\/noticias\/el-gran-velero-sea-cloud-spirit-retrasa-su-botadura\/\" \/>\n\t<meta name=\"generator\" content=\"All in One SEO Pro (AIOSEO) 4.9.6.2\" \/>\n\t\t<meta property=\"og:locale\" content=\"es_ES\" \/>\n\t\t<meta property=\"og:site_name\" content=\"El Digital de Asturias\" \/>\n\t\t<meta property=\"og:type\" content=\"article\" \/>\n\t\t<meta property=\"og:title\" content=\"El gran velero \u00abSea Cloud Spirit\u00bb retrasa su botadura - El Digital de Asturias\" \/>\n\t\t<meta property=\"og:description\" content=\"(dpa) - El crucero &quot;Sea Cloud Spirit&quot;, un gran velero de tres m\u00e1stiles y 138 metros de eslora, ser\u00e1 botado m\u00e1s tarde de lo previsto como resultado de la crisis del coronavirus. El barco se estaba construyendo en un astillero de Vigo, en Espa\u00f1a, y los trabajos tuvieron que ser interrumpidos completamente durante varias semanas\" \/>\n\t\t<meta property=\"og:url\" content=\"https:\/\/www.eldigitaldeasturias.com\/noticias\/el-gran-velero-sea-cloud-spirit-retrasa-su-botadura\/\" \/>\n\t\t<meta property=\"og:image\" content=\"https:\/\/www.eldigitaldeasturias.com\/noticias\/wp-content\/uploads\/2020\/06\/black-sea-4541692_640.jpg\" \/>\n\t\t<meta property=\"og:image:secure_url\" content=\"https:\/\/www.eldigitaldeasturias.com\/noticias\/wp-content\/uploads\/2020\/06\/black-sea-4541692_640.jpg\" \/>\n\t\t<meta property=\"og:image:width\" content=\"640\" \/>\n\t\t<meta property=\"og:image:height\" content=\"426\" \/>\n\t\t<meta property=\"article:tag\" content=\"turismo\" \/>\n\t\t<meta property=\"article:published_time\" content=\"2020-06-03T10:15:04+00:00\" \/>\n\t\t<meta property=\"article:modified_time\" content=\"2020-06-03T10:15:04+00:00\" \/>\n\t\t<meta property=\"article:publisher\" content=\"https:\/\/facebook.com\/eldigitaldeasturias\" \/>\n\t\t<meta name=\"twitter:card\" content=\"summary_large_image\" \/>\n\t\t<meta name=\"twitter:title\" content=\"El gran velero \u00abSea Cloud Spirit\u00bb retrasa su botadura - El Digital de Asturias\" \/>\n\t\t<meta name=\"twitter:description\" content=\"(dpa) - El crucero &quot;Sea Cloud Spirit&quot;, un gran velero de tres m\u00e1stiles y 138 metros de eslora, ser\u00e1 botado m\u00e1s tarde de lo previsto como resultado de la crisis del coronavirus. El barco se estaba construyendo en un astillero de Vigo, en Espa\u00f1a, y los trabajos tuvieron que ser interrumpidos completamente durante varias semanas\" \/>\n\t\t<meta name=\"twitter:image\" content=\"https:\/\/www.eldigitaldeasturias.com\/noticias\/wp-content\/uploads\/2020\/06\/black-sea-4541692_640.jpg\" \/>\n\t\t<meta name=\"twitter:label1\" content=\"Escrito por\" \/>\n\t\t<meta name=\"twitter:data1\" content=\"El Digital de Asturias\" \/>\n\t\t<meta name=\"twitter:label2\" content=\"Tiempo de lectura estimado\" \/>\n\t\t<meta name=\"twitter:data2\" content=\"1 minuto\" \/>\n\t\t<script type=\"application\/ld+json\" class=\"aioseo-schema\">\n\t\t\t{\"@context\":\"https:\\\/\\\/schema.org\",\"@graph\":[{\"@type\":\"BlogPosting\",\"@id\":\"https:\\\/\\\/www.eldigitaldeasturias.com\\\/noticias\\\/el-gran-velero-sea-cloud-spirit-retrasa-su-botadura\\\/#blogposting\",\"name\":\"El gran velero \\u00abSea Cloud Spirit\\u00bb retrasa su botadura - El Digital de Asturias\",\"headline\":\"El gran velero \\u00abSea Cloud Spirit\\u00bb retrasa su botadura\",\"author\":{\"@id\":\"https:\\\/\\\/www.eldigitaldeasturias.com\\\/noticias\\\/author\\\/admin\\\/#author\"},\"publisher\":{\"@id\":\"https:\\\/\\\/www.eldigitaldeasturias.com\\\/noticias\\\/#organization\"},\"image\":{\"@type\":\"ImageObject\",\"url\":\"https:\\\/\\\/www.eldigitaldeasturias.com\\\/noticias\\\/wp-content\\\/uploads\\\/2020\\\/06\\\/black-sea-4541692_640.jpg\",\"width\":640,\"height\":426},\"datePublished\":\"2020-06-03T12:15:04+02:00\",\"dateModified\":\"2020-06-03T12:15:04+02:00\",\"inLanguage\":\"es-ES\",\"mainEntityOfPage\":{\"@id\":\"https:\\\/\\\/www.eldigitaldeasturias.com\\\/noticias\\\/el-gran-velero-sea-cloud-spirit-retrasa-su-botadura\\\/#webpage\"},\"isPartOf\":{\"@id\":\"https:\\\/\\\/www.eldigitaldeasturias.com\\\/noticias\\\/el-gran-velero-sea-cloud-spirit-retrasa-su-botadura\\\/#webpage\"},\"articleSection\":\"Turismo\"},{\"@type\":\"BreadcrumbList\",\"@id\":\"https:\\\/\\\/www.eldigitaldeasturias.com\\\/noticias\\\/el-gran-velero-sea-cloud-spirit-retrasa-su-botadura\\\/#breadcrumblist\",\"itemListElement\":[{\"@type\":\"ListItem\",\"@id\":\"https:\\\/\\\/www.eldigitaldeasturias.com\\\/noticias#listItem\",\"position\":1,\"name\":\"Home\",\"item\":\"https:\\\/\\\/www.eldigitaldeasturias.com\\\/noticias\",\"nextItem\":{\"@type\":\"ListItem\",\"@id\":\"https:\\\/\\\/www.eldigitaldeasturias.com\\\/noticias\\\/category\\\/turismo\\\/#listItem\",\"name\":\"Turismo\"}},{\"@type\":\"ListItem\",\"@id\":\"https:\\\/\\\/www.eldigitaldeasturias.com\\\/noticias\\\/category\\\/turismo\\\/#listItem\",\"position\":2,\"name\":\"Turismo\",\"item\":\"https:\\\/\\\/www.eldigitaldeasturias.com\\\/noticias\\\/category\\\/turismo\\\/\",\"nextItem\":{\"@type\":\"ListItem\",\"@id\":\"https:\\\/\\\/www.eldigitaldeasturias.com\\\/noticias\\\/el-gran-velero-sea-cloud-spirit-retrasa-su-botadura\\\/#listItem\",\"name\":\"El gran velero \\u00abSea Cloud Spirit\\u00bb retrasa su botadura\"},\"previousItem\":{\"@type\":\"ListItem\",\"@id\":\"https:\\\/\\\/www.eldigitaldeasturias.com\\\/noticias#listItem\",\"name\":\"Home\"}},{\"@type\":\"ListItem\",\"@id\":\"https:\\\/\\\/www.eldigitaldeasturias.com\\\/noticias\\\/el-gran-velero-sea-cloud-spirit-retrasa-su-botadura\\\/#listItem\",\"position\":3,\"name\":\"El gran velero \\u00abSea Cloud Spirit\\u00bb retrasa su botadura\",\"previousItem\":{\"@type\":\"ListItem\",\"@id\":\"https:\\\/\\\/www.eldigitaldeasturias.com\\\/noticias\\\/category\\\/turismo\\\/#listItem\",\"name\":\"Turismo\"}}]},{\"@type\":\"Organization\",\"@id\":\"https:\\\/\\\/www.eldigitaldeasturias.com\\\/noticias\\\/#organization\",\"name\":\"El Digital de Asturias\",\"description\":\"Hemeroteca\",\"url\":\"https:\\\/\\\/www.eldigitaldeasturias.com\\\/noticias\\\/\",\"email\":\"info@eldigitaldeasturias.com\",\"telephone\":\"+34652131393\",\"logo\":{\"@type\":\"ImageObject\",\"url\":\"https:\\\/\\\/www.eldigitaldeasturias.com\\\/noticias\\\/wp-content\\\/uploads\\\/2020\\\/12\\\/EDA.jpg\",\"@id\":\"https:\\\/\\\/www.eldigitaldeasturias.com\\\/noticias\\\/el-gran-velero-sea-cloud-spirit-retrasa-su-botadura\\\/#organizationLogo\",\"width\":649,\"height\":297},\"image\":{\"@id\":\"https:\\\/\\\/www.eldigitaldeasturias.com\\\/noticias\\\/el-gran-velero-sea-cloud-spirit-retrasa-su-botadura\\\/#organizationLogo\"},\"sameAs\":[\"https:\\\/\\\/facebook.com\\\/eldigitaldeasturias\",\"https:\\\/\\\/www.youtube.com\\\/channel\\\/UCZP-2wLEB9Rv6erhFmqVnvg\"],\"address\":{\"@id\":\"https:\\\/\\\/www.eldigitaldeasturias.com\\\/noticias\\\/#postaladdress\",\"@type\":\"PostalAddress\",\"streetAddress\":\"san antonio 4,\",\"postalCode\":\"33430\",\"addressLocality\":\"Cand\\u00e1s\",\"addressRegion\":\"Asturias\",\"addressCountry\":\"ES\"}},{\"@type\":\"Person\",\"@id\":\"https:\\\/\\\/www.eldigitaldeasturias.com\\\/noticias\\\/author\\\/admin\\\/#author\",\"url\":\"https:\\\/\\\/www.eldigitaldeasturias.com\\\/noticias\\\/author\\\/admin\\\/\",\"name\":\"El Digital de Asturias\",\"image\":{\"@type\":\"ImageObject\",\"@id\":\"https:\\\/\\\/www.eldigitaldeasturias.com\\\/noticias\\\/el-gran-velero-sea-cloud-spirit-retrasa-su-botadura\\\/#authorImage\",\"url\":\"https:\\\/\\\/www.eldigitaldeasturias.com\\\/noticias\\\/wp-content\\\/litespeed\\\/avatar\\\/18677e78aa0546b92d9dbf31ec7d7668.jpg?ver=1776685526\",\"width\":96,\"height\":96,\"caption\":\"El Digital de Asturias\"}},{\"@type\":\"WebPage\",\"@id\":\"https:\\\/\\\/www.eldigitaldeasturias.com\\\/noticias\\\/el-gran-velero-sea-cloud-spirit-retrasa-su-botadura\\\/#webpage\",\"url\":\"https:\\\/\\\/www.eldigitaldeasturias.com\\\/noticias\\\/el-gran-velero-sea-cloud-spirit-retrasa-su-botadura\\\/\",\"name\":\"El gran velero \\u00abSea Cloud Spirit\\u00bb retrasa su botadura - El Digital de Asturias\",\"description\":\"(dpa) - El crucero \\\"Sea Cloud Spirit\\\", un gran velero de tres m\\u00e1stiles y 138 metros de eslora, ser\\u00e1 botado m\\u00e1s tarde de lo previsto como resultado de la crisis del coronavirus. El barco se estaba construyendo en un astillero de Vigo, en Espa\\u00f1a, y los trabajos tuvieron que ser interrumpidos completamente durante varias semanas\",\"inLanguage\":\"es-ES\",\"isPartOf\":{\"@id\":\"https:\\\/\\\/www.eldigitaldeasturias.com\\\/noticias\\\/#website\"},\"breadcrumb\":{\"@id\":\"https:\\\/\\\/www.eldigitaldeasturias.com\\\/noticias\\\/el-gran-velero-sea-cloud-spirit-retrasa-su-botadura\\\/#breadcrumblist\"},\"author\":{\"@id\":\"https:\\\/\\\/www.eldigitaldeasturias.com\\\/noticias\\\/author\\\/admin\\\/#author\"},\"creator\":{\"@id\":\"https:\\\/\\\/www.eldigitaldeasturias.com\\\/noticias\\\/author\\\/admin\\\/#author\"},\"image\":{\"@type\":\"ImageObject\",\"url\":\"https:\\\/\\\/www.eldigitaldeasturias.com\\\/noticias\\\/wp-content\\\/uploads\\\/2020\\\/06\\\/black-sea-4541692_640.jpg\",\"@id\":\"https:\\\/\\\/www.eldigitaldeasturias.com\\\/noticias\\\/el-gran-velero-sea-cloud-spirit-retrasa-su-botadura\\\/#mainImage\",\"width\":640,\"height\":426},\"primaryImageOfPage\":{\"@id\":\"https:\\\/\\\/www.eldigitaldeasturias.com\\\/noticias\\\/el-gran-velero-sea-cloud-spirit-retrasa-su-botadura\\\/#mainImage\"},\"datePublished\":\"2020-06-03T12:15:04+02:00\",\"dateModified\":\"2020-06-03T12:15:04+02:00\"},{\"@type\":\"WebSite\",\"@id\":\"https:\\\/\\\/www.eldigitaldeasturias.com\\\/noticias\\\/#website\",\"url\":\"https:\\\/\\\/www.eldigitaldeasturias.com\\\/noticias\\\/\",\"name\":\"El Digital de Asturias - Diario de actualidad y noticias\",\"alternateName\":\"El Digital de Asturias - Diario de actualidad y noticias\",\"description\":\"Hemeroteca\",\"inLanguage\":\"es-ES\",\"publisher\":{\"@id\":\"https:\\\/\\\/www.eldigitaldeasturias.com\\\/noticias\\\/#organization\"}}]}\n\t\t<\/script>\n\t\t<!-- All in One SEO Pro -->\r\n\t\t<title>El gran velero \u00abSea Cloud Spirit\u00bb retrasa su botadura - El Digital de Asturias<\/title>\n\n","aioseo_head_json":{"title":"El gran velero \u00abSea Cloud Spirit\u00bb retrasa su botadura - El Digital de Asturias","description":"(dpa) - El crucero \"Sea Cloud Spirit\", un gran velero de tres m\u00e1stiles y 138 metros de eslora, ser\u00e1 botado m\u00e1s tarde de lo previsto como resultado de la crisis del coronavirus. El barco se estaba construyendo en un astillero de Vigo, en Espa\u00f1a, y los trabajos tuvieron que ser interrumpidos completamente durante varias semanas","canonical_url":"https:\/\/www.eldigitaldeasturias.com\/noticias\/el-gran-velero-sea-cloud-spirit-retrasa-su-botadura\/","robots":"max-image-preview:large","keywords":"turismo","webmasterTools":{"google-site-verification":"UA-38556648-1","msvalidate.01":"7dfe9f3f1b24437ab69f4f2559babe99","miscellaneous":""},"schema":{"@context":"https:\/\/schema.org","@graph":[{"@type":"BlogPosting","@id":"https:\/\/www.eldigitaldeasturias.com\/noticias\/el-gran-velero-sea-cloud-spirit-retrasa-su-botadura\/#blogposting","name":"El gran velero \u00abSea Cloud Spirit\u00bb retrasa su botadura - El Digital de Asturias","headline":"El gran velero \u00abSea Cloud Spirit\u00bb retrasa su botadura","author":{"@id":"https:\/\/www.eldigitaldeasturias.com\/noticias\/author\/admin\/#author"},"publisher":{"@id":"https:\/\/www.eldigitaldeasturias.com\/noticias\/#organization"},"image":{"@type":"ImageObject","url":"https:\/\/www.eldigitaldeasturias.com\/noticias\/wp-content\/uploads\/2020\/06\/black-sea-4541692_640.jpg","width":640,"height":426},"datePublished":"2020-06-03T12:15:04+02:00","dateModified":"2020-06-03T12:15:04+02:00","inLanguage":"es-ES","mainEntityOfPage":{"@id":"https:\/\/www.eldigitaldeasturias.com\/noticias\/el-gran-velero-sea-cloud-spirit-retrasa-su-botadura\/#webpage"},"isPartOf":{"@id":"https:\/\/www.eldigitaldeasturias.com\/noticias\/el-gran-velero-sea-cloud-spirit-retrasa-su-botadura\/#webpage"},"articleSection":"Turismo"},{"@type":"BreadcrumbList","@id":"https:\/\/www.eldigitaldeasturias.com\/noticias\/el-gran-velero-sea-cloud-spirit-retrasa-su-botadura\/#breadcrumblist","itemListElement":[{"@type":"ListItem","@id":"https:\/\/www.eldigitaldeasturias.com\/noticias#listItem","position":1,"name":"Home","item":"https:\/\/www.eldigitaldeasturias.com\/noticias","nextItem":{"@type":"ListItem","@id":"https:\/\/www.eldigitaldeasturias.com\/noticias\/category\/turismo\/#listItem","name":"Turismo"}},{"@type":"ListItem","@id":"https:\/\/www.eldigitaldeasturias.com\/noticias\/category\/turismo\/#listItem","position":2,"name":"Turismo","item":"https:\/\/www.eldigitaldeasturias.com\/noticias\/category\/turismo\/","nextItem":{"@type":"ListItem","@id":"https:\/\/www.eldigitaldeasturias.com\/noticias\/el-gran-velero-sea-cloud-spirit-retrasa-su-botadura\/#listItem","name":"El gran velero \u00abSea Cloud Spirit\u00bb retrasa su botadura"},"previousItem":{"@type":"ListItem","@id":"https:\/\/www.eldigitaldeasturias.com\/noticias#listItem","name":"Home"}},{"@type":"ListItem","@id":"https:\/\/www.eldigitaldeasturias.com\/noticias\/el-gran-velero-sea-cloud-spirit-retrasa-su-botadura\/#listItem","position":3,"name":"El gran velero \u00abSea Cloud Spirit\u00bb retrasa su botadura","previousItem":{"@type":"ListItem","@id":"https:\/\/www.eldigitaldeasturias.com\/noticias\/category\/turismo\/#listItem","name":"Turismo"}}]},{"@type":"Organization","@id":"https:\/\/www.eldigitaldeasturias.com\/noticias\/#organization","name":"El Digital de Asturias","description":"Hemeroteca","url":"https:\/\/www.eldigitaldeasturias.com\/noticias\/","email":"info@eldigitaldeasturias.com","telephone":"+34652131393","logo":{"@type":"ImageObject","url":"https:\/\/www.eldigitaldeasturias.com\/noticias\/wp-content\/uploads\/2020\/12\/EDA.jpg","@id":"https:\/\/www.eldigitaldeasturias.com\/noticias\/el-gran-velero-sea-cloud-spirit-retrasa-su-botadura\/#organizationLogo","width":649,"height":297},"image":{"@id":"https:\/\/www.eldigitaldeasturias.com\/noticias\/el-gran-velero-sea-cloud-spirit-retrasa-su-botadura\/#organizationLogo"},"sameAs":["https:\/\/facebook.com\/eldigitaldeasturias","https:\/\/www.youtube.com\/channel\/UCZP-2wLEB9Rv6erhFmqVnvg"],"address":{"@id":"https:\/\/www.eldigitaldeasturias.com\/noticias\/#postaladdress","@type":"PostalAddress","streetAddress":"san antonio 4,","postalCode":"33430","addressLocality":"Cand\u00e1s","addressRegion":"Asturias","addressCountry":"ES"}},{"@type":"Person","@id":"https:\/\/www.eldigitaldeasturias.com\/noticias\/author\/admin\/#author","url":"https:\/\/www.eldigitaldeasturias.com\/noticias\/author\/admin\/","name":"El Digital de Asturias","image":{"@type":"ImageObject","@id":"https:\/\/www.eldigitaldeasturias.com\/noticias\/el-gran-velero-sea-cloud-spirit-retrasa-su-botadura\/#authorImage","url":"https:\/\/www.eldigitaldeasturias.com\/noticias\/wp-content\/litespeed\/avatar\/18677e78aa0546b92d9dbf31ec7d7668.jpg?ver=1776685526","width":96,"height":96,"caption":"El Digital de Asturias"}},{"@type":"WebPage","@id":"https:\/\/www.eldigitaldeasturias.com\/noticias\/el-gran-velero-sea-cloud-spirit-retrasa-su-botadura\/#webpage","url":"https:\/\/www.eldigitaldeasturias.com\/noticias\/el-gran-velero-sea-cloud-spirit-retrasa-su-botadura\/","name":"El gran velero \u00abSea Cloud Spirit\u00bb retrasa su botadura - El Digital de Asturias","description":"(dpa) - El crucero \"Sea Cloud Spirit\", un gran velero de tres m\u00e1stiles y 138 metros de eslora, ser\u00e1 botado m\u00e1s tarde de lo previsto como resultado de la crisis del coronavirus. El barco se estaba construyendo en un astillero de Vigo, en Espa\u00f1a, y los trabajos tuvieron que ser interrumpidos completamente durante varias semanas","inLanguage":"es-ES","isPartOf":{"@id":"https:\/\/www.eldigitaldeasturias.com\/noticias\/#website"},"breadcrumb":{"@id":"https:\/\/www.eldigitaldeasturias.com\/noticias\/el-gran-velero-sea-cloud-spirit-retrasa-su-botadura\/#breadcrumblist"},"author":{"@id":"https:\/\/www.eldigitaldeasturias.com\/noticias\/author\/admin\/#author"},"creator":{"@id":"https:\/\/www.eldigitaldeasturias.com\/noticias\/author\/admin\/#author"},"image":{"@type":"ImageObject","url":"https:\/\/www.eldigitaldeasturias.com\/noticias\/wp-content\/uploads\/2020\/06\/black-sea-4541692_640.jpg","@id":"https:\/\/www.eldigitaldeasturias.com\/noticias\/el-gran-velero-sea-cloud-spirit-retrasa-su-botadura\/#mainImage","width":640,"height":426},"primaryImageOfPage":{"@id":"https:\/\/www.eldigitaldeasturias.com\/noticias\/el-gran-velero-sea-cloud-spirit-retrasa-su-botadura\/#mainImage"},"datePublished":"2020-06-03T12:15:04+02:00","dateModified":"2020-06-03T12:15:04+02:00"},{"@type":"WebSite","@id":"https:\/\/www.eldigitaldeasturias.com\/noticias\/#website","url":"https:\/\/www.eldigitaldeasturias.com\/noticias\/","name":"El Digital de Asturias - Diario de actualidad y noticias","alternateName":"El Digital de Asturias - Diario de actualidad y noticias","description":"Hemeroteca","inLanguage":"es-ES","publisher":{"@id":"https:\/\/www.eldigitaldeasturias.com\/noticias\/#organization"}}]},"og:locale":"es_ES","og:site_name":"El Digital de Asturias","og:type":"article","og:title":"El gran velero \u00abSea Cloud Spirit\u00bb retrasa su botadura - El Digital de Asturias","og:description":"(dpa) - El crucero &quot;Sea Cloud Spirit&quot;, un gran velero de tres m\u00e1stiles y 138 metros de eslora, ser\u00e1 botado m\u00e1s tarde de lo previsto como resultado de la crisis del coronavirus. El barco se estaba construyendo en un astillero de Vigo, en Espa\u00f1a, y los trabajos tuvieron que ser interrumpidos completamente durante varias semanas","og:url":"https:\/\/www.eldigitaldeasturias.com\/noticias\/el-gran-velero-sea-cloud-spirit-retrasa-su-botadura\/","og:image":"https:\/\/www.eldigitaldeasturias.com\/noticias\/wp-content\/uploads\/2020\/06\/black-sea-4541692_640.jpg","og:image:secure_url":"https:\/\/www.eldigitaldeasturias.com\/noticias\/wp-content\/uploads\/2020\/06\/black-sea-4541692_640.jpg","og:image:width":640,"og:image:height":426,"article:tag":["turismo"],"article:published_time":"2020-06-03T10:15:04+00:00","article:modified_time":"2020-06-03T10:15:04+00:00","article:publisher":"https:\/\/facebook.com\/eldigitaldeasturias","twitter:card":"summary_large_image","twitter:title":"El gran velero \u00abSea Cloud Spirit\u00bb retrasa su botadura - El Digital de Asturias","twitter:description":"(dpa) - El crucero &quot;Sea Cloud Spirit&quot;, un gran velero de tres m\u00e1stiles y 138 metros de eslora, ser\u00e1 botado m\u00e1s tarde de lo previsto como resultado de la crisis del coronavirus. El barco se estaba construyendo en un astillero de Vigo, en Espa\u00f1a, y los trabajos tuvieron que ser interrumpidos completamente durante varias semanas","twitter:image":"https:\/\/www.eldigitaldeasturias.com\/noticias\/wp-content\/uploads\/2020\/06\/black-sea-4541692_640.jpg","twitter:label1":"Escrito por","twitter:data1":"El Digital de Asturias","twitter:label2":"Tiempo de lectura estimado","twitter:data2":"1 minuto"},"aioseo_meta_data":{"post_id":"1067365","title":null,"description":null,"keywords":null,"keyphrases":null,"primary_term":null,"canonical_url":null,"og_title":null,"og_description":null,"og_object_type":"default","og_image_type":"default","og_image_url":null,"og_image_width":null,"og_image_height":null,"og_image_custom_url":null,"og_image_custom_fields":null,"og_video":null,"og_custom_url":null,"og_article_section":null,"og_article_tags":null,"twitter_use_og":false,"twitter_card":"default","twitter_image_type":"default","twitter_image_url":null,"twitter_image_custom_url":null,"twitter_image_custom_fields":null,"twitter_title":null,"twitter_description":null,"schema":{"blockGraphs":[],"customGraphs":[],"default":{"data":{"Article":[],"Course":[],"Dataset":[],"FAQPage":[],"Movie":[],"Person":[],"Product":[],"ProductReview":[],"Car":[],"Recipe":[],"Service":[],"SoftwareApplication":[],"WebPage":[]},"graphName":"","isEnabled":true},"graphs":[],"defaultGraph":"","defaultPostTypeGraph":""},"schema_type":null,"schema_type_options":null,"pillar_content":false,"robots_default":true,"robots_noindex":false,"robots_noarchive":false,"robots_nosnippet":false,"robots_nofollow":false,"robots_noimageindex":false,"robots_noodp":false,"robots_notranslate":false,"robots_max_snippet":null,"robots_max_videopreview":null,"robots_max_imagepreview":"large","priority":null,"frequency":null,"local_seo":null,"seo_analyzer_scan_date":"2025-09-12 15:16:00","breadcrumb_settings":null,"limit_modified_date":false,"open_ai":null,"ai":null,"created":"2020-12-21 10:48:38","updated":"2025-09-12 15:16:00"},"aioseo_breadcrumb":"<div class=\"aioseo-breadcrumbs\"><span class=\"aioseo-breadcrumb\">\n\t<a href=\"https:\/\/www.eldigitaldeasturias.com\/noticias\" title=\"Home\">Home<\/a>\n<\/span><span class=\"aioseo-breadcrumb-separator\">\u2013<\/span><span class=\"aioseo-breadcrumb\">\n\t<a href=\"https:\/\/www.eldigitaldeasturias.com\/noticias\/category\/turismo\/\" title=\"Turismo\">Turismo<\/a>\n<\/span><span class=\"aioseo-breadcrumb-separator\">\u2013<\/span><span class=\"aioseo-breadcrumb\">\n\t<a href=\"https:\/\/www.eldigitaldeasturias.com\/noticias\/el-gran-velero-sea-cloud-spirit-retrasa-su-botadura\/\" title=\"El gran velero \u00abSea Cloud Spirit\u00bb retrasa su botadura\">El gran velero \u00abSea Cloud Spirit\u00bb retrasa su botadura<\/a>\n<\/span><\/div>","aioseo_breadcrumb_json":[{"label":"Home","link":"https:\/\/www.eldigitaldeasturias.com\/noticias"},{"label":"Turismo","link":"https:\/\/www.eldigitaldeasturias.com\/noticias\/category\/turismo\/"},{"label":"El gran velero \u00abSea Cloud Spirit\u00bb retrasa su botadura","link":"https:\/\/www.eldigitaldeasturias.com\/noticias\/el-gran-velero-sea-cloud-spirit-retrasa-su-botadura\/"}],"_links":{"self":[{"href":"https:\/\/www.eldigitaldeasturias.com\/noticias\/wp-json\/wp\/v2\/posts\/1067365","targetHints":{"allow":["GET"]}}],"collection":[{"href":"https:\/\/www.eldigitaldeasturias.com\/noticias\/wp-json\/wp\/v2\/posts"}],"about":[{"href":"https:\/\/www.eldigitaldeasturias.com\/noticias\/wp-json\/wp\/v2\/types\/post"}],"author":[{"embeddable":true,"href":"https:\/\/www.eldigitaldeasturias.com\/noticias\/wp-json\/wp\/v2\/users\/1"}],"replies":[{"embeddable":true,"href":"https:\/\/www.eldigitaldeasturias.com\/noticias\/wp-json\/wp\/v2\/comments?post=1067365"}],"version-history":[{"count":0,"href":"https:\/\/www.eldigitaldeasturias.com\/noticias\/wp-json\/wp\/v2\/posts\/1067365\/revisions"}],"wp:featuredmedia":[{"embeddable":true,"href":"https:\/\/www.eldigitaldeasturias.com\/noticias\/wp-json\/wp\/v2\/media\/1067366"}],"wp:attachment":[{"href":"https:\/\/www.eldigitaldeasturias.com\/noticias\/wp-json\/wp\/v2\/media?parent=1067365"}],"wp:term":[{"taxonomy":"category","embeddable":true,"href":"https:\/\/www.eldigitaldeasturias.com\/noticias\/wp-json\/wp\/v2\/categories?post=1067365"},{"taxonomy":"post_tag","embeddable":true,"href":"https:\/\/www.eldigitaldeasturias.com\/noticias\/wp-json\/wp\/v2\/tags?post=1067365"}],"curies":[{"name":"wp","href":"https:\/\/api.w.org\/{rel}","templated":true}]}}