{"id":1067260,"date":"2020-06-02T16:20:04","date_gmt":"2020-06-02T14:20:04","guid":{"rendered":"https:\/\/www.eldigitaldeasturias.com\/noticias\/?p=1067260"},"modified":"2020-06-02T16:35:31","modified_gmt":"2020-06-02T14:35:31","slug":"asturex-pone-en-marcha-el-programa-agendas-virtuales-con-importadores","status":"publish","type":"post","link":"https:\/\/www.eldigitaldeasturias.com\/noticias\/asturex-pone-en-marcha-el-programa-agendas-virtuales-con-importadores\/","title":{"rendered":"Asturex pone en marcha el programa \u201cAgendas Virtuales con importadores\u201d"},"content":{"rendered":"<p><img loading=\"lazy\" decoding=\"async\" class=\"alignleft size-medium wp-image-1066663\" src=\"https:\/\/www.eldigitaldeasturias.com\/noticias\/wp-content\/uploads\/2020\/05\/notis-360x240.jpg\" alt=\"\" width=\"360\" height=\"240\" srcset=\"https:\/\/www.eldigitaldeasturias.com\/noticias\/wp-content\/uploads\/2020\/05\/notis-360x240.jpg 360w, https:\/\/www.eldigitaldeasturias.com\/noticias\/wp-content\/uploads\/2020\/05\/notis-451x300.jpg 451w, https:\/\/www.eldigitaldeasturias.com\/noticias\/wp-content\/uploads\/2020\/05\/notis-631x420.jpg 631w, https:\/\/www.eldigitaldeasturias.com\/noticias\/wp-content\/uploads\/2020\/05\/notis.jpg 640w\" sizes=\"auto, (max-width: 360px) 100vw, 360px\" \/>La <strong>Sociedad de Promoci\u00f3n Exterior Principado de Asturias,<\/strong> S.A. (Asturex) est\u00e1 adaptando sus servicios a la actual situaci\u00f3n con el \u00e1nimo de apoyar en todo lo posible al tejido empresarial asturiano. En esta l\u00ednea, pone en marcha el nuevo programa \u201c<strong>Agendas Virtuales con importadores<\/strong>\u201d, destinado a apoyar al tejido empresarial asturiano en su comercio exterior. El objetivo es organizar <strong>reuniones virtuales B2B<\/strong> entre empresas asturianas e importante importadores de todos los sectores.<\/p>\n<p>El programa, ya cuenta con dos actividades abiertas como pruebas piloto, y est\u00e1 teniendo una gran acogida por parte del tejido empresarial asturiano. Las actividades convocadas hasta la fecha son las siguientes:<\/p>\n<p><strong>1.- Reuniones Virtuales B2B con la empresa mexicana MARINSA:<\/strong><\/p>\n<p>MARINSA es una empresa perteneciente al grupo industrial CEMZA (Facturaci\u00f3n anual del grupo entre 300 y 500M de USD, con 2.000 empleos directos). Este grupo empresarial se dedica a prestar servicios offshore en el Golfo de M\u00e9xico. Su cliente principal es PEMEX, sin embargo, hoy en d\u00eda es proveedor del resto de multinacionales petroleras que operan en el Golfo. Opera tambi\u00e9n puertos y tiene una flota de m\u00e1s de 25 barcos.<\/p>\n<p>Con la nueva Administraci\u00f3n Federal, les han adjudicado importantes proyectos de Oil &amp;Gas. La actividad de MARINSA est\u00e1 enfocada a los buques, en donde brinda servicio a plataformas e instalaciones petroleras y de gas en general. Tiene una flota de m\u00e1s de 12 buques, con diversas aplicaciones: DP1, DP2, Anclero, Remolcadores, Abastecimiento, entre otros.<\/p>\n<p>Esta empresa mexicana est\u00e1 continuamente demandando servicios de mantenimiento, bien para ellos mismos, bien para sus clientes del Golfo de M\u00e9xico.<\/p>\n<p>Sectores prioritarios: MARINSA busca ampliar su gama de proveedores, especialmente aquellos con experiencia en el sector del Oil&amp;Gas Offshore, tanto para operaci\u00f3n como para mantenimiento. Igualmente, est\u00e1n interesados en proveedores para el mantenimiento de su flota de buques.<\/p>\n<p>Las reuniones se celebrar\u00e1n durante las semanas del 15 y del 22 de junio.<\/p>\n<p><strong>2.- Reuniones Virtuales B2B con la empresa brasile\u00f1a GRUPO ZAFFARI:<\/strong><\/p>\n<p>GRUPO ZAFFARI aglutina la mayor red de supermercados e hipermercados de la zona sur de Brasil, importando la mayor\u00eda de los productos expuestos en tienda desde Argentina, Italia, Canad\u00e1, USA, Francia, Alemania, Portugal, Espa\u00f1a, etc. Igualmente, el Grupo administra Centros Comerciales donde cuenta con sus propios supermercados.<\/p>\n<p>GRUPO ZAFFARI est\u00e1 en plena expansi\u00f3n y b\u00fasqueda de nuevos productos para ofrecer a sus clientes.<\/p>\n<p>Sectores prioritarios: Pescados, Conservas, Fruta, Caf\u00e9, L\u00e1cteos, Embutidos y Sidra.<\/p>\n<p>Las reuniones se celebrar\u00e1n durante las semanas del 15 y del 22 de junio.<\/p>\n<p>&nbsp;<\/p>\n","protected":false},"excerpt":{"rendered":"<p>La Sociedad de Promoci\u00f3n Exterior Principado de Asturias, S.A. (Asturex) est\u00e1 adaptando sus servicios a la actual situaci\u00f3n con el \u00e1nimo de apoyar en todo lo posible al tejido empresarial asturiano. En esta l\u00ednea, pone en marcha el nuevo programa \u201cAgendas Virtuales con importadores\u201d, destinado a apoyar al tejido empresarial asturiano en su comercio exterior. [&hellip;]<\/p>\n","protected":false},"author":1,"featured_media":1066663,"comment_status":"closed","ping_status":"closed","sticky":false,"template":"","format":"standard","meta":{"footnotes":""},"categories":[219],"tags":[],"class_list":["post-1067260","post","type-post","status-publish","format-standard","has-post-thumbnail","hentry","category-negocios-y-empresas"],"aioseo_notices":[],"aioseo_head":"\n\t\t<!-- All in One SEO Pro 4.9.6.2 - aioseo.com -->\n\t<meta name=\"description\" content=\"La Sociedad de Promoci\u00f3n Exterior Principado de Asturias, S.A. (Asturex) est\u00e1 adaptando sus servicios a la actual situaci\u00f3n con el \u00e1nimo de apoyar en todo lo posible al tejido empresarial asturiano. En esta l\u00ednea, pone en marcha el nuevo programa \u201cAgendas Virtuales con importadores\u201d, destinado a apoyar al tejido empresarial asturiano en su comercio exterior.\" \/>\n\t<meta name=\"robots\" content=\"max-image-preview:large\" \/>\n\t<meta name=\"author\" content=\"El Digital de Asturias\"\/>\n\t<meta name=\"google-site-verification\" content=\"UA-38556648-1\" \/>\n\t<meta name=\"msvalidate.01\" content=\"7dfe9f3f1b24437ab69f4f2559babe99\" \/>\n\t<meta name=\"keywords\" content=\"negocios y empresas\" \/>\n\t<link rel=\"canonical\" href=\"https:\/\/www.eldigitaldeasturias.com\/noticias\/asturex-pone-en-marcha-el-programa-agendas-virtuales-con-importadores\/\" \/>\n\t<meta name=\"generator\" content=\"All in One SEO Pro (AIOSEO) 4.9.6.2\" \/>\n\t\t<meta property=\"og:locale\" content=\"es_ES\" \/>\n\t\t<meta property=\"og:site_name\" content=\"El Digital de Asturias\" \/>\n\t\t<meta property=\"og:type\" content=\"article\" \/>\n\t\t<meta property=\"og:title\" content=\"Asturex pone en marcha el programa \u201cAgendas Virtuales con importadores\u201d - El Digital de Asturias\" \/>\n\t\t<meta property=\"og:description\" content=\"La Sociedad de Promoci\u00f3n Exterior Principado de Asturias, S.A. (Asturex) est\u00e1 adaptando sus servicios a la actual situaci\u00f3n con el \u00e1nimo de apoyar en todo lo posible al tejido empresarial asturiano. En esta l\u00ednea, pone en marcha el nuevo programa \u201cAgendas Virtuales con importadores\u201d, destinado a apoyar al tejido empresarial asturiano en su comercio exterior.\" \/>\n\t\t<meta property=\"og:url\" content=\"https:\/\/www.eldigitaldeasturias.com\/noticias\/asturex-pone-en-marcha-el-programa-agendas-virtuales-con-importadores\/\" \/>\n\t\t<meta property=\"og:image\" content=\"https:\/\/www.eldigitaldeasturias.com\/noticias\/wp-content\/uploads\/2020\/05\/notis.jpg\" \/>\n\t\t<meta property=\"og:image:secure_url\" content=\"https:\/\/www.eldigitaldeasturias.com\/noticias\/wp-content\/uploads\/2020\/05\/notis.jpg\" \/>\n\t\t<meta property=\"og:image:width\" content=\"640\" \/>\n\t\t<meta property=\"og:image:height\" content=\"426\" \/>\n\t\t<meta property=\"article:tag\" content=\"negocios y empresas\" \/>\n\t\t<meta property=\"article:published_time\" content=\"2020-06-02T14:20:04+00:00\" \/>\n\t\t<meta property=\"article:modified_time\" content=\"2020-06-02T14:35:31+00:00\" \/>\n\t\t<meta property=\"article:publisher\" content=\"https:\/\/facebook.com\/eldigitaldeasturias\" \/>\n\t\t<meta name=\"twitter:card\" content=\"summary_large_image\" \/>\n\t\t<meta name=\"twitter:title\" content=\"Asturex pone en marcha el programa \u201cAgendas Virtuales con importadores\u201d - El Digital de Asturias\" \/>\n\t\t<meta name=\"twitter:description\" content=\"La Sociedad de Promoci\u00f3n Exterior Principado de Asturias, S.A. (Asturex) est\u00e1 adaptando sus servicios a la actual situaci\u00f3n con el \u00e1nimo de apoyar en todo lo posible al tejido empresarial asturiano. En esta l\u00ednea, pone en marcha el nuevo programa \u201cAgendas Virtuales con importadores\u201d, destinado a apoyar al tejido empresarial asturiano en su comercio exterior.\" \/>\n\t\t<meta name=\"twitter:image\" content=\"https:\/\/www.eldigitaldeasturias.com\/noticias\/wp-content\/uploads\/2020\/05\/notis.jpg\" \/>\n\t\t<meta name=\"twitter:label1\" content=\"Escrito por\" \/>\n\t\t<meta name=\"twitter:data1\" content=\"El Digital de Asturias\" \/>\n\t\t<meta name=\"twitter:label2\" content=\"Tiempo de lectura estimado\" \/>\n\t\t<meta name=\"twitter:data2\" content=\"2 minutos\" \/>\n\t\t<script type=\"application\/ld+json\" class=\"aioseo-schema\">\n\t\t\t{\"@context\":\"https:\\\/\\\/schema.org\",\"@graph\":[{\"@type\":\"BlogPosting\",\"@id\":\"https:\\\/\\\/www.eldigitaldeasturias.com\\\/noticias\\\/asturex-pone-en-marcha-el-programa-agendas-virtuales-con-importadores\\\/#blogposting\",\"name\":\"Asturex pone en marcha el programa \\u201cAgendas Virtuales con importadores\\u201d - El Digital de Asturias\",\"headline\":\"Asturex pone en marcha el programa \\u201cAgendas Virtuales con importadores\\u201d\",\"author\":{\"@id\":\"https:\\\/\\\/www.eldigitaldeasturias.com\\\/noticias\\\/author\\\/admin\\\/#author\"},\"publisher\":{\"@id\":\"https:\\\/\\\/www.eldigitaldeasturias.com\\\/noticias\\\/#organization\"},\"image\":{\"@type\":\"ImageObject\",\"url\":\"https:\\\/\\\/www.eldigitaldeasturias.com\\\/noticias\\\/wp-content\\\/uploads\\\/2020\\\/05\\\/notis.jpg\",\"width\":640,\"height\":426},\"datePublished\":\"2020-06-02T16:20:04+02:00\",\"dateModified\":\"2020-06-02T16:35:31+02:00\",\"inLanguage\":\"es-ES\",\"mainEntityOfPage\":{\"@id\":\"https:\\\/\\\/www.eldigitaldeasturias.com\\\/noticias\\\/asturex-pone-en-marcha-el-programa-agendas-virtuales-con-importadores\\\/#webpage\"},\"isPartOf\":{\"@id\":\"https:\\\/\\\/www.eldigitaldeasturias.com\\\/noticias\\\/asturex-pone-en-marcha-el-programa-agendas-virtuales-con-importadores\\\/#webpage\"},\"articleSection\":\"Negocios y Empresas\"},{\"@type\":\"BreadcrumbList\",\"@id\":\"https:\\\/\\\/www.eldigitaldeasturias.com\\\/noticias\\\/asturex-pone-en-marcha-el-programa-agendas-virtuales-con-importadores\\\/#breadcrumblist\",\"itemListElement\":[{\"@type\":\"ListItem\",\"@id\":\"https:\\\/\\\/www.eldigitaldeasturias.com\\\/noticias#listItem\",\"position\":1,\"name\":\"Home\",\"item\":\"https:\\\/\\\/www.eldigitaldeasturias.com\\\/noticias\",\"nextItem\":{\"@type\":\"ListItem\",\"@id\":\"https:\\\/\\\/www.eldigitaldeasturias.com\\\/noticias\\\/category\\\/negocios-y-empresas\\\/#listItem\",\"name\":\"Negocios y Empresas\"}},{\"@type\":\"ListItem\",\"@id\":\"https:\\\/\\\/www.eldigitaldeasturias.com\\\/noticias\\\/category\\\/negocios-y-empresas\\\/#listItem\",\"position\":2,\"name\":\"Negocios y Empresas\",\"item\":\"https:\\\/\\\/www.eldigitaldeasturias.com\\\/noticias\\\/category\\\/negocios-y-empresas\\\/\",\"nextItem\":{\"@type\":\"ListItem\",\"@id\":\"https:\\\/\\\/www.eldigitaldeasturias.com\\\/noticias\\\/asturex-pone-en-marcha-el-programa-agendas-virtuales-con-importadores\\\/#listItem\",\"name\":\"Asturex pone en marcha el programa \\u201cAgendas Virtuales con importadores\\u201d\"},\"previousItem\":{\"@type\":\"ListItem\",\"@id\":\"https:\\\/\\\/www.eldigitaldeasturias.com\\\/noticias#listItem\",\"name\":\"Home\"}},{\"@type\":\"ListItem\",\"@id\":\"https:\\\/\\\/www.eldigitaldeasturias.com\\\/noticias\\\/asturex-pone-en-marcha-el-programa-agendas-virtuales-con-importadores\\\/#listItem\",\"position\":3,\"name\":\"Asturex pone en marcha el programa \\u201cAgendas Virtuales con importadores\\u201d\",\"previousItem\":{\"@type\":\"ListItem\",\"@id\":\"https:\\\/\\\/www.eldigitaldeasturias.com\\\/noticias\\\/category\\\/negocios-y-empresas\\\/#listItem\",\"name\":\"Negocios y Empresas\"}}]},{\"@type\":\"Organization\",\"@id\":\"https:\\\/\\\/www.eldigitaldeasturias.com\\\/noticias\\\/#organization\",\"name\":\"El Digital de Asturias\",\"description\":\"Hemeroteca\",\"url\":\"https:\\\/\\\/www.eldigitaldeasturias.com\\\/noticias\\\/\",\"email\":\"info@eldigitaldeasturias.com\",\"telephone\":\"+34652131393\",\"logo\":{\"@type\":\"ImageObject\",\"url\":\"https:\\\/\\\/www.eldigitaldeasturias.com\\\/noticias\\\/wp-content\\\/uploads\\\/2020\\\/12\\\/EDA.jpg\",\"@id\":\"https:\\\/\\\/www.eldigitaldeasturias.com\\\/noticias\\\/asturex-pone-en-marcha-el-programa-agendas-virtuales-con-importadores\\\/#organizationLogo\",\"width\":649,\"height\":297},\"image\":{\"@id\":\"https:\\\/\\\/www.eldigitaldeasturias.com\\\/noticias\\\/asturex-pone-en-marcha-el-programa-agendas-virtuales-con-importadores\\\/#organizationLogo\"},\"sameAs\":[\"https:\\\/\\\/facebook.com\\\/eldigitaldeasturias\",\"https:\\\/\\\/www.youtube.com\\\/channel\\\/UCZP-2wLEB9Rv6erhFmqVnvg\"],\"address\":{\"@id\":\"https:\\\/\\\/www.eldigitaldeasturias.com\\\/noticias\\\/#postaladdress\",\"@type\":\"PostalAddress\",\"streetAddress\":\"san antonio 4,\",\"postalCode\":\"33430\",\"addressLocality\":\"Cand\\u00e1s\",\"addressRegion\":\"Asturias\",\"addressCountry\":\"ES\"}},{\"@type\":\"Person\",\"@id\":\"https:\\\/\\\/www.eldigitaldeasturias.com\\\/noticias\\\/author\\\/admin\\\/#author\",\"url\":\"https:\\\/\\\/www.eldigitaldeasturias.com\\\/noticias\\\/author\\\/admin\\\/\",\"name\":\"El Digital de Asturias\",\"image\":{\"@type\":\"ImageObject\",\"@id\":\"https:\\\/\\\/www.eldigitaldeasturias.com\\\/noticias\\\/asturex-pone-en-marcha-el-programa-agendas-virtuales-con-importadores\\\/#authorImage\",\"url\":\"https:\\\/\\\/www.eldigitaldeasturias.com\\\/noticias\\\/wp-content\\\/litespeed\\\/avatar\\\/18677e78aa0546b92d9dbf31ec7d7668.jpg?ver=1776685526\",\"width\":96,\"height\":96,\"caption\":\"El Digital de Asturias\"}},{\"@type\":\"WebPage\",\"@id\":\"https:\\\/\\\/www.eldigitaldeasturias.com\\\/noticias\\\/asturex-pone-en-marcha-el-programa-agendas-virtuales-con-importadores\\\/#webpage\",\"url\":\"https:\\\/\\\/www.eldigitaldeasturias.com\\\/noticias\\\/asturex-pone-en-marcha-el-programa-agendas-virtuales-con-importadores\\\/\",\"name\":\"Asturex pone en marcha el programa \\u201cAgendas Virtuales con importadores\\u201d - El Digital de Asturias\",\"description\":\"La Sociedad de Promoci\\u00f3n Exterior Principado de Asturias, S.A. (Asturex) est\\u00e1 adaptando sus servicios a la actual situaci\\u00f3n con el \\u00e1nimo de apoyar en todo lo posible al tejido empresarial asturiano. En esta l\\u00ednea, pone en marcha el nuevo programa \\u201cAgendas Virtuales con importadores\\u201d, destinado a apoyar al tejido empresarial asturiano en su comercio exterior.\",\"inLanguage\":\"es-ES\",\"isPartOf\":{\"@id\":\"https:\\\/\\\/www.eldigitaldeasturias.com\\\/noticias\\\/#website\"},\"breadcrumb\":{\"@id\":\"https:\\\/\\\/www.eldigitaldeasturias.com\\\/noticias\\\/asturex-pone-en-marcha-el-programa-agendas-virtuales-con-importadores\\\/#breadcrumblist\"},\"author\":{\"@id\":\"https:\\\/\\\/www.eldigitaldeasturias.com\\\/noticias\\\/author\\\/admin\\\/#author\"},\"creator\":{\"@id\":\"https:\\\/\\\/www.eldigitaldeasturias.com\\\/noticias\\\/author\\\/admin\\\/#author\"},\"image\":{\"@type\":\"ImageObject\",\"url\":\"https:\\\/\\\/www.eldigitaldeasturias.com\\\/noticias\\\/wp-content\\\/uploads\\\/2020\\\/05\\\/notis.jpg\",\"@id\":\"https:\\\/\\\/www.eldigitaldeasturias.com\\\/noticias\\\/asturex-pone-en-marcha-el-programa-agendas-virtuales-con-importadores\\\/#mainImage\",\"width\":640,\"height\":426},\"primaryImageOfPage\":{\"@id\":\"https:\\\/\\\/www.eldigitaldeasturias.com\\\/noticias\\\/asturex-pone-en-marcha-el-programa-agendas-virtuales-con-importadores\\\/#mainImage\"},\"datePublished\":\"2020-06-02T16:20:04+02:00\",\"dateModified\":\"2020-06-02T16:35:31+02:00\"},{\"@type\":\"WebSite\",\"@id\":\"https:\\\/\\\/www.eldigitaldeasturias.com\\\/noticias\\\/#website\",\"url\":\"https:\\\/\\\/www.eldigitaldeasturias.com\\\/noticias\\\/\",\"name\":\"El Digital de Asturias - Diario de actualidad y noticias\",\"alternateName\":\"El Digital de Asturias - Diario de actualidad y noticias\",\"description\":\"Hemeroteca\",\"inLanguage\":\"es-ES\",\"publisher\":{\"@id\":\"https:\\\/\\\/www.eldigitaldeasturias.com\\\/noticias\\\/#organization\"}}]}\n\t\t<\/script>\n\t\t<!-- All in One SEO Pro -->\r\n\t\t<title>Asturex pone en marcha el programa \u201cAgendas Virtuales con importadores\u201d - El Digital de Asturias<\/title>\n\n","aioseo_head_json":{"title":"Asturex pone en marcha el programa \u201cAgendas Virtuales con importadores\u201d - El Digital de Asturias","description":"La Sociedad de Promoci\u00f3n Exterior Principado de Asturias, S.A. (Asturex) est\u00e1 adaptando sus servicios a la actual situaci\u00f3n con el \u00e1nimo de apoyar en todo lo posible al tejido empresarial asturiano. En esta l\u00ednea, pone en marcha el nuevo programa \u201cAgendas Virtuales con importadores\u201d, destinado a apoyar al tejido empresarial asturiano en su comercio exterior.","canonical_url":"https:\/\/www.eldigitaldeasturias.com\/noticias\/asturex-pone-en-marcha-el-programa-agendas-virtuales-con-importadores\/","robots":"max-image-preview:large","keywords":"negocios y empresas","webmasterTools":{"google-site-verification":"UA-38556648-1","msvalidate.01":"7dfe9f3f1b24437ab69f4f2559babe99","miscellaneous":""},"schema":{"@context":"https:\/\/schema.org","@graph":[{"@type":"BlogPosting","@id":"https:\/\/www.eldigitaldeasturias.com\/noticias\/asturex-pone-en-marcha-el-programa-agendas-virtuales-con-importadores\/#blogposting","name":"Asturex pone en marcha el programa \u201cAgendas Virtuales con importadores\u201d - El Digital de Asturias","headline":"Asturex pone en marcha el programa \u201cAgendas Virtuales con importadores\u201d","author":{"@id":"https:\/\/www.eldigitaldeasturias.com\/noticias\/author\/admin\/#author"},"publisher":{"@id":"https:\/\/www.eldigitaldeasturias.com\/noticias\/#organization"},"image":{"@type":"ImageObject","url":"https:\/\/www.eldigitaldeasturias.com\/noticias\/wp-content\/uploads\/2020\/05\/notis.jpg","width":640,"height":426},"datePublished":"2020-06-02T16:20:04+02:00","dateModified":"2020-06-02T16:35:31+02:00","inLanguage":"es-ES","mainEntityOfPage":{"@id":"https:\/\/www.eldigitaldeasturias.com\/noticias\/asturex-pone-en-marcha-el-programa-agendas-virtuales-con-importadores\/#webpage"},"isPartOf":{"@id":"https:\/\/www.eldigitaldeasturias.com\/noticias\/asturex-pone-en-marcha-el-programa-agendas-virtuales-con-importadores\/#webpage"},"articleSection":"Negocios y Empresas"},{"@type":"BreadcrumbList","@id":"https:\/\/www.eldigitaldeasturias.com\/noticias\/asturex-pone-en-marcha-el-programa-agendas-virtuales-con-importadores\/#breadcrumblist","itemListElement":[{"@type":"ListItem","@id":"https:\/\/www.eldigitaldeasturias.com\/noticias#listItem","position":1,"name":"Home","item":"https:\/\/www.eldigitaldeasturias.com\/noticias","nextItem":{"@type":"ListItem","@id":"https:\/\/www.eldigitaldeasturias.com\/noticias\/category\/negocios-y-empresas\/#listItem","name":"Negocios y Empresas"}},{"@type":"ListItem","@id":"https:\/\/www.eldigitaldeasturias.com\/noticias\/category\/negocios-y-empresas\/#listItem","position":2,"name":"Negocios y Empresas","item":"https:\/\/www.eldigitaldeasturias.com\/noticias\/category\/negocios-y-empresas\/","nextItem":{"@type":"ListItem","@id":"https:\/\/www.eldigitaldeasturias.com\/noticias\/asturex-pone-en-marcha-el-programa-agendas-virtuales-con-importadores\/#listItem","name":"Asturex pone en marcha el programa \u201cAgendas Virtuales con importadores\u201d"},"previousItem":{"@type":"ListItem","@id":"https:\/\/www.eldigitaldeasturias.com\/noticias#listItem","name":"Home"}},{"@type":"ListItem","@id":"https:\/\/www.eldigitaldeasturias.com\/noticias\/asturex-pone-en-marcha-el-programa-agendas-virtuales-con-importadores\/#listItem","position":3,"name":"Asturex pone en marcha el programa \u201cAgendas Virtuales con importadores\u201d","previousItem":{"@type":"ListItem","@id":"https:\/\/www.eldigitaldeasturias.com\/noticias\/category\/negocios-y-empresas\/#listItem","name":"Negocios y Empresas"}}]},{"@type":"Organization","@id":"https:\/\/www.eldigitaldeasturias.com\/noticias\/#organization","name":"El Digital de Asturias","description":"Hemeroteca","url":"https:\/\/www.eldigitaldeasturias.com\/noticias\/","email":"info@eldigitaldeasturias.com","telephone":"+34652131393","logo":{"@type":"ImageObject","url":"https:\/\/www.eldigitaldeasturias.com\/noticias\/wp-content\/uploads\/2020\/12\/EDA.jpg","@id":"https:\/\/www.eldigitaldeasturias.com\/noticias\/asturex-pone-en-marcha-el-programa-agendas-virtuales-con-importadores\/#organizationLogo","width":649,"height":297},"image":{"@id":"https:\/\/www.eldigitaldeasturias.com\/noticias\/asturex-pone-en-marcha-el-programa-agendas-virtuales-con-importadores\/#organizationLogo"},"sameAs":["https:\/\/facebook.com\/eldigitaldeasturias","https:\/\/www.youtube.com\/channel\/UCZP-2wLEB9Rv6erhFmqVnvg"],"address":{"@id":"https:\/\/www.eldigitaldeasturias.com\/noticias\/#postaladdress","@type":"PostalAddress","streetAddress":"san antonio 4,","postalCode":"33430","addressLocality":"Cand\u00e1s","addressRegion":"Asturias","addressCountry":"ES"}},{"@type":"Person","@id":"https:\/\/www.eldigitaldeasturias.com\/noticias\/author\/admin\/#author","url":"https:\/\/www.eldigitaldeasturias.com\/noticias\/author\/admin\/","name":"El Digital de Asturias","image":{"@type":"ImageObject","@id":"https:\/\/www.eldigitaldeasturias.com\/noticias\/asturex-pone-en-marcha-el-programa-agendas-virtuales-con-importadores\/#authorImage","url":"https:\/\/www.eldigitaldeasturias.com\/noticias\/wp-content\/litespeed\/avatar\/18677e78aa0546b92d9dbf31ec7d7668.jpg?ver=1776685526","width":96,"height":96,"caption":"El Digital de Asturias"}},{"@type":"WebPage","@id":"https:\/\/www.eldigitaldeasturias.com\/noticias\/asturex-pone-en-marcha-el-programa-agendas-virtuales-con-importadores\/#webpage","url":"https:\/\/www.eldigitaldeasturias.com\/noticias\/asturex-pone-en-marcha-el-programa-agendas-virtuales-con-importadores\/","name":"Asturex pone en marcha el programa \u201cAgendas Virtuales con importadores\u201d - El Digital de Asturias","description":"La Sociedad de Promoci\u00f3n Exterior Principado de Asturias, S.A. (Asturex) est\u00e1 adaptando sus servicios a la actual situaci\u00f3n con el \u00e1nimo de apoyar en todo lo posible al tejido empresarial asturiano. En esta l\u00ednea, pone en marcha el nuevo programa \u201cAgendas Virtuales con importadores\u201d, destinado a apoyar al tejido empresarial asturiano en su comercio exterior.","inLanguage":"es-ES","isPartOf":{"@id":"https:\/\/www.eldigitaldeasturias.com\/noticias\/#website"},"breadcrumb":{"@id":"https:\/\/www.eldigitaldeasturias.com\/noticias\/asturex-pone-en-marcha-el-programa-agendas-virtuales-con-importadores\/#breadcrumblist"},"author":{"@id":"https:\/\/www.eldigitaldeasturias.com\/noticias\/author\/admin\/#author"},"creator":{"@id":"https:\/\/www.eldigitaldeasturias.com\/noticias\/author\/admin\/#author"},"image":{"@type":"ImageObject","url":"https:\/\/www.eldigitaldeasturias.com\/noticias\/wp-content\/uploads\/2020\/05\/notis.jpg","@id":"https:\/\/www.eldigitaldeasturias.com\/noticias\/asturex-pone-en-marcha-el-programa-agendas-virtuales-con-importadores\/#mainImage","width":640,"height":426},"primaryImageOfPage":{"@id":"https:\/\/www.eldigitaldeasturias.com\/noticias\/asturex-pone-en-marcha-el-programa-agendas-virtuales-con-importadores\/#mainImage"},"datePublished":"2020-06-02T16:20:04+02:00","dateModified":"2020-06-02T16:35:31+02:00"},{"@type":"WebSite","@id":"https:\/\/www.eldigitaldeasturias.com\/noticias\/#website","url":"https:\/\/www.eldigitaldeasturias.com\/noticias\/","name":"El Digital de Asturias - Diario de actualidad y noticias","alternateName":"El Digital de Asturias - Diario de actualidad y noticias","description":"Hemeroteca","inLanguage":"es-ES","publisher":{"@id":"https:\/\/www.eldigitaldeasturias.com\/noticias\/#organization"}}]},"og:locale":"es_ES","og:site_name":"El Digital de Asturias","og:type":"article","og:title":"Asturex pone en marcha el programa \u201cAgendas Virtuales con importadores\u201d - El Digital de Asturias","og:description":"La Sociedad de Promoci\u00f3n Exterior Principado de Asturias, S.A. (Asturex) est\u00e1 adaptando sus servicios a la actual situaci\u00f3n con el \u00e1nimo de apoyar en todo lo posible al tejido empresarial asturiano. En esta l\u00ednea, pone en marcha el nuevo programa \u201cAgendas Virtuales con importadores\u201d, destinado a apoyar al tejido empresarial asturiano en su comercio exterior.","og:url":"https:\/\/www.eldigitaldeasturias.com\/noticias\/asturex-pone-en-marcha-el-programa-agendas-virtuales-con-importadores\/","og:image":"https:\/\/www.eldigitaldeasturias.com\/noticias\/wp-content\/uploads\/2020\/05\/notis.jpg","og:image:secure_url":"https:\/\/www.eldigitaldeasturias.com\/noticias\/wp-content\/uploads\/2020\/05\/notis.jpg","og:image:width":640,"og:image:height":426,"article:tag":["negocios y empresas"],"article:published_time":"2020-06-02T14:20:04+00:00","article:modified_time":"2020-06-02T14:35:31+00:00","article:publisher":"https:\/\/facebook.com\/eldigitaldeasturias","twitter:card":"summary_large_image","twitter:title":"Asturex pone en marcha el programa \u201cAgendas Virtuales con importadores\u201d - El Digital de Asturias","twitter:description":"La Sociedad de Promoci\u00f3n Exterior Principado de Asturias, S.A. (Asturex) est\u00e1 adaptando sus servicios a la actual situaci\u00f3n con el \u00e1nimo de apoyar en todo lo posible al tejido empresarial asturiano. En esta l\u00ednea, pone en marcha el nuevo programa \u201cAgendas Virtuales con importadores\u201d, destinado a apoyar al tejido empresarial asturiano en su comercio exterior.","twitter:image":"https:\/\/www.eldigitaldeasturias.com\/noticias\/wp-content\/uploads\/2020\/05\/notis.jpg","twitter:label1":"Escrito por","twitter:data1":"El Digital de Asturias","twitter:label2":"Tiempo de lectura estimado","twitter:data2":"2 minutos"},"aioseo_meta_data":{"post_id":"1067260","title":null,"description":null,"keywords":null,"keyphrases":null,"primary_term":null,"canonical_url":null,"og_title":null,"og_description":null,"og_object_type":"default","og_image_type":"default","og_image_url":null,"og_image_width":null,"og_image_height":null,"og_image_custom_url":null,"og_image_custom_fields":null,"og_video":null,"og_custom_url":null,"og_article_section":null,"og_article_tags":null,"twitter_use_og":false,"twitter_card":"default","twitter_image_type":"default","twitter_image_url":null,"twitter_image_custom_url":null,"twitter_image_custom_fields":null,"twitter_title":null,"twitter_description":null,"schema":{"blockGraphs":[],"customGraphs":[],"default":{"data":{"Article":[],"Course":[],"Dataset":[],"FAQPage":[],"Movie":[],"Person":[],"Product":[],"ProductReview":[],"Car":[],"Recipe":[],"Service":[],"SoftwareApplication":[],"WebPage":[]},"graphName":"","isEnabled":true},"graphs":[],"defaultGraph":"","defaultPostTypeGraph":""},"schema_type":null,"schema_type_options":null,"pillar_content":false,"robots_default":true,"robots_noindex":false,"robots_noarchive":false,"robots_nosnippet":false,"robots_nofollow":false,"robots_noimageindex":false,"robots_noodp":false,"robots_notranslate":false,"robots_max_snippet":null,"robots_max_videopreview":null,"robots_max_imagepreview":"large","priority":null,"frequency":null,"local_seo":null,"seo_analyzer_scan_date":"2025-09-12 14:57:56","breadcrumb_settings":null,"limit_modified_date":false,"open_ai":null,"ai":null,"created":"2020-12-21 10:48:39","updated":"2025-09-12 14:57:56"},"aioseo_breadcrumb":"<div class=\"aioseo-breadcrumbs\"><span class=\"aioseo-breadcrumb\">\n\t<a href=\"https:\/\/www.eldigitaldeasturias.com\/noticias\" title=\"Home\">Home<\/a>\n<\/span><span class=\"aioseo-breadcrumb-separator\">\u2013<\/span><span class=\"aioseo-breadcrumb\">\n\t<a href=\"https:\/\/www.eldigitaldeasturias.com\/noticias\/category\/negocios-y-empresas\/\" title=\"Negocios y Empresas\">Negocios y Empresas<\/a>\n<\/span><span class=\"aioseo-breadcrumb-separator\">\u2013<\/span><span class=\"aioseo-breadcrumb\">\n\t<a href=\"https:\/\/www.eldigitaldeasturias.com\/noticias\/asturex-pone-en-marcha-el-programa-agendas-virtuales-con-importadores\/\" title=\"Asturex pone en marcha el programa \u201cAgendas Virtuales con importadores\u201d\">Asturex pone en marcha el programa \u201cAgendas Virtuales con importadores\u201d<\/a>\n<\/span><\/div>","aioseo_breadcrumb_json":[{"label":"Home","link":"https:\/\/www.eldigitaldeasturias.com\/noticias"},{"label":"Negocios y Empresas","link":"https:\/\/www.eldigitaldeasturias.com\/noticias\/category\/negocios-y-empresas\/"},{"label":"Asturex pone en marcha el programa \u201cAgendas Virtuales con importadores\u201d","link":"https:\/\/www.eldigitaldeasturias.com\/noticias\/asturex-pone-en-marcha-el-programa-agendas-virtuales-con-importadores\/"}],"_links":{"self":[{"href":"https:\/\/www.eldigitaldeasturias.com\/noticias\/wp-json\/wp\/v2\/posts\/1067260","targetHints":{"allow":["GET"]}}],"collection":[{"href":"https:\/\/www.eldigitaldeasturias.com\/noticias\/wp-json\/wp\/v2\/posts"}],"about":[{"href":"https:\/\/www.eldigitaldeasturias.com\/noticias\/wp-json\/wp\/v2\/types\/post"}],"author":[{"embeddable":true,"href":"https:\/\/www.eldigitaldeasturias.com\/noticias\/wp-json\/wp\/v2\/users\/1"}],"replies":[{"embeddable":true,"href":"https:\/\/www.eldigitaldeasturias.com\/noticias\/wp-json\/wp\/v2\/comments?post=1067260"}],"version-history":[{"count":0,"href":"https:\/\/www.eldigitaldeasturias.com\/noticias\/wp-json\/wp\/v2\/posts\/1067260\/revisions"}],"wp:featuredmedia":[{"embeddable":true,"href":"https:\/\/www.eldigitaldeasturias.com\/noticias\/wp-json\/wp\/v2\/media\/1066663"}],"wp:attachment":[{"href":"https:\/\/www.eldigitaldeasturias.com\/noticias\/wp-json\/wp\/v2\/media?parent=1067260"}],"wp:term":[{"taxonomy":"category","embeddable":true,"href":"https:\/\/www.eldigitaldeasturias.com\/noticias\/wp-json\/wp\/v2\/categories?post=1067260"},{"taxonomy":"post_tag","embeddable":true,"href":"https:\/\/www.eldigitaldeasturias.com\/noticias\/wp-json\/wp\/v2\/tags?post=1067260"}],"curies":[{"name":"wp","href":"https:\/\/api.w.org\/{rel}","templated":true}]}}