{"id":1067230,"date":"2020-06-02T15:16:17","date_gmt":"2020-06-02T13:16:17","guid":{"rendered":"https:\/\/www.eldigitaldeasturias.com\/noticias\/?p=1067230"},"modified":"2020-06-02T15:16:17","modified_gmt":"2020-06-02T13:16:17","slug":"la-desescalada-reactiva-el-empleo-en-asturias","status":"publish","type":"post","link":"https:\/\/www.eldigitaldeasturias.com\/noticias\/la-desescalada-reactiva-el-empleo-en-asturias\/","title":{"rendered":"La desescalada reactiva el empleo en Asturias"},"content":{"rendered":"<p><img loading=\"lazy\" decoding=\"async\" class=\"alignleft size-medium wp-image-1067231\" src=\"https:\/\/www.eldigitaldeasturias.com\/noticias\/wp-content\/uploads\/2020\/06\/empleo-360x226.jpg\" alt=\"\" width=\"360\" height=\"226\" srcset=\"https:\/\/www.eldigitaldeasturias.com\/noticias\/wp-content\/uploads\/2020\/06\/empleo-360x226.jpg 360w, https:\/\/www.eldigitaldeasturias.com\/noticias\/wp-content\/uploads\/2020\/06\/empleo-690x434.jpg 690w, https:\/\/www.eldigitaldeasturias.com\/noticias\/wp-content\/uploads\/2020\/06\/empleo-477x300.jpg 477w, https:\/\/www.eldigitaldeasturias.com\/noticias\/wp-content\/uploads\/2020\/06\/empleo-768x483.jpg 768w, https:\/\/www.eldigitaldeasturias.com\/noticias\/wp-content\/uploads\/2020\/06\/empleo-696x438.jpg 696w, https:\/\/www.eldigitaldeasturias.com\/noticias\/wp-content\/uploads\/2020\/06\/empleo-668x420.jpg 668w, https:\/\/www.eldigitaldeasturias.com\/noticias\/wp-content\/uploads\/2020\/06\/empleo.jpg 1010w\" sizes=\"auto, (max-width: 360px) 100vw, 360px\" \/>La recuperaci\u00f3n progresiva de la actividad econ\u00f3mica se ha traducido en una reactivaci\u00f3n del empleo y en una mejora de la contrataci\u00f3n y de las afiliaciones a la Seguridad Social. Seg\u00fan los datos publicados esta ma\u00f1ana por el Ministerio de Trabajo y Econom\u00eda Social, <strong>en mayo se han registrado en Asturias 10.109 contratos<\/strong> (+39,86%), lo que supone 2.881 m\u00e1s que en abril, de los que 1.204 fueron indefinidos.<\/p>\n<p>La desescalada tambi\u00e9n ha permitido una contenci\u00f3n del desempleo registrado, tras los fuertes incrementos registrados en marzo y abril. As\u00ed, en mayo el paro experiment\u00f3 un leve crecimiento del 0,08%, que supone 67 parados m\u00e1s y sit\u00faa <strong>la cifra de personas desocupadas en 83.860<\/strong>.<\/p>\n<p>Esta contenci\u00f3n del paro se ha notado especialmente desde el 18 de mayo, fecha de entrada de Asturias en la fase 1 de la desescalada, con una disminuci\u00f3n de los demandantes de empleo en 556 personas. Esta reducci\u00f3n es el resultado de comparar los desempleados registrados ese d\u00eda (84.487 personas) con los 83.931 contabilizados el 29 de mayo, \u00faltimo d\u00eda h\u00e1bil del mes.<\/p>\n<p>A lo largo de mayo se han registrado ca\u00eddas del paro en la construcci\u00f3n (253 personas) y en la industria (35 desempleados), descensos que contrastan con los aumentos registrados en ambos sectores durante abril. El mayor incremento del paro se produjo en el colectivo sin empleo anterior, con un crecimiento del +2,23%.<\/p>\n<p>A pesar de la contenci\u00f3n del desempleo producido en mayo, la directora gerente del Servicio P\u00fablico de Empleo (Sepepa), <strong>Pilar Varela, reconoce que la crisis sanitaria ha tenido un impacto sin precedentes en el mercado de trabajo<\/strong>, como lo atestiguan los datos actuales respecto a los que se registraban hace un a\u00f1o por estas mismas fechas.<\/p>\n<p>En este sentido, al finalizar mayo el n\u00famero de parados se ha incrementado en 13.663 personas respecto al mismo mes del a\u00f1o anterior, un incremento del 19,46%.<\/p>\n<p>La incidencia de la crisis se observa claramente en la evoluci\u00f3n de la contrataci\u00f3n. Aunque en mayo se registr\u00f3 un incremento del n\u00famero de contratos, quedan muy lejos de los 34.339 realizados en el mismo mes de 2019.<\/p>\n<p>Por este motivo,<strong> Pilar Varela ha asegurado que todos los esfuerzos del Gobierno de Asturias se van a concentrar en la recuperaci\u00f3n de la actividad y del empleo perdido durante una crisis que no tiene precedentes por su intensidad<\/strong>.<\/p>\n<p>En cuanto a la afiliaci\u00f3n a la Seguridad Social, el n\u00famero de cotizantes el \u00faltimo d\u00eda de mayo se situ\u00f3 en 351.008, lo que supone que el sistema registr\u00f3 durante el pasado mes un aumento de 2.041 afiliados.<\/p>\n<p>Este dato contrasta con los 8.528 afiliados que el Principado hab\u00eda perdido a lo largo de abril, primer mes completo con el estado de alarma, y con los 11.578 perdidos entre los d\u00edas 12 y 31 de marzo.<\/p>\n<p>&nbsp;<\/p>\n","protected":false},"excerpt":{"rendered":"<p>La recuperaci\u00f3n progresiva de la actividad econ\u00f3mica se ha traducido en una reactivaci\u00f3n del empleo y en una mejora de la contrataci\u00f3n y de las afiliaciones a la Seguridad Social. Seg\u00fan los datos publicados esta ma\u00f1ana por el Ministerio de Trabajo y Econom\u00eda Social, en mayo se han registrado en Asturias 10.109 contratos (+39,86%), lo [&hellip;]<\/p>\n","protected":false},"author":1,"featured_media":1067231,"comment_status":"closed","ping_status":"closed","sticky":false,"template":"","format":"standard","meta":{"footnotes":""},"categories":[12,141],"tags":[],"class_list":["post-1067230","post","type-post","status-publish","format-standard","has-post-thumbnail","hentry","category-actualidad-asturias","category-destacadas"],"aioseo_notices":[],"aioseo_head":"\n\t\t<!-- All in One SEO Pro 4.9.6.2 - aioseo.com -->\n\t<meta name=\"description\" content=\"La recuperaci\u00f3n progresiva de la actividad econ\u00f3mica se ha traducido en una reactivaci\u00f3n del empleo y en una mejora de la contrataci\u00f3n y de las afiliaciones a la Seguridad Social. Seg\u00fan los datos publicados esta ma\u00f1ana por el Ministerio de Trabajo y Econom\u00eda Social, en mayo se han registrado en Asturias 10.109 contratos (+39,86%), lo\" \/>\n\t<meta name=\"robots\" content=\"max-image-preview:large\" \/>\n\t<meta name=\"author\" content=\"El Digital de Asturias\"\/>\n\t<meta name=\"google-site-verification\" content=\"UA-38556648-1\" \/>\n\t<meta name=\"msvalidate.01\" content=\"7dfe9f3f1b24437ab69f4f2559babe99\" \/>\n\t<meta name=\"keywords\" content=\"actualidad asturias,destacadas\" \/>\n\t<link rel=\"canonical\" href=\"https:\/\/www.eldigitaldeasturias.com\/noticias\/la-desescalada-reactiva-el-empleo-en-asturias\/\" \/>\n\t<meta name=\"generator\" content=\"All in One SEO Pro (AIOSEO) 4.9.6.2\" \/>\n\t\t<meta property=\"og:locale\" content=\"es_ES\" \/>\n\t\t<meta property=\"og:site_name\" content=\"El Digital de Asturias\" \/>\n\t\t<meta property=\"og:type\" content=\"article\" \/>\n\t\t<meta property=\"og:title\" content=\"La desescalada reactiva el empleo en Asturias - El Digital de Asturias\" \/>\n\t\t<meta property=\"og:description\" content=\"La recuperaci\u00f3n progresiva de la actividad econ\u00f3mica se ha traducido en una reactivaci\u00f3n del empleo y en una mejora de la contrataci\u00f3n y de las afiliaciones a la Seguridad Social. Seg\u00fan los datos publicados esta ma\u00f1ana por el Ministerio de Trabajo y Econom\u00eda Social, en mayo se han registrado en Asturias 10.109 contratos (+39,86%), lo\" \/>\n\t\t<meta property=\"og:url\" content=\"https:\/\/www.eldigitaldeasturias.com\/noticias\/la-desescalada-reactiva-el-empleo-en-asturias\/\" \/>\n\t\t<meta property=\"og:image\" content=\"https:\/\/www.eldigitaldeasturias.com\/noticias\/wp-content\/uploads\/2020\/06\/empleo.jpg\" \/>\n\t\t<meta property=\"og:image:secure_url\" content=\"https:\/\/www.eldigitaldeasturias.com\/noticias\/wp-content\/uploads\/2020\/06\/empleo.jpg\" \/>\n\t\t<meta property=\"og:image:width\" content=\"1010\" \/>\n\t\t<meta property=\"og:image:height\" content=\"635\" \/>\n\t\t<meta property=\"article:tag\" content=\"actualidad asturias\" \/>\n\t\t<meta property=\"article:tag\" content=\"destacadas\" \/>\n\t\t<meta property=\"article:published_time\" content=\"2020-06-02T13:16:17+00:00\" \/>\n\t\t<meta property=\"article:modified_time\" content=\"2020-06-02T13:16:17+00:00\" \/>\n\t\t<meta property=\"article:publisher\" content=\"https:\/\/facebook.com\/eldigitaldeasturias\" \/>\n\t\t<meta name=\"twitter:card\" content=\"summary_large_image\" \/>\n\t\t<meta name=\"twitter:title\" content=\"La desescalada reactiva el empleo en Asturias - El Digital de Asturias\" \/>\n\t\t<meta name=\"twitter:description\" content=\"La recuperaci\u00f3n progresiva de la actividad econ\u00f3mica se ha traducido en una reactivaci\u00f3n del empleo y en una mejora de la contrataci\u00f3n y de las afiliaciones a la Seguridad Social. Seg\u00fan los datos publicados esta ma\u00f1ana por el Ministerio de Trabajo y Econom\u00eda Social, en mayo se han registrado en Asturias 10.109 contratos (+39,86%), lo\" \/>\n\t\t<meta name=\"twitter:image\" content=\"https:\/\/www.eldigitaldeasturias.com\/noticias\/wp-content\/uploads\/2020\/06\/empleo.jpg\" \/>\n\t\t<meta name=\"twitter:label1\" content=\"Escrito por\" \/>\n\t\t<meta name=\"twitter:data1\" content=\"El Digital de Asturias\" \/>\n\t\t<meta name=\"twitter:label2\" content=\"Tiempo de lectura estimado\" \/>\n\t\t<meta name=\"twitter:data2\" content=\"2 minutos\" \/>\n\t\t<script type=\"application\/ld+json\" class=\"aioseo-schema\">\n\t\t\t{\"@context\":\"https:\\\/\\\/schema.org\",\"@graph\":[{\"@type\":\"BlogPosting\",\"@id\":\"https:\\\/\\\/www.eldigitaldeasturias.com\\\/noticias\\\/la-desescalada-reactiva-el-empleo-en-asturias\\\/#blogposting\",\"name\":\"La desescalada reactiva el empleo en Asturias - El Digital de Asturias\",\"headline\":\"La desescalada reactiva el empleo en Asturias\",\"author\":{\"@id\":\"https:\\\/\\\/www.eldigitaldeasturias.com\\\/noticias\\\/author\\\/admin\\\/#author\"},\"publisher\":{\"@id\":\"https:\\\/\\\/www.eldigitaldeasturias.com\\\/noticias\\\/#organization\"},\"image\":{\"@type\":\"ImageObject\",\"url\":\"https:\\\/\\\/www.eldigitaldeasturias.com\\\/noticias\\\/wp-content\\\/uploads\\\/2020\\\/06\\\/empleo.jpg\",\"width\":1010,\"height\":635},\"datePublished\":\"2020-06-02T15:16:17+02:00\",\"dateModified\":\"2020-06-02T15:16:17+02:00\",\"inLanguage\":\"es-ES\",\"mainEntityOfPage\":{\"@id\":\"https:\\\/\\\/www.eldigitaldeasturias.com\\\/noticias\\\/la-desescalada-reactiva-el-empleo-en-asturias\\\/#webpage\"},\"isPartOf\":{\"@id\":\"https:\\\/\\\/www.eldigitaldeasturias.com\\\/noticias\\\/la-desescalada-reactiva-el-empleo-en-asturias\\\/#webpage\"},\"articleSection\":\"Actualidad Asturias, Destacadas\"},{\"@type\":\"BreadcrumbList\",\"@id\":\"https:\\\/\\\/www.eldigitaldeasturias.com\\\/noticias\\\/la-desescalada-reactiva-el-empleo-en-asturias\\\/#breadcrumblist\",\"itemListElement\":[{\"@type\":\"ListItem\",\"@id\":\"https:\\\/\\\/www.eldigitaldeasturias.com\\\/noticias#listItem\",\"position\":1,\"name\":\"Home\",\"item\":\"https:\\\/\\\/www.eldigitaldeasturias.com\\\/noticias\",\"nextItem\":{\"@type\":\"ListItem\",\"@id\":\"https:\\\/\\\/www.eldigitaldeasturias.com\\\/noticias\\\/category\\\/actualidad-asturias\\\/#listItem\",\"name\":\"Actualidad Asturias\"}},{\"@type\":\"ListItem\",\"@id\":\"https:\\\/\\\/www.eldigitaldeasturias.com\\\/noticias\\\/category\\\/actualidad-asturias\\\/#listItem\",\"position\":2,\"name\":\"Actualidad Asturias\",\"item\":\"https:\\\/\\\/www.eldigitaldeasturias.com\\\/noticias\\\/category\\\/actualidad-asturias\\\/\",\"nextItem\":{\"@type\":\"ListItem\",\"@id\":\"https:\\\/\\\/www.eldigitaldeasturias.com\\\/noticias\\\/la-desescalada-reactiva-el-empleo-en-asturias\\\/#listItem\",\"name\":\"La desescalada reactiva el empleo en Asturias\"},\"previousItem\":{\"@type\":\"ListItem\",\"@id\":\"https:\\\/\\\/www.eldigitaldeasturias.com\\\/noticias#listItem\",\"name\":\"Home\"}},{\"@type\":\"ListItem\",\"@id\":\"https:\\\/\\\/www.eldigitaldeasturias.com\\\/noticias\\\/la-desescalada-reactiva-el-empleo-en-asturias\\\/#listItem\",\"position\":3,\"name\":\"La desescalada reactiva el empleo en Asturias\",\"previousItem\":{\"@type\":\"ListItem\",\"@id\":\"https:\\\/\\\/www.eldigitaldeasturias.com\\\/noticias\\\/category\\\/actualidad-asturias\\\/#listItem\",\"name\":\"Actualidad Asturias\"}}]},{\"@type\":\"Organization\",\"@id\":\"https:\\\/\\\/www.eldigitaldeasturias.com\\\/noticias\\\/#organization\",\"name\":\"El Digital de Asturias\",\"description\":\"Hemeroteca\",\"url\":\"https:\\\/\\\/www.eldigitaldeasturias.com\\\/noticias\\\/\",\"email\":\"info@eldigitaldeasturias.com\",\"telephone\":\"+34652131393\",\"logo\":{\"@type\":\"ImageObject\",\"url\":\"https:\\\/\\\/www.eldigitaldeasturias.com\\\/noticias\\\/wp-content\\\/uploads\\\/2020\\\/12\\\/EDA.jpg\",\"@id\":\"https:\\\/\\\/www.eldigitaldeasturias.com\\\/noticias\\\/la-desescalada-reactiva-el-empleo-en-asturias\\\/#organizationLogo\",\"width\":649,\"height\":297},\"image\":{\"@id\":\"https:\\\/\\\/www.eldigitaldeasturias.com\\\/noticias\\\/la-desescalada-reactiva-el-empleo-en-asturias\\\/#organizationLogo\"},\"sameAs\":[\"https:\\\/\\\/facebook.com\\\/eldigitaldeasturias\",\"https:\\\/\\\/www.youtube.com\\\/channel\\\/UCZP-2wLEB9Rv6erhFmqVnvg\"],\"address\":{\"@id\":\"https:\\\/\\\/www.eldigitaldeasturias.com\\\/noticias\\\/#postaladdress\",\"@type\":\"PostalAddress\",\"streetAddress\":\"san antonio 4,\",\"postalCode\":\"33430\",\"addressLocality\":\"Cand\\u00e1s\",\"addressRegion\":\"Asturias\",\"addressCountry\":\"ES\"}},{\"@type\":\"Person\",\"@id\":\"https:\\\/\\\/www.eldigitaldeasturias.com\\\/noticias\\\/author\\\/admin\\\/#author\",\"url\":\"https:\\\/\\\/www.eldigitaldeasturias.com\\\/noticias\\\/author\\\/admin\\\/\",\"name\":\"El Digital de Asturias\",\"image\":{\"@type\":\"ImageObject\",\"@id\":\"https:\\\/\\\/www.eldigitaldeasturias.com\\\/noticias\\\/la-desescalada-reactiva-el-empleo-en-asturias\\\/#authorImage\",\"url\":\"https:\\\/\\\/www.eldigitaldeasturias.com\\\/noticias\\\/wp-content\\\/litespeed\\\/avatar\\\/18677e78aa0546b92d9dbf31ec7d7668.jpg?ver=1777290358\",\"width\":96,\"height\":96,\"caption\":\"El Digital de Asturias\"}},{\"@type\":\"WebPage\",\"@id\":\"https:\\\/\\\/www.eldigitaldeasturias.com\\\/noticias\\\/la-desescalada-reactiva-el-empleo-en-asturias\\\/#webpage\",\"url\":\"https:\\\/\\\/www.eldigitaldeasturias.com\\\/noticias\\\/la-desescalada-reactiva-el-empleo-en-asturias\\\/\",\"name\":\"La desescalada reactiva el empleo en Asturias - El Digital de Asturias\",\"description\":\"La recuperaci\\u00f3n progresiva de la actividad econ\\u00f3mica se ha traducido en una reactivaci\\u00f3n del empleo y en una mejora de la contrataci\\u00f3n y de las afiliaciones a la Seguridad Social. Seg\\u00fan los datos publicados esta ma\\u00f1ana por el Ministerio de Trabajo y Econom\\u00eda Social, en mayo se han registrado en Asturias 10.109 contratos (+39,86%), lo\",\"inLanguage\":\"es-ES\",\"isPartOf\":{\"@id\":\"https:\\\/\\\/www.eldigitaldeasturias.com\\\/noticias\\\/#website\"},\"breadcrumb\":{\"@id\":\"https:\\\/\\\/www.eldigitaldeasturias.com\\\/noticias\\\/la-desescalada-reactiva-el-empleo-en-asturias\\\/#breadcrumblist\"},\"author\":{\"@id\":\"https:\\\/\\\/www.eldigitaldeasturias.com\\\/noticias\\\/author\\\/admin\\\/#author\"},\"creator\":{\"@id\":\"https:\\\/\\\/www.eldigitaldeasturias.com\\\/noticias\\\/author\\\/admin\\\/#author\"},\"image\":{\"@type\":\"ImageObject\",\"url\":\"https:\\\/\\\/www.eldigitaldeasturias.com\\\/noticias\\\/wp-content\\\/uploads\\\/2020\\\/06\\\/empleo.jpg\",\"@id\":\"https:\\\/\\\/www.eldigitaldeasturias.com\\\/noticias\\\/la-desescalada-reactiva-el-empleo-en-asturias\\\/#mainImage\",\"width\":1010,\"height\":635},\"primaryImageOfPage\":{\"@id\":\"https:\\\/\\\/www.eldigitaldeasturias.com\\\/noticias\\\/la-desescalada-reactiva-el-empleo-en-asturias\\\/#mainImage\"},\"datePublished\":\"2020-06-02T15:16:17+02:00\",\"dateModified\":\"2020-06-02T15:16:17+02:00\"},{\"@type\":\"WebSite\",\"@id\":\"https:\\\/\\\/www.eldigitaldeasturias.com\\\/noticias\\\/#website\",\"url\":\"https:\\\/\\\/www.eldigitaldeasturias.com\\\/noticias\\\/\",\"name\":\"El Digital de Asturias - Diario de actualidad y noticias\",\"alternateName\":\"El Digital de Asturias - Diario de actualidad y noticias\",\"description\":\"Hemeroteca\",\"inLanguage\":\"es-ES\",\"publisher\":{\"@id\":\"https:\\\/\\\/www.eldigitaldeasturias.com\\\/noticias\\\/#organization\"}}]}\n\t\t<\/script>\n\t\t<!-- All in One SEO Pro -->\r\n\t\t<title>La desescalada reactiva el empleo en Asturias - El Digital de Asturias<\/title>\n\n","aioseo_head_json":{"title":"La desescalada reactiva el empleo en Asturias - El Digital de Asturias","description":"La recuperaci\u00f3n progresiva de la actividad econ\u00f3mica se ha traducido en una reactivaci\u00f3n del empleo y en una mejora de la contrataci\u00f3n y de las afiliaciones a la Seguridad Social. Seg\u00fan los datos publicados esta ma\u00f1ana por el Ministerio de Trabajo y Econom\u00eda Social, en mayo se han registrado en Asturias 10.109 contratos (+39,86%), lo","canonical_url":"https:\/\/www.eldigitaldeasturias.com\/noticias\/la-desescalada-reactiva-el-empleo-en-asturias\/","robots":"max-image-preview:large","keywords":"actualidad asturias,destacadas","webmasterTools":{"google-site-verification":"UA-38556648-1","msvalidate.01":"7dfe9f3f1b24437ab69f4f2559babe99","miscellaneous":""},"schema":{"@context":"https:\/\/schema.org","@graph":[{"@type":"BlogPosting","@id":"https:\/\/www.eldigitaldeasturias.com\/noticias\/la-desescalada-reactiva-el-empleo-en-asturias\/#blogposting","name":"La desescalada reactiva el empleo en Asturias - El Digital de Asturias","headline":"La desescalada reactiva el empleo en Asturias","author":{"@id":"https:\/\/www.eldigitaldeasturias.com\/noticias\/author\/admin\/#author"},"publisher":{"@id":"https:\/\/www.eldigitaldeasturias.com\/noticias\/#organization"},"image":{"@type":"ImageObject","url":"https:\/\/www.eldigitaldeasturias.com\/noticias\/wp-content\/uploads\/2020\/06\/empleo.jpg","width":1010,"height":635},"datePublished":"2020-06-02T15:16:17+02:00","dateModified":"2020-06-02T15:16:17+02:00","inLanguage":"es-ES","mainEntityOfPage":{"@id":"https:\/\/www.eldigitaldeasturias.com\/noticias\/la-desescalada-reactiva-el-empleo-en-asturias\/#webpage"},"isPartOf":{"@id":"https:\/\/www.eldigitaldeasturias.com\/noticias\/la-desescalada-reactiva-el-empleo-en-asturias\/#webpage"},"articleSection":"Actualidad Asturias, Destacadas"},{"@type":"BreadcrumbList","@id":"https:\/\/www.eldigitaldeasturias.com\/noticias\/la-desescalada-reactiva-el-empleo-en-asturias\/#breadcrumblist","itemListElement":[{"@type":"ListItem","@id":"https:\/\/www.eldigitaldeasturias.com\/noticias#listItem","position":1,"name":"Home","item":"https:\/\/www.eldigitaldeasturias.com\/noticias","nextItem":{"@type":"ListItem","@id":"https:\/\/www.eldigitaldeasturias.com\/noticias\/category\/actualidad-asturias\/#listItem","name":"Actualidad Asturias"}},{"@type":"ListItem","@id":"https:\/\/www.eldigitaldeasturias.com\/noticias\/category\/actualidad-asturias\/#listItem","position":2,"name":"Actualidad Asturias","item":"https:\/\/www.eldigitaldeasturias.com\/noticias\/category\/actualidad-asturias\/","nextItem":{"@type":"ListItem","@id":"https:\/\/www.eldigitaldeasturias.com\/noticias\/la-desescalada-reactiva-el-empleo-en-asturias\/#listItem","name":"La desescalada reactiva el empleo en Asturias"},"previousItem":{"@type":"ListItem","@id":"https:\/\/www.eldigitaldeasturias.com\/noticias#listItem","name":"Home"}},{"@type":"ListItem","@id":"https:\/\/www.eldigitaldeasturias.com\/noticias\/la-desescalada-reactiva-el-empleo-en-asturias\/#listItem","position":3,"name":"La desescalada reactiva el empleo en Asturias","previousItem":{"@type":"ListItem","@id":"https:\/\/www.eldigitaldeasturias.com\/noticias\/category\/actualidad-asturias\/#listItem","name":"Actualidad Asturias"}}]},{"@type":"Organization","@id":"https:\/\/www.eldigitaldeasturias.com\/noticias\/#organization","name":"El Digital de Asturias","description":"Hemeroteca","url":"https:\/\/www.eldigitaldeasturias.com\/noticias\/","email":"info@eldigitaldeasturias.com","telephone":"+34652131393","logo":{"@type":"ImageObject","url":"https:\/\/www.eldigitaldeasturias.com\/noticias\/wp-content\/uploads\/2020\/12\/EDA.jpg","@id":"https:\/\/www.eldigitaldeasturias.com\/noticias\/la-desescalada-reactiva-el-empleo-en-asturias\/#organizationLogo","width":649,"height":297},"image":{"@id":"https:\/\/www.eldigitaldeasturias.com\/noticias\/la-desescalada-reactiva-el-empleo-en-asturias\/#organizationLogo"},"sameAs":["https:\/\/facebook.com\/eldigitaldeasturias","https:\/\/www.youtube.com\/channel\/UCZP-2wLEB9Rv6erhFmqVnvg"],"address":{"@id":"https:\/\/www.eldigitaldeasturias.com\/noticias\/#postaladdress","@type":"PostalAddress","streetAddress":"san antonio 4,","postalCode":"33430","addressLocality":"Cand\u00e1s","addressRegion":"Asturias","addressCountry":"ES"}},{"@type":"Person","@id":"https:\/\/www.eldigitaldeasturias.com\/noticias\/author\/admin\/#author","url":"https:\/\/www.eldigitaldeasturias.com\/noticias\/author\/admin\/","name":"El Digital de Asturias","image":{"@type":"ImageObject","@id":"https:\/\/www.eldigitaldeasturias.com\/noticias\/la-desescalada-reactiva-el-empleo-en-asturias\/#authorImage","url":"https:\/\/www.eldigitaldeasturias.com\/noticias\/wp-content\/litespeed\/avatar\/18677e78aa0546b92d9dbf31ec7d7668.jpg?ver=1777290358","width":96,"height":96,"caption":"El Digital de Asturias"}},{"@type":"WebPage","@id":"https:\/\/www.eldigitaldeasturias.com\/noticias\/la-desescalada-reactiva-el-empleo-en-asturias\/#webpage","url":"https:\/\/www.eldigitaldeasturias.com\/noticias\/la-desescalada-reactiva-el-empleo-en-asturias\/","name":"La desescalada reactiva el empleo en Asturias - El Digital de Asturias","description":"La recuperaci\u00f3n progresiva de la actividad econ\u00f3mica se ha traducido en una reactivaci\u00f3n del empleo y en una mejora de la contrataci\u00f3n y de las afiliaciones a la Seguridad Social. Seg\u00fan los datos publicados esta ma\u00f1ana por el Ministerio de Trabajo y Econom\u00eda Social, en mayo se han registrado en Asturias 10.109 contratos (+39,86%), lo","inLanguage":"es-ES","isPartOf":{"@id":"https:\/\/www.eldigitaldeasturias.com\/noticias\/#website"},"breadcrumb":{"@id":"https:\/\/www.eldigitaldeasturias.com\/noticias\/la-desescalada-reactiva-el-empleo-en-asturias\/#breadcrumblist"},"author":{"@id":"https:\/\/www.eldigitaldeasturias.com\/noticias\/author\/admin\/#author"},"creator":{"@id":"https:\/\/www.eldigitaldeasturias.com\/noticias\/author\/admin\/#author"},"image":{"@type":"ImageObject","url":"https:\/\/www.eldigitaldeasturias.com\/noticias\/wp-content\/uploads\/2020\/06\/empleo.jpg","@id":"https:\/\/www.eldigitaldeasturias.com\/noticias\/la-desescalada-reactiva-el-empleo-en-asturias\/#mainImage","width":1010,"height":635},"primaryImageOfPage":{"@id":"https:\/\/www.eldigitaldeasturias.com\/noticias\/la-desescalada-reactiva-el-empleo-en-asturias\/#mainImage"},"datePublished":"2020-06-02T15:16:17+02:00","dateModified":"2020-06-02T15:16:17+02:00"},{"@type":"WebSite","@id":"https:\/\/www.eldigitaldeasturias.com\/noticias\/#website","url":"https:\/\/www.eldigitaldeasturias.com\/noticias\/","name":"El Digital de Asturias - Diario de actualidad y noticias","alternateName":"El Digital de Asturias - Diario de actualidad y noticias","description":"Hemeroteca","inLanguage":"es-ES","publisher":{"@id":"https:\/\/www.eldigitaldeasturias.com\/noticias\/#organization"}}]},"og:locale":"es_ES","og:site_name":"El Digital de Asturias","og:type":"article","og:title":"La desescalada reactiva el empleo en Asturias - El Digital de Asturias","og:description":"La recuperaci\u00f3n progresiva de la actividad econ\u00f3mica se ha traducido en una reactivaci\u00f3n del empleo y en una mejora de la contrataci\u00f3n y de las afiliaciones a la Seguridad Social. Seg\u00fan los datos publicados esta ma\u00f1ana por el Ministerio de Trabajo y Econom\u00eda Social, en mayo se han registrado en Asturias 10.109 contratos (+39,86%), lo","og:url":"https:\/\/www.eldigitaldeasturias.com\/noticias\/la-desescalada-reactiva-el-empleo-en-asturias\/","og:image":"https:\/\/www.eldigitaldeasturias.com\/noticias\/wp-content\/uploads\/2020\/06\/empleo.jpg","og:image:secure_url":"https:\/\/www.eldigitaldeasturias.com\/noticias\/wp-content\/uploads\/2020\/06\/empleo.jpg","og:image:width":1010,"og:image:height":635,"article:tag":["actualidad asturias","destacadas"],"article:published_time":"2020-06-02T13:16:17+00:00","article:modified_time":"2020-06-02T13:16:17+00:00","article:publisher":"https:\/\/facebook.com\/eldigitaldeasturias","twitter:card":"summary_large_image","twitter:title":"La desescalada reactiva el empleo en Asturias - El Digital de Asturias","twitter:description":"La recuperaci\u00f3n progresiva de la actividad econ\u00f3mica se ha traducido en una reactivaci\u00f3n del empleo y en una mejora de la contrataci\u00f3n y de las afiliaciones a la Seguridad Social. Seg\u00fan los datos publicados esta ma\u00f1ana por el Ministerio de Trabajo y Econom\u00eda Social, en mayo se han registrado en Asturias 10.109 contratos (+39,86%), lo","twitter:image":"https:\/\/www.eldigitaldeasturias.com\/noticias\/wp-content\/uploads\/2020\/06\/empleo.jpg","twitter:label1":"Escrito por","twitter:data1":"El Digital de Asturias","twitter:label2":"Tiempo de lectura estimado","twitter:data2":"2 minutos"},"aioseo_meta_data":{"post_id":"1067230","title":null,"description":null,"keywords":null,"keyphrases":null,"primary_term":null,"canonical_url":null,"og_title":null,"og_description":null,"og_object_type":"default","og_image_type":"default","og_image_url":null,"og_image_width":null,"og_image_height":null,"og_image_custom_url":null,"og_image_custom_fields":null,"og_video":null,"og_custom_url":null,"og_article_section":null,"og_article_tags":null,"twitter_use_og":false,"twitter_card":"default","twitter_image_type":"default","twitter_image_url":null,"twitter_image_custom_url":null,"twitter_image_custom_fields":null,"twitter_title":null,"twitter_description":null,"schema":{"blockGraphs":[],"customGraphs":[],"default":{"data":{"Article":[],"Course":[],"Dataset":[],"FAQPage":[],"Movie":[],"Person":[],"Product":[],"ProductReview":[],"Car":[],"Recipe":[],"Service":[],"SoftwareApplication":[],"WebPage":[]},"graphName":"","isEnabled":true},"graphs":[],"defaultGraph":"","defaultPostTypeGraph":""},"schema_type":null,"schema_type_options":null,"pillar_content":false,"robots_default":true,"robots_noindex":false,"robots_noarchive":false,"robots_nosnippet":false,"robots_nofollow":false,"robots_noimageindex":false,"robots_noodp":false,"robots_notranslate":false,"robots_max_snippet":null,"robots_max_videopreview":null,"robots_max_imagepreview":"large","priority":null,"frequency":null,"local_seo":null,"seo_analyzer_scan_date":"2025-09-12 14:52:53","breadcrumb_settings":null,"limit_modified_date":false,"open_ai":null,"ai":null,"created":"2020-12-21 10:48:39","updated":"2025-09-12 14:52:53"},"aioseo_breadcrumb":"<div class=\"aioseo-breadcrumbs\"><span class=\"aioseo-breadcrumb\">\n\t<a href=\"https:\/\/www.eldigitaldeasturias.com\/noticias\" title=\"Home\">Home<\/a>\n<\/span><span class=\"aioseo-breadcrumb-separator\">\u2013<\/span><span class=\"aioseo-breadcrumb\">\n\t<a href=\"https:\/\/www.eldigitaldeasturias.com\/noticias\/category\/actualidad-asturias\/\" title=\"Actualidad Asturias\">Actualidad Asturias<\/a>\n<\/span><span class=\"aioseo-breadcrumb-separator\">\u2013<\/span><span class=\"aioseo-breadcrumb\">\n\t<a href=\"https:\/\/www.eldigitaldeasturias.com\/noticias\/la-desescalada-reactiva-el-empleo-en-asturias\/\" title=\"La desescalada reactiva el empleo en Asturias\">La desescalada reactiva el empleo en Asturias<\/a>\n<\/span><\/div>","aioseo_breadcrumb_json":[{"label":"Home","link":"https:\/\/www.eldigitaldeasturias.com\/noticias"},{"label":"Actualidad Asturias","link":"https:\/\/www.eldigitaldeasturias.com\/noticias\/category\/actualidad-asturias\/"},{"label":"La desescalada reactiva el empleo en Asturias","link":"https:\/\/www.eldigitaldeasturias.com\/noticias\/la-desescalada-reactiva-el-empleo-en-asturias\/"}],"_links":{"self":[{"href":"https:\/\/www.eldigitaldeasturias.com\/noticias\/wp-json\/wp\/v2\/posts\/1067230","targetHints":{"allow":["GET"]}}],"collection":[{"href":"https:\/\/www.eldigitaldeasturias.com\/noticias\/wp-json\/wp\/v2\/posts"}],"about":[{"href":"https:\/\/www.eldigitaldeasturias.com\/noticias\/wp-json\/wp\/v2\/types\/post"}],"author":[{"embeddable":true,"href":"https:\/\/www.eldigitaldeasturias.com\/noticias\/wp-json\/wp\/v2\/users\/1"}],"replies":[{"embeddable":true,"href":"https:\/\/www.eldigitaldeasturias.com\/noticias\/wp-json\/wp\/v2\/comments?post=1067230"}],"version-history":[{"count":0,"href":"https:\/\/www.eldigitaldeasturias.com\/noticias\/wp-json\/wp\/v2\/posts\/1067230\/revisions"}],"wp:featuredmedia":[{"embeddable":true,"href":"https:\/\/www.eldigitaldeasturias.com\/noticias\/wp-json\/wp\/v2\/media\/1067231"}],"wp:attachment":[{"href":"https:\/\/www.eldigitaldeasturias.com\/noticias\/wp-json\/wp\/v2\/media?parent=1067230"}],"wp:term":[{"taxonomy":"category","embeddable":true,"href":"https:\/\/www.eldigitaldeasturias.com\/noticias\/wp-json\/wp\/v2\/categories?post=1067230"},{"taxonomy":"post_tag","embeddable":true,"href":"https:\/\/www.eldigitaldeasturias.com\/noticias\/wp-json\/wp\/v2\/tags?post=1067230"}],"curies":[{"name":"wp","href":"https:\/\/api.w.org\/{rel}","templated":true}]}}