{"id":1067122,"date":"2020-06-01T03:28:18","date_gmt":"2020-06-01T01:28:18","guid":{"rendered":"https:\/\/www.eldigitaldeasturias.com\/noticias\/?p=1067122"},"modified":"2020-06-01T03:28:18","modified_gmt":"2020-06-01T01:28:18","slug":"las-islas-islandesas-de-vestmannaeyjar-donde-la-tierra-escupe-fuego","status":"publish","type":"post","link":"https:\/\/www.eldigitaldeasturias.com\/noticias\/las-islas-islandesas-de-vestmannaeyjar-donde-la-tierra-escupe-fuego\/","title":{"rendered":"Las islas islandesas de Vestmannaeyjar, donde la tierra escupe fuego"},"content":{"rendered":"<p>(dpa) &#8211; Ni rayos de sol, ni auroras boreales norte, ni estrellas en el cielo. <strong>Un intempestivo mar de oscuridad es lo que se vivi\u00f3 el 22 de enero de 1973<\/strong>, un negro domingo de invierno, en la isla islandesa de Heimaey.<\/p>\n<figure id=\"attachment_1067123\" aria-describedby=\"caption-attachment-1067123\" style=\"width: 650px\" class=\"wp-caption aligncenter\"><img loading=\"lazy\" decoding=\"async\" class=\"wp-image-1067123\" src=\"https:\/\/www.eldigitaldeasturias.com\/noticias\/wp-content\/uploads\/2020\/06\/Vestmannaeyjar-360x226.jpg\" alt=\"\" width=\"650\" height=\"408\" srcset=\"https:\/\/www.eldigitaldeasturias.com\/noticias\/wp-content\/uploads\/2020\/06\/Vestmannaeyjar-360x226.jpg 360w, https:\/\/www.eldigitaldeasturias.com\/noticias\/wp-content\/uploads\/2020\/06\/Vestmannaeyjar-690x434.jpg 690w, https:\/\/www.eldigitaldeasturias.com\/noticias\/wp-content\/uploads\/2020\/06\/Vestmannaeyjar-477x300.jpg 477w, https:\/\/www.eldigitaldeasturias.com\/noticias\/wp-content\/uploads\/2020\/06\/Vestmannaeyjar-768x483.jpg 768w, https:\/\/www.eldigitaldeasturias.com\/noticias\/wp-content\/uploads\/2020\/06\/Vestmannaeyjar-696x437.jpg 696w, https:\/\/www.eldigitaldeasturias.com\/noticias\/wp-content\/uploads\/2020\/06\/Vestmannaeyjar-668x420.jpg 668w, https:\/\/www.eldigitaldeasturias.com\/noticias\/wp-content\/uploads\/2020\/06\/Vestmannaeyjar.jpg 1001w\" sizes=\"auto, (max-width: 650px) 100vw, 650px\" \/><figcaption id=\"caption-attachment-1067123\" class=\"wp-caption-text\">Viaje a islas islandesas de Vestmannaeyjar. Foto: Gabriele Derouiche\/dpa-tmn<\/figcaption><\/figure>\n<p>Aquella ma\u00f1ana r\u00e1fagas de vientos huracanados hab\u00edan azotado el mar con olas de m\u00e1s de un metro de altura. Los barcos de los pescadores se quedaron amarrados en el puerto, lo que salv\u00f3 a los cerca de 5.300 habitantes de esta isla en el archipi\u00e9lago de Vestmannaeyjar. Nadie muri\u00f3.<\/p>\n<h3><strong>Un lunes negro<\/strong><\/h3>\n<p>\u00abDe repente, sobre las dos y media de la ma\u00f1ana el fuego y los rel\u00e1mpagos iluminaron la oscuridad. Un rugido ensordecedor me hab\u00eda despertado.<strong> \u2018Es la Tercera Guerra Mundial\u2019 fue lo primero que pens\u00e9 presa del p\u00e1nico\u00bb, recuerda Krist\u00edn J\u00f3hannsd\u00f3ttir<\/strong>, que entonces ten\u00eda 13 a\u00f1os. \u00abEntonces la lava roja brillante brot\u00f3 de una fisura brillante\u00bb. El volc\u00e1n Helgafell hab\u00eda entrado en erupci\u00f3n.<\/p>\n<p>Todos recogieron r\u00e1pidamente lo imprescindible y se apresuraron al barco para navegar hacia el continente. Si los pescadores hubieran estado esa noche en el mar, habr\u00eda sido una cat\u00e1strofe.<\/p>\n<p>Durante meses no dejaron de caer restos incandescentes de lava en la isla sepultando cientos de casas y elevando el cr\u00e1ter de 220 metros de altura del volc\u00e1n Eldfell. La erupci\u00f3n no se ha olvidado y en los anales de la isla se recuerda como el \u00ablunes negro\u00bb.<\/p>\n<h3><strong>Con el ferry a Heimaey<\/strong><\/h3>\n<p>M\u00e1s de 47 a\u00f1os despu\u00e9s, a unos 40 kil\u00f3metros del aeropuerto de Keflavik, junto a la capital islandesa de Reikiavik, se encuentra el puerto de transbordadores de Landeyjah\u00f6fn. <strong>All\u00ed puede uno embarcarse en el ferry un tanto oxidado de \u00abHerj\u00f3lfur\u00bb que se dirige a Heimaey<\/strong>.<\/p>\n<p>En el horizonte se puede ver una cadena gris y ondulante de rocas: es el archipi\u00e9lago de las islas de Vestmannaeyjar, donde se encuentra Heimaey. Se trata de 14 islotes sobre un zona volc\u00e1nica submarina. Un trozo de tierra impredecible.<\/p>\n<p>Los visitantes sacan sus c\u00e1maras de los tel\u00e9fonos m\u00f3viles cuando el \u00abHerj\u00f3lfur\u00bb pasa por los acantilados de las islas exteriores. Y en algunas rocas situadas en lo alto se pueden ver ovejas pastando. De esas rocas cuelgan cuerdas de un metro de largo que cimbran con el viento y que permiten que en primavera los pastores m\u00e1s osados suban a los acantilados.<\/p>\n<h3><strong>El poder de la lava<\/strong><\/h3>\n<p>A lo lejos, se puede ver la angulosa silueta Surtsey, el \u00faltimo milagro insular nacido en 1963 como resultado de una erupci\u00f3n volc\u00e1nica subterr\u00e1nea. De la lava surgi\u00f3 una masa de terreno que se convirti\u00f3 en la segunda isla m\u00e1s grande del archipi\u00e9lago Vestmannaeyjar. Los turistas no pueden entrar en ella.<\/p>\n<p>Finalmente aparecen las primeras casas coloridas de Heimaey. Se muestran todas concentradas en el puerto, que est\u00e1 flanqueado por un muro de lava oscura de 20 metros de altura.<\/p>\n<p><strong>La oscura pared protectora marca el lugar en donde la ola de lava candente se detuvo en esta isla con una superficie de unos 13,5 kil\u00f3metros cuadrados<\/strong>. El consuelo tras todo lo sucedido es que al final el puerto ha quedado bien resguardado, bien protegido incluso ante un fuerte oleaje.<\/p>\n<p>Durante la visita a la isla en primavera el d\u00eda amanece claro y sin nubes. Se puede sentir una fresca brisa marina y los siete grados de temperatura incitan a moverse para entrar en calor.<\/p>\n<p>Paseando entre lechos de lupinos p\u00farpuras y brillantes dientes de le\u00f3n, la ruta hasta el cr\u00e1ter del volc\u00e1n Edlfell discurre por c\u00e1lidos campos de cenizas. La monta\u00f1a de fuego surgida de la erupci\u00f3n dibuja una imagen de una belleza sencilla en el horizonte, que a lo lejos es la l\u00ednea divisoria entre el azul del cielo y el gris del mar.<\/p>\n<h3><strong>Anhelo de las islas<\/strong><\/h3>\n<p>\u00abEntonces sent\u00edamos verg\u00fcenza, nos sent\u00edamos como par\u00e1sitos por ir durante meses a la escuela en el continente\u00bb, relata Krist\u00edn J\u00f3hannsd\u00f3ttir. <strong>Las fotos de la operaci\u00f3n de rescate est\u00e1n colgadas en su museo del volc\u00e1n en Eldheimar. \u00abLas familias quer\u00edan volver a Heimaey, pero su casa hab\u00eda quedado sepultada por las cenizas\u00bb<\/strong>.<\/p>\n<p>Hace m\u00e1s de diez a\u00f1os, la directora del museo cre\u00f3 su \u00abPompeya del Norte\u00bb al pie del cr\u00e1ter, expuso parte de las casas enterradas y construy\u00f3 la casa museo en la zona.<\/p>\n<p>En un v\u00eddeo, la esposa de un capit\u00e1n recuerda: \u00abEstaba lavando la ropa tarde en la noche cuando de repente surgi\u00f3 gran columna de fuego y una grieta atraves\u00f3 la tierra\u00bb.<\/p>\n<p>El abismo de casi 1.700 metros de largo expuls\u00f3 cenizas a hasta 200 metros de altura. Durante semanas, un muro de lava avanz\u00f3 de forma inexorablemente amenazadora hacia el puerto.<\/p>\n<p>Por su idea de detener las brasas destructivas con agua de mar, los isle\u00f1os se ganaron muchas burlas de los pol\u00edticos europeos. S\u00f3lo los americanos ayudaron, enviando bombas de alto rendimiento. La enorme lengua de lava candente se detuvo antes de que cerrara la entrada del puerto.<\/p>\n<h3><strong>Los frailecillos y la luz eterna<\/strong><\/h3>\n<p>Pero basta de cenizas y devastaci\u00f3n. Yendo hacia el sur de la isla se puede ver la colonia de frailecillos que se mueven por verdes y musgosos pastizales. Al fondo el interminable oc\u00e9ano Atl\u00e1ntico bordea la carretera.<\/p>\n<p>En la pen\u00ednsula de St\u00f3rh\u00f6fdi un peque\u00f1o faro marca el que quiz\u00e1s sea el punto m\u00e1s tormentoso de Europa. Aqu\u00ed se miden vientos de m\u00e1s de 150 kil\u00f3metros por hora. Entonces aparecen los animados frailecillos. Cientos de ellos pueblan los acantilados tan distintivos de Heimaey.<\/p>\n<p>El sol va bajando poco a poco en el horizonte, pero no se llega a poner nunca del todo en los primeros d\u00edas de verano. Alrededor de la medianoche los j\u00f3venes se sientan fuera con esa luz crepuscular. Mientras, en el horizonte se eleva el cono del cr\u00e1ter Eldfell.<\/p>\n<h3><strong>El poder desde el interior de la Tierra<\/strong><\/h3>\n<p>M\u00e1s de 150 volcanes activos caracterizan Islandia. La historia de la isla es tambi\u00e9n la historia de sus erupciones. Algunos se hacen famosos, como Eyjafjallaj\u00f6kull, cuya erupci\u00f3n paraliz\u00f3 el tr\u00e1fico a\u00e9reo europeo hace diez a\u00f1os.<\/p>\n<p>Otros permanecen agazapados durante mucho tiempo bajo glaciares de un metro de espesor hasta que de repente sus brasas consiguen atravesar las grietas heladas.<\/p>\n<p>El museo del volc\u00e1n LAVA Centre, en la costa sur de Islandia, est\u00e1 en el camino de regreso a Reykjavik. Una dramatizaci\u00f3n animada lleva al visitante al coraz\u00f3n de la erupci\u00f3n.<\/p>\n<p>El temblor de la tierra, el estruendo de la erupci\u00f3n, el retumbo y el estr\u00e9pito martillean los o\u00eddos, mientras luces al rojo vivo se mueven en una negra oscuridad imitando las erupciones volc\u00e1nicas.<\/p>\n<p>Se muestran los cinco mayores volcanes del pa\u00eds, incluyendo el Helgafell. Accionando un pedal el visitante puede desencadenar una erupci\u00f3n. Lava roja brillante, polvo y cenizas caen en una oscuridad apocal\u00edptica. Un espect\u00e1culo estremecedor. La visita a la isla de Heimaey hace m\u00e1s humana toda esta furia de la naturaleza.<\/p>\n<h3><strong>Informaci\u00f3n sobre las islas Vestmannaeyjar<\/strong><\/h3>\n<p>Para llegar a estas islas hay que tomar un vuelo hasta la capital islandesa de Reikiavik y desde all\u00ed desplazarse hasta el puerto de Landeyjah\u00f6fn para continuar hasta la isla de Heimaey con el ferry.<\/p>\n<p>Informaci\u00f3n: www.visitwestmanislands.com<\/p>\n<p><i class=\"lang-es\"><span class=\" readonly\" title=\"\">Por Gabriele Derouiche (dpa)<\/span><\/i><\/p>\n<p>&nbsp;<\/p>\n","protected":false},"excerpt":{"rendered":"<p>(dpa) &#8211; Ni rayos de sol, ni auroras boreales norte, ni estrellas en el cielo. Un intempestivo mar de oscuridad es lo que se vivi\u00f3 el 22 de enero de 1973, un negro domingo de invierno, en la isla islandesa de Heimaey. Aquella ma\u00f1ana r\u00e1fagas de vientos huracanados hab\u00edan azotado el mar con olas de [&hellip;]<\/p>\n","protected":false},"author":1,"featured_media":1067123,"comment_status":"closed","ping_status":"closed","sticky":false,"template":"","format":"standard","meta":{"footnotes":""},"categories":[148],"tags":[],"class_list":["post-1067122","post","type-post","status-publish","format-standard","has-post-thumbnail","hentry","category-turismo"],"aioseo_notices":[],"aioseo_head":"\n\t\t<!-- All in One SEO Pro 4.9.6.2 - aioseo.com -->\n\t<meta name=\"description\" content=\"(dpa) - Ni rayos de sol, ni auroras boreales norte, ni estrellas en el cielo. Un intempestivo mar de oscuridad es lo que se vivi\u00f3 el 22 de enero de 1973, un negro domingo de invierno, en la isla islandesa de Heimaey. Aquella ma\u00f1ana r\u00e1fagas de vientos huracanados hab\u00edan azotado el mar con olas de\" \/>\n\t<meta name=\"robots\" content=\"max-image-preview:large\" \/>\n\t<meta name=\"author\" content=\"El Digital de Asturias\"\/>\n\t<meta name=\"google-site-verification\" content=\"UA-38556648-1\" \/>\n\t<meta name=\"msvalidate.01\" content=\"7dfe9f3f1b24437ab69f4f2559babe99\" \/>\n\t<meta name=\"keywords\" content=\"turismo\" \/>\n\t<link rel=\"canonical\" href=\"https:\/\/www.eldigitaldeasturias.com\/noticias\/las-islas-islandesas-de-vestmannaeyjar-donde-la-tierra-escupe-fuego\/\" \/>\n\t<meta name=\"generator\" content=\"All in One SEO Pro (AIOSEO) 4.9.6.2\" \/>\n\t\t<meta property=\"og:locale\" content=\"es_ES\" \/>\n\t\t<meta property=\"og:site_name\" content=\"El Digital de Asturias\" \/>\n\t\t<meta property=\"og:type\" content=\"article\" \/>\n\t\t<meta property=\"og:title\" content=\"Las islas islandesas de Vestmannaeyjar, donde la tierra escupe fuego - El Digital de Asturias\" \/>\n\t\t<meta property=\"og:description\" content=\"(dpa) - Ni rayos de sol, ni auroras boreales norte, ni estrellas en el cielo. Un intempestivo mar de oscuridad es lo que se vivi\u00f3 el 22 de enero de 1973, un negro domingo de invierno, en la isla islandesa de Heimaey. Aquella ma\u00f1ana r\u00e1fagas de vientos huracanados hab\u00edan azotado el mar con olas de\" \/>\n\t\t<meta property=\"og:url\" content=\"https:\/\/www.eldigitaldeasturias.com\/noticias\/las-islas-islandesas-de-vestmannaeyjar-donde-la-tierra-escupe-fuego\/\" \/>\n\t\t<meta property=\"og:image\" content=\"https:\/\/www.eldigitaldeasturias.com\/noticias\/wp-content\/uploads\/2020\/06\/Vestmannaeyjar.jpg\" \/>\n\t\t<meta property=\"og:image:secure_url\" content=\"https:\/\/www.eldigitaldeasturias.com\/noticias\/wp-content\/uploads\/2020\/06\/Vestmannaeyjar.jpg\" \/>\n\t\t<meta property=\"og:image:width\" content=\"1001\" \/>\n\t\t<meta property=\"og:image:height\" content=\"629\" \/>\n\t\t<meta property=\"article:tag\" content=\"turismo\" \/>\n\t\t<meta property=\"article:published_time\" content=\"2020-06-01T01:28:18+00:00\" \/>\n\t\t<meta property=\"article:modified_time\" content=\"2020-06-01T01:28:18+00:00\" \/>\n\t\t<meta property=\"article:publisher\" content=\"https:\/\/facebook.com\/eldigitaldeasturias\" \/>\n\t\t<meta name=\"twitter:card\" content=\"summary_large_image\" \/>\n\t\t<meta name=\"twitter:title\" content=\"Las islas islandesas de Vestmannaeyjar, donde la tierra escupe fuego - El Digital de Asturias\" \/>\n\t\t<meta name=\"twitter:description\" content=\"(dpa) - Ni rayos de sol, ni auroras boreales norte, ni estrellas en el cielo. Un intempestivo mar de oscuridad es lo que se vivi\u00f3 el 22 de enero de 1973, un negro domingo de invierno, en la isla islandesa de Heimaey. Aquella ma\u00f1ana r\u00e1fagas de vientos huracanados hab\u00edan azotado el mar con olas de\" \/>\n\t\t<meta name=\"twitter:image\" content=\"https:\/\/www.eldigitaldeasturias.com\/noticias\/wp-content\/uploads\/2020\/06\/Vestmannaeyjar.jpg\" \/>\n\t\t<meta name=\"twitter:label1\" content=\"Escrito por\" \/>\n\t\t<meta name=\"twitter:data1\" content=\"El Digital de Asturias\" \/>\n\t\t<meta name=\"twitter:label2\" content=\"Tiempo de lectura estimado\" \/>\n\t\t<meta name=\"twitter:data2\" content=\"6 minutos\" \/>\n\t\t<script type=\"application\/ld+json\" class=\"aioseo-schema\">\n\t\t\t{\"@context\":\"https:\\\/\\\/schema.org\",\"@graph\":[{\"@type\":\"BlogPosting\",\"@id\":\"https:\\\/\\\/www.eldigitaldeasturias.com\\\/noticias\\\/las-islas-islandesas-de-vestmannaeyjar-donde-la-tierra-escupe-fuego\\\/#blogposting\",\"name\":\"Las islas islandesas de Vestmannaeyjar, donde la tierra escupe fuego - El Digital de Asturias\",\"headline\":\"Las islas islandesas de Vestmannaeyjar, donde la tierra escupe fuego\",\"author\":{\"@id\":\"https:\\\/\\\/www.eldigitaldeasturias.com\\\/noticias\\\/author\\\/admin\\\/#author\"},\"publisher\":{\"@id\":\"https:\\\/\\\/www.eldigitaldeasturias.com\\\/noticias\\\/#organization\"},\"image\":{\"@type\":\"ImageObject\",\"url\":\"https:\\\/\\\/www.eldigitaldeasturias.com\\\/noticias\\\/wp-content\\\/uploads\\\/2020\\\/06\\\/Vestmannaeyjar.jpg\",\"width\":1001,\"height\":629,\"caption\":\"Viaje a islas islandesas de Vestmannaeyjar. Foto: Gabriele Derouiche\\\/dpa-tmn\"},\"datePublished\":\"2020-06-01T03:28:18+02:00\",\"dateModified\":\"2020-06-01T03:28:18+02:00\",\"inLanguage\":\"es-ES\",\"mainEntityOfPage\":{\"@id\":\"https:\\\/\\\/www.eldigitaldeasturias.com\\\/noticias\\\/las-islas-islandesas-de-vestmannaeyjar-donde-la-tierra-escupe-fuego\\\/#webpage\"},\"isPartOf\":{\"@id\":\"https:\\\/\\\/www.eldigitaldeasturias.com\\\/noticias\\\/las-islas-islandesas-de-vestmannaeyjar-donde-la-tierra-escupe-fuego\\\/#webpage\"},\"articleSection\":\"Turismo\"},{\"@type\":\"BreadcrumbList\",\"@id\":\"https:\\\/\\\/www.eldigitaldeasturias.com\\\/noticias\\\/las-islas-islandesas-de-vestmannaeyjar-donde-la-tierra-escupe-fuego\\\/#breadcrumblist\",\"itemListElement\":[{\"@type\":\"ListItem\",\"@id\":\"https:\\\/\\\/www.eldigitaldeasturias.com\\\/noticias#listItem\",\"position\":1,\"name\":\"Home\",\"item\":\"https:\\\/\\\/www.eldigitaldeasturias.com\\\/noticias\",\"nextItem\":{\"@type\":\"ListItem\",\"@id\":\"https:\\\/\\\/www.eldigitaldeasturias.com\\\/noticias\\\/category\\\/turismo\\\/#listItem\",\"name\":\"Turismo\"}},{\"@type\":\"ListItem\",\"@id\":\"https:\\\/\\\/www.eldigitaldeasturias.com\\\/noticias\\\/category\\\/turismo\\\/#listItem\",\"position\":2,\"name\":\"Turismo\",\"item\":\"https:\\\/\\\/www.eldigitaldeasturias.com\\\/noticias\\\/category\\\/turismo\\\/\",\"nextItem\":{\"@type\":\"ListItem\",\"@id\":\"https:\\\/\\\/www.eldigitaldeasturias.com\\\/noticias\\\/las-islas-islandesas-de-vestmannaeyjar-donde-la-tierra-escupe-fuego\\\/#listItem\",\"name\":\"Las islas islandesas de Vestmannaeyjar, donde la tierra escupe fuego\"},\"previousItem\":{\"@type\":\"ListItem\",\"@id\":\"https:\\\/\\\/www.eldigitaldeasturias.com\\\/noticias#listItem\",\"name\":\"Home\"}},{\"@type\":\"ListItem\",\"@id\":\"https:\\\/\\\/www.eldigitaldeasturias.com\\\/noticias\\\/las-islas-islandesas-de-vestmannaeyjar-donde-la-tierra-escupe-fuego\\\/#listItem\",\"position\":3,\"name\":\"Las islas islandesas de Vestmannaeyjar, donde la tierra escupe fuego\",\"previousItem\":{\"@type\":\"ListItem\",\"@id\":\"https:\\\/\\\/www.eldigitaldeasturias.com\\\/noticias\\\/category\\\/turismo\\\/#listItem\",\"name\":\"Turismo\"}}]},{\"@type\":\"Organization\",\"@id\":\"https:\\\/\\\/www.eldigitaldeasturias.com\\\/noticias\\\/#organization\",\"name\":\"El Digital de Asturias\",\"description\":\"Hemeroteca\",\"url\":\"https:\\\/\\\/www.eldigitaldeasturias.com\\\/noticias\\\/\",\"email\":\"info@eldigitaldeasturias.com\",\"telephone\":\"+34652131393\",\"logo\":{\"@type\":\"ImageObject\",\"url\":\"https:\\\/\\\/www.eldigitaldeasturias.com\\\/noticias\\\/wp-content\\\/uploads\\\/2020\\\/12\\\/EDA.jpg\",\"@id\":\"https:\\\/\\\/www.eldigitaldeasturias.com\\\/noticias\\\/las-islas-islandesas-de-vestmannaeyjar-donde-la-tierra-escupe-fuego\\\/#organizationLogo\",\"width\":649,\"height\":297},\"image\":{\"@id\":\"https:\\\/\\\/www.eldigitaldeasturias.com\\\/noticias\\\/las-islas-islandesas-de-vestmannaeyjar-donde-la-tierra-escupe-fuego\\\/#organizationLogo\"},\"sameAs\":[\"https:\\\/\\\/facebook.com\\\/eldigitaldeasturias\",\"https:\\\/\\\/www.youtube.com\\\/channel\\\/UCZP-2wLEB9Rv6erhFmqVnvg\"],\"address\":{\"@id\":\"https:\\\/\\\/www.eldigitaldeasturias.com\\\/noticias\\\/#postaladdress\",\"@type\":\"PostalAddress\",\"streetAddress\":\"san antonio 4,\",\"postalCode\":\"33430\",\"addressLocality\":\"Cand\\u00e1s\",\"addressRegion\":\"Asturias\",\"addressCountry\":\"ES\"}},{\"@type\":\"Person\",\"@id\":\"https:\\\/\\\/www.eldigitaldeasturias.com\\\/noticias\\\/author\\\/admin\\\/#author\",\"url\":\"https:\\\/\\\/www.eldigitaldeasturias.com\\\/noticias\\\/author\\\/admin\\\/\",\"name\":\"El Digital de Asturias\",\"image\":{\"@type\":\"ImageObject\",\"@id\":\"https:\\\/\\\/www.eldigitaldeasturias.com\\\/noticias\\\/las-islas-islandesas-de-vestmannaeyjar-donde-la-tierra-escupe-fuego\\\/#authorImage\",\"url\":\"https:\\\/\\\/www.eldigitaldeasturias.com\\\/noticias\\\/wp-content\\\/litespeed\\\/avatar\\\/18677e78aa0546b92d9dbf31ec7d7668.jpg?ver=1776685526\",\"width\":96,\"height\":96,\"caption\":\"El Digital de Asturias\"}},{\"@type\":\"WebPage\",\"@id\":\"https:\\\/\\\/www.eldigitaldeasturias.com\\\/noticias\\\/las-islas-islandesas-de-vestmannaeyjar-donde-la-tierra-escupe-fuego\\\/#webpage\",\"url\":\"https:\\\/\\\/www.eldigitaldeasturias.com\\\/noticias\\\/las-islas-islandesas-de-vestmannaeyjar-donde-la-tierra-escupe-fuego\\\/\",\"name\":\"Las islas islandesas de Vestmannaeyjar, donde la tierra escupe fuego - El Digital de Asturias\",\"description\":\"(dpa) - Ni rayos de sol, ni auroras boreales norte, ni estrellas en el cielo. Un intempestivo mar de oscuridad es lo que se vivi\\u00f3 el 22 de enero de 1973, un negro domingo de invierno, en la isla islandesa de Heimaey. Aquella ma\\u00f1ana r\\u00e1fagas de vientos huracanados hab\\u00edan azotado el mar con olas de\",\"inLanguage\":\"es-ES\",\"isPartOf\":{\"@id\":\"https:\\\/\\\/www.eldigitaldeasturias.com\\\/noticias\\\/#website\"},\"breadcrumb\":{\"@id\":\"https:\\\/\\\/www.eldigitaldeasturias.com\\\/noticias\\\/las-islas-islandesas-de-vestmannaeyjar-donde-la-tierra-escupe-fuego\\\/#breadcrumblist\"},\"author\":{\"@id\":\"https:\\\/\\\/www.eldigitaldeasturias.com\\\/noticias\\\/author\\\/admin\\\/#author\"},\"creator\":{\"@id\":\"https:\\\/\\\/www.eldigitaldeasturias.com\\\/noticias\\\/author\\\/admin\\\/#author\"},\"image\":{\"@type\":\"ImageObject\",\"url\":\"https:\\\/\\\/www.eldigitaldeasturias.com\\\/noticias\\\/wp-content\\\/uploads\\\/2020\\\/06\\\/Vestmannaeyjar.jpg\",\"@id\":\"https:\\\/\\\/www.eldigitaldeasturias.com\\\/noticias\\\/las-islas-islandesas-de-vestmannaeyjar-donde-la-tierra-escupe-fuego\\\/#mainImage\",\"width\":1001,\"height\":629,\"caption\":\"Viaje a islas islandesas de Vestmannaeyjar. Foto: Gabriele Derouiche\\\/dpa-tmn\"},\"primaryImageOfPage\":{\"@id\":\"https:\\\/\\\/www.eldigitaldeasturias.com\\\/noticias\\\/las-islas-islandesas-de-vestmannaeyjar-donde-la-tierra-escupe-fuego\\\/#mainImage\"},\"datePublished\":\"2020-06-01T03:28:18+02:00\",\"dateModified\":\"2020-06-01T03:28:18+02:00\"},{\"@type\":\"WebSite\",\"@id\":\"https:\\\/\\\/www.eldigitaldeasturias.com\\\/noticias\\\/#website\",\"url\":\"https:\\\/\\\/www.eldigitaldeasturias.com\\\/noticias\\\/\",\"name\":\"El Digital de Asturias - Diario de actualidad y noticias\",\"alternateName\":\"El Digital de Asturias - Diario de actualidad y noticias\",\"description\":\"Hemeroteca\",\"inLanguage\":\"es-ES\",\"publisher\":{\"@id\":\"https:\\\/\\\/www.eldigitaldeasturias.com\\\/noticias\\\/#organization\"}}]}\n\t\t<\/script>\n\t\t<!-- All in One SEO Pro -->\r\n\t\t<title>Las islas islandesas de Vestmannaeyjar, donde la tierra escupe fuego - El Digital de Asturias<\/title>\n\n","aioseo_head_json":{"title":"Las islas islandesas de Vestmannaeyjar, donde la tierra escupe fuego - El Digital de Asturias","description":"(dpa) - Ni rayos de sol, ni auroras boreales norte, ni estrellas en el cielo. Un intempestivo mar de oscuridad es lo que se vivi\u00f3 el 22 de enero de 1973, un negro domingo de invierno, en la isla islandesa de Heimaey. Aquella ma\u00f1ana r\u00e1fagas de vientos huracanados hab\u00edan azotado el mar con olas de","canonical_url":"https:\/\/www.eldigitaldeasturias.com\/noticias\/las-islas-islandesas-de-vestmannaeyjar-donde-la-tierra-escupe-fuego\/","robots":"max-image-preview:large","keywords":"turismo","webmasterTools":{"google-site-verification":"UA-38556648-1","msvalidate.01":"7dfe9f3f1b24437ab69f4f2559babe99","miscellaneous":""},"schema":{"@context":"https:\/\/schema.org","@graph":[{"@type":"BlogPosting","@id":"https:\/\/www.eldigitaldeasturias.com\/noticias\/las-islas-islandesas-de-vestmannaeyjar-donde-la-tierra-escupe-fuego\/#blogposting","name":"Las islas islandesas de Vestmannaeyjar, donde la tierra escupe fuego - El Digital de Asturias","headline":"Las islas islandesas de Vestmannaeyjar, donde la tierra escupe fuego","author":{"@id":"https:\/\/www.eldigitaldeasturias.com\/noticias\/author\/admin\/#author"},"publisher":{"@id":"https:\/\/www.eldigitaldeasturias.com\/noticias\/#organization"},"image":{"@type":"ImageObject","url":"https:\/\/www.eldigitaldeasturias.com\/noticias\/wp-content\/uploads\/2020\/06\/Vestmannaeyjar.jpg","width":1001,"height":629,"caption":"Viaje a islas islandesas de Vestmannaeyjar. Foto: Gabriele Derouiche\/dpa-tmn"},"datePublished":"2020-06-01T03:28:18+02:00","dateModified":"2020-06-01T03:28:18+02:00","inLanguage":"es-ES","mainEntityOfPage":{"@id":"https:\/\/www.eldigitaldeasturias.com\/noticias\/las-islas-islandesas-de-vestmannaeyjar-donde-la-tierra-escupe-fuego\/#webpage"},"isPartOf":{"@id":"https:\/\/www.eldigitaldeasturias.com\/noticias\/las-islas-islandesas-de-vestmannaeyjar-donde-la-tierra-escupe-fuego\/#webpage"},"articleSection":"Turismo"},{"@type":"BreadcrumbList","@id":"https:\/\/www.eldigitaldeasturias.com\/noticias\/las-islas-islandesas-de-vestmannaeyjar-donde-la-tierra-escupe-fuego\/#breadcrumblist","itemListElement":[{"@type":"ListItem","@id":"https:\/\/www.eldigitaldeasturias.com\/noticias#listItem","position":1,"name":"Home","item":"https:\/\/www.eldigitaldeasturias.com\/noticias","nextItem":{"@type":"ListItem","@id":"https:\/\/www.eldigitaldeasturias.com\/noticias\/category\/turismo\/#listItem","name":"Turismo"}},{"@type":"ListItem","@id":"https:\/\/www.eldigitaldeasturias.com\/noticias\/category\/turismo\/#listItem","position":2,"name":"Turismo","item":"https:\/\/www.eldigitaldeasturias.com\/noticias\/category\/turismo\/","nextItem":{"@type":"ListItem","@id":"https:\/\/www.eldigitaldeasturias.com\/noticias\/las-islas-islandesas-de-vestmannaeyjar-donde-la-tierra-escupe-fuego\/#listItem","name":"Las islas islandesas de Vestmannaeyjar, donde la tierra escupe fuego"},"previousItem":{"@type":"ListItem","@id":"https:\/\/www.eldigitaldeasturias.com\/noticias#listItem","name":"Home"}},{"@type":"ListItem","@id":"https:\/\/www.eldigitaldeasturias.com\/noticias\/las-islas-islandesas-de-vestmannaeyjar-donde-la-tierra-escupe-fuego\/#listItem","position":3,"name":"Las islas islandesas de Vestmannaeyjar, donde la tierra escupe fuego","previousItem":{"@type":"ListItem","@id":"https:\/\/www.eldigitaldeasturias.com\/noticias\/category\/turismo\/#listItem","name":"Turismo"}}]},{"@type":"Organization","@id":"https:\/\/www.eldigitaldeasturias.com\/noticias\/#organization","name":"El Digital de Asturias","description":"Hemeroteca","url":"https:\/\/www.eldigitaldeasturias.com\/noticias\/","email":"info@eldigitaldeasturias.com","telephone":"+34652131393","logo":{"@type":"ImageObject","url":"https:\/\/www.eldigitaldeasturias.com\/noticias\/wp-content\/uploads\/2020\/12\/EDA.jpg","@id":"https:\/\/www.eldigitaldeasturias.com\/noticias\/las-islas-islandesas-de-vestmannaeyjar-donde-la-tierra-escupe-fuego\/#organizationLogo","width":649,"height":297},"image":{"@id":"https:\/\/www.eldigitaldeasturias.com\/noticias\/las-islas-islandesas-de-vestmannaeyjar-donde-la-tierra-escupe-fuego\/#organizationLogo"},"sameAs":["https:\/\/facebook.com\/eldigitaldeasturias","https:\/\/www.youtube.com\/channel\/UCZP-2wLEB9Rv6erhFmqVnvg"],"address":{"@id":"https:\/\/www.eldigitaldeasturias.com\/noticias\/#postaladdress","@type":"PostalAddress","streetAddress":"san antonio 4,","postalCode":"33430","addressLocality":"Cand\u00e1s","addressRegion":"Asturias","addressCountry":"ES"}},{"@type":"Person","@id":"https:\/\/www.eldigitaldeasturias.com\/noticias\/author\/admin\/#author","url":"https:\/\/www.eldigitaldeasturias.com\/noticias\/author\/admin\/","name":"El Digital de Asturias","image":{"@type":"ImageObject","@id":"https:\/\/www.eldigitaldeasturias.com\/noticias\/las-islas-islandesas-de-vestmannaeyjar-donde-la-tierra-escupe-fuego\/#authorImage","url":"https:\/\/www.eldigitaldeasturias.com\/noticias\/wp-content\/litespeed\/avatar\/18677e78aa0546b92d9dbf31ec7d7668.jpg?ver=1776685526","width":96,"height":96,"caption":"El Digital de Asturias"}},{"@type":"WebPage","@id":"https:\/\/www.eldigitaldeasturias.com\/noticias\/las-islas-islandesas-de-vestmannaeyjar-donde-la-tierra-escupe-fuego\/#webpage","url":"https:\/\/www.eldigitaldeasturias.com\/noticias\/las-islas-islandesas-de-vestmannaeyjar-donde-la-tierra-escupe-fuego\/","name":"Las islas islandesas de Vestmannaeyjar, donde la tierra escupe fuego - El Digital de Asturias","description":"(dpa) - Ni rayos de sol, ni auroras boreales norte, ni estrellas en el cielo. Un intempestivo mar de oscuridad es lo que se vivi\u00f3 el 22 de enero de 1973, un negro domingo de invierno, en la isla islandesa de Heimaey. Aquella ma\u00f1ana r\u00e1fagas de vientos huracanados hab\u00edan azotado el mar con olas de","inLanguage":"es-ES","isPartOf":{"@id":"https:\/\/www.eldigitaldeasturias.com\/noticias\/#website"},"breadcrumb":{"@id":"https:\/\/www.eldigitaldeasturias.com\/noticias\/las-islas-islandesas-de-vestmannaeyjar-donde-la-tierra-escupe-fuego\/#breadcrumblist"},"author":{"@id":"https:\/\/www.eldigitaldeasturias.com\/noticias\/author\/admin\/#author"},"creator":{"@id":"https:\/\/www.eldigitaldeasturias.com\/noticias\/author\/admin\/#author"},"image":{"@type":"ImageObject","url":"https:\/\/www.eldigitaldeasturias.com\/noticias\/wp-content\/uploads\/2020\/06\/Vestmannaeyjar.jpg","@id":"https:\/\/www.eldigitaldeasturias.com\/noticias\/las-islas-islandesas-de-vestmannaeyjar-donde-la-tierra-escupe-fuego\/#mainImage","width":1001,"height":629,"caption":"Viaje a islas islandesas de Vestmannaeyjar. Foto: Gabriele Derouiche\/dpa-tmn"},"primaryImageOfPage":{"@id":"https:\/\/www.eldigitaldeasturias.com\/noticias\/las-islas-islandesas-de-vestmannaeyjar-donde-la-tierra-escupe-fuego\/#mainImage"},"datePublished":"2020-06-01T03:28:18+02:00","dateModified":"2020-06-01T03:28:18+02:00"},{"@type":"WebSite","@id":"https:\/\/www.eldigitaldeasturias.com\/noticias\/#website","url":"https:\/\/www.eldigitaldeasturias.com\/noticias\/","name":"El Digital de Asturias - Diario de actualidad y noticias","alternateName":"El Digital de Asturias - Diario de actualidad y noticias","description":"Hemeroteca","inLanguage":"es-ES","publisher":{"@id":"https:\/\/www.eldigitaldeasturias.com\/noticias\/#organization"}}]},"og:locale":"es_ES","og:site_name":"El Digital de Asturias","og:type":"article","og:title":"Las islas islandesas de Vestmannaeyjar, donde la tierra escupe fuego - El Digital de Asturias","og:description":"(dpa) - Ni rayos de sol, ni auroras boreales norte, ni estrellas en el cielo. Un intempestivo mar de oscuridad es lo que se vivi\u00f3 el 22 de enero de 1973, un negro domingo de invierno, en la isla islandesa de Heimaey. Aquella ma\u00f1ana r\u00e1fagas de vientos huracanados hab\u00edan azotado el mar con olas de","og:url":"https:\/\/www.eldigitaldeasturias.com\/noticias\/las-islas-islandesas-de-vestmannaeyjar-donde-la-tierra-escupe-fuego\/","og:image":"https:\/\/www.eldigitaldeasturias.com\/noticias\/wp-content\/uploads\/2020\/06\/Vestmannaeyjar.jpg","og:image:secure_url":"https:\/\/www.eldigitaldeasturias.com\/noticias\/wp-content\/uploads\/2020\/06\/Vestmannaeyjar.jpg","og:image:width":1001,"og:image:height":629,"article:tag":["turismo"],"article:published_time":"2020-06-01T01:28:18+00:00","article:modified_time":"2020-06-01T01:28:18+00:00","article:publisher":"https:\/\/facebook.com\/eldigitaldeasturias","twitter:card":"summary_large_image","twitter:title":"Las islas islandesas de Vestmannaeyjar, donde la tierra escupe fuego - El Digital de Asturias","twitter:description":"(dpa) - Ni rayos de sol, ni auroras boreales norte, ni estrellas en el cielo. Un intempestivo mar de oscuridad es lo que se vivi\u00f3 el 22 de enero de 1973, un negro domingo de invierno, en la isla islandesa de Heimaey. Aquella ma\u00f1ana r\u00e1fagas de vientos huracanados hab\u00edan azotado el mar con olas de","twitter:image":"https:\/\/www.eldigitaldeasturias.com\/noticias\/wp-content\/uploads\/2020\/06\/Vestmannaeyjar.jpg","twitter:label1":"Escrito por","twitter:data1":"El Digital de Asturias","twitter:label2":"Tiempo de lectura estimado","twitter:data2":"6 minutos"},"aioseo_meta_data":{"post_id":"1067122","title":null,"description":null,"keywords":null,"keyphrases":null,"primary_term":null,"canonical_url":null,"og_title":null,"og_description":null,"og_object_type":"default","og_image_type":"default","og_image_url":null,"og_image_width":null,"og_image_height":null,"og_image_custom_url":null,"og_image_custom_fields":null,"og_video":null,"og_custom_url":null,"og_article_section":null,"og_article_tags":null,"twitter_use_og":false,"twitter_card":"default","twitter_image_type":"default","twitter_image_url":null,"twitter_image_custom_url":null,"twitter_image_custom_fields":null,"twitter_title":null,"twitter_description":null,"schema":{"blockGraphs":[],"customGraphs":[],"default":{"data":{"Article":[],"Course":[],"Dataset":[],"FAQPage":[],"Movie":[],"Person":[],"Product":[],"ProductReview":[],"Car":[],"Recipe":[],"Service":[],"SoftwareApplication":[],"WebPage":[]},"graphName":"","isEnabled":true},"graphs":[],"defaultGraph":"","defaultPostTypeGraph":""},"schema_type":null,"schema_type_options":null,"pillar_content":false,"robots_default":true,"robots_noindex":false,"robots_noarchive":false,"robots_nosnippet":false,"robots_nofollow":false,"robots_noimageindex":false,"robots_noodp":false,"robots_notranslate":false,"robots_max_snippet":null,"robots_max_videopreview":null,"robots_max_imagepreview":"large","priority":null,"frequency":null,"local_seo":null,"seo_analyzer_scan_date":"2025-09-12 14:35:50","breadcrumb_settings":null,"limit_modified_date":false,"open_ai":null,"ai":null,"created":"2020-12-21 10:48:45","updated":"2025-09-12 14:35:50"},"aioseo_breadcrumb":"<div class=\"aioseo-breadcrumbs\"><span class=\"aioseo-breadcrumb\">\n\t<a href=\"https:\/\/www.eldigitaldeasturias.com\/noticias\" title=\"Home\">Home<\/a>\n<\/span><span class=\"aioseo-breadcrumb-separator\">\u2013<\/span><span class=\"aioseo-breadcrumb\">\n\t<a href=\"https:\/\/www.eldigitaldeasturias.com\/noticias\/category\/turismo\/\" title=\"Turismo\">Turismo<\/a>\n<\/span><span class=\"aioseo-breadcrumb-separator\">\u2013<\/span><span class=\"aioseo-breadcrumb\">\n\t<a href=\"https:\/\/www.eldigitaldeasturias.com\/noticias\/las-islas-islandesas-de-vestmannaeyjar-donde-la-tierra-escupe-fuego\/\" title=\"Las islas islandesas de Vestmannaeyjar, donde la tierra escupe fuego\">Las islas islandesas de Vestmannaeyjar, donde la tierra escupe fuego<\/a>\n<\/span><\/div>","aioseo_breadcrumb_json":[{"label":"Home","link":"https:\/\/www.eldigitaldeasturias.com\/noticias"},{"label":"Turismo","link":"https:\/\/www.eldigitaldeasturias.com\/noticias\/category\/turismo\/"},{"label":"Las islas islandesas de Vestmannaeyjar, donde la tierra escupe fuego","link":"https:\/\/www.eldigitaldeasturias.com\/noticias\/las-islas-islandesas-de-vestmannaeyjar-donde-la-tierra-escupe-fuego\/"}],"_links":{"self":[{"href":"https:\/\/www.eldigitaldeasturias.com\/noticias\/wp-json\/wp\/v2\/posts\/1067122","targetHints":{"allow":["GET"]}}],"collection":[{"href":"https:\/\/www.eldigitaldeasturias.com\/noticias\/wp-json\/wp\/v2\/posts"}],"about":[{"href":"https:\/\/www.eldigitaldeasturias.com\/noticias\/wp-json\/wp\/v2\/types\/post"}],"author":[{"embeddable":true,"href":"https:\/\/www.eldigitaldeasturias.com\/noticias\/wp-json\/wp\/v2\/users\/1"}],"replies":[{"embeddable":true,"href":"https:\/\/www.eldigitaldeasturias.com\/noticias\/wp-json\/wp\/v2\/comments?post=1067122"}],"version-history":[{"count":0,"href":"https:\/\/www.eldigitaldeasturias.com\/noticias\/wp-json\/wp\/v2\/posts\/1067122\/revisions"}],"wp:featuredmedia":[{"embeddable":true,"href":"https:\/\/www.eldigitaldeasturias.com\/noticias\/wp-json\/wp\/v2\/media\/1067123"}],"wp:attachment":[{"href":"https:\/\/www.eldigitaldeasturias.com\/noticias\/wp-json\/wp\/v2\/media?parent=1067122"}],"wp:term":[{"taxonomy":"category","embeddable":true,"href":"https:\/\/www.eldigitaldeasturias.com\/noticias\/wp-json\/wp\/v2\/categories?post=1067122"},{"taxonomy":"post_tag","embeddable":true,"href":"https:\/\/www.eldigitaldeasturias.com\/noticias\/wp-json\/wp\/v2\/tags?post=1067122"}],"curies":[{"name":"wp","href":"https:\/\/api.w.org\/{rel}","templated":true}]}}