{"id":1066997,"date":"2020-05-30T19:50:27","date_gmt":"2020-05-30T17:50:27","guid":{"rendered":"https:\/\/www.eldigitaldeasturias.com\/noticias\/?p=1066997"},"modified":"2020-05-30T19:50:27","modified_gmt":"2020-05-30T17:50:27","slug":"representantes-de-empresas-alemanas-retornan-a-china","status":"publish","type":"post","link":"https:\/\/www.eldigitaldeasturias.com\/noticias\/representantes-de-empresas-alemanas-retornan-a-china\/","title":{"rendered":"Representantes de empresas alemanas retornan a China"},"content":{"rendered":"<figure id=\"attachment_1066998\" aria-describedby=\"caption-attachment-1066998\" style=\"width: 360px\" class=\"wp-caption alignleft\"><img loading=\"lazy\" decoding=\"async\" class=\"wp-image-1066998 size-medium\" src=\"https:\/\/www.eldigitaldeasturias.com\/noticias\/wp-content\/uploads\/2020\/05\/empresas-alemanas-360x277.jpg\" alt=\"\" width=\"360\" height=\"277\" srcset=\"https:\/\/www.eldigitaldeasturias.com\/noticias\/wp-content\/uploads\/2020\/05\/empresas-alemanas-360x277.jpg 360w, https:\/\/www.eldigitaldeasturias.com\/noticias\/wp-content\/uploads\/2020\/05\/empresas-alemanas-625x480.jpg 625w, https:\/\/www.eldigitaldeasturias.com\/noticias\/wp-content\/uploads\/2020\/05\/empresas-alemanas-390x300.jpg 390w, https:\/\/www.eldigitaldeasturias.com\/noticias\/wp-content\/uploads\/2020\/05\/empresas-alemanas-768x590.jpg 768w, https:\/\/www.eldigitaldeasturias.com\/noticias\/wp-content\/uploads\/2020\/05\/empresas-alemanas-696x535.jpg 696w, https:\/\/www.eldigitaldeasturias.com\/noticias\/wp-content\/uploads\/2020\/05\/empresas-alemanas-547x420.jpg 547w, https:\/\/www.eldigitaldeasturias.com\/noticias\/wp-content\/uploads\/2020\/05\/empresas-alemanas.jpg 863w\" sizes=\"auto, (max-width: 360px) 100vw, 360px\" \/><figcaption id=\"caption-attachment-1066998\" class=\"wp-caption-text\">Foto: Andreas Landwehr\/dpa<\/figcaption><\/figure>\n<p>Tianjin (China), 30 may (dpa) &#8211; Unos 200 representantes de empresas alemanas radicadas en China o familiares de los mismos retornaron hoy al pa\u00eds asi\u00e1tico en un vuelo especial, tras quedar varados en Alemania por las restricciones de viaje impuestas a causa de la pandemia de coronavirus.<\/p>\n<p>El vuelo charter de Lufthansa aterriz\u00f3 en la ciudad de Tianjin, en el norte de China. Los pasajeros deber\u00e1n permanecer all\u00ed dos semanas en cuarentena antes de proseguir viaje a otras ciudades chinas.<\/p>\n<p>\u00abSabemos que en la comunidad econ\u00f3mica alemana en China existe una gran demanda para trasladar a m\u00e1s personal de retorno a sus puestos de trabajo\u00bb, dijo a dpa el director ejecutivo de la C\u00e1mara Chino-Alemana de Comercio, Jens Hildebrandt.<\/p>\n<p>\u00abSe requieren con urgencia especialistas, por ejemplo para proyectos de inversi\u00f3n o para la puesta en marcha de nuevas l\u00edneas de producci\u00f3n\u00bb, se\u00f1al\u00f3.<\/p>\n<p>China cerr\u00f3 en marzo sus fronteras para viajeros provenientes de Alemania y otros pa\u00edses, al propagarse la pandemia de coronavirus en Europa y Am\u00e9rica.<\/p>\n<p>Representantes de empresas germanas que hab\u00edan salido de China durante el pico de contagios en ese pa\u00eds quedaron imposibilitados de retornar despu\u00e9s de que se aplacara el foco epid\u00e9mico originado en Wuhan.<\/p>\n<p>Entre 2.000 y 2.500 personas manifestaron inter\u00e9s en retornar desde Alemania a China, seg\u00fan una encuesta de la C\u00e1mara de Comercio entre sus empresas asociadas.<\/p>\n<p>Un segundo vuelo de este \u00abpuente a\u00e9reo\u00bb a la inversa est\u00e1 previsto para el 3 de junio de Fr\u00e1ncfort a Shangai. Alemania repatri\u00f3 por la pandemia en marzo y abril a unos 240.000 ciudadanos germanos que hab\u00edan quedado varados en otros pa\u00edses.<\/p>\n","protected":false},"excerpt":{"rendered":"<p>Tianjin (China), 30 may (dpa) &#8211; Unos 200 representantes de empresas alemanas radicadas en China o familiares de los mismos retornaron hoy al pa\u00eds asi\u00e1tico en un vuelo especial, tras quedar varados en Alemania por las restricciones de viaje impuestas a causa de la pandemia de coronavirus. El vuelo charter de Lufthansa aterriz\u00f3 en la [&hellip;]<\/p>\n","protected":false},"author":1,"featured_media":1066998,"comment_status":"closed","ping_status":"closed","sticky":false,"template":"","format":"standard","meta":{"footnotes":""},"categories":[219],"tags":[],"class_list":["post-1066997","post","type-post","status-publish","format-standard","has-post-thumbnail","hentry","category-negocios-y-empresas"],"aioseo_notices":[],"aioseo_head":"\n\t\t<!-- All in One SEO Pro 4.9.6.2 - aioseo.com -->\n\t<meta name=\"description\" content=\"Tianjin (China), 30 may (dpa) - Unos 200 representantes de empresas alemanas radicadas en China o familiares de los mismos retornaron hoy al pa\u00eds asi\u00e1tico en un vuelo especial, tras quedar varados en Alemania por las restricciones de viaje impuestas a causa de la pandemia de coronavirus. El vuelo charter de Lufthansa aterriz\u00f3 en la\" \/>\n\t<meta name=\"robots\" content=\"max-image-preview:large\" \/>\n\t<meta name=\"author\" content=\"El Digital de Asturias\"\/>\n\t<meta name=\"google-site-verification\" content=\"UA-38556648-1\" \/>\n\t<meta name=\"msvalidate.01\" content=\"7dfe9f3f1b24437ab69f4f2559babe99\" \/>\n\t<meta name=\"keywords\" content=\"negocios y empresas\" \/>\n\t<link rel=\"canonical\" href=\"https:\/\/www.eldigitaldeasturias.com\/noticias\/representantes-de-empresas-alemanas-retornan-a-china\/\" \/>\n\t<meta name=\"generator\" content=\"All in One SEO Pro (AIOSEO) 4.9.6.2\" \/>\n\t\t<meta property=\"og:locale\" content=\"es_ES\" \/>\n\t\t<meta property=\"og:site_name\" content=\"El Digital de Asturias\" \/>\n\t\t<meta property=\"og:type\" content=\"article\" \/>\n\t\t<meta property=\"og:title\" content=\"Representantes de empresas alemanas retornan a China - El Digital de Asturias\" \/>\n\t\t<meta property=\"og:description\" content=\"Tianjin (China), 30 may (dpa) - Unos 200 representantes de empresas alemanas radicadas en China o familiares de los mismos retornaron hoy al pa\u00eds asi\u00e1tico en un vuelo especial, tras quedar varados en Alemania por las restricciones de viaje impuestas a causa de la pandemia de coronavirus. El vuelo charter de Lufthansa aterriz\u00f3 en la\" \/>\n\t\t<meta property=\"og:url\" content=\"https:\/\/www.eldigitaldeasturias.com\/noticias\/representantes-de-empresas-alemanas-retornan-a-china\/\" \/>\n\t\t<meta property=\"og:image\" content=\"https:\/\/www.eldigitaldeasturias.com\/noticias\/wp-content\/uploads\/2020\/05\/empresas-alemanas.jpg\" \/>\n\t\t<meta property=\"og:image:secure_url\" content=\"https:\/\/www.eldigitaldeasturias.com\/noticias\/wp-content\/uploads\/2020\/05\/empresas-alemanas.jpg\" \/>\n\t\t<meta property=\"og:image:width\" content=\"863\" \/>\n\t\t<meta property=\"og:image:height\" content=\"663\" \/>\n\t\t<meta property=\"article:tag\" content=\"negocios y empresas\" \/>\n\t\t<meta property=\"article:published_time\" content=\"2020-05-30T17:50:27+00:00\" \/>\n\t\t<meta property=\"article:modified_time\" content=\"2020-05-30T17:50:27+00:00\" \/>\n\t\t<meta property=\"article:publisher\" content=\"https:\/\/facebook.com\/eldigitaldeasturias\" \/>\n\t\t<meta name=\"twitter:card\" content=\"summary_large_image\" \/>\n\t\t<meta name=\"twitter:title\" content=\"Representantes de empresas alemanas retornan a China - El Digital de Asturias\" \/>\n\t\t<meta name=\"twitter:description\" content=\"Tianjin (China), 30 may (dpa) - Unos 200 representantes de empresas alemanas radicadas en China o familiares de los mismos retornaron hoy al pa\u00eds asi\u00e1tico en un vuelo especial, tras quedar varados en Alemania por las restricciones de viaje impuestas a causa de la pandemia de coronavirus. El vuelo charter de Lufthansa aterriz\u00f3 en la\" \/>\n\t\t<meta name=\"twitter:image\" content=\"https:\/\/www.eldigitaldeasturias.com\/noticias\/wp-content\/uploads\/2020\/05\/empresas-alemanas.jpg\" \/>\n\t\t<meta name=\"twitter:label1\" content=\"Escrito por\" \/>\n\t\t<meta name=\"twitter:data1\" content=\"El Digital de Asturias\" \/>\n\t\t<meta name=\"twitter:label2\" content=\"Tiempo de lectura estimado\" \/>\n\t\t<meta name=\"twitter:data2\" content=\"1 minuto\" \/>\n\t\t<script type=\"application\/ld+json\" class=\"aioseo-schema\">\n\t\t\t{\"@context\":\"https:\\\/\\\/schema.org\",\"@graph\":[{\"@type\":\"BlogPosting\",\"@id\":\"https:\\\/\\\/www.eldigitaldeasturias.com\\\/noticias\\\/representantes-de-empresas-alemanas-retornan-a-china\\\/#blogposting\",\"name\":\"Representantes de empresas alemanas retornan a China - El Digital de Asturias\",\"headline\":\"Representantes de empresas alemanas retornan a China\",\"author\":{\"@id\":\"https:\\\/\\\/www.eldigitaldeasturias.com\\\/noticias\\\/author\\\/admin\\\/#author\"},\"publisher\":{\"@id\":\"https:\\\/\\\/www.eldigitaldeasturias.com\\\/noticias\\\/#organization\"},\"image\":{\"@type\":\"ImageObject\",\"url\":\"https:\\\/\\\/www.eldigitaldeasturias.com\\\/noticias\\\/wp-content\\\/uploads\\\/2020\\\/05\\\/empresas-alemanas.jpg\",\"width\":863,\"height\":663,\"caption\":\"Foto: Andreas Landwehr\\\/dpa\"},\"datePublished\":\"2020-05-30T19:50:27+02:00\",\"dateModified\":\"2020-05-30T19:50:27+02:00\",\"inLanguage\":\"es-ES\",\"mainEntityOfPage\":{\"@id\":\"https:\\\/\\\/www.eldigitaldeasturias.com\\\/noticias\\\/representantes-de-empresas-alemanas-retornan-a-china\\\/#webpage\"},\"isPartOf\":{\"@id\":\"https:\\\/\\\/www.eldigitaldeasturias.com\\\/noticias\\\/representantes-de-empresas-alemanas-retornan-a-china\\\/#webpage\"},\"articleSection\":\"Negocios y Empresas\"},{\"@type\":\"BreadcrumbList\",\"@id\":\"https:\\\/\\\/www.eldigitaldeasturias.com\\\/noticias\\\/representantes-de-empresas-alemanas-retornan-a-china\\\/#breadcrumblist\",\"itemListElement\":[{\"@type\":\"ListItem\",\"@id\":\"https:\\\/\\\/www.eldigitaldeasturias.com\\\/noticias#listItem\",\"position\":1,\"name\":\"Home\",\"item\":\"https:\\\/\\\/www.eldigitaldeasturias.com\\\/noticias\",\"nextItem\":{\"@type\":\"ListItem\",\"@id\":\"https:\\\/\\\/www.eldigitaldeasturias.com\\\/noticias\\\/category\\\/negocios-y-empresas\\\/#listItem\",\"name\":\"Negocios y Empresas\"}},{\"@type\":\"ListItem\",\"@id\":\"https:\\\/\\\/www.eldigitaldeasturias.com\\\/noticias\\\/category\\\/negocios-y-empresas\\\/#listItem\",\"position\":2,\"name\":\"Negocios y Empresas\",\"item\":\"https:\\\/\\\/www.eldigitaldeasturias.com\\\/noticias\\\/category\\\/negocios-y-empresas\\\/\",\"nextItem\":{\"@type\":\"ListItem\",\"@id\":\"https:\\\/\\\/www.eldigitaldeasturias.com\\\/noticias\\\/representantes-de-empresas-alemanas-retornan-a-china\\\/#listItem\",\"name\":\"Representantes de empresas alemanas retornan a China\"},\"previousItem\":{\"@type\":\"ListItem\",\"@id\":\"https:\\\/\\\/www.eldigitaldeasturias.com\\\/noticias#listItem\",\"name\":\"Home\"}},{\"@type\":\"ListItem\",\"@id\":\"https:\\\/\\\/www.eldigitaldeasturias.com\\\/noticias\\\/representantes-de-empresas-alemanas-retornan-a-china\\\/#listItem\",\"position\":3,\"name\":\"Representantes de empresas alemanas retornan a China\",\"previousItem\":{\"@type\":\"ListItem\",\"@id\":\"https:\\\/\\\/www.eldigitaldeasturias.com\\\/noticias\\\/category\\\/negocios-y-empresas\\\/#listItem\",\"name\":\"Negocios y Empresas\"}}]},{\"@type\":\"Organization\",\"@id\":\"https:\\\/\\\/www.eldigitaldeasturias.com\\\/noticias\\\/#organization\",\"name\":\"El Digital de Asturias\",\"description\":\"Hemeroteca\",\"url\":\"https:\\\/\\\/www.eldigitaldeasturias.com\\\/noticias\\\/\",\"email\":\"info@eldigitaldeasturias.com\",\"telephone\":\"+34652131393\",\"logo\":{\"@type\":\"ImageObject\",\"url\":\"https:\\\/\\\/www.eldigitaldeasturias.com\\\/noticias\\\/wp-content\\\/uploads\\\/2020\\\/12\\\/EDA.jpg\",\"@id\":\"https:\\\/\\\/www.eldigitaldeasturias.com\\\/noticias\\\/representantes-de-empresas-alemanas-retornan-a-china\\\/#organizationLogo\",\"width\":649,\"height\":297},\"image\":{\"@id\":\"https:\\\/\\\/www.eldigitaldeasturias.com\\\/noticias\\\/representantes-de-empresas-alemanas-retornan-a-china\\\/#organizationLogo\"},\"sameAs\":[\"https:\\\/\\\/facebook.com\\\/eldigitaldeasturias\",\"https:\\\/\\\/www.youtube.com\\\/channel\\\/UCZP-2wLEB9Rv6erhFmqVnvg\"],\"address\":{\"@id\":\"https:\\\/\\\/www.eldigitaldeasturias.com\\\/noticias\\\/#postaladdress\",\"@type\":\"PostalAddress\",\"streetAddress\":\"san antonio 4,\",\"postalCode\":\"33430\",\"addressLocality\":\"Cand\\u00e1s\",\"addressRegion\":\"Asturias\",\"addressCountry\":\"ES\"}},{\"@type\":\"Person\",\"@id\":\"https:\\\/\\\/www.eldigitaldeasturias.com\\\/noticias\\\/author\\\/admin\\\/#author\",\"url\":\"https:\\\/\\\/www.eldigitaldeasturias.com\\\/noticias\\\/author\\\/admin\\\/\",\"name\":\"El Digital de Asturias\",\"image\":{\"@type\":\"ImageObject\",\"@id\":\"https:\\\/\\\/www.eldigitaldeasturias.com\\\/noticias\\\/representantes-de-empresas-alemanas-retornan-a-china\\\/#authorImage\",\"url\":\"https:\\\/\\\/www.eldigitaldeasturias.com\\\/noticias\\\/wp-content\\\/litespeed\\\/avatar\\\/18677e78aa0546b92d9dbf31ec7d7668.jpg?ver=1776685526\",\"width\":96,\"height\":96,\"caption\":\"El Digital de Asturias\"}},{\"@type\":\"WebPage\",\"@id\":\"https:\\\/\\\/www.eldigitaldeasturias.com\\\/noticias\\\/representantes-de-empresas-alemanas-retornan-a-china\\\/#webpage\",\"url\":\"https:\\\/\\\/www.eldigitaldeasturias.com\\\/noticias\\\/representantes-de-empresas-alemanas-retornan-a-china\\\/\",\"name\":\"Representantes de empresas alemanas retornan a China - El Digital de Asturias\",\"description\":\"Tianjin (China), 30 may (dpa) - Unos 200 representantes de empresas alemanas radicadas en China o familiares de los mismos retornaron hoy al pa\\u00eds asi\\u00e1tico en un vuelo especial, tras quedar varados en Alemania por las restricciones de viaje impuestas a causa de la pandemia de coronavirus. El vuelo charter de Lufthansa aterriz\\u00f3 en la\",\"inLanguage\":\"es-ES\",\"isPartOf\":{\"@id\":\"https:\\\/\\\/www.eldigitaldeasturias.com\\\/noticias\\\/#website\"},\"breadcrumb\":{\"@id\":\"https:\\\/\\\/www.eldigitaldeasturias.com\\\/noticias\\\/representantes-de-empresas-alemanas-retornan-a-china\\\/#breadcrumblist\"},\"author\":{\"@id\":\"https:\\\/\\\/www.eldigitaldeasturias.com\\\/noticias\\\/author\\\/admin\\\/#author\"},\"creator\":{\"@id\":\"https:\\\/\\\/www.eldigitaldeasturias.com\\\/noticias\\\/author\\\/admin\\\/#author\"},\"image\":{\"@type\":\"ImageObject\",\"url\":\"https:\\\/\\\/www.eldigitaldeasturias.com\\\/noticias\\\/wp-content\\\/uploads\\\/2020\\\/05\\\/empresas-alemanas.jpg\",\"@id\":\"https:\\\/\\\/www.eldigitaldeasturias.com\\\/noticias\\\/representantes-de-empresas-alemanas-retornan-a-china\\\/#mainImage\",\"width\":863,\"height\":663,\"caption\":\"Foto: Andreas Landwehr\\\/dpa\"},\"primaryImageOfPage\":{\"@id\":\"https:\\\/\\\/www.eldigitaldeasturias.com\\\/noticias\\\/representantes-de-empresas-alemanas-retornan-a-china\\\/#mainImage\"},\"datePublished\":\"2020-05-30T19:50:27+02:00\",\"dateModified\":\"2020-05-30T19:50:27+02:00\"},{\"@type\":\"WebSite\",\"@id\":\"https:\\\/\\\/www.eldigitaldeasturias.com\\\/noticias\\\/#website\",\"url\":\"https:\\\/\\\/www.eldigitaldeasturias.com\\\/noticias\\\/\",\"name\":\"El Digital de Asturias - Diario de actualidad y noticias\",\"alternateName\":\"El Digital de Asturias - Diario de actualidad y noticias\",\"description\":\"Hemeroteca\",\"inLanguage\":\"es-ES\",\"publisher\":{\"@id\":\"https:\\\/\\\/www.eldigitaldeasturias.com\\\/noticias\\\/#organization\"}}]}\n\t\t<\/script>\n\t\t<!-- All in One SEO Pro -->\r\n\t\t<title>Representantes de empresas alemanas retornan a China - El Digital de Asturias<\/title>\n\n","aioseo_head_json":{"title":"Representantes de empresas alemanas retornan a China - El Digital de Asturias","description":"Tianjin (China), 30 may (dpa) - Unos 200 representantes de empresas alemanas radicadas en China o familiares de los mismos retornaron hoy al pa\u00eds asi\u00e1tico en un vuelo especial, tras quedar varados en Alemania por las restricciones de viaje impuestas a causa de la pandemia de coronavirus. El vuelo charter de Lufthansa aterriz\u00f3 en la","canonical_url":"https:\/\/www.eldigitaldeasturias.com\/noticias\/representantes-de-empresas-alemanas-retornan-a-china\/","robots":"max-image-preview:large","keywords":"negocios y empresas","webmasterTools":{"google-site-verification":"UA-38556648-1","msvalidate.01":"7dfe9f3f1b24437ab69f4f2559babe99","miscellaneous":""},"schema":{"@context":"https:\/\/schema.org","@graph":[{"@type":"BlogPosting","@id":"https:\/\/www.eldigitaldeasturias.com\/noticias\/representantes-de-empresas-alemanas-retornan-a-china\/#blogposting","name":"Representantes de empresas alemanas retornan a China - El Digital de Asturias","headline":"Representantes de empresas alemanas retornan a China","author":{"@id":"https:\/\/www.eldigitaldeasturias.com\/noticias\/author\/admin\/#author"},"publisher":{"@id":"https:\/\/www.eldigitaldeasturias.com\/noticias\/#organization"},"image":{"@type":"ImageObject","url":"https:\/\/www.eldigitaldeasturias.com\/noticias\/wp-content\/uploads\/2020\/05\/empresas-alemanas.jpg","width":863,"height":663,"caption":"Foto: Andreas Landwehr\/dpa"},"datePublished":"2020-05-30T19:50:27+02:00","dateModified":"2020-05-30T19:50:27+02:00","inLanguage":"es-ES","mainEntityOfPage":{"@id":"https:\/\/www.eldigitaldeasturias.com\/noticias\/representantes-de-empresas-alemanas-retornan-a-china\/#webpage"},"isPartOf":{"@id":"https:\/\/www.eldigitaldeasturias.com\/noticias\/representantes-de-empresas-alemanas-retornan-a-china\/#webpage"},"articleSection":"Negocios y Empresas"},{"@type":"BreadcrumbList","@id":"https:\/\/www.eldigitaldeasturias.com\/noticias\/representantes-de-empresas-alemanas-retornan-a-china\/#breadcrumblist","itemListElement":[{"@type":"ListItem","@id":"https:\/\/www.eldigitaldeasturias.com\/noticias#listItem","position":1,"name":"Home","item":"https:\/\/www.eldigitaldeasturias.com\/noticias","nextItem":{"@type":"ListItem","@id":"https:\/\/www.eldigitaldeasturias.com\/noticias\/category\/negocios-y-empresas\/#listItem","name":"Negocios y Empresas"}},{"@type":"ListItem","@id":"https:\/\/www.eldigitaldeasturias.com\/noticias\/category\/negocios-y-empresas\/#listItem","position":2,"name":"Negocios y Empresas","item":"https:\/\/www.eldigitaldeasturias.com\/noticias\/category\/negocios-y-empresas\/","nextItem":{"@type":"ListItem","@id":"https:\/\/www.eldigitaldeasturias.com\/noticias\/representantes-de-empresas-alemanas-retornan-a-china\/#listItem","name":"Representantes de empresas alemanas retornan a China"},"previousItem":{"@type":"ListItem","@id":"https:\/\/www.eldigitaldeasturias.com\/noticias#listItem","name":"Home"}},{"@type":"ListItem","@id":"https:\/\/www.eldigitaldeasturias.com\/noticias\/representantes-de-empresas-alemanas-retornan-a-china\/#listItem","position":3,"name":"Representantes de empresas alemanas retornan a China","previousItem":{"@type":"ListItem","@id":"https:\/\/www.eldigitaldeasturias.com\/noticias\/category\/negocios-y-empresas\/#listItem","name":"Negocios y Empresas"}}]},{"@type":"Organization","@id":"https:\/\/www.eldigitaldeasturias.com\/noticias\/#organization","name":"El Digital de Asturias","description":"Hemeroteca","url":"https:\/\/www.eldigitaldeasturias.com\/noticias\/","email":"info@eldigitaldeasturias.com","telephone":"+34652131393","logo":{"@type":"ImageObject","url":"https:\/\/www.eldigitaldeasturias.com\/noticias\/wp-content\/uploads\/2020\/12\/EDA.jpg","@id":"https:\/\/www.eldigitaldeasturias.com\/noticias\/representantes-de-empresas-alemanas-retornan-a-china\/#organizationLogo","width":649,"height":297},"image":{"@id":"https:\/\/www.eldigitaldeasturias.com\/noticias\/representantes-de-empresas-alemanas-retornan-a-china\/#organizationLogo"},"sameAs":["https:\/\/facebook.com\/eldigitaldeasturias","https:\/\/www.youtube.com\/channel\/UCZP-2wLEB9Rv6erhFmqVnvg"],"address":{"@id":"https:\/\/www.eldigitaldeasturias.com\/noticias\/#postaladdress","@type":"PostalAddress","streetAddress":"san antonio 4,","postalCode":"33430","addressLocality":"Cand\u00e1s","addressRegion":"Asturias","addressCountry":"ES"}},{"@type":"Person","@id":"https:\/\/www.eldigitaldeasturias.com\/noticias\/author\/admin\/#author","url":"https:\/\/www.eldigitaldeasturias.com\/noticias\/author\/admin\/","name":"El Digital de Asturias","image":{"@type":"ImageObject","@id":"https:\/\/www.eldigitaldeasturias.com\/noticias\/representantes-de-empresas-alemanas-retornan-a-china\/#authorImage","url":"https:\/\/www.eldigitaldeasturias.com\/noticias\/wp-content\/litespeed\/avatar\/18677e78aa0546b92d9dbf31ec7d7668.jpg?ver=1776685526","width":96,"height":96,"caption":"El Digital de Asturias"}},{"@type":"WebPage","@id":"https:\/\/www.eldigitaldeasturias.com\/noticias\/representantes-de-empresas-alemanas-retornan-a-china\/#webpage","url":"https:\/\/www.eldigitaldeasturias.com\/noticias\/representantes-de-empresas-alemanas-retornan-a-china\/","name":"Representantes de empresas alemanas retornan a China - El Digital de Asturias","description":"Tianjin (China), 30 may (dpa) - Unos 200 representantes de empresas alemanas radicadas en China o familiares de los mismos retornaron hoy al pa\u00eds asi\u00e1tico en un vuelo especial, tras quedar varados en Alemania por las restricciones de viaje impuestas a causa de la pandemia de coronavirus. El vuelo charter de Lufthansa aterriz\u00f3 en la","inLanguage":"es-ES","isPartOf":{"@id":"https:\/\/www.eldigitaldeasturias.com\/noticias\/#website"},"breadcrumb":{"@id":"https:\/\/www.eldigitaldeasturias.com\/noticias\/representantes-de-empresas-alemanas-retornan-a-china\/#breadcrumblist"},"author":{"@id":"https:\/\/www.eldigitaldeasturias.com\/noticias\/author\/admin\/#author"},"creator":{"@id":"https:\/\/www.eldigitaldeasturias.com\/noticias\/author\/admin\/#author"},"image":{"@type":"ImageObject","url":"https:\/\/www.eldigitaldeasturias.com\/noticias\/wp-content\/uploads\/2020\/05\/empresas-alemanas.jpg","@id":"https:\/\/www.eldigitaldeasturias.com\/noticias\/representantes-de-empresas-alemanas-retornan-a-china\/#mainImage","width":863,"height":663,"caption":"Foto: Andreas Landwehr\/dpa"},"primaryImageOfPage":{"@id":"https:\/\/www.eldigitaldeasturias.com\/noticias\/representantes-de-empresas-alemanas-retornan-a-china\/#mainImage"},"datePublished":"2020-05-30T19:50:27+02:00","dateModified":"2020-05-30T19:50:27+02:00"},{"@type":"WebSite","@id":"https:\/\/www.eldigitaldeasturias.com\/noticias\/#website","url":"https:\/\/www.eldigitaldeasturias.com\/noticias\/","name":"El Digital de Asturias - Diario de actualidad y noticias","alternateName":"El Digital de Asturias - Diario de actualidad y noticias","description":"Hemeroteca","inLanguage":"es-ES","publisher":{"@id":"https:\/\/www.eldigitaldeasturias.com\/noticias\/#organization"}}]},"og:locale":"es_ES","og:site_name":"El Digital de Asturias","og:type":"article","og:title":"Representantes de empresas alemanas retornan a China - El Digital de Asturias","og:description":"Tianjin (China), 30 may (dpa) - Unos 200 representantes de empresas alemanas radicadas en China o familiares de los mismos retornaron hoy al pa\u00eds asi\u00e1tico en un vuelo especial, tras quedar varados en Alemania por las restricciones de viaje impuestas a causa de la pandemia de coronavirus. El vuelo charter de Lufthansa aterriz\u00f3 en la","og:url":"https:\/\/www.eldigitaldeasturias.com\/noticias\/representantes-de-empresas-alemanas-retornan-a-china\/","og:image":"https:\/\/www.eldigitaldeasturias.com\/noticias\/wp-content\/uploads\/2020\/05\/empresas-alemanas.jpg","og:image:secure_url":"https:\/\/www.eldigitaldeasturias.com\/noticias\/wp-content\/uploads\/2020\/05\/empresas-alemanas.jpg","og:image:width":863,"og:image:height":663,"article:tag":["negocios y empresas"],"article:published_time":"2020-05-30T17:50:27+00:00","article:modified_time":"2020-05-30T17:50:27+00:00","article:publisher":"https:\/\/facebook.com\/eldigitaldeasturias","twitter:card":"summary_large_image","twitter:title":"Representantes de empresas alemanas retornan a China - El Digital de Asturias","twitter:description":"Tianjin (China), 30 may (dpa) - Unos 200 representantes de empresas alemanas radicadas en China o familiares de los mismos retornaron hoy al pa\u00eds asi\u00e1tico en un vuelo especial, tras quedar varados en Alemania por las restricciones de viaje impuestas a causa de la pandemia de coronavirus. El vuelo charter de Lufthansa aterriz\u00f3 en la","twitter:image":"https:\/\/www.eldigitaldeasturias.com\/noticias\/wp-content\/uploads\/2020\/05\/empresas-alemanas.jpg","twitter:label1":"Escrito por","twitter:data1":"El Digital de Asturias","twitter:label2":"Tiempo de lectura estimado","twitter:data2":"1 minuto"},"aioseo_meta_data":{"post_id":"1066997","title":null,"description":null,"keywords":null,"keyphrases":null,"primary_term":null,"canonical_url":null,"og_title":null,"og_description":null,"og_object_type":"default","og_image_type":"default","og_image_url":null,"og_image_width":null,"og_image_height":null,"og_image_custom_url":null,"og_image_custom_fields":null,"og_video":null,"og_custom_url":null,"og_article_section":null,"og_article_tags":null,"twitter_use_og":false,"twitter_card":"default","twitter_image_type":"default","twitter_image_url":null,"twitter_image_custom_url":null,"twitter_image_custom_fields":null,"twitter_title":null,"twitter_description":null,"schema":{"blockGraphs":[],"customGraphs":[],"default":{"data":{"Article":[],"Course":[],"Dataset":[],"FAQPage":[],"Movie":[],"Person":[],"Product":[],"ProductReview":[],"Car":[],"Recipe":[],"Service":[],"SoftwareApplication":[],"WebPage":[]},"graphName":"","isEnabled":true},"graphs":[],"defaultGraph":"","defaultPostTypeGraph":""},"schema_type":null,"schema_type_options":null,"pillar_content":false,"robots_default":true,"robots_noindex":false,"robots_noarchive":false,"robots_nosnippet":false,"robots_nofollow":false,"robots_noimageindex":false,"robots_noodp":false,"robots_notranslate":false,"robots_max_snippet":null,"robots_max_videopreview":null,"robots_max_imagepreview":"large","priority":null,"frequency":null,"local_seo":null,"seo_analyzer_scan_date":"2025-09-12 14:13:53","breadcrumb_settings":null,"limit_modified_date":false,"open_ai":null,"ai":null,"created":"2020-12-21 10:48:46","updated":"2025-09-12 14:13:53"},"aioseo_breadcrumb":"<div class=\"aioseo-breadcrumbs\"><span class=\"aioseo-breadcrumb\">\n\t<a href=\"https:\/\/www.eldigitaldeasturias.com\/noticias\" title=\"Home\">Home<\/a>\n<\/span><span class=\"aioseo-breadcrumb-separator\">\u2013<\/span><span class=\"aioseo-breadcrumb\">\n\t<a href=\"https:\/\/www.eldigitaldeasturias.com\/noticias\/category\/negocios-y-empresas\/\" title=\"Negocios y Empresas\">Negocios y Empresas<\/a>\n<\/span><span class=\"aioseo-breadcrumb-separator\">\u2013<\/span><span class=\"aioseo-breadcrumb\">\n\t<a href=\"https:\/\/www.eldigitaldeasturias.com\/noticias\/representantes-de-empresas-alemanas-retornan-a-china\/\" title=\"Representantes de empresas alemanas retornan a China\">Representantes de empresas alemanas retornan a China<\/a>\n<\/span><\/div>","aioseo_breadcrumb_json":[{"label":"Home","link":"https:\/\/www.eldigitaldeasturias.com\/noticias"},{"label":"Negocios y Empresas","link":"https:\/\/www.eldigitaldeasturias.com\/noticias\/category\/negocios-y-empresas\/"},{"label":"Representantes de empresas alemanas retornan a China","link":"https:\/\/www.eldigitaldeasturias.com\/noticias\/representantes-de-empresas-alemanas-retornan-a-china\/"}],"_links":{"self":[{"href":"https:\/\/www.eldigitaldeasturias.com\/noticias\/wp-json\/wp\/v2\/posts\/1066997","targetHints":{"allow":["GET"]}}],"collection":[{"href":"https:\/\/www.eldigitaldeasturias.com\/noticias\/wp-json\/wp\/v2\/posts"}],"about":[{"href":"https:\/\/www.eldigitaldeasturias.com\/noticias\/wp-json\/wp\/v2\/types\/post"}],"author":[{"embeddable":true,"href":"https:\/\/www.eldigitaldeasturias.com\/noticias\/wp-json\/wp\/v2\/users\/1"}],"replies":[{"embeddable":true,"href":"https:\/\/www.eldigitaldeasturias.com\/noticias\/wp-json\/wp\/v2\/comments?post=1066997"}],"version-history":[{"count":0,"href":"https:\/\/www.eldigitaldeasturias.com\/noticias\/wp-json\/wp\/v2\/posts\/1066997\/revisions"}],"wp:featuredmedia":[{"embeddable":true,"href":"https:\/\/www.eldigitaldeasturias.com\/noticias\/wp-json\/wp\/v2\/media\/1066998"}],"wp:attachment":[{"href":"https:\/\/www.eldigitaldeasturias.com\/noticias\/wp-json\/wp\/v2\/media?parent=1066997"}],"wp:term":[{"taxonomy":"category","embeddable":true,"href":"https:\/\/www.eldigitaldeasturias.com\/noticias\/wp-json\/wp\/v2\/categories?post=1066997"},{"taxonomy":"post_tag","embeddable":true,"href":"https:\/\/www.eldigitaldeasturias.com\/noticias\/wp-json\/wp\/v2\/tags?post=1066997"}],"curies":[{"name":"wp","href":"https:\/\/api.w.org\/{rel}","templated":true}]}}