{"id":1066095,"date":"2020-05-18T13:52:50","date_gmt":"2020-05-18T11:52:50","guid":{"rendered":"https:\/\/www.eldigitaldeasturias.com\/noticias\/?p=1066095"},"modified":"2020-05-18T13:54:21","modified_gmt":"2020-05-18T11:54:21","slug":"un-rincon-para-pequenas-aventuras-en-el-centro-de-suiza","status":"publish","type":"post","link":"https:\/\/www.eldigitaldeasturias.com\/noticias\/un-rincon-para-pequenas-aventuras-en-el-centro-de-suiza\/","title":{"rendered":"Un rinc\u00f3n para peque\u00f1as aventuras en el centro de Suiza"},"content":{"rendered":"<p>(dpa) &#8211; <strong>La reserva natural de Entlebuch<\/strong>, en el centro de Suiza, ofrece colinas suaves, acantilados escarpados y naturaleza virgen.<\/p>\n<figure id=\"attachment_1066096\" aria-describedby=\"caption-attachment-1066096\" style=\"width: 650px\" class=\"wp-caption aligncenter\"><img loading=\"lazy\" decoding=\"async\" class=\"wp-image-1066096\" src=\"https:\/\/www.eldigitaldeasturias.com\/noticias\/wp-content\/uploads\/2020\/05\/lago-Brienz-360x237.jpg\" alt=\"\" width=\"650\" height=\"427\" srcset=\"https:\/\/www.eldigitaldeasturias.com\/noticias\/wp-content\/uploads\/2020\/05\/lago-Brienz-360x237.jpg 360w, https:\/\/www.eldigitaldeasturias.com\/noticias\/wp-content\/uploads\/2020\/05\/lago-Brienz-690x454.jpg 690w, https:\/\/www.eldigitaldeasturias.com\/noticias\/wp-content\/uploads\/2020\/05\/lago-Brienz-456x300.jpg 456w, https:\/\/www.eldigitaldeasturias.com\/noticias\/wp-content\/uploads\/2020\/05\/lago-Brienz-768x505.jpg 768w, https:\/\/www.eldigitaldeasturias.com\/noticias\/wp-content\/uploads\/2020\/05\/lago-Brienz.jpg 1004w\" sizes=\"auto, (max-width: 650px) 100vw, 650px\" \/><figcaption id=\"caption-attachment-1066096\" class=\"wp-caption-text\">En d\u00edas soleados, el lago Brienz brilla en un tono turquesa. Foto: Tom Nebe\/dpa-tmn<\/figcaption><\/figure>\n<p><strong>En este rinc\u00f3n entre Berna y Lucerna<\/strong>, el gu\u00eda Pius Schnider sube decidido por un sendero empinado. <strong>Delante de un abeto se ven un mont\u00edculo de tierra y muchos puntos negros alrededor<\/strong>. Schnider coloca la mano sobre el hormiguero e inmediatamente las hormigas comienzan a moverse por su piel. \u00abEs como un masaje\u00bb, comenta entusiasmado Schnider.<\/p>\n<p>El gu\u00eda acompa\u00f1a a un grupo de excursionistas por el Schrattenfluh, el nombre de las monta\u00f1as k\u00e1rsticas situadas junto a la biosfera de la Unesco en Entlebuch, una reserva natural a los pies de los Alpes.<\/p>\n<p>El Schrattenfluh, con sus llamativas rocas, es uno de los puntos de referencia de esta zona y pocas personas conocen esta masa rocosa tan bien como Schnider, que ahora invita a excursionistas a darse tambi\u00e9n un masaje de hormigas. <strong>La sensaci\u00f3n es parecida a sentir una tableta efervescente disolvi\u00e9ndose sobre la piel.<\/strong><\/p>\n<p>El gu\u00eda tur\u00edstico explica al detalle lo que se ve a lo largo del camino, entre esto muestra una planta de torvisco, cuyos frutos se asemejan a las grosellas, pero que puede causar par\u00e1lisis card\u00edaca si son ingestados. \u00abNo tocar\u00bb, advierte.<\/p>\n<p><strong>Deliciosos ar\u00e1ndanos para cosechar<\/strong><\/p>\n<p>Lo que s\u00ed est\u00e1 permitido es recolectar los numerosos ar\u00e1ndanos que crecen casi en muchos rincones del paisaje k\u00e1rstico. Hay unas bayas que se ven casi iguales que los ar\u00e1ndanos, las vaccinium uliginosum, pero es mejor evitarlas porque su ingesta \u00abda como un delirio\u00bb, seg\u00fan se\u00f1ala Schnider.<\/p>\n<p>Durante esta caminata es mejor no dar un paso en falso y tener todos los sentidos alerta, ya que discurre por zonas con estrechas grietas entre rocas escarpadas.<\/p>\n<p><strong>La cueva bajo el establo<\/strong><\/p>\n<p>El camino guarda muchas sorpresas. Casi se podr\u00eda pasar por alto que junto a un establo de vacas se accede a una cueva que es un mundo aparte. A trav\u00e9s de un estrecho tubo se baja por una escalera a ocho metros de profundidad hasta la cueva de Sihlw\u00e4ngen.<\/p>\n<p>Aunque hay alrededor de 300 cuevas en esta zona, s\u00f3lo dos est\u00e1n abiertas al p\u00fablico. El grupo desciende en una de ellas. Cada excursionista va equipado con un casco con l\u00e1mpara, adem\u00e1s de unas potentes linternas que Schnider distribuye. Sin un gu\u00eda, un paseo por la cueva de 140 metros de largo ser\u00eda muy peligroso.<\/p>\n<p>En una estalactita, Schnider se detiene y explica: \u00ab<strong>Ese es el diablo de Schrattenfluh\u00bb.<\/strong> Sin embargo, la historia de c\u00f3mo se descubri\u00f3 la cueva fue una casualidad muy terrenal, en la que el establo encima de la cueva y la necesidad natural del ganado jugaron un papel importante. Fue en 1973. Un granjero quer\u00eda construir un nuevo estercolero y cav\u00f3 un agujero que de repente pas\u00f3 a ser sorprendentemente profundo.<\/p>\n<p>Al final del recorrido por la cueva y para sumergirse del todo en ese mundo al que no llega la luz natural, Schnider suele pedir a los excursionistas que apaguen todas las luces y que guarden silencio un minuto. Lo que sigue es una oscuridad que s\u00f3lo se puede encontrar en una cueva tan profunda.<\/p>\n<p><strong>Las fresas de la granja<\/strong><\/p>\n<p>Pero la reserva de Entlebuch no s\u00f3lo ofrece aventura. La red de senderos es extensa. Si se viaja con ni\u00f1os, en los alrededores del centro tur\u00edstico de S\u00f6renberg se encontrar\u00e1n parques de aventura como el Mooraculum o el que se construy\u00f3 alrededor de una estaci\u00f3n de cablecarril.<\/p>\n<p>Una visita a la granja de Birkenhof puede resultar emocionante. Aqu\u00ed no s\u00f3lo pasta el ganado, sino que tambi\u00e9n crecen las fresas. El due\u00f1o Christian Schnider cultiva frutos rojos y abastece a todo el valle con ellos.<\/p>\n<p><strong>Eiger y Jungfrau a la vista<\/strong><\/p>\n<p>Otro d\u00eda, se puede subir en telecabina al Brienzer Rothorn, situado a 2.350 metros de altura. Es la monta\u00f1a m\u00e1s alta del cant\u00f3n de Lucerna. La cima marca la frontera con los cantones de Berna y Obwalden y ofrece una vista alucinante. En un d\u00eda claro, se pueden llegar a ver desde ese punto otros 693 picos escarpados, incluyendo los llamados Eiger y Jungfrau. Pero lo m\u00e1s destacado es la vista sobre el lago Brienzer, que parece brillar con sus aguas en azul turquesa.<\/p>\n<p>En direcci\u00f3n norte, la vista se abre al Entlebuch y m\u00e1s lejos se ve brillar el lago Sarner. Desde S\u00f6renberg, un camino panor\u00e1mico lleva hasta all\u00ed por un paso monta\u00f1oso que suele estar abierto entre mayo y finales de octubre.<\/p>\n<p><strong>\u00abPara los motociclistas de Suiza, esa carretera es de recorrido obligatorio\u00bb, comenta Ueli Mattmann<\/strong>, que trabaja en la gesti\u00f3n de la biosfera Entlebuch. Pero el camino no es s\u00f3lo una aventura para los motociclistas.<\/p>\n<p><strong>Un paso monta\u00f1oso como un camino secreto<\/strong><\/p>\n<p>Si se viaja en coche desde Lucerna a trav\u00e9s de Giswil subiendo por el paso monta\u00f1oso hacia Entlebuch, primero se pasar\u00e1 por una ruta que recuerda m\u00e1s a un camino escondido hacia las granjas de la monta\u00f1a. Es estrecho y con muchas curvas, pero las vistas son a cada cual m\u00e1s impresionante.<\/p>\n<p>Ueli Mattmann se sienta en el restaurante a los pies de la cumbre del Brienzer Rothorn. En el men\u00fa figura una de las especialidades locales, \u00abK\u00e4sesp\u00e4tzle\u00bb, pasta con queso. A la pregunta de a qui\u00e9n recomendar\u00eda pasar unas vacaciones en Entlebuch, Mattmann se\u00f1ala: \u00abSi se busca acci\u00f3n, puede que uno se aburra un poco aqu\u00ed despu\u00e9s del primer d\u00eda. Pero es ideal para las familias\u00bb.<\/p>\n<p>Pero si no se es un adicto a la adrenalina, se pueden vivir muchas aventuras aqu\u00ed. Una llamada a Pius Schnider es suficiente, a\u00f1ade Mattmann.<\/p>\n<p><strong>Informaci\u00f3n sobre S\u00f6renberg en Entlebuch<\/strong><\/p>\n<p>Se puede llegar en tren desde Lucerna o Berna hasta Sch\u00fcpfheim, desde all\u00ed en autob\u00fas hasta S\u00f6renberg. En coche desde Lucerna por la autopista A 8 hasta Sarnen y Giswil, luego por la carretera panor\u00e1mica hasta S\u00f6renberg o desde Lucerna por la carretera principal 10 hasta Wolhusen y Sch\u00fcpfheim y desde all\u00ed hasta S\u00f6renberg.<\/p>\n<p><i class=\"lang-es\"><span class=\" readonly\" title=\"\">Por Tom Nebe (dpa)<\/span><\/i><\/p>\n<p>&nbsp;<\/p>\n<p>&nbsp;<\/p>\n","protected":false},"excerpt":{"rendered":"<p>(dpa) &#8211; La reserva natural de Entlebuch, en el centro de Suiza, ofrece colinas suaves, acantilados escarpados y naturaleza virgen. En este rinc\u00f3n entre Berna y Lucerna, el gu\u00eda Pius Schnider sube decidido por un sendero empinado. Delante de un abeto se ven un mont\u00edculo de tierra y muchos puntos negros alrededor. Schnider coloca la [&hellip;]<\/p>\n","protected":false},"author":1,"featured_media":1066096,"comment_status":"closed","ping_status":"closed","sticky":false,"template":"","format":"standard","meta":{"footnotes":""},"categories":[148],"tags":[],"class_list":["post-1066095","post","type-post","status-publish","format-standard","has-post-thumbnail","hentry","category-turismo"],"aioseo_notices":[],"aioseo_head":"\n\t\t<!-- All in One SEO Pro 4.9.6.2 - aioseo.com -->\n\t<meta name=\"description\" content=\"(dpa) - La reserva natural de Entlebuch, en el centro de Suiza, ofrece colinas suaves, acantilados escarpados y naturaleza virgen. En este rinc\u00f3n entre Berna y Lucerna, el gu\u00eda Pius Schnider sube decidido por un sendero empinado. Delante de un abeto se ven un mont\u00edculo de tierra y muchos puntos negros alrededor. Schnider coloca la\" \/>\n\t<meta name=\"robots\" content=\"max-image-preview:large\" \/>\n\t<meta name=\"author\" content=\"El Digital de Asturias\"\/>\n\t<meta name=\"google-site-verification\" content=\"UA-38556648-1\" \/>\n\t<meta name=\"msvalidate.01\" content=\"7dfe9f3f1b24437ab69f4f2559babe99\" \/>\n\t<meta name=\"keywords\" content=\"turismo\" \/>\n\t<link rel=\"canonical\" href=\"https:\/\/www.eldigitaldeasturias.com\/noticias\/un-rincon-para-pequenas-aventuras-en-el-centro-de-suiza\/\" \/>\n\t<meta name=\"generator\" content=\"All in One SEO Pro (AIOSEO) 4.9.6.2\" \/>\n\t\t<meta property=\"og:locale\" content=\"es_ES\" \/>\n\t\t<meta property=\"og:site_name\" content=\"El Digital de Asturias\" \/>\n\t\t<meta property=\"og:type\" content=\"article\" \/>\n\t\t<meta property=\"og:title\" content=\"Un rinc\u00f3n para peque\u00f1as aventuras en el centro de Suiza - El Digital de Asturias\" \/>\n\t\t<meta property=\"og:description\" content=\"(dpa) - La reserva natural de Entlebuch, en el centro de Suiza, ofrece colinas suaves, acantilados escarpados y naturaleza virgen. En este rinc\u00f3n entre Berna y Lucerna, el gu\u00eda Pius Schnider sube decidido por un sendero empinado. Delante de un abeto se ven un mont\u00edculo de tierra y muchos puntos negros alrededor. Schnider coloca la\" \/>\n\t\t<meta property=\"og:url\" content=\"https:\/\/www.eldigitaldeasturias.com\/noticias\/un-rincon-para-pequenas-aventuras-en-el-centro-de-suiza\/\" \/>\n\t\t<meta property=\"og:image\" content=\"https:\/\/www.eldigitaldeasturias.com\/noticias\/wp-content\/uploads\/2020\/05\/lago-Brienz.jpg\" \/>\n\t\t<meta property=\"og:image:secure_url\" content=\"https:\/\/www.eldigitaldeasturias.com\/noticias\/wp-content\/uploads\/2020\/05\/lago-Brienz.jpg\" \/>\n\t\t<meta property=\"og:image:width\" content=\"1004\" \/>\n\t\t<meta property=\"og:image:height\" content=\"660\" \/>\n\t\t<meta property=\"article:tag\" content=\"turismo\" \/>\n\t\t<meta property=\"article:published_time\" content=\"2020-05-18T11:52:50+00:00\" \/>\n\t\t<meta property=\"article:modified_time\" content=\"2020-05-18T11:54:21+00:00\" \/>\n\t\t<meta property=\"article:publisher\" content=\"https:\/\/facebook.com\/eldigitaldeasturias\" \/>\n\t\t<meta name=\"twitter:card\" content=\"summary_large_image\" \/>\n\t\t<meta name=\"twitter:title\" content=\"Un rinc\u00f3n para peque\u00f1as aventuras en el centro de Suiza - El Digital de Asturias\" \/>\n\t\t<meta name=\"twitter:description\" content=\"(dpa) - La reserva natural de Entlebuch, en el centro de Suiza, ofrece colinas suaves, acantilados escarpados y naturaleza virgen. En este rinc\u00f3n entre Berna y Lucerna, el gu\u00eda Pius Schnider sube decidido por un sendero empinado. Delante de un abeto se ven un mont\u00edculo de tierra y muchos puntos negros alrededor. Schnider coloca la\" \/>\n\t\t<meta name=\"twitter:image\" content=\"https:\/\/www.eldigitaldeasturias.com\/noticias\/wp-content\/uploads\/2020\/05\/lago-Brienz.jpg\" \/>\n\t\t<meta name=\"twitter:label1\" content=\"Escrito por\" \/>\n\t\t<meta name=\"twitter:data1\" content=\"El Digital de Asturias\" \/>\n\t\t<meta name=\"twitter:label2\" content=\"Tiempo de lectura estimado\" \/>\n\t\t<meta name=\"twitter:data2\" content=\"5 minutos\" \/>\n\t\t<script type=\"application\/ld+json\" class=\"aioseo-schema\">\n\t\t\t{\"@context\":\"https:\\\/\\\/schema.org\",\"@graph\":[{\"@type\":\"BlogPosting\",\"@id\":\"https:\\\/\\\/www.eldigitaldeasturias.com\\\/noticias\\\/un-rincon-para-pequenas-aventuras-en-el-centro-de-suiza\\\/#blogposting\",\"name\":\"Un rinc\\u00f3n para peque\\u00f1as aventuras en el centro de Suiza - El Digital de Asturias\",\"headline\":\"Un rinc\\u00f3n para peque\\u00f1as aventuras en el centro de Suiza\",\"author\":{\"@id\":\"https:\\\/\\\/www.eldigitaldeasturias.com\\\/noticias\\\/author\\\/admin\\\/#author\"},\"publisher\":{\"@id\":\"https:\\\/\\\/www.eldigitaldeasturias.com\\\/noticias\\\/#organization\"},\"image\":{\"@type\":\"ImageObject\",\"url\":\"https:\\\/\\\/www.eldigitaldeasturias.com\\\/noticias\\\/wp-content\\\/uploads\\\/2020\\\/05\\\/lago-Brienz.jpg\",\"width\":1004,\"height\":660,\"caption\":\"En d\\u00edas soleados, el lago Brienz brilla en un tono turquesa. Foto: Tom Nebe\\\/dpa-tmn\"},\"datePublished\":\"2020-05-18T13:52:50+02:00\",\"dateModified\":\"2020-05-18T13:54:21+02:00\",\"inLanguage\":\"es-ES\",\"mainEntityOfPage\":{\"@id\":\"https:\\\/\\\/www.eldigitaldeasturias.com\\\/noticias\\\/un-rincon-para-pequenas-aventuras-en-el-centro-de-suiza\\\/#webpage\"},\"isPartOf\":{\"@id\":\"https:\\\/\\\/www.eldigitaldeasturias.com\\\/noticias\\\/un-rincon-para-pequenas-aventuras-en-el-centro-de-suiza\\\/#webpage\"},\"articleSection\":\"Turismo\"},{\"@type\":\"BreadcrumbList\",\"@id\":\"https:\\\/\\\/www.eldigitaldeasturias.com\\\/noticias\\\/un-rincon-para-pequenas-aventuras-en-el-centro-de-suiza\\\/#breadcrumblist\",\"itemListElement\":[{\"@type\":\"ListItem\",\"@id\":\"https:\\\/\\\/www.eldigitaldeasturias.com\\\/noticias#listItem\",\"position\":1,\"name\":\"Home\",\"item\":\"https:\\\/\\\/www.eldigitaldeasturias.com\\\/noticias\",\"nextItem\":{\"@type\":\"ListItem\",\"@id\":\"https:\\\/\\\/www.eldigitaldeasturias.com\\\/noticias\\\/category\\\/turismo\\\/#listItem\",\"name\":\"Turismo\"}},{\"@type\":\"ListItem\",\"@id\":\"https:\\\/\\\/www.eldigitaldeasturias.com\\\/noticias\\\/category\\\/turismo\\\/#listItem\",\"position\":2,\"name\":\"Turismo\",\"item\":\"https:\\\/\\\/www.eldigitaldeasturias.com\\\/noticias\\\/category\\\/turismo\\\/\",\"nextItem\":{\"@type\":\"ListItem\",\"@id\":\"https:\\\/\\\/www.eldigitaldeasturias.com\\\/noticias\\\/un-rincon-para-pequenas-aventuras-en-el-centro-de-suiza\\\/#listItem\",\"name\":\"Un rinc\\u00f3n para peque\\u00f1as aventuras en el centro de Suiza\"},\"previousItem\":{\"@type\":\"ListItem\",\"@id\":\"https:\\\/\\\/www.eldigitaldeasturias.com\\\/noticias#listItem\",\"name\":\"Home\"}},{\"@type\":\"ListItem\",\"@id\":\"https:\\\/\\\/www.eldigitaldeasturias.com\\\/noticias\\\/un-rincon-para-pequenas-aventuras-en-el-centro-de-suiza\\\/#listItem\",\"position\":3,\"name\":\"Un rinc\\u00f3n para peque\\u00f1as aventuras en el centro de Suiza\",\"previousItem\":{\"@type\":\"ListItem\",\"@id\":\"https:\\\/\\\/www.eldigitaldeasturias.com\\\/noticias\\\/category\\\/turismo\\\/#listItem\",\"name\":\"Turismo\"}}]},{\"@type\":\"Organization\",\"@id\":\"https:\\\/\\\/www.eldigitaldeasturias.com\\\/noticias\\\/#organization\",\"name\":\"El Digital de Asturias\",\"description\":\"Hemeroteca\",\"url\":\"https:\\\/\\\/www.eldigitaldeasturias.com\\\/noticias\\\/\",\"email\":\"info@eldigitaldeasturias.com\",\"telephone\":\"+34652131393\",\"logo\":{\"@type\":\"ImageObject\",\"url\":\"https:\\\/\\\/www.eldigitaldeasturias.com\\\/noticias\\\/wp-content\\\/uploads\\\/2020\\\/12\\\/EDA.jpg\",\"@id\":\"https:\\\/\\\/www.eldigitaldeasturias.com\\\/noticias\\\/un-rincon-para-pequenas-aventuras-en-el-centro-de-suiza\\\/#organizationLogo\",\"width\":649,\"height\":297},\"image\":{\"@id\":\"https:\\\/\\\/www.eldigitaldeasturias.com\\\/noticias\\\/un-rincon-para-pequenas-aventuras-en-el-centro-de-suiza\\\/#organizationLogo\"},\"sameAs\":[\"https:\\\/\\\/facebook.com\\\/eldigitaldeasturias\",\"https:\\\/\\\/www.youtube.com\\\/channel\\\/UCZP-2wLEB9Rv6erhFmqVnvg\"],\"address\":{\"@id\":\"https:\\\/\\\/www.eldigitaldeasturias.com\\\/noticias\\\/#postaladdress\",\"@type\":\"PostalAddress\",\"streetAddress\":\"san antonio 4,\",\"postalCode\":\"33430\",\"addressLocality\":\"Cand\\u00e1s\",\"addressRegion\":\"Asturias\",\"addressCountry\":\"ES\"}},{\"@type\":\"Person\",\"@id\":\"https:\\\/\\\/www.eldigitaldeasturias.com\\\/noticias\\\/author\\\/admin\\\/#author\",\"url\":\"https:\\\/\\\/www.eldigitaldeasturias.com\\\/noticias\\\/author\\\/admin\\\/\",\"name\":\"El Digital de Asturias\",\"image\":{\"@type\":\"ImageObject\",\"@id\":\"https:\\\/\\\/www.eldigitaldeasturias.com\\\/noticias\\\/un-rincon-para-pequenas-aventuras-en-el-centro-de-suiza\\\/#authorImage\",\"url\":\"https:\\\/\\\/www.eldigitaldeasturias.com\\\/noticias\\\/wp-content\\\/litespeed\\\/avatar\\\/18677e78aa0546b92d9dbf31ec7d7668.jpg?ver=1776685526\",\"width\":96,\"height\":96,\"caption\":\"El Digital de Asturias\"}},{\"@type\":\"WebPage\",\"@id\":\"https:\\\/\\\/www.eldigitaldeasturias.com\\\/noticias\\\/un-rincon-para-pequenas-aventuras-en-el-centro-de-suiza\\\/#webpage\",\"url\":\"https:\\\/\\\/www.eldigitaldeasturias.com\\\/noticias\\\/un-rincon-para-pequenas-aventuras-en-el-centro-de-suiza\\\/\",\"name\":\"Un rinc\\u00f3n para peque\\u00f1as aventuras en el centro de Suiza - El Digital de Asturias\",\"description\":\"(dpa) - La reserva natural de Entlebuch, en el centro de Suiza, ofrece colinas suaves, acantilados escarpados y naturaleza virgen. En este rinc\\u00f3n entre Berna y Lucerna, el gu\\u00eda Pius Schnider sube decidido por un sendero empinado. Delante de un abeto se ven un mont\\u00edculo de tierra y muchos puntos negros alrededor. Schnider coloca la\",\"inLanguage\":\"es-ES\",\"isPartOf\":{\"@id\":\"https:\\\/\\\/www.eldigitaldeasturias.com\\\/noticias\\\/#website\"},\"breadcrumb\":{\"@id\":\"https:\\\/\\\/www.eldigitaldeasturias.com\\\/noticias\\\/un-rincon-para-pequenas-aventuras-en-el-centro-de-suiza\\\/#breadcrumblist\"},\"author\":{\"@id\":\"https:\\\/\\\/www.eldigitaldeasturias.com\\\/noticias\\\/author\\\/admin\\\/#author\"},\"creator\":{\"@id\":\"https:\\\/\\\/www.eldigitaldeasturias.com\\\/noticias\\\/author\\\/admin\\\/#author\"},\"image\":{\"@type\":\"ImageObject\",\"url\":\"https:\\\/\\\/www.eldigitaldeasturias.com\\\/noticias\\\/wp-content\\\/uploads\\\/2020\\\/05\\\/lago-Brienz.jpg\",\"@id\":\"https:\\\/\\\/www.eldigitaldeasturias.com\\\/noticias\\\/un-rincon-para-pequenas-aventuras-en-el-centro-de-suiza\\\/#mainImage\",\"width\":1004,\"height\":660,\"caption\":\"En d\\u00edas soleados, el lago Brienz brilla en un tono turquesa. Foto: Tom Nebe\\\/dpa-tmn\"},\"primaryImageOfPage\":{\"@id\":\"https:\\\/\\\/www.eldigitaldeasturias.com\\\/noticias\\\/un-rincon-para-pequenas-aventuras-en-el-centro-de-suiza\\\/#mainImage\"},\"datePublished\":\"2020-05-18T13:52:50+02:00\",\"dateModified\":\"2020-05-18T13:54:21+02:00\"},{\"@type\":\"WebSite\",\"@id\":\"https:\\\/\\\/www.eldigitaldeasturias.com\\\/noticias\\\/#website\",\"url\":\"https:\\\/\\\/www.eldigitaldeasturias.com\\\/noticias\\\/\",\"name\":\"El Digital de Asturias - Diario de actualidad y noticias\",\"alternateName\":\"El Digital de Asturias - Diario de actualidad y noticias\",\"description\":\"Hemeroteca\",\"inLanguage\":\"es-ES\",\"publisher\":{\"@id\":\"https:\\\/\\\/www.eldigitaldeasturias.com\\\/noticias\\\/#organization\"}}]}\n\t\t<\/script>\n\t\t<!-- All in One SEO Pro -->\r\n\t\t<title>Un rinc\u00f3n para peque\u00f1as aventuras en el centro de Suiza - El Digital de Asturias<\/title>\n\n","aioseo_head_json":{"title":"Un rinc\u00f3n para peque\u00f1as aventuras en el centro de Suiza - El Digital de Asturias","description":"(dpa) - La reserva natural de Entlebuch, en el centro de Suiza, ofrece colinas suaves, acantilados escarpados y naturaleza virgen. En este rinc\u00f3n entre Berna y Lucerna, el gu\u00eda Pius Schnider sube decidido por un sendero empinado. Delante de un abeto se ven un mont\u00edculo de tierra y muchos puntos negros alrededor. Schnider coloca la","canonical_url":"https:\/\/www.eldigitaldeasturias.com\/noticias\/un-rincon-para-pequenas-aventuras-en-el-centro-de-suiza\/","robots":"max-image-preview:large","keywords":"turismo","webmasterTools":{"google-site-verification":"UA-38556648-1","msvalidate.01":"7dfe9f3f1b24437ab69f4f2559babe99","miscellaneous":""},"schema":{"@context":"https:\/\/schema.org","@graph":[{"@type":"BlogPosting","@id":"https:\/\/www.eldigitaldeasturias.com\/noticias\/un-rincon-para-pequenas-aventuras-en-el-centro-de-suiza\/#blogposting","name":"Un rinc\u00f3n para peque\u00f1as aventuras en el centro de Suiza - El Digital de Asturias","headline":"Un rinc\u00f3n para peque\u00f1as aventuras en el centro de Suiza","author":{"@id":"https:\/\/www.eldigitaldeasturias.com\/noticias\/author\/admin\/#author"},"publisher":{"@id":"https:\/\/www.eldigitaldeasturias.com\/noticias\/#organization"},"image":{"@type":"ImageObject","url":"https:\/\/www.eldigitaldeasturias.com\/noticias\/wp-content\/uploads\/2020\/05\/lago-Brienz.jpg","width":1004,"height":660,"caption":"En d\u00edas soleados, el lago Brienz brilla en un tono turquesa. Foto: Tom Nebe\/dpa-tmn"},"datePublished":"2020-05-18T13:52:50+02:00","dateModified":"2020-05-18T13:54:21+02:00","inLanguage":"es-ES","mainEntityOfPage":{"@id":"https:\/\/www.eldigitaldeasturias.com\/noticias\/un-rincon-para-pequenas-aventuras-en-el-centro-de-suiza\/#webpage"},"isPartOf":{"@id":"https:\/\/www.eldigitaldeasturias.com\/noticias\/un-rincon-para-pequenas-aventuras-en-el-centro-de-suiza\/#webpage"},"articleSection":"Turismo"},{"@type":"BreadcrumbList","@id":"https:\/\/www.eldigitaldeasturias.com\/noticias\/un-rincon-para-pequenas-aventuras-en-el-centro-de-suiza\/#breadcrumblist","itemListElement":[{"@type":"ListItem","@id":"https:\/\/www.eldigitaldeasturias.com\/noticias#listItem","position":1,"name":"Home","item":"https:\/\/www.eldigitaldeasturias.com\/noticias","nextItem":{"@type":"ListItem","@id":"https:\/\/www.eldigitaldeasturias.com\/noticias\/category\/turismo\/#listItem","name":"Turismo"}},{"@type":"ListItem","@id":"https:\/\/www.eldigitaldeasturias.com\/noticias\/category\/turismo\/#listItem","position":2,"name":"Turismo","item":"https:\/\/www.eldigitaldeasturias.com\/noticias\/category\/turismo\/","nextItem":{"@type":"ListItem","@id":"https:\/\/www.eldigitaldeasturias.com\/noticias\/un-rincon-para-pequenas-aventuras-en-el-centro-de-suiza\/#listItem","name":"Un rinc\u00f3n para peque\u00f1as aventuras en el centro de Suiza"},"previousItem":{"@type":"ListItem","@id":"https:\/\/www.eldigitaldeasturias.com\/noticias#listItem","name":"Home"}},{"@type":"ListItem","@id":"https:\/\/www.eldigitaldeasturias.com\/noticias\/un-rincon-para-pequenas-aventuras-en-el-centro-de-suiza\/#listItem","position":3,"name":"Un rinc\u00f3n para peque\u00f1as aventuras en el centro de Suiza","previousItem":{"@type":"ListItem","@id":"https:\/\/www.eldigitaldeasturias.com\/noticias\/category\/turismo\/#listItem","name":"Turismo"}}]},{"@type":"Organization","@id":"https:\/\/www.eldigitaldeasturias.com\/noticias\/#organization","name":"El Digital de Asturias","description":"Hemeroteca","url":"https:\/\/www.eldigitaldeasturias.com\/noticias\/","email":"info@eldigitaldeasturias.com","telephone":"+34652131393","logo":{"@type":"ImageObject","url":"https:\/\/www.eldigitaldeasturias.com\/noticias\/wp-content\/uploads\/2020\/12\/EDA.jpg","@id":"https:\/\/www.eldigitaldeasturias.com\/noticias\/un-rincon-para-pequenas-aventuras-en-el-centro-de-suiza\/#organizationLogo","width":649,"height":297},"image":{"@id":"https:\/\/www.eldigitaldeasturias.com\/noticias\/un-rincon-para-pequenas-aventuras-en-el-centro-de-suiza\/#organizationLogo"},"sameAs":["https:\/\/facebook.com\/eldigitaldeasturias","https:\/\/www.youtube.com\/channel\/UCZP-2wLEB9Rv6erhFmqVnvg"],"address":{"@id":"https:\/\/www.eldigitaldeasturias.com\/noticias\/#postaladdress","@type":"PostalAddress","streetAddress":"san antonio 4,","postalCode":"33430","addressLocality":"Cand\u00e1s","addressRegion":"Asturias","addressCountry":"ES"}},{"@type":"Person","@id":"https:\/\/www.eldigitaldeasturias.com\/noticias\/author\/admin\/#author","url":"https:\/\/www.eldigitaldeasturias.com\/noticias\/author\/admin\/","name":"El Digital de Asturias","image":{"@type":"ImageObject","@id":"https:\/\/www.eldigitaldeasturias.com\/noticias\/un-rincon-para-pequenas-aventuras-en-el-centro-de-suiza\/#authorImage","url":"https:\/\/www.eldigitaldeasturias.com\/noticias\/wp-content\/litespeed\/avatar\/18677e78aa0546b92d9dbf31ec7d7668.jpg?ver=1776685526","width":96,"height":96,"caption":"El Digital de Asturias"}},{"@type":"WebPage","@id":"https:\/\/www.eldigitaldeasturias.com\/noticias\/un-rincon-para-pequenas-aventuras-en-el-centro-de-suiza\/#webpage","url":"https:\/\/www.eldigitaldeasturias.com\/noticias\/un-rincon-para-pequenas-aventuras-en-el-centro-de-suiza\/","name":"Un rinc\u00f3n para peque\u00f1as aventuras en el centro de Suiza - El Digital de Asturias","description":"(dpa) - La reserva natural de Entlebuch, en el centro de Suiza, ofrece colinas suaves, acantilados escarpados y naturaleza virgen. En este rinc\u00f3n entre Berna y Lucerna, el gu\u00eda Pius Schnider sube decidido por un sendero empinado. Delante de un abeto se ven un mont\u00edculo de tierra y muchos puntos negros alrededor. Schnider coloca la","inLanguage":"es-ES","isPartOf":{"@id":"https:\/\/www.eldigitaldeasturias.com\/noticias\/#website"},"breadcrumb":{"@id":"https:\/\/www.eldigitaldeasturias.com\/noticias\/un-rincon-para-pequenas-aventuras-en-el-centro-de-suiza\/#breadcrumblist"},"author":{"@id":"https:\/\/www.eldigitaldeasturias.com\/noticias\/author\/admin\/#author"},"creator":{"@id":"https:\/\/www.eldigitaldeasturias.com\/noticias\/author\/admin\/#author"},"image":{"@type":"ImageObject","url":"https:\/\/www.eldigitaldeasturias.com\/noticias\/wp-content\/uploads\/2020\/05\/lago-Brienz.jpg","@id":"https:\/\/www.eldigitaldeasturias.com\/noticias\/un-rincon-para-pequenas-aventuras-en-el-centro-de-suiza\/#mainImage","width":1004,"height":660,"caption":"En d\u00edas soleados, el lago Brienz brilla en un tono turquesa. Foto: Tom Nebe\/dpa-tmn"},"primaryImageOfPage":{"@id":"https:\/\/www.eldigitaldeasturias.com\/noticias\/un-rincon-para-pequenas-aventuras-en-el-centro-de-suiza\/#mainImage"},"datePublished":"2020-05-18T13:52:50+02:00","dateModified":"2020-05-18T13:54:21+02:00"},{"@type":"WebSite","@id":"https:\/\/www.eldigitaldeasturias.com\/noticias\/#website","url":"https:\/\/www.eldigitaldeasturias.com\/noticias\/","name":"El Digital de Asturias - Diario de actualidad y noticias","alternateName":"El Digital de Asturias - Diario de actualidad y noticias","description":"Hemeroteca","inLanguage":"es-ES","publisher":{"@id":"https:\/\/www.eldigitaldeasturias.com\/noticias\/#organization"}}]},"og:locale":"es_ES","og:site_name":"El Digital de Asturias","og:type":"article","og:title":"Un rinc\u00f3n para peque\u00f1as aventuras en el centro de Suiza - El Digital de Asturias","og:description":"(dpa) - La reserva natural de Entlebuch, en el centro de Suiza, ofrece colinas suaves, acantilados escarpados y naturaleza virgen. En este rinc\u00f3n entre Berna y Lucerna, el gu\u00eda Pius Schnider sube decidido por un sendero empinado. Delante de un abeto se ven un mont\u00edculo de tierra y muchos puntos negros alrededor. Schnider coloca la","og:url":"https:\/\/www.eldigitaldeasturias.com\/noticias\/un-rincon-para-pequenas-aventuras-en-el-centro-de-suiza\/","og:image":"https:\/\/www.eldigitaldeasturias.com\/noticias\/wp-content\/uploads\/2020\/05\/lago-Brienz.jpg","og:image:secure_url":"https:\/\/www.eldigitaldeasturias.com\/noticias\/wp-content\/uploads\/2020\/05\/lago-Brienz.jpg","og:image:width":1004,"og:image:height":660,"article:tag":["turismo"],"article:published_time":"2020-05-18T11:52:50+00:00","article:modified_time":"2020-05-18T11:54:21+00:00","article:publisher":"https:\/\/facebook.com\/eldigitaldeasturias","twitter:card":"summary_large_image","twitter:title":"Un rinc\u00f3n para peque\u00f1as aventuras en el centro de Suiza - El Digital de Asturias","twitter:description":"(dpa) - La reserva natural de Entlebuch, en el centro de Suiza, ofrece colinas suaves, acantilados escarpados y naturaleza virgen. En este rinc\u00f3n entre Berna y Lucerna, el gu\u00eda Pius Schnider sube decidido por un sendero empinado. Delante de un abeto se ven un mont\u00edculo de tierra y muchos puntos negros alrededor. Schnider coloca la","twitter:image":"https:\/\/www.eldigitaldeasturias.com\/noticias\/wp-content\/uploads\/2020\/05\/lago-Brienz.jpg","twitter:label1":"Escrito por","twitter:data1":"El Digital de Asturias","twitter:label2":"Tiempo de lectura estimado","twitter:data2":"5 minutos"},"aioseo_meta_data":{"post_id":"1066095","title":null,"description":null,"keywords":null,"keyphrases":null,"primary_term":null,"canonical_url":null,"og_title":null,"og_description":null,"og_object_type":"default","og_image_type":"default","og_image_url":null,"og_image_width":null,"og_image_height":null,"og_image_custom_url":null,"og_image_custom_fields":null,"og_video":null,"og_custom_url":null,"og_article_section":null,"og_article_tags":null,"twitter_use_og":false,"twitter_card":"default","twitter_image_type":"default","twitter_image_url":null,"twitter_image_custom_url":null,"twitter_image_custom_fields":null,"twitter_title":null,"twitter_description":null,"schema":{"blockGraphs":[],"customGraphs":[],"default":{"data":{"Article":[],"Course":[],"Dataset":[],"FAQPage":[],"Movie":[],"Person":[],"Product":[],"ProductReview":[],"Car":[],"Recipe":[],"Service":[],"SoftwareApplication":[],"WebPage":[]},"graphName":"","isEnabled":true},"graphs":[],"defaultGraph":"","defaultPostTypeGraph":""},"schema_type":null,"schema_type_options":null,"pillar_content":false,"robots_default":true,"robots_noindex":false,"robots_noarchive":false,"robots_nosnippet":false,"robots_nofollow":false,"robots_noimageindex":false,"robots_noodp":false,"robots_notranslate":false,"robots_max_snippet":null,"robots_max_videopreview":null,"robots_max_imagepreview":"large","priority":null,"frequency":null,"local_seo":null,"seo_analyzer_scan_date":"2025-09-12 11:47:51","breadcrumb_settings":null,"limit_modified_date":false,"open_ai":null,"ai":null,"created":"2020-12-21 10:49:01","updated":"2025-09-12 11:47:51"},"aioseo_breadcrumb":"<div class=\"aioseo-breadcrumbs\"><span class=\"aioseo-breadcrumb\">\n\t<a href=\"https:\/\/www.eldigitaldeasturias.com\/noticias\" title=\"Home\">Home<\/a>\n<\/span><span class=\"aioseo-breadcrumb-separator\">\u2013<\/span><span class=\"aioseo-breadcrumb\">\n\t<a href=\"https:\/\/www.eldigitaldeasturias.com\/noticias\/category\/turismo\/\" title=\"Turismo\">Turismo<\/a>\n<\/span><span class=\"aioseo-breadcrumb-separator\">\u2013<\/span><span class=\"aioseo-breadcrumb\">\n\t<a href=\"https:\/\/www.eldigitaldeasturias.com\/noticias\/un-rincon-para-pequenas-aventuras-en-el-centro-de-suiza\/\" title=\"Un rinc\u00f3n para peque\u00f1as aventuras en el centro de Suiza\">Un rinc\u00f3n para peque\u00f1as aventuras en el centro de Suiza<\/a>\n<\/span><\/div>","aioseo_breadcrumb_json":[{"label":"Home","link":"https:\/\/www.eldigitaldeasturias.com\/noticias"},{"label":"Turismo","link":"https:\/\/www.eldigitaldeasturias.com\/noticias\/category\/turismo\/"},{"label":"Un rinc\u00f3n para peque\u00f1as aventuras en el centro de Suiza","link":"https:\/\/www.eldigitaldeasturias.com\/noticias\/un-rincon-para-pequenas-aventuras-en-el-centro-de-suiza\/"}],"_links":{"self":[{"href":"https:\/\/www.eldigitaldeasturias.com\/noticias\/wp-json\/wp\/v2\/posts\/1066095","targetHints":{"allow":["GET"]}}],"collection":[{"href":"https:\/\/www.eldigitaldeasturias.com\/noticias\/wp-json\/wp\/v2\/posts"}],"about":[{"href":"https:\/\/www.eldigitaldeasturias.com\/noticias\/wp-json\/wp\/v2\/types\/post"}],"author":[{"embeddable":true,"href":"https:\/\/www.eldigitaldeasturias.com\/noticias\/wp-json\/wp\/v2\/users\/1"}],"replies":[{"embeddable":true,"href":"https:\/\/www.eldigitaldeasturias.com\/noticias\/wp-json\/wp\/v2\/comments?post=1066095"}],"version-history":[{"count":0,"href":"https:\/\/www.eldigitaldeasturias.com\/noticias\/wp-json\/wp\/v2\/posts\/1066095\/revisions"}],"wp:featuredmedia":[{"embeddable":true,"href":"https:\/\/www.eldigitaldeasturias.com\/noticias\/wp-json\/wp\/v2\/media\/1066096"}],"wp:attachment":[{"href":"https:\/\/www.eldigitaldeasturias.com\/noticias\/wp-json\/wp\/v2\/media?parent=1066095"}],"wp:term":[{"taxonomy":"category","embeddable":true,"href":"https:\/\/www.eldigitaldeasturias.com\/noticias\/wp-json\/wp\/v2\/categories?post=1066095"},{"taxonomy":"post_tag","embeddable":true,"href":"https:\/\/www.eldigitaldeasturias.com\/noticias\/wp-json\/wp\/v2\/tags?post=1066095"}],"curies":[{"name":"wp","href":"https:\/\/api.w.org\/{rel}","templated":true}]}}