{"id":1065834,"date":"2020-05-13T12:42:36","date_gmt":"2020-05-13T10:42:36","guid":{"rendered":"https:\/\/www.eldigitaldeasturias.com\/noticias\/?p=1065834"},"modified":"2020-05-13T12:42:36","modified_gmt":"2020-05-13T10:42:36","slug":"desescalada-del-sector-publico-asturiano","status":"publish","type":"post","link":"https:\/\/www.eldigitaldeasturias.com\/noticias\/desescalada-del-sector-publico-asturiano\/","title":{"rendered":"Desescalada del sector p\u00fablico asturiano"},"content":{"rendered":"<p><img loading=\"lazy\" decoding=\"async\" class=\"alignleft size-medium wp-image-1061791\" src=\"https:\/\/www.eldigitaldeasturias.com\/noticias\/wp-content\/uploads\/2020\/03\/writing-828911_640-360x240.jpg\" alt=\"\" width=\"360\" height=\"240\" srcset=\"https:\/\/www.eldigitaldeasturias.com\/noticias\/wp-content\/uploads\/2020\/03\/writing-828911_640-360x240.jpg 360w, https:\/\/www.eldigitaldeasturias.com\/noticias\/wp-content\/uploads\/2020\/03\/writing-828911_640-451x300.jpg 451w, https:\/\/www.eldigitaldeasturias.com\/noticias\/wp-content\/uploads\/2020\/03\/writing-828911_640.jpg 640w\" sizes=\"auto, (max-width: 360px) 100vw, 360px\" \/>La Consejer\u00eda de Presidencia ha elaborado un plan gradual para la vuelta al trabajo presencial de los empleados p\u00fablicos, que incluye medidas preventivas y organizativas orientadas a reforzar la seguridad del personal, minimizar riesgos y garantizar un servicio adecuado a la ciudadan\u00eda. <strong>Est\u00e1 previsto que el proceso se prolongue durante seis semanas<\/strong>, por lo que culminar\u00e1 antes del 21 de junio, siempre que la situaci\u00f3n sanitaria lo permita.<\/p>\n<p>La resoluci\u00f3n, que se publica hoy en el <strong>Bolet\u00edn Oficial del Principado<\/strong> (Bopa), incorpora criterios de equidad para quienes tengan que atender a menores o personas dependientes afectadas por cierre de centros y para trabajadores que, por su estado de salud o circunstancias particulares, puedan resultar especialmente vulnerables al coronavirus. Estos grupos ser\u00e1n los \u00faltimos en retornar a sus puestos en las dependencias de la Administraci\u00f3n auton\u00f3mica.<\/p>\n<p>Entre las medidas preventivas, siguiendo las indicaciones del Servicio de Prevenci\u00f3n de Riesgos Laborales, se mantendr\u00e1 una distancia m\u00ednima de seguridad de dos metros entre personas. Cuando esto no sea posible, se instalar\u00e1n barreras f\u00edsicas entre los puestos y se adoptar\u00e1n medidas de flexibilidad laboral &#8211; incluidos turnos de trabajo y teletrabajo- con el fin de evitar una concentraci\u00f3n excesiva de personal en las consejer\u00edas y organismos auton\u00f3micos.<\/p>\n<p>Adem\u00e1s, la Administraci\u00f3n proveer\u00e1 a la plantilla del material de protecci\u00f3n adecuado en cada caso, incluidas soluciones hidroalcoh\u00f3licas, guantes y mascarillas, en aquellos puestos de trabajo en los que no se pueda mantener la distancia interpersonal de seguridad recomendada.<\/p>\n<p>En los servicios de atenci\u00f3n presencial a la ciudadan\u00eda, tales como los registros, se implantar\u00e1 un sistema de cita previa y se dispondr\u00e1n barreras protectoras. Asimismo, se ampliar\u00e1 el horario de apertura y atenci\u00f3n.<\/p>\n<p>Tambi\u00e9n <strong>se fomentar\u00e1 la digitalizaci\u00f3n<\/strong> y el uso de documentos electr\u00f3nicos, sobre todo en las oficinas de registro; se dar\u00e1 prioridad a las reuniones telem\u00e1ticas, y se suspender\u00e1n los viajes de trabajo que puedan solventarse telef\u00f3nicamente o mediante videoconferencia.<\/p>\n<p><span style=\"font-size: 14pt;\"><strong>Medidas de organizaci\u00f3n<\/strong><\/span><\/p>\n<p>En cuanto a las acciones organizativas, el personal se incorporar\u00e1 por tandas, en consonancia con las fases de desescalada reguladas por el Gobierno de Espa\u00f1a. De este modo, primero se incorporar\u00e1n a sus plazas las personas que ocupan jefaturas y las que son responsables de procesos; seguidamente, aquellas que no tienen la opci\u00f3n de teletrabajar y, por \u00faltimo el resto de personal, bien de forma presencial o a distancia.<\/p>\n<p>Al margen de los profesionales encargados de los servicios esenciales, las primeras incorporaciones comenzar\u00e1n a partir de ma\u00f1ana, 14 de mayo, tras la publicaci\u00f3n de la resoluci\u00f3n correspondiente en el Bopa.<\/p>\n<p>De estas instrucciones quedan excluidos el personal docente, el de la Administraci\u00f3n de Justicia y el del Servicio de Salud del Principado (Sespa).<\/p>\n<p>&nbsp;<\/p>\n","protected":false},"excerpt":{"rendered":"<p>La Consejer\u00eda de Presidencia ha elaborado un plan gradual para la vuelta al trabajo presencial de los empleados p\u00fablicos, que incluye medidas preventivas y organizativas orientadas a reforzar la seguridad del personal, minimizar riesgos y garantizar un servicio adecuado a la ciudadan\u00eda. Est\u00e1 previsto que el proceso se prolongue durante seis semanas, por lo que [&hellip;]<\/p>\n","protected":false},"author":1,"featured_media":1061791,"comment_status":"closed","ping_status":"closed","sticky":false,"template":"","format":"standard","meta":{"footnotes":""},"categories":[12,141],"tags":[],"class_list":["post-1065834","post","type-post","status-publish","format-standard","has-post-thumbnail","hentry","category-actualidad-asturias","category-destacadas"],"aioseo_notices":[],"aioseo_head":"\n\t\t<!-- All in One SEO Pro 4.9.6.2 - aioseo.com -->\n\t<meta name=\"description\" content=\"La Consejer\u00eda de Presidencia ha elaborado un plan gradual para la vuelta al trabajo presencial de los empleados p\u00fablicos, que incluye medidas preventivas y organizativas orientadas a reforzar la seguridad del personal, minimizar riesgos y garantizar un servicio adecuado a la ciudadan\u00eda. Est\u00e1 previsto que el proceso se prolongue durante seis semanas, por lo que\" \/>\n\t<meta name=\"robots\" content=\"max-image-preview:large\" \/>\n\t<meta name=\"author\" content=\"El Digital de Asturias\"\/>\n\t<meta name=\"google-site-verification\" content=\"UA-38556648-1\" \/>\n\t<meta name=\"msvalidate.01\" content=\"7dfe9f3f1b24437ab69f4f2559babe99\" \/>\n\t<meta name=\"keywords\" content=\"actualidad asturias,destacadas\" \/>\n\t<link rel=\"canonical\" href=\"https:\/\/www.eldigitaldeasturias.com\/noticias\/desescalada-del-sector-publico-asturiano\/\" \/>\n\t<meta name=\"generator\" content=\"All in One SEO Pro (AIOSEO) 4.9.6.2\" \/>\n\t\t<meta property=\"og:locale\" content=\"es_ES\" \/>\n\t\t<meta property=\"og:site_name\" content=\"El Digital de Asturias\" \/>\n\t\t<meta property=\"og:type\" content=\"article\" \/>\n\t\t<meta property=\"og:title\" content=\"Desescalada del sector p\u00fablico asturiano - El Digital de Asturias\" \/>\n\t\t<meta property=\"og:description\" content=\"La Consejer\u00eda de Presidencia ha elaborado un plan gradual para la vuelta al trabajo presencial de los empleados p\u00fablicos, que incluye medidas preventivas y organizativas orientadas a reforzar la seguridad del personal, minimizar riesgos y garantizar un servicio adecuado a la ciudadan\u00eda. Est\u00e1 previsto que el proceso se prolongue durante seis semanas, por lo que\" \/>\n\t\t<meta property=\"og:url\" content=\"https:\/\/www.eldigitaldeasturias.com\/noticias\/desescalada-del-sector-publico-asturiano\/\" \/>\n\t\t<meta property=\"og:image\" content=\"https:\/\/www.eldigitaldeasturias.com\/noticias\/wp-content\/uploads\/2020\/03\/writing-828911_640.jpg\" \/>\n\t\t<meta property=\"og:image:secure_url\" content=\"https:\/\/www.eldigitaldeasturias.com\/noticias\/wp-content\/uploads\/2020\/03\/writing-828911_640.jpg\" \/>\n\t\t<meta property=\"og:image:width\" content=\"640\" \/>\n\t\t<meta property=\"og:image:height\" content=\"426\" \/>\n\t\t<meta property=\"article:tag\" content=\"actualidad asturias\" \/>\n\t\t<meta property=\"article:tag\" content=\"destacadas\" \/>\n\t\t<meta property=\"article:published_time\" content=\"2020-05-13T10:42:36+00:00\" \/>\n\t\t<meta property=\"article:modified_time\" content=\"2020-05-13T10:42:36+00:00\" \/>\n\t\t<meta property=\"article:publisher\" content=\"https:\/\/facebook.com\/eldigitaldeasturias\" \/>\n\t\t<meta name=\"twitter:card\" content=\"summary_large_image\" \/>\n\t\t<meta name=\"twitter:title\" content=\"Desescalada del sector p\u00fablico asturiano - El Digital de Asturias\" \/>\n\t\t<meta name=\"twitter:description\" content=\"La Consejer\u00eda de Presidencia ha elaborado un plan gradual para la vuelta al trabajo presencial de los empleados p\u00fablicos, que incluye medidas preventivas y organizativas orientadas a reforzar la seguridad del personal, minimizar riesgos y garantizar un servicio adecuado a la ciudadan\u00eda. Est\u00e1 previsto que el proceso se prolongue durante seis semanas, por lo que\" \/>\n\t\t<meta name=\"twitter:image\" content=\"https:\/\/www.eldigitaldeasturias.com\/noticias\/wp-content\/uploads\/2020\/03\/writing-828911_640.jpg\" \/>\n\t\t<meta name=\"twitter:label1\" content=\"Escrito por\" \/>\n\t\t<meta name=\"twitter:data1\" content=\"El Digital de Asturias\" \/>\n\t\t<meta name=\"twitter:label2\" content=\"Tiempo de lectura estimado\" \/>\n\t\t<meta name=\"twitter:data2\" content=\"2 minutos\" \/>\n\t\t<script type=\"application\/ld+json\" class=\"aioseo-schema\">\n\t\t\t{\"@context\":\"https:\\\/\\\/schema.org\",\"@graph\":[{\"@type\":\"BlogPosting\",\"@id\":\"https:\\\/\\\/www.eldigitaldeasturias.com\\\/noticias\\\/desescalada-del-sector-publico-asturiano\\\/#blogposting\",\"name\":\"Desescalada del sector p\\u00fablico asturiano - El Digital de Asturias\",\"headline\":\"Desescalada del sector p\\u00fablico asturiano\",\"author\":{\"@id\":\"https:\\\/\\\/www.eldigitaldeasturias.com\\\/noticias\\\/author\\\/admin\\\/#author\"},\"publisher\":{\"@id\":\"https:\\\/\\\/www.eldigitaldeasturias.com\\\/noticias\\\/#organization\"},\"image\":{\"@type\":\"ImageObject\",\"url\":\"https:\\\/\\\/www.eldigitaldeasturias.com\\\/noticias\\\/wp-content\\\/uploads\\\/2020\\\/03\\\/writing-828911_640.jpg\",\"width\":640,\"height\":426},\"datePublished\":\"2020-05-13T12:42:36+02:00\",\"dateModified\":\"2020-05-13T12:42:36+02:00\",\"inLanguage\":\"es-ES\",\"mainEntityOfPage\":{\"@id\":\"https:\\\/\\\/www.eldigitaldeasturias.com\\\/noticias\\\/desescalada-del-sector-publico-asturiano\\\/#webpage\"},\"isPartOf\":{\"@id\":\"https:\\\/\\\/www.eldigitaldeasturias.com\\\/noticias\\\/desescalada-del-sector-publico-asturiano\\\/#webpage\"},\"articleSection\":\"Actualidad Asturias, Destacadas\"},{\"@type\":\"BreadcrumbList\",\"@id\":\"https:\\\/\\\/www.eldigitaldeasturias.com\\\/noticias\\\/desescalada-del-sector-publico-asturiano\\\/#breadcrumblist\",\"itemListElement\":[{\"@type\":\"ListItem\",\"@id\":\"https:\\\/\\\/www.eldigitaldeasturias.com\\\/noticias#listItem\",\"position\":1,\"name\":\"Home\",\"item\":\"https:\\\/\\\/www.eldigitaldeasturias.com\\\/noticias\",\"nextItem\":{\"@type\":\"ListItem\",\"@id\":\"https:\\\/\\\/www.eldigitaldeasturias.com\\\/noticias\\\/category\\\/actualidad-asturias\\\/#listItem\",\"name\":\"Actualidad Asturias\"}},{\"@type\":\"ListItem\",\"@id\":\"https:\\\/\\\/www.eldigitaldeasturias.com\\\/noticias\\\/category\\\/actualidad-asturias\\\/#listItem\",\"position\":2,\"name\":\"Actualidad Asturias\",\"item\":\"https:\\\/\\\/www.eldigitaldeasturias.com\\\/noticias\\\/category\\\/actualidad-asturias\\\/\",\"nextItem\":{\"@type\":\"ListItem\",\"@id\":\"https:\\\/\\\/www.eldigitaldeasturias.com\\\/noticias\\\/desescalada-del-sector-publico-asturiano\\\/#listItem\",\"name\":\"Desescalada del sector p\\u00fablico asturiano\"},\"previousItem\":{\"@type\":\"ListItem\",\"@id\":\"https:\\\/\\\/www.eldigitaldeasturias.com\\\/noticias#listItem\",\"name\":\"Home\"}},{\"@type\":\"ListItem\",\"@id\":\"https:\\\/\\\/www.eldigitaldeasturias.com\\\/noticias\\\/desescalada-del-sector-publico-asturiano\\\/#listItem\",\"position\":3,\"name\":\"Desescalada del sector p\\u00fablico asturiano\",\"previousItem\":{\"@type\":\"ListItem\",\"@id\":\"https:\\\/\\\/www.eldigitaldeasturias.com\\\/noticias\\\/category\\\/actualidad-asturias\\\/#listItem\",\"name\":\"Actualidad Asturias\"}}]},{\"@type\":\"Organization\",\"@id\":\"https:\\\/\\\/www.eldigitaldeasturias.com\\\/noticias\\\/#organization\",\"name\":\"El Digital de Asturias\",\"description\":\"Hemeroteca\",\"url\":\"https:\\\/\\\/www.eldigitaldeasturias.com\\\/noticias\\\/\",\"email\":\"info@eldigitaldeasturias.com\",\"telephone\":\"+34652131393\",\"logo\":{\"@type\":\"ImageObject\",\"url\":\"https:\\\/\\\/www.eldigitaldeasturias.com\\\/noticias\\\/wp-content\\\/uploads\\\/2020\\\/12\\\/EDA.jpg\",\"@id\":\"https:\\\/\\\/www.eldigitaldeasturias.com\\\/noticias\\\/desescalada-del-sector-publico-asturiano\\\/#organizationLogo\",\"width\":649,\"height\":297},\"image\":{\"@id\":\"https:\\\/\\\/www.eldigitaldeasturias.com\\\/noticias\\\/desescalada-del-sector-publico-asturiano\\\/#organizationLogo\"},\"sameAs\":[\"https:\\\/\\\/facebook.com\\\/eldigitaldeasturias\",\"https:\\\/\\\/www.youtube.com\\\/channel\\\/UCZP-2wLEB9Rv6erhFmqVnvg\"],\"address\":{\"@id\":\"https:\\\/\\\/www.eldigitaldeasturias.com\\\/noticias\\\/#postaladdress\",\"@type\":\"PostalAddress\",\"streetAddress\":\"san antonio 4,\",\"postalCode\":\"33430\",\"addressLocality\":\"Cand\\u00e1s\",\"addressRegion\":\"Asturias\",\"addressCountry\":\"ES\"}},{\"@type\":\"Person\",\"@id\":\"https:\\\/\\\/www.eldigitaldeasturias.com\\\/noticias\\\/author\\\/admin\\\/#author\",\"url\":\"https:\\\/\\\/www.eldigitaldeasturias.com\\\/noticias\\\/author\\\/admin\\\/\",\"name\":\"El Digital de Asturias\",\"image\":{\"@type\":\"ImageObject\",\"@id\":\"https:\\\/\\\/www.eldigitaldeasturias.com\\\/noticias\\\/desescalada-del-sector-publico-asturiano\\\/#authorImage\",\"url\":\"https:\\\/\\\/www.eldigitaldeasturias.com\\\/noticias\\\/wp-content\\\/litespeed\\\/avatar\\\/18677e78aa0546b92d9dbf31ec7d7668.jpg?ver=1777290358\",\"width\":96,\"height\":96,\"caption\":\"El Digital de Asturias\"}},{\"@type\":\"WebPage\",\"@id\":\"https:\\\/\\\/www.eldigitaldeasturias.com\\\/noticias\\\/desescalada-del-sector-publico-asturiano\\\/#webpage\",\"url\":\"https:\\\/\\\/www.eldigitaldeasturias.com\\\/noticias\\\/desescalada-del-sector-publico-asturiano\\\/\",\"name\":\"Desescalada del sector p\\u00fablico asturiano - El Digital de Asturias\",\"description\":\"La Consejer\\u00eda de Presidencia ha elaborado un plan gradual para la vuelta al trabajo presencial de los empleados p\\u00fablicos, que incluye medidas preventivas y organizativas orientadas a reforzar la seguridad del personal, minimizar riesgos y garantizar un servicio adecuado a la ciudadan\\u00eda. Est\\u00e1 previsto que el proceso se prolongue durante seis semanas, por lo que\",\"inLanguage\":\"es-ES\",\"isPartOf\":{\"@id\":\"https:\\\/\\\/www.eldigitaldeasturias.com\\\/noticias\\\/#website\"},\"breadcrumb\":{\"@id\":\"https:\\\/\\\/www.eldigitaldeasturias.com\\\/noticias\\\/desescalada-del-sector-publico-asturiano\\\/#breadcrumblist\"},\"author\":{\"@id\":\"https:\\\/\\\/www.eldigitaldeasturias.com\\\/noticias\\\/author\\\/admin\\\/#author\"},\"creator\":{\"@id\":\"https:\\\/\\\/www.eldigitaldeasturias.com\\\/noticias\\\/author\\\/admin\\\/#author\"},\"image\":{\"@type\":\"ImageObject\",\"url\":\"https:\\\/\\\/www.eldigitaldeasturias.com\\\/noticias\\\/wp-content\\\/uploads\\\/2020\\\/03\\\/writing-828911_640.jpg\",\"@id\":\"https:\\\/\\\/www.eldigitaldeasturias.com\\\/noticias\\\/desescalada-del-sector-publico-asturiano\\\/#mainImage\",\"width\":640,\"height\":426},\"primaryImageOfPage\":{\"@id\":\"https:\\\/\\\/www.eldigitaldeasturias.com\\\/noticias\\\/desescalada-del-sector-publico-asturiano\\\/#mainImage\"},\"datePublished\":\"2020-05-13T12:42:36+02:00\",\"dateModified\":\"2020-05-13T12:42:36+02:00\"},{\"@type\":\"WebSite\",\"@id\":\"https:\\\/\\\/www.eldigitaldeasturias.com\\\/noticias\\\/#website\",\"url\":\"https:\\\/\\\/www.eldigitaldeasturias.com\\\/noticias\\\/\",\"name\":\"El Digital de Asturias - Diario de actualidad y noticias\",\"alternateName\":\"El Digital de Asturias - Diario de actualidad y noticias\",\"description\":\"Hemeroteca\",\"inLanguage\":\"es-ES\",\"publisher\":{\"@id\":\"https:\\\/\\\/www.eldigitaldeasturias.com\\\/noticias\\\/#organization\"}}]}\n\t\t<\/script>\n\t\t<!-- All in One SEO Pro -->\r\n\t\t<title>Desescalada del sector p\u00fablico asturiano - El Digital de Asturias<\/title>\n\n","aioseo_head_json":{"title":"Desescalada del sector p\u00fablico asturiano - El Digital de Asturias","description":"La Consejer\u00eda de Presidencia ha elaborado un plan gradual para la vuelta al trabajo presencial de los empleados p\u00fablicos, que incluye medidas preventivas y organizativas orientadas a reforzar la seguridad del personal, minimizar riesgos y garantizar un servicio adecuado a la ciudadan\u00eda. Est\u00e1 previsto que el proceso se prolongue durante seis semanas, por lo que","canonical_url":"https:\/\/www.eldigitaldeasturias.com\/noticias\/desescalada-del-sector-publico-asturiano\/","robots":"max-image-preview:large","keywords":"actualidad asturias,destacadas","webmasterTools":{"google-site-verification":"UA-38556648-1","msvalidate.01":"7dfe9f3f1b24437ab69f4f2559babe99","miscellaneous":""},"schema":{"@context":"https:\/\/schema.org","@graph":[{"@type":"BlogPosting","@id":"https:\/\/www.eldigitaldeasturias.com\/noticias\/desescalada-del-sector-publico-asturiano\/#blogposting","name":"Desescalada del sector p\u00fablico asturiano - El Digital de Asturias","headline":"Desescalada del sector p\u00fablico asturiano","author":{"@id":"https:\/\/www.eldigitaldeasturias.com\/noticias\/author\/admin\/#author"},"publisher":{"@id":"https:\/\/www.eldigitaldeasturias.com\/noticias\/#organization"},"image":{"@type":"ImageObject","url":"https:\/\/www.eldigitaldeasturias.com\/noticias\/wp-content\/uploads\/2020\/03\/writing-828911_640.jpg","width":640,"height":426},"datePublished":"2020-05-13T12:42:36+02:00","dateModified":"2020-05-13T12:42:36+02:00","inLanguage":"es-ES","mainEntityOfPage":{"@id":"https:\/\/www.eldigitaldeasturias.com\/noticias\/desescalada-del-sector-publico-asturiano\/#webpage"},"isPartOf":{"@id":"https:\/\/www.eldigitaldeasturias.com\/noticias\/desescalada-del-sector-publico-asturiano\/#webpage"},"articleSection":"Actualidad Asturias, Destacadas"},{"@type":"BreadcrumbList","@id":"https:\/\/www.eldigitaldeasturias.com\/noticias\/desescalada-del-sector-publico-asturiano\/#breadcrumblist","itemListElement":[{"@type":"ListItem","@id":"https:\/\/www.eldigitaldeasturias.com\/noticias#listItem","position":1,"name":"Home","item":"https:\/\/www.eldigitaldeasturias.com\/noticias","nextItem":{"@type":"ListItem","@id":"https:\/\/www.eldigitaldeasturias.com\/noticias\/category\/actualidad-asturias\/#listItem","name":"Actualidad Asturias"}},{"@type":"ListItem","@id":"https:\/\/www.eldigitaldeasturias.com\/noticias\/category\/actualidad-asturias\/#listItem","position":2,"name":"Actualidad Asturias","item":"https:\/\/www.eldigitaldeasturias.com\/noticias\/category\/actualidad-asturias\/","nextItem":{"@type":"ListItem","@id":"https:\/\/www.eldigitaldeasturias.com\/noticias\/desescalada-del-sector-publico-asturiano\/#listItem","name":"Desescalada del sector p\u00fablico asturiano"},"previousItem":{"@type":"ListItem","@id":"https:\/\/www.eldigitaldeasturias.com\/noticias#listItem","name":"Home"}},{"@type":"ListItem","@id":"https:\/\/www.eldigitaldeasturias.com\/noticias\/desescalada-del-sector-publico-asturiano\/#listItem","position":3,"name":"Desescalada del sector p\u00fablico asturiano","previousItem":{"@type":"ListItem","@id":"https:\/\/www.eldigitaldeasturias.com\/noticias\/category\/actualidad-asturias\/#listItem","name":"Actualidad Asturias"}}]},{"@type":"Organization","@id":"https:\/\/www.eldigitaldeasturias.com\/noticias\/#organization","name":"El Digital de Asturias","description":"Hemeroteca","url":"https:\/\/www.eldigitaldeasturias.com\/noticias\/","email":"info@eldigitaldeasturias.com","telephone":"+34652131393","logo":{"@type":"ImageObject","url":"https:\/\/www.eldigitaldeasturias.com\/noticias\/wp-content\/uploads\/2020\/12\/EDA.jpg","@id":"https:\/\/www.eldigitaldeasturias.com\/noticias\/desescalada-del-sector-publico-asturiano\/#organizationLogo","width":649,"height":297},"image":{"@id":"https:\/\/www.eldigitaldeasturias.com\/noticias\/desescalada-del-sector-publico-asturiano\/#organizationLogo"},"sameAs":["https:\/\/facebook.com\/eldigitaldeasturias","https:\/\/www.youtube.com\/channel\/UCZP-2wLEB9Rv6erhFmqVnvg"],"address":{"@id":"https:\/\/www.eldigitaldeasturias.com\/noticias\/#postaladdress","@type":"PostalAddress","streetAddress":"san antonio 4,","postalCode":"33430","addressLocality":"Cand\u00e1s","addressRegion":"Asturias","addressCountry":"ES"}},{"@type":"Person","@id":"https:\/\/www.eldigitaldeasturias.com\/noticias\/author\/admin\/#author","url":"https:\/\/www.eldigitaldeasturias.com\/noticias\/author\/admin\/","name":"El Digital de Asturias","image":{"@type":"ImageObject","@id":"https:\/\/www.eldigitaldeasturias.com\/noticias\/desescalada-del-sector-publico-asturiano\/#authorImage","url":"https:\/\/www.eldigitaldeasturias.com\/noticias\/wp-content\/litespeed\/avatar\/18677e78aa0546b92d9dbf31ec7d7668.jpg?ver=1777290358","width":96,"height":96,"caption":"El Digital de Asturias"}},{"@type":"WebPage","@id":"https:\/\/www.eldigitaldeasturias.com\/noticias\/desescalada-del-sector-publico-asturiano\/#webpage","url":"https:\/\/www.eldigitaldeasturias.com\/noticias\/desescalada-del-sector-publico-asturiano\/","name":"Desescalada del sector p\u00fablico asturiano - El Digital de Asturias","description":"La Consejer\u00eda de Presidencia ha elaborado un plan gradual para la vuelta al trabajo presencial de los empleados p\u00fablicos, que incluye medidas preventivas y organizativas orientadas a reforzar la seguridad del personal, minimizar riesgos y garantizar un servicio adecuado a la ciudadan\u00eda. Est\u00e1 previsto que el proceso se prolongue durante seis semanas, por lo que","inLanguage":"es-ES","isPartOf":{"@id":"https:\/\/www.eldigitaldeasturias.com\/noticias\/#website"},"breadcrumb":{"@id":"https:\/\/www.eldigitaldeasturias.com\/noticias\/desescalada-del-sector-publico-asturiano\/#breadcrumblist"},"author":{"@id":"https:\/\/www.eldigitaldeasturias.com\/noticias\/author\/admin\/#author"},"creator":{"@id":"https:\/\/www.eldigitaldeasturias.com\/noticias\/author\/admin\/#author"},"image":{"@type":"ImageObject","url":"https:\/\/www.eldigitaldeasturias.com\/noticias\/wp-content\/uploads\/2020\/03\/writing-828911_640.jpg","@id":"https:\/\/www.eldigitaldeasturias.com\/noticias\/desescalada-del-sector-publico-asturiano\/#mainImage","width":640,"height":426},"primaryImageOfPage":{"@id":"https:\/\/www.eldigitaldeasturias.com\/noticias\/desescalada-del-sector-publico-asturiano\/#mainImage"},"datePublished":"2020-05-13T12:42:36+02:00","dateModified":"2020-05-13T12:42:36+02:00"},{"@type":"WebSite","@id":"https:\/\/www.eldigitaldeasturias.com\/noticias\/#website","url":"https:\/\/www.eldigitaldeasturias.com\/noticias\/","name":"El Digital de Asturias - Diario de actualidad y noticias","alternateName":"El Digital de Asturias - Diario de actualidad y noticias","description":"Hemeroteca","inLanguage":"es-ES","publisher":{"@id":"https:\/\/www.eldigitaldeasturias.com\/noticias\/#organization"}}]},"og:locale":"es_ES","og:site_name":"El Digital de Asturias","og:type":"article","og:title":"Desescalada del sector p\u00fablico asturiano - El Digital de Asturias","og:description":"La Consejer\u00eda de Presidencia ha elaborado un plan gradual para la vuelta al trabajo presencial de los empleados p\u00fablicos, que incluye medidas preventivas y organizativas orientadas a reforzar la seguridad del personal, minimizar riesgos y garantizar un servicio adecuado a la ciudadan\u00eda. Est\u00e1 previsto que el proceso se prolongue durante seis semanas, por lo que","og:url":"https:\/\/www.eldigitaldeasturias.com\/noticias\/desescalada-del-sector-publico-asturiano\/","og:image":"https:\/\/www.eldigitaldeasturias.com\/noticias\/wp-content\/uploads\/2020\/03\/writing-828911_640.jpg","og:image:secure_url":"https:\/\/www.eldigitaldeasturias.com\/noticias\/wp-content\/uploads\/2020\/03\/writing-828911_640.jpg","og:image:width":640,"og:image:height":426,"article:tag":["actualidad asturias","destacadas"],"article:published_time":"2020-05-13T10:42:36+00:00","article:modified_time":"2020-05-13T10:42:36+00:00","article:publisher":"https:\/\/facebook.com\/eldigitaldeasturias","twitter:card":"summary_large_image","twitter:title":"Desescalada del sector p\u00fablico asturiano - El Digital de Asturias","twitter:description":"La Consejer\u00eda de Presidencia ha elaborado un plan gradual para la vuelta al trabajo presencial de los empleados p\u00fablicos, que incluye medidas preventivas y organizativas orientadas a reforzar la seguridad del personal, minimizar riesgos y garantizar un servicio adecuado a la ciudadan\u00eda. Est\u00e1 previsto que el proceso se prolongue durante seis semanas, por lo que","twitter:image":"https:\/\/www.eldigitaldeasturias.com\/noticias\/wp-content\/uploads\/2020\/03\/writing-828911_640.jpg","twitter:label1":"Escrito por","twitter:data1":"El Digital de Asturias","twitter:label2":"Tiempo de lectura estimado","twitter:data2":"2 minutos"},"aioseo_meta_data":{"post_id":"1065834","title":null,"description":null,"keywords":null,"keyphrases":null,"primary_term":null,"canonical_url":null,"og_title":null,"og_description":null,"og_object_type":"default","og_image_type":"default","og_image_url":null,"og_image_width":null,"og_image_height":null,"og_image_custom_url":null,"og_image_custom_fields":null,"og_video":null,"og_custom_url":null,"og_article_section":null,"og_article_tags":null,"twitter_use_og":false,"twitter_card":"default","twitter_image_type":"default","twitter_image_url":null,"twitter_image_custom_url":null,"twitter_image_custom_fields":null,"twitter_title":null,"twitter_description":null,"schema":{"blockGraphs":[],"customGraphs":[],"default":{"data":{"Article":[],"Course":[],"Dataset":[],"FAQPage":[],"Movie":[],"Person":[],"Product":[],"ProductReview":[],"Car":[],"Recipe":[],"Service":[],"SoftwareApplication":[],"WebPage":[]},"graphName":"","isEnabled":true},"graphs":[],"defaultGraph":"","defaultPostTypeGraph":""},"schema_type":null,"schema_type_options":null,"pillar_content":false,"robots_default":true,"robots_noindex":false,"robots_noarchive":false,"robots_nosnippet":false,"robots_nofollow":false,"robots_noimageindex":false,"robots_noodp":false,"robots_notranslate":false,"robots_max_snippet":null,"robots_max_videopreview":null,"robots_max_imagepreview":"large","priority":null,"frequency":null,"local_seo":null,"seo_analyzer_scan_date":"2025-09-12 11:04:51","breadcrumb_settings":null,"limit_modified_date":false,"open_ai":null,"ai":null,"created":"2020-12-21 10:49:08","updated":"2025-09-12 11:04:51"},"aioseo_breadcrumb":"<div class=\"aioseo-breadcrumbs\"><span class=\"aioseo-breadcrumb\">\n\t<a href=\"https:\/\/www.eldigitaldeasturias.com\/noticias\" title=\"Home\">Home<\/a>\n<\/span><span class=\"aioseo-breadcrumb-separator\">\u2013<\/span><span class=\"aioseo-breadcrumb\">\n\t<a href=\"https:\/\/www.eldigitaldeasturias.com\/noticias\/category\/actualidad-asturias\/\" title=\"Actualidad Asturias\">Actualidad Asturias<\/a>\n<\/span><span class=\"aioseo-breadcrumb-separator\">\u2013<\/span><span class=\"aioseo-breadcrumb\">\n\t<a href=\"https:\/\/www.eldigitaldeasturias.com\/noticias\/desescalada-del-sector-publico-asturiano\/\" title=\"Desescalada del sector p\u00fablico asturiano\">Desescalada del sector p\u00fablico asturiano<\/a>\n<\/span><\/div>","aioseo_breadcrumb_json":[{"label":"Home","link":"https:\/\/www.eldigitaldeasturias.com\/noticias"},{"label":"Actualidad Asturias","link":"https:\/\/www.eldigitaldeasturias.com\/noticias\/category\/actualidad-asturias\/"},{"label":"Desescalada del sector p\u00fablico asturiano","link":"https:\/\/www.eldigitaldeasturias.com\/noticias\/desescalada-del-sector-publico-asturiano\/"}],"_links":{"self":[{"href":"https:\/\/www.eldigitaldeasturias.com\/noticias\/wp-json\/wp\/v2\/posts\/1065834","targetHints":{"allow":["GET"]}}],"collection":[{"href":"https:\/\/www.eldigitaldeasturias.com\/noticias\/wp-json\/wp\/v2\/posts"}],"about":[{"href":"https:\/\/www.eldigitaldeasturias.com\/noticias\/wp-json\/wp\/v2\/types\/post"}],"author":[{"embeddable":true,"href":"https:\/\/www.eldigitaldeasturias.com\/noticias\/wp-json\/wp\/v2\/users\/1"}],"replies":[{"embeddable":true,"href":"https:\/\/www.eldigitaldeasturias.com\/noticias\/wp-json\/wp\/v2\/comments?post=1065834"}],"version-history":[{"count":0,"href":"https:\/\/www.eldigitaldeasturias.com\/noticias\/wp-json\/wp\/v2\/posts\/1065834\/revisions"}],"wp:featuredmedia":[{"embeddable":true,"href":"https:\/\/www.eldigitaldeasturias.com\/noticias\/wp-json\/wp\/v2\/media\/1061791"}],"wp:attachment":[{"href":"https:\/\/www.eldigitaldeasturias.com\/noticias\/wp-json\/wp\/v2\/media?parent=1065834"}],"wp:term":[{"taxonomy":"category","embeddable":true,"href":"https:\/\/www.eldigitaldeasturias.com\/noticias\/wp-json\/wp\/v2\/categories?post=1065834"},{"taxonomy":"post_tag","embeddable":true,"href":"https:\/\/www.eldigitaldeasturias.com\/noticias\/wp-json\/wp\/v2\/tags?post=1065834"}],"curies":[{"name":"wp","href":"https:\/\/api.w.org\/{rel}","templated":true}]}}