{"id":1064424,"date":"2020-05-02T16:43:13","date_gmt":"2020-05-02T16:43:13","guid":{"rendered":"https:\/\/www.eldigitaldeasturias.com\/noticias\/?p=1064424"},"modified":"2020-05-02T16:43:48","modified_gmt":"2020-05-02T16:43:48","slug":"asi-deberan-funcionar-las-peluquerias-asturianas","status":"publish","type":"post","link":"https:\/\/www.eldigitaldeasturias.com\/noticias\/asi-deberan-funcionar-las-peluquerias-asturianas\/","title":{"rendered":"As\u00ed deber\u00e1n funcionar las peluquer\u00edas asturianas"},"content":{"rendered":"<p><img loading=\"lazy\" decoding=\"async\" class=\"alignleft size-medium wp-image-1064425\" src=\"https:\/\/www.eldigitaldeasturias.com\/noticias\/wp-content\/uploads\/2020\/05\/beauty-saloon-569111_640-360x240.jpg\" alt=\"\" width=\"360\" height=\"240\" srcset=\"https:\/\/www.eldigitaldeasturias.com\/noticias\/wp-content\/uploads\/2020\/05\/beauty-saloon-569111_640-360x240.jpg 360w, https:\/\/www.eldigitaldeasturias.com\/noticias\/wp-content\/uploads\/2020\/05\/beauty-saloon-569111_640-451x300.jpg 451w, https:\/\/www.eldigitaldeasturias.com\/noticias\/wp-content\/uploads\/2020\/05\/beauty-saloon-569111_640.jpg 640w\" sizes=\"auto, (max-width: 360px) 100vw, 360px\" \/>El <strong>Gobierno de Asturias<\/strong>, en colaboraci\u00f3n con<strong> empresas y profesionales del sector y los agentes sociales<\/strong>, ha elaborado un documento con orientaciones b\u00e1sicas en materia de <strong>seguridad y prevenci\u00f3n de riesgos frente al coronavirus para establecimientos de peluquer\u00eda y est\u00e9tica en las fases 0 y 1 del plan de desescalada<\/strong> hacia una nueva normalidad aprobado por el Ejecutivo central.<\/p>\n<p>La gu\u00eda, titulada Documento t\u00e9cnico orientativo para establecimientos de peluquer\u00eda y est\u00e9tica, se ha realizado teniendo en cuenta la normativa y recomendaciones de las autoridades sanitarias y ha contado con la supervisi\u00f3n de la Consejer\u00eda de Sanidad y del grupo de expertos encargado de planificar el proceso de transici\u00f3n en el Principado.<\/p>\n<p>El texto se basa en el principio general de m\u00e1xima protecci\u00f3n a profesionales y clientela del sector para lograr un entorno laboral seguro, atendiendo a las caracter\u00edsticas de una actividad que, por su singularidad, requiere de protocolos espec\u00edficos y prevenci\u00f3n de riesgos. <strong>Esta gu\u00eda de distribuir\u00e1 a todos los establecimientos del sector<\/strong> por las asociaciones profesionales, los sindicatos UGT y CC.OO. y la Federaci\u00f3n Asturiana de Empresarios (Fade) y estar\u00e1 disponible en el portal del Gobierno de Asturias sobre la COVID-19.<\/p>\n<h3><strong>El documento se estructura en los siguientes apartados:<\/strong><\/h3>\n<ul>\n<li>Informaci\u00f3n espec\u00edfica sobre las medidas preventivas recomendadas tanto para el personal como para la clientela.<\/li>\n<li>La necesidad de la cita previa para prestar servicios, tanto por su obligaci\u00f3n en la fase 0 de la desescalada como por la necesidad de mantener una distancia de dos metros entre clientela y aforos limitados en fases sucesivas, con lo que la cita ser\u00e1 imprescindible para evitar la aglomeraci\u00f3n y esperas.<\/li>\n<li>Las medidas y materiales de protecci\u00f3n para trabajadores y trabajadoras, as\u00ed como las normas de comportamiento en espacios comunes no utilizados por la clientela, como vestuarios o almacenes.<\/li>\n<li>Los protocolos de trabajo: los elementos de protecci\u00f3n que se entregar\u00e1n para la prestaci\u00f3n del servicio, la forma de recepci\u00f3n y el desarrollo y finalizaci\u00f3n de la actividad.<\/li>\n<li>Medidas relativas a la limpieza general de los salones, planificaci\u00f3n de tiempos y espacios, recepci\u00f3n de mercanc\u00eda y contacto con proveedores y servicios complementarios no realizados en cabina individual.<\/li>\n<\/ul>\n<p>El documento establece, con car\u00e1cter general, <strong>el uso obligatorio de mascarillas de tipo quir\u00fargico o similar durante toda la jornada de trabajo; la utilizaci\u00f3n de guantes y geles hidroalcoh\u00f3licos<\/strong>, as\u00ed como el lavado frecuente de manos y la desinfecci\u00f3n de espacios. Tambi\u00e9n incluye orientaciones para la desinfecci\u00f3n de uniformes y material usado en el servicio y la retirada de elementos no esenciales en las salas de espera de los establecimientos, tales como revistas, cafeteras y m\u00e1quinas de agua.<\/p>\n<p>&nbsp;<\/p>\n","protected":false},"excerpt":{"rendered":"<p>El Gobierno de Asturias, en colaboraci\u00f3n con empresas y profesionales del sector y los agentes sociales, ha elaborado un documento con orientaciones b\u00e1sicas en materia de seguridad y prevenci\u00f3n de riesgos frente al coronavirus para establecimientos de peluquer\u00eda y est\u00e9tica en las fases 0 y 1 del plan de desescalada hacia una nueva normalidad aprobado [&hellip;]<\/p>\n","protected":false},"author":1,"featured_media":1064425,"comment_status":"closed","ping_status":"closed","sticky":false,"template":"","format":"standard","meta":{"footnotes":""},"categories":[12,141],"tags":[],"class_list":["post-1064424","post","type-post","status-publish","format-standard","has-post-thumbnail","hentry","category-actualidad-asturias","category-destacadas"],"aioseo_notices":[],"aioseo_head":"\n\t\t<!-- All in One SEO Pro 4.9.6.2 - aioseo.com -->\n\t<meta name=\"description\" content=\"El Gobierno de Asturias, en colaboraci\u00f3n con empresas y profesionales del sector y los agentes sociales, ha elaborado un documento con orientaciones b\u00e1sicas en materia de seguridad y prevenci\u00f3n de riesgos frente al coronavirus para establecimientos de peluquer\u00eda y est\u00e9tica en las fases 0 y 1 del plan de desescalada hacia una nueva normalidad aprobado\" \/>\n\t<meta name=\"robots\" content=\"max-image-preview:large\" \/>\n\t<meta name=\"author\" content=\"El Digital de Asturias\"\/>\n\t<meta name=\"google-site-verification\" content=\"UA-38556648-1\" \/>\n\t<meta name=\"msvalidate.01\" content=\"7dfe9f3f1b24437ab69f4f2559babe99\" \/>\n\t<meta name=\"keywords\" content=\"actualidad asturias,destacadas\" \/>\n\t<link rel=\"canonical\" href=\"https:\/\/www.eldigitaldeasturias.com\/noticias\/asi-deberan-funcionar-las-peluquerias-asturianas\/\" \/>\n\t<meta name=\"generator\" content=\"All in One SEO Pro (AIOSEO) 4.9.6.2\" \/>\n\t\t<meta property=\"og:locale\" content=\"es_ES\" \/>\n\t\t<meta property=\"og:site_name\" content=\"El Digital de Asturias\" \/>\n\t\t<meta property=\"og:type\" content=\"article\" \/>\n\t\t<meta property=\"og:title\" content=\"As\u00ed deber\u00e1n funcionar las peluquer\u00edas asturianas - El Digital de Asturias\" \/>\n\t\t<meta property=\"og:description\" content=\"El Gobierno de Asturias, en colaboraci\u00f3n con empresas y profesionales del sector y los agentes sociales, ha elaborado un documento con orientaciones b\u00e1sicas en materia de seguridad y prevenci\u00f3n de riesgos frente al coronavirus para establecimientos de peluquer\u00eda y est\u00e9tica en las fases 0 y 1 del plan de desescalada hacia una nueva normalidad aprobado\" \/>\n\t\t<meta property=\"og:url\" content=\"https:\/\/www.eldigitaldeasturias.com\/noticias\/asi-deberan-funcionar-las-peluquerias-asturianas\/\" \/>\n\t\t<meta property=\"og:image\" content=\"https:\/\/www.eldigitaldeasturias.com\/noticias\/wp-content\/uploads\/2020\/05\/beauty-saloon-569111_640.jpg\" \/>\n\t\t<meta property=\"og:image:secure_url\" content=\"https:\/\/www.eldigitaldeasturias.com\/noticias\/wp-content\/uploads\/2020\/05\/beauty-saloon-569111_640.jpg\" \/>\n\t\t<meta property=\"og:image:width\" content=\"640\" \/>\n\t\t<meta property=\"og:image:height\" content=\"426\" \/>\n\t\t<meta property=\"article:tag\" content=\"actualidad asturias\" \/>\n\t\t<meta property=\"article:tag\" content=\"destacadas\" \/>\n\t\t<meta property=\"article:published_time\" content=\"2020-05-02T16:43:13+00:00\" \/>\n\t\t<meta property=\"article:modified_time\" content=\"2020-05-02T16:43:48+00:00\" \/>\n\t\t<meta property=\"article:publisher\" content=\"https:\/\/facebook.com\/eldigitaldeasturias\" \/>\n\t\t<meta name=\"twitter:card\" content=\"summary_large_image\" \/>\n\t\t<meta name=\"twitter:title\" content=\"As\u00ed deber\u00e1n funcionar las peluquer\u00edas asturianas - El Digital de Asturias\" \/>\n\t\t<meta name=\"twitter:description\" content=\"El Gobierno de Asturias, en colaboraci\u00f3n con empresas y profesionales del sector y los agentes sociales, ha elaborado un documento con orientaciones b\u00e1sicas en materia de seguridad y prevenci\u00f3n de riesgos frente al coronavirus para establecimientos de peluquer\u00eda y est\u00e9tica en las fases 0 y 1 del plan de desescalada hacia una nueva normalidad aprobado\" \/>\n\t\t<meta name=\"twitter:image\" content=\"https:\/\/www.eldigitaldeasturias.com\/noticias\/wp-content\/uploads\/2020\/05\/beauty-saloon-569111_640.jpg\" \/>\n\t\t<meta name=\"twitter:label1\" content=\"Escrito por\" \/>\n\t\t<meta name=\"twitter:data1\" content=\"El Digital de Asturias\" \/>\n\t\t<meta name=\"twitter:label2\" content=\"Tiempo de lectura estimado\" \/>\n\t\t<meta name=\"twitter:data2\" content=\"2 minutos\" \/>\n\t\t<script type=\"application\/ld+json\" class=\"aioseo-schema\">\n\t\t\t{\"@context\":\"https:\\\/\\\/schema.org\",\"@graph\":[{\"@type\":\"BlogPosting\",\"@id\":\"https:\\\/\\\/www.eldigitaldeasturias.com\\\/noticias\\\/asi-deberan-funcionar-las-peluquerias-asturianas\\\/#blogposting\",\"name\":\"As\\u00ed deber\\u00e1n funcionar las peluquer\\u00edas asturianas - El Digital de Asturias\",\"headline\":\"As\\u00ed deber\\u00e1n funcionar las peluquer\\u00edas asturianas\",\"author\":{\"@id\":\"https:\\\/\\\/www.eldigitaldeasturias.com\\\/noticias\\\/author\\\/admin\\\/#author\"},\"publisher\":{\"@id\":\"https:\\\/\\\/www.eldigitaldeasturias.com\\\/noticias\\\/#organization\"},\"image\":{\"@type\":\"ImageObject\",\"url\":\"https:\\\/\\\/www.eldigitaldeasturias.com\\\/noticias\\\/wp-content\\\/uploads\\\/2020\\\/05\\\/beauty-saloon-569111_640.jpg\",\"width\":640,\"height\":426},\"datePublished\":\"2020-05-02T16:43:13+02:00\",\"dateModified\":\"2020-05-02T16:43:48+02:00\",\"inLanguage\":\"es-ES\",\"mainEntityOfPage\":{\"@id\":\"https:\\\/\\\/www.eldigitaldeasturias.com\\\/noticias\\\/asi-deberan-funcionar-las-peluquerias-asturianas\\\/#webpage\"},\"isPartOf\":{\"@id\":\"https:\\\/\\\/www.eldigitaldeasturias.com\\\/noticias\\\/asi-deberan-funcionar-las-peluquerias-asturianas\\\/#webpage\"},\"articleSection\":\"Actualidad Asturias, Destacadas\"},{\"@type\":\"BreadcrumbList\",\"@id\":\"https:\\\/\\\/www.eldigitaldeasturias.com\\\/noticias\\\/asi-deberan-funcionar-las-peluquerias-asturianas\\\/#breadcrumblist\",\"itemListElement\":[{\"@type\":\"ListItem\",\"@id\":\"https:\\\/\\\/www.eldigitaldeasturias.com\\\/noticias#listItem\",\"position\":1,\"name\":\"Home\",\"item\":\"https:\\\/\\\/www.eldigitaldeasturias.com\\\/noticias\",\"nextItem\":{\"@type\":\"ListItem\",\"@id\":\"https:\\\/\\\/www.eldigitaldeasturias.com\\\/noticias\\\/category\\\/actualidad-asturias\\\/#listItem\",\"name\":\"Actualidad Asturias\"}},{\"@type\":\"ListItem\",\"@id\":\"https:\\\/\\\/www.eldigitaldeasturias.com\\\/noticias\\\/category\\\/actualidad-asturias\\\/#listItem\",\"position\":2,\"name\":\"Actualidad Asturias\",\"item\":\"https:\\\/\\\/www.eldigitaldeasturias.com\\\/noticias\\\/category\\\/actualidad-asturias\\\/\",\"nextItem\":{\"@type\":\"ListItem\",\"@id\":\"https:\\\/\\\/www.eldigitaldeasturias.com\\\/noticias\\\/asi-deberan-funcionar-las-peluquerias-asturianas\\\/#listItem\",\"name\":\"As\\u00ed deber\\u00e1n funcionar las peluquer\\u00edas asturianas\"},\"previousItem\":{\"@type\":\"ListItem\",\"@id\":\"https:\\\/\\\/www.eldigitaldeasturias.com\\\/noticias#listItem\",\"name\":\"Home\"}},{\"@type\":\"ListItem\",\"@id\":\"https:\\\/\\\/www.eldigitaldeasturias.com\\\/noticias\\\/asi-deberan-funcionar-las-peluquerias-asturianas\\\/#listItem\",\"position\":3,\"name\":\"As\\u00ed deber\\u00e1n funcionar las peluquer\\u00edas asturianas\",\"previousItem\":{\"@type\":\"ListItem\",\"@id\":\"https:\\\/\\\/www.eldigitaldeasturias.com\\\/noticias\\\/category\\\/actualidad-asturias\\\/#listItem\",\"name\":\"Actualidad Asturias\"}}]},{\"@type\":\"Organization\",\"@id\":\"https:\\\/\\\/www.eldigitaldeasturias.com\\\/noticias\\\/#organization\",\"name\":\"El Digital de Asturias\",\"description\":\"Hemeroteca\",\"url\":\"https:\\\/\\\/www.eldigitaldeasturias.com\\\/noticias\\\/\",\"email\":\"info@eldigitaldeasturias.com\",\"telephone\":\"+34652131393\",\"logo\":{\"@type\":\"ImageObject\",\"url\":\"https:\\\/\\\/www.eldigitaldeasturias.com\\\/noticias\\\/wp-content\\\/uploads\\\/2020\\\/12\\\/EDA.jpg\",\"@id\":\"https:\\\/\\\/www.eldigitaldeasturias.com\\\/noticias\\\/asi-deberan-funcionar-las-peluquerias-asturianas\\\/#organizationLogo\",\"width\":649,\"height\":297},\"image\":{\"@id\":\"https:\\\/\\\/www.eldigitaldeasturias.com\\\/noticias\\\/asi-deberan-funcionar-las-peluquerias-asturianas\\\/#organizationLogo\"},\"sameAs\":[\"https:\\\/\\\/facebook.com\\\/eldigitaldeasturias\",\"https:\\\/\\\/www.youtube.com\\\/channel\\\/UCZP-2wLEB9Rv6erhFmqVnvg\"],\"address\":{\"@id\":\"https:\\\/\\\/www.eldigitaldeasturias.com\\\/noticias\\\/#postaladdress\",\"@type\":\"PostalAddress\",\"streetAddress\":\"san antonio 4,\",\"postalCode\":\"33430\",\"addressLocality\":\"Cand\\u00e1s\",\"addressRegion\":\"Asturias\",\"addressCountry\":\"ES\"}},{\"@type\":\"Person\",\"@id\":\"https:\\\/\\\/www.eldigitaldeasturias.com\\\/noticias\\\/author\\\/admin\\\/#author\",\"url\":\"https:\\\/\\\/www.eldigitaldeasturias.com\\\/noticias\\\/author\\\/admin\\\/\",\"name\":\"El Digital de Asturias\",\"image\":{\"@type\":\"ImageObject\",\"@id\":\"https:\\\/\\\/www.eldigitaldeasturias.com\\\/noticias\\\/asi-deberan-funcionar-las-peluquerias-asturianas\\\/#authorImage\",\"url\":\"https:\\\/\\\/www.eldigitaldeasturias.com\\\/noticias\\\/wp-content\\\/litespeed\\\/avatar\\\/18677e78aa0546b92d9dbf31ec7d7668.jpg?ver=1777290358\",\"width\":96,\"height\":96,\"caption\":\"El Digital de Asturias\"}},{\"@type\":\"WebPage\",\"@id\":\"https:\\\/\\\/www.eldigitaldeasturias.com\\\/noticias\\\/asi-deberan-funcionar-las-peluquerias-asturianas\\\/#webpage\",\"url\":\"https:\\\/\\\/www.eldigitaldeasturias.com\\\/noticias\\\/asi-deberan-funcionar-las-peluquerias-asturianas\\\/\",\"name\":\"As\\u00ed deber\\u00e1n funcionar las peluquer\\u00edas asturianas - El Digital de Asturias\",\"description\":\"El Gobierno de Asturias, en colaboraci\\u00f3n con empresas y profesionales del sector y los agentes sociales, ha elaborado un documento con orientaciones b\\u00e1sicas en materia de seguridad y prevenci\\u00f3n de riesgos frente al coronavirus para establecimientos de peluquer\\u00eda y est\\u00e9tica en las fases 0 y 1 del plan de desescalada hacia una nueva normalidad aprobado\",\"inLanguage\":\"es-ES\",\"isPartOf\":{\"@id\":\"https:\\\/\\\/www.eldigitaldeasturias.com\\\/noticias\\\/#website\"},\"breadcrumb\":{\"@id\":\"https:\\\/\\\/www.eldigitaldeasturias.com\\\/noticias\\\/asi-deberan-funcionar-las-peluquerias-asturianas\\\/#breadcrumblist\"},\"author\":{\"@id\":\"https:\\\/\\\/www.eldigitaldeasturias.com\\\/noticias\\\/author\\\/admin\\\/#author\"},\"creator\":{\"@id\":\"https:\\\/\\\/www.eldigitaldeasturias.com\\\/noticias\\\/author\\\/admin\\\/#author\"},\"image\":{\"@type\":\"ImageObject\",\"url\":\"https:\\\/\\\/www.eldigitaldeasturias.com\\\/noticias\\\/wp-content\\\/uploads\\\/2020\\\/05\\\/beauty-saloon-569111_640.jpg\",\"@id\":\"https:\\\/\\\/www.eldigitaldeasturias.com\\\/noticias\\\/asi-deberan-funcionar-las-peluquerias-asturianas\\\/#mainImage\",\"width\":640,\"height\":426},\"primaryImageOfPage\":{\"@id\":\"https:\\\/\\\/www.eldigitaldeasturias.com\\\/noticias\\\/asi-deberan-funcionar-las-peluquerias-asturianas\\\/#mainImage\"},\"datePublished\":\"2020-05-02T16:43:13+02:00\",\"dateModified\":\"2020-05-02T16:43:48+02:00\"},{\"@type\":\"WebSite\",\"@id\":\"https:\\\/\\\/www.eldigitaldeasturias.com\\\/noticias\\\/#website\",\"url\":\"https:\\\/\\\/www.eldigitaldeasturias.com\\\/noticias\\\/\",\"name\":\"El Digital de Asturias - Diario de actualidad y noticias\",\"alternateName\":\"El Digital de Asturias - Diario de actualidad y noticias\",\"description\":\"Hemeroteca\",\"inLanguage\":\"es-ES\",\"publisher\":{\"@id\":\"https:\\\/\\\/www.eldigitaldeasturias.com\\\/noticias\\\/#organization\"}}]}\n\t\t<\/script>\n\t\t<!-- All in One SEO Pro -->\r\n\t\t<title>As\u00ed deber\u00e1n funcionar las peluquer\u00edas asturianas - El Digital de Asturias<\/title>\n\n","aioseo_head_json":{"title":"As\u00ed deber\u00e1n funcionar las peluquer\u00edas asturianas - El Digital de Asturias","description":"El Gobierno de Asturias, en colaboraci\u00f3n con empresas y profesionales del sector y los agentes sociales, ha elaborado un documento con orientaciones b\u00e1sicas en materia de seguridad y prevenci\u00f3n de riesgos frente al coronavirus para establecimientos de peluquer\u00eda y est\u00e9tica en las fases 0 y 1 del plan de desescalada hacia una nueva normalidad aprobado","canonical_url":"https:\/\/www.eldigitaldeasturias.com\/noticias\/asi-deberan-funcionar-las-peluquerias-asturianas\/","robots":"max-image-preview:large","keywords":"actualidad asturias,destacadas","webmasterTools":{"google-site-verification":"UA-38556648-1","msvalidate.01":"7dfe9f3f1b24437ab69f4f2559babe99","miscellaneous":""},"schema":{"@context":"https:\/\/schema.org","@graph":[{"@type":"BlogPosting","@id":"https:\/\/www.eldigitaldeasturias.com\/noticias\/asi-deberan-funcionar-las-peluquerias-asturianas\/#blogposting","name":"As\u00ed deber\u00e1n funcionar las peluquer\u00edas asturianas - El Digital de Asturias","headline":"As\u00ed deber\u00e1n funcionar las peluquer\u00edas asturianas","author":{"@id":"https:\/\/www.eldigitaldeasturias.com\/noticias\/author\/admin\/#author"},"publisher":{"@id":"https:\/\/www.eldigitaldeasturias.com\/noticias\/#organization"},"image":{"@type":"ImageObject","url":"https:\/\/www.eldigitaldeasturias.com\/noticias\/wp-content\/uploads\/2020\/05\/beauty-saloon-569111_640.jpg","width":640,"height":426},"datePublished":"2020-05-02T16:43:13+02:00","dateModified":"2020-05-02T16:43:48+02:00","inLanguage":"es-ES","mainEntityOfPage":{"@id":"https:\/\/www.eldigitaldeasturias.com\/noticias\/asi-deberan-funcionar-las-peluquerias-asturianas\/#webpage"},"isPartOf":{"@id":"https:\/\/www.eldigitaldeasturias.com\/noticias\/asi-deberan-funcionar-las-peluquerias-asturianas\/#webpage"},"articleSection":"Actualidad Asturias, Destacadas"},{"@type":"BreadcrumbList","@id":"https:\/\/www.eldigitaldeasturias.com\/noticias\/asi-deberan-funcionar-las-peluquerias-asturianas\/#breadcrumblist","itemListElement":[{"@type":"ListItem","@id":"https:\/\/www.eldigitaldeasturias.com\/noticias#listItem","position":1,"name":"Home","item":"https:\/\/www.eldigitaldeasturias.com\/noticias","nextItem":{"@type":"ListItem","@id":"https:\/\/www.eldigitaldeasturias.com\/noticias\/category\/actualidad-asturias\/#listItem","name":"Actualidad Asturias"}},{"@type":"ListItem","@id":"https:\/\/www.eldigitaldeasturias.com\/noticias\/category\/actualidad-asturias\/#listItem","position":2,"name":"Actualidad Asturias","item":"https:\/\/www.eldigitaldeasturias.com\/noticias\/category\/actualidad-asturias\/","nextItem":{"@type":"ListItem","@id":"https:\/\/www.eldigitaldeasturias.com\/noticias\/asi-deberan-funcionar-las-peluquerias-asturianas\/#listItem","name":"As\u00ed deber\u00e1n funcionar las peluquer\u00edas asturianas"},"previousItem":{"@type":"ListItem","@id":"https:\/\/www.eldigitaldeasturias.com\/noticias#listItem","name":"Home"}},{"@type":"ListItem","@id":"https:\/\/www.eldigitaldeasturias.com\/noticias\/asi-deberan-funcionar-las-peluquerias-asturianas\/#listItem","position":3,"name":"As\u00ed deber\u00e1n funcionar las peluquer\u00edas asturianas","previousItem":{"@type":"ListItem","@id":"https:\/\/www.eldigitaldeasturias.com\/noticias\/category\/actualidad-asturias\/#listItem","name":"Actualidad Asturias"}}]},{"@type":"Organization","@id":"https:\/\/www.eldigitaldeasturias.com\/noticias\/#organization","name":"El Digital de Asturias","description":"Hemeroteca","url":"https:\/\/www.eldigitaldeasturias.com\/noticias\/","email":"info@eldigitaldeasturias.com","telephone":"+34652131393","logo":{"@type":"ImageObject","url":"https:\/\/www.eldigitaldeasturias.com\/noticias\/wp-content\/uploads\/2020\/12\/EDA.jpg","@id":"https:\/\/www.eldigitaldeasturias.com\/noticias\/asi-deberan-funcionar-las-peluquerias-asturianas\/#organizationLogo","width":649,"height":297},"image":{"@id":"https:\/\/www.eldigitaldeasturias.com\/noticias\/asi-deberan-funcionar-las-peluquerias-asturianas\/#organizationLogo"},"sameAs":["https:\/\/facebook.com\/eldigitaldeasturias","https:\/\/www.youtube.com\/channel\/UCZP-2wLEB9Rv6erhFmqVnvg"],"address":{"@id":"https:\/\/www.eldigitaldeasturias.com\/noticias\/#postaladdress","@type":"PostalAddress","streetAddress":"san antonio 4,","postalCode":"33430","addressLocality":"Cand\u00e1s","addressRegion":"Asturias","addressCountry":"ES"}},{"@type":"Person","@id":"https:\/\/www.eldigitaldeasturias.com\/noticias\/author\/admin\/#author","url":"https:\/\/www.eldigitaldeasturias.com\/noticias\/author\/admin\/","name":"El Digital de Asturias","image":{"@type":"ImageObject","@id":"https:\/\/www.eldigitaldeasturias.com\/noticias\/asi-deberan-funcionar-las-peluquerias-asturianas\/#authorImage","url":"https:\/\/www.eldigitaldeasturias.com\/noticias\/wp-content\/litespeed\/avatar\/18677e78aa0546b92d9dbf31ec7d7668.jpg?ver=1777290358","width":96,"height":96,"caption":"El Digital de Asturias"}},{"@type":"WebPage","@id":"https:\/\/www.eldigitaldeasturias.com\/noticias\/asi-deberan-funcionar-las-peluquerias-asturianas\/#webpage","url":"https:\/\/www.eldigitaldeasturias.com\/noticias\/asi-deberan-funcionar-las-peluquerias-asturianas\/","name":"As\u00ed deber\u00e1n funcionar las peluquer\u00edas asturianas - El Digital de Asturias","description":"El Gobierno de Asturias, en colaboraci\u00f3n con empresas y profesionales del sector y los agentes sociales, ha elaborado un documento con orientaciones b\u00e1sicas en materia de seguridad y prevenci\u00f3n de riesgos frente al coronavirus para establecimientos de peluquer\u00eda y est\u00e9tica en las fases 0 y 1 del plan de desescalada hacia una nueva normalidad aprobado","inLanguage":"es-ES","isPartOf":{"@id":"https:\/\/www.eldigitaldeasturias.com\/noticias\/#website"},"breadcrumb":{"@id":"https:\/\/www.eldigitaldeasturias.com\/noticias\/asi-deberan-funcionar-las-peluquerias-asturianas\/#breadcrumblist"},"author":{"@id":"https:\/\/www.eldigitaldeasturias.com\/noticias\/author\/admin\/#author"},"creator":{"@id":"https:\/\/www.eldigitaldeasturias.com\/noticias\/author\/admin\/#author"},"image":{"@type":"ImageObject","url":"https:\/\/www.eldigitaldeasturias.com\/noticias\/wp-content\/uploads\/2020\/05\/beauty-saloon-569111_640.jpg","@id":"https:\/\/www.eldigitaldeasturias.com\/noticias\/asi-deberan-funcionar-las-peluquerias-asturianas\/#mainImage","width":640,"height":426},"primaryImageOfPage":{"@id":"https:\/\/www.eldigitaldeasturias.com\/noticias\/asi-deberan-funcionar-las-peluquerias-asturianas\/#mainImage"},"datePublished":"2020-05-02T16:43:13+02:00","dateModified":"2020-05-02T16:43:48+02:00"},{"@type":"WebSite","@id":"https:\/\/www.eldigitaldeasturias.com\/noticias\/#website","url":"https:\/\/www.eldigitaldeasturias.com\/noticias\/","name":"El Digital de Asturias - Diario de actualidad y noticias","alternateName":"El Digital de Asturias - Diario de actualidad y noticias","description":"Hemeroteca","inLanguage":"es-ES","publisher":{"@id":"https:\/\/www.eldigitaldeasturias.com\/noticias\/#organization"}}]},"og:locale":"es_ES","og:site_name":"El Digital de Asturias","og:type":"article","og:title":"As\u00ed deber\u00e1n funcionar las peluquer\u00edas asturianas - El Digital de Asturias","og:description":"El Gobierno de Asturias, en colaboraci\u00f3n con empresas y profesionales del sector y los agentes sociales, ha elaborado un documento con orientaciones b\u00e1sicas en materia de seguridad y prevenci\u00f3n de riesgos frente al coronavirus para establecimientos de peluquer\u00eda y est\u00e9tica en las fases 0 y 1 del plan de desescalada hacia una nueva normalidad aprobado","og:url":"https:\/\/www.eldigitaldeasturias.com\/noticias\/asi-deberan-funcionar-las-peluquerias-asturianas\/","og:image":"https:\/\/www.eldigitaldeasturias.com\/noticias\/wp-content\/uploads\/2020\/05\/beauty-saloon-569111_640.jpg","og:image:secure_url":"https:\/\/www.eldigitaldeasturias.com\/noticias\/wp-content\/uploads\/2020\/05\/beauty-saloon-569111_640.jpg","og:image:width":640,"og:image:height":426,"article:tag":["actualidad asturias","destacadas"],"article:published_time":"2020-05-02T16:43:13+00:00","article:modified_time":"2020-05-02T16:43:48+00:00","article:publisher":"https:\/\/facebook.com\/eldigitaldeasturias","twitter:card":"summary_large_image","twitter:title":"As\u00ed deber\u00e1n funcionar las peluquer\u00edas asturianas - El Digital de Asturias","twitter:description":"El Gobierno de Asturias, en colaboraci\u00f3n con empresas y profesionales del sector y los agentes sociales, ha elaborado un documento con orientaciones b\u00e1sicas en materia de seguridad y prevenci\u00f3n de riesgos frente al coronavirus para establecimientos de peluquer\u00eda y est\u00e9tica en las fases 0 y 1 del plan de desescalada hacia una nueva normalidad aprobado","twitter:image":"https:\/\/www.eldigitaldeasturias.com\/noticias\/wp-content\/uploads\/2020\/05\/beauty-saloon-569111_640.jpg","twitter:label1":"Escrito por","twitter:data1":"El Digital de Asturias","twitter:label2":"Tiempo de lectura estimado","twitter:data2":"2 minutos"},"aioseo_meta_data":{"post_id":"1064424","title":null,"description":null,"keywords":null,"keyphrases":null,"primary_term":null,"canonical_url":null,"og_title":null,"og_description":null,"og_object_type":"default","og_image_type":"default","og_image_url":null,"og_image_width":null,"og_image_height":null,"og_image_custom_url":null,"og_image_custom_fields":null,"og_video":null,"og_custom_url":null,"og_article_section":null,"og_article_tags":null,"twitter_use_og":false,"twitter_card":"default","twitter_image_type":"default","twitter_image_url":null,"twitter_image_custom_url":null,"twitter_image_custom_fields":null,"twitter_title":null,"twitter_description":null,"schema":{"blockGraphs":[],"customGraphs":[],"default":{"data":{"Article":[],"Course":[],"Dataset":[],"FAQPage":[],"Movie":[],"Person":[],"Product":[],"ProductReview":[],"Car":[],"Recipe":[],"Service":[],"SoftwareApplication":[],"WebPage":[]},"graphName":"","isEnabled":true},"graphs":[],"defaultGraph":"","defaultPostTypeGraph":""},"schema_type":null,"schema_type_options":null,"pillar_content":false,"robots_default":true,"robots_noindex":false,"robots_noarchive":false,"robots_nosnippet":false,"robots_nofollow":false,"robots_noimageindex":false,"robots_noodp":false,"robots_notranslate":false,"robots_max_snippet":null,"robots_max_videopreview":null,"robots_max_imagepreview":"large","priority":null,"frequency":null,"local_seo":null,"seo_analyzer_scan_date":"2025-09-12 09:12:50","breadcrumb_settings":null,"limit_modified_date":false,"open_ai":null,"ai":null,"created":"2020-12-21 10:50:13","updated":"2025-09-12 09:12:50"},"aioseo_breadcrumb":"<div class=\"aioseo-breadcrumbs\"><span class=\"aioseo-breadcrumb\">\n\t<a href=\"https:\/\/www.eldigitaldeasturias.com\/noticias\" title=\"Home\">Home<\/a>\n<\/span><span class=\"aioseo-breadcrumb-separator\">\u2013<\/span><span class=\"aioseo-breadcrumb\">\n\t<a href=\"https:\/\/www.eldigitaldeasturias.com\/noticias\/category\/actualidad-asturias\/\" title=\"Actualidad Asturias\">Actualidad Asturias<\/a>\n<\/span><span class=\"aioseo-breadcrumb-separator\">\u2013<\/span><span class=\"aioseo-breadcrumb\">\n\t<a href=\"https:\/\/www.eldigitaldeasturias.com\/noticias\/asi-deberan-funcionar-las-peluquerias-asturianas\/\" title=\"As\u00ed deber\u00e1n funcionar las peluquer\u00edas asturianas\">As\u00ed deber\u00e1n funcionar las peluquer\u00edas asturianas<\/a>\n<\/span><\/div>","aioseo_breadcrumb_json":[{"label":"Home","link":"https:\/\/www.eldigitaldeasturias.com\/noticias"},{"label":"Actualidad Asturias","link":"https:\/\/www.eldigitaldeasturias.com\/noticias\/category\/actualidad-asturias\/"},{"label":"As\u00ed deber\u00e1n funcionar las peluquer\u00edas asturianas","link":"https:\/\/www.eldigitaldeasturias.com\/noticias\/asi-deberan-funcionar-las-peluquerias-asturianas\/"}],"_links":{"self":[{"href":"https:\/\/www.eldigitaldeasturias.com\/noticias\/wp-json\/wp\/v2\/posts\/1064424","targetHints":{"allow":["GET"]}}],"collection":[{"href":"https:\/\/www.eldigitaldeasturias.com\/noticias\/wp-json\/wp\/v2\/posts"}],"about":[{"href":"https:\/\/www.eldigitaldeasturias.com\/noticias\/wp-json\/wp\/v2\/types\/post"}],"author":[{"embeddable":true,"href":"https:\/\/www.eldigitaldeasturias.com\/noticias\/wp-json\/wp\/v2\/users\/1"}],"replies":[{"embeddable":true,"href":"https:\/\/www.eldigitaldeasturias.com\/noticias\/wp-json\/wp\/v2\/comments?post=1064424"}],"version-history":[{"count":0,"href":"https:\/\/www.eldigitaldeasturias.com\/noticias\/wp-json\/wp\/v2\/posts\/1064424\/revisions"}],"wp:featuredmedia":[{"embeddable":true,"href":"https:\/\/www.eldigitaldeasturias.com\/noticias\/wp-json\/wp\/v2\/media\/1064425"}],"wp:attachment":[{"href":"https:\/\/www.eldigitaldeasturias.com\/noticias\/wp-json\/wp\/v2\/media?parent=1064424"}],"wp:term":[{"taxonomy":"category","embeddable":true,"href":"https:\/\/www.eldigitaldeasturias.com\/noticias\/wp-json\/wp\/v2\/categories?post=1064424"},{"taxonomy":"post_tag","embeddable":true,"href":"https:\/\/www.eldigitaldeasturias.com\/noticias\/wp-json\/wp\/v2\/tags?post=1064424"}],"curies":[{"name":"wp","href":"https:\/\/api.w.org\/{rel}","templated":true}]}}