{"id":1064369,"date":"2020-05-01T09:20:25","date_gmt":"2020-05-01T09:20:25","guid":{"rendered":"https:\/\/www.eldigitaldeasturias.com\/noticias\/?p=1064369"},"modified":"2020-05-01T09:20:53","modified_gmt":"2020-05-01T09:20:53","slug":"incendio-en-un-edificio-de-riano","status":"publish","type":"post","link":"https:\/\/www.eldigitaldeasturias.com\/noticias\/incendio-en-un-edificio-de-riano\/","title":{"rendered":"Incendio en un edificio de Ria\u00f1o"},"content":{"rendered":"<figure id=\"attachment_1064370\" aria-describedby=\"caption-attachment-1064370\" style=\"width: 360px\" class=\"wp-caption alignleft\"><img loading=\"lazy\" decoding=\"async\" class=\"size-medium wp-image-1064370\" src=\"https:\/\/www.eldigitaldeasturias.com\/noticias\/wp-content\/uploads\/2020\/05\/Incendio-Langreo-360x271.jpg\" alt=\"\" width=\"360\" height=\"271\" srcset=\"https:\/\/www.eldigitaldeasturias.com\/noticias\/wp-content\/uploads\/2020\/05\/Incendio-Langreo-360x271.jpg 360w, https:\/\/www.eldigitaldeasturias.com\/noticias\/wp-content\/uploads\/2020\/05\/Incendio-Langreo-638x480.jpg 638w, https:\/\/www.eldigitaldeasturias.com\/noticias\/wp-content\/uploads\/2020\/05\/Incendio-Langreo-399x300.jpg 399w, https:\/\/www.eldigitaldeasturias.com\/noticias\/wp-content\/uploads\/2020\/05\/Incendio-Langreo-768x578.jpg 768w, https:\/\/www.eldigitaldeasturias.com\/noticias\/wp-content\/uploads\/2020\/05\/Incendio-Langreo-1024x771.jpg 1024w, https:\/\/www.eldigitaldeasturias.com\/noticias\/wp-content\/uploads\/2020\/05\/Incendio-Langreo.jpg 1083w\" sizes=\"auto, (max-width: 360px) 100vw, 360px\" \/><figcaption id=\"caption-attachment-1064370\" class=\"wp-caption-text\">FOTO SEPA<\/figcaption><\/figure>\n<p><strong>Tres personas han resultado afectadas leves por inhalaci\u00f3n de humo<\/strong> en el incendio registrado en una vivienda situada en la segunda planta, de un inmueble de cinco alturas, ubicado en la calle Manzana de Cobranes, n\u00famero 21, en Ria\u00f1o, Langreo.<\/p>\n<p>Seg\u00fan los datos facilitados por el Servicio de Atenci\u00f3n M\u00e9dica Urgente (SAMU) los tres afectados, <strong>dos varones de 55 y 23 a\u00f1os y una mujer de 52<\/strong>, fueron atendidos en el lugar del incidente por el equipo m\u00e9dico de la UVI-m\u00f3vil de Langreo que posteriormente los traslad\u00f3, por precauci\u00f3n, al <strong>Hospital Valle del Nal\u00f3n<\/strong>. A expensas de m\u00e1s pruebas y hasta nueva valoraci\u00f3n m\u00e9dica presentaban pron\u00f3stico leve por inhalaci\u00f3n de humo.<\/p>\n<p>El incendio calcin\u00f3 una habitaci\u00f3n del piso y el resto de la vivienda result\u00f3 afectada por el calor y el humo. La polic\u00eda local procedi\u00f3 a desalojar a los inquilinos del inmueble, unas 40 personas de una veintena de viviendas.<\/p>\n<p>El <strong>Centro de Coordinaci\u00f3n de Emergencias del 112 Asturias<\/strong> recibi\u00f3 varias llamadas alertando del incendio, la primera a las 07.23 horas. En ellas indicaban que se hab\u00eda incendiado una habitaci\u00f3n y sal\u00eda mucho humo. <strong>Se trataba de una vivienda situada en el segundo piso de un inmueble de cinco alturas<\/strong>.<\/p>\n<p>La Sala 112 del SEPA moviliz\u00f3 a afectivos de Bomberos del SEPA (Servicio de Emergencias del Principado de Asturias) con base en los parques de San Mart\u00edn del Rey Aurelio, La Morgal, Mieres y Proaza y al jefe de zona centro. Adem\u00e1s, se comunic\u00f3 lo sucedido a la Polic\u00eda Local y Nacional y al SAMU que envi\u00f3 el equipo m\u00e9dico de la UVI-m\u00f3vil de Langreo.<\/p>\n<p>A las 08.00 el jefe de zona solicita que se anule la intervenci\u00f3n de los bomberos de Mieres y Proaza ya que el incendio est\u00e1 controlado.<\/p>\n<p>Tras extinguir el fuego, ventilar y desescombrar los bomberos revisaron el resto de viviendas del inmueble antes de permitir a los inquilinos regresar a sus casas.<\/p>\n<p>Al lugar acudi\u00f3 tambi\u00e9n el arquitecto municipal para valorar los da\u00f1os estructurales tanto en el piso afectado como en el inmediatamente superior e inferior y si sus inquilinos pod\u00edan regresar a estas viviendas. Seg\u00fan comunicaron posteriormente, excepto el piso incendiado, el inferior y el superior son habitables por lo que sus inquilinos, como ya hab\u00edan hecho el resto de vecinos del inmueble, pueden tambi\u00e9n regresar a sus casas.<\/p>\n<p>En el lugar estuvieron trabajando en las labores de extinci\u00f3n, junto al jefe de zona, siete efectivos que desplazaron al incidente dos autoescaleras, dos autobombas urbanas, una autobomba nodriza, un furg\u00f3n multisocorro y un veh\u00edculo de mando.<\/p>\n<p>&nbsp;<\/p>\n<p>&nbsp;<\/p>\n","protected":false},"excerpt":{"rendered":"<p>Tres personas han resultado afectadas leves por inhalaci\u00f3n de humo en el incendio registrado en una vivienda situada en la segunda planta, de un inmueble de cinco alturas, ubicado en la calle Manzana de Cobranes, n\u00famero 21, en Ria\u00f1o, Langreo. Seg\u00fan los datos facilitados por el Servicio de Atenci\u00f3n M\u00e9dica Urgente (SAMU) los tres afectados, [&hellip;]<\/p>\n","protected":false},"author":1,"featured_media":1064370,"comment_status":"closed","ping_status":"closed","sticky":false,"template":"","format":"standard","meta":{"footnotes":""},"categories":[141,5],"tags":[],"class_list":["post-1064369","post","type-post","status-publish","format-standard","has-post-thumbnail","hentry","category-destacadas","category-sucesos"],"aioseo_notices":[],"aioseo_head":"\n\t\t<!-- All in One SEO Pro 4.9.6.2 - aioseo.com -->\n\t<meta name=\"description\" content=\"Tres personas han resultado afectadas leves por inhalaci\u00f3n de humo en el incendio registrado en una vivienda situada en la segunda planta, de un inmueble de cinco alturas, ubicado en la calle Manzana de Cobranes, n\u00famero 21, en Ria\u00f1o, Langreo. Seg\u00fan los datos facilitados por el Servicio de Atenci\u00f3n M\u00e9dica Urgente (SAMU) los tres afectados,\" \/>\n\t<meta name=\"robots\" content=\"max-image-preview:large\" \/>\n\t<meta name=\"author\" content=\"El Digital de Asturias\"\/>\n\t<meta name=\"google-site-verification\" content=\"UA-38556648-1\" \/>\n\t<meta name=\"msvalidate.01\" content=\"7dfe9f3f1b24437ab69f4f2559babe99\" \/>\n\t<meta name=\"keywords\" content=\"destacadas,sucesos\" \/>\n\t<link rel=\"canonical\" href=\"https:\/\/www.eldigitaldeasturias.com\/noticias\/incendio-en-un-edificio-de-riano\/\" \/>\n\t<meta name=\"generator\" content=\"All in One SEO Pro (AIOSEO) 4.9.6.2\" \/>\n\t\t<meta property=\"og:locale\" content=\"es_ES\" \/>\n\t\t<meta property=\"og:site_name\" content=\"El Digital de Asturias\" \/>\n\t\t<meta property=\"og:type\" content=\"article\" \/>\n\t\t<meta property=\"og:title\" content=\"Incendio en un edificio de Ria\u00f1o - El Digital de Asturias\" \/>\n\t\t<meta property=\"og:description\" content=\"Tres personas han resultado afectadas leves por inhalaci\u00f3n de humo en el incendio registrado en una vivienda situada en la segunda planta, de un inmueble de cinco alturas, ubicado en la calle Manzana de Cobranes, n\u00famero 21, en Ria\u00f1o, Langreo. Seg\u00fan los datos facilitados por el Servicio de Atenci\u00f3n M\u00e9dica Urgente (SAMU) los tres afectados,\" \/>\n\t\t<meta property=\"og:url\" content=\"https:\/\/www.eldigitaldeasturias.com\/noticias\/incendio-en-un-edificio-de-riano\/\" \/>\n\t\t<meta property=\"og:image\" content=\"https:\/\/www.eldigitaldeasturias.com\/noticias\/wp-content\/uploads\/2020\/05\/Incendio-Langreo.jpg\" \/>\n\t\t<meta property=\"og:image:secure_url\" content=\"https:\/\/www.eldigitaldeasturias.com\/noticias\/wp-content\/uploads\/2020\/05\/Incendio-Langreo.jpg\" \/>\n\t\t<meta property=\"og:image:width\" content=\"1083\" \/>\n\t\t<meta property=\"og:image:height\" content=\"815\" \/>\n\t\t<meta property=\"article:tag\" content=\"destacadas\" \/>\n\t\t<meta property=\"article:tag\" content=\"sucesos\" \/>\n\t\t<meta property=\"article:published_time\" content=\"2020-05-01T09:20:25+00:00\" \/>\n\t\t<meta property=\"article:modified_time\" content=\"2020-05-01T09:20:53+00:00\" \/>\n\t\t<meta property=\"article:publisher\" content=\"https:\/\/facebook.com\/eldigitaldeasturias\" \/>\n\t\t<meta name=\"twitter:card\" content=\"summary_large_image\" \/>\n\t\t<meta name=\"twitter:title\" content=\"Incendio en un edificio de Ria\u00f1o - El Digital de Asturias\" \/>\n\t\t<meta name=\"twitter:description\" content=\"Tres personas han resultado afectadas leves por inhalaci\u00f3n de humo en el incendio registrado en una vivienda situada en la segunda planta, de un inmueble de cinco alturas, ubicado en la calle Manzana de Cobranes, n\u00famero 21, en Ria\u00f1o, Langreo. Seg\u00fan los datos facilitados por el Servicio de Atenci\u00f3n M\u00e9dica Urgente (SAMU) los tres afectados,\" \/>\n\t\t<meta name=\"twitter:image\" content=\"https:\/\/www.eldigitaldeasturias.com\/noticias\/wp-content\/uploads\/2020\/05\/Incendio-Langreo.jpg\" \/>\n\t\t<meta name=\"twitter:label1\" content=\"Escrito por\" \/>\n\t\t<meta name=\"twitter:data1\" content=\"El Digital de Asturias\" \/>\n\t\t<meta name=\"twitter:label2\" content=\"Tiempo de lectura estimado\" \/>\n\t\t<meta name=\"twitter:data2\" content=\"2 minutos\" \/>\n\t\t<script type=\"application\/ld+json\" class=\"aioseo-schema\">\n\t\t\t{\"@context\":\"https:\\\/\\\/schema.org\",\"@graph\":[{\"@type\":\"BlogPosting\",\"@id\":\"https:\\\/\\\/www.eldigitaldeasturias.com\\\/noticias\\\/incendio-en-un-edificio-de-riano\\\/#blogposting\",\"name\":\"Incendio en un edificio de Ria\\u00f1o - El Digital de Asturias\",\"headline\":\"Incendio en un edificio de Ria\\u00f1o\",\"author\":{\"@id\":\"https:\\\/\\\/www.eldigitaldeasturias.com\\\/noticias\\\/author\\\/admin\\\/#author\"},\"publisher\":{\"@id\":\"https:\\\/\\\/www.eldigitaldeasturias.com\\\/noticias\\\/#organization\"},\"image\":{\"@type\":\"ImageObject\",\"url\":\"https:\\\/\\\/www.eldigitaldeasturias.com\\\/noticias\\\/wp-content\\\/uploads\\\/2020\\\/05\\\/Incendio-Langreo.jpg\",\"width\":1083,\"height\":815,\"caption\":\"FOTO SEPA\"},\"datePublished\":\"2020-05-01T09:20:25+02:00\",\"dateModified\":\"2020-05-01T09:20:53+02:00\",\"inLanguage\":\"es-ES\",\"mainEntityOfPage\":{\"@id\":\"https:\\\/\\\/www.eldigitaldeasturias.com\\\/noticias\\\/incendio-en-un-edificio-de-riano\\\/#webpage\"},\"isPartOf\":{\"@id\":\"https:\\\/\\\/www.eldigitaldeasturias.com\\\/noticias\\\/incendio-en-un-edificio-de-riano\\\/#webpage\"},\"articleSection\":\"Destacadas, Sucesos\"},{\"@type\":\"BreadcrumbList\",\"@id\":\"https:\\\/\\\/www.eldigitaldeasturias.com\\\/noticias\\\/incendio-en-un-edificio-de-riano\\\/#breadcrumblist\",\"itemListElement\":[{\"@type\":\"ListItem\",\"@id\":\"https:\\\/\\\/www.eldigitaldeasturias.com\\\/noticias#listItem\",\"position\":1,\"name\":\"Home\",\"item\":\"https:\\\/\\\/www.eldigitaldeasturias.com\\\/noticias\",\"nextItem\":{\"@type\":\"ListItem\",\"@id\":\"https:\\\/\\\/www.eldigitaldeasturias.com\\\/noticias\\\/category\\\/sucesos\\\/#listItem\",\"name\":\"Sucesos\"}},{\"@type\":\"ListItem\",\"@id\":\"https:\\\/\\\/www.eldigitaldeasturias.com\\\/noticias\\\/category\\\/sucesos\\\/#listItem\",\"position\":2,\"name\":\"Sucesos\",\"item\":\"https:\\\/\\\/www.eldigitaldeasturias.com\\\/noticias\\\/category\\\/sucesos\\\/\",\"nextItem\":{\"@type\":\"ListItem\",\"@id\":\"https:\\\/\\\/www.eldigitaldeasturias.com\\\/noticias\\\/incendio-en-un-edificio-de-riano\\\/#listItem\",\"name\":\"Incendio en un edificio de Ria\\u00f1o\"},\"previousItem\":{\"@type\":\"ListItem\",\"@id\":\"https:\\\/\\\/www.eldigitaldeasturias.com\\\/noticias#listItem\",\"name\":\"Home\"}},{\"@type\":\"ListItem\",\"@id\":\"https:\\\/\\\/www.eldigitaldeasturias.com\\\/noticias\\\/incendio-en-un-edificio-de-riano\\\/#listItem\",\"position\":3,\"name\":\"Incendio en un edificio de Ria\\u00f1o\",\"previousItem\":{\"@type\":\"ListItem\",\"@id\":\"https:\\\/\\\/www.eldigitaldeasturias.com\\\/noticias\\\/category\\\/sucesos\\\/#listItem\",\"name\":\"Sucesos\"}}]},{\"@type\":\"Organization\",\"@id\":\"https:\\\/\\\/www.eldigitaldeasturias.com\\\/noticias\\\/#organization\",\"name\":\"El Digital de Asturias\",\"description\":\"Hemeroteca\",\"url\":\"https:\\\/\\\/www.eldigitaldeasturias.com\\\/noticias\\\/\",\"email\":\"info@eldigitaldeasturias.com\",\"telephone\":\"+34652131393\",\"logo\":{\"@type\":\"ImageObject\",\"url\":\"https:\\\/\\\/www.eldigitaldeasturias.com\\\/noticias\\\/wp-content\\\/uploads\\\/2020\\\/12\\\/EDA.jpg\",\"@id\":\"https:\\\/\\\/www.eldigitaldeasturias.com\\\/noticias\\\/incendio-en-un-edificio-de-riano\\\/#organizationLogo\",\"width\":649,\"height\":297},\"image\":{\"@id\":\"https:\\\/\\\/www.eldigitaldeasturias.com\\\/noticias\\\/incendio-en-un-edificio-de-riano\\\/#organizationLogo\"},\"sameAs\":[\"https:\\\/\\\/facebook.com\\\/eldigitaldeasturias\",\"https:\\\/\\\/www.youtube.com\\\/channel\\\/UCZP-2wLEB9Rv6erhFmqVnvg\"],\"address\":{\"@id\":\"https:\\\/\\\/www.eldigitaldeasturias.com\\\/noticias\\\/#postaladdress\",\"@type\":\"PostalAddress\",\"streetAddress\":\"san antonio 4,\",\"postalCode\":\"33430\",\"addressLocality\":\"Cand\\u00e1s\",\"addressRegion\":\"Asturias\",\"addressCountry\":\"ES\"}},{\"@type\":\"Person\",\"@id\":\"https:\\\/\\\/www.eldigitaldeasturias.com\\\/noticias\\\/author\\\/admin\\\/#author\",\"url\":\"https:\\\/\\\/www.eldigitaldeasturias.com\\\/noticias\\\/author\\\/admin\\\/\",\"name\":\"El Digital de Asturias\",\"image\":{\"@type\":\"ImageObject\",\"@id\":\"https:\\\/\\\/www.eldigitaldeasturias.com\\\/noticias\\\/incendio-en-un-edificio-de-riano\\\/#authorImage\",\"url\":\"https:\\\/\\\/www.eldigitaldeasturias.com\\\/noticias\\\/wp-content\\\/litespeed\\\/avatar\\\/18677e78aa0546b92d9dbf31ec7d7668.jpg?ver=1777290358\",\"width\":96,\"height\":96,\"caption\":\"El Digital de Asturias\"}},{\"@type\":\"WebPage\",\"@id\":\"https:\\\/\\\/www.eldigitaldeasturias.com\\\/noticias\\\/incendio-en-un-edificio-de-riano\\\/#webpage\",\"url\":\"https:\\\/\\\/www.eldigitaldeasturias.com\\\/noticias\\\/incendio-en-un-edificio-de-riano\\\/\",\"name\":\"Incendio en un edificio de Ria\\u00f1o - El Digital de Asturias\",\"description\":\"Tres personas han resultado afectadas leves por inhalaci\\u00f3n de humo en el incendio registrado en una vivienda situada en la segunda planta, de un inmueble de cinco alturas, ubicado en la calle Manzana de Cobranes, n\\u00famero 21, en Ria\\u00f1o, Langreo. Seg\\u00fan los datos facilitados por el Servicio de Atenci\\u00f3n M\\u00e9dica Urgente (SAMU) los tres afectados,\",\"inLanguage\":\"es-ES\",\"isPartOf\":{\"@id\":\"https:\\\/\\\/www.eldigitaldeasturias.com\\\/noticias\\\/#website\"},\"breadcrumb\":{\"@id\":\"https:\\\/\\\/www.eldigitaldeasturias.com\\\/noticias\\\/incendio-en-un-edificio-de-riano\\\/#breadcrumblist\"},\"author\":{\"@id\":\"https:\\\/\\\/www.eldigitaldeasturias.com\\\/noticias\\\/author\\\/admin\\\/#author\"},\"creator\":{\"@id\":\"https:\\\/\\\/www.eldigitaldeasturias.com\\\/noticias\\\/author\\\/admin\\\/#author\"},\"image\":{\"@type\":\"ImageObject\",\"url\":\"https:\\\/\\\/www.eldigitaldeasturias.com\\\/noticias\\\/wp-content\\\/uploads\\\/2020\\\/05\\\/Incendio-Langreo.jpg\",\"@id\":\"https:\\\/\\\/www.eldigitaldeasturias.com\\\/noticias\\\/incendio-en-un-edificio-de-riano\\\/#mainImage\",\"width\":1083,\"height\":815,\"caption\":\"FOTO SEPA\"},\"primaryImageOfPage\":{\"@id\":\"https:\\\/\\\/www.eldigitaldeasturias.com\\\/noticias\\\/incendio-en-un-edificio-de-riano\\\/#mainImage\"},\"datePublished\":\"2020-05-01T09:20:25+02:00\",\"dateModified\":\"2020-05-01T09:20:53+02:00\"},{\"@type\":\"WebSite\",\"@id\":\"https:\\\/\\\/www.eldigitaldeasturias.com\\\/noticias\\\/#website\",\"url\":\"https:\\\/\\\/www.eldigitaldeasturias.com\\\/noticias\\\/\",\"name\":\"El Digital de Asturias - Diario de actualidad y noticias\",\"alternateName\":\"El Digital de Asturias - Diario de actualidad y noticias\",\"description\":\"Hemeroteca\",\"inLanguage\":\"es-ES\",\"publisher\":{\"@id\":\"https:\\\/\\\/www.eldigitaldeasturias.com\\\/noticias\\\/#organization\"}}]}\n\t\t<\/script>\n\t\t<!-- All in One SEO Pro -->\r\n\t\t<title>Incendio en un edificio de Ria\u00f1o - El Digital de Asturias<\/title>\n\n","aioseo_head_json":{"title":"Incendio en un edificio de Ria\u00f1o - El Digital de Asturias","description":"Tres personas han resultado afectadas leves por inhalaci\u00f3n de humo en el incendio registrado en una vivienda situada en la segunda planta, de un inmueble de cinco alturas, ubicado en la calle Manzana de Cobranes, n\u00famero 21, en Ria\u00f1o, Langreo. Seg\u00fan los datos facilitados por el Servicio de Atenci\u00f3n M\u00e9dica Urgente (SAMU) los tres afectados,","canonical_url":"https:\/\/www.eldigitaldeasturias.com\/noticias\/incendio-en-un-edificio-de-riano\/","robots":"max-image-preview:large","keywords":"destacadas,sucesos","webmasterTools":{"google-site-verification":"UA-38556648-1","msvalidate.01":"7dfe9f3f1b24437ab69f4f2559babe99","miscellaneous":""},"schema":{"@context":"https:\/\/schema.org","@graph":[{"@type":"BlogPosting","@id":"https:\/\/www.eldigitaldeasturias.com\/noticias\/incendio-en-un-edificio-de-riano\/#blogposting","name":"Incendio en un edificio de Ria\u00f1o - El Digital de Asturias","headline":"Incendio en un edificio de Ria\u00f1o","author":{"@id":"https:\/\/www.eldigitaldeasturias.com\/noticias\/author\/admin\/#author"},"publisher":{"@id":"https:\/\/www.eldigitaldeasturias.com\/noticias\/#organization"},"image":{"@type":"ImageObject","url":"https:\/\/www.eldigitaldeasturias.com\/noticias\/wp-content\/uploads\/2020\/05\/Incendio-Langreo.jpg","width":1083,"height":815,"caption":"FOTO SEPA"},"datePublished":"2020-05-01T09:20:25+02:00","dateModified":"2020-05-01T09:20:53+02:00","inLanguage":"es-ES","mainEntityOfPage":{"@id":"https:\/\/www.eldigitaldeasturias.com\/noticias\/incendio-en-un-edificio-de-riano\/#webpage"},"isPartOf":{"@id":"https:\/\/www.eldigitaldeasturias.com\/noticias\/incendio-en-un-edificio-de-riano\/#webpage"},"articleSection":"Destacadas, Sucesos"},{"@type":"BreadcrumbList","@id":"https:\/\/www.eldigitaldeasturias.com\/noticias\/incendio-en-un-edificio-de-riano\/#breadcrumblist","itemListElement":[{"@type":"ListItem","@id":"https:\/\/www.eldigitaldeasturias.com\/noticias#listItem","position":1,"name":"Home","item":"https:\/\/www.eldigitaldeasturias.com\/noticias","nextItem":{"@type":"ListItem","@id":"https:\/\/www.eldigitaldeasturias.com\/noticias\/category\/sucesos\/#listItem","name":"Sucesos"}},{"@type":"ListItem","@id":"https:\/\/www.eldigitaldeasturias.com\/noticias\/category\/sucesos\/#listItem","position":2,"name":"Sucesos","item":"https:\/\/www.eldigitaldeasturias.com\/noticias\/category\/sucesos\/","nextItem":{"@type":"ListItem","@id":"https:\/\/www.eldigitaldeasturias.com\/noticias\/incendio-en-un-edificio-de-riano\/#listItem","name":"Incendio en un edificio de Ria\u00f1o"},"previousItem":{"@type":"ListItem","@id":"https:\/\/www.eldigitaldeasturias.com\/noticias#listItem","name":"Home"}},{"@type":"ListItem","@id":"https:\/\/www.eldigitaldeasturias.com\/noticias\/incendio-en-un-edificio-de-riano\/#listItem","position":3,"name":"Incendio en un edificio de Ria\u00f1o","previousItem":{"@type":"ListItem","@id":"https:\/\/www.eldigitaldeasturias.com\/noticias\/category\/sucesos\/#listItem","name":"Sucesos"}}]},{"@type":"Organization","@id":"https:\/\/www.eldigitaldeasturias.com\/noticias\/#organization","name":"El Digital de Asturias","description":"Hemeroteca","url":"https:\/\/www.eldigitaldeasturias.com\/noticias\/","email":"info@eldigitaldeasturias.com","telephone":"+34652131393","logo":{"@type":"ImageObject","url":"https:\/\/www.eldigitaldeasturias.com\/noticias\/wp-content\/uploads\/2020\/12\/EDA.jpg","@id":"https:\/\/www.eldigitaldeasturias.com\/noticias\/incendio-en-un-edificio-de-riano\/#organizationLogo","width":649,"height":297},"image":{"@id":"https:\/\/www.eldigitaldeasturias.com\/noticias\/incendio-en-un-edificio-de-riano\/#organizationLogo"},"sameAs":["https:\/\/facebook.com\/eldigitaldeasturias","https:\/\/www.youtube.com\/channel\/UCZP-2wLEB9Rv6erhFmqVnvg"],"address":{"@id":"https:\/\/www.eldigitaldeasturias.com\/noticias\/#postaladdress","@type":"PostalAddress","streetAddress":"san antonio 4,","postalCode":"33430","addressLocality":"Cand\u00e1s","addressRegion":"Asturias","addressCountry":"ES"}},{"@type":"Person","@id":"https:\/\/www.eldigitaldeasturias.com\/noticias\/author\/admin\/#author","url":"https:\/\/www.eldigitaldeasturias.com\/noticias\/author\/admin\/","name":"El Digital de Asturias","image":{"@type":"ImageObject","@id":"https:\/\/www.eldigitaldeasturias.com\/noticias\/incendio-en-un-edificio-de-riano\/#authorImage","url":"https:\/\/www.eldigitaldeasturias.com\/noticias\/wp-content\/litespeed\/avatar\/18677e78aa0546b92d9dbf31ec7d7668.jpg?ver=1777290358","width":96,"height":96,"caption":"El Digital de Asturias"}},{"@type":"WebPage","@id":"https:\/\/www.eldigitaldeasturias.com\/noticias\/incendio-en-un-edificio-de-riano\/#webpage","url":"https:\/\/www.eldigitaldeasturias.com\/noticias\/incendio-en-un-edificio-de-riano\/","name":"Incendio en un edificio de Ria\u00f1o - El Digital de Asturias","description":"Tres personas han resultado afectadas leves por inhalaci\u00f3n de humo en el incendio registrado en una vivienda situada en la segunda planta, de un inmueble de cinco alturas, ubicado en la calle Manzana de Cobranes, n\u00famero 21, en Ria\u00f1o, Langreo. Seg\u00fan los datos facilitados por el Servicio de Atenci\u00f3n M\u00e9dica Urgente (SAMU) los tres afectados,","inLanguage":"es-ES","isPartOf":{"@id":"https:\/\/www.eldigitaldeasturias.com\/noticias\/#website"},"breadcrumb":{"@id":"https:\/\/www.eldigitaldeasturias.com\/noticias\/incendio-en-un-edificio-de-riano\/#breadcrumblist"},"author":{"@id":"https:\/\/www.eldigitaldeasturias.com\/noticias\/author\/admin\/#author"},"creator":{"@id":"https:\/\/www.eldigitaldeasturias.com\/noticias\/author\/admin\/#author"},"image":{"@type":"ImageObject","url":"https:\/\/www.eldigitaldeasturias.com\/noticias\/wp-content\/uploads\/2020\/05\/Incendio-Langreo.jpg","@id":"https:\/\/www.eldigitaldeasturias.com\/noticias\/incendio-en-un-edificio-de-riano\/#mainImage","width":1083,"height":815,"caption":"FOTO SEPA"},"primaryImageOfPage":{"@id":"https:\/\/www.eldigitaldeasturias.com\/noticias\/incendio-en-un-edificio-de-riano\/#mainImage"},"datePublished":"2020-05-01T09:20:25+02:00","dateModified":"2020-05-01T09:20:53+02:00"},{"@type":"WebSite","@id":"https:\/\/www.eldigitaldeasturias.com\/noticias\/#website","url":"https:\/\/www.eldigitaldeasturias.com\/noticias\/","name":"El Digital de Asturias - Diario de actualidad y noticias","alternateName":"El Digital de Asturias - Diario de actualidad y noticias","description":"Hemeroteca","inLanguage":"es-ES","publisher":{"@id":"https:\/\/www.eldigitaldeasturias.com\/noticias\/#organization"}}]},"og:locale":"es_ES","og:site_name":"El Digital de Asturias","og:type":"article","og:title":"Incendio en un edificio de Ria\u00f1o - El Digital de Asturias","og:description":"Tres personas han resultado afectadas leves por inhalaci\u00f3n de humo en el incendio registrado en una vivienda situada en la segunda planta, de un inmueble de cinco alturas, ubicado en la calle Manzana de Cobranes, n\u00famero 21, en Ria\u00f1o, Langreo. Seg\u00fan los datos facilitados por el Servicio de Atenci\u00f3n M\u00e9dica Urgente (SAMU) los tres afectados,","og:url":"https:\/\/www.eldigitaldeasturias.com\/noticias\/incendio-en-un-edificio-de-riano\/","og:image":"https:\/\/www.eldigitaldeasturias.com\/noticias\/wp-content\/uploads\/2020\/05\/Incendio-Langreo.jpg","og:image:secure_url":"https:\/\/www.eldigitaldeasturias.com\/noticias\/wp-content\/uploads\/2020\/05\/Incendio-Langreo.jpg","og:image:width":1083,"og:image:height":815,"article:tag":["destacadas","sucesos"],"article:published_time":"2020-05-01T09:20:25+00:00","article:modified_time":"2020-05-01T09:20:53+00:00","article:publisher":"https:\/\/facebook.com\/eldigitaldeasturias","twitter:card":"summary_large_image","twitter:title":"Incendio en un edificio de Ria\u00f1o - El Digital de Asturias","twitter:description":"Tres personas han resultado afectadas leves por inhalaci\u00f3n de humo en el incendio registrado en una vivienda situada en la segunda planta, de un inmueble de cinco alturas, ubicado en la calle Manzana de Cobranes, n\u00famero 21, en Ria\u00f1o, Langreo. Seg\u00fan los datos facilitados por el Servicio de Atenci\u00f3n M\u00e9dica Urgente (SAMU) los tres afectados,","twitter:image":"https:\/\/www.eldigitaldeasturias.com\/noticias\/wp-content\/uploads\/2020\/05\/Incendio-Langreo.jpg","twitter:label1":"Escrito por","twitter:data1":"El Digital de Asturias","twitter:label2":"Tiempo de lectura estimado","twitter:data2":"2 minutos"},"aioseo_meta_data":{"post_id":"1064369","title":null,"description":null,"keywords":null,"keyphrases":null,"primary_term":null,"canonical_url":null,"og_title":null,"og_description":null,"og_object_type":"default","og_image_type":"default","og_image_url":null,"og_image_width":null,"og_image_height":null,"og_image_custom_url":null,"og_image_custom_fields":null,"og_video":null,"og_custom_url":null,"og_article_section":null,"og_article_tags":null,"twitter_use_og":false,"twitter_card":"default","twitter_image_type":"default","twitter_image_url":null,"twitter_image_custom_url":null,"twitter_image_custom_fields":null,"twitter_title":null,"twitter_description":null,"schema":{"blockGraphs":[],"customGraphs":[],"default":{"data":{"Article":[],"Course":[],"Dataset":[],"FAQPage":[],"Movie":[],"Person":[],"Product":[],"ProductReview":[],"Car":[],"Recipe":[],"Service":[],"SoftwareApplication":[],"WebPage":[]},"graphName":"","isEnabled":true},"graphs":[],"defaultGraph":"","defaultPostTypeGraph":""},"schema_type":null,"schema_type_options":null,"pillar_content":false,"robots_default":true,"robots_noindex":false,"robots_noarchive":false,"robots_nosnippet":false,"robots_nofollow":false,"robots_noimageindex":false,"robots_noodp":false,"robots_notranslate":false,"robots_max_snippet":null,"robots_max_videopreview":null,"robots_max_imagepreview":"large","priority":null,"frequency":null,"local_seo":null,"seo_analyzer_scan_date":"2025-09-12 09:03:49","breadcrumb_settings":null,"limit_modified_date":false,"open_ai":null,"ai":null,"created":"2020-12-21 10:50:13","updated":"2025-09-12 09:03:49"},"aioseo_breadcrumb":"<div class=\"aioseo-breadcrumbs\"><span class=\"aioseo-breadcrumb\">\n\t<a href=\"https:\/\/www.eldigitaldeasturias.com\/noticias\" title=\"Home\">Home<\/a>\n<\/span><span class=\"aioseo-breadcrumb-separator\">\u2013<\/span><span class=\"aioseo-breadcrumb\">\n\t<a href=\"https:\/\/www.eldigitaldeasturias.com\/noticias\/category\/sucesos\/\" title=\"Sucesos\">Sucesos<\/a>\n<\/span><span class=\"aioseo-breadcrumb-separator\">\u2013<\/span><span class=\"aioseo-breadcrumb\">\n\t<a href=\"https:\/\/www.eldigitaldeasturias.com\/noticias\/incendio-en-un-edificio-de-riano\/\" title=\"Incendio en un edificio de Ria\u00f1o\">Incendio en un edificio de Ria\u00f1o<\/a>\n<\/span><\/div>","aioseo_breadcrumb_json":[{"label":"Home","link":"https:\/\/www.eldigitaldeasturias.com\/noticias"},{"label":"Sucesos","link":"https:\/\/www.eldigitaldeasturias.com\/noticias\/category\/sucesos\/"},{"label":"Incendio en un edificio de Ria\u00f1o","link":"https:\/\/www.eldigitaldeasturias.com\/noticias\/incendio-en-un-edificio-de-riano\/"}],"_links":{"self":[{"href":"https:\/\/www.eldigitaldeasturias.com\/noticias\/wp-json\/wp\/v2\/posts\/1064369","targetHints":{"allow":["GET"]}}],"collection":[{"href":"https:\/\/www.eldigitaldeasturias.com\/noticias\/wp-json\/wp\/v2\/posts"}],"about":[{"href":"https:\/\/www.eldigitaldeasturias.com\/noticias\/wp-json\/wp\/v2\/types\/post"}],"author":[{"embeddable":true,"href":"https:\/\/www.eldigitaldeasturias.com\/noticias\/wp-json\/wp\/v2\/users\/1"}],"replies":[{"embeddable":true,"href":"https:\/\/www.eldigitaldeasturias.com\/noticias\/wp-json\/wp\/v2\/comments?post=1064369"}],"version-history":[{"count":0,"href":"https:\/\/www.eldigitaldeasturias.com\/noticias\/wp-json\/wp\/v2\/posts\/1064369\/revisions"}],"wp:featuredmedia":[{"embeddable":true,"href":"https:\/\/www.eldigitaldeasturias.com\/noticias\/wp-json\/wp\/v2\/media\/1064370"}],"wp:attachment":[{"href":"https:\/\/www.eldigitaldeasturias.com\/noticias\/wp-json\/wp\/v2\/media?parent=1064369"}],"wp:term":[{"taxonomy":"category","embeddable":true,"href":"https:\/\/www.eldigitaldeasturias.com\/noticias\/wp-json\/wp\/v2\/categories?post=1064369"},{"taxonomy":"post_tag","embeddable":true,"href":"https:\/\/www.eldigitaldeasturias.com\/noticias\/wp-json\/wp\/v2\/tags?post=1064369"}],"curies":[{"name":"wp","href":"https:\/\/api.w.org\/{rel}","templated":true}]}}