{"id":1064253,"date":"2020-04-29T10:46:20","date_gmt":"2020-04-29T10:46:20","guid":{"rendered":"https:\/\/www.eldigitaldeasturias.com\/noticias\/?p=1064253"},"modified":"2020-04-29T10:46:20","modified_gmt":"2020-04-29T10:46:20","slug":"las-claves-para-elegir-una-buena-fibra-optica","status":"publish","type":"post","link":"https:\/\/www.eldigitaldeasturias.com\/noticias\/las-claves-para-elegir-una-buena-fibra-optica\/","title":{"rendered":"Las claves para elegir una buena fibra \u00f3ptica"},"content":{"rendered":"<p><strong>Las claves para elegir una buena <\/strong><span style=\"color: #ff6600;\"><a style=\"color: #ff6600;\" href=\"https:\/\/www.yoigo.com\/fibra-optica\" target=\"_blank\" rel=\"noopener noreferrer\"><strong>fibra<\/strong><\/a><\/span><strong> \u00f3ptica<\/strong> no se circunscriben s\u00f3lo a una mera cuesti\u00f3n de cuant\u00eda de tarifas. Es importante fijarse tambi\u00e9n en otros factores esenciales que conforman el nivel de calidad del servicio en su globalidad.<\/p>\n<p><img loading=\"lazy\" decoding=\"async\" class=\"aligncenter wp-image-1064254\" src=\"https:\/\/www.eldigitaldeasturias.com\/noticias\/wp-content\/uploads\/2020\/04\/fibra-optica-hogar-360x220.jpg\" alt=\"\" width=\"670\" height=\"409\" srcset=\"https:\/\/www.eldigitaldeasturias.com\/noticias\/wp-content\/uploads\/2020\/04\/fibra-optica-hogar-360x220.jpg 360w, https:\/\/www.eldigitaldeasturias.com\/noticias\/wp-content\/uploads\/2020\/04\/fibra-optica-hogar-690x421.jpg 690w, https:\/\/www.eldigitaldeasturias.com\/noticias\/wp-content\/uploads\/2020\/04\/fibra-optica-hogar-480x293.jpg 480w, https:\/\/www.eldigitaldeasturias.com\/noticias\/wp-content\/uploads\/2020\/04\/fibra-optica-hogar.jpg 719w\" sizes=\"auto, (max-width: 670px) 100vw, 670px\" \/><\/p>\n<p>Es decir; hay que comprobar la estabilidad y la velocidad de las conexiones a la Red; la seguridad en las comunicaciones y en el tr\u00e1fico de datos; la atenci\u00f3n al cliente y su capacidad de respuesta para proporcionar soluciones \u00e1giles y eficaces a las necesidades de cada usuario.<\/p>\n<h2><strong>Fibra \u00f3ptica con variedad de opciones<\/strong><\/h2>\n<p>En relaci\u00f3n con esto \u00faltimo, es recomendable comprobar la variedad de opciones que el servicio ofrece como punto de partida, para poder adaptarse a cada circunstancia individual.<\/p>\n<p>Un operador con pocas alternativas ofrecer\u00e1, en principio, un servicio m\u00e1s r\u00edgido y menos moldeable que otro que, ya de entrada, ofrezca a los clientes potenciales m\u00faltiples posibilidades de contrataci\u00f3n.<\/p>\n<p>Si, adem\u00e1s, este operador que es m\u00e1s flexible ofrece otros servicios en paralelo, integrados en diversos paquetes, tales como <strong>fibra \u00f3ptica<\/strong> para Internet <strong>m\u00e1s telefon\u00eda m\u00f3vil<\/strong>, con l\u00edneas m\u00f3viles adicionales, con descuentos, televisi\u00f3n, <strong>instalaci\u00f3n gratuita<\/strong> de esta fibra \u00f3ptica en la casa, <strong>sin periodo obligatorio de permanencia m\u00ednima<\/strong> y con el compromiso formal de <strong>mantener las mismas tarifas para toda la vida<\/strong>, se puede decir que su oferta es dif\u00edcilmente mejorable en el sector.<\/p>\n<h2><strong>Fibra \u00f3ptica y confinamiento en casa<\/strong><\/h2>\n<p>Los hechos lo est\u00e1n demostrando. All\u00e1 donde hay una mejor cobertura de <strong>fibra \u00f3ptica<\/strong>, el confinamiento contra la pandemia del COVID-19 est\u00e1 siendo m\u00e1s llevadero, pues la poblaci\u00f3n encerrada en casa no se siente aislada. Sigue sociabilizada e interactuando con su entorno personal, laboral y familiar, sin necesidad de una presencia f\u00edsica en cada uno de dichos c\u00edrculos sociales.<\/p>\n<p>Una <strong>fibra \u00f3ptica<\/strong> potente en las casas est\u00e1 permitiendo a quienes las habitan un uso de multitud de canales de comunicaci\u00f3n interpersonal. Las videoconferencias entre amigos y familiares se han multiplicado. Incluso se celebran \u201cciber-quedadas\u201d para tomar un aperitivo o un caf\u00e9 virtualmente juntos, mientras charlan.<\/p>\n<h2><strong>Un mundo interconectado<\/strong><\/h2>\n<p>En el plano profesional, el teletrabajo se ha impuesto como f\u00f3rmula esencial de actividad. Skype, Zoom y Hangouts se han convertido en Espa\u00f1a en las herramientas principales para mantener \u201cciber-reuniones\u201d.<\/p>\n<p>En trabajo colaborativo, Teams, de Microsoft, ha crecido sustancialmente en un tiempo r\u00e9cord. Hoy tiene cuarenta y cuatro millones de usuarios diarios en todo el mundo, y doce millones se han incorporado como nuevos en tan s\u00f3lo una semana durante el periodo de confinamiento.<\/p>\n<p>Otro \u201cgigante\u201d, Slack, ha captado siete mil nuevos clientes desde el d\u00eda 1 de febrero hasta el d\u00eda 18 de marzo de 2020 por el coronavirus. Tiene doce millones de usuarios diarios y, muy previsiblemente, superar\u00e1 al final de este ejercicio su promedio de crecimiento, que en los \u00faltimos tiempos ha ascendido al treinta y siete por ciento anual.<\/p>\n<p>Las comunicaciones por WhatsApp se han multiplicado por setecientos. Hasta tal punto es as\u00ed, que esta aplicaci\u00f3n de comunicaciones instant\u00e1neas ha tenido que limitar el n\u00famero de reenv\u00edos de ciertos mensajes a m\u00e1s de un contacto de una sola vez y ha visto c\u00f3mo las videoconferencias se han multiplicado de manera exponencial.<\/p>\n<p>Nada de esto habr\u00eda sido posible sin una buena infraestructura en <strong>fibra \u00f3ptica<\/strong>, banda ancha con gran velocidad de conexi\u00f3n a Internet y los \u00faltimos avances tecnol\u00f3gicos en las telecomunicaciones a trav\u00e9s de la Red.<\/p>\n<h2><strong>La fibra \u00f3ptica en Espa\u00f1a<\/strong><\/h2>\n<p>Espa\u00f1a es el d\u00e9cimo pa\u00eds m\u00e1s r\u00e1pido del mundo en navegaci\u00f3n por Internet; es el estado miembro de la Uni\u00f3n Europea con mayor despliegue de banda ancha hasta los hogares; septuplica a Italia en este aspecto y duplica su velocidad de navegaci\u00f3n por el ciberespacio.<\/p>\n<p>El crecimiento de la fibra \u00f3ptica en Espa\u00f1a est\u00e1 siendo espectacular. Nuestro pa\u00eds ha sido el segundo de Europa que m\u00e1s nuevos usuarios ha incorporado a la fibra \u00f3ptica entre septiembre de 2018 y septiembre de 2019 (1,65 millones) y el tercero con m\u00e1s hogares que han desplegado esta tecnolog\u00eda en dicho periodo (1,5 millones), seg\u00fan un informe encargado por el Consejo Europeo de FTTH (siglas en ingl\u00e9s de <em>Fibre To The Home<\/em>, o Fibra para el Hogar, compuesto por m\u00e1s de ciento cincuenta empresas).<\/p>\n<p>A decir de todos los expertos, la mayor conectividad que permite la fibra \u00f3ptica en las casas y en los edificios jugar\u00e1 un papel estrat\u00e9gico fundamental en la recuperaci\u00f3n de las naciones, despu\u00e9s de sufrir el desastre econ\u00f3mico ocasionado por la pandemia. Y ser\u00e1 imprescindible para realizar una transici\u00f3n hacia una econom\u00eda verde y sostenible de la Uni\u00f3n Europea.<\/p>\n<p>&nbsp;<\/p>\n","protected":false},"excerpt":{"rendered":"<p>Las claves para elegir una buena fibra \u00f3ptica no se circunscriben s\u00f3lo a una mera cuesti\u00f3n de cuant\u00eda de tarifas. Es importante fijarse tambi\u00e9n en otros factores esenciales que conforman el nivel de calidad del servicio en su globalidad. Es decir; hay que comprobar la estabilidad y la velocidad de las conexiones a la Red; [&hellip;]<\/p>\n","protected":false},"author":1,"featured_media":1064254,"comment_status":"closed","ping_status":"closed","sticky":false,"template":"","format":"standard","meta":{"footnotes":""},"categories":[187],"tags":[],"class_list":["post-1064253","post","type-post","status-publish","format-standard","has-post-thumbnail","hentry","category-economia"],"aioseo_notices":[],"aioseo_head":"\n\t\t<!-- All in One SEO Pro 4.9.6.2 - aioseo.com -->\n\t<meta name=\"description\" content=\"Las claves para elegir una buena fibra \u00f3ptica no se circunscriben s\u00f3lo a una mera cuesti\u00f3n de cuant\u00eda de tarifas. Es importante fijarse tambi\u00e9n en otros factores esenciales que conforman el nivel de calidad del servicio en su globalidad. Es decir; hay que comprobar la estabilidad y la velocidad de las conexiones a la Red;\" \/>\n\t<meta name=\"robots\" content=\"max-image-preview:large\" \/>\n\t<meta name=\"author\" content=\"El Digital de Asturias\"\/>\n\t<meta name=\"google-site-verification\" content=\"UA-38556648-1\" \/>\n\t<meta name=\"msvalidate.01\" content=\"7dfe9f3f1b24437ab69f4f2559babe99\" \/>\n\t<meta name=\"keywords\" content=\"econom\u00eda\" \/>\n\t<link rel=\"canonical\" href=\"https:\/\/www.eldigitaldeasturias.com\/noticias\/las-claves-para-elegir-una-buena-fibra-optica\/\" \/>\n\t<meta name=\"generator\" content=\"All in One SEO Pro (AIOSEO) 4.9.6.2\" \/>\n\t\t<meta property=\"og:locale\" content=\"es_ES\" \/>\n\t\t<meta property=\"og:site_name\" content=\"El Digital de Asturias\" \/>\n\t\t<meta property=\"og:type\" content=\"article\" \/>\n\t\t<meta property=\"og:title\" content=\"Las claves para elegir una buena fibra \u00f3ptica - El Digital de Asturias\" \/>\n\t\t<meta property=\"og:description\" content=\"Las claves para elegir una buena fibra \u00f3ptica no se circunscriben s\u00f3lo a una mera cuesti\u00f3n de cuant\u00eda de tarifas. Es importante fijarse tambi\u00e9n en otros factores esenciales que conforman el nivel de calidad del servicio en su globalidad. Es decir; hay que comprobar la estabilidad y la velocidad de las conexiones a la Red;\" \/>\n\t\t<meta property=\"og:url\" content=\"https:\/\/www.eldigitaldeasturias.com\/noticias\/las-claves-para-elegir-una-buena-fibra-optica\/\" \/>\n\t\t<meta property=\"og:image\" content=\"https:\/\/www.eldigitaldeasturias.com\/noticias\/wp-content\/uploads\/2020\/04\/fibra-optica-hogar.jpg\" \/>\n\t\t<meta property=\"og:image:secure_url\" content=\"https:\/\/www.eldigitaldeasturias.com\/noticias\/wp-content\/uploads\/2020\/04\/fibra-optica-hogar.jpg\" \/>\n\t\t<meta property=\"og:image:width\" content=\"719\" \/>\n\t\t<meta property=\"og:image:height\" content=\"439\" \/>\n\t\t<meta property=\"article:tag\" content=\"econom\u00eda\" \/>\n\t\t<meta property=\"article:published_time\" content=\"2020-04-29T10:46:20+00:00\" \/>\n\t\t<meta property=\"article:modified_time\" content=\"2020-04-29T10:46:20+00:00\" \/>\n\t\t<meta property=\"article:publisher\" content=\"https:\/\/facebook.com\/eldigitaldeasturias\" \/>\n\t\t<meta name=\"twitter:card\" content=\"summary_large_image\" \/>\n\t\t<meta name=\"twitter:title\" content=\"Las claves para elegir una buena fibra \u00f3ptica - El Digital de Asturias\" \/>\n\t\t<meta name=\"twitter:description\" content=\"Las claves para elegir una buena fibra \u00f3ptica no se circunscriben s\u00f3lo a una mera cuesti\u00f3n de cuant\u00eda de tarifas. Es importante fijarse tambi\u00e9n en otros factores esenciales que conforman el nivel de calidad del servicio en su globalidad. Es decir; hay que comprobar la estabilidad y la velocidad de las conexiones a la Red;\" \/>\n\t\t<meta name=\"twitter:image\" content=\"https:\/\/www.eldigitaldeasturias.com\/noticias\/wp-content\/uploads\/2020\/04\/fibra-optica-hogar.jpg\" \/>\n\t\t<meta name=\"twitter:label1\" content=\"Escrito por\" \/>\n\t\t<meta name=\"twitter:data1\" content=\"El Digital de Asturias\" \/>\n\t\t<meta name=\"twitter:label2\" content=\"Tiempo de lectura estimado\" \/>\n\t\t<meta name=\"twitter:data2\" content=\"4 minutos\" \/>\n\t\t<script type=\"application\/ld+json\" class=\"aioseo-schema\">\n\t\t\t{\"@context\":\"https:\\\/\\\/schema.org\",\"@graph\":[{\"@type\":\"BlogPosting\",\"@id\":\"https:\\\/\\\/www.eldigitaldeasturias.com\\\/noticias\\\/las-claves-para-elegir-una-buena-fibra-optica\\\/#blogposting\",\"name\":\"Las claves para elegir una buena fibra \\u00f3ptica - El Digital de Asturias\",\"headline\":\"Las claves para elegir una buena fibra \\u00f3ptica\",\"author\":{\"@id\":\"https:\\\/\\\/www.eldigitaldeasturias.com\\\/noticias\\\/author\\\/admin\\\/#author\"},\"publisher\":{\"@id\":\"https:\\\/\\\/www.eldigitaldeasturias.com\\\/noticias\\\/#organization\"},\"image\":{\"@type\":\"ImageObject\",\"url\":\"https:\\\/\\\/www.eldigitaldeasturias.com\\\/noticias\\\/wp-content\\\/uploads\\\/2020\\\/04\\\/fibra-optica-hogar.jpg\",\"width\":719,\"height\":439},\"datePublished\":\"2020-04-29T10:46:20+02:00\",\"dateModified\":\"2020-04-29T10:46:20+02:00\",\"inLanguage\":\"es-ES\",\"mainEntityOfPage\":{\"@id\":\"https:\\\/\\\/www.eldigitaldeasturias.com\\\/noticias\\\/las-claves-para-elegir-una-buena-fibra-optica\\\/#webpage\"},\"isPartOf\":{\"@id\":\"https:\\\/\\\/www.eldigitaldeasturias.com\\\/noticias\\\/las-claves-para-elegir-una-buena-fibra-optica\\\/#webpage\"},\"articleSection\":\"Econom\\u00eda\"},{\"@type\":\"BreadcrumbList\",\"@id\":\"https:\\\/\\\/www.eldigitaldeasturias.com\\\/noticias\\\/las-claves-para-elegir-una-buena-fibra-optica\\\/#breadcrumblist\",\"itemListElement\":[{\"@type\":\"ListItem\",\"@id\":\"https:\\\/\\\/www.eldigitaldeasturias.com\\\/noticias#listItem\",\"position\":1,\"name\":\"Home\",\"item\":\"https:\\\/\\\/www.eldigitaldeasturias.com\\\/noticias\",\"nextItem\":{\"@type\":\"ListItem\",\"@id\":\"https:\\\/\\\/www.eldigitaldeasturias.com\\\/noticias\\\/category\\\/economia\\\/#listItem\",\"name\":\"Econom\\u00eda\"}},{\"@type\":\"ListItem\",\"@id\":\"https:\\\/\\\/www.eldigitaldeasturias.com\\\/noticias\\\/category\\\/economia\\\/#listItem\",\"position\":2,\"name\":\"Econom\\u00eda\",\"item\":\"https:\\\/\\\/www.eldigitaldeasturias.com\\\/noticias\\\/category\\\/economia\\\/\",\"nextItem\":{\"@type\":\"ListItem\",\"@id\":\"https:\\\/\\\/www.eldigitaldeasturias.com\\\/noticias\\\/las-claves-para-elegir-una-buena-fibra-optica\\\/#listItem\",\"name\":\"Las claves para elegir una buena fibra \\u00f3ptica\"},\"previousItem\":{\"@type\":\"ListItem\",\"@id\":\"https:\\\/\\\/www.eldigitaldeasturias.com\\\/noticias#listItem\",\"name\":\"Home\"}},{\"@type\":\"ListItem\",\"@id\":\"https:\\\/\\\/www.eldigitaldeasturias.com\\\/noticias\\\/las-claves-para-elegir-una-buena-fibra-optica\\\/#listItem\",\"position\":3,\"name\":\"Las claves para elegir una buena fibra \\u00f3ptica\",\"previousItem\":{\"@type\":\"ListItem\",\"@id\":\"https:\\\/\\\/www.eldigitaldeasturias.com\\\/noticias\\\/category\\\/economia\\\/#listItem\",\"name\":\"Econom\\u00eda\"}}]},{\"@type\":\"Organization\",\"@id\":\"https:\\\/\\\/www.eldigitaldeasturias.com\\\/noticias\\\/#organization\",\"name\":\"El Digital de Asturias\",\"description\":\"Hemeroteca\",\"url\":\"https:\\\/\\\/www.eldigitaldeasturias.com\\\/noticias\\\/\",\"email\":\"info@eldigitaldeasturias.com\",\"telephone\":\"+34652131393\",\"logo\":{\"@type\":\"ImageObject\",\"url\":\"https:\\\/\\\/www.eldigitaldeasturias.com\\\/noticias\\\/wp-content\\\/uploads\\\/2020\\\/12\\\/EDA.jpg\",\"@id\":\"https:\\\/\\\/www.eldigitaldeasturias.com\\\/noticias\\\/las-claves-para-elegir-una-buena-fibra-optica\\\/#organizationLogo\",\"width\":649,\"height\":297},\"image\":{\"@id\":\"https:\\\/\\\/www.eldigitaldeasturias.com\\\/noticias\\\/las-claves-para-elegir-una-buena-fibra-optica\\\/#organizationLogo\"},\"sameAs\":[\"https:\\\/\\\/facebook.com\\\/eldigitaldeasturias\",\"https:\\\/\\\/www.youtube.com\\\/channel\\\/UCZP-2wLEB9Rv6erhFmqVnvg\"],\"address\":{\"@id\":\"https:\\\/\\\/www.eldigitaldeasturias.com\\\/noticias\\\/#postaladdress\",\"@type\":\"PostalAddress\",\"streetAddress\":\"san antonio 4,\",\"postalCode\":\"33430\",\"addressLocality\":\"Cand\\u00e1s\",\"addressRegion\":\"Asturias\",\"addressCountry\":\"ES\"}},{\"@type\":\"Person\",\"@id\":\"https:\\\/\\\/www.eldigitaldeasturias.com\\\/noticias\\\/author\\\/admin\\\/#author\",\"url\":\"https:\\\/\\\/www.eldigitaldeasturias.com\\\/noticias\\\/author\\\/admin\\\/\",\"name\":\"El Digital de Asturias\",\"image\":{\"@type\":\"ImageObject\",\"@id\":\"https:\\\/\\\/www.eldigitaldeasturias.com\\\/noticias\\\/las-claves-para-elegir-una-buena-fibra-optica\\\/#authorImage\",\"url\":\"https:\\\/\\\/www.eldigitaldeasturias.com\\\/noticias\\\/wp-content\\\/litespeed\\\/avatar\\\/18677e78aa0546b92d9dbf31ec7d7668.jpg?ver=1777290358\",\"width\":96,\"height\":96,\"caption\":\"El Digital de Asturias\"}},{\"@type\":\"WebPage\",\"@id\":\"https:\\\/\\\/www.eldigitaldeasturias.com\\\/noticias\\\/las-claves-para-elegir-una-buena-fibra-optica\\\/#webpage\",\"url\":\"https:\\\/\\\/www.eldigitaldeasturias.com\\\/noticias\\\/las-claves-para-elegir-una-buena-fibra-optica\\\/\",\"name\":\"Las claves para elegir una buena fibra \\u00f3ptica - El Digital de Asturias\",\"description\":\"Las claves para elegir una buena fibra \\u00f3ptica no se circunscriben s\\u00f3lo a una mera cuesti\\u00f3n de cuant\\u00eda de tarifas. Es importante fijarse tambi\\u00e9n en otros factores esenciales que conforman el nivel de calidad del servicio en su globalidad. Es decir; hay que comprobar la estabilidad y la velocidad de las conexiones a la Red;\",\"inLanguage\":\"es-ES\",\"isPartOf\":{\"@id\":\"https:\\\/\\\/www.eldigitaldeasturias.com\\\/noticias\\\/#website\"},\"breadcrumb\":{\"@id\":\"https:\\\/\\\/www.eldigitaldeasturias.com\\\/noticias\\\/las-claves-para-elegir-una-buena-fibra-optica\\\/#breadcrumblist\"},\"author\":{\"@id\":\"https:\\\/\\\/www.eldigitaldeasturias.com\\\/noticias\\\/author\\\/admin\\\/#author\"},\"creator\":{\"@id\":\"https:\\\/\\\/www.eldigitaldeasturias.com\\\/noticias\\\/author\\\/admin\\\/#author\"},\"image\":{\"@type\":\"ImageObject\",\"url\":\"https:\\\/\\\/www.eldigitaldeasturias.com\\\/noticias\\\/wp-content\\\/uploads\\\/2020\\\/04\\\/fibra-optica-hogar.jpg\",\"@id\":\"https:\\\/\\\/www.eldigitaldeasturias.com\\\/noticias\\\/las-claves-para-elegir-una-buena-fibra-optica\\\/#mainImage\",\"width\":719,\"height\":439},\"primaryImageOfPage\":{\"@id\":\"https:\\\/\\\/www.eldigitaldeasturias.com\\\/noticias\\\/las-claves-para-elegir-una-buena-fibra-optica\\\/#mainImage\"},\"datePublished\":\"2020-04-29T10:46:20+02:00\",\"dateModified\":\"2020-04-29T10:46:20+02:00\"},{\"@type\":\"WebSite\",\"@id\":\"https:\\\/\\\/www.eldigitaldeasturias.com\\\/noticias\\\/#website\",\"url\":\"https:\\\/\\\/www.eldigitaldeasturias.com\\\/noticias\\\/\",\"name\":\"El Digital de Asturias - Diario de actualidad y noticias\",\"alternateName\":\"El Digital de Asturias - Diario de actualidad y noticias\",\"description\":\"Hemeroteca\",\"inLanguage\":\"es-ES\",\"publisher\":{\"@id\":\"https:\\\/\\\/www.eldigitaldeasturias.com\\\/noticias\\\/#organization\"}}]}\n\t\t<\/script>\n\t\t<!-- All in One SEO Pro -->\r\n\t\t<title>Las claves para elegir una buena fibra \u00f3ptica - El Digital de Asturias<\/title>\n\n","aioseo_head_json":{"title":"Las claves para elegir una buena fibra \u00f3ptica - El Digital de Asturias","description":"Las claves para elegir una buena fibra \u00f3ptica no se circunscriben s\u00f3lo a una mera cuesti\u00f3n de cuant\u00eda de tarifas. Es importante fijarse tambi\u00e9n en otros factores esenciales que conforman el nivel de calidad del servicio en su globalidad. Es decir; hay que comprobar la estabilidad y la velocidad de las conexiones a la Red;","canonical_url":"https:\/\/www.eldigitaldeasturias.com\/noticias\/las-claves-para-elegir-una-buena-fibra-optica\/","robots":"max-image-preview:large","keywords":"econom\u00eda","webmasterTools":{"google-site-verification":"UA-38556648-1","msvalidate.01":"7dfe9f3f1b24437ab69f4f2559babe99","miscellaneous":""},"schema":{"@context":"https:\/\/schema.org","@graph":[{"@type":"BlogPosting","@id":"https:\/\/www.eldigitaldeasturias.com\/noticias\/las-claves-para-elegir-una-buena-fibra-optica\/#blogposting","name":"Las claves para elegir una buena fibra \u00f3ptica - El Digital de Asturias","headline":"Las claves para elegir una buena fibra \u00f3ptica","author":{"@id":"https:\/\/www.eldigitaldeasturias.com\/noticias\/author\/admin\/#author"},"publisher":{"@id":"https:\/\/www.eldigitaldeasturias.com\/noticias\/#organization"},"image":{"@type":"ImageObject","url":"https:\/\/www.eldigitaldeasturias.com\/noticias\/wp-content\/uploads\/2020\/04\/fibra-optica-hogar.jpg","width":719,"height":439},"datePublished":"2020-04-29T10:46:20+02:00","dateModified":"2020-04-29T10:46:20+02:00","inLanguage":"es-ES","mainEntityOfPage":{"@id":"https:\/\/www.eldigitaldeasturias.com\/noticias\/las-claves-para-elegir-una-buena-fibra-optica\/#webpage"},"isPartOf":{"@id":"https:\/\/www.eldigitaldeasturias.com\/noticias\/las-claves-para-elegir-una-buena-fibra-optica\/#webpage"},"articleSection":"Econom\u00eda"},{"@type":"BreadcrumbList","@id":"https:\/\/www.eldigitaldeasturias.com\/noticias\/las-claves-para-elegir-una-buena-fibra-optica\/#breadcrumblist","itemListElement":[{"@type":"ListItem","@id":"https:\/\/www.eldigitaldeasturias.com\/noticias#listItem","position":1,"name":"Home","item":"https:\/\/www.eldigitaldeasturias.com\/noticias","nextItem":{"@type":"ListItem","@id":"https:\/\/www.eldigitaldeasturias.com\/noticias\/category\/economia\/#listItem","name":"Econom\u00eda"}},{"@type":"ListItem","@id":"https:\/\/www.eldigitaldeasturias.com\/noticias\/category\/economia\/#listItem","position":2,"name":"Econom\u00eda","item":"https:\/\/www.eldigitaldeasturias.com\/noticias\/category\/economia\/","nextItem":{"@type":"ListItem","@id":"https:\/\/www.eldigitaldeasturias.com\/noticias\/las-claves-para-elegir-una-buena-fibra-optica\/#listItem","name":"Las claves para elegir una buena fibra \u00f3ptica"},"previousItem":{"@type":"ListItem","@id":"https:\/\/www.eldigitaldeasturias.com\/noticias#listItem","name":"Home"}},{"@type":"ListItem","@id":"https:\/\/www.eldigitaldeasturias.com\/noticias\/las-claves-para-elegir-una-buena-fibra-optica\/#listItem","position":3,"name":"Las claves para elegir una buena fibra \u00f3ptica","previousItem":{"@type":"ListItem","@id":"https:\/\/www.eldigitaldeasturias.com\/noticias\/category\/economia\/#listItem","name":"Econom\u00eda"}}]},{"@type":"Organization","@id":"https:\/\/www.eldigitaldeasturias.com\/noticias\/#organization","name":"El Digital de Asturias","description":"Hemeroteca","url":"https:\/\/www.eldigitaldeasturias.com\/noticias\/","email":"info@eldigitaldeasturias.com","telephone":"+34652131393","logo":{"@type":"ImageObject","url":"https:\/\/www.eldigitaldeasturias.com\/noticias\/wp-content\/uploads\/2020\/12\/EDA.jpg","@id":"https:\/\/www.eldigitaldeasturias.com\/noticias\/las-claves-para-elegir-una-buena-fibra-optica\/#organizationLogo","width":649,"height":297},"image":{"@id":"https:\/\/www.eldigitaldeasturias.com\/noticias\/las-claves-para-elegir-una-buena-fibra-optica\/#organizationLogo"},"sameAs":["https:\/\/facebook.com\/eldigitaldeasturias","https:\/\/www.youtube.com\/channel\/UCZP-2wLEB9Rv6erhFmqVnvg"],"address":{"@id":"https:\/\/www.eldigitaldeasturias.com\/noticias\/#postaladdress","@type":"PostalAddress","streetAddress":"san antonio 4,","postalCode":"33430","addressLocality":"Cand\u00e1s","addressRegion":"Asturias","addressCountry":"ES"}},{"@type":"Person","@id":"https:\/\/www.eldigitaldeasturias.com\/noticias\/author\/admin\/#author","url":"https:\/\/www.eldigitaldeasturias.com\/noticias\/author\/admin\/","name":"El Digital de Asturias","image":{"@type":"ImageObject","@id":"https:\/\/www.eldigitaldeasturias.com\/noticias\/las-claves-para-elegir-una-buena-fibra-optica\/#authorImage","url":"https:\/\/www.eldigitaldeasturias.com\/noticias\/wp-content\/litespeed\/avatar\/18677e78aa0546b92d9dbf31ec7d7668.jpg?ver=1777290358","width":96,"height":96,"caption":"El Digital de Asturias"}},{"@type":"WebPage","@id":"https:\/\/www.eldigitaldeasturias.com\/noticias\/las-claves-para-elegir-una-buena-fibra-optica\/#webpage","url":"https:\/\/www.eldigitaldeasturias.com\/noticias\/las-claves-para-elegir-una-buena-fibra-optica\/","name":"Las claves para elegir una buena fibra \u00f3ptica - El Digital de Asturias","description":"Las claves para elegir una buena fibra \u00f3ptica no se circunscriben s\u00f3lo a una mera cuesti\u00f3n de cuant\u00eda de tarifas. Es importante fijarse tambi\u00e9n en otros factores esenciales que conforman el nivel de calidad del servicio en su globalidad. Es decir; hay que comprobar la estabilidad y la velocidad de las conexiones a la Red;","inLanguage":"es-ES","isPartOf":{"@id":"https:\/\/www.eldigitaldeasturias.com\/noticias\/#website"},"breadcrumb":{"@id":"https:\/\/www.eldigitaldeasturias.com\/noticias\/las-claves-para-elegir-una-buena-fibra-optica\/#breadcrumblist"},"author":{"@id":"https:\/\/www.eldigitaldeasturias.com\/noticias\/author\/admin\/#author"},"creator":{"@id":"https:\/\/www.eldigitaldeasturias.com\/noticias\/author\/admin\/#author"},"image":{"@type":"ImageObject","url":"https:\/\/www.eldigitaldeasturias.com\/noticias\/wp-content\/uploads\/2020\/04\/fibra-optica-hogar.jpg","@id":"https:\/\/www.eldigitaldeasturias.com\/noticias\/las-claves-para-elegir-una-buena-fibra-optica\/#mainImage","width":719,"height":439},"primaryImageOfPage":{"@id":"https:\/\/www.eldigitaldeasturias.com\/noticias\/las-claves-para-elegir-una-buena-fibra-optica\/#mainImage"},"datePublished":"2020-04-29T10:46:20+02:00","dateModified":"2020-04-29T10:46:20+02:00"},{"@type":"WebSite","@id":"https:\/\/www.eldigitaldeasturias.com\/noticias\/#website","url":"https:\/\/www.eldigitaldeasturias.com\/noticias\/","name":"El Digital de Asturias - Diario de actualidad y noticias","alternateName":"El Digital de Asturias - Diario de actualidad y noticias","description":"Hemeroteca","inLanguage":"es-ES","publisher":{"@id":"https:\/\/www.eldigitaldeasturias.com\/noticias\/#organization"}}]},"og:locale":"es_ES","og:site_name":"El Digital de Asturias","og:type":"article","og:title":"Las claves para elegir una buena fibra \u00f3ptica - El Digital de Asturias","og:description":"Las claves para elegir una buena fibra \u00f3ptica no se circunscriben s\u00f3lo a una mera cuesti\u00f3n de cuant\u00eda de tarifas. Es importante fijarse tambi\u00e9n en otros factores esenciales que conforman el nivel de calidad del servicio en su globalidad. Es decir; hay que comprobar la estabilidad y la velocidad de las conexiones a la Red;","og:url":"https:\/\/www.eldigitaldeasturias.com\/noticias\/las-claves-para-elegir-una-buena-fibra-optica\/","og:image":"https:\/\/www.eldigitaldeasturias.com\/noticias\/wp-content\/uploads\/2020\/04\/fibra-optica-hogar.jpg","og:image:secure_url":"https:\/\/www.eldigitaldeasturias.com\/noticias\/wp-content\/uploads\/2020\/04\/fibra-optica-hogar.jpg","og:image:width":719,"og:image:height":439,"article:tag":["econom\u00eda"],"article:published_time":"2020-04-29T10:46:20+00:00","article:modified_time":"2020-04-29T10:46:20+00:00","article:publisher":"https:\/\/facebook.com\/eldigitaldeasturias","twitter:card":"summary_large_image","twitter:title":"Las claves para elegir una buena fibra \u00f3ptica - El Digital de Asturias","twitter:description":"Las claves para elegir una buena fibra \u00f3ptica no se circunscriben s\u00f3lo a una mera cuesti\u00f3n de cuant\u00eda de tarifas. Es importante fijarse tambi\u00e9n en otros factores esenciales que conforman el nivel de calidad del servicio en su globalidad. Es decir; hay que comprobar la estabilidad y la velocidad de las conexiones a la Red;","twitter:image":"https:\/\/www.eldigitaldeasturias.com\/noticias\/wp-content\/uploads\/2020\/04\/fibra-optica-hogar.jpg","twitter:label1":"Escrito por","twitter:data1":"El Digital de Asturias","twitter:label2":"Tiempo de lectura estimado","twitter:data2":"4 minutos"},"aioseo_meta_data":{"post_id":"1064253","title":null,"description":null,"keywords":null,"keyphrases":null,"primary_term":null,"canonical_url":null,"og_title":null,"og_description":null,"og_object_type":"default","og_image_type":"default","og_image_url":null,"og_image_width":null,"og_image_height":null,"og_image_custom_url":null,"og_image_custom_fields":null,"og_video":null,"og_custom_url":null,"og_article_section":null,"og_article_tags":null,"twitter_use_og":false,"twitter_card":"default","twitter_image_type":"default","twitter_image_url":null,"twitter_image_custom_url":null,"twitter_image_custom_fields":null,"twitter_title":null,"twitter_description":null,"schema":{"blockGraphs":[],"customGraphs":[],"default":{"data":{"Article":[],"Course":[],"Dataset":[],"FAQPage":[],"Movie":[],"Person":[],"Product":[],"ProductReview":[],"Car":[],"Recipe":[],"Service":[],"SoftwareApplication":[],"WebPage":[]},"graphName":"","isEnabled":true},"graphs":[],"defaultGraph":"","defaultPostTypeGraph":""},"schema_type":null,"schema_type_options":null,"pillar_content":false,"robots_default":true,"robots_noindex":false,"robots_noarchive":false,"robots_nosnippet":false,"robots_nofollow":false,"robots_noimageindex":false,"robots_noodp":false,"robots_notranslate":false,"robots_max_snippet":null,"robots_max_videopreview":null,"robots_max_imagepreview":"large","priority":null,"frequency":null,"local_seo":null,"seo_analyzer_scan_date":"2025-09-12 08:41:51","breadcrumb_settings":null,"limit_modified_date":false,"open_ai":null,"ai":null,"created":"2020-12-21 10:50:13","updated":"2025-09-12 08:41:51"},"aioseo_breadcrumb":"<div class=\"aioseo-breadcrumbs\"><span class=\"aioseo-breadcrumb\">\n\t<a href=\"https:\/\/www.eldigitaldeasturias.com\/noticias\" title=\"Home\">Home<\/a>\n<\/span><span class=\"aioseo-breadcrumb-separator\">\u2013<\/span><span class=\"aioseo-breadcrumb\">\n\t<a href=\"https:\/\/www.eldigitaldeasturias.com\/noticias\/category\/economia\/\" title=\"Econom\u00eda\">Econom\u00eda<\/a>\n<\/span><span class=\"aioseo-breadcrumb-separator\">\u2013<\/span><span class=\"aioseo-breadcrumb\">\n\t<a href=\"https:\/\/www.eldigitaldeasturias.com\/noticias\/las-claves-para-elegir-una-buena-fibra-optica\/\" title=\"Las claves para elegir una buena fibra \u00f3ptica\">Las claves para elegir una buena fibra \u00f3ptica<\/a>\n<\/span><\/div>","aioseo_breadcrumb_json":[{"label":"Home","link":"https:\/\/www.eldigitaldeasturias.com\/noticias"},{"label":"Econom\u00eda","link":"https:\/\/www.eldigitaldeasturias.com\/noticias\/category\/economia\/"},{"label":"Las claves para elegir una buena fibra \u00f3ptica","link":"https:\/\/www.eldigitaldeasturias.com\/noticias\/las-claves-para-elegir-una-buena-fibra-optica\/"}],"_links":{"self":[{"href":"https:\/\/www.eldigitaldeasturias.com\/noticias\/wp-json\/wp\/v2\/posts\/1064253","targetHints":{"allow":["GET"]}}],"collection":[{"href":"https:\/\/www.eldigitaldeasturias.com\/noticias\/wp-json\/wp\/v2\/posts"}],"about":[{"href":"https:\/\/www.eldigitaldeasturias.com\/noticias\/wp-json\/wp\/v2\/types\/post"}],"author":[{"embeddable":true,"href":"https:\/\/www.eldigitaldeasturias.com\/noticias\/wp-json\/wp\/v2\/users\/1"}],"replies":[{"embeddable":true,"href":"https:\/\/www.eldigitaldeasturias.com\/noticias\/wp-json\/wp\/v2\/comments?post=1064253"}],"version-history":[{"count":0,"href":"https:\/\/www.eldigitaldeasturias.com\/noticias\/wp-json\/wp\/v2\/posts\/1064253\/revisions"}],"wp:featuredmedia":[{"embeddable":true,"href":"https:\/\/www.eldigitaldeasturias.com\/noticias\/wp-json\/wp\/v2\/media\/1064254"}],"wp:attachment":[{"href":"https:\/\/www.eldigitaldeasturias.com\/noticias\/wp-json\/wp\/v2\/media?parent=1064253"}],"wp:term":[{"taxonomy":"category","embeddable":true,"href":"https:\/\/www.eldigitaldeasturias.com\/noticias\/wp-json\/wp\/v2\/categories?post=1064253"},{"taxonomy":"post_tag","embeddable":true,"href":"https:\/\/www.eldigitaldeasturias.com\/noticias\/wp-json\/wp\/v2\/tags?post=1064253"}],"curies":[{"name":"wp","href":"https:\/\/api.w.org\/{rel}","templated":true}]}}