{"id":1064081,"date":"2020-04-25T16:14:38","date_gmt":"2020-04-25T16:14:38","guid":{"rendered":"https:\/\/www.eldigitaldeasturias.com\/noticias\/?p=1064081"},"modified":"2020-04-25T16:14:38","modified_gmt":"2020-04-25T16:14:38","slug":"europa-apoyara-a-la-economia-espanola","status":"publish","type":"post","link":"https:\/\/www.eldigitaldeasturias.com\/noticias\/europa-apoyara-a-la-economia-espanola\/","title":{"rendered":"Europa apoyar\u00e1 a la econom\u00eda espa\u00f1ola"},"content":{"rendered":"<p><img loading=\"lazy\" decoding=\"async\" class=\"alignleft size-medium wp-image-983320\" src=\"https:\/\/www.eldigitaldeasturias.com\/noticias\/wp-content\/uploads\/2018\/06\/blue-1283011_960_720-360x252.jpg\" alt=\"\" width=\"360\" height=\"252\" srcset=\"https:\/\/www.eldigitaldeasturias.com\/noticias\/wp-content\/uploads\/2018\/06\/blue-1283011_960_720-360x252.jpg 360w, https:\/\/www.eldigitaldeasturias.com\/noticias\/wp-content\/uploads\/2018\/06\/blue-1283011_960_720-429x300.jpg 429w, https:\/\/www.eldigitaldeasturias.com\/noticias\/wp-content\/uploads\/2018\/06\/blue-1283011_960_720-768x537.jpg 768w, https:\/\/www.eldigitaldeasturias.com\/noticias\/wp-content\/uploads\/2018\/06\/blue-1283011_960_720-687x480.jpg 687w, https:\/\/www.eldigitaldeasturias.com\/noticias\/wp-content\/uploads\/2018\/06\/blue-1283011_960_720-20x14.jpg 20w, https:\/\/www.eldigitaldeasturias.com\/noticias\/wp-content\/uploads\/2018\/06\/blue-1283011_960_720.jpg 960w\" sizes=\"auto, (max-width: 360px) 100vw, 360px\" \/>La Comisi\u00f3n Europea ha aprobado el segundo r\u00e9gimen marco para respaldar a la econom\u00eda espa\u00f1ola en el contexto de la pandemia de coronavirus. El r\u00e9gimen fue aprobado en virtud del\u00a0<span style=\"color: #ff6600;\"><strong><a style=\"color: #ff6600;\" href=\"https:\/\/eur-lex.europa.eu\/legal-content\/ES\/TXT\/?uri=OJ%3AJOC_2020_091_I_0001\" target=\"_blank\" rel=\"nofollow noopener noreferrer\" data-auth=\"NotApplicable\">Marco Temporal<\/a><\/strong><\/span>\u00a0relativo a las ayudas estatales, adoptado por la Comisi\u00f3n el 19 de marzo de 2020, y\u00a0<strong><span style=\"color: #ff6600;\"><a style=\"color: #ff6600;\" href=\"https:\/\/eur-lex.europa.eu\/legal-content\/ES\/TXT\/?uri=OJ:C:2020:112I:TOC\" target=\"_blank\" rel=\"nofollow noopener noreferrer\" data-auth=\"NotApplicable\">modificado el 3 de abril de 2020<\/a><\/span><\/strong>.<\/p>\n<p>La vicepresidenta ejecutiva Margrethe\u00a0<strong>Vestager<\/strong>, responsable de la pol\u00edtica de competencia, ha declarado:<em>\u00a0\u00abEl segundo r\u00e9gimen marco espa\u00f1ol permitir\u00e1 a Espa\u00f1a prestar m\u00e1s apoyo a la econom\u00eda durante esta crisis. Incluye apoyo a la investigaci\u00f3n y desarrollo, los ensayos y la producci\u00f3n de productos relacionados con el coronavirus. Tambi\u00e9n incluye subsidios salariales y aplazamientos del pago de impuestos y cotizaciones a la seguridad social, lo que ayudar\u00e1 a las empresas a mantener los puestos de trabajo. Seguimos trabajando estrechamente con los Estados miembros a fin de garantizar que las medidas nacionales de apoyo puedan ponerse en pr\u00e1ctica a tiempo y de forma coordinada y eficaz, en consonancia con las normas de la UE\u00bb.<\/em><\/p>\n<p><strong>El r\u00e9gimen marco espa\u00f1ol<\/strong><\/p>\n<p>Tras la aprobaci\u00f3n por la Comisi\u00f3n de un\u00a0<span style=\"color: #ff6600;\"><strong><a style=\"color: #ff6600;\" href=\"https:\/\/ec.europa.eu\/commission\/presscorner\/detail\/es\/ip_20_581\" target=\"_blank\" rel=\"noopener noreferrer\" data-auth=\"NotApplicable\">primer r\u00e9gimen marco espa\u00f1ol<\/a><\/strong><\/span>\u00a0el 2 de abril, Espa\u00f1a notific\u00f3 a la Comisi\u00f3n, en virtud del\u00a0<span style=\"color: #ff6600;\"><strong><a style=\"color: #ff6600;\" href=\"https:\/\/ec.europa.eu\/commission\/presscorner\/detail\/es\/ip_20_496\" target=\"_blank\" rel=\"noopener noreferrer\" data-auth=\"NotApplicable\">Marco Temporal<\/a><\/strong><\/span>, un segundo Marco Temporal Nacional aplicable a las ayudas estatales destinadas a apoyar a las empresas afectadas por la pandemia de coronavirus.<\/p>\n<p>La medida permite la concesi\u00f3n de ayudas a la luz de las\u00a0<span style=\"color: #ff6600;\"><strong><a style=\"color: #ff6600;\" href=\"https:\/\/ec.europa.eu\/commission\/presscorner\/detail\/es\/IP_20_570\" target=\"_blank\" rel=\"noopener noreferrer\" data-auth=\"NotApplicable\">modificaciones del Marco Temporal<\/a><\/strong><\/span>\u00a0aprobadas por la Comisi\u00f3n el 3 de abril de 2020. M\u00e1s concretamente, en el marco de este segundo r\u00e9gimen marco, puede concederse apoyo p\u00fablico en forma de i) ayuda para la investigaci\u00f3n y desarrollo y relacionada con el coronavirus, incluidos proyectos dotados del Sello de Excelencia concerniente al coronavirus seleccionados en el marco de Horizonte 2020; ii) ayuda a la inversi\u00f3n destinada a las infraestructuras de ensayo y ampliaci\u00f3n de escala; iii) ayuda a la inversi\u00f3n para la producci\u00f3n de productos relacionados con el coronavirus; iv) ayuda en forma de aplazamientos del pago de impuestos o cotizaciones a la seguridad social; y v) ayuda en forma de subsidios salariales para los empleados a fin de evitar las reducciones de plantilla durante la pandemia de coronavirus.<\/p>\n<p>La medida notificada ampl\u00eda asimismo las modalidades de ayuda que puede concederse en virtud del primer Marco Temporal Nacional aprobado por la Comisi\u00f3n el 2 de abril, ya que tambi\u00e9n puede otorgarse apoyo en forma de garant\u00edas, bonificaciones de los tipos de inter\u00e9s, as\u00ed como capital por un importe nominal de hasta 100\u00a0000\u00a0EUR a una empresa activa en el sector agr\u00edcola primario, hasta 120\u00a0000\u00a0EUR a una empresa activa en el sector de la pesca y la acuicultura y hasta 800\u00a0000\u00a0EUR a una empresa activa en todos los dem\u00e1s sectores.<\/p>\n<p>La medida permite la concesi\u00f3n de ayudas por parte de las autoridades espa\u00f1olas a todos los niveles, incluidas las administraciones centrales, auton\u00f3micas y locales. Se dirige a las pymes y las grandes empresas y es aplicable en todo el territorio espa\u00f1ol.<\/p>\n<p>La Comisi\u00f3n ha considerado que la medida espa\u00f1ola se ajusta a las condiciones establecidas en el Marco Temporal. En particular, la ayuda cubrir\u00e1 una parte significativa de los costes de inversi\u00f3n necesarios para el desarrollo y el ensayo (hasta el primer despliegue previo a la producci\u00f3n en masa) de productos y tratamientos innovadores relacionados con el coronavirus, as\u00ed como los costes de inversi\u00f3n para la producci\u00f3n de productos innovadores relacionados con el coronavirus. Espa\u00f1a velar\u00e1 por que las normas sobre acumulaci\u00f3n de ayudas sean respetadas en todas las medidas en virtud del Marco Temporal y por todas las autoridades responsables de la concesi\u00f3n. Adem\u00e1s, solo puede concederse ayuda en el marco de la medida a empresas que no estaban en crisis el 31 de diciembre de 2019. Por \u00faltimo, las ayudas solo pueden concederse hasta el final de este a\u00f1o.<\/p>\n<p>La Comisi\u00f3n ha concluido que el r\u00e9gimen espa\u00f1ol es necesario, adecuado y proporcionado para poner remedio a una grave perturbaci\u00f3n en la econom\u00eda de un Estado miembro y para contribuir a la lucha contra la crisis sanitaria, en consonancia con el art\u00edculo\u00a0107, apartado\u00a03, letras\u00a0b) y c), del TFUE y las condiciones establecidas en el Marco Temporal.<\/p>\n<p>Sobre esta base, la Comisi\u00f3n ha aprobado las medidas en virtud de las normas de la UE en materia de ayudas estatales.<\/p>\n<p><strong>Contexto<\/strong><\/p>\n<p>La Comisi\u00f3n ha adoptado un Marco Temporal que permite a los Estados miembros utilizar plenamente la flexibilidad prevista en las normas sobre ayudas estatales con el fin de respaldar la econom\u00eda en el contexto de la pandemia de coronavirus. El Marco temporal,<span style=\"color: #ff6600;\"><strong>\u00a0<a style=\"color: #ff6600;\" href=\"https:\/\/ec.europa.eu\/commission\/presscorner\/detail\/es\/ip_20_570\" target=\"_blank\" rel=\"noopener noreferrer\" data-auth=\"NotApplicable\">modificado el 3 de abril de 2020<\/a><\/strong><\/span>, establece los siguientes tipos de ayuda, que pueden ser concedidos por los Estados miembros:<\/p>\n<p>i)<strong>\u00a0Subvenciones directas, inyecciones de capital, ventajas fiscales selectivas y anticipos<\/strong>\u00a0de hasta 100\u00a0000\u00a0EUR a una empresa activa en el sector agr\u00edcola primario, hasta 120\u00a0000\u00a0EUR a una empresa activa en el sector de la pesca y la acuicultura y hasta 800\u00a0000\u00a0EUR a una empresa activa en todos los dem\u00e1s sectores para satisfacer sus necesidades urgentes de liquidez. Los Estados miembros tambi\u00e9n pueden conceder, hasta un valor nominal m\u00e1ximo de 800\u00a0000\u00a0EUR por empresa, pr\u00e9stamos a tipo cero o garant\u00edas sobre pr\u00e9stamos que cubran el 100\u00a0% del riesgo, excepto en el sector agr\u00edcola primario y en el de la pesca y la acuicultura, donde se aplican los l\u00edmites de 100\u00a0000 y 120\u00a0000\u00a0EUR por empresa, respectivamente.<\/p>\n<p>ii)\u00a0<strong>Garant\u00edas estatales para pr\u00e9stamos concedidos a empresas<\/strong>\u00a0a fin de garantizar que los bancos sigan concediendo pr\u00e9stamos a los clientes que los necesiten. Estas garant\u00edas estatales pueden cubrir hasta el 90\u00a0% del riesgo de impago para ayudar a las empresas a cubrir necesidades inmediatas de capital circulante e inversi\u00f3n.<\/p>\n<p>iii)\u00a0<strong>Bonificaciones a los pr\u00e9stamos p\u00fablicos a las empresas<\/strong>\u00a0con tipos de inter\u00e9s favorables para estas. Estos pr\u00e9stamos pueden ayudar a las empresas a cubrir necesidades inmediatas de capital circulante e inversi\u00f3n.<\/p>\n<p>iv)\u00a0<strong>Salvaguardias para los bancos que canalizan las ayudas estatales a la econom\u00eda real<\/strong>, estableci\u00e9ndose que estas ayudas se consideran ayudas directas a los clientes de los bancos, no a los propios bancos, y ofrecen orientaciones sobre c\u00f3mo minimizar el falseamiento de la competencia entre los bancos.<\/p>\n<p>v)\u00a0<strong>Seguro p\u00fablico de cr\u00e9dito a la exportaci\u00f3n a corto plazo<\/strong>\u00a0para todos los pa\u00edses, sin necesidad de que el Estado miembro en cuesti\u00f3n tenga que demostrar que el pa\u00eds en cuesti\u00f3n \u00abno es negociable\u00bb temporalmente.<\/p>\n<p>vi)\u00a0<strong>Ayuda a la investigaci\u00f3n y desarrollo (I+D) relacionada con el coronavirus<\/strong>\u00a0a fin de hacer frente a la actual crisis sanitaria en forma de subvenciones directas, anticipos reembolsables o ventajas fiscales. Se podr\u00e1 conceder una prima a los proyectos de cooperaci\u00f3n transfronteriza entre Estados miembros.<\/p>\n<p>vii)\u00a0<strong>Ayuda para la construcci\u00f3n y mejora de las infraestructuras de ensayo y ampliaci\u00f3n de escala<\/strong>\u00a0al objeto de desarrollar y ensayar productos (incluidas vacunas, respiradores y ropa de protecci\u00f3n) \u00fatiles para atajar la pandemia de coronavirus, hasta el primer despliegue industrial. Estas ayudas pueden adoptar la forma de subvenciones directas, ventajas fiscales, anticipos reembolsables y garant\u00edas sin p\u00e9rdidas. Las empresas pueden beneficiarse de una bonificaci\u00f3n cuando su inversi\u00f3n est\u00e9 respaldada por m\u00e1s de un Estado miembro y cuando la inversi\u00f3n concluya en el plazo de dos meses tras la concesi\u00f3n de la ayuda.<\/p>\n<p>viii)\u00a0<strong>Apoyo a la producci\u00f3n de productos de inter\u00e9s para combatir la pandemia de coronavirus<\/strong>\u00a0en forma de subvenciones directas, ventajas fiscales, anticipos reembolsables y garant\u00edas sin p\u00e9rdidas. Las empresas pueden beneficiarse de una bonificaci\u00f3n cuando su inversi\u00f3n est\u00e9 respaldada por m\u00e1s de un Estado miembro y cuando la inversi\u00f3n concluya en el plazo de dos meses tras la concesi\u00f3n de la ayuda.<\/p>\n<p>ix)\u00a0<strong>Ayuda espec\u00edfica en forma de aplazamiento del pago de impuestos y\/o suspensiones de las cotizaciones a la seguridad social<\/strong>\u00a0para los sectores, las regiones o los tipos de empresas m\u00e1s afectados por la pandemia.<\/p>\n<p>x)\u00a0<strong>Apoyo espec\u00edfico en forma de subsidios salariales para los empleados<\/strong>\u00a0destinado a las empresas en los sectores o regiones que m\u00e1s han sufrido la pandemia de coronavirus que, de no ser as\u00ed, se ver\u00edan abocadas a reducir personal.<\/p>\n<p>El Marco Temporal permite a los Estados miembros combinar todas las medidas de apoyo, excepto en el caso de los pr\u00e9stamos y garant\u00edas para el mismo pr\u00e9stamo que rebasen los umbrales previstos en el Marco Temporal. Tambi\u00e9n permite a los Estados miembros combinar todas las medidas de apoyo concedidas en virtud del Marco Temporal con las posibilidades existentes de conceder ayudas\u00a0<em>de minimis<\/em>\u00a0por valor de hasta 25\u00a0000\u00a0EUR a lo largo de tres ejercicios fiscales a una empresa activa en el sector agr\u00edcola primario, hasta 30\u00a0000\u00a0EUR a lo largo de tres ejercicios fiscales a una empresa activa en el sector de la pesca y la acuicultura y hasta 200\u00a0000\u00a0EUR a lo largo de tres ejercicios fiscales a una empresa activa en todos los dem\u00e1s sectores. Al mismo tiempo, los Estados miembros deben comprometerse a evitar la acumulaci\u00f3n indebida de medidas de apoyo a las mismas empresas de modo que estas se limiten a satisfacer sus necesidades reales.<\/p>\n<p>Por otra parte, el Marco Temporal complementa las muchas otras posibilidades de que ya disponen los Estados miembros para mitigar el impacto socioecon\u00f3mico de la pandemia de coronavirus, en consonancia con las normas sobre ayudas estatales de la UE. El 13 de marzo de 2020, la Comisi\u00f3n adopt\u00f3 una\u00a0<span style=\"color: #ff6600;\"><strong><a style=\"color: #ff6600;\" href=\"https:\/\/ec.europa.eu\/commission\/presscorner\/detail\/es\/ip_20_459\" target=\"_blank\" rel=\"noopener noreferrer\" data-auth=\"NotApplicable\">Comunicaci\u00f3n relativa a una respuesta econ\u00f3mica coordinada al brote de la COVID-19<\/a><\/strong><\/span>\u00a0en la que se exponen estas posibilidades. Por ejemplo, los Estados miembros podr\u00e1n introducir cambios de aplicaci\u00f3n general en favor de las empresas (por ejemplo, el aplazamiento del pago de impuestos o la subvenci\u00f3n a la reducci\u00f3n del tiempo de trabajo en todos los sectores) no incluidos en el \u00e1mbito de aplicaci\u00f3n de las normas sobre ayudas estatales. Tambi\u00e9n podr\u00e1n indemnizar a las empresas por los da\u00f1os y perjuicios sufridos como consecuencia de la pandemia de coronavirus y provocados directamente por ella.<\/p>\n<p>El Marco Temporal estar\u00e1 vigente hasta el final de diciembre de 2020. Con el fin de garantizar la seguridad jur\u00eddica, la Comisi\u00f3n evaluar\u00e1 antes de esa fecha su eventual pr\u00f3rroga.<\/p>\n<p>La versi\u00f3n no confidencial de la decisi\u00f3n correspondiente se publicar\u00e1 con el n\u00famero de asunto SA.57019 en el\u00a0<span style=\"color: #ff6600;\"><strong><a style=\"color: #ff6600;\" href=\"http:\/\/ec.europa.eu\/competition\/state_aid\/register\/\" target=\"_blank\" rel=\"noopener noreferrer\" data-auth=\"NotApplicable\">Registro de Ayudas Estatales<\/a><\/strong><\/span>\u00a0del sitio web de\u00a0<span style=\"color: #ff6600;\"><strong><a style=\"color: #ff6600;\" href=\"http:\/\/ec.europa.eu\/competition\/index_en.html\" target=\"_blank\" rel=\"noopener noreferrer\" data-auth=\"NotApplicable\">competencia<\/a><\/strong><\/span>\u00a0de la Comisi\u00f3n, una vez que se hayan resuelto los posibles problemas de confidencialidad. La lista de las nuevas publicaciones de decisiones sobre ayudas estatales en internet y en el Diario Oficial figura en las\u00a0<span style=\"color: #ff6600;\"><strong><a style=\"color: #ff6600;\" href=\"http:\/\/ec.europa.eu\/competition\/state_aid\/newsletter\/index.html\" target=\"_blank\" rel=\"noopener noreferrer\" data-auth=\"NotApplicable\">noticias semanales en l\u00ednea sobre ayudas estatales<\/a><\/strong><\/span>.<\/p>\n<p>Puede encontrar\u00a0<span style=\"color: #ff6600;\"><strong><a style=\"color: #ff6600;\" href=\"https:\/\/ec.europa.eu\/competition\/state_aid\/what_is_new\/covid_19.html\" target=\"_blank\" rel=\"noopener noreferrer\" data-auth=\"NotApplicable\">aqu\u00ed<\/a><\/strong><\/span>\u00a0m\u00e1s informaci\u00f3n sobre el Marco Temporal y otras medidas adoptadas por la Comisi\u00f3n para abordar el impacto econ\u00f3mico de la pandemia de coronavirus.<\/p>\n","protected":false},"excerpt":{"rendered":"<p>La Comisi\u00f3n Europea ha aprobado el segundo r\u00e9gimen marco para respaldar a la econom\u00eda espa\u00f1ola en el contexto de la pandemia de coronavirus. El r\u00e9gimen fue aprobado en virtud del\u00a0Marco Temporal\u00a0relativo a las ayudas estatales, adoptado por la Comisi\u00f3n el 19 de marzo de 2020, y\u00a0modificado el 3 de abril de 2020. La vicepresidenta ejecutiva [&hellip;]<\/p>\n","protected":false},"author":1,"featured_media":983320,"comment_status":"closed","ping_status":"closed","sticky":false,"template":"","format":"standard","meta":{"footnotes":""},"categories":[141,187],"tags":[],"class_list":["post-1064081","post","type-post","status-publish","format-standard","has-post-thumbnail","hentry","category-destacadas","category-economia"],"aioseo_notices":[],"aioseo_head":"\n\t\t<!-- All in One SEO Pro 4.9.6.2 - aioseo.com -->\n\t<meta name=\"description\" content=\"La Comisi\u00f3n Europea ha aprobado el segundo r\u00e9gimen marco para respaldar a la econom\u00eda espa\u00f1ola en el contexto de la pandemia de coronavirus. El r\u00e9gimen fue aprobado en virtud del Marco Temporal relativo a las ayudas estatales, adoptado por la Comisi\u00f3n el 19 de marzo de 2020, y modificado el 3 de abril de 2020. La vicepresidenta ejecutiva\" \/>\n\t<meta name=\"robots\" content=\"max-image-preview:large\" \/>\n\t<meta name=\"author\" content=\"El Digital de Asturias\"\/>\n\t<meta name=\"google-site-verification\" content=\"UA-38556648-1\" \/>\n\t<meta name=\"msvalidate.01\" content=\"7dfe9f3f1b24437ab69f4f2559babe99\" \/>\n\t<meta name=\"keywords\" content=\"destacadas,econom\u00eda\" \/>\n\t<link rel=\"canonical\" href=\"https:\/\/www.eldigitaldeasturias.com\/noticias\/europa-apoyara-a-la-economia-espanola\/\" \/>\n\t<meta name=\"generator\" content=\"All in One SEO Pro (AIOSEO) 4.9.6.2\" \/>\n\t\t<meta property=\"og:locale\" content=\"es_ES\" \/>\n\t\t<meta property=\"og:site_name\" content=\"El Digital de Asturias\" \/>\n\t\t<meta property=\"og:type\" content=\"article\" \/>\n\t\t<meta property=\"og:title\" content=\"Europa apoyar\u00e1 a la econom\u00eda espa\u00f1ola - El Digital de Asturias\" \/>\n\t\t<meta property=\"og:description\" content=\"La Comisi\u00f3n Europea ha aprobado el segundo r\u00e9gimen marco para respaldar a la econom\u00eda espa\u00f1ola en el contexto de la pandemia de coronavirus. El r\u00e9gimen fue aprobado en virtud del Marco Temporal relativo a las ayudas estatales, adoptado por la Comisi\u00f3n el 19 de marzo de 2020, y modificado el 3 de abril de 2020. La vicepresidenta ejecutiva\" \/>\n\t\t<meta property=\"og:url\" content=\"https:\/\/www.eldigitaldeasturias.com\/noticias\/europa-apoyara-a-la-economia-espanola\/\" \/>\n\t\t<meta property=\"og:image\" content=\"https:\/\/www.eldigitaldeasturias.com\/noticias\/wp-content\/uploads\/2018\/06\/blue-1283011_960_720.jpg\" \/>\n\t\t<meta property=\"og:image:secure_url\" content=\"https:\/\/www.eldigitaldeasturias.com\/noticias\/wp-content\/uploads\/2018\/06\/blue-1283011_960_720.jpg\" \/>\n\t\t<meta property=\"og:image:width\" content=\"960\" \/>\n\t\t<meta property=\"og:image:height\" content=\"671\" \/>\n\t\t<meta property=\"article:tag\" content=\"destacadas\" \/>\n\t\t<meta property=\"article:tag\" content=\"econom\u00eda\" \/>\n\t\t<meta property=\"article:published_time\" content=\"2020-04-25T16:14:38+00:00\" \/>\n\t\t<meta property=\"article:modified_time\" content=\"2020-04-25T16:14:38+00:00\" \/>\n\t\t<meta property=\"article:publisher\" content=\"https:\/\/facebook.com\/eldigitaldeasturias\" \/>\n\t\t<meta name=\"twitter:card\" content=\"summary_large_image\" \/>\n\t\t<meta name=\"twitter:title\" content=\"Europa apoyar\u00e1 a la econom\u00eda espa\u00f1ola - El Digital de Asturias\" \/>\n\t\t<meta name=\"twitter:description\" content=\"La Comisi\u00f3n Europea ha aprobado el segundo r\u00e9gimen marco para respaldar a la econom\u00eda espa\u00f1ola en el contexto de la pandemia de coronavirus. El r\u00e9gimen fue aprobado en virtud del Marco Temporal relativo a las ayudas estatales, adoptado por la Comisi\u00f3n el 19 de marzo de 2020, y modificado el 3 de abril de 2020. La vicepresidenta ejecutiva\" \/>\n\t\t<meta name=\"twitter:image\" content=\"https:\/\/www.eldigitaldeasturias.com\/noticias\/wp-content\/uploads\/2018\/06\/blue-1283011_960_720.jpg\" \/>\n\t\t<meta name=\"twitter:label1\" content=\"Escrito por\" \/>\n\t\t<meta name=\"twitter:data1\" content=\"El Digital de Asturias\" \/>\n\t\t<meta name=\"twitter:label2\" content=\"Tiempo de lectura estimado\" \/>\n\t\t<meta name=\"twitter:data2\" content=\"9 minutos\" \/>\n\t\t<script type=\"application\/ld+json\" class=\"aioseo-schema\">\n\t\t\t{\"@context\":\"https:\\\/\\\/schema.org\",\"@graph\":[{\"@type\":\"BlogPosting\",\"@id\":\"https:\\\/\\\/www.eldigitaldeasturias.com\\\/noticias\\\/europa-apoyara-a-la-economia-espanola\\\/#blogposting\",\"name\":\"Europa apoyar\\u00e1 a la econom\\u00eda espa\\u00f1ola - El Digital de Asturias\",\"headline\":\"Europa apoyar\\u00e1 a la econom\\u00eda espa\\u00f1ola\",\"author\":{\"@id\":\"https:\\\/\\\/www.eldigitaldeasturias.com\\\/noticias\\\/author\\\/admin\\\/#author\"},\"publisher\":{\"@id\":\"https:\\\/\\\/www.eldigitaldeasturias.com\\\/noticias\\\/#organization\"},\"image\":{\"@type\":\"ImageObject\",\"url\":\"https:\\\/\\\/www.eldigitaldeasturias.com\\\/noticias\\\/wp-content\\\/uploads\\\/2018\\\/06\\\/blue-1283011_960_720.jpg\",\"width\":960,\"height\":671},\"datePublished\":\"2020-04-25T16:14:38+02:00\",\"dateModified\":\"2020-04-25T16:14:38+02:00\",\"inLanguage\":\"es-ES\",\"mainEntityOfPage\":{\"@id\":\"https:\\\/\\\/www.eldigitaldeasturias.com\\\/noticias\\\/europa-apoyara-a-la-economia-espanola\\\/#webpage\"},\"isPartOf\":{\"@id\":\"https:\\\/\\\/www.eldigitaldeasturias.com\\\/noticias\\\/europa-apoyara-a-la-economia-espanola\\\/#webpage\"},\"articleSection\":\"Destacadas, Econom\\u00eda\"},{\"@type\":\"BreadcrumbList\",\"@id\":\"https:\\\/\\\/www.eldigitaldeasturias.com\\\/noticias\\\/europa-apoyara-a-la-economia-espanola\\\/#breadcrumblist\",\"itemListElement\":[{\"@type\":\"ListItem\",\"@id\":\"https:\\\/\\\/www.eldigitaldeasturias.com\\\/noticias#listItem\",\"position\":1,\"name\":\"Home\",\"item\":\"https:\\\/\\\/www.eldigitaldeasturias.com\\\/noticias\",\"nextItem\":{\"@type\":\"ListItem\",\"@id\":\"https:\\\/\\\/www.eldigitaldeasturias.com\\\/noticias\\\/category\\\/destacadas\\\/#listItem\",\"name\":\"Destacadas\"}},{\"@type\":\"ListItem\",\"@id\":\"https:\\\/\\\/www.eldigitaldeasturias.com\\\/noticias\\\/category\\\/destacadas\\\/#listItem\",\"position\":2,\"name\":\"Destacadas\",\"item\":\"https:\\\/\\\/www.eldigitaldeasturias.com\\\/noticias\\\/category\\\/destacadas\\\/\",\"nextItem\":{\"@type\":\"ListItem\",\"@id\":\"https:\\\/\\\/www.eldigitaldeasturias.com\\\/noticias\\\/europa-apoyara-a-la-economia-espanola\\\/#listItem\",\"name\":\"Europa apoyar\\u00e1 a la econom\\u00eda espa\\u00f1ola\"},\"previousItem\":{\"@type\":\"ListItem\",\"@id\":\"https:\\\/\\\/www.eldigitaldeasturias.com\\\/noticias#listItem\",\"name\":\"Home\"}},{\"@type\":\"ListItem\",\"@id\":\"https:\\\/\\\/www.eldigitaldeasturias.com\\\/noticias\\\/europa-apoyara-a-la-economia-espanola\\\/#listItem\",\"position\":3,\"name\":\"Europa apoyar\\u00e1 a la econom\\u00eda espa\\u00f1ola\",\"previousItem\":{\"@type\":\"ListItem\",\"@id\":\"https:\\\/\\\/www.eldigitaldeasturias.com\\\/noticias\\\/category\\\/destacadas\\\/#listItem\",\"name\":\"Destacadas\"}}]},{\"@type\":\"Organization\",\"@id\":\"https:\\\/\\\/www.eldigitaldeasturias.com\\\/noticias\\\/#organization\",\"name\":\"El Digital de Asturias\",\"description\":\"Hemeroteca\",\"url\":\"https:\\\/\\\/www.eldigitaldeasturias.com\\\/noticias\\\/\",\"email\":\"info@eldigitaldeasturias.com\",\"telephone\":\"+34652131393\",\"logo\":{\"@type\":\"ImageObject\",\"url\":\"https:\\\/\\\/www.eldigitaldeasturias.com\\\/noticias\\\/wp-content\\\/uploads\\\/2020\\\/12\\\/EDA.jpg\",\"@id\":\"https:\\\/\\\/www.eldigitaldeasturias.com\\\/noticias\\\/europa-apoyara-a-la-economia-espanola\\\/#organizationLogo\",\"width\":649,\"height\":297},\"image\":{\"@id\":\"https:\\\/\\\/www.eldigitaldeasturias.com\\\/noticias\\\/europa-apoyara-a-la-economia-espanola\\\/#organizationLogo\"},\"sameAs\":[\"https:\\\/\\\/facebook.com\\\/eldigitaldeasturias\",\"https:\\\/\\\/www.youtube.com\\\/channel\\\/UCZP-2wLEB9Rv6erhFmqVnvg\"],\"address\":{\"@id\":\"https:\\\/\\\/www.eldigitaldeasturias.com\\\/noticias\\\/#postaladdress\",\"@type\":\"PostalAddress\",\"streetAddress\":\"san antonio 4,\",\"postalCode\":\"33430\",\"addressLocality\":\"Cand\\u00e1s\",\"addressRegion\":\"Asturias\",\"addressCountry\":\"ES\"}},{\"@type\":\"Person\",\"@id\":\"https:\\\/\\\/www.eldigitaldeasturias.com\\\/noticias\\\/author\\\/admin\\\/#author\",\"url\":\"https:\\\/\\\/www.eldigitaldeasturias.com\\\/noticias\\\/author\\\/admin\\\/\",\"name\":\"El Digital de Asturias\",\"image\":{\"@type\":\"ImageObject\",\"@id\":\"https:\\\/\\\/www.eldigitaldeasturias.com\\\/noticias\\\/europa-apoyara-a-la-economia-espanola\\\/#authorImage\",\"url\":\"https:\\\/\\\/www.eldigitaldeasturias.com\\\/noticias\\\/wp-content\\\/litespeed\\\/avatar\\\/18677e78aa0546b92d9dbf31ec7d7668.jpg?ver=1777290358\",\"width\":96,\"height\":96,\"caption\":\"El Digital de Asturias\"}},{\"@type\":\"WebPage\",\"@id\":\"https:\\\/\\\/www.eldigitaldeasturias.com\\\/noticias\\\/europa-apoyara-a-la-economia-espanola\\\/#webpage\",\"url\":\"https:\\\/\\\/www.eldigitaldeasturias.com\\\/noticias\\\/europa-apoyara-a-la-economia-espanola\\\/\",\"name\":\"Europa apoyar\\u00e1 a la econom\\u00eda espa\\u00f1ola - El Digital de Asturias\",\"description\":\"La Comisi\\u00f3n Europea ha aprobado el segundo r\\u00e9gimen marco para respaldar a la econom\\u00eda espa\\u00f1ola en el contexto de la pandemia de coronavirus. El r\\u00e9gimen fue aprobado en virtud del Marco Temporal relativo a las ayudas estatales, adoptado por la Comisi\\u00f3n el 19 de marzo de 2020, y modificado el 3 de abril de 2020. La vicepresidenta ejecutiva\",\"inLanguage\":\"es-ES\",\"isPartOf\":{\"@id\":\"https:\\\/\\\/www.eldigitaldeasturias.com\\\/noticias\\\/#website\"},\"breadcrumb\":{\"@id\":\"https:\\\/\\\/www.eldigitaldeasturias.com\\\/noticias\\\/europa-apoyara-a-la-economia-espanola\\\/#breadcrumblist\"},\"author\":{\"@id\":\"https:\\\/\\\/www.eldigitaldeasturias.com\\\/noticias\\\/author\\\/admin\\\/#author\"},\"creator\":{\"@id\":\"https:\\\/\\\/www.eldigitaldeasturias.com\\\/noticias\\\/author\\\/admin\\\/#author\"},\"image\":{\"@type\":\"ImageObject\",\"url\":\"https:\\\/\\\/www.eldigitaldeasturias.com\\\/noticias\\\/wp-content\\\/uploads\\\/2018\\\/06\\\/blue-1283011_960_720.jpg\",\"@id\":\"https:\\\/\\\/www.eldigitaldeasturias.com\\\/noticias\\\/europa-apoyara-a-la-economia-espanola\\\/#mainImage\",\"width\":960,\"height\":671},\"primaryImageOfPage\":{\"@id\":\"https:\\\/\\\/www.eldigitaldeasturias.com\\\/noticias\\\/europa-apoyara-a-la-economia-espanola\\\/#mainImage\"},\"datePublished\":\"2020-04-25T16:14:38+02:00\",\"dateModified\":\"2020-04-25T16:14:38+02:00\"},{\"@type\":\"WebSite\",\"@id\":\"https:\\\/\\\/www.eldigitaldeasturias.com\\\/noticias\\\/#website\",\"url\":\"https:\\\/\\\/www.eldigitaldeasturias.com\\\/noticias\\\/\",\"name\":\"El Digital de Asturias - Diario de actualidad y noticias\",\"alternateName\":\"El Digital de Asturias - Diario de actualidad y noticias\",\"description\":\"Hemeroteca\",\"inLanguage\":\"es-ES\",\"publisher\":{\"@id\":\"https:\\\/\\\/www.eldigitaldeasturias.com\\\/noticias\\\/#organization\"}}]}\n\t\t<\/script>\n\t\t<!-- All in One SEO Pro -->\r\n\t\t<title>Europa apoyar\u00e1 a la econom\u00eda espa\u00f1ola - El Digital de Asturias<\/title>\n\n","aioseo_head_json":{"title":"Europa apoyar\u00e1 a la econom\u00eda espa\u00f1ola - El Digital de Asturias","description":"La Comisi\u00f3n Europea ha aprobado el segundo r\u00e9gimen marco para respaldar a la econom\u00eda espa\u00f1ola en el contexto de la pandemia de coronavirus. El r\u00e9gimen fue aprobado en virtud del Marco Temporal relativo a las ayudas estatales, adoptado por la Comisi\u00f3n el 19 de marzo de 2020, y modificado el 3 de abril de 2020. La vicepresidenta ejecutiva","canonical_url":"https:\/\/www.eldigitaldeasturias.com\/noticias\/europa-apoyara-a-la-economia-espanola\/","robots":"max-image-preview:large","keywords":"destacadas,econom\u00eda","webmasterTools":{"google-site-verification":"UA-38556648-1","msvalidate.01":"7dfe9f3f1b24437ab69f4f2559babe99","miscellaneous":""},"schema":{"@context":"https:\/\/schema.org","@graph":[{"@type":"BlogPosting","@id":"https:\/\/www.eldigitaldeasturias.com\/noticias\/europa-apoyara-a-la-economia-espanola\/#blogposting","name":"Europa apoyar\u00e1 a la econom\u00eda espa\u00f1ola - El Digital de Asturias","headline":"Europa apoyar\u00e1 a la econom\u00eda espa\u00f1ola","author":{"@id":"https:\/\/www.eldigitaldeasturias.com\/noticias\/author\/admin\/#author"},"publisher":{"@id":"https:\/\/www.eldigitaldeasturias.com\/noticias\/#organization"},"image":{"@type":"ImageObject","url":"https:\/\/www.eldigitaldeasturias.com\/noticias\/wp-content\/uploads\/2018\/06\/blue-1283011_960_720.jpg","width":960,"height":671},"datePublished":"2020-04-25T16:14:38+02:00","dateModified":"2020-04-25T16:14:38+02:00","inLanguage":"es-ES","mainEntityOfPage":{"@id":"https:\/\/www.eldigitaldeasturias.com\/noticias\/europa-apoyara-a-la-economia-espanola\/#webpage"},"isPartOf":{"@id":"https:\/\/www.eldigitaldeasturias.com\/noticias\/europa-apoyara-a-la-economia-espanola\/#webpage"},"articleSection":"Destacadas, Econom\u00eda"},{"@type":"BreadcrumbList","@id":"https:\/\/www.eldigitaldeasturias.com\/noticias\/europa-apoyara-a-la-economia-espanola\/#breadcrumblist","itemListElement":[{"@type":"ListItem","@id":"https:\/\/www.eldigitaldeasturias.com\/noticias#listItem","position":1,"name":"Home","item":"https:\/\/www.eldigitaldeasturias.com\/noticias","nextItem":{"@type":"ListItem","@id":"https:\/\/www.eldigitaldeasturias.com\/noticias\/category\/destacadas\/#listItem","name":"Destacadas"}},{"@type":"ListItem","@id":"https:\/\/www.eldigitaldeasturias.com\/noticias\/category\/destacadas\/#listItem","position":2,"name":"Destacadas","item":"https:\/\/www.eldigitaldeasturias.com\/noticias\/category\/destacadas\/","nextItem":{"@type":"ListItem","@id":"https:\/\/www.eldigitaldeasturias.com\/noticias\/europa-apoyara-a-la-economia-espanola\/#listItem","name":"Europa apoyar\u00e1 a la econom\u00eda espa\u00f1ola"},"previousItem":{"@type":"ListItem","@id":"https:\/\/www.eldigitaldeasturias.com\/noticias#listItem","name":"Home"}},{"@type":"ListItem","@id":"https:\/\/www.eldigitaldeasturias.com\/noticias\/europa-apoyara-a-la-economia-espanola\/#listItem","position":3,"name":"Europa apoyar\u00e1 a la econom\u00eda espa\u00f1ola","previousItem":{"@type":"ListItem","@id":"https:\/\/www.eldigitaldeasturias.com\/noticias\/category\/destacadas\/#listItem","name":"Destacadas"}}]},{"@type":"Organization","@id":"https:\/\/www.eldigitaldeasturias.com\/noticias\/#organization","name":"El Digital de Asturias","description":"Hemeroteca","url":"https:\/\/www.eldigitaldeasturias.com\/noticias\/","email":"info@eldigitaldeasturias.com","telephone":"+34652131393","logo":{"@type":"ImageObject","url":"https:\/\/www.eldigitaldeasturias.com\/noticias\/wp-content\/uploads\/2020\/12\/EDA.jpg","@id":"https:\/\/www.eldigitaldeasturias.com\/noticias\/europa-apoyara-a-la-economia-espanola\/#organizationLogo","width":649,"height":297},"image":{"@id":"https:\/\/www.eldigitaldeasturias.com\/noticias\/europa-apoyara-a-la-economia-espanola\/#organizationLogo"},"sameAs":["https:\/\/facebook.com\/eldigitaldeasturias","https:\/\/www.youtube.com\/channel\/UCZP-2wLEB9Rv6erhFmqVnvg"],"address":{"@id":"https:\/\/www.eldigitaldeasturias.com\/noticias\/#postaladdress","@type":"PostalAddress","streetAddress":"san antonio 4,","postalCode":"33430","addressLocality":"Cand\u00e1s","addressRegion":"Asturias","addressCountry":"ES"}},{"@type":"Person","@id":"https:\/\/www.eldigitaldeasturias.com\/noticias\/author\/admin\/#author","url":"https:\/\/www.eldigitaldeasturias.com\/noticias\/author\/admin\/","name":"El Digital de Asturias","image":{"@type":"ImageObject","@id":"https:\/\/www.eldigitaldeasturias.com\/noticias\/europa-apoyara-a-la-economia-espanola\/#authorImage","url":"https:\/\/www.eldigitaldeasturias.com\/noticias\/wp-content\/litespeed\/avatar\/18677e78aa0546b92d9dbf31ec7d7668.jpg?ver=1777290358","width":96,"height":96,"caption":"El Digital de Asturias"}},{"@type":"WebPage","@id":"https:\/\/www.eldigitaldeasturias.com\/noticias\/europa-apoyara-a-la-economia-espanola\/#webpage","url":"https:\/\/www.eldigitaldeasturias.com\/noticias\/europa-apoyara-a-la-economia-espanola\/","name":"Europa apoyar\u00e1 a la econom\u00eda espa\u00f1ola - El Digital de Asturias","description":"La Comisi\u00f3n Europea ha aprobado el segundo r\u00e9gimen marco para respaldar a la econom\u00eda espa\u00f1ola en el contexto de la pandemia de coronavirus. El r\u00e9gimen fue aprobado en virtud del Marco Temporal relativo a las ayudas estatales, adoptado por la Comisi\u00f3n el 19 de marzo de 2020, y modificado el 3 de abril de 2020. La vicepresidenta ejecutiva","inLanguage":"es-ES","isPartOf":{"@id":"https:\/\/www.eldigitaldeasturias.com\/noticias\/#website"},"breadcrumb":{"@id":"https:\/\/www.eldigitaldeasturias.com\/noticias\/europa-apoyara-a-la-economia-espanola\/#breadcrumblist"},"author":{"@id":"https:\/\/www.eldigitaldeasturias.com\/noticias\/author\/admin\/#author"},"creator":{"@id":"https:\/\/www.eldigitaldeasturias.com\/noticias\/author\/admin\/#author"},"image":{"@type":"ImageObject","url":"https:\/\/www.eldigitaldeasturias.com\/noticias\/wp-content\/uploads\/2018\/06\/blue-1283011_960_720.jpg","@id":"https:\/\/www.eldigitaldeasturias.com\/noticias\/europa-apoyara-a-la-economia-espanola\/#mainImage","width":960,"height":671},"primaryImageOfPage":{"@id":"https:\/\/www.eldigitaldeasturias.com\/noticias\/europa-apoyara-a-la-economia-espanola\/#mainImage"},"datePublished":"2020-04-25T16:14:38+02:00","dateModified":"2020-04-25T16:14:38+02:00"},{"@type":"WebSite","@id":"https:\/\/www.eldigitaldeasturias.com\/noticias\/#website","url":"https:\/\/www.eldigitaldeasturias.com\/noticias\/","name":"El Digital de Asturias - Diario de actualidad y noticias","alternateName":"El Digital de Asturias - Diario de actualidad y noticias","description":"Hemeroteca","inLanguage":"es-ES","publisher":{"@id":"https:\/\/www.eldigitaldeasturias.com\/noticias\/#organization"}}]},"og:locale":"es_ES","og:site_name":"El Digital de Asturias","og:type":"article","og:title":"Europa apoyar\u00e1 a la econom\u00eda espa\u00f1ola - El Digital de Asturias","og:description":"La Comisi\u00f3n Europea ha aprobado el segundo r\u00e9gimen marco para respaldar a la econom\u00eda espa\u00f1ola en el contexto de la pandemia de coronavirus. El r\u00e9gimen fue aprobado en virtud del Marco Temporal relativo a las ayudas estatales, adoptado por la Comisi\u00f3n el 19 de marzo de 2020, y modificado el 3 de abril de 2020. La vicepresidenta ejecutiva","og:url":"https:\/\/www.eldigitaldeasturias.com\/noticias\/europa-apoyara-a-la-economia-espanola\/","og:image":"https:\/\/www.eldigitaldeasturias.com\/noticias\/wp-content\/uploads\/2018\/06\/blue-1283011_960_720.jpg","og:image:secure_url":"https:\/\/www.eldigitaldeasturias.com\/noticias\/wp-content\/uploads\/2018\/06\/blue-1283011_960_720.jpg","og:image:width":960,"og:image:height":671,"article:tag":["destacadas","econom\u00eda"],"article:published_time":"2020-04-25T16:14:38+00:00","article:modified_time":"2020-04-25T16:14:38+00:00","article:publisher":"https:\/\/facebook.com\/eldigitaldeasturias","twitter:card":"summary_large_image","twitter:title":"Europa apoyar\u00e1 a la econom\u00eda espa\u00f1ola - El Digital de Asturias","twitter:description":"La Comisi\u00f3n Europea ha aprobado el segundo r\u00e9gimen marco para respaldar a la econom\u00eda espa\u00f1ola en el contexto de la pandemia de coronavirus. El r\u00e9gimen fue aprobado en virtud del Marco Temporal relativo a las ayudas estatales, adoptado por la Comisi\u00f3n el 19 de marzo de 2020, y modificado el 3 de abril de 2020. La vicepresidenta ejecutiva","twitter:image":"https:\/\/www.eldigitaldeasturias.com\/noticias\/wp-content\/uploads\/2018\/06\/blue-1283011_960_720.jpg","twitter:label1":"Escrito por","twitter:data1":"El Digital de Asturias","twitter:label2":"Tiempo de lectura estimado","twitter:data2":"9 minutos"},"aioseo_meta_data":{"post_id":"1064081","title":null,"description":null,"keywords":null,"keyphrases":null,"primary_term":null,"canonical_url":null,"og_title":null,"og_description":null,"og_object_type":"default","og_image_type":"default","og_image_url":null,"og_image_width":null,"og_image_height":null,"og_image_custom_url":null,"og_image_custom_fields":null,"og_video":null,"og_custom_url":null,"og_article_section":null,"og_article_tags":null,"twitter_use_og":false,"twitter_card":"default","twitter_image_type":"default","twitter_image_url":null,"twitter_image_custom_url":null,"twitter_image_custom_fields":null,"twitter_title":null,"twitter_description":null,"schema":{"blockGraphs":[],"customGraphs":[],"default":{"data":{"Article":[],"Course":[],"Dataset":[],"FAQPage":[],"Movie":[],"Person":[],"Product":[],"ProductReview":[],"Car":[],"Recipe":[],"Service":[],"SoftwareApplication":[],"WebPage":[]},"graphName":"","isEnabled":true},"graphs":[],"defaultGraph":"","defaultPostTypeGraph":""},"schema_type":null,"schema_type_options":null,"pillar_content":false,"robots_default":true,"robots_noindex":false,"robots_noarchive":false,"robots_nosnippet":false,"robots_nofollow":false,"robots_noimageindex":false,"robots_noodp":false,"robots_notranslate":false,"robots_max_snippet":null,"robots_max_videopreview":null,"robots_max_imagepreview":"large","priority":null,"frequency":null,"local_seo":null,"seo_analyzer_scan_date":"2025-09-12 08:11:49","breadcrumb_settings":null,"limit_modified_date":false,"open_ai":null,"ai":null,"created":"2020-12-21 10:51:11","updated":"2025-09-12 08:11:49"},"aioseo_breadcrumb":"<div class=\"aioseo-breadcrumbs\"><span class=\"aioseo-breadcrumb\">\n\t<a href=\"https:\/\/www.eldigitaldeasturias.com\/noticias\" title=\"Home\">Home<\/a>\n<\/span><span class=\"aioseo-breadcrumb-separator\">\u2013<\/span><span class=\"aioseo-breadcrumb\">\n\t<a href=\"https:\/\/www.eldigitaldeasturias.com\/noticias\/category\/destacadas\/\" title=\"Destacadas\">Destacadas<\/a>\n<\/span><span class=\"aioseo-breadcrumb-separator\">\u2013<\/span><span class=\"aioseo-breadcrumb\">\n\t<a href=\"https:\/\/www.eldigitaldeasturias.com\/noticias\/europa-apoyara-a-la-economia-espanola\/\" title=\"Europa apoyar\u00e1 a la econom\u00eda espa\u00f1ola\">Europa apoyar\u00e1 a la econom\u00eda espa\u00f1ola<\/a>\n<\/span><\/div>","aioseo_breadcrumb_json":[{"label":"Home","link":"https:\/\/www.eldigitaldeasturias.com\/noticias"},{"label":"Destacadas","link":"https:\/\/www.eldigitaldeasturias.com\/noticias\/category\/destacadas\/"},{"label":"Europa apoyar\u00e1 a la econom\u00eda espa\u00f1ola","link":"https:\/\/www.eldigitaldeasturias.com\/noticias\/europa-apoyara-a-la-economia-espanola\/"}],"_links":{"self":[{"href":"https:\/\/www.eldigitaldeasturias.com\/noticias\/wp-json\/wp\/v2\/posts\/1064081","targetHints":{"allow":["GET"]}}],"collection":[{"href":"https:\/\/www.eldigitaldeasturias.com\/noticias\/wp-json\/wp\/v2\/posts"}],"about":[{"href":"https:\/\/www.eldigitaldeasturias.com\/noticias\/wp-json\/wp\/v2\/types\/post"}],"author":[{"embeddable":true,"href":"https:\/\/www.eldigitaldeasturias.com\/noticias\/wp-json\/wp\/v2\/users\/1"}],"replies":[{"embeddable":true,"href":"https:\/\/www.eldigitaldeasturias.com\/noticias\/wp-json\/wp\/v2\/comments?post=1064081"}],"version-history":[{"count":0,"href":"https:\/\/www.eldigitaldeasturias.com\/noticias\/wp-json\/wp\/v2\/posts\/1064081\/revisions"}],"wp:featuredmedia":[{"embeddable":true,"href":"https:\/\/www.eldigitaldeasturias.com\/noticias\/wp-json\/wp\/v2\/media\/983320"}],"wp:attachment":[{"href":"https:\/\/www.eldigitaldeasturias.com\/noticias\/wp-json\/wp\/v2\/media?parent=1064081"}],"wp:term":[{"taxonomy":"category","embeddable":true,"href":"https:\/\/www.eldigitaldeasturias.com\/noticias\/wp-json\/wp\/v2\/categories?post=1064081"},{"taxonomy":"post_tag","embeddable":true,"href":"https:\/\/www.eldigitaldeasturias.com\/noticias\/wp-json\/wp\/v2\/tags?post=1064081"}],"curies":[{"name":"wp","href":"https:\/\/api.w.org\/{rel}","templated":true}]}}