{"id":1064060,"date":"2020-04-25T13:42:00","date_gmt":"2020-04-25T13:42:00","guid":{"rendered":"https:\/\/www.eldigitaldeasturias.com\/noticias\/?p=1064060"},"modified":"2020-04-25T13:42:00","modified_gmt":"2020-04-25T13:42:00","slug":"la-serra-da-estrela-naturaleza-y-tradicion-portuguesas","status":"publish","type":"post","link":"https:\/\/www.eldigitaldeasturias.com\/noticias\/la-serra-da-estrela-naturaleza-y-tradicion-portuguesas\/","title":{"rendered":"La Serra da Estrela, naturaleza y tradici\u00f3n portuguesas"},"content":{"rendered":"<p>(dpa) &#8211; El tiempo parece haberse detenido en esta antigua y hermosa sierra de Portugal. \u00abLa iglesia en lo alto del pueblo est\u00e1 cerrada\u00bb, indica amablemente un hombre al visitante que deambula por Alvoco da Serra. \u00abPero justo enfrente vive la se\u00f1ora que tiene las llaves\u00bb, a\u00f1ade. \u00abLlame con los nudillos a la puerta. La casa con postigos verdes\u00bb.<\/p>\n<figure id=\"attachment_1064061\" aria-describedby=\"caption-attachment-1064061\" style=\"width: 670px\" class=\"wp-caption aligncenter\"><img loading=\"lazy\" decoding=\"async\" class=\"wp-image-1064061\" src=\"https:\/\/www.eldigitaldeasturias.com\/noticias\/wp-content\/uploads\/2020\/04\/Serra-da-Estrela-360x239.jpg\" alt=\"\" width=\"670\" height=\"445\" srcset=\"https:\/\/www.eldigitaldeasturias.com\/noticias\/wp-content\/uploads\/2020\/04\/Serra-da-Estrela-360x239.jpg 360w, https:\/\/www.eldigitaldeasturias.com\/noticias\/wp-content\/uploads\/2020\/04\/Serra-da-Estrela-690x458.jpg 690w, https:\/\/www.eldigitaldeasturias.com\/noticias\/wp-content\/uploads\/2020\/04\/Serra-da-Estrela-452x300.jpg 452w, https:\/\/www.eldigitaldeasturias.com\/noticias\/wp-content\/uploads\/2020\/04\/Serra-da-Estrela-768x510.jpg 768w, https:\/\/www.eldigitaldeasturias.com\/noticias\/wp-content\/uploads\/2020\/04\/Serra-da-Estrela.jpg 1010w\" sizes=\"auto, (max-width: 670px) 100vw, 670px\" \/><figcaption id=\"caption-attachment-1064061\" class=\"wp-caption-text\">La peque\u00f1a ciudad de Loriga est\u00e1 rodeada de monta\u00f1as y se encuentra en medio del Parque Natural de la Serra da Estrela en Portugal. Foto: Andreas Drouve\/dpa-tmn\/dpa<\/figcaption><\/figure>\n<p>Elena Gomes, una mujer vivaz de unos 70 a\u00f1os, tiene efectivamente las llaves y se ofrece gustosa a abrir personalmente la iglesia de Nuestra Se\u00f1ora del Rosario, una aut\u00e9ntica joya barroca. En el interior, coro y techo est\u00e1n profusamente ornamentados. La se\u00f1ora Elena muestra al visitante las esculturas de la Virgen del Rosario y del Sagrado Coraz\u00f3n de Jes\u00fas, a cuyos pies se encuentra un fragante ramo de flores. \u00abLo hice yo\u00bb, dice orgullosa.<\/p>\n<h3>Un Portugal por descubrir<\/h3>\n<p>La amable se\u00f1ora es uno de los 105 habitantes de Alvoco da Serra, un pueblo de casitas con tejados rojizos y calles escarpadas al sur de la Serra da Estrela. Los viajeros se acercan a estas monta\u00f1as atra\u00eddos por las solitarias rutas de senderismo, los arroyos y cascadas de aguas cristalinas y la autenticidad de sus pueblos, donde se dir\u00eda que el tiempo se detuvo hace d\u00e9cadas y en los que la cultura pastoral a\u00fan est\u00e1 viva.<\/p>\n<p>Uno puede elegir entre pasear por mesetas o a trav\u00e9s de densos bosques. En el valle de Rossim se encuentra un magn\u00edfico lago. El nacimiento del r\u00edo Mondego est\u00e1 m\u00e1s arriba, all\u00e1 comienza su viaje de 227 kil\u00f3metros hasta el Atl\u00e1ntico. Manchas de flores amarillas y violetas colorean el paisaje. Al pie de las monta\u00f1as se encuentran peque\u00f1as localidades que rezuman paz, como la aldea Valezim, cuyas construcciones sacras que vale la pena visitar.<\/p>\n<h3>Caminar en la m\u00e1s bella soledad<\/h3>\n<p>La variada naturaleza monta\u00f1osa puede explorarse, por ejemplo, en el sendero circular de la Rota das Canadas, que comienza en Alvoco da Serra. El aire huele a pinos, enebro y eucalipto. Las mariposas danzan sobre los pastos, los lagartos se escabullen entre las rocas. Un arroyo serpentea valle abajo. Rudimentarias casas de piedra sirven como refugio a pastores. Se dir\u00eda que las concurridas playas y bulliciosas ciudades portuguesas est\u00e1n al otro extremo del mundo.<\/p>\n<h3>Cocina casera a un precio justo<\/h3>\n<p>Adem\u00e1s de hoteles y pensiones, algunas casas privadas ofrecen alquiler de habitaciones donde, incluso en verano, en plena temporada alta, una habitaci\u00f3n doble con desayuno incluido cuesta unos 45 euros (50 d\u00f3lares). A aquellos que se detengan en restaurantes como O Vicente, cerca de Loriga, les servir\u00e1n porciones tan enormes de comida casera por unos 11 euros que no conseguir\u00e1n terminar el plato.<\/p>\n<h3>Un bosque de cuento<\/h3>\n<p>El turismo de masas es desconocido en la Serra da Estrela. Uno disfruta de esa maravillosa soledad en Rota da Cani\u00e7a, sendero tambi\u00e9n circular. El camino empieza en la poblaci\u00f3n Lapa dos Dinheiros, a la altura de la iglesia. El silencio envuelve al caminante apenas recorridos los primeros metros.<\/p>\n<p>Durante tres horas la ruta discurre entre helechos y casta\u00f1os. Es un bosque de cuento, el musgo y los l\u00edquenes cubren los troncos de los \u00e1rboles. La luz atraviesa el follaje, se\u00f1ales en rojo y amarillo pintadas en las rocas indican el camino. En los d\u00edas c\u00e1lidos, Praia Fluvial, una playa a la vera del r\u00edo, invita a ba\u00f1arse en las aguas cristalinas. El aroma a lavanda lo invade todo.<\/p>\n<h3>F\u00e1brica de hilado de lana de oveja<\/h3>\n<p>El punto de entrada oriental en las altas monta\u00f1as es la peque\u00f1a ciudad de Manteigas, situada en el valle del Z\u00eazere. El agua del r\u00edo es aqu\u00ed bienvenida para limpiar la materia prima de la f\u00e1brica de hilado de lana de oveja. Aqu\u00ed se elaboran bolsos y abrigos con dise\u00f1os de moda que son exportados a decenas de pa\u00edses. Las visitas guiadas conducen a la sala principal, donde un antiguo parque de m\u00e1quinas tejedoras traquetea ruidoso, mientras un grupo de mujeres cose a mano en silencio.<\/p>\n<h3>Los pastores y el queso tradicional<\/h3>\n<p>La especialidad culinaria de la Serra da Estrela es el queso de monta\u00f1a, el \u00abqueijo da serra\u00bb. Est\u00e1 hecho por pastores como Fernando Jorge Nunes Cardoso, de 43 a\u00f1os, y Armando Jorge Abreu, de 51, cuyos padres y abuelos tambi\u00e9n fueron pastores. Abreu es reservado y fuma mientras Cardoso explica que hacen falta al menos cinco litros de leche de oveja para producir un kilo de queso y que las ovejas de la raza bordaleira ofrecen la de mejor calidad.<\/p>\n<p>Cardoso ya no es pastor trashumante. Luis do Cruz, de 58 a\u00f1os, contin\u00faa con esta pr\u00e1ctica ancestral. Se desplaza junto a sus ovejas a los pastos m\u00e1s abundantes de las regiones m\u00e1s altas y no regresa hasta dos o tres meses despu\u00e9s. Hace a\u00f1os sol\u00eda pasar las noches a la intemperie, \u00fanicamente con mantas para protegerse de la lluvia. \u00bfY ahora? \u00abDduermo en mi coche\u00bb, contesta lac\u00f3nico.<\/p>\n<p><i class=\"lang-es\"><span class=\" readonly\" title=\"\">Por Andreas Drouve (dpa)<\/span><\/i><\/p>\n<p>&nbsp;<\/p>\n","protected":false},"excerpt":{"rendered":"<p>(dpa) &#8211; El tiempo parece haberse detenido en esta antigua y hermosa sierra de Portugal. \u00abLa iglesia en lo alto del pueblo est\u00e1 cerrada\u00bb, indica amablemente un hombre al visitante que deambula por Alvoco da Serra. \u00abPero justo enfrente vive la se\u00f1ora que tiene las llaves\u00bb, a\u00f1ade. \u00abLlame con los nudillos a la puerta. La [&hellip;]<\/p>\n","protected":false},"author":1,"featured_media":1064061,"comment_status":"closed","ping_status":"closed","sticky":false,"template":"","format":"standard","meta":{"footnotes":""},"categories":[148],"tags":[],"class_list":["post-1064060","post","type-post","status-publish","format-standard","has-post-thumbnail","hentry","category-turismo"],"aioseo_notices":[],"aioseo_head":"\n\t\t<!-- All in One SEO Pro 4.9.6.2 - aioseo.com -->\n\t<meta name=\"description\" content=\"(dpa) - El tiempo parece haberse detenido en esta antigua y hermosa sierra de Portugal. &quot;La iglesia en lo alto del pueblo est\u00e1 cerrada&quot;, indica amablemente un hombre al visitante que deambula por Alvoco da Serra. &quot;Pero justo enfrente vive la se\u00f1ora que tiene las llaves&quot;, a\u00f1ade. &quot;Llame con los nudillos a la puerta. La\" \/>\n\t<meta name=\"robots\" content=\"max-image-preview:large\" \/>\n\t<meta name=\"author\" content=\"El Digital de Asturias\"\/>\n\t<meta name=\"google-site-verification\" content=\"UA-38556648-1\" \/>\n\t<meta name=\"msvalidate.01\" content=\"7dfe9f3f1b24437ab69f4f2559babe99\" \/>\n\t<meta name=\"keywords\" content=\"turismo\" \/>\n\t<link rel=\"canonical\" href=\"https:\/\/www.eldigitaldeasturias.com\/noticias\/la-serra-da-estrela-naturaleza-y-tradicion-portuguesas\/\" \/>\n\t<meta name=\"generator\" content=\"All in One SEO Pro (AIOSEO) 4.9.6.2\" \/>\n\t\t<meta property=\"og:locale\" content=\"es_ES\" \/>\n\t\t<meta property=\"og:site_name\" content=\"El Digital de Asturias\" \/>\n\t\t<meta property=\"og:type\" content=\"article\" \/>\n\t\t<meta property=\"og:title\" content=\"La Serra da Estrela, naturaleza y tradici\u00f3n portuguesas - El Digital de Asturias\" \/>\n\t\t<meta property=\"og:description\" content=\"(dpa) - El tiempo parece haberse detenido en esta antigua y hermosa sierra de Portugal. &quot;La iglesia en lo alto del pueblo est\u00e1 cerrada&quot;, indica amablemente un hombre al visitante que deambula por Alvoco da Serra. &quot;Pero justo enfrente vive la se\u00f1ora que tiene las llaves&quot;, a\u00f1ade. &quot;Llame con los nudillos a la puerta. La\" \/>\n\t\t<meta property=\"og:url\" content=\"https:\/\/www.eldigitaldeasturias.com\/noticias\/la-serra-da-estrela-naturaleza-y-tradicion-portuguesas\/\" \/>\n\t\t<meta property=\"og:image\" content=\"https:\/\/www.eldigitaldeasturias.com\/noticias\/wp-content\/uploads\/2020\/04\/Serra-da-Estrela.jpg\" \/>\n\t\t<meta property=\"og:image:secure_url\" content=\"https:\/\/www.eldigitaldeasturias.com\/noticias\/wp-content\/uploads\/2020\/04\/Serra-da-Estrela.jpg\" \/>\n\t\t<meta property=\"og:image:width\" content=\"1010\" \/>\n\t\t<meta property=\"og:image:height\" content=\"671\" \/>\n\t\t<meta property=\"article:tag\" content=\"turismo\" \/>\n\t\t<meta property=\"article:published_time\" content=\"2020-04-25T13:42:00+00:00\" \/>\n\t\t<meta property=\"article:modified_time\" content=\"2020-04-25T13:42:00+00:00\" \/>\n\t\t<meta property=\"article:publisher\" content=\"https:\/\/facebook.com\/eldigitaldeasturias\" \/>\n\t\t<meta name=\"twitter:card\" content=\"summary_large_image\" \/>\n\t\t<meta name=\"twitter:title\" content=\"La Serra da Estrela, naturaleza y tradici\u00f3n portuguesas - El Digital de Asturias\" \/>\n\t\t<meta name=\"twitter:description\" content=\"(dpa) - El tiempo parece haberse detenido en esta antigua y hermosa sierra de Portugal. &quot;La iglesia en lo alto del pueblo est\u00e1 cerrada&quot;, indica amablemente un hombre al visitante que deambula por Alvoco da Serra. &quot;Pero justo enfrente vive la se\u00f1ora que tiene las llaves&quot;, a\u00f1ade. &quot;Llame con los nudillos a la puerta. La\" \/>\n\t\t<meta name=\"twitter:image\" content=\"https:\/\/www.eldigitaldeasturias.com\/noticias\/wp-content\/uploads\/2020\/04\/Serra-da-Estrela.jpg\" \/>\n\t\t<meta name=\"twitter:label1\" content=\"Escrito por\" \/>\n\t\t<meta name=\"twitter:data1\" content=\"El Digital de Asturias\" \/>\n\t\t<meta name=\"twitter:label2\" content=\"Tiempo de lectura estimado\" \/>\n\t\t<meta name=\"twitter:data2\" content=\"5 minutos\" \/>\n\t\t<script type=\"application\/ld+json\" class=\"aioseo-schema\">\n\t\t\t{\"@context\":\"https:\\\/\\\/schema.org\",\"@graph\":[{\"@type\":\"BlogPosting\",\"@id\":\"https:\\\/\\\/www.eldigitaldeasturias.com\\\/noticias\\\/la-serra-da-estrela-naturaleza-y-tradicion-portuguesas\\\/#blogposting\",\"name\":\"La Serra da Estrela, naturaleza y tradici\\u00f3n portuguesas - El Digital de Asturias\",\"headline\":\"La Serra da Estrela, naturaleza y tradici\\u00f3n portuguesas\",\"author\":{\"@id\":\"https:\\\/\\\/www.eldigitaldeasturias.com\\\/noticias\\\/author\\\/admin\\\/#author\"},\"publisher\":{\"@id\":\"https:\\\/\\\/www.eldigitaldeasturias.com\\\/noticias\\\/#organization\"},\"image\":{\"@type\":\"ImageObject\",\"url\":\"https:\\\/\\\/www.eldigitaldeasturias.com\\\/noticias\\\/wp-content\\\/uploads\\\/2020\\\/04\\\/Serra-da-Estrela.jpg\",\"width\":1010,\"height\":671,\"caption\":\"La peque\\u00f1a ciudad de Loriga est\\u00e1 rodeada de monta\\u00f1as y se encuentra en medio del Parque Natural de la Serra da Estrela en Portugal. Foto: Andreas Drouve\\\/dpa-tmn\\\/dpa\"},\"datePublished\":\"2020-04-25T13:42:00+02:00\",\"dateModified\":\"2020-04-25T13:42:00+02:00\",\"inLanguage\":\"es-ES\",\"mainEntityOfPage\":{\"@id\":\"https:\\\/\\\/www.eldigitaldeasturias.com\\\/noticias\\\/la-serra-da-estrela-naturaleza-y-tradicion-portuguesas\\\/#webpage\"},\"isPartOf\":{\"@id\":\"https:\\\/\\\/www.eldigitaldeasturias.com\\\/noticias\\\/la-serra-da-estrela-naturaleza-y-tradicion-portuguesas\\\/#webpage\"},\"articleSection\":\"Turismo\"},{\"@type\":\"BreadcrumbList\",\"@id\":\"https:\\\/\\\/www.eldigitaldeasturias.com\\\/noticias\\\/la-serra-da-estrela-naturaleza-y-tradicion-portuguesas\\\/#breadcrumblist\",\"itemListElement\":[{\"@type\":\"ListItem\",\"@id\":\"https:\\\/\\\/www.eldigitaldeasturias.com\\\/noticias#listItem\",\"position\":1,\"name\":\"Home\",\"item\":\"https:\\\/\\\/www.eldigitaldeasturias.com\\\/noticias\",\"nextItem\":{\"@type\":\"ListItem\",\"@id\":\"https:\\\/\\\/www.eldigitaldeasturias.com\\\/noticias\\\/category\\\/turismo\\\/#listItem\",\"name\":\"Turismo\"}},{\"@type\":\"ListItem\",\"@id\":\"https:\\\/\\\/www.eldigitaldeasturias.com\\\/noticias\\\/category\\\/turismo\\\/#listItem\",\"position\":2,\"name\":\"Turismo\",\"item\":\"https:\\\/\\\/www.eldigitaldeasturias.com\\\/noticias\\\/category\\\/turismo\\\/\",\"nextItem\":{\"@type\":\"ListItem\",\"@id\":\"https:\\\/\\\/www.eldigitaldeasturias.com\\\/noticias\\\/la-serra-da-estrela-naturaleza-y-tradicion-portuguesas\\\/#listItem\",\"name\":\"La Serra da Estrela, naturaleza y tradici\\u00f3n portuguesas\"},\"previousItem\":{\"@type\":\"ListItem\",\"@id\":\"https:\\\/\\\/www.eldigitaldeasturias.com\\\/noticias#listItem\",\"name\":\"Home\"}},{\"@type\":\"ListItem\",\"@id\":\"https:\\\/\\\/www.eldigitaldeasturias.com\\\/noticias\\\/la-serra-da-estrela-naturaleza-y-tradicion-portuguesas\\\/#listItem\",\"position\":3,\"name\":\"La Serra da Estrela, naturaleza y tradici\\u00f3n portuguesas\",\"previousItem\":{\"@type\":\"ListItem\",\"@id\":\"https:\\\/\\\/www.eldigitaldeasturias.com\\\/noticias\\\/category\\\/turismo\\\/#listItem\",\"name\":\"Turismo\"}}]},{\"@type\":\"Organization\",\"@id\":\"https:\\\/\\\/www.eldigitaldeasturias.com\\\/noticias\\\/#organization\",\"name\":\"El Digital de Asturias\",\"description\":\"Hemeroteca\",\"url\":\"https:\\\/\\\/www.eldigitaldeasturias.com\\\/noticias\\\/\",\"email\":\"info@eldigitaldeasturias.com\",\"telephone\":\"+34652131393\",\"logo\":{\"@type\":\"ImageObject\",\"url\":\"https:\\\/\\\/www.eldigitaldeasturias.com\\\/noticias\\\/wp-content\\\/uploads\\\/2020\\\/12\\\/EDA.jpg\",\"@id\":\"https:\\\/\\\/www.eldigitaldeasturias.com\\\/noticias\\\/la-serra-da-estrela-naturaleza-y-tradicion-portuguesas\\\/#organizationLogo\",\"width\":649,\"height\":297},\"image\":{\"@id\":\"https:\\\/\\\/www.eldigitaldeasturias.com\\\/noticias\\\/la-serra-da-estrela-naturaleza-y-tradicion-portuguesas\\\/#organizationLogo\"},\"sameAs\":[\"https:\\\/\\\/facebook.com\\\/eldigitaldeasturias\",\"https:\\\/\\\/www.youtube.com\\\/channel\\\/UCZP-2wLEB9Rv6erhFmqVnvg\"],\"address\":{\"@id\":\"https:\\\/\\\/www.eldigitaldeasturias.com\\\/noticias\\\/#postaladdress\",\"@type\":\"PostalAddress\",\"streetAddress\":\"san antonio 4,\",\"postalCode\":\"33430\",\"addressLocality\":\"Cand\\u00e1s\",\"addressRegion\":\"Asturias\",\"addressCountry\":\"ES\"}},{\"@type\":\"Person\",\"@id\":\"https:\\\/\\\/www.eldigitaldeasturias.com\\\/noticias\\\/author\\\/admin\\\/#author\",\"url\":\"https:\\\/\\\/www.eldigitaldeasturias.com\\\/noticias\\\/author\\\/admin\\\/\",\"name\":\"El Digital de Asturias\",\"image\":{\"@type\":\"ImageObject\",\"@id\":\"https:\\\/\\\/www.eldigitaldeasturias.com\\\/noticias\\\/la-serra-da-estrela-naturaleza-y-tradicion-portuguesas\\\/#authorImage\",\"url\":\"https:\\\/\\\/www.eldigitaldeasturias.com\\\/noticias\\\/wp-content\\\/litespeed\\\/avatar\\\/18677e78aa0546b92d9dbf31ec7d7668.jpg?ver=1776685526\",\"width\":96,\"height\":96,\"caption\":\"El Digital de Asturias\"}},{\"@type\":\"WebPage\",\"@id\":\"https:\\\/\\\/www.eldigitaldeasturias.com\\\/noticias\\\/la-serra-da-estrela-naturaleza-y-tradicion-portuguesas\\\/#webpage\",\"url\":\"https:\\\/\\\/www.eldigitaldeasturias.com\\\/noticias\\\/la-serra-da-estrela-naturaleza-y-tradicion-portuguesas\\\/\",\"name\":\"La Serra da Estrela, naturaleza y tradici\\u00f3n portuguesas - El Digital de Asturias\",\"description\":\"(dpa) - El tiempo parece haberse detenido en esta antigua y hermosa sierra de Portugal. \\\"La iglesia en lo alto del pueblo est\\u00e1 cerrada\\\", indica amablemente un hombre al visitante que deambula por Alvoco da Serra. \\\"Pero justo enfrente vive la se\\u00f1ora que tiene las llaves\\\", a\\u00f1ade. \\\"Llame con los nudillos a la puerta. La\",\"inLanguage\":\"es-ES\",\"isPartOf\":{\"@id\":\"https:\\\/\\\/www.eldigitaldeasturias.com\\\/noticias\\\/#website\"},\"breadcrumb\":{\"@id\":\"https:\\\/\\\/www.eldigitaldeasturias.com\\\/noticias\\\/la-serra-da-estrela-naturaleza-y-tradicion-portuguesas\\\/#breadcrumblist\"},\"author\":{\"@id\":\"https:\\\/\\\/www.eldigitaldeasturias.com\\\/noticias\\\/author\\\/admin\\\/#author\"},\"creator\":{\"@id\":\"https:\\\/\\\/www.eldigitaldeasturias.com\\\/noticias\\\/author\\\/admin\\\/#author\"},\"image\":{\"@type\":\"ImageObject\",\"url\":\"https:\\\/\\\/www.eldigitaldeasturias.com\\\/noticias\\\/wp-content\\\/uploads\\\/2020\\\/04\\\/Serra-da-Estrela.jpg\",\"@id\":\"https:\\\/\\\/www.eldigitaldeasturias.com\\\/noticias\\\/la-serra-da-estrela-naturaleza-y-tradicion-portuguesas\\\/#mainImage\",\"width\":1010,\"height\":671,\"caption\":\"La peque\\u00f1a ciudad de Loriga est\\u00e1 rodeada de monta\\u00f1as y se encuentra en medio del Parque Natural de la Serra da Estrela en Portugal. Foto: Andreas Drouve\\\/dpa-tmn\\\/dpa\"},\"primaryImageOfPage\":{\"@id\":\"https:\\\/\\\/www.eldigitaldeasturias.com\\\/noticias\\\/la-serra-da-estrela-naturaleza-y-tradicion-portuguesas\\\/#mainImage\"},\"datePublished\":\"2020-04-25T13:42:00+02:00\",\"dateModified\":\"2020-04-25T13:42:00+02:00\"},{\"@type\":\"WebSite\",\"@id\":\"https:\\\/\\\/www.eldigitaldeasturias.com\\\/noticias\\\/#website\",\"url\":\"https:\\\/\\\/www.eldigitaldeasturias.com\\\/noticias\\\/\",\"name\":\"El Digital de Asturias - Diario de actualidad y noticias\",\"alternateName\":\"El Digital de Asturias - Diario de actualidad y noticias\",\"description\":\"Hemeroteca\",\"inLanguage\":\"es-ES\",\"publisher\":{\"@id\":\"https:\\\/\\\/www.eldigitaldeasturias.com\\\/noticias\\\/#organization\"}}]}\n\t\t<\/script>\n\t\t<!-- All in One SEO Pro -->\r\n\t\t<title>La Serra da Estrela, naturaleza y tradici\u00f3n portuguesas - El Digital de Asturias<\/title>\n\n","aioseo_head_json":{"title":"La Serra da Estrela, naturaleza y tradici\u00f3n portuguesas - El Digital de Asturias","description":"(dpa) - El tiempo parece haberse detenido en esta antigua y hermosa sierra de Portugal. \"La iglesia en lo alto del pueblo est\u00e1 cerrada\", indica amablemente un hombre al visitante que deambula por Alvoco da Serra. \"Pero justo enfrente vive la se\u00f1ora que tiene las llaves\", a\u00f1ade. \"Llame con los nudillos a la puerta. La","canonical_url":"https:\/\/www.eldigitaldeasturias.com\/noticias\/la-serra-da-estrela-naturaleza-y-tradicion-portuguesas\/","robots":"max-image-preview:large","keywords":"turismo","webmasterTools":{"google-site-verification":"UA-38556648-1","msvalidate.01":"7dfe9f3f1b24437ab69f4f2559babe99","miscellaneous":""},"schema":{"@context":"https:\/\/schema.org","@graph":[{"@type":"BlogPosting","@id":"https:\/\/www.eldigitaldeasturias.com\/noticias\/la-serra-da-estrela-naturaleza-y-tradicion-portuguesas\/#blogposting","name":"La Serra da Estrela, naturaleza y tradici\u00f3n portuguesas - El Digital de Asturias","headline":"La Serra da Estrela, naturaleza y tradici\u00f3n portuguesas","author":{"@id":"https:\/\/www.eldigitaldeasturias.com\/noticias\/author\/admin\/#author"},"publisher":{"@id":"https:\/\/www.eldigitaldeasturias.com\/noticias\/#organization"},"image":{"@type":"ImageObject","url":"https:\/\/www.eldigitaldeasturias.com\/noticias\/wp-content\/uploads\/2020\/04\/Serra-da-Estrela.jpg","width":1010,"height":671,"caption":"La peque\u00f1a ciudad de Loriga est\u00e1 rodeada de monta\u00f1as y se encuentra en medio del Parque Natural de la Serra da Estrela en Portugal. Foto: Andreas Drouve\/dpa-tmn\/dpa"},"datePublished":"2020-04-25T13:42:00+02:00","dateModified":"2020-04-25T13:42:00+02:00","inLanguage":"es-ES","mainEntityOfPage":{"@id":"https:\/\/www.eldigitaldeasturias.com\/noticias\/la-serra-da-estrela-naturaleza-y-tradicion-portuguesas\/#webpage"},"isPartOf":{"@id":"https:\/\/www.eldigitaldeasturias.com\/noticias\/la-serra-da-estrela-naturaleza-y-tradicion-portuguesas\/#webpage"},"articleSection":"Turismo"},{"@type":"BreadcrumbList","@id":"https:\/\/www.eldigitaldeasturias.com\/noticias\/la-serra-da-estrela-naturaleza-y-tradicion-portuguesas\/#breadcrumblist","itemListElement":[{"@type":"ListItem","@id":"https:\/\/www.eldigitaldeasturias.com\/noticias#listItem","position":1,"name":"Home","item":"https:\/\/www.eldigitaldeasturias.com\/noticias","nextItem":{"@type":"ListItem","@id":"https:\/\/www.eldigitaldeasturias.com\/noticias\/category\/turismo\/#listItem","name":"Turismo"}},{"@type":"ListItem","@id":"https:\/\/www.eldigitaldeasturias.com\/noticias\/category\/turismo\/#listItem","position":2,"name":"Turismo","item":"https:\/\/www.eldigitaldeasturias.com\/noticias\/category\/turismo\/","nextItem":{"@type":"ListItem","@id":"https:\/\/www.eldigitaldeasturias.com\/noticias\/la-serra-da-estrela-naturaleza-y-tradicion-portuguesas\/#listItem","name":"La Serra da Estrela, naturaleza y tradici\u00f3n portuguesas"},"previousItem":{"@type":"ListItem","@id":"https:\/\/www.eldigitaldeasturias.com\/noticias#listItem","name":"Home"}},{"@type":"ListItem","@id":"https:\/\/www.eldigitaldeasturias.com\/noticias\/la-serra-da-estrela-naturaleza-y-tradicion-portuguesas\/#listItem","position":3,"name":"La Serra da Estrela, naturaleza y tradici\u00f3n portuguesas","previousItem":{"@type":"ListItem","@id":"https:\/\/www.eldigitaldeasturias.com\/noticias\/category\/turismo\/#listItem","name":"Turismo"}}]},{"@type":"Organization","@id":"https:\/\/www.eldigitaldeasturias.com\/noticias\/#organization","name":"El Digital de Asturias","description":"Hemeroteca","url":"https:\/\/www.eldigitaldeasturias.com\/noticias\/","email":"info@eldigitaldeasturias.com","telephone":"+34652131393","logo":{"@type":"ImageObject","url":"https:\/\/www.eldigitaldeasturias.com\/noticias\/wp-content\/uploads\/2020\/12\/EDA.jpg","@id":"https:\/\/www.eldigitaldeasturias.com\/noticias\/la-serra-da-estrela-naturaleza-y-tradicion-portuguesas\/#organizationLogo","width":649,"height":297},"image":{"@id":"https:\/\/www.eldigitaldeasturias.com\/noticias\/la-serra-da-estrela-naturaleza-y-tradicion-portuguesas\/#organizationLogo"},"sameAs":["https:\/\/facebook.com\/eldigitaldeasturias","https:\/\/www.youtube.com\/channel\/UCZP-2wLEB9Rv6erhFmqVnvg"],"address":{"@id":"https:\/\/www.eldigitaldeasturias.com\/noticias\/#postaladdress","@type":"PostalAddress","streetAddress":"san antonio 4,","postalCode":"33430","addressLocality":"Cand\u00e1s","addressRegion":"Asturias","addressCountry":"ES"}},{"@type":"Person","@id":"https:\/\/www.eldigitaldeasturias.com\/noticias\/author\/admin\/#author","url":"https:\/\/www.eldigitaldeasturias.com\/noticias\/author\/admin\/","name":"El Digital de Asturias","image":{"@type":"ImageObject","@id":"https:\/\/www.eldigitaldeasturias.com\/noticias\/la-serra-da-estrela-naturaleza-y-tradicion-portuguesas\/#authorImage","url":"https:\/\/www.eldigitaldeasturias.com\/noticias\/wp-content\/litespeed\/avatar\/18677e78aa0546b92d9dbf31ec7d7668.jpg?ver=1776685526","width":96,"height":96,"caption":"El Digital de Asturias"}},{"@type":"WebPage","@id":"https:\/\/www.eldigitaldeasturias.com\/noticias\/la-serra-da-estrela-naturaleza-y-tradicion-portuguesas\/#webpage","url":"https:\/\/www.eldigitaldeasturias.com\/noticias\/la-serra-da-estrela-naturaleza-y-tradicion-portuguesas\/","name":"La Serra da Estrela, naturaleza y tradici\u00f3n portuguesas - El Digital de Asturias","description":"(dpa) - El tiempo parece haberse detenido en esta antigua y hermosa sierra de Portugal. \"La iglesia en lo alto del pueblo est\u00e1 cerrada\", indica amablemente un hombre al visitante que deambula por Alvoco da Serra. \"Pero justo enfrente vive la se\u00f1ora que tiene las llaves\", a\u00f1ade. \"Llame con los nudillos a la puerta. La","inLanguage":"es-ES","isPartOf":{"@id":"https:\/\/www.eldigitaldeasturias.com\/noticias\/#website"},"breadcrumb":{"@id":"https:\/\/www.eldigitaldeasturias.com\/noticias\/la-serra-da-estrela-naturaleza-y-tradicion-portuguesas\/#breadcrumblist"},"author":{"@id":"https:\/\/www.eldigitaldeasturias.com\/noticias\/author\/admin\/#author"},"creator":{"@id":"https:\/\/www.eldigitaldeasturias.com\/noticias\/author\/admin\/#author"},"image":{"@type":"ImageObject","url":"https:\/\/www.eldigitaldeasturias.com\/noticias\/wp-content\/uploads\/2020\/04\/Serra-da-Estrela.jpg","@id":"https:\/\/www.eldigitaldeasturias.com\/noticias\/la-serra-da-estrela-naturaleza-y-tradicion-portuguesas\/#mainImage","width":1010,"height":671,"caption":"La peque\u00f1a ciudad de Loriga est\u00e1 rodeada de monta\u00f1as y se encuentra en medio del Parque Natural de la Serra da Estrela en Portugal. Foto: Andreas Drouve\/dpa-tmn\/dpa"},"primaryImageOfPage":{"@id":"https:\/\/www.eldigitaldeasturias.com\/noticias\/la-serra-da-estrela-naturaleza-y-tradicion-portuguesas\/#mainImage"},"datePublished":"2020-04-25T13:42:00+02:00","dateModified":"2020-04-25T13:42:00+02:00"},{"@type":"WebSite","@id":"https:\/\/www.eldigitaldeasturias.com\/noticias\/#website","url":"https:\/\/www.eldigitaldeasturias.com\/noticias\/","name":"El Digital de Asturias - Diario de actualidad y noticias","alternateName":"El Digital de Asturias - Diario de actualidad y noticias","description":"Hemeroteca","inLanguage":"es-ES","publisher":{"@id":"https:\/\/www.eldigitaldeasturias.com\/noticias\/#organization"}}]},"og:locale":"es_ES","og:site_name":"El Digital de Asturias","og:type":"article","og:title":"La Serra da Estrela, naturaleza y tradici\u00f3n portuguesas - El Digital de Asturias","og:description":"(dpa) - El tiempo parece haberse detenido en esta antigua y hermosa sierra de Portugal. &quot;La iglesia en lo alto del pueblo est\u00e1 cerrada&quot;, indica amablemente un hombre al visitante que deambula por Alvoco da Serra. &quot;Pero justo enfrente vive la se\u00f1ora que tiene las llaves&quot;, a\u00f1ade. &quot;Llame con los nudillos a la puerta. La","og:url":"https:\/\/www.eldigitaldeasturias.com\/noticias\/la-serra-da-estrela-naturaleza-y-tradicion-portuguesas\/","og:image":"https:\/\/www.eldigitaldeasturias.com\/noticias\/wp-content\/uploads\/2020\/04\/Serra-da-Estrela.jpg","og:image:secure_url":"https:\/\/www.eldigitaldeasturias.com\/noticias\/wp-content\/uploads\/2020\/04\/Serra-da-Estrela.jpg","og:image:width":1010,"og:image:height":671,"article:tag":["turismo"],"article:published_time":"2020-04-25T13:42:00+00:00","article:modified_time":"2020-04-25T13:42:00+00:00","article:publisher":"https:\/\/facebook.com\/eldigitaldeasturias","twitter:card":"summary_large_image","twitter:title":"La Serra da Estrela, naturaleza y tradici\u00f3n portuguesas - El Digital de Asturias","twitter:description":"(dpa) - El tiempo parece haberse detenido en esta antigua y hermosa sierra de Portugal. &quot;La iglesia en lo alto del pueblo est\u00e1 cerrada&quot;, indica amablemente un hombre al visitante que deambula por Alvoco da Serra. &quot;Pero justo enfrente vive la se\u00f1ora que tiene las llaves&quot;, a\u00f1ade. &quot;Llame con los nudillos a la puerta. La","twitter:image":"https:\/\/www.eldigitaldeasturias.com\/noticias\/wp-content\/uploads\/2020\/04\/Serra-da-Estrela.jpg","twitter:label1":"Escrito por","twitter:data1":"El Digital de Asturias","twitter:label2":"Tiempo de lectura estimado","twitter:data2":"5 minutos"},"aioseo_meta_data":{"post_id":"1064060","title":null,"description":null,"keywords":null,"keyphrases":null,"primary_term":null,"canonical_url":null,"og_title":null,"og_description":null,"og_object_type":"default","og_image_type":"default","og_image_url":null,"og_image_width":null,"og_image_height":null,"og_image_custom_url":null,"og_image_custom_fields":null,"og_video":null,"og_custom_url":null,"og_article_section":null,"og_article_tags":null,"twitter_use_og":false,"twitter_card":"default","twitter_image_type":"default","twitter_image_url":null,"twitter_image_custom_url":null,"twitter_image_custom_fields":null,"twitter_title":null,"twitter_description":null,"schema":{"blockGraphs":[],"customGraphs":[],"default":{"data":{"Article":[],"Course":[],"Dataset":[],"FAQPage":[],"Movie":[],"Person":[],"Product":[],"ProductReview":[],"Car":[],"Recipe":[],"Service":[],"SoftwareApplication":[],"WebPage":[]},"graphName":"","isEnabled":true},"graphs":[],"defaultGraph":"","defaultPostTypeGraph":""},"schema_type":null,"schema_type_options":null,"pillar_content":false,"robots_default":true,"robots_noindex":false,"robots_noarchive":false,"robots_nosnippet":false,"robots_nofollow":false,"robots_noimageindex":false,"robots_noodp":false,"robots_notranslate":false,"robots_max_snippet":null,"robots_max_videopreview":null,"robots_max_imagepreview":"large","priority":null,"frequency":null,"local_seo":null,"seo_analyzer_scan_date":"2025-09-12 08:08:03","breadcrumb_settings":null,"limit_modified_date":false,"open_ai":null,"ai":null,"created":"2020-12-21 10:51:12","updated":"2025-09-12 08:08:03"},"aioseo_breadcrumb":"<div class=\"aioseo-breadcrumbs\"><span class=\"aioseo-breadcrumb\">\n\t<a href=\"https:\/\/www.eldigitaldeasturias.com\/noticias\" title=\"Home\">Home<\/a>\n<\/span><span class=\"aioseo-breadcrumb-separator\">\u2013<\/span><span class=\"aioseo-breadcrumb\">\n\t<a href=\"https:\/\/www.eldigitaldeasturias.com\/noticias\/category\/turismo\/\" title=\"Turismo\">Turismo<\/a>\n<\/span><span class=\"aioseo-breadcrumb-separator\">\u2013<\/span><span class=\"aioseo-breadcrumb\">\n\t<a href=\"https:\/\/www.eldigitaldeasturias.com\/noticias\/la-serra-da-estrela-naturaleza-y-tradicion-portuguesas\/\" title=\"La Serra da Estrela, naturaleza y tradici\u00f3n portuguesas\">La Serra da Estrela, naturaleza y tradici\u00f3n portuguesas<\/a>\n<\/span><\/div>","aioseo_breadcrumb_json":[{"label":"Home","link":"https:\/\/www.eldigitaldeasturias.com\/noticias"},{"label":"Turismo","link":"https:\/\/www.eldigitaldeasturias.com\/noticias\/category\/turismo\/"},{"label":"La Serra da Estrela, naturaleza y tradici\u00f3n portuguesas","link":"https:\/\/www.eldigitaldeasturias.com\/noticias\/la-serra-da-estrela-naturaleza-y-tradicion-portuguesas\/"}],"_links":{"self":[{"href":"https:\/\/www.eldigitaldeasturias.com\/noticias\/wp-json\/wp\/v2\/posts\/1064060","targetHints":{"allow":["GET"]}}],"collection":[{"href":"https:\/\/www.eldigitaldeasturias.com\/noticias\/wp-json\/wp\/v2\/posts"}],"about":[{"href":"https:\/\/www.eldigitaldeasturias.com\/noticias\/wp-json\/wp\/v2\/types\/post"}],"author":[{"embeddable":true,"href":"https:\/\/www.eldigitaldeasturias.com\/noticias\/wp-json\/wp\/v2\/users\/1"}],"replies":[{"embeddable":true,"href":"https:\/\/www.eldigitaldeasturias.com\/noticias\/wp-json\/wp\/v2\/comments?post=1064060"}],"version-history":[{"count":0,"href":"https:\/\/www.eldigitaldeasturias.com\/noticias\/wp-json\/wp\/v2\/posts\/1064060\/revisions"}],"wp:featuredmedia":[{"embeddable":true,"href":"https:\/\/www.eldigitaldeasturias.com\/noticias\/wp-json\/wp\/v2\/media\/1064061"}],"wp:attachment":[{"href":"https:\/\/www.eldigitaldeasturias.com\/noticias\/wp-json\/wp\/v2\/media?parent=1064060"}],"wp:term":[{"taxonomy":"category","embeddable":true,"href":"https:\/\/www.eldigitaldeasturias.com\/noticias\/wp-json\/wp\/v2\/categories?post=1064060"},{"taxonomy":"post_tag","embeddable":true,"href":"https:\/\/www.eldigitaldeasturias.com\/noticias\/wp-json\/wp\/v2\/tags?post=1064060"}],"curies":[{"name":"wp","href":"https:\/\/api.w.org\/{rel}","templated":true}]}}