{"id":1064000,"date":"2020-04-24T16:08:34","date_gmt":"2020-04-24T16:08:34","guid":{"rendered":"https:\/\/www.eldigitaldeasturias.com\/noticias\/?p=1064000"},"modified":"2020-04-24T16:08:34","modified_gmt":"2020-04-24T16:08:34","slug":"la-edicion-de-video-una-de-las-salidas-profesionales-mas-actuales","status":"publish","type":"post","link":"https:\/\/www.eldigitaldeasturias.com\/noticias\/la-edicion-de-video-una-de-las-salidas-profesionales-mas-actuales\/","title":{"rendered":"La edici\u00f3n de v\u00eddeo, una de las salidas profesionales m\u00e1s actuales"},"content":{"rendered":"<p><span style=\"font-weight: 400;\"><img loading=\"lazy\" decoding=\"async\" class=\"alignleft size-medium wp-image-1064001\" src=\"https:\/\/www.eldigitaldeasturias.com\/noticias\/wp-content\/uploads\/2020\/04\/edicion-video-360x239.jpg\" alt=\"\" width=\"360\" height=\"239\" srcset=\"https:\/\/www.eldigitaldeasturias.com\/noticias\/wp-content\/uploads\/2020\/04\/edicion-video-360x239.jpg 360w, https:\/\/www.eldigitaldeasturias.com\/noticias\/wp-content\/uploads\/2020\/04\/edicion-video-451x300.jpg 451w, https:\/\/www.eldigitaldeasturias.com\/noticias\/wp-content\/uploads\/2020\/04\/edicion-video.jpg 654w\" sizes=\"auto, (max-width: 360px) 100vw, 360px\" \/>Vivimos en una sociedad en la que el sector audiovisual es cada vez m\u00e1s importante. Los videoclips, la publicidad, reportajes, documentales, series o pel\u00edculas. Todo alrededor de las im\u00e1genes y v\u00eddeos, seguro que alguna vez has querido hacer una edici\u00f3n de v\u00eddeo, pero no sabes c\u00f3mo ni con que programa. A continuaci\u00f3n, se van a explicar algunas cosas relacionadas con este tema, como cu\u00e1l es el mejor programa de edici\u00f3n de v\u00eddeo.<\/span><\/p>\n<p><span style=\"font-weight: 400;\">Es un proceso en el que los editores de v\u00eddeo se dedican a colocar fragmentos de fotograf\u00edas, audio, gr\u00e1ficos, v\u00eddeo, efectos digitales, efectos especiales y cualquier otro material audiovisual en un archivo inform\u00e1tico o cinta. Su desarrollo consta de tres fases, la primera es la de creaci\u00f3n (formamos el guion a partir de una idea inicial y buscamos a los mejores profesionales para poder llevarla a cabo en todos los niveles), seguida del rodaje (donde se toman los medios audiovisuales necesarios como v\u00eddeos y fotos) y de la edici\u00f3n (se lleva a cabo la definici\u00f3n anteriormente dicha).<\/span><\/p>\n<h3><strong>\u00bfCu\u00e1l es el mejor programa de edici\u00f3n de v\u00eddeo?<\/strong><\/h3>\n<p><span style=\"font-weight: 400;\">El editor de v\u00eddeo se encarga de realizar unas funciones espec\u00edficas que otorguen al espectador las sensaciones que se esperan. Para ello, debe saber cu\u00e1l es el mejor programa de edici\u00f3n de v\u00eddeo seg\u00fan lo que necesite conseguir. Actualmente, el sector audiovisual es muy demandado, por lo que las personas que estudian algo relacionado con este \u00e1mbito son cada vez m\u00e1s. Los programas m\u00e1s utilizados en este sentido son After Effects, Final Cut Pro X o Sony Vegas, todas ellas de pago.\u00a0<\/span><\/p>\n<p><span style=\"font-weight: 400;\">En algunas ocasiones estos softwares cuentan con una versi\u00f3n gratuita cuyas herramientas est\u00e1n limitadas, tambi\u00e9n se pueden encontrar aplicaciones sin coste alguna, aunque su funcionalidad est\u00e1 muy recortada y no sirven para trabajos profesionales, como son iMovie o Shotcut. Si quieres aprender a utilizar los mejores programas en la edici\u00f3n de video, es muy recomendable acudir a las opciones que ofrece Euroinnova.\u00a0<\/span><\/p>\n<p><span style=\"font-weight: 400;\">En Euroinnova se puede aprender a editar videos de una forma online, lo cual tiene muchas ventajas para el alumnado que puede realizar el contenido del propio <\/span><span style=\"color: #ff6600;\"><strong><a style=\"color: #ff6600;\" href=\"https:\/\/www.euroinnova.edu.es\/cursos-edicion-de-video\" target=\"_blank\" rel=\"noopener noreferrer\">curso de edici\u00f3n de v\u00eddeo<\/a><\/strong><\/span><span style=\"font-weight: 400;\"> desde cualquier parte siempre que disponga de conexi\u00f3n a Internet, adem\u00e1s de otras ventajas como la libertad de planificaci\u00f3n y horario. Adem\u00e1s, solicitar informaci\u00f3n es gratis y sin ning\u00fan tipo de compromiso a trav\u00e9s de los diferentes servicios de contacto que se encuentran en la web.\u00a0<\/span><\/p>\n<p>&nbsp;<\/p>\n","protected":false},"excerpt":{"rendered":"<p>Vivimos en una sociedad en la que el sector audiovisual es cada vez m\u00e1s importante. Los videoclips, la publicidad, reportajes, documentales, series o pel\u00edculas. Todo alrededor de las im\u00e1genes y v\u00eddeos, seguro que alguna vez has querido hacer una edici\u00f3n de v\u00eddeo, pero no sabes c\u00f3mo ni con que programa. A continuaci\u00f3n, se van a [&hellip;]<\/p>\n","protected":false},"author":1,"featured_media":1064001,"comment_status":"closed","ping_status":"closed","sticky":false,"template":"","format":"standard","meta":{"footnotes":""},"categories":[187],"tags":[],"class_list":["post-1064000","post","type-post","status-publish","format-standard","has-post-thumbnail","hentry","category-economia"],"aioseo_notices":[],"aioseo_head":"\n\t\t<!-- All in One SEO Pro 4.9.6.2 - aioseo.com -->\n\t<meta name=\"description\" content=\"Vivimos en una sociedad en la que el sector audiovisual es cada vez m\u00e1s importante. Los videoclips, la publicidad, reportajes, documentales, series o pel\u00edculas. Todo alrededor de las im\u00e1genes y v\u00eddeos, seguro que alguna vez has querido hacer una edici\u00f3n de v\u00eddeo, pero no sabes c\u00f3mo ni con que programa. A continuaci\u00f3n, se van a\" \/>\n\t<meta name=\"robots\" content=\"max-image-preview:large\" \/>\n\t<meta name=\"author\" content=\"El Digital de Asturias\"\/>\n\t<meta name=\"google-site-verification\" content=\"UA-38556648-1\" \/>\n\t<meta name=\"msvalidate.01\" content=\"7dfe9f3f1b24437ab69f4f2559babe99\" \/>\n\t<meta name=\"keywords\" content=\"econom\u00eda\" \/>\n\t<link rel=\"canonical\" href=\"https:\/\/www.eldigitaldeasturias.com\/noticias\/la-edicion-de-video-una-de-las-salidas-profesionales-mas-actuales\/\" \/>\n\t<meta name=\"generator\" content=\"All in One SEO Pro (AIOSEO) 4.9.6.2\" \/>\n\t\t<meta property=\"og:locale\" content=\"es_ES\" \/>\n\t\t<meta property=\"og:site_name\" content=\"El Digital de Asturias\" \/>\n\t\t<meta property=\"og:type\" content=\"article\" \/>\n\t\t<meta property=\"og:title\" content=\"La edici\u00f3n de v\u00eddeo, una de las salidas profesionales m\u00e1s actuales - El Digital de Asturias\" \/>\n\t\t<meta property=\"og:description\" content=\"Vivimos en una sociedad en la que el sector audiovisual es cada vez m\u00e1s importante. Los videoclips, la publicidad, reportajes, documentales, series o pel\u00edculas. Todo alrededor de las im\u00e1genes y v\u00eddeos, seguro que alguna vez has querido hacer una edici\u00f3n de v\u00eddeo, pero no sabes c\u00f3mo ni con que programa. A continuaci\u00f3n, se van a\" \/>\n\t\t<meta property=\"og:url\" content=\"https:\/\/www.eldigitaldeasturias.com\/noticias\/la-edicion-de-video-una-de-las-salidas-profesionales-mas-actuales\/\" \/>\n\t\t<meta property=\"og:image\" content=\"https:\/\/www.eldigitaldeasturias.com\/noticias\/wp-content\/uploads\/2020\/04\/edicion-video.jpg\" \/>\n\t\t<meta property=\"og:image:secure_url\" content=\"https:\/\/www.eldigitaldeasturias.com\/noticias\/wp-content\/uploads\/2020\/04\/edicion-video.jpg\" \/>\n\t\t<meta property=\"og:image:width\" content=\"654\" \/>\n\t\t<meta property=\"og:image:height\" content=\"435\" \/>\n\t\t<meta property=\"article:tag\" content=\"econom\u00eda\" \/>\n\t\t<meta property=\"article:published_time\" content=\"2020-04-24T16:08:34+00:00\" \/>\n\t\t<meta property=\"article:modified_time\" content=\"2020-04-24T16:08:34+00:00\" \/>\n\t\t<meta property=\"article:publisher\" content=\"https:\/\/facebook.com\/eldigitaldeasturias\" \/>\n\t\t<meta name=\"twitter:card\" content=\"summary_large_image\" \/>\n\t\t<meta name=\"twitter:title\" content=\"La edici\u00f3n de v\u00eddeo, una de las salidas profesionales m\u00e1s actuales - El Digital de Asturias\" \/>\n\t\t<meta name=\"twitter:description\" content=\"Vivimos en una sociedad en la que el sector audiovisual es cada vez m\u00e1s importante. Los videoclips, la publicidad, reportajes, documentales, series o pel\u00edculas. Todo alrededor de las im\u00e1genes y v\u00eddeos, seguro que alguna vez has querido hacer una edici\u00f3n de v\u00eddeo, pero no sabes c\u00f3mo ni con que programa. A continuaci\u00f3n, se van a\" \/>\n\t\t<meta name=\"twitter:image\" content=\"https:\/\/www.eldigitaldeasturias.com\/noticias\/wp-content\/uploads\/2020\/04\/edicion-video.jpg\" \/>\n\t\t<meta name=\"twitter:label1\" content=\"Escrito por\" \/>\n\t\t<meta name=\"twitter:data1\" content=\"El Digital de Asturias\" \/>\n\t\t<meta name=\"twitter:label2\" content=\"Tiempo de lectura estimado\" \/>\n\t\t<meta name=\"twitter:data2\" content=\"2 minutos\" \/>\n\t\t<script type=\"application\/ld+json\" class=\"aioseo-schema\">\n\t\t\t{\"@context\":\"https:\\\/\\\/schema.org\",\"@graph\":[{\"@type\":\"BlogPosting\",\"@id\":\"https:\\\/\\\/www.eldigitaldeasturias.com\\\/noticias\\\/la-edicion-de-video-una-de-las-salidas-profesionales-mas-actuales\\\/#blogposting\",\"name\":\"La edici\\u00f3n de v\\u00eddeo, una de las salidas profesionales m\\u00e1s actuales - El Digital de Asturias\",\"headline\":\"La edici\\u00f3n de v\\u00eddeo, una de las salidas profesionales m\\u00e1s actuales\",\"author\":{\"@id\":\"https:\\\/\\\/www.eldigitaldeasturias.com\\\/noticias\\\/author\\\/admin\\\/#author\"},\"publisher\":{\"@id\":\"https:\\\/\\\/www.eldigitaldeasturias.com\\\/noticias\\\/#organization\"},\"image\":{\"@type\":\"ImageObject\",\"url\":\"https:\\\/\\\/www.eldigitaldeasturias.com\\\/noticias\\\/wp-content\\\/uploads\\\/2020\\\/04\\\/edicion-video.jpg\",\"width\":654,\"height\":435},\"datePublished\":\"2020-04-24T16:08:34+02:00\",\"dateModified\":\"2020-04-24T16:08:34+02:00\",\"inLanguage\":\"es-ES\",\"mainEntityOfPage\":{\"@id\":\"https:\\\/\\\/www.eldigitaldeasturias.com\\\/noticias\\\/la-edicion-de-video-una-de-las-salidas-profesionales-mas-actuales\\\/#webpage\"},\"isPartOf\":{\"@id\":\"https:\\\/\\\/www.eldigitaldeasturias.com\\\/noticias\\\/la-edicion-de-video-una-de-las-salidas-profesionales-mas-actuales\\\/#webpage\"},\"articleSection\":\"Econom\\u00eda\"},{\"@type\":\"BreadcrumbList\",\"@id\":\"https:\\\/\\\/www.eldigitaldeasturias.com\\\/noticias\\\/la-edicion-de-video-una-de-las-salidas-profesionales-mas-actuales\\\/#breadcrumblist\",\"itemListElement\":[{\"@type\":\"ListItem\",\"@id\":\"https:\\\/\\\/www.eldigitaldeasturias.com\\\/noticias#listItem\",\"position\":1,\"name\":\"Home\",\"item\":\"https:\\\/\\\/www.eldigitaldeasturias.com\\\/noticias\",\"nextItem\":{\"@type\":\"ListItem\",\"@id\":\"https:\\\/\\\/www.eldigitaldeasturias.com\\\/noticias\\\/category\\\/economia\\\/#listItem\",\"name\":\"Econom\\u00eda\"}},{\"@type\":\"ListItem\",\"@id\":\"https:\\\/\\\/www.eldigitaldeasturias.com\\\/noticias\\\/category\\\/economia\\\/#listItem\",\"position\":2,\"name\":\"Econom\\u00eda\",\"item\":\"https:\\\/\\\/www.eldigitaldeasturias.com\\\/noticias\\\/category\\\/economia\\\/\",\"nextItem\":{\"@type\":\"ListItem\",\"@id\":\"https:\\\/\\\/www.eldigitaldeasturias.com\\\/noticias\\\/la-edicion-de-video-una-de-las-salidas-profesionales-mas-actuales\\\/#listItem\",\"name\":\"La edici\\u00f3n de v\\u00eddeo, una de las salidas profesionales m\\u00e1s actuales\"},\"previousItem\":{\"@type\":\"ListItem\",\"@id\":\"https:\\\/\\\/www.eldigitaldeasturias.com\\\/noticias#listItem\",\"name\":\"Home\"}},{\"@type\":\"ListItem\",\"@id\":\"https:\\\/\\\/www.eldigitaldeasturias.com\\\/noticias\\\/la-edicion-de-video-una-de-las-salidas-profesionales-mas-actuales\\\/#listItem\",\"position\":3,\"name\":\"La edici\\u00f3n de v\\u00eddeo, una de las salidas profesionales m\\u00e1s actuales\",\"previousItem\":{\"@type\":\"ListItem\",\"@id\":\"https:\\\/\\\/www.eldigitaldeasturias.com\\\/noticias\\\/category\\\/economia\\\/#listItem\",\"name\":\"Econom\\u00eda\"}}]},{\"@type\":\"Organization\",\"@id\":\"https:\\\/\\\/www.eldigitaldeasturias.com\\\/noticias\\\/#organization\",\"name\":\"El Digital de Asturias\",\"description\":\"Hemeroteca\",\"url\":\"https:\\\/\\\/www.eldigitaldeasturias.com\\\/noticias\\\/\",\"email\":\"info@eldigitaldeasturias.com\",\"telephone\":\"+34652131393\",\"logo\":{\"@type\":\"ImageObject\",\"url\":\"https:\\\/\\\/www.eldigitaldeasturias.com\\\/noticias\\\/wp-content\\\/uploads\\\/2020\\\/12\\\/EDA.jpg\",\"@id\":\"https:\\\/\\\/www.eldigitaldeasturias.com\\\/noticias\\\/la-edicion-de-video-una-de-las-salidas-profesionales-mas-actuales\\\/#organizationLogo\",\"width\":649,\"height\":297},\"image\":{\"@id\":\"https:\\\/\\\/www.eldigitaldeasturias.com\\\/noticias\\\/la-edicion-de-video-una-de-las-salidas-profesionales-mas-actuales\\\/#organizationLogo\"},\"sameAs\":[\"https:\\\/\\\/facebook.com\\\/eldigitaldeasturias\",\"https:\\\/\\\/www.youtube.com\\\/channel\\\/UCZP-2wLEB9Rv6erhFmqVnvg\"],\"address\":{\"@id\":\"https:\\\/\\\/www.eldigitaldeasturias.com\\\/noticias\\\/#postaladdress\",\"@type\":\"PostalAddress\",\"streetAddress\":\"san antonio 4,\",\"postalCode\":\"33430\",\"addressLocality\":\"Cand\\u00e1s\",\"addressRegion\":\"Asturias\",\"addressCountry\":\"ES\"}},{\"@type\":\"Person\",\"@id\":\"https:\\\/\\\/www.eldigitaldeasturias.com\\\/noticias\\\/author\\\/admin\\\/#author\",\"url\":\"https:\\\/\\\/www.eldigitaldeasturias.com\\\/noticias\\\/author\\\/admin\\\/\",\"name\":\"El Digital de Asturias\",\"image\":{\"@type\":\"ImageObject\",\"@id\":\"https:\\\/\\\/www.eldigitaldeasturias.com\\\/noticias\\\/la-edicion-de-video-una-de-las-salidas-profesionales-mas-actuales\\\/#authorImage\",\"url\":\"https:\\\/\\\/www.eldigitaldeasturias.com\\\/noticias\\\/wp-content\\\/litespeed\\\/avatar\\\/18677e78aa0546b92d9dbf31ec7d7668.jpg?ver=1777290358\",\"width\":96,\"height\":96,\"caption\":\"El Digital de Asturias\"}},{\"@type\":\"WebPage\",\"@id\":\"https:\\\/\\\/www.eldigitaldeasturias.com\\\/noticias\\\/la-edicion-de-video-una-de-las-salidas-profesionales-mas-actuales\\\/#webpage\",\"url\":\"https:\\\/\\\/www.eldigitaldeasturias.com\\\/noticias\\\/la-edicion-de-video-una-de-las-salidas-profesionales-mas-actuales\\\/\",\"name\":\"La edici\\u00f3n de v\\u00eddeo, una de las salidas profesionales m\\u00e1s actuales - El Digital de Asturias\",\"description\":\"Vivimos en una sociedad en la que el sector audiovisual es cada vez m\\u00e1s importante. Los videoclips, la publicidad, reportajes, documentales, series o pel\\u00edculas. Todo alrededor de las im\\u00e1genes y v\\u00eddeos, seguro que alguna vez has querido hacer una edici\\u00f3n de v\\u00eddeo, pero no sabes c\\u00f3mo ni con que programa. A continuaci\\u00f3n, se van a\",\"inLanguage\":\"es-ES\",\"isPartOf\":{\"@id\":\"https:\\\/\\\/www.eldigitaldeasturias.com\\\/noticias\\\/#website\"},\"breadcrumb\":{\"@id\":\"https:\\\/\\\/www.eldigitaldeasturias.com\\\/noticias\\\/la-edicion-de-video-una-de-las-salidas-profesionales-mas-actuales\\\/#breadcrumblist\"},\"author\":{\"@id\":\"https:\\\/\\\/www.eldigitaldeasturias.com\\\/noticias\\\/author\\\/admin\\\/#author\"},\"creator\":{\"@id\":\"https:\\\/\\\/www.eldigitaldeasturias.com\\\/noticias\\\/author\\\/admin\\\/#author\"},\"image\":{\"@type\":\"ImageObject\",\"url\":\"https:\\\/\\\/www.eldigitaldeasturias.com\\\/noticias\\\/wp-content\\\/uploads\\\/2020\\\/04\\\/edicion-video.jpg\",\"@id\":\"https:\\\/\\\/www.eldigitaldeasturias.com\\\/noticias\\\/la-edicion-de-video-una-de-las-salidas-profesionales-mas-actuales\\\/#mainImage\",\"width\":654,\"height\":435},\"primaryImageOfPage\":{\"@id\":\"https:\\\/\\\/www.eldigitaldeasturias.com\\\/noticias\\\/la-edicion-de-video-una-de-las-salidas-profesionales-mas-actuales\\\/#mainImage\"},\"datePublished\":\"2020-04-24T16:08:34+02:00\",\"dateModified\":\"2020-04-24T16:08:34+02:00\"},{\"@type\":\"WebSite\",\"@id\":\"https:\\\/\\\/www.eldigitaldeasturias.com\\\/noticias\\\/#website\",\"url\":\"https:\\\/\\\/www.eldigitaldeasturias.com\\\/noticias\\\/\",\"name\":\"El Digital de Asturias - Diario de actualidad y noticias\",\"alternateName\":\"El Digital de Asturias - Diario de actualidad y noticias\",\"description\":\"Hemeroteca\",\"inLanguage\":\"es-ES\",\"publisher\":{\"@id\":\"https:\\\/\\\/www.eldigitaldeasturias.com\\\/noticias\\\/#organization\"}}]}\n\t\t<\/script>\n\t\t<!-- All in One SEO Pro -->\r\n\t\t<title>La edici\u00f3n de v\u00eddeo, una de las salidas profesionales m\u00e1s actuales - El Digital de Asturias<\/title>\n\n","aioseo_head_json":{"title":"La edici\u00f3n de v\u00eddeo, una de las salidas profesionales m\u00e1s actuales - El Digital de Asturias","description":"Vivimos en una sociedad en la que el sector audiovisual es cada vez m\u00e1s importante. Los videoclips, la publicidad, reportajes, documentales, series o pel\u00edculas. Todo alrededor de las im\u00e1genes y v\u00eddeos, seguro que alguna vez has querido hacer una edici\u00f3n de v\u00eddeo, pero no sabes c\u00f3mo ni con que programa. A continuaci\u00f3n, se van a","canonical_url":"https:\/\/www.eldigitaldeasturias.com\/noticias\/la-edicion-de-video-una-de-las-salidas-profesionales-mas-actuales\/","robots":"max-image-preview:large","keywords":"econom\u00eda","webmasterTools":{"google-site-verification":"UA-38556648-1","msvalidate.01":"7dfe9f3f1b24437ab69f4f2559babe99","miscellaneous":""},"schema":{"@context":"https:\/\/schema.org","@graph":[{"@type":"BlogPosting","@id":"https:\/\/www.eldigitaldeasturias.com\/noticias\/la-edicion-de-video-una-de-las-salidas-profesionales-mas-actuales\/#blogposting","name":"La edici\u00f3n de v\u00eddeo, una de las salidas profesionales m\u00e1s actuales - El Digital de Asturias","headline":"La edici\u00f3n de v\u00eddeo, una de las salidas profesionales m\u00e1s actuales","author":{"@id":"https:\/\/www.eldigitaldeasturias.com\/noticias\/author\/admin\/#author"},"publisher":{"@id":"https:\/\/www.eldigitaldeasturias.com\/noticias\/#organization"},"image":{"@type":"ImageObject","url":"https:\/\/www.eldigitaldeasturias.com\/noticias\/wp-content\/uploads\/2020\/04\/edicion-video.jpg","width":654,"height":435},"datePublished":"2020-04-24T16:08:34+02:00","dateModified":"2020-04-24T16:08:34+02:00","inLanguage":"es-ES","mainEntityOfPage":{"@id":"https:\/\/www.eldigitaldeasturias.com\/noticias\/la-edicion-de-video-una-de-las-salidas-profesionales-mas-actuales\/#webpage"},"isPartOf":{"@id":"https:\/\/www.eldigitaldeasturias.com\/noticias\/la-edicion-de-video-una-de-las-salidas-profesionales-mas-actuales\/#webpage"},"articleSection":"Econom\u00eda"},{"@type":"BreadcrumbList","@id":"https:\/\/www.eldigitaldeasturias.com\/noticias\/la-edicion-de-video-una-de-las-salidas-profesionales-mas-actuales\/#breadcrumblist","itemListElement":[{"@type":"ListItem","@id":"https:\/\/www.eldigitaldeasturias.com\/noticias#listItem","position":1,"name":"Home","item":"https:\/\/www.eldigitaldeasturias.com\/noticias","nextItem":{"@type":"ListItem","@id":"https:\/\/www.eldigitaldeasturias.com\/noticias\/category\/economia\/#listItem","name":"Econom\u00eda"}},{"@type":"ListItem","@id":"https:\/\/www.eldigitaldeasturias.com\/noticias\/category\/economia\/#listItem","position":2,"name":"Econom\u00eda","item":"https:\/\/www.eldigitaldeasturias.com\/noticias\/category\/economia\/","nextItem":{"@type":"ListItem","@id":"https:\/\/www.eldigitaldeasturias.com\/noticias\/la-edicion-de-video-una-de-las-salidas-profesionales-mas-actuales\/#listItem","name":"La edici\u00f3n de v\u00eddeo, una de las salidas profesionales m\u00e1s actuales"},"previousItem":{"@type":"ListItem","@id":"https:\/\/www.eldigitaldeasturias.com\/noticias#listItem","name":"Home"}},{"@type":"ListItem","@id":"https:\/\/www.eldigitaldeasturias.com\/noticias\/la-edicion-de-video-una-de-las-salidas-profesionales-mas-actuales\/#listItem","position":3,"name":"La edici\u00f3n de v\u00eddeo, una de las salidas profesionales m\u00e1s actuales","previousItem":{"@type":"ListItem","@id":"https:\/\/www.eldigitaldeasturias.com\/noticias\/category\/economia\/#listItem","name":"Econom\u00eda"}}]},{"@type":"Organization","@id":"https:\/\/www.eldigitaldeasturias.com\/noticias\/#organization","name":"El Digital de Asturias","description":"Hemeroteca","url":"https:\/\/www.eldigitaldeasturias.com\/noticias\/","email":"info@eldigitaldeasturias.com","telephone":"+34652131393","logo":{"@type":"ImageObject","url":"https:\/\/www.eldigitaldeasturias.com\/noticias\/wp-content\/uploads\/2020\/12\/EDA.jpg","@id":"https:\/\/www.eldigitaldeasturias.com\/noticias\/la-edicion-de-video-una-de-las-salidas-profesionales-mas-actuales\/#organizationLogo","width":649,"height":297},"image":{"@id":"https:\/\/www.eldigitaldeasturias.com\/noticias\/la-edicion-de-video-una-de-las-salidas-profesionales-mas-actuales\/#organizationLogo"},"sameAs":["https:\/\/facebook.com\/eldigitaldeasturias","https:\/\/www.youtube.com\/channel\/UCZP-2wLEB9Rv6erhFmqVnvg"],"address":{"@id":"https:\/\/www.eldigitaldeasturias.com\/noticias\/#postaladdress","@type":"PostalAddress","streetAddress":"san antonio 4,","postalCode":"33430","addressLocality":"Cand\u00e1s","addressRegion":"Asturias","addressCountry":"ES"}},{"@type":"Person","@id":"https:\/\/www.eldigitaldeasturias.com\/noticias\/author\/admin\/#author","url":"https:\/\/www.eldigitaldeasturias.com\/noticias\/author\/admin\/","name":"El Digital de Asturias","image":{"@type":"ImageObject","@id":"https:\/\/www.eldigitaldeasturias.com\/noticias\/la-edicion-de-video-una-de-las-salidas-profesionales-mas-actuales\/#authorImage","url":"https:\/\/www.eldigitaldeasturias.com\/noticias\/wp-content\/litespeed\/avatar\/18677e78aa0546b92d9dbf31ec7d7668.jpg?ver=1777290358","width":96,"height":96,"caption":"El Digital de Asturias"}},{"@type":"WebPage","@id":"https:\/\/www.eldigitaldeasturias.com\/noticias\/la-edicion-de-video-una-de-las-salidas-profesionales-mas-actuales\/#webpage","url":"https:\/\/www.eldigitaldeasturias.com\/noticias\/la-edicion-de-video-una-de-las-salidas-profesionales-mas-actuales\/","name":"La edici\u00f3n de v\u00eddeo, una de las salidas profesionales m\u00e1s actuales - El Digital de Asturias","description":"Vivimos en una sociedad en la que el sector audiovisual es cada vez m\u00e1s importante. Los videoclips, la publicidad, reportajes, documentales, series o pel\u00edculas. Todo alrededor de las im\u00e1genes y v\u00eddeos, seguro que alguna vez has querido hacer una edici\u00f3n de v\u00eddeo, pero no sabes c\u00f3mo ni con que programa. A continuaci\u00f3n, se van a","inLanguage":"es-ES","isPartOf":{"@id":"https:\/\/www.eldigitaldeasturias.com\/noticias\/#website"},"breadcrumb":{"@id":"https:\/\/www.eldigitaldeasturias.com\/noticias\/la-edicion-de-video-una-de-las-salidas-profesionales-mas-actuales\/#breadcrumblist"},"author":{"@id":"https:\/\/www.eldigitaldeasturias.com\/noticias\/author\/admin\/#author"},"creator":{"@id":"https:\/\/www.eldigitaldeasturias.com\/noticias\/author\/admin\/#author"},"image":{"@type":"ImageObject","url":"https:\/\/www.eldigitaldeasturias.com\/noticias\/wp-content\/uploads\/2020\/04\/edicion-video.jpg","@id":"https:\/\/www.eldigitaldeasturias.com\/noticias\/la-edicion-de-video-una-de-las-salidas-profesionales-mas-actuales\/#mainImage","width":654,"height":435},"primaryImageOfPage":{"@id":"https:\/\/www.eldigitaldeasturias.com\/noticias\/la-edicion-de-video-una-de-las-salidas-profesionales-mas-actuales\/#mainImage"},"datePublished":"2020-04-24T16:08:34+02:00","dateModified":"2020-04-24T16:08:34+02:00"},{"@type":"WebSite","@id":"https:\/\/www.eldigitaldeasturias.com\/noticias\/#website","url":"https:\/\/www.eldigitaldeasturias.com\/noticias\/","name":"El Digital de Asturias - Diario de actualidad y noticias","alternateName":"El Digital de Asturias - Diario de actualidad y noticias","description":"Hemeroteca","inLanguage":"es-ES","publisher":{"@id":"https:\/\/www.eldigitaldeasturias.com\/noticias\/#organization"}}]},"og:locale":"es_ES","og:site_name":"El Digital de Asturias","og:type":"article","og:title":"La edici\u00f3n de v\u00eddeo, una de las salidas profesionales m\u00e1s actuales - El Digital de Asturias","og:description":"Vivimos en una sociedad en la que el sector audiovisual es cada vez m\u00e1s importante. Los videoclips, la publicidad, reportajes, documentales, series o pel\u00edculas. Todo alrededor de las im\u00e1genes y v\u00eddeos, seguro que alguna vez has querido hacer una edici\u00f3n de v\u00eddeo, pero no sabes c\u00f3mo ni con que programa. A continuaci\u00f3n, se van a","og:url":"https:\/\/www.eldigitaldeasturias.com\/noticias\/la-edicion-de-video-una-de-las-salidas-profesionales-mas-actuales\/","og:image":"https:\/\/www.eldigitaldeasturias.com\/noticias\/wp-content\/uploads\/2020\/04\/edicion-video.jpg","og:image:secure_url":"https:\/\/www.eldigitaldeasturias.com\/noticias\/wp-content\/uploads\/2020\/04\/edicion-video.jpg","og:image:width":654,"og:image:height":435,"article:tag":["econom\u00eda"],"article:published_time":"2020-04-24T16:08:34+00:00","article:modified_time":"2020-04-24T16:08:34+00:00","article:publisher":"https:\/\/facebook.com\/eldigitaldeasturias","twitter:card":"summary_large_image","twitter:title":"La edici\u00f3n de v\u00eddeo, una de las salidas profesionales m\u00e1s actuales - El Digital de Asturias","twitter:description":"Vivimos en una sociedad en la que el sector audiovisual es cada vez m\u00e1s importante. Los videoclips, la publicidad, reportajes, documentales, series o pel\u00edculas. Todo alrededor de las im\u00e1genes y v\u00eddeos, seguro que alguna vez has querido hacer una edici\u00f3n de v\u00eddeo, pero no sabes c\u00f3mo ni con que programa. A continuaci\u00f3n, se van a","twitter:image":"https:\/\/www.eldigitaldeasturias.com\/noticias\/wp-content\/uploads\/2020\/04\/edicion-video.jpg","twitter:label1":"Escrito por","twitter:data1":"El Digital de Asturias","twitter:label2":"Tiempo de lectura estimado","twitter:data2":"2 minutos"},"aioseo_meta_data":{"post_id":"1064000","title":null,"description":null,"keywords":null,"keyphrases":null,"primary_term":null,"canonical_url":null,"og_title":null,"og_description":null,"og_object_type":"default","og_image_type":"default","og_image_url":null,"og_image_width":null,"og_image_height":null,"og_image_custom_url":null,"og_image_custom_fields":null,"og_video":null,"og_custom_url":null,"og_article_section":null,"og_article_tags":null,"twitter_use_og":false,"twitter_card":"default","twitter_image_type":"default","twitter_image_url":null,"twitter_image_custom_url":null,"twitter_image_custom_fields":null,"twitter_title":null,"twitter_description":null,"schema":{"blockGraphs":[],"customGraphs":[],"default":{"data":{"Article":[],"Course":[],"Dataset":[],"FAQPage":[],"Movie":[],"Person":[],"Product":[],"ProductReview":[],"Car":[],"Recipe":[],"Service":[],"SoftwareApplication":[],"WebPage":[]},"graphName":"","isEnabled":true},"graphs":[],"defaultGraph":"","defaultPostTypeGraph":""},"schema_type":null,"schema_type_options":null,"pillar_content":false,"robots_default":true,"robots_noindex":false,"robots_noarchive":false,"robots_nosnippet":false,"robots_nofollow":false,"robots_noimageindex":false,"robots_noodp":false,"robots_notranslate":false,"robots_max_snippet":null,"robots_max_videopreview":null,"robots_max_imagepreview":"large","priority":null,"frequency":null,"local_seo":null,"seo_analyzer_scan_date":"2025-09-12 07:56:53","breadcrumb_settings":null,"limit_modified_date":false,"open_ai":null,"ai":null,"created":"2020-12-21 10:51:12","updated":"2025-09-12 07:56:53"},"aioseo_breadcrumb":"<div class=\"aioseo-breadcrumbs\"><span class=\"aioseo-breadcrumb\">\n\t<a href=\"https:\/\/www.eldigitaldeasturias.com\/noticias\" title=\"Home\">Home<\/a>\n<\/span><span class=\"aioseo-breadcrumb-separator\">\u2013<\/span><span class=\"aioseo-breadcrumb\">\n\t<a href=\"https:\/\/www.eldigitaldeasturias.com\/noticias\/category\/economia\/\" title=\"Econom\u00eda\">Econom\u00eda<\/a>\n<\/span><span class=\"aioseo-breadcrumb-separator\">\u2013<\/span><span class=\"aioseo-breadcrumb\">\n\t<a href=\"https:\/\/www.eldigitaldeasturias.com\/noticias\/la-edicion-de-video-una-de-las-salidas-profesionales-mas-actuales\/\" title=\"La edici\u00f3n de v\u00eddeo, una de las salidas profesionales m\u00e1s actuales\">La edici\u00f3n de v\u00eddeo, una de las salidas profesionales m\u00e1s actuales<\/a>\n<\/span><\/div>","aioseo_breadcrumb_json":[{"label":"Home","link":"https:\/\/www.eldigitaldeasturias.com\/noticias"},{"label":"Econom\u00eda","link":"https:\/\/www.eldigitaldeasturias.com\/noticias\/category\/economia\/"},{"label":"La edici\u00f3n de v\u00eddeo, una de las salidas profesionales m\u00e1s actuales","link":"https:\/\/www.eldigitaldeasturias.com\/noticias\/la-edicion-de-video-una-de-las-salidas-profesionales-mas-actuales\/"}],"_links":{"self":[{"href":"https:\/\/www.eldigitaldeasturias.com\/noticias\/wp-json\/wp\/v2\/posts\/1064000","targetHints":{"allow":["GET"]}}],"collection":[{"href":"https:\/\/www.eldigitaldeasturias.com\/noticias\/wp-json\/wp\/v2\/posts"}],"about":[{"href":"https:\/\/www.eldigitaldeasturias.com\/noticias\/wp-json\/wp\/v2\/types\/post"}],"author":[{"embeddable":true,"href":"https:\/\/www.eldigitaldeasturias.com\/noticias\/wp-json\/wp\/v2\/users\/1"}],"replies":[{"embeddable":true,"href":"https:\/\/www.eldigitaldeasturias.com\/noticias\/wp-json\/wp\/v2\/comments?post=1064000"}],"version-history":[{"count":0,"href":"https:\/\/www.eldigitaldeasturias.com\/noticias\/wp-json\/wp\/v2\/posts\/1064000\/revisions"}],"wp:featuredmedia":[{"embeddable":true,"href":"https:\/\/www.eldigitaldeasturias.com\/noticias\/wp-json\/wp\/v2\/media\/1064001"}],"wp:attachment":[{"href":"https:\/\/www.eldigitaldeasturias.com\/noticias\/wp-json\/wp\/v2\/media?parent=1064000"}],"wp:term":[{"taxonomy":"category","embeddable":true,"href":"https:\/\/www.eldigitaldeasturias.com\/noticias\/wp-json\/wp\/v2\/categories?post=1064000"},{"taxonomy":"post_tag","embeddable":true,"href":"https:\/\/www.eldigitaldeasturias.com\/noticias\/wp-json\/wp\/v2\/tags?post=1064000"}],"curies":[{"name":"wp","href":"https:\/\/api.w.org\/{rel}","templated":true}]}}