{"id":1063929,"date":"2020-04-23T12:43:32","date_gmt":"2020-04-23T12:43:32","guid":{"rendered":"https:\/\/www.eldigitaldeasturias.com\/noticias\/?p=1063929"},"modified":"2020-04-23T12:43:32","modified_gmt":"2020-04-23T12:43:32","slug":"coronavirus-la-comision-anuncia-medidas-excepcionales-de-apoyo-al-sector-agroalimentario","status":"publish","type":"post","link":"https:\/\/www.eldigitaldeasturias.com\/noticias\/coronavirus-la-comision-anuncia-medidas-excepcionales-de-apoyo-al-sector-agroalimentario\/","title":{"rendered":"Coronavirus: La Comisi\u00f3n anuncia medidas excepcionales de apoyo al sector agroalimentario"},"content":{"rendered":"<p class=\"x_MsoNormal\"><img loading=\"lazy\" decoding=\"async\" class=\"alignleft size-medium wp-image-983320\" src=\"https:\/\/www.eldigitaldeasturias.com\/noticias\/wp-content\/uploads\/2018\/06\/blue-1283011_960_720-360x252.jpg\" alt=\"\" width=\"360\" height=\"252\" srcset=\"https:\/\/www.eldigitaldeasturias.com\/noticias\/wp-content\/uploads\/2018\/06\/blue-1283011_960_720-360x252.jpg 360w, https:\/\/www.eldigitaldeasturias.com\/noticias\/wp-content\/uploads\/2018\/06\/blue-1283011_960_720-429x300.jpg 429w, https:\/\/www.eldigitaldeasturias.com\/noticias\/wp-content\/uploads\/2018\/06\/blue-1283011_960_720-768x537.jpg 768w, https:\/\/www.eldigitaldeasturias.com\/noticias\/wp-content\/uploads\/2018\/06\/blue-1283011_960_720-687x480.jpg 687w, https:\/\/www.eldigitaldeasturias.com\/noticias\/wp-content\/uploads\/2018\/06\/blue-1283011_960_720-20x14.jpg 20w, https:\/\/www.eldigitaldeasturias.com\/noticias\/wp-content\/uploads\/2018\/06\/blue-1283011_960_720.jpg 960w\" sizes=\"auto, (max-width: 360px) 100vw, 360px\" \/>La Comisi\u00f3n est\u00e1 adoptando medidas urgentes y propone ahora medidas complementarias excepcionales para <span class=\"x_Bodytext2\"><span lang=\"EN-GB\"><a href=\"https:\/\/ec.europa.eu\/info\/news\/coronavirus-commission-announces-further-measures-support-agri-food-sector-2020-apr-02_en\" target=\"_blank\" rel=\"nofollow noopener noreferrer\" data-auth=\"NotApplicable\"><span lang=\"ES\"><span style=\"color: #ff6600;\"><strong>seguir apoyando<\/strong><\/span><\/span><\/a><\/span><\/span>\u00a0a los mercados agr\u00edcolas y alimentarios m\u00e1s afectados. El sector agroalimentario de la UE est\u00e1 mostrando su\u00a0<span style=\"color: #ff6600;\"><strong><span class=\"x_Bodytext2\"><span lang=\"EN-GB\"><a style=\"color: #ff6600;\" href=\"https:\/\/ec.europa.eu\/info\/news\/short-term-outlook-despite-challenges-arising-coronavirus-outbreak-eu-agri-food-sectors-show-resilience-2020-apr-20_en\" target=\"_blank\" rel=\"nofollow noopener noreferrer\" data-auth=\"NotApplicable\"><span lang=\"ES\">resisliencia<\/span><\/a><\/span><\/span><\/strong><\/span>\u00a0en estos tiempos sin precedentes, como consecuencia de la pandemia de coronavirus. A pesar de ello, esta crisis de salud p\u00fablica ha afectado profundamente a algunos mercados.<\/p>\n<p class=\"x_MsoNormal\">El paquete presentado hoy incluye medidas para\u00a0<span style=\"color: #ff6600;\"><strong><span class=\"x_Bodytext2\"><span lang=\"EN-GB\"><a style=\"color: #ff6600;\" href=\"https:\/\/ec.europa.eu\/info\/food-farming-fisheries\/key-policies\/common-agricultural-policy\/market-measures\/market-measures-explained_en%23storageofproducts\" target=\"_blank\" rel=\"nofollow noopener noreferrer\" data-auth=\"NotApplicable\"><span lang=\"ES\">ayudas al almacenamiento privado<\/span><span lang=\"ES\">\u00a0en<\/span><\/a><\/span><\/span><\/strong><\/span>\u00a0los sectores l\u00e1cteo y c\u00e1rnico, la autorizaci\u00f3n a los operadores de los sectores m\u00e1s afectados de adoptar medidas para la autoorganizaci\u00f3n del mercado y la flexibilidad en los mercados de frutas y hortalizas, vino y otros\u00a0<span style=\"color: #ff6600;\"><strong><span class=\"x_Bodytext2\"><span lang=\"EN-GB\"><a style=\"color: #ff6600;\" href=\"https:\/\/ec.europa.eu\/info\/food-farming-fisheries\/key-policies\/common-agricultural-policy\/market-measures\/market-measures-explained_es\" target=\"_blank\" rel=\"nofollow noopener noreferrer\" data-auth=\"NotApplicable\"><span lang=\"ES\">programas de apoyo al mercado<\/span><\/a><\/span><\/span><\/strong><\/span>.<\/p>\n<p class=\"x_Bodytext40\"><span class=\"x_Bodytext4NotItalic\">El Comisario de Agricultura Janusz\u00a0<\/span><span class=\"x_Bodytext4Bold\">\u00a0Wojciechowski\u00a0<\/span><span class=\"x_Bodytext4NotItalic\">ha declarado al respecto:\u00a0<\/span>\u00abLas consecuencias de la crisis del coronavirus se dejan sentir cada vez m\u00e1s en el sector agroalimentario, por lo que hemos decidido actuar con rapidez, como complemento a las medidas ya adoptadas desde el inicio de la crisis. En el estado actual de la evoluci\u00f3n del mercado, las medidas propuestas pretenden enviar una se\u00f1al destinada a estabilizar los mercados y se consideran las m\u00e1s adecuadas para proporcionar estabilidad a los precios y a la producci\u00f3n futuros y, por tanto, para la estabilidad del suministro de alimentos y la seguridad alimentaria. Hoy presentamos un nuevo y excepcional paquete de medidas para apoyar a los sectores agroalimentarios m\u00e1s afectados, abordando las perturbaciones ya observadas y los riesgos futuros. Estoy convencido de que estas medidas aliviar\u00e1n a los mercados y aportar\u00e1n r\u00e1pidamente resultados concretos\u00bb.<\/p>\n<p class=\"x_MsoNormal\">Entre las medidas excepcionales anunciadas como respuesta adicional a la crisis del coronavirus figuran:<\/p>\n<p class=\"x_MsoNormal\"><span lang=\"EN-US\">&#8211;\u00a0<\/span><span class=\"x_Bodytext2Bold\">Ayuda al almacenamiento privado<\/span>: La Comisi\u00f3n propone conceder\u00a0<span style=\"color: #ff6600;\"><strong><span class=\"x_Bodytext2\"><span lang=\"EN-GB\"><a style=\"color: #ff6600;\" href=\"https:\/\/ec.europa.eu\/info\/food-farming-fisheries\/key-policies\/common-agricultural-policy\/market-measures\/market-measures-explained_es#storageofproducts\" target=\"_blank\" rel=\"nofollow noopener noreferrer\" data-auth=\"NotApplicable\"><span lang=\"ES\">ayudas al almacenamiento privado<\/span><\/a><\/span><\/span><\/strong><\/span>\u00a0de productos l\u00e1cteos (leche desnatada en polvo, mantequilla, queso) y carne (carne de vacuno, ovino y caprino). Este r\u00e9gimen permitir\u00e1 la retirada temporal del mercado de productos durante un per\u00edodo m\u00ednimo de 2 a 3 meses y un per\u00edodo m\u00e1ximo de 5 a 6 meses. Esta medida conducir\u00e1 a una disminuci\u00f3n de la oferta disponible en el mercado y, a largo plazo, al reequilibrio del mercado.<\/p>\n<p class=\"x_MsoNormal\"><span lang=\"EN-US\">&#8211;\u00a0<\/span><span class=\"x_Bodytext2Bold\">Flexibilidad para los programas de apoyo al mercado<\/span>: La Comisi\u00f3n introducir\u00e1 flexibilidad en la aplicaci\u00f3n de los\u00a0<span style=\"color: #ff6600;\"><strong><span class=\"x_Bodytext2\"><span lang=\"EN-GB\"><a style=\"color: #ff6600;\" href=\"https:\/\/ec.europa.eu\/info\/food-farming-fisheries\/key-policies\/common-agricultural-policy\/market-measures\/market-measures-explained_es\" target=\"_blank\" rel=\"nofollow noopener noreferrer\" data-auth=\"NotApplicable\"><span lang=\"ES\">programas de apoyo al mercado<\/span><\/a><\/span><\/span><\/strong><\/span>\u00a0del vino, las frutas y<span style=\"color: #ff6600;\"><strong> hortalizas, el aceite de oliva, la apicultura y en el\u00a0<span class=\"x_Bodytext2\"><span lang=\"EN-GB\"><a style=\"color: #ff6600;\" href=\"https:\/\/ec.europa.eu\/info\/food-farming-fisheries\/key-policies\/common-agricultural-policy\/market-measures\/school-fruit-vegetables-and-milk-scheme_es\" target=\"_blank\" rel=\"nofollow noopener noreferrer\" data-auth=\"NotApplicable\"><span lang=\"ES\">programa escolar de la UE<\/span><\/a><\/span><\/span><\/strong><\/span>\u00a0(leche, frutas y hortalizas). Esto permitir\u00e1 reorientar las prioridades de financiaci\u00f3n hacia medidas de gesti\u00f3n de la crisis para todos los sectores.<\/p>\n<p class=\"x_MsoNormal\"><span lang=\"EN-US\">&#8211;\u00a0<\/span><span class=\"x_Bodytext2Bold\">Derogaci\u00f3n excepcional de las normas de competencia de la UE<\/span>: La Comisi\u00f3n autorizar\u00e1 excepciones, aplicables a los sectores de la leche, la floricultura y la patata, a determinadas normas de competencia con arreglo al art\u00edculo\u00a0222 del\u00a0<span class=\"x_MsoHyperlink\"><span lang=\"EN-GB\"><a href=\"https:\/\/eur-lex.europa.eu\/legal-content\/ES\/ALL\/?uri=celex%3A32013R1308\" target=\"_blank\" rel=\"nofollow noopener noreferrer\" data-auth=\"NotApplicable\"><span lang=\"ES\"><span style=\"color: #ff6600;\"><strong>Reglamento de la Organizaci\u00f3n Com\u00fan de Mercado<\/strong><strong>s<\/strong><\/span><\/span><\/a><\/span><\/span>, para permitir a los operadores adoptar medidas de autoorganizaci\u00f3n del mercado. Concretamente, estos sectores podr\u00e1n adoptar colectivamente medidas para estabilizar el mercado: por ejemplo, el sector l\u00e1cteo podr\u00e1 planificar colectivamente la producci\u00f3n de leche y los sectores de la floricultura y la patata podr\u00e1n retirar productos del mercado. Tambi\u00e9n se permitir\u00e1 el almacenamiento por parte de operadores privados. Estos acuerdos y decisiones solo ser\u00e1n v\u00e1lidos durante un per\u00edodo m\u00e1ximo de seis meses. Se seguir\u00e1 de cerca la evoluci\u00f3n de los precios de consumo para evitar efectos adversos.<\/p>\n<p class=\"x_MsoNormal\">La Comisi\u00f3n quiere que estas medidas se adopten a finales de abril, pero antes debe consultarse a los Estados miembros, que deber\u00e1n votarlas. Por ello, est\u00e1n a\u00fan sujetas a modificaci\u00f3n. Los detalles completos de estas propuestas se dar\u00e1n a conocer cuando sean finalmente adoptadas.<\/p>\n<p class=\"x_MsoNormal\">El paquete anunciado hoy completa un amplio conjunto de\u00a0<span style=\"color: #ff6600;\"><strong><span class=\"x_MsoHyperlink\"><span lang=\"EN-GB\"><a style=\"color: #ff6600;\" href=\"https:\/\/ec.europa.eu\/info\/news\/coronavirus-commission-announces-further-measures-support-agri-food-sector-2020-apr-02_en\" target=\"_blank\" rel=\"nofollow noopener noreferrer\" data-auth=\"NotApplicable\"><span lang=\"ES\">otras medidas<\/span><\/a><\/span><\/span><\/strong><\/span>\u00a0de apoyo al sector agroalimentario adoptadas por la Comisi\u00f3n en una fase temprana de la actual crisis, como el aumento de los importes de las ayudas estatales, anticipos m\u00e1s elevados y plazos m\u00e1s amplios para presentar las solicitudes de pago. La mayor flexibilidad de las normas de la pol\u00edtica agr\u00edcola com\u00fan tiene por objeto aligerar los tr\u00e1mites administrativos a los agricultores y las administraciones nacionales.<\/p>\n<p>&nbsp;<\/p>\n","protected":false},"excerpt":{"rendered":"<p>La Comisi\u00f3n est\u00e1 adoptando medidas urgentes y propone ahora medidas complementarias excepcionales para seguir apoyando\u00a0a los mercados agr\u00edcolas y alimentarios m\u00e1s afectados. El sector agroalimentario de la UE est\u00e1 mostrando su\u00a0resisliencia\u00a0en estos tiempos sin precedentes, como consecuencia de la pandemia de coronavirus. A pesar de ello, esta crisis de salud p\u00fablica ha afectado profundamente a [&hellip;]<\/p>\n","protected":false},"author":1,"featured_media":983320,"comment_status":"closed","ping_status":"closed","sticky":false,"template":"","format":"standard","meta":{"footnotes":""},"categories":[187],"tags":[],"class_list":["post-1063929","post","type-post","status-publish","format-standard","has-post-thumbnail","hentry","category-economia"],"aioseo_notices":[],"aioseo_head":"\n\t\t<!-- All in One SEO Pro 4.9.6.2 - aioseo.com -->\n\t<meta name=\"description\" content=\"La Comisi\u00f3n est\u00e1 adoptando medidas urgentes y propone ahora medidas complementarias excepcionales para seguir apoyando a los mercados agr\u00edcolas y alimentarios m\u00e1s afectados. El sector agroalimentario de la UE est\u00e1 mostrando su resisliencia en estos tiempos sin precedentes, como consecuencia de la pandemia de coronavirus. A pesar de ello, esta crisis de salud p\u00fablica ha afectado profundamente a\" \/>\n\t<meta name=\"robots\" content=\"max-image-preview:large\" \/>\n\t<meta name=\"author\" content=\"El Digital de Asturias\"\/>\n\t<meta name=\"google-site-verification\" content=\"UA-38556648-1\" \/>\n\t<meta name=\"msvalidate.01\" content=\"7dfe9f3f1b24437ab69f4f2559babe99\" \/>\n\t<meta name=\"keywords\" content=\"econom\u00eda\" \/>\n\t<link rel=\"canonical\" href=\"https:\/\/www.eldigitaldeasturias.com\/noticias\/coronavirus-la-comision-anuncia-medidas-excepcionales-de-apoyo-al-sector-agroalimentario\/\" \/>\n\t<meta name=\"generator\" content=\"All in One SEO Pro (AIOSEO) 4.9.6.2\" \/>\n\t\t<meta property=\"og:locale\" content=\"es_ES\" \/>\n\t\t<meta property=\"og:site_name\" content=\"El Digital de Asturias\" \/>\n\t\t<meta property=\"og:type\" content=\"article\" \/>\n\t\t<meta property=\"og:title\" content=\"Coronavirus: La Comisi\u00f3n anuncia medidas excepcionales de apoyo al sector agroalimentario - El Digital de Asturias\" \/>\n\t\t<meta property=\"og:description\" content=\"La Comisi\u00f3n est\u00e1 adoptando medidas urgentes y propone ahora medidas complementarias excepcionales para seguir apoyando a los mercados agr\u00edcolas y alimentarios m\u00e1s afectados. El sector agroalimentario de la UE est\u00e1 mostrando su resisliencia en estos tiempos sin precedentes, como consecuencia de la pandemia de coronavirus. A pesar de ello, esta crisis de salud p\u00fablica ha afectado profundamente a\" \/>\n\t\t<meta property=\"og:url\" content=\"https:\/\/www.eldigitaldeasturias.com\/noticias\/coronavirus-la-comision-anuncia-medidas-excepcionales-de-apoyo-al-sector-agroalimentario\/\" \/>\n\t\t<meta property=\"og:image\" content=\"https:\/\/www.eldigitaldeasturias.com\/noticias\/wp-content\/uploads\/2018\/06\/blue-1283011_960_720.jpg\" \/>\n\t\t<meta property=\"og:image:secure_url\" content=\"https:\/\/www.eldigitaldeasturias.com\/noticias\/wp-content\/uploads\/2018\/06\/blue-1283011_960_720.jpg\" \/>\n\t\t<meta property=\"og:image:width\" content=\"960\" \/>\n\t\t<meta property=\"og:image:height\" content=\"671\" \/>\n\t\t<meta property=\"article:tag\" content=\"econom\u00eda\" \/>\n\t\t<meta property=\"article:published_time\" content=\"2020-04-23T12:43:32+00:00\" \/>\n\t\t<meta property=\"article:modified_time\" content=\"2020-04-23T12:43:32+00:00\" \/>\n\t\t<meta property=\"article:publisher\" content=\"https:\/\/facebook.com\/eldigitaldeasturias\" \/>\n\t\t<meta name=\"twitter:card\" content=\"summary_large_image\" \/>\n\t\t<meta name=\"twitter:title\" content=\"Coronavirus: La Comisi\u00f3n anuncia medidas excepcionales de apoyo al sector agroalimentario - El Digital de Asturias\" \/>\n\t\t<meta name=\"twitter:description\" content=\"La Comisi\u00f3n est\u00e1 adoptando medidas urgentes y propone ahora medidas complementarias excepcionales para seguir apoyando a los mercados agr\u00edcolas y alimentarios m\u00e1s afectados. El sector agroalimentario de la UE est\u00e1 mostrando su resisliencia en estos tiempos sin precedentes, como consecuencia de la pandemia de coronavirus. A pesar de ello, esta crisis de salud p\u00fablica ha afectado profundamente a\" \/>\n\t\t<meta name=\"twitter:image\" content=\"https:\/\/www.eldigitaldeasturias.com\/noticias\/wp-content\/uploads\/2018\/06\/blue-1283011_960_720.jpg\" \/>\n\t\t<meta name=\"twitter:label1\" content=\"Escrito por\" \/>\n\t\t<meta name=\"twitter:data1\" content=\"El Digital de Asturias\" \/>\n\t\t<meta name=\"twitter:label2\" content=\"Tiempo de lectura estimado\" \/>\n\t\t<meta name=\"twitter:data2\" content=\"4 minutos\" \/>\n\t\t<script type=\"application\/ld+json\" class=\"aioseo-schema\">\n\t\t\t{\"@context\":\"https:\\\/\\\/schema.org\",\"@graph\":[{\"@type\":\"BlogPosting\",\"@id\":\"https:\\\/\\\/www.eldigitaldeasturias.com\\\/noticias\\\/coronavirus-la-comision-anuncia-medidas-excepcionales-de-apoyo-al-sector-agroalimentario\\\/#blogposting\",\"name\":\"Coronavirus: La Comisi\\u00f3n anuncia medidas excepcionales de apoyo al sector agroalimentario - El Digital de Asturias\",\"headline\":\"Coronavirus: La Comisi\\u00f3n anuncia medidas excepcionales de apoyo al sector agroalimentario\",\"author\":{\"@id\":\"https:\\\/\\\/www.eldigitaldeasturias.com\\\/noticias\\\/author\\\/admin\\\/#author\"},\"publisher\":{\"@id\":\"https:\\\/\\\/www.eldigitaldeasturias.com\\\/noticias\\\/#organization\"},\"image\":{\"@type\":\"ImageObject\",\"url\":\"https:\\\/\\\/www.eldigitaldeasturias.com\\\/noticias\\\/wp-content\\\/uploads\\\/2018\\\/06\\\/blue-1283011_960_720.jpg\",\"width\":960,\"height\":671},\"datePublished\":\"2020-04-23T12:43:32+02:00\",\"dateModified\":\"2020-04-23T12:43:32+02:00\",\"inLanguage\":\"es-ES\",\"mainEntityOfPage\":{\"@id\":\"https:\\\/\\\/www.eldigitaldeasturias.com\\\/noticias\\\/coronavirus-la-comision-anuncia-medidas-excepcionales-de-apoyo-al-sector-agroalimentario\\\/#webpage\"},\"isPartOf\":{\"@id\":\"https:\\\/\\\/www.eldigitaldeasturias.com\\\/noticias\\\/coronavirus-la-comision-anuncia-medidas-excepcionales-de-apoyo-al-sector-agroalimentario\\\/#webpage\"},\"articleSection\":\"Econom\\u00eda\"},{\"@type\":\"BreadcrumbList\",\"@id\":\"https:\\\/\\\/www.eldigitaldeasturias.com\\\/noticias\\\/coronavirus-la-comision-anuncia-medidas-excepcionales-de-apoyo-al-sector-agroalimentario\\\/#breadcrumblist\",\"itemListElement\":[{\"@type\":\"ListItem\",\"@id\":\"https:\\\/\\\/www.eldigitaldeasturias.com\\\/noticias#listItem\",\"position\":1,\"name\":\"Home\",\"item\":\"https:\\\/\\\/www.eldigitaldeasturias.com\\\/noticias\",\"nextItem\":{\"@type\":\"ListItem\",\"@id\":\"https:\\\/\\\/www.eldigitaldeasturias.com\\\/noticias\\\/category\\\/economia\\\/#listItem\",\"name\":\"Econom\\u00eda\"}},{\"@type\":\"ListItem\",\"@id\":\"https:\\\/\\\/www.eldigitaldeasturias.com\\\/noticias\\\/category\\\/economia\\\/#listItem\",\"position\":2,\"name\":\"Econom\\u00eda\",\"item\":\"https:\\\/\\\/www.eldigitaldeasturias.com\\\/noticias\\\/category\\\/economia\\\/\",\"nextItem\":{\"@type\":\"ListItem\",\"@id\":\"https:\\\/\\\/www.eldigitaldeasturias.com\\\/noticias\\\/coronavirus-la-comision-anuncia-medidas-excepcionales-de-apoyo-al-sector-agroalimentario\\\/#listItem\",\"name\":\"Coronavirus: La Comisi\\u00f3n anuncia medidas excepcionales de apoyo al sector agroalimentario\"},\"previousItem\":{\"@type\":\"ListItem\",\"@id\":\"https:\\\/\\\/www.eldigitaldeasturias.com\\\/noticias#listItem\",\"name\":\"Home\"}},{\"@type\":\"ListItem\",\"@id\":\"https:\\\/\\\/www.eldigitaldeasturias.com\\\/noticias\\\/coronavirus-la-comision-anuncia-medidas-excepcionales-de-apoyo-al-sector-agroalimentario\\\/#listItem\",\"position\":3,\"name\":\"Coronavirus: La Comisi\\u00f3n anuncia medidas excepcionales de apoyo al sector agroalimentario\",\"previousItem\":{\"@type\":\"ListItem\",\"@id\":\"https:\\\/\\\/www.eldigitaldeasturias.com\\\/noticias\\\/category\\\/economia\\\/#listItem\",\"name\":\"Econom\\u00eda\"}}]},{\"@type\":\"Organization\",\"@id\":\"https:\\\/\\\/www.eldigitaldeasturias.com\\\/noticias\\\/#organization\",\"name\":\"El Digital de Asturias\",\"description\":\"Hemeroteca\",\"url\":\"https:\\\/\\\/www.eldigitaldeasturias.com\\\/noticias\\\/\",\"email\":\"info@eldigitaldeasturias.com\",\"telephone\":\"+34652131393\",\"logo\":{\"@type\":\"ImageObject\",\"url\":\"https:\\\/\\\/www.eldigitaldeasturias.com\\\/noticias\\\/wp-content\\\/uploads\\\/2020\\\/12\\\/EDA.jpg\",\"@id\":\"https:\\\/\\\/www.eldigitaldeasturias.com\\\/noticias\\\/coronavirus-la-comision-anuncia-medidas-excepcionales-de-apoyo-al-sector-agroalimentario\\\/#organizationLogo\",\"width\":649,\"height\":297},\"image\":{\"@id\":\"https:\\\/\\\/www.eldigitaldeasturias.com\\\/noticias\\\/coronavirus-la-comision-anuncia-medidas-excepcionales-de-apoyo-al-sector-agroalimentario\\\/#organizationLogo\"},\"sameAs\":[\"https:\\\/\\\/facebook.com\\\/eldigitaldeasturias\",\"https:\\\/\\\/www.youtube.com\\\/channel\\\/UCZP-2wLEB9Rv6erhFmqVnvg\"],\"address\":{\"@id\":\"https:\\\/\\\/www.eldigitaldeasturias.com\\\/noticias\\\/#postaladdress\",\"@type\":\"PostalAddress\",\"streetAddress\":\"san antonio 4,\",\"postalCode\":\"33430\",\"addressLocality\":\"Cand\\u00e1s\",\"addressRegion\":\"Asturias\",\"addressCountry\":\"ES\"}},{\"@type\":\"Person\",\"@id\":\"https:\\\/\\\/www.eldigitaldeasturias.com\\\/noticias\\\/author\\\/admin\\\/#author\",\"url\":\"https:\\\/\\\/www.eldigitaldeasturias.com\\\/noticias\\\/author\\\/admin\\\/\",\"name\":\"El Digital de Asturias\",\"image\":{\"@type\":\"ImageObject\",\"@id\":\"https:\\\/\\\/www.eldigitaldeasturias.com\\\/noticias\\\/coronavirus-la-comision-anuncia-medidas-excepcionales-de-apoyo-al-sector-agroalimentario\\\/#authorImage\",\"url\":\"https:\\\/\\\/www.eldigitaldeasturias.com\\\/noticias\\\/wp-content\\\/litespeed\\\/avatar\\\/18677e78aa0546b92d9dbf31ec7d7668.jpg?ver=1777290358\",\"width\":96,\"height\":96,\"caption\":\"El Digital de Asturias\"}},{\"@type\":\"WebPage\",\"@id\":\"https:\\\/\\\/www.eldigitaldeasturias.com\\\/noticias\\\/coronavirus-la-comision-anuncia-medidas-excepcionales-de-apoyo-al-sector-agroalimentario\\\/#webpage\",\"url\":\"https:\\\/\\\/www.eldigitaldeasturias.com\\\/noticias\\\/coronavirus-la-comision-anuncia-medidas-excepcionales-de-apoyo-al-sector-agroalimentario\\\/\",\"name\":\"Coronavirus: La Comisi\\u00f3n anuncia medidas excepcionales de apoyo al sector agroalimentario - El Digital de Asturias\",\"description\":\"La Comisi\\u00f3n est\\u00e1 adoptando medidas urgentes y propone ahora medidas complementarias excepcionales para seguir apoyando a los mercados agr\\u00edcolas y alimentarios m\\u00e1s afectados. El sector agroalimentario de la UE est\\u00e1 mostrando su resisliencia en estos tiempos sin precedentes, como consecuencia de la pandemia de coronavirus. A pesar de ello, esta crisis de salud p\\u00fablica ha afectado profundamente a\",\"inLanguage\":\"es-ES\",\"isPartOf\":{\"@id\":\"https:\\\/\\\/www.eldigitaldeasturias.com\\\/noticias\\\/#website\"},\"breadcrumb\":{\"@id\":\"https:\\\/\\\/www.eldigitaldeasturias.com\\\/noticias\\\/coronavirus-la-comision-anuncia-medidas-excepcionales-de-apoyo-al-sector-agroalimentario\\\/#breadcrumblist\"},\"author\":{\"@id\":\"https:\\\/\\\/www.eldigitaldeasturias.com\\\/noticias\\\/author\\\/admin\\\/#author\"},\"creator\":{\"@id\":\"https:\\\/\\\/www.eldigitaldeasturias.com\\\/noticias\\\/author\\\/admin\\\/#author\"},\"image\":{\"@type\":\"ImageObject\",\"url\":\"https:\\\/\\\/www.eldigitaldeasturias.com\\\/noticias\\\/wp-content\\\/uploads\\\/2018\\\/06\\\/blue-1283011_960_720.jpg\",\"@id\":\"https:\\\/\\\/www.eldigitaldeasturias.com\\\/noticias\\\/coronavirus-la-comision-anuncia-medidas-excepcionales-de-apoyo-al-sector-agroalimentario\\\/#mainImage\",\"width\":960,\"height\":671},\"primaryImageOfPage\":{\"@id\":\"https:\\\/\\\/www.eldigitaldeasturias.com\\\/noticias\\\/coronavirus-la-comision-anuncia-medidas-excepcionales-de-apoyo-al-sector-agroalimentario\\\/#mainImage\"},\"datePublished\":\"2020-04-23T12:43:32+02:00\",\"dateModified\":\"2020-04-23T12:43:32+02:00\"},{\"@type\":\"WebSite\",\"@id\":\"https:\\\/\\\/www.eldigitaldeasturias.com\\\/noticias\\\/#website\",\"url\":\"https:\\\/\\\/www.eldigitaldeasturias.com\\\/noticias\\\/\",\"name\":\"El Digital de Asturias - Diario de actualidad y noticias\",\"alternateName\":\"El Digital de Asturias - Diario de actualidad y noticias\",\"description\":\"Hemeroteca\",\"inLanguage\":\"es-ES\",\"publisher\":{\"@id\":\"https:\\\/\\\/www.eldigitaldeasturias.com\\\/noticias\\\/#organization\"}}]}\n\t\t<\/script>\n\t\t<!-- All in One SEO Pro -->\r\n\t\t<title>Coronavirus: La Comisi\u00f3n anuncia medidas excepcionales de apoyo al sector agroalimentario - El Digital de Asturias<\/title>\n\n","aioseo_head_json":{"title":"Coronavirus: La Comisi\u00f3n anuncia medidas excepcionales de apoyo al sector agroalimentario - El Digital de Asturias","description":"La Comisi\u00f3n est\u00e1 adoptando medidas urgentes y propone ahora medidas complementarias excepcionales para seguir apoyando a los mercados agr\u00edcolas y alimentarios m\u00e1s afectados. El sector agroalimentario de la UE est\u00e1 mostrando su resisliencia en estos tiempos sin precedentes, como consecuencia de la pandemia de coronavirus. A pesar de ello, esta crisis de salud p\u00fablica ha afectado profundamente a","canonical_url":"https:\/\/www.eldigitaldeasturias.com\/noticias\/coronavirus-la-comision-anuncia-medidas-excepcionales-de-apoyo-al-sector-agroalimentario\/","robots":"max-image-preview:large","keywords":"econom\u00eda","webmasterTools":{"google-site-verification":"UA-38556648-1","msvalidate.01":"7dfe9f3f1b24437ab69f4f2559babe99","miscellaneous":""},"schema":{"@context":"https:\/\/schema.org","@graph":[{"@type":"BlogPosting","@id":"https:\/\/www.eldigitaldeasturias.com\/noticias\/coronavirus-la-comision-anuncia-medidas-excepcionales-de-apoyo-al-sector-agroalimentario\/#blogposting","name":"Coronavirus: La Comisi\u00f3n anuncia medidas excepcionales de apoyo al sector agroalimentario - El Digital de Asturias","headline":"Coronavirus: La Comisi\u00f3n anuncia medidas excepcionales de apoyo al sector agroalimentario","author":{"@id":"https:\/\/www.eldigitaldeasturias.com\/noticias\/author\/admin\/#author"},"publisher":{"@id":"https:\/\/www.eldigitaldeasturias.com\/noticias\/#organization"},"image":{"@type":"ImageObject","url":"https:\/\/www.eldigitaldeasturias.com\/noticias\/wp-content\/uploads\/2018\/06\/blue-1283011_960_720.jpg","width":960,"height":671},"datePublished":"2020-04-23T12:43:32+02:00","dateModified":"2020-04-23T12:43:32+02:00","inLanguage":"es-ES","mainEntityOfPage":{"@id":"https:\/\/www.eldigitaldeasturias.com\/noticias\/coronavirus-la-comision-anuncia-medidas-excepcionales-de-apoyo-al-sector-agroalimentario\/#webpage"},"isPartOf":{"@id":"https:\/\/www.eldigitaldeasturias.com\/noticias\/coronavirus-la-comision-anuncia-medidas-excepcionales-de-apoyo-al-sector-agroalimentario\/#webpage"},"articleSection":"Econom\u00eda"},{"@type":"BreadcrumbList","@id":"https:\/\/www.eldigitaldeasturias.com\/noticias\/coronavirus-la-comision-anuncia-medidas-excepcionales-de-apoyo-al-sector-agroalimentario\/#breadcrumblist","itemListElement":[{"@type":"ListItem","@id":"https:\/\/www.eldigitaldeasturias.com\/noticias#listItem","position":1,"name":"Home","item":"https:\/\/www.eldigitaldeasturias.com\/noticias","nextItem":{"@type":"ListItem","@id":"https:\/\/www.eldigitaldeasturias.com\/noticias\/category\/economia\/#listItem","name":"Econom\u00eda"}},{"@type":"ListItem","@id":"https:\/\/www.eldigitaldeasturias.com\/noticias\/category\/economia\/#listItem","position":2,"name":"Econom\u00eda","item":"https:\/\/www.eldigitaldeasturias.com\/noticias\/category\/economia\/","nextItem":{"@type":"ListItem","@id":"https:\/\/www.eldigitaldeasturias.com\/noticias\/coronavirus-la-comision-anuncia-medidas-excepcionales-de-apoyo-al-sector-agroalimentario\/#listItem","name":"Coronavirus: La Comisi\u00f3n anuncia medidas excepcionales de apoyo al sector agroalimentario"},"previousItem":{"@type":"ListItem","@id":"https:\/\/www.eldigitaldeasturias.com\/noticias#listItem","name":"Home"}},{"@type":"ListItem","@id":"https:\/\/www.eldigitaldeasturias.com\/noticias\/coronavirus-la-comision-anuncia-medidas-excepcionales-de-apoyo-al-sector-agroalimentario\/#listItem","position":3,"name":"Coronavirus: La Comisi\u00f3n anuncia medidas excepcionales de apoyo al sector agroalimentario","previousItem":{"@type":"ListItem","@id":"https:\/\/www.eldigitaldeasturias.com\/noticias\/category\/economia\/#listItem","name":"Econom\u00eda"}}]},{"@type":"Organization","@id":"https:\/\/www.eldigitaldeasturias.com\/noticias\/#organization","name":"El Digital de Asturias","description":"Hemeroteca","url":"https:\/\/www.eldigitaldeasturias.com\/noticias\/","email":"info@eldigitaldeasturias.com","telephone":"+34652131393","logo":{"@type":"ImageObject","url":"https:\/\/www.eldigitaldeasturias.com\/noticias\/wp-content\/uploads\/2020\/12\/EDA.jpg","@id":"https:\/\/www.eldigitaldeasturias.com\/noticias\/coronavirus-la-comision-anuncia-medidas-excepcionales-de-apoyo-al-sector-agroalimentario\/#organizationLogo","width":649,"height":297},"image":{"@id":"https:\/\/www.eldigitaldeasturias.com\/noticias\/coronavirus-la-comision-anuncia-medidas-excepcionales-de-apoyo-al-sector-agroalimentario\/#organizationLogo"},"sameAs":["https:\/\/facebook.com\/eldigitaldeasturias","https:\/\/www.youtube.com\/channel\/UCZP-2wLEB9Rv6erhFmqVnvg"],"address":{"@id":"https:\/\/www.eldigitaldeasturias.com\/noticias\/#postaladdress","@type":"PostalAddress","streetAddress":"san antonio 4,","postalCode":"33430","addressLocality":"Cand\u00e1s","addressRegion":"Asturias","addressCountry":"ES"}},{"@type":"Person","@id":"https:\/\/www.eldigitaldeasturias.com\/noticias\/author\/admin\/#author","url":"https:\/\/www.eldigitaldeasturias.com\/noticias\/author\/admin\/","name":"El Digital de Asturias","image":{"@type":"ImageObject","@id":"https:\/\/www.eldigitaldeasturias.com\/noticias\/coronavirus-la-comision-anuncia-medidas-excepcionales-de-apoyo-al-sector-agroalimentario\/#authorImage","url":"https:\/\/www.eldigitaldeasturias.com\/noticias\/wp-content\/litespeed\/avatar\/18677e78aa0546b92d9dbf31ec7d7668.jpg?ver=1777290358","width":96,"height":96,"caption":"El Digital de Asturias"}},{"@type":"WebPage","@id":"https:\/\/www.eldigitaldeasturias.com\/noticias\/coronavirus-la-comision-anuncia-medidas-excepcionales-de-apoyo-al-sector-agroalimentario\/#webpage","url":"https:\/\/www.eldigitaldeasturias.com\/noticias\/coronavirus-la-comision-anuncia-medidas-excepcionales-de-apoyo-al-sector-agroalimentario\/","name":"Coronavirus: La Comisi\u00f3n anuncia medidas excepcionales de apoyo al sector agroalimentario - El Digital de Asturias","description":"La Comisi\u00f3n est\u00e1 adoptando medidas urgentes y propone ahora medidas complementarias excepcionales para seguir apoyando a los mercados agr\u00edcolas y alimentarios m\u00e1s afectados. El sector agroalimentario de la UE est\u00e1 mostrando su resisliencia en estos tiempos sin precedentes, como consecuencia de la pandemia de coronavirus. A pesar de ello, esta crisis de salud p\u00fablica ha afectado profundamente a","inLanguage":"es-ES","isPartOf":{"@id":"https:\/\/www.eldigitaldeasturias.com\/noticias\/#website"},"breadcrumb":{"@id":"https:\/\/www.eldigitaldeasturias.com\/noticias\/coronavirus-la-comision-anuncia-medidas-excepcionales-de-apoyo-al-sector-agroalimentario\/#breadcrumblist"},"author":{"@id":"https:\/\/www.eldigitaldeasturias.com\/noticias\/author\/admin\/#author"},"creator":{"@id":"https:\/\/www.eldigitaldeasturias.com\/noticias\/author\/admin\/#author"},"image":{"@type":"ImageObject","url":"https:\/\/www.eldigitaldeasturias.com\/noticias\/wp-content\/uploads\/2018\/06\/blue-1283011_960_720.jpg","@id":"https:\/\/www.eldigitaldeasturias.com\/noticias\/coronavirus-la-comision-anuncia-medidas-excepcionales-de-apoyo-al-sector-agroalimentario\/#mainImage","width":960,"height":671},"primaryImageOfPage":{"@id":"https:\/\/www.eldigitaldeasturias.com\/noticias\/coronavirus-la-comision-anuncia-medidas-excepcionales-de-apoyo-al-sector-agroalimentario\/#mainImage"},"datePublished":"2020-04-23T12:43:32+02:00","dateModified":"2020-04-23T12:43:32+02:00"},{"@type":"WebSite","@id":"https:\/\/www.eldigitaldeasturias.com\/noticias\/#website","url":"https:\/\/www.eldigitaldeasturias.com\/noticias\/","name":"El Digital de Asturias - Diario de actualidad y noticias","alternateName":"El Digital de Asturias - Diario de actualidad y noticias","description":"Hemeroteca","inLanguage":"es-ES","publisher":{"@id":"https:\/\/www.eldigitaldeasturias.com\/noticias\/#organization"}}]},"og:locale":"es_ES","og:site_name":"El Digital de Asturias","og:type":"article","og:title":"Coronavirus: La Comisi\u00f3n anuncia medidas excepcionales de apoyo al sector agroalimentario - El Digital de Asturias","og:description":"La Comisi\u00f3n est\u00e1 adoptando medidas urgentes y propone ahora medidas complementarias excepcionales para seguir apoyando a los mercados agr\u00edcolas y alimentarios m\u00e1s afectados. El sector agroalimentario de la UE est\u00e1 mostrando su resisliencia en estos tiempos sin precedentes, como consecuencia de la pandemia de coronavirus. A pesar de ello, esta crisis de salud p\u00fablica ha afectado profundamente a","og:url":"https:\/\/www.eldigitaldeasturias.com\/noticias\/coronavirus-la-comision-anuncia-medidas-excepcionales-de-apoyo-al-sector-agroalimentario\/","og:image":"https:\/\/www.eldigitaldeasturias.com\/noticias\/wp-content\/uploads\/2018\/06\/blue-1283011_960_720.jpg","og:image:secure_url":"https:\/\/www.eldigitaldeasturias.com\/noticias\/wp-content\/uploads\/2018\/06\/blue-1283011_960_720.jpg","og:image:width":960,"og:image:height":671,"article:tag":["econom\u00eda"],"article:published_time":"2020-04-23T12:43:32+00:00","article:modified_time":"2020-04-23T12:43:32+00:00","article:publisher":"https:\/\/facebook.com\/eldigitaldeasturias","twitter:card":"summary_large_image","twitter:title":"Coronavirus: La Comisi\u00f3n anuncia medidas excepcionales de apoyo al sector agroalimentario - El Digital de Asturias","twitter:description":"La Comisi\u00f3n est\u00e1 adoptando medidas urgentes y propone ahora medidas complementarias excepcionales para seguir apoyando a los mercados agr\u00edcolas y alimentarios m\u00e1s afectados. El sector agroalimentario de la UE est\u00e1 mostrando su resisliencia en estos tiempos sin precedentes, como consecuencia de la pandemia de coronavirus. A pesar de ello, esta crisis de salud p\u00fablica ha afectado profundamente a","twitter:image":"https:\/\/www.eldigitaldeasturias.com\/noticias\/wp-content\/uploads\/2018\/06\/blue-1283011_960_720.jpg","twitter:label1":"Escrito por","twitter:data1":"El Digital de Asturias","twitter:label2":"Tiempo de lectura estimado","twitter:data2":"4 minutos"},"aioseo_meta_data":{"post_id":"1063929","title":null,"description":null,"keywords":null,"keyphrases":null,"primary_term":null,"canonical_url":null,"og_title":null,"og_description":null,"og_object_type":"default","og_image_type":"default","og_image_url":null,"og_image_width":null,"og_image_height":null,"og_image_custom_url":null,"og_image_custom_fields":null,"og_video":null,"og_custom_url":null,"og_article_section":null,"og_article_tags":null,"twitter_use_og":false,"twitter_card":"default","twitter_image_type":"default","twitter_image_url":null,"twitter_image_custom_url":null,"twitter_image_custom_fields":null,"twitter_title":null,"twitter_description":null,"schema":{"blockGraphs":[],"customGraphs":[],"default":{"data":{"Article":[],"Course":[],"Dataset":[],"FAQPage":[],"Movie":[],"Person":[],"Product":[],"ProductReview":[],"Car":[],"Recipe":[],"Service":[],"SoftwareApplication":[],"WebPage":[]},"graphName":"","isEnabled":true},"graphs":[],"defaultGraph":"","defaultPostTypeGraph":""},"schema_type":null,"schema_type_options":null,"pillar_content":false,"robots_default":true,"robots_noindex":false,"robots_noarchive":false,"robots_nosnippet":false,"robots_nofollow":false,"robots_noimageindex":false,"robots_noodp":false,"robots_notranslate":false,"robots_max_snippet":null,"robots_max_videopreview":null,"robots_max_imagepreview":"large","priority":null,"frequency":null,"local_seo":null,"seo_analyzer_scan_date":"2025-09-12 07:44:52","breadcrumb_settings":null,"limit_modified_date":false,"open_ai":null,"ai":null,"created":"2020-12-21 10:51:12","updated":"2025-09-12 07:44:52"},"aioseo_breadcrumb":"<div class=\"aioseo-breadcrumbs\"><span class=\"aioseo-breadcrumb\">\n\t<a href=\"https:\/\/www.eldigitaldeasturias.com\/noticias\" title=\"Home\">Home<\/a>\n<\/span><span class=\"aioseo-breadcrumb-separator\">\u2013<\/span><span class=\"aioseo-breadcrumb\">\n\t<a href=\"https:\/\/www.eldigitaldeasturias.com\/noticias\/category\/economia\/\" title=\"Econom\u00eda\">Econom\u00eda<\/a>\n<\/span><span class=\"aioseo-breadcrumb-separator\">\u2013<\/span><span class=\"aioseo-breadcrumb\">\n\t<a href=\"https:\/\/www.eldigitaldeasturias.com\/noticias\/coronavirus-la-comision-anuncia-medidas-excepcionales-de-apoyo-al-sector-agroalimentario\/\" title=\"Coronavirus: La Comisi\u00f3n anuncia medidas excepcionales de apoyo al sector agroalimentario\">Coronavirus: La Comisi\u00f3n anuncia medidas excepcionales de apoyo al sector agroalimentario<\/a>\n<\/span><\/div>","aioseo_breadcrumb_json":[{"label":"Home","link":"https:\/\/www.eldigitaldeasturias.com\/noticias"},{"label":"Econom\u00eda","link":"https:\/\/www.eldigitaldeasturias.com\/noticias\/category\/economia\/"},{"label":"Coronavirus: La Comisi\u00f3n anuncia medidas excepcionales de apoyo al sector agroalimentario","link":"https:\/\/www.eldigitaldeasturias.com\/noticias\/coronavirus-la-comision-anuncia-medidas-excepcionales-de-apoyo-al-sector-agroalimentario\/"}],"_links":{"self":[{"href":"https:\/\/www.eldigitaldeasturias.com\/noticias\/wp-json\/wp\/v2\/posts\/1063929","targetHints":{"allow":["GET"]}}],"collection":[{"href":"https:\/\/www.eldigitaldeasturias.com\/noticias\/wp-json\/wp\/v2\/posts"}],"about":[{"href":"https:\/\/www.eldigitaldeasturias.com\/noticias\/wp-json\/wp\/v2\/types\/post"}],"author":[{"embeddable":true,"href":"https:\/\/www.eldigitaldeasturias.com\/noticias\/wp-json\/wp\/v2\/users\/1"}],"replies":[{"embeddable":true,"href":"https:\/\/www.eldigitaldeasturias.com\/noticias\/wp-json\/wp\/v2\/comments?post=1063929"}],"version-history":[{"count":0,"href":"https:\/\/www.eldigitaldeasturias.com\/noticias\/wp-json\/wp\/v2\/posts\/1063929\/revisions"}],"wp:featuredmedia":[{"embeddable":true,"href":"https:\/\/www.eldigitaldeasturias.com\/noticias\/wp-json\/wp\/v2\/media\/983320"}],"wp:attachment":[{"href":"https:\/\/www.eldigitaldeasturias.com\/noticias\/wp-json\/wp\/v2\/media?parent=1063929"}],"wp:term":[{"taxonomy":"category","embeddable":true,"href":"https:\/\/www.eldigitaldeasturias.com\/noticias\/wp-json\/wp\/v2\/categories?post=1063929"},{"taxonomy":"post_tag","embeddable":true,"href":"https:\/\/www.eldigitaldeasturias.com\/noticias\/wp-json\/wp\/v2\/tags?post=1063929"}],"curies":[{"name":"wp","href":"https:\/\/api.w.org\/{rel}","templated":true}]}}