{"id":1063850,"date":"2020-04-22T07:10:46","date_gmt":"2020-04-22T07:10:46","guid":{"rendered":"https:\/\/www.eldigitaldeasturias.com\/noticias\/?p=1063850"},"modified":"2020-04-22T07:10:46","modified_gmt":"2020-04-22T07:10:46","slug":"alternativa-verde-por-asturias-equo-exige-calidad-e-igualdad-de-oportunidades-en-la-educacion","status":"publish","type":"post","link":"https:\/\/www.eldigitaldeasturias.com\/noticias\/alternativa-verde-por-asturias-equo-exige-calidad-e-igualdad-de-oportunidades-en-la-educacion\/","title":{"rendered":"Alternativa Verde por Asturias EQUO exige calidad e igualdad de oportunidades en la educaci\u00f3n"},"content":{"rendered":"<p><img loading=\"lazy\" decoding=\"async\" class=\"alignleft size-medium wp-image-1019251\" src=\"https:\/\/www.eldigitaldeasturias.com\/noticias\/wp-content\/uploads\/2019\/03\/window-770535_960_720-360x240.jpg\" alt=\"\" width=\"360\" height=\"240\" srcset=\"https:\/\/www.eldigitaldeasturias.com\/noticias\/wp-content\/uploads\/2019\/03\/window-770535_960_720-360x240.jpg 360w, https:\/\/www.eldigitaldeasturias.com\/noticias\/wp-content\/uploads\/2019\/03\/window-770535_960_720-768x512.jpg 768w, https:\/\/www.eldigitaldeasturias.com\/noticias\/wp-content\/uploads\/2019\/03\/window-770535_960_720-650x433.jpg 650w, https:\/\/www.eldigitaldeasturias.com\/noticias\/wp-content\/uploads\/2019\/03\/window-770535_960_720.jpg 960w\" sizes=\"auto, (max-width: 360px) 100vw, 360px\" \/>\u201cDesde el inicio del confinamiento, tanto el alumnado como el profesorado asturiano, han sufrido un estr\u00e9s a\u00f1adido al causado por el desarrollo de la pandemia. A la sucesi\u00f3n de instrucciones y notas de prensa derivadas de la falta de planificaci\u00f3n, se unen la excesiva burocratizaci\u00f3n del trabajo docente, y el ataque a la libertad de c\u00e1tedra que desprenden las orientaciones\u201d, informan desde Verdes EQUO<\/p>\n<p>\u201cLa situaci\u00f3n de los y las docentes empeora a\u00fan m\u00e1s con la falta de convocatorias y adjudicaciones para sustituir al profesorado enfermo o que se ha jubilado durante el confinamiento. Este hecho, denunciado por los sindicatos de educaci\u00f3n asturianos, sobrecarga de trabajo a unos docentes que ya est\u00e1n haciendo un sobreesfuerzo impagable para llevar a cabo su trabajo y mantener contacto telem\u00e1tico permanente con el alumnado y sus familias. Tambi\u00e9n vulnera los derechos laborales del profesorado interino, que ya ha visto c\u00f3mo la pandemia le privaba de la consolidaci\u00f3n de su puesto de trabajo o el acceso a la labor docente. El alumnado tambi\u00e9n se resiente, desatendido por la falta de docentes y, en muchos casos, falto de equipos inform\u00e1ticos que dejan al descubierto a\u00fan m\u00e1s la brecha social de los hogares asturianos en \u00e9poca de pandemia. Los equipos inform\u00e1ticos del Proyecto Escuela 2.0, deteriorados con el paso de los a\u00f1os, dif\u00edcilmente cumpl\u00edan ya el cometido de desarrollar la competencia digital en el alumnado, son insuficientes para garantizar la igualdad de oportunidades del alumnado asturiano\u201d, afirma la formaci\u00f3n<\/p>\n<p>La coportavoz del partido verde Nuria Saavedra afirma que \u201ces necesario que se activen las convocatorias semanales de profesorado interino como ya se ha hecho en otras comunidades para dar respuesta a las necesidades de la comunidad educativa asturiana. Asimismo, hay que convocar la mesa sectorial de Educaci\u00f3n, respetando as\u00ed las competencias de la misma y garantizando los derechos laborales del profesorado\u201d.<\/p>\n<p>El tambi\u00e9n coportavoz de la formaci\u00f3n ecologista, David D\u00edaz, ha dicho: \u201cEs urgente analizar las necesidades de equipos inform\u00e1ticos de los centros educativos p\u00fablicos y que se elabore un nuevo Proyecto de Escuela 2.0, para dar respuesta a la exigencia de calidad en la educaci\u00f3n que requiere la sociedad asturiana y para no llegar tarde ante la posibilidad de que sean necesarios nuevos per\u00edodos de confinamiento en el pr\u00f3ximo curso\u201d.<\/p>\n<p>Alternativa Verde por Asturias EQUO recuerda su compromiso por una educaci\u00f3n p\u00fablica de calidad, como instrumento para lograr una sociedad m\u00e1s equitativa y justa.<\/p>\n<p>&nbsp;<\/p>\n<p>&nbsp;<\/p>\n","protected":false},"excerpt":{"rendered":"<p>\u201cDesde el inicio del confinamiento, tanto el alumnado como el profesorado asturiano, han sufrido un estr\u00e9s a\u00f1adido al causado por el desarrollo de la pandemia. A la sucesi\u00f3n de instrucciones y notas de prensa derivadas de la falta de planificaci\u00f3n, se unen la excesiva burocratizaci\u00f3n del trabajo docente, y el ataque a la libertad de [&hellip;]<\/p>\n","protected":false},"author":1,"featured_media":1055129,"comment_status":"closed","ping_status":"closed","sticky":false,"template":"","format":"standard","meta":{"footnotes":""},"categories":[1],"tags":[],"class_list":["post-1063850","post","type-post","status-publish","format-standard","has-post-thumbnail","hentry","category-actualidad"],"aioseo_notices":[],"aioseo_head":"\n\t\t<!-- All in One SEO Pro 4.9.6.2 - aioseo.com -->\n\t<meta name=\"description\" content=\"\u201cDesde el inicio del confinamiento, tanto el alumnado como el profesorado asturiano, han sufrido un estr\u00e9s a\u00f1adido al causado por el desarrollo de la pandemia. A la sucesi\u00f3n de instrucciones y notas de prensa derivadas de la falta de planificaci\u00f3n, se unen la excesiva burocratizaci\u00f3n del trabajo docente, y el ataque a la libertad de\" \/>\n\t<meta name=\"robots\" content=\"max-image-preview:large\" \/>\n\t<meta name=\"author\" content=\"El Digital de Asturias\"\/>\n\t<meta name=\"google-site-verification\" content=\"UA-38556648-1\" \/>\n\t<meta name=\"msvalidate.01\" content=\"7dfe9f3f1b24437ab69f4f2559babe99\" \/>\n\t<meta name=\"keywords\" content=\"actualidad\" \/>\n\t<link rel=\"canonical\" href=\"https:\/\/www.eldigitaldeasturias.com\/noticias\/alternativa-verde-por-asturias-equo-exige-calidad-e-igualdad-de-oportunidades-en-la-educacion\/\" \/>\n\t<meta name=\"generator\" content=\"All in One SEO Pro (AIOSEO) 4.9.6.2\" \/>\n\t\t<meta property=\"og:locale\" content=\"es_ES\" \/>\n\t\t<meta property=\"og:site_name\" content=\"El Digital de Asturias\" \/>\n\t\t<meta property=\"og:type\" content=\"article\" \/>\n\t\t<meta property=\"og:title\" content=\"Alternativa Verde por Asturias EQUO exige calidad e igualdad de oportunidades en la educaci\u00f3n - El Digital de Asturias\" \/>\n\t\t<meta property=\"og:description\" content=\"\u201cDesde el inicio del confinamiento, tanto el alumnado como el profesorado asturiano, han sufrido un estr\u00e9s a\u00f1adido al causado por el desarrollo de la pandemia. A la sucesi\u00f3n de instrucciones y notas de prensa derivadas de la falta de planificaci\u00f3n, se unen la excesiva burocratizaci\u00f3n del trabajo docente, y el ataque a la libertad de\" \/>\n\t\t<meta property=\"og:url\" content=\"https:\/\/www.eldigitaldeasturias.com\/noticias\/alternativa-verde-por-asturias-equo-exige-calidad-e-igualdad-de-oportunidades-en-la-educacion\/\" \/>\n\t\t<meta property=\"og:image\" content=\"https:\/\/www.eldigitaldeasturias.com\/noticias\/wp-content\/uploads\/2020\/01\/window-770535_640.jpg\" \/>\n\t\t<meta property=\"og:image:secure_url\" content=\"https:\/\/www.eldigitaldeasturias.com\/noticias\/wp-content\/uploads\/2020\/01\/window-770535_640.jpg\" \/>\n\t\t<meta property=\"og:image:width\" content=\"640\" \/>\n\t\t<meta property=\"og:image:height\" content=\"427\" \/>\n\t\t<meta property=\"article:tag\" content=\"actualidad\" \/>\n\t\t<meta property=\"article:published_time\" content=\"2020-04-22T07:10:46+00:00\" \/>\n\t\t<meta property=\"article:modified_time\" content=\"2020-04-22T07:10:46+00:00\" \/>\n\t\t<meta property=\"article:publisher\" content=\"https:\/\/facebook.com\/eldigitaldeasturias\" \/>\n\t\t<meta name=\"twitter:card\" content=\"summary_large_image\" \/>\n\t\t<meta name=\"twitter:title\" content=\"Alternativa Verde por Asturias EQUO exige calidad e igualdad de oportunidades en la educaci\u00f3n - El Digital de Asturias\" \/>\n\t\t<meta name=\"twitter:description\" content=\"\u201cDesde el inicio del confinamiento, tanto el alumnado como el profesorado asturiano, han sufrido un estr\u00e9s a\u00f1adido al causado por el desarrollo de la pandemia. A la sucesi\u00f3n de instrucciones y notas de prensa derivadas de la falta de planificaci\u00f3n, se unen la excesiva burocratizaci\u00f3n del trabajo docente, y el ataque a la libertad de\" \/>\n\t\t<meta name=\"twitter:image\" content=\"https:\/\/www.eldigitaldeasturias.com\/noticias\/wp-content\/uploads\/2020\/01\/window-770535_640.jpg\" \/>\n\t\t<meta name=\"twitter:label1\" content=\"Escrito por\" \/>\n\t\t<meta name=\"twitter:data1\" content=\"El Digital de Asturias\" \/>\n\t\t<meta name=\"twitter:label2\" content=\"Tiempo de lectura estimado\" \/>\n\t\t<meta name=\"twitter:data2\" content=\"2 minutos\" \/>\n\t\t<script type=\"application\/ld+json\" class=\"aioseo-schema\">\n\t\t\t{\"@context\":\"https:\\\/\\\/schema.org\",\"@graph\":[{\"@type\":\"BlogPosting\",\"@id\":\"https:\\\/\\\/www.eldigitaldeasturias.com\\\/noticias\\\/alternativa-verde-por-asturias-equo-exige-calidad-e-igualdad-de-oportunidades-en-la-educacion\\\/#blogposting\",\"name\":\"Alternativa Verde por Asturias EQUO exige calidad e igualdad de oportunidades en la educaci\\u00f3n - El Digital de Asturias\",\"headline\":\"Alternativa Verde por Asturias EQUO exige calidad e igualdad de oportunidades en la educaci\\u00f3n\",\"author\":{\"@id\":\"https:\\\/\\\/www.eldigitaldeasturias.com\\\/noticias\\\/author\\\/admin\\\/#author\"},\"publisher\":{\"@id\":\"https:\\\/\\\/www.eldigitaldeasturias.com\\\/noticias\\\/#organization\"},\"image\":{\"@type\":\"ImageObject\",\"url\":\"https:\\\/\\\/www.eldigitaldeasturias.com\\\/noticias\\\/wp-content\\\/uploads\\\/2020\\\/01\\\/window-770535_640.jpg\",\"width\":640,\"height\":427},\"datePublished\":\"2020-04-22T07:10:46+02:00\",\"dateModified\":\"2020-04-22T07:10:46+02:00\",\"inLanguage\":\"es-ES\",\"mainEntityOfPage\":{\"@id\":\"https:\\\/\\\/www.eldigitaldeasturias.com\\\/noticias\\\/alternativa-verde-por-asturias-equo-exige-calidad-e-igualdad-de-oportunidades-en-la-educacion\\\/#webpage\"},\"isPartOf\":{\"@id\":\"https:\\\/\\\/www.eldigitaldeasturias.com\\\/noticias\\\/alternativa-verde-por-asturias-equo-exige-calidad-e-igualdad-de-oportunidades-en-la-educacion\\\/#webpage\"},\"articleSection\":\"Actualidad\"},{\"@type\":\"BreadcrumbList\",\"@id\":\"https:\\\/\\\/www.eldigitaldeasturias.com\\\/noticias\\\/alternativa-verde-por-asturias-equo-exige-calidad-e-igualdad-de-oportunidades-en-la-educacion\\\/#breadcrumblist\",\"itemListElement\":[{\"@type\":\"ListItem\",\"@id\":\"https:\\\/\\\/www.eldigitaldeasturias.com\\\/noticias#listItem\",\"position\":1,\"name\":\"Home\",\"item\":\"https:\\\/\\\/www.eldigitaldeasturias.com\\\/noticias\",\"nextItem\":{\"@type\":\"ListItem\",\"@id\":\"https:\\\/\\\/www.eldigitaldeasturias.com\\\/noticias\\\/category\\\/actualidad\\\/#listItem\",\"name\":\"Actualidad\"}},{\"@type\":\"ListItem\",\"@id\":\"https:\\\/\\\/www.eldigitaldeasturias.com\\\/noticias\\\/category\\\/actualidad\\\/#listItem\",\"position\":2,\"name\":\"Actualidad\",\"item\":\"https:\\\/\\\/www.eldigitaldeasturias.com\\\/noticias\\\/category\\\/actualidad\\\/\",\"nextItem\":{\"@type\":\"ListItem\",\"@id\":\"https:\\\/\\\/www.eldigitaldeasturias.com\\\/noticias\\\/alternativa-verde-por-asturias-equo-exige-calidad-e-igualdad-de-oportunidades-en-la-educacion\\\/#listItem\",\"name\":\"Alternativa Verde por Asturias EQUO exige calidad e igualdad de oportunidades en la educaci\\u00f3n\"},\"previousItem\":{\"@type\":\"ListItem\",\"@id\":\"https:\\\/\\\/www.eldigitaldeasturias.com\\\/noticias#listItem\",\"name\":\"Home\"}},{\"@type\":\"ListItem\",\"@id\":\"https:\\\/\\\/www.eldigitaldeasturias.com\\\/noticias\\\/alternativa-verde-por-asturias-equo-exige-calidad-e-igualdad-de-oportunidades-en-la-educacion\\\/#listItem\",\"position\":3,\"name\":\"Alternativa Verde por Asturias EQUO exige calidad e igualdad de oportunidades en la educaci\\u00f3n\",\"previousItem\":{\"@type\":\"ListItem\",\"@id\":\"https:\\\/\\\/www.eldigitaldeasturias.com\\\/noticias\\\/category\\\/actualidad\\\/#listItem\",\"name\":\"Actualidad\"}}]},{\"@type\":\"Organization\",\"@id\":\"https:\\\/\\\/www.eldigitaldeasturias.com\\\/noticias\\\/#organization\",\"name\":\"El Digital de Asturias\",\"description\":\"Hemeroteca\",\"url\":\"https:\\\/\\\/www.eldigitaldeasturias.com\\\/noticias\\\/\",\"email\":\"info@eldigitaldeasturias.com\",\"telephone\":\"+34652131393\",\"logo\":{\"@type\":\"ImageObject\",\"url\":\"https:\\\/\\\/www.eldigitaldeasturias.com\\\/noticias\\\/wp-content\\\/uploads\\\/2020\\\/12\\\/EDA.jpg\",\"@id\":\"https:\\\/\\\/www.eldigitaldeasturias.com\\\/noticias\\\/alternativa-verde-por-asturias-equo-exige-calidad-e-igualdad-de-oportunidades-en-la-educacion\\\/#organizationLogo\",\"width\":649,\"height\":297},\"image\":{\"@id\":\"https:\\\/\\\/www.eldigitaldeasturias.com\\\/noticias\\\/alternativa-verde-por-asturias-equo-exige-calidad-e-igualdad-de-oportunidades-en-la-educacion\\\/#organizationLogo\"},\"sameAs\":[\"https:\\\/\\\/facebook.com\\\/eldigitaldeasturias\",\"https:\\\/\\\/www.youtube.com\\\/channel\\\/UCZP-2wLEB9Rv6erhFmqVnvg\"],\"address\":{\"@id\":\"https:\\\/\\\/www.eldigitaldeasturias.com\\\/noticias\\\/#postaladdress\",\"@type\":\"PostalAddress\",\"streetAddress\":\"san antonio 4,\",\"postalCode\":\"33430\",\"addressLocality\":\"Cand\\u00e1s\",\"addressRegion\":\"Asturias\",\"addressCountry\":\"ES\"}},{\"@type\":\"Person\",\"@id\":\"https:\\\/\\\/www.eldigitaldeasturias.com\\\/noticias\\\/author\\\/admin\\\/#author\",\"url\":\"https:\\\/\\\/www.eldigitaldeasturias.com\\\/noticias\\\/author\\\/admin\\\/\",\"name\":\"El Digital de Asturias\",\"image\":{\"@type\":\"ImageObject\",\"@id\":\"https:\\\/\\\/www.eldigitaldeasturias.com\\\/noticias\\\/alternativa-verde-por-asturias-equo-exige-calidad-e-igualdad-de-oportunidades-en-la-educacion\\\/#authorImage\",\"url\":\"https:\\\/\\\/www.eldigitaldeasturias.com\\\/noticias\\\/wp-content\\\/litespeed\\\/avatar\\\/18677e78aa0546b92d9dbf31ec7d7668.jpg?ver=1777290358\",\"width\":96,\"height\":96,\"caption\":\"El Digital de Asturias\"}},{\"@type\":\"WebPage\",\"@id\":\"https:\\\/\\\/www.eldigitaldeasturias.com\\\/noticias\\\/alternativa-verde-por-asturias-equo-exige-calidad-e-igualdad-de-oportunidades-en-la-educacion\\\/#webpage\",\"url\":\"https:\\\/\\\/www.eldigitaldeasturias.com\\\/noticias\\\/alternativa-verde-por-asturias-equo-exige-calidad-e-igualdad-de-oportunidades-en-la-educacion\\\/\",\"name\":\"Alternativa Verde por Asturias EQUO exige calidad e igualdad de oportunidades en la educaci\\u00f3n - El Digital de Asturias\",\"description\":\"\\u201cDesde el inicio del confinamiento, tanto el alumnado como el profesorado asturiano, han sufrido un estr\\u00e9s a\\u00f1adido al causado por el desarrollo de la pandemia. A la sucesi\\u00f3n de instrucciones y notas de prensa derivadas de la falta de planificaci\\u00f3n, se unen la excesiva burocratizaci\\u00f3n del trabajo docente, y el ataque a la libertad de\",\"inLanguage\":\"es-ES\",\"isPartOf\":{\"@id\":\"https:\\\/\\\/www.eldigitaldeasturias.com\\\/noticias\\\/#website\"},\"breadcrumb\":{\"@id\":\"https:\\\/\\\/www.eldigitaldeasturias.com\\\/noticias\\\/alternativa-verde-por-asturias-equo-exige-calidad-e-igualdad-de-oportunidades-en-la-educacion\\\/#breadcrumblist\"},\"author\":{\"@id\":\"https:\\\/\\\/www.eldigitaldeasturias.com\\\/noticias\\\/author\\\/admin\\\/#author\"},\"creator\":{\"@id\":\"https:\\\/\\\/www.eldigitaldeasturias.com\\\/noticias\\\/author\\\/admin\\\/#author\"},\"image\":{\"@type\":\"ImageObject\",\"url\":\"https:\\\/\\\/www.eldigitaldeasturias.com\\\/noticias\\\/wp-content\\\/uploads\\\/2020\\\/01\\\/window-770535_640.jpg\",\"@id\":\"https:\\\/\\\/www.eldigitaldeasturias.com\\\/noticias\\\/alternativa-verde-por-asturias-equo-exige-calidad-e-igualdad-de-oportunidades-en-la-educacion\\\/#mainImage\",\"width\":640,\"height\":427},\"primaryImageOfPage\":{\"@id\":\"https:\\\/\\\/www.eldigitaldeasturias.com\\\/noticias\\\/alternativa-verde-por-asturias-equo-exige-calidad-e-igualdad-de-oportunidades-en-la-educacion\\\/#mainImage\"},\"datePublished\":\"2020-04-22T07:10:46+02:00\",\"dateModified\":\"2020-04-22T07:10:46+02:00\"},{\"@type\":\"WebSite\",\"@id\":\"https:\\\/\\\/www.eldigitaldeasturias.com\\\/noticias\\\/#website\",\"url\":\"https:\\\/\\\/www.eldigitaldeasturias.com\\\/noticias\\\/\",\"name\":\"El Digital de Asturias - Diario de actualidad y noticias\",\"alternateName\":\"El Digital de Asturias - Diario de actualidad y noticias\",\"description\":\"Hemeroteca\",\"inLanguage\":\"es-ES\",\"publisher\":{\"@id\":\"https:\\\/\\\/www.eldigitaldeasturias.com\\\/noticias\\\/#organization\"}}]}\n\t\t<\/script>\n\t\t<!-- All in One SEO Pro -->\r\n\t\t<title>Alternativa Verde por Asturias EQUO exige calidad e igualdad de oportunidades en la educaci\u00f3n - El Digital de Asturias<\/title>\n\n","aioseo_head_json":{"title":"Alternativa Verde por Asturias EQUO exige calidad e igualdad de oportunidades en la educaci\u00f3n - El Digital de Asturias","description":"\u201cDesde el inicio del confinamiento, tanto el alumnado como el profesorado asturiano, han sufrido un estr\u00e9s a\u00f1adido al causado por el desarrollo de la pandemia. A la sucesi\u00f3n de instrucciones y notas de prensa derivadas de la falta de planificaci\u00f3n, se unen la excesiva burocratizaci\u00f3n del trabajo docente, y el ataque a la libertad de","canonical_url":"https:\/\/www.eldigitaldeasturias.com\/noticias\/alternativa-verde-por-asturias-equo-exige-calidad-e-igualdad-de-oportunidades-en-la-educacion\/","robots":"max-image-preview:large","keywords":"actualidad","webmasterTools":{"google-site-verification":"UA-38556648-1","msvalidate.01":"7dfe9f3f1b24437ab69f4f2559babe99","miscellaneous":""},"schema":{"@context":"https:\/\/schema.org","@graph":[{"@type":"BlogPosting","@id":"https:\/\/www.eldigitaldeasturias.com\/noticias\/alternativa-verde-por-asturias-equo-exige-calidad-e-igualdad-de-oportunidades-en-la-educacion\/#blogposting","name":"Alternativa Verde por Asturias EQUO exige calidad e igualdad de oportunidades en la educaci\u00f3n - El Digital de Asturias","headline":"Alternativa Verde por Asturias EQUO exige calidad e igualdad de oportunidades en la educaci\u00f3n","author":{"@id":"https:\/\/www.eldigitaldeasturias.com\/noticias\/author\/admin\/#author"},"publisher":{"@id":"https:\/\/www.eldigitaldeasturias.com\/noticias\/#organization"},"image":{"@type":"ImageObject","url":"https:\/\/www.eldigitaldeasturias.com\/noticias\/wp-content\/uploads\/2020\/01\/window-770535_640.jpg","width":640,"height":427},"datePublished":"2020-04-22T07:10:46+02:00","dateModified":"2020-04-22T07:10:46+02:00","inLanguage":"es-ES","mainEntityOfPage":{"@id":"https:\/\/www.eldigitaldeasturias.com\/noticias\/alternativa-verde-por-asturias-equo-exige-calidad-e-igualdad-de-oportunidades-en-la-educacion\/#webpage"},"isPartOf":{"@id":"https:\/\/www.eldigitaldeasturias.com\/noticias\/alternativa-verde-por-asturias-equo-exige-calidad-e-igualdad-de-oportunidades-en-la-educacion\/#webpage"},"articleSection":"Actualidad"},{"@type":"BreadcrumbList","@id":"https:\/\/www.eldigitaldeasturias.com\/noticias\/alternativa-verde-por-asturias-equo-exige-calidad-e-igualdad-de-oportunidades-en-la-educacion\/#breadcrumblist","itemListElement":[{"@type":"ListItem","@id":"https:\/\/www.eldigitaldeasturias.com\/noticias#listItem","position":1,"name":"Home","item":"https:\/\/www.eldigitaldeasturias.com\/noticias","nextItem":{"@type":"ListItem","@id":"https:\/\/www.eldigitaldeasturias.com\/noticias\/category\/actualidad\/#listItem","name":"Actualidad"}},{"@type":"ListItem","@id":"https:\/\/www.eldigitaldeasturias.com\/noticias\/category\/actualidad\/#listItem","position":2,"name":"Actualidad","item":"https:\/\/www.eldigitaldeasturias.com\/noticias\/category\/actualidad\/","nextItem":{"@type":"ListItem","@id":"https:\/\/www.eldigitaldeasturias.com\/noticias\/alternativa-verde-por-asturias-equo-exige-calidad-e-igualdad-de-oportunidades-en-la-educacion\/#listItem","name":"Alternativa Verde por Asturias EQUO exige calidad e igualdad de oportunidades en la educaci\u00f3n"},"previousItem":{"@type":"ListItem","@id":"https:\/\/www.eldigitaldeasturias.com\/noticias#listItem","name":"Home"}},{"@type":"ListItem","@id":"https:\/\/www.eldigitaldeasturias.com\/noticias\/alternativa-verde-por-asturias-equo-exige-calidad-e-igualdad-de-oportunidades-en-la-educacion\/#listItem","position":3,"name":"Alternativa Verde por Asturias EQUO exige calidad e igualdad de oportunidades en la educaci\u00f3n","previousItem":{"@type":"ListItem","@id":"https:\/\/www.eldigitaldeasturias.com\/noticias\/category\/actualidad\/#listItem","name":"Actualidad"}}]},{"@type":"Organization","@id":"https:\/\/www.eldigitaldeasturias.com\/noticias\/#organization","name":"El Digital de Asturias","description":"Hemeroteca","url":"https:\/\/www.eldigitaldeasturias.com\/noticias\/","email":"info@eldigitaldeasturias.com","telephone":"+34652131393","logo":{"@type":"ImageObject","url":"https:\/\/www.eldigitaldeasturias.com\/noticias\/wp-content\/uploads\/2020\/12\/EDA.jpg","@id":"https:\/\/www.eldigitaldeasturias.com\/noticias\/alternativa-verde-por-asturias-equo-exige-calidad-e-igualdad-de-oportunidades-en-la-educacion\/#organizationLogo","width":649,"height":297},"image":{"@id":"https:\/\/www.eldigitaldeasturias.com\/noticias\/alternativa-verde-por-asturias-equo-exige-calidad-e-igualdad-de-oportunidades-en-la-educacion\/#organizationLogo"},"sameAs":["https:\/\/facebook.com\/eldigitaldeasturias","https:\/\/www.youtube.com\/channel\/UCZP-2wLEB9Rv6erhFmqVnvg"],"address":{"@id":"https:\/\/www.eldigitaldeasturias.com\/noticias\/#postaladdress","@type":"PostalAddress","streetAddress":"san antonio 4,","postalCode":"33430","addressLocality":"Cand\u00e1s","addressRegion":"Asturias","addressCountry":"ES"}},{"@type":"Person","@id":"https:\/\/www.eldigitaldeasturias.com\/noticias\/author\/admin\/#author","url":"https:\/\/www.eldigitaldeasturias.com\/noticias\/author\/admin\/","name":"El Digital de Asturias","image":{"@type":"ImageObject","@id":"https:\/\/www.eldigitaldeasturias.com\/noticias\/alternativa-verde-por-asturias-equo-exige-calidad-e-igualdad-de-oportunidades-en-la-educacion\/#authorImage","url":"https:\/\/www.eldigitaldeasturias.com\/noticias\/wp-content\/litespeed\/avatar\/18677e78aa0546b92d9dbf31ec7d7668.jpg?ver=1777290358","width":96,"height":96,"caption":"El Digital de Asturias"}},{"@type":"WebPage","@id":"https:\/\/www.eldigitaldeasturias.com\/noticias\/alternativa-verde-por-asturias-equo-exige-calidad-e-igualdad-de-oportunidades-en-la-educacion\/#webpage","url":"https:\/\/www.eldigitaldeasturias.com\/noticias\/alternativa-verde-por-asturias-equo-exige-calidad-e-igualdad-de-oportunidades-en-la-educacion\/","name":"Alternativa Verde por Asturias EQUO exige calidad e igualdad de oportunidades en la educaci\u00f3n - El Digital de Asturias","description":"\u201cDesde el inicio del confinamiento, tanto el alumnado como el profesorado asturiano, han sufrido un estr\u00e9s a\u00f1adido al causado por el desarrollo de la pandemia. A la sucesi\u00f3n de instrucciones y notas de prensa derivadas de la falta de planificaci\u00f3n, se unen la excesiva burocratizaci\u00f3n del trabajo docente, y el ataque a la libertad de","inLanguage":"es-ES","isPartOf":{"@id":"https:\/\/www.eldigitaldeasturias.com\/noticias\/#website"},"breadcrumb":{"@id":"https:\/\/www.eldigitaldeasturias.com\/noticias\/alternativa-verde-por-asturias-equo-exige-calidad-e-igualdad-de-oportunidades-en-la-educacion\/#breadcrumblist"},"author":{"@id":"https:\/\/www.eldigitaldeasturias.com\/noticias\/author\/admin\/#author"},"creator":{"@id":"https:\/\/www.eldigitaldeasturias.com\/noticias\/author\/admin\/#author"},"image":{"@type":"ImageObject","url":"https:\/\/www.eldigitaldeasturias.com\/noticias\/wp-content\/uploads\/2020\/01\/window-770535_640.jpg","@id":"https:\/\/www.eldigitaldeasturias.com\/noticias\/alternativa-verde-por-asturias-equo-exige-calidad-e-igualdad-de-oportunidades-en-la-educacion\/#mainImage","width":640,"height":427},"primaryImageOfPage":{"@id":"https:\/\/www.eldigitaldeasturias.com\/noticias\/alternativa-verde-por-asturias-equo-exige-calidad-e-igualdad-de-oportunidades-en-la-educacion\/#mainImage"},"datePublished":"2020-04-22T07:10:46+02:00","dateModified":"2020-04-22T07:10:46+02:00"},{"@type":"WebSite","@id":"https:\/\/www.eldigitaldeasturias.com\/noticias\/#website","url":"https:\/\/www.eldigitaldeasturias.com\/noticias\/","name":"El Digital de Asturias - Diario de actualidad y noticias","alternateName":"El Digital de Asturias - Diario de actualidad y noticias","description":"Hemeroteca","inLanguage":"es-ES","publisher":{"@id":"https:\/\/www.eldigitaldeasturias.com\/noticias\/#organization"}}]},"og:locale":"es_ES","og:site_name":"El Digital de Asturias","og:type":"article","og:title":"Alternativa Verde por Asturias EQUO exige calidad e igualdad de oportunidades en la educaci\u00f3n - El Digital de Asturias","og:description":"\u201cDesde el inicio del confinamiento, tanto el alumnado como el profesorado asturiano, han sufrido un estr\u00e9s a\u00f1adido al causado por el desarrollo de la pandemia. A la sucesi\u00f3n de instrucciones y notas de prensa derivadas de la falta de planificaci\u00f3n, se unen la excesiva burocratizaci\u00f3n del trabajo docente, y el ataque a la libertad de","og:url":"https:\/\/www.eldigitaldeasturias.com\/noticias\/alternativa-verde-por-asturias-equo-exige-calidad-e-igualdad-de-oportunidades-en-la-educacion\/","og:image":"https:\/\/www.eldigitaldeasturias.com\/noticias\/wp-content\/uploads\/2020\/01\/window-770535_640.jpg","og:image:secure_url":"https:\/\/www.eldigitaldeasturias.com\/noticias\/wp-content\/uploads\/2020\/01\/window-770535_640.jpg","og:image:width":640,"og:image:height":427,"article:tag":["actualidad"],"article:published_time":"2020-04-22T07:10:46+00:00","article:modified_time":"2020-04-22T07:10:46+00:00","article:publisher":"https:\/\/facebook.com\/eldigitaldeasturias","twitter:card":"summary_large_image","twitter:title":"Alternativa Verde por Asturias EQUO exige calidad e igualdad de oportunidades en la educaci\u00f3n - El Digital de Asturias","twitter:description":"\u201cDesde el inicio del confinamiento, tanto el alumnado como el profesorado asturiano, han sufrido un estr\u00e9s a\u00f1adido al causado por el desarrollo de la pandemia. A la sucesi\u00f3n de instrucciones y notas de prensa derivadas de la falta de planificaci\u00f3n, se unen la excesiva burocratizaci\u00f3n del trabajo docente, y el ataque a la libertad de","twitter:image":"https:\/\/www.eldigitaldeasturias.com\/noticias\/wp-content\/uploads\/2020\/01\/window-770535_640.jpg","twitter:label1":"Escrito por","twitter:data1":"El Digital de Asturias","twitter:label2":"Tiempo de lectura estimado","twitter:data2":"2 minutos"},"aioseo_meta_data":{"post_id":"1063850","title":null,"description":null,"keywords":null,"keyphrases":null,"primary_term":null,"canonical_url":null,"og_title":null,"og_description":null,"og_object_type":"default","og_image_type":"default","og_image_url":null,"og_image_width":null,"og_image_height":null,"og_image_custom_url":null,"og_image_custom_fields":null,"og_video":null,"og_custom_url":null,"og_article_section":null,"og_article_tags":null,"twitter_use_og":false,"twitter_card":"default","twitter_image_type":"default","twitter_image_url":null,"twitter_image_custom_url":null,"twitter_image_custom_fields":null,"twitter_title":null,"twitter_description":null,"schema":{"blockGraphs":[],"customGraphs":[],"default":{"data":{"Article":[],"Course":[],"Dataset":[],"FAQPage":[],"Movie":[],"Person":[],"Product":[],"ProductReview":[],"Car":[],"Recipe":[],"Service":[],"SoftwareApplication":[],"WebPage":[]},"graphName":"","isEnabled":true},"graphs":[],"defaultGraph":"","defaultPostTypeGraph":""},"schema_type":null,"schema_type_options":null,"pillar_content":false,"robots_default":true,"robots_noindex":false,"robots_noarchive":false,"robots_nosnippet":false,"robots_nofollow":false,"robots_noimageindex":false,"robots_noodp":false,"robots_notranslate":false,"robots_max_snippet":null,"robots_max_videopreview":null,"robots_max_imagepreview":"large","priority":null,"frequency":null,"local_seo":null,"seo_analyzer_scan_date":"2025-09-12 07:30:53","breadcrumb_settings":null,"limit_modified_date":false,"open_ai":null,"ai":null,"created":"2020-12-21 10:51:12","updated":"2025-09-12 07:30:53"},"aioseo_breadcrumb":"<div class=\"aioseo-breadcrumbs\"><span class=\"aioseo-breadcrumb\">\n\t<a href=\"https:\/\/www.eldigitaldeasturias.com\/noticias\" title=\"Home\">Home<\/a>\n<\/span><span class=\"aioseo-breadcrumb-separator\">\u2013<\/span><span class=\"aioseo-breadcrumb\">\n\t<a href=\"https:\/\/www.eldigitaldeasturias.com\/noticias\/category\/actualidad\/\" title=\"Actualidad\">Actualidad<\/a>\n<\/span><span class=\"aioseo-breadcrumb-separator\">\u2013<\/span><span class=\"aioseo-breadcrumb\">\n\t<a href=\"https:\/\/www.eldigitaldeasturias.com\/noticias\/alternativa-verde-por-asturias-equo-exige-calidad-e-igualdad-de-oportunidades-en-la-educacion\/\" title=\"Alternativa Verde por Asturias EQUO exige calidad e igualdad de oportunidades en la educaci\u00f3n\">Alternativa Verde por Asturias EQUO exige calidad e igualdad de oportunidades en la educaci\u00f3n<\/a>\n<\/span><\/div>","aioseo_breadcrumb_json":[{"label":"Home","link":"https:\/\/www.eldigitaldeasturias.com\/noticias"},{"label":"Actualidad","link":"https:\/\/www.eldigitaldeasturias.com\/noticias\/category\/actualidad\/"},{"label":"Alternativa Verde por Asturias EQUO exige calidad e igualdad de oportunidades en la educaci\u00f3n","link":"https:\/\/www.eldigitaldeasturias.com\/noticias\/alternativa-verde-por-asturias-equo-exige-calidad-e-igualdad-de-oportunidades-en-la-educacion\/"}],"_links":{"self":[{"href":"https:\/\/www.eldigitaldeasturias.com\/noticias\/wp-json\/wp\/v2\/posts\/1063850","targetHints":{"allow":["GET"]}}],"collection":[{"href":"https:\/\/www.eldigitaldeasturias.com\/noticias\/wp-json\/wp\/v2\/posts"}],"about":[{"href":"https:\/\/www.eldigitaldeasturias.com\/noticias\/wp-json\/wp\/v2\/types\/post"}],"author":[{"embeddable":true,"href":"https:\/\/www.eldigitaldeasturias.com\/noticias\/wp-json\/wp\/v2\/users\/1"}],"replies":[{"embeddable":true,"href":"https:\/\/www.eldigitaldeasturias.com\/noticias\/wp-json\/wp\/v2\/comments?post=1063850"}],"version-history":[{"count":0,"href":"https:\/\/www.eldigitaldeasturias.com\/noticias\/wp-json\/wp\/v2\/posts\/1063850\/revisions"}],"wp:featuredmedia":[{"embeddable":true,"href":"https:\/\/www.eldigitaldeasturias.com\/noticias\/wp-json\/wp\/v2\/media\/1055129"}],"wp:attachment":[{"href":"https:\/\/www.eldigitaldeasturias.com\/noticias\/wp-json\/wp\/v2\/media?parent=1063850"}],"wp:term":[{"taxonomy":"category","embeddable":true,"href":"https:\/\/www.eldigitaldeasturias.com\/noticias\/wp-json\/wp\/v2\/categories?post=1063850"},{"taxonomy":"post_tag","embeddable":true,"href":"https:\/\/www.eldigitaldeasturias.com\/noticias\/wp-json\/wp\/v2\/tags?post=1063850"}],"curies":[{"name":"wp","href":"https:\/\/api.w.org\/{rel}","templated":true}]}}