{"id":1063774,"date":"2020-04-21T05:59:29","date_gmt":"2020-04-21T05:59:29","guid":{"rendered":"https:\/\/www.eldigitaldeasturias.com\/noticias\/?p=1063774"},"modified":"2020-04-21T05:59:29","modified_gmt":"2020-04-21T05:59:29","slug":"superavit-comercial-de-23-000-millones-de-la-eurozona","status":"publish","type":"post","link":"https:\/\/www.eldigitaldeasturias.com\/noticias\/superavit-comercial-de-23-000-millones-de-la-eurozona\/","title":{"rendered":"Super\u00e1vit comercial de 23.000 millones de la Eurozona"},"content":{"rendered":"<p><img loading=\"lazy\" decoding=\"async\" class=\"alignleft size-medium wp-image-983320\" src=\"https:\/\/www.eldigitaldeasturias.com\/noticias\/wp-content\/uploads\/2018\/06\/blue-1283011_960_720-360x252.jpg\" alt=\"\" width=\"360\" height=\"252\" srcset=\"https:\/\/www.eldigitaldeasturias.com\/noticias\/wp-content\/uploads\/2018\/06\/blue-1283011_960_720-360x252.jpg 360w, https:\/\/www.eldigitaldeasturias.com\/noticias\/wp-content\/uploads\/2018\/06\/blue-1283011_960_720-429x300.jpg 429w, https:\/\/www.eldigitaldeasturias.com\/noticias\/wp-content\/uploads\/2018\/06\/blue-1283011_960_720-768x537.jpg 768w, https:\/\/www.eldigitaldeasturias.com\/noticias\/wp-content\/uploads\/2018\/06\/blue-1283011_960_720-687x480.jpg 687w, https:\/\/www.eldigitaldeasturias.com\/noticias\/wp-content\/uploads\/2018\/06\/blue-1283011_960_720-20x14.jpg 20w, https:\/\/www.eldigitaldeasturias.com\/noticias\/wp-content\/uploads\/2018\/06\/blue-1283011_960_720.jpg 960w\" sizes=\"auto, (max-width: 360px) 100vw, 360px\" \/>(Europa Press) &#8211;\u00a0El saldo positivo de la balanza comercial de la eurozona se elev\u00f3 en febrero un 24,3% con respecto al mismo mes del a\u00f1o pasado, hasta alcanzar una cifra de 23.000 millones de euros, seg\u00fan los datos sobre comercio internacional de bienes publicados este lunes por Eurostat, la oficina comunitaria de estad\u00edstica.<\/p>\n<p>En concreto, las exportaciones de bienes de la zona euro al resto del mundo repuntaron un 1,6% en el segundo mes del a\u00f1o y alcanzaron los 189.300 millones de euros, mientras que las importaciones se contrajeron un 1%, hasta situarse en 166.300 millones de euros. La actividad comercial entre los socios del euro se redujo un 0,6% y alcanz\u00f3 un valor de 161.500 millones de euros.<\/p>\n<p>Con respecto a la actividad comercial acumulada en los dos primeros meses del a\u00f1o, el super\u00e1vit se situ\u00f3 en 24.800 millones de euros, un 29,8% m\u00e1s. Las exportaciones hasta febrero se situaron en 373.200 millones de euros, un 0,9% m\u00e1s, mientras que las importaciones alcanzaron los 383.200 millones de euros, un 0,7% menos.<\/p>\n<p>La actividad comercial entre los socios del euro entre enero y febrero disminuy\u00f3 un 0,9%, hasta 326.400 millones de euros.<\/p>\n<p>De su lado, la balanza comercial de la Uni\u00f3n Europea (UE) registr\u00f3 un saldo positivo de 22.400 millones de euros, un 36,6% m\u00e1s que en el mismo mes de 2019.<\/p>\n<p>Las exportaciones del bloque comunitario al resto del mundo en el segundo mes de 2020 avanzaron un 1% y alcanzaron los 170.700 millones de euros, mientras que las importaciones se contrajeron un 2,8%, hasta 148.300 millones de euros. La actividad comercial entre los Veintisiete se expandi\u00f3 un 1%, hasta 253.300 millones de euros.<\/p>\n<p>Entre enero y febrero, las exportaciones y las importaciones de la UE crecieron un 0,7% (337.000 millones de euros) y disminuyeron un 1,6% (316.800 millones de euros), respectivamente. En ese periodo, los Veintisiete registraron un super\u00e1vit comercial de 20.200 millones de euros, un 55,4% m\u00e1s que el a\u00f1o pasado, mientras que la actividad comercial de los socios comunitarios creci\u00f3 un 0,4% y alcanz\u00f3 los 510.200 millones de euros.<\/p>\n<p>Estados Unidos se mantuvo como el pa\u00eds al que mas exportaciones dirigi\u00f3 la UE hasta febrero con un valor de 62.600 millones de euros, por delante de Reino Unido (50.100 millones) y China (29.600 millones). A su vez, los Veintisiete importaron bienes principalmente de China (60.500 millones de euros), Estados Unidos (38.800 millones) y Reino Unido (32.100 millones de euros).<\/p>\n","protected":false},"excerpt":{"rendered":"<p>(Europa Press) &#8211;\u00a0El saldo positivo de la balanza comercial de la eurozona se elev\u00f3 en febrero un 24,3% con respecto al mismo mes del a\u00f1o pasado, hasta alcanzar una cifra de 23.000 millones de euros, seg\u00fan los datos sobre comercio internacional de bienes publicados este lunes por Eurostat, la oficina comunitaria de estad\u00edstica. En concreto, [&hellip;]<\/p>\n","protected":false},"author":1,"featured_media":983320,"comment_status":"closed","ping_status":"closed","sticky":false,"template":"","format":"standard","meta":{"footnotes":""},"categories":[187],"tags":[],"class_list":["post-1063774","post","type-post","status-publish","format-standard","has-post-thumbnail","hentry","category-economia"],"aioseo_notices":[],"aioseo_head":"\n\t\t<!-- All in One SEO Pro 4.9.6.2 - aioseo.com -->\n\t<meta name=\"description\" content=\"(Europa Press) - El saldo positivo de la balanza comercial de la eurozona se elev\u00f3 en febrero un 24,3% con respecto al mismo mes del a\u00f1o pasado, hasta alcanzar una cifra de 23.000 millones de euros, seg\u00fan los datos sobre comercio internacional de bienes publicados este lunes por Eurostat, la oficina comunitaria de estad\u00edstica. En concreto,\" \/>\n\t<meta name=\"robots\" content=\"max-image-preview:large\" \/>\n\t<meta name=\"author\" content=\"El Digital de Asturias\"\/>\n\t<meta name=\"google-site-verification\" content=\"UA-38556648-1\" \/>\n\t<meta name=\"msvalidate.01\" content=\"7dfe9f3f1b24437ab69f4f2559babe99\" \/>\n\t<meta name=\"keywords\" content=\"econom\u00eda\" \/>\n\t<link rel=\"canonical\" href=\"https:\/\/www.eldigitaldeasturias.com\/noticias\/superavit-comercial-de-23-000-millones-de-la-eurozona\/\" \/>\n\t<meta name=\"generator\" content=\"All in One SEO Pro (AIOSEO) 4.9.6.2\" \/>\n\t\t<meta property=\"og:locale\" content=\"es_ES\" \/>\n\t\t<meta property=\"og:site_name\" content=\"El Digital de Asturias\" \/>\n\t\t<meta property=\"og:type\" content=\"article\" \/>\n\t\t<meta property=\"og:title\" content=\"Super\u00e1vit comercial de 23.000 millones de la Eurozona - El Digital de Asturias\" \/>\n\t\t<meta property=\"og:description\" content=\"(Europa Press) - El saldo positivo de la balanza comercial de la eurozona se elev\u00f3 en febrero un 24,3% con respecto al mismo mes del a\u00f1o pasado, hasta alcanzar una cifra de 23.000 millones de euros, seg\u00fan los datos sobre comercio internacional de bienes publicados este lunes por Eurostat, la oficina comunitaria de estad\u00edstica. En concreto,\" \/>\n\t\t<meta property=\"og:url\" content=\"https:\/\/www.eldigitaldeasturias.com\/noticias\/superavit-comercial-de-23-000-millones-de-la-eurozona\/\" \/>\n\t\t<meta property=\"og:image\" content=\"https:\/\/www.eldigitaldeasturias.com\/noticias\/wp-content\/uploads\/2018\/06\/blue-1283011_960_720.jpg\" \/>\n\t\t<meta property=\"og:image:secure_url\" content=\"https:\/\/www.eldigitaldeasturias.com\/noticias\/wp-content\/uploads\/2018\/06\/blue-1283011_960_720.jpg\" \/>\n\t\t<meta property=\"og:image:width\" content=\"960\" \/>\n\t\t<meta property=\"og:image:height\" content=\"671\" \/>\n\t\t<meta property=\"article:tag\" content=\"econom\u00eda\" \/>\n\t\t<meta property=\"article:published_time\" content=\"2020-04-21T05:59:29+00:00\" \/>\n\t\t<meta property=\"article:modified_time\" content=\"2020-04-21T05:59:29+00:00\" \/>\n\t\t<meta property=\"article:publisher\" content=\"https:\/\/facebook.com\/eldigitaldeasturias\" \/>\n\t\t<meta name=\"twitter:card\" content=\"summary_large_image\" \/>\n\t\t<meta name=\"twitter:title\" content=\"Super\u00e1vit comercial de 23.000 millones de la Eurozona - El Digital de Asturias\" \/>\n\t\t<meta name=\"twitter:description\" content=\"(Europa Press) - El saldo positivo de la balanza comercial de la eurozona se elev\u00f3 en febrero un 24,3% con respecto al mismo mes del a\u00f1o pasado, hasta alcanzar una cifra de 23.000 millones de euros, seg\u00fan los datos sobre comercio internacional de bienes publicados este lunes por Eurostat, la oficina comunitaria de estad\u00edstica. En concreto,\" \/>\n\t\t<meta name=\"twitter:image\" content=\"https:\/\/www.eldigitaldeasturias.com\/noticias\/wp-content\/uploads\/2018\/06\/blue-1283011_960_720.jpg\" \/>\n\t\t<meta name=\"twitter:label1\" content=\"Escrito por\" \/>\n\t\t<meta name=\"twitter:data1\" content=\"El Digital de Asturias\" \/>\n\t\t<meta name=\"twitter:label2\" content=\"Tiempo de lectura estimado\" \/>\n\t\t<meta name=\"twitter:data2\" content=\"2 minutos\" \/>\n\t\t<script type=\"application\/ld+json\" class=\"aioseo-schema\">\n\t\t\t{\"@context\":\"https:\\\/\\\/schema.org\",\"@graph\":[{\"@type\":\"BlogPosting\",\"@id\":\"https:\\\/\\\/www.eldigitaldeasturias.com\\\/noticias\\\/superavit-comercial-de-23-000-millones-de-la-eurozona\\\/#blogposting\",\"name\":\"Super\\u00e1vit comercial de 23.000 millones de la Eurozona - El Digital de Asturias\",\"headline\":\"Super\\u00e1vit comercial de 23.000 millones de la Eurozona\",\"author\":{\"@id\":\"https:\\\/\\\/www.eldigitaldeasturias.com\\\/noticias\\\/author\\\/admin\\\/#author\"},\"publisher\":{\"@id\":\"https:\\\/\\\/www.eldigitaldeasturias.com\\\/noticias\\\/#organization\"},\"image\":{\"@type\":\"ImageObject\",\"url\":\"https:\\\/\\\/www.eldigitaldeasturias.com\\\/noticias\\\/wp-content\\\/uploads\\\/2018\\\/06\\\/blue-1283011_960_720.jpg\",\"width\":960,\"height\":671},\"datePublished\":\"2020-04-21T05:59:29+02:00\",\"dateModified\":\"2020-04-21T05:59:29+02:00\",\"inLanguage\":\"es-ES\",\"mainEntityOfPage\":{\"@id\":\"https:\\\/\\\/www.eldigitaldeasturias.com\\\/noticias\\\/superavit-comercial-de-23-000-millones-de-la-eurozona\\\/#webpage\"},\"isPartOf\":{\"@id\":\"https:\\\/\\\/www.eldigitaldeasturias.com\\\/noticias\\\/superavit-comercial-de-23-000-millones-de-la-eurozona\\\/#webpage\"},\"articleSection\":\"Econom\\u00eda\"},{\"@type\":\"BreadcrumbList\",\"@id\":\"https:\\\/\\\/www.eldigitaldeasturias.com\\\/noticias\\\/superavit-comercial-de-23-000-millones-de-la-eurozona\\\/#breadcrumblist\",\"itemListElement\":[{\"@type\":\"ListItem\",\"@id\":\"https:\\\/\\\/www.eldigitaldeasturias.com\\\/noticias#listItem\",\"position\":1,\"name\":\"Home\",\"item\":\"https:\\\/\\\/www.eldigitaldeasturias.com\\\/noticias\",\"nextItem\":{\"@type\":\"ListItem\",\"@id\":\"https:\\\/\\\/www.eldigitaldeasturias.com\\\/noticias\\\/category\\\/economia\\\/#listItem\",\"name\":\"Econom\\u00eda\"}},{\"@type\":\"ListItem\",\"@id\":\"https:\\\/\\\/www.eldigitaldeasturias.com\\\/noticias\\\/category\\\/economia\\\/#listItem\",\"position\":2,\"name\":\"Econom\\u00eda\",\"item\":\"https:\\\/\\\/www.eldigitaldeasturias.com\\\/noticias\\\/category\\\/economia\\\/\",\"nextItem\":{\"@type\":\"ListItem\",\"@id\":\"https:\\\/\\\/www.eldigitaldeasturias.com\\\/noticias\\\/superavit-comercial-de-23-000-millones-de-la-eurozona\\\/#listItem\",\"name\":\"Super\\u00e1vit comercial de 23.000 millones de la Eurozona\"},\"previousItem\":{\"@type\":\"ListItem\",\"@id\":\"https:\\\/\\\/www.eldigitaldeasturias.com\\\/noticias#listItem\",\"name\":\"Home\"}},{\"@type\":\"ListItem\",\"@id\":\"https:\\\/\\\/www.eldigitaldeasturias.com\\\/noticias\\\/superavit-comercial-de-23-000-millones-de-la-eurozona\\\/#listItem\",\"position\":3,\"name\":\"Super\\u00e1vit comercial de 23.000 millones de la Eurozona\",\"previousItem\":{\"@type\":\"ListItem\",\"@id\":\"https:\\\/\\\/www.eldigitaldeasturias.com\\\/noticias\\\/category\\\/economia\\\/#listItem\",\"name\":\"Econom\\u00eda\"}}]},{\"@type\":\"Organization\",\"@id\":\"https:\\\/\\\/www.eldigitaldeasturias.com\\\/noticias\\\/#organization\",\"name\":\"El Digital de Asturias\",\"description\":\"Hemeroteca\",\"url\":\"https:\\\/\\\/www.eldigitaldeasturias.com\\\/noticias\\\/\",\"email\":\"info@eldigitaldeasturias.com\",\"telephone\":\"+34652131393\",\"logo\":{\"@type\":\"ImageObject\",\"url\":\"https:\\\/\\\/www.eldigitaldeasturias.com\\\/noticias\\\/wp-content\\\/uploads\\\/2020\\\/12\\\/EDA.jpg\",\"@id\":\"https:\\\/\\\/www.eldigitaldeasturias.com\\\/noticias\\\/superavit-comercial-de-23-000-millones-de-la-eurozona\\\/#organizationLogo\",\"width\":649,\"height\":297},\"image\":{\"@id\":\"https:\\\/\\\/www.eldigitaldeasturias.com\\\/noticias\\\/superavit-comercial-de-23-000-millones-de-la-eurozona\\\/#organizationLogo\"},\"sameAs\":[\"https:\\\/\\\/facebook.com\\\/eldigitaldeasturias\",\"https:\\\/\\\/www.youtube.com\\\/channel\\\/UCZP-2wLEB9Rv6erhFmqVnvg\"],\"address\":{\"@id\":\"https:\\\/\\\/www.eldigitaldeasturias.com\\\/noticias\\\/#postaladdress\",\"@type\":\"PostalAddress\",\"streetAddress\":\"san antonio 4,\",\"postalCode\":\"33430\",\"addressLocality\":\"Cand\\u00e1s\",\"addressRegion\":\"Asturias\",\"addressCountry\":\"ES\"}},{\"@type\":\"Person\",\"@id\":\"https:\\\/\\\/www.eldigitaldeasturias.com\\\/noticias\\\/author\\\/admin\\\/#author\",\"url\":\"https:\\\/\\\/www.eldigitaldeasturias.com\\\/noticias\\\/author\\\/admin\\\/\",\"name\":\"El Digital de Asturias\",\"image\":{\"@type\":\"ImageObject\",\"@id\":\"https:\\\/\\\/www.eldigitaldeasturias.com\\\/noticias\\\/superavit-comercial-de-23-000-millones-de-la-eurozona\\\/#authorImage\",\"url\":\"https:\\\/\\\/www.eldigitaldeasturias.com\\\/noticias\\\/wp-content\\\/litespeed\\\/avatar\\\/18677e78aa0546b92d9dbf31ec7d7668.jpg?ver=1777290358\",\"width\":96,\"height\":96,\"caption\":\"El Digital de Asturias\"}},{\"@type\":\"WebPage\",\"@id\":\"https:\\\/\\\/www.eldigitaldeasturias.com\\\/noticias\\\/superavit-comercial-de-23-000-millones-de-la-eurozona\\\/#webpage\",\"url\":\"https:\\\/\\\/www.eldigitaldeasturias.com\\\/noticias\\\/superavit-comercial-de-23-000-millones-de-la-eurozona\\\/\",\"name\":\"Super\\u00e1vit comercial de 23.000 millones de la Eurozona - El Digital de Asturias\",\"description\":\"(Europa Press) - El saldo positivo de la balanza comercial de la eurozona se elev\\u00f3 en febrero un 24,3% con respecto al mismo mes del a\\u00f1o pasado, hasta alcanzar una cifra de 23.000 millones de euros, seg\\u00fan los datos sobre comercio internacional de bienes publicados este lunes por Eurostat, la oficina comunitaria de estad\\u00edstica. En concreto,\",\"inLanguage\":\"es-ES\",\"isPartOf\":{\"@id\":\"https:\\\/\\\/www.eldigitaldeasturias.com\\\/noticias\\\/#website\"},\"breadcrumb\":{\"@id\":\"https:\\\/\\\/www.eldigitaldeasturias.com\\\/noticias\\\/superavit-comercial-de-23-000-millones-de-la-eurozona\\\/#breadcrumblist\"},\"author\":{\"@id\":\"https:\\\/\\\/www.eldigitaldeasturias.com\\\/noticias\\\/author\\\/admin\\\/#author\"},\"creator\":{\"@id\":\"https:\\\/\\\/www.eldigitaldeasturias.com\\\/noticias\\\/author\\\/admin\\\/#author\"},\"image\":{\"@type\":\"ImageObject\",\"url\":\"https:\\\/\\\/www.eldigitaldeasturias.com\\\/noticias\\\/wp-content\\\/uploads\\\/2018\\\/06\\\/blue-1283011_960_720.jpg\",\"@id\":\"https:\\\/\\\/www.eldigitaldeasturias.com\\\/noticias\\\/superavit-comercial-de-23-000-millones-de-la-eurozona\\\/#mainImage\",\"width\":960,\"height\":671},\"primaryImageOfPage\":{\"@id\":\"https:\\\/\\\/www.eldigitaldeasturias.com\\\/noticias\\\/superavit-comercial-de-23-000-millones-de-la-eurozona\\\/#mainImage\"},\"datePublished\":\"2020-04-21T05:59:29+02:00\",\"dateModified\":\"2020-04-21T05:59:29+02:00\"},{\"@type\":\"WebSite\",\"@id\":\"https:\\\/\\\/www.eldigitaldeasturias.com\\\/noticias\\\/#website\",\"url\":\"https:\\\/\\\/www.eldigitaldeasturias.com\\\/noticias\\\/\",\"name\":\"El Digital de Asturias - Diario de actualidad y noticias\",\"alternateName\":\"El Digital de Asturias - Diario de actualidad y noticias\",\"description\":\"Hemeroteca\",\"inLanguage\":\"es-ES\",\"publisher\":{\"@id\":\"https:\\\/\\\/www.eldigitaldeasturias.com\\\/noticias\\\/#organization\"}}]}\n\t\t<\/script>\n\t\t<!-- All in One SEO Pro -->\r\n\t\t<title>Super\u00e1vit comercial de 23.000 millones de la Eurozona - El Digital de Asturias<\/title>\n\n","aioseo_head_json":{"title":"Super\u00e1vit comercial de 23.000 millones de la Eurozona - El Digital de Asturias","description":"(Europa Press) - El saldo positivo de la balanza comercial de la eurozona se elev\u00f3 en febrero un 24,3% con respecto al mismo mes del a\u00f1o pasado, hasta alcanzar una cifra de 23.000 millones de euros, seg\u00fan los datos sobre comercio internacional de bienes publicados este lunes por Eurostat, la oficina comunitaria de estad\u00edstica. En concreto,","canonical_url":"https:\/\/www.eldigitaldeasturias.com\/noticias\/superavit-comercial-de-23-000-millones-de-la-eurozona\/","robots":"max-image-preview:large","keywords":"econom\u00eda","webmasterTools":{"google-site-verification":"UA-38556648-1","msvalidate.01":"7dfe9f3f1b24437ab69f4f2559babe99","miscellaneous":""},"schema":{"@context":"https:\/\/schema.org","@graph":[{"@type":"BlogPosting","@id":"https:\/\/www.eldigitaldeasturias.com\/noticias\/superavit-comercial-de-23-000-millones-de-la-eurozona\/#blogposting","name":"Super\u00e1vit comercial de 23.000 millones de la Eurozona - El Digital de Asturias","headline":"Super\u00e1vit comercial de 23.000 millones de la Eurozona","author":{"@id":"https:\/\/www.eldigitaldeasturias.com\/noticias\/author\/admin\/#author"},"publisher":{"@id":"https:\/\/www.eldigitaldeasturias.com\/noticias\/#organization"},"image":{"@type":"ImageObject","url":"https:\/\/www.eldigitaldeasturias.com\/noticias\/wp-content\/uploads\/2018\/06\/blue-1283011_960_720.jpg","width":960,"height":671},"datePublished":"2020-04-21T05:59:29+02:00","dateModified":"2020-04-21T05:59:29+02:00","inLanguage":"es-ES","mainEntityOfPage":{"@id":"https:\/\/www.eldigitaldeasturias.com\/noticias\/superavit-comercial-de-23-000-millones-de-la-eurozona\/#webpage"},"isPartOf":{"@id":"https:\/\/www.eldigitaldeasturias.com\/noticias\/superavit-comercial-de-23-000-millones-de-la-eurozona\/#webpage"},"articleSection":"Econom\u00eda"},{"@type":"BreadcrumbList","@id":"https:\/\/www.eldigitaldeasturias.com\/noticias\/superavit-comercial-de-23-000-millones-de-la-eurozona\/#breadcrumblist","itemListElement":[{"@type":"ListItem","@id":"https:\/\/www.eldigitaldeasturias.com\/noticias#listItem","position":1,"name":"Home","item":"https:\/\/www.eldigitaldeasturias.com\/noticias","nextItem":{"@type":"ListItem","@id":"https:\/\/www.eldigitaldeasturias.com\/noticias\/category\/economia\/#listItem","name":"Econom\u00eda"}},{"@type":"ListItem","@id":"https:\/\/www.eldigitaldeasturias.com\/noticias\/category\/economia\/#listItem","position":2,"name":"Econom\u00eda","item":"https:\/\/www.eldigitaldeasturias.com\/noticias\/category\/economia\/","nextItem":{"@type":"ListItem","@id":"https:\/\/www.eldigitaldeasturias.com\/noticias\/superavit-comercial-de-23-000-millones-de-la-eurozona\/#listItem","name":"Super\u00e1vit comercial de 23.000 millones de la Eurozona"},"previousItem":{"@type":"ListItem","@id":"https:\/\/www.eldigitaldeasturias.com\/noticias#listItem","name":"Home"}},{"@type":"ListItem","@id":"https:\/\/www.eldigitaldeasturias.com\/noticias\/superavit-comercial-de-23-000-millones-de-la-eurozona\/#listItem","position":3,"name":"Super\u00e1vit comercial de 23.000 millones de la Eurozona","previousItem":{"@type":"ListItem","@id":"https:\/\/www.eldigitaldeasturias.com\/noticias\/category\/economia\/#listItem","name":"Econom\u00eda"}}]},{"@type":"Organization","@id":"https:\/\/www.eldigitaldeasturias.com\/noticias\/#organization","name":"El Digital de Asturias","description":"Hemeroteca","url":"https:\/\/www.eldigitaldeasturias.com\/noticias\/","email":"info@eldigitaldeasturias.com","telephone":"+34652131393","logo":{"@type":"ImageObject","url":"https:\/\/www.eldigitaldeasturias.com\/noticias\/wp-content\/uploads\/2020\/12\/EDA.jpg","@id":"https:\/\/www.eldigitaldeasturias.com\/noticias\/superavit-comercial-de-23-000-millones-de-la-eurozona\/#organizationLogo","width":649,"height":297},"image":{"@id":"https:\/\/www.eldigitaldeasturias.com\/noticias\/superavit-comercial-de-23-000-millones-de-la-eurozona\/#organizationLogo"},"sameAs":["https:\/\/facebook.com\/eldigitaldeasturias","https:\/\/www.youtube.com\/channel\/UCZP-2wLEB9Rv6erhFmqVnvg"],"address":{"@id":"https:\/\/www.eldigitaldeasturias.com\/noticias\/#postaladdress","@type":"PostalAddress","streetAddress":"san antonio 4,","postalCode":"33430","addressLocality":"Cand\u00e1s","addressRegion":"Asturias","addressCountry":"ES"}},{"@type":"Person","@id":"https:\/\/www.eldigitaldeasturias.com\/noticias\/author\/admin\/#author","url":"https:\/\/www.eldigitaldeasturias.com\/noticias\/author\/admin\/","name":"El Digital de Asturias","image":{"@type":"ImageObject","@id":"https:\/\/www.eldigitaldeasturias.com\/noticias\/superavit-comercial-de-23-000-millones-de-la-eurozona\/#authorImage","url":"https:\/\/www.eldigitaldeasturias.com\/noticias\/wp-content\/litespeed\/avatar\/18677e78aa0546b92d9dbf31ec7d7668.jpg?ver=1777290358","width":96,"height":96,"caption":"El Digital de Asturias"}},{"@type":"WebPage","@id":"https:\/\/www.eldigitaldeasturias.com\/noticias\/superavit-comercial-de-23-000-millones-de-la-eurozona\/#webpage","url":"https:\/\/www.eldigitaldeasturias.com\/noticias\/superavit-comercial-de-23-000-millones-de-la-eurozona\/","name":"Super\u00e1vit comercial de 23.000 millones de la Eurozona - El Digital de Asturias","description":"(Europa Press) - El saldo positivo de la balanza comercial de la eurozona se elev\u00f3 en febrero un 24,3% con respecto al mismo mes del a\u00f1o pasado, hasta alcanzar una cifra de 23.000 millones de euros, seg\u00fan los datos sobre comercio internacional de bienes publicados este lunes por Eurostat, la oficina comunitaria de estad\u00edstica. En concreto,","inLanguage":"es-ES","isPartOf":{"@id":"https:\/\/www.eldigitaldeasturias.com\/noticias\/#website"},"breadcrumb":{"@id":"https:\/\/www.eldigitaldeasturias.com\/noticias\/superavit-comercial-de-23-000-millones-de-la-eurozona\/#breadcrumblist"},"author":{"@id":"https:\/\/www.eldigitaldeasturias.com\/noticias\/author\/admin\/#author"},"creator":{"@id":"https:\/\/www.eldigitaldeasturias.com\/noticias\/author\/admin\/#author"},"image":{"@type":"ImageObject","url":"https:\/\/www.eldigitaldeasturias.com\/noticias\/wp-content\/uploads\/2018\/06\/blue-1283011_960_720.jpg","@id":"https:\/\/www.eldigitaldeasturias.com\/noticias\/superavit-comercial-de-23-000-millones-de-la-eurozona\/#mainImage","width":960,"height":671},"primaryImageOfPage":{"@id":"https:\/\/www.eldigitaldeasturias.com\/noticias\/superavit-comercial-de-23-000-millones-de-la-eurozona\/#mainImage"},"datePublished":"2020-04-21T05:59:29+02:00","dateModified":"2020-04-21T05:59:29+02:00"},{"@type":"WebSite","@id":"https:\/\/www.eldigitaldeasturias.com\/noticias\/#website","url":"https:\/\/www.eldigitaldeasturias.com\/noticias\/","name":"El Digital de Asturias - Diario de actualidad y noticias","alternateName":"El Digital de Asturias - Diario de actualidad y noticias","description":"Hemeroteca","inLanguage":"es-ES","publisher":{"@id":"https:\/\/www.eldigitaldeasturias.com\/noticias\/#organization"}}]},"og:locale":"es_ES","og:site_name":"El Digital de Asturias","og:type":"article","og:title":"Super\u00e1vit comercial de 23.000 millones de la Eurozona - El Digital de Asturias","og:description":"(Europa Press) - El saldo positivo de la balanza comercial de la eurozona se elev\u00f3 en febrero un 24,3% con respecto al mismo mes del a\u00f1o pasado, hasta alcanzar una cifra de 23.000 millones de euros, seg\u00fan los datos sobre comercio internacional de bienes publicados este lunes por Eurostat, la oficina comunitaria de estad\u00edstica. En concreto,","og:url":"https:\/\/www.eldigitaldeasturias.com\/noticias\/superavit-comercial-de-23-000-millones-de-la-eurozona\/","og:image":"https:\/\/www.eldigitaldeasturias.com\/noticias\/wp-content\/uploads\/2018\/06\/blue-1283011_960_720.jpg","og:image:secure_url":"https:\/\/www.eldigitaldeasturias.com\/noticias\/wp-content\/uploads\/2018\/06\/blue-1283011_960_720.jpg","og:image:width":960,"og:image:height":671,"article:tag":["econom\u00eda"],"article:published_time":"2020-04-21T05:59:29+00:00","article:modified_time":"2020-04-21T05:59:29+00:00","article:publisher":"https:\/\/facebook.com\/eldigitaldeasturias","twitter:card":"summary_large_image","twitter:title":"Super\u00e1vit comercial de 23.000 millones de la Eurozona - El Digital de Asturias","twitter:description":"(Europa Press) - El saldo positivo de la balanza comercial de la eurozona se elev\u00f3 en febrero un 24,3% con respecto al mismo mes del a\u00f1o pasado, hasta alcanzar una cifra de 23.000 millones de euros, seg\u00fan los datos sobre comercio internacional de bienes publicados este lunes por Eurostat, la oficina comunitaria de estad\u00edstica. En concreto,","twitter:image":"https:\/\/www.eldigitaldeasturias.com\/noticias\/wp-content\/uploads\/2018\/06\/blue-1283011_960_720.jpg","twitter:label1":"Escrito por","twitter:data1":"El Digital de Asturias","twitter:label2":"Tiempo de lectura estimado","twitter:data2":"2 minutos"},"aioseo_meta_data":{"post_id":"1063774","title":null,"description":null,"keywords":null,"keyphrases":null,"primary_term":null,"canonical_url":null,"og_title":null,"og_description":null,"og_object_type":"default","og_image_type":"default","og_image_url":null,"og_image_width":null,"og_image_height":null,"og_image_custom_url":null,"og_image_custom_fields":null,"og_video":null,"og_custom_url":null,"og_article_section":null,"og_article_tags":null,"twitter_use_og":false,"twitter_card":"default","twitter_image_type":"default","twitter_image_url":null,"twitter_image_custom_url":null,"twitter_image_custom_fields":null,"twitter_title":null,"twitter_description":null,"schema":{"blockGraphs":[],"customGraphs":[],"default":{"data":{"Article":[],"Course":[],"Dataset":[],"FAQPage":[],"Movie":[],"Person":[],"Product":[],"ProductReview":[],"Car":[],"Recipe":[],"Service":[],"SoftwareApplication":[],"WebPage":[]},"graphName":"","isEnabled":true},"graphs":[],"defaultGraph":"","defaultPostTypeGraph":""},"schema_type":null,"schema_type_options":null,"pillar_content":false,"robots_default":true,"robots_noindex":false,"robots_noarchive":false,"robots_nosnippet":false,"robots_nofollow":false,"robots_noimageindex":false,"robots_noodp":false,"robots_notranslate":false,"robots_max_snippet":null,"robots_max_videopreview":null,"robots_max_imagepreview":"large","priority":null,"frequency":null,"local_seo":null,"seo_analyzer_scan_date":"2025-09-12 07:17:50","breadcrumb_settings":null,"limit_modified_date":false,"open_ai":null,"ai":null,"created":"2020-12-21 10:52:16","updated":"2025-09-12 07:17:50"},"aioseo_breadcrumb":"<div class=\"aioseo-breadcrumbs\"><span class=\"aioseo-breadcrumb\">\n\t<a href=\"https:\/\/www.eldigitaldeasturias.com\/noticias\" title=\"Home\">Home<\/a>\n<\/span><span class=\"aioseo-breadcrumb-separator\">\u2013<\/span><span class=\"aioseo-breadcrumb\">\n\t<a href=\"https:\/\/www.eldigitaldeasturias.com\/noticias\/category\/economia\/\" title=\"Econom\u00eda\">Econom\u00eda<\/a>\n<\/span><span class=\"aioseo-breadcrumb-separator\">\u2013<\/span><span class=\"aioseo-breadcrumb\">\n\t<a href=\"https:\/\/www.eldigitaldeasturias.com\/noticias\/superavit-comercial-de-23-000-millones-de-la-eurozona\/\" title=\"Super\u00e1vit comercial de 23.000 millones de la Eurozona\">Super\u00e1vit comercial de 23.000 millones de la Eurozona<\/a>\n<\/span><\/div>","aioseo_breadcrumb_json":[{"label":"Home","link":"https:\/\/www.eldigitaldeasturias.com\/noticias"},{"label":"Econom\u00eda","link":"https:\/\/www.eldigitaldeasturias.com\/noticias\/category\/economia\/"},{"label":"Super\u00e1vit comercial de 23.000 millones de la Eurozona","link":"https:\/\/www.eldigitaldeasturias.com\/noticias\/superavit-comercial-de-23-000-millones-de-la-eurozona\/"}],"_links":{"self":[{"href":"https:\/\/www.eldigitaldeasturias.com\/noticias\/wp-json\/wp\/v2\/posts\/1063774","targetHints":{"allow":["GET"]}}],"collection":[{"href":"https:\/\/www.eldigitaldeasturias.com\/noticias\/wp-json\/wp\/v2\/posts"}],"about":[{"href":"https:\/\/www.eldigitaldeasturias.com\/noticias\/wp-json\/wp\/v2\/types\/post"}],"author":[{"embeddable":true,"href":"https:\/\/www.eldigitaldeasturias.com\/noticias\/wp-json\/wp\/v2\/users\/1"}],"replies":[{"embeddable":true,"href":"https:\/\/www.eldigitaldeasturias.com\/noticias\/wp-json\/wp\/v2\/comments?post=1063774"}],"version-history":[{"count":0,"href":"https:\/\/www.eldigitaldeasturias.com\/noticias\/wp-json\/wp\/v2\/posts\/1063774\/revisions"}],"wp:featuredmedia":[{"embeddable":true,"href":"https:\/\/www.eldigitaldeasturias.com\/noticias\/wp-json\/wp\/v2\/media\/983320"}],"wp:attachment":[{"href":"https:\/\/www.eldigitaldeasturias.com\/noticias\/wp-json\/wp\/v2\/media?parent=1063774"}],"wp:term":[{"taxonomy":"category","embeddable":true,"href":"https:\/\/www.eldigitaldeasturias.com\/noticias\/wp-json\/wp\/v2\/categories?post=1063774"},{"taxonomy":"post_tag","embeddable":true,"href":"https:\/\/www.eldigitaldeasturias.com\/noticias\/wp-json\/wp\/v2\/tags?post=1063774"}],"curies":[{"name":"wp","href":"https:\/\/api.w.org\/{rel}","templated":true}]}}