{"id":1063583,"date":"2020-04-18T23:56:55","date_gmt":"2020-04-18T23:56:55","guid":{"rendered":"https:\/\/www.eldigitaldeasturias.com\/noticias\/?p=1063583"},"modified":"2020-04-18T23:56:55","modified_gmt":"2020-04-18T23:56:55","slug":"daimler-retoma-la-produccion-en-sus-fabricas-en-alemania","status":"publish","type":"post","link":"https:\/\/www.eldigitaldeasturias.com\/noticias\/daimler-retoma-la-produccion-en-sus-fabricas-en-alemania\/","title":{"rendered":"Daimler retoma la producci\u00f3n en sus f\u00e1bricas en Alemania"},"content":{"rendered":"<figure id=\"attachment_1063584\" aria-describedby=\"caption-attachment-1063584\" style=\"width: 360px\" class=\"wp-caption alignleft\"><img loading=\"lazy\" decoding=\"async\" class=\"size-medium wp-image-1063584\" src=\"https:\/\/www.eldigitaldeasturias.com\/noticias\/wp-content\/uploads\/2020\/04\/Daimler-360x268.jpg\" alt=\"\" width=\"360\" height=\"268\" srcset=\"https:\/\/www.eldigitaldeasturias.com\/noticias\/wp-content\/uploads\/2020\/04\/Daimler-360x268.jpg 360w, https:\/\/www.eldigitaldeasturias.com\/noticias\/wp-content\/uploads\/2020\/04\/Daimler-645x480.jpg 645w, https:\/\/www.eldigitaldeasturias.com\/noticias\/wp-content\/uploads\/2020\/04\/Daimler-403x300.jpg 403w, https:\/\/www.eldigitaldeasturias.com\/noticias\/wp-content\/uploads\/2020\/04\/Daimler-768x572.jpg 768w, https:\/\/www.eldigitaldeasturias.com\/noticias\/wp-content\/uploads\/2020\/04\/Daimler.jpg 869w\" sizes=\"auto, (max-width: 360px) 100vw, 360px\" \/><figcaption id=\"caption-attachment-1063584\" class=\"wp-caption-text\">Foto: Marijan Murat\/dpa<\/figcaption><\/figure>\n<p>Stuttgart (Alemania), 18 abr (dpa) &#8211; La automotriz Daimler reiniciar\u00e1 el lunes la producci\u00f3n en sus plantas fabriles en Alemania, despu\u00e9s de cuatro semanas de suspensi\u00f3n por la pandemia del coronavirus, seg\u00fan inform\u00f3 hoy la direcci\u00f3n de la empresa en Stuttgart.<\/p>\n<p>El foco estar\u00e1 puesto en la fabricaci\u00f3n de los elementos de tracci\u00f3n y transmisi\u00f3n (motores y engranajes), de la que dependen no s\u00f3lo las dem\u00e1s plantas alemanas de Daimler, sino tambi\u00e9n las radicadas en otros pa\u00edses y especialmente las de China.<\/p>\n<p>Wilfried Porth, director de Recursos Humanos, se\u00f1al\u00f3 que algunas plantas comenzar\u00e1n con un turno al principio, mientras que otras trabajar\u00e1n de inmediato en dos o tres turnos.<\/p>\n<p>\u00abTodav\u00eda estamos significativamente reducidos en t\u00e9rminos de producci\u00f3n\u00bb, dijo Porth, a la vez que acot\u00f3 que, en general, las cadenas de suministro hab\u00edan resistido a la crisis y la puesta en marcha en China, hace ya varias semanas, hab\u00eda funcionado bien.<\/p>\n<p>\u00abTenemos problemas a\u00fan mayores en Europa en Italia, y Francia tambi\u00e9n sigue estando extremadamente limitada\u00bb, afirm\u00f3 Porth.<\/p>\n<p>El directivo subray\u00f3 que el trabajo en las plantas se retomar\u00e1 bajo estrictas normas de higiene y que para garantizar que los empleados no tengan m\u00e1s contacto entre s\u00ed de lo necesario, los turnos no ser\u00e1n a plantilla completa y los horarios de los turnos se modificar\u00e1n para que los trabajadores no se re\u00fanan ni en la puerta de la f\u00e1brica ni en los vestuarios.<\/p>\n<p>Daimler hab\u00eda cerrado gran parte de su producci\u00f3n en marzo. Aproximadamente el 80 por ciento de los aproximadamente 170.000 empleados en Alemania de la automotriz est\u00e1n afectados en diversos grados por la suspensi\u00f3n de la actividad.<\/p>\n<p>No est\u00e1 claro a\u00fan cu\u00e1ndo podr\u00e1 volver su producci\u00f3n al nivel anterior a la crisis. \u00abObviamente estamos perdiendo en estos momentos una parte que nadie sabe si podr\u00e1 ser recuperada\u00bb, dijo Porth.<\/p>\n<p>El directivo se\u00f1al\u00f3 que si la demanda se nivelara por debajo de lo que la empresa hab\u00eda previsto, no ser\u00edan suficientes las metas de ahorro anteriores y los recortes de puestos de trabajo previstos.<\/p>\n<p>\u00abEs obvio que tendremos que hacer ajustes\u00bb, sostuvo Porth, y agreg\u00f3 que reci\u00e9n m\u00e1s adelante se ver\u00e1 c\u00f3mo se implementar\u00e1 eso.<\/p>\n<p>&nbsp;<\/p>\n","protected":false},"excerpt":{"rendered":"<p>Stuttgart (Alemania), 18 abr (dpa) &#8211; La automotriz Daimler reiniciar\u00e1 el lunes la producci\u00f3n en sus plantas fabriles en Alemania, despu\u00e9s de cuatro semanas de suspensi\u00f3n por la pandemia del coronavirus, seg\u00fan inform\u00f3 hoy la direcci\u00f3n de la empresa en Stuttgart. El foco estar\u00e1 puesto en la fabricaci\u00f3n de los elementos de tracci\u00f3n y transmisi\u00f3n [&hellip;]<\/p>\n","protected":false},"author":1,"featured_media":1063584,"comment_status":"closed","ping_status":"closed","sticky":false,"template":"","format":"standard","meta":{"footnotes":""},"categories":[219],"tags":[],"class_list":["post-1063583","post","type-post","status-publish","format-standard","has-post-thumbnail","hentry","category-negocios-y-empresas"],"aioseo_notices":[],"aioseo_head":"\n\t\t<!-- All in One SEO Pro 4.9.6.2 - aioseo.com -->\n\t<meta name=\"description\" content=\"Stuttgart (Alemania), 18 abr (dpa) - La automotriz Daimler reiniciar\u00e1 el lunes la producci\u00f3n en sus plantas fabriles en Alemania, despu\u00e9s de cuatro semanas de suspensi\u00f3n por la pandemia del coronavirus, seg\u00fan inform\u00f3 hoy la direcci\u00f3n de la empresa en Stuttgart. El foco estar\u00e1 puesto en la fabricaci\u00f3n de los elementos de tracci\u00f3n y transmisi\u00f3n\" \/>\n\t<meta name=\"robots\" content=\"max-image-preview:large\" \/>\n\t<meta name=\"author\" content=\"El Digital de Asturias\"\/>\n\t<meta name=\"google-site-verification\" content=\"UA-38556648-1\" \/>\n\t<meta name=\"msvalidate.01\" content=\"7dfe9f3f1b24437ab69f4f2559babe99\" \/>\n\t<meta name=\"keywords\" content=\"negocios y empresas\" \/>\n\t<link rel=\"canonical\" href=\"https:\/\/www.eldigitaldeasturias.com\/noticias\/daimler-retoma-la-produccion-en-sus-fabricas-en-alemania\/\" \/>\n\t<meta name=\"generator\" content=\"All in One SEO Pro (AIOSEO) 4.9.6.2\" \/>\n\t\t<meta property=\"og:locale\" content=\"es_ES\" \/>\n\t\t<meta property=\"og:site_name\" content=\"El Digital de Asturias\" \/>\n\t\t<meta property=\"og:type\" content=\"article\" \/>\n\t\t<meta property=\"og:title\" content=\"Daimler retoma la producci\u00f3n en sus f\u00e1bricas en Alemania - El Digital de Asturias\" \/>\n\t\t<meta property=\"og:description\" content=\"Stuttgart (Alemania), 18 abr (dpa) - La automotriz Daimler reiniciar\u00e1 el lunes la producci\u00f3n en sus plantas fabriles en Alemania, despu\u00e9s de cuatro semanas de suspensi\u00f3n por la pandemia del coronavirus, seg\u00fan inform\u00f3 hoy la direcci\u00f3n de la empresa en Stuttgart. El foco estar\u00e1 puesto en la fabricaci\u00f3n de los elementos de tracci\u00f3n y transmisi\u00f3n\" \/>\n\t\t<meta property=\"og:url\" content=\"https:\/\/www.eldigitaldeasturias.com\/noticias\/daimler-retoma-la-produccion-en-sus-fabricas-en-alemania\/\" \/>\n\t\t<meta property=\"og:image\" content=\"https:\/\/www.eldigitaldeasturias.com\/noticias\/wp-content\/uploads\/2020\/04\/Daimler.jpg\" \/>\n\t\t<meta property=\"og:image:secure_url\" content=\"https:\/\/www.eldigitaldeasturias.com\/noticias\/wp-content\/uploads\/2020\/04\/Daimler.jpg\" \/>\n\t\t<meta property=\"og:image:width\" content=\"869\" \/>\n\t\t<meta property=\"og:image:height\" content=\"647\" \/>\n\t\t<meta property=\"article:tag\" content=\"negocios y empresas\" \/>\n\t\t<meta property=\"article:published_time\" content=\"2020-04-18T23:56:55+00:00\" \/>\n\t\t<meta property=\"article:modified_time\" content=\"2020-04-18T23:56:55+00:00\" \/>\n\t\t<meta property=\"article:publisher\" content=\"https:\/\/facebook.com\/eldigitaldeasturias\" \/>\n\t\t<meta name=\"twitter:card\" content=\"summary_large_image\" \/>\n\t\t<meta name=\"twitter:title\" content=\"Daimler retoma la producci\u00f3n en sus f\u00e1bricas en Alemania - El Digital de Asturias\" \/>\n\t\t<meta name=\"twitter:description\" content=\"Stuttgart (Alemania), 18 abr (dpa) - La automotriz Daimler reiniciar\u00e1 el lunes la producci\u00f3n en sus plantas fabriles en Alemania, despu\u00e9s de cuatro semanas de suspensi\u00f3n por la pandemia del coronavirus, seg\u00fan inform\u00f3 hoy la direcci\u00f3n de la empresa en Stuttgart. El foco estar\u00e1 puesto en la fabricaci\u00f3n de los elementos de tracci\u00f3n y transmisi\u00f3n\" \/>\n\t\t<meta name=\"twitter:image\" content=\"https:\/\/www.eldigitaldeasturias.com\/noticias\/wp-content\/uploads\/2020\/04\/Daimler.jpg\" \/>\n\t\t<meta name=\"twitter:label1\" content=\"Escrito por\" \/>\n\t\t<meta name=\"twitter:data1\" content=\"El Digital de Asturias\" \/>\n\t\t<meta name=\"twitter:label2\" content=\"Tiempo de lectura estimado\" \/>\n\t\t<meta name=\"twitter:data2\" content=\"2 minutos\" \/>\n\t\t<script type=\"application\/ld+json\" class=\"aioseo-schema\">\n\t\t\t{\"@context\":\"https:\\\/\\\/schema.org\",\"@graph\":[{\"@type\":\"BlogPosting\",\"@id\":\"https:\\\/\\\/www.eldigitaldeasturias.com\\\/noticias\\\/daimler-retoma-la-produccion-en-sus-fabricas-en-alemania\\\/#blogposting\",\"name\":\"Daimler retoma la producci\\u00f3n en sus f\\u00e1bricas en Alemania - El Digital de Asturias\",\"headline\":\"Daimler retoma la producci\\u00f3n en sus f\\u00e1bricas en Alemania\",\"author\":{\"@id\":\"https:\\\/\\\/www.eldigitaldeasturias.com\\\/noticias\\\/author\\\/admin\\\/#author\"},\"publisher\":{\"@id\":\"https:\\\/\\\/www.eldigitaldeasturias.com\\\/noticias\\\/#organization\"},\"image\":{\"@type\":\"ImageObject\",\"url\":\"https:\\\/\\\/www.eldigitaldeasturias.com\\\/noticias\\\/wp-content\\\/uploads\\\/2020\\\/04\\\/Daimler.jpg\",\"width\":869,\"height\":647,\"caption\":\"Foto: Marijan Murat\\\/dpa\"},\"datePublished\":\"2020-04-18T23:56:55+02:00\",\"dateModified\":\"2020-04-18T23:56:55+02:00\",\"inLanguage\":\"es-ES\",\"mainEntityOfPage\":{\"@id\":\"https:\\\/\\\/www.eldigitaldeasturias.com\\\/noticias\\\/daimler-retoma-la-produccion-en-sus-fabricas-en-alemania\\\/#webpage\"},\"isPartOf\":{\"@id\":\"https:\\\/\\\/www.eldigitaldeasturias.com\\\/noticias\\\/daimler-retoma-la-produccion-en-sus-fabricas-en-alemania\\\/#webpage\"},\"articleSection\":\"Negocios y Empresas\"},{\"@type\":\"BreadcrumbList\",\"@id\":\"https:\\\/\\\/www.eldigitaldeasturias.com\\\/noticias\\\/daimler-retoma-la-produccion-en-sus-fabricas-en-alemania\\\/#breadcrumblist\",\"itemListElement\":[{\"@type\":\"ListItem\",\"@id\":\"https:\\\/\\\/www.eldigitaldeasturias.com\\\/noticias#listItem\",\"position\":1,\"name\":\"Home\",\"item\":\"https:\\\/\\\/www.eldigitaldeasturias.com\\\/noticias\",\"nextItem\":{\"@type\":\"ListItem\",\"@id\":\"https:\\\/\\\/www.eldigitaldeasturias.com\\\/noticias\\\/category\\\/negocios-y-empresas\\\/#listItem\",\"name\":\"Negocios y Empresas\"}},{\"@type\":\"ListItem\",\"@id\":\"https:\\\/\\\/www.eldigitaldeasturias.com\\\/noticias\\\/category\\\/negocios-y-empresas\\\/#listItem\",\"position\":2,\"name\":\"Negocios y Empresas\",\"item\":\"https:\\\/\\\/www.eldigitaldeasturias.com\\\/noticias\\\/category\\\/negocios-y-empresas\\\/\",\"nextItem\":{\"@type\":\"ListItem\",\"@id\":\"https:\\\/\\\/www.eldigitaldeasturias.com\\\/noticias\\\/daimler-retoma-la-produccion-en-sus-fabricas-en-alemania\\\/#listItem\",\"name\":\"Daimler retoma la producci\\u00f3n en sus f\\u00e1bricas en Alemania\"},\"previousItem\":{\"@type\":\"ListItem\",\"@id\":\"https:\\\/\\\/www.eldigitaldeasturias.com\\\/noticias#listItem\",\"name\":\"Home\"}},{\"@type\":\"ListItem\",\"@id\":\"https:\\\/\\\/www.eldigitaldeasturias.com\\\/noticias\\\/daimler-retoma-la-produccion-en-sus-fabricas-en-alemania\\\/#listItem\",\"position\":3,\"name\":\"Daimler retoma la producci\\u00f3n en sus f\\u00e1bricas en Alemania\",\"previousItem\":{\"@type\":\"ListItem\",\"@id\":\"https:\\\/\\\/www.eldigitaldeasturias.com\\\/noticias\\\/category\\\/negocios-y-empresas\\\/#listItem\",\"name\":\"Negocios y Empresas\"}}]},{\"@type\":\"Organization\",\"@id\":\"https:\\\/\\\/www.eldigitaldeasturias.com\\\/noticias\\\/#organization\",\"name\":\"El Digital de Asturias\",\"description\":\"Hemeroteca\",\"url\":\"https:\\\/\\\/www.eldigitaldeasturias.com\\\/noticias\\\/\",\"email\":\"info@eldigitaldeasturias.com\",\"telephone\":\"+34652131393\",\"logo\":{\"@type\":\"ImageObject\",\"url\":\"https:\\\/\\\/www.eldigitaldeasturias.com\\\/noticias\\\/wp-content\\\/uploads\\\/2020\\\/12\\\/EDA.jpg\",\"@id\":\"https:\\\/\\\/www.eldigitaldeasturias.com\\\/noticias\\\/daimler-retoma-la-produccion-en-sus-fabricas-en-alemania\\\/#organizationLogo\",\"width\":649,\"height\":297},\"image\":{\"@id\":\"https:\\\/\\\/www.eldigitaldeasturias.com\\\/noticias\\\/daimler-retoma-la-produccion-en-sus-fabricas-en-alemania\\\/#organizationLogo\"},\"sameAs\":[\"https:\\\/\\\/facebook.com\\\/eldigitaldeasturias\",\"https:\\\/\\\/www.youtube.com\\\/channel\\\/UCZP-2wLEB9Rv6erhFmqVnvg\"],\"address\":{\"@id\":\"https:\\\/\\\/www.eldigitaldeasturias.com\\\/noticias\\\/#postaladdress\",\"@type\":\"PostalAddress\",\"streetAddress\":\"san antonio 4,\",\"postalCode\":\"33430\",\"addressLocality\":\"Cand\\u00e1s\",\"addressRegion\":\"Asturias\",\"addressCountry\":\"ES\"}},{\"@type\":\"Person\",\"@id\":\"https:\\\/\\\/www.eldigitaldeasturias.com\\\/noticias\\\/author\\\/admin\\\/#author\",\"url\":\"https:\\\/\\\/www.eldigitaldeasturias.com\\\/noticias\\\/author\\\/admin\\\/\",\"name\":\"El Digital de Asturias\",\"image\":{\"@type\":\"ImageObject\",\"@id\":\"https:\\\/\\\/www.eldigitaldeasturias.com\\\/noticias\\\/daimler-retoma-la-produccion-en-sus-fabricas-en-alemania\\\/#authorImage\",\"url\":\"https:\\\/\\\/www.eldigitaldeasturias.com\\\/noticias\\\/wp-content\\\/litespeed\\\/avatar\\\/18677e78aa0546b92d9dbf31ec7d7668.jpg?ver=1776685526\",\"width\":96,\"height\":96,\"caption\":\"El Digital de Asturias\"}},{\"@type\":\"WebPage\",\"@id\":\"https:\\\/\\\/www.eldigitaldeasturias.com\\\/noticias\\\/daimler-retoma-la-produccion-en-sus-fabricas-en-alemania\\\/#webpage\",\"url\":\"https:\\\/\\\/www.eldigitaldeasturias.com\\\/noticias\\\/daimler-retoma-la-produccion-en-sus-fabricas-en-alemania\\\/\",\"name\":\"Daimler retoma la producci\\u00f3n en sus f\\u00e1bricas en Alemania - El Digital de Asturias\",\"description\":\"Stuttgart (Alemania), 18 abr (dpa) - La automotriz Daimler reiniciar\\u00e1 el lunes la producci\\u00f3n en sus plantas fabriles en Alemania, despu\\u00e9s de cuatro semanas de suspensi\\u00f3n por la pandemia del coronavirus, seg\\u00fan inform\\u00f3 hoy la direcci\\u00f3n de la empresa en Stuttgart. El foco estar\\u00e1 puesto en la fabricaci\\u00f3n de los elementos de tracci\\u00f3n y transmisi\\u00f3n\",\"inLanguage\":\"es-ES\",\"isPartOf\":{\"@id\":\"https:\\\/\\\/www.eldigitaldeasturias.com\\\/noticias\\\/#website\"},\"breadcrumb\":{\"@id\":\"https:\\\/\\\/www.eldigitaldeasturias.com\\\/noticias\\\/daimler-retoma-la-produccion-en-sus-fabricas-en-alemania\\\/#breadcrumblist\"},\"author\":{\"@id\":\"https:\\\/\\\/www.eldigitaldeasturias.com\\\/noticias\\\/author\\\/admin\\\/#author\"},\"creator\":{\"@id\":\"https:\\\/\\\/www.eldigitaldeasturias.com\\\/noticias\\\/author\\\/admin\\\/#author\"},\"image\":{\"@type\":\"ImageObject\",\"url\":\"https:\\\/\\\/www.eldigitaldeasturias.com\\\/noticias\\\/wp-content\\\/uploads\\\/2020\\\/04\\\/Daimler.jpg\",\"@id\":\"https:\\\/\\\/www.eldigitaldeasturias.com\\\/noticias\\\/daimler-retoma-la-produccion-en-sus-fabricas-en-alemania\\\/#mainImage\",\"width\":869,\"height\":647,\"caption\":\"Foto: Marijan Murat\\\/dpa\"},\"primaryImageOfPage\":{\"@id\":\"https:\\\/\\\/www.eldigitaldeasturias.com\\\/noticias\\\/daimler-retoma-la-produccion-en-sus-fabricas-en-alemania\\\/#mainImage\"},\"datePublished\":\"2020-04-18T23:56:55+02:00\",\"dateModified\":\"2020-04-18T23:56:55+02:00\"},{\"@type\":\"WebSite\",\"@id\":\"https:\\\/\\\/www.eldigitaldeasturias.com\\\/noticias\\\/#website\",\"url\":\"https:\\\/\\\/www.eldigitaldeasturias.com\\\/noticias\\\/\",\"name\":\"El Digital de Asturias - Diario de actualidad y noticias\",\"alternateName\":\"El Digital de Asturias - Diario de actualidad y noticias\",\"description\":\"Hemeroteca\",\"inLanguage\":\"es-ES\",\"publisher\":{\"@id\":\"https:\\\/\\\/www.eldigitaldeasturias.com\\\/noticias\\\/#organization\"}}]}\n\t\t<\/script>\n\t\t<!-- All in One SEO Pro -->\r\n\t\t<title>Daimler retoma la producci\u00f3n en sus f\u00e1bricas en Alemania - El Digital de Asturias<\/title>\n\n","aioseo_head_json":{"title":"Daimler retoma la producci\u00f3n en sus f\u00e1bricas en Alemania - El Digital de Asturias","description":"Stuttgart (Alemania), 18 abr (dpa) - La automotriz Daimler reiniciar\u00e1 el lunes la producci\u00f3n en sus plantas fabriles en Alemania, despu\u00e9s de cuatro semanas de suspensi\u00f3n por la pandemia del coronavirus, seg\u00fan inform\u00f3 hoy la direcci\u00f3n de la empresa en Stuttgart. El foco estar\u00e1 puesto en la fabricaci\u00f3n de los elementos de tracci\u00f3n y transmisi\u00f3n","canonical_url":"https:\/\/www.eldigitaldeasturias.com\/noticias\/daimler-retoma-la-produccion-en-sus-fabricas-en-alemania\/","robots":"max-image-preview:large","keywords":"negocios y empresas","webmasterTools":{"google-site-verification":"UA-38556648-1","msvalidate.01":"7dfe9f3f1b24437ab69f4f2559babe99","miscellaneous":""},"schema":{"@context":"https:\/\/schema.org","@graph":[{"@type":"BlogPosting","@id":"https:\/\/www.eldigitaldeasturias.com\/noticias\/daimler-retoma-la-produccion-en-sus-fabricas-en-alemania\/#blogposting","name":"Daimler retoma la producci\u00f3n en sus f\u00e1bricas en Alemania - El Digital de Asturias","headline":"Daimler retoma la producci\u00f3n en sus f\u00e1bricas en Alemania","author":{"@id":"https:\/\/www.eldigitaldeasturias.com\/noticias\/author\/admin\/#author"},"publisher":{"@id":"https:\/\/www.eldigitaldeasturias.com\/noticias\/#organization"},"image":{"@type":"ImageObject","url":"https:\/\/www.eldigitaldeasturias.com\/noticias\/wp-content\/uploads\/2020\/04\/Daimler.jpg","width":869,"height":647,"caption":"Foto: Marijan Murat\/dpa"},"datePublished":"2020-04-18T23:56:55+02:00","dateModified":"2020-04-18T23:56:55+02:00","inLanguage":"es-ES","mainEntityOfPage":{"@id":"https:\/\/www.eldigitaldeasturias.com\/noticias\/daimler-retoma-la-produccion-en-sus-fabricas-en-alemania\/#webpage"},"isPartOf":{"@id":"https:\/\/www.eldigitaldeasturias.com\/noticias\/daimler-retoma-la-produccion-en-sus-fabricas-en-alemania\/#webpage"},"articleSection":"Negocios y Empresas"},{"@type":"BreadcrumbList","@id":"https:\/\/www.eldigitaldeasturias.com\/noticias\/daimler-retoma-la-produccion-en-sus-fabricas-en-alemania\/#breadcrumblist","itemListElement":[{"@type":"ListItem","@id":"https:\/\/www.eldigitaldeasturias.com\/noticias#listItem","position":1,"name":"Home","item":"https:\/\/www.eldigitaldeasturias.com\/noticias","nextItem":{"@type":"ListItem","@id":"https:\/\/www.eldigitaldeasturias.com\/noticias\/category\/negocios-y-empresas\/#listItem","name":"Negocios y Empresas"}},{"@type":"ListItem","@id":"https:\/\/www.eldigitaldeasturias.com\/noticias\/category\/negocios-y-empresas\/#listItem","position":2,"name":"Negocios y Empresas","item":"https:\/\/www.eldigitaldeasturias.com\/noticias\/category\/negocios-y-empresas\/","nextItem":{"@type":"ListItem","@id":"https:\/\/www.eldigitaldeasturias.com\/noticias\/daimler-retoma-la-produccion-en-sus-fabricas-en-alemania\/#listItem","name":"Daimler retoma la producci\u00f3n en sus f\u00e1bricas en Alemania"},"previousItem":{"@type":"ListItem","@id":"https:\/\/www.eldigitaldeasturias.com\/noticias#listItem","name":"Home"}},{"@type":"ListItem","@id":"https:\/\/www.eldigitaldeasturias.com\/noticias\/daimler-retoma-la-produccion-en-sus-fabricas-en-alemania\/#listItem","position":3,"name":"Daimler retoma la producci\u00f3n en sus f\u00e1bricas en Alemania","previousItem":{"@type":"ListItem","@id":"https:\/\/www.eldigitaldeasturias.com\/noticias\/category\/negocios-y-empresas\/#listItem","name":"Negocios y Empresas"}}]},{"@type":"Organization","@id":"https:\/\/www.eldigitaldeasturias.com\/noticias\/#organization","name":"El Digital de Asturias","description":"Hemeroteca","url":"https:\/\/www.eldigitaldeasturias.com\/noticias\/","email":"info@eldigitaldeasturias.com","telephone":"+34652131393","logo":{"@type":"ImageObject","url":"https:\/\/www.eldigitaldeasturias.com\/noticias\/wp-content\/uploads\/2020\/12\/EDA.jpg","@id":"https:\/\/www.eldigitaldeasturias.com\/noticias\/daimler-retoma-la-produccion-en-sus-fabricas-en-alemania\/#organizationLogo","width":649,"height":297},"image":{"@id":"https:\/\/www.eldigitaldeasturias.com\/noticias\/daimler-retoma-la-produccion-en-sus-fabricas-en-alemania\/#organizationLogo"},"sameAs":["https:\/\/facebook.com\/eldigitaldeasturias","https:\/\/www.youtube.com\/channel\/UCZP-2wLEB9Rv6erhFmqVnvg"],"address":{"@id":"https:\/\/www.eldigitaldeasturias.com\/noticias\/#postaladdress","@type":"PostalAddress","streetAddress":"san antonio 4,","postalCode":"33430","addressLocality":"Cand\u00e1s","addressRegion":"Asturias","addressCountry":"ES"}},{"@type":"Person","@id":"https:\/\/www.eldigitaldeasturias.com\/noticias\/author\/admin\/#author","url":"https:\/\/www.eldigitaldeasturias.com\/noticias\/author\/admin\/","name":"El Digital de Asturias","image":{"@type":"ImageObject","@id":"https:\/\/www.eldigitaldeasturias.com\/noticias\/daimler-retoma-la-produccion-en-sus-fabricas-en-alemania\/#authorImage","url":"https:\/\/www.eldigitaldeasturias.com\/noticias\/wp-content\/litespeed\/avatar\/18677e78aa0546b92d9dbf31ec7d7668.jpg?ver=1776685526","width":96,"height":96,"caption":"El Digital de Asturias"}},{"@type":"WebPage","@id":"https:\/\/www.eldigitaldeasturias.com\/noticias\/daimler-retoma-la-produccion-en-sus-fabricas-en-alemania\/#webpage","url":"https:\/\/www.eldigitaldeasturias.com\/noticias\/daimler-retoma-la-produccion-en-sus-fabricas-en-alemania\/","name":"Daimler retoma la producci\u00f3n en sus f\u00e1bricas en Alemania - El Digital de Asturias","description":"Stuttgart (Alemania), 18 abr (dpa) - La automotriz Daimler reiniciar\u00e1 el lunes la producci\u00f3n en sus plantas fabriles en Alemania, despu\u00e9s de cuatro semanas de suspensi\u00f3n por la pandemia del coronavirus, seg\u00fan inform\u00f3 hoy la direcci\u00f3n de la empresa en Stuttgart. El foco estar\u00e1 puesto en la fabricaci\u00f3n de los elementos de tracci\u00f3n y transmisi\u00f3n","inLanguage":"es-ES","isPartOf":{"@id":"https:\/\/www.eldigitaldeasturias.com\/noticias\/#website"},"breadcrumb":{"@id":"https:\/\/www.eldigitaldeasturias.com\/noticias\/daimler-retoma-la-produccion-en-sus-fabricas-en-alemania\/#breadcrumblist"},"author":{"@id":"https:\/\/www.eldigitaldeasturias.com\/noticias\/author\/admin\/#author"},"creator":{"@id":"https:\/\/www.eldigitaldeasturias.com\/noticias\/author\/admin\/#author"},"image":{"@type":"ImageObject","url":"https:\/\/www.eldigitaldeasturias.com\/noticias\/wp-content\/uploads\/2020\/04\/Daimler.jpg","@id":"https:\/\/www.eldigitaldeasturias.com\/noticias\/daimler-retoma-la-produccion-en-sus-fabricas-en-alemania\/#mainImage","width":869,"height":647,"caption":"Foto: Marijan Murat\/dpa"},"primaryImageOfPage":{"@id":"https:\/\/www.eldigitaldeasturias.com\/noticias\/daimler-retoma-la-produccion-en-sus-fabricas-en-alemania\/#mainImage"},"datePublished":"2020-04-18T23:56:55+02:00","dateModified":"2020-04-18T23:56:55+02:00"},{"@type":"WebSite","@id":"https:\/\/www.eldigitaldeasturias.com\/noticias\/#website","url":"https:\/\/www.eldigitaldeasturias.com\/noticias\/","name":"El Digital de Asturias - Diario de actualidad y noticias","alternateName":"El Digital de Asturias - Diario de actualidad y noticias","description":"Hemeroteca","inLanguage":"es-ES","publisher":{"@id":"https:\/\/www.eldigitaldeasturias.com\/noticias\/#organization"}}]},"og:locale":"es_ES","og:site_name":"El Digital de Asturias","og:type":"article","og:title":"Daimler retoma la producci\u00f3n en sus f\u00e1bricas en Alemania - El Digital de Asturias","og:description":"Stuttgart (Alemania), 18 abr (dpa) - La automotriz Daimler reiniciar\u00e1 el lunes la producci\u00f3n en sus plantas fabriles en Alemania, despu\u00e9s de cuatro semanas de suspensi\u00f3n por la pandemia del coronavirus, seg\u00fan inform\u00f3 hoy la direcci\u00f3n de la empresa en Stuttgart. El foco estar\u00e1 puesto en la fabricaci\u00f3n de los elementos de tracci\u00f3n y transmisi\u00f3n","og:url":"https:\/\/www.eldigitaldeasturias.com\/noticias\/daimler-retoma-la-produccion-en-sus-fabricas-en-alemania\/","og:image":"https:\/\/www.eldigitaldeasturias.com\/noticias\/wp-content\/uploads\/2020\/04\/Daimler.jpg","og:image:secure_url":"https:\/\/www.eldigitaldeasturias.com\/noticias\/wp-content\/uploads\/2020\/04\/Daimler.jpg","og:image:width":869,"og:image:height":647,"article:tag":["negocios y empresas"],"article:published_time":"2020-04-18T23:56:55+00:00","article:modified_time":"2020-04-18T23:56:55+00:00","article:publisher":"https:\/\/facebook.com\/eldigitaldeasturias","twitter:card":"summary_large_image","twitter:title":"Daimler retoma la producci\u00f3n en sus f\u00e1bricas en Alemania - El Digital de Asturias","twitter:description":"Stuttgart (Alemania), 18 abr (dpa) - La automotriz Daimler reiniciar\u00e1 el lunes la producci\u00f3n en sus plantas fabriles en Alemania, despu\u00e9s de cuatro semanas de suspensi\u00f3n por la pandemia del coronavirus, seg\u00fan inform\u00f3 hoy la direcci\u00f3n de la empresa en Stuttgart. El foco estar\u00e1 puesto en la fabricaci\u00f3n de los elementos de tracci\u00f3n y transmisi\u00f3n","twitter:image":"https:\/\/www.eldigitaldeasturias.com\/noticias\/wp-content\/uploads\/2020\/04\/Daimler.jpg","twitter:label1":"Escrito por","twitter:data1":"El Digital de Asturias","twitter:label2":"Tiempo de lectura estimado","twitter:data2":"2 minutos"},"aioseo_meta_data":{"post_id":"1063583","title":null,"description":null,"keywords":null,"keyphrases":null,"primary_term":null,"canonical_url":null,"og_title":null,"og_description":null,"og_object_type":"default","og_image_type":"default","og_image_url":null,"og_image_width":null,"og_image_height":null,"og_image_custom_url":null,"og_image_custom_fields":null,"og_video":null,"og_custom_url":null,"og_article_section":null,"og_article_tags":null,"twitter_use_og":false,"twitter_card":"default","twitter_image_type":"default","twitter_image_url":null,"twitter_image_custom_url":null,"twitter_image_custom_fields":null,"twitter_title":null,"twitter_description":null,"schema":{"blockGraphs":[],"customGraphs":[],"default":{"data":{"Article":[],"Course":[],"Dataset":[],"FAQPage":[],"Movie":[],"Person":[],"Product":[],"ProductReview":[],"Car":[],"Recipe":[],"Service":[],"SoftwareApplication":[],"WebPage":[]},"graphName":"","isEnabled":true},"graphs":[],"defaultGraph":"","defaultPostTypeGraph":""},"schema_type":null,"schema_type_options":null,"pillar_content":false,"robots_default":true,"robots_noindex":false,"robots_noarchive":false,"robots_nosnippet":false,"robots_nofollow":false,"robots_noimageindex":false,"robots_noodp":false,"robots_notranslate":false,"robots_max_snippet":null,"robots_max_videopreview":null,"robots_max_imagepreview":"large","priority":null,"frequency":null,"local_seo":null,"seo_analyzer_scan_date":"2025-09-12 06:43:53","breadcrumb_settings":null,"limit_modified_date":false,"open_ai":null,"ai":null,"created":"2020-12-21 10:52:16","updated":"2025-09-12 06:43:53"},"aioseo_breadcrumb":"<div class=\"aioseo-breadcrumbs\"><span class=\"aioseo-breadcrumb\">\n\t<a href=\"https:\/\/www.eldigitaldeasturias.com\/noticias\" title=\"Home\">Home<\/a>\n<\/span><span class=\"aioseo-breadcrumb-separator\">\u2013<\/span><span class=\"aioseo-breadcrumb\">\n\t<a href=\"https:\/\/www.eldigitaldeasturias.com\/noticias\/category\/negocios-y-empresas\/\" title=\"Negocios y Empresas\">Negocios y Empresas<\/a>\n<\/span><span class=\"aioseo-breadcrumb-separator\">\u2013<\/span><span class=\"aioseo-breadcrumb\">\n\t<a href=\"https:\/\/www.eldigitaldeasturias.com\/noticias\/daimler-retoma-la-produccion-en-sus-fabricas-en-alemania\/\" title=\"Daimler retoma la producci\u00f3n en sus f\u00e1bricas en Alemania\">Daimler retoma la producci\u00f3n en sus f\u00e1bricas en Alemania<\/a>\n<\/span><\/div>","aioseo_breadcrumb_json":[{"label":"Home","link":"https:\/\/www.eldigitaldeasturias.com\/noticias"},{"label":"Negocios y Empresas","link":"https:\/\/www.eldigitaldeasturias.com\/noticias\/category\/negocios-y-empresas\/"},{"label":"Daimler retoma la producci\u00f3n en sus f\u00e1bricas en Alemania","link":"https:\/\/www.eldigitaldeasturias.com\/noticias\/daimler-retoma-la-produccion-en-sus-fabricas-en-alemania\/"}],"_links":{"self":[{"href":"https:\/\/www.eldigitaldeasturias.com\/noticias\/wp-json\/wp\/v2\/posts\/1063583","targetHints":{"allow":["GET"]}}],"collection":[{"href":"https:\/\/www.eldigitaldeasturias.com\/noticias\/wp-json\/wp\/v2\/posts"}],"about":[{"href":"https:\/\/www.eldigitaldeasturias.com\/noticias\/wp-json\/wp\/v2\/types\/post"}],"author":[{"embeddable":true,"href":"https:\/\/www.eldigitaldeasturias.com\/noticias\/wp-json\/wp\/v2\/users\/1"}],"replies":[{"embeddable":true,"href":"https:\/\/www.eldigitaldeasturias.com\/noticias\/wp-json\/wp\/v2\/comments?post=1063583"}],"version-history":[{"count":0,"href":"https:\/\/www.eldigitaldeasturias.com\/noticias\/wp-json\/wp\/v2\/posts\/1063583\/revisions"}],"wp:featuredmedia":[{"embeddable":true,"href":"https:\/\/www.eldigitaldeasturias.com\/noticias\/wp-json\/wp\/v2\/media\/1063584"}],"wp:attachment":[{"href":"https:\/\/www.eldigitaldeasturias.com\/noticias\/wp-json\/wp\/v2\/media?parent=1063583"}],"wp:term":[{"taxonomy":"category","embeddable":true,"href":"https:\/\/www.eldigitaldeasturias.com\/noticias\/wp-json\/wp\/v2\/categories?post=1063583"},{"taxonomy":"post_tag","embeddable":true,"href":"https:\/\/www.eldigitaldeasturias.com\/noticias\/wp-json\/wp\/v2\/tags?post=1063583"}],"curies":[{"name":"wp","href":"https:\/\/api.w.org\/{rel}","templated":true}]}}