{"id":1063502,"date":"2020-04-17T22:30:08","date_gmt":"2020-04-17T22:30:08","guid":{"rendered":"https:\/\/www.eldigitaldeasturias.com\/noticias\/?p=1063502"},"modified":"2020-04-17T22:30:27","modified_gmt":"2020-04-17T22:30:27","slug":"la-espana-verde-apostara-por-el-mercado-nacional","status":"publish","type":"post","link":"https:\/\/www.eldigitaldeasturias.com\/noticias\/la-espana-verde-apostara-por-el-mercado-nacional\/","title":{"rendered":"La \u201cEspa\u00f1a Verde\u201d apostar\u00e1 por el mercado nacional"},"content":{"rendered":"<p><img loading=\"lazy\" decoding=\"async\" class=\"alignleft size-medium wp-image-845586\" src=\"https:\/\/www.eldigitaldeasturias.com\/noticias\/wp-content\/uploads\/2016\/01\/camino-360x270.jpg\" alt=\"\" width=\"360\" height=\"270\" srcset=\"https:\/\/www.eldigitaldeasturias.com\/noticias\/wp-content\/uploads\/2016\/01\/camino-360x270.jpg 360w, https:\/\/www.eldigitaldeasturias.com\/noticias\/wp-content\/uploads\/2016\/01\/camino-768x576.jpg 768w, https:\/\/www.eldigitaldeasturias.com\/noticias\/wp-content\/uploads\/2016\/01\/camino-650x488.jpg 650w, https:\/\/www.eldigitaldeasturias.com\/noticias\/wp-content\/uploads\/2016\/01\/camino-125x95.jpg 125w, https:\/\/www.eldigitaldeasturias.com\/noticias\/wp-content\/uploads\/2016\/01\/camino-100x75.jpg 100w, https:\/\/www.eldigitaldeasturias.com\/noticias\/wp-content\/uploads\/2016\/01\/camino.jpg 800w\" sizes=\"auto, (max-width: 360px) 100vw, 360px\" \/>La viceconsejera de Turismo, <strong>Graciela Blanco<\/strong>, ha mantenido una reuni\u00f3n por videoconferencia con los <strong>responsables de Turismo de Galicia, Cantabria y Euskadi<\/strong>, as\u00ed como con un representante de <strong>Turespa\u00f1a<\/strong>, para analizar el impacto de la crisis sanitaria en los diferentes territorios y articular las posibles v\u00edas de colaboraci\u00f3n bajo la marca Espa\u00f1a Verde.<\/p>\n<p>En la reuni\u00f3n se han abordado las diferentes medidas adoptadas por las cuatro comunidades en colaboraci\u00f3n con el sector y se han puesto de manifiesto las <strong>oportunidades que ofrece esta marca tur\u00edstica<\/strong> para trabajar juntos e impulsar el sector en estos territorios.<\/p>\n<p>En este sentido se ha <strong>acordado por unanimidad suspender la promoci\u00f3n internacional<\/strong> hasta el fin de la emergencia sanitaria y centrar todos los esfuerzos en posicionar la marca en el mercado nacional con <strong>campa\u00f1as en redes sociales a trav\u00e9s de v\u00eddeos promocionales<\/strong> y de un nuevo himno, compuesto por el m\u00fasico Antonio Garamendi.<\/p>\n<p>Graciela Blanco ha afirmado que estos acuerdos suponen<strong> \u201cuna completa redefinici\u00f3n de los objetivos y acciones en el marco de la Espa\u00f1a Verde para el presente ejercicio\u00bb<\/strong>. Ha destacado tambi\u00e9n que \u00abes fundamental seguir reforzando la imagen de turismo de calidad, sin masificaciones y con la naturaleza como uno de sus principales recursos. Esta imagen, que tiene en Asturias uno de sus mejores exponentes, debe ser una de nuestras grandes aliadas para afrontar el contexto actual\u00bb.<\/p>\n<p>La marca Espa\u00f1a Verde, <strong>que celebr\u00f3 su 30 aniversario en 2019<\/strong>, ha estado centrada desde sus inicios en la promoci\u00f3n internacional. Ahora, el grupo de trabajo reunido hoy apuesta por reorientarla al mercado nacional, para contribuir a la recuperaci\u00f3n del sector tur\u00edstico del norte peninsular, especialmente de cara al verano y al final de a\u00f1o potenciando, adem\u00e1s, las fortalezas de la marca: la naturaleza, la gastronom\u00eda, el turismo rural, el Camino de Santiago y la seguridad.<\/p>\n<p>&nbsp;<\/p>\n<p>&nbsp;<\/p>\n","protected":false},"excerpt":{"rendered":"<p>La viceconsejera de Turismo, Graciela Blanco, ha mantenido una reuni\u00f3n por videoconferencia con los responsables de Turismo de Galicia, Cantabria y Euskadi, as\u00ed como con un representante de Turespa\u00f1a, para analizar el impacto de la crisis sanitaria en los diferentes territorios y articular las posibles v\u00edas de colaboraci\u00f3n bajo la marca Espa\u00f1a Verde. En la [&hellip;]<\/p>\n","protected":false},"author":1,"featured_media":845586,"comment_status":"closed","ping_status":"closed","sticky":false,"template":"","format":"standard","meta":{"footnotes":""},"categories":[141,148],"tags":[],"class_list":["post-1063502","post","type-post","status-publish","format-standard","has-post-thumbnail","hentry","category-destacadas","category-turismo"],"aioseo_notices":[],"aioseo_head":"\n\t\t<!-- All in One SEO Pro 4.9.6.2 - aioseo.com -->\n\t<meta name=\"description\" content=\"Asturias, Galicia, Cantabria y Pa\u00eds Vasco suspenden la promoci\u00f3n internacional.\" \/>\n\t<meta name=\"robots\" content=\"max-image-preview:large\" \/>\n\t<meta name=\"author\" content=\"El Digital de Asturias\"\/>\n\t<meta name=\"google-site-verification\" content=\"UA-38556648-1\" \/>\n\t<meta name=\"msvalidate.01\" content=\"7dfe9f3f1b24437ab69f4f2559babe99\" \/>\n\t<meta name=\"keywords\" content=\"destacadas,turismo\" \/>\n\t<link rel=\"canonical\" href=\"https:\/\/www.eldigitaldeasturias.com\/noticias\/la-espana-verde-apostara-por-el-mercado-nacional\/\" \/>\n\t<meta name=\"generator\" content=\"All in One SEO Pro (AIOSEO) 4.9.6.2\" \/>\n\t\t<meta property=\"og:locale\" content=\"es_ES\" \/>\n\t\t<meta property=\"og:site_name\" content=\"El Digital de Asturias\" \/>\n\t\t<meta property=\"og:type\" content=\"article\" \/>\n\t\t<meta property=\"og:title\" content=\"La \u201cEspa\u00f1a Verde\u201d apostar\u00e1 por el mercado nacional - El Digital de Asturias\" \/>\n\t\t<meta property=\"og:description\" content=\"Asturias, Galicia, Cantabria y Pa\u00eds Vasco suspenden la promoci\u00f3n internacional.\" \/>\n\t\t<meta property=\"og:url\" content=\"https:\/\/www.eldigitaldeasturias.com\/noticias\/la-espana-verde-apostara-por-el-mercado-nacional\/\" \/>\n\t\t<meta property=\"og:image\" content=\"https:\/\/www.eldigitaldeasturias.com\/noticias\/wp-content\/uploads\/2016\/01\/camino.jpg\" \/>\n\t\t<meta property=\"og:image:secure_url\" content=\"https:\/\/www.eldigitaldeasturias.com\/noticias\/wp-content\/uploads\/2016\/01\/camino.jpg\" \/>\n\t\t<meta property=\"og:image:width\" content=\"800\" \/>\n\t\t<meta property=\"og:image:height\" content=\"600\" \/>\n\t\t<meta property=\"article:tag\" content=\"destacadas\" \/>\n\t\t<meta property=\"article:tag\" content=\"turismo\" \/>\n\t\t<meta property=\"article:published_time\" content=\"2020-04-17T22:30:08+00:00\" \/>\n\t\t<meta property=\"article:modified_time\" content=\"2020-04-17T22:30:27+00:00\" \/>\n\t\t<meta property=\"article:publisher\" content=\"https:\/\/facebook.com\/eldigitaldeasturias\" \/>\n\t\t<meta name=\"twitter:card\" content=\"summary_large_image\" \/>\n\t\t<meta name=\"twitter:title\" content=\"La \u201cEspa\u00f1a Verde\u201d apostar\u00e1 por el mercado nacional - El Digital de Asturias\" \/>\n\t\t<meta name=\"twitter:description\" content=\"Asturias, Galicia, Cantabria y Pa\u00eds Vasco suspenden la promoci\u00f3n internacional.\" \/>\n\t\t<meta name=\"twitter:image\" content=\"https:\/\/www.eldigitaldeasturias.com\/noticias\/wp-content\/uploads\/2016\/01\/camino.jpg\" \/>\n\t\t<meta name=\"twitter:label1\" content=\"Escrito por\" \/>\n\t\t<meta name=\"twitter:data1\" content=\"El Digital de Asturias\" \/>\n\t\t<meta name=\"twitter:label2\" content=\"Tiempo de lectura estimado\" \/>\n\t\t<meta name=\"twitter:data2\" content=\"2 minutos\" \/>\n\t\t<script type=\"application\/ld+json\" class=\"aioseo-schema\">\n\t\t\t{\"@context\":\"https:\\\/\\\/schema.org\",\"@graph\":[{\"@type\":\"BlogPosting\",\"@id\":\"https:\\\/\\\/www.eldigitaldeasturias.com\\\/noticias\\\/la-espana-verde-apostara-por-el-mercado-nacional\\\/#blogposting\",\"name\":\"La \\u201cEspa\\u00f1a Verde\\u201d apostar\\u00e1 por el mercado nacional - El Digital de Asturias\",\"headline\":\"La \\u201cEspa\\u00f1a Verde\\u201d apostar\\u00e1 por el mercado nacional\",\"author\":{\"@id\":\"https:\\\/\\\/www.eldigitaldeasturias.com\\\/noticias\\\/author\\\/admin\\\/#author\"},\"publisher\":{\"@id\":\"https:\\\/\\\/www.eldigitaldeasturias.com\\\/noticias\\\/#organization\"},\"image\":{\"@type\":\"ImageObject\",\"url\":\"https:\\\/\\\/www.eldigitaldeasturias.com\\\/noticias\\\/wp-content\\\/uploads\\\/2016\\\/01\\\/camino.jpg\",\"width\":800,\"height\":600},\"datePublished\":\"2020-04-17T22:30:08+02:00\",\"dateModified\":\"2020-04-17T22:30:27+02:00\",\"inLanguage\":\"es-ES\",\"mainEntityOfPage\":{\"@id\":\"https:\\\/\\\/www.eldigitaldeasturias.com\\\/noticias\\\/la-espana-verde-apostara-por-el-mercado-nacional\\\/#webpage\"},\"isPartOf\":{\"@id\":\"https:\\\/\\\/www.eldigitaldeasturias.com\\\/noticias\\\/la-espana-verde-apostara-por-el-mercado-nacional\\\/#webpage\"},\"articleSection\":\"Destacadas, Turismo\"},{\"@type\":\"BreadcrumbList\",\"@id\":\"https:\\\/\\\/www.eldigitaldeasturias.com\\\/noticias\\\/la-espana-verde-apostara-por-el-mercado-nacional\\\/#breadcrumblist\",\"itemListElement\":[{\"@type\":\"ListItem\",\"@id\":\"https:\\\/\\\/www.eldigitaldeasturias.com\\\/noticias#listItem\",\"position\":1,\"name\":\"Home\",\"item\":\"https:\\\/\\\/www.eldigitaldeasturias.com\\\/noticias\",\"nextItem\":{\"@type\":\"ListItem\",\"@id\":\"https:\\\/\\\/www.eldigitaldeasturias.com\\\/noticias\\\/category\\\/destacadas\\\/#listItem\",\"name\":\"Destacadas\"}},{\"@type\":\"ListItem\",\"@id\":\"https:\\\/\\\/www.eldigitaldeasturias.com\\\/noticias\\\/category\\\/destacadas\\\/#listItem\",\"position\":2,\"name\":\"Destacadas\",\"item\":\"https:\\\/\\\/www.eldigitaldeasturias.com\\\/noticias\\\/category\\\/destacadas\\\/\",\"nextItem\":{\"@type\":\"ListItem\",\"@id\":\"https:\\\/\\\/www.eldigitaldeasturias.com\\\/noticias\\\/la-espana-verde-apostara-por-el-mercado-nacional\\\/#listItem\",\"name\":\"La \\u201cEspa\\u00f1a Verde\\u201d apostar\\u00e1 por el mercado nacional\"},\"previousItem\":{\"@type\":\"ListItem\",\"@id\":\"https:\\\/\\\/www.eldigitaldeasturias.com\\\/noticias#listItem\",\"name\":\"Home\"}},{\"@type\":\"ListItem\",\"@id\":\"https:\\\/\\\/www.eldigitaldeasturias.com\\\/noticias\\\/la-espana-verde-apostara-por-el-mercado-nacional\\\/#listItem\",\"position\":3,\"name\":\"La \\u201cEspa\\u00f1a Verde\\u201d apostar\\u00e1 por el mercado nacional\",\"previousItem\":{\"@type\":\"ListItem\",\"@id\":\"https:\\\/\\\/www.eldigitaldeasturias.com\\\/noticias\\\/category\\\/destacadas\\\/#listItem\",\"name\":\"Destacadas\"}}]},{\"@type\":\"Organization\",\"@id\":\"https:\\\/\\\/www.eldigitaldeasturias.com\\\/noticias\\\/#organization\",\"name\":\"El Digital de Asturias\",\"description\":\"Hemeroteca\",\"url\":\"https:\\\/\\\/www.eldigitaldeasturias.com\\\/noticias\\\/\",\"email\":\"info@eldigitaldeasturias.com\",\"telephone\":\"+34652131393\",\"logo\":{\"@type\":\"ImageObject\",\"url\":\"https:\\\/\\\/www.eldigitaldeasturias.com\\\/noticias\\\/wp-content\\\/uploads\\\/2020\\\/12\\\/EDA.jpg\",\"@id\":\"https:\\\/\\\/www.eldigitaldeasturias.com\\\/noticias\\\/la-espana-verde-apostara-por-el-mercado-nacional\\\/#organizationLogo\",\"width\":649,\"height\":297},\"image\":{\"@id\":\"https:\\\/\\\/www.eldigitaldeasturias.com\\\/noticias\\\/la-espana-verde-apostara-por-el-mercado-nacional\\\/#organizationLogo\"},\"sameAs\":[\"https:\\\/\\\/facebook.com\\\/eldigitaldeasturias\",\"https:\\\/\\\/www.youtube.com\\\/channel\\\/UCZP-2wLEB9Rv6erhFmqVnvg\"],\"address\":{\"@id\":\"https:\\\/\\\/www.eldigitaldeasturias.com\\\/noticias\\\/#postaladdress\",\"@type\":\"PostalAddress\",\"streetAddress\":\"san antonio 4,\",\"postalCode\":\"33430\",\"addressLocality\":\"Cand\\u00e1s\",\"addressRegion\":\"Asturias\",\"addressCountry\":\"ES\"}},{\"@type\":\"Person\",\"@id\":\"https:\\\/\\\/www.eldigitaldeasturias.com\\\/noticias\\\/author\\\/admin\\\/#author\",\"url\":\"https:\\\/\\\/www.eldigitaldeasturias.com\\\/noticias\\\/author\\\/admin\\\/\",\"name\":\"El Digital de Asturias\",\"image\":{\"@type\":\"ImageObject\",\"@id\":\"https:\\\/\\\/www.eldigitaldeasturias.com\\\/noticias\\\/la-espana-verde-apostara-por-el-mercado-nacional\\\/#authorImage\",\"url\":\"https:\\\/\\\/www.eldigitaldeasturias.com\\\/noticias\\\/wp-content\\\/litespeed\\\/avatar\\\/18677e78aa0546b92d9dbf31ec7d7668.jpg?ver=1776685526\",\"width\":96,\"height\":96,\"caption\":\"El Digital de Asturias\"}},{\"@type\":\"WebPage\",\"@id\":\"https:\\\/\\\/www.eldigitaldeasturias.com\\\/noticias\\\/la-espana-verde-apostara-por-el-mercado-nacional\\\/#webpage\",\"url\":\"https:\\\/\\\/www.eldigitaldeasturias.com\\\/noticias\\\/la-espana-verde-apostara-por-el-mercado-nacional\\\/\",\"name\":\"La \\u201cEspa\\u00f1a Verde\\u201d apostar\\u00e1 por el mercado nacional - El Digital de Asturias\",\"description\":\"Asturias, Galicia, Cantabria y Pa\\u00eds Vasco suspenden la promoci\\u00f3n internacional.\",\"inLanguage\":\"es-ES\",\"isPartOf\":{\"@id\":\"https:\\\/\\\/www.eldigitaldeasturias.com\\\/noticias\\\/#website\"},\"breadcrumb\":{\"@id\":\"https:\\\/\\\/www.eldigitaldeasturias.com\\\/noticias\\\/la-espana-verde-apostara-por-el-mercado-nacional\\\/#breadcrumblist\"},\"author\":{\"@id\":\"https:\\\/\\\/www.eldigitaldeasturias.com\\\/noticias\\\/author\\\/admin\\\/#author\"},\"creator\":{\"@id\":\"https:\\\/\\\/www.eldigitaldeasturias.com\\\/noticias\\\/author\\\/admin\\\/#author\"},\"image\":{\"@type\":\"ImageObject\",\"url\":\"https:\\\/\\\/www.eldigitaldeasturias.com\\\/noticias\\\/wp-content\\\/uploads\\\/2016\\\/01\\\/camino.jpg\",\"@id\":\"https:\\\/\\\/www.eldigitaldeasturias.com\\\/noticias\\\/la-espana-verde-apostara-por-el-mercado-nacional\\\/#mainImage\",\"width\":800,\"height\":600},\"primaryImageOfPage\":{\"@id\":\"https:\\\/\\\/www.eldigitaldeasturias.com\\\/noticias\\\/la-espana-verde-apostara-por-el-mercado-nacional\\\/#mainImage\"},\"datePublished\":\"2020-04-17T22:30:08+02:00\",\"dateModified\":\"2020-04-17T22:30:27+02:00\"},{\"@type\":\"WebSite\",\"@id\":\"https:\\\/\\\/www.eldigitaldeasturias.com\\\/noticias\\\/#website\",\"url\":\"https:\\\/\\\/www.eldigitaldeasturias.com\\\/noticias\\\/\",\"name\":\"El Digital de Asturias - Diario de actualidad y noticias\",\"alternateName\":\"El Digital de Asturias - Diario de actualidad y noticias\",\"description\":\"Hemeroteca\",\"inLanguage\":\"es-ES\",\"publisher\":{\"@id\":\"https:\\\/\\\/www.eldigitaldeasturias.com\\\/noticias\\\/#organization\"}}]}\n\t\t<\/script>\n\t\t<!-- All in One SEO Pro -->\r\n\t\t<title>La \u201cEspa\u00f1a Verde\u201d apostar\u00e1 por el mercado nacional - El Digital de Asturias<\/title>\n\n","aioseo_head_json":{"title":"La \u201cEspa\u00f1a Verde\u201d apostar\u00e1 por el mercado nacional - El Digital de Asturias","description":"Asturias, Galicia, Cantabria y Pa\u00eds Vasco suspenden la promoci\u00f3n internacional.","canonical_url":"https:\/\/www.eldigitaldeasturias.com\/noticias\/la-espana-verde-apostara-por-el-mercado-nacional\/","robots":"max-image-preview:large","keywords":"destacadas,turismo","webmasterTools":{"google-site-verification":"UA-38556648-1","msvalidate.01":"7dfe9f3f1b24437ab69f4f2559babe99","miscellaneous":""},"schema":{"@context":"https:\/\/schema.org","@graph":[{"@type":"BlogPosting","@id":"https:\/\/www.eldigitaldeasturias.com\/noticias\/la-espana-verde-apostara-por-el-mercado-nacional\/#blogposting","name":"La \u201cEspa\u00f1a Verde\u201d apostar\u00e1 por el mercado nacional - El Digital de Asturias","headline":"La \u201cEspa\u00f1a Verde\u201d apostar\u00e1 por el mercado nacional","author":{"@id":"https:\/\/www.eldigitaldeasturias.com\/noticias\/author\/admin\/#author"},"publisher":{"@id":"https:\/\/www.eldigitaldeasturias.com\/noticias\/#organization"},"image":{"@type":"ImageObject","url":"https:\/\/www.eldigitaldeasturias.com\/noticias\/wp-content\/uploads\/2016\/01\/camino.jpg","width":800,"height":600},"datePublished":"2020-04-17T22:30:08+02:00","dateModified":"2020-04-17T22:30:27+02:00","inLanguage":"es-ES","mainEntityOfPage":{"@id":"https:\/\/www.eldigitaldeasturias.com\/noticias\/la-espana-verde-apostara-por-el-mercado-nacional\/#webpage"},"isPartOf":{"@id":"https:\/\/www.eldigitaldeasturias.com\/noticias\/la-espana-verde-apostara-por-el-mercado-nacional\/#webpage"},"articleSection":"Destacadas, Turismo"},{"@type":"BreadcrumbList","@id":"https:\/\/www.eldigitaldeasturias.com\/noticias\/la-espana-verde-apostara-por-el-mercado-nacional\/#breadcrumblist","itemListElement":[{"@type":"ListItem","@id":"https:\/\/www.eldigitaldeasturias.com\/noticias#listItem","position":1,"name":"Home","item":"https:\/\/www.eldigitaldeasturias.com\/noticias","nextItem":{"@type":"ListItem","@id":"https:\/\/www.eldigitaldeasturias.com\/noticias\/category\/destacadas\/#listItem","name":"Destacadas"}},{"@type":"ListItem","@id":"https:\/\/www.eldigitaldeasturias.com\/noticias\/category\/destacadas\/#listItem","position":2,"name":"Destacadas","item":"https:\/\/www.eldigitaldeasturias.com\/noticias\/category\/destacadas\/","nextItem":{"@type":"ListItem","@id":"https:\/\/www.eldigitaldeasturias.com\/noticias\/la-espana-verde-apostara-por-el-mercado-nacional\/#listItem","name":"La \u201cEspa\u00f1a Verde\u201d apostar\u00e1 por el mercado nacional"},"previousItem":{"@type":"ListItem","@id":"https:\/\/www.eldigitaldeasturias.com\/noticias#listItem","name":"Home"}},{"@type":"ListItem","@id":"https:\/\/www.eldigitaldeasturias.com\/noticias\/la-espana-verde-apostara-por-el-mercado-nacional\/#listItem","position":3,"name":"La \u201cEspa\u00f1a Verde\u201d apostar\u00e1 por el mercado nacional","previousItem":{"@type":"ListItem","@id":"https:\/\/www.eldigitaldeasturias.com\/noticias\/category\/destacadas\/#listItem","name":"Destacadas"}}]},{"@type":"Organization","@id":"https:\/\/www.eldigitaldeasturias.com\/noticias\/#organization","name":"El Digital de Asturias","description":"Hemeroteca","url":"https:\/\/www.eldigitaldeasturias.com\/noticias\/","email":"info@eldigitaldeasturias.com","telephone":"+34652131393","logo":{"@type":"ImageObject","url":"https:\/\/www.eldigitaldeasturias.com\/noticias\/wp-content\/uploads\/2020\/12\/EDA.jpg","@id":"https:\/\/www.eldigitaldeasturias.com\/noticias\/la-espana-verde-apostara-por-el-mercado-nacional\/#organizationLogo","width":649,"height":297},"image":{"@id":"https:\/\/www.eldigitaldeasturias.com\/noticias\/la-espana-verde-apostara-por-el-mercado-nacional\/#organizationLogo"},"sameAs":["https:\/\/facebook.com\/eldigitaldeasturias","https:\/\/www.youtube.com\/channel\/UCZP-2wLEB9Rv6erhFmqVnvg"],"address":{"@id":"https:\/\/www.eldigitaldeasturias.com\/noticias\/#postaladdress","@type":"PostalAddress","streetAddress":"san antonio 4,","postalCode":"33430","addressLocality":"Cand\u00e1s","addressRegion":"Asturias","addressCountry":"ES"}},{"@type":"Person","@id":"https:\/\/www.eldigitaldeasturias.com\/noticias\/author\/admin\/#author","url":"https:\/\/www.eldigitaldeasturias.com\/noticias\/author\/admin\/","name":"El Digital de Asturias","image":{"@type":"ImageObject","@id":"https:\/\/www.eldigitaldeasturias.com\/noticias\/la-espana-verde-apostara-por-el-mercado-nacional\/#authorImage","url":"https:\/\/www.eldigitaldeasturias.com\/noticias\/wp-content\/litespeed\/avatar\/18677e78aa0546b92d9dbf31ec7d7668.jpg?ver=1776685526","width":96,"height":96,"caption":"El Digital de Asturias"}},{"@type":"WebPage","@id":"https:\/\/www.eldigitaldeasturias.com\/noticias\/la-espana-verde-apostara-por-el-mercado-nacional\/#webpage","url":"https:\/\/www.eldigitaldeasturias.com\/noticias\/la-espana-verde-apostara-por-el-mercado-nacional\/","name":"La \u201cEspa\u00f1a Verde\u201d apostar\u00e1 por el mercado nacional - El Digital de Asturias","description":"Asturias, Galicia, Cantabria y Pa\u00eds Vasco suspenden la promoci\u00f3n internacional.","inLanguage":"es-ES","isPartOf":{"@id":"https:\/\/www.eldigitaldeasturias.com\/noticias\/#website"},"breadcrumb":{"@id":"https:\/\/www.eldigitaldeasturias.com\/noticias\/la-espana-verde-apostara-por-el-mercado-nacional\/#breadcrumblist"},"author":{"@id":"https:\/\/www.eldigitaldeasturias.com\/noticias\/author\/admin\/#author"},"creator":{"@id":"https:\/\/www.eldigitaldeasturias.com\/noticias\/author\/admin\/#author"},"image":{"@type":"ImageObject","url":"https:\/\/www.eldigitaldeasturias.com\/noticias\/wp-content\/uploads\/2016\/01\/camino.jpg","@id":"https:\/\/www.eldigitaldeasturias.com\/noticias\/la-espana-verde-apostara-por-el-mercado-nacional\/#mainImage","width":800,"height":600},"primaryImageOfPage":{"@id":"https:\/\/www.eldigitaldeasturias.com\/noticias\/la-espana-verde-apostara-por-el-mercado-nacional\/#mainImage"},"datePublished":"2020-04-17T22:30:08+02:00","dateModified":"2020-04-17T22:30:27+02:00"},{"@type":"WebSite","@id":"https:\/\/www.eldigitaldeasturias.com\/noticias\/#website","url":"https:\/\/www.eldigitaldeasturias.com\/noticias\/","name":"El Digital de Asturias - Diario de actualidad y noticias","alternateName":"El Digital de Asturias - Diario de actualidad y noticias","description":"Hemeroteca","inLanguage":"es-ES","publisher":{"@id":"https:\/\/www.eldigitaldeasturias.com\/noticias\/#organization"}}]},"og:locale":"es_ES","og:site_name":"El Digital de Asturias","og:type":"article","og:title":"La \u201cEspa\u00f1a Verde\u201d apostar\u00e1 por el mercado nacional - El Digital de Asturias","og:description":"Asturias, Galicia, Cantabria y Pa\u00eds Vasco suspenden la promoci\u00f3n internacional.","og:url":"https:\/\/www.eldigitaldeasturias.com\/noticias\/la-espana-verde-apostara-por-el-mercado-nacional\/","og:image":"https:\/\/www.eldigitaldeasturias.com\/noticias\/wp-content\/uploads\/2016\/01\/camino.jpg","og:image:secure_url":"https:\/\/www.eldigitaldeasturias.com\/noticias\/wp-content\/uploads\/2016\/01\/camino.jpg","og:image:width":800,"og:image:height":600,"article:tag":["destacadas","turismo"],"article:published_time":"2020-04-17T22:30:08+00:00","article:modified_time":"2020-04-17T22:30:27+00:00","article:publisher":"https:\/\/facebook.com\/eldigitaldeasturias","twitter:card":"summary_large_image","twitter:title":"La \u201cEspa\u00f1a Verde\u201d apostar\u00e1 por el mercado nacional - El Digital de Asturias","twitter:description":"Asturias, Galicia, Cantabria y Pa\u00eds Vasco suspenden la promoci\u00f3n internacional.","twitter:image":"https:\/\/www.eldigitaldeasturias.com\/noticias\/wp-content\/uploads\/2016\/01\/camino.jpg","twitter:label1":"Escrito por","twitter:data1":"El Digital de Asturias","twitter:label2":"Tiempo de lectura estimado","twitter:data2":"2 minutos"},"aioseo_meta_data":{"post_id":"1063502","title":null,"description":"Asturias, Galicia, Cantabria y Pa\u00eds Vasco suspenden la promoci\u00f3n internacional.","keywords":null,"keyphrases":null,"primary_term":null,"canonical_url":null,"og_title":null,"og_description":null,"og_object_type":"default","og_image_type":"default","og_image_url":null,"og_image_width":null,"og_image_height":null,"og_image_custom_url":null,"og_image_custom_fields":null,"og_video":null,"og_custom_url":null,"og_article_section":null,"og_article_tags":null,"twitter_use_og":false,"twitter_card":"default","twitter_image_type":"default","twitter_image_url":null,"twitter_image_custom_url":null,"twitter_image_custom_fields":null,"twitter_title":null,"twitter_description":null,"schema":{"blockGraphs":[],"customGraphs":[],"default":{"data":{"Article":[],"Course":[],"Dataset":[],"FAQPage":[],"Movie":[],"Person":[],"Product":[],"ProductReview":[],"Car":[],"Recipe":[],"Service":[],"SoftwareApplication":[],"WebPage":[]},"graphName":"","isEnabled":true},"graphs":[],"defaultGraph":"","defaultPostTypeGraph":""},"schema_type":null,"schema_type_options":null,"pillar_content":false,"robots_default":true,"robots_noindex":false,"robots_noarchive":false,"robots_nosnippet":false,"robots_nofollow":false,"robots_noimageindex":false,"robots_noodp":false,"robots_notranslate":false,"robots_max_snippet":null,"robots_max_videopreview":null,"robots_max_imagepreview":"large","priority":null,"frequency":null,"local_seo":null,"seo_analyzer_scan_date":"2025-09-12 06:28:48","breadcrumb_settings":null,"limit_modified_date":false,"open_ai":null,"ai":null,"created":"2020-12-21 10:36:47","updated":"2025-09-12 06:28:48"},"aioseo_breadcrumb":"<div class=\"aioseo-breadcrumbs\"><span class=\"aioseo-breadcrumb\">\n\t<a href=\"https:\/\/www.eldigitaldeasturias.com\/noticias\" title=\"Home\">Home<\/a>\n<\/span><span class=\"aioseo-breadcrumb-separator\">\u2013<\/span><span class=\"aioseo-breadcrumb\">\n\t<a href=\"https:\/\/www.eldigitaldeasturias.com\/noticias\/category\/destacadas\/\" title=\"Destacadas\">Destacadas<\/a>\n<\/span><span class=\"aioseo-breadcrumb-separator\">\u2013<\/span><span class=\"aioseo-breadcrumb\">\n\t<a href=\"https:\/\/www.eldigitaldeasturias.com\/noticias\/la-espana-verde-apostara-por-el-mercado-nacional\/\" title=\"La \u201cEspa\u00f1a Verde\u201d apostar\u00e1 por el mercado nacional\">La \u201cEspa\u00f1a Verde\u201d apostar\u00e1 por el mercado nacional<\/a>\n<\/span><\/div>","aioseo_breadcrumb_json":[{"label":"Home","link":"https:\/\/www.eldigitaldeasturias.com\/noticias"},{"label":"Destacadas","link":"https:\/\/www.eldigitaldeasturias.com\/noticias\/category\/destacadas\/"},{"label":"La \u201cEspa\u00f1a Verde\u201d apostar\u00e1 por el mercado nacional","link":"https:\/\/www.eldigitaldeasturias.com\/noticias\/la-espana-verde-apostara-por-el-mercado-nacional\/"}],"_links":{"self":[{"href":"https:\/\/www.eldigitaldeasturias.com\/noticias\/wp-json\/wp\/v2\/posts\/1063502","targetHints":{"allow":["GET"]}}],"collection":[{"href":"https:\/\/www.eldigitaldeasturias.com\/noticias\/wp-json\/wp\/v2\/posts"}],"about":[{"href":"https:\/\/www.eldigitaldeasturias.com\/noticias\/wp-json\/wp\/v2\/types\/post"}],"author":[{"embeddable":true,"href":"https:\/\/www.eldigitaldeasturias.com\/noticias\/wp-json\/wp\/v2\/users\/1"}],"replies":[{"embeddable":true,"href":"https:\/\/www.eldigitaldeasturias.com\/noticias\/wp-json\/wp\/v2\/comments?post=1063502"}],"version-history":[{"count":0,"href":"https:\/\/www.eldigitaldeasturias.com\/noticias\/wp-json\/wp\/v2\/posts\/1063502\/revisions"}],"wp:featuredmedia":[{"embeddable":true,"href":"https:\/\/www.eldigitaldeasturias.com\/noticias\/wp-json\/wp\/v2\/media\/845586"}],"wp:attachment":[{"href":"https:\/\/www.eldigitaldeasturias.com\/noticias\/wp-json\/wp\/v2\/media?parent=1063502"}],"wp:term":[{"taxonomy":"category","embeddable":true,"href":"https:\/\/www.eldigitaldeasturias.com\/noticias\/wp-json\/wp\/v2\/categories?post=1063502"},{"taxonomy":"post_tag","embeddable":true,"href":"https:\/\/www.eldigitaldeasturias.com\/noticias\/wp-json\/wp\/v2\/tags?post=1063502"}],"curies":[{"name":"wp","href":"https:\/\/api.w.org\/{rel}","templated":true}]}}