{"id":1063460,"date":"2020-04-17T14:43:23","date_gmt":"2020-04-17T14:43:23","guid":{"rendered":"https:\/\/www.eldigitaldeasturias.com\/noticias\/?p=1063460"},"modified":"2020-04-17T14:43:23","modified_gmt":"2020-04-17T14:43:23","slug":"el-precio-de-la-vivienda-usada-baja-un-04-en-el-primer-trimestre","status":"publish","type":"post","link":"https:\/\/www.eldigitaldeasturias.com\/noticias\/el-precio-de-la-vivienda-usada-baja-un-04-en-el-primer-trimestre\/","title":{"rendered":"El precio de la vivienda usada baja un 0,4% en el primer trimestre"},"content":{"rendered":"<p>Seg\u00fan los datos del portal inmobiliario Hogaria.net del mes de Marzo, el precio de la vivienda usada en venta baj\u00f3 un 0,2% con respecto al mes de Febrero, el dato a nivel trimestral arroja un descenso del 0,4% y la variaci\u00f3n interanual sube un 2,9%. Durante el mes de Marzo 26 provincias subieron de precio con respecto al mes anterior.<strong>\u00a0<\/strong><\/p>\n<p><img loading=\"lazy\" decoding=\"async\" class=\"aligncenter wp-image-1063461 size-full\" src=\"https:\/\/www.eldigitaldeasturias.com\/noticias\/wp-content\/uploads\/2020\/04\/Hogaria-IP.jpg\" alt=\"\" width=\"512\" height=\"326\" srcset=\"https:\/\/www.eldigitaldeasturias.com\/noticias\/wp-content\/uploads\/2020\/04\/Hogaria-IP.jpg 512w, https:\/\/www.eldigitaldeasturias.com\/noticias\/wp-content\/uploads\/2020\/04\/Hogaria-IP-360x229.jpg 360w, https:\/\/www.eldigitaldeasturias.com\/noticias\/wp-content\/uploads\/2020\/04\/Hogaria-IP-471x300.jpg 471w\" sizes=\"auto, (max-width: 512px) 100vw, 512px\" \/><\/p>\n<p>En el informe del primer trimestre se confirma la tendencia a la moderaci\u00f3n de los precios, ya son 5 meses consecutivos de recortes y esto sin tener en cuenta el estado de alarma y la crisis generada por el COVID-19 ya que el impacto en los precios en este primer trimestre ha sido m\u00ednimo. La influencia de esta crisis la iremos viendo en los pr\u00f3ximos meses, la incertidumbre que se generar\u00e1 tras el periodo de confinamiento, propiciar\u00e1, muy probablemente, una bajada notable en el <span style=\"color: #ff6600;\"><strong><a style=\"color: #ff6600;\" href=\"https:\/\/www.hogaria.net\/indicador-inmobiliario.aspx\" target=\"_blank\" rel=\"noopener noreferrer\">precio de la vivienda de segunda mano<\/a><\/strong><\/span>.<\/p>\n<p>El portal inmobiliario Hogaria.net observa un nuevo descenso del precio de la vivienda usada en venta durante el mes de Marzo con respecto a Febrero. Se sit\u00faa el precio medio del metro cuadrado de la vivienda usada en venta en 1.734 Euros frente a los 1.736 Euros que termin\u00f3 Febrero.<\/p>\n<h3><strong>Ranking de las provincias m\u00e1s caras\/baratas para comprar vivienda en el mes de Marzo<\/strong><strong>\u00a0<\/strong><\/h3>\n<p>Islas Baleares (3.270\u20ac\/m2), Barcelona (3.117\u20ac\/m2) y Vizcaya (3.007\u20ac\/m2) siguen siendo las provincias m\u00e1s caras, les sigue Guip\u00fazcoa (2.968\u20ac\/m2) y Madrid (2.753\u20ac\/m2). Por el contrario, Le\u00f3n (1.146\u20ac\/m2), Ciudad Real (1.141\u20ac\/m2), Badajoz (1.189\u20ac\/m2), Palencia (1.197\u20ac\/m2) y C\u00e1ceres (1.232\u20ac\/m2) son las provincias donde el precio por metro cuadrado es m\u00e1s bajo.<\/p>\n<h3><strong>Provincias y capitales que m\u00e1s han bajado\/subido de precio durante el primer trimestre<\/strong><\/h3>\n<p>Las provincias Espa\u00f1olas en las que m\u00e1s descendi\u00f3 el precio de la vivienda durante el primer trimestre fueron: Cantabria (-1,9%), A Coru\u00f1a (-1,7%), Huelva (-1,6%), Zamora (-1,6%) y Palencia (-1,6%). Por el contrario, las provincias que m\u00e1s subieron de precio fueron: Sta. Cruz de Tenerife (1,7%), Granada (1,6%), Badajoz (1,2%), <span style=\"color: #ff6600;\"><strong><a style=\"color: #ff6600;\" href=\"https:\/\/www.hogaria.net\/venta-piso-murcia.aspx\" target=\"_blank\" rel=\"noopener noreferrer\">Murcia<\/a><\/strong><\/span> (1%) y Guadalajara (0,7%).<\/p>\n<p>Las capitales de provincia que m\u00e1s bajaron de precio durante el primer trimestre fueron: Guadalajara (-1,4%), Salamanca (-1,2%), Badajoz (-0,8%), Soria (-0,3%) y Cuenca (-0,3%). Por el contrario las capitales que m\u00e1s subieron de precio fueron: Sta. Cruz Tenerife (2,4%), A Coru\u00f1a (1,8%), M\u00e1laga (1%), Castell\u00f3n de la Plana (0,9%) y Sevilla (0,8%)<\/p>\n<h3><strong>\u00bfQu\u00e9 ha sucedido en las grandes Capitales durante el primer trimestre?<\/strong><\/h3>\n<p>Analizando los precios del primer trimestre en Madrid y Barcelona Capital, Madrid sube un 0,2% Mientras que Barcelona desciende un 0,2%. Se Sit\u00faa el precio medio por metro cuadrado en 3.694 Euros en Madrid y 3.656 Euros en Barcelona. Examinando por Distrito, en Madrid destacan Salamanca, Chamart\u00edn, Chamber\u00ed y Retiro con un precio medio por metro cuadrado de 5.203 Euros y en Barcelona: Eixample, Les Corts, Sarri\u00e0-Sant Gervasi y Ciutat Vella con un precio medio del metro cuadrado de 5.045 Euros.<\/p>\n<p>En dos de las capitales m\u00e1s importantes a nivel nacional como Sevilla (2.464 \u20ac\/m2) y Valencia (2.261 \u20ac\/m2). Las dos capitales suben de precio durante el primer trimestre, un 0,8% Sevilla y un 0,4% las <span style=\"color: #ff6600;\"><strong><a style=\"color: #ff6600;\" href=\"https:\/\/www.hogaria.net\/venta-casa-valencia.aspx\" target=\"_blank\" rel=\"noopener noreferrer\">casas en Valencia<\/a><\/strong><\/span>. Los distritos de Nervi\u00f3n, Los Remedios y Casco Antiguo son los m\u00e1s caros de Sevilla con un precio medio de 3.605 \u20ac\/m2 y en Valencia, Ciutat Vella, L\u2019 Example y Camins al Grau con un precio medio de 3.550 \u20ac\/m2.<\/p>\n<p>&nbsp;<\/p>\n","protected":false},"excerpt":{"rendered":"<p>Seg\u00fan los datos del portal inmobiliario Hogaria.net del mes de Marzo, el precio de la vivienda usada en venta baj\u00f3 un 0,2% con respecto al mes de Febrero, el dato a nivel trimestral arroja un descenso del 0,4% y la variaci\u00f3n interanual sube un 2,9%. Durante el mes de Marzo 26 provincias subieron de precio [&hellip;]<\/p>\n","protected":false},"author":1,"featured_media":1063461,"comment_status":"closed","ping_status":"closed","sticky":false,"template":"","format":"standard","meta":{"footnotes":""},"categories":[187],"tags":[],"class_list":["post-1063460","post","type-post","status-publish","format-standard","has-post-thumbnail","hentry","category-economia"],"aioseo_notices":[],"aioseo_head":"\n\t\t<!-- All in One SEO Pro 4.9.6.2 - aioseo.com -->\n\t<meta name=\"description\" content=\"Seg\u00fan los datos del portal inmobiliario Hogaria.net del mes de Marzo, el precio de la vivienda usada en venta baj\u00f3 un 0,2% con respecto al mes de Febrero, el dato a nivel trimestral arroja un descenso del 0,4% y la variaci\u00f3n interanual sube un 2,9%. Durante el mes de Marzo 26 provincias subieron de precio\" \/>\n\t<meta name=\"robots\" content=\"max-image-preview:large\" \/>\n\t<meta name=\"author\" content=\"El Digital de Asturias\"\/>\n\t<meta name=\"google-site-verification\" content=\"UA-38556648-1\" \/>\n\t<meta name=\"msvalidate.01\" content=\"7dfe9f3f1b24437ab69f4f2559babe99\" \/>\n\t<meta name=\"keywords\" content=\"econom\u00eda\" \/>\n\t<link rel=\"canonical\" href=\"https:\/\/www.eldigitaldeasturias.com\/noticias\/el-precio-de-la-vivienda-usada-baja-un-04-en-el-primer-trimestre\/\" \/>\n\t<meta name=\"generator\" content=\"All in One SEO Pro (AIOSEO) 4.9.6.2\" \/>\n\t\t<meta property=\"og:locale\" content=\"es_ES\" \/>\n\t\t<meta property=\"og:site_name\" content=\"El Digital de Asturias\" \/>\n\t\t<meta property=\"og:type\" content=\"article\" \/>\n\t\t<meta property=\"og:title\" content=\"El precio de la vivienda usada baja un 0,4% en el primer trimestre - El Digital de Asturias\" \/>\n\t\t<meta property=\"og:description\" content=\"Seg\u00fan los datos del portal inmobiliario Hogaria.net del mes de Marzo, el precio de la vivienda usada en venta baj\u00f3 un 0,2% con respecto al mes de Febrero, el dato a nivel trimestral arroja un descenso del 0,4% y la variaci\u00f3n interanual sube un 2,9%. Durante el mes de Marzo 26 provincias subieron de precio\" \/>\n\t\t<meta property=\"og:url\" content=\"https:\/\/www.eldigitaldeasturias.com\/noticias\/el-precio-de-la-vivienda-usada-baja-un-04-en-el-primer-trimestre\/\" \/>\n\t\t<meta property=\"og:image\" content=\"https:\/\/www.eldigitaldeasturias.com\/noticias\/wp-content\/uploads\/2020\/04\/Hogaria-IP.jpg\" \/>\n\t\t<meta property=\"og:image:secure_url\" content=\"https:\/\/www.eldigitaldeasturias.com\/noticias\/wp-content\/uploads\/2020\/04\/Hogaria-IP.jpg\" \/>\n\t\t<meta property=\"og:image:width\" content=\"512\" \/>\n\t\t<meta property=\"og:image:height\" content=\"326\" \/>\n\t\t<meta property=\"article:tag\" content=\"econom\u00eda\" \/>\n\t\t<meta property=\"article:published_time\" content=\"2020-04-17T14:43:23+00:00\" \/>\n\t\t<meta property=\"article:modified_time\" content=\"2020-04-17T14:43:23+00:00\" \/>\n\t\t<meta property=\"article:publisher\" content=\"https:\/\/facebook.com\/eldigitaldeasturias\" \/>\n\t\t<meta name=\"twitter:card\" content=\"summary_large_image\" \/>\n\t\t<meta name=\"twitter:title\" content=\"El precio de la vivienda usada baja un 0,4% en el primer trimestre - El Digital de Asturias\" \/>\n\t\t<meta name=\"twitter:description\" content=\"Seg\u00fan los datos del portal inmobiliario Hogaria.net del mes de Marzo, el precio de la vivienda usada en venta baj\u00f3 un 0,2% con respecto al mes de Febrero, el dato a nivel trimestral arroja un descenso del 0,4% y la variaci\u00f3n interanual sube un 2,9%. Durante el mes de Marzo 26 provincias subieron de precio\" \/>\n\t\t<meta name=\"twitter:image\" content=\"https:\/\/www.eldigitaldeasturias.com\/noticias\/wp-content\/uploads\/2020\/04\/Hogaria-IP.jpg\" \/>\n\t\t<meta name=\"twitter:label1\" content=\"Escrito por\" \/>\n\t\t<meta name=\"twitter:data1\" content=\"El Digital de Asturias\" \/>\n\t\t<meta name=\"twitter:label2\" content=\"Tiempo de lectura estimado\" \/>\n\t\t<meta name=\"twitter:data2\" content=\"3 minutos\" \/>\n\t\t<script type=\"application\/ld+json\" class=\"aioseo-schema\">\n\t\t\t{\"@context\":\"https:\\\/\\\/schema.org\",\"@graph\":[{\"@type\":\"BlogPosting\",\"@id\":\"https:\\\/\\\/www.eldigitaldeasturias.com\\\/noticias\\\/el-precio-de-la-vivienda-usada-baja-un-04-en-el-primer-trimestre\\\/#blogposting\",\"name\":\"El precio de la vivienda usada baja un 0,4% en el primer trimestre - El Digital de Asturias\",\"headline\":\"El precio de la vivienda usada baja un 0,4% en el primer trimestre\",\"author\":{\"@id\":\"https:\\\/\\\/www.eldigitaldeasturias.com\\\/noticias\\\/author\\\/admin\\\/#author\"},\"publisher\":{\"@id\":\"https:\\\/\\\/www.eldigitaldeasturias.com\\\/noticias\\\/#organization\"},\"image\":{\"@type\":\"ImageObject\",\"url\":\"https:\\\/\\\/www.eldigitaldeasturias.com\\\/noticias\\\/wp-content\\\/uploads\\\/2020\\\/04\\\/Hogaria-IP.jpg\",\"width\":512,\"height\":326},\"datePublished\":\"2020-04-17T14:43:23+02:00\",\"dateModified\":\"2020-04-17T14:43:23+02:00\",\"inLanguage\":\"es-ES\",\"mainEntityOfPage\":{\"@id\":\"https:\\\/\\\/www.eldigitaldeasturias.com\\\/noticias\\\/el-precio-de-la-vivienda-usada-baja-un-04-en-el-primer-trimestre\\\/#webpage\"},\"isPartOf\":{\"@id\":\"https:\\\/\\\/www.eldigitaldeasturias.com\\\/noticias\\\/el-precio-de-la-vivienda-usada-baja-un-04-en-el-primer-trimestre\\\/#webpage\"},\"articleSection\":\"Econom\\u00eda\"},{\"@type\":\"BreadcrumbList\",\"@id\":\"https:\\\/\\\/www.eldigitaldeasturias.com\\\/noticias\\\/el-precio-de-la-vivienda-usada-baja-un-04-en-el-primer-trimestre\\\/#breadcrumblist\",\"itemListElement\":[{\"@type\":\"ListItem\",\"@id\":\"https:\\\/\\\/www.eldigitaldeasturias.com\\\/noticias#listItem\",\"position\":1,\"name\":\"Home\",\"item\":\"https:\\\/\\\/www.eldigitaldeasturias.com\\\/noticias\",\"nextItem\":{\"@type\":\"ListItem\",\"@id\":\"https:\\\/\\\/www.eldigitaldeasturias.com\\\/noticias\\\/category\\\/economia\\\/#listItem\",\"name\":\"Econom\\u00eda\"}},{\"@type\":\"ListItem\",\"@id\":\"https:\\\/\\\/www.eldigitaldeasturias.com\\\/noticias\\\/category\\\/economia\\\/#listItem\",\"position\":2,\"name\":\"Econom\\u00eda\",\"item\":\"https:\\\/\\\/www.eldigitaldeasturias.com\\\/noticias\\\/category\\\/economia\\\/\",\"nextItem\":{\"@type\":\"ListItem\",\"@id\":\"https:\\\/\\\/www.eldigitaldeasturias.com\\\/noticias\\\/el-precio-de-la-vivienda-usada-baja-un-04-en-el-primer-trimestre\\\/#listItem\",\"name\":\"El precio de la vivienda usada baja un 0,4% en el primer trimestre\"},\"previousItem\":{\"@type\":\"ListItem\",\"@id\":\"https:\\\/\\\/www.eldigitaldeasturias.com\\\/noticias#listItem\",\"name\":\"Home\"}},{\"@type\":\"ListItem\",\"@id\":\"https:\\\/\\\/www.eldigitaldeasturias.com\\\/noticias\\\/el-precio-de-la-vivienda-usada-baja-un-04-en-el-primer-trimestre\\\/#listItem\",\"position\":3,\"name\":\"El precio de la vivienda usada baja un 0,4% en el primer trimestre\",\"previousItem\":{\"@type\":\"ListItem\",\"@id\":\"https:\\\/\\\/www.eldigitaldeasturias.com\\\/noticias\\\/category\\\/economia\\\/#listItem\",\"name\":\"Econom\\u00eda\"}}]},{\"@type\":\"Organization\",\"@id\":\"https:\\\/\\\/www.eldigitaldeasturias.com\\\/noticias\\\/#organization\",\"name\":\"El Digital de Asturias\",\"description\":\"Hemeroteca\",\"url\":\"https:\\\/\\\/www.eldigitaldeasturias.com\\\/noticias\\\/\",\"email\":\"info@eldigitaldeasturias.com\",\"telephone\":\"+34652131393\",\"logo\":{\"@type\":\"ImageObject\",\"url\":\"https:\\\/\\\/www.eldigitaldeasturias.com\\\/noticias\\\/wp-content\\\/uploads\\\/2020\\\/12\\\/EDA.jpg\",\"@id\":\"https:\\\/\\\/www.eldigitaldeasturias.com\\\/noticias\\\/el-precio-de-la-vivienda-usada-baja-un-04-en-el-primer-trimestre\\\/#organizationLogo\",\"width\":649,\"height\":297},\"image\":{\"@id\":\"https:\\\/\\\/www.eldigitaldeasturias.com\\\/noticias\\\/el-precio-de-la-vivienda-usada-baja-un-04-en-el-primer-trimestre\\\/#organizationLogo\"},\"sameAs\":[\"https:\\\/\\\/facebook.com\\\/eldigitaldeasturias\",\"https:\\\/\\\/www.youtube.com\\\/channel\\\/UCZP-2wLEB9Rv6erhFmqVnvg\"],\"address\":{\"@id\":\"https:\\\/\\\/www.eldigitaldeasturias.com\\\/noticias\\\/#postaladdress\",\"@type\":\"PostalAddress\",\"streetAddress\":\"san antonio 4,\",\"postalCode\":\"33430\",\"addressLocality\":\"Cand\\u00e1s\",\"addressRegion\":\"Asturias\",\"addressCountry\":\"ES\"}},{\"@type\":\"Person\",\"@id\":\"https:\\\/\\\/www.eldigitaldeasturias.com\\\/noticias\\\/author\\\/admin\\\/#author\",\"url\":\"https:\\\/\\\/www.eldigitaldeasturias.com\\\/noticias\\\/author\\\/admin\\\/\",\"name\":\"El Digital de Asturias\",\"image\":{\"@type\":\"ImageObject\",\"@id\":\"https:\\\/\\\/www.eldigitaldeasturias.com\\\/noticias\\\/el-precio-de-la-vivienda-usada-baja-un-04-en-el-primer-trimestre\\\/#authorImage\",\"url\":\"https:\\\/\\\/www.eldigitaldeasturias.com\\\/noticias\\\/wp-content\\\/litespeed\\\/avatar\\\/18677e78aa0546b92d9dbf31ec7d7668.jpg?ver=1777290358\",\"width\":96,\"height\":96,\"caption\":\"El Digital de Asturias\"}},{\"@type\":\"WebPage\",\"@id\":\"https:\\\/\\\/www.eldigitaldeasturias.com\\\/noticias\\\/el-precio-de-la-vivienda-usada-baja-un-04-en-el-primer-trimestre\\\/#webpage\",\"url\":\"https:\\\/\\\/www.eldigitaldeasturias.com\\\/noticias\\\/el-precio-de-la-vivienda-usada-baja-un-04-en-el-primer-trimestre\\\/\",\"name\":\"El precio de la vivienda usada baja un 0,4% en el primer trimestre - El Digital de Asturias\",\"description\":\"Seg\\u00fan los datos del portal inmobiliario Hogaria.net del mes de Marzo, el precio de la vivienda usada en venta baj\\u00f3 un 0,2% con respecto al mes de Febrero, el dato a nivel trimestral arroja un descenso del 0,4% y la variaci\\u00f3n interanual sube un 2,9%. Durante el mes de Marzo 26 provincias subieron de precio\",\"inLanguage\":\"es-ES\",\"isPartOf\":{\"@id\":\"https:\\\/\\\/www.eldigitaldeasturias.com\\\/noticias\\\/#website\"},\"breadcrumb\":{\"@id\":\"https:\\\/\\\/www.eldigitaldeasturias.com\\\/noticias\\\/el-precio-de-la-vivienda-usada-baja-un-04-en-el-primer-trimestre\\\/#breadcrumblist\"},\"author\":{\"@id\":\"https:\\\/\\\/www.eldigitaldeasturias.com\\\/noticias\\\/author\\\/admin\\\/#author\"},\"creator\":{\"@id\":\"https:\\\/\\\/www.eldigitaldeasturias.com\\\/noticias\\\/author\\\/admin\\\/#author\"},\"image\":{\"@type\":\"ImageObject\",\"url\":\"https:\\\/\\\/www.eldigitaldeasturias.com\\\/noticias\\\/wp-content\\\/uploads\\\/2020\\\/04\\\/Hogaria-IP.jpg\",\"@id\":\"https:\\\/\\\/www.eldigitaldeasturias.com\\\/noticias\\\/el-precio-de-la-vivienda-usada-baja-un-04-en-el-primer-trimestre\\\/#mainImage\",\"width\":512,\"height\":326},\"primaryImageOfPage\":{\"@id\":\"https:\\\/\\\/www.eldigitaldeasturias.com\\\/noticias\\\/el-precio-de-la-vivienda-usada-baja-un-04-en-el-primer-trimestre\\\/#mainImage\"},\"datePublished\":\"2020-04-17T14:43:23+02:00\",\"dateModified\":\"2020-04-17T14:43:23+02:00\"},{\"@type\":\"WebSite\",\"@id\":\"https:\\\/\\\/www.eldigitaldeasturias.com\\\/noticias\\\/#website\",\"url\":\"https:\\\/\\\/www.eldigitaldeasturias.com\\\/noticias\\\/\",\"name\":\"El Digital de Asturias - Diario de actualidad y noticias\",\"alternateName\":\"El Digital de Asturias - Diario de actualidad y noticias\",\"description\":\"Hemeroteca\",\"inLanguage\":\"es-ES\",\"publisher\":{\"@id\":\"https:\\\/\\\/www.eldigitaldeasturias.com\\\/noticias\\\/#organization\"}}]}\n\t\t<\/script>\n\t\t<!-- All in One SEO Pro -->\r\n\t\t<title>El precio de la vivienda usada baja un 0,4% en el primer trimestre - El Digital de Asturias<\/title>\n\n","aioseo_head_json":{"title":"El precio de la vivienda usada baja un 0,4% en el primer trimestre - El Digital de Asturias","description":"Seg\u00fan los datos del portal inmobiliario Hogaria.net del mes de Marzo, el precio de la vivienda usada en venta baj\u00f3 un 0,2% con respecto al mes de Febrero, el dato a nivel trimestral arroja un descenso del 0,4% y la variaci\u00f3n interanual sube un 2,9%. Durante el mes de Marzo 26 provincias subieron de precio","canonical_url":"https:\/\/www.eldigitaldeasturias.com\/noticias\/el-precio-de-la-vivienda-usada-baja-un-04-en-el-primer-trimestre\/","robots":"max-image-preview:large","keywords":"econom\u00eda","webmasterTools":{"google-site-verification":"UA-38556648-1","msvalidate.01":"7dfe9f3f1b24437ab69f4f2559babe99","miscellaneous":""},"schema":{"@context":"https:\/\/schema.org","@graph":[{"@type":"BlogPosting","@id":"https:\/\/www.eldigitaldeasturias.com\/noticias\/el-precio-de-la-vivienda-usada-baja-un-04-en-el-primer-trimestre\/#blogposting","name":"El precio de la vivienda usada baja un 0,4% en el primer trimestre - El Digital de Asturias","headline":"El precio de la vivienda usada baja un 0,4% en el primer trimestre","author":{"@id":"https:\/\/www.eldigitaldeasturias.com\/noticias\/author\/admin\/#author"},"publisher":{"@id":"https:\/\/www.eldigitaldeasturias.com\/noticias\/#organization"},"image":{"@type":"ImageObject","url":"https:\/\/www.eldigitaldeasturias.com\/noticias\/wp-content\/uploads\/2020\/04\/Hogaria-IP.jpg","width":512,"height":326},"datePublished":"2020-04-17T14:43:23+02:00","dateModified":"2020-04-17T14:43:23+02:00","inLanguage":"es-ES","mainEntityOfPage":{"@id":"https:\/\/www.eldigitaldeasturias.com\/noticias\/el-precio-de-la-vivienda-usada-baja-un-04-en-el-primer-trimestre\/#webpage"},"isPartOf":{"@id":"https:\/\/www.eldigitaldeasturias.com\/noticias\/el-precio-de-la-vivienda-usada-baja-un-04-en-el-primer-trimestre\/#webpage"},"articleSection":"Econom\u00eda"},{"@type":"BreadcrumbList","@id":"https:\/\/www.eldigitaldeasturias.com\/noticias\/el-precio-de-la-vivienda-usada-baja-un-04-en-el-primer-trimestre\/#breadcrumblist","itemListElement":[{"@type":"ListItem","@id":"https:\/\/www.eldigitaldeasturias.com\/noticias#listItem","position":1,"name":"Home","item":"https:\/\/www.eldigitaldeasturias.com\/noticias","nextItem":{"@type":"ListItem","@id":"https:\/\/www.eldigitaldeasturias.com\/noticias\/category\/economia\/#listItem","name":"Econom\u00eda"}},{"@type":"ListItem","@id":"https:\/\/www.eldigitaldeasturias.com\/noticias\/category\/economia\/#listItem","position":2,"name":"Econom\u00eda","item":"https:\/\/www.eldigitaldeasturias.com\/noticias\/category\/economia\/","nextItem":{"@type":"ListItem","@id":"https:\/\/www.eldigitaldeasturias.com\/noticias\/el-precio-de-la-vivienda-usada-baja-un-04-en-el-primer-trimestre\/#listItem","name":"El precio de la vivienda usada baja un 0,4% en el primer trimestre"},"previousItem":{"@type":"ListItem","@id":"https:\/\/www.eldigitaldeasturias.com\/noticias#listItem","name":"Home"}},{"@type":"ListItem","@id":"https:\/\/www.eldigitaldeasturias.com\/noticias\/el-precio-de-la-vivienda-usada-baja-un-04-en-el-primer-trimestre\/#listItem","position":3,"name":"El precio de la vivienda usada baja un 0,4% en el primer trimestre","previousItem":{"@type":"ListItem","@id":"https:\/\/www.eldigitaldeasturias.com\/noticias\/category\/economia\/#listItem","name":"Econom\u00eda"}}]},{"@type":"Organization","@id":"https:\/\/www.eldigitaldeasturias.com\/noticias\/#organization","name":"El Digital de Asturias","description":"Hemeroteca","url":"https:\/\/www.eldigitaldeasturias.com\/noticias\/","email":"info@eldigitaldeasturias.com","telephone":"+34652131393","logo":{"@type":"ImageObject","url":"https:\/\/www.eldigitaldeasturias.com\/noticias\/wp-content\/uploads\/2020\/12\/EDA.jpg","@id":"https:\/\/www.eldigitaldeasturias.com\/noticias\/el-precio-de-la-vivienda-usada-baja-un-04-en-el-primer-trimestre\/#organizationLogo","width":649,"height":297},"image":{"@id":"https:\/\/www.eldigitaldeasturias.com\/noticias\/el-precio-de-la-vivienda-usada-baja-un-04-en-el-primer-trimestre\/#organizationLogo"},"sameAs":["https:\/\/facebook.com\/eldigitaldeasturias","https:\/\/www.youtube.com\/channel\/UCZP-2wLEB9Rv6erhFmqVnvg"],"address":{"@id":"https:\/\/www.eldigitaldeasturias.com\/noticias\/#postaladdress","@type":"PostalAddress","streetAddress":"san antonio 4,","postalCode":"33430","addressLocality":"Cand\u00e1s","addressRegion":"Asturias","addressCountry":"ES"}},{"@type":"Person","@id":"https:\/\/www.eldigitaldeasturias.com\/noticias\/author\/admin\/#author","url":"https:\/\/www.eldigitaldeasturias.com\/noticias\/author\/admin\/","name":"El Digital de Asturias","image":{"@type":"ImageObject","@id":"https:\/\/www.eldigitaldeasturias.com\/noticias\/el-precio-de-la-vivienda-usada-baja-un-04-en-el-primer-trimestre\/#authorImage","url":"https:\/\/www.eldigitaldeasturias.com\/noticias\/wp-content\/litespeed\/avatar\/18677e78aa0546b92d9dbf31ec7d7668.jpg?ver=1777290358","width":96,"height":96,"caption":"El Digital de Asturias"}},{"@type":"WebPage","@id":"https:\/\/www.eldigitaldeasturias.com\/noticias\/el-precio-de-la-vivienda-usada-baja-un-04-en-el-primer-trimestre\/#webpage","url":"https:\/\/www.eldigitaldeasturias.com\/noticias\/el-precio-de-la-vivienda-usada-baja-un-04-en-el-primer-trimestre\/","name":"El precio de la vivienda usada baja un 0,4% en el primer trimestre - El Digital de Asturias","description":"Seg\u00fan los datos del portal inmobiliario Hogaria.net del mes de Marzo, el precio de la vivienda usada en venta baj\u00f3 un 0,2% con respecto al mes de Febrero, el dato a nivel trimestral arroja un descenso del 0,4% y la variaci\u00f3n interanual sube un 2,9%. Durante el mes de Marzo 26 provincias subieron de precio","inLanguage":"es-ES","isPartOf":{"@id":"https:\/\/www.eldigitaldeasturias.com\/noticias\/#website"},"breadcrumb":{"@id":"https:\/\/www.eldigitaldeasturias.com\/noticias\/el-precio-de-la-vivienda-usada-baja-un-04-en-el-primer-trimestre\/#breadcrumblist"},"author":{"@id":"https:\/\/www.eldigitaldeasturias.com\/noticias\/author\/admin\/#author"},"creator":{"@id":"https:\/\/www.eldigitaldeasturias.com\/noticias\/author\/admin\/#author"},"image":{"@type":"ImageObject","url":"https:\/\/www.eldigitaldeasturias.com\/noticias\/wp-content\/uploads\/2020\/04\/Hogaria-IP.jpg","@id":"https:\/\/www.eldigitaldeasturias.com\/noticias\/el-precio-de-la-vivienda-usada-baja-un-04-en-el-primer-trimestre\/#mainImage","width":512,"height":326},"primaryImageOfPage":{"@id":"https:\/\/www.eldigitaldeasturias.com\/noticias\/el-precio-de-la-vivienda-usada-baja-un-04-en-el-primer-trimestre\/#mainImage"},"datePublished":"2020-04-17T14:43:23+02:00","dateModified":"2020-04-17T14:43:23+02:00"},{"@type":"WebSite","@id":"https:\/\/www.eldigitaldeasturias.com\/noticias\/#website","url":"https:\/\/www.eldigitaldeasturias.com\/noticias\/","name":"El Digital de Asturias - Diario de actualidad y noticias","alternateName":"El Digital de Asturias - Diario de actualidad y noticias","description":"Hemeroteca","inLanguage":"es-ES","publisher":{"@id":"https:\/\/www.eldigitaldeasturias.com\/noticias\/#organization"}}]},"og:locale":"es_ES","og:site_name":"El Digital de Asturias","og:type":"article","og:title":"El precio de la vivienda usada baja un 0,4% en el primer trimestre - El Digital de Asturias","og:description":"Seg\u00fan los datos del portal inmobiliario Hogaria.net del mes de Marzo, el precio de la vivienda usada en venta baj\u00f3 un 0,2% con respecto al mes de Febrero, el dato a nivel trimestral arroja un descenso del 0,4% y la variaci\u00f3n interanual sube un 2,9%. Durante el mes de Marzo 26 provincias subieron de precio","og:url":"https:\/\/www.eldigitaldeasturias.com\/noticias\/el-precio-de-la-vivienda-usada-baja-un-04-en-el-primer-trimestre\/","og:image":"https:\/\/www.eldigitaldeasturias.com\/noticias\/wp-content\/uploads\/2020\/04\/Hogaria-IP.jpg","og:image:secure_url":"https:\/\/www.eldigitaldeasturias.com\/noticias\/wp-content\/uploads\/2020\/04\/Hogaria-IP.jpg","og:image:width":512,"og:image:height":326,"article:tag":["econom\u00eda"],"article:published_time":"2020-04-17T14:43:23+00:00","article:modified_time":"2020-04-17T14:43:23+00:00","article:publisher":"https:\/\/facebook.com\/eldigitaldeasturias","twitter:card":"summary_large_image","twitter:title":"El precio de la vivienda usada baja un 0,4% en el primer trimestre - El Digital de Asturias","twitter:description":"Seg\u00fan los datos del portal inmobiliario Hogaria.net del mes de Marzo, el precio de la vivienda usada en venta baj\u00f3 un 0,2% con respecto al mes de Febrero, el dato a nivel trimestral arroja un descenso del 0,4% y la variaci\u00f3n interanual sube un 2,9%. Durante el mes de Marzo 26 provincias subieron de precio","twitter:image":"https:\/\/www.eldigitaldeasturias.com\/noticias\/wp-content\/uploads\/2020\/04\/Hogaria-IP.jpg","twitter:label1":"Escrito por","twitter:data1":"El Digital de Asturias","twitter:label2":"Tiempo de lectura estimado","twitter:data2":"3 minutos"},"aioseo_meta_data":{"post_id":"1063460","title":null,"description":null,"keywords":null,"keyphrases":null,"primary_term":null,"canonical_url":null,"og_title":null,"og_description":null,"og_object_type":"default","og_image_type":"default","og_image_url":null,"og_image_width":null,"og_image_height":null,"og_image_custom_url":null,"og_image_custom_fields":null,"og_video":null,"og_custom_url":null,"og_article_section":null,"og_article_tags":null,"twitter_use_og":false,"twitter_card":"default","twitter_image_type":"default","twitter_image_url":null,"twitter_image_custom_url":null,"twitter_image_custom_fields":null,"twitter_title":null,"twitter_description":null,"schema":{"blockGraphs":[],"customGraphs":[],"default":{"data":{"Article":[],"Course":[],"Dataset":[],"FAQPage":[],"Movie":[],"Person":[],"Product":[],"ProductReview":[],"Car":[],"Recipe":[],"Service":[],"SoftwareApplication":[],"WebPage":[]},"graphName":"","isEnabled":true},"graphs":[]},"schema_type":null,"schema_type_options":null,"pillar_content":false,"robots_default":true,"robots_noindex":false,"robots_noarchive":false,"robots_nosnippet":false,"robots_nofollow":false,"robots_noimageindex":false,"robots_noodp":false,"robots_notranslate":false,"robots_max_snippet":null,"robots_max_videopreview":null,"robots_max_imagepreview":"large","priority":null,"frequency":null,"local_seo":null,"seo_analyzer_scan_date":"2025-09-12 06:20:50","breadcrumb_settings":null,"limit_modified_date":false,"open_ai":null,"ai":null,"created":"2020-12-21 10:52:52","updated":"2025-09-12 06:20:50"},"aioseo_breadcrumb":"<div class=\"aioseo-breadcrumbs\"><span class=\"aioseo-breadcrumb\">\n\t<a href=\"https:\/\/www.eldigitaldeasturias.com\/noticias\" title=\"Home\">Home<\/a>\n<\/span><span class=\"aioseo-breadcrumb-separator\">\u2013<\/span><span class=\"aioseo-breadcrumb\">\n\t<a href=\"https:\/\/www.eldigitaldeasturias.com\/noticias\/category\/economia\/\" title=\"Econom\u00eda\">Econom\u00eda<\/a>\n<\/span><span class=\"aioseo-breadcrumb-separator\">\u2013<\/span><span class=\"aioseo-breadcrumb\">\n\t<a href=\"https:\/\/www.eldigitaldeasturias.com\/noticias\/el-precio-de-la-vivienda-usada-baja-un-04-en-el-primer-trimestre\/\" title=\"El precio de la vivienda usada baja un 0,4% en el primer trimestre\">El precio de la vivienda usada baja un 0,4% en el primer trimestre<\/a>\n<\/span><\/div>","aioseo_breadcrumb_json":[{"label":"Home","link":"https:\/\/www.eldigitaldeasturias.com\/noticias"},{"label":"Econom\u00eda","link":"https:\/\/www.eldigitaldeasturias.com\/noticias\/category\/economia\/"},{"label":"El precio de la vivienda usada baja un 0,4% en el primer trimestre","link":"https:\/\/www.eldigitaldeasturias.com\/noticias\/el-precio-de-la-vivienda-usada-baja-un-04-en-el-primer-trimestre\/"}],"_links":{"self":[{"href":"https:\/\/www.eldigitaldeasturias.com\/noticias\/wp-json\/wp\/v2\/posts\/1063460","targetHints":{"allow":["GET"]}}],"collection":[{"href":"https:\/\/www.eldigitaldeasturias.com\/noticias\/wp-json\/wp\/v2\/posts"}],"about":[{"href":"https:\/\/www.eldigitaldeasturias.com\/noticias\/wp-json\/wp\/v2\/types\/post"}],"author":[{"embeddable":true,"href":"https:\/\/www.eldigitaldeasturias.com\/noticias\/wp-json\/wp\/v2\/users\/1"}],"replies":[{"embeddable":true,"href":"https:\/\/www.eldigitaldeasturias.com\/noticias\/wp-json\/wp\/v2\/comments?post=1063460"}],"version-history":[{"count":0,"href":"https:\/\/www.eldigitaldeasturias.com\/noticias\/wp-json\/wp\/v2\/posts\/1063460\/revisions"}],"wp:featuredmedia":[{"embeddable":true,"href":"https:\/\/www.eldigitaldeasturias.com\/noticias\/wp-json\/wp\/v2\/media\/1063461"}],"wp:attachment":[{"href":"https:\/\/www.eldigitaldeasturias.com\/noticias\/wp-json\/wp\/v2\/media?parent=1063460"}],"wp:term":[{"taxonomy":"category","embeddable":true,"href":"https:\/\/www.eldigitaldeasturias.com\/noticias\/wp-json\/wp\/v2\/categories?post=1063460"},{"taxonomy":"post_tag","embeddable":true,"href":"https:\/\/www.eldigitaldeasturias.com\/noticias\/wp-json\/wp\/v2\/tags?post=1063460"}],"curies":[{"name":"wp","href":"https:\/\/api.w.org\/{rel}","templated":true}]}}