{"id":1063380,"date":"2020-04-16T00:00:58","date_gmt":"2020-04-16T00:00:58","guid":{"rendered":"https:\/\/www.eldigitaldeasturias.com\/noticias\/?p=1063380"},"modified":"2020-04-16T00:00:58","modified_gmt":"2020-04-16T00:00:58","slug":"covid-19-ceo-confia-en-que-siemens-superara-bien-la-crisis","status":"publish","type":"post","link":"https:\/\/www.eldigitaldeasturias.com\/noticias\/covid-19-ceo-confia-en-que-siemens-superara-bien-la-crisis\/","title":{"rendered":"Covid-19: CEO conf\u00eda en que Siemens superar\u00e1 bien la crisis"},"content":{"rendered":"<figure id=\"attachment_1063381\" aria-describedby=\"caption-attachment-1063381\" style=\"width: 360px\" class=\"wp-caption alignleft\"><img loading=\"lazy\" decoding=\"async\" class=\"size-medium wp-image-1063381\" src=\"https:\/\/www.eldigitaldeasturias.com\/noticias\/wp-content\/uploads\/2020\/04\/Ceo-Siemens-360x219.jpg\" alt=\"\" width=\"360\" height=\"219\" srcset=\"https:\/\/www.eldigitaldeasturias.com\/noticias\/wp-content\/uploads\/2020\/04\/Ceo-Siemens-360x219.jpg 360w, https:\/\/www.eldigitaldeasturias.com\/noticias\/wp-content\/uploads\/2020\/04\/Ceo-Siemens-690x420.jpg 690w, https:\/\/www.eldigitaldeasturias.com\/noticias\/wp-content\/uploads\/2020\/04\/Ceo-Siemens-480x292.jpg 480w, https:\/\/www.eldigitaldeasturias.com\/noticias\/wp-content\/uploads\/2020\/04\/Ceo-Siemens-768x467.jpg 768w, https:\/\/www.eldigitaldeasturias.com\/noticias\/wp-content\/uploads\/2020\/04\/Ceo-Siemens-1024x623.jpg 1024w, https:\/\/www.eldigitaldeasturias.com\/noticias\/wp-content\/uploads\/2020\/04\/Ceo-Siemens.jpg 1083w\" sizes=\"auto, (max-width: 360px) 100vw, 360px\" \/><figcaption id=\"caption-attachment-1063381\" class=\"wp-caption-text\">Foto: Peter Kneffel\/dpa<\/figcaption><\/figure>\n<p>M\u00fanich, 15 abr (dpa) &#8211; El presidente ejecutivo de Siemens, Joe Kaeser, estima que su compa\u00f1\u00eda sobrevivir\u00e1 bien a la crisis del coronavirus, sin problemas de liquidez ni necesidad de despidos, seg\u00fan declar\u00f3 en una entrevista publicada hoy por los diarios \u00abDonaukurier\u00bb y \u00abPassauer Neue Presse\u00bb.<\/p>\n<p>Kaeser destac\u00f3 que los productos del consorcio industrial alem\u00e1n con sede en M\u00fanich seguir\u00edan siendo necesarios m\u00e1s all\u00e1 de la pandemia y que Siemens dispon\u00eda de \u00absuficiente liquidez, incluso para un per\u00edodo de tiempo m\u00e1s largo\u00bb.<\/p>\n<p>\u00abAs\u00ed que no estoy preocupado por Siemens, aunque tengamos unos cuantos trimestres dif\u00edciles por delante\u00bb, dijo el CEO de la empresa. Reconoci\u00f3 en tanto que hab\u00eda proveedores que estaban pasando estrecheces y clientes que \u00abya est\u00e1n luchando duro\u00bb.<\/p>\n<p>Kaeser descart\u00f3 despidos en la empresa durante la crisis: \u00abNadie dejar\u00e1 Siemens por una fluctuaci\u00f3n temporal de empleo\u00bb, indic\u00f3, a la vez que se\u00f1al\u00f3 que en este momento solo 1.600 de los m\u00e1s de 120.000 empleados en Alemania de Siemens est\u00e1n en trabajo a jornada reducida.<\/p>\n<p>El m\u00e1ximo ejecutivo de Siemens inform\u00f3 que se estaba trabajando actualmente en llevar a unos 4.000 empleados dispersos en todo el mundo a sus pa\u00edses de origen. Un portavoz de la empresa aclar\u00f3 que no se trata solo de empleados alemanes.<\/p>\n<p>Kaeser dijo asimismo que Siemens ya est\u00e1 considerando c\u00f3mo dar forma a la reactivaci\u00f3n despu\u00e9s de la crisis. El CEO de uno de los mayores complejos industriales alemanes anunci\u00f3: \u00abQuiero una fiesta para los 387.000 empleados de Siemens en todo el mundo\u00bb. Acot\u00f3 que se lo habr\u00edan ganado. \u00abY luego tal vez todos bebamos una cerveza Corona juntos\u00bb, concluy\u00f3.<\/p>\n<p>&nbsp;<\/p>\n<p>&nbsp;<\/p>\n","protected":false},"excerpt":{"rendered":"<p>M\u00fanich, 15 abr (dpa) &#8211; El presidente ejecutivo de Siemens, Joe Kaeser, estima que su compa\u00f1\u00eda sobrevivir\u00e1 bien a la crisis del coronavirus, sin problemas de liquidez ni necesidad de despidos, seg\u00fan declar\u00f3 en una entrevista publicada hoy por los diarios \u00abDonaukurier\u00bb y \u00abPassauer Neue Presse\u00bb. Kaeser destac\u00f3 que los productos del consorcio industrial alem\u00e1n [&hellip;]<\/p>\n","protected":false},"author":1,"featured_media":1063381,"comment_status":"closed","ping_status":"closed","sticky":false,"template":"","format":"standard","meta":{"footnotes":""},"categories":[219],"tags":[],"class_list":["post-1063380","post","type-post","status-publish","format-standard","has-post-thumbnail","hentry","category-negocios-y-empresas"],"aioseo_notices":[],"aioseo_head":"\n\t\t<!-- All in One SEO Pro 4.9.6.2 - aioseo.com -->\n\t<meta name=\"description\" content=\"M\u00fanich, 15 abr (dpa) - El presidente ejecutivo de Siemens, Joe Kaeser, estima que su compa\u00f1\u00eda sobrevivir\u00e1 bien a la crisis del coronavirus, sin problemas de liquidez ni necesidad de despidos, seg\u00fan declar\u00f3 en una entrevista publicada hoy por los diarios &quot;Donaukurier&quot; y &quot;Passauer Neue Presse&quot;. Kaeser destac\u00f3 que los productos del consorcio industrial alem\u00e1n\" \/>\n\t<meta name=\"robots\" content=\"max-image-preview:large\" \/>\n\t<meta name=\"author\" content=\"El Digital de Asturias\"\/>\n\t<meta name=\"google-site-verification\" content=\"UA-38556648-1\" \/>\n\t<meta name=\"msvalidate.01\" content=\"7dfe9f3f1b24437ab69f4f2559babe99\" \/>\n\t<meta name=\"keywords\" content=\"negocios y empresas\" \/>\n\t<link rel=\"canonical\" href=\"https:\/\/www.eldigitaldeasturias.com\/noticias\/covid-19-ceo-confia-en-que-siemens-superara-bien-la-crisis\/\" \/>\n\t<meta name=\"generator\" content=\"All in One SEO Pro (AIOSEO) 4.9.6.2\" \/>\n\t\t<meta property=\"og:locale\" content=\"es_ES\" \/>\n\t\t<meta property=\"og:site_name\" content=\"El Digital de Asturias\" \/>\n\t\t<meta property=\"og:type\" content=\"article\" \/>\n\t\t<meta property=\"og:title\" content=\"Covid-19: CEO conf\u00eda en que Siemens superar\u00e1 bien la crisis - El Digital de Asturias\" \/>\n\t\t<meta property=\"og:description\" content=\"M\u00fanich, 15 abr (dpa) - El presidente ejecutivo de Siemens, Joe Kaeser, estima que su compa\u00f1\u00eda sobrevivir\u00e1 bien a la crisis del coronavirus, sin problemas de liquidez ni necesidad de despidos, seg\u00fan declar\u00f3 en una entrevista publicada hoy por los diarios &quot;Donaukurier&quot; y &quot;Passauer Neue Presse&quot;. Kaeser destac\u00f3 que los productos del consorcio industrial alem\u00e1n\" \/>\n\t\t<meta property=\"og:url\" content=\"https:\/\/www.eldigitaldeasturias.com\/noticias\/covid-19-ceo-confia-en-que-siemens-superara-bien-la-crisis\/\" \/>\n\t\t<meta property=\"og:image\" content=\"https:\/\/www.eldigitaldeasturias.com\/noticias\/wp-content\/uploads\/2020\/04\/Ceo-Siemens.jpg\" \/>\n\t\t<meta property=\"og:image:secure_url\" content=\"https:\/\/www.eldigitaldeasturias.com\/noticias\/wp-content\/uploads\/2020\/04\/Ceo-Siemens.jpg\" \/>\n\t\t<meta property=\"og:image:width\" content=\"1083\" \/>\n\t\t<meta property=\"og:image:height\" content=\"659\" \/>\n\t\t<meta property=\"article:tag\" content=\"negocios y empresas\" \/>\n\t\t<meta property=\"article:published_time\" content=\"2020-04-16T00:00:58+00:00\" \/>\n\t\t<meta property=\"article:modified_time\" content=\"2020-04-16T00:00:58+00:00\" \/>\n\t\t<meta property=\"article:publisher\" content=\"https:\/\/facebook.com\/eldigitaldeasturias\" \/>\n\t\t<meta name=\"twitter:card\" content=\"summary_large_image\" \/>\n\t\t<meta name=\"twitter:title\" content=\"Covid-19: CEO conf\u00eda en que Siemens superar\u00e1 bien la crisis - El Digital de Asturias\" \/>\n\t\t<meta name=\"twitter:description\" content=\"M\u00fanich, 15 abr (dpa) - El presidente ejecutivo de Siemens, Joe Kaeser, estima que su compa\u00f1\u00eda sobrevivir\u00e1 bien a la crisis del coronavirus, sin problemas de liquidez ni necesidad de despidos, seg\u00fan declar\u00f3 en una entrevista publicada hoy por los diarios &quot;Donaukurier&quot; y &quot;Passauer Neue Presse&quot;. Kaeser destac\u00f3 que los productos del consorcio industrial alem\u00e1n\" \/>\n\t\t<meta name=\"twitter:image\" content=\"https:\/\/www.eldigitaldeasturias.com\/noticias\/wp-content\/uploads\/2020\/04\/Ceo-Siemens.jpg\" \/>\n\t\t<meta name=\"twitter:label1\" content=\"Escrito por\" \/>\n\t\t<meta name=\"twitter:data1\" content=\"El Digital de Asturias\" \/>\n\t\t<meta name=\"twitter:label2\" content=\"Tiempo de lectura estimado\" \/>\n\t\t<meta name=\"twitter:data2\" content=\"1 minuto\" \/>\n\t\t<script type=\"application\/ld+json\" class=\"aioseo-schema\">\n\t\t\t{\"@context\":\"https:\\\/\\\/schema.org\",\"@graph\":[{\"@type\":\"BlogPosting\",\"@id\":\"https:\\\/\\\/www.eldigitaldeasturias.com\\\/noticias\\\/covid-19-ceo-confia-en-que-siemens-superara-bien-la-crisis\\\/#blogposting\",\"name\":\"Covid-19: CEO conf\\u00eda en que Siemens superar\\u00e1 bien la crisis - El Digital de Asturias\",\"headline\":\"Covid-19: CEO conf\\u00eda en que Siemens superar\\u00e1 bien la crisis\",\"author\":{\"@id\":\"https:\\\/\\\/www.eldigitaldeasturias.com\\\/noticias\\\/author\\\/admin\\\/#author\"},\"publisher\":{\"@id\":\"https:\\\/\\\/www.eldigitaldeasturias.com\\\/noticias\\\/#organization\"},\"image\":{\"@type\":\"ImageObject\",\"url\":\"https:\\\/\\\/www.eldigitaldeasturias.com\\\/noticias\\\/wp-content\\\/uploads\\\/2020\\\/04\\\/Ceo-Siemens.jpg\",\"width\":1083,\"height\":659,\"caption\":\"Foto: Peter Kneffel\\\/dpa\"},\"datePublished\":\"2020-04-16T00:00:58+02:00\",\"dateModified\":\"2020-04-16T00:00:58+02:00\",\"inLanguage\":\"es-ES\",\"mainEntityOfPage\":{\"@id\":\"https:\\\/\\\/www.eldigitaldeasturias.com\\\/noticias\\\/covid-19-ceo-confia-en-que-siemens-superara-bien-la-crisis\\\/#webpage\"},\"isPartOf\":{\"@id\":\"https:\\\/\\\/www.eldigitaldeasturias.com\\\/noticias\\\/covid-19-ceo-confia-en-que-siemens-superara-bien-la-crisis\\\/#webpage\"},\"articleSection\":\"Negocios y Empresas\"},{\"@type\":\"BreadcrumbList\",\"@id\":\"https:\\\/\\\/www.eldigitaldeasturias.com\\\/noticias\\\/covid-19-ceo-confia-en-que-siemens-superara-bien-la-crisis\\\/#breadcrumblist\",\"itemListElement\":[{\"@type\":\"ListItem\",\"@id\":\"https:\\\/\\\/www.eldigitaldeasturias.com\\\/noticias#listItem\",\"position\":1,\"name\":\"Home\",\"item\":\"https:\\\/\\\/www.eldigitaldeasturias.com\\\/noticias\",\"nextItem\":{\"@type\":\"ListItem\",\"@id\":\"https:\\\/\\\/www.eldigitaldeasturias.com\\\/noticias\\\/category\\\/negocios-y-empresas\\\/#listItem\",\"name\":\"Negocios y Empresas\"}},{\"@type\":\"ListItem\",\"@id\":\"https:\\\/\\\/www.eldigitaldeasturias.com\\\/noticias\\\/category\\\/negocios-y-empresas\\\/#listItem\",\"position\":2,\"name\":\"Negocios y Empresas\",\"item\":\"https:\\\/\\\/www.eldigitaldeasturias.com\\\/noticias\\\/category\\\/negocios-y-empresas\\\/\",\"nextItem\":{\"@type\":\"ListItem\",\"@id\":\"https:\\\/\\\/www.eldigitaldeasturias.com\\\/noticias\\\/covid-19-ceo-confia-en-que-siemens-superara-bien-la-crisis\\\/#listItem\",\"name\":\"Covid-19: CEO conf\\u00eda en que Siemens superar\\u00e1 bien la crisis\"},\"previousItem\":{\"@type\":\"ListItem\",\"@id\":\"https:\\\/\\\/www.eldigitaldeasturias.com\\\/noticias#listItem\",\"name\":\"Home\"}},{\"@type\":\"ListItem\",\"@id\":\"https:\\\/\\\/www.eldigitaldeasturias.com\\\/noticias\\\/covid-19-ceo-confia-en-que-siemens-superara-bien-la-crisis\\\/#listItem\",\"position\":3,\"name\":\"Covid-19: CEO conf\\u00eda en que Siemens superar\\u00e1 bien la crisis\",\"previousItem\":{\"@type\":\"ListItem\",\"@id\":\"https:\\\/\\\/www.eldigitaldeasturias.com\\\/noticias\\\/category\\\/negocios-y-empresas\\\/#listItem\",\"name\":\"Negocios y Empresas\"}}]},{\"@type\":\"Organization\",\"@id\":\"https:\\\/\\\/www.eldigitaldeasturias.com\\\/noticias\\\/#organization\",\"name\":\"El Digital de Asturias\",\"description\":\"Hemeroteca\",\"url\":\"https:\\\/\\\/www.eldigitaldeasturias.com\\\/noticias\\\/\",\"email\":\"info@eldigitaldeasturias.com\",\"telephone\":\"+34652131393\",\"logo\":{\"@type\":\"ImageObject\",\"url\":\"https:\\\/\\\/www.eldigitaldeasturias.com\\\/noticias\\\/wp-content\\\/uploads\\\/2020\\\/12\\\/EDA.jpg\",\"@id\":\"https:\\\/\\\/www.eldigitaldeasturias.com\\\/noticias\\\/covid-19-ceo-confia-en-que-siemens-superara-bien-la-crisis\\\/#organizationLogo\",\"width\":649,\"height\":297},\"image\":{\"@id\":\"https:\\\/\\\/www.eldigitaldeasturias.com\\\/noticias\\\/covid-19-ceo-confia-en-que-siemens-superara-bien-la-crisis\\\/#organizationLogo\"},\"sameAs\":[\"https:\\\/\\\/facebook.com\\\/eldigitaldeasturias\",\"https:\\\/\\\/www.youtube.com\\\/channel\\\/UCZP-2wLEB9Rv6erhFmqVnvg\"],\"address\":{\"@id\":\"https:\\\/\\\/www.eldigitaldeasturias.com\\\/noticias\\\/#postaladdress\",\"@type\":\"PostalAddress\",\"streetAddress\":\"san antonio 4,\",\"postalCode\":\"33430\",\"addressLocality\":\"Cand\\u00e1s\",\"addressRegion\":\"Asturias\",\"addressCountry\":\"ES\"}},{\"@type\":\"Person\",\"@id\":\"https:\\\/\\\/www.eldigitaldeasturias.com\\\/noticias\\\/author\\\/admin\\\/#author\",\"url\":\"https:\\\/\\\/www.eldigitaldeasturias.com\\\/noticias\\\/author\\\/admin\\\/\",\"name\":\"El Digital de Asturias\",\"image\":{\"@type\":\"ImageObject\",\"@id\":\"https:\\\/\\\/www.eldigitaldeasturias.com\\\/noticias\\\/covid-19-ceo-confia-en-que-siemens-superara-bien-la-crisis\\\/#authorImage\",\"url\":\"https:\\\/\\\/www.eldigitaldeasturias.com\\\/noticias\\\/wp-content\\\/litespeed\\\/avatar\\\/18677e78aa0546b92d9dbf31ec7d7668.jpg?ver=1776685526\",\"width\":96,\"height\":96,\"caption\":\"El Digital de Asturias\"}},{\"@type\":\"WebPage\",\"@id\":\"https:\\\/\\\/www.eldigitaldeasturias.com\\\/noticias\\\/covid-19-ceo-confia-en-que-siemens-superara-bien-la-crisis\\\/#webpage\",\"url\":\"https:\\\/\\\/www.eldigitaldeasturias.com\\\/noticias\\\/covid-19-ceo-confia-en-que-siemens-superara-bien-la-crisis\\\/\",\"name\":\"Covid-19: CEO conf\\u00eda en que Siemens superar\\u00e1 bien la crisis - El Digital de Asturias\",\"description\":\"M\\u00fanich, 15 abr (dpa) - El presidente ejecutivo de Siemens, Joe Kaeser, estima que su compa\\u00f1\\u00eda sobrevivir\\u00e1 bien a la crisis del coronavirus, sin problemas de liquidez ni necesidad de despidos, seg\\u00fan declar\\u00f3 en una entrevista publicada hoy por los diarios \\\"Donaukurier\\\" y \\\"Passauer Neue Presse\\\". Kaeser destac\\u00f3 que los productos del consorcio industrial alem\\u00e1n\",\"inLanguage\":\"es-ES\",\"isPartOf\":{\"@id\":\"https:\\\/\\\/www.eldigitaldeasturias.com\\\/noticias\\\/#website\"},\"breadcrumb\":{\"@id\":\"https:\\\/\\\/www.eldigitaldeasturias.com\\\/noticias\\\/covid-19-ceo-confia-en-que-siemens-superara-bien-la-crisis\\\/#breadcrumblist\"},\"author\":{\"@id\":\"https:\\\/\\\/www.eldigitaldeasturias.com\\\/noticias\\\/author\\\/admin\\\/#author\"},\"creator\":{\"@id\":\"https:\\\/\\\/www.eldigitaldeasturias.com\\\/noticias\\\/author\\\/admin\\\/#author\"},\"image\":{\"@type\":\"ImageObject\",\"url\":\"https:\\\/\\\/www.eldigitaldeasturias.com\\\/noticias\\\/wp-content\\\/uploads\\\/2020\\\/04\\\/Ceo-Siemens.jpg\",\"@id\":\"https:\\\/\\\/www.eldigitaldeasturias.com\\\/noticias\\\/covid-19-ceo-confia-en-que-siemens-superara-bien-la-crisis\\\/#mainImage\",\"width\":1083,\"height\":659,\"caption\":\"Foto: Peter Kneffel\\\/dpa\"},\"primaryImageOfPage\":{\"@id\":\"https:\\\/\\\/www.eldigitaldeasturias.com\\\/noticias\\\/covid-19-ceo-confia-en-que-siemens-superara-bien-la-crisis\\\/#mainImage\"},\"datePublished\":\"2020-04-16T00:00:58+02:00\",\"dateModified\":\"2020-04-16T00:00:58+02:00\"},{\"@type\":\"WebSite\",\"@id\":\"https:\\\/\\\/www.eldigitaldeasturias.com\\\/noticias\\\/#website\",\"url\":\"https:\\\/\\\/www.eldigitaldeasturias.com\\\/noticias\\\/\",\"name\":\"El Digital de Asturias - Diario de actualidad y noticias\",\"alternateName\":\"El Digital de Asturias - Diario de actualidad y noticias\",\"description\":\"Hemeroteca\",\"inLanguage\":\"es-ES\",\"publisher\":{\"@id\":\"https:\\\/\\\/www.eldigitaldeasturias.com\\\/noticias\\\/#organization\"}}]}\n\t\t<\/script>\n\t\t<!-- All in One SEO Pro -->\r\n\t\t<title>Covid-19: CEO conf\u00eda en que Siemens superar\u00e1 bien la crisis - El Digital de Asturias<\/title>\n\n","aioseo_head_json":{"title":"Covid-19: CEO conf\u00eda en que Siemens superar\u00e1 bien la crisis - El Digital de Asturias","description":"M\u00fanich, 15 abr (dpa) - El presidente ejecutivo de Siemens, Joe Kaeser, estima que su compa\u00f1\u00eda sobrevivir\u00e1 bien a la crisis del coronavirus, sin problemas de liquidez ni necesidad de despidos, seg\u00fan declar\u00f3 en una entrevista publicada hoy por los diarios \"Donaukurier\" y \"Passauer Neue Presse\". Kaeser destac\u00f3 que los productos del consorcio industrial alem\u00e1n","canonical_url":"https:\/\/www.eldigitaldeasturias.com\/noticias\/covid-19-ceo-confia-en-que-siemens-superara-bien-la-crisis\/","robots":"max-image-preview:large","keywords":"negocios y empresas","webmasterTools":{"google-site-verification":"UA-38556648-1","msvalidate.01":"7dfe9f3f1b24437ab69f4f2559babe99","miscellaneous":""},"schema":{"@context":"https:\/\/schema.org","@graph":[{"@type":"BlogPosting","@id":"https:\/\/www.eldigitaldeasturias.com\/noticias\/covid-19-ceo-confia-en-que-siemens-superara-bien-la-crisis\/#blogposting","name":"Covid-19: CEO conf\u00eda en que Siemens superar\u00e1 bien la crisis - El Digital de Asturias","headline":"Covid-19: CEO conf\u00eda en que Siemens superar\u00e1 bien la crisis","author":{"@id":"https:\/\/www.eldigitaldeasturias.com\/noticias\/author\/admin\/#author"},"publisher":{"@id":"https:\/\/www.eldigitaldeasturias.com\/noticias\/#organization"},"image":{"@type":"ImageObject","url":"https:\/\/www.eldigitaldeasturias.com\/noticias\/wp-content\/uploads\/2020\/04\/Ceo-Siemens.jpg","width":1083,"height":659,"caption":"Foto: Peter Kneffel\/dpa"},"datePublished":"2020-04-16T00:00:58+02:00","dateModified":"2020-04-16T00:00:58+02:00","inLanguage":"es-ES","mainEntityOfPage":{"@id":"https:\/\/www.eldigitaldeasturias.com\/noticias\/covid-19-ceo-confia-en-que-siemens-superara-bien-la-crisis\/#webpage"},"isPartOf":{"@id":"https:\/\/www.eldigitaldeasturias.com\/noticias\/covid-19-ceo-confia-en-que-siemens-superara-bien-la-crisis\/#webpage"},"articleSection":"Negocios y Empresas"},{"@type":"BreadcrumbList","@id":"https:\/\/www.eldigitaldeasturias.com\/noticias\/covid-19-ceo-confia-en-que-siemens-superara-bien-la-crisis\/#breadcrumblist","itemListElement":[{"@type":"ListItem","@id":"https:\/\/www.eldigitaldeasturias.com\/noticias#listItem","position":1,"name":"Home","item":"https:\/\/www.eldigitaldeasturias.com\/noticias","nextItem":{"@type":"ListItem","@id":"https:\/\/www.eldigitaldeasturias.com\/noticias\/category\/negocios-y-empresas\/#listItem","name":"Negocios y Empresas"}},{"@type":"ListItem","@id":"https:\/\/www.eldigitaldeasturias.com\/noticias\/category\/negocios-y-empresas\/#listItem","position":2,"name":"Negocios y Empresas","item":"https:\/\/www.eldigitaldeasturias.com\/noticias\/category\/negocios-y-empresas\/","nextItem":{"@type":"ListItem","@id":"https:\/\/www.eldigitaldeasturias.com\/noticias\/covid-19-ceo-confia-en-que-siemens-superara-bien-la-crisis\/#listItem","name":"Covid-19: CEO conf\u00eda en que Siemens superar\u00e1 bien la crisis"},"previousItem":{"@type":"ListItem","@id":"https:\/\/www.eldigitaldeasturias.com\/noticias#listItem","name":"Home"}},{"@type":"ListItem","@id":"https:\/\/www.eldigitaldeasturias.com\/noticias\/covid-19-ceo-confia-en-que-siemens-superara-bien-la-crisis\/#listItem","position":3,"name":"Covid-19: CEO conf\u00eda en que Siemens superar\u00e1 bien la crisis","previousItem":{"@type":"ListItem","@id":"https:\/\/www.eldigitaldeasturias.com\/noticias\/category\/negocios-y-empresas\/#listItem","name":"Negocios y Empresas"}}]},{"@type":"Organization","@id":"https:\/\/www.eldigitaldeasturias.com\/noticias\/#organization","name":"El Digital de Asturias","description":"Hemeroteca","url":"https:\/\/www.eldigitaldeasturias.com\/noticias\/","email":"info@eldigitaldeasturias.com","telephone":"+34652131393","logo":{"@type":"ImageObject","url":"https:\/\/www.eldigitaldeasturias.com\/noticias\/wp-content\/uploads\/2020\/12\/EDA.jpg","@id":"https:\/\/www.eldigitaldeasturias.com\/noticias\/covid-19-ceo-confia-en-que-siemens-superara-bien-la-crisis\/#organizationLogo","width":649,"height":297},"image":{"@id":"https:\/\/www.eldigitaldeasturias.com\/noticias\/covid-19-ceo-confia-en-que-siemens-superara-bien-la-crisis\/#organizationLogo"},"sameAs":["https:\/\/facebook.com\/eldigitaldeasturias","https:\/\/www.youtube.com\/channel\/UCZP-2wLEB9Rv6erhFmqVnvg"],"address":{"@id":"https:\/\/www.eldigitaldeasturias.com\/noticias\/#postaladdress","@type":"PostalAddress","streetAddress":"san antonio 4,","postalCode":"33430","addressLocality":"Cand\u00e1s","addressRegion":"Asturias","addressCountry":"ES"}},{"@type":"Person","@id":"https:\/\/www.eldigitaldeasturias.com\/noticias\/author\/admin\/#author","url":"https:\/\/www.eldigitaldeasturias.com\/noticias\/author\/admin\/","name":"El Digital de Asturias","image":{"@type":"ImageObject","@id":"https:\/\/www.eldigitaldeasturias.com\/noticias\/covid-19-ceo-confia-en-que-siemens-superara-bien-la-crisis\/#authorImage","url":"https:\/\/www.eldigitaldeasturias.com\/noticias\/wp-content\/litespeed\/avatar\/18677e78aa0546b92d9dbf31ec7d7668.jpg?ver=1776685526","width":96,"height":96,"caption":"El Digital de Asturias"}},{"@type":"WebPage","@id":"https:\/\/www.eldigitaldeasturias.com\/noticias\/covid-19-ceo-confia-en-que-siemens-superara-bien-la-crisis\/#webpage","url":"https:\/\/www.eldigitaldeasturias.com\/noticias\/covid-19-ceo-confia-en-que-siemens-superara-bien-la-crisis\/","name":"Covid-19: CEO conf\u00eda en que Siemens superar\u00e1 bien la crisis - El Digital de Asturias","description":"M\u00fanich, 15 abr (dpa) - El presidente ejecutivo de Siemens, Joe Kaeser, estima que su compa\u00f1\u00eda sobrevivir\u00e1 bien a la crisis del coronavirus, sin problemas de liquidez ni necesidad de despidos, seg\u00fan declar\u00f3 en una entrevista publicada hoy por los diarios \"Donaukurier\" y \"Passauer Neue Presse\". Kaeser destac\u00f3 que los productos del consorcio industrial alem\u00e1n","inLanguage":"es-ES","isPartOf":{"@id":"https:\/\/www.eldigitaldeasturias.com\/noticias\/#website"},"breadcrumb":{"@id":"https:\/\/www.eldigitaldeasturias.com\/noticias\/covid-19-ceo-confia-en-que-siemens-superara-bien-la-crisis\/#breadcrumblist"},"author":{"@id":"https:\/\/www.eldigitaldeasturias.com\/noticias\/author\/admin\/#author"},"creator":{"@id":"https:\/\/www.eldigitaldeasturias.com\/noticias\/author\/admin\/#author"},"image":{"@type":"ImageObject","url":"https:\/\/www.eldigitaldeasturias.com\/noticias\/wp-content\/uploads\/2020\/04\/Ceo-Siemens.jpg","@id":"https:\/\/www.eldigitaldeasturias.com\/noticias\/covid-19-ceo-confia-en-que-siemens-superara-bien-la-crisis\/#mainImage","width":1083,"height":659,"caption":"Foto: Peter Kneffel\/dpa"},"primaryImageOfPage":{"@id":"https:\/\/www.eldigitaldeasturias.com\/noticias\/covid-19-ceo-confia-en-que-siemens-superara-bien-la-crisis\/#mainImage"},"datePublished":"2020-04-16T00:00:58+02:00","dateModified":"2020-04-16T00:00:58+02:00"},{"@type":"WebSite","@id":"https:\/\/www.eldigitaldeasturias.com\/noticias\/#website","url":"https:\/\/www.eldigitaldeasturias.com\/noticias\/","name":"El Digital de Asturias - Diario de actualidad y noticias","alternateName":"El Digital de Asturias - Diario de actualidad y noticias","description":"Hemeroteca","inLanguage":"es-ES","publisher":{"@id":"https:\/\/www.eldigitaldeasturias.com\/noticias\/#organization"}}]},"og:locale":"es_ES","og:site_name":"El Digital de Asturias","og:type":"article","og:title":"Covid-19: CEO conf\u00eda en que Siemens superar\u00e1 bien la crisis - El Digital de Asturias","og:description":"M\u00fanich, 15 abr (dpa) - El presidente ejecutivo de Siemens, Joe Kaeser, estima que su compa\u00f1\u00eda sobrevivir\u00e1 bien a la crisis del coronavirus, sin problemas de liquidez ni necesidad de despidos, seg\u00fan declar\u00f3 en una entrevista publicada hoy por los diarios &quot;Donaukurier&quot; y &quot;Passauer Neue Presse&quot;. Kaeser destac\u00f3 que los productos del consorcio industrial alem\u00e1n","og:url":"https:\/\/www.eldigitaldeasturias.com\/noticias\/covid-19-ceo-confia-en-que-siemens-superara-bien-la-crisis\/","og:image":"https:\/\/www.eldigitaldeasturias.com\/noticias\/wp-content\/uploads\/2020\/04\/Ceo-Siemens.jpg","og:image:secure_url":"https:\/\/www.eldigitaldeasturias.com\/noticias\/wp-content\/uploads\/2020\/04\/Ceo-Siemens.jpg","og:image:width":1083,"og:image:height":659,"article:tag":["negocios y empresas"],"article:published_time":"2020-04-16T00:00:58+00:00","article:modified_time":"2020-04-16T00:00:58+00:00","article:publisher":"https:\/\/facebook.com\/eldigitaldeasturias","twitter:card":"summary_large_image","twitter:title":"Covid-19: CEO conf\u00eda en que Siemens superar\u00e1 bien la crisis - El Digital de Asturias","twitter:description":"M\u00fanich, 15 abr (dpa) - El presidente ejecutivo de Siemens, Joe Kaeser, estima que su compa\u00f1\u00eda sobrevivir\u00e1 bien a la crisis del coronavirus, sin problemas de liquidez ni necesidad de despidos, seg\u00fan declar\u00f3 en una entrevista publicada hoy por los diarios &quot;Donaukurier&quot; y &quot;Passauer Neue Presse&quot;. Kaeser destac\u00f3 que los productos del consorcio industrial alem\u00e1n","twitter:image":"https:\/\/www.eldigitaldeasturias.com\/noticias\/wp-content\/uploads\/2020\/04\/Ceo-Siemens.jpg","twitter:label1":"Escrito por","twitter:data1":"El Digital de Asturias","twitter:label2":"Tiempo de lectura estimado","twitter:data2":"1 minuto"},"aioseo_meta_data":{"post_id":"1063380","title":null,"description":null,"keywords":null,"keyphrases":null,"primary_term":null,"canonical_url":null,"og_title":null,"og_description":null,"og_object_type":"default","og_image_type":"default","og_image_url":null,"og_image_width":null,"og_image_height":null,"og_image_custom_url":null,"og_image_custom_fields":null,"og_video":null,"og_custom_url":null,"og_article_section":null,"og_article_tags":null,"twitter_use_og":false,"twitter_card":"default","twitter_image_type":"default","twitter_image_url":null,"twitter_image_custom_url":null,"twitter_image_custom_fields":null,"twitter_title":null,"twitter_description":null,"schema":{"blockGraphs":[],"customGraphs":[],"default":{"data":{"Article":[],"Course":[],"Dataset":[],"FAQPage":[],"Movie":[],"Person":[],"Product":[],"ProductReview":[],"Car":[],"Recipe":[],"Service":[],"SoftwareApplication":[],"WebPage":[]},"graphName":"","isEnabled":true},"graphs":[],"defaultGraph":"","defaultPostTypeGraph":""},"schema_type":null,"schema_type_options":null,"pillar_content":false,"robots_default":true,"robots_noindex":false,"robots_noarchive":false,"robots_nosnippet":false,"robots_nofollow":false,"robots_noimageindex":false,"robots_noodp":false,"robots_notranslate":false,"robots_max_snippet":null,"robots_max_videopreview":null,"robots_max_imagepreview":"large","priority":null,"frequency":null,"local_seo":null,"seo_analyzer_scan_date":"2025-09-12 06:07:50","breadcrumb_settings":null,"limit_modified_date":false,"open_ai":null,"ai":null,"created":"2020-12-21 10:52:53","updated":"2025-09-12 06:07:50"},"aioseo_breadcrumb":"<div class=\"aioseo-breadcrumbs\"><span class=\"aioseo-breadcrumb\">\n\t<a href=\"https:\/\/www.eldigitaldeasturias.com\/noticias\" title=\"Home\">Home<\/a>\n<\/span><span class=\"aioseo-breadcrumb-separator\">\u2013<\/span><span class=\"aioseo-breadcrumb\">\n\t<a href=\"https:\/\/www.eldigitaldeasturias.com\/noticias\/category\/negocios-y-empresas\/\" title=\"Negocios y Empresas\">Negocios y Empresas<\/a>\n<\/span><span class=\"aioseo-breadcrumb-separator\">\u2013<\/span><span class=\"aioseo-breadcrumb\">\n\t<a href=\"https:\/\/www.eldigitaldeasturias.com\/noticias\/covid-19-ceo-confia-en-que-siemens-superara-bien-la-crisis\/\" title=\"Covid-19: CEO conf\u00eda en que Siemens superar\u00e1 bien la crisis\">Covid-19: CEO conf\u00eda en que Siemens superar\u00e1 bien la crisis<\/a>\n<\/span><\/div>","aioseo_breadcrumb_json":[{"label":"Home","link":"https:\/\/www.eldigitaldeasturias.com\/noticias"},{"label":"Negocios y Empresas","link":"https:\/\/www.eldigitaldeasturias.com\/noticias\/category\/negocios-y-empresas\/"},{"label":"Covid-19: CEO conf\u00eda en que Siemens superar\u00e1 bien la crisis","link":"https:\/\/www.eldigitaldeasturias.com\/noticias\/covid-19-ceo-confia-en-que-siemens-superara-bien-la-crisis\/"}],"_links":{"self":[{"href":"https:\/\/www.eldigitaldeasturias.com\/noticias\/wp-json\/wp\/v2\/posts\/1063380","targetHints":{"allow":["GET"]}}],"collection":[{"href":"https:\/\/www.eldigitaldeasturias.com\/noticias\/wp-json\/wp\/v2\/posts"}],"about":[{"href":"https:\/\/www.eldigitaldeasturias.com\/noticias\/wp-json\/wp\/v2\/types\/post"}],"author":[{"embeddable":true,"href":"https:\/\/www.eldigitaldeasturias.com\/noticias\/wp-json\/wp\/v2\/users\/1"}],"replies":[{"embeddable":true,"href":"https:\/\/www.eldigitaldeasturias.com\/noticias\/wp-json\/wp\/v2\/comments?post=1063380"}],"version-history":[{"count":0,"href":"https:\/\/www.eldigitaldeasturias.com\/noticias\/wp-json\/wp\/v2\/posts\/1063380\/revisions"}],"wp:featuredmedia":[{"embeddable":true,"href":"https:\/\/www.eldigitaldeasturias.com\/noticias\/wp-json\/wp\/v2\/media\/1063381"}],"wp:attachment":[{"href":"https:\/\/www.eldigitaldeasturias.com\/noticias\/wp-json\/wp\/v2\/media?parent=1063380"}],"wp:term":[{"taxonomy":"category","embeddable":true,"href":"https:\/\/www.eldigitaldeasturias.com\/noticias\/wp-json\/wp\/v2\/categories?post=1063380"},{"taxonomy":"post_tag","embeddable":true,"href":"https:\/\/www.eldigitaldeasturias.com\/noticias\/wp-json\/wp\/v2\/tags?post=1063380"}],"curies":[{"name":"wp","href":"https:\/\/api.w.org\/{rel}","templated":true}]}}