{"id":1063375,"date":"2020-04-15T23:51:58","date_gmt":"2020-04-15T23:51:58","guid":{"rendered":"https:\/\/www.eldigitaldeasturias.com\/noticias\/?p=1063375"},"modified":"2020-04-15T23:51:58","modified_gmt":"2020-04-15T23:51:58","slug":"el-aeropuerto-de-francfort-practicamente-paralizado","status":"publish","type":"post","link":"https:\/\/www.eldigitaldeasturias.com\/noticias\/el-aeropuerto-de-francfort-practicamente-paralizado\/","title":{"rendered":"El aeropuerto de Fr\u00e1ncfort, pr\u00e1cticamente paralizado"},"content":{"rendered":"<figure id=\"attachment_1063376\" aria-describedby=\"caption-attachment-1063376\" style=\"width: 360px\" class=\"wp-caption alignleft\"><img loading=\"lazy\" decoding=\"async\" class=\"size-medium wp-image-1063376\" src=\"https:\/\/www.eldigitaldeasturias.com\/noticias\/wp-content\/uploads\/2020\/04\/aeropuerto-de-Fr\u00e1ncfort-360x247.jpg\" alt=\"\" width=\"360\" height=\"247\" srcset=\"https:\/\/www.eldigitaldeasturias.com\/noticias\/wp-content\/uploads\/2020\/04\/aeropuerto-de-Fr\u00e1ncfort-360x247.jpg 360w, https:\/\/www.eldigitaldeasturias.com\/noticias\/wp-content\/uploads\/2020\/04\/aeropuerto-de-Fr\u00e1ncfort-690x474.jpg 690w, https:\/\/www.eldigitaldeasturias.com\/noticias\/wp-content\/uploads\/2020\/04\/aeropuerto-de-Fr\u00e1ncfort-437x300.jpg 437w, https:\/\/www.eldigitaldeasturias.com\/noticias\/wp-content\/uploads\/2020\/04\/aeropuerto-de-Fr\u00e1ncfort-768x527.jpg 768w, https:\/\/www.eldigitaldeasturias.com\/noticias\/wp-content\/uploads\/2020\/04\/aeropuerto-de-Fr\u00e1ncfort.jpg 980w\" sizes=\"auto, (max-width: 360px) 100vw, 360px\" \/><figcaption id=\"caption-attachment-1063376\" class=\"wp-caption-text\">Foto: Boris Roessler\/dpa<\/figcaption><\/figure>\n<p>Fr\u00e1ncfort, 15 abr (dpa) &#8211; El tr\u00e1fico de pasajeros en el aeropuerto de Fr\u00e1ncfort cay\u00f3 en la semana de Pascua y debido a la crisis del coronavirus a apenas 3,2 por ciento del registrado un a\u00f1o atr\u00e1s, seg\u00fan inform\u00f3 hoy la empresa operadora Fraport.<\/p>\n<p>En la semana del 6 al 12 de abril se contabiliz\u00f3 el paso de 46.338 pasajeros en el aeropuerto m\u00e1s grande de Alemania, cifra que significa un 96,8 por ciento menos que un a\u00f1o antes. La semana anterior, la disminuci\u00f3n ya hab\u00eda sido de m\u00e1s del 95 por ciento.<\/p>\n<p>El volumen de carga y correo a\u00e9reo se redujo en un 28,1 por ciento a 32.027 toneladas en la semana hasta la Pascua, seg\u00fan las cifras dadas por Fraport. El n\u00famero de movimientos de aeronaves disminuy\u00f3 en un 86,3 por ciento a 1.435 despegues y aterrizajes.<\/p>\n<p>Durante todo el mes de marzo, en el que se intensificaron la crisis y las restricciones de viaje a nivel mundial a causa de la pandemia, Fraport inform\u00f3 de una ca\u00edda del 62 por ciento en el negocio de pasajeros, a aproximadamente 2,1 millones de pasajeros. El volumen de carga se redujo en m\u00e1s de un 17 por ciento.<\/p>\n<p>&nbsp;<\/p>\n","protected":false},"excerpt":{"rendered":"<p>Fr\u00e1ncfort, 15 abr (dpa) &#8211; El tr\u00e1fico de pasajeros en el aeropuerto de Fr\u00e1ncfort cay\u00f3 en la semana de Pascua y debido a la crisis del coronavirus a apenas 3,2 por ciento del registrado un a\u00f1o atr\u00e1s, seg\u00fan inform\u00f3 hoy la empresa operadora Fraport. En la semana del 6 al 12 de abril se contabiliz\u00f3 [&hellip;]<\/p>\n","protected":false},"author":1,"featured_media":1063376,"comment_status":"closed","ping_status":"closed","sticky":false,"template":"","format":"standard","meta":{"footnotes":""},"categories":[187],"tags":[],"class_list":["post-1063375","post","type-post","status-publish","format-standard","has-post-thumbnail","hentry","category-economia"],"aioseo_notices":[],"aioseo_head":"\n\t\t<!-- All in One SEO Pro 4.9.6.2 - aioseo.com -->\n\t<meta name=\"description\" content=\"Fr\u00e1ncfort, 15 abr (dpa) - El tr\u00e1fico de pasajeros en el aeropuerto de Fr\u00e1ncfort cay\u00f3 en la semana de Pascua y debido a la crisis del coronavirus a apenas 3,2 por ciento del registrado un a\u00f1o atr\u00e1s, seg\u00fan inform\u00f3 hoy la empresa operadora Fraport. En la semana del 6 al 12 de abril se contabiliz\u00f3\" \/>\n\t<meta name=\"robots\" content=\"max-image-preview:large\" \/>\n\t<meta name=\"author\" content=\"El Digital de Asturias\"\/>\n\t<meta name=\"google-site-verification\" content=\"UA-38556648-1\" \/>\n\t<meta name=\"msvalidate.01\" content=\"7dfe9f3f1b24437ab69f4f2559babe99\" \/>\n\t<meta name=\"keywords\" content=\"econom\u00eda\" \/>\n\t<link rel=\"canonical\" href=\"https:\/\/www.eldigitaldeasturias.com\/noticias\/el-aeropuerto-de-francfort-practicamente-paralizado\/\" \/>\n\t<meta name=\"generator\" content=\"All in One SEO Pro (AIOSEO) 4.9.6.2\" \/>\n\t\t<meta property=\"og:locale\" content=\"es_ES\" \/>\n\t\t<meta property=\"og:site_name\" content=\"El Digital de Asturias\" \/>\n\t\t<meta property=\"og:type\" content=\"article\" \/>\n\t\t<meta property=\"og:title\" content=\"El aeropuerto de Fr\u00e1ncfort, pr\u00e1cticamente paralizado - El Digital de Asturias\" \/>\n\t\t<meta property=\"og:description\" content=\"Fr\u00e1ncfort, 15 abr (dpa) - El tr\u00e1fico de pasajeros en el aeropuerto de Fr\u00e1ncfort cay\u00f3 en la semana de Pascua y debido a la crisis del coronavirus a apenas 3,2 por ciento del registrado un a\u00f1o atr\u00e1s, seg\u00fan inform\u00f3 hoy la empresa operadora Fraport. En la semana del 6 al 12 de abril se contabiliz\u00f3\" \/>\n\t\t<meta property=\"og:url\" content=\"https:\/\/www.eldigitaldeasturias.com\/noticias\/el-aeropuerto-de-francfort-practicamente-paralizado\/\" \/>\n\t\t<meta property=\"og:image\" content=\"https:\/\/www.eldigitaldeasturias.com\/noticias\/wp-content\/uploads\/2020\/04\/aeropuerto-de-Fr\u00e1ncfort.jpg\" \/>\n\t\t<meta property=\"og:image:secure_url\" content=\"https:\/\/www.eldigitaldeasturias.com\/noticias\/wp-content\/uploads\/2020\/04\/aeropuerto-de-Fr\u00e1ncfort.jpg\" \/>\n\t\t<meta property=\"og:image:width\" content=\"980\" \/>\n\t\t<meta property=\"og:image:height\" content=\"673\" \/>\n\t\t<meta property=\"article:tag\" content=\"econom\u00eda\" \/>\n\t\t<meta property=\"article:published_time\" content=\"2020-04-15T23:51:58+00:00\" \/>\n\t\t<meta property=\"article:modified_time\" content=\"2020-04-15T23:51:58+00:00\" \/>\n\t\t<meta property=\"article:publisher\" content=\"https:\/\/facebook.com\/eldigitaldeasturias\" \/>\n\t\t<meta name=\"twitter:card\" content=\"summary_large_image\" \/>\n\t\t<meta name=\"twitter:title\" content=\"El aeropuerto de Fr\u00e1ncfort, pr\u00e1cticamente paralizado - El Digital de Asturias\" \/>\n\t\t<meta name=\"twitter:description\" content=\"Fr\u00e1ncfort, 15 abr (dpa) - El tr\u00e1fico de pasajeros en el aeropuerto de Fr\u00e1ncfort cay\u00f3 en la semana de Pascua y debido a la crisis del coronavirus a apenas 3,2 por ciento del registrado un a\u00f1o atr\u00e1s, seg\u00fan inform\u00f3 hoy la empresa operadora Fraport. En la semana del 6 al 12 de abril se contabiliz\u00f3\" \/>\n\t\t<meta name=\"twitter:image\" content=\"https:\/\/www.eldigitaldeasturias.com\/noticias\/wp-content\/uploads\/2020\/04\/aeropuerto-de-Fr\u00e1ncfort.jpg\" \/>\n\t\t<meta name=\"twitter:label1\" content=\"Escrito por\" \/>\n\t\t<meta name=\"twitter:data1\" content=\"El Digital de Asturias\" \/>\n\t\t<meta name=\"twitter:label2\" content=\"Tiempo de lectura estimado\" \/>\n\t\t<meta name=\"twitter:data2\" content=\"1 minuto\" \/>\n\t\t<script type=\"application\/ld+json\" class=\"aioseo-schema\">\n\t\t\t{\"@context\":\"https:\\\/\\\/schema.org\",\"@graph\":[{\"@type\":\"BlogPosting\",\"@id\":\"https:\\\/\\\/www.eldigitaldeasturias.com\\\/noticias\\\/el-aeropuerto-de-francfort-practicamente-paralizado\\\/#blogposting\",\"name\":\"El aeropuerto de Fr\\u00e1ncfort, pr\\u00e1cticamente paralizado - El Digital de Asturias\",\"headline\":\"El aeropuerto de Fr\\u00e1ncfort, pr\\u00e1cticamente paralizado\",\"author\":{\"@id\":\"https:\\\/\\\/www.eldigitaldeasturias.com\\\/noticias\\\/author\\\/admin\\\/#author\"},\"publisher\":{\"@id\":\"https:\\\/\\\/www.eldigitaldeasturias.com\\\/noticias\\\/#organization\"},\"image\":{\"@type\":\"ImageObject\",\"url\":\"https:\\\/\\\/www.eldigitaldeasturias.com\\\/noticias\\\/wp-content\\\/uploads\\\/2020\\\/04\\\/aeropuerto-de-Fr\\u00e1ncfort.jpg\",\"width\":980,\"height\":673,\"caption\":\"Foto: Boris Roessler\\\/dpa\"},\"datePublished\":\"2020-04-15T23:51:58+02:00\",\"dateModified\":\"2020-04-15T23:51:58+02:00\",\"inLanguage\":\"es-ES\",\"mainEntityOfPage\":{\"@id\":\"https:\\\/\\\/www.eldigitaldeasturias.com\\\/noticias\\\/el-aeropuerto-de-francfort-practicamente-paralizado\\\/#webpage\"},\"isPartOf\":{\"@id\":\"https:\\\/\\\/www.eldigitaldeasturias.com\\\/noticias\\\/el-aeropuerto-de-francfort-practicamente-paralizado\\\/#webpage\"},\"articleSection\":\"Econom\\u00eda\"},{\"@type\":\"BreadcrumbList\",\"@id\":\"https:\\\/\\\/www.eldigitaldeasturias.com\\\/noticias\\\/el-aeropuerto-de-francfort-practicamente-paralizado\\\/#breadcrumblist\",\"itemListElement\":[{\"@type\":\"ListItem\",\"@id\":\"https:\\\/\\\/www.eldigitaldeasturias.com\\\/noticias#listItem\",\"position\":1,\"name\":\"Home\",\"item\":\"https:\\\/\\\/www.eldigitaldeasturias.com\\\/noticias\",\"nextItem\":{\"@type\":\"ListItem\",\"@id\":\"https:\\\/\\\/www.eldigitaldeasturias.com\\\/noticias\\\/category\\\/economia\\\/#listItem\",\"name\":\"Econom\\u00eda\"}},{\"@type\":\"ListItem\",\"@id\":\"https:\\\/\\\/www.eldigitaldeasturias.com\\\/noticias\\\/category\\\/economia\\\/#listItem\",\"position\":2,\"name\":\"Econom\\u00eda\",\"item\":\"https:\\\/\\\/www.eldigitaldeasturias.com\\\/noticias\\\/category\\\/economia\\\/\",\"nextItem\":{\"@type\":\"ListItem\",\"@id\":\"https:\\\/\\\/www.eldigitaldeasturias.com\\\/noticias\\\/el-aeropuerto-de-francfort-practicamente-paralizado\\\/#listItem\",\"name\":\"El aeropuerto de Fr\\u00e1ncfort, pr\\u00e1cticamente paralizado\"},\"previousItem\":{\"@type\":\"ListItem\",\"@id\":\"https:\\\/\\\/www.eldigitaldeasturias.com\\\/noticias#listItem\",\"name\":\"Home\"}},{\"@type\":\"ListItem\",\"@id\":\"https:\\\/\\\/www.eldigitaldeasturias.com\\\/noticias\\\/el-aeropuerto-de-francfort-practicamente-paralizado\\\/#listItem\",\"position\":3,\"name\":\"El aeropuerto de Fr\\u00e1ncfort, pr\\u00e1cticamente paralizado\",\"previousItem\":{\"@type\":\"ListItem\",\"@id\":\"https:\\\/\\\/www.eldigitaldeasturias.com\\\/noticias\\\/category\\\/economia\\\/#listItem\",\"name\":\"Econom\\u00eda\"}}]},{\"@type\":\"Organization\",\"@id\":\"https:\\\/\\\/www.eldigitaldeasturias.com\\\/noticias\\\/#organization\",\"name\":\"El Digital de Asturias\",\"description\":\"Hemeroteca\",\"url\":\"https:\\\/\\\/www.eldigitaldeasturias.com\\\/noticias\\\/\",\"email\":\"info@eldigitaldeasturias.com\",\"telephone\":\"+34652131393\",\"logo\":{\"@type\":\"ImageObject\",\"url\":\"https:\\\/\\\/www.eldigitaldeasturias.com\\\/noticias\\\/wp-content\\\/uploads\\\/2020\\\/12\\\/EDA.jpg\",\"@id\":\"https:\\\/\\\/www.eldigitaldeasturias.com\\\/noticias\\\/el-aeropuerto-de-francfort-practicamente-paralizado\\\/#organizationLogo\",\"width\":649,\"height\":297},\"image\":{\"@id\":\"https:\\\/\\\/www.eldigitaldeasturias.com\\\/noticias\\\/el-aeropuerto-de-francfort-practicamente-paralizado\\\/#organizationLogo\"},\"sameAs\":[\"https:\\\/\\\/facebook.com\\\/eldigitaldeasturias\",\"https:\\\/\\\/www.youtube.com\\\/channel\\\/UCZP-2wLEB9Rv6erhFmqVnvg\"],\"address\":{\"@id\":\"https:\\\/\\\/www.eldigitaldeasturias.com\\\/noticias\\\/#postaladdress\",\"@type\":\"PostalAddress\",\"streetAddress\":\"san antonio 4,\",\"postalCode\":\"33430\",\"addressLocality\":\"Cand\\u00e1s\",\"addressRegion\":\"Asturias\",\"addressCountry\":\"ES\"}},{\"@type\":\"Person\",\"@id\":\"https:\\\/\\\/www.eldigitaldeasturias.com\\\/noticias\\\/author\\\/admin\\\/#author\",\"url\":\"https:\\\/\\\/www.eldigitaldeasturias.com\\\/noticias\\\/author\\\/admin\\\/\",\"name\":\"El Digital de Asturias\",\"image\":{\"@type\":\"ImageObject\",\"@id\":\"https:\\\/\\\/www.eldigitaldeasturias.com\\\/noticias\\\/el-aeropuerto-de-francfort-practicamente-paralizado\\\/#authorImage\",\"url\":\"https:\\\/\\\/www.eldigitaldeasturias.com\\\/noticias\\\/wp-content\\\/litespeed\\\/avatar\\\/18677e78aa0546b92d9dbf31ec7d7668.jpg?ver=1777290358\",\"width\":96,\"height\":96,\"caption\":\"El Digital de Asturias\"}},{\"@type\":\"WebPage\",\"@id\":\"https:\\\/\\\/www.eldigitaldeasturias.com\\\/noticias\\\/el-aeropuerto-de-francfort-practicamente-paralizado\\\/#webpage\",\"url\":\"https:\\\/\\\/www.eldigitaldeasturias.com\\\/noticias\\\/el-aeropuerto-de-francfort-practicamente-paralizado\\\/\",\"name\":\"El aeropuerto de Fr\\u00e1ncfort, pr\\u00e1cticamente paralizado - El Digital de Asturias\",\"description\":\"Fr\\u00e1ncfort, 15 abr (dpa) - El tr\\u00e1fico de pasajeros en el aeropuerto de Fr\\u00e1ncfort cay\\u00f3 en la semana de Pascua y debido a la crisis del coronavirus a apenas 3,2 por ciento del registrado un a\\u00f1o atr\\u00e1s, seg\\u00fan inform\\u00f3 hoy la empresa operadora Fraport. En la semana del 6 al 12 de abril se contabiliz\\u00f3\",\"inLanguage\":\"es-ES\",\"isPartOf\":{\"@id\":\"https:\\\/\\\/www.eldigitaldeasturias.com\\\/noticias\\\/#website\"},\"breadcrumb\":{\"@id\":\"https:\\\/\\\/www.eldigitaldeasturias.com\\\/noticias\\\/el-aeropuerto-de-francfort-practicamente-paralizado\\\/#breadcrumblist\"},\"author\":{\"@id\":\"https:\\\/\\\/www.eldigitaldeasturias.com\\\/noticias\\\/author\\\/admin\\\/#author\"},\"creator\":{\"@id\":\"https:\\\/\\\/www.eldigitaldeasturias.com\\\/noticias\\\/author\\\/admin\\\/#author\"},\"image\":{\"@type\":\"ImageObject\",\"url\":\"https:\\\/\\\/www.eldigitaldeasturias.com\\\/noticias\\\/wp-content\\\/uploads\\\/2020\\\/04\\\/aeropuerto-de-Fr\\u00e1ncfort.jpg\",\"@id\":\"https:\\\/\\\/www.eldigitaldeasturias.com\\\/noticias\\\/el-aeropuerto-de-francfort-practicamente-paralizado\\\/#mainImage\",\"width\":980,\"height\":673,\"caption\":\"Foto: Boris Roessler\\\/dpa\"},\"primaryImageOfPage\":{\"@id\":\"https:\\\/\\\/www.eldigitaldeasturias.com\\\/noticias\\\/el-aeropuerto-de-francfort-practicamente-paralizado\\\/#mainImage\"},\"datePublished\":\"2020-04-15T23:51:58+02:00\",\"dateModified\":\"2020-04-15T23:51:58+02:00\"},{\"@type\":\"WebSite\",\"@id\":\"https:\\\/\\\/www.eldigitaldeasturias.com\\\/noticias\\\/#website\",\"url\":\"https:\\\/\\\/www.eldigitaldeasturias.com\\\/noticias\\\/\",\"name\":\"El Digital de Asturias - Diario de actualidad y noticias\",\"alternateName\":\"El Digital de Asturias - Diario de actualidad y noticias\",\"description\":\"Hemeroteca\",\"inLanguage\":\"es-ES\",\"publisher\":{\"@id\":\"https:\\\/\\\/www.eldigitaldeasturias.com\\\/noticias\\\/#organization\"}}]}\n\t\t<\/script>\n\t\t<!-- All in One SEO Pro -->\r\n\t\t<title>El aeropuerto de Fr\u00e1ncfort, pr\u00e1cticamente paralizado - El Digital de Asturias<\/title>\n\n","aioseo_head_json":{"title":"El aeropuerto de Fr\u00e1ncfort, pr\u00e1cticamente paralizado - El Digital de Asturias","description":"Fr\u00e1ncfort, 15 abr (dpa) - El tr\u00e1fico de pasajeros en el aeropuerto de Fr\u00e1ncfort cay\u00f3 en la semana de Pascua y debido a la crisis del coronavirus a apenas 3,2 por ciento del registrado un a\u00f1o atr\u00e1s, seg\u00fan inform\u00f3 hoy la empresa operadora Fraport. En la semana del 6 al 12 de abril se contabiliz\u00f3","canonical_url":"https:\/\/www.eldigitaldeasturias.com\/noticias\/el-aeropuerto-de-francfort-practicamente-paralizado\/","robots":"max-image-preview:large","keywords":"econom\u00eda","webmasterTools":{"google-site-verification":"UA-38556648-1","msvalidate.01":"7dfe9f3f1b24437ab69f4f2559babe99","miscellaneous":""},"schema":{"@context":"https:\/\/schema.org","@graph":[{"@type":"BlogPosting","@id":"https:\/\/www.eldigitaldeasturias.com\/noticias\/el-aeropuerto-de-francfort-practicamente-paralizado\/#blogposting","name":"El aeropuerto de Fr\u00e1ncfort, pr\u00e1cticamente paralizado - El Digital de Asturias","headline":"El aeropuerto de Fr\u00e1ncfort, pr\u00e1cticamente paralizado","author":{"@id":"https:\/\/www.eldigitaldeasturias.com\/noticias\/author\/admin\/#author"},"publisher":{"@id":"https:\/\/www.eldigitaldeasturias.com\/noticias\/#organization"},"image":{"@type":"ImageObject","url":"https:\/\/www.eldigitaldeasturias.com\/noticias\/wp-content\/uploads\/2020\/04\/aeropuerto-de-Fr\u00e1ncfort.jpg","width":980,"height":673,"caption":"Foto: Boris Roessler\/dpa"},"datePublished":"2020-04-15T23:51:58+02:00","dateModified":"2020-04-15T23:51:58+02:00","inLanguage":"es-ES","mainEntityOfPage":{"@id":"https:\/\/www.eldigitaldeasturias.com\/noticias\/el-aeropuerto-de-francfort-practicamente-paralizado\/#webpage"},"isPartOf":{"@id":"https:\/\/www.eldigitaldeasturias.com\/noticias\/el-aeropuerto-de-francfort-practicamente-paralizado\/#webpage"},"articleSection":"Econom\u00eda"},{"@type":"BreadcrumbList","@id":"https:\/\/www.eldigitaldeasturias.com\/noticias\/el-aeropuerto-de-francfort-practicamente-paralizado\/#breadcrumblist","itemListElement":[{"@type":"ListItem","@id":"https:\/\/www.eldigitaldeasturias.com\/noticias#listItem","position":1,"name":"Home","item":"https:\/\/www.eldigitaldeasturias.com\/noticias","nextItem":{"@type":"ListItem","@id":"https:\/\/www.eldigitaldeasturias.com\/noticias\/category\/economia\/#listItem","name":"Econom\u00eda"}},{"@type":"ListItem","@id":"https:\/\/www.eldigitaldeasturias.com\/noticias\/category\/economia\/#listItem","position":2,"name":"Econom\u00eda","item":"https:\/\/www.eldigitaldeasturias.com\/noticias\/category\/economia\/","nextItem":{"@type":"ListItem","@id":"https:\/\/www.eldigitaldeasturias.com\/noticias\/el-aeropuerto-de-francfort-practicamente-paralizado\/#listItem","name":"El aeropuerto de Fr\u00e1ncfort, pr\u00e1cticamente paralizado"},"previousItem":{"@type":"ListItem","@id":"https:\/\/www.eldigitaldeasturias.com\/noticias#listItem","name":"Home"}},{"@type":"ListItem","@id":"https:\/\/www.eldigitaldeasturias.com\/noticias\/el-aeropuerto-de-francfort-practicamente-paralizado\/#listItem","position":3,"name":"El aeropuerto de Fr\u00e1ncfort, pr\u00e1cticamente paralizado","previousItem":{"@type":"ListItem","@id":"https:\/\/www.eldigitaldeasturias.com\/noticias\/category\/economia\/#listItem","name":"Econom\u00eda"}}]},{"@type":"Organization","@id":"https:\/\/www.eldigitaldeasturias.com\/noticias\/#organization","name":"El Digital de Asturias","description":"Hemeroteca","url":"https:\/\/www.eldigitaldeasturias.com\/noticias\/","email":"info@eldigitaldeasturias.com","telephone":"+34652131393","logo":{"@type":"ImageObject","url":"https:\/\/www.eldigitaldeasturias.com\/noticias\/wp-content\/uploads\/2020\/12\/EDA.jpg","@id":"https:\/\/www.eldigitaldeasturias.com\/noticias\/el-aeropuerto-de-francfort-practicamente-paralizado\/#organizationLogo","width":649,"height":297},"image":{"@id":"https:\/\/www.eldigitaldeasturias.com\/noticias\/el-aeropuerto-de-francfort-practicamente-paralizado\/#organizationLogo"},"sameAs":["https:\/\/facebook.com\/eldigitaldeasturias","https:\/\/www.youtube.com\/channel\/UCZP-2wLEB9Rv6erhFmqVnvg"],"address":{"@id":"https:\/\/www.eldigitaldeasturias.com\/noticias\/#postaladdress","@type":"PostalAddress","streetAddress":"san antonio 4,","postalCode":"33430","addressLocality":"Cand\u00e1s","addressRegion":"Asturias","addressCountry":"ES"}},{"@type":"Person","@id":"https:\/\/www.eldigitaldeasturias.com\/noticias\/author\/admin\/#author","url":"https:\/\/www.eldigitaldeasturias.com\/noticias\/author\/admin\/","name":"El Digital de Asturias","image":{"@type":"ImageObject","@id":"https:\/\/www.eldigitaldeasturias.com\/noticias\/el-aeropuerto-de-francfort-practicamente-paralizado\/#authorImage","url":"https:\/\/www.eldigitaldeasturias.com\/noticias\/wp-content\/litespeed\/avatar\/18677e78aa0546b92d9dbf31ec7d7668.jpg?ver=1777290358","width":96,"height":96,"caption":"El Digital de Asturias"}},{"@type":"WebPage","@id":"https:\/\/www.eldigitaldeasturias.com\/noticias\/el-aeropuerto-de-francfort-practicamente-paralizado\/#webpage","url":"https:\/\/www.eldigitaldeasturias.com\/noticias\/el-aeropuerto-de-francfort-practicamente-paralizado\/","name":"El aeropuerto de Fr\u00e1ncfort, pr\u00e1cticamente paralizado - El Digital de Asturias","description":"Fr\u00e1ncfort, 15 abr (dpa) - El tr\u00e1fico de pasajeros en el aeropuerto de Fr\u00e1ncfort cay\u00f3 en la semana de Pascua y debido a la crisis del coronavirus a apenas 3,2 por ciento del registrado un a\u00f1o atr\u00e1s, seg\u00fan inform\u00f3 hoy la empresa operadora Fraport. En la semana del 6 al 12 de abril se contabiliz\u00f3","inLanguage":"es-ES","isPartOf":{"@id":"https:\/\/www.eldigitaldeasturias.com\/noticias\/#website"},"breadcrumb":{"@id":"https:\/\/www.eldigitaldeasturias.com\/noticias\/el-aeropuerto-de-francfort-practicamente-paralizado\/#breadcrumblist"},"author":{"@id":"https:\/\/www.eldigitaldeasturias.com\/noticias\/author\/admin\/#author"},"creator":{"@id":"https:\/\/www.eldigitaldeasturias.com\/noticias\/author\/admin\/#author"},"image":{"@type":"ImageObject","url":"https:\/\/www.eldigitaldeasturias.com\/noticias\/wp-content\/uploads\/2020\/04\/aeropuerto-de-Fr\u00e1ncfort.jpg","@id":"https:\/\/www.eldigitaldeasturias.com\/noticias\/el-aeropuerto-de-francfort-practicamente-paralizado\/#mainImage","width":980,"height":673,"caption":"Foto: Boris Roessler\/dpa"},"primaryImageOfPage":{"@id":"https:\/\/www.eldigitaldeasturias.com\/noticias\/el-aeropuerto-de-francfort-practicamente-paralizado\/#mainImage"},"datePublished":"2020-04-15T23:51:58+02:00","dateModified":"2020-04-15T23:51:58+02:00"},{"@type":"WebSite","@id":"https:\/\/www.eldigitaldeasturias.com\/noticias\/#website","url":"https:\/\/www.eldigitaldeasturias.com\/noticias\/","name":"El Digital de Asturias - Diario de actualidad y noticias","alternateName":"El Digital de Asturias - Diario de actualidad y noticias","description":"Hemeroteca","inLanguage":"es-ES","publisher":{"@id":"https:\/\/www.eldigitaldeasturias.com\/noticias\/#organization"}}]},"og:locale":"es_ES","og:site_name":"El Digital de Asturias","og:type":"article","og:title":"El aeropuerto de Fr\u00e1ncfort, pr\u00e1cticamente paralizado - El Digital de Asturias","og:description":"Fr\u00e1ncfort, 15 abr (dpa) - El tr\u00e1fico de pasajeros en el aeropuerto de Fr\u00e1ncfort cay\u00f3 en la semana de Pascua y debido a la crisis del coronavirus a apenas 3,2 por ciento del registrado un a\u00f1o atr\u00e1s, seg\u00fan inform\u00f3 hoy la empresa operadora Fraport. En la semana del 6 al 12 de abril se contabiliz\u00f3","og:url":"https:\/\/www.eldigitaldeasturias.com\/noticias\/el-aeropuerto-de-francfort-practicamente-paralizado\/","og:image":"https:\/\/www.eldigitaldeasturias.com\/noticias\/wp-content\/uploads\/2020\/04\/aeropuerto-de-Fr\u00e1ncfort.jpg","og:image:secure_url":"https:\/\/www.eldigitaldeasturias.com\/noticias\/wp-content\/uploads\/2020\/04\/aeropuerto-de-Fr\u00e1ncfort.jpg","og:image:width":980,"og:image:height":673,"article:tag":["econom\u00eda"],"article:published_time":"2020-04-15T23:51:58+00:00","article:modified_time":"2020-04-15T23:51:58+00:00","article:publisher":"https:\/\/facebook.com\/eldigitaldeasturias","twitter:card":"summary_large_image","twitter:title":"El aeropuerto de Fr\u00e1ncfort, pr\u00e1cticamente paralizado - El Digital de Asturias","twitter:description":"Fr\u00e1ncfort, 15 abr (dpa) - El tr\u00e1fico de pasajeros en el aeropuerto de Fr\u00e1ncfort cay\u00f3 en la semana de Pascua y debido a la crisis del coronavirus a apenas 3,2 por ciento del registrado un a\u00f1o atr\u00e1s, seg\u00fan inform\u00f3 hoy la empresa operadora Fraport. En la semana del 6 al 12 de abril se contabiliz\u00f3","twitter:image":"https:\/\/www.eldigitaldeasturias.com\/noticias\/wp-content\/uploads\/2020\/04\/aeropuerto-de-Fr\u00e1ncfort.jpg","twitter:label1":"Escrito por","twitter:data1":"El Digital de Asturias","twitter:label2":"Tiempo de lectura estimado","twitter:data2":"1 minuto"},"aioseo_meta_data":{"post_id":"1063375","title":null,"description":null,"keywords":null,"keyphrases":null,"primary_term":null,"canonical_url":null,"og_title":null,"og_description":null,"og_object_type":"default","og_image_type":"default","og_image_url":null,"og_image_width":null,"og_image_height":null,"og_image_custom_url":null,"og_image_custom_fields":null,"og_video":null,"og_custom_url":null,"og_article_section":null,"og_article_tags":null,"twitter_use_og":false,"twitter_card":"default","twitter_image_type":"default","twitter_image_url":null,"twitter_image_custom_url":null,"twitter_image_custom_fields":null,"twitter_title":null,"twitter_description":null,"schema":{"blockGraphs":[],"customGraphs":[],"default":{"data":{"Article":[],"Course":[],"Dataset":[],"FAQPage":[],"Movie":[],"Person":[],"Product":[],"ProductReview":[],"Car":[],"Recipe":[],"Service":[],"SoftwareApplication":[],"WebPage":[]},"graphName":"","isEnabled":true},"graphs":[],"defaultGraph":"","defaultPostTypeGraph":""},"schema_type":null,"schema_type_options":null,"pillar_content":false,"robots_default":true,"robots_noindex":false,"robots_noarchive":false,"robots_nosnippet":false,"robots_nofollow":false,"robots_noimageindex":false,"robots_noodp":false,"robots_notranslate":false,"robots_max_snippet":null,"robots_max_videopreview":null,"robots_max_imagepreview":"large","priority":null,"frequency":null,"local_seo":null,"seo_analyzer_scan_date":"2025-09-12 06:05:54","breadcrumb_settings":null,"limit_modified_date":false,"open_ai":null,"ai":null,"created":"2020-12-21 10:52:53","updated":"2025-09-12 06:05:54"},"aioseo_breadcrumb":"<div class=\"aioseo-breadcrumbs\"><span class=\"aioseo-breadcrumb\">\n\t<a href=\"https:\/\/www.eldigitaldeasturias.com\/noticias\" title=\"Home\">Home<\/a>\n<\/span><span class=\"aioseo-breadcrumb-separator\">\u2013<\/span><span class=\"aioseo-breadcrumb\">\n\t<a href=\"https:\/\/www.eldigitaldeasturias.com\/noticias\/category\/economia\/\" title=\"Econom\u00eda\">Econom\u00eda<\/a>\n<\/span><span class=\"aioseo-breadcrumb-separator\">\u2013<\/span><span class=\"aioseo-breadcrumb\">\n\t<a href=\"https:\/\/www.eldigitaldeasturias.com\/noticias\/el-aeropuerto-de-francfort-practicamente-paralizado\/\" title=\"El aeropuerto de Fr\u00e1ncfort, pr\u00e1cticamente paralizado\">El aeropuerto de Fr\u00e1ncfort, pr\u00e1cticamente paralizado<\/a>\n<\/span><\/div>","aioseo_breadcrumb_json":[{"label":"Home","link":"https:\/\/www.eldigitaldeasturias.com\/noticias"},{"label":"Econom\u00eda","link":"https:\/\/www.eldigitaldeasturias.com\/noticias\/category\/economia\/"},{"label":"El aeropuerto de Fr\u00e1ncfort, pr\u00e1cticamente paralizado","link":"https:\/\/www.eldigitaldeasturias.com\/noticias\/el-aeropuerto-de-francfort-practicamente-paralizado\/"}],"_links":{"self":[{"href":"https:\/\/www.eldigitaldeasturias.com\/noticias\/wp-json\/wp\/v2\/posts\/1063375","targetHints":{"allow":["GET"]}}],"collection":[{"href":"https:\/\/www.eldigitaldeasturias.com\/noticias\/wp-json\/wp\/v2\/posts"}],"about":[{"href":"https:\/\/www.eldigitaldeasturias.com\/noticias\/wp-json\/wp\/v2\/types\/post"}],"author":[{"embeddable":true,"href":"https:\/\/www.eldigitaldeasturias.com\/noticias\/wp-json\/wp\/v2\/users\/1"}],"replies":[{"embeddable":true,"href":"https:\/\/www.eldigitaldeasturias.com\/noticias\/wp-json\/wp\/v2\/comments?post=1063375"}],"version-history":[{"count":0,"href":"https:\/\/www.eldigitaldeasturias.com\/noticias\/wp-json\/wp\/v2\/posts\/1063375\/revisions"}],"wp:featuredmedia":[{"embeddable":true,"href":"https:\/\/www.eldigitaldeasturias.com\/noticias\/wp-json\/wp\/v2\/media\/1063376"}],"wp:attachment":[{"href":"https:\/\/www.eldigitaldeasturias.com\/noticias\/wp-json\/wp\/v2\/media?parent=1063375"}],"wp:term":[{"taxonomy":"category","embeddable":true,"href":"https:\/\/www.eldigitaldeasturias.com\/noticias\/wp-json\/wp\/v2\/categories?post=1063375"},{"taxonomy":"post_tag","embeddable":true,"href":"https:\/\/www.eldigitaldeasturias.com\/noticias\/wp-json\/wp\/v2\/tags?post=1063375"}],"curies":[{"name":"wp","href":"https:\/\/api.w.org\/{rel}","templated":true}]}}