{"id":1063078,"date":"2020-04-11T13:16:37","date_gmt":"2020-04-11T13:16:37","guid":{"rendered":"https:\/\/www.eldigitaldeasturias.com\/noticias\/?p=1063078"},"modified":"2020-04-11T13:16:37","modified_gmt":"2020-04-11T13:16:37","slug":"vacaciones-que-echamos-de-menos-cuando-nos-quedamos-sin-ellas","status":"publish","type":"post","link":"https:\/\/www.eldigitaldeasturias.com\/noticias\/vacaciones-que-echamos-de-menos-cuando-nos-quedamos-sin-ellas\/","title":{"rendered":"Vacaciones: \u00bfQu\u00e9 echamos de menos cuando nos quedamos sin ellas?"},"content":{"rendered":"<p>(dpa) &#8211; Dos palabras van muy unidas, vacaciones y felicidad, como si mientras hacemos las maletas cada vez que salimos de viaje nos invadiese una inmensa alegr\u00eda. Pero la pandemia del coronavirus nos devuelve a la realidad: La felicidad se acab\u00f3, \u00bfy las vacaciones?<\/p>\n<figure id=\"attachment_1063079\" aria-describedby=\"caption-attachment-1063079\" style=\"width: 670px\" class=\"wp-caption aligncenter\"><img loading=\"lazy\" decoding=\"async\" class=\"wp-image-1063079\" src=\"https:\/\/www.eldigitaldeasturias.com\/noticias\/wp-content\/uploads\/2020\/04\/sin-vacaciones-360x224.jpg\" alt=\"\" width=\"670\" height=\"417\" srcset=\"https:\/\/www.eldigitaldeasturias.com\/noticias\/wp-content\/uploads\/2020\/04\/sin-vacaciones-360x224.jpg 360w, https:\/\/www.eldigitaldeasturias.com\/noticias\/wp-content\/uploads\/2020\/04\/sin-vacaciones-690x429.jpg 690w, https:\/\/www.eldigitaldeasturias.com\/noticias\/wp-content\/uploads\/2020\/04\/sin-vacaciones-480x300.jpg 480w, https:\/\/www.eldigitaldeasturias.com\/noticias\/wp-content\/uploads\/2020\/04\/sin-vacaciones-768x478.jpg 768w, https:\/\/www.eldigitaldeasturias.com\/noticias\/wp-content\/uploads\/2020\/04\/sin-vacaciones-1024x637.jpg 1024w, https:\/\/www.eldigitaldeasturias.com\/noticias\/wp-content\/uploads\/2020\/04\/sin-vacaciones.jpg 1082w\" sizes=\"auto, (max-width: 670px) 100vw, 670px\" \/><figcaption id=\"caption-attachment-1063079\" class=\"wp-caption-text\">Millones se quedan ahora en casa en lugar de viajar. Foto: Sven Hoppe\/dpa\/dpa-tmn<\/figcaption><\/figure>\n<p>Irse de vacaciones ahora es imposible y los ciudadanos a los que la crisis los sorprendi\u00f3 en ellas deben volver inmediatamente a casa.<\/p>\n<h3>Las vacaciones so\u00f1adas son para explicarlas<\/h3>\n<p>Los operadores tur\u00edsticos y los propios viajeros ans\u00edan explicar sus vacaciones, ya sea en persona, subiendo fotos a Instagram o en un mensaje por WhatsApp: \u00ab\u00a1Me lo estoy pasando muy bien!\u00bb.<\/p>\n<p>\u00bfQu\u00e9 pasa si el factor de felicidad que proporciona irse de viaje desaparece repentinamente? Si en lugar de tomar un avi\u00f3n con destino a Cerde\u00f1a o San Francisco tenemos que quedarnos encerrados en casa. Y todo ello sin saber hasta cu\u00e1ndo.<\/p>\n<p>El Profesor Horst Opaschowski, especialista e investigador en turismo, lleva m\u00e1s de 30 a\u00f1os estudiando a los viajeros y sus viajes: \u00bfPor qu\u00e9 viaja la gente? \u00bfA d\u00f3nde van? \u00bfQu\u00e9 buscan tan lejos de su casa? Pero es la primera vez que se enfrenta al hecho de que, de repente, no puedan viajar.<\/p>\n<h3>El miedo a quedarse en casa<\/h3>\n<p>\u00abSi no viajan, las personas corren el riesgo de sufrir s\u00edndrome de abstinencia\u00bb, seg\u00fan Opaschowski. \u00abLos viajes son algo muy humano: Nos desplaz\u00e1bamos antes de asentarnos\u00bb, a\u00f1ade, y asegura que la historia del ser humano es una historia de movilidad y viajes.<\/p>\n<p>Opaschowski rememora una cita del erudito franc\u00e9s Blaise Pascal (1623-1662), que viene a decir: Toda desgracia emana del hecho que la gente no pueda estarse quieta en su habitaci\u00f3n. Horror vacui: El miedo al vac\u00edo.<\/p>\n<h3>Ya no seremos los mismos<\/h3>\n<p>\u00abViajar es la forma m\u00e1s popular de felicidad\u00bb, prosigue el experto, fundamentando su afirmaci\u00f3n en que \u00ablos viajes permiten cambiar de lugar y tambi\u00e9n de rol\u00bb. Ahora, ambas cosas son imposibles.<\/p>\n<p>\u00abCada persona asume un papel diferente en las vacaciones y en los viajes, lo que se puede ver a menudo en la indumentaria\u00bb, asegura, mientras la realidad hace que ahora todos se recojan en s\u00ed mismos.<\/p>\n<p>\u00abLa fuerza que impulsa a viajar es el miedo a perderse algo en la vida\u00bb, a\u00f1ade Opaschowski, porque cuanto m\u00e1s joven es uno, m\u00e1s importante es el viaje. Seg\u00fan \u00e9l, en los \u00faltimos a\u00f1os parece que los viajes son un s\u00edmbolo de status y dan sentido a la vida.<\/p>\n<p>\u00bfLleg\u00f3 el momento de cuestionar el hedonismo que proporcionan las aerol\u00edneas de bajo coste, facilitando a cualquiera un agitado viaje de fin de semana a Londres, Roma o Barcelona?<\/p>\n<p>\u00abEsa es la ilusi\u00f3n, pero no creo que vaya a funcionar as\u00ed. Nos hemos acostumbrado demasiado a poder viajar cuando queramos\u00bb, dice Opaschowski con escepticismo. \u00abEs una adicci\u00f3n\u00bb, explica.<\/p>\n<h3>El descanso tiene fecha de caducidad<\/h3>\n<p>Pero, \u00bfno es agradable disfrutar de tu casa, para variar? Depende del tiempo que dure la prohibici\u00f3n de viajar. \u00abNo importa si la decoraci\u00f3n de tu casa es hermosa, en alg\u00fan momento tendr\u00e1s que salir de ella\u00bb, considera Opaschowski.<\/p>\n<p>\u00abHay una necesidad de dejar a un lado las actividades diarias, los h\u00e1bitos, las reuniones y la rutina\u00bb, contin\u00faa el experto, para quien la gente lo que necesita es un contraste con la vida diaria.<\/p>\n<p>Opaschowski no cree que esta tranquilidad obligada, que es algo impuesto, sea buena a largo plazo, y la compara con las ganas de jubilarse: \u00abMucha gente espera con anhelo el final de su vida laboral. Desean estar en casa, pero esas ganas no duran siempre\u00bb.<\/p>\n<p>El aburrimiento \u00abtambi\u00e9n se puede disfrutar mientras dure, pero los humanos son seres activos, necesitan tener algo que hacer\u00bb, insiste Opaschowski, quien describe este ciclo vital: La inquietud de tener algo que hacer lleva al estr\u00e9s. As\u00ed uno desea paz y tranquilidad. Y cuando se consigue esa paz, no se puede soportar mucho tiempo.<\/p>\n<h3>Pronto llegar\u00e1 el pr\u00f3ximo viaje<\/h3>\n<p>Hasta que no remita la pandemia, podemos hacer planes y so\u00f1ar con viajar pronto: La ilusi\u00f3n tambi\u00e9n es una forma de felicidad.<\/p>\n<p>\u00bfCambiar\u00e1 la crisis del coronavirus la forma de viajar para siempre? Opaschowski no lo cree. \u00abViv\u00ed la crisis del petr\u00f3leo, Chern\u00f3bil, la Guerra del Golfo de 1991 y los atentados del 11 de septiembre\u00bb, recuerda el investigador.<\/p>\n<p>\u00abTodo el mundo dec\u00eda que nada volver\u00eda a ser lo mismo. Pero eso no pas\u00f3 nunca\u00bb, sentencia.<\/p>\n<p>Por Philipp Laage (dpa)<\/p>\n","protected":false},"excerpt":{"rendered":"<p>(dpa) &#8211; Dos palabras van muy unidas, vacaciones y felicidad, como si mientras hacemos las maletas cada vez que salimos de viaje nos invadiese una inmensa alegr\u00eda. Pero la pandemia del coronavirus nos devuelve a la realidad: La felicidad se acab\u00f3, \u00bfy las vacaciones? Irse de vacaciones ahora es imposible y los ciudadanos a los [&hellip;]<\/p>\n","protected":false},"author":1,"featured_media":1063079,"comment_status":"closed","ping_status":"closed","sticky":false,"template":"","format":"standard","meta":{"footnotes":""},"categories":[141,28],"tags":[],"class_list":["post-1063078","post","type-post","status-publish","format-standard","has-post-thumbnail","hentry","category-destacadas","category-sociedad"],"aioseo_notices":[],"aioseo_head":"\n\t\t<!-- All in One SEO Pro 4.9.6.2 - aioseo.com -->\n\t<meta name=\"description\" content=\"(dpa) - Dos palabras van muy unidas, vacaciones y felicidad, como si mientras hacemos las maletas cada vez que salimos de viaje nos invadiese una inmensa alegr\u00eda. Pero la pandemia del coronavirus nos devuelve a la realidad: La felicidad se acab\u00f3, \u00bfy las vacaciones? Irse de vacaciones ahora es imposible y los ciudadanos a los\" \/>\n\t<meta name=\"robots\" content=\"max-image-preview:large\" \/>\n\t<meta name=\"author\" content=\"El Digital de Asturias\"\/>\n\t<meta name=\"google-site-verification\" content=\"UA-38556648-1\" \/>\n\t<meta name=\"msvalidate.01\" content=\"7dfe9f3f1b24437ab69f4f2559babe99\" \/>\n\t<meta name=\"keywords\" content=\"destacadas,sociedad\" \/>\n\t<link rel=\"canonical\" href=\"https:\/\/www.eldigitaldeasturias.com\/noticias\/vacaciones-que-echamos-de-menos-cuando-nos-quedamos-sin-ellas\/\" \/>\n\t<meta name=\"generator\" content=\"All in One SEO Pro (AIOSEO) 4.9.6.2\" \/>\n\t\t<meta property=\"og:locale\" content=\"es_ES\" \/>\n\t\t<meta property=\"og:site_name\" content=\"El Digital de Asturias\" \/>\n\t\t<meta property=\"og:type\" content=\"article\" \/>\n\t\t<meta property=\"og:title\" content=\"Vacaciones: \u00bfQu\u00e9 echamos de menos cuando nos quedamos sin ellas? - El Digital de Asturias\" \/>\n\t\t<meta property=\"og:description\" content=\"(dpa) - Dos palabras van muy unidas, vacaciones y felicidad, como si mientras hacemos las maletas cada vez que salimos de viaje nos invadiese una inmensa alegr\u00eda. Pero la pandemia del coronavirus nos devuelve a la realidad: La felicidad se acab\u00f3, \u00bfy las vacaciones? Irse de vacaciones ahora es imposible y los ciudadanos a los\" \/>\n\t\t<meta property=\"og:url\" content=\"https:\/\/www.eldigitaldeasturias.com\/noticias\/vacaciones-que-echamos-de-menos-cuando-nos-quedamos-sin-ellas\/\" \/>\n\t\t<meta property=\"og:image\" content=\"https:\/\/www.eldigitaldeasturias.com\/noticias\/wp-content\/uploads\/2020\/04\/sin-vacaciones.jpg\" \/>\n\t\t<meta property=\"og:image:secure_url\" content=\"https:\/\/www.eldigitaldeasturias.com\/noticias\/wp-content\/uploads\/2020\/04\/sin-vacaciones.jpg\" \/>\n\t\t<meta property=\"og:image:width\" content=\"1082\" \/>\n\t\t<meta property=\"og:image:height\" content=\"673\" \/>\n\t\t<meta property=\"article:tag\" content=\"destacadas\" \/>\n\t\t<meta property=\"article:tag\" content=\"sociedad\" \/>\n\t\t<meta property=\"article:published_time\" content=\"2020-04-11T13:16:37+00:00\" \/>\n\t\t<meta property=\"article:modified_time\" content=\"2020-04-11T13:16:37+00:00\" \/>\n\t\t<meta property=\"article:publisher\" content=\"https:\/\/facebook.com\/eldigitaldeasturias\" \/>\n\t\t<meta name=\"twitter:card\" content=\"summary_large_image\" \/>\n\t\t<meta name=\"twitter:title\" content=\"Vacaciones: \u00bfQu\u00e9 echamos de menos cuando nos quedamos sin ellas? - El Digital de Asturias\" \/>\n\t\t<meta name=\"twitter:description\" content=\"(dpa) - Dos palabras van muy unidas, vacaciones y felicidad, como si mientras hacemos las maletas cada vez que salimos de viaje nos invadiese una inmensa alegr\u00eda. Pero la pandemia del coronavirus nos devuelve a la realidad: La felicidad se acab\u00f3, \u00bfy las vacaciones? Irse de vacaciones ahora es imposible y los ciudadanos a los\" \/>\n\t\t<meta name=\"twitter:image\" content=\"https:\/\/www.eldigitaldeasturias.com\/noticias\/wp-content\/uploads\/2020\/04\/sin-vacaciones.jpg\" \/>\n\t\t<meta name=\"twitter:label1\" content=\"Escrito por\" \/>\n\t\t<meta name=\"twitter:data1\" content=\"El Digital de Asturias\" \/>\n\t\t<meta name=\"twitter:label2\" content=\"Tiempo de lectura estimado\" \/>\n\t\t<meta name=\"twitter:data2\" content=\"4 minutos\" \/>\n\t\t<script type=\"application\/ld+json\" class=\"aioseo-schema\">\n\t\t\t{\"@context\":\"https:\\\/\\\/schema.org\",\"@graph\":[{\"@type\":\"BlogPosting\",\"@id\":\"https:\\\/\\\/www.eldigitaldeasturias.com\\\/noticias\\\/vacaciones-que-echamos-de-menos-cuando-nos-quedamos-sin-ellas\\\/#blogposting\",\"name\":\"Vacaciones: \\u00bfQu\\u00e9 echamos de menos cuando nos quedamos sin ellas? - El Digital de Asturias\",\"headline\":\"Vacaciones: \\u00bfQu\\u00e9 echamos de menos cuando nos quedamos sin ellas?\",\"author\":{\"@id\":\"https:\\\/\\\/www.eldigitaldeasturias.com\\\/noticias\\\/author\\\/admin\\\/#author\"},\"publisher\":{\"@id\":\"https:\\\/\\\/www.eldigitaldeasturias.com\\\/noticias\\\/#organization\"},\"image\":{\"@type\":\"ImageObject\",\"url\":\"https:\\\/\\\/www.eldigitaldeasturias.com\\\/noticias\\\/wp-content\\\/uploads\\\/2020\\\/04\\\/sin-vacaciones.jpg\",\"width\":1082,\"height\":673,\"caption\":\"Millones se quedan ahora en casa en lugar de viajar. Foto: Sven Hoppe\\\/dpa\\\/dpa-tmn\"},\"datePublished\":\"2020-04-11T13:16:37+02:00\",\"dateModified\":\"2020-04-11T13:16:37+02:00\",\"inLanguage\":\"es-ES\",\"mainEntityOfPage\":{\"@id\":\"https:\\\/\\\/www.eldigitaldeasturias.com\\\/noticias\\\/vacaciones-que-echamos-de-menos-cuando-nos-quedamos-sin-ellas\\\/#webpage\"},\"isPartOf\":{\"@id\":\"https:\\\/\\\/www.eldigitaldeasturias.com\\\/noticias\\\/vacaciones-que-echamos-de-menos-cuando-nos-quedamos-sin-ellas\\\/#webpage\"},\"articleSection\":\"Destacadas, Sociedad\"},{\"@type\":\"BreadcrumbList\",\"@id\":\"https:\\\/\\\/www.eldigitaldeasturias.com\\\/noticias\\\/vacaciones-que-echamos-de-menos-cuando-nos-quedamos-sin-ellas\\\/#breadcrumblist\",\"itemListElement\":[{\"@type\":\"ListItem\",\"@id\":\"https:\\\/\\\/www.eldigitaldeasturias.com\\\/noticias#listItem\",\"position\":1,\"name\":\"Home\",\"item\":\"https:\\\/\\\/www.eldigitaldeasturias.com\\\/noticias\",\"nextItem\":{\"@type\":\"ListItem\",\"@id\":\"https:\\\/\\\/www.eldigitaldeasturias.com\\\/noticias\\\/category\\\/sociedad\\\/#listItem\",\"name\":\"Sociedad\"}},{\"@type\":\"ListItem\",\"@id\":\"https:\\\/\\\/www.eldigitaldeasturias.com\\\/noticias\\\/category\\\/sociedad\\\/#listItem\",\"position\":2,\"name\":\"Sociedad\",\"item\":\"https:\\\/\\\/www.eldigitaldeasturias.com\\\/noticias\\\/category\\\/sociedad\\\/\",\"nextItem\":{\"@type\":\"ListItem\",\"@id\":\"https:\\\/\\\/www.eldigitaldeasturias.com\\\/noticias\\\/vacaciones-que-echamos-de-menos-cuando-nos-quedamos-sin-ellas\\\/#listItem\",\"name\":\"Vacaciones: \\u00bfQu\\u00e9 echamos de menos cuando nos quedamos sin ellas?\"},\"previousItem\":{\"@type\":\"ListItem\",\"@id\":\"https:\\\/\\\/www.eldigitaldeasturias.com\\\/noticias#listItem\",\"name\":\"Home\"}},{\"@type\":\"ListItem\",\"@id\":\"https:\\\/\\\/www.eldigitaldeasturias.com\\\/noticias\\\/vacaciones-que-echamos-de-menos-cuando-nos-quedamos-sin-ellas\\\/#listItem\",\"position\":3,\"name\":\"Vacaciones: \\u00bfQu\\u00e9 echamos de menos cuando nos quedamos sin ellas?\",\"previousItem\":{\"@type\":\"ListItem\",\"@id\":\"https:\\\/\\\/www.eldigitaldeasturias.com\\\/noticias\\\/category\\\/sociedad\\\/#listItem\",\"name\":\"Sociedad\"}}]},{\"@type\":\"Organization\",\"@id\":\"https:\\\/\\\/www.eldigitaldeasturias.com\\\/noticias\\\/#organization\",\"name\":\"El Digital de Asturias\",\"description\":\"Hemeroteca\",\"url\":\"https:\\\/\\\/www.eldigitaldeasturias.com\\\/noticias\\\/\",\"email\":\"info@eldigitaldeasturias.com\",\"telephone\":\"+34652131393\",\"logo\":{\"@type\":\"ImageObject\",\"url\":\"https:\\\/\\\/www.eldigitaldeasturias.com\\\/noticias\\\/wp-content\\\/uploads\\\/2020\\\/12\\\/EDA.jpg\",\"@id\":\"https:\\\/\\\/www.eldigitaldeasturias.com\\\/noticias\\\/vacaciones-que-echamos-de-menos-cuando-nos-quedamos-sin-ellas\\\/#organizationLogo\",\"width\":649,\"height\":297},\"image\":{\"@id\":\"https:\\\/\\\/www.eldigitaldeasturias.com\\\/noticias\\\/vacaciones-que-echamos-de-menos-cuando-nos-quedamos-sin-ellas\\\/#organizationLogo\"},\"sameAs\":[\"https:\\\/\\\/facebook.com\\\/eldigitaldeasturias\",\"https:\\\/\\\/www.youtube.com\\\/channel\\\/UCZP-2wLEB9Rv6erhFmqVnvg\"],\"address\":{\"@id\":\"https:\\\/\\\/www.eldigitaldeasturias.com\\\/noticias\\\/#postaladdress\",\"@type\":\"PostalAddress\",\"streetAddress\":\"san antonio 4,\",\"postalCode\":\"33430\",\"addressLocality\":\"Cand\\u00e1s\",\"addressRegion\":\"Asturias\",\"addressCountry\":\"ES\"}},{\"@type\":\"Person\",\"@id\":\"https:\\\/\\\/www.eldigitaldeasturias.com\\\/noticias\\\/author\\\/admin\\\/#author\",\"url\":\"https:\\\/\\\/www.eldigitaldeasturias.com\\\/noticias\\\/author\\\/admin\\\/\",\"name\":\"El Digital de Asturias\",\"image\":{\"@type\":\"ImageObject\",\"@id\":\"https:\\\/\\\/www.eldigitaldeasturias.com\\\/noticias\\\/vacaciones-que-echamos-de-menos-cuando-nos-quedamos-sin-ellas\\\/#authorImage\",\"url\":\"https:\\\/\\\/www.eldigitaldeasturias.com\\\/noticias\\\/wp-content\\\/litespeed\\\/avatar\\\/18677e78aa0546b92d9dbf31ec7d7668.jpg?ver=1777290358\",\"width\":96,\"height\":96,\"caption\":\"El Digital de Asturias\"}},{\"@type\":\"WebPage\",\"@id\":\"https:\\\/\\\/www.eldigitaldeasturias.com\\\/noticias\\\/vacaciones-que-echamos-de-menos-cuando-nos-quedamos-sin-ellas\\\/#webpage\",\"url\":\"https:\\\/\\\/www.eldigitaldeasturias.com\\\/noticias\\\/vacaciones-que-echamos-de-menos-cuando-nos-quedamos-sin-ellas\\\/\",\"name\":\"Vacaciones: \\u00bfQu\\u00e9 echamos de menos cuando nos quedamos sin ellas? - El Digital de Asturias\",\"description\":\"(dpa) - Dos palabras van muy unidas, vacaciones y felicidad, como si mientras hacemos las maletas cada vez que salimos de viaje nos invadiese una inmensa alegr\\u00eda. Pero la pandemia del coronavirus nos devuelve a la realidad: La felicidad se acab\\u00f3, \\u00bfy las vacaciones? Irse de vacaciones ahora es imposible y los ciudadanos a los\",\"inLanguage\":\"es-ES\",\"isPartOf\":{\"@id\":\"https:\\\/\\\/www.eldigitaldeasturias.com\\\/noticias\\\/#website\"},\"breadcrumb\":{\"@id\":\"https:\\\/\\\/www.eldigitaldeasturias.com\\\/noticias\\\/vacaciones-que-echamos-de-menos-cuando-nos-quedamos-sin-ellas\\\/#breadcrumblist\"},\"author\":{\"@id\":\"https:\\\/\\\/www.eldigitaldeasturias.com\\\/noticias\\\/author\\\/admin\\\/#author\"},\"creator\":{\"@id\":\"https:\\\/\\\/www.eldigitaldeasturias.com\\\/noticias\\\/author\\\/admin\\\/#author\"},\"image\":{\"@type\":\"ImageObject\",\"url\":\"https:\\\/\\\/www.eldigitaldeasturias.com\\\/noticias\\\/wp-content\\\/uploads\\\/2020\\\/04\\\/sin-vacaciones.jpg\",\"@id\":\"https:\\\/\\\/www.eldigitaldeasturias.com\\\/noticias\\\/vacaciones-que-echamos-de-menos-cuando-nos-quedamos-sin-ellas\\\/#mainImage\",\"width\":1082,\"height\":673,\"caption\":\"Millones se quedan ahora en casa en lugar de viajar. Foto: Sven Hoppe\\\/dpa\\\/dpa-tmn\"},\"primaryImageOfPage\":{\"@id\":\"https:\\\/\\\/www.eldigitaldeasturias.com\\\/noticias\\\/vacaciones-que-echamos-de-menos-cuando-nos-quedamos-sin-ellas\\\/#mainImage\"},\"datePublished\":\"2020-04-11T13:16:37+02:00\",\"dateModified\":\"2020-04-11T13:16:37+02:00\"},{\"@type\":\"WebSite\",\"@id\":\"https:\\\/\\\/www.eldigitaldeasturias.com\\\/noticias\\\/#website\",\"url\":\"https:\\\/\\\/www.eldigitaldeasturias.com\\\/noticias\\\/\",\"name\":\"El Digital de Asturias - Diario de actualidad y noticias\",\"alternateName\":\"El Digital de Asturias - Diario de actualidad y noticias\",\"description\":\"Hemeroteca\",\"inLanguage\":\"es-ES\",\"publisher\":{\"@id\":\"https:\\\/\\\/www.eldigitaldeasturias.com\\\/noticias\\\/#organization\"}}]}\n\t\t<\/script>\n\t\t<!-- All in One SEO Pro -->\r\n\t\t<title>Vacaciones: \u00bfQu\u00e9 echamos de menos cuando nos quedamos sin ellas? - El Digital de Asturias<\/title>\n\n","aioseo_head_json":{"title":"Vacaciones: \u00bfQu\u00e9 echamos de menos cuando nos quedamos sin ellas? - El Digital de Asturias","description":"(dpa) - Dos palabras van muy unidas, vacaciones y felicidad, como si mientras hacemos las maletas cada vez que salimos de viaje nos invadiese una inmensa alegr\u00eda. Pero la pandemia del coronavirus nos devuelve a la realidad: La felicidad se acab\u00f3, \u00bfy las vacaciones? Irse de vacaciones ahora es imposible y los ciudadanos a los","canonical_url":"https:\/\/www.eldigitaldeasturias.com\/noticias\/vacaciones-que-echamos-de-menos-cuando-nos-quedamos-sin-ellas\/","robots":"max-image-preview:large","keywords":"destacadas,sociedad","webmasterTools":{"google-site-verification":"UA-38556648-1","msvalidate.01":"7dfe9f3f1b24437ab69f4f2559babe99","miscellaneous":""},"schema":{"@context":"https:\/\/schema.org","@graph":[{"@type":"BlogPosting","@id":"https:\/\/www.eldigitaldeasturias.com\/noticias\/vacaciones-que-echamos-de-menos-cuando-nos-quedamos-sin-ellas\/#blogposting","name":"Vacaciones: \u00bfQu\u00e9 echamos de menos cuando nos quedamos sin ellas? - El Digital de Asturias","headline":"Vacaciones: \u00bfQu\u00e9 echamos de menos cuando nos quedamos sin ellas?","author":{"@id":"https:\/\/www.eldigitaldeasturias.com\/noticias\/author\/admin\/#author"},"publisher":{"@id":"https:\/\/www.eldigitaldeasturias.com\/noticias\/#organization"},"image":{"@type":"ImageObject","url":"https:\/\/www.eldigitaldeasturias.com\/noticias\/wp-content\/uploads\/2020\/04\/sin-vacaciones.jpg","width":1082,"height":673,"caption":"Millones se quedan ahora en casa en lugar de viajar. Foto: Sven Hoppe\/dpa\/dpa-tmn"},"datePublished":"2020-04-11T13:16:37+02:00","dateModified":"2020-04-11T13:16:37+02:00","inLanguage":"es-ES","mainEntityOfPage":{"@id":"https:\/\/www.eldigitaldeasturias.com\/noticias\/vacaciones-que-echamos-de-menos-cuando-nos-quedamos-sin-ellas\/#webpage"},"isPartOf":{"@id":"https:\/\/www.eldigitaldeasturias.com\/noticias\/vacaciones-que-echamos-de-menos-cuando-nos-quedamos-sin-ellas\/#webpage"},"articleSection":"Destacadas, Sociedad"},{"@type":"BreadcrumbList","@id":"https:\/\/www.eldigitaldeasturias.com\/noticias\/vacaciones-que-echamos-de-menos-cuando-nos-quedamos-sin-ellas\/#breadcrumblist","itemListElement":[{"@type":"ListItem","@id":"https:\/\/www.eldigitaldeasturias.com\/noticias#listItem","position":1,"name":"Home","item":"https:\/\/www.eldigitaldeasturias.com\/noticias","nextItem":{"@type":"ListItem","@id":"https:\/\/www.eldigitaldeasturias.com\/noticias\/category\/sociedad\/#listItem","name":"Sociedad"}},{"@type":"ListItem","@id":"https:\/\/www.eldigitaldeasturias.com\/noticias\/category\/sociedad\/#listItem","position":2,"name":"Sociedad","item":"https:\/\/www.eldigitaldeasturias.com\/noticias\/category\/sociedad\/","nextItem":{"@type":"ListItem","@id":"https:\/\/www.eldigitaldeasturias.com\/noticias\/vacaciones-que-echamos-de-menos-cuando-nos-quedamos-sin-ellas\/#listItem","name":"Vacaciones: \u00bfQu\u00e9 echamos de menos cuando nos quedamos sin ellas?"},"previousItem":{"@type":"ListItem","@id":"https:\/\/www.eldigitaldeasturias.com\/noticias#listItem","name":"Home"}},{"@type":"ListItem","@id":"https:\/\/www.eldigitaldeasturias.com\/noticias\/vacaciones-que-echamos-de-menos-cuando-nos-quedamos-sin-ellas\/#listItem","position":3,"name":"Vacaciones: \u00bfQu\u00e9 echamos de menos cuando nos quedamos sin ellas?","previousItem":{"@type":"ListItem","@id":"https:\/\/www.eldigitaldeasturias.com\/noticias\/category\/sociedad\/#listItem","name":"Sociedad"}}]},{"@type":"Organization","@id":"https:\/\/www.eldigitaldeasturias.com\/noticias\/#organization","name":"El Digital de Asturias","description":"Hemeroteca","url":"https:\/\/www.eldigitaldeasturias.com\/noticias\/","email":"info@eldigitaldeasturias.com","telephone":"+34652131393","logo":{"@type":"ImageObject","url":"https:\/\/www.eldigitaldeasturias.com\/noticias\/wp-content\/uploads\/2020\/12\/EDA.jpg","@id":"https:\/\/www.eldigitaldeasturias.com\/noticias\/vacaciones-que-echamos-de-menos-cuando-nos-quedamos-sin-ellas\/#organizationLogo","width":649,"height":297},"image":{"@id":"https:\/\/www.eldigitaldeasturias.com\/noticias\/vacaciones-que-echamos-de-menos-cuando-nos-quedamos-sin-ellas\/#organizationLogo"},"sameAs":["https:\/\/facebook.com\/eldigitaldeasturias","https:\/\/www.youtube.com\/channel\/UCZP-2wLEB9Rv6erhFmqVnvg"],"address":{"@id":"https:\/\/www.eldigitaldeasturias.com\/noticias\/#postaladdress","@type":"PostalAddress","streetAddress":"san antonio 4,","postalCode":"33430","addressLocality":"Cand\u00e1s","addressRegion":"Asturias","addressCountry":"ES"}},{"@type":"Person","@id":"https:\/\/www.eldigitaldeasturias.com\/noticias\/author\/admin\/#author","url":"https:\/\/www.eldigitaldeasturias.com\/noticias\/author\/admin\/","name":"El Digital de Asturias","image":{"@type":"ImageObject","@id":"https:\/\/www.eldigitaldeasturias.com\/noticias\/vacaciones-que-echamos-de-menos-cuando-nos-quedamos-sin-ellas\/#authorImage","url":"https:\/\/www.eldigitaldeasturias.com\/noticias\/wp-content\/litespeed\/avatar\/18677e78aa0546b92d9dbf31ec7d7668.jpg?ver=1777290358","width":96,"height":96,"caption":"El Digital de Asturias"}},{"@type":"WebPage","@id":"https:\/\/www.eldigitaldeasturias.com\/noticias\/vacaciones-que-echamos-de-menos-cuando-nos-quedamos-sin-ellas\/#webpage","url":"https:\/\/www.eldigitaldeasturias.com\/noticias\/vacaciones-que-echamos-de-menos-cuando-nos-quedamos-sin-ellas\/","name":"Vacaciones: \u00bfQu\u00e9 echamos de menos cuando nos quedamos sin ellas? - El Digital de Asturias","description":"(dpa) - Dos palabras van muy unidas, vacaciones y felicidad, como si mientras hacemos las maletas cada vez que salimos de viaje nos invadiese una inmensa alegr\u00eda. Pero la pandemia del coronavirus nos devuelve a la realidad: La felicidad se acab\u00f3, \u00bfy las vacaciones? Irse de vacaciones ahora es imposible y los ciudadanos a los","inLanguage":"es-ES","isPartOf":{"@id":"https:\/\/www.eldigitaldeasturias.com\/noticias\/#website"},"breadcrumb":{"@id":"https:\/\/www.eldigitaldeasturias.com\/noticias\/vacaciones-que-echamos-de-menos-cuando-nos-quedamos-sin-ellas\/#breadcrumblist"},"author":{"@id":"https:\/\/www.eldigitaldeasturias.com\/noticias\/author\/admin\/#author"},"creator":{"@id":"https:\/\/www.eldigitaldeasturias.com\/noticias\/author\/admin\/#author"},"image":{"@type":"ImageObject","url":"https:\/\/www.eldigitaldeasturias.com\/noticias\/wp-content\/uploads\/2020\/04\/sin-vacaciones.jpg","@id":"https:\/\/www.eldigitaldeasturias.com\/noticias\/vacaciones-que-echamos-de-menos-cuando-nos-quedamos-sin-ellas\/#mainImage","width":1082,"height":673,"caption":"Millones se quedan ahora en casa en lugar de viajar. Foto: Sven Hoppe\/dpa\/dpa-tmn"},"primaryImageOfPage":{"@id":"https:\/\/www.eldigitaldeasturias.com\/noticias\/vacaciones-que-echamos-de-menos-cuando-nos-quedamos-sin-ellas\/#mainImage"},"datePublished":"2020-04-11T13:16:37+02:00","dateModified":"2020-04-11T13:16:37+02:00"},{"@type":"WebSite","@id":"https:\/\/www.eldigitaldeasturias.com\/noticias\/#website","url":"https:\/\/www.eldigitaldeasturias.com\/noticias\/","name":"El Digital de Asturias - Diario de actualidad y noticias","alternateName":"El Digital de Asturias - Diario de actualidad y noticias","description":"Hemeroteca","inLanguage":"es-ES","publisher":{"@id":"https:\/\/www.eldigitaldeasturias.com\/noticias\/#organization"}}]},"og:locale":"es_ES","og:site_name":"El Digital de Asturias","og:type":"article","og:title":"Vacaciones: \u00bfQu\u00e9 echamos de menos cuando nos quedamos sin ellas? - El Digital de Asturias","og:description":"(dpa) - Dos palabras van muy unidas, vacaciones y felicidad, como si mientras hacemos las maletas cada vez que salimos de viaje nos invadiese una inmensa alegr\u00eda. Pero la pandemia del coronavirus nos devuelve a la realidad: La felicidad se acab\u00f3, \u00bfy las vacaciones? Irse de vacaciones ahora es imposible y los ciudadanos a los","og:url":"https:\/\/www.eldigitaldeasturias.com\/noticias\/vacaciones-que-echamos-de-menos-cuando-nos-quedamos-sin-ellas\/","og:image":"https:\/\/www.eldigitaldeasturias.com\/noticias\/wp-content\/uploads\/2020\/04\/sin-vacaciones.jpg","og:image:secure_url":"https:\/\/www.eldigitaldeasturias.com\/noticias\/wp-content\/uploads\/2020\/04\/sin-vacaciones.jpg","og:image:width":1082,"og:image:height":673,"article:tag":["destacadas","sociedad"],"article:published_time":"2020-04-11T13:16:37+00:00","article:modified_time":"2020-04-11T13:16:37+00:00","article:publisher":"https:\/\/facebook.com\/eldigitaldeasturias","twitter:card":"summary_large_image","twitter:title":"Vacaciones: \u00bfQu\u00e9 echamos de menos cuando nos quedamos sin ellas? - El Digital de Asturias","twitter:description":"(dpa) - Dos palabras van muy unidas, vacaciones y felicidad, como si mientras hacemos las maletas cada vez que salimos de viaje nos invadiese una inmensa alegr\u00eda. Pero la pandemia del coronavirus nos devuelve a la realidad: La felicidad se acab\u00f3, \u00bfy las vacaciones? Irse de vacaciones ahora es imposible y los ciudadanos a los","twitter:image":"https:\/\/www.eldigitaldeasturias.com\/noticias\/wp-content\/uploads\/2020\/04\/sin-vacaciones.jpg","twitter:label1":"Escrito por","twitter:data1":"El Digital de Asturias","twitter:label2":"Tiempo de lectura estimado","twitter:data2":"4 minutos"},"aioseo_meta_data":{"post_id":"1063078","title":null,"description":null,"keywords":null,"keyphrases":null,"primary_term":null,"canonical_url":null,"og_title":null,"og_description":null,"og_object_type":"default","og_image_type":"default","og_image_url":null,"og_image_width":null,"og_image_height":null,"og_image_custom_url":null,"og_image_custom_fields":null,"og_video":null,"og_custom_url":null,"og_article_section":null,"og_article_tags":null,"twitter_use_og":false,"twitter_card":"default","twitter_image_type":"default","twitter_image_url":null,"twitter_image_custom_url":null,"twitter_image_custom_fields":null,"twitter_title":null,"twitter_description":null,"schema":{"blockGraphs":[],"customGraphs":[],"default":{"data":{"Article":[],"Course":[],"Dataset":[],"FAQPage":[],"Movie":[],"Person":[],"Product":[],"ProductReview":[],"Car":[],"Recipe":[],"Service":[],"SoftwareApplication":[],"WebPage":[]},"graphName":"","isEnabled":true},"graphs":[],"defaultGraph":"","defaultPostTypeGraph":""},"schema_type":null,"schema_type_options":null,"pillar_content":false,"robots_default":true,"robots_noindex":false,"robots_noarchive":false,"robots_nosnippet":false,"robots_nofollow":false,"robots_noimageindex":false,"robots_noodp":false,"robots_notranslate":false,"robots_max_snippet":null,"robots_max_videopreview":null,"robots_max_imagepreview":"large","priority":null,"frequency":null,"local_seo":null,"seo_analyzer_scan_date":"2025-09-12 05:12:49","breadcrumb_settings":null,"limit_modified_date":false,"open_ai":null,"ai":null,"created":"2020-12-21 10:36:47","updated":"2025-09-12 05:12:49"},"aioseo_breadcrumb":"<div class=\"aioseo-breadcrumbs\"><span class=\"aioseo-breadcrumb\">\n\t<a href=\"https:\/\/www.eldigitaldeasturias.com\/noticias\" title=\"Home\">Home<\/a>\n<\/span><span class=\"aioseo-breadcrumb-separator\">\u2013<\/span><span class=\"aioseo-breadcrumb\">\n\t<a href=\"https:\/\/www.eldigitaldeasturias.com\/noticias\/category\/sociedad\/\" title=\"Sociedad\">Sociedad<\/a>\n<\/span><span class=\"aioseo-breadcrumb-separator\">\u2013<\/span><span class=\"aioseo-breadcrumb\">\n\t<a href=\"https:\/\/www.eldigitaldeasturias.com\/noticias\/vacaciones-que-echamos-de-menos-cuando-nos-quedamos-sin-ellas\/\" title=\"Vacaciones: \u00bfQu\u00e9 echamos de menos cuando nos quedamos sin ellas?\">Vacaciones: \u00bfQu\u00e9 echamos de menos cuando nos quedamos sin ellas?<\/a>\n<\/span><\/div>","aioseo_breadcrumb_json":[{"label":"Home","link":"https:\/\/www.eldigitaldeasturias.com\/noticias"},{"label":"Sociedad","link":"https:\/\/www.eldigitaldeasturias.com\/noticias\/category\/sociedad\/"},{"label":"Vacaciones: \u00bfQu\u00e9 echamos de menos cuando nos quedamos sin ellas?","link":"https:\/\/www.eldigitaldeasturias.com\/noticias\/vacaciones-que-echamos-de-menos-cuando-nos-quedamos-sin-ellas\/"}],"_links":{"self":[{"href":"https:\/\/www.eldigitaldeasturias.com\/noticias\/wp-json\/wp\/v2\/posts\/1063078","targetHints":{"allow":["GET"]}}],"collection":[{"href":"https:\/\/www.eldigitaldeasturias.com\/noticias\/wp-json\/wp\/v2\/posts"}],"about":[{"href":"https:\/\/www.eldigitaldeasturias.com\/noticias\/wp-json\/wp\/v2\/types\/post"}],"author":[{"embeddable":true,"href":"https:\/\/www.eldigitaldeasturias.com\/noticias\/wp-json\/wp\/v2\/users\/1"}],"replies":[{"embeddable":true,"href":"https:\/\/www.eldigitaldeasturias.com\/noticias\/wp-json\/wp\/v2\/comments?post=1063078"}],"version-history":[{"count":0,"href":"https:\/\/www.eldigitaldeasturias.com\/noticias\/wp-json\/wp\/v2\/posts\/1063078\/revisions"}],"wp:featuredmedia":[{"embeddable":true,"href":"https:\/\/www.eldigitaldeasturias.com\/noticias\/wp-json\/wp\/v2\/media\/1063079"}],"wp:attachment":[{"href":"https:\/\/www.eldigitaldeasturias.com\/noticias\/wp-json\/wp\/v2\/media?parent=1063078"}],"wp:term":[{"taxonomy":"category","embeddable":true,"href":"https:\/\/www.eldigitaldeasturias.com\/noticias\/wp-json\/wp\/v2\/categories?post=1063078"},{"taxonomy":"post_tag","embeddable":true,"href":"https:\/\/www.eldigitaldeasturias.com\/noticias\/wp-json\/wp\/v2\/tags?post=1063078"}],"curies":[{"name":"wp","href":"https:\/\/api.w.org\/{rel}","templated":true}]}}