{"id":1062896,"date":"2020-04-08T14:08:38","date_gmt":"2020-04-08T14:08:38","guid":{"rendered":"https:\/\/www.eldigitaldeasturias.com\/noticias\/?p=1062896"},"modified":"2020-04-08T14:08:38","modified_gmt":"2020-04-08T14:08:38","slug":"pimem-reclama-el-pago-de-las-facturas-pendientes-de-las-aa-pp","status":"publish","type":"post","link":"https:\/\/www.eldigitaldeasturias.com\/noticias\/pimem-reclama-el-pago-de-las-facturas-pendientes-de-las-aa-pp\/","title":{"rendered":"PIMEM reclama el pago de las facturas pendientes de las AA.PP"},"content":{"rendered":"<p><img loading=\"lazy\" decoding=\"async\" class=\"alignleft size-medium wp-image-822740\" src=\"https:\/\/www.eldigitaldeasturias.com\/noticias\/wp-content\/uploads\/2015\/11\/euros-360x241.jpg\" alt=\"\" width=\"360\" height=\"241\" srcset=\"https:\/\/www.eldigitaldeasturias.com\/noticias\/wp-content\/uploads\/2015\/11\/euros-360x241.jpg 360w, https:\/\/www.eldigitaldeasturias.com\/noticias\/wp-content\/uploads\/2015\/11\/euros-696x466.jpg 696w, https:\/\/www.eldigitaldeasturias.com\/noticias\/wp-content\/uploads\/2015\/11\/euros-627x420.jpg 627w, https:\/\/www.eldigitaldeasturias.com\/noticias\/wp-content\/uploads\/2015\/11\/euros-768x515.jpg 768w, https:\/\/www.eldigitaldeasturias.com\/noticias\/wp-content\/uploads\/2015\/11\/euros-650x436.jpg 650w, https:\/\/www.eldigitaldeasturias.com\/noticias\/wp-content\/uploads\/2015\/11\/euros.jpg 800w\" sizes=\"auto, (max-width: 360px) 100vw, 360px\" \/>La Federaci\u00f3n de la Peque\u00f1a y Mediana Empresa de Mallorca (PIMEM) quiere expresar su preocupaci\u00f3n tras conocer los periodos medios de pago de las administraciones p\u00fablicas de Baleares durante el mes de enero de 2020, que el Ministerio de Hacienda hizo p\u00fablicos el pasado 3 de abril y que ha estudiado la Plataforma Multisectorial contra la Morosidad.<\/p>\n<p>En ellos se detalla que se realizaron pagos en enero de 2020 por importe de 114 millones de euros y que quedaron pendientes de pago (excediendo los plazos legales) facturas por importe de 139 millones de euros.<\/p>\n<p>Ante esta cifra y atravesando una grave crisis sanitaria que tendr\u00e1 graves perjuicios econ\u00f3micos en el futuro para el tejido empresarial balear, el presidente de la federaci\u00f3n, Jordi Mora, ha asegurado que es necesario \u201cponer en circulaci\u00f3n ese dinero de inmediato\u201d.<\/p>\n<p>\u201cEstamos hablando de una herramienta que generar\u00eda una r\u00e1pida liquidez entre nuestras pymes y aut\u00f3nomos. Ser\u00eda una inyecci\u00f3n de efecto inmediato\u201d ha continuado el presidente. Este pago de facturas pendientes podr\u00eda beneficiar incluso a que estas empresas perjudicadas no tuvieran que solicitar cr\u00e9ditos financieros o incluso a ayudar a mantener sus plantillas actuales.<\/p>\n<p>PIMEM, al igual que la Plataforma Multisectorial contra la Morosidad (en la que se encuentra adherida) ve \u201cnecesario y urgente\u201d que se ordene por parte del Gobierno Central \u201cla liquidaci\u00f3n de todas las facturas pendientes de pago por parte de las AA.PP\u201d.<\/p>\n<p>&nbsp;<\/p>\n","protected":false},"excerpt":{"rendered":"<p>La Federaci\u00f3n de la Peque\u00f1a y Mediana Empresa de Mallorca (PIMEM) quiere expresar su preocupaci\u00f3n tras conocer los periodos medios de pago de las administraciones p\u00fablicas de Baleares durante el mes de enero de 2020, que el Ministerio de Hacienda hizo p\u00fablicos el pasado 3 de abril y que ha estudiado la Plataforma Multisectorial contra [&hellip;]<\/p>\n","protected":false},"author":1,"featured_media":780683,"comment_status":"closed","ping_status":"closed","sticky":false,"template":"","format":"standard","meta":{"footnotes":""},"categories":[187],"tags":[],"class_list":["post-1062896","post","type-post","status-publish","format-standard","has-post-thumbnail","hentry","category-economia"],"aioseo_notices":[],"aioseo_head":"\n\t\t<!-- All in One SEO Pro 4.9.6.2 - aioseo.com -->\n\t<meta name=\"description\" content=\"La Federaci\u00f3n de la Peque\u00f1a y Mediana Empresa de Mallorca (PIMEM) quiere expresar su preocupaci\u00f3n tras conocer los periodos medios de pago de las administraciones p\u00fablicas de Baleares durante el mes de enero de 2020, que el Ministerio de Hacienda hizo p\u00fablicos el pasado 3 de abril y que ha estudiado la Plataforma Multisectorial contra\" \/>\n\t<meta name=\"robots\" content=\"max-image-preview:large\" \/>\n\t<meta name=\"author\" content=\"El Digital de Asturias\"\/>\n\t<meta name=\"google-site-verification\" content=\"UA-38556648-1\" \/>\n\t<meta name=\"msvalidate.01\" content=\"7dfe9f3f1b24437ab69f4f2559babe99\" \/>\n\t<meta name=\"keywords\" content=\"econom\u00eda\" \/>\n\t<link rel=\"canonical\" href=\"https:\/\/www.eldigitaldeasturias.com\/noticias\/pimem-reclama-el-pago-de-las-facturas-pendientes-de-las-aa-pp\/\" \/>\n\t<meta name=\"generator\" content=\"All in One SEO Pro (AIOSEO) 4.9.6.2\" \/>\n\t\t<meta property=\"og:locale\" content=\"es_ES\" \/>\n\t\t<meta property=\"og:site_name\" content=\"El Digital de Asturias\" \/>\n\t\t<meta property=\"og:type\" content=\"article\" \/>\n\t\t<meta property=\"og:title\" content=\"PIMEM reclama el pago de las facturas pendientes de las AA.PP - El Digital de Asturias\" \/>\n\t\t<meta property=\"og:description\" content=\"La Federaci\u00f3n de la Peque\u00f1a y Mediana Empresa de Mallorca (PIMEM) quiere expresar su preocupaci\u00f3n tras conocer los periodos medios de pago de las administraciones p\u00fablicas de Baleares durante el mes de enero de 2020, que el Ministerio de Hacienda hizo p\u00fablicos el pasado 3 de abril y que ha estudiado la Plataforma Multisectorial contra\" \/>\n\t\t<meta property=\"og:url\" content=\"https:\/\/www.eldigitaldeasturias.com\/noticias\/pimem-reclama-el-pago-de-las-facturas-pendientes-de-las-aa-pp\/\" \/>\n\t\t<meta property=\"og:image\" content=\"https:\/\/www.eldigitaldeasturias.com\/noticias\/wp-content\/uploads\/2015\/04\/euros1.jpg\" \/>\n\t\t<meta property=\"og:image:secure_url\" content=\"https:\/\/www.eldigitaldeasturias.com\/noticias\/wp-content\/uploads\/2015\/04\/euros1.jpg\" \/>\n\t\t<meta property=\"og:image:width\" content=\"655\" \/>\n\t\t<meta property=\"og:image:height\" content=\"360\" \/>\n\t\t<meta property=\"article:tag\" content=\"econom\u00eda\" \/>\n\t\t<meta property=\"article:published_time\" content=\"2020-04-08T14:08:38+00:00\" \/>\n\t\t<meta property=\"article:modified_time\" content=\"2020-04-08T14:08:38+00:00\" \/>\n\t\t<meta property=\"article:publisher\" content=\"https:\/\/facebook.com\/eldigitaldeasturias\" \/>\n\t\t<meta name=\"twitter:card\" content=\"summary_large_image\" \/>\n\t\t<meta name=\"twitter:title\" content=\"PIMEM reclama el pago de las facturas pendientes de las AA.PP - El Digital de Asturias\" \/>\n\t\t<meta name=\"twitter:description\" content=\"La Federaci\u00f3n de la Peque\u00f1a y Mediana Empresa de Mallorca (PIMEM) quiere expresar su preocupaci\u00f3n tras conocer los periodos medios de pago de las administraciones p\u00fablicas de Baleares durante el mes de enero de 2020, que el Ministerio de Hacienda hizo p\u00fablicos el pasado 3 de abril y que ha estudiado la Plataforma Multisectorial contra\" \/>\n\t\t<meta name=\"twitter:image\" content=\"https:\/\/www.eldigitaldeasturias.com\/noticias\/wp-content\/uploads\/2015\/04\/euros1.jpg\" \/>\n\t\t<meta name=\"twitter:label1\" content=\"Escrito por\" \/>\n\t\t<meta name=\"twitter:data1\" content=\"El Digital de Asturias\" \/>\n\t\t<meta name=\"twitter:label2\" content=\"Tiempo de lectura estimado\" \/>\n\t\t<meta name=\"twitter:data2\" content=\"1 minuto\" \/>\n\t\t<script type=\"application\/ld+json\" class=\"aioseo-schema\">\n\t\t\t{\"@context\":\"https:\\\/\\\/schema.org\",\"@graph\":[{\"@type\":\"BlogPosting\",\"@id\":\"https:\\\/\\\/www.eldigitaldeasturias.com\\\/noticias\\\/pimem-reclama-el-pago-de-las-facturas-pendientes-de-las-aa-pp\\\/#blogposting\",\"name\":\"PIMEM reclama el pago de las facturas pendientes de las AA.PP - El Digital de Asturias\",\"headline\":\"PIMEM reclama el pago de las facturas pendientes de las AA.PP\",\"author\":{\"@id\":\"https:\\\/\\\/www.eldigitaldeasturias.com\\\/noticias\\\/author\\\/admin\\\/#author\"},\"publisher\":{\"@id\":\"https:\\\/\\\/www.eldigitaldeasturias.com\\\/noticias\\\/#organization\"},\"image\":{\"@type\":\"ImageObject\",\"url\":\"https:\\\/\\\/www.eldigitaldeasturias.com\\\/noticias\\\/wp-content\\\/uploads\\\/2015\\\/04\\\/euros1.jpg\",\"width\":655,\"height\":360,\"caption\":\"euros\"},\"datePublished\":\"2020-04-08T14:08:38+02:00\",\"dateModified\":\"2020-04-08T14:08:38+02:00\",\"inLanguage\":\"es-ES\",\"mainEntityOfPage\":{\"@id\":\"https:\\\/\\\/www.eldigitaldeasturias.com\\\/noticias\\\/pimem-reclama-el-pago-de-las-facturas-pendientes-de-las-aa-pp\\\/#webpage\"},\"isPartOf\":{\"@id\":\"https:\\\/\\\/www.eldigitaldeasturias.com\\\/noticias\\\/pimem-reclama-el-pago-de-las-facturas-pendientes-de-las-aa-pp\\\/#webpage\"},\"articleSection\":\"Econom\\u00eda\"},{\"@type\":\"BreadcrumbList\",\"@id\":\"https:\\\/\\\/www.eldigitaldeasturias.com\\\/noticias\\\/pimem-reclama-el-pago-de-las-facturas-pendientes-de-las-aa-pp\\\/#breadcrumblist\",\"itemListElement\":[{\"@type\":\"ListItem\",\"@id\":\"https:\\\/\\\/www.eldigitaldeasturias.com\\\/noticias#listItem\",\"position\":1,\"name\":\"Home\",\"item\":\"https:\\\/\\\/www.eldigitaldeasturias.com\\\/noticias\",\"nextItem\":{\"@type\":\"ListItem\",\"@id\":\"https:\\\/\\\/www.eldigitaldeasturias.com\\\/noticias\\\/category\\\/economia\\\/#listItem\",\"name\":\"Econom\\u00eda\"}},{\"@type\":\"ListItem\",\"@id\":\"https:\\\/\\\/www.eldigitaldeasturias.com\\\/noticias\\\/category\\\/economia\\\/#listItem\",\"position\":2,\"name\":\"Econom\\u00eda\",\"item\":\"https:\\\/\\\/www.eldigitaldeasturias.com\\\/noticias\\\/category\\\/economia\\\/\",\"nextItem\":{\"@type\":\"ListItem\",\"@id\":\"https:\\\/\\\/www.eldigitaldeasturias.com\\\/noticias\\\/pimem-reclama-el-pago-de-las-facturas-pendientes-de-las-aa-pp\\\/#listItem\",\"name\":\"PIMEM reclama el pago de las facturas pendientes de las AA.PP\"},\"previousItem\":{\"@type\":\"ListItem\",\"@id\":\"https:\\\/\\\/www.eldigitaldeasturias.com\\\/noticias#listItem\",\"name\":\"Home\"}},{\"@type\":\"ListItem\",\"@id\":\"https:\\\/\\\/www.eldigitaldeasturias.com\\\/noticias\\\/pimem-reclama-el-pago-de-las-facturas-pendientes-de-las-aa-pp\\\/#listItem\",\"position\":3,\"name\":\"PIMEM reclama el pago de las facturas pendientes de las AA.PP\",\"previousItem\":{\"@type\":\"ListItem\",\"@id\":\"https:\\\/\\\/www.eldigitaldeasturias.com\\\/noticias\\\/category\\\/economia\\\/#listItem\",\"name\":\"Econom\\u00eda\"}}]},{\"@type\":\"Organization\",\"@id\":\"https:\\\/\\\/www.eldigitaldeasturias.com\\\/noticias\\\/#organization\",\"name\":\"El Digital de Asturias\",\"description\":\"Hemeroteca\",\"url\":\"https:\\\/\\\/www.eldigitaldeasturias.com\\\/noticias\\\/\",\"email\":\"info@eldigitaldeasturias.com\",\"telephone\":\"+34652131393\",\"logo\":{\"@type\":\"ImageObject\",\"url\":\"https:\\\/\\\/www.eldigitaldeasturias.com\\\/noticias\\\/wp-content\\\/uploads\\\/2020\\\/12\\\/EDA.jpg\",\"@id\":\"https:\\\/\\\/www.eldigitaldeasturias.com\\\/noticias\\\/pimem-reclama-el-pago-de-las-facturas-pendientes-de-las-aa-pp\\\/#organizationLogo\",\"width\":649,\"height\":297},\"image\":{\"@id\":\"https:\\\/\\\/www.eldigitaldeasturias.com\\\/noticias\\\/pimem-reclama-el-pago-de-las-facturas-pendientes-de-las-aa-pp\\\/#organizationLogo\"},\"sameAs\":[\"https:\\\/\\\/facebook.com\\\/eldigitaldeasturias\",\"https:\\\/\\\/www.youtube.com\\\/channel\\\/UCZP-2wLEB9Rv6erhFmqVnvg\"],\"address\":{\"@id\":\"https:\\\/\\\/www.eldigitaldeasturias.com\\\/noticias\\\/#postaladdress\",\"@type\":\"PostalAddress\",\"streetAddress\":\"san antonio 4,\",\"postalCode\":\"33430\",\"addressLocality\":\"Cand\\u00e1s\",\"addressRegion\":\"Asturias\",\"addressCountry\":\"ES\"}},{\"@type\":\"Person\",\"@id\":\"https:\\\/\\\/www.eldigitaldeasturias.com\\\/noticias\\\/author\\\/admin\\\/#author\",\"url\":\"https:\\\/\\\/www.eldigitaldeasturias.com\\\/noticias\\\/author\\\/admin\\\/\",\"name\":\"El Digital de Asturias\",\"image\":{\"@type\":\"ImageObject\",\"@id\":\"https:\\\/\\\/www.eldigitaldeasturias.com\\\/noticias\\\/pimem-reclama-el-pago-de-las-facturas-pendientes-de-las-aa-pp\\\/#authorImage\",\"url\":\"https:\\\/\\\/www.eldigitaldeasturias.com\\\/noticias\\\/wp-content\\\/litespeed\\\/avatar\\\/18677e78aa0546b92d9dbf31ec7d7668.jpg?ver=1777290358\",\"width\":96,\"height\":96,\"caption\":\"El Digital de Asturias\"}},{\"@type\":\"WebPage\",\"@id\":\"https:\\\/\\\/www.eldigitaldeasturias.com\\\/noticias\\\/pimem-reclama-el-pago-de-las-facturas-pendientes-de-las-aa-pp\\\/#webpage\",\"url\":\"https:\\\/\\\/www.eldigitaldeasturias.com\\\/noticias\\\/pimem-reclama-el-pago-de-las-facturas-pendientes-de-las-aa-pp\\\/\",\"name\":\"PIMEM reclama el pago de las facturas pendientes de las AA.PP - El Digital de Asturias\",\"description\":\"La Federaci\\u00f3n de la Peque\\u00f1a y Mediana Empresa de Mallorca (PIMEM) quiere expresar su preocupaci\\u00f3n tras conocer los periodos medios de pago de las administraciones p\\u00fablicas de Baleares durante el mes de enero de 2020, que el Ministerio de Hacienda hizo p\\u00fablicos el pasado 3 de abril y que ha estudiado la Plataforma Multisectorial contra\",\"inLanguage\":\"es-ES\",\"isPartOf\":{\"@id\":\"https:\\\/\\\/www.eldigitaldeasturias.com\\\/noticias\\\/#website\"},\"breadcrumb\":{\"@id\":\"https:\\\/\\\/www.eldigitaldeasturias.com\\\/noticias\\\/pimem-reclama-el-pago-de-las-facturas-pendientes-de-las-aa-pp\\\/#breadcrumblist\"},\"author\":{\"@id\":\"https:\\\/\\\/www.eldigitaldeasturias.com\\\/noticias\\\/author\\\/admin\\\/#author\"},\"creator\":{\"@id\":\"https:\\\/\\\/www.eldigitaldeasturias.com\\\/noticias\\\/author\\\/admin\\\/#author\"},\"image\":{\"@type\":\"ImageObject\",\"url\":\"https:\\\/\\\/www.eldigitaldeasturias.com\\\/noticias\\\/wp-content\\\/uploads\\\/2015\\\/04\\\/euros1.jpg\",\"@id\":\"https:\\\/\\\/www.eldigitaldeasturias.com\\\/noticias\\\/pimem-reclama-el-pago-de-las-facturas-pendientes-de-las-aa-pp\\\/#mainImage\",\"width\":655,\"height\":360,\"caption\":\"euros\"},\"primaryImageOfPage\":{\"@id\":\"https:\\\/\\\/www.eldigitaldeasturias.com\\\/noticias\\\/pimem-reclama-el-pago-de-las-facturas-pendientes-de-las-aa-pp\\\/#mainImage\"},\"datePublished\":\"2020-04-08T14:08:38+02:00\",\"dateModified\":\"2020-04-08T14:08:38+02:00\"},{\"@type\":\"WebSite\",\"@id\":\"https:\\\/\\\/www.eldigitaldeasturias.com\\\/noticias\\\/#website\",\"url\":\"https:\\\/\\\/www.eldigitaldeasturias.com\\\/noticias\\\/\",\"name\":\"El Digital de Asturias - Diario de actualidad y noticias\",\"alternateName\":\"El Digital de Asturias - Diario de actualidad y noticias\",\"description\":\"Hemeroteca\",\"inLanguage\":\"es-ES\",\"publisher\":{\"@id\":\"https:\\\/\\\/www.eldigitaldeasturias.com\\\/noticias\\\/#organization\"}}]}\n\t\t<\/script>\n\t\t<!-- All in One SEO Pro -->\r\n\t\t<title>PIMEM reclama el pago de las facturas pendientes de las AA.PP - El Digital de Asturias<\/title>\n\n","aioseo_head_json":{"title":"PIMEM reclama el pago de las facturas pendientes de las AA.PP - El Digital de Asturias","description":"La Federaci\u00f3n de la Peque\u00f1a y Mediana Empresa de Mallorca (PIMEM) quiere expresar su preocupaci\u00f3n tras conocer los periodos medios de pago de las administraciones p\u00fablicas de Baleares durante el mes de enero de 2020, que el Ministerio de Hacienda hizo p\u00fablicos el pasado 3 de abril y que ha estudiado la Plataforma Multisectorial contra","canonical_url":"https:\/\/www.eldigitaldeasturias.com\/noticias\/pimem-reclama-el-pago-de-las-facturas-pendientes-de-las-aa-pp\/","robots":"max-image-preview:large","keywords":"econom\u00eda","webmasterTools":{"google-site-verification":"UA-38556648-1","msvalidate.01":"7dfe9f3f1b24437ab69f4f2559babe99","miscellaneous":""},"schema":{"@context":"https:\/\/schema.org","@graph":[{"@type":"BlogPosting","@id":"https:\/\/www.eldigitaldeasturias.com\/noticias\/pimem-reclama-el-pago-de-las-facturas-pendientes-de-las-aa-pp\/#blogposting","name":"PIMEM reclama el pago de las facturas pendientes de las AA.PP - El Digital de Asturias","headline":"PIMEM reclama el pago de las facturas pendientes de las AA.PP","author":{"@id":"https:\/\/www.eldigitaldeasturias.com\/noticias\/author\/admin\/#author"},"publisher":{"@id":"https:\/\/www.eldigitaldeasturias.com\/noticias\/#organization"},"image":{"@type":"ImageObject","url":"https:\/\/www.eldigitaldeasturias.com\/noticias\/wp-content\/uploads\/2015\/04\/euros1.jpg","width":655,"height":360,"caption":"euros"},"datePublished":"2020-04-08T14:08:38+02:00","dateModified":"2020-04-08T14:08:38+02:00","inLanguage":"es-ES","mainEntityOfPage":{"@id":"https:\/\/www.eldigitaldeasturias.com\/noticias\/pimem-reclama-el-pago-de-las-facturas-pendientes-de-las-aa-pp\/#webpage"},"isPartOf":{"@id":"https:\/\/www.eldigitaldeasturias.com\/noticias\/pimem-reclama-el-pago-de-las-facturas-pendientes-de-las-aa-pp\/#webpage"},"articleSection":"Econom\u00eda"},{"@type":"BreadcrumbList","@id":"https:\/\/www.eldigitaldeasturias.com\/noticias\/pimem-reclama-el-pago-de-las-facturas-pendientes-de-las-aa-pp\/#breadcrumblist","itemListElement":[{"@type":"ListItem","@id":"https:\/\/www.eldigitaldeasturias.com\/noticias#listItem","position":1,"name":"Home","item":"https:\/\/www.eldigitaldeasturias.com\/noticias","nextItem":{"@type":"ListItem","@id":"https:\/\/www.eldigitaldeasturias.com\/noticias\/category\/economia\/#listItem","name":"Econom\u00eda"}},{"@type":"ListItem","@id":"https:\/\/www.eldigitaldeasturias.com\/noticias\/category\/economia\/#listItem","position":2,"name":"Econom\u00eda","item":"https:\/\/www.eldigitaldeasturias.com\/noticias\/category\/economia\/","nextItem":{"@type":"ListItem","@id":"https:\/\/www.eldigitaldeasturias.com\/noticias\/pimem-reclama-el-pago-de-las-facturas-pendientes-de-las-aa-pp\/#listItem","name":"PIMEM reclama el pago de las facturas pendientes de las AA.PP"},"previousItem":{"@type":"ListItem","@id":"https:\/\/www.eldigitaldeasturias.com\/noticias#listItem","name":"Home"}},{"@type":"ListItem","@id":"https:\/\/www.eldigitaldeasturias.com\/noticias\/pimem-reclama-el-pago-de-las-facturas-pendientes-de-las-aa-pp\/#listItem","position":3,"name":"PIMEM reclama el pago de las facturas pendientes de las AA.PP","previousItem":{"@type":"ListItem","@id":"https:\/\/www.eldigitaldeasturias.com\/noticias\/category\/economia\/#listItem","name":"Econom\u00eda"}}]},{"@type":"Organization","@id":"https:\/\/www.eldigitaldeasturias.com\/noticias\/#organization","name":"El Digital de Asturias","description":"Hemeroteca","url":"https:\/\/www.eldigitaldeasturias.com\/noticias\/","email":"info@eldigitaldeasturias.com","telephone":"+34652131393","logo":{"@type":"ImageObject","url":"https:\/\/www.eldigitaldeasturias.com\/noticias\/wp-content\/uploads\/2020\/12\/EDA.jpg","@id":"https:\/\/www.eldigitaldeasturias.com\/noticias\/pimem-reclama-el-pago-de-las-facturas-pendientes-de-las-aa-pp\/#organizationLogo","width":649,"height":297},"image":{"@id":"https:\/\/www.eldigitaldeasturias.com\/noticias\/pimem-reclama-el-pago-de-las-facturas-pendientes-de-las-aa-pp\/#organizationLogo"},"sameAs":["https:\/\/facebook.com\/eldigitaldeasturias","https:\/\/www.youtube.com\/channel\/UCZP-2wLEB9Rv6erhFmqVnvg"],"address":{"@id":"https:\/\/www.eldigitaldeasturias.com\/noticias\/#postaladdress","@type":"PostalAddress","streetAddress":"san antonio 4,","postalCode":"33430","addressLocality":"Cand\u00e1s","addressRegion":"Asturias","addressCountry":"ES"}},{"@type":"Person","@id":"https:\/\/www.eldigitaldeasturias.com\/noticias\/author\/admin\/#author","url":"https:\/\/www.eldigitaldeasturias.com\/noticias\/author\/admin\/","name":"El Digital de Asturias","image":{"@type":"ImageObject","@id":"https:\/\/www.eldigitaldeasturias.com\/noticias\/pimem-reclama-el-pago-de-las-facturas-pendientes-de-las-aa-pp\/#authorImage","url":"https:\/\/www.eldigitaldeasturias.com\/noticias\/wp-content\/litespeed\/avatar\/18677e78aa0546b92d9dbf31ec7d7668.jpg?ver=1777290358","width":96,"height":96,"caption":"El Digital de Asturias"}},{"@type":"WebPage","@id":"https:\/\/www.eldigitaldeasturias.com\/noticias\/pimem-reclama-el-pago-de-las-facturas-pendientes-de-las-aa-pp\/#webpage","url":"https:\/\/www.eldigitaldeasturias.com\/noticias\/pimem-reclama-el-pago-de-las-facturas-pendientes-de-las-aa-pp\/","name":"PIMEM reclama el pago de las facturas pendientes de las AA.PP - El Digital de Asturias","description":"La Federaci\u00f3n de la Peque\u00f1a y Mediana Empresa de Mallorca (PIMEM) quiere expresar su preocupaci\u00f3n tras conocer los periodos medios de pago de las administraciones p\u00fablicas de Baleares durante el mes de enero de 2020, que el Ministerio de Hacienda hizo p\u00fablicos el pasado 3 de abril y que ha estudiado la Plataforma Multisectorial contra","inLanguage":"es-ES","isPartOf":{"@id":"https:\/\/www.eldigitaldeasturias.com\/noticias\/#website"},"breadcrumb":{"@id":"https:\/\/www.eldigitaldeasturias.com\/noticias\/pimem-reclama-el-pago-de-las-facturas-pendientes-de-las-aa-pp\/#breadcrumblist"},"author":{"@id":"https:\/\/www.eldigitaldeasturias.com\/noticias\/author\/admin\/#author"},"creator":{"@id":"https:\/\/www.eldigitaldeasturias.com\/noticias\/author\/admin\/#author"},"image":{"@type":"ImageObject","url":"https:\/\/www.eldigitaldeasturias.com\/noticias\/wp-content\/uploads\/2015\/04\/euros1.jpg","@id":"https:\/\/www.eldigitaldeasturias.com\/noticias\/pimem-reclama-el-pago-de-las-facturas-pendientes-de-las-aa-pp\/#mainImage","width":655,"height":360,"caption":"euros"},"primaryImageOfPage":{"@id":"https:\/\/www.eldigitaldeasturias.com\/noticias\/pimem-reclama-el-pago-de-las-facturas-pendientes-de-las-aa-pp\/#mainImage"},"datePublished":"2020-04-08T14:08:38+02:00","dateModified":"2020-04-08T14:08:38+02:00"},{"@type":"WebSite","@id":"https:\/\/www.eldigitaldeasturias.com\/noticias\/#website","url":"https:\/\/www.eldigitaldeasturias.com\/noticias\/","name":"El Digital de Asturias - Diario de actualidad y noticias","alternateName":"El Digital de Asturias - Diario de actualidad y noticias","description":"Hemeroteca","inLanguage":"es-ES","publisher":{"@id":"https:\/\/www.eldigitaldeasturias.com\/noticias\/#organization"}}]},"og:locale":"es_ES","og:site_name":"El Digital de Asturias","og:type":"article","og:title":"PIMEM reclama el pago de las facturas pendientes de las AA.PP - El Digital de Asturias","og:description":"La Federaci\u00f3n de la Peque\u00f1a y Mediana Empresa de Mallorca (PIMEM) quiere expresar su preocupaci\u00f3n tras conocer los periodos medios de pago de las administraciones p\u00fablicas de Baleares durante el mes de enero de 2020, que el Ministerio de Hacienda hizo p\u00fablicos el pasado 3 de abril y que ha estudiado la Plataforma Multisectorial contra","og:url":"https:\/\/www.eldigitaldeasturias.com\/noticias\/pimem-reclama-el-pago-de-las-facturas-pendientes-de-las-aa-pp\/","og:image":"https:\/\/www.eldigitaldeasturias.com\/noticias\/wp-content\/uploads\/2015\/04\/euros1.jpg","og:image:secure_url":"https:\/\/www.eldigitaldeasturias.com\/noticias\/wp-content\/uploads\/2015\/04\/euros1.jpg","og:image:width":655,"og:image:height":360,"article:tag":["econom\u00eda"],"article:published_time":"2020-04-08T14:08:38+00:00","article:modified_time":"2020-04-08T14:08:38+00:00","article:publisher":"https:\/\/facebook.com\/eldigitaldeasturias","twitter:card":"summary_large_image","twitter:title":"PIMEM reclama el pago de las facturas pendientes de las AA.PP - El Digital de Asturias","twitter:description":"La Federaci\u00f3n de la Peque\u00f1a y Mediana Empresa de Mallorca (PIMEM) quiere expresar su preocupaci\u00f3n tras conocer los periodos medios de pago de las administraciones p\u00fablicas de Baleares durante el mes de enero de 2020, que el Ministerio de Hacienda hizo p\u00fablicos el pasado 3 de abril y que ha estudiado la Plataforma Multisectorial contra","twitter:image":"https:\/\/www.eldigitaldeasturias.com\/noticias\/wp-content\/uploads\/2015\/04\/euros1.jpg","twitter:label1":"Escrito por","twitter:data1":"El Digital de Asturias","twitter:label2":"Tiempo de lectura estimado","twitter:data2":"1 minuto"},"aioseo_meta_data":{"post_id":"1062896","title":null,"description":null,"keywords":null,"keyphrases":null,"primary_term":null,"canonical_url":null,"og_title":null,"og_description":null,"og_object_type":"default","og_image_type":"default","og_image_url":null,"og_image_width":null,"og_image_height":null,"og_image_custom_url":null,"og_image_custom_fields":null,"og_video":null,"og_custom_url":null,"og_article_section":null,"og_article_tags":null,"twitter_use_og":false,"twitter_card":"default","twitter_image_type":"default","twitter_image_url":null,"twitter_image_custom_url":null,"twitter_image_custom_fields":null,"twitter_title":null,"twitter_description":null,"schema":{"blockGraphs":[],"customGraphs":[],"default":{"data":{"Article":[],"Course":[],"Dataset":[],"FAQPage":[],"Movie":[],"Person":[],"Product":[],"ProductReview":[],"Car":[],"Recipe":[],"Service":[],"SoftwareApplication":[],"WebPage":[]},"graphName":"","isEnabled":true},"graphs":[],"defaultGraph":"","defaultPostTypeGraph":""},"schema_type":null,"schema_type_options":null,"pillar_content":false,"robots_default":true,"robots_noindex":false,"robots_noarchive":false,"robots_nosnippet":false,"robots_nofollow":false,"robots_noimageindex":false,"robots_noodp":false,"robots_notranslate":false,"robots_max_snippet":null,"robots_max_videopreview":null,"robots_max_imagepreview":"large","priority":null,"frequency":null,"local_seo":null,"seo_analyzer_scan_date":"2025-10-31 20:27:12","breadcrumb_settings":null,"limit_modified_date":false,"open_ai":null,"ai":null,"created":"2020-12-21 10:53:01","updated":"2025-10-31 20:27:12"},"aioseo_breadcrumb":"<div class=\"aioseo-breadcrumbs\"><span class=\"aioseo-breadcrumb\">\n\t<a href=\"https:\/\/www.eldigitaldeasturias.com\/noticias\" title=\"Home\">Home<\/a>\n<\/span><span class=\"aioseo-breadcrumb-separator\">\u2013<\/span><span class=\"aioseo-breadcrumb\">\n\t<a href=\"https:\/\/www.eldigitaldeasturias.com\/noticias\/category\/economia\/\" title=\"Econom\u00eda\">Econom\u00eda<\/a>\n<\/span><span class=\"aioseo-breadcrumb-separator\">\u2013<\/span><span class=\"aioseo-breadcrumb\">\n\t<a href=\"https:\/\/www.eldigitaldeasturias.com\/noticias\/pimem-reclama-el-pago-de-las-facturas-pendientes-de-las-aa-pp\/\" title=\"PIMEM reclama el pago de las facturas pendientes de las AA.PP\">PIMEM reclama el pago de las facturas pendientes de las AA.PP<\/a>\n<\/span><\/div>","aioseo_breadcrumb_json":[{"label":"Home","link":"https:\/\/www.eldigitaldeasturias.com\/noticias"},{"label":"Econom\u00eda","link":"https:\/\/www.eldigitaldeasturias.com\/noticias\/category\/economia\/"},{"label":"PIMEM reclama el pago de las facturas pendientes de las AA.PP","link":"https:\/\/www.eldigitaldeasturias.com\/noticias\/pimem-reclama-el-pago-de-las-facturas-pendientes-de-las-aa-pp\/"}],"_links":{"self":[{"href":"https:\/\/www.eldigitaldeasturias.com\/noticias\/wp-json\/wp\/v2\/posts\/1062896","targetHints":{"allow":["GET"]}}],"collection":[{"href":"https:\/\/www.eldigitaldeasturias.com\/noticias\/wp-json\/wp\/v2\/posts"}],"about":[{"href":"https:\/\/www.eldigitaldeasturias.com\/noticias\/wp-json\/wp\/v2\/types\/post"}],"author":[{"embeddable":true,"href":"https:\/\/www.eldigitaldeasturias.com\/noticias\/wp-json\/wp\/v2\/users\/1"}],"replies":[{"embeddable":true,"href":"https:\/\/www.eldigitaldeasturias.com\/noticias\/wp-json\/wp\/v2\/comments?post=1062896"}],"version-history":[{"count":0,"href":"https:\/\/www.eldigitaldeasturias.com\/noticias\/wp-json\/wp\/v2\/posts\/1062896\/revisions"}],"wp:featuredmedia":[{"embeddable":true,"href":"https:\/\/www.eldigitaldeasturias.com\/noticias\/wp-json\/wp\/v2\/media\/780683"}],"wp:attachment":[{"href":"https:\/\/www.eldigitaldeasturias.com\/noticias\/wp-json\/wp\/v2\/media?parent=1062896"}],"wp:term":[{"taxonomy":"category","embeddable":true,"href":"https:\/\/www.eldigitaldeasturias.com\/noticias\/wp-json\/wp\/v2\/categories?post=1062896"},{"taxonomy":"post_tag","embeddable":true,"href":"https:\/\/www.eldigitaldeasturias.com\/noticias\/wp-json\/wp\/v2\/tags?post=1062896"}],"curies":[{"name":"wp","href":"https:\/\/api.w.org\/{rel}","templated":true}]}}