{"id":1062723,"date":"2020-04-06T15:37:33","date_gmt":"2020-04-06T15:37:33","guid":{"rendered":"https:\/\/www.eldigitaldeasturias.com\/noticias\/?p=1062723"},"modified":"2020-04-06T15:37:33","modified_gmt":"2020-04-06T15:37:33","slug":"donde-pedir-cita-previa-para-los-diferentes-estamentos-publicos-nacionales","status":"publish","type":"post","link":"https:\/\/www.eldigitaldeasturias.com\/noticias\/donde-pedir-cita-previa-para-los-diferentes-estamentos-publicos-nacionales\/","title":{"rendered":"Donde pedir cita previa para los diferentes estamentos p\u00fablicos nacionales"},"content":{"rendered":"<p><img loading=\"lazy\" decoding=\"async\" class=\"alignleft size-medium wp-image-1062724\" src=\"https:\/\/www.eldigitaldeasturias.com\/noticias\/wp-content\/uploads\/2020\/04\/cita-SEPE-360x246.jpg\" alt=\"\" width=\"360\" height=\"246\" srcset=\"https:\/\/www.eldigitaldeasturias.com\/noticias\/wp-content\/uploads\/2020\/04\/cita-SEPE-360x246.jpg 360w, https:\/\/www.eldigitaldeasturias.com\/noticias\/wp-content\/uploads\/2020\/04\/cita-SEPE-690x472.jpg 690w, https:\/\/www.eldigitaldeasturias.com\/noticias\/wp-content\/uploads\/2020\/04\/cita-SEPE-438x300.jpg 438w, https:\/\/www.eldigitaldeasturias.com\/noticias\/wp-content\/uploads\/2020\/04\/cita-SEPE-768x526.jpg 768w, https:\/\/www.eldigitaldeasturias.com\/noticias\/wp-content\/uploads\/2020\/04\/cita-SEPE-1024x701.jpg 1024w, https:\/\/www.eldigitaldeasturias.com\/noticias\/wp-content\/uploads\/2020\/04\/cita-SEPE.jpg 1053w\" sizes=\"auto, (max-width: 360px) 100vw, 360px\" \/>La sociedad espa\u00f1ola, en comuni\u00f3n con la internacional, sigue soportando el peso de un encierro que trata de bajar la curva de crecimiento de contagiados por el coronavirus. Adem\u00e1s del costo en vidas que est\u00e1 teniendo esta pandemia, el econ\u00f3mico va a alcanzar cifras de aut\u00e9ntico r\u00e9cord<\/p>\n<p>La econom\u00eda, ya debilitada por los periodos de crisis vividos, sigue sufriendo p\u00e9rdidas, lo que representa una baja notable en la calidad de vida de los ciudadanos. Como suele ocurrir, ser\u00e1n la clase media y la clase trabajadora la que m\u00e1s sufra esta situaci\u00f3n. Las estimaciones hablan de m\u00e1s de <strong>4,5 millones de personas que ir\u00e1n a engrosar las listas del paro en Espa\u00f1a<\/strong>.<\/p>\n<p>Para aligerar unos <strong>tr\u00e1mites<\/strong> que se espera que se vean colapsados por la llegada masiva de parados a las <strong>oficinas del INEM<\/strong>, lo m\u00e1s acertado es tener al alcance de la mano p\u00e1ginas web como <span style=\"color: #ff6600;\"><strong><a style=\"color: #ff6600;\" href=\"https:\/\/pedircitaprevia.online\/\" target=\"_blank\" rel=\"noopener noreferrer\">pedircitaprevia.online<\/a><\/strong><\/span>, el <strong>espacio online donde se ofrece informaci\u00f3n sobre c\u00f3mo llevar a cabo las diferentes citas previas<\/strong> en diferentes estamentos p\u00fablicos.<\/p>\n<h3><strong>Para consultar todo lo que hay que saber sobre las prestaciones<\/strong><\/h3>\n<p>Es, sin lugar a dudas, la mayor de las preocupaciones para todos esos nuevos desempleados que se van a ver afectados de manera tan radical por la crisis pand\u00e9mica que pasa el pa\u00eds.<\/p>\n<p>Encontrar el lugar que les facilite la informaci\u00f3n sobre las condiciones en las que se encuentran en relaci\u00f3n a cobrar el subsidio por desempleo ser\u00e1 fundamental. Entre otras cuestiones, deber\u00e1n saber <strong>qu\u00e9 papeles han de localizarse y entregarse<\/strong>, <strong>a qu\u00e9 cantidades y a cu\u00e1nto tiempo de paro tienen derecho\u2026<\/strong><\/p>\n<p>Todo este tipo de cuestiones tienen respuesta en las <strong>oficinas del SEPE<\/strong>, es decir, en el <strong>Servicio P\u00fablico de Empleo Estatal<\/strong>. Una reuni\u00f3n con alguno de sus gestores solucionar\u00e1 todas y cada una de las dudas que se tengan en este sentido.<\/p>\n<p>Pero, para conseguir una cita con ellos, hay que saber <strong>d\u00f3nde se pide <span style=\"color: #ff6600;\"><a style=\"color: #ff6600;\" href=\"https:\/\/pedircitaprevia.online\/sepe-inem\/\" target=\"_blank\" rel=\"noopener noreferrer\">cita previa para el paro<\/a><\/span><\/strong>, se necesita conocer un <strong>sitio online de confianza donde poder encontrar esta informaci\u00f3n<\/strong> tan \u00fatil para tener acceso al dinero de las <strong>prestaciones por desempleo<\/strong>.<\/p>\n<p>En la direcci\u00f3n web <strong>pedircita.online\/sepe-inem\/<\/strong>, a la que se accede directamente haciendo clic sobre el enlace propuesto en el p\u00e1rrafo anterior, no solo se tiene los datos necesarios para acceder a esta oficina, sino que se ofrece informaci\u00f3n sobre <strong>qu\u00e9 es y qu\u00e9 significa SEPE (INEM)<\/strong> y cu\u00e1l es el tr\u00e1mite a seguir para <strong>conseguir una cita<\/strong>, as\u00ed como para anularla si fuera necesario.<\/p>\n<h3><strong>La necesidad de pedir cita previa en el SEPE<\/strong><\/h3>\n<p>Como se empez\u00f3 comentando en este art\u00edculo, se est\u00e1 produciendo en estos momentos la mayor subida del paro de la historia, hasta ahora la cantidad sobrepasa los 303.000 desempleados m\u00e1s. El coronavirus es un mal que est\u00e1 arrasando todo el sistema econ\u00f3mico y social que hasta hoy se cre\u00eda inamovible.<\/p>\n<p>Esta cifra que parece escandalosa <strong>no incluye a todos aquellos trabajadores que han sido afectados por alg\u00fan ERTE<\/strong>, puesto que esta definici\u00f3n no se incluye en la que utilice el estado para contabilizar desempleados. Por su parte, la Seguridad Social tambi\u00e9n ha sufrido un tremendo descalabro, perdiendo a finales de marzo nada menos que 833.979 afiliados.<\/p>\n<p>Nadie pude dudar del tremendo cataclismo que est\u00e1 ocasionando la pandemia del coronavirus en el mercado laboral espa\u00f1ol. Una situaci\u00f3n que tambi\u00e9n se vive, m\u00e1s o menos con la misma intensidad, en el resto de pa\u00edses de la comunidad global.<\/p>\n<p>El n\u00famero de parados crece siendo imprescindible el acceso a los <strong>servicios de ayuda nacionales<\/strong>, <strong>como el SEPE<\/strong>, para recibir la prestaci\u00f3n econ\u00f3mica necesaria con la que evitar caer en la extrema necesidad.<\/p>\n<h2><strong>Aumento exponencial de la cifra de parados<\/strong><\/h2>\n<p>Hay que considerar que el 14 de marzo, cuando el Gobierno Nacional decret\u00f3 el estado de alarma y el inicio del confinamiento de sus ciudadanos, con la consiguiente suspensi\u00f3n de la actividad laboral por parte de las empresas, negocios y profesionales aut\u00f3nomos, el paro solo sub\u00eda una media algo por debajo de las 3.000 personas. Una vez que se estabiliz\u00f3 y se proyect\u00f3 la duraci\u00f3n aproximada de la cuarentena, <strong>el aumento de desempleados creci\u00f3 exponencialmente hasta alcanzar la cifra de las 300.000 personas<\/strong> a final de ese mismo mes.<\/p>\n<p>Cifras que, como ya se ha comentado, no son del todo reales, ya que el n\u00famero de parados es considerablemente mayor, puesto que <strong>no se incluyen en estos recuentos<\/strong> aquellos trabajadores en situaci\u00f3n de <strong>suspensi\u00f3n de empleo, reducci\u00f3n horaria o que han sido sometidos a un ERTE<\/strong> (Expediente de Regulaci\u00f3n de Empleo Temporal).<\/p>\n<p>Este factor explica claramente la tremenda diferencia que se da entre las estad\u00edsticas de la Seguridad Social y las del Paro. Las primeras, las de la Seguridad Social, s\u00ed que reflejar\u00edan m\u00e1s la realidad en cuanto a las cifras de los empleados afectados por estas suspensiones de empleo y que los sindicatos estiman en medio mill\u00f3n.<\/p>\n<p>&nbsp;<\/p>\n","protected":false},"excerpt":{"rendered":"<p>La sociedad espa\u00f1ola, en comuni\u00f3n con la internacional, sigue soportando el peso de un encierro que trata de bajar la curva de crecimiento de contagiados por el coronavirus. Adem\u00e1s del costo en vidas que est\u00e1 teniendo esta pandemia, el econ\u00f3mico va a alcanzar cifras de aut\u00e9ntico r\u00e9cord La econom\u00eda, ya debilitada por los periodos de [&hellip;]<\/p>\n","protected":false},"author":1,"featured_media":1062724,"comment_status":"closed","ping_status":"closed","sticky":false,"template":"","format":"standard","meta":{"footnotes":""},"categories":[187],"tags":[],"class_list":["post-1062723","post","type-post","status-publish","format-standard","has-post-thumbnail","hentry","category-economia"],"aioseo_notices":[],"aioseo_head":"\n\t\t<!-- All in One SEO Pro 4.9.6.2 - aioseo.com -->\n\t<meta name=\"description\" content=\"La sociedad espa\u00f1ola, en comuni\u00f3n con la internacional, sigue soportando el peso de un encierro que trata de bajar la curva de crecimiento de contagiados por el coronavirus. Adem\u00e1s del costo en vidas que est\u00e1 teniendo esta pandemia, el econ\u00f3mico va a alcanzar cifras de aut\u00e9ntico r\u00e9cord La econom\u00eda, ya debilitada por los periodos de\" \/>\n\t<meta name=\"robots\" content=\"max-image-preview:large\" \/>\n\t<meta name=\"author\" content=\"El Digital de Asturias\"\/>\n\t<meta name=\"google-site-verification\" content=\"UA-38556648-1\" \/>\n\t<meta name=\"msvalidate.01\" content=\"7dfe9f3f1b24437ab69f4f2559babe99\" \/>\n\t<meta name=\"keywords\" content=\"econom\u00eda\" \/>\n\t<link rel=\"canonical\" href=\"https:\/\/www.eldigitaldeasturias.com\/noticias\/donde-pedir-cita-previa-para-los-diferentes-estamentos-publicos-nacionales\/\" \/>\n\t<meta name=\"generator\" content=\"All in One SEO Pro (AIOSEO) 4.9.6.2\" \/>\n\t\t<meta property=\"og:locale\" content=\"es_ES\" \/>\n\t\t<meta property=\"og:site_name\" content=\"El Digital de Asturias\" \/>\n\t\t<meta property=\"og:type\" content=\"article\" \/>\n\t\t<meta property=\"og:title\" content=\"Donde pedir cita previa para los diferentes estamentos p\u00fablicos nacionales - El Digital de Asturias\" \/>\n\t\t<meta property=\"og:description\" content=\"La sociedad espa\u00f1ola, en comuni\u00f3n con la internacional, sigue soportando el peso de un encierro que trata de bajar la curva de crecimiento de contagiados por el coronavirus. Adem\u00e1s del costo en vidas que est\u00e1 teniendo esta pandemia, el econ\u00f3mico va a alcanzar cifras de aut\u00e9ntico r\u00e9cord La econom\u00eda, ya debilitada por los periodos de\" \/>\n\t\t<meta property=\"og:url\" content=\"https:\/\/www.eldigitaldeasturias.com\/noticias\/donde-pedir-cita-previa-para-los-diferentes-estamentos-publicos-nacionales\/\" \/>\n\t\t<meta property=\"og:image\" content=\"https:\/\/www.eldigitaldeasturias.com\/noticias\/wp-content\/uploads\/2020\/04\/cita-SEPE.jpg\" \/>\n\t\t<meta property=\"og:image:secure_url\" content=\"https:\/\/www.eldigitaldeasturias.com\/noticias\/wp-content\/uploads\/2020\/04\/cita-SEPE.jpg\" \/>\n\t\t<meta property=\"og:image:width\" content=\"1053\" \/>\n\t\t<meta property=\"og:image:height\" content=\"721\" \/>\n\t\t<meta property=\"article:tag\" content=\"econom\u00eda\" \/>\n\t\t<meta property=\"article:published_time\" content=\"2020-04-06T15:37:33+00:00\" \/>\n\t\t<meta property=\"article:modified_time\" content=\"2020-04-06T15:37:33+00:00\" \/>\n\t\t<meta property=\"article:publisher\" content=\"https:\/\/facebook.com\/eldigitaldeasturias\" \/>\n\t\t<meta name=\"twitter:card\" content=\"summary_large_image\" \/>\n\t\t<meta name=\"twitter:title\" content=\"Donde pedir cita previa para los diferentes estamentos p\u00fablicos nacionales - El Digital de Asturias\" \/>\n\t\t<meta name=\"twitter:description\" content=\"La sociedad espa\u00f1ola, en comuni\u00f3n con la internacional, sigue soportando el peso de un encierro que trata de bajar la curva de crecimiento de contagiados por el coronavirus. Adem\u00e1s del costo en vidas que est\u00e1 teniendo esta pandemia, el econ\u00f3mico va a alcanzar cifras de aut\u00e9ntico r\u00e9cord La econom\u00eda, ya debilitada por los periodos de\" \/>\n\t\t<meta name=\"twitter:image\" content=\"https:\/\/www.eldigitaldeasturias.com\/noticias\/wp-content\/uploads\/2020\/04\/cita-SEPE.jpg\" \/>\n\t\t<meta name=\"twitter:label1\" content=\"Escrito por\" \/>\n\t\t<meta name=\"twitter:data1\" content=\"El Digital de Asturias\" \/>\n\t\t<meta name=\"twitter:label2\" content=\"Tiempo de lectura estimado\" \/>\n\t\t<meta name=\"twitter:data2\" content=\"4 minutos\" \/>\n\t\t<script type=\"application\/ld+json\" class=\"aioseo-schema\">\n\t\t\t{\"@context\":\"https:\\\/\\\/schema.org\",\"@graph\":[{\"@type\":\"BlogPosting\",\"@id\":\"https:\\\/\\\/www.eldigitaldeasturias.com\\\/noticias\\\/donde-pedir-cita-previa-para-los-diferentes-estamentos-publicos-nacionales\\\/#blogposting\",\"name\":\"Donde pedir cita previa para los diferentes estamentos p\\u00fablicos nacionales - El Digital de Asturias\",\"headline\":\"Donde pedir cita previa para los diferentes estamentos p\\u00fablicos nacionales\",\"author\":{\"@id\":\"https:\\\/\\\/www.eldigitaldeasturias.com\\\/noticias\\\/author\\\/admin\\\/#author\"},\"publisher\":{\"@id\":\"https:\\\/\\\/www.eldigitaldeasturias.com\\\/noticias\\\/#organization\"},\"image\":{\"@type\":\"ImageObject\",\"url\":\"https:\\\/\\\/www.eldigitaldeasturias.com\\\/noticias\\\/wp-content\\\/uploads\\\/2020\\\/04\\\/cita-SEPE.jpg\",\"width\":1053,\"height\":721},\"datePublished\":\"2020-04-06T15:37:33+02:00\",\"dateModified\":\"2020-04-06T15:37:33+02:00\",\"inLanguage\":\"es-ES\",\"mainEntityOfPage\":{\"@id\":\"https:\\\/\\\/www.eldigitaldeasturias.com\\\/noticias\\\/donde-pedir-cita-previa-para-los-diferentes-estamentos-publicos-nacionales\\\/#webpage\"},\"isPartOf\":{\"@id\":\"https:\\\/\\\/www.eldigitaldeasturias.com\\\/noticias\\\/donde-pedir-cita-previa-para-los-diferentes-estamentos-publicos-nacionales\\\/#webpage\"},\"articleSection\":\"Econom\\u00eda\"},{\"@type\":\"BreadcrumbList\",\"@id\":\"https:\\\/\\\/www.eldigitaldeasturias.com\\\/noticias\\\/donde-pedir-cita-previa-para-los-diferentes-estamentos-publicos-nacionales\\\/#breadcrumblist\",\"itemListElement\":[{\"@type\":\"ListItem\",\"@id\":\"https:\\\/\\\/www.eldigitaldeasturias.com\\\/noticias#listItem\",\"position\":1,\"name\":\"Home\",\"item\":\"https:\\\/\\\/www.eldigitaldeasturias.com\\\/noticias\",\"nextItem\":{\"@type\":\"ListItem\",\"@id\":\"https:\\\/\\\/www.eldigitaldeasturias.com\\\/noticias\\\/category\\\/economia\\\/#listItem\",\"name\":\"Econom\\u00eda\"}},{\"@type\":\"ListItem\",\"@id\":\"https:\\\/\\\/www.eldigitaldeasturias.com\\\/noticias\\\/category\\\/economia\\\/#listItem\",\"position\":2,\"name\":\"Econom\\u00eda\",\"item\":\"https:\\\/\\\/www.eldigitaldeasturias.com\\\/noticias\\\/category\\\/economia\\\/\",\"nextItem\":{\"@type\":\"ListItem\",\"@id\":\"https:\\\/\\\/www.eldigitaldeasturias.com\\\/noticias\\\/donde-pedir-cita-previa-para-los-diferentes-estamentos-publicos-nacionales\\\/#listItem\",\"name\":\"Donde pedir cita previa para los diferentes estamentos p\\u00fablicos nacionales\"},\"previousItem\":{\"@type\":\"ListItem\",\"@id\":\"https:\\\/\\\/www.eldigitaldeasturias.com\\\/noticias#listItem\",\"name\":\"Home\"}},{\"@type\":\"ListItem\",\"@id\":\"https:\\\/\\\/www.eldigitaldeasturias.com\\\/noticias\\\/donde-pedir-cita-previa-para-los-diferentes-estamentos-publicos-nacionales\\\/#listItem\",\"position\":3,\"name\":\"Donde pedir cita previa para los diferentes estamentos p\\u00fablicos nacionales\",\"previousItem\":{\"@type\":\"ListItem\",\"@id\":\"https:\\\/\\\/www.eldigitaldeasturias.com\\\/noticias\\\/category\\\/economia\\\/#listItem\",\"name\":\"Econom\\u00eda\"}}]},{\"@type\":\"Organization\",\"@id\":\"https:\\\/\\\/www.eldigitaldeasturias.com\\\/noticias\\\/#organization\",\"name\":\"El Digital de Asturias\",\"description\":\"Hemeroteca\",\"url\":\"https:\\\/\\\/www.eldigitaldeasturias.com\\\/noticias\\\/\",\"email\":\"info@eldigitaldeasturias.com\",\"telephone\":\"+34652131393\",\"logo\":{\"@type\":\"ImageObject\",\"url\":\"https:\\\/\\\/www.eldigitaldeasturias.com\\\/noticias\\\/wp-content\\\/uploads\\\/2020\\\/12\\\/EDA.jpg\",\"@id\":\"https:\\\/\\\/www.eldigitaldeasturias.com\\\/noticias\\\/donde-pedir-cita-previa-para-los-diferentes-estamentos-publicos-nacionales\\\/#organizationLogo\",\"width\":649,\"height\":297},\"image\":{\"@id\":\"https:\\\/\\\/www.eldigitaldeasturias.com\\\/noticias\\\/donde-pedir-cita-previa-para-los-diferentes-estamentos-publicos-nacionales\\\/#organizationLogo\"},\"sameAs\":[\"https:\\\/\\\/facebook.com\\\/eldigitaldeasturias\",\"https:\\\/\\\/www.youtube.com\\\/channel\\\/UCZP-2wLEB9Rv6erhFmqVnvg\"],\"address\":{\"@id\":\"https:\\\/\\\/www.eldigitaldeasturias.com\\\/noticias\\\/#postaladdress\",\"@type\":\"PostalAddress\",\"streetAddress\":\"san antonio 4,\",\"postalCode\":\"33430\",\"addressLocality\":\"Cand\\u00e1s\",\"addressRegion\":\"Asturias\",\"addressCountry\":\"ES\"}},{\"@type\":\"Person\",\"@id\":\"https:\\\/\\\/www.eldigitaldeasturias.com\\\/noticias\\\/author\\\/admin\\\/#author\",\"url\":\"https:\\\/\\\/www.eldigitaldeasturias.com\\\/noticias\\\/author\\\/admin\\\/\",\"name\":\"El Digital de Asturias\",\"image\":{\"@type\":\"ImageObject\",\"@id\":\"https:\\\/\\\/www.eldigitaldeasturias.com\\\/noticias\\\/donde-pedir-cita-previa-para-los-diferentes-estamentos-publicos-nacionales\\\/#authorImage\",\"url\":\"https:\\\/\\\/www.eldigitaldeasturias.com\\\/noticias\\\/wp-content\\\/litespeed\\\/avatar\\\/18677e78aa0546b92d9dbf31ec7d7668.jpg?ver=1777290358\",\"width\":96,\"height\":96,\"caption\":\"El Digital de Asturias\"}},{\"@type\":\"WebPage\",\"@id\":\"https:\\\/\\\/www.eldigitaldeasturias.com\\\/noticias\\\/donde-pedir-cita-previa-para-los-diferentes-estamentos-publicos-nacionales\\\/#webpage\",\"url\":\"https:\\\/\\\/www.eldigitaldeasturias.com\\\/noticias\\\/donde-pedir-cita-previa-para-los-diferentes-estamentos-publicos-nacionales\\\/\",\"name\":\"Donde pedir cita previa para los diferentes estamentos p\\u00fablicos nacionales - El Digital de Asturias\",\"description\":\"La sociedad espa\\u00f1ola, en comuni\\u00f3n con la internacional, sigue soportando el peso de un encierro que trata de bajar la curva de crecimiento de contagiados por el coronavirus. Adem\\u00e1s del costo en vidas que est\\u00e1 teniendo esta pandemia, el econ\\u00f3mico va a alcanzar cifras de aut\\u00e9ntico r\\u00e9cord La econom\\u00eda, ya debilitada por los periodos de\",\"inLanguage\":\"es-ES\",\"isPartOf\":{\"@id\":\"https:\\\/\\\/www.eldigitaldeasturias.com\\\/noticias\\\/#website\"},\"breadcrumb\":{\"@id\":\"https:\\\/\\\/www.eldigitaldeasturias.com\\\/noticias\\\/donde-pedir-cita-previa-para-los-diferentes-estamentos-publicos-nacionales\\\/#breadcrumblist\"},\"author\":{\"@id\":\"https:\\\/\\\/www.eldigitaldeasturias.com\\\/noticias\\\/author\\\/admin\\\/#author\"},\"creator\":{\"@id\":\"https:\\\/\\\/www.eldigitaldeasturias.com\\\/noticias\\\/author\\\/admin\\\/#author\"},\"image\":{\"@type\":\"ImageObject\",\"url\":\"https:\\\/\\\/www.eldigitaldeasturias.com\\\/noticias\\\/wp-content\\\/uploads\\\/2020\\\/04\\\/cita-SEPE.jpg\",\"@id\":\"https:\\\/\\\/www.eldigitaldeasturias.com\\\/noticias\\\/donde-pedir-cita-previa-para-los-diferentes-estamentos-publicos-nacionales\\\/#mainImage\",\"width\":1053,\"height\":721},\"primaryImageOfPage\":{\"@id\":\"https:\\\/\\\/www.eldigitaldeasturias.com\\\/noticias\\\/donde-pedir-cita-previa-para-los-diferentes-estamentos-publicos-nacionales\\\/#mainImage\"},\"datePublished\":\"2020-04-06T15:37:33+02:00\",\"dateModified\":\"2020-04-06T15:37:33+02:00\"},{\"@type\":\"WebSite\",\"@id\":\"https:\\\/\\\/www.eldigitaldeasturias.com\\\/noticias\\\/#website\",\"url\":\"https:\\\/\\\/www.eldigitaldeasturias.com\\\/noticias\\\/\",\"name\":\"El Digital de Asturias - Diario de actualidad y noticias\",\"alternateName\":\"El Digital de Asturias - Diario de actualidad y noticias\",\"description\":\"Hemeroteca\",\"inLanguage\":\"es-ES\",\"publisher\":{\"@id\":\"https:\\\/\\\/www.eldigitaldeasturias.com\\\/noticias\\\/#organization\"}}]}\n\t\t<\/script>\n\t\t<!-- All in One SEO Pro -->\r\n\t\t<title>Donde pedir cita previa para los diferentes estamentos p\u00fablicos nacionales - El Digital de Asturias<\/title>\n\n","aioseo_head_json":{"title":"Donde pedir cita previa para los diferentes estamentos p\u00fablicos nacionales - El Digital de Asturias","description":"La sociedad espa\u00f1ola, en comuni\u00f3n con la internacional, sigue soportando el peso de un encierro que trata de bajar la curva de crecimiento de contagiados por el coronavirus. Adem\u00e1s del costo en vidas que est\u00e1 teniendo esta pandemia, el econ\u00f3mico va a alcanzar cifras de aut\u00e9ntico r\u00e9cord La econom\u00eda, ya debilitada por los periodos de","canonical_url":"https:\/\/www.eldigitaldeasturias.com\/noticias\/donde-pedir-cita-previa-para-los-diferentes-estamentos-publicos-nacionales\/","robots":"max-image-preview:large","keywords":"econom\u00eda","webmasterTools":{"google-site-verification":"UA-38556648-1","msvalidate.01":"7dfe9f3f1b24437ab69f4f2559babe99","miscellaneous":""},"schema":{"@context":"https:\/\/schema.org","@graph":[{"@type":"BlogPosting","@id":"https:\/\/www.eldigitaldeasturias.com\/noticias\/donde-pedir-cita-previa-para-los-diferentes-estamentos-publicos-nacionales\/#blogposting","name":"Donde pedir cita previa para los diferentes estamentos p\u00fablicos nacionales - El Digital de Asturias","headline":"Donde pedir cita previa para los diferentes estamentos p\u00fablicos nacionales","author":{"@id":"https:\/\/www.eldigitaldeasturias.com\/noticias\/author\/admin\/#author"},"publisher":{"@id":"https:\/\/www.eldigitaldeasturias.com\/noticias\/#organization"},"image":{"@type":"ImageObject","url":"https:\/\/www.eldigitaldeasturias.com\/noticias\/wp-content\/uploads\/2020\/04\/cita-SEPE.jpg","width":1053,"height":721},"datePublished":"2020-04-06T15:37:33+02:00","dateModified":"2020-04-06T15:37:33+02:00","inLanguage":"es-ES","mainEntityOfPage":{"@id":"https:\/\/www.eldigitaldeasturias.com\/noticias\/donde-pedir-cita-previa-para-los-diferentes-estamentos-publicos-nacionales\/#webpage"},"isPartOf":{"@id":"https:\/\/www.eldigitaldeasturias.com\/noticias\/donde-pedir-cita-previa-para-los-diferentes-estamentos-publicos-nacionales\/#webpage"},"articleSection":"Econom\u00eda"},{"@type":"BreadcrumbList","@id":"https:\/\/www.eldigitaldeasturias.com\/noticias\/donde-pedir-cita-previa-para-los-diferentes-estamentos-publicos-nacionales\/#breadcrumblist","itemListElement":[{"@type":"ListItem","@id":"https:\/\/www.eldigitaldeasturias.com\/noticias#listItem","position":1,"name":"Home","item":"https:\/\/www.eldigitaldeasturias.com\/noticias","nextItem":{"@type":"ListItem","@id":"https:\/\/www.eldigitaldeasturias.com\/noticias\/category\/economia\/#listItem","name":"Econom\u00eda"}},{"@type":"ListItem","@id":"https:\/\/www.eldigitaldeasturias.com\/noticias\/category\/economia\/#listItem","position":2,"name":"Econom\u00eda","item":"https:\/\/www.eldigitaldeasturias.com\/noticias\/category\/economia\/","nextItem":{"@type":"ListItem","@id":"https:\/\/www.eldigitaldeasturias.com\/noticias\/donde-pedir-cita-previa-para-los-diferentes-estamentos-publicos-nacionales\/#listItem","name":"Donde pedir cita previa para los diferentes estamentos p\u00fablicos nacionales"},"previousItem":{"@type":"ListItem","@id":"https:\/\/www.eldigitaldeasturias.com\/noticias#listItem","name":"Home"}},{"@type":"ListItem","@id":"https:\/\/www.eldigitaldeasturias.com\/noticias\/donde-pedir-cita-previa-para-los-diferentes-estamentos-publicos-nacionales\/#listItem","position":3,"name":"Donde pedir cita previa para los diferentes estamentos p\u00fablicos nacionales","previousItem":{"@type":"ListItem","@id":"https:\/\/www.eldigitaldeasturias.com\/noticias\/category\/economia\/#listItem","name":"Econom\u00eda"}}]},{"@type":"Organization","@id":"https:\/\/www.eldigitaldeasturias.com\/noticias\/#organization","name":"El Digital de Asturias","description":"Hemeroteca","url":"https:\/\/www.eldigitaldeasturias.com\/noticias\/","email":"info@eldigitaldeasturias.com","telephone":"+34652131393","logo":{"@type":"ImageObject","url":"https:\/\/www.eldigitaldeasturias.com\/noticias\/wp-content\/uploads\/2020\/12\/EDA.jpg","@id":"https:\/\/www.eldigitaldeasturias.com\/noticias\/donde-pedir-cita-previa-para-los-diferentes-estamentos-publicos-nacionales\/#organizationLogo","width":649,"height":297},"image":{"@id":"https:\/\/www.eldigitaldeasturias.com\/noticias\/donde-pedir-cita-previa-para-los-diferentes-estamentos-publicos-nacionales\/#organizationLogo"},"sameAs":["https:\/\/facebook.com\/eldigitaldeasturias","https:\/\/www.youtube.com\/channel\/UCZP-2wLEB9Rv6erhFmqVnvg"],"address":{"@id":"https:\/\/www.eldigitaldeasturias.com\/noticias\/#postaladdress","@type":"PostalAddress","streetAddress":"san antonio 4,","postalCode":"33430","addressLocality":"Cand\u00e1s","addressRegion":"Asturias","addressCountry":"ES"}},{"@type":"Person","@id":"https:\/\/www.eldigitaldeasturias.com\/noticias\/author\/admin\/#author","url":"https:\/\/www.eldigitaldeasturias.com\/noticias\/author\/admin\/","name":"El Digital de Asturias","image":{"@type":"ImageObject","@id":"https:\/\/www.eldigitaldeasturias.com\/noticias\/donde-pedir-cita-previa-para-los-diferentes-estamentos-publicos-nacionales\/#authorImage","url":"https:\/\/www.eldigitaldeasturias.com\/noticias\/wp-content\/litespeed\/avatar\/18677e78aa0546b92d9dbf31ec7d7668.jpg?ver=1777290358","width":96,"height":96,"caption":"El Digital de Asturias"}},{"@type":"WebPage","@id":"https:\/\/www.eldigitaldeasturias.com\/noticias\/donde-pedir-cita-previa-para-los-diferentes-estamentos-publicos-nacionales\/#webpage","url":"https:\/\/www.eldigitaldeasturias.com\/noticias\/donde-pedir-cita-previa-para-los-diferentes-estamentos-publicos-nacionales\/","name":"Donde pedir cita previa para los diferentes estamentos p\u00fablicos nacionales - El Digital de Asturias","description":"La sociedad espa\u00f1ola, en comuni\u00f3n con la internacional, sigue soportando el peso de un encierro que trata de bajar la curva de crecimiento de contagiados por el coronavirus. Adem\u00e1s del costo en vidas que est\u00e1 teniendo esta pandemia, el econ\u00f3mico va a alcanzar cifras de aut\u00e9ntico r\u00e9cord La econom\u00eda, ya debilitada por los periodos de","inLanguage":"es-ES","isPartOf":{"@id":"https:\/\/www.eldigitaldeasturias.com\/noticias\/#website"},"breadcrumb":{"@id":"https:\/\/www.eldigitaldeasturias.com\/noticias\/donde-pedir-cita-previa-para-los-diferentes-estamentos-publicos-nacionales\/#breadcrumblist"},"author":{"@id":"https:\/\/www.eldigitaldeasturias.com\/noticias\/author\/admin\/#author"},"creator":{"@id":"https:\/\/www.eldigitaldeasturias.com\/noticias\/author\/admin\/#author"},"image":{"@type":"ImageObject","url":"https:\/\/www.eldigitaldeasturias.com\/noticias\/wp-content\/uploads\/2020\/04\/cita-SEPE.jpg","@id":"https:\/\/www.eldigitaldeasturias.com\/noticias\/donde-pedir-cita-previa-para-los-diferentes-estamentos-publicos-nacionales\/#mainImage","width":1053,"height":721},"primaryImageOfPage":{"@id":"https:\/\/www.eldigitaldeasturias.com\/noticias\/donde-pedir-cita-previa-para-los-diferentes-estamentos-publicos-nacionales\/#mainImage"},"datePublished":"2020-04-06T15:37:33+02:00","dateModified":"2020-04-06T15:37:33+02:00"},{"@type":"WebSite","@id":"https:\/\/www.eldigitaldeasturias.com\/noticias\/#website","url":"https:\/\/www.eldigitaldeasturias.com\/noticias\/","name":"El Digital de Asturias - Diario de actualidad y noticias","alternateName":"El Digital de Asturias - Diario de actualidad y noticias","description":"Hemeroteca","inLanguage":"es-ES","publisher":{"@id":"https:\/\/www.eldigitaldeasturias.com\/noticias\/#organization"}}]},"og:locale":"es_ES","og:site_name":"El Digital de Asturias","og:type":"article","og:title":"Donde pedir cita previa para los diferentes estamentos p\u00fablicos nacionales - El Digital de Asturias","og:description":"La sociedad espa\u00f1ola, en comuni\u00f3n con la internacional, sigue soportando el peso de un encierro que trata de bajar la curva de crecimiento de contagiados por el coronavirus. Adem\u00e1s del costo en vidas que est\u00e1 teniendo esta pandemia, el econ\u00f3mico va a alcanzar cifras de aut\u00e9ntico r\u00e9cord La econom\u00eda, ya debilitada por los periodos de","og:url":"https:\/\/www.eldigitaldeasturias.com\/noticias\/donde-pedir-cita-previa-para-los-diferentes-estamentos-publicos-nacionales\/","og:image":"https:\/\/www.eldigitaldeasturias.com\/noticias\/wp-content\/uploads\/2020\/04\/cita-SEPE.jpg","og:image:secure_url":"https:\/\/www.eldigitaldeasturias.com\/noticias\/wp-content\/uploads\/2020\/04\/cita-SEPE.jpg","og:image:width":1053,"og:image:height":721,"article:tag":["econom\u00eda"],"article:published_time":"2020-04-06T15:37:33+00:00","article:modified_time":"2020-04-06T15:37:33+00:00","article:publisher":"https:\/\/facebook.com\/eldigitaldeasturias","twitter:card":"summary_large_image","twitter:title":"Donde pedir cita previa para los diferentes estamentos p\u00fablicos nacionales - El Digital de Asturias","twitter:description":"La sociedad espa\u00f1ola, en comuni\u00f3n con la internacional, sigue soportando el peso de un encierro que trata de bajar la curva de crecimiento de contagiados por el coronavirus. Adem\u00e1s del costo en vidas que est\u00e1 teniendo esta pandemia, el econ\u00f3mico va a alcanzar cifras de aut\u00e9ntico r\u00e9cord La econom\u00eda, ya debilitada por los periodos de","twitter:image":"https:\/\/www.eldigitaldeasturias.com\/noticias\/wp-content\/uploads\/2020\/04\/cita-SEPE.jpg","twitter:label1":"Escrito por","twitter:data1":"El Digital de Asturias","twitter:label2":"Tiempo de lectura estimado","twitter:data2":"4 minutos"},"aioseo_meta_data":{"post_id":"1062723","title":null,"description":null,"keywords":null,"keyphrases":null,"primary_term":null,"canonical_url":null,"og_title":null,"og_description":null,"og_object_type":"default","og_image_type":"default","og_image_url":null,"og_image_width":null,"og_image_height":null,"og_image_custom_url":null,"og_image_custom_fields":null,"og_video":null,"og_custom_url":null,"og_article_section":null,"og_article_tags":null,"twitter_use_og":false,"twitter_card":"default","twitter_image_type":"default","twitter_image_url":null,"twitter_image_custom_url":null,"twitter_image_custom_fields":null,"twitter_title":null,"twitter_description":null,"schema":{"blockGraphs":[],"customGraphs":[],"default":{"data":{"Article":[],"Course":[],"Dataset":[],"FAQPage":[],"Movie":[],"Person":[],"Product":[],"ProductReview":[],"Car":[],"Recipe":[],"Service":[],"SoftwareApplication":[],"WebPage":[]},"graphName":"","isEnabled":true},"graphs":[],"defaultGraph":"","defaultPostTypeGraph":""},"schema_type":null,"schema_type_options":null,"pillar_content":false,"robots_default":true,"robots_noindex":false,"robots_noarchive":false,"robots_nosnippet":false,"robots_nofollow":false,"robots_noimageindex":false,"robots_noodp":false,"robots_notranslate":false,"robots_max_snippet":null,"robots_max_videopreview":null,"robots_max_imagepreview":"large","priority":null,"frequency":null,"local_seo":null,"seo_analyzer_scan_date":"2025-10-31 19:52:16","breadcrumb_settings":null,"limit_modified_date":false,"open_ai":null,"ai":null,"created":"2020-12-21 10:53:08","updated":"2025-10-31 19:52:16"},"aioseo_breadcrumb":"<div class=\"aioseo-breadcrumbs\"><span class=\"aioseo-breadcrumb\">\n\t<a href=\"https:\/\/www.eldigitaldeasturias.com\/noticias\" title=\"Home\">Home<\/a>\n<\/span><span class=\"aioseo-breadcrumb-separator\">\u2013<\/span><span class=\"aioseo-breadcrumb\">\n\t<a href=\"https:\/\/www.eldigitaldeasturias.com\/noticias\/category\/economia\/\" title=\"Econom\u00eda\">Econom\u00eda<\/a>\n<\/span><span class=\"aioseo-breadcrumb-separator\">\u2013<\/span><span class=\"aioseo-breadcrumb\">\n\t<a href=\"https:\/\/www.eldigitaldeasturias.com\/noticias\/donde-pedir-cita-previa-para-los-diferentes-estamentos-publicos-nacionales\/\" title=\"Donde pedir cita previa para los diferentes estamentos p\u00fablicos nacionales\">Donde pedir cita previa para los diferentes estamentos p\u00fablicos nacionales<\/a>\n<\/span><\/div>","aioseo_breadcrumb_json":[{"label":"Home","link":"https:\/\/www.eldigitaldeasturias.com\/noticias"},{"label":"Econom\u00eda","link":"https:\/\/www.eldigitaldeasturias.com\/noticias\/category\/economia\/"},{"label":"Donde pedir cita previa para los diferentes estamentos p\u00fablicos nacionales","link":"https:\/\/www.eldigitaldeasturias.com\/noticias\/donde-pedir-cita-previa-para-los-diferentes-estamentos-publicos-nacionales\/"}],"_links":{"self":[{"href":"https:\/\/www.eldigitaldeasturias.com\/noticias\/wp-json\/wp\/v2\/posts\/1062723","targetHints":{"allow":["GET"]}}],"collection":[{"href":"https:\/\/www.eldigitaldeasturias.com\/noticias\/wp-json\/wp\/v2\/posts"}],"about":[{"href":"https:\/\/www.eldigitaldeasturias.com\/noticias\/wp-json\/wp\/v2\/types\/post"}],"author":[{"embeddable":true,"href":"https:\/\/www.eldigitaldeasturias.com\/noticias\/wp-json\/wp\/v2\/users\/1"}],"replies":[{"embeddable":true,"href":"https:\/\/www.eldigitaldeasturias.com\/noticias\/wp-json\/wp\/v2\/comments?post=1062723"}],"version-history":[{"count":0,"href":"https:\/\/www.eldigitaldeasturias.com\/noticias\/wp-json\/wp\/v2\/posts\/1062723\/revisions"}],"wp:featuredmedia":[{"embeddable":true,"href":"https:\/\/www.eldigitaldeasturias.com\/noticias\/wp-json\/wp\/v2\/media\/1062724"}],"wp:attachment":[{"href":"https:\/\/www.eldigitaldeasturias.com\/noticias\/wp-json\/wp\/v2\/media?parent=1062723"}],"wp:term":[{"taxonomy":"category","embeddable":true,"href":"https:\/\/www.eldigitaldeasturias.com\/noticias\/wp-json\/wp\/v2\/categories?post=1062723"},{"taxonomy":"post_tag","embeddable":true,"href":"https:\/\/www.eldigitaldeasturias.com\/noticias\/wp-json\/wp\/v2\/tags?post=1062723"}],"curies":[{"name":"wp","href":"https:\/\/api.w.org\/{rel}","templated":true}]}}