{"id":1062551,"date":"2020-04-03T17:37:51","date_gmt":"2020-04-03T17:37:51","guid":{"rendered":"https:\/\/www.eldigitaldeasturias.com\/noticias\/?p=1062551"},"modified":"2020-04-03T17:37:51","modified_gmt":"2020-04-03T17:37:51","slug":"covid-19-puma-tomara-medidas-economicas-por-los-fuertes-efectos-negativos","status":"publish","type":"post","link":"https:\/\/www.eldigitaldeasturias.com\/noticias\/covid-19-puma-tomara-medidas-economicas-por-los-fuertes-efectos-negativos\/","title":{"rendered":"Covid-19: Puma tomar\u00e1 medidas econ\u00f3micas por los \u00abfuertes efectos negativos\u00bb"},"content":{"rendered":"<figure id=\"attachment_1062552\" aria-describedby=\"caption-attachment-1062552\" style=\"width: 360px\" class=\"wp-caption alignleft\"><img loading=\"lazy\" decoding=\"async\" class=\"size-medium wp-image-1062552\" src=\"https:\/\/www.eldigitaldeasturias.com\/noticias\/wp-content\/uploads\/2020\/04\/Puma-360x236.jpg\" alt=\"\" width=\"360\" height=\"236\" srcset=\"https:\/\/www.eldigitaldeasturias.com\/noticias\/wp-content\/uploads\/2020\/04\/Puma-360x236.jpg 360w, https:\/\/www.eldigitaldeasturias.com\/noticias\/wp-content\/uploads\/2020\/04\/Puma-690x452.jpg 690w, https:\/\/www.eldigitaldeasturias.com\/noticias\/wp-content\/uploads\/2020\/04\/Puma-458x300.jpg 458w, https:\/\/www.eldigitaldeasturias.com\/noticias\/wp-content\/uploads\/2020\/04\/Puma-768x503.jpg 768w, https:\/\/www.eldigitaldeasturias.com\/noticias\/wp-content\/uploads\/2020\/04\/Puma.jpg 1001w\" sizes=\"auto, (max-width: 360px) 100vw, 360px\" \/><figcaption id=\"caption-attachment-1062552\" class=\"wp-caption-text\">Foto: Daniel Karmann\/dpa<\/figcaption><\/figure>\n<p>Herzogenaurach (Alemania), 3 abr (dpa) &#8211; El fabricante de art\u00edculos deportivos alem\u00e1n Puma anunci\u00f3 hoy que tomar\u00e1 medidas econ\u00f3micas debido a los \u00abfuertes efectos negativos\u00bb, reconocidos por la empresa en el comunicado emitido, provocados por la crisis del coronavirus en sus negocios.<\/p>\n<p>Puma pretende suspender el reparto de dividendos, una medida que la junta directiva propondr\u00e1 en la asamblea general de accionistas anual, seg\u00fan inform\u00f3 la empresa desde su sede en la ciudad b\u00e1vara de Herzogenaurach, en el Sureste del pa\u00eds.<\/p>\n<p>Adem\u00e1s, la junta directiva renunciar\u00e1 inicialmente al cien por cien de sus emolumentos de abril, de acuerdo con las informaciones. Un portavoz asegur\u00f3 que la situaci\u00f3n ser\u00eda reevaluada posteriormente.<\/p>\n<p>Debido a la pandemia del coronavirus, Puma celebrar\u00e1 su junta de accionistas programada para el 7 de mayo de forma telem\u00e1tica.<\/p>\n<p>Asimismo, Puma aplazar\u00e1 la fecha de publicaci\u00f3n de los resultados econ\u00f3micos del primer trimestre, prevista para el 30 de abril, una semana, por lo que no se conocer\u00e1n hasta el 7 de mayo.<\/p>\n<p>&nbsp;<\/p>\n","protected":false},"excerpt":{"rendered":"<p>Herzogenaurach (Alemania), 3 abr (dpa) &#8211; El fabricante de art\u00edculos deportivos alem\u00e1n Puma anunci\u00f3 hoy que tomar\u00e1 medidas econ\u00f3micas debido a los \u00abfuertes efectos negativos\u00bb, reconocidos por la empresa en el comunicado emitido, provocados por la crisis del coronavirus en sus negocios. Puma pretende suspender el reparto de dividendos, una medida que la junta directiva [&hellip;]<\/p>\n","protected":false},"author":1,"featured_media":1062552,"comment_status":"closed","ping_status":"closed","sticky":false,"template":"","format":"standard","meta":{"footnotes":""},"categories":[219],"tags":[],"class_list":["post-1062551","post","type-post","status-publish","format-standard","has-post-thumbnail","hentry","category-negocios-y-empresas"],"aioseo_notices":[],"aioseo_head":"\n\t\t<!-- All in One SEO Pro 4.9.6.2 - aioseo.com -->\n\t<meta name=\"description\" content=\"Herzogenaurach (Alemania), 3 abr (dpa) - El fabricante de art\u00edculos deportivos alem\u00e1n Puma anunci\u00f3 hoy que tomar\u00e1 medidas econ\u00f3micas debido a los &quot;fuertes efectos negativos&quot;, reconocidos por la empresa en el comunicado emitido, provocados por la crisis del coronavirus en sus negocios. Puma pretende suspender el reparto de dividendos, una medida que la junta directiva\" \/>\n\t<meta name=\"robots\" content=\"max-image-preview:large\" \/>\n\t<meta name=\"author\" content=\"El Digital de Asturias\"\/>\n\t<meta name=\"google-site-verification\" content=\"UA-38556648-1\" \/>\n\t<meta name=\"msvalidate.01\" content=\"7dfe9f3f1b24437ab69f4f2559babe99\" \/>\n\t<meta name=\"keywords\" content=\"negocios y empresas\" \/>\n\t<link rel=\"canonical\" href=\"https:\/\/www.eldigitaldeasturias.com\/noticias\/covid-19-puma-tomara-medidas-economicas-por-los-fuertes-efectos-negativos\/\" \/>\n\t<meta name=\"generator\" content=\"All in One SEO Pro (AIOSEO) 4.9.6.2\" \/>\n\t\t<meta property=\"og:locale\" content=\"es_ES\" \/>\n\t\t<meta property=\"og:site_name\" content=\"El Digital de Asturias\" \/>\n\t\t<meta property=\"og:type\" content=\"article\" \/>\n\t\t<meta property=\"og:title\" content=\"Covid-19: Puma tomar\u00e1 medidas econ\u00f3micas por los \u00abfuertes efectos negativos\u00bb - El Digital de Asturias\" \/>\n\t\t<meta property=\"og:description\" content=\"Herzogenaurach (Alemania), 3 abr (dpa) - El fabricante de art\u00edculos deportivos alem\u00e1n Puma anunci\u00f3 hoy que tomar\u00e1 medidas econ\u00f3micas debido a los &quot;fuertes efectos negativos&quot;, reconocidos por la empresa en el comunicado emitido, provocados por la crisis del coronavirus en sus negocios. Puma pretende suspender el reparto de dividendos, una medida que la junta directiva\" \/>\n\t\t<meta property=\"og:url\" content=\"https:\/\/www.eldigitaldeasturias.com\/noticias\/covid-19-puma-tomara-medidas-economicas-por-los-fuertes-efectos-negativos\/\" \/>\n\t\t<meta property=\"og:image\" content=\"https:\/\/www.eldigitaldeasturias.com\/noticias\/wp-content\/uploads\/2020\/04\/Puma.jpg\" \/>\n\t\t<meta property=\"og:image:secure_url\" content=\"https:\/\/www.eldigitaldeasturias.com\/noticias\/wp-content\/uploads\/2020\/04\/Puma.jpg\" \/>\n\t\t<meta property=\"og:image:width\" content=\"1001\" \/>\n\t\t<meta property=\"og:image:height\" content=\"656\" \/>\n\t\t<meta property=\"article:tag\" content=\"negocios y empresas\" \/>\n\t\t<meta property=\"article:published_time\" content=\"2020-04-03T17:37:51+00:00\" \/>\n\t\t<meta property=\"article:modified_time\" content=\"2020-04-03T17:37:51+00:00\" \/>\n\t\t<meta property=\"article:publisher\" content=\"https:\/\/facebook.com\/eldigitaldeasturias\" \/>\n\t\t<meta name=\"twitter:card\" content=\"summary_large_image\" \/>\n\t\t<meta name=\"twitter:title\" content=\"Covid-19: Puma tomar\u00e1 medidas econ\u00f3micas por los \u00abfuertes efectos negativos\u00bb - El Digital de Asturias\" \/>\n\t\t<meta name=\"twitter:description\" content=\"Herzogenaurach (Alemania), 3 abr (dpa) - El fabricante de art\u00edculos deportivos alem\u00e1n Puma anunci\u00f3 hoy que tomar\u00e1 medidas econ\u00f3micas debido a los &quot;fuertes efectos negativos&quot;, reconocidos por la empresa en el comunicado emitido, provocados por la crisis del coronavirus en sus negocios. Puma pretende suspender el reparto de dividendos, una medida que la junta directiva\" \/>\n\t\t<meta name=\"twitter:image\" content=\"https:\/\/www.eldigitaldeasturias.com\/noticias\/wp-content\/uploads\/2020\/04\/Puma.jpg\" \/>\n\t\t<meta name=\"twitter:label1\" content=\"Escrito por\" \/>\n\t\t<meta name=\"twitter:data1\" content=\"El Digital de Asturias\" \/>\n\t\t<meta name=\"twitter:label2\" content=\"Tiempo de lectura estimado\" \/>\n\t\t<meta name=\"twitter:data2\" content=\"1 minuto\" \/>\n\t\t<script type=\"application\/ld+json\" class=\"aioseo-schema\">\n\t\t\t{\"@context\":\"https:\\\/\\\/schema.org\",\"@graph\":[{\"@type\":\"BlogPosting\",\"@id\":\"https:\\\/\\\/www.eldigitaldeasturias.com\\\/noticias\\\/covid-19-puma-tomara-medidas-economicas-por-los-fuertes-efectos-negativos\\\/#blogposting\",\"name\":\"Covid-19: Puma tomar\\u00e1 medidas econ\\u00f3micas por los \\u00abfuertes efectos negativos\\u00bb - El Digital de Asturias\",\"headline\":\"Covid-19: Puma tomar\\u00e1 medidas econ\\u00f3micas por los \\u00abfuertes efectos negativos\\u00bb\",\"author\":{\"@id\":\"https:\\\/\\\/www.eldigitaldeasturias.com\\\/noticias\\\/author\\\/admin\\\/#author\"},\"publisher\":{\"@id\":\"https:\\\/\\\/www.eldigitaldeasturias.com\\\/noticias\\\/#organization\"},\"image\":{\"@type\":\"ImageObject\",\"url\":\"https:\\\/\\\/www.eldigitaldeasturias.com\\\/noticias\\\/wp-content\\\/uploads\\\/2020\\\/04\\\/Puma.jpg\",\"width\":1001,\"height\":656,\"caption\":\"Foto: Daniel Karmann\\\/dpa\"},\"datePublished\":\"2020-04-03T17:37:51+02:00\",\"dateModified\":\"2020-04-03T17:37:51+02:00\",\"inLanguage\":\"es-ES\",\"mainEntityOfPage\":{\"@id\":\"https:\\\/\\\/www.eldigitaldeasturias.com\\\/noticias\\\/covid-19-puma-tomara-medidas-economicas-por-los-fuertes-efectos-negativos\\\/#webpage\"},\"isPartOf\":{\"@id\":\"https:\\\/\\\/www.eldigitaldeasturias.com\\\/noticias\\\/covid-19-puma-tomara-medidas-economicas-por-los-fuertes-efectos-negativos\\\/#webpage\"},\"articleSection\":\"Negocios y Empresas\"},{\"@type\":\"BreadcrumbList\",\"@id\":\"https:\\\/\\\/www.eldigitaldeasturias.com\\\/noticias\\\/covid-19-puma-tomara-medidas-economicas-por-los-fuertes-efectos-negativos\\\/#breadcrumblist\",\"itemListElement\":[{\"@type\":\"ListItem\",\"@id\":\"https:\\\/\\\/www.eldigitaldeasturias.com\\\/noticias#listItem\",\"position\":1,\"name\":\"Home\",\"item\":\"https:\\\/\\\/www.eldigitaldeasturias.com\\\/noticias\",\"nextItem\":{\"@type\":\"ListItem\",\"@id\":\"https:\\\/\\\/www.eldigitaldeasturias.com\\\/noticias\\\/category\\\/negocios-y-empresas\\\/#listItem\",\"name\":\"Negocios y Empresas\"}},{\"@type\":\"ListItem\",\"@id\":\"https:\\\/\\\/www.eldigitaldeasturias.com\\\/noticias\\\/category\\\/negocios-y-empresas\\\/#listItem\",\"position\":2,\"name\":\"Negocios y Empresas\",\"item\":\"https:\\\/\\\/www.eldigitaldeasturias.com\\\/noticias\\\/category\\\/negocios-y-empresas\\\/\",\"nextItem\":{\"@type\":\"ListItem\",\"@id\":\"https:\\\/\\\/www.eldigitaldeasturias.com\\\/noticias\\\/covid-19-puma-tomara-medidas-economicas-por-los-fuertes-efectos-negativos\\\/#listItem\",\"name\":\"Covid-19: Puma tomar\\u00e1 medidas econ\\u00f3micas por los \\u00abfuertes efectos negativos\\u00bb\"},\"previousItem\":{\"@type\":\"ListItem\",\"@id\":\"https:\\\/\\\/www.eldigitaldeasturias.com\\\/noticias#listItem\",\"name\":\"Home\"}},{\"@type\":\"ListItem\",\"@id\":\"https:\\\/\\\/www.eldigitaldeasturias.com\\\/noticias\\\/covid-19-puma-tomara-medidas-economicas-por-los-fuertes-efectos-negativos\\\/#listItem\",\"position\":3,\"name\":\"Covid-19: Puma tomar\\u00e1 medidas econ\\u00f3micas por los \\u00abfuertes efectos negativos\\u00bb\",\"previousItem\":{\"@type\":\"ListItem\",\"@id\":\"https:\\\/\\\/www.eldigitaldeasturias.com\\\/noticias\\\/category\\\/negocios-y-empresas\\\/#listItem\",\"name\":\"Negocios y Empresas\"}}]},{\"@type\":\"Organization\",\"@id\":\"https:\\\/\\\/www.eldigitaldeasturias.com\\\/noticias\\\/#organization\",\"name\":\"El Digital de Asturias\",\"description\":\"Hemeroteca\",\"url\":\"https:\\\/\\\/www.eldigitaldeasturias.com\\\/noticias\\\/\",\"email\":\"info@eldigitaldeasturias.com\",\"telephone\":\"+34652131393\",\"logo\":{\"@type\":\"ImageObject\",\"url\":\"https:\\\/\\\/www.eldigitaldeasturias.com\\\/noticias\\\/wp-content\\\/uploads\\\/2020\\\/12\\\/EDA.jpg\",\"@id\":\"https:\\\/\\\/www.eldigitaldeasturias.com\\\/noticias\\\/covid-19-puma-tomara-medidas-economicas-por-los-fuertes-efectos-negativos\\\/#organizationLogo\",\"width\":649,\"height\":297},\"image\":{\"@id\":\"https:\\\/\\\/www.eldigitaldeasturias.com\\\/noticias\\\/covid-19-puma-tomara-medidas-economicas-por-los-fuertes-efectos-negativos\\\/#organizationLogo\"},\"sameAs\":[\"https:\\\/\\\/facebook.com\\\/eldigitaldeasturias\",\"https:\\\/\\\/www.youtube.com\\\/channel\\\/UCZP-2wLEB9Rv6erhFmqVnvg\"],\"address\":{\"@id\":\"https:\\\/\\\/www.eldigitaldeasturias.com\\\/noticias\\\/#postaladdress\",\"@type\":\"PostalAddress\",\"streetAddress\":\"san antonio 4,\",\"postalCode\":\"33430\",\"addressLocality\":\"Cand\\u00e1s\",\"addressRegion\":\"Asturias\",\"addressCountry\":\"ES\"}},{\"@type\":\"Person\",\"@id\":\"https:\\\/\\\/www.eldigitaldeasturias.com\\\/noticias\\\/author\\\/admin\\\/#author\",\"url\":\"https:\\\/\\\/www.eldigitaldeasturias.com\\\/noticias\\\/author\\\/admin\\\/\",\"name\":\"El Digital de Asturias\",\"image\":{\"@type\":\"ImageObject\",\"@id\":\"https:\\\/\\\/www.eldigitaldeasturias.com\\\/noticias\\\/covid-19-puma-tomara-medidas-economicas-por-los-fuertes-efectos-negativos\\\/#authorImage\",\"url\":\"https:\\\/\\\/www.eldigitaldeasturias.com\\\/noticias\\\/wp-content\\\/litespeed\\\/avatar\\\/18677e78aa0546b92d9dbf31ec7d7668.jpg?ver=1776685526\",\"width\":96,\"height\":96,\"caption\":\"El Digital de Asturias\"}},{\"@type\":\"WebPage\",\"@id\":\"https:\\\/\\\/www.eldigitaldeasturias.com\\\/noticias\\\/covid-19-puma-tomara-medidas-economicas-por-los-fuertes-efectos-negativos\\\/#webpage\",\"url\":\"https:\\\/\\\/www.eldigitaldeasturias.com\\\/noticias\\\/covid-19-puma-tomara-medidas-economicas-por-los-fuertes-efectos-negativos\\\/\",\"name\":\"Covid-19: Puma tomar\\u00e1 medidas econ\\u00f3micas por los \\u00abfuertes efectos negativos\\u00bb - El Digital de Asturias\",\"description\":\"Herzogenaurach (Alemania), 3 abr (dpa) - El fabricante de art\\u00edculos deportivos alem\\u00e1n Puma anunci\\u00f3 hoy que tomar\\u00e1 medidas econ\\u00f3micas debido a los \\\"fuertes efectos negativos\\\", reconocidos por la empresa en el comunicado emitido, provocados por la crisis del coronavirus en sus negocios. Puma pretende suspender el reparto de dividendos, una medida que la junta directiva\",\"inLanguage\":\"es-ES\",\"isPartOf\":{\"@id\":\"https:\\\/\\\/www.eldigitaldeasturias.com\\\/noticias\\\/#website\"},\"breadcrumb\":{\"@id\":\"https:\\\/\\\/www.eldigitaldeasturias.com\\\/noticias\\\/covid-19-puma-tomara-medidas-economicas-por-los-fuertes-efectos-negativos\\\/#breadcrumblist\"},\"author\":{\"@id\":\"https:\\\/\\\/www.eldigitaldeasturias.com\\\/noticias\\\/author\\\/admin\\\/#author\"},\"creator\":{\"@id\":\"https:\\\/\\\/www.eldigitaldeasturias.com\\\/noticias\\\/author\\\/admin\\\/#author\"},\"image\":{\"@type\":\"ImageObject\",\"url\":\"https:\\\/\\\/www.eldigitaldeasturias.com\\\/noticias\\\/wp-content\\\/uploads\\\/2020\\\/04\\\/Puma.jpg\",\"@id\":\"https:\\\/\\\/www.eldigitaldeasturias.com\\\/noticias\\\/covid-19-puma-tomara-medidas-economicas-por-los-fuertes-efectos-negativos\\\/#mainImage\",\"width\":1001,\"height\":656,\"caption\":\"Foto: Daniel Karmann\\\/dpa\"},\"primaryImageOfPage\":{\"@id\":\"https:\\\/\\\/www.eldigitaldeasturias.com\\\/noticias\\\/covid-19-puma-tomara-medidas-economicas-por-los-fuertes-efectos-negativos\\\/#mainImage\"},\"datePublished\":\"2020-04-03T17:37:51+02:00\",\"dateModified\":\"2020-04-03T17:37:51+02:00\"},{\"@type\":\"WebSite\",\"@id\":\"https:\\\/\\\/www.eldigitaldeasturias.com\\\/noticias\\\/#website\",\"url\":\"https:\\\/\\\/www.eldigitaldeasturias.com\\\/noticias\\\/\",\"name\":\"El Digital de Asturias - Diario de actualidad y noticias\",\"alternateName\":\"El Digital de Asturias - Diario de actualidad y noticias\",\"description\":\"Hemeroteca\",\"inLanguage\":\"es-ES\",\"publisher\":{\"@id\":\"https:\\\/\\\/www.eldigitaldeasturias.com\\\/noticias\\\/#organization\"}}]}\n\t\t<\/script>\n\t\t<!-- All in One SEO Pro -->\r\n\t\t<title>Covid-19: Puma tomar\u00e1 medidas econ\u00f3micas por los \u00abfuertes efectos negativos\u00bb - El Digital de Asturias<\/title>\n\n","aioseo_head_json":{"title":"Covid-19: Puma tomar\u00e1 medidas econ\u00f3micas por los \u00abfuertes efectos negativos\u00bb - El Digital de Asturias","description":"Herzogenaurach (Alemania), 3 abr (dpa) - El fabricante de art\u00edculos deportivos alem\u00e1n Puma anunci\u00f3 hoy que tomar\u00e1 medidas econ\u00f3micas debido a los \"fuertes efectos negativos\", reconocidos por la empresa en el comunicado emitido, provocados por la crisis del coronavirus en sus negocios. Puma pretende suspender el reparto de dividendos, una medida que la junta directiva","canonical_url":"https:\/\/www.eldigitaldeasturias.com\/noticias\/covid-19-puma-tomara-medidas-economicas-por-los-fuertes-efectos-negativos\/","robots":"max-image-preview:large","keywords":"negocios y empresas","webmasterTools":{"google-site-verification":"UA-38556648-1","msvalidate.01":"7dfe9f3f1b24437ab69f4f2559babe99","miscellaneous":""},"schema":{"@context":"https:\/\/schema.org","@graph":[{"@type":"BlogPosting","@id":"https:\/\/www.eldigitaldeasturias.com\/noticias\/covid-19-puma-tomara-medidas-economicas-por-los-fuertes-efectos-negativos\/#blogposting","name":"Covid-19: Puma tomar\u00e1 medidas econ\u00f3micas por los \u00abfuertes efectos negativos\u00bb - El Digital de Asturias","headline":"Covid-19: Puma tomar\u00e1 medidas econ\u00f3micas por los \u00abfuertes efectos negativos\u00bb","author":{"@id":"https:\/\/www.eldigitaldeasturias.com\/noticias\/author\/admin\/#author"},"publisher":{"@id":"https:\/\/www.eldigitaldeasturias.com\/noticias\/#organization"},"image":{"@type":"ImageObject","url":"https:\/\/www.eldigitaldeasturias.com\/noticias\/wp-content\/uploads\/2020\/04\/Puma.jpg","width":1001,"height":656,"caption":"Foto: Daniel Karmann\/dpa"},"datePublished":"2020-04-03T17:37:51+02:00","dateModified":"2020-04-03T17:37:51+02:00","inLanguage":"es-ES","mainEntityOfPage":{"@id":"https:\/\/www.eldigitaldeasturias.com\/noticias\/covid-19-puma-tomara-medidas-economicas-por-los-fuertes-efectos-negativos\/#webpage"},"isPartOf":{"@id":"https:\/\/www.eldigitaldeasturias.com\/noticias\/covid-19-puma-tomara-medidas-economicas-por-los-fuertes-efectos-negativos\/#webpage"},"articleSection":"Negocios y Empresas"},{"@type":"BreadcrumbList","@id":"https:\/\/www.eldigitaldeasturias.com\/noticias\/covid-19-puma-tomara-medidas-economicas-por-los-fuertes-efectos-negativos\/#breadcrumblist","itemListElement":[{"@type":"ListItem","@id":"https:\/\/www.eldigitaldeasturias.com\/noticias#listItem","position":1,"name":"Home","item":"https:\/\/www.eldigitaldeasturias.com\/noticias","nextItem":{"@type":"ListItem","@id":"https:\/\/www.eldigitaldeasturias.com\/noticias\/category\/negocios-y-empresas\/#listItem","name":"Negocios y Empresas"}},{"@type":"ListItem","@id":"https:\/\/www.eldigitaldeasturias.com\/noticias\/category\/negocios-y-empresas\/#listItem","position":2,"name":"Negocios y Empresas","item":"https:\/\/www.eldigitaldeasturias.com\/noticias\/category\/negocios-y-empresas\/","nextItem":{"@type":"ListItem","@id":"https:\/\/www.eldigitaldeasturias.com\/noticias\/covid-19-puma-tomara-medidas-economicas-por-los-fuertes-efectos-negativos\/#listItem","name":"Covid-19: Puma tomar\u00e1 medidas econ\u00f3micas por los \u00abfuertes efectos negativos\u00bb"},"previousItem":{"@type":"ListItem","@id":"https:\/\/www.eldigitaldeasturias.com\/noticias#listItem","name":"Home"}},{"@type":"ListItem","@id":"https:\/\/www.eldigitaldeasturias.com\/noticias\/covid-19-puma-tomara-medidas-economicas-por-los-fuertes-efectos-negativos\/#listItem","position":3,"name":"Covid-19: Puma tomar\u00e1 medidas econ\u00f3micas por los \u00abfuertes efectos negativos\u00bb","previousItem":{"@type":"ListItem","@id":"https:\/\/www.eldigitaldeasturias.com\/noticias\/category\/negocios-y-empresas\/#listItem","name":"Negocios y Empresas"}}]},{"@type":"Organization","@id":"https:\/\/www.eldigitaldeasturias.com\/noticias\/#organization","name":"El Digital de Asturias","description":"Hemeroteca","url":"https:\/\/www.eldigitaldeasturias.com\/noticias\/","email":"info@eldigitaldeasturias.com","telephone":"+34652131393","logo":{"@type":"ImageObject","url":"https:\/\/www.eldigitaldeasturias.com\/noticias\/wp-content\/uploads\/2020\/12\/EDA.jpg","@id":"https:\/\/www.eldigitaldeasturias.com\/noticias\/covid-19-puma-tomara-medidas-economicas-por-los-fuertes-efectos-negativos\/#organizationLogo","width":649,"height":297},"image":{"@id":"https:\/\/www.eldigitaldeasturias.com\/noticias\/covid-19-puma-tomara-medidas-economicas-por-los-fuertes-efectos-negativos\/#organizationLogo"},"sameAs":["https:\/\/facebook.com\/eldigitaldeasturias","https:\/\/www.youtube.com\/channel\/UCZP-2wLEB9Rv6erhFmqVnvg"],"address":{"@id":"https:\/\/www.eldigitaldeasturias.com\/noticias\/#postaladdress","@type":"PostalAddress","streetAddress":"san antonio 4,","postalCode":"33430","addressLocality":"Cand\u00e1s","addressRegion":"Asturias","addressCountry":"ES"}},{"@type":"Person","@id":"https:\/\/www.eldigitaldeasturias.com\/noticias\/author\/admin\/#author","url":"https:\/\/www.eldigitaldeasturias.com\/noticias\/author\/admin\/","name":"El Digital de Asturias","image":{"@type":"ImageObject","@id":"https:\/\/www.eldigitaldeasturias.com\/noticias\/covid-19-puma-tomara-medidas-economicas-por-los-fuertes-efectos-negativos\/#authorImage","url":"https:\/\/www.eldigitaldeasturias.com\/noticias\/wp-content\/litespeed\/avatar\/18677e78aa0546b92d9dbf31ec7d7668.jpg?ver=1776685526","width":96,"height":96,"caption":"El Digital de Asturias"}},{"@type":"WebPage","@id":"https:\/\/www.eldigitaldeasturias.com\/noticias\/covid-19-puma-tomara-medidas-economicas-por-los-fuertes-efectos-negativos\/#webpage","url":"https:\/\/www.eldigitaldeasturias.com\/noticias\/covid-19-puma-tomara-medidas-economicas-por-los-fuertes-efectos-negativos\/","name":"Covid-19: Puma tomar\u00e1 medidas econ\u00f3micas por los \u00abfuertes efectos negativos\u00bb - El Digital de Asturias","description":"Herzogenaurach (Alemania), 3 abr (dpa) - El fabricante de art\u00edculos deportivos alem\u00e1n Puma anunci\u00f3 hoy que tomar\u00e1 medidas econ\u00f3micas debido a los \"fuertes efectos negativos\", reconocidos por la empresa en el comunicado emitido, provocados por la crisis del coronavirus en sus negocios. Puma pretende suspender el reparto de dividendos, una medida que la junta directiva","inLanguage":"es-ES","isPartOf":{"@id":"https:\/\/www.eldigitaldeasturias.com\/noticias\/#website"},"breadcrumb":{"@id":"https:\/\/www.eldigitaldeasturias.com\/noticias\/covid-19-puma-tomara-medidas-economicas-por-los-fuertes-efectos-negativos\/#breadcrumblist"},"author":{"@id":"https:\/\/www.eldigitaldeasturias.com\/noticias\/author\/admin\/#author"},"creator":{"@id":"https:\/\/www.eldigitaldeasturias.com\/noticias\/author\/admin\/#author"},"image":{"@type":"ImageObject","url":"https:\/\/www.eldigitaldeasturias.com\/noticias\/wp-content\/uploads\/2020\/04\/Puma.jpg","@id":"https:\/\/www.eldigitaldeasturias.com\/noticias\/covid-19-puma-tomara-medidas-economicas-por-los-fuertes-efectos-negativos\/#mainImage","width":1001,"height":656,"caption":"Foto: Daniel Karmann\/dpa"},"primaryImageOfPage":{"@id":"https:\/\/www.eldigitaldeasturias.com\/noticias\/covid-19-puma-tomara-medidas-economicas-por-los-fuertes-efectos-negativos\/#mainImage"},"datePublished":"2020-04-03T17:37:51+02:00","dateModified":"2020-04-03T17:37:51+02:00"},{"@type":"WebSite","@id":"https:\/\/www.eldigitaldeasturias.com\/noticias\/#website","url":"https:\/\/www.eldigitaldeasturias.com\/noticias\/","name":"El Digital de Asturias - Diario de actualidad y noticias","alternateName":"El Digital de Asturias - Diario de actualidad y noticias","description":"Hemeroteca","inLanguage":"es-ES","publisher":{"@id":"https:\/\/www.eldigitaldeasturias.com\/noticias\/#organization"}}]},"og:locale":"es_ES","og:site_name":"El Digital de Asturias","og:type":"article","og:title":"Covid-19: Puma tomar\u00e1 medidas econ\u00f3micas por los \u00abfuertes efectos negativos\u00bb - El Digital de Asturias","og:description":"Herzogenaurach (Alemania), 3 abr (dpa) - El fabricante de art\u00edculos deportivos alem\u00e1n Puma anunci\u00f3 hoy que tomar\u00e1 medidas econ\u00f3micas debido a los &quot;fuertes efectos negativos&quot;, reconocidos por la empresa en el comunicado emitido, provocados por la crisis del coronavirus en sus negocios. Puma pretende suspender el reparto de dividendos, una medida que la junta directiva","og:url":"https:\/\/www.eldigitaldeasturias.com\/noticias\/covid-19-puma-tomara-medidas-economicas-por-los-fuertes-efectos-negativos\/","og:image":"https:\/\/www.eldigitaldeasturias.com\/noticias\/wp-content\/uploads\/2020\/04\/Puma.jpg","og:image:secure_url":"https:\/\/www.eldigitaldeasturias.com\/noticias\/wp-content\/uploads\/2020\/04\/Puma.jpg","og:image:width":1001,"og:image:height":656,"article:tag":["negocios y empresas"],"article:published_time":"2020-04-03T17:37:51+00:00","article:modified_time":"2020-04-03T17:37:51+00:00","article:publisher":"https:\/\/facebook.com\/eldigitaldeasturias","twitter:card":"summary_large_image","twitter:title":"Covid-19: Puma tomar\u00e1 medidas econ\u00f3micas por los \u00abfuertes efectos negativos\u00bb - El Digital de Asturias","twitter:description":"Herzogenaurach (Alemania), 3 abr (dpa) - El fabricante de art\u00edculos deportivos alem\u00e1n Puma anunci\u00f3 hoy que tomar\u00e1 medidas econ\u00f3micas debido a los &quot;fuertes efectos negativos&quot;, reconocidos por la empresa en el comunicado emitido, provocados por la crisis del coronavirus en sus negocios. Puma pretende suspender el reparto de dividendos, una medida que la junta directiva","twitter:image":"https:\/\/www.eldigitaldeasturias.com\/noticias\/wp-content\/uploads\/2020\/04\/Puma.jpg","twitter:label1":"Escrito por","twitter:data1":"El Digital de Asturias","twitter:label2":"Tiempo de lectura estimado","twitter:data2":"1 minuto"},"aioseo_meta_data":{"post_id":"1062551","title":null,"description":null,"keywords":null,"keyphrases":null,"primary_term":null,"canonical_url":null,"og_title":null,"og_description":null,"og_object_type":"default","og_image_type":"default","og_image_url":null,"og_image_width":null,"og_image_height":null,"og_image_custom_url":null,"og_image_custom_fields":null,"og_video":null,"og_custom_url":null,"og_article_section":null,"og_article_tags":null,"twitter_use_og":false,"twitter_card":"default","twitter_image_type":"default","twitter_image_url":null,"twitter_image_custom_url":null,"twitter_image_custom_fields":null,"twitter_title":null,"twitter_description":null,"schema":{"blockGraphs":[],"customGraphs":[],"default":{"data":{"Article":[],"Course":[],"Dataset":[],"FAQPage":[],"Movie":[],"Person":[],"Product":[],"ProductReview":[],"Car":[],"Recipe":[],"Service":[],"SoftwareApplication":[],"WebPage":[]},"graphName":"","isEnabled":true},"graphs":[]},"schema_type":null,"schema_type_options":null,"pillar_content":false,"robots_default":true,"robots_noindex":false,"robots_noarchive":false,"robots_nosnippet":false,"robots_nofollow":false,"robots_noimageindex":false,"robots_noodp":false,"robots_notranslate":false,"robots_max_snippet":null,"robots_max_videopreview":null,"robots_max_imagepreview":"large","priority":null,"frequency":null,"local_seo":null,"seo_analyzer_scan_date":"2025-10-31 19:12:08","breadcrumb_settings":null,"limit_modified_date":false,"open_ai":null,"ai":null,"created":"2020-12-21 10:53:09","updated":"2025-10-31 19:12:08"},"aioseo_breadcrumb":"<div class=\"aioseo-breadcrumbs\"><span class=\"aioseo-breadcrumb\">\n\t<a href=\"https:\/\/www.eldigitaldeasturias.com\/noticias\" title=\"Home\">Home<\/a>\n<\/span><span class=\"aioseo-breadcrumb-separator\">\u2013<\/span><span class=\"aioseo-breadcrumb\">\n\t<a href=\"https:\/\/www.eldigitaldeasturias.com\/noticias\/category\/negocios-y-empresas\/\" title=\"Negocios y Empresas\">Negocios y Empresas<\/a>\n<\/span><span class=\"aioseo-breadcrumb-separator\">\u2013<\/span><span class=\"aioseo-breadcrumb\">\n\t<a href=\"https:\/\/www.eldigitaldeasturias.com\/noticias\/covid-19-puma-tomara-medidas-economicas-por-los-fuertes-efectos-negativos\/\" title=\"Covid-19: Puma tomar\u00e1 medidas econ\u00f3micas por los \u00abfuertes efectos negativos\u00bb\">Covid-19: Puma tomar\u00e1 medidas econ\u00f3micas por los \u00abfuertes efectos negativos\u00bb<\/a>\n<\/span><\/div>","aioseo_breadcrumb_json":[{"label":"Home","link":"https:\/\/www.eldigitaldeasturias.com\/noticias"},{"label":"Negocios y Empresas","link":"https:\/\/www.eldigitaldeasturias.com\/noticias\/category\/negocios-y-empresas\/"},{"label":"Covid-19: Puma tomar\u00e1 medidas econ\u00f3micas por los \u00abfuertes efectos negativos\u00bb","link":"https:\/\/www.eldigitaldeasturias.com\/noticias\/covid-19-puma-tomara-medidas-economicas-por-los-fuertes-efectos-negativos\/"}],"_links":{"self":[{"href":"https:\/\/www.eldigitaldeasturias.com\/noticias\/wp-json\/wp\/v2\/posts\/1062551","targetHints":{"allow":["GET"]}}],"collection":[{"href":"https:\/\/www.eldigitaldeasturias.com\/noticias\/wp-json\/wp\/v2\/posts"}],"about":[{"href":"https:\/\/www.eldigitaldeasturias.com\/noticias\/wp-json\/wp\/v2\/types\/post"}],"author":[{"embeddable":true,"href":"https:\/\/www.eldigitaldeasturias.com\/noticias\/wp-json\/wp\/v2\/users\/1"}],"replies":[{"embeddable":true,"href":"https:\/\/www.eldigitaldeasturias.com\/noticias\/wp-json\/wp\/v2\/comments?post=1062551"}],"version-history":[{"count":0,"href":"https:\/\/www.eldigitaldeasturias.com\/noticias\/wp-json\/wp\/v2\/posts\/1062551\/revisions"}],"wp:featuredmedia":[{"embeddable":true,"href":"https:\/\/www.eldigitaldeasturias.com\/noticias\/wp-json\/wp\/v2\/media\/1062552"}],"wp:attachment":[{"href":"https:\/\/www.eldigitaldeasturias.com\/noticias\/wp-json\/wp\/v2\/media?parent=1062551"}],"wp:term":[{"taxonomy":"category","embeddable":true,"href":"https:\/\/www.eldigitaldeasturias.com\/noticias\/wp-json\/wp\/v2\/categories?post=1062551"},{"taxonomy":"post_tag","embeddable":true,"href":"https:\/\/www.eldigitaldeasturias.com\/noticias\/wp-json\/wp\/v2\/tags?post=1062551"}],"curies":[{"name":"wp","href":"https:\/\/api.w.org\/{rel}","templated":true}]}}