{"id":1062549,"date":"2020-04-03T17:32:18","date_gmt":"2020-04-03T17:32:18","guid":{"rendered":"https:\/\/www.eldigitaldeasturias.com\/noticias\/?p=1062549"},"modified":"2020-04-03T17:32:18","modified_gmt":"2020-04-03T17:32:18","slug":"lars-feld-no-esta-a-favor-de-los-llamados-coronabonos","status":"publish","type":"post","link":"https:\/\/www.eldigitaldeasturias.com\/noticias\/lars-feld-no-esta-a-favor-de-los-llamados-coronabonos\/","title":{"rendered":"Lars Feld no est\u00e1 a favor de los llamados \u201ccoronabonos\u201d"},"content":{"rendered":"<p><img loading=\"lazy\" decoding=\"async\" class=\"alignleft size-medium wp-image-822740\" src=\"https:\/\/www.eldigitaldeasturias.com\/noticias\/wp-content\/uploads\/2015\/11\/euros-360x241.jpg\" alt=\"\" width=\"360\" height=\"241\" srcset=\"https:\/\/www.eldigitaldeasturias.com\/noticias\/wp-content\/uploads\/2015\/11\/euros-360x241.jpg 360w, https:\/\/www.eldigitaldeasturias.com\/noticias\/wp-content\/uploads\/2015\/11\/euros-696x466.jpg 696w, https:\/\/www.eldigitaldeasturias.com\/noticias\/wp-content\/uploads\/2015\/11\/euros-627x420.jpg 627w, https:\/\/www.eldigitaldeasturias.com\/noticias\/wp-content\/uploads\/2015\/11\/euros-768x515.jpg 768w, https:\/\/www.eldigitaldeasturias.com\/noticias\/wp-content\/uploads\/2015\/11\/euros-650x436.jpg 650w, https:\/\/www.eldigitaldeasturias.com\/noticias\/wp-content\/uploads\/2015\/11\/euros.jpg 800w\" sizes=\"auto, (max-width: 360px) 100vw, 360px\" \/>M\u00fanich, 3 abr (dpa) &#8211; El presidente del consejo de expertos econ\u00f3micos que asesora al Gobierno alem\u00e1n, Lars Feld, <strong>se mostr\u00f3 contrario a la emisi\u00f3n de eurobonos<\/strong>, los ahora llamados coronabonos, en declaraciones realizadas hoy a la radio p\u00fablica b\u00e1vara \u00abBayerischer Rundfunk\u00bb.<\/p>\n<p><strong>\u00abEn Europa debemos evitar la responsabilidad conjunta\u00bb<\/strong>, dijo el profesor de Pol\u00edtica Econ\u00f3mica de la Universidad de Friburgo, en el suroeste del pa\u00eds, y opin\u00f3 que los coronabonos exigidos por Francia, Italia y Espa\u00f1a son \u00abun instrumento de otra \u00e9poca\u00bb.<\/p>\n<p>Con los coronabonos, los estados pedir\u00edan prestado dinero de forma conjunta en los mercados financieros y luego se har\u00edan responsables, tambi\u00e9n de forma solidaria, tanto del pago de los intereses como del reembolso del capital recibido en pr\u00e9stamo.<\/p>\n<p>Feld, presidente del llamado consejo de \u00absabios\u00bb de la econom\u00eda alemana, dijo que se debe evitar por todos los medios una crisis de deuda soberana, que podr\u00eda llegar tras la actual crisis del coronavirus.<\/p>\n<p>El experto opin\u00f3 que esto tambi\u00e9n se podr\u00eda evitar a trav\u00e9s de otros instrumentos, como el Mecanismo Europeo de Estabilidad (MEDE).<\/p>\n<p>No obstante, Feld se mostr\u00f3 optimista sobre la evoluci\u00f3n de la econom\u00eda alemana si se produce un retorno gradual a la normalidad despu\u00e9s de Semana Santa.<\/p>\n<p>Sin embargo, en su opini\u00f3n, cuanto m\u00e1s se prolongue el actual estado de excepci\u00f3n con motivo de la crisis del coronavirus, los efectos para la econom\u00eda ser\u00e1n peores.<\/p>\n<p>&nbsp;<\/p>\n","protected":false},"excerpt":{"rendered":"<p>M\u00fanich, 3 abr (dpa) &#8211; El presidente del consejo de expertos econ\u00f3micos que asesora al Gobierno alem\u00e1n, Lars Feld, se mostr\u00f3 contrario a la emisi\u00f3n de eurobonos, los ahora llamados coronabonos, en declaraciones realizadas hoy a la radio p\u00fablica b\u00e1vara \u00abBayerischer Rundfunk\u00bb. \u00abEn Europa debemos evitar la responsabilidad conjunta\u00bb, dijo el profesor de Pol\u00edtica Econ\u00f3mica [&hellip;]<\/p>\n","protected":false},"author":1,"featured_media":822740,"comment_status":"closed","ping_status":"closed","sticky":false,"template":"","format":"standard","meta":{"footnotes":""},"categories":[187],"tags":[],"class_list":["post-1062549","post","type-post","status-publish","format-standard","has-post-thumbnail","hentry","category-economia"],"aioseo_notices":[],"aioseo_head":"\n\t\t<!-- All in One SEO Pro 4.9.6.2 - aioseo.com -->\n\t<meta name=\"description\" content=\"Lars Feld, se mostr\u00f3 contrario a la emisi\u00f3n de eurobonos, los ahora llamados coronabonos.\" \/>\n\t<meta name=\"robots\" content=\"max-image-preview:large\" \/>\n\t<meta name=\"author\" content=\"El Digital de Asturias\"\/>\n\t<meta name=\"google-site-verification\" content=\"UA-38556648-1\" \/>\n\t<meta name=\"msvalidate.01\" content=\"7dfe9f3f1b24437ab69f4f2559babe99\" \/>\n\t<meta name=\"keywords\" content=\"econom\u00eda\" \/>\n\t<link rel=\"canonical\" href=\"https:\/\/www.eldigitaldeasturias.com\/noticias\/lars-feld-no-esta-a-favor-de-los-llamados-coronabonos\/\" \/>\n\t<meta name=\"generator\" content=\"All in One SEO Pro (AIOSEO) 4.9.6.2\" \/>\n\t\t<meta property=\"og:locale\" content=\"es_ES\" \/>\n\t\t<meta property=\"og:site_name\" content=\"El Digital de Asturias\" \/>\n\t\t<meta property=\"og:type\" content=\"article\" \/>\n\t\t<meta property=\"og:title\" content=\"Lars Feld no est\u00e1 a favor de los llamados \u201ccoronabonos\u201d - El Digital de Asturias\" \/>\n\t\t<meta property=\"og:description\" content=\"Lars Feld, se mostr\u00f3 contrario a la emisi\u00f3n de eurobonos, los ahora llamados coronabonos.\" \/>\n\t\t<meta property=\"og:url\" content=\"https:\/\/www.eldigitaldeasturias.com\/noticias\/lars-feld-no-esta-a-favor-de-los-llamados-coronabonos\/\" \/>\n\t\t<meta property=\"og:image\" content=\"https:\/\/www.eldigitaldeasturias.com\/noticias\/wp-content\/uploads\/2015\/11\/euros.jpg\" \/>\n\t\t<meta property=\"og:image:secure_url\" content=\"https:\/\/www.eldigitaldeasturias.com\/noticias\/wp-content\/uploads\/2015\/11\/euros.jpg\" \/>\n\t\t<meta property=\"og:image:width\" content=\"800\" \/>\n\t\t<meta property=\"og:image:height\" content=\"536\" \/>\n\t\t<meta property=\"article:tag\" content=\"econom\u00eda\" \/>\n\t\t<meta property=\"article:published_time\" content=\"2020-04-03T17:32:18+00:00\" \/>\n\t\t<meta property=\"article:modified_time\" content=\"2020-04-03T17:32:18+00:00\" \/>\n\t\t<meta property=\"article:publisher\" content=\"https:\/\/facebook.com\/eldigitaldeasturias\" \/>\n\t\t<meta name=\"twitter:card\" content=\"summary_large_image\" \/>\n\t\t<meta name=\"twitter:title\" content=\"Lars Feld no est\u00e1 a favor de los llamados \u201ccoronabonos\u201d - El Digital de Asturias\" \/>\n\t\t<meta name=\"twitter:description\" content=\"Lars Feld, se mostr\u00f3 contrario a la emisi\u00f3n de eurobonos, los ahora llamados coronabonos.\" \/>\n\t\t<meta name=\"twitter:image\" content=\"https:\/\/www.eldigitaldeasturias.com\/noticias\/wp-content\/uploads\/2015\/11\/euros.jpg\" \/>\n\t\t<meta name=\"twitter:label1\" content=\"Escrito por\" \/>\n\t\t<meta name=\"twitter:data1\" content=\"El Digital de Asturias\" \/>\n\t\t<meta name=\"twitter:label2\" content=\"Tiempo de lectura estimado\" \/>\n\t\t<meta name=\"twitter:data2\" content=\"1 minuto\" \/>\n\t\t<script type=\"application\/ld+json\" class=\"aioseo-schema\">\n\t\t\t{\"@context\":\"https:\\\/\\\/schema.org\",\"@graph\":[{\"@type\":\"BlogPosting\",\"@id\":\"https:\\\/\\\/www.eldigitaldeasturias.com\\\/noticias\\\/lars-feld-no-esta-a-favor-de-los-llamados-coronabonos\\\/#blogposting\",\"name\":\"Lars Feld no est\\u00e1 a favor de los llamados \\u201ccoronabonos\\u201d - El Digital de Asturias\",\"headline\":\"Lars Feld no est\\u00e1 a favor de los llamados \\u201ccoronabonos\\u201d\",\"author\":{\"@id\":\"https:\\\/\\\/www.eldigitaldeasturias.com\\\/noticias\\\/author\\\/admin\\\/#author\"},\"publisher\":{\"@id\":\"https:\\\/\\\/www.eldigitaldeasturias.com\\\/noticias\\\/#organization\"},\"image\":{\"@type\":\"ImageObject\",\"url\":\"https:\\\/\\\/www.eldigitaldeasturias.com\\\/noticias\\\/wp-content\\\/uploads\\\/2015\\\/11\\\/euros.jpg\",\"width\":800,\"height\":536,\"caption\":\"euros\"},\"datePublished\":\"2020-04-03T17:32:18+02:00\",\"dateModified\":\"2020-04-03T17:32:18+02:00\",\"inLanguage\":\"es-ES\",\"mainEntityOfPage\":{\"@id\":\"https:\\\/\\\/www.eldigitaldeasturias.com\\\/noticias\\\/lars-feld-no-esta-a-favor-de-los-llamados-coronabonos\\\/#webpage\"},\"isPartOf\":{\"@id\":\"https:\\\/\\\/www.eldigitaldeasturias.com\\\/noticias\\\/lars-feld-no-esta-a-favor-de-los-llamados-coronabonos\\\/#webpage\"},\"articleSection\":\"Econom\\u00eda\"},{\"@type\":\"BreadcrumbList\",\"@id\":\"https:\\\/\\\/www.eldigitaldeasturias.com\\\/noticias\\\/lars-feld-no-esta-a-favor-de-los-llamados-coronabonos\\\/#breadcrumblist\",\"itemListElement\":[{\"@type\":\"ListItem\",\"@id\":\"https:\\\/\\\/www.eldigitaldeasturias.com\\\/noticias#listItem\",\"position\":1,\"name\":\"Home\",\"item\":\"https:\\\/\\\/www.eldigitaldeasturias.com\\\/noticias\",\"nextItem\":{\"@type\":\"ListItem\",\"@id\":\"https:\\\/\\\/www.eldigitaldeasturias.com\\\/noticias\\\/category\\\/economia\\\/#listItem\",\"name\":\"Econom\\u00eda\"}},{\"@type\":\"ListItem\",\"@id\":\"https:\\\/\\\/www.eldigitaldeasturias.com\\\/noticias\\\/category\\\/economia\\\/#listItem\",\"position\":2,\"name\":\"Econom\\u00eda\",\"item\":\"https:\\\/\\\/www.eldigitaldeasturias.com\\\/noticias\\\/category\\\/economia\\\/\",\"nextItem\":{\"@type\":\"ListItem\",\"@id\":\"https:\\\/\\\/www.eldigitaldeasturias.com\\\/noticias\\\/lars-feld-no-esta-a-favor-de-los-llamados-coronabonos\\\/#listItem\",\"name\":\"Lars Feld no est\\u00e1 a favor de los llamados \\u201ccoronabonos\\u201d\"},\"previousItem\":{\"@type\":\"ListItem\",\"@id\":\"https:\\\/\\\/www.eldigitaldeasturias.com\\\/noticias#listItem\",\"name\":\"Home\"}},{\"@type\":\"ListItem\",\"@id\":\"https:\\\/\\\/www.eldigitaldeasturias.com\\\/noticias\\\/lars-feld-no-esta-a-favor-de-los-llamados-coronabonos\\\/#listItem\",\"position\":3,\"name\":\"Lars Feld no est\\u00e1 a favor de los llamados \\u201ccoronabonos\\u201d\",\"previousItem\":{\"@type\":\"ListItem\",\"@id\":\"https:\\\/\\\/www.eldigitaldeasturias.com\\\/noticias\\\/category\\\/economia\\\/#listItem\",\"name\":\"Econom\\u00eda\"}}]},{\"@type\":\"Organization\",\"@id\":\"https:\\\/\\\/www.eldigitaldeasturias.com\\\/noticias\\\/#organization\",\"name\":\"El Digital de Asturias\",\"description\":\"Hemeroteca\",\"url\":\"https:\\\/\\\/www.eldigitaldeasturias.com\\\/noticias\\\/\",\"email\":\"info@eldigitaldeasturias.com\",\"telephone\":\"+34652131393\",\"logo\":{\"@type\":\"ImageObject\",\"url\":\"https:\\\/\\\/www.eldigitaldeasturias.com\\\/noticias\\\/wp-content\\\/uploads\\\/2020\\\/12\\\/EDA.jpg\",\"@id\":\"https:\\\/\\\/www.eldigitaldeasturias.com\\\/noticias\\\/lars-feld-no-esta-a-favor-de-los-llamados-coronabonos\\\/#organizationLogo\",\"width\":649,\"height\":297},\"image\":{\"@id\":\"https:\\\/\\\/www.eldigitaldeasturias.com\\\/noticias\\\/lars-feld-no-esta-a-favor-de-los-llamados-coronabonos\\\/#organizationLogo\"},\"sameAs\":[\"https:\\\/\\\/facebook.com\\\/eldigitaldeasturias\",\"https:\\\/\\\/www.youtube.com\\\/channel\\\/UCZP-2wLEB9Rv6erhFmqVnvg\"],\"address\":{\"@id\":\"https:\\\/\\\/www.eldigitaldeasturias.com\\\/noticias\\\/#postaladdress\",\"@type\":\"PostalAddress\",\"streetAddress\":\"san antonio 4,\",\"postalCode\":\"33430\",\"addressLocality\":\"Cand\\u00e1s\",\"addressRegion\":\"Asturias\",\"addressCountry\":\"ES\"}},{\"@type\":\"Person\",\"@id\":\"https:\\\/\\\/www.eldigitaldeasturias.com\\\/noticias\\\/author\\\/admin\\\/#author\",\"url\":\"https:\\\/\\\/www.eldigitaldeasturias.com\\\/noticias\\\/author\\\/admin\\\/\",\"name\":\"El Digital de Asturias\",\"image\":{\"@type\":\"ImageObject\",\"@id\":\"https:\\\/\\\/www.eldigitaldeasturias.com\\\/noticias\\\/lars-feld-no-esta-a-favor-de-los-llamados-coronabonos\\\/#authorImage\",\"url\":\"https:\\\/\\\/www.eldigitaldeasturias.com\\\/noticias\\\/wp-content\\\/litespeed\\\/avatar\\\/18677e78aa0546b92d9dbf31ec7d7668.jpg?ver=1777290358\",\"width\":96,\"height\":96,\"caption\":\"El Digital de Asturias\"}},{\"@type\":\"WebPage\",\"@id\":\"https:\\\/\\\/www.eldigitaldeasturias.com\\\/noticias\\\/lars-feld-no-esta-a-favor-de-los-llamados-coronabonos\\\/#webpage\",\"url\":\"https:\\\/\\\/www.eldigitaldeasturias.com\\\/noticias\\\/lars-feld-no-esta-a-favor-de-los-llamados-coronabonos\\\/\",\"name\":\"Lars Feld no est\\u00e1 a favor de los llamados \\u201ccoronabonos\\u201d - El Digital de Asturias\",\"description\":\"Lars Feld, se mostr\\u00f3 contrario a la emisi\\u00f3n de eurobonos, los ahora llamados coronabonos.\",\"inLanguage\":\"es-ES\",\"isPartOf\":{\"@id\":\"https:\\\/\\\/www.eldigitaldeasturias.com\\\/noticias\\\/#website\"},\"breadcrumb\":{\"@id\":\"https:\\\/\\\/www.eldigitaldeasturias.com\\\/noticias\\\/lars-feld-no-esta-a-favor-de-los-llamados-coronabonos\\\/#breadcrumblist\"},\"author\":{\"@id\":\"https:\\\/\\\/www.eldigitaldeasturias.com\\\/noticias\\\/author\\\/admin\\\/#author\"},\"creator\":{\"@id\":\"https:\\\/\\\/www.eldigitaldeasturias.com\\\/noticias\\\/author\\\/admin\\\/#author\"},\"image\":{\"@type\":\"ImageObject\",\"url\":\"https:\\\/\\\/www.eldigitaldeasturias.com\\\/noticias\\\/wp-content\\\/uploads\\\/2015\\\/11\\\/euros.jpg\",\"@id\":\"https:\\\/\\\/www.eldigitaldeasturias.com\\\/noticias\\\/lars-feld-no-esta-a-favor-de-los-llamados-coronabonos\\\/#mainImage\",\"width\":800,\"height\":536,\"caption\":\"euros\"},\"primaryImageOfPage\":{\"@id\":\"https:\\\/\\\/www.eldigitaldeasturias.com\\\/noticias\\\/lars-feld-no-esta-a-favor-de-los-llamados-coronabonos\\\/#mainImage\"},\"datePublished\":\"2020-04-03T17:32:18+02:00\",\"dateModified\":\"2020-04-03T17:32:18+02:00\"},{\"@type\":\"WebSite\",\"@id\":\"https:\\\/\\\/www.eldigitaldeasturias.com\\\/noticias\\\/#website\",\"url\":\"https:\\\/\\\/www.eldigitaldeasturias.com\\\/noticias\\\/\",\"name\":\"El Digital de Asturias - Diario de actualidad y noticias\",\"alternateName\":\"El Digital de Asturias - Diario de actualidad y noticias\",\"description\":\"Hemeroteca\",\"inLanguage\":\"es-ES\",\"publisher\":{\"@id\":\"https:\\\/\\\/www.eldigitaldeasturias.com\\\/noticias\\\/#organization\"}}]}\n\t\t<\/script>\n\t\t<!-- All in One SEO Pro -->\r\n\t\t<title>Lars Feld no est\u00e1 a favor de los llamados \u201ccoronabonos\u201d - El Digital de Asturias<\/title>\n\n","aioseo_head_json":{"title":"Lars Feld no est\u00e1 a favor de los llamados \u201ccoronabonos\u201d - El Digital de Asturias","description":"Lars Feld, se mostr\u00f3 contrario a la emisi\u00f3n de eurobonos, los ahora llamados coronabonos.","canonical_url":"https:\/\/www.eldigitaldeasturias.com\/noticias\/lars-feld-no-esta-a-favor-de-los-llamados-coronabonos\/","robots":"max-image-preview:large","keywords":"econom\u00eda","webmasterTools":{"google-site-verification":"UA-38556648-1","msvalidate.01":"7dfe9f3f1b24437ab69f4f2559babe99","miscellaneous":""},"schema":{"@context":"https:\/\/schema.org","@graph":[{"@type":"BlogPosting","@id":"https:\/\/www.eldigitaldeasturias.com\/noticias\/lars-feld-no-esta-a-favor-de-los-llamados-coronabonos\/#blogposting","name":"Lars Feld no est\u00e1 a favor de los llamados \u201ccoronabonos\u201d - El Digital de Asturias","headline":"Lars Feld no est\u00e1 a favor de los llamados \u201ccoronabonos\u201d","author":{"@id":"https:\/\/www.eldigitaldeasturias.com\/noticias\/author\/admin\/#author"},"publisher":{"@id":"https:\/\/www.eldigitaldeasturias.com\/noticias\/#organization"},"image":{"@type":"ImageObject","url":"https:\/\/www.eldigitaldeasturias.com\/noticias\/wp-content\/uploads\/2015\/11\/euros.jpg","width":800,"height":536,"caption":"euros"},"datePublished":"2020-04-03T17:32:18+02:00","dateModified":"2020-04-03T17:32:18+02:00","inLanguage":"es-ES","mainEntityOfPage":{"@id":"https:\/\/www.eldigitaldeasturias.com\/noticias\/lars-feld-no-esta-a-favor-de-los-llamados-coronabonos\/#webpage"},"isPartOf":{"@id":"https:\/\/www.eldigitaldeasturias.com\/noticias\/lars-feld-no-esta-a-favor-de-los-llamados-coronabonos\/#webpage"},"articleSection":"Econom\u00eda"},{"@type":"BreadcrumbList","@id":"https:\/\/www.eldigitaldeasturias.com\/noticias\/lars-feld-no-esta-a-favor-de-los-llamados-coronabonos\/#breadcrumblist","itemListElement":[{"@type":"ListItem","@id":"https:\/\/www.eldigitaldeasturias.com\/noticias#listItem","position":1,"name":"Home","item":"https:\/\/www.eldigitaldeasturias.com\/noticias","nextItem":{"@type":"ListItem","@id":"https:\/\/www.eldigitaldeasturias.com\/noticias\/category\/economia\/#listItem","name":"Econom\u00eda"}},{"@type":"ListItem","@id":"https:\/\/www.eldigitaldeasturias.com\/noticias\/category\/economia\/#listItem","position":2,"name":"Econom\u00eda","item":"https:\/\/www.eldigitaldeasturias.com\/noticias\/category\/economia\/","nextItem":{"@type":"ListItem","@id":"https:\/\/www.eldigitaldeasturias.com\/noticias\/lars-feld-no-esta-a-favor-de-los-llamados-coronabonos\/#listItem","name":"Lars Feld no est\u00e1 a favor de los llamados \u201ccoronabonos\u201d"},"previousItem":{"@type":"ListItem","@id":"https:\/\/www.eldigitaldeasturias.com\/noticias#listItem","name":"Home"}},{"@type":"ListItem","@id":"https:\/\/www.eldigitaldeasturias.com\/noticias\/lars-feld-no-esta-a-favor-de-los-llamados-coronabonos\/#listItem","position":3,"name":"Lars Feld no est\u00e1 a favor de los llamados \u201ccoronabonos\u201d","previousItem":{"@type":"ListItem","@id":"https:\/\/www.eldigitaldeasturias.com\/noticias\/category\/economia\/#listItem","name":"Econom\u00eda"}}]},{"@type":"Organization","@id":"https:\/\/www.eldigitaldeasturias.com\/noticias\/#organization","name":"El Digital de Asturias","description":"Hemeroteca","url":"https:\/\/www.eldigitaldeasturias.com\/noticias\/","email":"info@eldigitaldeasturias.com","telephone":"+34652131393","logo":{"@type":"ImageObject","url":"https:\/\/www.eldigitaldeasturias.com\/noticias\/wp-content\/uploads\/2020\/12\/EDA.jpg","@id":"https:\/\/www.eldigitaldeasturias.com\/noticias\/lars-feld-no-esta-a-favor-de-los-llamados-coronabonos\/#organizationLogo","width":649,"height":297},"image":{"@id":"https:\/\/www.eldigitaldeasturias.com\/noticias\/lars-feld-no-esta-a-favor-de-los-llamados-coronabonos\/#organizationLogo"},"sameAs":["https:\/\/facebook.com\/eldigitaldeasturias","https:\/\/www.youtube.com\/channel\/UCZP-2wLEB9Rv6erhFmqVnvg"],"address":{"@id":"https:\/\/www.eldigitaldeasturias.com\/noticias\/#postaladdress","@type":"PostalAddress","streetAddress":"san antonio 4,","postalCode":"33430","addressLocality":"Cand\u00e1s","addressRegion":"Asturias","addressCountry":"ES"}},{"@type":"Person","@id":"https:\/\/www.eldigitaldeasturias.com\/noticias\/author\/admin\/#author","url":"https:\/\/www.eldigitaldeasturias.com\/noticias\/author\/admin\/","name":"El Digital de Asturias","image":{"@type":"ImageObject","@id":"https:\/\/www.eldigitaldeasturias.com\/noticias\/lars-feld-no-esta-a-favor-de-los-llamados-coronabonos\/#authorImage","url":"https:\/\/www.eldigitaldeasturias.com\/noticias\/wp-content\/litespeed\/avatar\/18677e78aa0546b92d9dbf31ec7d7668.jpg?ver=1777290358","width":96,"height":96,"caption":"El Digital de Asturias"}},{"@type":"WebPage","@id":"https:\/\/www.eldigitaldeasturias.com\/noticias\/lars-feld-no-esta-a-favor-de-los-llamados-coronabonos\/#webpage","url":"https:\/\/www.eldigitaldeasturias.com\/noticias\/lars-feld-no-esta-a-favor-de-los-llamados-coronabonos\/","name":"Lars Feld no est\u00e1 a favor de los llamados \u201ccoronabonos\u201d - El Digital de Asturias","description":"Lars Feld, se mostr\u00f3 contrario a la emisi\u00f3n de eurobonos, los ahora llamados coronabonos.","inLanguage":"es-ES","isPartOf":{"@id":"https:\/\/www.eldigitaldeasturias.com\/noticias\/#website"},"breadcrumb":{"@id":"https:\/\/www.eldigitaldeasturias.com\/noticias\/lars-feld-no-esta-a-favor-de-los-llamados-coronabonos\/#breadcrumblist"},"author":{"@id":"https:\/\/www.eldigitaldeasturias.com\/noticias\/author\/admin\/#author"},"creator":{"@id":"https:\/\/www.eldigitaldeasturias.com\/noticias\/author\/admin\/#author"},"image":{"@type":"ImageObject","url":"https:\/\/www.eldigitaldeasturias.com\/noticias\/wp-content\/uploads\/2015\/11\/euros.jpg","@id":"https:\/\/www.eldigitaldeasturias.com\/noticias\/lars-feld-no-esta-a-favor-de-los-llamados-coronabonos\/#mainImage","width":800,"height":536,"caption":"euros"},"primaryImageOfPage":{"@id":"https:\/\/www.eldigitaldeasturias.com\/noticias\/lars-feld-no-esta-a-favor-de-los-llamados-coronabonos\/#mainImage"},"datePublished":"2020-04-03T17:32:18+02:00","dateModified":"2020-04-03T17:32:18+02:00"},{"@type":"WebSite","@id":"https:\/\/www.eldigitaldeasturias.com\/noticias\/#website","url":"https:\/\/www.eldigitaldeasturias.com\/noticias\/","name":"El Digital de Asturias - Diario de actualidad y noticias","alternateName":"El Digital de Asturias - Diario de actualidad y noticias","description":"Hemeroteca","inLanguage":"es-ES","publisher":{"@id":"https:\/\/www.eldigitaldeasturias.com\/noticias\/#organization"}}]},"og:locale":"es_ES","og:site_name":"El Digital de Asturias","og:type":"article","og:title":"Lars Feld no est\u00e1 a favor de los llamados \u201ccoronabonos\u201d - El Digital de Asturias","og:description":"Lars Feld, se mostr\u00f3 contrario a la emisi\u00f3n de eurobonos, los ahora llamados coronabonos.","og:url":"https:\/\/www.eldigitaldeasturias.com\/noticias\/lars-feld-no-esta-a-favor-de-los-llamados-coronabonos\/","og:image":"https:\/\/www.eldigitaldeasturias.com\/noticias\/wp-content\/uploads\/2015\/11\/euros.jpg","og:image:secure_url":"https:\/\/www.eldigitaldeasturias.com\/noticias\/wp-content\/uploads\/2015\/11\/euros.jpg","og:image:width":800,"og:image:height":536,"article:tag":["econom\u00eda"],"article:published_time":"2020-04-03T17:32:18+00:00","article:modified_time":"2020-04-03T17:32:18+00:00","article:publisher":"https:\/\/facebook.com\/eldigitaldeasturias","twitter:card":"summary_large_image","twitter:title":"Lars Feld no est\u00e1 a favor de los llamados \u201ccoronabonos\u201d - El Digital de Asturias","twitter:description":"Lars Feld, se mostr\u00f3 contrario a la emisi\u00f3n de eurobonos, los ahora llamados coronabonos.","twitter:image":"https:\/\/www.eldigitaldeasturias.com\/noticias\/wp-content\/uploads\/2015\/11\/euros.jpg","twitter:label1":"Escrito por","twitter:data1":"El Digital de Asturias","twitter:label2":"Tiempo de lectura estimado","twitter:data2":"1 minuto"},"aioseo_meta_data":{"post_id":"1062549","title":null,"description":"Lars Feld, se mostr\u00f3 contrario a la emisi\u00f3n de eurobonos, los ahora llamados coronabonos.","keywords":null,"keyphrases":null,"primary_term":null,"canonical_url":null,"og_title":null,"og_description":null,"og_object_type":"default","og_image_type":"default","og_image_url":null,"og_image_width":null,"og_image_height":null,"og_image_custom_url":null,"og_image_custom_fields":null,"og_video":null,"og_custom_url":null,"og_article_section":null,"og_article_tags":null,"twitter_use_og":false,"twitter_card":"default","twitter_image_type":"default","twitter_image_url":null,"twitter_image_custom_url":null,"twitter_image_custom_fields":null,"twitter_title":null,"twitter_description":null,"schema":{"blockGraphs":[],"customGraphs":[],"default":{"data":{"Article":[],"Course":[],"Dataset":[],"FAQPage":[],"Movie":[],"Person":[],"Product":[],"ProductReview":[],"Car":[],"Recipe":[],"Service":[],"SoftwareApplication":[],"WebPage":[]},"graphName":"","isEnabled":true},"graphs":[],"defaultGraph":"","defaultPostTypeGraph":""},"schema_type":null,"schema_type_options":null,"pillar_content":false,"robots_default":true,"robots_noindex":false,"robots_noarchive":false,"robots_nosnippet":false,"robots_nofollow":false,"robots_noimageindex":false,"robots_noodp":false,"robots_notranslate":false,"robots_max_snippet":null,"robots_max_videopreview":null,"robots_max_imagepreview":"large","priority":null,"frequency":null,"local_seo":null,"seo_analyzer_scan_date":"2025-10-31 19:12:07","breadcrumb_settings":null,"limit_modified_date":false,"open_ai":null,"ai":null,"created":"2020-12-21 10:53:09","updated":"2025-10-31 19:12:07"},"aioseo_breadcrumb":"<div class=\"aioseo-breadcrumbs\"><span class=\"aioseo-breadcrumb\">\n\t<a href=\"https:\/\/www.eldigitaldeasturias.com\/noticias\" title=\"Home\">Home<\/a>\n<\/span><span class=\"aioseo-breadcrumb-separator\">\u2013<\/span><span class=\"aioseo-breadcrumb\">\n\t<a href=\"https:\/\/www.eldigitaldeasturias.com\/noticias\/category\/economia\/\" title=\"Econom\u00eda\">Econom\u00eda<\/a>\n<\/span><span class=\"aioseo-breadcrumb-separator\">\u2013<\/span><span class=\"aioseo-breadcrumb\">\n\t<a href=\"https:\/\/www.eldigitaldeasturias.com\/noticias\/lars-feld-no-esta-a-favor-de-los-llamados-coronabonos\/\" title=\"Lars Feld no est\u00e1 a favor de los llamados \u201ccoronabonos\u201d\">Lars Feld no est\u00e1 a favor de los llamados \u201ccoronabonos\u201d<\/a>\n<\/span><\/div>","aioseo_breadcrumb_json":[{"label":"Home","link":"https:\/\/www.eldigitaldeasturias.com\/noticias"},{"label":"Econom\u00eda","link":"https:\/\/www.eldigitaldeasturias.com\/noticias\/category\/economia\/"},{"label":"Lars Feld no est\u00e1 a favor de los llamados \u201ccoronabonos\u201d","link":"https:\/\/www.eldigitaldeasturias.com\/noticias\/lars-feld-no-esta-a-favor-de-los-llamados-coronabonos\/"}],"_links":{"self":[{"href":"https:\/\/www.eldigitaldeasturias.com\/noticias\/wp-json\/wp\/v2\/posts\/1062549","targetHints":{"allow":["GET"]}}],"collection":[{"href":"https:\/\/www.eldigitaldeasturias.com\/noticias\/wp-json\/wp\/v2\/posts"}],"about":[{"href":"https:\/\/www.eldigitaldeasturias.com\/noticias\/wp-json\/wp\/v2\/types\/post"}],"author":[{"embeddable":true,"href":"https:\/\/www.eldigitaldeasturias.com\/noticias\/wp-json\/wp\/v2\/users\/1"}],"replies":[{"embeddable":true,"href":"https:\/\/www.eldigitaldeasturias.com\/noticias\/wp-json\/wp\/v2\/comments?post=1062549"}],"version-history":[{"count":0,"href":"https:\/\/www.eldigitaldeasturias.com\/noticias\/wp-json\/wp\/v2\/posts\/1062549\/revisions"}],"wp:featuredmedia":[{"embeddable":true,"href":"https:\/\/www.eldigitaldeasturias.com\/noticias\/wp-json\/wp\/v2\/media\/822740"}],"wp:attachment":[{"href":"https:\/\/www.eldigitaldeasturias.com\/noticias\/wp-json\/wp\/v2\/media?parent=1062549"}],"wp:term":[{"taxonomy":"category","embeddable":true,"href":"https:\/\/www.eldigitaldeasturias.com\/noticias\/wp-json\/wp\/v2\/categories?post=1062549"},{"taxonomy":"post_tag","embeddable":true,"href":"https:\/\/www.eldigitaldeasturias.com\/noticias\/wp-json\/wp\/v2\/tags?post=1062549"}],"curies":[{"name":"wp","href":"https:\/\/api.w.org\/{rel}","templated":true}]}}