{"id":1062517,"date":"2020-04-02T20:25:22","date_gmt":"2020-04-02T20:25:22","guid":{"rendered":"https:\/\/www.eldigitaldeasturias.com\/noticias\/?p=1062517"},"modified":"2020-04-02T20:25:53","modified_gmt":"2020-04-02T20:25:53","slug":"la-seguridad-social-registra-18-445-436-afiliados-en-espana","status":"publish","type":"post","link":"https:\/\/www.eldigitaldeasturias.com\/noticias\/la-seguridad-social-registra-18-445-436-afiliados-en-espana\/","title":{"rendered":"La Seguridad Social registra 18.445.436 afiliados en Espa\u00f1a"},"content":{"rendered":"<p><img loading=\"lazy\" decoding=\"async\" class=\"alignleft size-medium wp-image-1062518\" src=\"https:\/\/www.eldigitaldeasturias.com\/noticias\/wp-content\/uploads\/2020\/04\/110419-mujerordenador-360x239.jpg\" alt=\"\" width=\"360\" height=\"239\" srcset=\"https:\/\/www.eldigitaldeasturias.com\/noticias\/wp-content\/uploads\/2020\/04\/110419-mujerordenador-360x239.jpg 360w, https:\/\/www.eldigitaldeasturias.com\/noticias\/wp-content\/uploads\/2020\/04\/110419-mujerordenador-452x300.jpg 452w, https:\/\/www.eldigitaldeasturias.com\/noticias\/wp-content\/uploads\/2020\/04\/110419-mujerordenador.jpg 512w\" sizes=\"auto, (max-width: 360px) 100vw, 360px\" \/>El n\u00famero medio de afiliados a la Seguridad Social se situ\u00f3 el pasado marzo en 19.006.760, un descenso de 243.469 ocupados con respecto a febrero (-1,26%). El impacto de la pandemia del coronavirus se empieza apreciar de forma notoria a partir del d\u00eda 12 de marzo, por lo que el dato de afiliaci\u00f3n media no refleja con rigor lo ocurrido en el conjunto del mes.<\/p>\n<p>Es necesario, por tanto, conocer el dato del \u00faltimo d\u00eda del mes, ya que expresa con m\u00e1s fiabilidad, en esta ocasi\u00f3n, la evoluci\u00f3n del empleo y la repercusi\u00f3n de la crisis provocada por el COVID-19. A 31 de marzo, el n\u00famero de personas afiliadas a la Seguridad Social fue de 18.445.436, lo que supone que hasta ese d\u00eda el sistema perdi\u00f3 833.979 afiliados.<\/p>\n<p>En cuanto al dato medio mensual (el que se facilita habitualmente), el descenso en 243.469 afiliados es el segundo en la serie hist\u00f3rica de marzo, solo se constata otro dato negativo en 2009 (-54.489). En 2019 en ese mismo periodo se incorporaron 155.104 ocupados.<\/p>\n<p>El dato desestacionalizado, con el efecto calendario corregido muestra una ca\u00edda media de 415.800 afiliados, un dato significativo y que rompe una tendencia que se ha mantenido en positivo desde noviembre de 2013 (-17.072).<\/p>\n<p>De media, el n\u00famero de mujeres ocupadas alcanz\u00f3 en febrero las 8.884.144, lo que supone un descenso de 94.621.<\/p>\n<h3><strong>Datos medios respecto a 2019<\/strong><\/h3>\n<p>El c\u00f3mputo interanual de la afiliaci\u00f3n media arroja este mes un saldo negativo, -36.817 (-0,19%), lo que sit\u00faa el total de ocupados en 19.006.760. El mayor retroceso corresponde al R\u00e9gimen General, que experimenta una bajada del 0,21%, el 0,05% sin contar los Sistemas Especiales del Hogar (-14.985) ni el S.E. Agrario (-25.431).<\/p>\n<p>El R\u00e9gimen Especial de Trabajadores Aut\u00f3nomos rest\u00f3 1.562 respecto a marzo de 2018 (-0,05%). El R\u00e9gimen del Mar baj\u00f3 en 1.772 ocupados (-2,75%). El Carb\u00f3n decrece en 323 afiliados, tras un descenso del 20,67%.<\/p>\n<p>El n\u00famero de afiliados baj\u00f3 en todas las comunidades aut\u00f3nomas, excepto en la Comunidad de Madrid (17.767), Pa\u00eds Vasco (7.113), Regi\u00f3n de Murcia (6.140), Comunidad Valenciana (5.536), Navarra (3.412) y Cantabria (618). Destacan los descensos en Andaluc\u00eda (-27.984.), Canarias (-11.063) y Catalu\u00f1a (-10.719).<\/p>\n<h3><strong>Afiliaci\u00f3n media respecto a febrero<\/strong><\/h3>\n<p>La afiliaci\u00f3n al R\u00e9gimen General descendi\u00f3 en marzo en 238.801 (-1,50%), lo que sit\u00faa el total de afiliados medios en 15.690.350.<\/p>\n<p>En marzo, solo aumenta la afiliaci\u00f3n en Agricultura, Ganader\u00eda, Caza, Selvicultura y Pesca con 840 (1,19%) y en Actividades Sanitarias y Servicios Sociales, que suma 11.767 (0,73%). Las mayores ca\u00eddas se registran en Actividades Art\u00edsticas, Recreativas y de Entretenimiento, -14.141 (-5,17%); Hosteler\u00eda, -60.229 (-4,85%) y Construcci\u00f3n -39.818 (-4,53%).<\/p>\n<p>Dentro del R\u00e9gimen General, cabe se\u00f1alar que el Sistema Especial Agrario experiment\u00f3 un aumento de 2.642 afiliados medios, en relaci\u00f3n a febrero (0,35%), lo que sit\u00faa el n\u00famero de ocupados en 749.382. El Sistema Especial del Empleados del Hogar, por su parte, baja en 814 afiliados (-0,21%), por lo que ahora alcanza los 393.358 afiliados medios.<\/p>\n<p>El R\u00e9gimen de Aut\u00f3nomos cuenta con 3.252.517 afiliados medios, tras caer en 5.380 personas (0,17%). Entre el R\u00e9gimen del Mar la ocupaci\u00f3n aument\u00f3 en 772 (1,17%), hasta los 62.654 afiliados medios. Finalmente, el Carb\u00f3n se sit\u00faa en 1.239 afiliados medios (-10).<\/p>\n<p>Por territorios, descienden en todas las comunidades aut\u00f3nomas, salvo en Baleares, donde se incrementa en 10.028 personas (2,27%). Las mayores bajadas corresponden a Andaluc\u00eda, con 54.098 afiliados menos (-1,72%), Madrid pierde 52.065 (-1,59%), Catalu\u00f1a retrocede en 41.015 (-1.19%), Canarias, con 19.964 menos (-2,44%) y Castilla-La Mancha que baja en 10.730 (-1,52%).<\/p>\n<h3>Impacto del COVID-19<\/h3>\n<p>Como ya se se\u00f1al\u00f3 al comienzo de la nota, para conocer c\u00f3mo ha evolucionado el empleo en el mes de marzo hay que precisar lo ocurrido en los primeros once d\u00edas del mes, cuando el empleo a\u00fan evolucionaba sumando afiliados, en concreto, +64.843 (diferencia entre 19.344.258 del 11 de marzo y los 19.279.415 del 29 de febrero) y entre los d\u00edas 12 a 31 de marzo, cuando el saldo en la afiliaci\u00f3n se desplom\u00f3 en 898.822 (diferencia entre los 19.344.258 del 11 de marzo y los 18.445.436).<\/p>\n<p>En el R\u00e9gimen General, la ca\u00edda ha sido de 855.081 afiliados (-5,63%), mientras que el R\u00e9gimen de Aut\u00f3nomos, de 40.877 (-1,25%).<\/p>\n<p>Si atendemos al detalle, por sectores los mayores descensos (desde el 12 de marzo) se han registrado en Construcci\u00f3n (-17,08%), Hosteler\u00eda (-14,27%), Actividades Administrativas y Servicios Auxiliares (8,91%), Educaci\u00f3n (-5,24%), Transporte y Almacenamiento (-4,76%). En Actividades Sanitarias ha crecido en 7.085 afiliados.<\/p>\n<p>En cuanto al tipo de contrato, destaca con gran diferencia la ca\u00edda de la afiliaci\u00f3n en los contratos temporales, un 17,30%; el descenso en la ocupaci\u00f3n ligada a contratos indefinidos es del 1,92%.<\/p>\n<p>Por comunidades aut\u00f3nomas, Andaluc\u00eda (-6,64%) Canarias (-6,24%), Regi\u00f3n de Murcia (-5,07%) y la Comunidad Valenciana (-5,75%) registran los descensos m\u00e1s acusados.<\/p>\n<p>Los datos de afiliaci\u00f3n incluyen a los afectados por los Expedientes de Regulaci\u00f3n de Temporal de Empleo (ERTE) por el COVID-19, que se cifran en 258.645 relaciones laborales.<\/p>\n<p>&nbsp;<\/p>\n","protected":false},"excerpt":{"rendered":"<p>El n\u00famero medio de afiliados a la Seguridad Social se situ\u00f3 el pasado marzo en 19.006.760, un descenso de 243.469 ocupados con respecto a febrero (-1,26%). El impacto de la pandemia del coronavirus se empieza apreciar de forma notoria a partir del d\u00eda 12 de marzo, por lo que el dato de afiliaci\u00f3n media no [&hellip;]<\/p>\n","protected":false},"author":1,"featured_media":1062518,"comment_status":"closed","ping_status":"closed","sticky":false,"template":"","format":"standard","meta":{"footnotes":""},"categories":[187],"tags":[],"class_list":["post-1062517","post","type-post","status-publish","format-standard","has-post-thumbnail","hentry","category-economia"],"aioseo_notices":[],"aioseo_head":"\n\t\t<!-- All in One SEO Pro 4.9.6.2 - aioseo.com -->\n\t<meta name=\"description\" content=\"El n\u00famero medio de afiliados a la Seguridad Social se situ\u00f3 el pasado marzo en 19.006.760, un descenso de 243.469 ocupados con respecto a febrero.\" \/>\n\t<meta name=\"robots\" content=\"max-image-preview:large\" \/>\n\t<meta name=\"author\" content=\"El Digital de Asturias\"\/>\n\t<meta name=\"google-site-verification\" content=\"UA-38556648-1\" \/>\n\t<meta name=\"msvalidate.01\" content=\"7dfe9f3f1b24437ab69f4f2559babe99\" \/>\n\t<meta name=\"keywords\" content=\"econom\u00eda\" \/>\n\t<link rel=\"canonical\" href=\"https:\/\/www.eldigitaldeasturias.com\/noticias\/la-seguridad-social-registra-18-445-436-afiliados-en-espana\/\" \/>\n\t<meta name=\"generator\" content=\"All in One SEO Pro (AIOSEO) 4.9.6.2\" \/>\n\t\t<meta property=\"og:locale\" content=\"es_ES\" \/>\n\t\t<meta property=\"og:site_name\" content=\"El Digital de Asturias\" \/>\n\t\t<meta property=\"og:type\" content=\"article\" \/>\n\t\t<meta property=\"og:title\" content=\"La Seguridad Social registra 18.445.436 afiliados en Espa\u00f1a - El Digital de Asturias\" \/>\n\t\t<meta property=\"og:description\" content=\"El n\u00famero medio de afiliados a la Seguridad Social se situ\u00f3 el pasado marzo en 19.006.760, un descenso de 243.469 ocupados con respecto a febrero.\" \/>\n\t\t<meta property=\"og:url\" content=\"https:\/\/www.eldigitaldeasturias.com\/noticias\/la-seguridad-social-registra-18-445-436-afiliados-en-espana\/\" \/>\n\t\t<meta property=\"og:image\" content=\"https:\/\/www.eldigitaldeasturias.com\/noticias\/wp-content\/uploads\/2020\/04\/110419-mujerordenador.jpg\" \/>\n\t\t<meta property=\"og:image:secure_url\" content=\"https:\/\/www.eldigitaldeasturias.com\/noticias\/wp-content\/uploads\/2020\/04\/110419-mujerordenador.jpg\" \/>\n\t\t<meta property=\"og:image:width\" content=\"512\" \/>\n\t\t<meta property=\"og:image:height\" content=\"340\" \/>\n\t\t<meta property=\"article:tag\" content=\"econom\u00eda\" \/>\n\t\t<meta property=\"article:published_time\" content=\"2020-04-02T20:25:22+00:00\" \/>\n\t\t<meta property=\"article:modified_time\" content=\"2020-04-02T20:25:53+00:00\" \/>\n\t\t<meta property=\"article:publisher\" content=\"https:\/\/facebook.com\/eldigitaldeasturias\" \/>\n\t\t<meta name=\"twitter:card\" content=\"summary_large_image\" \/>\n\t\t<meta name=\"twitter:title\" content=\"La Seguridad Social registra 18.445.436 afiliados en Espa\u00f1a - El Digital de Asturias\" \/>\n\t\t<meta name=\"twitter:description\" content=\"El n\u00famero medio de afiliados a la Seguridad Social se situ\u00f3 el pasado marzo en 19.006.760, un descenso de 243.469 ocupados con respecto a febrero.\" \/>\n\t\t<meta name=\"twitter:image\" content=\"https:\/\/www.eldigitaldeasturias.com\/noticias\/wp-content\/uploads\/2020\/04\/110419-mujerordenador.jpg\" \/>\n\t\t<meta name=\"twitter:label1\" content=\"Escrito por\" \/>\n\t\t<meta name=\"twitter:data1\" content=\"El Digital de Asturias\" \/>\n\t\t<meta name=\"twitter:label2\" content=\"Tiempo de lectura estimado\" \/>\n\t\t<meta name=\"twitter:data2\" content=\"4 minutos\" \/>\n\t\t<script type=\"application\/ld+json\" class=\"aioseo-schema\">\n\t\t\t{\"@context\":\"https:\\\/\\\/schema.org\",\"@graph\":[{\"@type\":\"BlogPosting\",\"@id\":\"https:\\\/\\\/www.eldigitaldeasturias.com\\\/noticias\\\/la-seguridad-social-registra-18-445-436-afiliados-en-espana\\\/#blogposting\",\"name\":\"La Seguridad Social registra 18.445.436 afiliados en Espa\\u00f1a - El Digital de Asturias\",\"headline\":\"La Seguridad Social registra 18.445.436 afiliados en Espa\\u00f1a\",\"author\":{\"@id\":\"https:\\\/\\\/www.eldigitaldeasturias.com\\\/noticias\\\/author\\\/admin\\\/#author\"},\"publisher\":{\"@id\":\"https:\\\/\\\/www.eldigitaldeasturias.com\\\/noticias\\\/#organization\"},\"image\":{\"@type\":\"ImageObject\",\"url\":\"https:\\\/\\\/www.eldigitaldeasturias.com\\\/noticias\\\/wp-content\\\/uploads\\\/2020\\\/04\\\/110419-mujerordenador.jpg\",\"width\":512,\"height\":340},\"datePublished\":\"2020-04-02T20:25:22+02:00\",\"dateModified\":\"2020-04-02T20:25:53+02:00\",\"inLanguage\":\"es-ES\",\"mainEntityOfPage\":{\"@id\":\"https:\\\/\\\/www.eldigitaldeasturias.com\\\/noticias\\\/la-seguridad-social-registra-18-445-436-afiliados-en-espana\\\/#webpage\"},\"isPartOf\":{\"@id\":\"https:\\\/\\\/www.eldigitaldeasturias.com\\\/noticias\\\/la-seguridad-social-registra-18-445-436-afiliados-en-espana\\\/#webpage\"},\"articleSection\":\"Econom\\u00eda\"},{\"@type\":\"BreadcrumbList\",\"@id\":\"https:\\\/\\\/www.eldigitaldeasturias.com\\\/noticias\\\/la-seguridad-social-registra-18-445-436-afiliados-en-espana\\\/#breadcrumblist\",\"itemListElement\":[{\"@type\":\"ListItem\",\"@id\":\"https:\\\/\\\/www.eldigitaldeasturias.com\\\/noticias#listItem\",\"position\":1,\"name\":\"Home\",\"item\":\"https:\\\/\\\/www.eldigitaldeasturias.com\\\/noticias\",\"nextItem\":{\"@type\":\"ListItem\",\"@id\":\"https:\\\/\\\/www.eldigitaldeasturias.com\\\/noticias\\\/category\\\/economia\\\/#listItem\",\"name\":\"Econom\\u00eda\"}},{\"@type\":\"ListItem\",\"@id\":\"https:\\\/\\\/www.eldigitaldeasturias.com\\\/noticias\\\/category\\\/economia\\\/#listItem\",\"position\":2,\"name\":\"Econom\\u00eda\",\"item\":\"https:\\\/\\\/www.eldigitaldeasturias.com\\\/noticias\\\/category\\\/economia\\\/\",\"nextItem\":{\"@type\":\"ListItem\",\"@id\":\"https:\\\/\\\/www.eldigitaldeasturias.com\\\/noticias\\\/la-seguridad-social-registra-18-445-436-afiliados-en-espana\\\/#listItem\",\"name\":\"La Seguridad Social registra 18.445.436 afiliados en Espa\\u00f1a\"},\"previousItem\":{\"@type\":\"ListItem\",\"@id\":\"https:\\\/\\\/www.eldigitaldeasturias.com\\\/noticias#listItem\",\"name\":\"Home\"}},{\"@type\":\"ListItem\",\"@id\":\"https:\\\/\\\/www.eldigitaldeasturias.com\\\/noticias\\\/la-seguridad-social-registra-18-445-436-afiliados-en-espana\\\/#listItem\",\"position\":3,\"name\":\"La Seguridad Social registra 18.445.436 afiliados en Espa\\u00f1a\",\"previousItem\":{\"@type\":\"ListItem\",\"@id\":\"https:\\\/\\\/www.eldigitaldeasturias.com\\\/noticias\\\/category\\\/economia\\\/#listItem\",\"name\":\"Econom\\u00eda\"}}]},{\"@type\":\"Organization\",\"@id\":\"https:\\\/\\\/www.eldigitaldeasturias.com\\\/noticias\\\/#organization\",\"name\":\"El Digital de Asturias\",\"description\":\"Hemeroteca\",\"url\":\"https:\\\/\\\/www.eldigitaldeasturias.com\\\/noticias\\\/\",\"email\":\"info@eldigitaldeasturias.com\",\"telephone\":\"+34652131393\",\"logo\":{\"@type\":\"ImageObject\",\"url\":\"https:\\\/\\\/www.eldigitaldeasturias.com\\\/noticias\\\/wp-content\\\/uploads\\\/2020\\\/12\\\/EDA.jpg\",\"@id\":\"https:\\\/\\\/www.eldigitaldeasturias.com\\\/noticias\\\/la-seguridad-social-registra-18-445-436-afiliados-en-espana\\\/#organizationLogo\",\"width\":649,\"height\":297},\"image\":{\"@id\":\"https:\\\/\\\/www.eldigitaldeasturias.com\\\/noticias\\\/la-seguridad-social-registra-18-445-436-afiliados-en-espana\\\/#organizationLogo\"},\"sameAs\":[\"https:\\\/\\\/facebook.com\\\/eldigitaldeasturias\",\"https:\\\/\\\/www.youtube.com\\\/channel\\\/UCZP-2wLEB9Rv6erhFmqVnvg\"],\"address\":{\"@id\":\"https:\\\/\\\/www.eldigitaldeasturias.com\\\/noticias\\\/#postaladdress\",\"@type\":\"PostalAddress\",\"streetAddress\":\"san antonio 4,\",\"postalCode\":\"33430\",\"addressLocality\":\"Cand\\u00e1s\",\"addressRegion\":\"Asturias\",\"addressCountry\":\"ES\"}},{\"@type\":\"Person\",\"@id\":\"https:\\\/\\\/www.eldigitaldeasturias.com\\\/noticias\\\/author\\\/admin\\\/#author\",\"url\":\"https:\\\/\\\/www.eldigitaldeasturias.com\\\/noticias\\\/author\\\/admin\\\/\",\"name\":\"El Digital de Asturias\",\"image\":{\"@type\":\"ImageObject\",\"@id\":\"https:\\\/\\\/www.eldigitaldeasturias.com\\\/noticias\\\/la-seguridad-social-registra-18-445-436-afiliados-en-espana\\\/#authorImage\",\"url\":\"https:\\\/\\\/www.eldigitaldeasturias.com\\\/noticias\\\/wp-content\\\/litespeed\\\/avatar\\\/18677e78aa0546b92d9dbf31ec7d7668.jpg?ver=1777290358\",\"width\":96,\"height\":96,\"caption\":\"El Digital de Asturias\"}},{\"@type\":\"WebPage\",\"@id\":\"https:\\\/\\\/www.eldigitaldeasturias.com\\\/noticias\\\/la-seguridad-social-registra-18-445-436-afiliados-en-espana\\\/#webpage\",\"url\":\"https:\\\/\\\/www.eldigitaldeasturias.com\\\/noticias\\\/la-seguridad-social-registra-18-445-436-afiliados-en-espana\\\/\",\"name\":\"La Seguridad Social registra 18.445.436 afiliados en Espa\\u00f1a - El Digital de Asturias\",\"description\":\"El n\\u00famero medio de afiliados a la Seguridad Social se situ\\u00f3 el pasado marzo en 19.006.760, un descenso de 243.469 ocupados con respecto a febrero.\",\"inLanguage\":\"es-ES\",\"isPartOf\":{\"@id\":\"https:\\\/\\\/www.eldigitaldeasturias.com\\\/noticias\\\/#website\"},\"breadcrumb\":{\"@id\":\"https:\\\/\\\/www.eldigitaldeasturias.com\\\/noticias\\\/la-seguridad-social-registra-18-445-436-afiliados-en-espana\\\/#breadcrumblist\"},\"author\":{\"@id\":\"https:\\\/\\\/www.eldigitaldeasturias.com\\\/noticias\\\/author\\\/admin\\\/#author\"},\"creator\":{\"@id\":\"https:\\\/\\\/www.eldigitaldeasturias.com\\\/noticias\\\/author\\\/admin\\\/#author\"},\"image\":{\"@type\":\"ImageObject\",\"url\":\"https:\\\/\\\/www.eldigitaldeasturias.com\\\/noticias\\\/wp-content\\\/uploads\\\/2020\\\/04\\\/110419-mujerordenador.jpg\",\"@id\":\"https:\\\/\\\/www.eldigitaldeasturias.com\\\/noticias\\\/la-seguridad-social-registra-18-445-436-afiliados-en-espana\\\/#mainImage\",\"width\":512,\"height\":340},\"primaryImageOfPage\":{\"@id\":\"https:\\\/\\\/www.eldigitaldeasturias.com\\\/noticias\\\/la-seguridad-social-registra-18-445-436-afiliados-en-espana\\\/#mainImage\"},\"datePublished\":\"2020-04-02T20:25:22+02:00\",\"dateModified\":\"2020-04-02T20:25:53+02:00\"},{\"@type\":\"WebSite\",\"@id\":\"https:\\\/\\\/www.eldigitaldeasturias.com\\\/noticias\\\/#website\",\"url\":\"https:\\\/\\\/www.eldigitaldeasturias.com\\\/noticias\\\/\",\"name\":\"El Digital de Asturias - Diario de actualidad y noticias\",\"alternateName\":\"El Digital de Asturias - Diario de actualidad y noticias\",\"description\":\"Hemeroteca\",\"inLanguage\":\"es-ES\",\"publisher\":{\"@id\":\"https:\\\/\\\/www.eldigitaldeasturias.com\\\/noticias\\\/#organization\"}}]}\n\t\t<\/script>\n\t\t<!-- All in One SEO Pro -->\r\n\t\t<title>La Seguridad Social registra 18.445.436 afiliados en Espa\u00f1a - El Digital de Asturias<\/title>\n\n","aioseo_head_json":{"title":"La Seguridad Social registra 18.445.436 afiliados en Espa\u00f1a - El Digital de Asturias","description":"El n\u00famero medio de afiliados a la Seguridad Social se situ\u00f3 el pasado marzo en 19.006.760, un descenso de 243.469 ocupados con respecto a febrero.","canonical_url":"https:\/\/www.eldigitaldeasturias.com\/noticias\/la-seguridad-social-registra-18-445-436-afiliados-en-espana\/","robots":"max-image-preview:large","keywords":"econom\u00eda","webmasterTools":{"google-site-verification":"UA-38556648-1","msvalidate.01":"7dfe9f3f1b24437ab69f4f2559babe99","miscellaneous":""},"schema":{"@context":"https:\/\/schema.org","@graph":[{"@type":"BlogPosting","@id":"https:\/\/www.eldigitaldeasturias.com\/noticias\/la-seguridad-social-registra-18-445-436-afiliados-en-espana\/#blogposting","name":"La Seguridad Social registra 18.445.436 afiliados en Espa\u00f1a - El Digital de Asturias","headline":"La Seguridad Social registra 18.445.436 afiliados en Espa\u00f1a","author":{"@id":"https:\/\/www.eldigitaldeasturias.com\/noticias\/author\/admin\/#author"},"publisher":{"@id":"https:\/\/www.eldigitaldeasturias.com\/noticias\/#organization"},"image":{"@type":"ImageObject","url":"https:\/\/www.eldigitaldeasturias.com\/noticias\/wp-content\/uploads\/2020\/04\/110419-mujerordenador.jpg","width":512,"height":340},"datePublished":"2020-04-02T20:25:22+02:00","dateModified":"2020-04-02T20:25:53+02:00","inLanguage":"es-ES","mainEntityOfPage":{"@id":"https:\/\/www.eldigitaldeasturias.com\/noticias\/la-seguridad-social-registra-18-445-436-afiliados-en-espana\/#webpage"},"isPartOf":{"@id":"https:\/\/www.eldigitaldeasturias.com\/noticias\/la-seguridad-social-registra-18-445-436-afiliados-en-espana\/#webpage"},"articleSection":"Econom\u00eda"},{"@type":"BreadcrumbList","@id":"https:\/\/www.eldigitaldeasturias.com\/noticias\/la-seguridad-social-registra-18-445-436-afiliados-en-espana\/#breadcrumblist","itemListElement":[{"@type":"ListItem","@id":"https:\/\/www.eldigitaldeasturias.com\/noticias#listItem","position":1,"name":"Home","item":"https:\/\/www.eldigitaldeasturias.com\/noticias","nextItem":{"@type":"ListItem","@id":"https:\/\/www.eldigitaldeasturias.com\/noticias\/category\/economia\/#listItem","name":"Econom\u00eda"}},{"@type":"ListItem","@id":"https:\/\/www.eldigitaldeasturias.com\/noticias\/category\/economia\/#listItem","position":2,"name":"Econom\u00eda","item":"https:\/\/www.eldigitaldeasturias.com\/noticias\/category\/economia\/","nextItem":{"@type":"ListItem","@id":"https:\/\/www.eldigitaldeasturias.com\/noticias\/la-seguridad-social-registra-18-445-436-afiliados-en-espana\/#listItem","name":"La Seguridad Social registra 18.445.436 afiliados en Espa\u00f1a"},"previousItem":{"@type":"ListItem","@id":"https:\/\/www.eldigitaldeasturias.com\/noticias#listItem","name":"Home"}},{"@type":"ListItem","@id":"https:\/\/www.eldigitaldeasturias.com\/noticias\/la-seguridad-social-registra-18-445-436-afiliados-en-espana\/#listItem","position":3,"name":"La Seguridad Social registra 18.445.436 afiliados en Espa\u00f1a","previousItem":{"@type":"ListItem","@id":"https:\/\/www.eldigitaldeasturias.com\/noticias\/category\/economia\/#listItem","name":"Econom\u00eda"}}]},{"@type":"Organization","@id":"https:\/\/www.eldigitaldeasturias.com\/noticias\/#organization","name":"El Digital de Asturias","description":"Hemeroteca","url":"https:\/\/www.eldigitaldeasturias.com\/noticias\/","email":"info@eldigitaldeasturias.com","telephone":"+34652131393","logo":{"@type":"ImageObject","url":"https:\/\/www.eldigitaldeasturias.com\/noticias\/wp-content\/uploads\/2020\/12\/EDA.jpg","@id":"https:\/\/www.eldigitaldeasturias.com\/noticias\/la-seguridad-social-registra-18-445-436-afiliados-en-espana\/#organizationLogo","width":649,"height":297},"image":{"@id":"https:\/\/www.eldigitaldeasturias.com\/noticias\/la-seguridad-social-registra-18-445-436-afiliados-en-espana\/#organizationLogo"},"sameAs":["https:\/\/facebook.com\/eldigitaldeasturias","https:\/\/www.youtube.com\/channel\/UCZP-2wLEB9Rv6erhFmqVnvg"],"address":{"@id":"https:\/\/www.eldigitaldeasturias.com\/noticias\/#postaladdress","@type":"PostalAddress","streetAddress":"san antonio 4,","postalCode":"33430","addressLocality":"Cand\u00e1s","addressRegion":"Asturias","addressCountry":"ES"}},{"@type":"Person","@id":"https:\/\/www.eldigitaldeasturias.com\/noticias\/author\/admin\/#author","url":"https:\/\/www.eldigitaldeasturias.com\/noticias\/author\/admin\/","name":"El Digital de Asturias","image":{"@type":"ImageObject","@id":"https:\/\/www.eldigitaldeasturias.com\/noticias\/la-seguridad-social-registra-18-445-436-afiliados-en-espana\/#authorImage","url":"https:\/\/www.eldigitaldeasturias.com\/noticias\/wp-content\/litespeed\/avatar\/18677e78aa0546b92d9dbf31ec7d7668.jpg?ver=1777290358","width":96,"height":96,"caption":"El Digital de Asturias"}},{"@type":"WebPage","@id":"https:\/\/www.eldigitaldeasturias.com\/noticias\/la-seguridad-social-registra-18-445-436-afiliados-en-espana\/#webpage","url":"https:\/\/www.eldigitaldeasturias.com\/noticias\/la-seguridad-social-registra-18-445-436-afiliados-en-espana\/","name":"La Seguridad Social registra 18.445.436 afiliados en Espa\u00f1a - El Digital de Asturias","description":"El n\u00famero medio de afiliados a la Seguridad Social se situ\u00f3 el pasado marzo en 19.006.760, un descenso de 243.469 ocupados con respecto a febrero.","inLanguage":"es-ES","isPartOf":{"@id":"https:\/\/www.eldigitaldeasturias.com\/noticias\/#website"},"breadcrumb":{"@id":"https:\/\/www.eldigitaldeasturias.com\/noticias\/la-seguridad-social-registra-18-445-436-afiliados-en-espana\/#breadcrumblist"},"author":{"@id":"https:\/\/www.eldigitaldeasturias.com\/noticias\/author\/admin\/#author"},"creator":{"@id":"https:\/\/www.eldigitaldeasturias.com\/noticias\/author\/admin\/#author"},"image":{"@type":"ImageObject","url":"https:\/\/www.eldigitaldeasturias.com\/noticias\/wp-content\/uploads\/2020\/04\/110419-mujerordenador.jpg","@id":"https:\/\/www.eldigitaldeasturias.com\/noticias\/la-seguridad-social-registra-18-445-436-afiliados-en-espana\/#mainImage","width":512,"height":340},"primaryImageOfPage":{"@id":"https:\/\/www.eldigitaldeasturias.com\/noticias\/la-seguridad-social-registra-18-445-436-afiliados-en-espana\/#mainImage"},"datePublished":"2020-04-02T20:25:22+02:00","dateModified":"2020-04-02T20:25:53+02:00"},{"@type":"WebSite","@id":"https:\/\/www.eldigitaldeasturias.com\/noticias\/#website","url":"https:\/\/www.eldigitaldeasturias.com\/noticias\/","name":"El Digital de Asturias - Diario de actualidad y noticias","alternateName":"El Digital de Asturias - Diario de actualidad y noticias","description":"Hemeroteca","inLanguage":"es-ES","publisher":{"@id":"https:\/\/www.eldigitaldeasturias.com\/noticias\/#organization"}}]},"og:locale":"es_ES","og:site_name":"El Digital de Asturias","og:type":"article","og:title":"La Seguridad Social registra 18.445.436 afiliados en Espa\u00f1a - El Digital de Asturias","og:description":"El n\u00famero medio de afiliados a la Seguridad Social se situ\u00f3 el pasado marzo en 19.006.760, un descenso de 243.469 ocupados con respecto a febrero.","og:url":"https:\/\/www.eldigitaldeasturias.com\/noticias\/la-seguridad-social-registra-18-445-436-afiliados-en-espana\/","og:image":"https:\/\/www.eldigitaldeasturias.com\/noticias\/wp-content\/uploads\/2020\/04\/110419-mujerordenador.jpg","og:image:secure_url":"https:\/\/www.eldigitaldeasturias.com\/noticias\/wp-content\/uploads\/2020\/04\/110419-mujerordenador.jpg","og:image:width":512,"og:image:height":340,"article:tag":["econom\u00eda"],"article:published_time":"2020-04-02T20:25:22+00:00","article:modified_time":"2020-04-02T20:25:53+00:00","article:publisher":"https:\/\/facebook.com\/eldigitaldeasturias","twitter:card":"summary_large_image","twitter:title":"La Seguridad Social registra 18.445.436 afiliados en Espa\u00f1a - El Digital de Asturias","twitter:description":"El n\u00famero medio de afiliados a la Seguridad Social se situ\u00f3 el pasado marzo en 19.006.760, un descenso de 243.469 ocupados con respecto a febrero.","twitter:image":"https:\/\/www.eldigitaldeasturias.com\/noticias\/wp-content\/uploads\/2020\/04\/110419-mujerordenador.jpg","twitter:label1":"Escrito por","twitter:data1":"El Digital de Asturias","twitter:label2":"Tiempo de lectura estimado","twitter:data2":"4 minutos"},"aioseo_meta_data":{"post_id":"1062517","title":null,"description":"El n\u00famero medio de afiliados a la Seguridad Social se situ\u00f3 el pasado marzo en 19.006.760, un descenso de 243.469 ocupados con respecto a febrero.","keywords":null,"keyphrases":null,"primary_term":null,"canonical_url":null,"og_title":null,"og_description":null,"og_object_type":"default","og_image_type":"default","og_image_url":null,"og_image_width":null,"og_image_height":null,"og_image_custom_url":null,"og_image_custom_fields":null,"og_video":null,"og_custom_url":null,"og_article_section":null,"og_article_tags":null,"twitter_use_og":false,"twitter_card":"default","twitter_image_type":"default","twitter_image_url":null,"twitter_image_custom_url":null,"twitter_image_custom_fields":null,"twitter_title":null,"twitter_description":null,"schema":{"blockGraphs":[],"customGraphs":[],"default":{"data":{"Article":[],"Course":[],"Dataset":[],"FAQPage":[],"Movie":[],"Person":[],"Product":[],"ProductReview":[],"Car":[],"Recipe":[],"Service":[],"SoftwareApplication":[],"WebPage":[]},"graphName":"","isEnabled":true},"graphs":[],"defaultGraph":"","defaultPostTypeGraph":""},"schema_type":null,"schema_type_options":null,"pillar_content":false,"robots_default":true,"robots_noindex":false,"robots_noarchive":false,"robots_nosnippet":false,"robots_nofollow":false,"robots_noimageindex":false,"robots_noodp":false,"robots_notranslate":false,"robots_max_snippet":null,"robots_max_videopreview":null,"robots_max_imagepreview":"large","priority":null,"frequency":null,"local_seo":null,"seo_analyzer_scan_date":"2025-10-31 19:08:06","breadcrumb_settings":null,"limit_modified_date":false,"open_ai":null,"ai":null,"created":"2020-12-21 10:53:09","updated":"2025-10-31 19:08:06"},"aioseo_breadcrumb":"<div class=\"aioseo-breadcrumbs\"><span class=\"aioseo-breadcrumb\">\n\t<a href=\"https:\/\/www.eldigitaldeasturias.com\/noticias\" title=\"Home\">Home<\/a>\n<\/span><span class=\"aioseo-breadcrumb-separator\">\u2013<\/span><span class=\"aioseo-breadcrumb\">\n\t<a href=\"https:\/\/www.eldigitaldeasturias.com\/noticias\/category\/economia\/\" title=\"Econom\u00eda\">Econom\u00eda<\/a>\n<\/span><span class=\"aioseo-breadcrumb-separator\">\u2013<\/span><span class=\"aioseo-breadcrumb\">\n\t<a href=\"https:\/\/www.eldigitaldeasturias.com\/noticias\/la-seguridad-social-registra-18-445-436-afiliados-en-espana\/\" title=\"La Seguridad Social registra 18.445.436 afiliados en Espa\u00f1a\">La Seguridad Social registra 18.445.436 afiliados en Espa\u00f1a<\/a>\n<\/span><\/div>","aioseo_breadcrumb_json":[{"label":"Home","link":"https:\/\/www.eldigitaldeasturias.com\/noticias"},{"label":"Econom\u00eda","link":"https:\/\/www.eldigitaldeasturias.com\/noticias\/category\/economia\/"},{"label":"La Seguridad Social registra 18.445.436 afiliados en Espa\u00f1a","link":"https:\/\/www.eldigitaldeasturias.com\/noticias\/la-seguridad-social-registra-18-445-436-afiliados-en-espana\/"}],"_links":{"self":[{"href":"https:\/\/www.eldigitaldeasturias.com\/noticias\/wp-json\/wp\/v2\/posts\/1062517","targetHints":{"allow":["GET"]}}],"collection":[{"href":"https:\/\/www.eldigitaldeasturias.com\/noticias\/wp-json\/wp\/v2\/posts"}],"about":[{"href":"https:\/\/www.eldigitaldeasturias.com\/noticias\/wp-json\/wp\/v2\/types\/post"}],"author":[{"embeddable":true,"href":"https:\/\/www.eldigitaldeasturias.com\/noticias\/wp-json\/wp\/v2\/users\/1"}],"replies":[{"embeddable":true,"href":"https:\/\/www.eldigitaldeasturias.com\/noticias\/wp-json\/wp\/v2\/comments?post=1062517"}],"version-history":[{"count":0,"href":"https:\/\/www.eldigitaldeasturias.com\/noticias\/wp-json\/wp\/v2\/posts\/1062517\/revisions"}],"wp:featuredmedia":[{"embeddable":true,"href":"https:\/\/www.eldigitaldeasturias.com\/noticias\/wp-json\/wp\/v2\/media\/1062518"}],"wp:attachment":[{"href":"https:\/\/www.eldigitaldeasturias.com\/noticias\/wp-json\/wp\/v2\/media?parent=1062517"}],"wp:term":[{"taxonomy":"category","embeddable":true,"href":"https:\/\/www.eldigitaldeasturias.com\/noticias\/wp-json\/wp\/v2\/categories?post=1062517"},{"taxonomy":"post_tag","embeddable":true,"href":"https:\/\/www.eldigitaldeasturias.com\/noticias\/wp-json\/wp\/v2\/tags?post=1062517"}],"curies":[{"name":"wp","href":"https:\/\/api.w.org\/{rel}","templated":true}]}}