{"id":1062439,"date":"2020-04-01T23:55:45","date_gmt":"2020-04-01T23:55:45","guid":{"rendered":"https:\/\/www.eldigitaldeasturias.com\/noticias\/?p=1062439"},"modified":"2020-04-01T23:55:45","modified_gmt":"2020-04-01T23:55:45","slug":"agricultores-alemanes-piden-trabajadores-temporales-extranjeros","status":"publish","type":"post","link":"https:\/\/www.eldigitaldeasturias.com\/noticias\/agricultores-alemanes-piden-trabajadores-temporales-extranjeros\/","title":{"rendered":"Agricultores alemanes piden trabajadores temporales extranjeros"},"content":{"rendered":"<figure id=\"attachment_1062440\" aria-describedby=\"caption-attachment-1062440\" style=\"width: 360px\" class=\"wp-caption alignleft\"><img loading=\"lazy\" decoding=\"async\" class=\"size-medium wp-image-1062440\" src=\"https:\/\/www.eldigitaldeasturias.com\/noticias\/wp-content\/uploads\/2020\/04\/Agricultores-360x217.jpg\" alt=\"\" width=\"360\" height=\"217\" srcset=\"https:\/\/www.eldigitaldeasturias.com\/noticias\/wp-content\/uploads\/2020\/04\/Agricultores-360x217.jpg 360w, https:\/\/www.eldigitaldeasturias.com\/noticias\/wp-content\/uploads\/2020\/04\/Agricultores-690x415.jpg 690w, https:\/\/www.eldigitaldeasturias.com\/noticias\/wp-content\/uploads\/2020\/04\/Agricultores-480x289.jpg 480w, https:\/\/www.eldigitaldeasturias.com\/noticias\/wp-content\/uploads\/2020\/04\/Agricultores-768x462.jpg 768w, https:\/\/www.eldigitaldeasturias.com\/noticias\/wp-content\/uploads\/2020\/04\/Agricultores-1024x616.jpg 1024w, https:\/\/www.eldigitaldeasturias.com\/noticias\/wp-content\/uploads\/2020\/04\/Agricultores.jpg 1085w\" sizes=\"auto, (max-width: 360px) 100vw, 360px\" \/><figcaption id=\"caption-attachment-1062440\" class=\"wp-caption-text\">Foto: Julian Stratenschulte\/dpa<\/figcaption><\/figure>\n<p>Berl\u00edn, 1 abr (dpa) &#8211; La Federaci\u00f3n Alemana de Agricultores advirti\u00f3 hoy que la prohibici\u00f3n de entrada de trabajadores temporales extranjeros podr\u00eda provocar escasez de algunas especies de frutas y verduras, lo cual repercutir\u00e1 en los precios de los alimentos.<\/p>\n<p>\u00abEl suministro de productos alimenticios b\u00e1sicos no est\u00e1 en peligro, pero puede haber faltantes en el suministro de diversos cultivos en el sector de las frutas y hortalizas\u00bb, se\u00f1al\u00f3 a dpa el presidente de la asociaci\u00f3n, Joachim Rukwied. \u00abEsta escasez tambi\u00e9n repercutir\u00e1 en los precios\u00bb, asegur\u00f3.<\/p>\n<p>Cada a\u00f1o ingresan en Alemania unos 300.000 trabajadores temporales para participar en los cultivos y las cosechas.<\/p>\n<p>La semana pasada, el Ministerio alem\u00e1n del Interior decret\u00f3 sin embargo la prohibici\u00f3n de entrada debido a la pandemia del coronavirus que afecta a los trabajadores estacionales.<\/p>\n<p>Seg\u00fan Rukwied, esta medida afectar\u00e1 particularmente a los productores de fruta, verdura y vino, pero tambi\u00e9n a los grandes criadores de animales. Por lo tanto, la prohibici\u00f3n de entrada no debe \u00abextenderse mucho tiempo\u00bb, agreg\u00f3.<\/p>\n<p>En consonancia con el reclamo de los productores rurales, dos integrantes de la Comisi\u00f3n de Alimentos y Agricultura del Bundestag (Parlamento) instaron en una carta a la canciller alemana, Angela Merkel, que relaje las restricciones de entrada de los trabajadores temporarios provenientes de Rumania y otros estados miembro de la Uni\u00f3n Europea (UE).<\/p>\n<p>En la carta, a la que tuvo acceso dpa, los diputados de la Uni\u00f3n Dem\u00f3crata Cristiana (CDU) advierten que los agricultores alemanes deben decidir en los pr\u00f3ximos d\u00edas qu\u00e9 tipo de frutas y verduras se pueden seguir cultivando y cosechando, por lo que no hay tiempo que perder.<\/p>\n<p>Ambos diputados se remiten a la recomendaci\u00f3n que hizo la Comisi\u00f3n de la UE en el sentido de permitir el ingreso de trabajadores estacionales provenientes de otros pa\u00edses para la agricultura.<\/p>\n<p>\u00abPor lo tanto, la prohibici\u00f3n de entrada a los trabajadores de temporada debe ser levantada inmediatamente\u00bb, exigen los integrantes de la comisi\u00f3n parlamentaria.<\/p>\n<p>Por su parte, la ministra alemana de Agricultura, Julia Kl\u00f6ckner, tambi\u00e9n abogo para que se permita el ingreso de trabajadores temporales a Alemania a pesar de la crisis del coronavirus.<\/p>\n<p>\u00abNo podremos prescindir de los trabajadores temporarios\u00bb, dijo la ministra en una programa de la emisora alemana ARD.<\/p>\n<p>\u00abLos agricultores est\u00e1n en una situaci\u00f3n muy dif\u00edcil. Hay que encontrar un equilibrio entre la lucha contra la pandemia y la producci\u00f3n agr\u00edcola. Los productores rurales y sus trabajadores son esenciales\u00bb, enfatiz\u00f3 Kl\u00f6ckner.<\/p>\n<p>Seg\u00fan la ministra, habr\u00e1 que establecer normas para evitar riesgos de contagio. El tema principal aqu\u00ed ser\u00eda las nuevas regulaciones de higiene.<\/p>\n<p>Este martes, Kl\u00f6ckner mantuvo un encuentro con el ministro del Interior, Horst Seehofer, en el que se evaluaron distintas modalidades, pero no se tom\u00f3 ninguna decisi\u00f3n.<\/p>\n<p>El Ministerio del Interior prefiere que se empleen a refugiados y solicitantes de asilo con permiso de trabajo.<\/p>\n<p>Sin embargo, en consulta con los estados federados se remarc\u00f3 que por razones de contenci\u00f3n de la pandemia no pueden trabajar en el campo solicitantes de asilo que vivan en refugios.<\/p>\n","protected":false},"excerpt":{"rendered":"<p>Berl\u00edn, 1 abr (dpa) &#8211; La Federaci\u00f3n Alemana de Agricultores advirti\u00f3 hoy que la prohibici\u00f3n de entrada de trabajadores temporales extranjeros podr\u00eda provocar escasez de algunas especies de frutas y verduras, lo cual repercutir\u00e1 en los precios de los alimentos. \u00abEl suministro de productos alimenticios b\u00e1sicos no est\u00e1 en peligro, pero puede haber faltantes en [&hellip;]<\/p>\n","protected":false},"author":1,"featured_media":1062440,"comment_status":"closed","ping_status":"closed","sticky":false,"template":"","format":"standard","meta":{"footnotes":""},"categories":[187],"tags":[],"class_list":["post-1062439","post","type-post","status-publish","format-standard","has-post-thumbnail","hentry","category-economia"],"aioseo_notices":[],"aioseo_head":"\n\t\t<!-- All in One SEO Pro 4.9.6.2 - aioseo.com -->\n\t<meta name=\"description\" content=\"Berl\u00edn, 1 abr (dpa) - La Federaci\u00f3n Alemana de Agricultores advirti\u00f3 hoy que la prohibici\u00f3n de entrada de trabajadores temporales extranjeros podr\u00eda provocar escasez de algunas especies de frutas y verduras, lo cual repercutir\u00e1 en los precios de los alimentos. &quot;El suministro de productos alimenticios b\u00e1sicos no est\u00e1 en peligro, pero puede haber faltantes en\" \/>\n\t<meta name=\"robots\" content=\"max-image-preview:large\" \/>\n\t<meta name=\"author\" content=\"El Digital de Asturias\"\/>\n\t<meta name=\"google-site-verification\" content=\"UA-38556648-1\" \/>\n\t<meta name=\"msvalidate.01\" content=\"7dfe9f3f1b24437ab69f4f2559babe99\" \/>\n\t<meta name=\"keywords\" content=\"econom\u00eda\" \/>\n\t<link rel=\"canonical\" href=\"https:\/\/www.eldigitaldeasturias.com\/noticias\/agricultores-alemanes-piden-trabajadores-temporales-extranjeros\/\" \/>\n\t<meta name=\"generator\" content=\"All in One SEO Pro (AIOSEO) 4.9.6.2\" \/>\n\t\t<meta property=\"og:locale\" content=\"es_ES\" \/>\n\t\t<meta property=\"og:site_name\" content=\"El Digital de Asturias\" \/>\n\t\t<meta property=\"og:type\" content=\"article\" \/>\n\t\t<meta property=\"og:title\" content=\"Agricultores alemanes piden trabajadores temporales extranjeros - El Digital de Asturias\" \/>\n\t\t<meta property=\"og:description\" content=\"Berl\u00edn, 1 abr (dpa) - La Federaci\u00f3n Alemana de Agricultores advirti\u00f3 hoy que la prohibici\u00f3n de entrada de trabajadores temporales extranjeros podr\u00eda provocar escasez de algunas especies de frutas y verduras, lo cual repercutir\u00e1 en los precios de los alimentos. &quot;El suministro de productos alimenticios b\u00e1sicos no est\u00e1 en peligro, pero puede haber faltantes en\" \/>\n\t\t<meta property=\"og:url\" content=\"https:\/\/www.eldigitaldeasturias.com\/noticias\/agricultores-alemanes-piden-trabajadores-temporales-extranjeros\/\" \/>\n\t\t<meta property=\"og:image\" content=\"https:\/\/www.eldigitaldeasturias.com\/noticias\/wp-content\/uploads\/2020\/04\/Agricultores.jpg\" \/>\n\t\t<meta property=\"og:image:secure_url\" content=\"https:\/\/www.eldigitaldeasturias.com\/noticias\/wp-content\/uploads\/2020\/04\/Agricultores.jpg\" \/>\n\t\t<meta property=\"og:image:width\" content=\"1085\" \/>\n\t\t<meta property=\"og:image:height\" content=\"653\" \/>\n\t\t<meta property=\"article:tag\" content=\"econom\u00eda\" \/>\n\t\t<meta property=\"article:published_time\" content=\"2020-04-01T23:55:45+00:00\" \/>\n\t\t<meta property=\"article:modified_time\" content=\"2020-04-01T23:55:45+00:00\" \/>\n\t\t<meta property=\"article:publisher\" content=\"https:\/\/facebook.com\/eldigitaldeasturias\" \/>\n\t\t<meta name=\"twitter:card\" content=\"summary_large_image\" \/>\n\t\t<meta name=\"twitter:title\" content=\"Agricultores alemanes piden trabajadores temporales extranjeros - El Digital de Asturias\" \/>\n\t\t<meta name=\"twitter:description\" content=\"Berl\u00edn, 1 abr (dpa) - La Federaci\u00f3n Alemana de Agricultores advirti\u00f3 hoy que la prohibici\u00f3n de entrada de trabajadores temporales extranjeros podr\u00eda provocar escasez de algunas especies de frutas y verduras, lo cual repercutir\u00e1 en los precios de los alimentos. &quot;El suministro de productos alimenticios b\u00e1sicos no est\u00e1 en peligro, pero puede haber faltantes en\" \/>\n\t\t<meta name=\"twitter:image\" content=\"https:\/\/www.eldigitaldeasturias.com\/noticias\/wp-content\/uploads\/2020\/04\/Agricultores.jpg\" \/>\n\t\t<meta name=\"twitter:label1\" content=\"Escrito por\" \/>\n\t\t<meta name=\"twitter:data1\" content=\"El Digital de Asturias\" \/>\n\t\t<meta name=\"twitter:label2\" content=\"Tiempo de lectura estimado\" \/>\n\t\t<meta name=\"twitter:data2\" content=\"3 minutos\" \/>\n\t\t<script type=\"application\/ld+json\" class=\"aioseo-schema\">\n\t\t\t{\"@context\":\"https:\\\/\\\/schema.org\",\"@graph\":[{\"@type\":\"BlogPosting\",\"@id\":\"https:\\\/\\\/www.eldigitaldeasturias.com\\\/noticias\\\/agricultores-alemanes-piden-trabajadores-temporales-extranjeros\\\/#blogposting\",\"name\":\"Agricultores alemanes piden trabajadores temporales extranjeros - El Digital de Asturias\",\"headline\":\"Agricultores alemanes piden trabajadores temporales extranjeros\",\"author\":{\"@id\":\"https:\\\/\\\/www.eldigitaldeasturias.com\\\/noticias\\\/author\\\/admin\\\/#author\"},\"publisher\":{\"@id\":\"https:\\\/\\\/www.eldigitaldeasturias.com\\\/noticias\\\/#organization\"},\"image\":{\"@type\":\"ImageObject\",\"url\":\"https:\\\/\\\/www.eldigitaldeasturias.com\\\/noticias\\\/wp-content\\\/uploads\\\/2020\\\/04\\\/Agricultores.jpg\",\"width\":1085,\"height\":653,\"caption\":\"Foto: Julian Stratenschulte\\\/dpa\"},\"datePublished\":\"2020-04-01T23:55:45+02:00\",\"dateModified\":\"2020-04-01T23:55:45+02:00\",\"inLanguage\":\"es-ES\",\"mainEntityOfPage\":{\"@id\":\"https:\\\/\\\/www.eldigitaldeasturias.com\\\/noticias\\\/agricultores-alemanes-piden-trabajadores-temporales-extranjeros\\\/#webpage\"},\"isPartOf\":{\"@id\":\"https:\\\/\\\/www.eldigitaldeasturias.com\\\/noticias\\\/agricultores-alemanes-piden-trabajadores-temporales-extranjeros\\\/#webpage\"},\"articleSection\":\"Econom\\u00eda\"},{\"@type\":\"BreadcrumbList\",\"@id\":\"https:\\\/\\\/www.eldigitaldeasturias.com\\\/noticias\\\/agricultores-alemanes-piden-trabajadores-temporales-extranjeros\\\/#breadcrumblist\",\"itemListElement\":[{\"@type\":\"ListItem\",\"@id\":\"https:\\\/\\\/www.eldigitaldeasturias.com\\\/noticias#listItem\",\"position\":1,\"name\":\"Home\",\"item\":\"https:\\\/\\\/www.eldigitaldeasturias.com\\\/noticias\",\"nextItem\":{\"@type\":\"ListItem\",\"@id\":\"https:\\\/\\\/www.eldigitaldeasturias.com\\\/noticias\\\/category\\\/economia\\\/#listItem\",\"name\":\"Econom\\u00eda\"}},{\"@type\":\"ListItem\",\"@id\":\"https:\\\/\\\/www.eldigitaldeasturias.com\\\/noticias\\\/category\\\/economia\\\/#listItem\",\"position\":2,\"name\":\"Econom\\u00eda\",\"item\":\"https:\\\/\\\/www.eldigitaldeasturias.com\\\/noticias\\\/category\\\/economia\\\/\",\"nextItem\":{\"@type\":\"ListItem\",\"@id\":\"https:\\\/\\\/www.eldigitaldeasturias.com\\\/noticias\\\/agricultores-alemanes-piden-trabajadores-temporales-extranjeros\\\/#listItem\",\"name\":\"Agricultores alemanes piden trabajadores temporales extranjeros\"},\"previousItem\":{\"@type\":\"ListItem\",\"@id\":\"https:\\\/\\\/www.eldigitaldeasturias.com\\\/noticias#listItem\",\"name\":\"Home\"}},{\"@type\":\"ListItem\",\"@id\":\"https:\\\/\\\/www.eldigitaldeasturias.com\\\/noticias\\\/agricultores-alemanes-piden-trabajadores-temporales-extranjeros\\\/#listItem\",\"position\":3,\"name\":\"Agricultores alemanes piden trabajadores temporales extranjeros\",\"previousItem\":{\"@type\":\"ListItem\",\"@id\":\"https:\\\/\\\/www.eldigitaldeasturias.com\\\/noticias\\\/category\\\/economia\\\/#listItem\",\"name\":\"Econom\\u00eda\"}}]},{\"@type\":\"Organization\",\"@id\":\"https:\\\/\\\/www.eldigitaldeasturias.com\\\/noticias\\\/#organization\",\"name\":\"El Digital de Asturias\",\"description\":\"Hemeroteca\",\"url\":\"https:\\\/\\\/www.eldigitaldeasturias.com\\\/noticias\\\/\",\"email\":\"info@eldigitaldeasturias.com\",\"telephone\":\"+34652131393\",\"logo\":{\"@type\":\"ImageObject\",\"url\":\"https:\\\/\\\/www.eldigitaldeasturias.com\\\/noticias\\\/wp-content\\\/uploads\\\/2020\\\/12\\\/EDA.jpg\",\"@id\":\"https:\\\/\\\/www.eldigitaldeasturias.com\\\/noticias\\\/agricultores-alemanes-piden-trabajadores-temporales-extranjeros\\\/#organizationLogo\",\"width\":649,\"height\":297},\"image\":{\"@id\":\"https:\\\/\\\/www.eldigitaldeasturias.com\\\/noticias\\\/agricultores-alemanes-piden-trabajadores-temporales-extranjeros\\\/#organizationLogo\"},\"sameAs\":[\"https:\\\/\\\/facebook.com\\\/eldigitaldeasturias\",\"https:\\\/\\\/www.youtube.com\\\/channel\\\/UCZP-2wLEB9Rv6erhFmqVnvg\"],\"address\":{\"@id\":\"https:\\\/\\\/www.eldigitaldeasturias.com\\\/noticias\\\/#postaladdress\",\"@type\":\"PostalAddress\",\"streetAddress\":\"san antonio 4,\",\"postalCode\":\"33430\",\"addressLocality\":\"Cand\\u00e1s\",\"addressRegion\":\"Asturias\",\"addressCountry\":\"ES\"}},{\"@type\":\"Person\",\"@id\":\"https:\\\/\\\/www.eldigitaldeasturias.com\\\/noticias\\\/author\\\/admin\\\/#author\",\"url\":\"https:\\\/\\\/www.eldigitaldeasturias.com\\\/noticias\\\/author\\\/admin\\\/\",\"name\":\"El Digital de Asturias\",\"image\":{\"@type\":\"ImageObject\",\"@id\":\"https:\\\/\\\/www.eldigitaldeasturias.com\\\/noticias\\\/agricultores-alemanes-piden-trabajadores-temporales-extranjeros\\\/#authorImage\",\"url\":\"https:\\\/\\\/www.eldigitaldeasturias.com\\\/noticias\\\/wp-content\\\/litespeed\\\/avatar\\\/18677e78aa0546b92d9dbf31ec7d7668.jpg?ver=1777290358\",\"width\":96,\"height\":96,\"caption\":\"El Digital de Asturias\"}},{\"@type\":\"WebPage\",\"@id\":\"https:\\\/\\\/www.eldigitaldeasturias.com\\\/noticias\\\/agricultores-alemanes-piden-trabajadores-temporales-extranjeros\\\/#webpage\",\"url\":\"https:\\\/\\\/www.eldigitaldeasturias.com\\\/noticias\\\/agricultores-alemanes-piden-trabajadores-temporales-extranjeros\\\/\",\"name\":\"Agricultores alemanes piden trabajadores temporales extranjeros - El Digital de Asturias\",\"description\":\"Berl\\u00edn, 1 abr (dpa) - La Federaci\\u00f3n Alemana de Agricultores advirti\\u00f3 hoy que la prohibici\\u00f3n de entrada de trabajadores temporales extranjeros podr\\u00eda provocar escasez de algunas especies de frutas y verduras, lo cual repercutir\\u00e1 en los precios de los alimentos. \\\"El suministro de productos alimenticios b\\u00e1sicos no est\\u00e1 en peligro, pero puede haber faltantes en\",\"inLanguage\":\"es-ES\",\"isPartOf\":{\"@id\":\"https:\\\/\\\/www.eldigitaldeasturias.com\\\/noticias\\\/#website\"},\"breadcrumb\":{\"@id\":\"https:\\\/\\\/www.eldigitaldeasturias.com\\\/noticias\\\/agricultores-alemanes-piden-trabajadores-temporales-extranjeros\\\/#breadcrumblist\"},\"author\":{\"@id\":\"https:\\\/\\\/www.eldigitaldeasturias.com\\\/noticias\\\/author\\\/admin\\\/#author\"},\"creator\":{\"@id\":\"https:\\\/\\\/www.eldigitaldeasturias.com\\\/noticias\\\/author\\\/admin\\\/#author\"},\"image\":{\"@type\":\"ImageObject\",\"url\":\"https:\\\/\\\/www.eldigitaldeasturias.com\\\/noticias\\\/wp-content\\\/uploads\\\/2020\\\/04\\\/Agricultores.jpg\",\"@id\":\"https:\\\/\\\/www.eldigitaldeasturias.com\\\/noticias\\\/agricultores-alemanes-piden-trabajadores-temporales-extranjeros\\\/#mainImage\",\"width\":1085,\"height\":653,\"caption\":\"Foto: Julian Stratenschulte\\\/dpa\"},\"primaryImageOfPage\":{\"@id\":\"https:\\\/\\\/www.eldigitaldeasturias.com\\\/noticias\\\/agricultores-alemanes-piden-trabajadores-temporales-extranjeros\\\/#mainImage\"},\"datePublished\":\"2020-04-01T23:55:45+02:00\",\"dateModified\":\"2020-04-01T23:55:45+02:00\"},{\"@type\":\"WebSite\",\"@id\":\"https:\\\/\\\/www.eldigitaldeasturias.com\\\/noticias\\\/#website\",\"url\":\"https:\\\/\\\/www.eldigitaldeasturias.com\\\/noticias\\\/\",\"name\":\"El Digital de Asturias - Diario de actualidad y noticias\",\"alternateName\":\"El Digital de Asturias - Diario de actualidad y noticias\",\"description\":\"Hemeroteca\",\"inLanguage\":\"es-ES\",\"publisher\":{\"@id\":\"https:\\\/\\\/www.eldigitaldeasturias.com\\\/noticias\\\/#organization\"}}]}\n\t\t<\/script>\n\t\t<!-- All in One SEO Pro -->\r\n\t\t<title>Agricultores alemanes piden trabajadores temporales extranjeros - El Digital de Asturias<\/title>\n\n","aioseo_head_json":{"title":"Agricultores alemanes piden trabajadores temporales extranjeros - El Digital de Asturias","description":"Berl\u00edn, 1 abr (dpa) - La Federaci\u00f3n Alemana de Agricultores advirti\u00f3 hoy que la prohibici\u00f3n de entrada de trabajadores temporales extranjeros podr\u00eda provocar escasez de algunas especies de frutas y verduras, lo cual repercutir\u00e1 en los precios de los alimentos. \"El suministro de productos alimenticios b\u00e1sicos no est\u00e1 en peligro, pero puede haber faltantes en","canonical_url":"https:\/\/www.eldigitaldeasturias.com\/noticias\/agricultores-alemanes-piden-trabajadores-temporales-extranjeros\/","robots":"max-image-preview:large","keywords":"econom\u00eda","webmasterTools":{"google-site-verification":"UA-38556648-1","msvalidate.01":"7dfe9f3f1b24437ab69f4f2559babe99","miscellaneous":""},"schema":{"@context":"https:\/\/schema.org","@graph":[{"@type":"BlogPosting","@id":"https:\/\/www.eldigitaldeasturias.com\/noticias\/agricultores-alemanes-piden-trabajadores-temporales-extranjeros\/#blogposting","name":"Agricultores alemanes piden trabajadores temporales extranjeros - El Digital de Asturias","headline":"Agricultores alemanes piden trabajadores temporales extranjeros","author":{"@id":"https:\/\/www.eldigitaldeasturias.com\/noticias\/author\/admin\/#author"},"publisher":{"@id":"https:\/\/www.eldigitaldeasturias.com\/noticias\/#organization"},"image":{"@type":"ImageObject","url":"https:\/\/www.eldigitaldeasturias.com\/noticias\/wp-content\/uploads\/2020\/04\/Agricultores.jpg","width":1085,"height":653,"caption":"Foto: Julian Stratenschulte\/dpa"},"datePublished":"2020-04-01T23:55:45+02:00","dateModified":"2020-04-01T23:55:45+02:00","inLanguage":"es-ES","mainEntityOfPage":{"@id":"https:\/\/www.eldigitaldeasturias.com\/noticias\/agricultores-alemanes-piden-trabajadores-temporales-extranjeros\/#webpage"},"isPartOf":{"@id":"https:\/\/www.eldigitaldeasturias.com\/noticias\/agricultores-alemanes-piden-trabajadores-temporales-extranjeros\/#webpage"},"articleSection":"Econom\u00eda"},{"@type":"BreadcrumbList","@id":"https:\/\/www.eldigitaldeasturias.com\/noticias\/agricultores-alemanes-piden-trabajadores-temporales-extranjeros\/#breadcrumblist","itemListElement":[{"@type":"ListItem","@id":"https:\/\/www.eldigitaldeasturias.com\/noticias#listItem","position":1,"name":"Home","item":"https:\/\/www.eldigitaldeasturias.com\/noticias","nextItem":{"@type":"ListItem","@id":"https:\/\/www.eldigitaldeasturias.com\/noticias\/category\/economia\/#listItem","name":"Econom\u00eda"}},{"@type":"ListItem","@id":"https:\/\/www.eldigitaldeasturias.com\/noticias\/category\/economia\/#listItem","position":2,"name":"Econom\u00eda","item":"https:\/\/www.eldigitaldeasturias.com\/noticias\/category\/economia\/","nextItem":{"@type":"ListItem","@id":"https:\/\/www.eldigitaldeasturias.com\/noticias\/agricultores-alemanes-piden-trabajadores-temporales-extranjeros\/#listItem","name":"Agricultores alemanes piden trabajadores temporales extranjeros"},"previousItem":{"@type":"ListItem","@id":"https:\/\/www.eldigitaldeasturias.com\/noticias#listItem","name":"Home"}},{"@type":"ListItem","@id":"https:\/\/www.eldigitaldeasturias.com\/noticias\/agricultores-alemanes-piden-trabajadores-temporales-extranjeros\/#listItem","position":3,"name":"Agricultores alemanes piden trabajadores temporales extranjeros","previousItem":{"@type":"ListItem","@id":"https:\/\/www.eldigitaldeasturias.com\/noticias\/category\/economia\/#listItem","name":"Econom\u00eda"}}]},{"@type":"Organization","@id":"https:\/\/www.eldigitaldeasturias.com\/noticias\/#organization","name":"El Digital de Asturias","description":"Hemeroteca","url":"https:\/\/www.eldigitaldeasturias.com\/noticias\/","email":"info@eldigitaldeasturias.com","telephone":"+34652131393","logo":{"@type":"ImageObject","url":"https:\/\/www.eldigitaldeasturias.com\/noticias\/wp-content\/uploads\/2020\/12\/EDA.jpg","@id":"https:\/\/www.eldigitaldeasturias.com\/noticias\/agricultores-alemanes-piden-trabajadores-temporales-extranjeros\/#organizationLogo","width":649,"height":297},"image":{"@id":"https:\/\/www.eldigitaldeasturias.com\/noticias\/agricultores-alemanes-piden-trabajadores-temporales-extranjeros\/#organizationLogo"},"sameAs":["https:\/\/facebook.com\/eldigitaldeasturias","https:\/\/www.youtube.com\/channel\/UCZP-2wLEB9Rv6erhFmqVnvg"],"address":{"@id":"https:\/\/www.eldigitaldeasturias.com\/noticias\/#postaladdress","@type":"PostalAddress","streetAddress":"san antonio 4,","postalCode":"33430","addressLocality":"Cand\u00e1s","addressRegion":"Asturias","addressCountry":"ES"}},{"@type":"Person","@id":"https:\/\/www.eldigitaldeasturias.com\/noticias\/author\/admin\/#author","url":"https:\/\/www.eldigitaldeasturias.com\/noticias\/author\/admin\/","name":"El Digital de Asturias","image":{"@type":"ImageObject","@id":"https:\/\/www.eldigitaldeasturias.com\/noticias\/agricultores-alemanes-piden-trabajadores-temporales-extranjeros\/#authorImage","url":"https:\/\/www.eldigitaldeasturias.com\/noticias\/wp-content\/litespeed\/avatar\/18677e78aa0546b92d9dbf31ec7d7668.jpg?ver=1777290358","width":96,"height":96,"caption":"El Digital de Asturias"}},{"@type":"WebPage","@id":"https:\/\/www.eldigitaldeasturias.com\/noticias\/agricultores-alemanes-piden-trabajadores-temporales-extranjeros\/#webpage","url":"https:\/\/www.eldigitaldeasturias.com\/noticias\/agricultores-alemanes-piden-trabajadores-temporales-extranjeros\/","name":"Agricultores alemanes piden trabajadores temporales extranjeros - El Digital de Asturias","description":"Berl\u00edn, 1 abr (dpa) - La Federaci\u00f3n Alemana de Agricultores advirti\u00f3 hoy que la prohibici\u00f3n de entrada de trabajadores temporales extranjeros podr\u00eda provocar escasez de algunas especies de frutas y verduras, lo cual repercutir\u00e1 en los precios de los alimentos. \"El suministro de productos alimenticios b\u00e1sicos no est\u00e1 en peligro, pero puede haber faltantes en","inLanguage":"es-ES","isPartOf":{"@id":"https:\/\/www.eldigitaldeasturias.com\/noticias\/#website"},"breadcrumb":{"@id":"https:\/\/www.eldigitaldeasturias.com\/noticias\/agricultores-alemanes-piden-trabajadores-temporales-extranjeros\/#breadcrumblist"},"author":{"@id":"https:\/\/www.eldigitaldeasturias.com\/noticias\/author\/admin\/#author"},"creator":{"@id":"https:\/\/www.eldigitaldeasturias.com\/noticias\/author\/admin\/#author"},"image":{"@type":"ImageObject","url":"https:\/\/www.eldigitaldeasturias.com\/noticias\/wp-content\/uploads\/2020\/04\/Agricultores.jpg","@id":"https:\/\/www.eldigitaldeasturias.com\/noticias\/agricultores-alemanes-piden-trabajadores-temporales-extranjeros\/#mainImage","width":1085,"height":653,"caption":"Foto: Julian Stratenschulte\/dpa"},"primaryImageOfPage":{"@id":"https:\/\/www.eldigitaldeasturias.com\/noticias\/agricultores-alemanes-piden-trabajadores-temporales-extranjeros\/#mainImage"},"datePublished":"2020-04-01T23:55:45+02:00","dateModified":"2020-04-01T23:55:45+02:00"},{"@type":"WebSite","@id":"https:\/\/www.eldigitaldeasturias.com\/noticias\/#website","url":"https:\/\/www.eldigitaldeasturias.com\/noticias\/","name":"El Digital de Asturias - Diario de actualidad y noticias","alternateName":"El Digital de Asturias - Diario de actualidad y noticias","description":"Hemeroteca","inLanguage":"es-ES","publisher":{"@id":"https:\/\/www.eldigitaldeasturias.com\/noticias\/#organization"}}]},"og:locale":"es_ES","og:site_name":"El Digital de Asturias","og:type":"article","og:title":"Agricultores alemanes piden trabajadores temporales extranjeros - El Digital de Asturias","og:description":"Berl\u00edn, 1 abr (dpa) - La Federaci\u00f3n Alemana de Agricultores advirti\u00f3 hoy que la prohibici\u00f3n de entrada de trabajadores temporales extranjeros podr\u00eda provocar escasez de algunas especies de frutas y verduras, lo cual repercutir\u00e1 en los precios de los alimentos. &quot;El suministro de productos alimenticios b\u00e1sicos no est\u00e1 en peligro, pero puede haber faltantes en","og:url":"https:\/\/www.eldigitaldeasturias.com\/noticias\/agricultores-alemanes-piden-trabajadores-temporales-extranjeros\/","og:image":"https:\/\/www.eldigitaldeasturias.com\/noticias\/wp-content\/uploads\/2020\/04\/Agricultores.jpg","og:image:secure_url":"https:\/\/www.eldigitaldeasturias.com\/noticias\/wp-content\/uploads\/2020\/04\/Agricultores.jpg","og:image:width":1085,"og:image:height":653,"article:tag":["econom\u00eda"],"article:published_time":"2020-04-01T23:55:45+00:00","article:modified_time":"2020-04-01T23:55:45+00:00","article:publisher":"https:\/\/facebook.com\/eldigitaldeasturias","twitter:card":"summary_large_image","twitter:title":"Agricultores alemanes piden trabajadores temporales extranjeros - El Digital de Asturias","twitter:description":"Berl\u00edn, 1 abr (dpa) - La Federaci\u00f3n Alemana de Agricultores advirti\u00f3 hoy que la prohibici\u00f3n de entrada de trabajadores temporales extranjeros podr\u00eda provocar escasez de algunas especies de frutas y verduras, lo cual repercutir\u00e1 en los precios de los alimentos. &quot;El suministro de productos alimenticios b\u00e1sicos no est\u00e1 en peligro, pero puede haber faltantes en","twitter:image":"https:\/\/www.eldigitaldeasturias.com\/noticias\/wp-content\/uploads\/2020\/04\/Agricultores.jpg","twitter:label1":"Escrito por","twitter:data1":"El Digital de Asturias","twitter:label2":"Tiempo de lectura estimado","twitter:data2":"3 minutos"},"aioseo_meta_data":{"post_id":"1062439","title":null,"description":null,"keywords":null,"keyphrases":null,"primary_term":null,"canonical_url":null,"og_title":null,"og_description":null,"og_object_type":"default","og_image_type":"default","og_image_url":null,"og_image_width":null,"og_image_height":null,"og_image_custom_url":null,"og_image_custom_fields":null,"og_video":null,"og_custom_url":null,"og_article_section":null,"og_article_tags":null,"twitter_use_og":false,"twitter_card":"default","twitter_image_type":"default","twitter_image_url":null,"twitter_image_custom_url":null,"twitter_image_custom_fields":null,"twitter_title":null,"twitter_description":null,"schema":{"blockGraphs":[],"customGraphs":[],"default":{"data":{"Article":[],"Course":[],"Dataset":[],"FAQPage":[],"Movie":[],"Person":[],"Product":[],"ProductReview":[],"Car":[],"Recipe":[],"Service":[],"SoftwareApplication":[],"WebPage":[]},"graphName":"","isEnabled":true},"graphs":[]},"schema_type":null,"schema_type_options":null,"pillar_content":false,"robots_default":true,"robots_noindex":false,"robots_noarchive":false,"robots_nosnippet":false,"robots_nofollow":false,"robots_noimageindex":false,"robots_noodp":false,"robots_notranslate":false,"robots_max_snippet":null,"robots_max_videopreview":null,"robots_max_imagepreview":"large","priority":null,"frequency":null,"local_seo":null,"seo_analyzer_scan_date":"2025-10-31 18:49:19","breadcrumb_settings":null,"limit_modified_date":false,"open_ai":null,"ai":null,"created":"2020-12-21 10:53:09","updated":"2025-10-31 18:49:19"},"aioseo_breadcrumb":"<div class=\"aioseo-breadcrumbs\"><span class=\"aioseo-breadcrumb\">\n\t<a href=\"https:\/\/www.eldigitaldeasturias.com\/noticias\" title=\"Home\">Home<\/a>\n<\/span><span class=\"aioseo-breadcrumb-separator\">\u2013<\/span><span class=\"aioseo-breadcrumb\">\n\t<a href=\"https:\/\/www.eldigitaldeasturias.com\/noticias\/category\/economia\/\" title=\"Econom\u00eda\">Econom\u00eda<\/a>\n<\/span><span class=\"aioseo-breadcrumb-separator\">\u2013<\/span><span class=\"aioseo-breadcrumb\">\n\t<a href=\"https:\/\/www.eldigitaldeasturias.com\/noticias\/agricultores-alemanes-piden-trabajadores-temporales-extranjeros\/\" title=\"Agricultores alemanes piden trabajadores temporales extranjeros\">Agricultores alemanes piden trabajadores temporales extranjeros<\/a>\n<\/span><\/div>","aioseo_breadcrumb_json":[{"label":"Home","link":"https:\/\/www.eldigitaldeasturias.com\/noticias"},{"label":"Econom\u00eda","link":"https:\/\/www.eldigitaldeasturias.com\/noticias\/category\/economia\/"},{"label":"Agricultores alemanes piden trabajadores temporales extranjeros","link":"https:\/\/www.eldigitaldeasturias.com\/noticias\/agricultores-alemanes-piden-trabajadores-temporales-extranjeros\/"}],"_links":{"self":[{"href":"https:\/\/www.eldigitaldeasturias.com\/noticias\/wp-json\/wp\/v2\/posts\/1062439","targetHints":{"allow":["GET"]}}],"collection":[{"href":"https:\/\/www.eldigitaldeasturias.com\/noticias\/wp-json\/wp\/v2\/posts"}],"about":[{"href":"https:\/\/www.eldigitaldeasturias.com\/noticias\/wp-json\/wp\/v2\/types\/post"}],"author":[{"embeddable":true,"href":"https:\/\/www.eldigitaldeasturias.com\/noticias\/wp-json\/wp\/v2\/users\/1"}],"replies":[{"embeddable":true,"href":"https:\/\/www.eldigitaldeasturias.com\/noticias\/wp-json\/wp\/v2\/comments?post=1062439"}],"version-history":[{"count":0,"href":"https:\/\/www.eldigitaldeasturias.com\/noticias\/wp-json\/wp\/v2\/posts\/1062439\/revisions"}],"wp:featuredmedia":[{"embeddable":true,"href":"https:\/\/www.eldigitaldeasturias.com\/noticias\/wp-json\/wp\/v2\/media\/1062440"}],"wp:attachment":[{"href":"https:\/\/www.eldigitaldeasturias.com\/noticias\/wp-json\/wp\/v2\/media?parent=1062439"}],"wp:term":[{"taxonomy":"category","embeddable":true,"href":"https:\/\/www.eldigitaldeasturias.com\/noticias\/wp-json\/wp\/v2\/categories?post=1062439"},{"taxonomy":"post_tag","embeddable":true,"href":"https:\/\/www.eldigitaldeasturias.com\/noticias\/wp-json\/wp\/v2\/tags?post=1062439"}],"curies":[{"name":"wp","href":"https:\/\/api.w.org\/{rel}","templated":true}]}}