{"id":1062430,"date":"2020-04-01T23:40:41","date_gmt":"2020-04-01T23:40:41","guid":{"rendered":"https:\/\/www.eldigitaldeasturias.com\/noticias\/?p=1062430"},"modified":"2020-04-01T23:40:41","modified_gmt":"2020-04-01T23:40:41","slug":"lufthansa-solicita-la-jornada-reducida-para-87-000-empleados","status":"publish","type":"post","link":"https:\/\/www.eldigitaldeasturias.com\/noticias\/lufthansa-solicita-la-jornada-reducida-para-87-000-empleados\/","title":{"rendered":"Lufthansa solicita la jornada reducida para 87.000 empleados"},"content":{"rendered":"<p><img loading=\"lazy\" decoding=\"async\" class=\"alignleft size-medium wp-image-1016797\" src=\"https:\/\/www.eldigitaldeasturias.com\/noticias\/wp-content\/uploads\/2019\/02\/airport-802008_960_720-360x240.jpg\" alt=\"\" width=\"360\" height=\"240\" srcset=\"https:\/\/www.eldigitaldeasturias.com\/noticias\/wp-content\/uploads\/2019\/02\/airport-802008_960_720-360x240.jpg 360w, https:\/\/www.eldigitaldeasturias.com\/noticias\/wp-content\/uploads\/2019\/02\/airport-802008_960_720-768x512.jpg 768w, https:\/\/www.eldigitaldeasturias.com\/noticias\/wp-content\/uploads\/2019\/02\/airport-802008_960_720-650x433.jpg 650w, https:\/\/www.eldigitaldeasturias.com\/noticias\/wp-content\/uploads\/2019\/02\/airport-802008_960_720.jpg 960w\" sizes=\"auto, (max-width: 360px) 100vw, 360px\" \/>Fr\u00e1ncfort, 1 abr (dpa) &#8211; La aerol\u00ednea alemana Lufthansa enviar\u00e1 a cerca de dos tercios de sus empleados en todo el mundo a trabajo a jornada reducida debido a la pandemia de coronavirus, anunci\u00f3 hoy la compa\u00f1\u00eda en Fr\u00e1ncfort.<\/p>\n<p>Un portavoz de la empresa confirm\u00f3 que presentaron solicitudes de subvenciones por trabajo reducido en varios pa\u00edses para un total de 87.000 empleados. Dependiendo de cada empresa y divisi\u00f3n, esto se aplicar\u00e1 en parte con car\u00e1cter retroactivo a partir del 1 de marzo, pero en gran medida a partir de abril, seg\u00fan la informaci\u00f3n.<\/p>\n<p>En 2019, el mayor grupo de aviaci\u00f3n de Europa empleaba a unos 135.000 hombres y mujeres.<\/p>\n<p>El vocero precis\u00f3 que todas las aerol\u00edneas y filiales de Lufthansa en Alemania, Austria, Suiza y B\u00e9lgica se ven afectadas por el trabajo a jornada reducida. Adem\u00e1s de los aproximadamente 27.000 trabajadores a jornada reducida ya afectados en la empresa central alemana, hay otros dos grandes bloques de empleados en Suiza (9.500 empleados) y Austria (7.000) que sufrir\u00e1n la reducci\u00f3n.<\/p>\n<p>Tambi\u00e9n habr\u00e1 recortes masivos de personal en la subsidiaria belga Brussels Airlines, en la Lufthansa Technik y la filial de catering LSG. En lo que respecta a los pilotos de Lufthansa, a\u00fan est\u00e1 pendiente un acuerdo con el sindicato de pilotos alem\u00e1n Vereinigung Cockpit (VC).<\/p>\n<p>De acuerdo con el portavoz, el alcance de la medida variar\u00e1 desde una suspensi\u00f3n total del trabajo hasta solo reducciones menores de horas, dependiendo esto del tipo de actividad. La compa\u00f1\u00eda no dio ning\u00fan detalle sobre el monto de los beneficios proporcionados por la agencia de empleo estatal.<\/p>\n<p>En Alemania, los afectados reciben entre el 60 y el 67 por ciento del salario neto por el trabajo perdido. Lufthansa prometi\u00f3 complementar los ingresos hasta un 90 por ciento para el personal de tierra y el personal de cabina.<\/p>\n<p>Las solicitudes presentadas prev\u00e9n la medida en principio hasta finales de agosto, si bien no hay hasta el momento planes concretos de cu\u00e1ndo se podr\u00e1n reanudar las operaciones de vuelo de manera completa.<\/p>\n<p>Debido a la pandemia, el grupo Lufthansa tiene en tierra alrededor de 700 de sus 760 aviones y solo ofrece alrededor del cinco por ciento de sus servicios.<\/p>\n<p>&nbsp;<\/p>\n","protected":false},"excerpt":{"rendered":"<p>Fr\u00e1ncfort, 1 abr (dpa) &#8211; La aerol\u00ednea alemana Lufthansa enviar\u00e1 a cerca de dos tercios de sus empleados en todo el mundo a trabajo a jornada reducida debido a la pandemia de coronavirus, anunci\u00f3 hoy la compa\u00f1\u00eda en Fr\u00e1ncfort. Un portavoz de la empresa confirm\u00f3 que presentaron solicitudes de subvenciones por trabajo reducido en varios [&hellip;]<\/p>\n","protected":false},"author":1,"featured_media":1016797,"comment_status":"closed","ping_status":"closed","sticky":false,"template":"","format":"standard","meta":{"footnotes":""},"categories":[219],"tags":[],"class_list":["post-1062430","post","type-post","status-publish","format-standard","has-post-thumbnail","hentry","category-negocios-y-empresas"],"aioseo_notices":[],"aioseo_head":"\n\t\t<!-- All in One SEO Pro 4.9.6.2 - aioseo.com -->\n\t<meta name=\"description\" content=\"Fr\u00e1ncfort, 1 abr (dpa) - La aerol\u00ednea alemana Lufthansa enviar\u00e1 a cerca de dos tercios de sus empleados en todo el mundo a trabajo a jornada reducida debido a la pandemia de coronavirus, anunci\u00f3 hoy la compa\u00f1\u00eda en Fr\u00e1ncfort. Un portavoz de la empresa confirm\u00f3 que presentaron solicitudes de subvenciones por trabajo reducido en varios\" \/>\n\t<meta name=\"robots\" content=\"max-image-preview:large\" \/>\n\t<meta name=\"author\" content=\"El Digital de Asturias\"\/>\n\t<meta name=\"google-site-verification\" content=\"UA-38556648-1\" \/>\n\t<meta name=\"msvalidate.01\" content=\"7dfe9f3f1b24437ab69f4f2559babe99\" \/>\n\t<meta name=\"keywords\" content=\"negocios y empresas\" \/>\n\t<link rel=\"canonical\" href=\"https:\/\/www.eldigitaldeasturias.com\/noticias\/lufthansa-solicita-la-jornada-reducida-para-87-000-empleados\/\" \/>\n\t<meta name=\"generator\" content=\"All in One SEO Pro (AIOSEO) 4.9.6.2\" \/>\n\t\t<meta property=\"og:locale\" content=\"es_ES\" \/>\n\t\t<meta property=\"og:site_name\" content=\"El Digital de Asturias\" \/>\n\t\t<meta property=\"og:type\" content=\"article\" \/>\n\t\t<meta property=\"og:title\" content=\"Lufthansa solicita la jornada reducida para 87.000 empleados - El Digital de Asturias\" \/>\n\t\t<meta property=\"og:description\" content=\"Fr\u00e1ncfort, 1 abr (dpa) - La aerol\u00ednea alemana Lufthansa enviar\u00e1 a cerca de dos tercios de sus empleados en todo el mundo a trabajo a jornada reducida debido a la pandemia de coronavirus, anunci\u00f3 hoy la compa\u00f1\u00eda en Fr\u00e1ncfort. Un portavoz de la empresa confirm\u00f3 que presentaron solicitudes de subvenciones por trabajo reducido en varios\" \/>\n\t\t<meta property=\"og:url\" content=\"https:\/\/www.eldigitaldeasturias.com\/noticias\/lufthansa-solicita-la-jornada-reducida-para-87-000-empleados\/\" \/>\n\t\t<meta property=\"og:image\" content=\"https:\/\/www.eldigitaldeasturias.com\/noticias\/wp-content\/uploads\/2019\/02\/airport-802008_960_720.jpg\" \/>\n\t\t<meta property=\"og:image:secure_url\" content=\"https:\/\/www.eldigitaldeasturias.com\/noticias\/wp-content\/uploads\/2019\/02\/airport-802008_960_720.jpg\" \/>\n\t\t<meta property=\"og:image:width\" content=\"960\" \/>\n\t\t<meta property=\"og:image:height\" content=\"640\" \/>\n\t\t<meta property=\"article:tag\" content=\"negocios y empresas\" \/>\n\t\t<meta property=\"article:published_time\" content=\"2020-04-01T23:40:41+00:00\" \/>\n\t\t<meta property=\"article:modified_time\" content=\"2020-04-01T23:40:41+00:00\" \/>\n\t\t<meta property=\"article:publisher\" content=\"https:\/\/facebook.com\/eldigitaldeasturias\" \/>\n\t\t<meta name=\"twitter:card\" content=\"summary_large_image\" \/>\n\t\t<meta name=\"twitter:title\" content=\"Lufthansa solicita la jornada reducida para 87.000 empleados - El Digital de Asturias\" \/>\n\t\t<meta name=\"twitter:description\" content=\"Fr\u00e1ncfort, 1 abr (dpa) - La aerol\u00ednea alemana Lufthansa enviar\u00e1 a cerca de dos tercios de sus empleados en todo el mundo a trabajo a jornada reducida debido a la pandemia de coronavirus, anunci\u00f3 hoy la compa\u00f1\u00eda en Fr\u00e1ncfort. Un portavoz de la empresa confirm\u00f3 que presentaron solicitudes de subvenciones por trabajo reducido en varios\" \/>\n\t\t<meta name=\"twitter:image\" content=\"https:\/\/www.eldigitaldeasturias.com\/noticias\/wp-content\/uploads\/2019\/02\/airport-802008_960_720.jpg\" \/>\n\t\t<meta name=\"twitter:label1\" content=\"Escrito por\" \/>\n\t\t<meta name=\"twitter:data1\" content=\"El Digital de Asturias\" \/>\n\t\t<meta name=\"twitter:label2\" content=\"Tiempo de lectura estimado\" \/>\n\t\t<meta name=\"twitter:data2\" content=\"2 minutos\" \/>\n\t\t<script type=\"application\/ld+json\" class=\"aioseo-schema\">\n\t\t\t{\"@context\":\"https:\\\/\\\/schema.org\",\"@graph\":[{\"@type\":\"BlogPosting\",\"@id\":\"https:\\\/\\\/www.eldigitaldeasturias.com\\\/noticias\\\/lufthansa-solicita-la-jornada-reducida-para-87-000-empleados\\\/#blogposting\",\"name\":\"Lufthansa solicita la jornada reducida para 87.000 empleados - El Digital de Asturias\",\"headline\":\"Lufthansa solicita la jornada reducida para 87.000 empleados\",\"author\":{\"@id\":\"https:\\\/\\\/www.eldigitaldeasturias.com\\\/noticias\\\/author\\\/admin\\\/#author\"},\"publisher\":{\"@id\":\"https:\\\/\\\/www.eldigitaldeasturias.com\\\/noticias\\\/#organization\"},\"image\":{\"@type\":\"ImageObject\",\"url\":\"https:\\\/\\\/www.eldigitaldeasturias.com\\\/noticias\\\/wp-content\\\/uploads\\\/2019\\\/02\\\/airport-802008_960_720.jpg\",\"width\":960,\"height\":640},\"datePublished\":\"2020-04-01T23:40:41+02:00\",\"dateModified\":\"2020-04-01T23:40:41+02:00\",\"inLanguage\":\"es-ES\",\"mainEntityOfPage\":{\"@id\":\"https:\\\/\\\/www.eldigitaldeasturias.com\\\/noticias\\\/lufthansa-solicita-la-jornada-reducida-para-87-000-empleados\\\/#webpage\"},\"isPartOf\":{\"@id\":\"https:\\\/\\\/www.eldigitaldeasturias.com\\\/noticias\\\/lufthansa-solicita-la-jornada-reducida-para-87-000-empleados\\\/#webpage\"},\"articleSection\":\"Negocios y Empresas\"},{\"@type\":\"BreadcrumbList\",\"@id\":\"https:\\\/\\\/www.eldigitaldeasturias.com\\\/noticias\\\/lufthansa-solicita-la-jornada-reducida-para-87-000-empleados\\\/#breadcrumblist\",\"itemListElement\":[{\"@type\":\"ListItem\",\"@id\":\"https:\\\/\\\/www.eldigitaldeasturias.com\\\/noticias#listItem\",\"position\":1,\"name\":\"Home\",\"item\":\"https:\\\/\\\/www.eldigitaldeasturias.com\\\/noticias\",\"nextItem\":{\"@type\":\"ListItem\",\"@id\":\"https:\\\/\\\/www.eldigitaldeasturias.com\\\/noticias\\\/category\\\/negocios-y-empresas\\\/#listItem\",\"name\":\"Negocios y Empresas\"}},{\"@type\":\"ListItem\",\"@id\":\"https:\\\/\\\/www.eldigitaldeasturias.com\\\/noticias\\\/category\\\/negocios-y-empresas\\\/#listItem\",\"position\":2,\"name\":\"Negocios y Empresas\",\"item\":\"https:\\\/\\\/www.eldigitaldeasturias.com\\\/noticias\\\/category\\\/negocios-y-empresas\\\/\",\"nextItem\":{\"@type\":\"ListItem\",\"@id\":\"https:\\\/\\\/www.eldigitaldeasturias.com\\\/noticias\\\/lufthansa-solicita-la-jornada-reducida-para-87-000-empleados\\\/#listItem\",\"name\":\"Lufthansa solicita la jornada reducida para 87.000 empleados\"},\"previousItem\":{\"@type\":\"ListItem\",\"@id\":\"https:\\\/\\\/www.eldigitaldeasturias.com\\\/noticias#listItem\",\"name\":\"Home\"}},{\"@type\":\"ListItem\",\"@id\":\"https:\\\/\\\/www.eldigitaldeasturias.com\\\/noticias\\\/lufthansa-solicita-la-jornada-reducida-para-87-000-empleados\\\/#listItem\",\"position\":3,\"name\":\"Lufthansa solicita la jornada reducida para 87.000 empleados\",\"previousItem\":{\"@type\":\"ListItem\",\"@id\":\"https:\\\/\\\/www.eldigitaldeasturias.com\\\/noticias\\\/category\\\/negocios-y-empresas\\\/#listItem\",\"name\":\"Negocios y Empresas\"}}]},{\"@type\":\"Organization\",\"@id\":\"https:\\\/\\\/www.eldigitaldeasturias.com\\\/noticias\\\/#organization\",\"name\":\"El Digital de Asturias\",\"description\":\"Hemeroteca\",\"url\":\"https:\\\/\\\/www.eldigitaldeasturias.com\\\/noticias\\\/\",\"email\":\"info@eldigitaldeasturias.com\",\"telephone\":\"+34652131393\",\"logo\":{\"@type\":\"ImageObject\",\"url\":\"https:\\\/\\\/www.eldigitaldeasturias.com\\\/noticias\\\/wp-content\\\/uploads\\\/2020\\\/12\\\/EDA.jpg\",\"@id\":\"https:\\\/\\\/www.eldigitaldeasturias.com\\\/noticias\\\/lufthansa-solicita-la-jornada-reducida-para-87-000-empleados\\\/#organizationLogo\",\"width\":649,\"height\":297},\"image\":{\"@id\":\"https:\\\/\\\/www.eldigitaldeasturias.com\\\/noticias\\\/lufthansa-solicita-la-jornada-reducida-para-87-000-empleados\\\/#organizationLogo\"},\"sameAs\":[\"https:\\\/\\\/facebook.com\\\/eldigitaldeasturias\",\"https:\\\/\\\/www.youtube.com\\\/channel\\\/UCZP-2wLEB9Rv6erhFmqVnvg\"],\"address\":{\"@id\":\"https:\\\/\\\/www.eldigitaldeasturias.com\\\/noticias\\\/#postaladdress\",\"@type\":\"PostalAddress\",\"streetAddress\":\"san antonio 4,\",\"postalCode\":\"33430\",\"addressLocality\":\"Cand\\u00e1s\",\"addressRegion\":\"Asturias\",\"addressCountry\":\"ES\"}},{\"@type\":\"Person\",\"@id\":\"https:\\\/\\\/www.eldigitaldeasturias.com\\\/noticias\\\/author\\\/admin\\\/#author\",\"url\":\"https:\\\/\\\/www.eldigitaldeasturias.com\\\/noticias\\\/author\\\/admin\\\/\",\"name\":\"El Digital de Asturias\",\"image\":{\"@type\":\"ImageObject\",\"@id\":\"https:\\\/\\\/www.eldigitaldeasturias.com\\\/noticias\\\/lufthansa-solicita-la-jornada-reducida-para-87-000-empleados\\\/#authorImage\",\"url\":\"https:\\\/\\\/www.eldigitaldeasturias.com\\\/noticias\\\/wp-content\\\/litespeed\\\/avatar\\\/18677e78aa0546b92d9dbf31ec7d7668.jpg?ver=1776685526\",\"width\":96,\"height\":96,\"caption\":\"El Digital de Asturias\"}},{\"@type\":\"WebPage\",\"@id\":\"https:\\\/\\\/www.eldigitaldeasturias.com\\\/noticias\\\/lufthansa-solicita-la-jornada-reducida-para-87-000-empleados\\\/#webpage\",\"url\":\"https:\\\/\\\/www.eldigitaldeasturias.com\\\/noticias\\\/lufthansa-solicita-la-jornada-reducida-para-87-000-empleados\\\/\",\"name\":\"Lufthansa solicita la jornada reducida para 87.000 empleados - El Digital de Asturias\",\"description\":\"Fr\\u00e1ncfort, 1 abr (dpa) - La aerol\\u00ednea alemana Lufthansa enviar\\u00e1 a cerca de dos tercios de sus empleados en todo el mundo a trabajo a jornada reducida debido a la pandemia de coronavirus, anunci\\u00f3 hoy la compa\\u00f1\\u00eda en Fr\\u00e1ncfort. Un portavoz de la empresa confirm\\u00f3 que presentaron solicitudes de subvenciones por trabajo reducido en varios\",\"inLanguage\":\"es-ES\",\"isPartOf\":{\"@id\":\"https:\\\/\\\/www.eldigitaldeasturias.com\\\/noticias\\\/#website\"},\"breadcrumb\":{\"@id\":\"https:\\\/\\\/www.eldigitaldeasturias.com\\\/noticias\\\/lufthansa-solicita-la-jornada-reducida-para-87-000-empleados\\\/#breadcrumblist\"},\"author\":{\"@id\":\"https:\\\/\\\/www.eldigitaldeasturias.com\\\/noticias\\\/author\\\/admin\\\/#author\"},\"creator\":{\"@id\":\"https:\\\/\\\/www.eldigitaldeasturias.com\\\/noticias\\\/author\\\/admin\\\/#author\"},\"image\":{\"@type\":\"ImageObject\",\"url\":\"https:\\\/\\\/www.eldigitaldeasturias.com\\\/noticias\\\/wp-content\\\/uploads\\\/2019\\\/02\\\/airport-802008_960_720.jpg\",\"@id\":\"https:\\\/\\\/www.eldigitaldeasturias.com\\\/noticias\\\/lufthansa-solicita-la-jornada-reducida-para-87-000-empleados\\\/#mainImage\",\"width\":960,\"height\":640},\"primaryImageOfPage\":{\"@id\":\"https:\\\/\\\/www.eldigitaldeasturias.com\\\/noticias\\\/lufthansa-solicita-la-jornada-reducida-para-87-000-empleados\\\/#mainImage\"},\"datePublished\":\"2020-04-01T23:40:41+02:00\",\"dateModified\":\"2020-04-01T23:40:41+02:00\"},{\"@type\":\"WebSite\",\"@id\":\"https:\\\/\\\/www.eldigitaldeasturias.com\\\/noticias\\\/#website\",\"url\":\"https:\\\/\\\/www.eldigitaldeasturias.com\\\/noticias\\\/\",\"name\":\"El Digital de Asturias - Diario de actualidad y noticias\",\"alternateName\":\"El Digital de Asturias - Diario de actualidad y noticias\",\"description\":\"Hemeroteca\",\"inLanguage\":\"es-ES\",\"publisher\":{\"@id\":\"https:\\\/\\\/www.eldigitaldeasturias.com\\\/noticias\\\/#organization\"}}]}\n\t\t<\/script>\n\t\t<!-- All in One SEO Pro -->\r\n\t\t<title>Lufthansa solicita la jornada reducida para 87.000 empleados - El Digital de Asturias<\/title>\n\n","aioseo_head_json":{"title":"Lufthansa solicita la jornada reducida para 87.000 empleados - El Digital de Asturias","description":"Fr\u00e1ncfort, 1 abr (dpa) - La aerol\u00ednea alemana Lufthansa enviar\u00e1 a cerca de dos tercios de sus empleados en todo el mundo a trabajo a jornada reducida debido a la pandemia de coronavirus, anunci\u00f3 hoy la compa\u00f1\u00eda en Fr\u00e1ncfort. Un portavoz de la empresa confirm\u00f3 que presentaron solicitudes de subvenciones por trabajo reducido en varios","canonical_url":"https:\/\/www.eldigitaldeasturias.com\/noticias\/lufthansa-solicita-la-jornada-reducida-para-87-000-empleados\/","robots":"max-image-preview:large","keywords":"negocios y empresas","webmasterTools":{"google-site-verification":"UA-38556648-1","msvalidate.01":"7dfe9f3f1b24437ab69f4f2559babe99","miscellaneous":""},"schema":{"@context":"https:\/\/schema.org","@graph":[{"@type":"BlogPosting","@id":"https:\/\/www.eldigitaldeasturias.com\/noticias\/lufthansa-solicita-la-jornada-reducida-para-87-000-empleados\/#blogposting","name":"Lufthansa solicita la jornada reducida para 87.000 empleados - El Digital de Asturias","headline":"Lufthansa solicita la jornada reducida para 87.000 empleados","author":{"@id":"https:\/\/www.eldigitaldeasturias.com\/noticias\/author\/admin\/#author"},"publisher":{"@id":"https:\/\/www.eldigitaldeasturias.com\/noticias\/#organization"},"image":{"@type":"ImageObject","url":"https:\/\/www.eldigitaldeasturias.com\/noticias\/wp-content\/uploads\/2019\/02\/airport-802008_960_720.jpg","width":960,"height":640},"datePublished":"2020-04-01T23:40:41+02:00","dateModified":"2020-04-01T23:40:41+02:00","inLanguage":"es-ES","mainEntityOfPage":{"@id":"https:\/\/www.eldigitaldeasturias.com\/noticias\/lufthansa-solicita-la-jornada-reducida-para-87-000-empleados\/#webpage"},"isPartOf":{"@id":"https:\/\/www.eldigitaldeasturias.com\/noticias\/lufthansa-solicita-la-jornada-reducida-para-87-000-empleados\/#webpage"},"articleSection":"Negocios y Empresas"},{"@type":"BreadcrumbList","@id":"https:\/\/www.eldigitaldeasturias.com\/noticias\/lufthansa-solicita-la-jornada-reducida-para-87-000-empleados\/#breadcrumblist","itemListElement":[{"@type":"ListItem","@id":"https:\/\/www.eldigitaldeasturias.com\/noticias#listItem","position":1,"name":"Home","item":"https:\/\/www.eldigitaldeasturias.com\/noticias","nextItem":{"@type":"ListItem","@id":"https:\/\/www.eldigitaldeasturias.com\/noticias\/category\/negocios-y-empresas\/#listItem","name":"Negocios y Empresas"}},{"@type":"ListItem","@id":"https:\/\/www.eldigitaldeasturias.com\/noticias\/category\/negocios-y-empresas\/#listItem","position":2,"name":"Negocios y Empresas","item":"https:\/\/www.eldigitaldeasturias.com\/noticias\/category\/negocios-y-empresas\/","nextItem":{"@type":"ListItem","@id":"https:\/\/www.eldigitaldeasturias.com\/noticias\/lufthansa-solicita-la-jornada-reducida-para-87-000-empleados\/#listItem","name":"Lufthansa solicita la jornada reducida para 87.000 empleados"},"previousItem":{"@type":"ListItem","@id":"https:\/\/www.eldigitaldeasturias.com\/noticias#listItem","name":"Home"}},{"@type":"ListItem","@id":"https:\/\/www.eldigitaldeasturias.com\/noticias\/lufthansa-solicita-la-jornada-reducida-para-87-000-empleados\/#listItem","position":3,"name":"Lufthansa solicita la jornada reducida para 87.000 empleados","previousItem":{"@type":"ListItem","@id":"https:\/\/www.eldigitaldeasturias.com\/noticias\/category\/negocios-y-empresas\/#listItem","name":"Negocios y Empresas"}}]},{"@type":"Organization","@id":"https:\/\/www.eldigitaldeasturias.com\/noticias\/#organization","name":"El Digital de Asturias","description":"Hemeroteca","url":"https:\/\/www.eldigitaldeasturias.com\/noticias\/","email":"info@eldigitaldeasturias.com","telephone":"+34652131393","logo":{"@type":"ImageObject","url":"https:\/\/www.eldigitaldeasturias.com\/noticias\/wp-content\/uploads\/2020\/12\/EDA.jpg","@id":"https:\/\/www.eldigitaldeasturias.com\/noticias\/lufthansa-solicita-la-jornada-reducida-para-87-000-empleados\/#organizationLogo","width":649,"height":297},"image":{"@id":"https:\/\/www.eldigitaldeasturias.com\/noticias\/lufthansa-solicita-la-jornada-reducida-para-87-000-empleados\/#organizationLogo"},"sameAs":["https:\/\/facebook.com\/eldigitaldeasturias","https:\/\/www.youtube.com\/channel\/UCZP-2wLEB9Rv6erhFmqVnvg"],"address":{"@id":"https:\/\/www.eldigitaldeasturias.com\/noticias\/#postaladdress","@type":"PostalAddress","streetAddress":"san antonio 4,","postalCode":"33430","addressLocality":"Cand\u00e1s","addressRegion":"Asturias","addressCountry":"ES"}},{"@type":"Person","@id":"https:\/\/www.eldigitaldeasturias.com\/noticias\/author\/admin\/#author","url":"https:\/\/www.eldigitaldeasturias.com\/noticias\/author\/admin\/","name":"El Digital de Asturias","image":{"@type":"ImageObject","@id":"https:\/\/www.eldigitaldeasturias.com\/noticias\/lufthansa-solicita-la-jornada-reducida-para-87-000-empleados\/#authorImage","url":"https:\/\/www.eldigitaldeasturias.com\/noticias\/wp-content\/litespeed\/avatar\/18677e78aa0546b92d9dbf31ec7d7668.jpg?ver=1776685526","width":96,"height":96,"caption":"El Digital de Asturias"}},{"@type":"WebPage","@id":"https:\/\/www.eldigitaldeasturias.com\/noticias\/lufthansa-solicita-la-jornada-reducida-para-87-000-empleados\/#webpage","url":"https:\/\/www.eldigitaldeasturias.com\/noticias\/lufthansa-solicita-la-jornada-reducida-para-87-000-empleados\/","name":"Lufthansa solicita la jornada reducida para 87.000 empleados - El Digital de Asturias","description":"Fr\u00e1ncfort, 1 abr (dpa) - La aerol\u00ednea alemana Lufthansa enviar\u00e1 a cerca de dos tercios de sus empleados en todo el mundo a trabajo a jornada reducida debido a la pandemia de coronavirus, anunci\u00f3 hoy la compa\u00f1\u00eda en Fr\u00e1ncfort. Un portavoz de la empresa confirm\u00f3 que presentaron solicitudes de subvenciones por trabajo reducido en varios","inLanguage":"es-ES","isPartOf":{"@id":"https:\/\/www.eldigitaldeasturias.com\/noticias\/#website"},"breadcrumb":{"@id":"https:\/\/www.eldigitaldeasturias.com\/noticias\/lufthansa-solicita-la-jornada-reducida-para-87-000-empleados\/#breadcrumblist"},"author":{"@id":"https:\/\/www.eldigitaldeasturias.com\/noticias\/author\/admin\/#author"},"creator":{"@id":"https:\/\/www.eldigitaldeasturias.com\/noticias\/author\/admin\/#author"},"image":{"@type":"ImageObject","url":"https:\/\/www.eldigitaldeasturias.com\/noticias\/wp-content\/uploads\/2019\/02\/airport-802008_960_720.jpg","@id":"https:\/\/www.eldigitaldeasturias.com\/noticias\/lufthansa-solicita-la-jornada-reducida-para-87-000-empleados\/#mainImage","width":960,"height":640},"primaryImageOfPage":{"@id":"https:\/\/www.eldigitaldeasturias.com\/noticias\/lufthansa-solicita-la-jornada-reducida-para-87-000-empleados\/#mainImage"},"datePublished":"2020-04-01T23:40:41+02:00","dateModified":"2020-04-01T23:40:41+02:00"},{"@type":"WebSite","@id":"https:\/\/www.eldigitaldeasturias.com\/noticias\/#website","url":"https:\/\/www.eldigitaldeasturias.com\/noticias\/","name":"El Digital de Asturias - Diario de actualidad y noticias","alternateName":"El Digital de Asturias - Diario de actualidad y noticias","description":"Hemeroteca","inLanguage":"es-ES","publisher":{"@id":"https:\/\/www.eldigitaldeasturias.com\/noticias\/#organization"}}]},"og:locale":"es_ES","og:site_name":"El Digital de Asturias","og:type":"article","og:title":"Lufthansa solicita la jornada reducida para 87.000 empleados - El Digital de Asturias","og:description":"Fr\u00e1ncfort, 1 abr (dpa) - La aerol\u00ednea alemana Lufthansa enviar\u00e1 a cerca de dos tercios de sus empleados en todo el mundo a trabajo a jornada reducida debido a la pandemia de coronavirus, anunci\u00f3 hoy la compa\u00f1\u00eda en Fr\u00e1ncfort. Un portavoz de la empresa confirm\u00f3 que presentaron solicitudes de subvenciones por trabajo reducido en varios","og:url":"https:\/\/www.eldigitaldeasturias.com\/noticias\/lufthansa-solicita-la-jornada-reducida-para-87-000-empleados\/","og:image":"https:\/\/www.eldigitaldeasturias.com\/noticias\/wp-content\/uploads\/2019\/02\/airport-802008_960_720.jpg","og:image:secure_url":"https:\/\/www.eldigitaldeasturias.com\/noticias\/wp-content\/uploads\/2019\/02\/airport-802008_960_720.jpg","og:image:width":960,"og:image:height":640,"article:tag":["negocios y empresas"],"article:published_time":"2020-04-01T23:40:41+00:00","article:modified_time":"2020-04-01T23:40:41+00:00","article:publisher":"https:\/\/facebook.com\/eldigitaldeasturias","twitter:card":"summary_large_image","twitter:title":"Lufthansa solicita la jornada reducida para 87.000 empleados - El Digital de Asturias","twitter:description":"Fr\u00e1ncfort, 1 abr (dpa) - La aerol\u00ednea alemana Lufthansa enviar\u00e1 a cerca de dos tercios de sus empleados en todo el mundo a trabajo a jornada reducida debido a la pandemia de coronavirus, anunci\u00f3 hoy la compa\u00f1\u00eda en Fr\u00e1ncfort. Un portavoz de la empresa confirm\u00f3 que presentaron solicitudes de subvenciones por trabajo reducido en varios","twitter:image":"https:\/\/www.eldigitaldeasturias.com\/noticias\/wp-content\/uploads\/2019\/02\/airport-802008_960_720.jpg","twitter:label1":"Escrito por","twitter:data1":"El Digital de Asturias","twitter:label2":"Tiempo de lectura estimado","twitter:data2":"2 minutos"},"aioseo_meta_data":{"post_id":"1062430","title":null,"description":null,"keywords":null,"keyphrases":null,"primary_term":null,"canonical_url":null,"og_title":null,"og_description":null,"og_object_type":"default","og_image_type":"default","og_image_url":null,"og_image_width":null,"og_image_height":null,"og_image_custom_url":null,"og_image_custom_fields":null,"og_video":null,"og_custom_url":null,"og_article_section":null,"og_article_tags":null,"twitter_use_og":false,"twitter_card":"default","twitter_image_type":"default","twitter_image_url":null,"twitter_image_custom_url":null,"twitter_image_custom_fields":null,"twitter_title":null,"twitter_description":null,"schema":{"blockGraphs":[],"customGraphs":[],"default":{"data":{"Article":[],"Course":[],"Dataset":[],"FAQPage":[],"Movie":[],"Person":[],"Product":[],"ProductReview":[],"Car":[],"Recipe":[],"Service":[],"SoftwareApplication":[],"WebPage":[]},"graphName":"","isEnabled":true},"graphs":[],"defaultGraph":"","defaultPostTypeGraph":""},"schema_type":null,"schema_type_options":null,"pillar_content":false,"robots_default":true,"robots_noindex":false,"robots_noarchive":false,"robots_nosnippet":false,"robots_nofollow":false,"robots_noimageindex":false,"robots_noodp":false,"robots_notranslate":false,"robots_max_snippet":null,"robots_max_videopreview":null,"robots_max_imagepreview":"large","priority":null,"frequency":null,"local_seo":null,"seo_analyzer_scan_date":"2025-10-31 18:47:47","breadcrumb_settings":null,"limit_modified_date":false,"open_ai":null,"ai":null,"created":"2020-12-21 10:53:09","updated":"2025-10-31 18:47:47"},"aioseo_breadcrumb":"<div class=\"aioseo-breadcrumbs\"><span class=\"aioseo-breadcrumb\">\n\t<a href=\"https:\/\/www.eldigitaldeasturias.com\/noticias\" title=\"Home\">Home<\/a>\n<\/span><span class=\"aioseo-breadcrumb-separator\">\u2013<\/span><span class=\"aioseo-breadcrumb\">\n\t<a href=\"https:\/\/www.eldigitaldeasturias.com\/noticias\/category\/negocios-y-empresas\/\" title=\"Negocios y Empresas\">Negocios y Empresas<\/a>\n<\/span><span class=\"aioseo-breadcrumb-separator\">\u2013<\/span><span class=\"aioseo-breadcrumb\">\n\t<a href=\"https:\/\/www.eldigitaldeasturias.com\/noticias\/lufthansa-solicita-la-jornada-reducida-para-87-000-empleados\/\" title=\"Lufthansa solicita la jornada reducida para 87.000 empleados\">Lufthansa solicita la jornada reducida para 87.000 empleados<\/a>\n<\/span><\/div>","aioseo_breadcrumb_json":[{"label":"Home","link":"https:\/\/www.eldigitaldeasturias.com\/noticias"},{"label":"Negocios y Empresas","link":"https:\/\/www.eldigitaldeasturias.com\/noticias\/category\/negocios-y-empresas\/"},{"label":"Lufthansa solicita la jornada reducida para 87.000 empleados","link":"https:\/\/www.eldigitaldeasturias.com\/noticias\/lufthansa-solicita-la-jornada-reducida-para-87-000-empleados\/"}],"_links":{"self":[{"href":"https:\/\/www.eldigitaldeasturias.com\/noticias\/wp-json\/wp\/v2\/posts\/1062430","targetHints":{"allow":["GET"]}}],"collection":[{"href":"https:\/\/www.eldigitaldeasturias.com\/noticias\/wp-json\/wp\/v2\/posts"}],"about":[{"href":"https:\/\/www.eldigitaldeasturias.com\/noticias\/wp-json\/wp\/v2\/types\/post"}],"author":[{"embeddable":true,"href":"https:\/\/www.eldigitaldeasturias.com\/noticias\/wp-json\/wp\/v2\/users\/1"}],"replies":[{"embeddable":true,"href":"https:\/\/www.eldigitaldeasturias.com\/noticias\/wp-json\/wp\/v2\/comments?post=1062430"}],"version-history":[{"count":0,"href":"https:\/\/www.eldigitaldeasturias.com\/noticias\/wp-json\/wp\/v2\/posts\/1062430\/revisions"}],"wp:featuredmedia":[{"embeddable":true,"href":"https:\/\/www.eldigitaldeasturias.com\/noticias\/wp-json\/wp\/v2\/media\/1016797"}],"wp:attachment":[{"href":"https:\/\/www.eldigitaldeasturias.com\/noticias\/wp-json\/wp\/v2\/media?parent=1062430"}],"wp:term":[{"taxonomy":"category","embeddable":true,"href":"https:\/\/www.eldigitaldeasturias.com\/noticias\/wp-json\/wp\/v2\/categories?post=1062430"},{"taxonomy":"post_tag","embeddable":true,"href":"https:\/\/www.eldigitaldeasturias.com\/noticias\/wp-json\/wp\/v2\/tags?post=1062430"}],"curies":[{"name":"wp","href":"https:\/\/api.w.org\/{rel}","templated":true}]}}