{"id":1062420,"date":"2020-04-01T18:21:22","date_gmt":"2020-04-01T18:21:22","guid":{"rendered":"https:\/\/www.eldigitaldeasturias.com\/noticias\/?p=1062420"},"modified":"2020-04-01T18:21:22","modified_gmt":"2020-04-01T18:21:22","slug":"el-transporte-de-mercancias-es-un-sector-esencial-durante-el-estado-de-alarma","status":"publish","type":"post","link":"https:\/\/www.eldigitaldeasturias.com\/noticias\/el-transporte-de-mercancias-es-un-sector-esencial-durante-el-estado-de-alarma\/","title":{"rendered":"El transporte de mercanc\u00edas es un sector esencial durante el estado de alarma"},"content":{"rendered":"<p><img loading=\"lazy\" decoding=\"async\" class=\"alignleft size-medium wp-image-1021361\" src=\"https:\/\/www.eldigitaldeasturias.com\/noticias\/wp-content\/uploads\/2019\/03\/30122016_Exportaciones-360x240.jpg\" alt=\"\" width=\"360\" height=\"240\" srcset=\"https:\/\/www.eldigitaldeasturias.com\/noticias\/wp-content\/uploads\/2019\/03\/30122016_Exportaciones-360x240.jpg 360w, https:\/\/www.eldigitaldeasturias.com\/noticias\/wp-content\/uploads\/2019\/03\/30122016_Exportaciones.jpg 496w\" sizes=\"auto, (max-width: 360px) 100vw, 360px\" \/>El Ministerio de Transportes, Movilidad y Agenda Urbana (Mitma) reitera que <strong>el transporte de mercanc\u00edas es un sector calificado como esencial a efectos de la normativa aplicable durante el estado de alarma<\/strong> y, por lo tanto, no se le aplica ninguna restricci\u00f3n.<\/p>\n<p>El Real Decreto-ley 10\/2020, de 29 de marzo, que regula un permiso retribuido recuperable para los trabajadores por cuenta ajena que no presten servicios esenciales, pretende limitar al m\u00e1ximo la movilidad de la poblaci\u00f3n, en el contexto de la lucha contra el COVID-19.<\/p>\n<p>Por ello, teniendo en cuenta que la actividad laboral y profesional es la causa que explica la mayor\u00eda de los desplazamientos que se producen actualmente en nuestro pa\u00eds, se ha aprobado un permiso retribuido recuperable para todo el personal laboral por cuenta ajena que preste servicios en empresas que desarrollan las actividades no esenciales.<\/p>\n<p>En este sentido, las actividades que no son esenciales cesar\u00e1n su actividad, lo que afectar\u00e1 indudablemente a la demanda de transporte, pero no porque la actividad de transporte de mercanc\u00edas est\u00e9 limitada.<\/p>\n<p>El Anexo del Real Decreto Ley incluye la relaci\u00f3n de actividades que se consideran esenciales y a cuyos trabajadores no les ser\u00e1 de aplicaci\u00f3n este permiso recuperable. Adem\u00e1s, el art\u00edculo 4 establece que las empresas que deban aplicar el permiso retribuido recuperable regulado podr\u00e1n, en caso de ser necesario, establecer el n\u00famero m\u00ednimo de plantilla o los turnos de trabajo estrictamente necesarios, con el fin de mantener la actividad m\u00ednima indispensable.<\/p>\n<h2><strong>Transporte tanto de personas como de mercanc\u00edas<\/strong><\/h2>\n<p>Dicho anexo establece como servicios esenciales \u00ablos servicios de transporte, tanto de personas como de mercanc\u00edas, que se contin\u00faen desarrollando desde la declaraci\u00f3n del estado de alarma\u00bb.<\/p>\n<p>Por lo tanto, este permiso no es aplicable a los trabajadores por cuenta ajena que realizan los servicios de transporte (tanto de personas como de mercanc\u00edas) que se contin\u00faen desarrollando desde la declaraci\u00f3n del estado de alarma, dado que el transporte de mercanc\u00edas constituye una actividad esencial imprescindible para garantizar el suministro de los bienes y servicios b\u00e1sicos de la poblaci\u00f3n en el estado de alarma.<\/p>\n<p>Tampoco ser\u00e1 aplicable el permiso retribuido recuperable a los trabajadores que deban asegurar el mantenimiento de los medios empleados para hacer posible la actividad de transporte.<\/p>\n<p>No obstante, las empresas de transporte podr\u00e1n verse afectadas por el cese de actividad de las empresas de actividades no esenciales, en cuyo caso, se atender\u00e1 a lo dispuesto en la disposici\u00f3n transitoria segunda del Real Decreto Ley.<\/p>\n<p>En este sentido, el Real Decreto-ley 10\/2020, de 29 de marzo, asegura la continuidad de los servicios de transporte de mercanc\u00edas no vinculadas a actividades esenciales que se hubieran iniciado y se encuentren en curso antes de su entrada en vigor, incluyendo como parte del servicio, en su caso, la operaci\u00f3n de retorno correspondiente.<\/p>\n<p>Con el fin de facilitar la aplicaci\u00f3n de las medidas recogidas en el Real Decreto Ley se ha aprobado la Orden SND\/307\/2020, por la que se establecen los criterios interpretativos para la aplicaci\u00f3n de dicho Real Decreto Ley y se recoge que las personas trabajadoras por cuenta ajena que no deban acogerse al permiso retribuido recuperable tendr\u00e1n derecho a que la empresa o entidad empleadora les expida una declaraci\u00f3n responsable reconociendo esta circunstancia, de acuerdo a un modelo recogido en el Anexo de la Orden, con objeto de facilitar la identificaci\u00f3n de estas personas trabajadoras por parte de los cuerpos y fuerzas de seguridad del Estado.<\/p>\n<p>Desde el Mitma hacen una llamada a la responsabilidad de todos los sectores en el marco del esfuerzo que se ha pedido a la sociedad en su conjunto para atajar la crisis sanitaria, que requiere reducir al m\u00e1ximo posible la movilidad con el fin de limitar los desplazamientos y la interacci\u00f3n entre las personas. Las actividades que no son esenciales o cr\u00edticas deben paralizarse.<\/p>\n<p>&nbsp;<\/p>\n<p>&nbsp;<\/p>\n","protected":false},"excerpt":{"rendered":"<p>El Ministerio de Transportes, Movilidad y Agenda Urbana (Mitma) reitera que el transporte de mercanc\u00edas es un sector calificado como esencial a efectos de la normativa aplicable durante el estado de alarma y, por lo tanto, no se le aplica ninguna restricci\u00f3n. El Real Decreto-ley 10\/2020, de 29 de marzo, que regula un permiso retribuido [&hellip;]<\/p>\n","protected":false},"author":1,"featured_media":1021361,"comment_status":"closed","ping_status":"closed","sticky":false,"template":"","format":"standard","meta":{"footnotes":""},"categories":[187],"tags":[],"class_list":["post-1062420","post","type-post","status-publish","format-standard","has-post-thumbnail","hentry","category-economia"],"aioseo_notices":[],"aioseo_head":"\n\t\t<!-- All in One SEO Pro 4.9.6.2 - aioseo.com -->\n\t<meta name=\"description\" content=\"El Ministerio de Transportes, Movilidad y Agenda Urbana (Mitma) reitera que el transporte de mercanc\u00edas es un sector calificado como esencial a efectos de la normativa aplicable durante el estado de alarma y, por lo tanto, no se le aplica ninguna restricci\u00f3n. El Real Decreto-ley 10\/2020, de 29 de marzo, que regula un permiso retribuido\" \/>\n\t<meta name=\"robots\" content=\"max-image-preview:large\" \/>\n\t<meta name=\"author\" content=\"El Digital de Asturias\"\/>\n\t<meta name=\"google-site-verification\" content=\"UA-38556648-1\" \/>\n\t<meta name=\"msvalidate.01\" content=\"7dfe9f3f1b24437ab69f4f2559babe99\" \/>\n\t<meta name=\"keywords\" content=\"econom\u00eda\" \/>\n\t<link rel=\"canonical\" href=\"https:\/\/www.eldigitaldeasturias.com\/noticias\/el-transporte-de-mercancias-es-un-sector-esencial-durante-el-estado-de-alarma\/\" \/>\n\t<meta name=\"generator\" content=\"All in One SEO Pro (AIOSEO) 4.9.6.2\" \/>\n\t\t<meta property=\"og:locale\" content=\"es_ES\" \/>\n\t\t<meta property=\"og:site_name\" content=\"El Digital de Asturias\" \/>\n\t\t<meta property=\"og:type\" content=\"article\" \/>\n\t\t<meta property=\"og:title\" content=\"El transporte de mercanc\u00edas es un sector esencial durante el estado de alarma - El Digital de Asturias\" \/>\n\t\t<meta property=\"og:description\" content=\"El Ministerio de Transportes, Movilidad y Agenda Urbana (Mitma) reitera que el transporte de mercanc\u00edas es un sector calificado como esencial a efectos de la normativa aplicable durante el estado de alarma y, por lo tanto, no se le aplica ninguna restricci\u00f3n. El Real Decreto-ley 10\/2020, de 29 de marzo, que regula un permiso retribuido\" \/>\n\t\t<meta property=\"og:url\" content=\"https:\/\/www.eldigitaldeasturias.com\/noticias\/el-transporte-de-mercancias-es-un-sector-esencial-durante-el-estado-de-alarma\/\" \/>\n\t\t<meta property=\"og:image\" content=\"https:\/\/www.eldigitaldeasturias.com\/noticias\/wp-content\/uploads\/2019\/03\/30122016_Exportaciones.jpg\" \/>\n\t\t<meta property=\"og:image:secure_url\" content=\"https:\/\/www.eldigitaldeasturias.com\/noticias\/wp-content\/uploads\/2019\/03\/30122016_Exportaciones.jpg\" \/>\n\t\t<meta property=\"og:image:width\" content=\"496\" \/>\n\t\t<meta property=\"og:image:height\" content=\"330\" \/>\n\t\t<meta property=\"article:tag\" content=\"econom\u00eda\" \/>\n\t\t<meta property=\"article:published_time\" content=\"2020-04-01T18:21:22+00:00\" \/>\n\t\t<meta property=\"article:modified_time\" content=\"2020-04-01T18:21:22+00:00\" \/>\n\t\t<meta property=\"article:publisher\" content=\"https:\/\/facebook.com\/eldigitaldeasturias\" \/>\n\t\t<meta name=\"twitter:card\" content=\"summary_large_image\" \/>\n\t\t<meta name=\"twitter:title\" content=\"El transporte de mercanc\u00edas es un sector esencial durante el estado de alarma - El Digital de Asturias\" \/>\n\t\t<meta name=\"twitter:description\" content=\"El Ministerio de Transportes, Movilidad y Agenda Urbana (Mitma) reitera que el transporte de mercanc\u00edas es un sector calificado como esencial a efectos de la normativa aplicable durante el estado de alarma y, por lo tanto, no se le aplica ninguna restricci\u00f3n. El Real Decreto-ley 10\/2020, de 29 de marzo, que regula un permiso retribuido\" \/>\n\t\t<meta name=\"twitter:image\" content=\"https:\/\/www.eldigitaldeasturias.com\/noticias\/wp-content\/uploads\/2019\/03\/30122016_Exportaciones.jpg\" \/>\n\t\t<meta name=\"twitter:label1\" content=\"Escrito por\" \/>\n\t\t<meta name=\"twitter:data1\" content=\"El Digital de Asturias\" \/>\n\t\t<meta name=\"twitter:label2\" content=\"Tiempo de lectura estimado\" \/>\n\t\t<meta name=\"twitter:data2\" content=\"3 minutos\" \/>\n\t\t<script type=\"application\/ld+json\" class=\"aioseo-schema\">\n\t\t\t{\"@context\":\"https:\\\/\\\/schema.org\",\"@graph\":[{\"@type\":\"BlogPosting\",\"@id\":\"https:\\\/\\\/www.eldigitaldeasturias.com\\\/noticias\\\/el-transporte-de-mercancias-es-un-sector-esencial-durante-el-estado-de-alarma\\\/#blogposting\",\"name\":\"El transporte de mercanc\\u00edas es un sector esencial durante el estado de alarma - El Digital de Asturias\",\"headline\":\"El transporte de mercanc\\u00edas es un sector esencial durante el estado de alarma\",\"author\":{\"@id\":\"https:\\\/\\\/www.eldigitaldeasturias.com\\\/noticias\\\/author\\\/admin\\\/#author\"},\"publisher\":{\"@id\":\"https:\\\/\\\/www.eldigitaldeasturias.com\\\/noticias\\\/#organization\"},\"image\":{\"@type\":\"ImageObject\",\"url\":\"https:\\\/\\\/www.eldigitaldeasturias.com\\\/noticias\\\/wp-content\\\/uploads\\\/2019\\\/03\\\/30122016_Exportaciones.jpg\",\"width\":496,\"height\":330},\"datePublished\":\"2020-04-01T18:21:22+02:00\",\"dateModified\":\"2020-04-01T18:21:22+02:00\",\"inLanguage\":\"es-ES\",\"mainEntityOfPage\":{\"@id\":\"https:\\\/\\\/www.eldigitaldeasturias.com\\\/noticias\\\/el-transporte-de-mercancias-es-un-sector-esencial-durante-el-estado-de-alarma\\\/#webpage\"},\"isPartOf\":{\"@id\":\"https:\\\/\\\/www.eldigitaldeasturias.com\\\/noticias\\\/el-transporte-de-mercancias-es-un-sector-esencial-durante-el-estado-de-alarma\\\/#webpage\"},\"articleSection\":\"Econom\\u00eda\"},{\"@type\":\"BreadcrumbList\",\"@id\":\"https:\\\/\\\/www.eldigitaldeasturias.com\\\/noticias\\\/el-transporte-de-mercancias-es-un-sector-esencial-durante-el-estado-de-alarma\\\/#breadcrumblist\",\"itemListElement\":[{\"@type\":\"ListItem\",\"@id\":\"https:\\\/\\\/www.eldigitaldeasturias.com\\\/noticias#listItem\",\"position\":1,\"name\":\"Home\",\"item\":\"https:\\\/\\\/www.eldigitaldeasturias.com\\\/noticias\",\"nextItem\":{\"@type\":\"ListItem\",\"@id\":\"https:\\\/\\\/www.eldigitaldeasturias.com\\\/noticias\\\/category\\\/economia\\\/#listItem\",\"name\":\"Econom\\u00eda\"}},{\"@type\":\"ListItem\",\"@id\":\"https:\\\/\\\/www.eldigitaldeasturias.com\\\/noticias\\\/category\\\/economia\\\/#listItem\",\"position\":2,\"name\":\"Econom\\u00eda\",\"item\":\"https:\\\/\\\/www.eldigitaldeasturias.com\\\/noticias\\\/category\\\/economia\\\/\",\"nextItem\":{\"@type\":\"ListItem\",\"@id\":\"https:\\\/\\\/www.eldigitaldeasturias.com\\\/noticias\\\/el-transporte-de-mercancias-es-un-sector-esencial-durante-el-estado-de-alarma\\\/#listItem\",\"name\":\"El transporte de mercanc\\u00edas es un sector esencial durante el estado de alarma\"},\"previousItem\":{\"@type\":\"ListItem\",\"@id\":\"https:\\\/\\\/www.eldigitaldeasturias.com\\\/noticias#listItem\",\"name\":\"Home\"}},{\"@type\":\"ListItem\",\"@id\":\"https:\\\/\\\/www.eldigitaldeasturias.com\\\/noticias\\\/el-transporte-de-mercancias-es-un-sector-esencial-durante-el-estado-de-alarma\\\/#listItem\",\"position\":3,\"name\":\"El transporte de mercanc\\u00edas es un sector esencial durante el estado de alarma\",\"previousItem\":{\"@type\":\"ListItem\",\"@id\":\"https:\\\/\\\/www.eldigitaldeasturias.com\\\/noticias\\\/category\\\/economia\\\/#listItem\",\"name\":\"Econom\\u00eda\"}}]},{\"@type\":\"Organization\",\"@id\":\"https:\\\/\\\/www.eldigitaldeasturias.com\\\/noticias\\\/#organization\",\"name\":\"El Digital de Asturias\",\"description\":\"Hemeroteca\",\"url\":\"https:\\\/\\\/www.eldigitaldeasturias.com\\\/noticias\\\/\",\"email\":\"info@eldigitaldeasturias.com\",\"telephone\":\"+34652131393\",\"logo\":{\"@type\":\"ImageObject\",\"url\":\"https:\\\/\\\/www.eldigitaldeasturias.com\\\/noticias\\\/wp-content\\\/uploads\\\/2020\\\/12\\\/EDA.jpg\",\"@id\":\"https:\\\/\\\/www.eldigitaldeasturias.com\\\/noticias\\\/el-transporte-de-mercancias-es-un-sector-esencial-durante-el-estado-de-alarma\\\/#organizationLogo\",\"width\":649,\"height\":297},\"image\":{\"@id\":\"https:\\\/\\\/www.eldigitaldeasturias.com\\\/noticias\\\/el-transporte-de-mercancias-es-un-sector-esencial-durante-el-estado-de-alarma\\\/#organizationLogo\"},\"sameAs\":[\"https:\\\/\\\/facebook.com\\\/eldigitaldeasturias\",\"https:\\\/\\\/www.youtube.com\\\/channel\\\/UCZP-2wLEB9Rv6erhFmqVnvg\"],\"address\":{\"@id\":\"https:\\\/\\\/www.eldigitaldeasturias.com\\\/noticias\\\/#postaladdress\",\"@type\":\"PostalAddress\",\"streetAddress\":\"san antonio 4,\",\"postalCode\":\"33430\",\"addressLocality\":\"Cand\\u00e1s\",\"addressRegion\":\"Asturias\",\"addressCountry\":\"ES\"}},{\"@type\":\"Person\",\"@id\":\"https:\\\/\\\/www.eldigitaldeasturias.com\\\/noticias\\\/author\\\/admin\\\/#author\",\"url\":\"https:\\\/\\\/www.eldigitaldeasturias.com\\\/noticias\\\/author\\\/admin\\\/\",\"name\":\"El Digital de Asturias\",\"image\":{\"@type\":\"ImageObject\",\"@id\":\"https:\\\/\\\/www.eldigitaldeasturias.com\\\/noticias\\\/el-transporte-de-mercancias-es-un-sector-esencial-durante-el-estado-de-alarma\\\/#authorImage\",\"url\":\"https:\\\/\\\/www.eldigitaldeasturias.com\\\/noticias\\\/wp-content\\\/litespeed\\\/avatar\\\/18677e78aa0546b92d9dbf31ec7d7668.jpg?ver=1777290358\",\"width\":96,\"height\":96,\"caption\":\"El Digital de Asturias\"}},{\"@type\":\"WebPage\",\"@id\":\"https:\\\/\\\/www.eldigitaldeasturias.com\\\/noticias\\\/el-transporte-de-mercancias-es-un-sector-esencial-durante-el-estado-de-alarma\\\/#webpage\",\"url\":\"https:\\\/\\\/www.eldigitaldeasturias.com\\\/noticias\\\/el-transporte-de-mercancias-es-un-sector-esencial-durante-el-estado-de-alarma\\\/\",\"name\":\"El transporte de mercanc\\u00edas es un sector esencial durante el estado de alarma - El Digital de Asturias\",\"description\":\"El Ministerio de Transportes, Movilidad y Agenda Urbana (Mitma) reitera que el transporte de mercanc\\u00edas es un sector calificado como esencial a efectos de la normativa aplicable durante el estado de alarma y, por lo tanto, no se le aplica ninguna restricci\\u00f3n. El Real Decreto-ley 10\\\/2020, de 29 de marzo, que regula un permiso retribuido\",\"inLanguage\":\"es-ES\",\"isPartOf\":{\"@id\":\"https:\\\/\\\/www.eldigitaldeasturias.com\\\/noticias\\\/#website\"},\"breadcrumb\":{\"@id\":\"https:\\\/\\\/www.eldigitaldeasturias.com\\\/noticias\\\/el-transporte-de-mercancias-es-un-sector-esencial-durante-el-estado-de-alarma\\\/#breadcrumblist\"},\"author\":{\"@id\":\"https:\\\/\\\/www.eldigitaldeasturias.com\\\/noticias\\\/author\\\/admin\\\/#author\"},\"creator\":{\"@id\":\"https:\\\/\\\/www.eldigitaldeasturias.com\\\/noticias\\\/author\\\/admin\\\/#author\"},\"image\":{\"@type\":\"ImageObject\",\"url\":\"https:\\\/\\\/www.eldigitaldeasturias.com\\\/noticias\\\/wp-content\\\/uploads\\\/2019\\\/03\\\/30122016_Exportaciones.jpg\",\"@id\":\"https:\\\/\\\/www.eldigitaldeasturias.com\\\/noticias\\\/el-transporte-de-mercancias-es-un-sector-esencial-durante-el-estado-de-alarma\\\/#mainImage\",\"width\":496,\"height\":330},\"primaryImageOfPage\":{\"@id\":\"https:\\\/\\\/www.eldigitaldeasturias.com\\\/noticias\\\/el-transporte-de-mercancias-es-un-sector-esencial-durante-el-estado-de-alarma\\\/#mainImage\"},\"datePublished\":\"2020-04-01T18:21:22+02:00\",\"dateModified\":\"2020-04-01T18:21:22+02:00\"},{\"@type\":\"WebSite\",\"@id\":\"https:\\\/\\\/www.eldigitaldeasturias.com\\\/noticias\\\/#website\",\"url\":\"https:\\\/\\\/www.eldigitaldeasturias.com\\\/noticias\\\/\",\"name\":\"El Digital de Asturias - Diario de actualidad y noticias\",\"alternateName\":\"El Digital de Asturias - Diario de actualidad y noticias\",\"description\":\"Hemeroteca\",\"inLanguage\":\"es-ES\",\"publisher\":{\"@id\":\"https:\\\/\\\/www.eldigitaldeasturias.com\\\/noticias\\\/#organization\"}}]}\n\t\t<\/script>\n\t\t<!-- All in One SEO Pro -->\r\n\t\t<title>El transporte de mercanc\u00edas es un sector esencial durante el estado de alarma - El Digital de Asturias<\/title>\n\n","aioseo_head_json":{"title":"El transporte de mercanc\u00edas es un sector esencial durante el estado de alarma - El Digital de Asturias","description":"El Ministerio de Transportes, Movilidad y Agenda Urbana (Mitma) reitera que el transporte de mercanc\u00edas es un sector calificado como esencial a efectos de la normativa aplicable durante el estado de alarma y, por lo tanto, no se le aplica ninguna restricci\u00f3n. El Real Decreto-ley 10\/2020, de 29 de marzo, que regula un permiso retribuido","canonical_url":"https:\/\/www.eldigitaldeasturias.com\/noticias\/el-transporte-de-mercancias-es-un-sector-esencial-durante-el-estado-de-alarma\/","robots":"max-image-preview:large","keywords":"econom\u00eda","webmasterTools":{"google-site-verification":"UA-38556648-1","msvalidate.01":"7dfe9f3f1b24437ab69f4f2559babe99","miscellaneous":""},"schema":{"@context":"https:\/\/schema.org","@graph":[{"@type":"BlogPosting","@id":"https:\/\/www.eldigitaldeasturias.com\/noticias\/el-transporte-de-mercancias-es-un-sector-esencial-durante-el-estado-de-alarma\/#blogposting","name":"El transporte de mercanc\u00edas es un sector esencial durante el estado de alarma - El Digital de Asturias","headline":"El transporte de mercanc\u00edas es un sector esencial durante el estado de alarma","author":{"@id":"https:\/\/www.eldigitaldeasturias.com\/noticias\/author\/admin\/#author"},"publisher":{"@id":"https:\/\/www.eldigitaldeasturias.com\/noticias\/#organization"},"image":{"@type":"ImageObject","url":"https:\/\/www.eldigitaldeasturias.com\/noticias\/wp-content\/uploads\/2019\/03\/30122016_Exportaciones.jpg","width":496,"height":330},"datePublished":"2020-04-01T18:21:22+02:00","dateModified":"2020-04-01T18:21:22+02:00","inLanguage":"es-ES","mainEntityOfPage":{"@id":"https:\/\/www.eldigitaldeasturias.com\/noticias\/el-transporte-de-mercancias-es-un-sector-esencial-durante-el-estado-de-alarma\/#webpage"},"isPartOf":{"@id":"https:\/\/www.eldigitaldeasturias.com\/noticias\/el-transporte-de-mercancias-es-un-sector-esencial-durante-el-estado-de-alarma\/#webpage"},"articleSection":"Econom\u00eda"},{"@type":"BreadcrumbList","@id":"https:\/\/www.eldigitaldeasturias.com\/noticias\/el-transporte-de-mercancias-es-un-sector-esencial-durante-el-estado-de-alarma\/#breadcrumblist","itemListElement":[{"@type":"ListItem","@id":"https:\/\/www.eldigitaldeasturias.com\/noticias#listItem","position":1,"name":"Home","item":"https:\/\/www.eldigitaldeasturias.com\/noticias","nextItem":{"@type":"ListItem","@id":"https:\/\/www.eldigitaldeasturias.com\/noticias\/category\/economia\/#listItem","name":"Econom\u00eda"}},{"@type":"ListItem","@id":"https:\/\/www.eldigitaldeasturias.com\/noticias\/category\/economia\/#listItem","position":2,"name":"Econom\u00eda","item":"https:\/\/www.eldigitaldeasturias.com\/noticias\/category\/economia\/","nextItem":{"@type":"ListItem","@id":"https:\/\/www.eldigitaldeasturias.com\/noticias\/el-transporte-de-mercancias-es-un-sector-esencial-durante-el-estado-de-alarma\/#listItem","name":"El transporte de mercanc\u00edas es un sector esencial durante el estado de alarma"},"previousItem":{"@type":"ListItem","@id":"https:\/\/www.eldigitaldeasturias.com\/noticias#listItem","name":"Home"}},{"@type":"ListItem","@id":"https:\/\/www.eldigitaldeasturias.com\/noticias\/el-transporte-de-mercancias-es-un-sector-esencial-durante-el-estado-de-alarma\/#listItem","position":3,"name":"El transporte de mercanc\u00edas es un sector esencial durante el estado de alarma","previousItem":{"@type":"ListItem","@id":"https:\/\/www.eldigitaldeasturias.com\/noticias\/category\/economia\/#listItem","name":"Econom\u00eda"}}]},{"@type":"Organization","@id":"https:\/\/www.eldigitaldeasturias.com\/noticias\/#organization","name":"El Digital de Asturias","description":"Hemeroteca","url":"https:\/\/www.eldigitaldeasturias.com\/noticias\/","email":"info@eldigitaldeasturias.com","telephone":"+34652131393","logo":{"@type":"ImageObject","url":"https:\/\/www.eldigitaldeasturias.com\/noticias\/wp-content\/uploads\/2020\/12\/EDA.jpg","@id":"https:\/\/www.eldigitaldeasturias.com\/noticias\/el-transporte-de-mercancias-es-un-sector-esencial-durante-el-estado-de-alarma\/#organizationLogo","width":649,"height":297},"image":{"@id":"https:\/\/www.eldigitaldeasturias.com\/noticias\/el-transporte-de-mercancias-es-un-sector-esencial-durante-el-estado-de-alarma\/#organizationLogo"},"sameAs":["https:\/\/facebook.com\/eldigitaldeasturias","https:\/\/www.youtube.com\/channel\/UCZP-2wLEB9Rv6erhFmqVnvg"],"address":{"@id":"https:\/\/www.eldigitaldeasturias.com\/noticias\/#postaladdress","@type":"PostalAddress","streetAddress":"san antonio 4,","postalCode":"33430","addressLocality":"Cand\u00e1s","addressRegion":"Asturias","addressCountry":"ES"}},{"@type":"Person","@id":"https:\/\/www.eldigitaldeasturias.com\/noticias\/author\/admin\/#author","url":"https:\/\/www.eldigitaldeasturias.com\/noticias\/author\/admin\/","name":"El Digital de Asturias","image":{"@type":"ImageObject","@id":"https:\/\/www.eldigitaldeasturias.com\/noticias\/el-transporte-de-mercancias-es-un-sector-esencial-durante-el-estado-de-alarma\/#authorImage","url":"https:\/\/www.eldigitaldeasturias.com\/noticias\/wp-content\/litespeed\/avatar\/18677e78aa0546b92d9dbf31ec7d7668.jpg?ver=1777290358","width":96,"height":96,"caption":"El Digital de Asturias"}},{"@type":"WebPage","@id":"https:\/\/www.eldigitaldeasturias.com\/noticias\/el-transporte-de-mercancias-es-un-sector-esencial-durante-el-estado-de-alarma\/#webpage","url":"https:\/\/www.eldigitaldeasturias.com\/noticias\/el-transporte-de-mercancias-es-un-sector-esencial-durante-el-estado-de-alarma\/","name":"El transporte de mercanc\u00edas es un sector esencial durante el estado de alarma - El Digital de Asturias","description":"El Ministerio de Transportes, Movilidad y Agenda Urbana (Mitma) reitera que el transporte de mercanc\u00edas es un sector calificado como esencial a efectos de la normativa aplicable durante el estado de alarma y, por lo tanto, no se le aplica ninguna restricci\u00f3n. El Real Decreto-ley 10\/2020, de 29 de marzo, que regula un permiso retribuido","inLanguage":"es-ES","isPartOf":{"@id":"https:\/\/www.eldigitaldeasturias.com\/noticias\/#website"},"breadcrumb":{"@id":"https:\/\/www.eldigitaldeasturias.com\/noticias\/el-transporte-de-mercancias-es-un-sector-esencial-durante-el-estado-de-alarma\/#breadcrumblist"},"author":{"@id":"https:\/\/www.eldigitaldeasturias.com\/noticias\/author\/admin\/#author"},"creator":{"@id":"https:\/\/www.eldigitaldeasturias.com\/noticias\/author\/admin\/#author"},"image":{"@type":"ImageObject","url":"https:\/\/www.eldigitaldeasturias.com\/noticias\/wp-content\/uploads\/2019\/03\/30122016_Exportaciones.jpg","@id":"https:\/\/www.eldigitaldeasturias.com\/noticias\/el-transporte-de-mercancias-es-un-sector-esencial-durante-el-estado-de-alarma\/#mainImage","width":496,"height":330},"primaryImageOfPage":{"@id":"https:\/\/www.eldigitaldeasturias.com\/noticias\/el-transporte-de-mercancias-es-un-sector-esencial-durante-el-estado-de-alarma\/#mainImage"},"datePublished":"2020-04-01T18:21:22+02:00","dateModified":"2020-04-01T18:21:22+02:00"},{"@type":"WebSite","@id":"https:\/\/www.eldigitaldeasturias.com\/noticias\/#website","url":"https:\/\/www.eldigitaldeasturias.com\/noticias\/","name":"El Digital de Asturias - Diario de actualidad y noticias","alternateName":"El Digital de Asturias - Diario de actualidad y noticias","description":"Hemeroteca","inLanguage":"es-ES","publisher":{"@id":"https:\/\/www.eldigitaldeasturias.com\/noticias\/#organization"}}]},"og:locale":"es_ES","og:site_name":"El Digital de Asturias","og:type":"article","og:title":"El transporte de mercanc\u00edas es un sector esencial durante el estado de alarma - El Digital de Asturias","og:description":"El Ministerio de Transportes, Movilidad y Agenda Urbana (Mitma) reitera que el transporte de mercanc\u00edas es un sector calificado como esencial a efectos de la normativa aplicable durante el estado de alarma y, por lo tanto, no se le aplica ninguna restricci\u00f3n. El Real Decreto-ley 10\/2020, de 29 de marzo, que regula un permiso retribuido","og:url":"https:\/\/www.eldigitaldeasturias.com\/noticias\/el-transporte-de-mercancias-es-un-sector-esencial-durante-el-estado-de-alarma\/","og:image":"https:\/\/www.eldigitaldeasturias.com\/noticias\/wp-content\/uploads\/2019\/03\/30122016_Exportaciones.jpg","og:image:secure_url":"https:\/\/www.eldigitaldeasturias.com\/noticias\/wp-content\/uploads\/2019\/03\/30122016_Exportaciones.jpg","og:image:width":496,"og:image:height":330,"article:tag":["econom\u00eda"],"article:published_time":"2020-04-01T18:21:22+00:00","article:modified_time":"2020-04-01T18:21:22+00:00","article:publisher":"https:\/\/facebook.com\/eldigitaldeasturias","twitter:card":"summary_large_image","twitter:title":"El transporte de mercanc\u00edas es un sector esencial durante el estado de alarma - El Digital de Asturias","twitter:description":"El Ministerio de Transportes, Movilidad y Agenda Urbana (Mitma) reitera que el transporte de mercanc\u00edas es un sector calificado como esencial a efectos de la normativa aplicable durante el estado de alarma y, por lo tanto, no se le aplica ninguna restricci\u00f3n. El Real Decreto-ley 10\/2020, de 29 de marzo, que regula un permiso retribuido","twitter:image":"https:\/\/www.eldigitaldeasturias.com\/noticias\/wp-content\/uploads\/2019\/03\/30122016_Exportaciones.jpg","twitter:label1":"Escrito por","twitter:data1":"El Digital de Asturias","twitter:label2":"Tiempo de lectura estimado","twitter:data2":"3 minutos"},"aioseo_meta_data":{"post_id":"1062420","title":null,"description":null,"keywords":null,"keyphrases":null,"primary_term":null,"canonical_url":null,"og_title":null,"og_description":null,"og_object_type":"default","og_image_type":"default","og_image_url":null,"og_image_width":null,"og_image_height":null,"og_image_custom_url":null,"og_image_custom_fields":null,"og_video":null,"og_custom_url":null,"og_article_section":null,"og_article_tags":null,"twitter_use_og":false,"twitter_card":"default","twitter_image_type":"default","twitter_image_url":null,"twitter_image_custom_url":null,"twitter_image_custom_fields":null,"twitter_title":null,"twitter_description":null,"schema":{"blockGraphs":[],"customGraphs":[],"default":{"data":{"Article":[],"Course":[],"Dataset":[],"FAQPage":[],"Movie":[],"Person":[],"Product":[],"ProductReview":[],"Car":[],"Recipe":[],"Service":[],"SoftwareApplication":[],"WebPage":[]},"graphName":"","isEnabled":true},"graphs":[],"defaultGraph":"","defaultPostTypeGraph":""},"schema_type":null,"schema_type_options":null,"pillar_content":false,"robots_default":true,"robots_noindex":false,"robots_noarchive":false,"robots_nosnippet":false,"robots_nofollow":false,"robots_noimageindex":false,"robots_noodp":false,"robots_notranslate":false,"robots_max_snippet":null,"robots_max_videopreview":null,"robots_max_imagepreview":"large","priority":null,"frequency":null,"local_seo":null,"seo_analyzer_scan_date":"2025-10-31 18:45:07","breadcrumb_settings":null,"limit_modified_date":false,"open_ai":null,"ai":null,"created":"2020-12-21 10:53:09","updated":"2025-10-31 18:45:07"},"aioseo_breadcrumb":"<div class=\"aioseo-breadcrumbs\"><span class=\"aioseo-breadcrumb\">\n\t<a href=\"https:\/\/www.eldigitaldeasturias.com\/noticias\" title=\"Home\">Home<\/a>\n<\/span><span class=\"aioseo-breadcrumb-separator\">\u2013<\/span><span class=\"aioseo-breadcrumb\">\n\t<a href=\"https:\/\/www.eldigitaldeasturias.com\/noticias\/category\/economia\/\" title=\"Econom\u00eda\">Econom\u00eda<\/a>\n<\/span><span class=\"aioseo-breadcrumb-separator\">\u2013<\/span><span class=\"aioseo-breadcrumb\">\n\t<a href=\"https:\/\/www.eldigitaldeasturias.com\/noticias\/el-transporte-de-mercancias-es-un-sector-esencial-durante-el-estado-de-alarma\/\" title=\"El transporte de mercanc\u00edas es un sector esencial durante el estado de alarma\">El transporte de mercanc\u00edas es un sector esencial durante el estado de alarma<\/a>\n<\/span><\/div>","aioseo_breadcrumb_json":[{"label":"Home","link":"https:\/\/www.eldigitaldeasturias.com\/noticias"},{"label":"Econom\u00eda","link":"https:\/\/www.eldigitaldeasturias.com\/noticias\/category\/economia\/"},{"label":"El transporte de mercanc\u00edas es un sector esencial durante el estado de alarma","link":"https:\/\/www.eldigitaldeasturias.com\/noticias\/el-transporte-de-mercancias-es-un-sector-esencial-durante-el-estado-de-alarma\/"}],"_links":{"self":[{"href":"https:\/\/www.eldigitaldeasturias.com\/noticias\/wp-json\/wp\/v2\/posts\/1062420","targetHints":{"allow":["GET"]}}],"collection":[{"href":"https:\/\/www.eldigitaldeasturias.com\/noticias\/wp-json\/wp\/v2\/posts"}],"about":[{"href":"https:\/\/www.eldigitaldeasturias.com\/noticias\/wp-json\/wp\/v2\/types\/post"}],"author":[{"embeddable":true,"href":"https:\/\/www.eldigitaldeasturias.com\/noticias\/wp-json\/wp\/v2\/users\/1"}],"replies":[{"embeddable":true,"href":"https:\/\/www.eldigitaldeasturias.com\/noticias\/wp-json\/wp\/v2\/comments?post=1062420"}],"version-history":[{"count":0,"href":"https:\/\/www.eldigitaldeasturias.com\/noticias\/wp-json\/wp\/v2\/posts\/1062420\/revisions"}],"wp:featuredmedia":[{"embeddable":true,"href":"https:\/\/www.eldigitaldeasturias.com\/noticias\/wp-json\/wp\/v2\/media\/1021361"}],"wp:attachment":[{"href":"https:\/\/www.eldigitaldeasturias.com\/noticias\/wp-json\/wp\/v2\/media?parent=1062420"}],"wp:term":[{"taxonomy":"category","embeddable":true,"href":"https:\/\/www.eldigitaldeasturias.com\/noticias\/wp-json\/wp\/v2\/categories?post=1062420"},{"taxonomy":"post_tag","embeddable":true,"href":"https:\/\/www.eldigitaldeasturias.com\/noticias\/wp-json\/wp\/v2\/tags?post=1062420"}],"curies":[{"name":"wp","href":"https:\/\/api.w.org\/{rel}","templated":true}]}}