{"id":1062272,"date":"2020-03-31T16:15:40","date_gmt":"2020-03-31T16:15:40","guid":{"rendered":"https:\/\/www.eldigitaldeasturias.com\/noticias\/?p=1062272"},"modified":"2020-03-31T16:16:07","modified_gmt":"2020-03-31T16:16:07","slug":"abascal-pide-la-creacion-de-un-gobierno-de-emergencia","status":"publish","type":"post","link":"https:\/\/www.eldigitaldeasturias.com\/noticias\/abascal-pide-la-creacion-de-un-gobierno-de-emergencia\/","title":{"rendered":"Abascal pide la creaci\u00f3n de un Gobierno de Emergencia"},"content":{"rendered":"<p><img loading=\"lazy\" decoding=\"async\" class=\"alignleft size-medium wp-image-1016636\" src=\"https:\/\/www.eldigitaldeasturias.com\/noticias\/wp-content\/uploads\/2019\/02\/spain-379535_960_720-360x270.jpg\" alt=\"\" width=\"360\" height=\"270\" srcset=\"https:\/\/www.eldigitaldeasturias.com\/noticias\/wp-content\/uploads\/2019\/02\/spain-379535_960_720-360x270.jpg 360w, https:\/\/www.eldigitaldeasturias.com\/noticias\/wp-content\/uploads\/2019\/02\/spain-379535_960_720-768x576.jpg 768w, https:\/\/www.eldigitaldeasturias.com\/noticias\/wp-content\/uploads\/2019\/02\/spain-379535_960_720-640x480.jpg 640w, https:\/\/www.eldigitaldeasturias.com\/noticias\/wp-content\/uploads\/2019\/02\/spain-379535_960_720-90x67.jpg 90w, https:\/\/www.eldigitaldeasturias.com\/noticias\/wp-content\/uploads\/2019\/02\/spain-379535_960_720.jpg 960w\" sizes=\"auto, (max-width: 360px) 100vw, 360px\" \/>El presidente de VOX, <strong>Santiago Abascal<\/strong>, ha reclamado este martes la <strong>dimisi\u00f3n del Ejecutivo de Pedro S\u00e1nchez y la puesta en marcha de un gobierno t\u00e9cnico<\/strong>, de emergencia nacional, para hacer frente a la crisis sanitaria provocada por el coronavirus.<\/p>\n<p>La formaci\u00f3n ha presentado adem\u00e1s diez medidas concretas del \u00e1mbito sanitario y econ\u00f3mico para que Espa\u00f1a supere la amenaza del coronavirus salvando vidas y\u00a0 salvaguardando los empleos.<\/p>\n<p>En una rueda de prensa telem\u00e1tica, Santiago Abascal ha lamentado que el gobierno de los se\u00f1ores S\u00e1nchez e Iglesias haya despreciado las advertencias que le hac\u00edan los expertos para despu\u00e9s ocultar la amenaza \u201cponiendo en peligro a millones de personas\u201d, y ha denunciado la incapacidad para actuar con diligencia, \u201centretenido en intrigas pol\u00edticas\u201d. \u201cY todo ello est\u00e1n tratando de camuflarlo con toneladas de mentiras, comprando a los medios de comunicaci\u00f3n, censurando las RRSS, y emitiendo el programa de Al\u00f3 presidente\u201d.<\/p>\n<p>El presidente de VOX ha denunciado, adem\u00e1s, que 17 d\u00edas despu\u00e9s de proclamado el estado de alarma los sanitarios, polic\u00edas, guardias civiles, militares, funcionarios\u00a0 de prisiones, trabajadores del sector primario\u2026 sigan sin la protecci\u00f3n adecuada y sin posibilidad de acceder a test sanitarios, mientras contin\u00faa el caos en la compra de material y no llegan medidas de apoyo a la industria y las empresas. \u201cLas tres amenazas sobre las que advert\u00eda en el Congreso se han acrecentado: la amenaza a la salud, la amenaza a la libertad y a la propiedad, y la amenaza de<br \/>\nruina econ\u00f3mica\u201d.<\/p>\n<p>As\u00ed, Santiago Abascal ha reclamado \u201cla dimisi\u00f3n inmediata del se\u00f1or S\u00e1nchez y del se\u00f1or Iglesias\u201d -\u201ccreemos que su gesti\u00f3n es nociva para la salud de los espa\u00f1oles, trae la ruina para la econom\u00eda espa\u00f1ola, y amenaza gravemente la libertad en Espa\u00f1a\u201d- y \u201cla creaci\u00f3n urgente de un Gobierno de Emergencia Nacional que debe ponerse como \u00fanico objetivo derrotar la pandemia y salvar el bienestar econ\u00f3mico y la libertad de los espa\u00f1oles, ahora confinados y amenazados por la ruina\u201d.<\/p>\n<p>Por \u00faltimo, el l\u00edder de VOX ha lamentado que Pedro Sanchez y Pablo Iglesias trabajen s\u00f3lo en protegerse a ellos mismos. \u201cQue se vayan a su casa, con sus\u00a0 abogados, y se preparen para defenderse ante los tribunales. Y que permitan que Espa\u00f1a y los espa\u00f1oles salgamos adelante\u201d.<\/p>\n<p><strong>Medidas sanitarias<\/strong><\/p>\n<p>Tras la intervenci\u00f3n de Santiago Abascal, el m\u00e9dico y diputado de VOX, Juan Luis Steegmann, ha explicado las medidas sanitarias que conforman el Plan de emergencia Nacional Sanitaria reclamado por VOX.<\/p>\n<p>-Renovaci\u00f3n completa del consejo asesor del Ministerio de Sanidad, incluyendo en \u00e9l, a cl\u00ednicos, investigadores cl\u00ednicos, farmace\u00faticos, farmac\u00f3logos, epidemi\u00f3logos y enfermeros.<\/p>\n<p>-Implantaci\u00f3n de una base de datos \u00fanica y obligatoria, a tiempo real de todas las variables de inter\u00e9s sobre la epidemia (n\u00famero real de fallecidos, por todas las causas, ya sean por Coronavirus, c\u00e1ncer, y otras enfermedades).<\/p>\n<p>-Adquisici\u00f3n al precio que sea y fabricaci\u00f3n urgente de material de protecci\u00f3n para todos los profesionales esenciales; material de protecci\u00f3n para todos los espa\u00f1oles (mascarillas, y desinfectantes); desinfectantes ambientales, qu\u00edmicos y f\u00edsicos; kits diagn\u00f3sticos para usarlos en los pacientes, profesionales sanitarios, y contactos estrechos; tratamientos que hayan dado signos iniciales de actividad o que tengan una base cient\u00edfica plausible; equipos de soporte vital tanto para emergencias como para hospitalizaci\u00f3n.<\/p>\n<p>-Potenciaci\u00f3n de las UCI y unidades de reanimaci\u00f3n: creaci\u00f3n de hospitales monogr\u00e1ficos, de manera que se garantice el aislamiento completo de los enfermos contagiosos; coordinaci\u00f3n de los servicios de emergencias a nivel nacional; creaci\u00f3n de un Centro \u00danico de Control de Epidemias.<\/p>\n<p>-Financiaci\u00f3n m\u00e1xima de proyectos cient\u00edficos y ensayos cl\u00ednicos que tengan como objeto la investigaci\u00f3n sobre el Coronavirus y la patogenia de la COVID,\u00a0 priorizando aquellos que tengan car\u00e1cter nacional.<\/p>\n<p>-Utilizaci\u00f3n de la red hotelera espa\u00f1ola para alojamiento de trabajadores sanitarios, de manera que no contagien a sus contactos familiares, en periodos de 14 d\u00edas, con realizaci\u00f3n de tests de PCR y serologia y establecimiento de una Red de Asistencia Social que atienda las necesidades familiares de los profesionales sanitarios enfermos.<\/p>\n<p>-Aumento del salario de todos los profesionales sanitarios en un 20% y\u00a0 compensaci\u00f3n econ\u00f3mica de los voluntarios sanitarios que se hayan jubilado.<\/p>\n<p>-Creaci\u00f3n definitiva de las Especialidades de Enfermedades Infecciosas y la de Emergencias.<\/p>\n<p><strong>Escenario pol\u00edtico<\/strong><\/p>\n<p>En cuanto a la cuesti\u00f3n pol\u00edtica, el eurodiputado y portavoz del Comit\u00e9 de Acci\u00f3n Pol\u00edtica de VOX, Jorge Buxad\u00e9, ha explicado que la propuesta de VOX es la creaci\u00f3n de un gobierno de concentraci\u00f3n y emergencia nacional, fuerte, \u00fanico y con un \u00fanico objetivo: salvar vidas y empleos.<\/p>\n<p><strong>Un Gobierno que represente a la mayor\u00eda del pueblo espa\u00f1ol (PSOE + PP + VOX = 260 esca\u00f1os y 74% Congreso)<\/strong><\/p>\n<p>Un gobierno de t\u00e9cnicos y pol\u00edticos SIN militancia activa que tenga por misi\u00f3n exclusiva salvar vidas y empleos, que no quiera aprovechar esta amenaza para sacrificar la soberan\u00eda y libertad de los espa\u00f1oles y que asuma su responsabilidad con el compromiso firme de CONVOCAR ELECCIONES tan pronto pase la\u00a0 pandemia.<\/p>\n<p><strong>Medidas econ\u00f3micas<\/strong><\/p>\n<p>El portavoz del grupo parlamentario VOX, Iv\u00e1n Espinosa de los Monteros, ha sido el encargado de explicar las medidas econ\u00f3micas que propone la formaci\u00f3n para evitar \u201cel siguiente gran riesgo que se cierne sobre Espa\u00f1a: el riesgo de nuestra quiebra econ\u00f3mica\u201d.<\/p>\n<p>\u201cLos dos \u00faltimos RDL (9\/2020 y 10\/2020) suponen una serie de medidas que ponen en grave riesgo la supervivencia del sistema productivo espa\u00f1ol y contrasta fuertemente con las medidas que est\u00e1n tomando otros pa\u00edses\u201d, ha dicho Espinosa de los Monteros, que ha a\u00f1adido que \u201cdurante d\u00e9cadas, los espa\u00f1oles han trabajado para mantener al Estado. Pues bien, en esta situaci\u00f3n cr\u00edtica, es cuando al Estado le toca trabajar para mantener a los espa\u00f1oles\u201d.<\/p>\n<p>Por eso VOX propone:<\/p>\n<p>-que durante un periodo de tres meses, el Estado cubra el sueldo de todos los espa\u00f1oles que no van a poder trabajar (13 millones de espa\u00f1oles que trabajaban en el sector privado) y compensar con una prima del 20% de su sueldo por los riesgos que est\u00e1n asumiendo a los trabajadores de servicios esenciales. (Se calcula que el coste total de esta medida ser\u00e1 de unos 80.000 millones de euros, que se financiar\u00eda mediante la emisi\u00f3n de eurobonos que permitieran al Reino de Espa\u00f1a obtener la liquidez necesaria para afrontar esta inversi\u00f3n. Tambi\u00e9n se podr\u00eda aplicar el uso del 80% de los fondos originalmente destinados a la lucha contra el cambio clim\u00e1tico, que recordemos eran \u20ac100,000 millones, seg\u00fan dijo el Presidente del Gobierno).<\/p>\n<p>Adem\u00e1s, se propone:<\/p>\n<p>&#8211; La suspensi\u00f3n de las obligaciones tributarias de las empresas (IVA e IRPF y pagos a cuenta del Impuesto de Sociedades).<\/p>\n<p>&#8211; La supresi\u00f3n de todos los impuestos que gravan el consumo de suministros de los hogares (agua, luz y gas) y del impuesto de sucesiones.<\/p>\n<p>&#8211; Suspender el pago de la parte del capital en la cuota de amortizaci\u00f3n de los pr\u00e9stamos hipotecarios y permitir el rescate de fondos de pensiones y planes de ahorro, sin penalizaciones fiscales<\/p>\n<p>&#8211; Suspender el devengo de cuotas de la seguridad social, tanto de los trabajadores por cuenta ajena como de los aut\u00f3nomos con car\u00e1cter retroactivo y durante todo el plazo que dure el confinamiento de los espa\u00f1oles.<\/p>\n<p>\u201cQueremos -ha concluido Espinosa de los Monteros- un Gobierno de concentraci\u00f3n nacional que se plante ante la Uni\u00f3n Europea para anteponer la vida y dignidad de nuestros mayores, y exigir que Bruselas utilice el bill\u00f3n de euros destinado a &#8216;emergencia clim\u00e1tica&#8217; a esta emergencia sanitaria y econ\u00f3mica.<\/p>\n<p>&nbsp;<\/p>\n","protected":false},"excerpt":{"rendered":"<p>El presidente de VOX, Santiago Abascal, ha reclamado este martes la dimisi\u00f3n del Ejecutivo de Pedro S\u00e1nchez y la puesta en marcha de un gobierno t\u00e9cnico, de emergencia nacional, para hacer frente a la crisis sanitaria provocada por el coronavirus. La formaci\u00f3n ha presentado adem\u00e1s diez medidas concretas del \u00e1mbito sanitario y econ\u00f3mico para que [&hellip;]<\/p>\n","protected":false},"author":1,"featured_media":1016636,"comment_status":"closed","ping_status":"closed","sticky":false,"template":"","format":"standard","meta":{"footnotes":""},"categories":[1,141],"tags":[],"class_list":["post-1062272","post","type-post","status-publish","format-standard","has-post-thumbnail","hentry","category-actualidad","category-destacadas"],"aioseo_notices":[],"aioseo_head":"\n\t\t<!-- All in One SEO Pro 4.9.6.2 - aioseo.com -->\n\t<meta name=\"description\" content=\"El presidente de VOX, Santiago Abascal, ha reclamado este martes la dimisi\u00f3n del Ejecutivo de Pedro S\u00e1nchez y la puesta en marcha de un gobierno t\u00e9cnico, de emergencia nacional, para hacer frente a la crisis sanitaria provocada por el coronavirus. La formaci\u00f3n ha presentado adem\u00e1s diez medidas concretas del \u00e1mbito sanitario y econ\u00f3mico para que\" \/>\n\t<meta name=\"robots\" content=\"max-image-preview:large\" \/>\n\t<meta name=\"author\" content=\"El Digital de Asturias\"\/>\n\t<meta name=\"google-site-verification\" content=\"UA-38556648-1\" \/>\n\t<meta name=\"msvalidate.01\" content=\"7dfe9f3f1b24437ab69f4f2559babe99\" \/>\n\t<meta name=\"keywords\" content=\"actualidad,destacadas\" \/>\n\t<link rel=\"canonical\" href=\"https:\/\/www.eldigitaldeasturias.com\/noticias\/abascal-pide-la-creacion-de-un-gobierno-de-emergencia\/\" \/>\n\t<meta name=\"generator\" content=\"All in One SEO Pro (AIOSEO) 4.9.6.2\" \/>\n\t\t<meta property=\"og:locale\" content=\"es_ES\" \/>\n\t\t<meta property=\"og:site_name\" content=\"El Digital de Asturias\" \/>\n\t\t<meta property=\"og:type\" content=\"article\" \/>\n\t\t<meta property=\"og:title\" content=\"Abascal pide la creaci\u00f3n de un Gobierno de Emergencia - El Digital de Asturias\" \/>\n\t\t<meta property=\"og:description\" content=\"El presidente de VOX, Santiago Abascal, ha reclamado este martes la dimisi\u00f3n del Ejecutivo de Pedro S\u00e1nchez y la puesta en marcha de un gobierno t\u00e9cnico, de emergencia nacional, para hacer frente a la crisis sanitaria provocada por el coronavirus. La formaci\u00f3n ha presentado adem\u00e1s diez medidas concretas del \u00e1mbito sanitario y econ\u00f3mico para que\" \/>\n\t\t<meta property=\"og:url\" content=\"https:\/\/www.eldigitaldeasturias.com\/noticias\/abascal-pide-la-creacion-de-un-gobierno-de-emergencia\/\" \/>\n\t\t<meta property=\"og:image\" content=\"https:\/\/www.eldigitaldeasturias.com\/noticias\/wp-content\/uploads\/2019\/02\/spain-379535_960_720.jpg\" \/>\n\t\t<meta property=\"og:image:secure_url\" content=\"https:\/\/www.eldigitaldeasturias.com\/noticias\/wp-content\/uploads\/2019\/02\/spain-379535_960_720.jpg\" \/>\n\t\t<meta property=\"og:image:width\" content=\"960\" \/>\n\t\t<meta property=\"og:image:height\" content=\"720\" \/>\n\t\t<meta property=\"article:tag\" content=\"actualidad\" \/>\n\t\t<meta property=\"article:tag\" content=\"destacadas\" \/>\n\t\t<meta property=\"article:published_time\" content=\"2020-03-31T16:15:40+00:00\" \/>\n\t\t<meta property=\"article:modified_time\" content=\"2020-03-31T16:16:07+00:00\" \/>\n\t\t<meta property=\"article:publisher\" content=\"https:\/\/facebook.com\/eldigitaldeasturias\" \/>\n\t\t<meta name=\"twitter:card\" content=\"summary_large_image\" \/>\n\t\t<meta name=\"twitter:title\" content=\"Abascal pide la creaci\u00f3n de un Gobierno de Emergencia - El Digital de Asturias\" \/>\n\t\t<meta name=\"twitter:description\" content=\"El presidente de VOX, Santiago Abascal, ha reclamado este martes la dimisi\u00f3n del Ejecutivo de Pedro S\u00e1nchez y la puesta en marcha de un gobierno t\u00e9cnico, de emergencia nacional, para hacer frente a la crisis sanitaria provocada por el coronavirus. La formaci\u00f3n ha presentado adem\u00e1s diez medidas concretas del \u00e1mbito sanitario y econ\u00f3mico para que\" \/>\n\t\t<meta name=\"twitter:image\" content=\"https:\/\/www.eldigitaldeasturias.com\/noticias\/wp-content\/uploads\/2019\/02\/spain-379535_960_720.jpg\" \/>\n\t\t<meta name=\"twitter:label1\" content=\"Escrito por\" \/>\n\t\t<meta name=\"twitter:data1\" content=\"El Digital de Asturias\" \/>\n\t\t<meta name=\"twitter:label2\" content=\"Tiempo de lectura estimado\" \/>\n\t\t<meta name=\"twitter:data2\" content=\"7 minutos\" \/>\n\t\t<script type=\"application\/ld+json\" class=\"aioseo-schema\">\n\t\t\t{\"@context\":\"https:\\\/\\\/schema.org\",\"@graph\":[{\"@type\":\"BlogPosting\",\"@id\":\"https:\\\/\\\/www.eldigitaldeasturias.com\\\/noticias\\\/abascal-pide-la-creacion-de-un-gobierno-de-emergencia\\\/#blogposting\",\"name\":\"Abascal pide la creaci\\u00f3n de un Gobierno de Emergencia - El Digital de Asturias\",\"headline\":\"Abascal pide la creaci\\u00f3n de un Gobierno de Emergencia\",\"author\":{\"@id\":\"https:\\\/\\\/www.eldigitaldeasturias.com\\\/noticias\\\/author\\\/admin\\\/#author\"},\"publisher\":{\"@id\":\"https:\\\/\\\/www.eldigitaldeasturias.com\\\/noticias\\\/#organization\"},\"image\":{\"@type\":\"ImageObject\",\"url\":\"https:\\\/\\\/www.eldigitaldeasturias.com\\\/noticias\\\/wp-content\\\/uploads\\\/2019\\\/02\\\/spain-379535_960_720.jpg\",\"width\":960,\"height\":720},\"datePublished\":\"2020-03-31T16:15:40+02:00\",\"dateModified\":\"2020-03-31T16:16:07+02:00\",\"inLanguage\":\"es-ES\",\"mainEntityOfPage\":{\"@id\":\"https:\\\/\\\/www.eldigitaldeasturias.com\\\/noticias\\\/abascal-pide-la-creacion-de-un-gobierno-de-emergencia\\\/#webpage\"},\"isPartOf\":{\"@id\":\"https:\\\/\\\/www.eldigitaldeasturias.com\\\/noticias\\\/abascal-pide-la-creacion-de-un-gobierno-de-emergencia\\\/#webpage\"},\"articleSection\":\"Actualidad, Destacadas\"},{\"@type\":\"BreadcrumbList\",\"@id\":\"https:\\\/\\\/www.eldigitaldeasturias.com\\\/noticias\\\/abascal-pide-la-creacion-de-un-gobierno-de-emergencia\\\/#breadcrumblist\",\"itemListElement\":[{\"@type\":\"ListItem\",\"@id\":\"https:\\\/\\\/www.eldigitaldeasturias.com\\\/noticias#listItem\",\"position\":1,\"name\":\"Home\",\"item\":\"https:\\\/\\\/www.eldigitaldeasturias.com\\\/noticias\",\"nextItem\":{\"@type\":\"ListItem\",\"@id\":\"https:\\\/\\\/www.eldigitaldeasturias.com\\\/noticias\\\/category\\\/actualidad\\\/#listItem\",\"name\":\"Actualidad\"}},{\"@type\":\"ListItem\",\"@id\":\"https:\\\/\\\/www.eldigitaldeasturias.com\\\/noticias\\\/category\\\/actualidad\\\/#listItem\",\"position\":2,\"name\":\"Actualidad\",\"item\":\"https:\\\/\\\/www.eldigitaldeasturias.com\\\/noticias\\\/category\\\/actualidad\\\/\",\"nextItem\":{\"@type\":\"ListItem\",\"@id\":\"https:\\\/\\\/www.eldigitaldeasturias.com\\\/noticias\\\/abascal-pide-la-creacion-de-un-gobierno-de-emergencia\\\/#listItem\",\"name\":\"Abascal pide la creaci\\u00f3n de un Gobierno de Emergencia\"},\"previousItem\":{\"@type\":\"ListItem\",\"@id\":\"https:\\\/\\\/www.eldigitaldeasturias.com\\\/noticias#listItem\",\"name\":\"Home\"}},{\"@type\":\"ListItem\",\"@id\":\"https:\\\/\\\/www.eldigitaldeasturias.com\\\/noticias\\\/abascal-pide-la-creacion-de-un-gobierno-de-emergencia\\\/#listItem\",\"position\":3,\"name\":\"Abascal pide la creaci\\u00f3n de un Gobierno de Emergencia\",\"previousItem\":{\"@type\":\"ListItem\",\"@id\":\"https:\\\/\\\/www.eldigitaldeasturias.com\\\/noticias\\\/category\\\/actualidad\\\/#listItem\",\"name\":\"Actualidad\"}}]},{\"@type\":\"Organization\",\"@id\":\"https:\\\/\\\/www.eldigitaldeasturias.com\\\/noticias\\\/#organization\",\"name\":\"El Digital de Asturias\",\"description\":\"Hemeroteca\",\"url\":\"https:\\\/\\\/www.eldigitaldeasturias.com\\\/noticias\\\/\",\"email\":\"info@eldigitaldeasturias.com\",\"telephone\":\"+34652131393\",\"logo\":{\"@type\":\"ImageObject\",\"url\":\"https:\\\/\\\/www.eldigitaldeasturias.com\\\/noticias\\\/wp-content\\\/uploads\\\/2020\\\/12\\\/EDA.jpg\",\"@id\":\"https:\\\/\\\/www.eldigitaldeasturias.com\\\/noticias\\\/abascal-pide-la-creacion-de-un-gobierno-de-emergencia\\\/#organizationLogo\",\"width\":649,\"height\":297},\"image\":{\"@id\":\"https:\\\/\\\/www.eldigitaldeasturias.com\\\/noticias\\\/abascal-pide-la-creacion-de-un-gobierno-de-emergencia\\\/#organizationLogo\"},\"sameAs\":[\"https:\\\/\\\/facebook.com\\\/eldigitaldeasturias\",\"https:\\\/\\\/www.youtube.com\\\/channel\\\/UCZP-2wLEB9Rv6erhFmqVnvg\"],\"address\":{\"@id\":\"https:\\\/\\\/www.eldigitaldeasturias.com\\\/noticias\\\/#postaladdress\",\"@type\":\"PostalAddress\",\"streetAddress\":\"san antonio 4,\",\"postalCode\":\"33430\",\"addressLocality\":\"Cand\\u00e1s\",\"addressRegion\":\"Asturias\",\"addressCountry\":\"ES\"}},{\"@type\":\"Person\",\"@id\":\"https:\\\/\\\/www.eldigitaldeasturias.com\\\/noticias\\\/author\\\/admin\\\/#author\",\"url\":\"https:\\\/\\\/www.eldigitaldeasturias.com\\\/noticias\\\/author\\\/admin\\\/\",\"name\":\"El Digital de Asturias\",\"image\":{\"@type\":\"ImageObject\",\"@id\":\"https:\\\/\\\/www.eldigitaldeasturias.com\\\/noticias\\\/abascal-pide-la-creacion-de-un-gobierno-de-emergencia\\\/#authorImage\",\"url\":\"https:\\\/\\\/www.eldigitaldeasturias.com\\\/noticias\\\/wp-content\\\/litespeed\\\/avatar\\\/18677e78aa0546b92d9dbf31ec7d7668.jpg?ver=1777290358\",\"width\":96,\"height\":96,\"caption\":\"El Digital de Asturias\"}},{\"@type\":\"WebPage\",\"@id\":\"https:\\\/\\\/www.eldigitaldeasturias.com\\\/noticias\\\/abascal-pide-la-creacion-de-un-gobierno-de-emergencia\\\/#webpage\",\"url\":\"https:\\\/\\\/www.eldigitaldeasturias.com\\\/noticias\\\/abascal-pide-la-creacion-de-un-gobierno-de-emergencia\\\/\",\"name\":\"Abascal pide la creaci\\u00f3n de un Gobierno de Emergencia - El Digital de Asturias\",\"description\":\"El presidente de VOX, Santiago Abascal, ha reclamado este martes la dimisi\\u00f3n del Ejecutivo de Pedro S\\u00e1nchez y la puesta en marcha de un gobierno t\\u00e9cnico, de emergencia nacional, para hacer frente a la crisis sanitaria provocada por el coronavirus. La formaci\\u00f3n ha presentado adem\\u00e1s diez medidas concretas del \\u00e1mbito sanitario y econ\\u00f3mico para que\",\"inLanguage\":\"es-ES\",\"isPartOf\":{\"@id\":\"https:\\\/\\\/www.eldigitaldeasturias.com\\\/noticias\\\/#website\"},\"breadcrumb\":{\"@id\":\"https:\\\/\\\/www.eldigitaldeasturias.com\\\/noticias\\\/abascal-pide-la-creacion-de-un-gobierno-de-emergencia\\\/#breadcrumblist\"},\"author\":{\"@id\":\"https:\\\/\\\/www.eldigitaldeasturias.com\\\/noticias\\\/author\\\/admin\\\/#author\"},\"creator\":{\"@id\":\"https:\\\/\\\/www.eldigitaldeasturias.com\\\/noticias\\\/author\\\/admin\\\/#author\"},\"image\":{\"@type\":\"ImageObject\",\"url\":\"https:\\\/\\\/www.eldigitaldeasturias.com\\\/noticias\\\/wp-content\\\/uploads\\\/2019\\\/02\\\/spain-379535_960_720.jpg\",\"@id\":\"https:\\\/\\\/www.eldigitaldeasturias.com\\\/noticias\\\/abascal-pide-la-creacion-de-un-gobierno-de-emergencia\\\/#mainImage\",\"width\":960,\"height\":720},\"primaryImageOfPage\":{\"@id\":\"https:\\\/\\\/www.eldigitaldeasturias.com\\\/noticias\\\/abascal-pide-la-creacion-de-un-gobierno-de-emergencia\\\/#mainImage\"},\"datePublished\":\"2020-03-31T16:15:40+02:00\",\"dateModified\":\"2020-03-31T16:16:07+02:00\"},{\"@type\":\"WebSite\",\"@id\":\"https:\\\/\\\/www.eldigitaldeasturias.com\\\/noticias\\\/#website\",\"url\":\"https:\\\/\\\/www.eldigitaldeasturias.com\\\/noticias\\\/\",\"name\":\"El Digital de Asturias - Diario de actualidad y noticias\",\"alternateName\":\"El Digital de Asturias - Diario de actualidad y noticias\",\"description\":\"Hemeroteca\",\"inLanguage\":\"es-ES\",\"publisher\":{\"@id\":\"https:\\\/\\\/www.eldigitaldeasturias.com\\\/noticias\\\/#organization\"}}]}\n\t\t<\/script>\n\t\t<!-- All in One SEO Pro -->\r\n\t\t<title>Abascal pide la creaci\u00f3n de un Gobierno de Emergencia - El Digital de Asturias<\/title>\n\n","aioseo_head_json":{"title":"Abascal pide la creaci\u00f3n de un Gobierno de Emergencia - El Digital de Asturias","description":"El presidente de VOX, Santiago Abascal, ha reclamado este martes la dimisi\u00f3n del Ejecutivo de Pedro S\u00e1nchez y la puesta en marcha de un gobierno t\u00e9cnico, de emergencia nacional, para hacer frente a la crisis sanitaria provocada por el coronavirus. La formaci\u00f3n ha presentado adem\u00e1s diez medidas concretas del \u00e1mbito sanitario y econ\u00f3mico para que","canonical_url":"https:\/\/www.eldigitaldeasturias.com\/noticias\/abascal-pide-la-creacion-de-un-gobierno-de-emergencia\/","robots":"max-image-preview:large","keywords":"actualidad,destacadas","webmasterTools":{"google-site-verification":"UA-38556648-1","msvalidate.01":"7dfe9f3f1b24437ab69f4f2559babe99","miscellaneous":""},"schema":{"@context":"https:\/\/schema.org","@graph":[{"@type":"BlogPosting","@id":"https:\/\/www.eldigitaldeasturias.com\/noticias\/abascal-pide-la-creacion-de-un-gobierno-de-emergencia\/#blogposting","name":"Abascal pide la creaci\u00f3n de un Gobierno de Emergencia - El Digital de Asturias","headline":"Abascal pide la creaci\u00f3n de un Gobierno de Emergencia","author":{"@id":"https:\/\/www.eldigitaldeasturias.com\/noticias\/author\/admin\/#author"},"publisher":{"@id":"https:\/\/www.eldigitaldeasturias.com\/noticias\/#organization"},"image":{"@type":"ImageObject","url":"https:\/\/www.eldigitaldeasturias.com\/noticias\/wp-content\/uploads\/2019\/02\/spain-379535_960_720.jpg","width":960,"height":720},"datePublished":"2020-03-31T16:15:40+02:00","dateModified":"2020-03-31T16:16:07+02:00","inLanguage":"es-ES","mainEntityOfPage":{"@id":"https:\/\/www.eldigitaldeasturias.com\/noticias\/abascal-pide-la-creacion-de-un-gobierno-de-emergencia\/#webpage"},"isPartOf":{"@id":"https:\/\/www.eldigitaldeasturias.com\/noticias\/abascal-pide-la-creacion-de-un-gobierno-de-emergencia\/#webpage"},"articleSection":"Actualidad, Destacadas"},{"@type":"BreadcrumbList","@id":"https:\/\/www.eldigitaldeasturias.com\/noticias\/abascal-pide-la-creacion-de-un-gobierno-de-emergencia\/#breadcrumblist","itemListElement":[{"@type":"ListItem","@id":"https:\/\/www.eldigitaldeasturias.com\/noticias#listItem","position":1,"name":"Home","item":"https:\/\/www.eldigitaldeasturias.com\/noticias","nextItem":{"@type":"ListItem","@id":"https:\/\/www.eldigitaldeasturias.com\/noticias\/category\/actualidad\/#listItem","name":"Actualidad"}},{"@type":"ListItem","@id":"https:\/\/www.eldigitaldeasturias.com\/noticias\/category\/actualidad\/#listItem","position":2,"name":"Actualidad","item":"https:\/\/www.eldigitaldeasturias.com\/noticias\/category\/actualidad\/","nextItem":{"@type":"ListItem","@id":"https:\/\/www.eldigitaldeasturias.com\/noticias\/abascal-pide-la-creacion-de-un-gobierno-de-emergencia\/#listItem","name":"Abascal pide la creaci\u00f3n de un Gobierno de Emergencia"},"previousItem":{"@type":"ListItem","@id":"https:\/\/www.eldigitaldeasturias.com\/noticias#listItem","name":"Home"}},{"@type":"ListItem","@id":"https:\/\/www.eldigitaldeasturias.com\/noticias\/abascal-pide-la-creacion-de-un-gobierno-de-emergencia\/#listItem","position":3,"name":"Abascal pide la creaci\u00f3n de un Gobierno de Emergencia","previousItem":{"@type":"ListItem","@id":"https:\/\/www.eldigitaldeasturias.com\/noticias\/category\/actualidad\/#listItem","name":"Actualidad"}}]},{"@type":"Organization","@id":"https:\/\/www.eldigitaldeasturias.com\/noticias\/#organization","name":"El Digital de Asturias","description":"Hemeroteca","url":"https:\/\/www.eldigitaldeasturias.com\/noticias\/","email":"info@eldigitaldeasturias.com","telephone":"+34652131393","logo":{"@type":"ImageObject","url":"https:\/\/www.eldigitaldeasturias.com\/noticias\/wp-content\/uploads\/2020\/12\/EDA.jpg","@id":"https:\/\/www.eldigitaldeasturias.com\/noticias\/abascal-pide-la-creacion-de-un-gobierno-de-emergencia\/#organizationLogo","width":649,"height":297},"image":{"@id":"https:\/\/www.eldigitaldeasturias.com\/noticias\/abascal-pide-la-creacion-de-un-gobierno-de-emergencia\/#organizationLogo"},"sameAs":["https:\/\/facebook.com\/eldigitaldeasturias","https:\/\/www.youtube.com\/channel\/UCZP-2wLEB9Rv6erhFmqVnvg"],"address":{"@id":"https:\/\/www.eldigitaldeasturias.com\/noticias\/#postaladdress","@type":"PostalAddress","streetAddress":"san antonio 4,","postalCode":"33430","addressLocality":"Cand\u00e1s","addressRegion":"Asturias","addressCountry":"ES"}},{"@type":"Person","@id":"https:\/\/www.eldigitaldeasturias.com\/noticias\/author\/admin\/#author","url":"https:\/\/www.eldigitaldeasturias.com\/noticias\/author\/admin\/","name":"El Digital de Asturias","image":{"@type":"ImageObject","@id":"https:\/\/www.eldigitaldeasturias.com\/noticias\/abascal-pide-la-creacion-de-un-gobierno-de-emergencia\/#authorImage","url":"https:\/\/www.eldigitaldeasturias.com\/noticias\/wp-content\/litespeed\/avatar\/18677e78aa0546b92d9dbf31ec7d7668.jpg?ver=1777290358","width":96,"height":96,"caption":"El Digital de Asturias"}},{"@type":"WebPage","@id":"https:\/\/www.eldigitaldeasturias.com\/noticias\/abascal-pide-la-creacion-de-un-gobierno-de-emergencia\/#webpage","url":"https:\/\/www.eldigitaldeasturias.com\/noticias\/abascal-pide-la-creacion-de-un-gobierno-de-emergencia\/","name":"Abascal pide la creaci\u00f3n de un Gobierno de Emergencia - El Digital de Asturias","description":"El presidente de VOX, Santiago Abascal, ha reclamado este martes la dimisi\u00f3n del Ejecutivo de Pedro S\u00e1nchez y la puesta en marcha de un gobierno t\u00e9cnico, de emergencia nacional, para hacer frente a la crisis sanitaria provocada por el coronavirus. La formaci\u00f3n ha presentado adem\u00e1s diez medidas concretas del \u00e1mbito sanitario y econ\u00f3mico para que","inLanguage":"es-ES","isPartOf":{"@id":"https:\/\/www.eldigitaldeasturias.com\/noticias\/#website"},"breadcrumb":{"@id":"https:\/\/www.eldigitaldeasturias.com\/noticias\/abascal-pide-la-creacion-de-un-gobierno-de-emergencia\/#breadcrumblist"},"author":{"@id":"https:\/\/www.eldigitaldeasturias.com\/noticias\/author\/admin\/#author"},"creator":{"@id":"https:\/\/www.eldigitaldeasturias.com\/noticias\/author\/admin\/#author"},"image":{"@type":"ImageObject","url":"https:\/\/www.eldigitaldeasturias.com\/noticias\/wp-content\/uploads\/2019\/02\/spain-379535_960_720.jpg","@id":"https:\/\/www.eldigitaldeasturias.com\/noticias\/abascal-pide-la-creacion-de-un-gobierno-de-emergencia\/#mainImage","width":960,"height":720},"primaryImageOfPage":{"@id":"https:\/\/www.eldigitaldeasturias.com\/noticias\/abascal-pide-la-creacion-de-un-gobierno-de-emergencia\/#mainImage"},"datePublished":"2020-03-31T16:15:40+02:00","dateModified":"2020-03-31T16:16:07+02:00"},{"@type":"WebSite","@id":"https:\/\/www.eldigitaldeasturias.com\/noticias\/#website","url":"https:\/\/www.eldigitaldeasturias.com\/noticias\/","name":"El Digital de Asturias - Diario de actualidad y noticias","alternateName":"El Digital de Asturias - Diario de actualidad y noticias","description":"Hemeroteca","inLanguage":"es-ES","publisher":{"@id":"https:\/\/www.eldigitaldeasturias.com\/noticias\/#organization"}}]},"og:locale":"es_ES","og:site_name":"El Digital de Asturias","og:type":"article","og:title":"Abascal pide la creaci\u00f3n de un Gobierno de Emergencia - El Digital de Asturias","og:description":"El presidente de VOX, Santiago Abascal, ha reclamado este martes la dimisi\u00f3n del Ejecutivo de Pedro S\u00e1nchez y la puesta en marcha de un gobierno t\u00e9cnico, de emergencia nacional, para hacer frente a la crisis sanitaria provocada por el coronavirus. La formaci\u00f3n ha presentado adem\u00e1s diez medidas concretas del \u00e1mbito sanitario y econ\u00f3mico para que","og:url":"https:\/\/www.eldigitaldeasturias.com\/noticias\/abascal-pide-la-creacion-de-un-gobierno-de-emergencia\/","og:image":"https:\/\/www.eldigitaldeasturias.com\/noticias\/wp-content\/uploads\/2019\/02\/spain-379535_960_720.jpg","og:image:secure_url":"https:\/\/www.eldigitaldeasturias.com\/noticias\/wp-content\/uploads\/2019\/02\/spain-379535_960_720.jpg","og:image:width":960,"og:image:height":720,"article:tag":["actualidad","destacadas"],"article:published_time":"2020-03-31T16:15:40+00:00","article:modified_time":"2020-03-31T16:16:07+00:00","article:publisher":"https:\/\/facebook.com\/eldigitaldeasturias","twitter:card":"summary_large_image","twitter:title":"Abascal pide la creaci\u00f3n de un Gobierno de Emergencia - El Digital de Asturias","twitter:description":"El presidente de VOX, Santiago Abascal, ha reclamado este martes la dimisi\u00f3n del Ejecutivo de Pedro S\u00e1nchez y la puesta en marcha de un gobierno t\u00e9cnico, de emergencia nacional, para hacer frente a la crisis sanitaria provocada por el coronavirus. La formaci\u00f3n ha presentado adem\u00e1s diez medidas concretas del \u00e1mbito sanitario y econ\u00f3mico para que","twitter:image":"https:\/\/www.eldigitaldeasturias.com\/noticias\/wp-content\/uploads\/2019\/02\/spain-379535_960_720.jpg","twitter:label1":"Escrito por","twitter:data1":"El Digital de Asturias","twitter:label2":"Tiempo de lectura estimado","twitter:data2":"7 minutos"},"aioseo_meta_data":{"post_id":"1062272","title":null,"description":null,"keywords":null,"keyphrases":null,"primary_term":null,"canonical_url":null,"og_title":null,"og_description":null,"og_object_type":"default","og_image_type":"default","og_image_url":null,"og_image_width":null,"og_image_height":null,"og_image_custom_url":null,"og_image_custom_fields":null,"og_video":null,"og_custom_url":null,"og_article_section":null,"og_article_tags":null,"twitter_use_og":false,"twitter_card":"default","twitter_image_type":"default","twitter_image_url":null,"twitter_image_custom_url":null,"twitter_image_custom_fields":null,"twitter_title":null,"twitter_description":null,"schema":{"blockGraphs":[],"customGraphs":[],"default":{"data":{"Article":[],"Course":[],"Dataset":[],"FAQPage":[],"Movie":[],"Person":[],"Product":[],"ProductReview":[],"Car":[],"Recipe":[],"Service":[],"SoftwareApplication":[],"WebPage":[]},"graphName":"","isEnabled":true},"graphs":[],"defaultGraph":"","defaultPostTypeGraph":""},"schema_type":null,"schema_type_options":null,"pillar_content":false,"robots_default":true,"robots_noindex":false,"robots_noarchive":false,"robots_nosnippet":false,"robots_nofollow":false,"robots_noimageindex":false,"robots_noodp":false,"robots_notranslate":false,"robots_max_snippet":null,"robots_max_videopreview":null,"robots_max_imagepreview":"large","priority":null,"frequency":null,"local_seo":null,"seo_analyzer_scan_date":"2025-10-31 18:14:13","breadcrumb_settings":null,"limit_modified_date":false,"open_ai":null,"ai":null,"created":"2020-12-21 10:53:15","updated":"2025-10-31 18:14:13"},"aioseo_breadcrumb":"<div class=\"aioseo-breadcrumbs\"><span class=\"aioseo-breadcrumb\">\n\t<a href=\"https:\/\/www.eldigitaldeasturias.com\/noticias\" title=\"Home\">Home<\/a>\n<\/span><span class=\"aioseo-breadcrumb-separator\">\u2013<\/span><span class=\"aioseo-breadcrumb\">\n\t<a href=\"https:\/\/www.eldigitaldeasturias.com\/noticias\/category\/actualidad\/\" title=\"Actualidad\">Actualidad<\/a>\n<\/span><span class=\"aioseo-breadcrumb-separator\">\u2013<\/span><span class=\"aioseo-breadcrumb\">\n\t<a href=\"https:\/\/www.eldigitaldeasturias.com\/noticias\/abascal-pide-la-creacion-de-un-gobierno-de-emergencia\/\" title=\"Abascal pide la creaci\u00f3n de un Gobierno de Emergencia\">Abascal pide la creaci\u00f3n de un Gobierno de Emergencia<\/a>\n<\/span><\/div>","aioseo_breadcrumb_json":[{"label":"Home","link":"https:\/\/www.eldigitaldeasturias.com\/noticias"},{"label":"Actualidad","link":"https:\/\/www.eldigitaldeasturias.com\/noticias\/category\/actualidad\/"},{"label":"Abascal pide la creaci\u00f3n de un Gobierno de Emergencia","link":"https:\/\/www.eldigitaldeasturias.com\/noticias\/abascal-pide-la-creacion-de-un-gobierno-de-emergencia\/"}],"_links":{"self":[{"href":"https:\/\/www.eldigitaldeasturias.com\/noticias\/wp-json\/wp\/v2\/posts\/1062272","targetHints":{"allow":["GET"]}}],"collection":[{"href":"https:\/\/www.eldigitaldeasturias.com\/noticias\/wp-json\/wp\/v2\/posts"}],"about":[{"href":"https:\/\/www.eldigitaldeasturias.com\/noticias\/wp-json\/wp\/v2\/types\/post"}],"author":[{"embeddable":true,"href":"https:\/\/www.eldigitaldeasturias.com\/noticias\/wp-json\/wp\/v2\/users\/1"}],"replies":[{"embeddable":true,"href":"https:\/\/www.eldigitaldeasturias.com\/noticias\/wp-json\/wp\/v2\/comments?post=1062272"}],"version-history":[{"count":0,"href":"https:\/\/www.eldigitaldeasturias.com\/noticias\/wp-json\/wp\/v2\/posts\/1062272\/revisions"}],"wp:featuredmedia":[{"embeddable":true,"href":"https:\/\/www.eldigitaldeasturias.com\/noticias\/wp-json\/wp\/v2\/media\/1016636"}],"wp:attachment":[{"href":"https:\/\/www.eldigitaldeasturias.com\/noticias\/wp-json\/wp\/v2\/media?parent=1062272"}],"wp:term":[{"taxonomy":"category","embeddable":true,"href":"https:\/\/www.eldigitaldeasturias.com\/noticias\/wp-json\/wp\/v2\/categories?post=1062272"},{"taxonomy":"post_tag","embeddable":true,"href":"https:\/\/www.eldigitaldeasturias.com\/noticias\/wp-json\/wp\/v2\/tags?post=1062272"}],"curies":[{"name":"wp","href":"https:\/\/api.w.org\/{rel}","templated":true}]}}