{"id":1062179,"date":"2020-03-30T12:01:26","date_gmt":"2020-03-30T12:01:26","guid":{"rendered":"https:\/\/www.eldigitaldeasturias.com\/noticias\/?p=1062179"},"modified":"2020-03-30T12:01:26","modified_gmt":"2020-03-30T12:01:26","slug":"coronavirus-la-comision-presenta-directrices-practicas-para-garantizar-la-libre-circulacion-de-los-trabajadores-criticos","status":"publish","type":"post","link":"https:\/\/www.eldigitaldeasturias.com\/noticias\/coronavirus-la-comision-presenta-directrices-practicas-para-garantizar-la-libre-circulacion-de-los-trabajadores-criticos\/","title":{"rendered":"Coronavirus: La Comisi\u00f3n presenta directrices pr\u00e1cticas para garantizar la libre circulaci\u00f3n de los trabajadores cr\u00edticos"},"content":{"rendered":"<p><img loading=\"lazy\" decoding=\"async\" class=\"alignleft size-medium wp-image-1061794\" src=\"https:\/\/www.eldigitaldeasturias.com\/noticias\/wp-content\/uploads\/2020\/03\/covid-19-4960246_640-360x194.jpg\" alt=\"\" width=\"360\" height=\"194\" srcset=\"https:\/\/www.eldigitaldeasturias.com\/noticias\/wp-content\/uploads\/2020\/03\/covid-19-4960246_640-360x194.jpg 360w, https:\/\/www.eldigitaldeasturias.com\/noticias\/wp-content\/uploads\/2020\/03\/covid-19-4960246_640-480x258.jpg 480w, https:\/\/www.eldigitaldeasturias.com\/noticias\/wp-content\/uploads\/2020\/03\/covid-19-4960246_640.jpg 640w\" sizes=\"auto, (max-width: 360px) 100vw, 360px\" \/>La Comisi\u00f3n ha emitido hoy nuevos consejos pr\u00e1cticos para garantizar que, dentro de la UE, los trabajadores m\u00f3viles, en particular los que ejercen ocupaciones cr\u00edticas en la lucha contra la pandemia de coronavirus, puedan llegar a su lugar de trabajo. Esto incluye, entre otras personas, a quienes trabajan en los sectores de la salud y la alimentaci\u00f3n, adem\u00e1s de otros servicios esenciales, como el cuidado de ni\u00f1os, la atenci\u00f3n a las personas mayores y el personal cr\u00edtico de los servicios p\u00fablicos. Junto con las\u00a0<span style=\"color: #ff6600;\"><strong><a style=\"color: #ff6600;\" href=\"https:\/\/ec.europa.eu\/home-affairs\/sites\/homeaffairs\/files\/what-we-do\/policies\/european-agenda-migration\/20200327_c-2020-2050-report.pdf\" target=\"_blank\" rel=\"nofollow noopener noreferrer\" data-auth=\"NotApplicable\">Directrices<\/a><\/strong><\/span>\u00a0sobre la aplicaci\u00f3n de la restricci\u00f3n temporal de los viajes no esenciales a la UE publicadas tambi\u00e9n hoy, se da respuesta as\u00ed a las peticiones formuladas el 26 de marzo por los l\u00edderes de la UE y se pretende resolver las dudas pr\u00e1cticas de los ciudadanos y de las empresas afectados por las medidas adoptadas para limitar la propagaci\u00f3n del coronavirus, as\u00ed como de las autoridades nacionales que ponen en ejecuci\u00f3n tales medidas<\/p>\n<p>Aunque es comprensible que los Estados miembros hayan introducido controles en las fronteras interiores para limitar la propagaci\u00f3n del coronavirus, es imperativo que los trabajadores cr\u00edticos puedan llegar a su destino sin demora.<\/p>\n<p>Nicolas\u00a0<strong>Schmit<\/strong>, comisario de Empleo y Derechos Sociales, ha declarado lo siguiente:\u00a0<em>\u00abMiles de las mujeres y de los hombres que con tanto ah\u00ednco est\u00e1n trabajando para mantenernos sanos y salvos, y con comida en la mesa, tienen que cruzar fronteras de la UE para ir a trabajar. Es nuestra responsabilidad colectiva asegurar que no se vean obstaculizados en su circulaci\u00f3n, a la vez que se toman todas las precauciones posibles para evitar una mayor propagaci\u00f3n de la pandemia\u00bb.<\/em><\/p>\n<p>Las\u00a0<strong><span style=\"color: #ff6600;\"><a style=\"color: #ff6600;\" href=\"http:\/\/ec.europa.eu\/social\/BlobServlet?docId=22473&amp;langId=en\" target=\"_blank\" rel=\"nofollow noopener noreferrer\" data-auth=\"NotApplicable\">Directrices<\/a><\/span><\/strong>\u00a0publicadas hoy incluyen un listado de ocupaciones cr\u00edticas cuyos trabajadores es esencial que puedan seguir circulando libremente en la UE. La lista que figura en estas Directrices no es exhaustiva. Cabe citar, por ejemplo, los profesionales de la salud y del cuidado de ni\u00f1os y personas mayores, los cient\u00edficos de las industrias relacionadas con la salud, los profesionales necesarios para la instalaci\u00f3n de los productos sanitarios cr\u00edticos, los bomberos y los agentes de polic\u00eda, los trabajadores del sector del transporte y las personas que trabajan en el sector alimentario. La Comisi\u00f3n insta a los Estados miembros a que establezcan procedimientos espec\u00edficos, sin trabas y r\u00e1pidos para garantizar el paso fluido de dichos trabajadores fronterizos, incluido un cribado sanitario proporcionado.<\/p>\n<p>M\u00e1s all\u00e1 de estas categor\u00edas espec\u00edficas de trabajadores, las Directrices aclaran tambi\u00e9n que los Estados miembros deben permitir que los trabajadores fronterizos en general puedan seguir cruzando las fronteras si el trabajo en el sector en cuesti\u00f3n sigue estando autorizado en el Estado miembro de acogida.Los Estados miembros deben dar a los trabajadores transfronterizos el mismo trato que a los trabajadores nacionales.<\/p>\n<p>Por lo que se refiere a los trabajadores de temporada, en particular en el sector agr\u00edcola, se pide a los Estados miembros que intercambien informaci\u00f3n sobre sus diferentes necesidades a nivel t\u00e9cnico y que establezcan procedimientos espec\u00edficos para garantizar a estos trabajadores un paso fluido, a fin de responder a la escasez de mano de obra derivada de la crisis. En determinadas circunstancias, los trabajadores de temporada de la agricultura desempe\u00f1an funciones cr\u00edticas en la cosecha, la siembra y el cuidado del cultivo. En estas situaciones, los Estados miembros deben tratar a esos trabajadores como trabajadores cr\u00edticos y comunicar a los empleadores la necesidad de garantizar una protecci\u00f3n adecuada de la salud y la seguridad.<\/p>\n<p>Estas Directrices complementan las recientemente adoptadas<span style=\"color: #ff6600;\"><strong>\u00a0<\/strong><strong><a style=\"color: #ff6600;\" href=\"https:\/\/ec.europa.eu\/commission\/presscorner\/detail\/es\/ip_20_510\" target=\"_blank\" rel=\"nofollow noopener noreferrer\" data-auth=\"NotApplicable\">Directrices sobre medidas de gesti\u00f3n de fronteras para proteger la salud y garantizar la disponibilidad de los bienes y de los servicios esenciales<\/a><\/strong><\/span>, as\u00ed como las\u00a0<span style=\"color: #ff6600;\"><strong><a style=\"color: #ff6600;\" href=\"https:\/\/ec.europa.eu\/home-affairs\/sites\/homeaffairs\/files\/what-we-do\/policies\/european-agenda-migration\/20200327_c-2020-2050-report.pdf\" target=\"_blank\" rel=\"nofollow noopener noreferrer\" data-auth=\"NotApplicable\">Directrices sobre la aplicaci\u00f3n de la restricci\u00f3n temporal de los viajes no esenciales a la UE<\/a><\/strong><\/span>, que tambi\u00e9n se han presentado hoy.<\/p>\n<p>La Comisi\u00f3n, con los Estados miembros, seguir\u00e1 identificando las mejores pr\u00e1cticas que pueden ampliarse a todos los Estados miembros para permitir a los trabajadores ejercer sus tareas cruciales sin obst\u00e1culos injustificados.<\/p>\n<p><strong>Contexto<\/strong><\/p>\n<p>La pandemia de coronavirus ha llevado a la adopci\u00f3n de medidas sin precedentes en todos los Estados miembros de la UE, entre ellas la reintroducci\u00f3n de controles en las fronteras interiores.<\/p>\n<p>Los trabajadores fronterizos, desplazados y de temporada viven en un pa\u00eds de la UE y trabajan en otro. Muchos de ellos son cruciales para sus Estados miembros de acogida, por ejemplo, para el sistema de asistencia sanitaria, la prestaci\u00f3n de otros servicios esenciales, como la instalaci\u00f3n y el mantenimiento de infraestructura y equipos m\u00e9dicos, o para garantizar el suministro de bienes de primera necesidad. Por lo tanto, es fundamental un enfoque coordinado a escala de la UE.<\/p>\n<p>El 26 de marzo, los jefes de Estado o de Gobierno declararon lo siguiente: \u00abAbordaremos urgentemente, con la asistencia de la Comisi\u00f3n, los problemas pendientes en relaci\u00f3n con los ciudadanos de la UE que se hallan bloqueados en las fronteras internas de la UE y a los que se impide regresar a sus pa\u00edses de origen, as\u00ed como con los trabajadores transfronterizos y de temporada que deben poder continuar sus actividades esenciales, evitando al mismo tiempo una mayor propagaci\u00f3n del virus\u00bb. Las Directrices presentadas hoy constituyen la respuesta inmediata de la Comisi\u00f3n a este llamamiento, junto con las\u00a0<span style=\"color: #ff6600;\"><strong><a style=\"color: #ff6600;\" href=\"https:\/\/ec.europa.eu\/home-affairs\/sites\/homeaffairs\/files\/what-we-do\/policies\/european-agenda-migration\/20200327_c-2020-2050-report.pdf\" target=\"_blank\" rel=\"nofollow noopener noreferrer\" data-auth=\"NotApplicable\">Directrices sobre la aplicaci\u00f3n de la restricci\u00f3n temporal de los viajes no esenciales a la UE<\/a><\/strong><\/span>, que abordan la repatriaci\u00f3n de los ciudadanos de la UE.<\/p>\n","protected":false},"excerpt":{"rendered":"<p>La Comisi\u00f3n ha emitido hoy nuevos consejos pr\u00e1cticos para garantizar que, dentro de la UE, los trabajadores m\u00f3viles, en particular los que ejercen ocupaciones cr\u00edticas en la lucha contra la pandemia de coronavirus, puedan llegar a su lugar de trabajo. Esto incluye, entre otras personas, a quienes trabajan en los sectores de la salud y [&hellip;]<\/p>\n","protected":false},"author":1,"featured_media":1061794,"comment_status":"closed","ping_status":"closed","sticky":false,"template":"","format":"standard","meta":{"footnotes":""},"categories":[187],"tags":[],"class_list":["post-1062179","post","type-post","status-publish","format-standard","has-post-thumbnail","hentry","category-economia"],"aioseo_notices":[],"aioseo_head":"\n\t\t<!-- All in One SEO Pro 4.9.6.2 - aioseo.com -->\n\t<meta name=\"description\" content=\"La Comisi\u00f3n ha emitido hoy nuevos consejos pr\u00e1cticos para garantizar que, dentro de la UE, los trabajadores m\u00f3viles, en particular los que ejercen ocupaciones cr\u00edticas en la lucha contra la pandemia de coronavirus, puedan llegar a su lugar de trabajo. Esto incluye, entre otras personas, a quienes trabajan en los sectores de la salud y\" \/>\n\t<meta name=\"robots\" content=\"max-image-preview:large\" \/>\n\t<meta name=\"author\" content=\"El Digital de Asturias\"\/>\n\t<meta name=\"google-site-verification\" content=\"UA-38556648-1\" \/>\n\t<meta name=\"msvalidate.01\" content=\"7dfe9f3f1b24437ab69f4f2559babe99\" \/>\n\t<meta name=\"keywords\" content=\"econom\u00eda\" \/>\n\t<link rel=\"canonical\" href=\"https:\/\/www.eldigitaldeasturias.com\/noticias\/coronavirus-la-comision-presenta-directrices-practicas-para-garantizar-la-libre-circulacion-de-los-trabajadores-criticos\/\" \/>\n\t<meta name=\"generator\" content=\"All in One SEO Pro (AIOSEO) 4.9.6.2\" \/>\n\t\t<meta property=\"og:locale\" content=\"es_ES\" \/>\n\t\t<meta property=\"og:site_name\" content=\"El Digital de Asturias\" \/>\n\t\t<meta property=\"og:type\" content=\"article\" \/>\n\t\t<meta property=\"og:title\" content=\"Coronavirus: La Comisi\u00f3n presenta directrices pr\u00e1cticas para garantizar la libre circulaci\u00f3n de los trabajadores cr\u00edticos - El Digital de Asturias\" \/>\n\t\t<meta property=\"og:description\" content=\"La Comisi\u00f3n ha emitido hoy nuevos consejos pr\u00e1cticos para garantizar que, dentro de la UE, los trabajadores m\u00f3viles, en particular los que ejercen ocupaciones cr\u00edticas en la lucha contra la pandemia de coronavirus, puedan llegar a su lugar de trabajo. Esto incluye, entre otras personas, a quienes trabajan en los sectores de la salud y\" \/>\n\t\t<meta property=\"og:url\" content=\"https:\/\/www.eldigitaldeasturias.com\/noticias\/coronavirus-la-comision-presenta-directrices-practicas-para-garantizar-la-libre-circulacion-de-los-trabajadores-criticos\/\" \/>\n\t\t<meta property=\"og:image\" content=\"https:\/\/www.eldigitaldeasturias.com\/noticias\/wp-content\/uploads\/2020\/03\/covid-19-4960246_640.jpg\" \/>\n\t\t<meta property=\"og:image:secure_url\" content=\"https:\/\/www.eldigitaldeasturias.com\/noticias\/wp-content\/uploads\/2020\/03\/covid-19-4960246_640.jpg\" \/>\n\t\t<meta property=\"og:image:width\" content=\"640\" \/>\n\t\t<meta property=\"og:image:height\" content=\"344\" \/>\n\t\t<meta property=\"article:tag\" content=\"econom\u00eda\" \/>\n\t\t<meta property=\"article:published_time\" content=\"2020-03-30T12:01:26+00:00\" \/>\n\t\t<meta property=\"article:modified_time\" content=\"2020-03-30T12:01:26+00:00\" \/>\n\t\t<meta property=\"article:publisher\" content=\"https:\/\/facebook.com\/eldigitaldeasturias\" \/>\n\t\t<meta name=\"twitter:card\" content=\"summary_large_image\" \/>\n\t\t<meta name=\"twitter:title\" content=\"Coronavirus: La Comisi\u00f3n presenta directrices pr\u00e1cticas para garantizar la libre circulaci\u00f3n de los trabajadores cr\u00edticos - El Digital de Asturias\" \/>\n\t\t<meta name=\"twitter:description\" content=\"La Comisi\u00f3n ha emitido hoy nuevos consejos pr\u00e1cticos para garantizar que, dentro de la UE, los trabajadores m\u00f3viles, en particular los que ejercen ocupaciones cr\u00edticas en la lucha contra la pandemia de coronavirus, puedan llegar a su lugar de trabajo. Esto incluye, entre otras personas, a quienes trabajan en los sectores de la salud y\" \/>\n\t\t<meta name=\"twitter:image\" content=\"https:\/\/www.eldigitaldeasturias.com\/noticias\/wp-content\/uploads\/2020\/03\/covid-19-4960246_640.jpg\" \/>\n\t\t<meta name=\"twitter:label1\" content=\"Escrito por\" \/>\n\t\t<meta name=\"twitter:data1\" content=\"El Digital de Asturias\" \/>\n\t\t<meta name=\"twitter:label2\" content=\"Tiempo de lectura estimado\" \/>\n\t\t<meta name=\"twitter:data2\" content=\"5 minutos\" \/>\n\t\t<script type=\"application\/ld+json\" class=\"aioseo-schema\">\n\t\t\t{\"@context\":\"https:\\\/\\\/schema.org\",\"@graph\":[{\"@type\":\"BlogPosting\",\"@id\":\"https:\\\/\\\/www.eldigitaldeasturias.com\\\/noticias\\\/coronavirus-la-comision-presenta-directrices-practicas-para-garantizar-la-libre-circulacion-de-los-trabajadores-criticos\\\/#blogposting\",\"name\":\"Coronavirus: La Comisi\\u00f3n presenta directrices pr\\u00e1cticas para garantizar la libre circulaci\\u00f3n de los trabajadores cr\\u00edticos - El Digital de Asturias\",\"headline\":\"Coronavirus: La Comisi\\u00f3n presenta directrices pr\\u00e1cticas para garantizar la libre circulaci\\u00f3n de los trabajadores cr\\u00edticos\",\"author\":{\"@id\":\"https:\\\/\\\/www.eldigitaldeasturias.com\\\/noticias\\\/author\\\/admin\\\/#author\"},\"publisher\":{\"@id\":\"https:\\\/\\\/www.eldigitaldeasturias.com\\\/noticias\\\/#organization\"},\"image\":{\"@type\":\"ImageObject\",\"url\":\"https:\\\/\\\/www.eldigitaldeasturias.com\\\/noticias\\\/wp-content\\\/uploads\\\/2020\\\/03\\\/covid-19-4960246_640.jpg\",\"width\":640,\"height\":344},\"datePublished\":\"2020-03-30T12:01:26+02:00\",\"dateModified\":\"2020-03-30T12:01:26+02:00\",\"inLanguage\":\"es-ES\",\"mainEntityOfPage\":{\"@id\":\"https:\\\/\\\/www.eldigitaldeasturias.com\\\/noticias\\\/coronavirus-la-comision-presenta-directrices-practicas-para-garantizar-la-libre-circulacion-de-los-trabajadores-criticos\\\/#webpage\"},\"isPartOf\":{\"@id\":\"https:\\\/\\\/www.eldigitaldeasturias.com\\\/noticias\\\/coronavirus-la-comision-presenta-directrices-practicas-para-garantizar-la-libre-circulacion-de-los-trabajadores-criticos\\\/#webpage\"},\"articleSection\":\"Econom\\u00eda\"},{\"@type\":\"BreadcrumbList\",\"@id\":\"https:\\\/\\\/www.eldigitaldeasturias.com\\\/noticias\\\/coronavirus-la-comision-presenta-directrices-practicas-para-garantizar-la-libre-circulacion-de-los-trabajadores-criticos\\\/#breadcrumblist\",\"itemListElement\":[{\"@type\":\"ListItem\",\"@id\":\"https:\\\/\\\/www.eldigitaldeasturias.com\\\/noticias#listItem\",\"position\":1,\"name\":\"Home\",\"item\":\"https:\\\/\\\/www.eldigitaldeasturias.com\\\/noticias\",\"nextItem\":{\"@type\":\"ListItem\",\"@id\":\"https:\\\/\\\/www.eldigitaldeasturias.com\\\/noticias\\\/category\\\/economia\\\/#listItem\",\"name\":\"Econom\\u00eda\"}},{\"@type\":\"ListItem\",\"@id\":\"https:\\\/\\\/www.eldigitaldeasturias.com\\\/noticias\\\/category\\\/economia\\\/#listItem\",\"position\":2,\"name\":\"Econom\\u00eda\",\"item\":\"https:\\\/\\\/www.eldigitaldeasturias.com\\\/noticias\\\/category\\\/economia\\\/\",\"nextItem\":{\"@type\":\"ListItem\",\"@id\":\"https:\\\/\\\/www.eldigitaldeasturias.com\\\/noticias\\\/coronavirus-la-comision-presenta-directrices-practicas-para-garantizar-la-libre-circulacion-de-los-trabajadores-criticos\\\/#listItem\",\"name\":\"Coronavirus: La Comisi\\u00f3n presenta directrices pr\\u00e1cticas para garantizar la libre circulaci\\u00f3n de los trabajadores cr\\u00edticos\"},\"previousItem\":{\"@type\":\"ListItem\",\"@id\":\"https:\\\/\\\/www.eldigitaldeasturias.com\\\/noticias#listItem\",\"name\":\"Home\"}},{\"@type\":\"ListItem\",\"@id\":\"https:\\\/\\\/www.eldigitaldeasturias.com\\\/noticias\\\/coronavirus-la-comision-presenta-directrices-practicas-para-garantizar-la-libre-circulacion-de-los-trabajadores-criticos\\\/#listItem\",\"position\":3,\"name\":\"Coronavirus: La Comisi\\u00f3n presenta directrices pr\\u00e1cticas para garantizar la libre circulaci\\u00f3n de los trabajadores cr\\u00edticos\",\"previousItem\":{\"@type\":\"ListItem\",\"@id\":\"https:\\\/\\\/www.eldigitaldeasturias.com\\\/noticias\\\/category\\\/economia\\\/#listItem\",\"name\":\"Econom\\u00eda\"}}]},{\"@type\":\"Organization\",\"@id\":\"https:\\\/\\\/www.eldigitaldeasturias.com\\\/noticias\\\/#organization\",\"name\":\"El Digital de Asturias\",\"description\":\"Hemeroteca\",\"url\":\"https:\\\/\\\/www.eldigitaldeasturias.com\\\/noticias\\\/\",\"email\":\"info@eldigitaldeasturias.com\",\"telephone\":\"+34652131393\",\"logo\":{\"@type\":\"ImageObject\",\"url\":\"https:\\\/\\\/www.eldigitaldeasturias.com\\\/noticias\\\/wp-content\\\/uploads\\\/2020\\\/12\\\/EDA.jpg\",\"@id\":\"https:\\\/\\\/www.eldigitaldeasturias.com\\\/noticias\\\/coronavirus-la-comision-presenta-directrices-practicas-para-garantizar-la-libre-circulacion-de-los-trabajadores-criticos\\\/#organizationLogo\",\"width\":649,\"height\":297},\"image\":{\"@id\":\"https:\\\/\\\/www.eldigitaldeasturias.com\\\/noticias\\\/coronavirus-la-comision-presenta-directrices-practicas-para-garantizar-la-libre-circulacion-de-los-trabajadores-criticos\\\/#organizationLogo\"},\"sameAs\":[\"https:\\\/\\\/facebook.com\\\/eldigitaldeasturias\",\"https:\\\/\\\/www.youtube.com\\\/channel\\\/UCZP-2wLEB9Rv6erhFmqVnvg\"],\"address\":{\"@id\":\"https:\\\/\\\/www.eldigitaldeasturias.com\\\/noticias\\\/#postaladdress\",\"@type\":\"PostalAddress\",\"streetAddress\":\"san antonio 4,\",\"postalCode\":\"33430\",\"addressLocality\":\"Cand\\u00e1s\",\"addressRegion\":\"Asturias\",\"addressCountry\":\"ES\"}},{\"@type\":\"Person\",\"@id\":\"https:\\\/\\\/www.eldigitaldeasturias.com\\\/noticias\\\/author\\\/admin\\\/#author\",\"url\":\"https:\\\/\\\/www.eldigitaldeasturias.com\\\/noticias\\\/author\\\/admin\\\/\",\"name\":\"El Digital de Asturias\",\"image\":{\"@type\":\"ImageObject\",\"@id\":\"https:\\\/\\\/www.eldigitaldeasturias.com\\\/noticias\\\/coronavirus-la-comision-presenta-directrices-practicas-para-garantizar-la-libre-circulacion-de-los-trabajadores-criticos\\\/#authorImage\",\"url\":\"https:\\\/\\\/www.eldigitaldeasturias.com\\\/noticias\\\/wp-content\\\/litespeed\\\/avatar\\\/18677e78aa0546b92d9dbf31ec7d7668.jpg?ver=1777290358\",\"width\":96,\"height\":96,\"caption\":\"El Digital de Asturias\"}},{\"@type\":\"WebPage\",\"@id\":\"https:\\\/\\\/www.eldigitaldeasturias.com\\\/noticias\\\/coronavirus-la-comision-presenta-directrices-practicas-para-garantizar-la-libre-circulacion-de-los-trabajadores-criticos\\\/#webpage\",\"url\":\"https:\\\/\\\/www.eldigitaldeasturias.com\\\/noticias\\\/coronavirus-la-comision-presenta-directrices-practicas-para-garantizar-la-libre-circulacion-de-los-trabajadores-criticos\\\/\",\"name\":\"Coronavirus: La Comisi\\u00f3n presenta directrices pr\\u00e1cticas para garantizar la libre circulaci\\u00f3n de los trabajadores cr\\u00edticos - El Digital de Asturias\",\"description\":\"La Comisi\\u00f3n ha emitido hoy nuevos consejos pr\\u00e1cticos para garantizar que, dentro de la UE, los trabajadores m\\u00f3viles, en particular los que ejercen ocupaciones cr\\u00edticas en la lucha contra la pandemia de coronavirus, puedan llegar a su lugar de trabajo. Esto incluye, entre otras personas, a quienes trabajan en los sectores de la salud y\",\"inLanguage\":\"es-ES\",\"isPartOf\":{\"@id\":\"https:\\\/\\\/www.eldigitaldeasturias.com\\\/noticias\\\/#website\"},\"breadcrumb\":{\"@id\":\"https:\\\/\\\/www.eldigitaldeasturias.com\\\/noticias\\\/coronavirus-la-comision-presenta-directrices-practicas-para-garantizar-la-libre-circulacion-de-los-trabajadores-criticos\\\/#breadcrumblist\"},\"author\":{\"@id\":\"https:\\\/\\\/www.eldigitaldeasturias.com\\\/noticias\\\/author\\\/admin\\\/#author\"},\"creator\":{\"@id\":\"https:\\\/\\\/www.eldigitaldeasturias.com\\\/noticias\\\/author\\\/admin\\\/#author\"},\"image\":{\"@type\":\"ImageObject\",\"url\":\"https:\\\/\\\/www.eldigitaldeasturias.com\\\/noticias\\\/wp-content\\\/uploads\\\/2020\\\/03\\\/covid-19-4960246_640.jpg\",\"@id\":\"https:\\\/\\\/www.eldigitaldeasturias.com\\\/noticias\\\/coronavirus-la-comision-presenta-directrices-practicas-para-garantizar-la-libre-circulacion-de-los-trabajadores-criticos\\\/#mainImage\",\"width\":640,\"height\":344},\"primaryImageOfPage\":{\"@id\":\"https:\\\/\\\/www.eldigitaldeasturias.com\\\/noticias\\\/coronavirus-la-comision-presenta-directrices-practicas-para-garantizar-la-libre-circulacion-de-los-trabajadores-criticos\\\/#mainImage\"},\"datePublished\":\"2020-03-30T12:01:26+02:00\",\"dateModified\":\"2020-03-30T12:01:26+02:00\"},{\"@type\":\"WebSite\",\"@id\":\"https:\\\/\\\/www.eldigitaldeasturias.com\\\/noticias\\\/#website\",\"url\":\"https:\\\/\\\/www.eldigitaldeasturias.com\\\/noticias\\\/\",\"name\":\"El Digital de Asturias - Diario de actualidad y noticias\",\"alternateName\":\"El Digital de Asturias - Diario de actualidad y noticias\",\"description\":\"Hemeroteca\",\"inLanguage\":\"es-ES\",\"publisher\":{\"@id\":\"https:\\\/\\\/www.eldigitaldeasturias.com\\\/noticias\\\/#organization\"}}]}\n\t\t<\/script>\n\t\t<!-- All in One SEO Pro -->\r\n\t\t<title>Coronavirus: La Comisi\u00f3n presenta directrices pr\u00e1cticas para garantizar la libre circulaci\u00f3n de los trabajadores cr\u00edticos - El Digital de Asturias<\/title>\n\n","aioseo_head_json":{"title":"Coronavirus: La Comisi\u00f3n presenta directrices pr\u00e1cticas para garantizar la libre circulaci\u00f3n de los trabajadores cr\u00edticos - El Digital de Asturias","description":"La Comisi\u00f3n ha emitido hoy nuevos consejos pr\u00e1cticos para garantizar que, dentro de la UE, los trabajadores m\u00f3viles, en particular los que ejercen ocupaciones cr\u00edticas en la lucha contra la pandemia de coronavirus, puedan llegar a su lugar de trabajo. Esto incluye, entre otras personas, a quienes trabajan en los sectores de la salud y","canonical_url":"https:\/\/www.eldigitaldeasturias.com\/noticias\/coronavirus-la-comision-presenta-directrices-practicas-para-garantizar-la-libre-circulacion-de-los-trabajadores-criticos\/","robots":"max-image-preview:large","keywords":"econom\u00eda","webmasterTools":{"google-site-verification":"UA-38556648-1","msvalidate.01":"7dfe9f3f1b24437ab69f4f2559babe99","miscellaneous":""},"schema":{"@context":"https:\/\/schema.org","@graph":[{"@type":"BlogPosting","@id":"https:\/\/www.eldigitaldeasturias.com\/noticias\/coronavirus-la-comision-presenta-directrices-practicas-para-garantizar-la-libre-circulacion-de-los-trabajadores-criticos\/#blogposting","name":"Coronavirus: La Comisi\u00f3n presenta directrices pr\u00e1cticas para garantizar la libre circulaci\u00f3n de los trabajadores cr\u00edticos - El Digital de Asturias","headline":"Coronavirus: La Comisi\u00f3n presenta directrices pr\u00e1cticas para garantizar la libre circulaci\u00f3n de los trabajadores cr\u00edticos","author":{"@id":"https:\/\/www.eldigitaldeasturias.com\/noticias\/author\/admin\/#author"},"publisher":{"@id":"https:\/\/www.eldigitaldeasturias.com\/noticias\/#organization"},"image":{"@type":"ImageObject","url":"https:\/\/www.eldigitaldeasturias.com\/noticias\/wp-content\/uploads\/2020\/03\/covid-19-4960246_640.jpg","width":640,"height":344},"datePublished":"2020-03-30T12:01:26+02:00","dateModified":"2020-03-30T12:01:26+02:00","inLanguage":"es-ES","mainEntityOfPage":{"@id":"https:\/\/www.eldigitaldeasturias.com\/noticias\/coronavirus-la-comision-presenta-directrices-practicas-para-garantizar-la-libre-circulacion-de-los-trabajadores-criticos\/#webpage"},"isPartOf":{"@id":"https:\/\/www.eldigitaldeasturias.com\/noticias\/coronavirus-la-comision-presenta-directrices-practicas-para-garantizar-la-libre-circulacion-de-los-trabajadores-criticos\/#webpage"},"articleSection":"Econom\u00eda"},{"@type":"BreadcrumbList","@id":"https:\/\/www.eldigitaldeasturias.com\/noticias\/coronavirus-la-comision-presenta-directrices-practicas-para-garantizar-la-libre-circulacion-de-los-trabajadores-criticos\/#breadcrumblist","itemListElement":[{"@type":"ListItem","@id":"https:\/\/www.eldigitaldeasturias.com\/noticias#listItem","position":1,"name":"Home","item":"https:\/\/www.eldigitaldeasturias.com\/noticias","nextItem":{"@type":"ListItem","@id":"https:\/\/www.eldigitaldeasturias.com\/noticias\/category\/economia\/#listItem","name":"Econom\u00eda"}},{"@type":"ListItem","@id":"https:\/\/www.eldigitaldeasturias.com\/noticias\/category\/economia\/#listItem","position":2,"name":"Econom\u00eda","item":"https:\/\/www.eldigitaldeasturias.com\/noticias\/category\/economia\/","nextItem":{"@type":"ListItem","@id":"https:\/\/www.eldigitaldeasturias.com\/noticias\/coronavirus-la-comision-presenta-directrices-practicas-para-garantizar-la-libre-circulacion-de-los-trabajadores-criticos\/#listItem","name":"Coronavirus: La Comisi\u00f3n presenta directrices pr\u00e1cticas para garantizar la libre circulaci\u00f3n de los trabajadores cr\u00edticos"},"previousItem":{"@type":"ListItem","@id":"https:\/\/www.eldigitaldeasturias.com\/noticias#listItem","name":"Home"}},{"@type":"ListItem","@id":"https:\/\/www.eldigitaldeasturias.com\/noticias\/coronavirus-la-comision-presenta-directrices-practicas-para-garantizar-la-libre-circulacion-de-los-trabajadores-criticos\/#listItem","position":3,"name":"Coronavirus: La Comisi\u00f3n presenta directrices pr\u00e1cticas para garantizar la libre circulaci\u00f3n de los trabajadores cr\u00edticos","previousItem":{"@type":"ListItem","@id":"https:\/\/www.eldigitaldeasturias.com\/noticias\/category\/economia\/#listItem","name":"Econom\u00eda"}}]},{"@type":"Organization","@id":"https:\/\/www.eldigitaldeasturias.com\/noticias\/#organization","name":"El Digital de Asturias","description":"Hemeroteca","url":"https:\/\/www.eldigitaldeasturias.com\/noticias\/","email":"info@eldigitaldeasturias.com","telephone":"+34652131393","logo":{"@type":"ImageObject","url":"https:\/\/www.eldigitaldeasturias.com\/noticias\/wp-content\/uploads\/2020\/12\/EDA.jpg","@id":"https:\/\/www.eldigitaldeasturias.com\/noticias\/coronavirus-la-comision-presenta-directrices-practicas-para-garantizar-la-libre-circulacion-de-los-trabajadores-criticos\/#organizationLogo","width":649,"height":297},"image":{"@id":"https:\/\/www.eldigitaldeasturias.com\/noticias\/coronavirus-la-comision-presenta-directrices-practicas-para-garantizar-la-libre-circulacion-de-los-trabajadores-criticos\/#organizationLogo"},"sameAs":["https:\/\/facebook.com\/eldigitaldeasturias","https:\/\/www.youtube.com\/channel\/UCZP-2wLEB9Rv6erhFmqVnvg"],"address":{"@id":"https:\/\/www.eldigitaldeasturias.com\/noticias\/#postaladdress","@type":"PostalAddress","streetAddress":"san antonio 4,","postalCode":"33430","addressLocality":"Cand\u00e1s","addressRegion":"Asturias","addressCountry":"ES"}},{"@type":"Person","@id":"https:\/\/www.eldigitaldeasturias.com\/noticias\/author\/admin\/#author","url":"https:\/\/www.eldigitaldeasturias.com\/noticias\/author\/admin\/","name":"El Digital de Asturias","image":{"@type":"ImageObject","@id":"https:\/\/www.eldigitaldeasturias.com\/noticias\/coronavirus-la-comision-presenta-directrices-practicas-para-garantizar-la-libre-circulacion-de-los-trabajadores-criticos\/#authorImage","url":"https:\/\/www.eldigitaldeasturias.com\/noticias\/wp-content\/litespeed\/avatar\/18677e78aa0546b92d9dbf31ec7d7668.jpg?ver=1777290358","width":96,"height":96,"caption":"El Digital de Asturias"}},{"@type":"WebPage","@id":"https:\/\/www.eldigitaldeasturias.com\/noticias\/coronavirus-la-comision-presenta-directrices-practicas-para-garantizar-la-libre-circulacion-de-los-trabajadores-criticos\/#webpage","url":"https:\/\/www.eldigitaldeasturias.com\/noticias\/coronavirus-la-comision-presenta-directrices-practicas-para-garantizar-la-libre-circulacion-de-los-trabajadores-criticos\/","name":"Coronavirus: La Comisi\u00f3n presenta directrices pr\u00e1cticas para garantizar la libre circulaci\u00f3n de los trabajadores cr\u00edticos - El Digital de Asturias","description":"La Comisi\u00f3n ha emitido hoy nuevos consejos pr\u00e1cticos para garantizar que, dentro de la UE, los trabajadores m\u00f3viles, en particular los que ejercen ocupaciones cr\u00edticas en la lucha contra la pandemia de coronavirus, puedan llegar a su lugar de trabajo. Esto incluye, entre otras personas, a quienes trabajan en los sectores de la salud y","inLanguage":"es-ES","isPartOf":{"@id":"https:\/\/www.eldigitaldeasturias.com\/noticias\/#website"},"breadcrumb":{"@id":"https:\/\/www.eldigitaldeasturias.com\/noticias\/coronavirus-la-comision-presenta-directrices-practicas-para-garantizar-la-libre-circulacion-de-los-trabajadores-criticos\/#breadcrumblist"},"author":{"@id":"https:\/\/www.eldigitaldeasturias.com\/noticias\/author\/admin\/#author"},"creator":{"@id":"https:\/\/www.eldigitaldeasturias.com\/noticias\/author\/admin\/#author"},"image":{"@type":"ImageObject","url":"https:\/\/www.eldigitaldeasturias.com\/noticias\/wp-content\/uploads\/2020\/03\/covid-19-4960246_640.jpg","@id":"https:\/\/www.eldigitaldeasturias.com\/noticias\/coronavirus-la-comision-presenta-directrices-practicas-para-garantizar-la-libre-circulacion-de-los-trabajadores-criticos\/#mainImage","width":640,"height":344},"primaryImageOfPage":{"@id":"https:\/\/www.eldigitaldeasturias.com\/noticias\/coronavirus-la-comision-presenta-directrices-practicas-para-garantizar-la-libre-circulacion-de-los-trabajadores-criticos\/#mainImage"},"datePublished":"2020-03-30T12:01:26+02:00","dateModified":"2020-03-30T12:01:26+02:00"},{"@type":"WebSite","@id":"https:\/\/www.eldigitaldeasturias.com\/noticias\/#website","url":"https:\/\/www.eldigitaldeasturias.com\/noticias\/","name":"El Digital de Asturias - Diario de actualidad y noticias","alternateName":"El Digital de Asturias - Diario de actualidad y noticias","description":"Hemeroteca","inLanguage":"es-ES","publisher":{"@id":"https:\/\/www.eldigitaldeasturias.com\/noticias\/#organization"}}]},"og:locale":"es_ES","og:site_name":"El Digital de Asturias","og:type":"article","og:title":"Coronavirus: La Comisi\u00f3n presenta directrices pr\u00e1cticas para garantizar la libre circulaci\u00f3n de los trabajadores cr\u00edticos - El Digital de Asturias","og:description":"La Comisi\u00f3n ha emitido hoy nuevos consejos pr\u00e1cticos para garantizar que, dentro de la UE, los trabajadores m\u00f3viles, en particular los que ejercen ocupaciones cr\u00edticas en la lucha contra la pandemia de coronavirus, puedan llegar a su lugar de trabajo. Esto incluye, entre otras personas, a quienes trabajan en los sectores de la salud y","og:url":"https:\/\/www.eldigitaldeasturias.com\/noticias\/coronavirus-la-comision-presenta-directrices-practicas-para-garantizar-la-libre-circulacion-de-los-trabajadores-criticos\/","og:image":"https:\/\/www.eldigitaldeasturias.com\/noticias\/wp-content\/uploads\/2020\/03\/covid-19-4960246_640.jpg","og:image:secure_url":"https:\/\/www.eldigitaldeasturias.com\/noticias\/wp-content\/uploads\/2020\/03\/covid-19-4960246_640.jpg","og:image:width":640,"og:image:height":344,"article:tag":["econom\u00eda"],"article:published_time":"2020-03-30T12:01:26+00:00","article:modified_time":"2020-03-30T12:01:26+00:00","article:publisher":"https:\/\/facebook.com\/eldigitaldeasturias","twitter:card":"summary_large_image","twitter:title":"Coronavirus: La Comisi\u00f3n presenta directrices pr\u00e1cticas para garantizar la libre circulaci\u00f3n de los trabajadores cr\u00edticos - El Digital de Asturias","twitter:description":"La Comisi\u00f3n ha emitido hoy nuevos consejos pr\u00e1cticos para garantizar que, dentro de la UE, los trabajadores m\u00f3viles, en particular los que ejercen ocupaciones cr\u00edticas en la lucha contra la pandemia de coronavirus, puedan llegar a su lugar de trabajo. Esto incluye, entre otras personas, a quienes trabajan en los sectores de la salud y","twitter:image":"https:\/\/www.eldigitaldeasturias.com\/noticias\/wp-content\/uploads\/2020\/03\/covid-19-4960246_640.jpg","twitter:label1":"Escrito por","twitter:data1":"El Digital de Asturias","twitter:label2":"Tiempo de lectura estimado","twitter:data2":"5 minutos"},"aioseo_meta_data":{"post_id":"1062179","title":null,"description":null,"keywords":null,"keyphrases":null,"primary_term":null,"canonical_url":null,"og_title":null,"og_description":null,"og_object_type":"default","og_image_type":"default","og_image_url":null,"og_image_width":null,"og_image_height":null,"og_image_custom_url":null,"og_image_custom_fields":null,"og_video":null,"og_custom_url":null,"og_article_section":null,"og_article_tags":null,"twitter_use_og":false,"twitter_card":"default","twitter_image_type":"default","twitter_image_url":null,"twitter_image_custom_url":null,"twitter_image_custom_fields":null,"twitter_title":null,"twitter_description":null,"schema":{"blockGraphs":[],"customGraphs":[],"default":{"data":{"Article":[],"Course":[],"Dataset":[],"FAQPage":[],"Movie":[],"Person":[],"Product":[],"ProductReview":[],"Car":[],"Recipe":[],"Service":[],"SoftwareApplication":[],"WebPage":[]},"graphName":"","isEnabled":true},"graphs":[],"defaultGraph":"","defaultPostTypeGraph":""},"schema_type":null,"schema_type_options":null,"pillar_content":false,"robots_default":true,"robots_noindex":false,"robots_noarchive":false,"robots_nosnippet":false,"robots_nofollow":false,"robots_noimageindex":false,"robots_noodp":false,"robots_notranslate":false,"robots_max_snippet":null,"robots_max_videopreview":null,"robots_max_imagepreview":"large","priority":null,"frequency":null,"local_seo":null,"seo_analyzer_scan_date":"2025-10-31 17:56:17","breadcrumb_settings":null,"limit_modified_date":false,"open_ai":null,"ai":null,"created":"2020-12-21 10:53:16","updated":"2025-10-31 17:56:17"},"aioseo_breadcrumb":"<div class=\"aioseo-breadcrumbs\"><span class=\"aioseo-breadcrumb\">\n\t<a href=\"https:\/\/www.eldigitaldeasturias.com\/noticias\" title=\"Home\">Home<\/a>\n<\/span><span class=\"aioseo-breadcrumb-separator\">\u2013<\/span><span class=\"aioseo-breadcrumb\">\n\t<a href=\"https:\/\/www.eldigitaldeasturias.com\/noticias\/category\/economia\/\" title=\"Econom\u00eda\">Econom\u00eda<\/a>\n<\/span><span class=\"aioseo-breadcrumb-separator\">\u2013<\/span><span class=\"aioseo-breadcrumb\">\n\t<a href=\"https:\/\/www.eldigitaldeasturias.com\/noticias\/coronavirus-la-comision-presenta-directrices-practicas-para-garantizar-la-libre-circulacion-de-los-trabajadores-criticos\/\" title=\"Coronavirus: La Comisi\u00f3n presenta directrices pr\u00e1cticas para garantizar la libre circulaci\u00f3n de los trabajadores cr\u00edticos\">Coronavirus: La Comisi\u00f3n presenta directrices pr\u00e1cticas para garantizar la libre circulaci\u00f3n de los trabajadores cr\u00edticos<\/a>\n<\/span><\/div>","aioseo_breadcrumb_json":[{"label":"Home","link":"https:\/\/www.eldigitaldeasturias.com\/noticias"},{"label":"Econom\u00eda","link":"https:\/\/www.eldigitaldeasturias.com\/noticias\/category\/economia\/"},{"label":"Coronavirus: La Comisi\u00f3n presenta directrices pr\u00e1cticas para garantizar la libre circulaci\u00f3n de los trabajadores cr\u00edticos","link":"https:\/\/www.eldigitaldeasturias.com\/noticias\/coronavirus-la-comision-presenta-directrices-practicas-para-garantizar-la-libre-circulacion-de-los-trabajadores-criticos\/"}],"_links":{"self":[{"href":"https:\/\/www.eldigitaldeasturias.com\/noticias\/wp-json\/wp\/v2\/posts\/1062179","targetHints":{"allow":["GET"]}}],"collection":[{"href":"https:\/\/www.eldigitaldeasturias.com\/noticias\/wp-json\/wp\/v2\/posts"}],"about":[{"href":"https:\/\/www.eldigitaldeasturias.com\/noticias\/wp-json\/wp\/v2\/types\/post"}],"author":[{"embeddable":true,"href":"https:\/\/www.eldigitaldeasturias.com\/noticias\/wp-json\/wp\/v2\/users\/1"}],"replies":[{"embeddable":true,"href":"https:\/\/www.eldigitaldeasturias.com\/noticias\/wp-json\/wp\/v2\/comments?post=1062179"}],"version-history":[{"count":0,"href":"https:\/\/www.eldigitaldeasturias.com\/noticias\/wp-json\/wp\/v2\/posts\/1062179\/revisions"}],"wp:featuredmedia":[{"embeddable":true,"href":"https:\/\/www.eldigitaldeasturias.com\/noticias\/wp-json\/wp\/v2\/media\/1061794"}],"wp:attachment":[{"href":"https:\/\/www.eldigitaldeasturias.com\/noticias\/wp-json\/wp\/v2\/media?parent=1062179"}],"wp:term":[{"taxonomy":"category","embeddable":true,"href":"https:\/\/www.eldigitaldeasturias.com\/noticias\/wp-json\/wp\/v2\/categories?post=1062179"},{"taxonomy":"post_tag","embeddable":true,"href":"https:\/\/www.eldigitaldeasturias.com\/noticias\/wp-json\/wp\/v2\/tags?post=1062179"}],"curies":[{"name":"wp","href":"https:\/\/api.w.org\/{rel}","templated":true}]}}