{"id":1061916,"date":"2020-03-26T19:51:43","date_gmt":"2020-03-26T19:51:43","guid":{"rendered":"https:\/\/www.eldigitaldeasturias.com\/noticias\/?p=1061916"},"modified":"2020-03-26T19:51:43","modified_gmt":"2020-03-26T19:51:43","slug":"ntt-ltd-lanza-su-nueva-division-de-cloud-communications","status":"publish","type":"post","link":"https:\/\/www.eldigitaldeasturias.com\/noticias\/ntt-ltd-lanza-su-nueva-division-de-cloud-communications\/","title":{"rendered":"NTT Ltd. lanza su nueva divisi\u00f3n de Cloud Communications"},"content":{"rendered":"<p><span style=\"color: #ff6600;\"><a style=\"color: #ff6600;\" href=\"https:\/\/hello.global.ntt\/\" target=\"_blank\" rel=\"nofollow noopener noreferrer\"><strong><img loading=\"lazy\" decoding=\"async\" class=\"alignleft size-medium wp-image-1061917\" src=\"https:\/\/www.eldigitaldeasturias.com\/noticias\/wp-content\/uploads\/2020\/03\/1584965161_JTweb-244x320.jpg\" alt=\"\" width=\"244\" height=\"320\" srcset=\"https:\/\/www.eldigitaldeasturias.com\/noticias\/wp-content\/uploads\/2020\/03\/1584965161_JTweb-244x320.jpg 244w, https:\/\/www.eldigitaldeasturias.com\/noticias\/wp-content\/uploads\/2020\/03\/1584965161_JTweb-366x480.jpg 366w, https:\/\/www.eldigitaldeasturias.com\/noticias\/wp-content\/uploads\/2020\/03\/1584965161_JTweb-229x300.jpg 229w, https:\/\/www.eldigitaldeasturias.com\/noticias\/wp-content\/uploads\/2020\/03\/1584965161_JTweb.jpg 570w\" sizes=\"auto, (max-width: 244px) 100vw, 244px\" \/>NTT Ltd<\/strong><\/a><\/span><em>.,\u00a0<\/em>compa\u00f1\u00eda l\u00edder mundial en servicios de tecnolog\u00eda, anuncia el lanzamiento de su nueva divisi\u00f3n Cloud Communications, un centro de excelencia que ofrece soluciones de comunicaciones en la nube. Anteriormente conocida como Arkadin, la divisi\u00f3n Cloud Communications es un elemento fundamental para suministrar las soluciones de Intelligent Workplace de NTT Ltd. y continuar\u00e1 proporcionando asesoramiento a las empresas que quieren acelerar la colaboraci\u00f3n moderna en sus entornos de trabajo y que debido a la situaci\u00f3n actual es m\u00e1s importante que nunca.<\/p>\n<p>NTT Ltd. ofrece un servicio completo que abarca todo el proceso de transformaci\u00f3n digital, acortando distancias entre los empleados, clientes, proveedores y socios tecnol\u00f3gicos. Elegido como Partner de Comunicaciones Inteligentes de Microsoft en 2019, bajo su anterior nombre de Arkadin, la divisi\u00f3n de Cloud Communications ofrece un servicio \u00fanico, de extremo a extremo, que complementa los servicios de consultor\u00eda e implementaci\u00f3n del grupo. Esto permite a las empresas obtener el m\u00e1ximo beneficio de sus inversiones. Los servicios se ofrecen con la flexibilidad necesaria actualmente para permitir que las comunicaciones empresariales sean modernas, productivas y eficientes.<\/p>\n<p>La divisi\u00f3n Cloud Communications sigue trabajando en estrecha colaboraci\u00f3n con su filial, Applicable Limited, un proveedor l\u00edder de servicios de Comunicaciones Unificadas en la Nube y servicios de voz para empresas con oficinas en Bristol (Reino Unido), Brisbane (Australia) y Houston (Estados Unidos).<\/p>\n<p><strong>\u00daltimos nombramientos en la divisi\u00f3n<\/strong><\/p>\n<p>Bajo el liderazgo de Mark Alexander, <span style=\"color: #ff6600;\"><strong><a style=\"color: #ff6600;\" href=\"https:\/\/www.arkadin.com\/about-us\/management-team\" target=\"_blank\" rel=\"nofollow noopener noreferrer\">Fiona Lodge<\/a><\/strong><\/span>\u00a0y\u00a0<span style=\"color: #ff6600;\"><strong><a style=\"color: #ff6600;\" href=\"https:\/\/www.arkadin.com\/about-us\/management-team\" target=\"_blank\" rel=\"nofollow noopener noreferrer\">Jean Turgeon<\/a><\/strong><\/span>\u00a0colaborar\u00e1n estrechamente con los actuales equipos regionales y de comercializaci\u00f3n para impulsar la evoluci\u00f3n estrat\u00e9gica de las soluciones de comunicaciones en la nube de primera categor\u00eda ofrecidas por NTT Ltd.<\/p>\n<p>\u00abEstamos encantados de que Fiona y Jean se incorporen al equipo de Cloud Communications\u00bb, asegura Mark Alexander, CEO de la divisi\u00f3n Cloud Communications de NTT Ltd. \u00abAmbos aportan un importante conjunto de habilidades, conocimientos y experiencia que ayudar\u00e1n a que la divisi\u00f3n pueda continuar proporcionando las mejores soluciones, asociaciones, evaluaciones y servicios de consultor\u00eda a los clientes que han emprendido un viaje de transformaci\u00f3n digital para conseguir un lugar de trabajo inteligente. Se unen a nuestro equipo global altamente cualificado, con el que trabajar\u00e1n estrechamente para ayudar a cambiar la forma en que las empresas modernas se comunican y colaboran en todo el mundo\u00bb.<\/p>\n<p>En calidad de Directora de Producto y Estrategia, Fiona tiene la responsabilidad de reforzar el papel de la divisi\u00f3n NTT Cloud Communications como asesora de confianza en servicios y comunicaciones unificadas basadas en la nube. Trabaja en estrecha colaboraci\u00f3n con una red de partners estrat\u00e9gicos como Microsoft y Cisco para facilitar una estrategia integral de transformaci\u00f3n de los entornos de trabajo a los clientes de todo el mundo.<\/p>\n<p>Como Director de Tecnolog\u00eda e Informaci\u00f3n, Jean lidera la adopci\u00f3n de servicios, tanto interna como externa, por parte de los clientes de NTT Ltd. a medida que emprenden sus viajes de transformaci\u00f3n empresarial. Aporta a\u00f1os de experiencia en la alineaci\u00f3n de los objetivos comerciales, la ejecuci\u00f3n digital y la adopci\u00f3n de la nube, adem\u00e1s de garantizar que se cumplan los est\u00e1ndares de SLA, seguridad y cumplimiento.<\/p>\n<p>Fiona y Jean se unen al equipo directivo de la divisi\u00f3n Cloud Communications integrado por:<\/p>\n<p>&#8211; Mark Alexander, CEO de Cloud Communications<\/p>\n<p>&#8211; Christophe Reyes, Director de Ventas y Marketing<\/p>\n<p>&#8211; Vianney Motte, Directora Financiera<\/p>\n<p>&#8211; Florence Mas-Pastor, Directora de Recursos Humanos y Asuntos Legales<\/p>\n<p>&#8211; Andrew Pearce, Director Ejecutivo para EMEA<\/p>\n<p>&#8211; Scott McMaster, Director Ejecutivo para Am\u00e9rica<\/p>\n<p>&#8211; Sean Kwek, Director Ejecutivo para APAC y Jap\u00f3n<\/p>\n<p>&#8211; Alan Baldwin, Director Ejecutivo de Applicable Ltd.<\/p>\n<p>&nbsp;<\/p>\n","protected":false},"excerpt":{"rendered":"<p>NTT Ltd.,\u00a0compa\u00f1\u00eda l\u00edder mundial en servicios de tecnolog\u00eda, anuncia el lanzamiento de su nueva divisi\u00f3n Cloud Communications, un centro de excelencia que ofrece soluciones de comunicaciones en la nube. Anteriormente conocida como Arkadin, la divisi\u00f3n Cloud Communications es un elemento fundamental para suministrar las soluciones de Intelligent Workplace de NTT Ltd. y continuar\u00e1 proporcionando asesoramiento [&hellip;]<\/p>\n","protected":false},"author":1,"featured_media":1061917,"comment_status":"closed","ping_status":"closed","sticky":false,"template":"","format":"standard","meta":{"footnotes":""},"categories":[219],"tags":[],"class_list":["post-1061916","post","type-post","status-publish","format-standard","has-post-thumbnail","hentry","category-negocios-y-empresas"],"aioseo_notices":[],"aioseo_head":"\n\t\t<!-- All in One SEO Pro 4.9.6.2 - aioseo.com -->\n\t<meta name=\"description\" content=\"NTT Ltd., compa\u00f1\u00eda l\u00edder mundial en servicios de tecnolog\u00eda, anuncia el lanzamiento de su nueva divisi\u00f3n Cloud Communications, un centro de excelencia que ofrece soluciones de comunicaciones en la nube. Anteriormente conocida como Arkadin, la divisi\u00f3n Cloud Communications es un elemento fundamental para suministrar las soluciones de Intelligent Workplace de NTT Ltd. y continuar\u00e1 proporcionando asesoramiento\" \/>\n\t<meta name=\"robots\" content=\"max-image-preview:large\" \/>\n\t<meta name=\"author\" content=\"El Digital de Asturias\"\/>\n\t<meta name=\"google-site-verification\" content=\"UA-38556648-1\" \/>\n\t<meta name=\"msvalidate.01\" content=\"7dfe9f3f1b24437ab69f4f2559babe99\" \/>\n\t<meta name=\"keywords\" content=\"negocios y empresas\" \/>\n\t<link rel=\"canonical\" href=\"https:\/\/www.eldigitaldeasturias.com\/noticias\/ntt-ltd-lanza-su-nueva-division-de-cloud-communications\/\" \/>\n\t<meta name=\"generator\" content=\"All in One SEO Pro (AIOSEO) 4.9.6.2\" \/>\n\t\t<meta property=\"og:locale\" content=\"es_ES\" \/>\n\t\t<meta property=\"og:site_name\" content=\"El Digital de Asturias\" \/>\n\t\t<meta property=\"og:type\" content=\"article\" \/>\n\t\t<meta property=\"og:title\" content=\"NTT Ltd. lanza su nueva divisi\u00f3n de Cloud Communications - El Digital de Asturias\" \/>\n\t\t<meta property=\"og:description\" content=\"NTT Ltd., compa\u00f1\u00eda l\u00edder mundial en servicios de tecnolog\u00eda, anuncia el lanzamiento de su nueva divisi\u00f3n Cloud Communications, un centro de excelencia que ofrece soluciones de comunicaciones en la nube. Anteriormente conocida como Arkadin, la divisi\u00f3n Cloud Communications es un elemento fundamental para suministrar las soluciones de Intelligent Workplace de NTT Ltd. y continuar\u00e1 proporcionando asesoramiento\" \/>\n\t\t<meta property=\"og:url\" content=\"https:\/\/www.eldigitaldeasturias.com\/noticias\/ntt-ltd-lanza-su-nueva-division-de-cloud-communications\/\" \/>\n\t\t<meta property=\"og:image\" content=\"https:\/\/www.eldigitaldeasturias.com\/noticias\/wp-content\/uploads\/2020\/03\/1584965161_JTweb.jpg\" \/>\n\t\t<meta property=\"og:image:secure_url\" content=\"https:\/\/www.eldigitaldeasturias.com\/noticias\/wp-content\/uploads\/2020\/03\/1584965161_JTweb.jpg\" \/>\n\t\t<meta property=\"og:image:width\" content=\"570\" \/>\n\t\t<meta property=\"og:image:height\" content=\"748\" \/>\n\t\t<meta property=\"article:tag\" content=\"negocios y empresas\" \/>\n\t\t<meta property=\"article:published_time\" content=\"2020-03-26T19:51:43+00:00\" \/>\n\t\t<meta property=\"article:modified_time\" content=\"2020-03-26T19:51:43+00:00\" \/>\n\t\t<meta property=\"article:publisher\" content=\"https:\/\/facebook.com\/eldigitaldeasturias\" \/>\n\t\t<meta name=\"twitter:card\" content=\"summary_large_image\" \/>\n\t\t<meta name=\"twitter:title\" content=\"NTT Ltd. lanza su nueva divisi\u00f3n de Cloud Communications - El Digital de Asturias\" \/>\n\t\t<meta name=\"twitter:description\" content=\"NTT Ltd., compa\u00f1\u00eda l\u00edder mundial en servicios de tecnolog\u00eda, anuncia el lanzamiento de su nueva divisi\u00f3n Cloud Communications, un centro de excelencia que ofrece soluciones de comunicaciones en la nube. Anteriormente conocida como Arkadin, la divisi\u00f3n Cloud Communications es un elemento fundamental para suministrar las soluciones de Intelligent Workplace de NTT Ltd. y continuar\u00e1 proporcionando asesoramiento\" \/>\n\t\t<meta name=\"twitter:image\" content=\"https:\/\/www.eldigitaldeasturias.com\/noticias\/wp-content\/uploads\/2020\/03\/1584965161_JTweb.jpg\" \/>\n\t\t<meta name=\"twitter:label1\" content=\"Escrito por\" \/>\n\t\t<meta name=\"twitter:data1\" content=\"El Digital de Asturias\" \/>\n\t\t<meta name=\"twitter:label2\" content=\"Tiempo de lectura estimado\" \/>\n\t\t<meta name=\"twitter:data2\" content=\"3 minutos\" \/>\n\t\t<script type=\"application\/ld+json\" class=\"aioseo-schema\">\n\t\t\t{\"@context\":\"https:\\\/\\\/schema.org\",\"@graph\":[{\"@type\":\"BlogPosting\",\"@id\":\"https:\\\/\\\/www.eldigitaldeasturias.com\\\/noticias\\\/ntt-ltd-lanza-su-nueva-division-de-cloud-communications\\\/#blogposting\",\"name\":\"NTT Ltd. lanza su nueva divisi\\u00f3n de Cloud Communications - El Digital de Asturias\",\"headline\":\"NTT Ltd. lanza su nueva divisi\\u00f3n de Cloud Communications\",\"author\":{\"@id\":\"https:\\\/\\\/www.eldigitaldeasturias.com\\\/noticias\\\/author\\\/admin\\\/#author\"},\"publisher\":{\"@id\":\"https:\\\/\\\/www.eldigitaldeasturias.com\\\/noticias\\\/#organization\"},\"image\":{\"@type\":\"ImageObject\",\"url\":\"https:\\\/\\\/www.eldigitaldeasturias.com\\\/noticias\\\/wp-content\\\/uploads\\\/2020\\\/03\\\/1584965161_JTweb.jpg\",\"width\":570,\"height\":748},\"datePublished\":\"2020-03-26T19:51:43+01:00\",\"dateModified\":\"2020-03-26T19:51:43+01:00\",\"inLanguage\":\"es-ES\",\"mainEntityOfPage\":{\"@id\":\"https:\\\/\\\/www.eldigitaldeasturias.com\\\/noticias\\\/ntt-ltd-lanza-su-nueva-division-de-cloud-communications\\\/#webpage\"},\"isPartOf\":{\"@id\":\"https:\\\/\\\/www.eldigitaldeasturias.com\\\/noticias\\\/ntt-ltd-lanza-su-nueva-division-de-cloud-communications\\\/#webpage\"},\"articleSection\":\"Negocios y Empresas\"},{\"@type\":\"BreadcrumbList\",\"@id\":\"https:\\\/\\\/www.eldigitaldeasturias.com\\\/noticias\\\/ntt-ltd-lanza-su-nueva-division-de-cloud-communications\\\/#breadcrumblist\",\"itemListElement\":[{\"@type\":\"ListItem\",\"@id\":\"https:\\\/\\\/www.eldigitaldeasturias.com\\\/noticias#listItem\",\"position\":1,\"name\":\"Home\",\"item\":\"https:\\\/\\\/www.eldigitaldeasturias.com\\\/noticias\",\"nextItem\":{\"@type\":\"ListItem\",\"@id\":\"https:\\\/\\\/www.eldigitaldeasturias.com\\\/noticias\\\/category\\\/negocios-y-empresas\\\/#listItem\",\"name\":\"Negocios y Empresas\"}},{\"@type\":\"ListItem\",\"@id\":\"https:\\\/\\\/www.eldigitaldeasturias.com\\\/noticias\\\/category\\\/negocios-y-empresas\\\/#listItem\",\"position\":2,\"name\":\"Negocios y Empresas\",\"item\":\"https:\\\/\\\/www.eldigitaldeasturias.com\\\/noticias\\\/category\\\/negocios-y-empresas\\\/\",\"nextItem\":{\"@type\":\"ListItem\",\"@id\":\"https:\\\/\\\/www.eldigitaldeasturias.com\\\/noticias\\\/ntt-ltd-lanza-su-nueva-division-de-cloud-communications\\\/#listItem\",\"name\":\"NTT Ltd. lanza su nueva divisi\\u00f3n de Cloud Communications\"},\"previousItem\":{\"@type\":\"ListItem\",\"@id\":\"https:\\\/\\\/www.eldigitaldeasturias.com\\\/noticias#listItem\",\"name\":\"Home\"}},{\"@type\":\"ListItem\",\"@id\":\"https:\\\/\\\/www.eldigitaldeasturias.com\\\/noticias\\\/ntt-ltd-lanza-su-nueva-division-de-cloud-communications\\\/#listItem\",\"position\":3,\"name\":\"NTT Ltd. lanza su nueva divisi\\u00f3n de Cloud Communications\",\"previousItem\":{\"@type\":\"ListItem\",\"@id\":\"https:\\\/\\\/www.eldigitaldeasturias.com\\\/noticias\\\/category\\\/negocios-y-empresas\\\/#listItem\",\"name\":\"Negocios y Empresas\"}}]},{\"@type\":\"Organization\",\"@id\":\"https:\\\/\\\/www.eldigitaldeasturias.com\\\/noticias\\\/#organization\",\"name\":\"El Digital de Asturias\",\"description\":\"Hemeroteca\",\"url\":\"https:\\\/\\\/www.eldigitaldeasturias.com\\\/noticias\\\/\",\"email\":\"info@eldigitaldeasturias.com\",\"telephone\":\"+34652131393\",\"logo\":{\"@type\":\"ImageObject\",\"url\":\"https:\\\/\\\/www.eldigitaldeasturias.com\\\/noticias\\\/wp-content\\\/uploads\\\/2020\\\/12\\\/EDA.jpg\",\"@id\":\"https:\\\/\\\/www.eldigitaldeasturias.com\\\/noticias\\\/ntt-ltd-lanza-su-nueva-division-de-cloud-communications\\\/#organizationLogo\",\"width\":649,\"height\":297},\"image\":{\"@id\":\"https:\\\/\\\/www.eldigitaldeasturias.com\\\/noticias\\\/ntt-ltd-lanza-su-nueva-division-de-cloud-communications\\\/#organizationLogo\"},\"sameAs\":[\"https:\\\/\\\/facebook.com\\\/eldigitaldeasturias\",\"https:\\\/\\\/www.youtube.com\\\/channel\\\/UCZP-2wLEB9Rv6erhFmqVnvg\"],\"address\":{\"@id\":\"https:\\\/\\\/www.eldigitaldeasturias.com\\\/noticias\\\/#postaladdress\",\"@type\":\"PostalAddress\",\"streetAddress\":\"san antonio 4,\",\"postalCode\":\"33430\",\"addressLocality\":\"Cand\\u00e1s\",\"addressRegion\":\"Asturias\",\"addressCountry\":\"ES\"}},{\"@type\":\"Person\",\"@id\":\"https:\\\/\\\/www.eldigitaldeasturias.com\\\/noticias\\\/author\\\/admin\\\/#author\",\"url\":\"https:\\\/\\\/www.eldigitaldeasturias.com\\\/noticias\\\/author\\\/admin\\\/\",\"name\":\"El Digital de Asturias\",\"image\":{\"@type\":\"ImageObject\",\"@id\":\"https:\\\/\\\/www.eldigitaldeasturias.com\\\/noticias\\\/ntt-ltd-lanza-su-nueva-division-de-cloud-communications\\\/#authorImage\",\"url\":\"https:\\\/\\\/www.eldigitaldeasturias.com\\\/noticias\\\/wp-content\\\/litespeed\\\/avatar\\\/18677e78aa0546b92d9dbf31ec7d7668.jpg?ver=1776685526\",\"width\":96,\"height\":96,\"caption\":\"El Digital de Asturias\"}},{\"@type\":\"WebPage\",\"@id\":\"https:\\\/\\\/www.eldigitaldeasturias.com\\\/noticias\\\/ntt-ltd-lanza-su-nueva-division-de-cloud-communications\\\/#webpage\",\"url\":\"https:\\\/\\\/www.eldigitaldeasturias.com\\\/noticias\\\/ntt-ltd-lanza-su-nueva-division-de-cloud-communications\\\/\",\"name\":\"NTT Ltd. lanza su nueva divisi\\u00f3n de Cloud Communications - El Digital de Asturias\",\"description\":\"NTT Ltd., compa\\u00f1\\u00eda l\\u00edder mundial en servicios de tecnolog\\u00eda, anuncia el lanzamiento de su nueva divisi\\u00f3n Cloud Communications, un centro de excelencia que ofrece soluciones de comunicaciones en la nube. Anteriormente conocida como Arkadin, la divisi\\u00f3n Cloud Communications es un elemento fundamental para suministrar las soluciones de Intelligent Workplace de NTT Ltd. y continuar\\u00e1 proporcionando asesoramiento\",\"inLanguage\":\"es-ES\",\"isPartOf\":{\"@id\":\"https:\\\/\\\/www.eldigitaldeasturias.com\\\/noticias\\\/#website\"},\"breadcrumb\":{\"@id\":\"https:\\\/\\\/www.eldigitaldeasturias.com\\\/noticias\\\/ntt-ltd-lanza-su-nueva-division-de-cloud-communications\\\/#breadcrumblist\"},\"author\":{\"@id\":\"https:\\\/\\\/www.eldigitaldeasturias.com\\\/noticias\\\/author\\\/admin\\\/#author\"},\"creator\":{\"@id\":\"https:\\\/\\\/www.eldigitaldeasturias.com\\\/noticias\\\/author\\\/admin\\\/#author\"},\"image\":{\"@type\":\"ImageObject\",\"url\":\"https:\\\/\\\/www.eldigitaldeasturias.com\\\/noticias\\\/wp-content\\\/uploads\\\/2020\\\/03\\\/1584965161_JTweb.jpg\",\"@id\":\"https:\\\/\\\/www.eldigitaldeasturias.com\\\/noticias\\\/ntt-ltd-lanza-su-nueva-division-de-cloud-communications\\\/#mainImage\",\"width\":570,\"height\":748},\"primaryImageOfPage\":{\"@id\":\"https:\\\/\\\/www.eldigitaldeasturias.com\\\/noticias\\\/ntt-ltd-lanza-su-nueva-division-de-cloud-communications\\\/#mainImage\"},\"datePublished\":\"2020-03-26T19:51:43+01:00\",\"dateModified\":\"2020-03-26T19:51:43+01:00\"},{\"@type\":\"WebSite\",\"@id\":\"https:\\\/\\\/www.eldigitaldeasturias.com\\\/noticias\\\/#website\",\"url\":\"https:\\\/\\\/www.eldigitaldeasturias.com\\\/noticias\\\/\",\"name\":\"El Digital de Asturias - Diario de actualidad y noticias\",\"alternateName\":\"El Digital de Asturias - Diario de actualidad y noticias\",\"description\":\"Hemeroteca\",\"inLanguage\":\"es-ES\",\"publisher\":{\"@id\":\"https:\\\/\\\/www.eldigitaldeasturias.com\\\/noticias\\\/#organization\"}}]}\n\t\t<\/script>\n\t\t<!-- All in One SEO Pro -->\r\n\t\t<title>NTT Ltd. lanza su nueva divisi\u00f3n de Cloud Communications - El Digital de Asturias<\/title>\n\n","aioseo_head_json":{"title":"NTT Ltd. lanza su nueva divisi\u00f3n de Cloud Communications - El Digital de Asturias","description":"NTT Ltd., compa\u00f1\u00eda l\u00edder mundial en servicios de tecnolog\u00eda, anuncia el lanzamiento de su nueva divisi\u00f3n Cloud Communications, un centro de excelencia que ofrece soluciones de comunicaciones en la nube. Anteriormente conocida como Arkadin, la divisi\u00f3n Cloud Communications es un elemento fundamental para suministrar las soluciones de Intelligent Workplace de NTT Ltd. y continuar\u00e1 proporcionando asesoramiento","canonical_url":"https:\/\/www.eldigitaldeasturias.com\/noticias\/ntt-ltd-lanza-su-nueva-division-de-cloud-communications\/","robots":"max-image-preview:large","keywords":"negocios y empresas","webmasterTools":{"google-site-verification":"UA-38556648-1","msvalidate.01":"7dfe9f3f1b24437ab69f4f2559babe99","miscellaneous":""},"schema":{"@context":"https:\/\/schema.org","@graph":[{"@type":"BlogPosting","@id":"https:\/\/www.eldigitaldeasturias.com\/noticias\/ntt-ltd-lanza-su-nueva-division-de-cloud-communications\/#blogposting","name":"NTT Ltd. lanza su nueva divisi\u00f3n de Cloud Communications - El Digital de Asturias","headline":"NTT Ltd. lanza su nueva divisi\u00f3n de Cloud Communications","author":{"@id":"https:\/\/www.eldigitaldeasturias.com\/noticias\/author\/admin\/#author"},"publisher":{"@id":"https:\/\/www.eldigitaldeasturias.com\/noticias\/#organization"},"image":{"@type":"ImageObject","url":"https:\/\/www.eldigitaldeasturias.com\/noticias\/wp-content\/uploads\/2020\/03\/1584965161_JTweb.jpg","width":570,"height":748},"datePublished":"2020-03-26T19:51:43+01:00","dateModified":"2020-03-26T19:51:43+01:00","inLanguage":"es-ES","mainEntityOfPage":{"@id":"https:\/\/www.eldigitaldeasturias.com\/noticias\/ntt-ltd-lanza-su-nueva-division-de-cloud-communications\/#webpage"},"isPartOf":{"@id":"https:\/\/www.eldigitaldeasturias.com\/noticias\/ntt-ltd-lanza-su-nueva-division-de-cloud-communications\/#webpage"},"articleSection":"Negocios y Empresas"},{"@type":"BreadcrumbList","@id":"https:\/\/www.eldigitaldeasturias.com\/noticias\/ntt-ltd-lanza-su-nueva-division-de-cloud-communications\/#breadcrumblist","itemListElement":[{"@type":"ListItem","@id":"https:\/\/www.eldigitaldeasturias.com\/noticias#listItem","position":1,"name":"Home","item":"https:\/\/www.eldigitaldeasturias.com\/noticias","nextItem":{"@type":"ListItem","@id":"https:\/\/www.eldigitaldeasturias.com\/noticias\/category\/negocios-y-empresas\/#listItem","name":"Negocios y Empresas"}},{"@type":"ListItem","@id":"https:\/\/www.eldigitaldeasturias.com\/noticias\/category\/negocios-y-empresas\/#listItem","position":2,"name":"Negocios y Empresas","item":"https:\/\/www.eldigitaldeasturias.com\/noticias\/category\/negocios-y-empresas\/","nextItem":{"@type":"ListItem","@id":"https:\/\/www.eldigitaldeasturias.com\/noticias\/ntt-ltd-lanza-su-nueva-division-de-cloud-communications\/#listItem","name":"NTT Ltd. lanza su nueva divisi\u00f3n de Cloud Communications"},"previousItem":{"@type":"ListItem","@id":"https:\/\/www.eldigitaldeasturias.com\/noticias#listItem","name":"Home"}},{"@type":"ListItem","@id":"https:\/\/www.eldigitaldeasturias.com\/noticias\/ntt-ltd-lanza-su-nueva-division-de-cloud-communications\/#listItem","position":3,"name":"NTT Ltd. lanza su nueva divisi\u00f3n de Cloud Communications","previousItem":{"@type":"ListItem","@id":"https:\/\/www.eldigitaldeasturias.com\/noticias\/category\/negocios-y-empresas\/#listItem","name":"Negocios y Empresas"}}]},{"@type":"Organization","@id":"https:\/\/www.eldigitaldeasturias.com\/noticias\/#organization","name":"El Digital de Asturias","description":"Hemeroteca","url":"https:\/\/www.eldigitaldeasturias.com\/noticias\/","email":"info@eldigitaldeasturias.com","telephone":"+34652131393","logo":{"@type":"ImageObject","url":"https:\/\/www.eldigitaldeasturias.com\/noticias\/wp-content\/uploads\/2020\/12\/EDA.jpg","@id":"https:\/\/www.eldigitaldeasturias.com\/noticias\/ntt-ltd-lanza-su-nueva-division-de-cloud-communications\/#organizationLogo","width":649,"height":297},"image":{"@id":"https:\/\/www.eldigitaldeasturias.com\/noticias\/ntt-ltd-lanza-su-nueva-division-de-cloud-communications\/#organizationLogo"},"sameAs":["https:\/\/facebook.com\/eldigitaldeasturias","https:\/\/www.youtube.com\/channel\/UCZP-2wLEB9Rv6erhFmqVnvg"],"address":{"@id":"https:\/\/www.eldigitaldeasturias.com\/noticias\/#postaladdress","@type":"PostalAddress","streetAddress":"san antonio 4,","postalCode":"33430","addressLocality":"Cand\u00e1s","addressRegion":"Asturias","addressCountry":"ES"}},{"@type":"Person","@id":"https:\/\/www.eldigitaldeasturias.com\/noticias\/author\/admin\/#author","url":"https:\/\/www.eldigitaldeasturias.com\/noticias\/author\/admin\/","name":"El Digital de Asturias","image":{"@type":"ImageObject","@id":"https:\/\/www.eldigitaldeasturias.com\/noticias\/ntt-ltd-lanza-su-nueva-division-de-cloud-communications\/#authorImage","url":"https:\/\/www.eldigitaldeasturias.com\/noticias\/wp-content\/litespeed\/avatar\/18677e78aa0546b92d9dbf31ec7d7668.jpg?ver=1776685526","width":96,"height":96,"caption":"El Digital de Asturias"}},{"@type":"WebPage","@id":"https:\/\/www.eldigitaldeasturias.com\/noticias\/ntt-ltd-lanza-su-nueva-division-de-cloud-communications\/#webpage","url":"https:\/\/www.eldigitaldeasturias.com\/noticias\/ntt-ltd-lanza-su-nueva-division-de-cloud-communications\/","name":"NTT Ltd. lanza su nueva divisi\u00f3n de Cloud Communications - El Digital de Asturias","description":"NTT Ltd., compa\u00f1\u00eda l\u00edder mundial en servicios de tecnolog\u00eda, anuncia el lanzamiento de su nueva divisi\u00f3n Cloud Communications, un centro de excelencia que ofrece soluciones de comunicaciones en la nube. Anteriormente conocida como Arkadin, la divisi\u00f3n Cloud Communications es un elemento fundamental para suministrar las soluciones de Intelligent Workplace de NTT Ltd. y continuar\u00e1 proporcionando asesoramiento","inLanguage":"es-ES","isPartOf":{"@id":"https:\/\/www.eldigitaldeasturias.com\/noticias\/#website"},"breadcrumb":{"@id":"https:\/\/www.eldigitaldeasturias.com\/noticias\/ntt-ltd-lanza-su-nueva-division-de-cloud-communications\/#breadcrumblist"},"author":{"@id":"https:\/\/www.eldigitaldeasturias.com\/noticias\/author\/admin\/#author"},"creator":{"@id":"https:\/\/www.eldigitaldeasturias.com\/noticias\/author\/admin\/#author"},"image":{"@type":"ImageObject","url":"https:\/\/www.eldigitaldeasturias.com\/noticias\/wp-content\/uploads\/2020\/03\/1584965161_JTweb.jpg","@id":"https:\/\/www.eldigitaldeasturias.com\/noticias\/ntt-ltd-lanza-su-nueva-division-de-cloud-communications\/#mainImage","width":570,"height":748},"primaryImageOfPage":{"@id":"https:\/\/www.eldigitaldeasturias.com\/noticias\/ntt-ltd-lanza-su-nueva-division-de-cloud-communications\/#mainImage"},"datePublished":"2020-03-26T19:51:43+01:00","dateModified":"2020-03-26T19:51:43+01:00"},{"@type":"WebSite","@id":"https:\/\/www.eldigitaldeasturias.com\/noticias\/#website","url":"https:\/\/www.eldigitaldeasturias.com\/noticias\/","name":"El Digital de Asturias - Diario de actualidad y noticias","alternateName":"El Digital de Asturias - Diario de actualidad y noticias","description":"Hemeroteca","inLanguage":"es-ES","publisher":{"@id":"https:\/\/www.eldigitaldeasturias.com\/noticias\/#organization"}}]},"og:locale":"es_ES","og:site_name":"El Digital de Asturias","og:type":"article","og:title":"NTT Ltd. lanza su nueva divisi\u00f3n de Cloud Communications - El Digital de Asturias","og:description":"NTT Ltd., compa\u00f1\u00eda l\u00edder mundial en servicios de tecnolog\u00eda, anuncia el lanzamiento de su nueva divisi\u00f3n Cloud Communications, un centro de excelencia que ofrece soluciones de comunicaciones en la nube. Anteriormente conocida como Arkadin, la divisi\u00f3n Cloud Communications es un elemento fundamental para suministrar las soluciones de Intelligent Workplace de NTT Ltd. y continuar\u00e1 proporcionando asesoramiento","og:url":"https:\/\/www.eldigitaldeasturias.com\/noticias\/ntt-ltd-lanza-su-nueva-division-de-cloud-communications\/","og:image":"https:\/\/www.eldigitaldeasturias.com\/noticias\/wp-content\/uploads\/2020\/03\/1584965161_JTweb.jpg","og:image:secure_url":"https:\/\/www.eldigitaldeasturias.com\/noticias\/wp-content\/uploads\/2020\/03\/1584965161_JTweb.jpg","og:image:width":570,"og:image:height":748,"article:tag":["negocios y empresas"],"article:published_time":"2020-03-26T19:51:43+00:00","article:modified_time":"2020-03-26T19:51:43+00:00","article:publisher":"https:\/\/facebook.com\/eldigitaldeasturias","twitter:card":"summary_large_image","twitter:title":"NTT Ltd. lanza su nueva divisi\u00f3n de Cloud Communications - El Digital de Asturias","twitter:description":"NTT Ltd., compa\u00f1\u00eda l\u00edder mundial en servicios de tecnolog\u00eda, anuncia el lanzamiento de su nueva divisi\u00f3n Cloud Communications, un centro de excelencia que ofrece soluciones de comunicaciones en la nube. Anteriormente conocida como Arkadin, la divisi\u00f3n Cloud Communications es un elemento fundamental para suministrar las soluciones de Intelligent Workplace de NTT Ltd. y continuar\u00e1 proporcionando asesoramiento","twitter:image":"https:\/\/www.eldigitaldeasturias.com\/noticias\/wp-content\/uploads\/2020\/03\/1584965161_JTweb.jpg","twitter:label1":"Escrito por","twitter:data1":"El Digital de Asturias","twitter:label2":"Tiempo de lectura estimado","twitter:data2":"3 minutos"},"aioseo_meta_data":{"post_id":"1061916","title":null,"description":null,"keywords":null,"keyphrases":null,"primary_term":null,"canonical_url":null,"og_title":null,"og_description":null,"og_object_type":"default","og_image_type":"default","og_image_url":null,"og_image_width":null,"og_image_height":null,"og_image_custom_url":null,"og_image_custom_fields":null,"og_video":null,"og_custom_url":null,"og_article_section":null,"og_article_tags":null,"twitter_use_og":false,"twitter_card":"default","twitter_image_type":"default","twitter_image_url":null,"twitter_image_custom_url":null,"twitter_image_custom_fields":null,"twitter_title":null,"twitter_description":null,"schema":{"blockGraphs":[],"customGraphs":[],"default":{"data":{"Article":[],"Course":[],"Dataset":[],"FAQPage":[],"Movie":[],"Person":[],"Product":[],"ProductReview":[],"Car":[],"Recipe":[],"Service":[],"SoftwareApplication":[],"WebPage":[]},"graphName":"","isEnabled":true},"graphs":[],"defaultGraph":"","defaultPostTypeGraph":""},"schema_type":null,"schema_type_options":null,"pillar_content":false,"robots_default":true,"robots_noindex":false,"robots_noarchive":false,"robots_nosnippet":false,"robots_nofollow":false,"robots_noimageindex":false,"robots_noodp":false,"robots_notranslate":false,"robots_max_snippet":null,"robots_max_videopreview":null,"robots_max_imagepreview":"large","priority":null,"frequency":null,"local_seo":null,"seo_analyzer_scan_date":"2025-10-31 17:15:18","breadcrumb_settings":null,"limit_modified_date":false,"open_ai":null,"ai":null,"created":"2020-12-21 10:53:23","updated":"2025-10-31 17:15:18"},"aioseo_breadcrumb":"<div class=\"aioseo-breadcrumbs\"><span class=\"aioseo-breadcrumb\">\n\t<a href=\"https:\/\/www.eldigitaldeasturias.com\/noticias\" title=\"Home\">Home<\/a>\n<\/span><span class=\"aioseo-breadcrumb-separator\">\u2013<\/span><span class=\"aioseo-breadcrumb\">\n\t<a href=\"https:\/\/www.eldigitaldeasturias.com\/noticias\/category\/negocios-y-empresas\/\" title=\"Negocios y Empresas\">Negocios y Empresas<\/a>\n<\/span><span class=\"aioseo-breadcrumb-separator\">\u2013<\/span><span class=\"aioseo-breadcrumb\">\n\t<a href=\"https:\/\/www.eldigitaldeasturias.com\/noticias\/ntt-ltd-lanza-su-nueva-division-de-cloud-communications\/\" title=\"NTT Ltd. lanza su nueva divisi\u00f3n de Cloud Communications\">NTT Ltd. lanza su nueva divisi\u00f3n de Cloud Communications<\/a>\n<\/span><\/div>","aioseo_breadcrumb_json":[{"label":"Home","link":"https:\/\/www.eldigitaldeasturias.com\/noticias"},{"label":"Negocios y Empresas","link":"https:\/\/www.eldigitaldeasturias.com\/noticias\/category\/negocios-y-empresas\/"},{"label":"NTT Ltd. lanza su nueva divisi\u00f3n de Cloud Communications","link":"https:\/\/www.eldigitaldeasturias.com\/noticias\/ntt-ltd-lanza-su-nueva-division-de-cloud-communications\/"}],"_links":{"self":[{"href":"https:\/\/www.eldigitaldeasturias.com\/noticias\/wp-json\/wp\/v2\/posts\/1061916","targetHints":{"allow":["GET"]}}],"collection":[{"href":"https:\/\/www.eldigitaldeasturias.com\/noticias\/wp-json\/wp\/v2\/posts"}],"about":[{"href":"https:\/\/www.eldigitaldeasturias.com\/noticias\/wp-json\/wp\/v2\/types\/post"}],"author":[{"embeddable":true,"href":"https:\/\/www.eldigitaldeasturias.com\/noticias\/wp-json\/wp\/v2\/users\/1"}],"replies":[{"embeddable":true,"href":"https:\/\/www.eldigitaldeasturias.com\/noticias\/wp-json\/wp\/v2\/comments?post=1061916"}],"version-history":[{"count":0,"href":"https:\/\/www.eldigitaldeasturias.com\/noticias\/wp-json\/wp\/v2\/posts\/1061916\/revisions"}],"wp:featuredmedia":[{"embeddable":true,"href":"https:\/\/www.eldigitaldeasturias.com\/noticias\/wp-json\/wp\/v2\/media\/1061917"}],"wp:attachment":[{"href":"https:\/\/www.eldigitaldeasturias.com\/noticias\/wp-json\/wp\/v2\/media?parent=1061916"}],"wp:term":[{"taxonomy":"category","embeddable":true,"href":"https:\/\/www.eldigitaldeasturias.com\/noticias\/wp-json\/wp\/v2\/categories?post=1061916"},{"taxonomy":"post_tag","embeddable":true,"href":"https:\/\/www.eldigitaldeasturias.com\/noticias\/wp-json\/wp\/v2\/tags?post=1061916"}],"curies":[{"name":"wp","href":"https:\/\/api.w.org\/{rel}","templated":true}]}}