{"id":1061805,"date":"2020-03-25T12:53:03","date_gmt":"2020-03-25T12:53:03","guid":{"rendered":"https:\/\/www.eldigitaldeasturias.com\/noticias\/?p=1061805"},"modified":"2020-03-25T12:53:03","modified_gmt":"2020-03-25T12:53:03","slug":"alimerka-refuerza-su-estructura-interna-para-garantizar-el-abastecimiento","status":"publish","type":"post","link":"https:\/\/www.eldigitaldeasturias.com\/noticias\/alimerka-refuerza-su-estructura-interna-para-garantizar-el-abastecimiento\/","title":{"rendered":"Alimerka refuerza su estructura interna para garantizar el abastecimiento"},"content":{"rendered":"<p><img loading=\"lazy\" decoding=\"async\" class=\"alignleft size-medium wp-image-1061806\" src=\"https:\/\/www.eldigitaldeasturias.com\/noticias\/wp-content\/uploads\/2020\/03\/vegetables-3483075_640-360x236.jpg\" alt=\"\" width=\"360\" height=\"236\" srcset=\"https:\/\/www.eldigitaldeasturias.com\/noticias\/wp-content\/uploads\/2020\/03\/vegetables-3483075_640-360x236.jpg 360w, https:\/\/www.eldigitaldeasturias.com\/noticias\/wp-content\/uploads\/2020\/03\/vegetables-3483075_640-457x300.jpg 457w, https:\/\/www.eldigitaldeasturias.com\/noticias\/wp-content\/uploads\/2020\/03\/vegetables-3483075_640.jpg 640w\" sizes=\"auto, (max-width: 360px) 100vw, 360px\" \/>Ante la situaci\u00f3n de emergencia que se vive, Alimerka ha reforzado su estructura interna para asegurar el acceso a bienes de primera necesidad. As\u00ed, ha contratado a 200 nuevos empleados para reforzar el servicio de sus 168 supermercados, y tambi\u00e9n el \u00e1rea log\u00edstica, tanto en el transporte de largo recorrido como en el \u00e1mbito urbano, que garantiza el reparto de las compras online.<\/p>\n<p>Las medidas para preservar el bienestar de empleados y clientes, as\u00ed como el servicio a estos \u00faltimos, est\u00e1 en la base de la decisi\u00f3n de mantener a 900 empleados en sus domicilios, con el sueldo integro, en previsi\u00f3n de que se tuviera que proceder a alguna sustituci\u00f3n en la plantilla que hoy d\u00eda se encuentra en activo. Es con este objetivo, y dada la capilaridad de la compa\u00f1\u00eda, por lo que se han cerrado 26 tiendas, el pasado d\u00eda 17, en aquellas poblaciones donde exist\u00edan dos de ellas pr\u00f3ximas entre s\u00ed.<\/p>\n<p>Otra de las medidas es la reducci\u00f3n del horario comercial, que pasa a ser de 10 a 20 horas en todos los puntos de venta. Adem\u00e1s, la empresa ha reconocido el esfuerzo y la profesionalidad que est\u00e1n desplegando sus empleados con una paga extra de 800 euros.<\/p>\n<h3>Supermercado on-line<\/h3>\n<p>El incremento de pedidos online creci\u00f3 un 300% con respecto a la semana previa al estado de alarma. Este servicio ha funcionado a pleno rendimiento sin ninguna interrupci\u00f3n. En este apartado, la compa\u00f1\u00eda ha hecho un llamamiento para limitar, en la medida de lo posible, su uso a los colectivos m\u00e1s vulnerables, como personas mayores, con movilidad reducida o en cuarentena.<\/p>\n<h3>Nuevas medidas de seguridad<\/h3>\n<p>Para garantizar el servicio y, sobre todo, proteger a las personas, Alimerka ha puesto en marcha nuevas medidas de seguridad. Adem\u00e1s de las medidas de desinfecci\u00f3n completas en sus supermercados; la distribuci\u00f3n de materiales de protecci\u00f3n &#8211; geles, mascarillas, guantes\u2026- y la instalaci\u00f3n de carteler\u00eda recalcando la distancia de seguridad recomendada, tambi\u00e9n se han instalado en todos ellos mamparas de separaci\u00f3n con el personal de caja y el cliente, as\u00ed como en la secci\u00f3n de panader\u00eda. En los pr\u00f3ximos d\u00edas, estas mamparas se instalar\u00e1n tambi\u00e9n en las secciones de pescader\u00eda y fruter\u00eda.<\/p>\n<p>Alimerka refuerza as\u00ed su compromiso de accesibilidad a productos de primera necesidad en la presente situaci\u00f3n pero, al mismo tiempo, vela en todo momento por la seguridad y salud de sus empleados y clientes.<\/p>\n<p>&nbsp;<\/p>\n","protected":false},"excerpt":{"rendered":"<p>Ante la situaci\u00f3n de emergencia que se vive, Alimerka ha reforzado su estructura interna para asegurar el acceso a bienes de primera necesidad. As\u00ed, ha contratado a 200 nuevos empleados para reforzar el servicio de sus 168 supermercados, y tambi\u00e9n el \u00e1rea log\u00edstica, tanto en el transporte de largo recorrido como en el \u00e1mbito urbano, [&hellip;]<\/p>\n","protected":false},"author":1,"featured_media":1061806,"comment_status":"closed","ping_status":"closed","sticky":false,"template":"","format":"standard","meta":{"footnotes":""},"categories":[219],"tags":[],"class_list":["post-1061805","post","type-post","status-publish","format-standard","has-post-thumbnail","hentry","category-negocios-y-empresas"],"aioseo_notices":[],"aioseo_head":"\n\t\t<!-- All in One SEO Pro 4.9.6.2 - aioseo.com -->\n\t<meta name=\"description\" content=\"Ante la situaci\u00f3n de emergencia que se vive, Alimerka ha reforzado su estructura interna para asegurar el acceso a bienes de primera necesidad. As\u00ed, ha contratado a 200 nuevos empleados para reforzar el servicio de sus 168 supermercados, y tambi\u00e9n el \u00e1rea log\u00edstica, tanto en el transporte de largo recorrido como en el \u00e1mbito urbano,\" \/>\n\t<meta name=\"robots\" content=\"max-image-preview:large\" \/>\n\t<meta name=\"author\" content=\"El Digital de Asturias\"\/>\n\t<meta name=\"google-site-verification\" content=\"UA-38556648-1\" \/>\n\t<meta name=\"msvalidate.01\" content=\"7dfe9f3f1b24437ab69f4f2559babe99\" \/>\n\t<meta name=\"keywords\" content=\"negocios y empresas\" \/>\n\t<link rel=\"canonical\" href=\"https:\/\/www.eldigitaldeasturias.com\/noticias\/alimerka-refuerza-su-estructura-interna-para-garantizar-el-abastecimiento\/\" \/>\n\t<meta name=\"generator\" content=\"All in One SEO Pro (AIOSEO) 4.9.6.2\" \/>\n\t\t<meta property=\"og:locale\" content=\"es_ES\" \/>\n\t\t<meta property=\"og:site_name\" content=\"El Digital de Asturias\" \/>\n\t\t<meta property=\"og:type\" content=\"article\" \/>\n\t\t<meta property=\"og:title\" content=\"Alimerka refuerza su estructura interna para garantizar el abastecimiento - El Digital de Asturias\" \/>\n\t\t<meta property=\"og:description\" content=\"Ante la situaci\u00f3n de emergencia que se vive, Alimerka ha reforzado su estructura interna para asegurar el acceso a bienes de primera necesidad. As\u00ed, ha contratado a 200 nuevos empleados para reforzar el servicio de sus 168 supermercados, y tambi\u00e9n el \u00e1rea log\u00edstica, tanto en el transporte de largo recorrido como en el \u00e1mbito urbano,\" \/>\n\t\t<meta property=\"og:url\" content=\"https:\/\/www.eldigitaldeasturias.com\/noticias\/alimerka-refuerza-su-estructura-interna-para-garantizar-el-abastecimiento\/\" \/>\n\t\t<meta property=\"og:image\" content=\"https:\/\/www.eldigitaldeasturias.com\/noticias\/wp-content\/uploads\/2020\/03\/vegetables-3483075_640.jpg\" \/>\n\t\t<meta property=\"og:image:secure_url\" content=\"https:\/\/www.eldigitaldeasturias.com\/noticias\/wp-content\/uploads\/2020\/03\/vegetables-3483075_640.jpg\" \/>\n\t\t<meta property=\"og:image:width\" content=\"640\" \/>\n\t\t<meta property=\"og:image:height\" content=\"420\" \/>\n\t\t<meta property=\"article:tag\" content=\"negocios y empresas\" \/>\n\t\t<meta property=\"article:published_time\" content=\"2020-03-25T12:53:03+00:00\" \/>\n\t\t<meta property=\"article:modified_time\" content=\"2020-03-25T12:53:03+00:00\" \/>\n\t\t<meta property=\"article:publisher\" content=\"https:\/\/facebook.com\/eldigitaldeasturias\" \/>\n\t\t<meta name=\"twitter:card\" content=\"summary_large_image\" \/>\n\t\t<meta name=\"twitter:title\" content=\"Alimerka refuerza su estructura interna para garantizar el abastecimiento - El Digital de Asturias\" \/>\n\t\t<meta name=\"twitter:description\" content=\"Ante la situaci\u00f3n de emergencia que se vive, Alimerka ha reforzado su estructura interna para asegurar el acceso a bienes de primera necesidad. As\u00ed, ha contratado a 200 nuevos empleados para reforzar el servicio de sus 168 supermercados, y tambi\u00e9n el \u00e1rea log\u00edstica, tanto en el transporte de largo recorrido como en el \u00e1mbito urbano,\" \/>\n\t\t<meta name=\"twitter:image\" content=\"https:\/\/www.eldigitaldeasturias.com\/noticias\/wp-content\/uploads\/2020\/03\/vegetables-3483075_640.jpg\" \/>\n\t\t<meta name=\"twitter:label1\" content=\"Escrito por\" \/>\n\t\t<meta name=\"twitter:data1\" content=\"El Digital de Asturias\" \/>\n\t\t<meta name=\"twitter:label2\" content=\"Tiempo de lectura estimado\" \/>\n\t\t<meta name=\"twitter:data2\" content=\"2 minutos\" \/>\n\t\t<script type=\"application\/ld+json\" class=\"aioseo-schema\">\n\t\t\t{\"@context\":\"https:\\\/\\\/schema.org\",\"@graph\":[{\"@type\":\"BlogPosting\",\"@id\":\"https:\\\/\\\/www.eldigitaldeasturias.com\\\/noticias\\\/alimerka-refuerza-su-estructura-interna-para-garantizar-el-abastecimiento\\\/#blogposting\",\"name\":\"Alimerka refuerza su estructura interna para garantizar el abastecimiento - El Digital de Asturias\",\"headline\":\"Alimerka refuerza su estructura interna para garantizar el abastecimiento\",\"author\":{\"@id\":\"https:\\\/\\\/www.eldigitaldeasturias.com\\\/noticias\\\/author\\\/admin\\\/#author\"},\"publisher\":{\"@id\":\"https:\\\/\\\/www.eldigitaldeasturias.com\\\/noticias\\\/#organization\"},\"image\":{\"@type\":\"ImageObject\",\"url\":\"https:\\\/\\\/www.eldigitaldeasturias.com\\\/noticias\\\/wp-content\\\/uploads\\\/2020\\\/03\\\/vegetables-3483075_640.jpg\",\"width\":640,\"height\":420},\"datePublished\":\"2020-03-25T12:53:03+01:00\",\"dateModified\":\"2020-03-25T12:53:03+01:00\",\"inLanguage\":\"es-ES\",\"mainEntityOfPage\":{\"@id\":\"https:\\\/\\\/www.eldigitaldeasturias.com\\\/noticias\\\/alimerka-refuerza-su-estructura-interna-para-garantizar-el-abastecimiento\\\/#webpage\"},\"isPartOf\":{\"@id\":\"https:\\\/\\\/www.eldigitaldeasturias.com\\\/noticias\\\/alimerka-refuerza-su-estructura-interna-para-garantizar-el-abastecimiento\\\/#webpage\"},\"articleSection\":\"Negocios y Empresas\"},{\"@type\":\"BreadcrumbList\",\"@id\":\"https:\\\/\\\/www.eldigitaldeasturias.com\\\/noticias\\\/alimerka-refuerza-su-estructura-interna-para-garantizar-el-abastecimiento\\\/#breadcrumblist\",\"itemListElement\":[{\"@type\":\"ListItem\",\"@id\":\"https:\\\/\\\/www.eldigitaldeasturias.com\\\/noticias#listItem\",\"position\":1,\"name\":\"Home\",\"item\":\"https:\\\/\\\/www.eldigitaldeasturias.com\\\/noticias\",\"nextItem\":{\"@type\":\"ListItem\",\"@id\":\"https:\\\/\\\/www.eldigitaldeasturias.com\\\/noticias\\\/category\\\/negocios-y-empresas\\\/#listItem\",\"name\":\"Negocios y Empresas\"}},{\"@type\":\"ListItem\",\"@id\":\"https:\\\/\\\/www.eldigitaldeasturias.com\\\/noticias\\\/category\\\/negocios-y-empresas\\\/#listItem\",\"position\":2,\"name\":\"Negocios y Empresas\",\"item\":\"https:\\\/\\\/www.eldigitaldeasturias.com\\\/noticias\\\/category\\\/negocios-y-empresas\\\/\",\"nextItem\":{\"@type\":\"ListItem\",\"@id\":\"https:\\\/\\\/www.eldigitaldeasturias.com\\\/noticias\\\/alimerka-refuerza-su-estructura-interna-para-garantizar-el-abastecimiento\\\/#listItem\",\"name\":\"Alimerka refuerza su estructura interna para garantizar el abastecimiento\"},\"previousItem\":{\"@type\":\"ListItem\",\"@id\":\"https:\\\/\\\/www.eldigitaldeasturias.com\\\/noticias#listItem\",\"name\":\"Home\"}},{\"@type\":\"ListItem\",\"@id\":\"https:\\\/\\\/www.eldigitaldeasturias.com\\\/noticias\\\/alimerka-refuerza-su-estructura-interna-para-garantizar-el-abastecimiento\\\/#listItem\",\"position\":3,\"name\":\"Alimerka refuerza su estructura interna para garantizar el abastecimiento\",\"previousItem\":{\"@type\":\"ListItem\",\"@id\":\"https:\\\/\\\/www.eldigitaldeasturias.com\\\/noticias\\\/category\\\/negocios-y-empresas\\\/#listItem\",\"name\":\"Negocios y Empresas\"}}]},{\"@type\":\"Organization\",\"@id\":\"https:\\\/\\\/www.eldigitaldeasturias.com\\\/noticias\\\/#organization\",\"name\":\"El Digital de Asturias\",\"description\":\"Hemeroteca\",\"url\":\"https:\\\/\\\/www.eldigitaldeasturias.com\\\/noticias\\\/\",\"email\":\"info@eldigitaldeasturias.com\",\"telephone\":\"+34652131393\",\"logo\":{\"@type\":\"ImageObject\",\"url\":\"https:\\\/\\\/www.eldigitaldeasturias.com\\\/noticias\\\/wp-content\\\/uploads\\\/2020\\\/12\\\/EDA.jpg\",\"@id\":\"https:\\\/\\\/www.eldigitaldeasturias.com\\\/noticias\\\/alimerka-refuerza-su-estructura-interna-para-garantizar-el-abastecimiento\\\/#organizationLogo\",\"width\":649,\"height\":297},\"image\":{\"@id\":\"https:\\\/\\\/www.eldigitaldeasturias.com\\\/noticias\\\/alimerka-refuerza-su-estructura-interna-para-garantizar-el-abastecimiento\\\/#organizationLogo\"},\"sameAs\":[\"https:\\\/\\\/facebook.com\\\/eldigitaldeasturias\",\"https:\\\/\\\/www.youtube.com\\\/channel\\\/UCZP-2wLEB9Rv6erhFmqVnvg\"],\"address\":{\"@id\":\"https:\\\/\\\/www.eldigitaldeasturias.com\\\/noticias\\\/#postaladdress\",\"@type\":\"PostalAddress\",\"streetAddress\":\"san antonio 4,\",\"postalCode\":\"33430\",\"addressLocality\":\"Cand\\u00e1s\",\"addressRegion\":\"Asturias\",\"addressCountry\":\"ES\"}},{\"@type\":\"Person\",\"@id\":\"https:\\\/\\\/www.eldigitaldeasturias.com\\\/noticias\\\/author\\\/admin\\\/#author\",\"url\":\"https:\\\/\\\/www.eldigitaldeasturias.com\\\/noticias\\\/author\\\/admin\\\/\",\"name\":\"El Digital de Asturias\",\"image\":{\"@type\":\"ImageObject\",\"@id\":\"https:\\\/\\\/www.eldigitaldeasturias.com\\\/noticias\\\/alimerka-refuerza-su-estructura-interna-para-garantizar-el-abastecimiento\\\/#authorImage\",\"url\":\"https:\\\/\\\/www.eldigitaldeasturias.com\\\/noticias\\\/wp-content\\\/litespeed\\\/avatar\\\/18677e78aa0546b92d9dbf31ec7d7668.jpg?ver=1776685526\",\"width\":96,\"height\":96,\"caption\":\"El Digital de Asturias\"}},{\"@type\":\"WebPage\",\"@id\":\"https:\\\/\\\/www.eldigitaldeasturias.com\\\/noticias\\\/alimerka-refuerza-su-estructura-interna-para-garantizar-el-abastecimiento\\\/#webpage\",\"url\":\"https:\\\/\\\/www.eldigitaldeasturias.com\\\/noticias\\\/alimerka-refuerza-su-estructura-interna-para-garantizar-el-abastecimiento\\\/\",\"name\":\"Alimerka refuerza su estructura interna para garantizar el abastecimiento - El Digital de Asturias\",\"description\":\"Ante la situaci\\u00f3n de emergencia que se vive, Alimerka ha reforzado su estructura interna para asegurar el acceso a bienes de primera necesidad. As\\u00ed, ha contratado a 200 nuevos empleados para reforzar el servicio de sus 168 supermercados, y tambi\\u00e9n el \\u00e1rea log\\u00edstica, tanto en el transporte de largo recorrido como en el \\u00e1mbito urbano,\",\"inLanguage\":\"es-ES\",\"isPartOf\":{\"@id\":\"https:\\\/\\\/www.eldigitaldeasturias.com\\\/noticias\\\/#website\"},\"breadcrumb\":{\"@id\":\"https:\\\/\\\/www.eldigitaldeasturias.com\\\/noticias\\\/alimerka-refuerza-su-estructura-interna-para-garantizar-el-abastecimiento\\\/#breadcrumblist\"},\"author\":{\"@id\":\"https:\\\/\\\/www.eldigitaldeasturias.com\\\/noticias\\\/author\\\/admin\\\/#author\"},\"creator\":{\"@id\":\"https:\\\/\\\/www.eldigitaldeasturias.com\\\/noticias\\\/author\\\/admin\\\/#author\"},\"image\":{\"@type\":\"ImageObject\",\"url\":\"https:\\\/\\\/www.eldigitaldeasturias.com\\\/noticias\\\/wp-content\\\/uploads\\\/2020\\\/03\\\/vegetables-3483075_640.jpg\",\"@id\":\"https:\\\/\\\/www.eldigitaldeasturias.com\\\/noticias\\\/alimerka-refuerza-su-estructura-interna-para-garantizar-el-abastecimiento\\\/#mainImage\",\"width\":640,\"height\":420},\"primaryImageOfPage\":{\"@id\":\"https:\\\/\\\/www.eldigitaldeasturias.com\\\/noticias\\\/alimerka-refuerza-su-estructura-interna-para-garantizar-el-abastecimiento\\\/#mainImage\"},\"datePublished\":\"2020-03-25T12:53:03+01:00\",\"dateModified\":\"2020-03-25T12:53:03+01:00\"},{\"@type\":\"WebSite\",\"@id\":\"https:\\\/\\\/www.eldigitaldeasturias.com\\\/noticias\\\/#website\",\"url\":\"https:\\\/\\\/www.eldigitaldeasturias.com\\\/noticias\\\/\",\"name\":\"El Digital de Asturias - Diario de actualidad y noticias\",\"alternateName\":\"El Digital de Asturias - Diario de actualidad y noticias\",\"description\":\"Hemeroteca\",\"inLanguage\":\"es-ES\",\"publisher\":{\"@id\":\"https:\\\/\\\/www.eldigitaldeasturias.com\\\/noticias\\\/#organization\"}}]}\n\t\t<\/script>\n\t\t<!-- All in One SEO Pro -->\r\n\t\t<title>Alimerka refuerza su estructura interna para garantizar el abastecimiento - El Digital de Asturias<\/title>\n\n","aioseo_head_json":{"title":"Alimerka refuerza su estructura interna para garantizar el abastecimiento - El Digital de Asturias","description":"Ante la situaci\u00f3n de emergencia que se vive, Alimerka ha reforzado su estructura interna para asegurar el acceso a bienes de primera necesidad. As\u00ed, ha contratado a 200 nuevos empleados para reforzar el servicio de sus 168 supermercados, y tambi\u00e9n el \u00e1rea log\u00edstica, tanto en el transporte de largo recorrido como en el \u00e1mbito urbano,","canonical_url":"https:\/\/www.eldigitaldeasturias.com\/noticias\/alimerka-refuerza-su-estructura-interna-para-garantizar-el-abastecimiento\/","robots":"max-image-preview:large","keywords":"negocios y empresas","webmasterTools":{"google-site-verification":"UA-38556648-1","msvalidate.01":"7dfe9f3f1b24437ab69f4f2559babe99","miscellaneous":""},"schema":{"@context":"https:\/\/schema.org","@graph":[{"@type":"BlogPosting","@id":"https:\/\/www.eldigitaldeasturias.com\/noticias\/alimerka-refuerza-su-estructura-interna-para-garantizar-el-abastecimiento\/#blogposting","name":"Alimerka refuerza su estructura interna para garantizar el abastecimiento - El Digital de Asturias","headline":"Alimerka refuerza su estructura interna para garantizar el abastecimiento","author":{"@id":"https:\/\/www.eldigitaldeasturias.com\/noticias\/author\/admin\/#author"},"publisher":{"@id":"https:\/\/www.eldigitaldeasturias.com\/noticias\/#organization"},"image":{"@type":"ImageObject","url":"https:\/\/www.eldigitaldeasturias.com\/noticias\/wp-content\/uploads\/2020\/03\/vegetables-3483075_640.jpg","width":640,"height":420},"datePublished":"2020-03-25T12:53:03+01:00","dateModified":"2020-03-25T12:53:03+01:00","inLanguage":"es-ES","mainEntityOfPage":{"@id":"https:\/\/www.eldigitaldeasturias.com\/noticias\/alimerka-refuerza-su-estructura-interna-para-garantizar-el-abastecimiento\/#webpage"},"isPartOf":{"@id":"https:\/\/www.eldigitaldeasturias.com\/noticias\/alimerka-refuerza-su-estructura-interna-para-garantizar-el-abastecimiento\/#webpage"},"articleSection":"Negocios y Empresas"},{"@type":"BreadcrumbList","@id":"https:\/\/www.eldigitaldeasturias.com\/noticias\/alimerka-refuerza-su-estructura-interna-para-garantizar-el-abastecimiento\/#breadcrumblist","itemListElement":[{"@type":"ListItem","@id":"https:\/\/www.eldigitaldeasturias.com\/noticias#listItem","position":1,"name":"Home","item":"https:\/\/www.eldigitaldeasturias.com\/noticias","nextItem":{"@type":"ListItem","@id":"https:\/\/www.eldigitaldeasturias.com\/noticias\/category\/negocios-y-empresas\/#listItem","name":"Negocios y Empresas"}},{"@type":"ListItem","@id":"https:\/\/www.eldigitaldeasturias.com\/noticias\/category\/negocios-y-empresas\/#listItem","position":2,"name":"Negocios y Empresas","item":"https:\/\/www.eldigitaldeasturias.com\/noticias\/category\/negocios-y-empresas\/","nextItem":{"@type":"ListItem","@id":"https:\/\/www.eldigitaldeasturias.com\/noticias\/alimerka-refuerza-su-estructura-interna-para-garantizar-el-abastecimiento\/#listItem","name":"Alimerka refuerza su estructura interna para garantizar el abastecimiento"},"previousItem":{"@type":"ListItem","@id":"https:\/\/www.eldigitaldeasturias.com\/noticias#listItem","name":"Home"}},{"@type":"ListItem","@id":"https:\/\/www.eldigitaldeasturias.com\/noticias\/alimerka-refuerza-su-estructura-interna-para-garantizar-el-abastecimiento\/#listItem","position":3,"name":"Alimerka refuerza su estructura interna para garantizar el abastecimiento","previousItem":{"@type":"ListItem","@id":"https:\/\/www.eldigitaldeasturias.com\/noticias\/category\/negocios-y-empresas\/#listItem","name":"Negocios y Empresas"}}]},{"@type":"Organization","@id":"https:\/\/www.eldigitaldeasturias.com\/noticias\/#organization","name":"El Digital de Asturias","description":"Hemeroteca","url":"https:\/\/www.eldigitaldeasturias.com\/noticias\/","email":"info@eldigitaldeasturias.com","telephone":"+34652131393","logo":{"@type":"ImageObject","url":"https:\/\/www.eldigitaldeasturias.com\/noticias\/wp-content\/uploads\/2020\/12\/EDA.jpg","@id":"https:\/\/www.eldigitaldeasturias.com\/noticias\/alimerka-refuerza-su-estructura-interna-para-garantizar-el-abastecimiento\/#organizationLogo","width":649,"height":297},"image":{"@id":"https:\/\/www.eldigitaldeasturias.com\/noticias\/alimerka-refuerza-su-estructura-interna-para-garantizar-el-abastecimiento\/#organizationLogo"},"sameAs":["https:\/\/facebook.com\/eldigitaldeasturias","https:\/\/www.youtube.com\/channel\/UCZP-2wLEB9Rv6erhFmqVnvg"],"address":{"@id":"https:\/\/www.eldigitaldeasturias.com\/noticias\/#postaladdress","@type":"PostalAddress","streetAddress":"san antonio 4,","postalCode":"33430","addressLocality":"Cand\u00e1s","addressRegion":"Asturias","addressCountry":"ES"}},{"@type":"Person","@id":"https:\/\/www.eldigitaldeasturias.com\/noticias\/author\/admin\/#author","url":"https:\/\/www.eldigitaldeasturias.com\/noticias\/author\/admin\/","name":"El Digital de Asturias","image":{"@type":"ImageObject","@id":"https:\/\/www.eldigitaldeasturias.com\/noticias\/alimerka-refuerza-su-estructura-interna-para-garantizar-el-abastecimiento\/#authorImage","url":"https:\/\/www.eldigitaldeasturias.com\/noticias\/wp-content\/litespeed\/avatar\/18677e78aa0546b92d9dbf31ec7d7668.jpg?ver=1776685526","width":96,"height":96,"caption":"El Digital de Asturias"}},{"@type":"WebPage","@id":"https:\/\/www.eldigitaldeasturias.com\/noticias\/alimerka-refuerza-su-estructura-interna-para-garantizar-el-abastecimiento\/#webpage","url":"https:\/\/www.eldigitaldeasturias.com\/noticias\/alimerka-refuerza-su-estructura-interna-para-garantizar-el-abastecimiento\/","name":"Alimerka refuerza su estructura interna para garantizar el abastecimiento - El Digital de Asturias","description":"Ante la situaci\u00f3n de emergencia que se vive, Alimerka ha reforzado su estructura interna para asegurar el acceso a bienes de primera necesidad. As\u00ed, ha contratado a 200 nuevos empleados para reforzar el servicio de sus 168 supermercados, y tambi\u00e9n el \u00e1rea log\u00edstica, tanto en el transporte de largo recorrido como en el \u00e1mbito urbano,","inLanguage":"es-ES","isPartOf":{"@id":"https:\/\/www.eldigitaldeasturias.com\/noticias\/#website"},"breadcrumb":{"@id":"https:\/\/www.eldigitaldeasturias.com\/noticias\/alimerka-refuerza-su-estructura-interna-para-garantizar-el-abastecimiento\/#breadcrumblist"},"author":{"@id":"https:\/\/www.eldigitaldeasturias.com\/noticias\/author\/admin\/#author"},"creator":{"@id":"https:\/\/www.eldigitaldeasturias.com\/noticias\/author\/admin\/#author"},"image":{"@type":"ImageObject","url":"https:\/\/www.eldigitaldeasturias.com\/noticias\/wp-content\/uploads\/2020\/03\/vegetables-3483075_640.jpg","@id":"https:\/\/www.eldigitaldeasturias.com\/noticias\/alimerka-refuerza-su-estructura-interna-para-garantizar-el-abastecimiento\/#mainImage","width":640,"height":420},"primaryImageOfPage":{"@id":"https:\/\/www.eldigitaldeasturias.com\/noticias\/alimerka-refuerza-su-estructura-interna-para-garantizar-el-abastecimiento\/#mainImage"},"datePublished":"2020-03-25T12:53:03+01:00","dateModified":"2020-03-25T12:53:03+01:00"},{"@type":"WebSite","@id":"https:\/\/www.eldigitaldeasturias.com\/noticias\/#website","url":"https:\/\/www.eldigitaldeasturias.com\/noticias\/","name":"El Digital de Asturias - Diario de actualidad y noticias","alternateName":"El Digital de Asturias - Diario de actualidad y noticias","description":"Hemeroteca","inLanguage":"es-ES","publisher":{"@id":"https:\/\/www.eldigitaldeasturias.com\/noticias\/#organization"}}]},"og:locale":"es_ES","og:site_name":"El Digital de Asturias","og:type":"article","og:title":"Alimerka refuerza su estructura interna para garantizar el abastecimiento - El Digital de Asturias","og:description":"Ante la situaci\u00f3n de emergencia que se vive, Alimerka ha reforzado su estructura interna para asegurar el acceso a bienes de primera necesidad. As\u00ed, ha contratado a 200 nuevos empleados para reforzar el servicio de sus 168 supermercados, y tambi\u00e9n el \u00e1rea log\u00edstica, tanto en el transporte de largo recorrido como en el \u00e1mbito urbano,","og:url":"https:\/\/www.eldigitaldeasturias.com\/noticias\/alimerka-refuerza-su-estructura-interna-para-garantizar-el-abastecimiento\/","og:image":"https:\/\/www.eldigitaldeasturias.com\/noticias\/wp-content\/uploads\/2020\/03\/vegetables-3483075_640.jpg","og:image:secure_url":"https:\/\/www.eldigitaldeasturias.com\/noticias\/wp-content\/uploads\/2020\/03\/vegetables-3483075_640.jpg","og:image:width":640,"og:image:height":420,"article:tag":["negocios y empresas"],"article:published_time":"2020-03-25T12:53:03+00:00","article:modified_time":"2020-03-25T12:53:03+00:00","article:publisher":"https:\/\/facebook.com\/eldigitaldeasturias","twitter:card":"summary_large_image","twitter:title":"Alimerka refuerza su estructura interna para garantizar el abastecimiento - El Digital de Asturias","twitter:description":"Ante la situaci\u00f3n de emergencia que se vive, Alimerka ha reforzado su estructura interna para asegurar el acceso a bienes de primera necesidad. As\u00ed, ha contratado a 200 nuevos empleados para reforzar el servicio de sus 168 supermercados, y tambi\u00e9n el \u00e1rea log\u00edstica, tanto en el transporte de largo recorrido como en el \u00e1mbito urbano,","twitter:image":"https:\/\/www.eldigitaldeasturias.com\/noticias\/wp-content\/uploads\/2020\/03\/vegetables-3483075_640.jpg","twitter:label1":"Escrito por","twitter:data1":"El Digital de Asturias","twitter:label2":"Tiempo de lectura estimado","twitter:data2":"2 minutos"},"aioseo_meta_data":{"post_id":"1061805","title":null,"description":null,"keywords":null,"keyphrases":null,"primary_term":null,"canonical_url":null,"og_title":null,"og_description":null,"og_object_type":"default","og_image_type":"default","og_image_url":null,"og_image_width":null,"og_image_height":null,"og_image_custom_url":null,"og_image_custom_fields":null,"og_video":null,"og_custom_url":null,"og_article_section":null,"og_article_tags":null,"twitter_use_og":false,"twitter_card":"default","twitter_image_type":"default","twitter_image_url":null,"twitter_image_custom_url":null,"twitter_image_custom_fields":null,"twitter_title":null,"twitter_description":null,"schema":{"blockGraphs":[],"customGraphs":[],"default":{"data":{"Article":[],"Course":[],"Dataset":[],"FAQPage":[],"Movie":[],"Person":[],"Product":[],"ProductReview":[],"Car":[],"Recipe":[],"Service":[],"SoftwareApplication":[],"WebPage":[]},"graphName":"","isEnabled":true},"graphs":[]},"schema_type":null,"schema_type_options":null,"pillar_content":false,"robots_default":true,"robots_noindex":false,"robots_noarchive":false,"robots_nosnippet":false,"robots_nofollow":false,"robots_noimageindex":false,"robots_noodp":false,"robots_notranslate":false,"robots_max_snippet":null,"robots_max_videopreview":null,"robots_max_imagepreview":"large","priority":null,"frequency":null,"local_seo":null,"seo_analyzer_scan_date":"2025-10-31 16:48:12","breadcrumb_settings":null,"limit_modified_date":false,"open_ai":null,"ai":null,"created":"2020-12-21 10:53:24","updated":"2025-10-31 16:48:12"},"aioseo_breadcrumb":"<div class=\"aioseo-breadcrumbs\"><span class=\"aioseo-breadcrumb\">\n\t<a href=\"https:\/\/www.eldigitaldeasturias.com\/noticias\" title=\"Home\">Home<\/a>\n<\/span><span class=\"aioseo-breadcrumb-separator\">\u2013<\/span><span class=\"aioseo-breadcrumb\">\n\t<a href=\"https:\/\/www.eldigitaldeasturias.com\/noticias\/category\/negocios-y-empresas\/\" title=\"Negocios y Empresas\">Negocios y Empresas<\/a>\n<\/span><span class=\"aioseo-breadcrumb-separator\">\u2013<\/span><span class=\"aioseo-breadcrumb\">\n\t<a href=\"https:\/\/www.eldigitaldeasturias.com\/noticias\/alimerka-refuerza-su-estructura-interna-para-garantizar-el-abastecimiento\/\" title=\"Alimerka refuerza su estructura interna para garantizar el abastecimiento\">Alimerka refuerza su estructura interna para garantizar el abastecimiento<\/a>\n<\/span><\/div>","aioseo_breadcrumb_json":[{"label":"Home","link":"https:\/\/www.eldigitaldeasturias.com\/noticias"},{"label":"Negocios y Empresas","link":"https:\/\/www.eldigitaldeasturias.com\/noticias\/category\/negocios-y-empresas\/"},{"label":"Alimerka refuerza su estructura interna para garantizar el abastecimiento","link":"https:\/\/www.eldigitaldeasturias.com\/noticias\/alimerka-refuerza-su-estructura-interna-para-garantizar-el-abastecimiento\/"}],"_links":{"self":[{"href":"https:\/\/www.eldigitaldeasturias.com\/noticias\/wp-json\/wp\/v2\/posts\/1061805","targetHints":{"allow":["GET"]}}],"collection":[{"href":"https:\/\/www.eldigitaldeasturias.com\/noticias\/wp-json\/wp\/v2\/posts"}],"about":[{"href":"https:\/\/www.eldigitaldeasturias.com\/noticias\/wp-json\/wp\/v2\/types\/post"}],"author":[{"embeddable":true,"href":"https:\/\/www.eldigitaldeasturias.com\/noticias\/wp-json\/wp\/v2\/users\/1"}],"replies":[{"embeddable":true,"href":"https:\/\/www.eldigitaldeasturias.com\/noticias\/wp-json\/wp\/v2\/comments?post=1061805"}],"version-history":[{"count":0,"href":"https:\/\/www.eldigitaldeasturias.com\/noticias\/wp-json\/wp\/v2\/posts\/1061805\/revisions"}],"wp:featuredmedia":[{"embeddable":true,"href":"https:\/\/www.eldigitaldeasturias.com\/noticias\/wp-json\/wp\/v2\/media\/1061806"}],"wp:attachment":[{"href":"https:\/\/www.eldigitaldeasturias.com\/noticias\/wp-json\/wp\/v2\/media?parent=1061805"}],"wp:term":[{"taxonomy":"category","embeddable":true,"href":"https:\/\/www.eldigitaldeasturias.com\/noticias\/wp-json\/wp\/v2\/categories?post=1061805"},{"taxonomy":"post_tag","embeddable":true,"href":"https:\/\/www.eldigitaldeasturias.com\/noticias\/wp-json\/wp\/v2\/tags?post=1061805"}],"curies":[{"name":"wp","href":"https:\/\/api.w.org\/{rel}","templated":true}]}}