{"id":1061713,"date":"2020-03-24T15:41:29","date_gmt":"2020-03-24T15:41:29","guid":{"rendered":"https:\/\/www.eldigitaldeasturias.com\/noticias\/?p=1061713"},"modified":"2020-03-24T15:41:29","modified_gmt":"2020-03-24T15:41:29","slug":"pimem-solicita-la-eliminacion-de-la-disposicion-sexta-del-real-decreto-ley","status":"publish","type":"post","link":"https:\/\/www.eldigitaldeasturias.com\/noticias\/pimem-solicita-la-eliminacion-de-la-disposicion-sexta-del-real-decreto-ley\/","title":{"rendered":"PIMEM solicita la eliminaci\u00f3n de la disposici\u00f3n sexta del Real Decreto-ley"},"content":{"rendered":"<p><img loading=\"lazy\" decoding=\"async\" class=\"alignleft size-medium wp-image-1060632\" src=\"https:\/\/www.eldigitaldeasturias.com\/noticias\/wp-content\/uploads\/2020\/03\/connection-4884862_640-360x245.jpg\" alt=\"\" width=\"360\" height=\"245\" srcset=\"https:\/\/www.eldigitaldeasturias.com\/noticias\/wp-content\/uploads\/2020\/03\/connection-4884862_640-360x245.jpg 360w, https:\/\/www.eldigitaldeasturias.com\/noticias\/wp-content\/uploads\/2020\/03\/connection-4884862_640-440x300.jpg 440w, https:\/\/www.eldigitaldeasturias.com\/noticias\/wp-content\/uploads\/2020\/03\/connection-4884862_640.jpg 640w\" sizes=\"auto, (max-width: 360px) 100vw, 360px\" \/>Desde la Federaci\u00f3n de la Peque\u00f1a y Mediana Empresa de Mallorca (PIMEM) se quiere solicitar a los representantes del Govern Balear que planteen ante el Gobierno Nacional la eliminaci\u00f3n de la disposici\u00f3n adicional sexta del Real Decreto-Ley 8\/2020. Este adjunto penaliza a las empresas que, tras haberse acogido a un ERTE de fuerza mayor, no hayan mantenido a sus trabajadores durante los seis primeros meses desde el reinicio de la actividad empresarial.<\/p>\n<p>PIMEM considera que este apartado puede producir un efecto completamente contrario al que se busca por parte del Gobierno. Dicha disposici\u00f3n choca con el art\u00edculo 24 del Real Decreto que versa sobre las medidas extraordinarias en materia de cotizaci\u00f3n en relaci\u00f3n a los procedimientos de suspensi\u00f3n de contratos y reducci\u00f3n de jornada por fuerza mayor relacionados con el COVID-19.<\/p>\n<p>No se est\u00e1n teniendo en cuenta ciertas caracter\u00edsticas auton\u00f3micas y actividades sectoriales que propician un tipo u otro de contrataci\u00f3n. Baleares es una comunidad con una alta estacionalidad. Muchas de sus empresas residen en el sector tur\u00edstico y desempe\u00f1an su actividad durante los meses de temporada alta.<\/p>\n<p>Si esta crisis evoluciona positivamente y en el mes de mayo o junio Baleares est\u00e1 de nuevo activa y sus empresas de nuevo a pleno rendimiento, estar\u00edamos oblig\u00e1ndolas, con esta disposici\u00f3n, a mantener sus plantillas hasta el mes de noviembre o diciembre. Con la temporada m\u00e1s que acabada y la mayor\u00eda de estos establecimientos cerrados para preparar el 2021, no podr\u00e1n permitirse seguir con el mismo personal que ten\u00edan en verano.<\/p>\n<p>Al igual que solicita Plataforma Pymes, entidad a la que pertenece PIMEM, y que ha planteado esta misma demanda al Gobierno Central, es necesario que se estudien las circunstancias que afectan a las comunidades y los sectores y se elimine esta disposici\u00f3n. No creemos que este apartado sea un buen apoyo para el mantenimiento de los lugares de trabajo y el de las propias empresas.<\/p>\n<p><strong>Problemas con las L\u00edneas ICO COVID-19<\/strong><\/p>\n<p>La redacci\u00f3n actual del Real-Decreto tan solo permite acogerse a las ayudas ICO COVID-19 (dotadas con 100 mil millones de euros) una treintena de sectores econ\u00f3micos. Numerosas empresas, dado el prolongamiento del estado de alarma, se est\u00e1n viendo afectadas, ven necesario acudir a estas l\u00edneas de cr\u00e9dito y est\u00e1n siendo rechazadas. Es por ello que desde PIMEM y Plataformas Pymes queremos solicitar que se modifique, tambi\u00e9n, el Real Decreto en este apartado. Permitiendo as\u00ed, a las empresas, acogerse a las ayudas si se est\u00e1n viendo afectadas por los efectos de la crisis del COVID-19.<\/p>\n","protected":false},"excerpt":{"rendered":"<p>Desde la Federaci\u00f3n de la Peque\u00f1a y Mediana Empresa de Mallorca (PIMEM) se quiere solicitar a los representantes del Govern Balear que planteen ante el Gobierno Nacional la eliminaci\u00f3n de la disposici\u00f3n adicional sexta del Real Decreto-Ley 8\/2020. Este adjunto penaliza a las empresas que, tras haberse acogido a un ERTE de fuerza mayor, no [&hellip;]<\/p>\n","protected":false},"author":1,"featured_media":1060637,"comment_status":"closed","ping_status":"closed","sticky":false,"template":"","format":"standard","meta":{"footnotes":""},"categories":[187],"tags":[],"class_list":["post-1061713","post","type-post","status-publish","format-standard","has-post-thumbnail","hentry","category-economia"],"aioseo_notices":[],"aioseo_head":"\n\t\t<!-- All in One SEO Pro 4.9.6.2 - aioseo.com -->\n\t<meta name=\"description\" content=\"Desde la Federaci\u00f3n de la Peque\u00f1a y Mediana Empresa de Mallorca (PIMEM) se quiere solicitar a los representantes del Govern Balear que planteen ante el Gobierno Nacional la eliminaci\u00f3n de la disposici\u00f3n adicional sexta del Real Decreto-Ley 8\/2020. Este adjunto penaliza a las empresas que, tras haberse acogido a un ERTE de fuerza mayor, no\" \/>\n\t<meta name=\"robots\" content=\"max-image-preview:large\" \/>\n\t<meta name=\"author\" content=\"El Digital de Asturias\"\/>\n\t<meta name=\"google-site-verification\" content=\"UA-38556648-1\" \/>\n\t<meta name=\"msvalidate.01\" content=\"7dfe9f3f1b24437ab69f4f2559babe99\" \/>\n\t<meta name=\"keywords\" content=\"econom\u00eda\" \/>\n\t<link rel=\"canonical\" href=\"https:\/\/www.eldigitaldeasturias.com\/noticias\/pimem-solicita-la-eliminacion-de-la-disposicion-sexta-del-real-decreto-ley\/\" \/>\n\t<meta name=\"generator\" content=\"All in One SEO Pro (AIOSEO) 4.9.6.2\" \/>\n\t\t<meta property=\"og:locale\" content=\"es_ES\" \/>\n\t\t<meta property=\"og:site_name\" content=\"El Digital de Asturias\" \/>\n\t\t<meta property=\"og:type\" content=\"article\" \/>\n\t\t<meta property=\"og:title\" content=\"PIMEM solicita la eliminaci\u00f3n de la disposici\u00f3n sexta del Real Decreto-ley - El Digital de Asturias\" \/>\n\t\t<meta property=\"og:description\" content=\"Desde la Federaci\u00f3n de la Peque\u00f1a y Mediana Empresa de Mallorca (PIMEM) se quiere solicitar a los representantes del Govern Balear que planteen ante el Gobierno Nacional la eliminaci\u00f3n de la disposici\u00f3n adicional sexta del Real Decreto-Ley 8\/2020. Este adjunto penaliza a las empresas que, tras haberse acogido a un ERTE de fuerza mayor, no\" \/>\n\t\t<meta property=\"og:url\" content=\"https:\/\/www.eldigitaldeasturias.com\/noticias\/pimem-solicita-la-eliminacion-de-la-disposicion-sexta-del-real-decreto-ley\/\" \/>\n\t\t<meta property=\"og:image\" content=\"https:\/\/www.eldigitaldeasturias.com\/noticias\/wp-content\/uploads\/2020\/03\/covid-19-4908692_640.jpg\" \/>\n\t\t<meta property=\"og:image:secure_url\" content=\"https:\/\/www.eldigitaldeasturias.com\/noticias\/wp-content\/uploads\/2020\/03\/covid-19-4908692_640.jpg\" \/>\n\t\t<meta property=\"og:image:width\" content=\"640\" \/>\n\t\t<meta property=\"og:image:height\" content=\"427\" \/>\n\t\t<meta property=\"article:tag\" content=\"econom\u00eda\" \/>\n\t\t<meta property=\"article:published_time\" content=\"2020-03-24T15:41:29+00:00\" \/>\n\t\t<meta property=\"article:modified_time\" content=\"2020-03-24T15:41:29+00:00\" \/>\n\t\t<meta property=\"article:publisher\" content=\"https:\/\/facebook.com\/eldigitaldeasturias\" \/>\n\t\t<meta name=\"twitter:card\" content=\"summary_large_image\" \/>\n\t\t<meta name=\"twitter:title\" content=\"PIMEM solicita la eliminaci\u00f3n de la disposici\u00f3n sexta del Real Decreto-ley - El Digital de Asturias\" \/>\n\t\t<meta name=\"twitter:description\" content=\"Desde la Federaci\u00f3n de la Peque\u00f1a y Mediana Empresa de Mallorca (PIMEM) se quiere solicitar a los representantes del Govern Balear que planteen ante el Gobierno Nacional la eliminaci\u00f3n de la disposici\u00f3n adicional sexta del Real Decreto-Ley 8\/2020. Este adjunto penaliza a las empresas que, tras haberse acogido a un ERTE de fuerza mayor, no\" \/>\n\t\t<meta name=\"twitter:image\" content=\"https:\/\/www.eldigitaldeasturias.com\/noticias\/wp-content\/uploads\/2020\/03\/covid-19-4908692_640.jpg\" \/>\n\t\t<meta name=\"twitter:label1\" content=\"Escrito por\" \/>\n\t\t<meta name=\"twitter:data1\" content=\"El Digital de Asturias\" \/>\n\t\t<meta name=\"twitter:label2\" content=\"Tiempo de lectura estimado\" \/>\n\t\t<meta name=\"twitter:data2\" content=\"2 minutos\" \/>\n\t\t<script type=\"application\/ld+json\" class=\"aioseo-schema\">\n\t\t\t{\"@context\":\"https:\\\/\\\/schema.org\",\"@graph\":[{\"@type\":\"BlogPosting\",\"@id\":\"https:\\\/\\\/www.eldigitaldeasturias.com\\\/noticias\\\/pimem-solicita-la-eliminacion-de-la-disposicion-sexta-del-real-decreto-ley\\\/#blogposting\",\"name\":\"PIMEM solicita la eliminaci\\u00f3n de la disposici\\u00f3n sexta del Real Decreto-ley - El Digital de Asturias\",\"headline\":\"PIMEM solicita la eliminaci\\u00f3n de la disposici\\u00f3n sexta del Real Decreto-ley\",\"author\":{\"@id\":\"https:\\\/\\\/www.eldigitaldeasturias.com\\\/noticias\\\/author\\\/admin\\\/#author\"},\"publisher\":{\"@id\":\"https:\\\/\\\/www.eldigitaldeasturias.com\\\/noticias\\\/#organization\"},\"image\":{\"@type\":\"ImageObject\",\"url\":\"https:\\\/\\\/www.eldigitaldeasturias.com\\\/noticias\\\/wp-content\\\/uploads\\\/2020\\\/03\\\/covid-19-4908692_640.jpg\",\"width\":640,\"height\":427},\"datePublished\":\"2020-03-24T15:41:29+01:00\",\"dateModified\":\"2020-03-24T15:41:29+01:00\",\"inLanguage\":\"es-ES\",\"mainEntityOfPage\":{\"@id\":\"https:\\\/\\\/www.eldigitaldeasturias.com\\\/noticias\\\/pimem-solicita-la-eliminacion-de-la-disposicion-sexta-del-real-decreto-ley\\\/#webpage\"},\"isPartOf\":{\"@id\":\"https:\\\/\\\/www.eldigitaldeasturias.com\\\/noticias\\\/pimem-solicita-la-eliminacion-de-la-disposicion-sexta-del-real-decreto-ley\\\/#webpage\"},\"articleSection\":\"Econom\\u00eda\"},{\"@type\":\"BreadcrumbList\",\"@id\":\"https:\\\/\\\/www.eldigitaldeasturias.com\\\/noticias\\\/pimem-solicita-la-eliminacion-de-la-disposicion-sexta-del-real-decreto-ley\\\/#breadcrumblist\",\"itemListElement\":[{\"@type\":\"ListItem\",\"@id\":\"https:\\\/\\\/www.eldigitaldeasturias.com\\\/noticias#listItem\",\"position\":1,\"name\":\"Home\",\"item\":\"https:\\\/\\\/www.eldigitaldeasturias.com\\\/noticias\",\"nextItem\":{\"@type\":\"ListItem\",\"@id\":\"https:\\\/\\\/www.eldigitaldeasturias.com\\\/noticias\\\/category\\\/economia\\\/#listItem\",\"name\":\"Econom\\u00eda\"}},{\"@type\":\"ListItem\",\"@id\":\"https:\\\/\\\/www.eldigitaldeasturias.com\\\/noticias\\\/category\\\/economia\\\/#listItem\",\"position\":2,\"name\":\"Econom\\u00eda\",\"item\":\"https:\\\/\\\/www.eldigitaldeasturias.com\\\/noticias\\\/category\\\/economia\\\/\",\"nextItem\":{\"@type\":\"ListItem\",\"@id\":\"https:\\\/\\\/www.eldigitaldeasturias.com\\\/noticias\\\/pimem-solicita-la-eliminacion-de-la-disposicion-sexta-del-real-decreto-ley\\\/#listItem\",\"name\":\"PIMEM solicita la eliminaci\\u00f3n de la disposici\\u00f3n sexta del Real Decreto-ley\"},\"previousItem\":{\"@type\":\"ListItem\",\"@id\":\"https:\\\/\\\/www.eldigitaldeasturias.com\\\/noticias#listItem\",\"name\":\"Home\"}},{\"@type\":\"ListItem\",\"@id\":\"https:\\\/\\\/www.eldigitaldeasturias.com\\\/noticias\\\/pimem-solicita-la-eliminacion-de-la-disposicion-sexta-del-real-decreto-ley\\\/#listItem\",\"position\":3,\"name\":\"PIMEM solicita la eliminaci\\u00f3n de la disposici\\u00f3n sexta del Real Decreto-ley\",\"previousItem\":{\"@type\":\"ListItem\",\"@id\":\"https:\\\/\\\/www.eldigitaldeasturias.com\\\/noticias\\\/category\\\/economia\\\/#listItem\",\"name\":\"Econom\\u00eda\"}}]},{\"@type\":\"Organization\",\"@id\":\"https:\\\/\\\/www.eldigitaldeasturias.com\\\/noticias\\\/#organization\",\"name\":\"El Digital de Asturias\",\"description\":\"Hemeroteca\",\"url\":\"https:\\\/\\\/www.eldigitaldeasturias.com\\\/noticias\\\/\",\"email\":\"info@eldigitaldeasturias.com\",\"telephone\":\"+34652131393\",\"logo\":{\"@type\":\"ImageObject\",\"url\":\"https:\\\/\\\/www.eldigitaldeasturias.com\\\/noticias\\\/wp-content\\\/uploads\\\/2020\\\/12\\\/EDA.jpg\",\"@id\":\"https:\\\/\\\/www.eldigitaldeasturias.com\\\/noticias\\\/pimem-solicita-la-eliminacion-de-la-disposicion-sexta-del-real-decreto-ley\\\/#organizationLogo\",\"width\":649,\"height\":297},\"image\":{\"@id\":\"https:\\\/\\\/www.eldigitaldeasturias.com\\\/noticias\\\/pimem-solicita-la-eliminacion-de-la-disposicion-sexta-del-real-decreto-ley\\\/#organizationLogo\"},\"sameAs\":[\"https:\\\/\\\/facebook.com\\\/eldigitaldeasturias\",\"https:\\\/\\\/www.youtube.com\\\/channel\\\/UCZP-2wLEB9Rv6erhFmqVnvg\"],\"address\":{\"@id\":\"https:\\\/\\\/www.eldigitaldeasturias.com\\\/noticias\\\/#postaladdress\",\"@type\":\"PostalAddress\",\"streetAddress\":\"san antonio 4,\",\"postalCode\":\"33430\",\"addressLocality\":\"Cand\\u00e1s\",\"addressRegion\":\"Asturias\",\"addressCountry\":\"ES\"}},{\"@type\":\"Person\",\"@id\":\"https:\\\/\\\/www.eldigitaldeasturias.com\\\/noticias\\\/author\\\/admin\\\/#author\",\"url\":\"https:\\\/\\\/www.eldigitaldeasturias.com\\\/noticias\\\/author\\\/admin\\\/\",\"name\":\"El Digital de Asturias\",\"image\":{\"@type\":\"ImageObject\",\"@id\":\"https:\\\/\\\/www.eldigitaldeasturias.com\\\/noticias\\\/pimem-solicita-la-eliminacion-de-la-disposicion-sexta-del-real-decreto-ley\\\/#authorImage\",\"url\":\"https:\\\/\\\/www.eldigitaldeasturias.com\\\/noticias\\\/wp-content\\\/litespeed\\\/avatar\\\/18677e78aa0546b92d9dbf31ec7d7668.jpg?ver=1777290358\",\"width\":96,\"height\":96,\"caption\":\"El Digital de Asturias\"}},{\"@type\":\"WebPage\",\"@id\":\"https:\\\/\\\/www.eldigitaldeasturias.com\\\/noticias\\\/pimem-solicita-la-eliminacion-de-la-disposicion-sexta-del-real-decreto-ley\\\/#webpage\",\"url\":\"https:\\\/\\\/www.eldigitaldeasturias.com\\\/noticias\\\/pimem-solicita-la-eliminacion-de-la-disposicion-sexta-del-real-decreto-ley\\\/\",\"name\":\"PIMEM solicita la eliminaci\\u00f3n de la disposici\\u00f3n sexta del Real Decreto-ley - El Digital de Asturias\",\"description\":\"Desde la Federaci\\u00f3n de la Peque\\u00f1a y Mediana Empresa de Mallorca (PIMEM) se quiere solicitar a los representantes del Govern Balear que planteen ante el Gobierno Nacional la eliminaci\\u00f3n de la disposici\\u00f3n adicional sexta del Real Decreto-Ley 8\\\/2020. Este adjunto penaliza a las empresas que, tras haberse acogido a un ERTE de fuerza mayor, no\",\"inLanguage\":\"es-ES\",\"isPartOf\":{\"@id\":\"https:\\\/\\\/www.eldigitaldeasturias.com\\\/noticias\\\/#website\"},\"breadcrumb\":{\"@id\":\"https:\\\/\\\/www.eldigitaldeasturias.com\\\/noticias\\\/pimem-solicita-la-eliminacion-de-la-disposicion-sexta-del-real-decreto-ley\\\/#breadcrumblist\"},\"author\":{\"@id\":\"https:\\\/\\\/www.eldigitaldeasturias.com\\\/noticias\\\/author\\\/admin\\\/#author\"},\"creator\":{\"@id\":\"https:\\\/\\\/www.eldigitaldeasturias.com\\\/noticias\\\/author\\\/admin\\\/#author\"},\"image\":{\"@type\":\"ImageObject\",\"url\":\"https:\\\/\\\/www.eldigitaldeasturias.com\\\/noticias\\\/wp-content\\\/uploads\\\/2020\\\/03\\\/covid-19-4908692_640.jpg\",\"@id\":\"https:\\\/\\\/www.eldigitaldeasturias.com\\\/noticias\\\/pimem-solicita-la-eliminacion-de-la-disposicion-sexta-del-real-decreto-ley\\\/#mainImage\",\"width\":640,\"height\":427},\"primaryImageOfPage\":{\"@id\":\"https:\\\/\\\/www.eldigitaldeasturias.com\\\/noticias\\\/pimem-solicita-la-eliminacion-de-la-disposicion-sexta-del-real-decreto-ley\\\/#mainImage\"},\"datePublished\":\"2020-03-24T15:41:29+01:00\",\"dateModified\":\"2020-03-24T15:41:29+01:00\"},{\"@type\":\"WebSite\",\"@id\":\"https:\\\/\\\/www.eldigitaldeasturias.com\\\/noticias\\\/#website\",\"url\":\"https:\\\/\\\/www.eldigitaldeasturias.com\\\/noticias\\\/\",\"name\":\"El Digital de Asturias - Diario de actualidad y noticias\",\"alternateName\":\"El Digital de Asturias - Diario de actualidad y noticias\",\"description\":\"Hemeroteca\",\"inLanguage\":\"es-ES\",\"publisher\":{\"@id\":\"https:\\\/\\\/www.eldigitaldeasturias.com\\\/noticias\\\/#organization\"}}]}\n\t\t<\/script>\n\t\t<!-- All in One SEO Pro -->\r\n\t\t<title>PIMEM solicita la eliminaci\u00f3n de la disposici\u00f3n sexta del Real Decreto-ley - El Digital de Asturias<\/title>\n\n","aioseo_head_json":{"title":"PIMEM solicita la eliminaci\u00f3n de la disposici\u00f3n sexta del Real Decreto-ley - El Digital de Asturias","description":"Desde la Federaci\u00f3n de la Peque\u00f1a y Mediana Empresa de Mallorca (PIMEM) se quiere solicitar a los representantes del Govern Balear que planteen ante el Gobierno Nacional la eliminaci\u00f3n de la disposici\u00f3n adicional sexta del Real Decreto-Ley 8\/2020. Este adjunto penaliza a las empresas que, tras haberse acogido a un ERTE de fuerza mayor, no","canonical_url":"https:\/\/www.eldigitaldeasturias.com\/noticias\/pimem-solicita-la-eliminacion-de-la-disposicion-sexta-del-real-decreto-ley\/","robots":"max-image-preview:large","keywords":"econom\u00eda","webmasterTools":{"google-site-verification":"UA-38556648-1","msvalidate.01":"7dfe9f3f1b24437ab69f4f2559babe99","miscellaneous":""},"schema":{"@context":"https:\/\/schema.org","@graph":[{"@type":"BlogPosting","@id":"https:\/\/www.eldigitaldeasturias.com\/noticias\/pimem-solicita-la-eliminacion-de-la-disposicion-sexta-del-real-decreto-ley\/#blogposting","name":"PIMEM solicita la eliminaci\u00f3n de la disposici\u00f3n sexta del Real Decreto-ley - El Digital de Asturias","headline":"PIMEM solicita la eliminaci\u00f3n de la disposici\u00f3n sexta del Real Decreto-ley","author":{"@id":"https:\/\/www.eldigitaldeasturias.com\/noticias\/author\/admin\/#author"},"publisher":{"@id":"https:\/\/www.eldigitaldeasturias.com\/noticias\/#organization"},"image":{"@type":"ImageObject","url":"https:\/\/www.eldigitaldeasturias.com\/noticias\/wp-content\/uploads\/2020\/03\/covid-19-4908692_640.jpg","width":640,"height":427},"datePublished":"2020-03-24T15:41:29+01:00","dateModified":"2020-03-24T15:41:29+01:00","inLanguage":"es-ES","mainEntityOfPage":{"@id":"https:\/\/www.eldigitaldeasturias.com\/noticias\/pimem-solicita-la-eliminacion-de-la-disposicion-sexta-del-real-decreto-ley\/#webpage"},"isPartOf":{"@id":"https:\/\/www.eldigitaldeasturias.com\/noticias\/pimem-solicita-la-eliminacion-de-la-disposicion-sexta-del-real-decreto-ley\/#webpage"},"articleSection":"Econom\u00eda"},{"@type":"BreadcrumbList","@id":"https:\/\/www.eldigitaldeasturias.com\/noticias\/pimem-solicita-la-eliminacion-de-la-disposicion-sexta-del-real-decreto-ley\/#breadcrumblist","itemListElement":[{"@type":"ListItem","@id":"https:\/\/www.eldigitaldeasturias.com\/noticias#listItem","position":1,"name":"Home","item":"https:\/\/www.eldigitaldeasturias.com\/noticias","nextItem":{"@type":"ListItem","@id":"https:\/\/www.eldigitaldeasturias.com\/noticias\/category\/economia\/#listItem","name":"Econom\u00eda"}},{"@type":"ListItem","@id":"https:\/\/www.eldigitaldeasturias.com\/noticias\/category\/economia\/#listItem","position":2,"name":"Econom\u00eda","item":"https:\/\/www.eldigitaldeasturias.com\/noticias\/category\/economia\/","nextItem":{"@type":"ListItem","@id":"https:\/\/www.eldigitaldeasturias.com\/noticias\/pimem-solicita-la-eliminacion-de-la-disposicion-sexta-del-real-decreto-ley\/#listItem","name":"PIMEM solicita la eliminaci\u00f3n de la disposici\u00f3n sexta del Real Decreto-ley"},"previousItem":{"@type":"ListItem","@id":"https:\/\/www.eldigitaldeasturias.com\/noticias#listItem","name":"Home"}},{"@type":"ListItem","@id":"https:\/\/www.eldigitaldeasturias.com\/noticias\/pimem-solicita-la-eliminacion-de-la-disposicion-sexta-del-real-decreto-ley\/#listItem","position":3,"name":"PIMEM solicita la eliminaci\u00f3n de la disposici\u00f3n sexta del Real Decreto-ley","previousItem":{"@type":"ListItem","@id":"https:\/\/www.eldigitaldeasturias.com\/noticias\/category\/economia\/#listItem","name":"Econom\u00eda"}}]},{"@type":"Organization","@id":"https:\/\/www.eldigitaldeasturias.com\/noticias\/#organization","name":"El Digital de Asturias","description":"Hemeroteca","url":"https:\/\/www.eldigitaldeasturias.com\/noticias\/","email":"info@eldigitaldeasturias.com","telephone":"+34652131393","logo":{"@type":"ImageObject","url":"https:\/\/www.eldigitaldeasturias.com\/noticias\/wp-content\/uploads\/2020\/12\/EDA.jpg","@id":"https:\/\/www.eldigitaldeasturias.com\/noticias\/pimem-solicita-la-eliminacion-de-la-disposicion-sexta-del-real-decreto-ley\/#organizationLogo","width":649,"height":297},"image":{"@id":"https:\/\/www.eldigitaldeasturias.com\/noticias\/pimem-solicita-la-eliminacion-de-la-disposicion-sexta-del-real-decreto-ley\/#organizationLogo"},"sameAs":["https:\/\/facebook.com\/eldigitaldeasturias","https:\/\/www.youtube.com\/channel\/UCZP-2wLEB9Rv6erhFmqVnvg"],"address":{"@id":"https:\/\/www.eldigitaldeasturias.com\/noticias\/#postaladdress","@type":"PostalAddress","streetAddress":"san antonio 4,","postalCode":"33430","addressLocality":"Cand\u00e1s","addressRegion":"Asturias","addressCountry":"ES"}},{"@type":"Person","@id":"https:\/\/www.eldigitaldeasturias.com\/noticias\/author\/admin\/#author","url":"https:\/\/www.eldigitaldeasturias.com\/noticias\/author\/admin\/","name":"El Digital de Asturias","image":{"@type":"ImageObject","@id":"https:\/\/www.eldigitaldeasturias.com\/noticias\/pimem-solicita-la-eliminacion-de-la-disposicion-sexta-del-real-decreto-ley\/#authorImage","url":"https:\/\/www.eldigitaldeasturias.com\/noticias\/wp-content\/litespeed\/avatar\/18677e78aa0546b92d9dbf31ec7d7668.jpg?ver=1777290358","width":96,"height":96,"caption":"El Digital de Asturias"}},{"@type":"WebPage","@id":"https:\/\/www.eldigitaldeasturias.com\/noticias\/pimem-solicita-la-eliminacion-de-la-disposicion-sexta-del-real-decreto-ley\/#webpage","url":"https:\/\/www.eldigitaldeasturias.com\/noticias\/pimem-solicita-la-eliminacion-de-la-disposicion-sexta-del-real-decreto-ley\/","name":"PIMEM solicita la eliminaci\u00f3n de la disposici\u00f3n sexta del Real Decreto-ley - El Digital de Asturias","description":"Desde la Federaci\u00f3n de la Peque\u00f1a y Mediana Empresa de Mallorca (PIMEM) se quiere solicitar a los representantes del Govern Balear que planteen ante el Gobierno Nacional la eliminaci\u00f3n de la disposici\u00f3n adicional sexta del Real Decreto-Ley 8\/2020. Este adjunto penaliza a las empresas que, tras haberse acogido a un ERTE de fuerza mayor, no","inLanguage":"es-ES","isPartOf":{"@id":"https:\/\/www.eldigitaldeasturias.com\/noticias\/#website"},"breadcrumb":{"@id":"https:\/\/www.eldigitaldeasturias.com\/noticias\/pimem-solicita-la-eliminacion-de-la-disposicion-sexta-del-real-decreto-ley\/#breadcrumblist"},"author":{"@id":"https:\/\/www.eldigitaldeasturias.com\/noticias\/author\/admin\/#author"},"creator":{"@id":"https:\/\/www.eldigitaldeasturias.com\/noticias\/author\/admin\/#author"},"image":{"@type":"ImageObject","url":"https:\/\/www.eldigitaldeasturias.com\/noticias\/wp-content\/uploads\/2020\/03\/covid-19-4908692_640.jpg","@id":"https:\/\/www.eldigitaldeasturias.com\/noticias\/pimem-solicita-la-eliminacion-de-la-disposicion-sexta-del-real-decreto-ley\/#mainImage","width":640,"height":427},"primaryImageOfPage":{"@id":"https:\/\/www.eldigitaldeasturias.com\/noticias\/pimem-solicita-la-eliminacion-de-la-disposicion-sexta-del-real-decreto-ley\/#mainImage"},"datePublished":"2020-03-24T15:41:29+01:00","dateModified":"2020-03-24T15:41:29+01:00"},{"@type":"WebSite","@id":"https:\/\/www.eldigitaldeasturias.com\/noticias\/#website","url":"https:\/\/www.eldigitaldeasturias.com\/noticias\/","name":"El Digital de Asturias - Diario de actualidad y noticias","alternateName":"El Digital de Asturias - Diario de actualidad y noticias","description":"Hemeroteca","inLanguage":"es-ES","publisher":{"@id":"https:\/\/www.eldigitaldeasturias.com\/noticias\/#organization"}}]},"og:locale":"es_ES","og:site_name":"El Digital de Asturias","og:type":"article","og:title":"PIMEM solicita la eliminaci\u00f3n de la disposici\u00f3n sexta del Real Decreto-ley - El Digital de Asturias","og:description":"Desde la Federaci\u00f3n de la Peque\u00f1a y Mediana Empresa de Mallorca (PIMEM) se quiere solicitar a los representantes del Govern Balear que planteen ante el Gobierno Nacional la eliminaci\u00f3n de la disposici\u00f3n adicional sexta del Real Decreto-Ley 8\/2020. Este adjunto penaliza a las empresas que, tras haberse acogido a un ERTE de fuerza mayor, no","og:url":"https:\/\/www.eldigitaldeasturias.com\/noticias\/pimem-solicita-la-eliminacion-de-la-disposicion-sexta-del-real-decreto-ley\/","og:image":"https:\/\/www.eldigitaldeasturias.com\/noticias\/wp-content\/uploads\/2020\/03\/covid-19-4908692_640.jpg","og:image:secure_url":"https:\/\/www.eldigitaldeasturias.com\/noticias\/wp-content\/uploads\/2020\/03\/covid-19-4908692_640.jpg","og:image:width":640,"og:image:height":427,"article:tag":["econom\u00eda"],"article:published_time":"2020-03-24T15:41:29+00:00","article:modified_time":"2020-03-24T15:41:29+00:00","article:publisher":"https:\/\/facebook.com\/eldigitaldeasturias","twitter:card":"summary_large_image","twitter:title":"PIMEM solicita la eliminaci\u00f3n de la disposici\u00f3n sexta del Real Decreto-ley - El Digital de Asturias","twitter:description":"Desde la Federaci\u00f3n de la Peque\u00f1a y Mediana Empresa de Mallorca (PIMEM) se quiere solicitar a los representantes del Govern Balear que planteen ante el Gobierno Nacional la eliminaci\u00f3n de la disposici\u00f3n adicional sexta del Real Decreto-Ley 8\/2020. Este adjunto penaliza a las empresas que, tras haberse acogido a un ERTE de fuerza mayor, no","twitter:image":"https:\/\/www.eldigitaldeasturias.com\/noticias\/wp-content\/uploads\/2020\/03\/covid-19-4908692_640.jpg","twitter:label1":"Escrito por","twitter:data1":"El Digital de Asturias","twitter:label2":"Tiempo de lectura estimado","twitter:data2":"2 minutos"},"aioseo_meta_data":{"post_id":"1061713","title":null,"description":null,"keywords":null,"keyphrases":null,"primary_term":null,"canonical_url":null,"og_title":null,"og_description":null,"og_object_type":"default","og_image_type":"default","og_image_url":null,"og_image_width":null,"og_image_height":null,"og_image_custom_url":null,"og_image_custom_fields":null,"og_video":null,"og_custom_url":null,"og_article_section":null,"og_article_tags":null,"twitter_use_og":false,"twitter_card":"default","twitter_image_type":"default","twitter_image_url":null,"twitter_image_custom_url":null,"twitter_image_custom_fields":null,"twitter_title":null,"twitter_description":null,"schema":{"blockGraphs":[],"customGraphs":[],"default":{"data":{"Article":[],"Course":[],"Dataset":[],"FAQPage":[],"Movie":[],"Person":[],"Product":[],"ProductReview":[],"Car":[],"Recipe":[],"Service":[],"SoftwareApplication":[],"WebPage":[]},"graphName":"","isEnabled":true},"graphs":[],"defaultGraph":"","defaultPostTypeGraph":""},"schema_type":null,"schema_type_options":null,"pillar_content":false,"robots_default":true,"robots_noindex":false,"robots_noarchive":false,"robots_nosnippet":false,"robots_nofollow":false,"robots_noimageindex":false,"robots_noodp":false,"robots_notranslate":false,"robots_max_snippet":null,"robots_max_videopreview":null,"robots_max_imagepreview":"large","priority":null,"frequency":null,"local_seo":null,"seo_analyzer_scan_date":"2025-10-31 16:29:10","breadcrumb_settings":null,"limit_modified_date":false,"open_ai":null,"ai":null,"created":"2020-12-21 10:53:24","updated":"2025-10-31 16:29:10"},"aioseo_breadcrumb":"<div class=\"aioseo-breadcrumbs\"><span class=\"aioseo-breadcrumb\">\n\t<a href=\"https:\/\/www.eldigitaldeasturias.com\/noticias\" title=\"Home\">Home<\/a>\n<\/span><span class=\"aioseo-breadcrumb-separator\">\u2013<\/span><span class=\"aioseo-breadcrumb\">\n\t<a href=\"https:\/\/www.eldigitaldeasturias.com\/noticias\/category\/economia\/\" title=\"Econom\u00eda\">Econom\u00eda<\/a>\n<\/span><span class=\"aioseo-breadcrumb-separator\">\u2013<\/span><span class=\"aioseo-breadcrumb\">\n\t<a href=\"https:\/\/www.eldigitaldeasturias.com\/noticias\/pimem-solicita-la-eliminacion-de-la-disposicion-sexta-del-real-decreto-ley\/\" title=\"PIMEM solicita la eliminaci\u00f3n de la disposici\u00f3n sexta del Real Decreto-ley\">PIMEM solicita la eliminaci\u00f3n de la disposici\u00f3n sexta del Real Decreto-ley<\/a>\n<\/span><\/div>","aioseo_breadcrumb_json":[{"label":"Home","link":"https:\/\/www.eldigitaldeasturias.com\/noticias"},{"label":"Econom\u00eda","link":"https:\/\/www.eldigitaldeasturias.com\/noticias\/category\/economia\/"},{"label":"PIMEM solicita la eliminaci\u00f3n de la disposici\u00f3n sexta del Real Decreto-ley","link":"https:\/\/www.eldigitaldeasturias.com\/noticias\/pimem-solicita-la-eliminacion-de-la-disposicion-sexta-del-real-decreto-ley\/"}],"_links":{"self":[{"href":"https:\/\/www.eldigitaldeasturias.com\/noticias\/wp-json\/wp\/v2\/posts\/1061713","targetHints":{"allow":["GET"]}}],"collection":[{"href":"https:\/\/www.eldigitaldeasturias.com\/noticias\/wp-json\/wp\/v2\/posts"}],"about":[{"href":"https:\/\/www.eldigitaldeasturias.com\/noticias\/wp-json\/wp\/v2\/types\/post"}],"author":[{"embeddable":true,"href":"https:\/\/www.eldigitaldeasturias.com\/noticias\/wp-json\/wp\/v2\/users\/1"}],"replies":[{"embeddable":true,"href":"https:\/\/www.eldigitaldeasturias.com\/noticias\/wp-json\/wp\/v2\/comments?post=1061713"}],"version-history":[{"count":0,"href":"https:\/\/www.eldigitaldeasturias.com\/noticias\/wp-json\/wp\/v2\/posts\/1061713\/revisions"}],"wp:featuredmedia":[{"embeddable":true,"href":"https:\/\/www.eldigitaldeasturias.com\/noticias\/wp-json\/wp\/v2\/media\/1060637"}],"wp:attachment":[{"href":"https:\/\/www.eldigitaldeasturias.com\/noticias\/wp-json\/wp\/v2\/media?parent=1061713"}],"wp:term":[{"taxonomy":"category","embeddable":true,"href":"https:\/\/www.eldigitaldeasturias.com\/noticias\/wp-json\/wp\/v2\/categories?post=1061713"},{"taxonomy":"post_tag","embeddable":true,"href":"https:\/\/www.eldigitaldeasturias.com\/noticias\/wp-json\/wp\/v2\/tags?post=1061713"}],"curies":[{"name":"wp","href":"https:\/\/api.w.org\/{rel}","templated":true}]}}