{"id":1061657,"date":"2020-03-24T05:05:32","date_gmt":"2020-03-24T05:05:32","guid":{"rendered":"https:\/\/www.eldigitaldeasturias.com\/noticias\/?p=1061657"},"modified":"2020-03-24T05:05:32","modified_gmt":"2020-03-24T05:05:32","slug":"la-comision-propone-que-se-active-la-clausula-general-de-salvaguardia-del-marco-presupuestario","status":"publish","type":"post","link":"https:\/\/www.eldigitaldeasturias.com\/noticias\/la-comision-propone-que-se-active-la-clausula-general-de-salvaguardia-del-marco-presupuestario\/","title":{"rendered":"La Comisi\u00f3n propone que se active la cl\u00e1usula general de salvaguardia del marco presupuestario"},"content":{"rendered":"<p><img loading=\"lazy\" decoding=\"async\" class=\"alignleft size-medium wp-image-983320\" src=\"https:\/\/www.eldigitaldeasturias.com\/noticias\/wp-content\/uploads\/2018\/06\/blue-1283011_960_720-360x252.jpg\" alt=\"\" width=\"360\" height=\"252\" srcset=\"https:\/\/www.eldigitaldeasturias.com\/noticias\/wp-content\/uploads\/2018\/06\/blue-1283011_960_720-360x252.jpg 360w, https:\/\/www.eldigitaldeasturias.com\/noticias\/wp-content\/uploads\/2018\/06\/blue-1283011_960_720-429x300.jpg 429w, https:\/\/www.eldigitaldeasturias.com\/noticias\/wp-content\/uploads\/2018\/06\/blue-1283011_960_720-768x537.jpg 768w, https:\/\/www.eldigitaldeasturias.com\/noticias\/wp-content\/uploads\/2018\/06\/blue-1283011_960_720-687x480.jpg 687w, https:\/\/www.eldigitaldeasturias.com\/noticias\/wp-content\/uploads\/2018\/06\/blue-1283011_960_720-20x14.jpg 20w, https:\/\/www.eldigitaldeasturias.com\/noticias\/wp-content\/uploads\/2018\/06\/blue-1283011_960_720.jpg 960w\" sizes=\"auto, (max-width: 360px) 100vw, 360px\" \/>La Comisi\u00f3n ha propuesto la<strong> activaci\u00f3n de la cl\u00e1usula general de salvaguardia del Pacto de Estabilidad y Crecimiento<\/strong> (PEC) dentro de su estrategia para responder de forma r\u00e1pida, en\u00e9rgica y coordinada a la pandemia del coronavirus. Tras su aprobaci\u00f3n por el Consejo, permitir\u00e1 a los Estados miembros adoptar medidas para hacer frente a la crisis de forma adecuada, apart\u00e1ndose de los requisitos presupuestarios que se aplicar\u00edan normalmente en virtud del marco presupuestario europeo.<\/p>\n<p>La propuesta representa un paso importante en el cumplimiento del compromiso de la Comisi\u00f3n de utilizar todos los instrumentos de pol\u00edtica econ\u00f3mica a su disposici\u00f3n para prestar apoyo a los Estados miembros a la hora de proteger a sus ciudadanos y paliar las consecuencias socioecon\u00f3micas muy negativas de la pandemia.<\/p>\n<p>La presidenta Ursula\u00a0<strong>von der Leyen<\/strong>\u00a0ha declarado:\u00a0<em>\u00abProponemos la m\u00e1xima flexibilidad de nuestras normas, de manera que los Gobiernos nacionales puedan apoyar a todos: a sus sistemas sanitarios, a su personal y a las personas tan gravemente afectadas por la crisis. Quiero asegurarme de que respondamos de la mejor manera posible tanto a la dimensi\u00f3n humana como a la socioecon\u00f3mica de la pandemia del coronavirus\u00bb.<\/em><\/p>\n<p><strong>La pandemia del coronavirus representa un grave choque para la econom\u00eda europea y mundial<\/strong>. Los Estados miembros ya han adoptado o est\u00e1n adoptando medidas presupuestarias para aumentar la capacidad de sus sistemas sanitarios y prestar ayuda a los ciudadanos y sectores especialmente afectados. Estas medidas, junto con la ca\u00edda de la actividad econ\u00f3mica, contribuir\u00e1n a unos d\u00e9ficits presupuestarios sustancialmente m\u00e1s elevados.<\/p>\n<p>La Comisi\u00f3n pide al Consejo que apruebe lo antes posible su propuesta.<\/p>\n<p>La Comisi\u00f3n est\u00e1 dispuesta a adoptar nuevas medidas en funci\u00f3n de la evoluci\u00f3n de la situaci\u00f3n.<\/p>\n<p>La Comisi\u00f3n y el Consejo ya han aclarado que la pandemia del coronavirus merece la consideraci\u00f3n de \u00abcircunstancia inusual que escapa al control de las administraciones p\u00fablicas\u00bb. La Comisi\u00f3n cree que hace falta una flexibilidad de largo alcance en el marco del PEC para proteger a los ciudadanos y las empresas de Europa de las consecuencias de esta crisis y apoyar la econom\u00eda tras la pandemia. Por consiguiente, la Comisi\u00f3n ha decidido proponer la activaci\u00f3n de la cl\u00e1usula general de salvaguardia del Pacto de Estabilidad y Crecimiento.<\/p>\n<p>La\u00a0<span style=\"color: #ff6600;\"><strong><a style=\"color: #ff6600;\" href=\"https:\/\/ec.europa.eu\/commission\/presscorner\/detail\/es\/ip_20_459\" target=\"_blank\" rel=\"nofollow noopener noreferrer\" data-auth=\"NotApplicable\">estrategia de la Comisi\u00f3n para contrarrestar el impacto econ\u00f3mico de la pandemia del coronavirus<\/a><\/strong><\/span>\u00a0contempla que se utilice plenamente la flexibilidad de nuestros marcos presupuestario y de ayudas estatales, movilizando el presupuesto de la UE para que el Grupo BEI pueda proporcionar liquidez a corto plazo a las pymes y destinar 37\u00a0000 millones de euros a la lucha contra el coronavirus con cargo a la Iniciativa de Inversi\u00f3n en Respuesta al Coronavirus.<\/p>\n<p>La propuesta de sigue a la <span style=\"color: #ff6600;\"><strong><a style=\"color: #ff6600;\" href=\"https:\/\/ec.europa.eu\/commission\/presscorner\/detail\/es\/ip_20_496\" target=\"_blank\" rel=\"nofollow noopener noreferrer\" data-auth=\"NotApplicable\">adopci\u00f3n por la Comisi\u00f3n de un Marco Temporal relativo a las ayudas estatales<\/a><\/strong><\/span>, que permite a los Estados miembros garantizar que las empresas de todo tipo dispongan de liquidez suficiente y preservar la continuidad de la actividad econ\u00f3mica durante la pandemia del coronavirus y despu\u00e9s de ella.<\/p>\n<p>&nbsp;<\/p>\n","protected":false},"excerpt":{"rendered":"<p>La Comisi\u00f3n ha propuesto la activaci\u00f3n de la cl\u00e1usula general de salvaguardia del Pacto de Estabilidad y Crecimiento (PEC) dentro de su estrategia para responder de forma r\u00e1pida, en\u00e9rgica y coordinada a la pandemia del coronavirus. Tras su aprobaci\u00f3n por el Consejo, permitir\u00e1 a los Estados miembros adoptar medidas para hacer frente a la crisis [&hellip;]<\/p>\n","protected":false},"author":1,"featured_media":983320,"comment_status":"closed","ping_status":"closed","sticky":false,"template":"","format":"standard","meta":{"footnotes":""},"categories":[187],"tags":[],"class_list":["post-1061657","post","type-post","status-publish","format-standard","has-post-thumbnail","hentry","category-economia"],"aioseo_notices":[],"aioseo_head":"\n\t\t<!-- All in One SEO Pro 4.9.6.2 - aioseo.com -->\n\t<meta name=\"description\" content=\"La Comisi\u00f3n ha propuesto la activaci\u00f3n de la cl\u00e1usula general de salvaguardia del Pacto de Estabilidad y Crecimiento (PEC) dentro de su estrategia para responder de forma r\u00e1pida, en\u00e9rgica y coordinada a la pandemia del coronavirus. Tras su aprobaci\u00f3n por el Consejo, permitir\u00e1 a los Estados miembros adoptar medidas para hacer frente a la crisis\" \/>\n\t<meta name=\"robots\" content=\"max-image-preview:large\" \/>\n\t<meta name=\"author\" content=\"El Digital de Asturias\"\/>\n\t<meta name=\"google-site-verification\" content=\"UA-38556648-1\" \/>\n\t<meta name=\"msvalidate.01\" content=\"7dfe9f3f1b24437ab69f4f2559babe99\" \/>\n\t<meta name=\"keywords\" content=\"econom\u00eda\" \/>\n\t<link rel=\"canonical\" href=\"https:\/\/www.eldigitaldeasturias.com\/noticias\/la-comision-propone-que-se-active-la-clausula-general-de-salvaguardia-del-marco-presupuestario\/\" \/>\n\t<meta name=\"generator\" content=\"All in One SEO Pro (AIOSEO) 4.9.6.2\" \/>\n\t\t<meta property=\"og:locale\" content=\"es_ES\" \/>\n\t\t<meta property=\"og:site_name\" content=\"El Digital de Asturias\" \/>\n\t\t<meta property=\"og:type\" content=\"article\" \/>\n\t\t<meta property=\"og:title\" content=\"La Comisi\u00f3n propone que se active la cl\u00e1usula general de salvaguardia del marco presupuestario - El Digital de Asturias\" \/>\n\t\t<meta property=\"og:description\" content=\"La Comisi\u00f3n ha propuesto la activaci\u00f3n de la cl\u00e1usula general de salvaguardia del Pacto de Estabilidad y Crecimiento (PEC) dentro de su estrategia para responder de forma r\u00e1pida, en\u00e9rgica y coordinada a la pandemia del coronavirus. Tras su aprobaci\u00f3n por el Consejo, permitir\u00e1 a los Estados miembros adoptar medidas para hacer frente a la crisis\" \/>\n\t\t<meta property=\"og:url\" content=\"https:\/\/www.eldigitaldeasturias.com\/noticias\/la-comision-propone-que-se-active-la-clausula-general-de-salvaguardia-del-marco-presupuestario\/\" \/>\n\t\t<meta property=\"og:image\" content=\"https:\/\/www.eldigitaldeasturias.com\/noticias\/wp-content\/uploads\/2018\/06\/blue-1283011_960_720.jpg\" \/>\n\t\t<meta property=\"og:image:secure_url\" content=\"https:\/\/www.eldigitaldeasturias.com\/noticias\/wp-content\/uploads\/2018\/06\/blue-1283011_960_720.jpg\" \/>\n\t\t<meta property=\"og:image:width\" content=\"960\" \/>\n\t\t<meta property=\"og:image:height\" content=\"671\" \/>\n\t\t<meta property=\"article:tag\" content=\"econom\u00eda\" \/>\n\t\t<meta property=\"article:published_time\" content=\"2020-03-24T05:05:32+00:00\" \/>\n\t\t<meta property=\"article:modified_time\" content=\"2020-03-24T05:05:32+00:00\" \/>\n\t\t<meta property=\"article:publisher\" content=\"https:\/\/facebook.com\/eldigitaldeasturias\" \/>\n\t\t<meta name=\"twitter:card\" content=\"summary_large_image\" \/>\n\t\t<meta name=\"twitter:title\" content=\"La Comisi\u00f3n propone que se active la cl\u00e1usula general de salvaguardia del marco presupuestario - El Digital de Asturias\" \/>\n\t\t<meta name=\"twitter:description\" content=\"La Comisi\u00f3n ha propuesto la activaci\u00f3n de la cl\u00e1usula general de salvaguardia del Pacto de Estabilidad y Crecimiento (PEC) dentro de su estrategia para responder de forma r\u00e1pida, en\u00e9rgica y coordinada a la pandemia del coronavirus. Tras su aprobaci\u00f3n por el Consejo, permitir\u00e1 a los Estados miembros adoptar medidas para hacer frente a la crisis\" \/>\n\t\t<meta name=\"twitter:image\" content=\"https:\/\/www.eldigitaldeasturias.com\/noticias\/wp-content\/uploads\/2018\/06\/blue-1283011_960_720.jpg\" \/>\n\t\t<meta name=\"twitter:label1\" content=\"Escrito por\" \/>\n\t\t<meta name=\"twitter:data1\" content=\"El Digital de Asturias\" \/>\n\t\t<meta name=\"twitter:label2\" content=\"Tiempo de lectura estimado\" \/>\n\t\t<meta name=\"twitter:data2\" content=\"3 minutos\" \/>\n\t\t<script type=\"application\/ld+json\" class=\"aioseo-schema\">\n\t\t\t{\"@context\":\"https:\\\/\\\/schema.org\",\"@graph\":[{\"@type\":\"BlogPosting\",\"@id\":\"https:\\\/\\\/www.eldigitaldeasturias.com\\\/noticias\\\/la-comision-propone-que-se-active-la-clausula-general-de-salvaguardia-del-marco-presupuestario\\\/#blogposting\",\"name\":\"La Comisi\\u00f3n propone que se active la cl\\u00e1usula general de salvaguardia del marco presupuestario - El Digital de Asturias\",\"headline\":\"La Comisi\\u00f3n propone que se active la cl\\u00e1usula general de salvaguardia del marco presupuestario\",\"author\":{\"@id\":\"https:\\\/\\\/www.eldigitaldeasturias.com\\\/noticias\\\/author\\\/admin\\\/#author\"},\"publisher\":{\"@id\":\"https:\\\/\\\/www.eldigitaldeasturias.com\\\/noticias\\\/#organization\"},\"image\":{\"@type\":\"ImageObject\",\"url\":\"https:\\\/\\\/www.eldigitaldeasturias.com\\\/noticias\\\/wp-content\\\/uploads\\\/2018\\\/06\\\/blue-1283011_960_720.jpg\",\"width\":960,\"height\":671},\"datePublished\":\"2020-03-24T05:05:32+01:00\",\"dateModified\":\"2020-03-24T05:05:32+01:00\",\"inLanguage\":\"es-ES\",\"mainEntityOfPage\":{\"@id\":\"https:\\\/\\\/www.eldigitaldeasturias.com\\\/noticias\\\/la-comision-propone-que-se-active-la-clausula-general-de-salvaguardia-del-marco-presupuestario\\\/#webpage\"},\"isPartOf\":{\"@id\":\"https:\\\/\\\/www.eldigitaldeasturias.com\\\/noticias\\\/la-comision-propone-que-se-active-la-clausula-general-de-salvaguardia-del-marco-presupuestario\\\/#webpage\"},\"articleSection\":\"Econom\\u00eda\"},{\"@type\":\"BreadcrumbList\",\"@id\":\"https:\\\/\\\/www.eldigitaldeasturias.com\\\/noticias\\\/la-comision-propone-que-se-active-la-clausula-general-de-salvaguardia-del-marco-presupuestario\\\/#breadcrumblist\",\"itemListElement\":[{\"@type\":\"ListItem\",\"@id\":\"https:\\\/\\\/www.eldigitaldeasturias.com\\\/noticias#listItem\",\"position\":1,\"name\":\"Home\",\"item\":\"https:\\\/\\\/www.eldigitaldeasturias.com\\\/noticias\",\"nextItem\":{\"@type\":\"ListItem\",\"@id\":\"https:\\\/\\\/www.eldigitaldeasturias.com\\\/noticias\\\/category\\\/economia\\\/#listItem\",\"name\":\"Econom\\u00eda\"}},{\"@type\":\"ListItem\",\"@id\":\"https:\\\/\\\/www.eldigitaldeasturias.com\\\/noticias\\\/category\\\/economia\\\/#listItem\",\"position\":2,\"name\":\"Econom\\u00eda\",\"item\":\"https:\\\/\\\/www.eldigitaldeasturias.com\\\/noticias\\\/category\\\/economia\\\/\",\"nextItem\":{\"@type\":\"ListItem\",\"@id\":\"https:\\\/\\\/www.eldigitaldeasturias.com\\\/noticias\\\/la-comision-propone-que-se-active-la-clausula-general-de-salvaguardia-del-marco-presupuestario\\\/#listItem\",\"name\":\"La Comisi\\u00f3n propone que se active la cl\\u00e1usula general de salvaguardia del marco presupuestario\"},\"previousItem\":{\"@type\":\"ListItem\",\"@id\":\"https:\\\/\\\/www.eldigitaldeasturias.com\\\/noticias#listItem\",\"name\":\"Home\"}},{\"@type\":\"ListItem\",\"@id\":\"https:\\\/\\\/www.eldigitaldeasturias.com\\\/noticias\\\/la-comision-propone-que-se-active-la-clausula-general-de-salvaguardia-del-marco-presupuestario\\\/#listItem\",\"position\":3,\"name\":\"La Comisi\\u00f3n propone que se active la cl\\u00e1usula general de salvaguardia del marco presupuestario\",\"previousItem\":{\"@type\":\"ListItem\",\"@id\":\"https:\\\/\\\/www.eldigitaldeasturias.com\\\/noticias\\\/category\\\/economia\\\/#listItem\",\"name\":\"Econom\\u00eda\"}}]},{\"@type\":\"Organization\",\"@id\":\"https:\\\/\\\/www.eldigitaldeasturias.com\\\/noticias\\\/#organization\",\"name\":\"El Digital de Asturias\",\"description\":\"Hemeroteca\",\"url\":\"https:\\\/\\\/www.eldigitaldeasturias.com\\\/noticias\\\/\",\"email\":\"info@eldigitaldeasturias.com\",\"telephone\":\"+34652131393\",\"logo\":{\"@type\":\"ImageObject\",\"url\":\"https:\\\/\\\/www.eldigitaldeasturias.com\\\/noticias\\\/wp-content\\\/uploads\\\/2020\\\/12\\\/EDA.jpg\",\"@id\":\"https:\\\/\\\/www.eldigitaldeasturias.com\\\/noticias\\\/la-comision-propone-que-se-active-la-clausula-general-de-salvaguardia-del-marco-presupuestario\\\/#organizationLogo\",\"width\":649,\"height\":297},\"image\":{\"@id\":\"https:\\\/\\\/www.eldigitaldeasturias.com\\\/noticias\\\/la-comision-propone-que-se-active-la-clausula-general-de-salvaguardia-del-marco-presupuestario\\\/#organizationLogo\"},\"sameAs\":[\"https:\\\/\\\/facebook.com\\\/eldigitaldeasturias\",\"https:\\\/\\\/www.youtube.com\\\/channel\\\/UCZP-2wLEB9Rv6erhFmqVnvg\"],\"address\":{\"@id\":\"https:\\\/\\\/www.eldigitaldeasturias.com\\\/noticias\\\/#postaladdress\",\"@type\":\"PostalAddress\",\"streetAddress\":\"san antonio 4,\",\"postalCode\":\"33430\",\"addressLocality\":\"Cand\\u00e1s\",\"addressRegion\":\"Asturias\",\"addressCountry\":\"ES\"}},{\"@type\":\"Person\",\"@id\":\"https:\\\/\\\/www.eldigitaldeasturias.com\\\/noticias\\\/author\\\/admin\\\/#author\",\"url\":\"https:\\\/\\\/www.eldigitaldeasturias.com\\\/noticias\\\/author\\\/admin\\\/\",\"name\":\"El Digital de Asturias\",\"image\":{\"@type\":\"ImageObject\",\"@id\":\"https:\\\/\\\/www.eldigitaldeasturias.com\\\/noticias\\\/la-comision-propone-que-se-active-la-clausula-general-de-salvaguardia-del-marco-presupuestario\\\/#authorImage\",\"url\":\"https:\\\/\\\/www.eldigitaldeasturias.com\\\/noticias\\\/wp-content\\\/litespeed\\\/avatar\\\/18677e78aa0546b92d9dbf31ec7d7668.jpg?ver=1777290358\",\"width\":96,\"height\":96,\"caption\":\"El Digital de Asturias\"}},{\"@type\":\"WebPage\",\"@id\":\"https:\\\/\\\/www.eldigitaldeasturias.com\\\/noticias\\\/la-comision-propone-que-se-active-la-clausula-general-de-salvaguardia-del-marco-presupuestario\\\/#webpage\",\"url\":\"https:\\\/\\\/www.eldigitaldeasturias.com\\\/noticias\\\/la-comision-propone-que-se-active-la-clausula-general-de-salvaguardia-del-marco-presupuestario\\\/\",\"name\":\"La Comisi\\u00f3n propone que se active la cl\\u00e1usula general de salvaguardia del marco presupuestario - El Digital de Asturias\",\"description\":\"La Comisi\\u00f3n ha propuesto la activaci\\u00f3n de la cl\\u00e1usula general de salvaguardia del Pacto de Estabilidad y Crecimiento (PEC) dentro de su estrategia para responder de forma r\\u00e1pida, en\\u00e9rgica y coordinada a la pandemia del coronavirus. Tras su aprobaci\\u00f3n por el Consejo, permitir\\u00e1 a los Estados miembros adoptar medidas para hacer frente a la crisis\",\"inLanguage\":\"es-ES\",\"isPartOf\":{\"@id\":\"https:\\\/\\\/www.eldigitaldeasturias.com\\\/noticias\\\/#website\"},\"breadcrumb\":{\"@id\":\"https:\\\/\\\/www.eldigitaldeasturias.com\\\/noticias\\\/la-comision-propone-que-se-active-la-clausula-general-de-salvaguardia-del-marco-presupuestario\\\/#breadcrumblist\"},\"author\":{\"@id\":\"https:\\\/\\\/www.eldigitaldeasturias.com\\\/noticias\\\/author\\\/admin\\\/#author\"},\"creator\":{\"@id\":\"https:\\\/\\\/www.eldigitaldeasturias.com\\\/noticias\\\/author\\\/admin\\\/#author\"},\"image\":{\"@type\":\"ImageObject\",\"url\":\"https:\\\/\\\/www.eldigitaldeasturias.com\\\/noticias\\\/wp-content\\\/uploads\\\/2018\\\/06\\\/blue-1283011_960_720.jpg\",\"@id\":\"https:\\\/\\\/www.eldigitaldeasturias.com\\\/noticias\\\/la-comision-propone-que-se-active-la-clausula-general-de-salvaguardia-del-marco-presupuestario\\\/#mainImage\",\"width\":960,\"height\":671},\"primaryImageOfPage\":{\"@id\":\"https:\\\/\\\/www.eldigitaldeasturias.com\\\/noticias\\\/la-comision-propone-que-se-active-la-clausula-general-de-salvaguardia-del-marco-presupuestario\\\/#mainImage\"},\"datePublished\":\"2020-03-24T05:05:32+01:00\",\"dateModified\":\"2020-03-24T05:05:32+01:00\"},{\"@type\":\"WebSite\",\"@id\":\"https:\\\/\\\/www.eldigitaldeasturias.com\\\/noticias\\\/#website\",\"url\":\"https:\\\/\\\/www.eldigitaldeasturias.com\\\/noticias\\\/\",\"name\":\"El Digital de Asturias - Diario de actualidad y noticias\",\"alternateName\":\"El Digital de Asturias - Diario de actualidad y noticias\",\"description\":\"Hemeroteca\",\"inLanguage\":\"es-ES\",\"publisher\":{\"@id\":\"https:\\\/\\\/www.eldigitaldeasturias.com\\\/noticias\\\/#organization\"}}]}\n\t\t<\/script>\n\t\t<!-- All in One SEO Pro -->\r\n\t\t<title>La Comisi\u00f3n propone que se active la cl\u00e1usula general de salvaguardia del marco presupuestario - El Digital de Asturias<\/title>\n\n","aioseo_head_json":{"title":"La Comisi\u00f3n propone que se active la cl\u00e1usula general de salvaguardia del marco presupuestario - El Digital de Asturias","description":"La Comisi\u00f3n ha propuesto la activaci\u00f3n de la cl\u00e1usula general de salvaguardia del Pacto de Estabilidad y Crecimiento (PEC) dentro de su estrategia para responder de forma r\u00e1pida, en\u00e9rgica y coordinada a la pandemia del coronavirus. Tras su aprobaci\u00f3n por el Consejo, permitir\u00e1 a los Estados miembros adoptar medidas para hacer frente a la crisis","canonical_url":"https:\/\/www.eldigitaldeasturias.com\/noticias\/la-comision-propone-que-se-active-la-clausula-general-de-salvaguardia-del-marco-presupuestario\/","robots":"max-image-preview:large","keywords":"econom\u00eda","webmasterTools":{"google-site-verification":"UA-38556648-1","msvalidate.01":"7dfe9f3f1b24437ab69f4f2559babe99","miscellaneous":""},"schema":{"@context":"https:\/\/schema.org","@graph":[{"@type":"BlogPosting","@id":"https:\/\/www.eldigitaldeasturias.com\/noticias\/la-comision-propone-que-se-active-la-clausula-general-de-salvaguardia-del-marco-presupuestario\/#blogposting","name":"La Comisi\u00f3n propone que se active la cl\u00e1usula general de salvaguardia del marco presupuestario - El Digital de Asturias","headline":"La Comisi\u00f3n propone que se active la cl\u00e1usula general de salvaguardia del marco presupuestario","author":{"@id":"https:\/\/www.eldigitaldeasturias.com\/noticias\/author\/admin\/#author"},"publisher":{"@id":"https:\/\/www.eldigitaldeasturias.com\/noticias\/#organization"},"image":{"@type":"ImageObject","url":"https:\/\/www.eldigitaldeasturias.com\/noticias\/wp-content\/uploads\/2018\/06\/blue-1283011_960_720.jpg","width":960,"height":671},"datePublished":"2020-03-24T05:05:32+01:00","dateModified":"2020-03-24T05:05:32+01:00","inLanguage":"es-ES","mainEntityOfPage":{"@id":"https:\/\/www.eldigitaldeasturias.com\/noticias\/la-comision-propone-que-se-active-la-clausula-general-de-salvaguardia-del-marco-presupuestario\/#webpage"},"isPartOf":{"@id":"https:\/\/www.eldigitaldeasturias.com\/noticias\/la-comision-propone-que-se-active-la-clausula-general-de-salvaguardia-del-marco-presupuestario\/#webpage"},"articleSection":"Econom\u00eda"},{"@type":"BreadcrumbList","@id":"https:\/\/www.eldigitaldeasturias.com\/noticias\/la-comision-propone-que-se-active-la-clausula-general-de-salvaguardia-del-marco-presupuestario\/#breadcrumblist","itemListElement":[{"@type":"ListItem","@id":"https:\/\/www.eldigitaldeasturias.com\/noticias#listItem","position":1,"name":"Home","item":"https:\/\/www.eldigitaldeasturias.com\/noticias","nextItem":{"@type":"ListItem","@id":"https:\/\/www.eldigitaldeasturias.com\/noticias\/category\/economia\/#listItem","name":"Econom\u00eda"}},{"@type":"ListItem","@id":"https:\/\/www.eldigitaldeasturias.com\/noticias\/category\/economia\/#listItem","position":2,"name":"Econom\u00eda","item":"https:\/\/www.eldigitaldeasturias.com\/noticias\/category\/economia\/","nextItem":{"@type":"ListItem","@id":"https:\/\/www.eldigitaldeasturias.com\/noticias\/la-comision-propone-que-se-active-la-clausula-general-de-salvaguardia-del-marco-presupuestario\/#listItem","name":"La Comisi\u00f3n propone que se active la cl\u00e1usula general de salvaguardia del marco presupuestario"},"previousItem":{"@type":"ListItem","@id":"https:\/\/www.eldigitaldeasturias.com\/noticias#listItem","name":"Home"}},{"@type":"ListItem","@id":"https:\/\/www.eldigitaldeasturias.com\/noticias\/la-comision-propone-que-se-active-la-clausula-general-de-salvaguardia-del-marco-presupuestario\/#listItem","position":3,"name":"La Comisi\u00f3n propone que se active la cl\u00e1usula general de salvaguardia del marco presupuestario","previousItem":{"@type":"ListItem","@id":"https:\/\/www.eldigitaldeasturias.com\/noticias\/category\/economia\/#listItem","name":"Econom\u00eda"}}]},{"@type":"Organization","@id":"https:\/\/www.eldigitaldeasturias.com\/noticias\/#organization","name":"El Digital de Asturias","description":"Hemeroteca","url":"https:\/\/www.eldigitaldeasturias.com\/noticias\/","email":"info@eldigitaldeasturias.com","telephone":"+34652131393","logo":{"@type":"ImageObject","url":"https:\/\/www.eldigitaldeasturias.com\/noticias\/wp-content\/uploads\/2020\/12\/EDA.jpg","@id":"https:\/\/www.eldigitaldeasturias.com\/noticias\/la-comision-propone-que-se-active-la-clausula-general-de-salvaguardia-del-marco-presupuestario\/#organizationLogo","width":649,"height":297},"image":{"@id":"https:\/\/www.eldigitaldeasturias.com\/noticias\/la-comision-propone-que-se-active-la-clausula-general-de-salvaguardia-del-marco-presupuestario\/#organizationLogo"},"sameAs":["https:\/\/facebook.com\/eldigitaldeasturias","https:\/\/www.youtube.com\/channel\/UCZP-2wLEB9Rv6erhFmqVnvg"],"address":{"@id":"https:\/\/www.eldigitaldeasturias.com\/noticias\/#postaladdress","@type":"PostalAddress","streetAddress":"san antonio 4,","postalCode":"33430","addressLocality":"Cand\u00e1s","addressRegion":"Asturias","addressCountry":"ES"}},{"@type":"Person","@id":"https:\/\/www.eldigitaldeasturias.com\/noticias\/author\/admin\/#author","url":"https:\/\/www.eldigitaldeasturias.com\/noticias\/author\/admin\/","name":"El Digital de Asturias","image":{"@type":"ImageObject","@id":"https:\/\/www.eldigitaldeasturias.com\/noticias\/la-comision-propone-que-se-active-la-clausula-general-de-salvaguardia-del-marco-presupuestario\/#authorImage","url":"https:\/\/www.eldigitaldeasturias.com\/noticias\/wp-content\/litespeed\/avatar\/18677e78aa0546b92d9dbf31ec7d7668.jpg?ver=1777290358","width":96,"height":96,"caption":"El Digital de Asturias"}},{"@type":"WebPage","@id":"https:\/\/www.eldigitaldeasturias.com\/noticias\/la-comision-propone-que-se-active-la-clausula-general-de-salvaguardia-del-marco-presupuestario\/#webpage","url":"https:\/\/www.eldigitaldeasturias.com\/noticias\/la-comision-propone-que-se-active-la-clausula-general-de-salvaguardia-del-marco-presupuestario\/","name":"La Comisi\u00f3n propone que se active la cl\u00e1usula general de salvaguardia del marco presupuestario - El Digital de Asturias","description":"La Comisi\u00f3n ha propuesto la activaci\u00f3n de la cl\u00e1usula general de salvaguardia del Pacto de Estabilidad y Crecimiento (PEC) dentro de su estrategia para responder de forma r\u00e1pida, en\u00e9rgica y coordinada a la pandemia del coronavirus. Tras su aprobaci\u00f3n por el Consejo, permitir\u00e1 a los Estados miembros adoptar medidas para hacer frente a la crisis","inLanguage":"es-ES","isPartOf":{"@id":"https:\/\/www.eldigitaldeasturias.com\/noticias\/#website"},"breadcrumb":{"@id":"https:\/\/www.eldigitaldeasturias.com\/noticias\/la-comision-propone-que-se-active-la-clausula-general-de-salvaguardia-del-marco-presupuestario\/#breadcrumblist"},"author":{"@id":"https:\/\/www.eldigitaldeasturias.com\/noticias\/author\/admin\/#author"},"creator":{"@id":"https:\/\/www.eldigitaldeasturias.com\/noticias\/author\/admin\/#author"},"image":{"@type":"ImageObject","url":"https:\/\/www.eldigitaldeasturias.com\/noticias\/wp-content\/uploads\/2018\/06\/blue-1283011_960_720.jpg","@id":"https:\/\/www.eldigitaldeasturias.com\/noticias\/la-comision-propone-que-se-active-la-clausula-general-de-salvaguardia-del-marco-presupuestario\/#mainImage","width":960,"height":671},"primaryImageOfPage":{"@id":"https:\/\/www.eldigitaldeasturias.com\/noticias\/la-comision-propone-que-se-active-la-clausula-general-de-salvaguardia-del-marco-presupuestario\/#mainImage"},"datePublished":"2020-03-24T05:05:32+01:00","dateModified":"2020-03-24T05:05:32+01:00"},{"@type":"WebSite","@id":"https:\/\/www.eldigitaldeasturias.com\/noticias\/#website","url":"https:\/\/www.eldigitaldeasturias.com\/noticias\/","name":"El Digital de Asturias - Diario de actualidad y noticias","alternateName":"El Digital de Asturias - Diario de actualidad y noticias","description":"Hemeroteca","inLanguage":"es-ES","publisher":{"@id":"https:\/\/www.eldigitaldeasturias.com\/noticias\/#organization"}}]},"og:locale":"es_ES","og:site_name":"El Digital de Asturias","og:type":"article","og:title":"La Comisi\u00f3n propone que se active la cl\u00e1usula general de salvaguardia del marco presupuestario - El Digital de Asturias","og:description":"La Comisi\u00f3n ha propuesto la activaci\u00f3n de la cl\u00e1usula general de salvaguardia del Pacto de Estabilidad y Crecimiento (PEC) dentro de su estrategia para responder de forma r\u00e1pida, en\u00e9rgica y coordinada a la pandemia del coronavirus. Tras su aprobaci\u00f3n por el Consejo, permitir\u00e1 a los Estados miembros adoptar medidas para hacer frente a la crisis","og:url":"https:\/\/www.eldigitaldeasturias.com\/noticias\/la-comision-propone-que-se-active-la-clausula-general-de-salvaguardia-del-marco-presupuestario\/","og:image":"https:\/\/www.eldigitaldeasturias.com\/noticias\/wp-content\/uploads\/2018\/06\/blue-1283011_960_720.jpg","og:image:secure_url":"https:\/\/www.eldigitaldeasturias.com\/noticias\/wp-content\/uploads\/2018\/06\/blue-1283011_960_720.jpg","og:image:width":960,"og:image:height":671,"article:tag":["econom\u00eda"],"article:published_time":"2020-03-24T05:05:32+00:00","article:modified_time":"2020-03-24T05:05:32+00:00","article:publisher":"https:\/\/facebook.com\/eldigitaldeasturias","twitter:card":"summary_large_image","twitter:title":"La Comisi\u00f3n propone que se active la cl\u00e1usula general de salvaguardia del marco presupuestario - El Digital de Asturias","twitter:description":"La Comisi\u00f3n ha propuesto la activaci\u00f3n de la cl\u00e1usula general de salvaguardia del Pacto de Estabilidad y Crecimiento (PEC) dentro de su estrategia para responder de forma r\u00e1pida, en\u00e9rgica y coordinada a la pandemia del coronavirus. Tras su aprobaci\u00f3n por el Consejo, permitir\u00e1 a los Estados miembros adoptar medidas para hacer frente a la crisis","twitter:image":"https:\/\/www.eldigitaldeasturias.com\/noticias\/wp-content\/uploads\/2018\/06\/blue-1283011_960_720.jpg","twitter:label1":"Escrito por","twitter:data1":"El Digital de Asturias","twitter:label2":"Tiempo de lectura estimado","twitter:data2":"3 minutos"},"aioseo_meta_data":{"post_id":"1061657","title":null,"description":null,"keywords":null,"keyphrases":null,"primary_term":null,"canonical_url":null,"og_title":null,"og_description":null,"og_object_type":"default","og_image_type":"default","og_image_url":null,"og_image_width":null,"og_image_height":null,"og_image_custom_url":null,"og_image_custom_fields":null,"og_video":null,"og_custom_url":null,"og_article_section":null,"og_article_tags":null,"twitter_use_og":false,"twitter_card":"default","twitter_image_type":"default","twitter_image_url":null,"twitter_image_custom_url":null,"twitter_image_custom_fields":null,"twitter_title":null,"twitter_description":null,"schema":{"blockGraphs":[],"customGraphs":[],"default":{"data":{"Article":[],"Course":[],"Dataset":[],"FAQPage":[],"Movie":[],"Person":[],"Product":[],"ProductReview":[],"Car":[],"Recipe":[],"Service":[],"SoftwareApplication":[],"WebPage":[]},"graphName":"","isEnabled":true},"graphs":[],"defaultGraph":"","defaultPostTypeGraph":""},"schema_type":null,"schema_type_options":null,"pillar_content":false,"robots_default":true,"robots_noindex":false,"robots_noarchive":false,"robots_nosnippet":false,"robots_nofollow":false,"robots_noimageindex":false,"robots_noodp":false,"robots_notranslate":false,"robots_max_snippet":null,"robots_max_videopreview":null,"robots_max_imagepreview":"large","priority":null,"frequency":null,"local_seo":null,"seo_analyzer_scan_date":"2025-10-31 16:19:05","breadcrumb_settings":null,"limit_modified_date":false,"open_ai":null,"ai":null,"created":"2020-12-21 10:53:25","updated":"2025-10-31 16:19:05"},"aioseo_breadcrumb":"<div class=\"aioseo-breadcrumbs\"><span class=\"aioseo-breadcrumb\">\n\t<a href=\"https:\/\/www.eldigitaldeasturias.com\/noticias\" title=\"Home\">Home<\/a>\n<\/span><span class=\"aioseo-breadcrumb-separator\">\u2013<\/span><span class=\"aioseo-breadcrumb\">\n\t<a href=\"https:\/\/www.eldigitaldeasturias.com\/noticias\/category\/economia\/\" title=\"Econom\u00eda\">Econom\u00eda<\/a>\n<\/span><span class=\"aioseo-breadcrumb-separator\">\u2013<\/span><span class=\"aioseo-breadcrumb\">\n\t<a href=\"https:\/\/www.eldigitaldeasturias.com\/noticias\/la-comision-propone-que-se-active-la-clausula-general-de-salvaguardia-del-marco-presupuestario\/\" title=\"La Comisi\u00f3n propone que se active la cl\u00e1usula general de salvaguardia del marco presupuestario\">La Comisi\u00f3n propone que se active la cl\u00e1usula general de salvaguardia del marco presupuestario<\/a>\n<\/span><\/div>","aioseo_breadcrumb_json":[{"label":"Home","link":"https:\/\/www.eldigitaldeasturias.com\/noticias"},{"label":"Econom\u00eda","link":"https:\/\/www.eldigitaldeasturias.com\/noticias\/category\/economia\/"},{"label":"La Comisi\u00f3n propone que se active la cl\u00e1usula general de salvaguardia del marco presupuestario","link":"https:\/\/www.eldigitaldeasturias.com\/noticias\/la-comision-propone-que-se-active-la-clausula-general-de-salvaguardia-del-marco-presupuestario\/"}],"_links":{"self":[{"href":"https:\/\/www.eldigitaldeasturias.com\/noticias\/wp-json\/wp\/v2\/posts\/1061657","targetHints":{"allow":["GET"]}}],"collection":[{"href":"https:\/\/www.eldigitaldeasturias.com\/noticias\/wp-json\/wp\/v2\/posts"}],"about":[{"href":"https:\/\/www.eldigitaldeasturias.com\/noticias\/wp-json\/wp\/v2\/types\/post"}],"author":[{"embeddable":true,"href":"https:\/\/www.eldigitaldeasturias.com\/noticias\/wp-json\/wp\/v2\/users\/1"}],"replies":[{"embeddable":true,"href":"https:\/\/www.eldigitaldeasturias.com\/noticias\/wp-json\/wp\/v2\/comments?post=1061657"}],"version-history":[{"count":0,"href":"https:\/\/www.eldigitaldeasturias.com\/noticias\/wp-json\/wp\/v2\/posts\/1061657\/revisions"}],"wp:featuredmedia":[{"embeddable":true,"href":"https:\/\/www.eldigitaldeasturias.com\/noticias\/wp-json\/wp\/v2\/media\/983320"}],"wp:attachment":[{"href":"https:\/\/www.eldigitaldeasturias.com\/noticias\/wp-json\/wp\/v2\/media?parent=1061657"}],"wp:term":[{"taxonomy":"category","embeddable":true,"href":"https:\/\/www.eldigitaldeasturias.com\/noticias\/wp-json\/wp\/v2\/categories?post=1061657"},{"taxonomy":"post_tag","embeddable":true,"href":"https:\/\/www.eldigitaldeasturias.com\/noticias\/wp-json\/wp\/v2\/tags?post=1061657"}],"curies":[{"name":"wp","href":"https:\/\/api.w.org\/{rel}","templated":true}]}}