{"id":1061615,"date":"2020-03-23T15:55:18","date_gmt":"2020-03-23T15:55:18","guid":{"rendered":"https:\/\/www.eldigitaldeasturias.com\/noticias\/?p=1061615"},"modified":"2020-03-23T15:55:18","modified_gmt":"2020-03-23T15:55:18","slug":"las-regiones-ultraperifericas-de-la-ue-una-asociacion-reforzada-da-fruto","status":"publish","type":"post","link":"https:\/\/www.eldigitaldeasturias.com\/noticias\/las-regiones-ultraperifericas-de-la-ue-una-asociacion-reforzada-da-fruto\/","title":{"rendered":"Las regiones ultraperif\u00e9ricas de la UE: una asociaci\u00f3n reforzada da fruto"},"content":{"rendered":"<p class=\"x_5normal\"><img loading=\"lazy\" decoding=\"async\" class=\"alignleft size-medium wp-image-983320\" src=\"https:\/\/www.eldigitaldeasturias.com\/noticias\/wp-content\/uploads\/2018\/06\/blue-1283011_960_720-360x252.jpg\" alt=\"\" width=\"360\" height=\"252\" srcset=\"https:\/\/www.eldigitaldeasturias.com\/noticias\/wp-content\/uploads\/2018\/06\/blue-1283011_960_720-360x252.jpg 360w, https:\/\/www.eldigitaldeasturias.com\/noticias\/wp-content\/uploads\/2018\/06\/blue-1283011_960_720-429x300.jpg 429w, https:\/\/www.eldigitaldeasturias.com\/noticias\/wp-content\/uploads\/2018\/06\/blue-1283011_960_720-768x537.jpg 768w, https:\/\/www.eldigitaldeasturias.com\/noticias\/wp-content\/uploads\/2018\/06\/blue-1283011_960_720-687x480.jpg 687w, https:\/\/www.eldigitaldeasturias.com\/noticias\/wp-content\/uploads\/2018\/06\/blue-1283011_960_720-20x14.jpg 20w, https:\/\/www.eldigitaldeasturias.com\/noticias\/wp-content\/uploads\/2018\/06\/blue-1283011_960_720.jpg 960w\" sizes=\"auto, (max-width: 360px) 100vw, 360px\" \/>La Comisi\u00f3n Europea ha aprobado hoy un\u00a0<strong><span style=\"color: #ff6600;\"><a style=\"color: #ff6600;\" href=\"https:\/\/ec.europa.eu\/regional_policy\/en\/policy\/themes\/outermost-regions\/\" target=\"_blank\" rel=\"noopener noreferrer\" data-auth=\"NotApplicable\">informe sobre los progresos realizados en el marco de la Asociaci\u00f3n Estrat\u00e9gica de 2017 con las regiones ultraperif\u00e9ricas de la UE<\/a><\/span><\/strong>, que reforz\u00f3 la cooperaci\u00f3n entre las regiones ultraperif\u00e9ricas de la UE, los Estados miembros respectivos y la Comisi\u00f3n Europea. El informe pone de manifiesto que esta asociaci\u00f3n reforzada est\u00e1 dando fruto: sobre la base de los activos m\u00e1s s\u00f3lidos de las regiones ultraperif\u00e9ricas, se encuentran en marcha acciones regionales y nacionales para fomentar el crecimiento en \u00e1mbitos como la agricultura, la econom\u00eda azul, la biodiversidad y la econom\u00eda circular, la energ\u00eda, la investigaci\u00f3n y la innovaci\u00f3n, el empleo, la educaci\u00f3n y la formaci\u00f3n, la accesibilidad digital, el transporte y la cooperaci\u00f3n con las regiones vecinas.<\/p>\n<p class=\"x_5normal\">La comisaria europea de Cohesi\u00f3n y Reformas,\u00a0<strong>Elisa Ferreira<\/strong>, ha declarado: \u00ab<em>Se est\u00e9 cerca o lejos<\/em>,\u00a0<em>la Uni\u00f3n Europea no deja a nadie atr\u00e1s<\/em>.<em>\u00a0Esto es lo que muestra el informe de hoy: la Comisi\u00f3n Europea ha cumplido plenamente su compromiso de tener en cuenta las especificidades de las regiones ultraperif\u00e9ricas en todas las pol\u00edticas de la UE. Me complace enormemente que estas regiones est\u00e9n ahora aprovechando sus ventajas \u00fanicas, como ilustra el informe de hoy. Vamos por el buen camino para conseguir que nuestra asociaci\u00f3n estrat\u00e9gica tenga como resultado un cambio positivo y un futuro mejor para nuestras regiones ultraperif\u00e9ricas\u00bb.<\/em><\/p>\n<p class=\"x_5normal\">Teniendo en cuenta los progresos realizados, el informe sugiere que se requieren mayores esfuerzos a todos los niveles para abordar el cambio clim\u00e1tico, proteger la biodiversidad, introducir la econom\u00eda circular y cambiar a la energ\u00eda renovable en las regiones ultraperif\u00e9ricas. Sectores clave como la econom\u00eda azul tambi\u00e9n necesitan una inversi\u00f3n continua.<\/p>\n<p class=\"x_5normal\">Por este motivo, escuchando la voz de las regiones ultraperif\u00e9ricas, la Comisi\u00f3n ha creado una serie de oportunidades en el contexto de las pol\u00edticas y los instrumentos de financiaci\u00f3n de la UE. Ha adaptado la legislaci\u00f3n, las pol\u00edticas y los instrumentos de la UE para ajustarse a las necesidades e intereses de las regiones ultraperif\u00e9ricas, proporcionando al mismo tiempo un apoyo espec\u00edfico a estas regiones. Estas medidas incluyen:<\/p>\n<ul type=\"disc\">\n<li class=\"x_MsoNormal\">Tener en cuenta las especificidades de las regiones en la formulaci\u00f3n de pol\u00edticas, desde las ayudas estatales hasta la fiscalidad, desde el Semestre Europeo hasta el Pacto Verde o el plan de acci\u00f3n para la econom\u00eda circular.<\/li>\n<li class=\"x_MsoNormal\">Reflejar sus especificidades en veintiuna propuestas para los programas y fondos de la UE en el per\u00edodo 2021-2027, abarcando una amplia gama de sectores como la cohesi\u00f3n, la agricultura, la pesca, la investigaci\u00f3n, el medio ambiente, el transporte y la conectividad digital.<\/li>\n<li class=\"x_MsoNormal\">Crear oportunidades a medida en el marco de las iniciativas existentes, como Horizonte 2020 y LIFE.<\/li>\n<li class=\"x_MsoNormal\">Crear grupos de trabajo espec\u00edficos y hacer part\u00edcipes a los ciudadanos de estas regiones mediante el di\u00e1logo.<\/li>\n<\/ul>\n<p class=\"x_5normal\">La Comisi\u00f3n Europea se ha comprometido a trabajar con las nueve regiones para impulsar la asociaci\u00f3n estrat\u00e9gica. Pide al Parlamento Europeo y al Consejo que garanticen la r\u00e1pida adopci\u00f3n del marco jur\u00eddico y pol\u00edtico 2021-2027 para proporcionar a las regiones ultraperif\u00e9ricas un acceso a medida y unas condiciones espec\u00edficas de apoyo lo antes posible.<\/p>\n<h2 class=\"x_sous-titre1\"><strong>Contexto<\/strong><\/h2>\n<p class=\"x_5normal\">Las nueve regiones ultraperif\u00e9ricas son Guadalupe, Guayana Francesa, Martinica, Mayotte, Reuni\u00f3n y San Mart\u00edn (Francia), Azores y Madeira (Portugal) y Canarias (Espa\u00f1a). Se encuentran en los oc\u00e9anos Atl\u00e1ntico e \u00cdndico, en la cuenca del Caribe y en Am\u00e9rica Latina.<\/p>\n<p class=\"x_5normal\">Las regiones ultraperif\u00e9ricas de la UE se enfrentan a limitaciones permanentes relacionadas con su lejan\u00eda, peque\u00f1o tama\u00f1o, vulnerabilidad al cambio clim\u00e1tico e insularidad, lo que frena su crecimiento y desarrollo. En este contexto, el Tratado de Funcionamiento de la Uni\u00f3n Europea (art\u00edculo\u00a0349 del TFUE) establece medidas espec\u00edficas de apoyo a las regiones ultraperif\u00e9ricas, que incluyen condiciones a medida para la aplicaci\u00f3n del Derecho de la UE en estas regiones y para el acceso a los programas de la UE.<\/p>\n<p class=\"x_5normal\">Repartidas por el Oc\u00e9ano Atl\u00e1ntico, la cuenca del Caribe, Am\u00e9rica Latina y el Oc\u00e9ano \u00cdndico, las regiones ultraperif\u00e9ricas proporcionan a la UE activos \u00fanicos: una rica biodiversidad, una ubicaci\u00f3n estrat\u00e9gica para actividades espaciales y astrof\u00edsicas, unas extensas zonas econ\u00f3micas mar\u00edtimas y proximidad a otros continentes. En octubre de 2017, la Comisi\u00f3n Europea adopt\u00f3 una Comunicaci\u00f3n relativa a una\u00a0<span style=\"color: #ff6600;\"><strong><a style=\"color: #ff6600;\" href=\"https:\/\/ec.europa.eu\/regional_policy\/sources\/policy\/themes\/outermost-regions\/pdf\/rup_2017\/com_rup_partner_en.pdf\" target=\"_blank\" rel=\"noopener noreferrer\" data-auth=\"NotApplicable\">asociaci\u00f3n estrat\u00e9gica renovada con las regiones ultraperif\u00e9ricas de la UE<\/a><\/strong><\/span>. La Comisi\u00f3n se comprometi\u00f3 a consagrar sus intereses y preocupaciones en la formulaci\u00f3n de pol\u00edticas y en los programas de fondos de la UE, a proporcionar apoyo a medida y a fomentar el di\u00e1logo entre todos los agentes pertinentes.<\/p>\n<p>&nbsp;<\/p>\n","protected":false},"excerpt":{"rendered":"<p>La Comisi\u00f3n Europea ha aprobado hoy un\u00a0informe sobre los progresos realizados en el marco de la Asociaci\u00f3n Estrat\u00e9gica de 2017 con las regiones ultraperif\u00e9ricas de la UE, que reforz\u00f3 la cooperaci\u00f3n entre las regiones ultraperif\u00e9ricas de la UE, los Estados miembros respectivos y la Comisi\u00f3n Europea. El informe pone de manifiesto que esta asociaci\u00f3n reforzada [&hellip;]<\/p>\n","protected":false},"author":1,"featured_media":983320,"comment_status":"closed","ping_status":"closed","sticky":false,"template":"","format":"standard","meta":{"footnotes":""},"categories":[187],"tags":[],"class_list":["post-1061615","post","type-post","status-publish","format-standard","has-post-thumbnail","hentry","category-economia"],"aioseo_notices":[],"aioseo_head":"\n\t\t<!-- All in One SEO Pro 4.9.6.2 - aioseo.com -->\n\t<meta name=\"description\" content=\"La Comisi\u00f3n Europea ha aprobado hoy un informe sobre los progresos realizados en el marco de la Asociaci\u00f3n Estrat\u00e9gica de 2017 con las regiones ultraperif\u00e9ricas de la UE, que reforz\u00f3 la cooperaci\u00f3n entre las regiones ultraperif\u00e9ricas de la UE, los Estados miembros respectivos y la Comisi\u00f3n Europea. El informe pone de manifiesto que esta asociaci\u00f3n reforzada\" \/>\n\t<meta name=\"robots\" content=\"max-image-preview:large\" \/>\n\t<meta name=\"author\" content=\"El Digital de Asturias\"\/>\n\t<meta name=\"google-site-verification\" content=\"UA-38556648-1\" \/>\n\t<meta name=\"msvalidate.01\" content=\"7dfe9f3f1b24437ab69f4f2559babe99\" \/>\n\t<meta name=\"keywords\" content=\"econom\u00eda\" \/>\n\t<link rel=\"canonical\" href=\"https:\/\/www.eldigitaldeasturias.com\/noticias\/las-regiones-ultraperifericas-de-la-ue-una-asociacion-reforzada-da-fruto\/\" \/>\n\t<meta name=\"generator\" content=\"All in One SEO Pro (AIOSEO) 4.9.6.2\" \/>\n\t\t<meta property=\"og:locale\" content=\"es_ES\" \/>\n\t\t<meta property=\"og:site_name\" content=\"El Digital de Asturias\" \/>\n\t\t<meta property=\"og:type\" content=\"article\" \/>\n\t\t<meta property=\"og:title\" content=\"Las regiones ultraperif\u00e9ricas de la UE: una asociaci\u00f3n reforzada da fruto - El Digital de Asturias\" \/>\n\t\t<meta property=\"og:description\" content=\"La Comisi\u00f3n Europea ha aprobado hoy un informe sobre los progresos realizados en el marco de la Asociaci\u00f3n Estrat\u00e9gica de 2017 con las regiones ultraperif\u00e9ricas de la UE, que reforz\u00f3 la cooperaci\u00f3n entre las regiones ultraperif\u00e9ricas de la UE, los Estados miembros respectivos y la Comisi\u00f3n Europea. El informe pone de manifiesto que esta asociaci\u00f3n reforzada\" \/>\n\t\t<meta property=\"og:url\" content=\"https:\/\/www.eldigitaldeasturias.com\/noticias\/las-regiones-ultraperifericas-de-la-ue-una-asociacion-reforzada-da-fruto\/\" \/>\n\t\t<meta property=\"og:image\" content=\"https:\/\/www.eldigitaldeasturias.com\/noticias\/wp-content\/uploads\/2018\/06\/blue-1283011_960_720.jpg\" \/>\n\t\t<meta property=\"og:image:secure_url\" content=\"https:\/\/www.eldigitaldeasturias.com\/noticias\/wp-content\/uploads\/2018\/06\/blue-1283011_960_720.jpg\" \/>\n\t\t<meta property=\"og:image:width\" content=\"960\" \/>\n\t\t<meta property=\"og:image:height\" content=\"671\" \/>\n\t\t<meta property=\"article:tag\" content=\"econom\u00eda\" \/>\n\t\t<meta property=\"article:published_time\" content=\"2020-03-23T15:55:18+00:00\" \/>\n\t\t<meta property=\"article:modified_time\" content=\"2020-03-23T15:55:18+00:00\" \/>\n\t\t<meta property=\"article:publisher\" content=\"https:\/\/facebook.com\/eldigitaldeasturias\" \/>\n\t\t<meta name=\"twitter:card\" content=\"summary_large_image\" \/>\n\t\t<meta name=\"twitter:title\" content=\"Las regiones ultraperif\u00e9ricas de la UE: una asociaci\u00f3n reforzada da fruto - El Digital de Asturias\" \/>\n\t\t<meta name=\"twitter:description\" content=\"La Comisi\u00f3n Europea ha aprobado hoy un informe sobre los progresos realizados en el marco de la Asociaci\u00f3n Estrat\u00e9gica de 2017 con las regiones ultraperif\u00e9ricas de la UE, que reforz\u00f3 la cooperaci\u00f3n entre las regiones ultraperif\u00e9ricas de la UE, los Estados miembros respectivos y la Comisi\u00f3n Europea. El informe pone de manifiesto que esta asociaci\u00f3n reforzada\" \/>\n\t\t<meta name=\"twitter:image\" content=\"https:\/\/www.eldigitaldeasturias.com\/noticias\/wp-content\/uploads\/2018\/06\/blue-1283011_960_720.jpg\" \/>\n\t\t<meta name=\"twitter:label1\" content=\"Escrito por\" \/>\n\t\t<meta name=\"twitter:data1\" content=\"El Digital de Asturias\" \/>\n\t\t<meta name=\"twitter:label2\" content=\"Tiempo de lectura estimado\" \/>\n\t\t<meta name=\"twitter:data2\" content=\"4 minutos\" \/>\n\t\t<script type=\"application\/ld+json\" class=\"aioseo-schema\">\n\t\t\t{\"@context\":\"https:\\\/\\\/schema.org\",\"@graph\":[{\"@type\":\"BlogPosting\",\"@id\":\"https:\\\/\\\/www.eldigitaldeasturias.com\\\/noticias\\\/las-regiones-ultraperifericas-de-la-ue-una-asociacion-reforzada-da-fruto\\\/#blogposting\",\"name\":\"Las regiones ultraperif\\u00e9ricas de la UE: una asociaci\\u00f3n reforzada da fruto - El Digital de Asturias\",\"headline\":\"Las regiones ultraperif\\u00e9ricas de la UE: una asociaci\\u00f3n reforzada da fruto\",\"author\":{\"@id\":\"https:\\\/\\\/www.eldigitaldeasturias.com\\\/noticias\\\/author\\\/admin\\\/#author\"},\"publisher\":{\"@id\":\"https:\\\/\\\/www.eldigitaldeasturias.com\\\/noticias\\\/#organization\"},\"image\":{\"@type\":\"ImageObject\",\"url\":\"https:\\\/\\\/www.eldigitaldeasturias.com\\\/noticias\\\/wp-content\\\/uploads\\\/2018\\\/06\\\/blue-1283011_960_720.jpg\",\"width\":960,\"height\":671},\"datePublished\":\"2020-03-23T15:55:18+01:00\",\"dateModified\":\"2020-03-23T15:55:18+01:00\",\"inLanguage\":\"es-ES\",\"mainEntityOfPage\":{\"@id\":\"https:\\\/\\\/www.eldigitaldeasturias.com\\\/noticias\\\/las-regiones-ultraperifericas-de-la-ue-una-asociacion-reforzada-da-fruto\\\/#webpage\"},\"isPartOf\":{\"@id\":\"https:\\\/\\\/www.eldigitaldeasturias.com\\\/noticias\\\/las-regiones-ultraperifericas-de-la-ue-una-asociacion-reforzada-da-fruto\\\/#webpage\"},\"articleSection\":\"Econom\\u00eda\"},{\"@type\":\"BreadcrumbList\",\"@id\":\"https:\\\/\\\/www.eldigitaldeasturias.com\\\/noticias\\\/las-regiones-ultraperifericas-de-la-ue-una-asociacion-reforzada-da-fruto\\\/#breadcrumblist\",\"itemListElement\":[{\"@type\":\"ListItem\",\"@id\":\"https:\\\/\\\/www.eldigitaldeasturias.com\\\/noticias#listItem\",\"position\":1,\"name\":\"Home\",\"item\":\"https:\\\/\\\/www.eldigitaldeasturias.com\\\/noticias\",\"nextItem\":{\"@type\":\"ListItem\",\"@id\":\"https:\\\/\\\/www.eldigitaldeasturias.com\\\/noticias\\\/category\\\/economia\\\/#listItem\",\"name\":\"Econom\\u00eda\"}},{\"@type\":\"ListItem\",\"@id\":\"https:\\\/\\\/www.eldigitaldeasturias.com\\\/noticias\\\/category\\\/economia\\\/#listItem\",\"position\":2,\"name\":\"Econom\\u00eda\",\"item\":\"https:\\\/\\\/www.eldigitaldeasturias.com\\\/noticias\\\/category\\\/economia\\\/\",\"nextItem\":{\"@type\":\"ListItem\",\"@id\":\"https:\\\/\\\/www.eldigitaldeasturias.com\\\/noticias\\\/las-regiones-ultraperifericas-de-la-ue-una-asociacion-reforzada-da-fruto\\\/#listItem\",\"name\":\"Las regiones ultraperif\\u00e9ricas de la UE: una asociaci\\u00f3n reforzada da fruto\"},\"previousItem\":{\"@type\":\"ListItem\",\"@id\":\"https:\\\/\\\/www.eldigitaldeasturias.com\\\/noticias#listItem\",\"name\":\"Home\"}},{\"@type\":\"ListItem\",\"@id\":\"https:\\\/\\\/www.eldigitaldeasturias.com\\\/noticias\\\/las-regiones-ultraperifericas-de-la-ue-una-asociacion-reforzada-da-fruto\\\/#listItem\",\"position\":3,\"name\":\"Las regiones ultraperif\\u00e9ricas de la UE: una asociaci\\u00f3n reforzada da fruto\",\"previousItem\":{\"@type\":\"ListItem\",\"@id\":\"https:\\\/\\\/www.eldigitaldeasturias.com\\\/noticias\\\/category\\\/economia\\\/#listItem\",\"name\":\"Econom\\u00eda\"}}]},{\"@type\":\"Organization\",\"@id\":\"https:\\\/\\\/www.eldigitaldeasturias.com\\\/noticias\\\/#organization\",\"name\":\"El Digital de Asturias\",\"description\":\"Hemeroteca\",\"url\":\"https:\\\/\\\/www.eldigitaldeasturias.com\\\/noticias\\\/\",\"email\":\"info@eldigitaldeasturias.com\",\"telephone\":\"+34652131393\",\"logo\":{\"@type\":\"ImageObject\",\"url\":\"https:\\\/\\\/www.eldigitaldeasturias.com\\\/noticias\\\/wp-content\\\/uploads\\\/2020\\\/12\\\/EDA.jpg\",\"@id\":\"https:\\\/\\\/www.eldigitaldeasturias.com\\\/noticias\\\/las-regiones-ultraperifericas-de-la-ue-una-asociacion-reforzada-da-fruto\\\/#organizationLogo\",\"width\":649,\"height\":297},\"image\":{\"@id\":\"https:\\\/\\\/www.eldigitaldeasturias.com\\\/noticias\\\/las-regiones-ultraperifericas-de-la-ue-una-asociacion-reforzada-da-fruto\\\/#organizationLogo\"},\"sameAs\":[\"https:\\\/\\\/facebook.com\\\/eldigitaldeasturias\",\"https:\\\/\\\/www.youtube.com\\\/channel\\\/UCZP-2wLEB9Rv6erhFmqVnvg\"],\"address\":{\"@id\":\"https:\\\/\\\/www.eldigitaldeasturias.com\\\/noticias\\\/#postaladdress\",\"@type\":\"PostalAddress\",\"streetAddress\":\"san antonio 4,\",\"postalCode\":\"33430\",\"addressLocality\":\"Cand\\u00e1s\",\"addressRegion\":\"Asturias\",\"addressCountry\":\"ES\"}},{\"@type\":\"Person\",\"@id\":\"https:\\\/\\\/www.eldigitaldeasturias.com\\\/noticias\\\/author\\\/admin\\\/#author\",\"url\":\"https:\\\/\\\/www.eldigitaldeasturias.com\\\/noticias\\\/author\\\/admin\\\/\",\"name\":\"El Digital de Asturias\",\"image\":{\"@type\":\"ImageObject\",\"@id\":\"https:\\\/\\\/www.eldigitaldeasturias.com\\\/noticias\\\/las-regiones-ultraperifericas-de-la-ue-una-asociacion-reforzada-da-fruto\\\/#authorImage\",\"url\":\"https:\\\/\\\/www.eldigitaldeasturias.com\\\/noticias\\\/wp-content\\\/litespeed\\\/avatar\\\/18677e78aa0546b92d9dbf31ec7d7668.jpg?ver=1777290358\",\"width\":96,\"height\":96,\"caption\":\"El Digital de Asturias\"}},{\"@type\":\"WebPage\",\"@id\":\"https:\\\/\\\/www.eldigitaldeasturias.com\\\/noticias\\\/las-regiones-ultraperifericas-de-la-ue-una-asociacion-reforzada-da-fruto\\\/#webpage\",\"url\":\"https:\\\/\\\/www.eldigitaldeasturias.com\\\/noticias\\\/las-regiones-ultraperifericas-de-la-ue-una-asociacion-reforzada-da-fruto\\\/\",\"name\":\"Las regiones ultraperif\\u00e9ricas de la UE: una asociaci\\u00f3n reforzada da fruto - El Digital de Asturias\",\"description\":\"La Comisi\\u00f3n Europea ha aprobado hoy un informe sobre los progresos realizados en el marco de la Asociaci\\u00f3n Estrat\\u00e9gica de 2017 con las regiones ultraperif\\u00e9ricas de la UE, que reforz\\u00f3 la cooperaci\\u00f3n entre las regiones ultraperif\\u00e9ricas de la UE, los Estados miembros respectivos y la Comisi\\u00f3n Europea. El informe pone de manifiesto que esta asociaci\\u00f3n reforzada\",\"inLanguage\":\"es-ES\",\"isPartOf\":{\"@id\":\"https:\\\/\\\/www.eldigitaldeasturias.com\\\/noticias\\\/#website\"},\"breadcrumb\":{\"@id\":\"https:\\\/\\\/www.eldigitaldeasturias.com\\\/noticias\\\/las-regiones-ultraperifericas-de-la-ue-una-asociacion-reforzada-da-fruto\\\/#breadcrumblist\"},\"author\":{\"@id\":\"https:\\\/\\\/www.eldigitaldeasturias.com\\\/noticias\\\/author\\\/admin\\\/#author\"},\"creator\":{\"@id\":\"https:\\\/\\\/www.eldigitaldeasturias.com\\\/noticias\\\/author\\\/admin\\\/#author\"},\"image\":{\"@type\":\"ImageObject\",\"url\":\"https:\\\/\\\/www.eldigitaldeasturias.com\\\/noticias\\\/wp-content\\\/uploads\\\/2018\\\/06\\\/blue-1283011_960_720.jpg\",\"@id\":\"https:\\\/\\\/www.eldigitaldeasturias.com\\\/noticias\\\/las-regiones-ultraperifericas-de-la-ue-una-asociacion-reforzada-da-fruto\\\/#mainImage\",\"width\":960,\"height\":671},\"primaryImageOfPage\":{\"@id\":\"https:\\\/\\\/www.eldigitaldeasturias.com\\\/noticias\\\/las-regiones-ultraperifericas-de-la-ue-una-asociacion-reforzada-da-fruto\\\/#mainImage\"},\"datePublished\":\"2020-03-23T15:55:18+01:00\",\"dateModified\":\"2020-03-23T15:55:18+01:00\"},{\"@type\":\"WebSite\",\"@id\":\"https:\\\/\\\/www.eldigitaldeasturias.com\\\/noticias\\\/#website\",\"url\":\"https:\\\/\\\/www.eldigitaldeasturias.com\\\/noticias\\\/\",\"name\":\"El Digital de Asturias - Diario de actualidad y noticias\",\"alternateName\":\"El Digital de Asturias - Diario de actualidad y noticias\",\"description\":\"Hemeroteca\",\"inLanguage\":\"es-ES\",\"publisher\":{\"@id\":\"https:\\\/\\\/www.eldigitaldeasturias.com\\\/noticias\\\/#organization\"}}]}\n\t\t<\/script>\n\t\t<!-- All in One SEO Pro -->\r\n\t\t<title>Las regiones ultraperif\u00e9ricas de la UE: una asociaci\u00f3n reforzada da fruto - El Digital de Asturias<\/title>\n\n","aioseo_head_json":{"title":"Las regiones ultraperif\u00e9ricas de la UE: una asociaci\u00f3n reforzada da fruto - El Digital de Asturias","description":"La Comisi\u00f3n Europea ha aprobado hoy un informe sobre los progresos realizados en el marco de la Asociaci\u00f3n Estrat\u00e9gica de 2017 con las regiones ultraperif\u00e9ricas de la UE, que reforz\u00f3 la cooperaci\u00f3n entre las regiones ultraperif\u00e9ricas de la UE, los Estados miembros respectivos y la Comisi\u00f3n Europea. El informe pone de manifiesto que esta asociaci\u00f3n reforzada","canonical_url":"https:\/\/www.eldigitaldeasturias.com\/noticias\/las-regiones-ultraperifericas-de-la-ue-una-asociacion-reforzada-da-fruto\/","robots":"max-image-preview:large","keywords":"econom\u00eda","webmasterTools":{"google-site-verification":"UA-38556648-1","msvalidate.01":"7dfe9f3f1b24437ab69f4f2559babe99","miscellaneous":""},"schema":{"@context":"https:\/\/schema.org","@graph":[{"@type":"BlogPosting","@id":"https:\/\/www.eldigitaldeasturias.com\/noticias\/las-regiones-ultraperifericas-de-la-ue-una-asociacion-reforzada-da-fruto\/#blogposting","name":"Las regiones ultraperif\u00e9ricas de la UE: una asociaci\u00f3n reforzada da fruto - El Digital de Asturias","headline":"Las regiones ultraperif\u00e9ricas de la UE: una asociaci\u00f3n reforzada da fruto","author":{"@id":"https:\/\/www.eldigitaldeasturias.com\/noticias\/author\/admin\/#author"},"publisher":{"@id":"https:\/\/www.eldigitaldeasturias.com\/noticias\/#organization"},"image":{"@type":"ImageObject","url":"https:\/\/www.eldigitaldeasturias.com\/noticias\/wp-content\/uploads\/2018\/06\/blue-1283011_960_720.jpg","width":960,"height":671},"datePublished":"2020-03-23T15:55:18+01:00","dateModified":"2020-03-23T15:55:18+01:00","inLanguage":"es-ES","mainEntityOfPage":{"@id":"https:\/\/www.eldigitaldeasturias.com\/noticias\/las-regiones-ultraperifericas-de-la-ue-una-asociacion-reforzada-da-fruto\/#webpage"},"isPartOf":{"@id":"https:\/\/www.eldigitaldeasturias.com\/noticias\/las-regiones-ultraperifericas-de-la-ue-una-asociacion-reforzada-da-fruto\/#webpage"},"articleSection":"Econom\u00eda"},{"@type":"BreadcrumbList","@id":"https:\/\/www.eldigitaldeasturias.com\/noticias\/las-regiones-ultraperifericas-de-la-ue-una-asociacion-reforzada-da-fruto\/#breadcrumblist","itemListElement":[{"@type":"ListItem","@id":"https:\/\/www.eldigitaldeasturias.com\/noticias#listItem","position":1,"name":"Home","item":"https:\/\/www.eldigitaldeasturias.com\/noticias","nextItem":{"@type":"ListItem","@id":"https:\/\/www.eldigitaldeasturias.com\/noticias\/category\/economia\/#listItem","name":"Econom\u00eda"}},{"@type":"ListItem","@id":"https:\/\/www.eldigitaldeasturias.com\/noticias\/category\/economia\/#listItem","position":2,"name":"Econom\u00eda","item":"https:\/\/www.eldigitaldeasturias.com\/noticias\/category\/economia\/","nextItem":{"@type":"ListItem","@id":"https:\/\/www.eldigitaldeasturias.com\/noticias\/las-regiones-ultraperifericas-de-la-ue-una-asociacion-reforzada-da-fruto\/#listItem","name":"Las regiones ultraperif\u00e9ricas de la UE: una asociaci\u00f3n reforzada da fruto"},"previousItem":{"@type":"ListItem","@id":"https:\/\/www.eldigitaldeasturias.com\/noticias#listItem","name":"Home"}},{"@type":"ListItem","@id":"https:\/\/www.eldigitaldeasturias.com\/noticias\/las-regiones-ultraperifericas-de-la-ue-una-asociacion-reforzada-da-fruto\/#listItem","position":3,"name":"Las regiones ultraperif\u00e9ricas de la UE: una asociaci\u00f3n reforzada da fruto","previousItem":{"@type":"ListItem","@id":"https:\/\/www.eldigitaldeasturias.com\/noticias\/category\/economia\/#listItem","name":"Econom\u00eda"}}]},{"@type":"Organization","@id":"https:\/\/www.eldigitaldeasturias.com\/noticias\/#organization","name":"El Digital de Asturias","description":"Hemeroteca","url":"https:\/\/www.eldigitaldeasturias.com\/noticias\/","email":"info@eldigitaldeasturias.com","telephone":"+34652131393","logo":{"@type":"ImageObject","url":"https:\/\/www.eldigitaldeasturias.com\/noticias\/wp-content\/uploads\/2020\/12\/EDA.jpg","@id":"https:\/\/www.eldigitaldeasturias.com\/noticias\/las-regiones-ultraperifericas-de-la-ue-una-asociacion-reforzada-da-fruto\/#organizationLogo","width":649,"height":297},"image":{"@id":"https:\/\/www.eldigitaldeasturias.com\/noticias\/las-regiones-ultraperifericas-de-la-ue-una-asociacion-reforzada-da-fruto\/#organizationLogo"},"sameAs":["https:\/\/facebook.com\/eldigitaldeasturias","https:\/\/www.youtube.com\/channel\/UCZP-2wLEB9Rv6erhFmqVnvg"],"address":{"@id":"https:\/\/www.eldigitaldeasturias.com\/noticias\/#postaladdress","@type":"PostalAddress","streetAddress":"san antonio 4,","postalCode":"33430","addressLocality":"Cand\u00e1s","addressRegion":"Asturias","addressCountry":"ES"}},{"@type":"Person","@id":"https:\/\/www.eldigitaldeasturias.com\/noticias\/author\/admin\/#author","url":"https:\/\/www.eldigitaldeasturias.com\/noticias\/author\/admin\/","name":"El Digital de Asturias","image":{"@type":"ImageObject","@id":"https:\/\/www.eldigitaldeasturias.com\/noticias\/las-regiones-ultraperifericas-de-la-ue-una-asociacion-reforzada-da-fruto\/#authorImage","url":"https:\/\/www.eldigitaldeasturias.com\/noticias\/wp-content\/litespeed\/avatar\/18677e78aa0546b92d9dbf31ec7d7668.jpg?ver=1777290358","width":96,"height":96,"caption":"El Digital de Asturias"}},{"@type":"WebPage","@id":"https:\/\/www.eldigitaldeasturias.com\/noticias\/las-regiones-ultraperifericas-de-la-ue-una-asociacion-reforzada-da-fruto\/#webpage","url":"https:\/\/www.eldigitaldeasturias.com\/noticias\/las-regiones-ultraperifericas-de-la-ue-una-asociacion-reforzada-da-fruto\/","name":"Las regiones ultraperif\u00e9ricas de la UE: una asociaci\u00f3n reforzada da fruto - El Digital de Asturias","description":"La Comisi\u00f3n Europea ha aprobado hoy un informe sobre los progresos realizados en el marco de la Asociaci\u00f3n Estrat\u00e9gica de 2017 con las regiones ultraperif\u00e9ricas de la UE, que reforz\u00f3 la cooperaci\u00f3n entre las regiones ultraperif\u00e9ricas de la UE, los Estados miembros respectivos y la Comisi\u00f3n Europea. El informe pone de manifiesto que esta asociaci\u00f3n reforzada","inLanguage":"es-ES","isPartOf":{"@id":"https:\/\/www.eldigitaldeasturias.com\/noticias\/#website"},"breadcrumb":{"@id":"https:\/\/www.eldigitaldeasturias.com\/noticias\/las-regiones-ultraperifericas-de-la-ue-una-asociacion-reforzada-da-fruto\/#breadcrumblist"},"author":{"@id":"https:\/\/www.eldigitaldeasturias.com\/noticias\/author\/admin\/#author"},"creator":{"@id":"https:\/\/www.eldigitaldeasturias.com\/noticias\/author\/admin\/#author"},"image":{"@type":"ImageObject","url":"https:\/\/www.eldigitaldeasturias.com\/noticias\/wp-content\/uploads\/2018\/06\/blue-1283011_960_720.jpg","@id":"https:\/\/www.eldigitaldeasturias.com\/noticias\/las-regiones-ultraperifericas-de-la-ue-una-asociacion-reforzada-da-fruto\/#mainImage","width":960,"height":671},"primaryImageOfPage":{"@id":"https:\/\/www.eldigitaldeasturias.com\/noticias\/las-regiones-ultraperifericas-de-la-ue-una-asociacion-reforzada-da-fruto\/#mainImage"},"datePublished":"2020-03-23T15:55:18+01:00","dateModified":"2020-03-23T15:55:18+01:00"},{"@type":"WebSite","@id":"https:\/\/www.eldigitaldeasturias.com\/noticias\/#website","url":"https:\/\/www.eldigitaldeasturias.com\/noticias\/","name":"El Digital de Asturias - Diario de actualidad y noticias","alternateName":"El Digital de Asturias - Diario de actualidad y noticias","description":"Hemeroteca","inLanguage":"es-ES","publisher":{"@id":"https:\/\/www.eldigitaldeasturias.com\/noticias\/#organization"}}]},"og:locale":"es_ES","og:site_name":"El Digital de Asturias","og:type":"article","og:title":"Las regiones ultraperif\u00e9ricas de la UE: una asociaci\u00f3n reforzada da fruto - El Digital de Asturias","og:description":"La Comisi\u00f3n Europea ha aprobado hoy un informe sobre los progresos realizados en el marco de la Asociaci\u00f3n Estrat\u00e9gica de 2017 con las regiones ultraperif\u00e9ricas de la UE, que reforz\u00f3 la cooperaci\u00f3n entre las regiones ultraperif\u00e9ricas de la UE, los Estados miembros respectivos y la Comisi\u00f3n Europea. El informe pone de manifiesto que esta asociaci\u00f3n reforzada","og:url":"https:\/\/www.eldigitaldeasturias.com\/noticias\/las-regiones-ultraperifericas-de-la-ue-una-asociacion-reforzada-da-fruto\/","og:image":"https:\/\/www.eldigitaldeasturias.com\/noticias\/wp-content\/uploads\/2018\/06\/blue-1283011_960_720.jpg","og:image:secure_url":"https:\/\/www.eldigitaldeasturias.com\/noticias\/wp-content\/uploads\/2018\/06\/blue-1283011_960_720.jpg","og:image:width":960,"og:image:height":671,"article:tag":["econom\u00eda"],"article:published_time":"2020-03-23T15:55:18+00:00","article:modified_time":"2020-03-23T15:55:18+00:00","article:publisher":"https:\/\/facebook.com\/eldigitaldeasturias","twitter:card":"summary_large_image","twitter:title":"Las regiones ultraperif\u00e9ricas de la UE: una asociaci\u00f3n reforzada da fruto - El Digital de Asturias","twitter:description":"La Comisi\u00f3n Europea ha aprobado hoy un informe sobre los progresos realizados en el marco de la Asociaci\u00f3n Estrat\u00e9gica de 2017 con las regiones ultraperif\u00e9ricas de la UE, que reforz\u00f3 la cooperaci\u00f3n entre las regiones ultraperif\u00e9ricas de la UE, los Estados miembros respectivos y la Comisi\u00f3n Europea. El informe pone de manifiesto que esta asociaci\u00f3n reforzada","twitter:image":"https:\/\/www.eldigitaldeasturias.com\/noticias\/wp-content\/uploads\/2018\/06\/blue-1283011_960_720.jpg","twitter:label1":"Escrito por","twitter:data1":"El Digital de Asturias","twitter:label2":"Tiempo de lectura estimado","twitter:data2":"4 minutos"},"aioseo_meta_data":{"post_id":"1061615","title":null,"description":null,"keywords":null,"keyphrases":null,"primary_term":null,"canonical_url":null,"og_title":null,"og_description":null,"og_object_type":"default","og_image_type":"default","og_image_url":null,"og_image_width":null,"og_image_height":null,"og_image_custom_url":null,"og_image_custom_fields":null,"og_video":null,"og_custom_url":null,"og_article_section":null,"og_article_tags":null,"twitter_use_og":false,"twitter_card":"default","twitter_image_type":"default","twitter_image_url":null,"twitter_image_custom_url":null,"twitter_image_custom_fields":null,"twitter_title":null,"twitter_description":null,"schema":{"blockGraphs":[],"customGraphs":[],"default":{"data":{"Article":[],"Course":[],"Dataset":[],"FAQPage":[],"Movie":[],"Person":[],"Product":[],"ProductReview":[],"Car":[],"Recipe":[],"Service":[],"SoftwareApplication":[],"WebPage":[]},"graphName":"","isEnabled":true},"graphs":[],"defaultGraph":"","defaultPostTypeGraph":""},"schema_type":null,"schema_type_options":null,"pillar_content":false,"robots_default":true,"robots_noindex":false,"robots_noarchive":false,"robots_nosnippet":false,"robots_nofollow":false,"robots_noimageindex":false,"robots_noodp":false,"robots_notranslate":false,"robots_max_snippet":null,"robots_max_videopreview":null,"robots_max_imagepreview":"large","priority":null,"frequency":null,"local_seo":null,"seo_analyzer_scan_date":"2025-10-31 16:09:08","breadcrumb_settings":null,"limit_modified_date":false,"open_ai":null,"ai":null,"created":"2020-12-21 10:53:25","updated":"2025-10-31 16:09:08"},"aioseo_breadcrumb":"<div class=\"aioseo-breadcrumbs\"><span class=\"aioseo-breadcrumb\">\n\t<a href=\"https:\/\/www.eldigitaldeasturias.com\/noticias\" title=\"Home\">Home<\/a>\n<\/span><span class=\"aioseo-breadcrumb-separator\">\u2013<\/span><span class=\"aioseo-breadcrumb\">\n\t<a href=\"https:\/\/www.eldigitaldeasturias.com\/noticias\/category\/economia\/\" title=\"Econom\u00eda\">Econom\u00eda<\/a>\n<\/span><span class=\"aioseo-breadcrumb-separator\">\u2013<\/span><span class=\"aioseo-breadcrumb\">\n\t<a href=\"https:\/\/www.eldigitaldeasturias.com\/noticias\/las-regiones-ultraperifericas-de-la-ue-una-asociacion-reforzada-da-fruto\/\" title=\"Las regiones ultraperif\u00e9ricas de la UE: una asociaci\u00f3n reforzada da fruto\">Las regiones ultraperif\u00e9ricas de la UE: una asociaci\u00f3n reforzada da fruto<\/a>\n<\/span><\/div>","aioseo_breadcrumb_json":[{"label":"Home","link":"https:\/\/www.eldigitaldeasturias.com\/noticias"},{"label":"Econom\u00eda","link":"https:\/\/www.eldigitaldeasturias.com\/noticias\/category\/economia\/"},{"label":"Las regiones ultraperif\u00e9ricas de la UE: una asociaci\u00f3n reforzada da fruto","link":"https:\/\/www.eldigitaldeasturias.com\/noticias\/las-regiones-ultraperifericas-de-la-ue-una-asociacion-reforzada-da-fruto\/"}],"_links":{"self":[{"href":"https:\/\/www.eldigitaldeasturias.com\/noticias\/wp-json\/wp\/v2\/posts\/1061615","targetHints":{"allow":["GET"]}}],"collection":[{"href":"https:\/\/www.eldigitaldeasturias.com\/noticias\/wp-json\/wp\/v2\/posts"}],"about":[{"href":"https:\/\/www.eldigitaldeasturias.com\/noticias\/wp-json\/wp\/v2\/types\/post"}],"author":[{"embeddable":true,"href":"https:\/\/www.eldigitaldeasturias.com\/noticias\/wp-json\/wp\/v2\/users\/1"}],"replies":[{"embeddable":true,"href":"https:\/\/www.eldigitaldeasturias.com\/noticias\/wp-json\/wp\/v2\/comments?post=1061615"}],"version-history":[{"count":0,"href":"https:\/\/www.eldigitaldeasturias.com\/noticias\/wp-json\/wp\/v2\/posts\/1061615\/revisions"}],"wp:featuredmedia":[{"embeddable":true,"href":"https:\/\/www.eldigitaldeasturias.com\/noticias\/wp-json\/wp\/v2\/media\/983320"}],"wp:attachment":[{"href":"https:\/\/www.eldigitaldeasturias.com\/noticias\/wp-json\/wp\/v2\/media?parent=1061615"}],"wp:term":[{"taxonomy":"category","embeddable":true,"href":"https:\/\/www.eldigitaldeasturias.com\/noticias\/wp-json\/wp\/v2\/categories?post=1061615"},{"taxonomy":"post_tag","embeddable":true,"href":"https:\/\/www.eldigitaldeasturias.com\/noticias\/wp-json\/wp\/v2\/tags?post=1061615"}],"curies":[{"name":"wp","href":"https:\/\/api.w.org\/{rel}","templated":true}]}}