{"id":1061597,"date":"2020-03-22T19:49:47","date_gmt":"2020-03-22T19:49:47","guid":{"rendered":"https:\/\/www.eldigitaldeasturias.com\/noticias\/?p=1061597"},"modified":"2020-03-22T19:50:17","modified_gmt":"2020-03-22T19:50:17","slug":"barbon-urge-al-gobierno-de-espana-a-repartir-los-test-de-deteccion-rapida","status":"publish","type":"post","link":"https:\/\/www.eldigitaldeasturias.com\/noticias\/barbon-urge-al-gobierno-de-espana-a-repartir-los-test-de-deteccion-rapida\/","title":{"rendered":"Barb\u00f3n urge al Gobierno de Espa\u00f1a a repartir los test de detecci\u00f3n r\u00e1pida"},"content":{"rendered":"<figure id=\"attachment_1061598\" aria-describedby=\"caption-attachment-1061598\" style=\"width: 360px\" class=\"wp-caption alignleft\"><img loading=\"lazy\" decoding=\"async\" class=\"wp-image-1061598 size-medium\" src=\"https:\/\/www.eldigitaldeasturias.com\/noticias\/wp-content\/uploads\/2020\/03\/Barbon-Asturias-360x222.jpg\" alt=\"\" width=\"360\" height=\"222\" srcset=\"https:\/\/www.eldigitaldeasturias.com\/noticias\/wp-content\/uploads\/2020\/03\/Barbon-Asturias-360x222.jpg 360w, https:\/\/www.eldigitaldeasturias.com\/noticias\/wp-content\/uploads\/2020\/03\/Barbon-Asturias-690x426.jpg 690w, https:\/\/www.eldigitaldeasturias.com\/noticias\/wp-content\/uploads\/2020\/03\/Barbon-Asturias-480x296.jpg 480w, https:\/\/www.eldigitaldeasturias.com\/noticias\/wp-content\/uploads\/2020\/03\/Barbon-Asturias-768x474.jpg 768w, https:\/\/www.eldigitaldeasturias.com\/noticias\/wp-content\/uploads\/2020\/03\/Barbon-Asturias-1024x632.jpg 1024w, https:\/\/www.eldigitaldeasturias.com\/noticias\/wp-content\/uploads\/2020\/03\/Barbon-Asturias.jpg 1086w\" sizes=\"auto, (max-width: 360px) 100vw, 360px\" \/><figcaption id=\"caption-attachment-1061598\" class=\"wp-caption-text\">Foto: Armando \u00c1lvarez<\/figcaption><\/figure>\n<p>El presidente del Principado, Adri\u00e1n Barb\u00f3n, ha reclamado hoy la m\u00e1xima celeridad en el reparto de los tests de detecci\u00f3n r\u00e1pida del coronavirus COVID-19, al tiempo que ha planteado que se d\u00e9 una \u201cprioridad absoluta\u201d a las residencias de mayores. El jefe del Ejecutivo ha respaldado la prolongaci\u00f3n del estado de alarma. \u201cIncluso defiendo que se extremen los controles para garantizar su cumplimiento para dar m\u00e1s seguridad a la ciudadan\u00eda. Los Cuerpos y Fuerzas de Seguridad deben ser tajantes en el control de los movimientos y deben contar con nuestro absoluto respaldo\u201d, ha afirmado.<\/p>\n<p>Barb\u00f3n ha participado en la videoconferencia celebrada entre el presidente del Gobierno de Espa\u00f1a, Pedro S\u00e1nchez, y los jefes de los Ejecutivos auton\u00f3micos. En ese encuentro, S\u00e1nchez ha anunciado que propondr\u00e1 la pr\u00f3rroga del estado de alarma durante otras dos semanas, medida que necesita la autorizaci\u00f3n del Congreso. Para el presidente del Principado, \u201ces una decisi\u00f3n acertada\u201d. \u201cHay que mantener la firmeza en la lucha contra el virus durante el tiempo que sea necesario. Es una prueba de coraje, una demostraci\u00f3n de que sabemos reaccionar como sociedad ante una amenaza tan grave como esta\u201d, ha a\u00f1adido.<\/p>\n<p>La sanidad es la primera l\u00ednea de esta batalla. \u201cNo podemos pensar en ganarla sin medios suficientes\u201d, ha afirmado Barb\u00f3n. Por ello, y tal como ya hab\u00eda manifestado ayer en su declaraci\u00f3n institucional a los asturianos y asturianas, el presidente ha sido tajante: \u201ctenemos una necesidad imperiosa de material sanitario\u201d y, en especial, de los tests de detecci\u00f3n masiva. \u201cContar con ellos nos permitir\u00e1 abordar la situaci\u00f3n con otros medios para frenar los contagios. Pienso en las residencias de mayores, que deben ser nuestra prioridad en todo momento. Si podemos hacer pruebas masivas conseguiremos evitar muchos males mayores. Asturias es una comunidad muy envejecida, con lo que ese planteamiento tiene en nuestra regi\u00f3n m\u00e1s sentido que en cualquier otra\u201d, ha explicado. La consejera de Servicios Sociales, Melania \u00c1lvarez, ya defendi\u00f3 este planteamiento hace d\u00edas ante el vicepresidente del Gobierno de Espa\u00f1a, Pablo Iglesias.<\/p>\n<p>La carencia de medios por la expansi\u00f3n del virus a escala europea est\u00e1 siendo compensada por la iniciativa de la sociedad. Investigadores, emprendedores y empresas est\u00e1n colaborando en Asturias en la fabricaci\u00f3n de respiradores mediante impresi\u00f3n 3D o en proyectos como el reciclaje de mascarillas. \u201cAgradezco su colaboraci\u00f3n ejemplar. Quienes est\u00e1n poniendo su iniciativa y su talento al servicio de las necesidades m\u00e9dicas son un orgullo para todo el Principado. Es un honor ser su conciudadano\u201d, ha enfatizado el jefe del Gobierno. \u201cTengo que reconocer tambi\u00e9n el buen trabajo que est\u00e1 haciendo en este campo la Consejer\u00eda de Ciencia, aunando y fortaleciendo estas iniciativas y poni\u00e9ndolas al servicio de la salud colectiva\u201d.<\/p>\n<p>La victoria sobre el virus requiere \u201cunidad y colaboraci\u00f3n\u201d, ha insistido el presidente del Principado. Por eso, ha defendido que se sigan celebrando conferencias de presidentes a trav\u00e9s de medios telem\u00e1ticos de forma peri\u00f3dica entre el Gobierno de Espa\u00f1a -actualmente, mando \u00fanico, en virtud del estado de alarma- y los Ejecutivos auton\u00f3micos. \u201cEs el tiempo de la uni\u00f3n. M\u00e1s que nunca, debemos estar juntos\u201d.<\/p>\n<p>&nbsp;<\/p>\n","protected":false},"excerpt":{"rendered":"<p>El presidente del Principado, Adri\u00e1n Barb\u00f3n, ha reclamado hoy la m\u00e1xima celeridad en el reparto de los tests de detecci\u00f3n r\u00e1pida del coronavirus COVID-19, al tiempo que ha planteado que se d\u00e9 una \u201cprioridad absoluta\u201d a las residencias de mayores. El jefe del Ejecutivo ha respaldado la prolongaci\u00f3n del estado de alarma. \u201cIncluso defiendo que [&hellip;]<\/p>\n","protected":false},"author":1,"featured_media":1061598,"comment_status":"closed","ping_status":"closed","sticky":false,"template":"","format":"standard","meta":{"footnotes":""},"categories":[12,141],"tags":[],"class_list":["post-1061597","post","type-post","status-publish","format-standard","has-post-thumbnail","hentry","category-actualidad-asturias","category-destacadas"],"aioseo_notices":[],"aioseo_head":"\n\t\t<!-- All in One SEO Pro 4.9.6.2 - aioseo.com -->\n\t<meta name=\"description\" content=\"El presidente del Principado, Adri\u00e1n Barb\u00f3n, ha reclamado hoy la m\u00e1xima celeridad en el reparto de los tests de detecci\u00f3n r\u00e1pida del coronavirus COVID-19, al tiempo que ha planteado que se d\u00e9 una \u201cprioridad absoluta\u201d a las residencias de mayores. El jefe del Ejecutivo ha respaldado la prolongaci\u00f3n del estado de alarma. \u201cIncluso defiendo que\" \/>\n\t<meta name=\"robots\" content=\"max-image-preview:large\" \/>\n\t<meta name=\"author\" content=\"El Digital de Asturias\"\/>\n\t<meta name=\"google-site-verification\" content=\"UA-38556648-1\" \/>\n\t<meta name=\"msvalidate.01\" content=\"7dfe9f3f1b24437ab69f4f2559babe99\" \/>\n\t<meta name=\"keywords\" content=\"actualidad asturias,destacadas\" \/>\n\t<link rel=\"canonical\" href=\"https:\/\/www.eldigitaldeasturias.com\/noticias\/barbon-urge-al-gobierno-de-espana-a-repartir-los-test-de-deteccion-rapida\/\" \/>\n\t<meta name=\"generator\" content=\"All in One SEO Pro (AIOSEO) 4.9.6.2\" \/>\n\t\t<meta property=\"og:locale\" content=\"es_ES\" \/>\n\t\t<meta property=\"og:site_name\" content=\"El Digital de Asturias\" \/>\n\t\t<meta property=\"og:type\" content=\"article\" \/>\n\t\t<meta property=\"og:title\" content=\"Barb\u00f3n urge al Gobierno de Espa\u00f1a a repartir los test de detecci\u00f3n r\u00e1pida - El Digital de Asturias\" \/>\n\t\t<meta property=\"og:description\" content=\"El presidente del Principado, Adri\u00e1n Barb\u00f3n, ha reclamado hoy la m\u00e1xima celeridad en el reparto de los tests de detecci\u00f3n r\u00e1pida del coronavirus COVID-19, al tiempo que ha planteado que se d\u00e9 una \u201cprioridad absoluta\u201d a las residencias de mayores. El jefe del Ejecutivo ha respaldado la prolongaci\u00f3n del estado de alarma. \u201cIncluso defiendo que\" \/>\n\t\t<meta property=\"og:url\" content=\"https:\/\/www.eldigitaldeasturias.com\/noticias\/barbon-urge-al-gobierno-de-espana-a-repartir-los-test-de-deteccion-rapida\/\" \/>\n\t\t<meta property=\"og:image\" content=\"https:\/\/www.eldigitaldeasturias.com\/noticias\/wp-content\/uploads\/2020\/03\/Barbon-Asturias.jpg\" \/>\n\t\t<meta property=\"og:image:secure_url\" content=\"https:\/\/www.eldigitaldeasturias.com\/noticias\/wp-content\/uploads\/2020\/03\/Barbon-Asturias.jpg\" \/>\n\t\t<meta property=\"og:image:width\" content=\"1086\" \/>\n\t\t<meta property=\"og:image:height\" content=\"670\" \/>\n\t\t<meta property=\"article:tag\" content=\"actualidad asturias\" \/>\n\t\t<meta property=\"article:tag\" content=\"destacadas\" \/>\n\t\t<meta property=\"article:published_time\" content=\"2020-03-22T19:49:47+00:00\" \/>\n\t\t<meta property=\"article:modified_time\" content=\"2020-03-22T19:50:17+00:00\" \/>\n\t\t<meta property=\"article:publisher\" content=\"https:\/\/facebook.com\/eldigitaldeasturias\" \/>\n\t\t<meta name=\"twitter:card\" content=\"summary_large_image\" \/>\n\t\t<meta name=\"twitter:title\" content=\"Barb\u00f3n urge al Gobierno de Espa\u00f1a a repartir los test de detecci\u00f3n r\u00e1pida - El Digital de Asturias\" \/>\n\t\t<meta name=\"twitter:description\" content=\"El presidente del Principado, Adri\u00e1n Barb\u00f3n, ha reclamado hoy la m\u00e1xima celeridad en el reparto de los tests de detecci\u00f3n r\u00e1pida del coronavirus COVID-19, al tiempo que ha planteado que se d\u00e9 una \u201cprioridad absoluta\u201d a las residencias de mayores. El jefe del Ejecutivo ha respaldado la prolongaci\u00f3n del estado de alarma. \u201cIncluso defiendo que\" \/>\n\t\t<meta name=\"twitter:image\" content=\"https:\/\/www.eldigitaldeasturias.com\/noticias\/wp-content\/uploads\/2020\/03\/Barbon-Asturias.jpg\" \/>\n\t\t<meta name=\"twitter:label1\" content=\"Escrito por\" \/>\n\t\t<meta name=\"twitter:data1\" content=\"El Digital de Asturias\" \/>\n\t\t<meta name=\"twitter:label2\" content=\"Tiempo de lectura estimado\" \/>\n\t\t<meta name=\"twitter:data2\" content=\"3 minutos\" \/>\n\t\t<script type=\"application\/ld+json\" class=\"aioseo-schema\">\n\t\t\t{\"@context\":\"https:\\\/\\\/schema.org\",\"@graph\":[{\"@type\":\"BlogPosting\",\"@id\":\"https:\\\/\\\/www.eldigitaldeasturias.com\\\/noticias\\\/barbon-urge-al-gobierno-de-espana-a-repartir-los-test-de-deteccion-rapida\\\/#blogposting\",\"name\":\"Barb\\u00f3n urge al Gobierno de Espa\\u00f1a a repartir los test de detecci\\u00f3n r\\u00e1pida - El Digital de Asturias\",\"headline\":\"Barb\\u00f3n urge al Gobierno de Espa\\u00f1a a repartir los test de detecci\\u00f3n r\\u00e1pida\",\"author\":{\"@id\":\"https:\\\/\\\/www.eldigitaldeasturias.com\\\/noticias\\\/author\\\/admin\\\/#author\"},\"publisher\":{\"@id\":\"https:\\\/\\\/www.eldigitaldeasturias.com\\\/noticias\\\/#organization\"},\"image\":{\"@type\":\"ImageObject\",\"url\":\"https:\\\/\\\/www.eldigitaldeasturias.com\\\/noticias\\\/wp-content\\\/uploads\\\/2020\\\/03\\\/Barbon-Asturias.jpg\",\"width\":1086,\"height\":670,\"caption\":\"Fotos: Armando \\u00c1lvarez\"},\"datePublished\":\"2020-03-22T19:49:47+01:00\",\"dateModified\":\"2020-03-22T19:50:17+01:00\",\"inLanguage\":\"es-ES\",\"mainEntityOfPage\":{\"@id\":\"https:\\\/\\\/www.eldigitaldeasturias.com\\\/noticias\\\/barbon-urge-al-gobierno-de-espana-a-repartir-los-test-de-deteccion-rapida\\\/#webpage\"},\"isPartOf\":{\"@id\":\"https:\\\/\\\/www.eldigitaldeasturias.com\\\/noticias\\\/barbon-urge-al-gobierno-de-espana-a-repartir-los-test-de-deteccion-rapida\\\/#webpage\"},\"articleSection\":\"Actualidad Asturias, Destacadas\"},{\"@type\":\"BreadcrumbList\",\"@id\":\"https:\\\/\\\/www.eldigitaldeasturias.com\\\/noticias\\\/barbon-urge-al-gobierno-de-espana-a-repartir-los-test-de-deteccion-rapida\\\/#breadcrumblist\",\"itemListElement\":[{\"@type\":\"ListItem\",\"@id\":\"https:\\\/\\\/www.eldigitaldeasturias.com\\\/noticias#listItem\",\"position\":1,\"name\":\"Home\",\"item\":\"https:\\\/\\\/www.eldigitaldeasturias.com\\\/noticias\",\"nextItem\":{\"@type\":\"ListItem\",\"@id\":\"https:\\\/\\\/www.eldigitaldeasturias.com\\\/noticias\\\/category\\\/actualidad-asturias\\\/#listItem\",\"name\":\"Actualidad Asturias\"}},{\"@type\":\"ListItem\",\"@id\":\"https:\\\/\\\/www.eldigitaldeasturias.com\\\/noticias\\\/category\\\/actualidad-asturias\\\/#listItem\",\"position\":2,\"name\":\"Actualidad Asturias\",\"item\":\"https:\\\/\\\/www.eldigitaldeasturias.com\\\/noticias\\\/category\\\/actualidad-asturias\\\/\",\"nextItem\":{\"@type\":\"ListItem\",\"@id\":\"https:\\\/\\\/www.eldigitaldeasturias.com\\\/noticias\\\/barbon-urge-al-gobierno-de-espana-a-repartir-los-test-de-deteccion-rapida\\\/#listItem\",\"name\":\"Barb\\u00f3n urge al Gobierno de Espa\\u00f1a a repartir los test de detecci\\u00f3n r\\u00e1pida\"},\"previousItem\":{\"@type\":\"ListItem\",\"@id\":\"https:\\\/\\\/www.eldigitaldeasturias.com\\\/noticias#listItem\",\"name\":\"Home\"}},{\"@type\":\"ListItem\",\"@id\":\"https:\\\/\\\/www.eldigitaldeasturias.com\\\/noticias\\\/barbon-urge-al-gobierno-de-espana-a-repartir-los-test-de-deteccion-rapida\\\/#listItem\",\"position\":3,\"name\":\"Barb\\u00f3n urge al Gobierno de Espa\\u00f1a a repartir los test de detecci\\u00f3n r\\u00e1pida\",\"previousItem\":{\"@type\":\"ListItem\",\"@id\":\"https:\\\/\\\/www.eldigitaldeasturias.com\\\/noticias\\\/category\\\/actualidad-asturias\\\/#listItem\",\"name\":\"Actualidad Asturias\"}}]},{\"@type\":\"Organization\",\"@id\":\"https:\\\/\\\/www.eldigitaldeasturias.com\\\/noticias\\\/#organization\",\"name\":\"El Digital de Asturias\",\"description\":\"Hemeroteca\",\"url\":\"https:\\\/\\\/www.eldigitaldeasturias.com\\\/noticias\\\/\",\"email\":\"info@eldigitaldeasturias.com\",\"telephone\":\"+34652131393\",\"logo\":{\"@type\":\"ImageObject\",\"url\":\"https:\\\/\\\/www.eldigitaldeasturias.com\\\/noticias\\\/wp-content\\\/uploads\\\/2020\\\/12\\\/EDA.jpg\",\"@id\":\"https:\\\/\\\/www.eldigitaldeasturias.com\\\/noticias\\\/barbon-urge-al-gobierno-de-espana-a-repartir-los-test-de-deteccion-rapida\\\/#organizationLogo\",\"width\":649,\"height\":297},\"image\":{\"@id\":\"https:\\\/\\\/www.eldigitaldeasturias.com\\\/noticias\\\/barbon-urge-al-gobierno-de-espana-a-repartir-los-test-de-deteccion-rapida\\\/#organizationLogo\"},\"sameAs\":[\"https:\\\/\\\/facebook.com\\\/eldigitaldeasturias\",\"https:\\\/\\\/www.youtube.com\\\/channel\\\/UCZP-2wLEB9Rv6erhFmqVnvg\"],\"address\":{\"@id\":\"https:\\\/\\\/www.eldigitaldeasturias.com\\\/noticias\\\/#postaladdress\",\"@type\":\"PostalAddress\",\"streetAddress\":\"san antonio 4,\",\"postalCode\":\"33430\",\"addressLocality\":\"Cand\\u00e1s\",\"addressRegion\":\"Asturias\",\"addressCountry\":\"ES\"}},{\"@type\":\"Person\",\"@id\":\"https:\\\/\\\/www.eldigitaldeasturias.com\\\/noticias\\\/author\\\/admin\\\/#author\",\"url\":\"https:\\\/\\\/www.eldigitaldeasturias.com\\\/noticias\\\/author\\\/admin\\\/\",\"name\":\"El Digital de Asturias\",\"image\":{\"@type\":\"ImageObject\",\"@id\":\"https:\\\/\\\/www.eldigitaldeasturias.com\\\/noticias\\\/barbon-urge-al-gobierno-de-espana-a-repartir-los-test-de-deteccion-rapida\\\/#authorImage\",\"url\":\"https:\\\/\\\/www.eldigitaldeasturias.com\\\/noticias\\\/wp-content\\\/litespeed\\\/avatar\\\/18677e78aa0546b92d9dbf31ec7d7668.jpg?ver=1777290358\",\"width\":96,\"height\":96,\"caption\":\"El Digital de Asturias\"}},{\"@type\":\"WebPage\",\"@id\":\"https:\\\/\\\/www.eldigitaldeasturias.com\\\/noticias\\\/barbon-urge-al-gobierno-de-espana-a-repartir-los-test-de-deteccion-rapida\\\/#webpage\",\"url\":\"https:\\\/\\\/www.eldigitaldeasturias.com\\\/noticias\\\/barbon-urge-al-gobierno-de-espana-a-repartir-los-test-de-deteccion-rapida\\\/\",\"name\":\"Barb\\u00f3n urge al Gobierno de Espa\\u00f1a a repartir los test de detecci\\u00f3n r\\u00e1pida - El Digital de Asturias\",\"description\":\"El presidente del Principado, Adri\\u00e1n Barb\\u00f3n, ha reclamado hoy la m\\u00e1xima celeridad en el reparto de los tests de detecci\\u00f3n r\\u00e1pida del coronavirus COVID-19, al tiempo que ha planteado que se d\\u00e9 una \\u201cprioridad absoluta\\u201d a las residencias de mayores. El jefe del Ejecutivo ha respaldado la prolongaci\\u00f3n del estado de alarma. \\u201cIncluso defiendo que\",\"inLanguage\":\"es-ES\",\"isPartOf\":{\"@id\":\"https:\\\/\\\/www.eldigitaldeasturias.com\\\/noticias\\\/#website\"},\"breadcrumb\":{\"@id\":\"https:\\\/\\\/www.eldigitaldeasturias.com\\\/noticias\\\/barbon-urge-al-gobierno-de-espana-a-repartir-los-test-de-deteccion-rapida\\\/#breadcrumblist\"},\"author\":{\"@id\":\"https:\\\/\\\/www.eldigitaldeasturias.com\\\/noticias\\\/author\\\/admin\\\/#author\"},\"creator\":{\"@id\":\"https:\\\/\\\/www.eldigitaldeasturias.com\\\/noticias\\\/author\\\/admin\\\/#author\"},\"image\":{\"@type\":\"ImageObject\",\"url\":\"https:\\\/\\\/www.eldigitaldeasturias.com\\\/noticias\\\/wp-content\\\/uploads\\\/2020\\\/03\\\/Barbon-Asturias.jpg\",\"@id\":\"https:\\\/\\\/www.eldigitaldeasturias.com\\\/noticias\\\/barbon-urge-al-gobierno-de-espana-a-repartir-los-test-de-deteccion-rapida\\\/#mainImage\",\"width\":1086,\"height\":670,\"caption\":\"Fotos: Armando \\u00c1lvarez\"},\"primaryImageOfPage\":{\"@id\":\"https:\\\/\\\/www.eldigitaldeasturias.com\\\/noticias\\\/barbon-urge-al-gobierno-de-espana-a-repartir-los-test-de-deteccion-rapida\\\/#mainImage\"},\"datePublished\":\"2020-03-22T19:49:47+01:00\",\"dateModified\":\"2020-03-22T19:50:17+01:00\"},{\"@type\":\"WebSite\",\"@id\":\"https:\\\/\\\/www.eldigitaldeasturias.com\\\/noticias\\\/#website\",\"url\":\"https:\\\/\\\/www.eldigitaldeasturias.com\\\/noticias\\\/\",\"name\":\"El Digital de Asturias - Diario de actualidad y noticias\",\"alternateName\":\"El Digital de Asturias - Diario de actualidad y noticias\",\"description\":\"Hemeroteca\",\"inLanguage\":\"es-ES\",\"publisher\":{\"@id\":\"https:\\\/\\\/www.eldigitaldeasturias.com\\\/noticias\\\/#organization\"}}]}\n\t\t<\/script>\n\t\t<!-- All in One SEO Pro -->\r\n\t\t<title>Barb\u00f3n urge al Gobierno de Espa\u00f1a a repartir los test de detecci\u00f3n r\u00e1pida - El Digital de Asturias<\/title>\n\n","aioseo_head_json":{"title":"Barb\u00f3n urge al Gobierno de Espa\u00f1a a repartir los test de detecci\u00f3n r\u00e1pida - El Digital de Asturias","description":"El presidente del Principado, Adri\u00e1n Barb\u00f3n, ha reclamado hoy la m\u00e1xima celeridad en el reparto de los tests de detecci\u00f3n r\u00e1pida del coronavirus COVID-19, al tiempo que ha planteado que se d\u00e9 una \u201cprioridad absoluta\u201d a las residencias de mayores. El jefe del Ejecutivo ha respaldado la prolongaci\u00f3n del estado de alarma. \u201cIncluso defiendo que","canonical_url":"https:\/\/www.eldigitaldeasturias.com\/noticias\/barbon-urge-al-gobierno-de-espana-a-repartir-los-test-de-deteccion-rapida\/","robots":"max-image-preview:large","keywords":"actualidad asturias,destacadas","webmasterTools":{"google-site-verification":"UA-38556648-1","msvalidate.01":"7dfe9f3f1b24437ab69f4f2559babe99","miscellaneous":""},"schema":{"@context":"https:\/\/schema.org","@graph":[{"@type":"BlogPosting","@id":"https:\/\/www.eldigitaldeasturias.com\/noticias\/barbon-urge-al-gobierno-de-espana-a-repartir-los-test-de-deteccion-rapida\/#blogposting","name":"Barb\u00f3n urge al Gobierno de Espa\u00f1a a repartir los test de detecci\u00f3n r\u00e1pida - El Digital de Asturias","headline":"Barb\u00f3n urge al Gobierno de Espa\u00f1a a repartir los test de detecci\u00f3n r\u00e1pida","author":{"@id":"https:\/\/www.eldigitaldeasturias.com\/noticias\/author\/admin\/#author"},"publisher":{"@id":"https:\/\/www.eldigitaldeasturias.com\/noticias\/#organization"},"image":{"@type":"ImageObject","url":"https:\/\/www.eldigitaldeasturias.com\/noticias\/wp-content\/uploads\/2020\/03\/Barbon-Asturias.jpg","width":1086,"height":670,"caption":"Fotos: Armando \u00c1lvarez"},"datePublished":"2020-03-22T19:49:47+01:00","dateModified":"2020-03-22T19:50:17+01:00","inLanguage":"es-ES","mainEntityOfPage":{"@id":"https:\/\/www.eldigitaldeasturias.com\/noticias\/barbon-urge-al-gobierno-de-espana-a-repartir-los-test-de-deteccion-rapida\/#webpage"},"isPartOf":{"@id":"https:\/\/www.eldigitaldeasturias.com\/noticias\/barbon-urge-al-gobierno-de-espana-a-repartir-los-test-de-deteccion-rapida\/#webpage"},"articleSection":"Actualidad Asturias, Destacadas"},{"@type":"BreadcrumbList","@id":"https:\/\/www.eldigitaldeasturias.com\/noticias\/barbon-urge-al-gobierno-de-espana-a-repartir-los-test-de-deteccion-rapida\/#breadcrumblist","itemListElement":[{"@type":"ListItem","@id":"https:\/\/www.eldigitaldeasturias.com\/noticias#listItem","position":1,"name":"Home","item":"https:\/\/www.eldigitaldeasturias.com\/noticias","nextItem":{"@type":"ListItem","@id":"https:\/\/www.eldigitaldeasturias.com\/noticias\/category\/actualidad-asturias\/#listItem","name":"Actualidad Asturias"}},{"@type":"ListItem","@id":"https:\/\/www.eldigitaldeasturias.com\/noticias\/category\/actualidad-asturias\/#listItem","position":2,"name":"Actualidad Asturias","item":"https:\/\/www.eldigitaldeasturias.com\/noticias\/category\/actualidad-asturias\/","nextItem":{"@type":"ListItem","@id":"https:\/\/www.eldigitaldeasturias.com\/noticias\/barbon-urge-al-gobierno-de-espana-a-repartir-los-test-de-deteccion-rapida\/#listItem","name":"Barb\u00f3n urge al Gobierno de Espa\u00f1a a repartir los test de detecci\u00f3n r\u00e1pida"},"previousItem":{"@type":"ListItem","@id":"https:\/\/www.eldigitaldeasturias.com\/noticias#listItem","name":"Home"}},{"@type":"ListItem","@id":"https:\/\/www.eldigitaldeasturias.com\/noticias\/barbon-urge-al-gobierno-de-espana-a-repartir-los-test-de-deteccion-rapida\/#listItem","position":3,"name":"Barb\u00f3n urge al Gobierno de Espa\u00f1a a repartir los test de detecci\u00f3n r\u00e1pida","previousItem":{"@type":"ListItem","@id":"https:\/\/www.eldigitaldeasturias.com\/noticias\/category\/actualidad-asturias\/#listItem","name":"Actualidad Asturias"}}]},{"@type":"Organization","@id":"https:\/\/www.eldigitaldeasturias.com\/noticias\/#organization","name":"El Digital de Asturias","description":"Hemeroteca","url":"https:\/\/www.eldigitaldeasturias.com\/noticias\/","email":"info@eldigitaldeasturias.com","telephone":"+34652131393","logo":{"@type":"ImageObject","url":"https:\/\/www.eldigitaldeasturias.com\/noticias\/wp-content\/uploads\/2020\/12\/EDA.jpg","@id":"https:\/\/www.eldigitaldeasturias.com\/noticias\/barbon-urge-al-gobierno-de-espana-a-repartir-los-test-de-deteccion-rapida\/#organizationLogo","width":649,"height":297},"image":{"@id":"https:\/\/www.eldigitaldeasturias.com\/noticias\/barbon-urge-al-gobierno-de-espana-a-repartir-los-test-de-deteccion-rapida\/#organizationLogo"},"sameAs":["https:\/\/facebook.com\/eldigitaldeasturias","https:\/\/www.youtube.com\/channel\/UCZP-2wLEB9Rv6erhFmqVnvg"],"address":{"@id":"https:\/\/www.eldigitaldeasturias.com\/noticias\/#postaladdress","@type":"PostalAddress","streetAddress":"san antonio 4,","postalCode":"33430","addressLocality":"Cand\u00e1s","addressRegion":"Asturias","addressCountry":"ES"}},{"@type":"Person","@id":"https:\/\/www.eldigitaldeasturias.com\/noticias\/author\/admin\/#author","url":"https:\/\/www.eldigitaldeasturias.com\/noticias\/author\/admin\/","name":"El Digital de Asturias","image":{"@type":"ImageObject","@id":"https:\/\/www.eldigitaldeasturias.com\/noticias\/barbon-urge-al-gobierno-de-espana-a-repartir-los-test-de-deteccion-rapida\/#authorImage","url":"https:\/\/www.eldigitaldeasturias.com\/noticias\/wp-content\/litespeed\/avatar\/18677e78aa0546b92d9dbf31ec7d7668.jpg?ver=1777290358","width":96,"height":96,"caption":"El Digital de Asturias"}},{"@type":"WebPage","@id":"https:\/\/www.eldigitaldeasturias.com\/noticias\/barbon-urge-al-gobierno-de-espana-a-repartir-los-test-de-deteccion-rapida\/#webpage","url":"https:\/\/www.eldigitaldeasturias.com\/noticias\/barbon-urge-al-gobierno-de-espana-a-repartir-los-test-de-deteccion-rapida\/","name":"Barb\u00f3n urge al Gobierno de Espa\u00f1a a repartir los test de detecci\u00f3n r\u00e1pida - El Digital de Asturias","description":"El presidente del Principado, Adri\u00e1n Barb\u00f3n, ha reclamado hoy la m\u00e1xima celeridad en el reparto de los tests de detecci\u00f3n r\u00e1pida del coronavirus COVID-19, al tiempo que ha planteado que se d\u00e9 una \u201cprioridad absoluta\u201d a las residencias de mayores. El jefe del Ejecutivo ha respaldado la prolongaci\u00f3n del estado de alarma. \u201cIncluso defiendo que","inLanguage":"es-ES","isPartOf":{"@id":"https:\/\/www.eldigitaldeasturias.com\/noticias\/#website"},"breadcrumb":{"@id":"https:\/\/www.eldigitaldeasturias.com\/noticias\/barbon-urge-al-gobierno-de-espana-a-repartir-los-test-de-deteccion-rapida\/#breadcrumblist"},"author":{"@id":"https:\/\/www.eldigitaldeasturias.com\/noticias\/author\/admin\/#author"},"creator":{"@id":"https:\/\/www.eldigitaldeasturias.com\/noticias\/author\/admin\/#author"},"image":{"@type":"ImageObject","url":"https:\/\/www.eldigitaldeasturias.com\/noticias\/wp-content\/uploads\/2020\/03\/Barbon-Asturias.jpg","@id":"https:\/\/www.eldigitaldeasturias.com\/noticias\/barbon-urge-al-gobierno-de-espana-a-repartir-los-test-de-deteccion-rapida\/#mainImage","width":1086,"height":670,"caption":"Fotos: Armando \u00c1lvarez"},"primaryImageOfPage":{"@id":"https:\/\/www.eldigitaldeasturias.com\/noticias\/barbon-urge-al-gobierno-de-espana-a-repartir-los-test-de-deteccion-rapida\/#mainImage"},"datePublished":"2020-03-22T19:49:47+01:00","dateModified":"2020-03-22T19:50:17+01:00"},{"@type":"WebSite","@id":"https:\/\/www.eldigitaldeasturias.com\/noticias\/#website","url":"https:\/\/www.eldigitaldeasturias.com\/noticias\/","name":"El Digital de Asturias - Diario de actualidad y noticias","alternateName":"El Digital de Asturias - Diario de actualidad y noticias","description":"Hemeroteca","inLanguage":"es-ES","publisher":{"@id":"https:\/\/www.eldigitaldeasturias.com\/noticias\/#organization"}}]},"og:locale":"es_ES","og:site_name":"El Digital de Asturias","og:type":"article","og:title":"Barb\u00f3n urge al Gobierno de Espa\u00f1a a repartir los test de detecci\u00f3n r\u00e1pida - El Digital de Asturias","og:description":"El presidente del Principado, Adri\u00e1n Barb\u00f3n, ha reclamado hoy la m\u00e1xima celeridad en el reparto de los tests de detecci\u00f3n r\u00e1pida del coronavirus COVID-19, al tiempo que ha planteado que se d\u00e9 una \u201cprioridad absoluta\u201d a las residencias de mayores. El jefe del Ejecutivo ha respaldado la prolongaci\u00f3n del estado de alarma. \u201cIncluso defiendo que","og:url":"https:\/\/www.eldigitaldeasturias.com\/noticias\/barbon-urge-al-gobierno-de-espana-a-repartir-los-test-de-deteccion-rapida\/","og:image":"https:\/\/www.eldigitaldeasturias.com\/noticias\/wp-content\/uploads\/2020\/03\/Barbon-Asturias.jpg","og:image:secure_url":"https:\/\/www.eldigitaldeasturias.com\/noticias\/wp-content\/uploads\/2020\/03\/Barbon-Asturias.jpg","og:image:width":1086,"og:image:height":670,"article:tag":["actualidad asturias","destacadas"],"article:published_time":"2020-03-22T19:49:47+00:00","article:modified_time":"2020-03-22T19:50:17+00:00","article:publisher":"https:\/\/facebook.com\/eldigitaldeasturias","twitter:card":"summary_large_image","twitter:title":"Barb\u00f3n urge al Gobierno de Espa\u00f1a a repartir los test de detecci\u00f3n r\u00e1pida - El Digital de Asturias","twitter:description":"El presidente del Principado, Adri\u00e1n Barb\u00f3n, ha reclamado hoy la m\u00e1xima celeridad en el reparto de los tests de detecci\u00f3n r\u00e1pida del coronavirus COVID-19, al tiempo que ha planteado que se d\u00e9 una \u201cprioridad absoluta\u201d a las residencias de mayores. El jefe del Ejecutivo ha respaldado la prolongaci\u00f3n del estado de alarma. \u201cIncluso defiendo que","twitter:image":"https:\/\/www.eldigitaldeasturias.com\/noticias\/wp-content\/uploads\/2020\/03\/Barbon-Asturias.jpg","twitter:label1":"Escrito por","twitter:data1":"El Digital de Asturias","twitter:label2":"Tiempo de lectura estimado","twitter:data2":"3 minutos"},"aioseo_meta_data":{"post_id":"1061597","title":null,"description":null,"keywords":null,"keyphrases":null,"primary_term":null,"canonical_url":null,"og_title":null,"og_description":null,"og_object_type":"default","og_image_type":"default","og_image_url":null,"og_image_width":null,"og_image_height":null,"og_image_custom_url":null,"og_image_custom_fields":null,"og_video":null,"og_custom_url":null,"og_article_section":null,"og_article_tags":null,"twitter_use_og":false,"twitter_card":"default","twitter_image_type":"default","twitter_image_url":null,"twitter_image_custom_url":null,"twitter_image_custom_fields":null,"twitter_title":null,"twitter_description":null,"schema":{"blockGraphs":[],"customGraphs":[],"default":{"data":{"Article":[],"Course":[],"Dataset":[],"FAQPage":[],"Movie":[],"Person":[],"Product":[],"ProductReview":[],"Car":[],"Recipe":[],"Service":[],"SoftwareApplication":[],"WebPage":[]},"graphName":"","isEnabled":true},"graphs":[],"defaultGraph":"","defaultPostTypeGraph":""},"schema_type":null,"schema_type_options":null,"pillar_content":false,"robots_default":true,"robots_noindex":false,"robots_noarchive":false,"robots_nosnippet":false,"robots_nofollow":false,"robots_noimageindex":false,"robots_noodp":false,"robots_notranslate":false,"robots_max_snippet":null,"robots_max_videopreview":null,"robots_max_imagepreview":"large","priority":null,"frequency":null,"local_seo":null,"seo_analyzer_scan_date":"2025-10-31 16:05:27","breadcrumb_settings":null,"limit_modified_date":false,"open_ai":null,"ai":null,"created":"2020-12-21 10:53:25","updated":"2025-10-31 16:05:27"},"aioseo_breadcrumb":"<div class=\"aioseo-breadcrumbs\"><span class=\"aioseo-breadcrumb\">\n\t<a href=\"https:\/\/www.eldigitaldeasturias.com\/noticias\" title=\"Home\">Home<\/a>\n<\/span><span class=\"aioseo-breadcrumb-separator\">\u2013<\/span><span class=\"aioseo-breadcrumb\">\n\t<a href=\"https:\/\/www.eldigitaldeasturias.com\/noticias\/category\/actualidad-asturias\/\" title=\"Actualidad Asturias\">Actualidad Asturias<\/a>\n<\/span><span class=\"aioseo-breadcrumb-separator\">\u2013<\/span><span class=\"aioseo-breadcrumb\">\n\t<a href=\"https:\/\/www.eldigitaldeasturias.com\/noticias\/barbon-urge-al-gobierno-de-espana-a-repartir-los-test-de-deteccion-rapida\/\" title=\"Barb\u00f3n urge al Gobierno de Espa\u00f1a a repartir los test de detecci\u00f3n r\u00e1pida\">Barb\u00f3n urge al Gobierno de Espa\u00f1a a repartir los test de detecci\u00f3n r\u00e1pida<\/a>\n<\/span><\/div>","aioseo_breadcrumb_json":[{"label":"Home","link":"https:\/\/www.eldigitaldeasturias.com\/noticias"},{"label":"Actualidad Asturias","link":"https:\/\/www.eldigitaldeasturias.com\/noticias\/category\/actualidad-asturias\/"},{"label":"Barb\u00f3n urge al Gobierno de Espa\u00f1a a repartir los test de detecci\u00f3n r\u00e1pida","link":"https:\/\/www.eldigitaldeasturias.com\/noticias\/barbon-urge-al-gobierno-de-espana-a-repartir-los-test-de-deteccion-rapida\/"}],"_links":{"self":[{"href":"https:\/\/www.eldigitaldeasturias.com\/noticias\/wp-json\/wp\/v2\/posts\/1061597","targetHints":{"allow":["GET"]}}],"collection":[{"href":"https:\/\/www.eldigitaldeasturias.com\/noticias\/wp-json\/wp\/v2\/posts"}],"about":[{"href":"https:\/\/www.eldigitaldeasturias.com\/noticias\/wp-json\/wp\/v2\/types\/post"}],"author":[{"embeddable":true,"href":"https:\/\/www.eldigitaldeasturias.com\/noticias\/wp-json\/wp\/v2\/users\/1"}],"replies":[{"embeddable":true,"href":"https:\/\/www.eldigitaldeasturias.com\/noticias\/wp-json\/wp\/v2\/comments?post=1061597"}],"version-history":[{"count":0,"href":"https:\/\/www.eldigitaldeasturias.com\/noticias\/wp-json\/wp\/v2\/posts\/1061597\/revisions"}],"wp:featuredmedia":[{"embeddable":true,"href":"https:\/\/www.eldigitaldeasturias.com\/noticias\/wp-json\/wp\/v2\/media\/1061598"}],"wp:attachment":[{"href":"https:\/\/www.eldigitaldeasturias.com\/noticias\/wp-json\/wp\/v2\/media?parent=1061597"}],"wp:term":[{"taxonomy":"category","embeddable":true,"href":"https:\/\/www.eldigitaldeasturias.com\/noticias\/wp-json\/wp\/v2\/categories?post=1061597"},{"taxonomy":"post_tag","embeddable":true,"href":"https:\/\/www.eldigitaldeasturias.com\/noticias\/wp-json\/wp\/v2\/tags?post=1061597"}],"curies":[{"name":"wp","href":"https:\/\/api.w.org\/{rel}","templated":true}]}}