{"id":1061592,"date":"2020-03-22T19:41:13","date_gmt":"2020-03-22T19:41:13","guid":{"rendered":"https:\/\/www.eldigitaldeasturias.com\/noticias\/?p=1061592"},"modified":"2020-03-22T19:41:13","modified_gmt":"2020-03-22T19:41:13","slug":"covid-19-preven-una-fuerte-caida-del-consumo-electrico-en-alemania","status":"publish","type":"post","link":"https:\/\/www.eldigitaldeasturias.com\/noticias\/covid-19-preven-una-fuerte-caida-del-consumo-electrico-en-alemania\/","title":{"rendered":"Covid-19: Prev\u00e9n una fuerte ca\u00edda del consumo el\u00e9ctrico en Alemania"},"content":{"rendered":"<p><img loading=\"lazy\" decoding=\"async\" class=\"alignleft size-medium wp-image-1060632\" src=\"https:\/\/www.eldigitaldeasturias.com\/noticias\/wp-content\/uploads\/2020\/03\/connection-4884862_640-360x245.jpg\" alt=\"\" width=\"360\" height=\"245\" srcset=\"https:\/\/www.eldigitaldeasturias.com\/noticias\/wp-content\/uploads\/2020\/03\/connection-4884862_640-360x245.jpg 360w, https:\/\/www.eldigitaldeasturias.com\/noticias\/wp-content\/uploads\/2020\/03\/connection-4884862_640-440x300.jpg 440w, https:\/\/www.eldigitaldeasturias.com\/noticias\/wp-content\/uploads\/2020\/03\/connection-4884862_640.jpg 640w\" sizes=\"auto, (max-width: 360px) 100vw, 360px\" \/>Essen (Alemania), 22 mar (dpa) &#8211; El cierre de f\u00e1bricas y las restricciones a la producci\u00f3n dipuestas en la industria debido a la pandemia de coronavirus generar\u00e1n una importante ca\u00edda en el consumo de energ\u00eda el\u00e9ctrica en Alemania, estim\u00f3 hoy la Asociaci\u00f3n Alemana de Gesti\u00f3n de Energ\u00eda y Agua (BdEW).<\/p>\n<p>De acuerdo a esa informaci\u00f3n, los precios al por mayor de la electricidad ya cayeron considerablemente. En la bolsa de electricidad los precios del suministro para abril bajaron en casi un 30 por ciento en el transcurso de una semana.<\/p>\n<p>La semana pasada el consumo el\u00e9ctrico en Alemania a\u00fan permaneci\u00f3 relativamente estable. Seg\u00fan datos de la Agencia Federal de Redes, el consumo de energ\u00eda el\u00e9ctrica neto hasta el jueves incluido era similarmente alto al de la misma semana del a\u00f1o anterior. Pero eso cambiar\u00e1, cuando la industria automotriz implemente las restricciones a la producci\u00f3n ya anunciadas, se\u00f1ala el informe de la BdEW.<\/p>\n<p>El consumo de electricidad caer\u00e1 sobre todo cuando tambi\u00e9n reduzcan su producci\u00f3n las industrias b\u00e1sicas de alto consumo el\u00e9ctrico, como la del acero, la qu\u00edmica y la del cemento.<\/p>\n<p>Seg\u00fan la asociaci\u00f3n, los efectos contrarios en el consumo m\u00e1s bien ser\u00e1n limitados. Si se produce un fuerte aumento de las videoconferencias o el teletrabajo, eso genera un consumo adicional, pero son cantidades menores a cambio de las cuales en general se reduce el consumo en otro lugar, por ejemplo, en la oficina.<\/p>\n<p>S\u00ed podr\u00eda aumentar el consumo en los centros inform\u00e1ticos y los nodos de Internet.<\/p>\n<p>Los administradores de las redes no esperan problemas a causa de esta fuerte ca\u00edda en el consumo. La adaptaci\u00f3n a cambios repentinos en la demanda es \u00abparte de nuestro trabajo diario\u00bb, dijo una portavoz del administrador de redes de transmisi\u00f3n Tennet. \u00abTenemos a disposici\u00f3n herramientas suficientes para equilibrar potenciales oscilaciones en las pr\u00f3ximas semanas\u00bb.<\/p>\n","protected":false},"excerpt":{"rendered":"<p>Essen (Alemania), 22 mar (dpa) &#8211; El cierre de f\u00e1bricas y las restricciones a la producci\u00f3n dipuestas en la industria debido a la pandemia de coronavirus generar\u00e1n una importante ca\u00edda en el consumo de energ\u00eda el\u00e9ctrica en Alemania, estim\u00f3 hoy la Asociaci\u00f3n Alemana de Gesti\u00f3n de Energ\u00eda y Agua (BdEW). De acuerdo a esa informaci\u00f3n, [&hellip;]<\/p>\n","protected":false},"author":1,"featured_media":1060632,"comment_status":"closed","ping_status":"closed","sticky":false,"template":"","format":"standard","meta":{"footnotes":""},"categories":[187],"tags":[],"class_list":["post-1061592","post","type-post","status-publish","format-standard","has-post-thumbnail","hentry","category-economia"],"aioseo_notices":[],"aioseo_head":"\n\t\t<!-- All in One SEO Pro 4.9.6.2 - aioseo.com -->\n\t<meta name=\"description\" content=\"Essen (Alemania), 22 mar (dpa) - El cierre de f\u00e1bricas y las restricciones a la producci\u00f3n dipuestas en la industria debido a la pandemia de coronavirus generar\u00e1n una importante ca\u00edda en el consumo de energ\u00eda el\u00e9ctrica en Alemania, estim\u00f3 hoy la Asociaci\u00f3n Alemana de Gesti\u00f3n de Energ\u00eda y Agua (BdEW). De acuerdo a esa informaci\u00f3n,\" \/>\n\t<meta name=\"robots\" content=\"max-image-preview:large\" \/>\n\t<meta name=\"author\" content=\"El Digital de Asturias\"\/>\n\t<meta name=\"google-site-verification\" content=\"UA-38556648-1\" \/>\n\t<meta name=\"msvalidate.01\" content=\"7dfe9f3f1b24437ab69f4f2559babe99\" \/>\n\t<meta name=\"keywords\" content=\"econom\u00eda\" \/>\n\t<link rel=\"canonical\" href=\"https:\/\/www.eldigitaldeasturias.com\/noticias\/covid-19-preven-una-fuerte-caida-del-consumo-electrico-en-alemania\/\" \/>\n\t<meta name=\"generator\" content=\"All in One SEO Pro (AIOSEO) 4.9.6.2\" \/>\n\t\t<meta property=\"og:locale\" content=\"es_ES\" \/>\n\t\t<meta property=\"og:site_name\" content=\"El Digital de Asturias\" \/>\n\t\t<meta property=\"og:type\" content=\"article\" \/>\n\t\t<meta property=\"og:title\" content=\"Covid-19: Prev\u00e9n una fuerte ca\u00edda del consumo el\u00e9ctrico en Alemania - El Digital de Asturias\" \/>\n\t\t<meta property=\"og:description\" content=\"Essen (Alemania), 22 mar (dpa) - El cierre de f\u00e1bricas y las restricciones a la producci\u00f3n dipuestas en la industria debido a la pandemia de coronavirus generar\u00e1n una importante ca\u00edda en el consumo de energ\u00eda el\u00e9ctrica en Alemania, estim\u00f3 hoy la Asociaci\u00f3n Alemana de Gesti\u00f3n de Energ\u00eda y Agua (BdEW). De acuerdo a esa informaci\u00f3n,\" \/>\n\t\t<meta property=\"og:url\" content=\"https:\/\/www.eldigitaldeasturias.com\/noticias\/covid-19-preven-una-fuerte-caida-del-consumo-electrico-en-alemania\/\" \/>\n\t\t<meta property=\"og:image\" content=\"https:\/\/www.eldigitaldeasturias.com\/noticias\/wp-content\/uploads\/2020\/03\/connection-4884862_640.jpg\" \/>\n\t\t<meta property=\"og:image:secure_url\" content=\"https:\/\/www.eldigitaldeasturias.com\/noticias\/wp-content\/uploads\/2020\/03\/connection-4884862_640.jpg\" \/>\n\t\t<meta property=\"og:image:width\" content=\"640\" \/>\n\t\t<meta property=\"og:image:height\" content=\"436\" \/>\n\t\t<meta property=\"article:tag\" content=\"econom\u00eda\" \/>\n\t\t<meta property=\"article:published_time\" content=\"2020-03-22T19:41:13+00:00\" \/>\n\t\t<meta property=\"article:modified_time\" content=\"2020-03-22T19:41:13+00:00\" \/>\n\t\t<meta property=\"article:publisher\" content=\"https:\/\/facebook.com\/eldigitaldeasturias\" \/>\n\t\t<meta name=\"twitter:card\" content=\"summary_large_image\" \/>\n\t\t<meta name=\"twitter:title\" content=\"Covid-19: Prev\u00e9n una fuerte ca\u00edda del consumo el\u00e9ctrico en Alemania - El Digital de Asturias\" \/>\n\t\t<meta name=\"twitter:description\" content=\"Essen (Alemania), 22 mar (dpa) - El cierre de f\u00e1bricas y las restricciones a la producci\u00f3n dipuestas en la industria debido a la pandemia de coronavirus generar\u00e1n una importante ca\u00edda en el consumo de energ\u00eda el\u00e9ctrica en Alemania, estim\u00f3 hoy la Asociaci\u00f3n Alemana de Gesti\u00f3n de Energ\u00eda y Agua (BdEW). De acuerdo a esa informaci\u00f3n,\" \/>\n\t\t<meta name=\"twitter:image\" content=\"https:\/\/www.eldigitaldeasturias.com\/noticias\/wp-content\/uploads\/2020\/03\/connection-4884862_640.jpg\" \/>\n\t\t<meta name=\"twitter:label1\" content=\"Escrito por\" \/>\n\t\t<meta name=\"twitter:data1\" content=\"El Digital de Asturias\" \/>\n\t\t<meta name=\"twitter:label2\" content=\"Tiempo de lectura estimado\" \/>\n\t\t<meta name=\"twitter:data2\" content=\"2 minutos\" \/>\n\t\t<script type=\"application\/ld+json\" class=\"aioseo-schema\">\n\t\t\t{\"@context\":\"https:\\\/\\\/schema.org\",\"@graph\":[{\"@type\":\"BlogPosting\",\"@id\":\"https:\\\/\\\/www.eldigitaldeasturias.com\\\/noticias\\\/covid-19-preven-una-fuerte-caida-del-consumo-electrico-en-alemania\\\/#blogposting\",\"name\":\"Covid-19: Prev\\u00e9n una fuerte ca\\u00edda del consumo el\\u00e9ctrico en Alemania - El Digital de Asturias\",\"headline\":\"Covid-19: Prev\\u00e9n una fuerte ca\\u00edda del consumo el\\u00e9ctrico en Alemania\",\"author\":{\"@id\":\"https:\\\/\\\/www.eldigitaldeasturias.com\\\/noticias\\\/author\\\/admin\\\/#author\"},\"publisher\":{\"@id\":\"https:\\\/\\\/www.eldigitaldeasturias.com\\\/noticias\\\/#organization\"},\"image\":{\"@type\":\"ImageObject\",\"url\":\"https:\\\/\\\/www.eldigitaldeasturias.com\\\/noticias\\\/wp-content\\\/uploads\\\/2020\\\/03\\\/connection-4884862_640.jpg\",\"width\":640,\"height\":436},\"datePublished\":\"2020-03-22T19:41:13+01:00\",\"dateModified\":\"2020-03-22T19:41:13+01:00\",\"inLanguage\":\"es-ES\",\"mainEntityOfPage\":{\"@id\":\"https:\\\/\\\/www.eldigitaldeasturias.com\\\/noticias\\\/covid-19-preven-una-fuerte-caida-del-consumo-electrico-en-alemania\\\/#webpage\"},\"isPartOf\":{\"@id\":\"https:\\\/\\\/www.eldigitaldeasturias.com\\\/noticias\\\/covid-19-preven-una-fuerte-caida-del-consumo-electrico-en-alemania\\\/#webpage\"},\"articleSection\":\"Econom\\u00eda\"},{\"@type\":\"BreadcrumbList\",\"@id\":\"https:\\\/\\\/www.eldigitaldeasturias.com\\\/noticias\\\/covid-19-preven-una-fuerte-caida-del-consumo-electrico-en-alemania\\\/#breadcrumblist\",\"itemListElement\":[{\"@type\":\"ListItem\",\"@id\":\"https:\\\/\\\/www.eldigitaldeasturias.com\\\/noticias#listItem\",\"position\":1,\"name\":\"Home\",\"item\":\"https:\\\/\\\/www.eldigitaldeasturias.com\\\/noticias\",\"nextItem\":{\"@type\":\"ListItem\",\"@id\":\"https:\\\/\\\/www.eldigitaldeasturias.com\\\/noticias\\\/category\\\/economia\\\/#listItem\",\"name\":\"Econom\\u00eda\"}},{\"@type\":\"ListItem\",\"@id\":\"https:\\\/\\\/www.eldigitaldeasturias.com\\\/noticias\\\/category\\\/economia\\\/#listItem\",\"position\":2,\"name\":\"Econom\\u00eda\",\"item\":\"https:\\\/\\\/www.eldigitaldeasturias.com\\\/noticias\\\/category\\\/economia\\\/\",\"nextItem\":{\"@type\":\"ListItem\",\"@id\":\"https:\\\/\\\/www.eldigitaldeasturias.com\\\/noticias\\\/covid-19-preven-una-fuerte-caida-del-consumo-electrico-en-alemania\\\/#listItem\",\"name\":\"Covid-19: Prev\\u00e9n una fuerte ca\\u00edda del consumo el\\u00e9ctrico en Alemania\"},\"previousItem\":{\"@type\":\"ListItem\",\"@id\":\"https:\\\/\\\/www.eldigitaldeasturias.com\\\/noticias#listItem\",\"name\":\"Home\"}},{\"@type\":\"ListItem\",\"@id\":\"https:\\\/\\\/www.eldigitaldeasturias.com\\\/noticias\\\/covid-19-preven-una-fuerte-caida-del-consumo-electrico-en-alemania\\\/#listItem\",\"position\":3,\"name\":\"Covid-19: Prev\\u00e9n una fuerte ca\\u00edda del consumo el\\u00e9ctrico en Alemania\",\"previousItem\":{\"@type\":\"ListItem\",\"@id\":\"https:\\\/\\\/www.eldigitaldeasturias.com\\\/noticias\\\/category\\\/economia\\\/#listItem\",\"name\":\"Econom\\u00eda\"}}]},{\"@type\":\"Organization\",\"@id\":\"https:\\\/\\\/www.eldigitaldeasturias.com\\\/noticias\\\/#organization\",\"name\":\"El Digital de Asturias\",\"description\":\"Hemeroteca\",\"url\":\"https:\\\/\\\/www.eldigitaldeasturias.com\\\/noticias\\\/\",\"email\":\"info@eldigitaldeasturias.com\",\"telephone\":\"+34652131393\",\"logo\":{\"@type\":\"ImageObject\",\"url\":\"https:\\\/\\\/www.eldigitaldeasturias.com\\\/noticias\\\/wp-content\\\/uploads\\\/2020\\\/12\\\/EDA.jpg\",\"@id\":\"https:\\\/\\\/www.eldigitaldeasturias.com\\\/noticias\\\/covid-19-preven-una-fuerte-caida-del-consumo-electrico-en-alemania\\\/#organizationLogo\",\"width\":649,\"height\":297},\"image\":{\"@id\":\"https:\\\/\\\/www.eldigitaldeasturias.com\\\/noticias\\\/covid-19-preven-una-fuerte-caida-del-consumo-electrico-en-alemania\\\/#organizationLogo\"},\"sameAs\":[\"https:\\\/\\\/facebook.com\\\/eldigitaldeasturias\",\"https:\\\/\\\/www.youtube.com\\\/channel\\\/UCZP-2wLEB9Rv6erhFmqVnvg\"],\"address\":{\"@id\":\"https:\\\/\\\/www.eldigitaldeasturias.com\\\/noticias\\\/#postaladdress\",\"@type\":\"PostalAddress\",\"streetAddress\":\"san antonio 4,\",\"postalCode\":\"33430\",\"addressLocality\":\"Cand\\u00e1s\",\"addressRegion\":\"Asturias\",\"addressCountry\":\"ES\"}},{\"@type\":\"Person\",\"@id\":\"https:\\\/\\\/www.eldigitaldeasturias.com\\\/noticias\\\/author\\\/admin\\\/#author\",\"url\":\"https:\\\/\\\/www.eldigitaldeasturias.com\\\/noticias\\\/author\\\/admin\\\/\",\"name\":\"El Digital de Asturias\",\"image\":{\"@type\":\"ImageObject\",\"@id\":\"https:\\\/\\\/www.eldigitaldeasturias.com\\\/noticias\\\/covid-19-preven-una-fuerte-caida-del-consumo-electrico-en-alemania\\\/#authorImage\",\"url\":\"https:\\\/\\\/www.eldigitaldeasturias.com\\\/noticias\\\/wp-content\\\/litespeed\\\/avatar\\\/18677e78aa0546b92d9dbf31ec7d7668.jpg?ver=1777290358\",\"width\":96,\"height\":96,\"caption\":\"El Digital de Asturias\"}},{\"@type\":\"WebPage\",\"@id\":\"https:\\\/\\\/www.eldigitaldeasturias.com\\\/noticias\\\/covid-19-preven-una-fuerte-caida-del-consumo-electrico-en-alemania\\\/#webpage\",\"url\":\"https:\\\/\\\/www.eldigitaldeasturias.com\\\/noticias\\\/covid-19-preven-una-fuerte-caida-del-consumo-electrico-en-alemania\\\/\",\"name\":\"Covid-19: Prev\\u00e9n una fuerte ca\\u00edda del consumo el\\u00e9ctrico en Alemania - El Digital de Asturias\",\"description\":\"Essen (Alemania), 22 mar (dpa) - El cierre de f\\u00e1bricas y las restricciones a la producci\\u00f3n dipuestas en la industria debido a la pandemia de coronavirus generar\\u00e1n una importante ca\\u00edda en el consumo de energ\\u00eda el\\u00e9ctrica en Alemania, estim\\u00f3 hoy la Asociaci\\u00f3n Alemana de Gesti\\u00f3n de Energ\\u00eda y Agua (BdEW). De acuerdo a esa informaci\\u00f3n,\",\"inLanguage\":\"es-ES\",\"isPartOf\":{\"@id\":\"https:\\\/\\\/www.eldigitaldeasturias.com\\\/noticias\\\/#website\"},\"breadcrumb\":{\"@id\":\"https:\\\/\\\/www.eldigitaldeasturias.com\\\/noticias\\\/covid-19-preven-una-fuerte-caida-del-consumo-electrico-en-alemania\\\/#breadcrumblist\"},\"author\":{\"@id\":\"https:\\\/\\\/www.eldigitaldeasturias.com\\\/noticias\\\/author\\\/admin\\\/#author\"},\"creator\":{\"@id\":\"https:\\\/\\\/www.eldigitaldeasturias.com\\\/noticias\\\/author\\\/admin\\\/#author\"},\"image\":{\"@type\":\"ImageObject\",\"url\":\"https:\\\/\\\/www.eldigitaldeasturias.com\\\/noticias\\\/wp-content\\\/uploads\\\/2020\\\/03\\\/connection-4884862_640.jpg\",\"@id\":\"https:\\\/\\\/www.eldigitaldeasturias.com\\\/noticias\\\/covid-19-preven-una-fuerte-caida-del-consumo-electrico-en-alemania\\\/#mainImage\",\"width\":640,\"height\":436},\"primaryImageOfPage\":{\"@id\":\"https:\\\/\\\/www.eldigitaldeasturias.com\\\/noticias\\\/covid-19-preven-una-fuerte-caida-del-consumo-electrico-en-alemania\\\/#mainImage\"},\"datePublished\":\"2020-03-22T19:41:13+01:00\",\"dateModified\":\"2020-03-22T19:41:13+01:00\"},{\"@type\":\"WebSite\",\"@id\":\"https:\\\/\\\/www.eldigitaldeasturias.com\\\/noticias\\\/#website\",\"url\":\"https:\\\/\\\/www.eldigitaldeasturias.com\\\/noticias\\\/\",\"name\":\"El Digital de Asturias - Diario de actualidad y noticias\",\"alternateName\":\"El Digital de Asturias - Diario de actualidad y noticias\",\"description\":\"Hemeroteca\",\"inLanguage\":\"es-ES\",\"publisher\":{\"@id\":\"https:\\\/\\\/www.eldigitaldeasturias.com\\\/noticias\\\/#organization\"}}]}\n\t\t<\/script>\n\t\t<!-- All in One SEO Pro -->\r\n\t\t<title>Covid-19: Prev\u00e9n una fuerte ca\u00edda del consumo el\u00e9ctrico en Alemania - El Digital de Asturias<\/title>\n\n","aioseo_head_json":{"title":"Covid-19: Prev\u00e9n una fuerte ca\u00edda del consumo el\u00e9ctrico en Alemania - El Digital de Asturias","description":"Essen (Alemania), 22 mar (dpa) - El cierre de f\u00e1bricas y las restricciones a la producci\u00f3n dipuestas en la industria debido a la pandemia de coronavirus generar\u00e1n una importante ca\u00edda en el consumo de energ\u00eda el\u00e9ctrica en Alemania, estim\u00f3 hoy la Asociaci\u00f3n Alemana de Gesti\u00f3n de Energ\u00eda y Agua (BdEW). De acuerdo a esa informaci\u00f3n,","canonical_url":"https:\/\/www.eldigitaldeasturias.com\/noticias\/covid-19-preven-una-fuerte-caida-del-consumo-electrico-en-alemania\/","robots":"max-image-preview:large","keywords":"econom\u00eda","webmasterTools":{"google-site-verification":"UA-38556648-1","msvalidate.01":"7dfe9f3f1b24437ab69f4f2559babe99","miscellaneous":""},"schema":{"@context":"https:\/\/schema.org","@graph":[{"@type":"BlogPosting","@id":"https:\/\/www.eldigitaldeasturias.com\/noticias\/covid-19-preven-una-fuerte-caida-del-consumo-electrico-en-alemania\/#blogposting","name":"Covid-19: Prev\u00e9n una fuerte ca\u00edda del consumo el\u00e9ctrico en Alemania - El Digital de Asturias","headline":"Covid-19: Prev\u00e9n una fuerte ca\u00edda del consumo el\u00e9ctrico en Alemania","author":{"@id":"https:\/\/www.eldigitaldeasturias.com\/noticias\/author\/admin\/#author"},"publisher":{"@id":"https:\/\/www.eldigitaldeasturias.com\/noticias\/#organization"},"image":{"@type":"ImageObject","url":"https:\/\/www.eldigitaldeasturias.com\/noticias\/wp-content\/uploads\/2020\/03\/connection-4884862_640.jpg","width":640,"height":436},"datePublished":"2020-03-22T19:41:13+01:00","dateModified":"2020-03-22T19:41:13+01:00","inLanguage":"es-ES","mainEntityOfPage":{"@id":"https:\/\/www.eldigitaldeasturias.com\/noticias\/covid-19-preven-una-fuerte-caida-del-consumo-electrico-en-alemania\/#webpage"},"isPartOf":{"@id":"https:\/\/www.eldigitaldeasturias.com\/noticias\/covid-19-preven-una-fuerte-caida-del-consumo-electrico-en-alemania\/#webpage"},"articleSection":"Econom\u00eda"},{"@type":"BreadcrumbList","@id":"https:\/\/www.eldigitaldeasturias.com\/noticias\/covid-19-preven-una-fuerte-caida-del-consumo-electrico-en-alemania\/#breadcrumblist","itemListElement":[{"@type":"ListItem","@id":"https:\/\/www.eldigitaldeasturias.com\/noticias#listItem","position":1,"name":"Home","item":"https:\/\/www.eldigitaldeasturias.com\/noticias","nextItem":{"@type":"ListItem","@id":"https:\/\/www.eldigitaldeasturias.com\/noticias\/category\/economia\/#listItem","name":"Econom\u00eda"}},{"@type":"ListItem","@id":"https:\/\/www.eldigitaldeasturias.com\/noticias\/category\/economia\/#listItem","position":2,"name":"Econom\u00eda","item":"https:\/\/www.eldigitaldeasturias.com\/noticias\/category\/economia\/","nextItem":{"@type":"ListItem","@id":"https:\/\/www.eldigitaldeasturias.com\/noticias\/covid-19-preven-una-fuerte-caida-del-consumo-electrico-en-alemania\/#listItem","name":"Covid-19: Prev\u00e9n una fuerte ca\u00edda del consumo el\u00e9ctrico en Alemania"},"previousItem":{"@type":"ListItem","@id":"https:\/\/www.eldigitaldeasturias.com\/noticias#listItem","name":"Home"}},{"@type":"ListItem","@id":"https:\/\/www.eldigitaldeasturias.com\/noticias\/covid-19-preven-una-fuerte-caida-del-consumo-electrico-en-alemania\/#listItem","position":3,"name":"Covid-19: Prev\u00e9n una fuerte ca\u00edda del consumo el\u00e9ctrico en Alemania","previousItem":{"@type":"ListItem","@id":"https:\/\/www.eldigitaldeasturias.com\/noticias\/category\/economia\/#listItem","name":"Econom\u00eda"}}]},{"@type":"Organization","@id":"https:\/\/www.eldigitaldeasturias.com\/noticias\/#organization","name":"El Digital de Asturias","description":"Hemeroteca","url":"https:\/\/www.eldigitaldeasturias.com\/noticias\/","email":"info@eldigitaldeasturias.com","telephone":"+34652131393","logo":{"@type":"ImageObject","url":"https:\/\/www.eldigitaldeasturias.com\/noticias\/wp-content\/uploads\/2020\/12\/EDA.jpg","@id":"https:\/\/www.eldigitaldeasturias.com\/noticias\/covid-19-preven-una-fuerte-caida-del-consumo-electrico-en-alemania\/#organizationLogo","width":649,"height":297},"image":{"@id":"https:\/\/www.eldigitaldeasturias.com\/noticias\/covid-19-preven-una-fuerte-caida-del-consumo-electrico-en-alemania\/#organizationLogo"},"sameAs":["https:\/\/facebook.com\/eldigitaldeasturias","https:\/\/www.youtube.com\/channel\/UCZP-2wLEB9Rv6erhFmqVnvg"],"address":{"@id":"https:\/\/www.eldigitaldeasturias.com\/noticias\/#postaladdress","@type":"PostalAddress","streetAddress":"san antonio 4,","postalCode":"33430","addressLocality":"Cand\u00e1s","addressRegion":"Asturias","addressCountry":"ES"}},{"@type":"Person","@id":"https:\/\/www.eldigitaldeasturias.com\/noticias\/author\/admin\/#author","url":"https:\/\/www.eldigitaldeasturias.com\/noticias\/author\/admin\/","name":"El Digital de Asturias","image":{"@type":"ImageObject","@id":"https:\/\/www.eldigitaldeasturias.com\/noticias\/covid-19-preven-una-fuerte-caida-del-consumo-electrico-en-alemania\/#authorImage","url":"https:\/\/www.eldigitaldeasturias.com\/noticias\/wp-content\/litespeed\/avatar\/18677e78aa0546b92d9dbf31ec7d7668.jpg?ver=1777290358","width":96,"height":96,"caption":"El Digital de Asturias"}},{"@type":"WebPage","@id":"https:\/\/www.eldigitaldeasturias.com\/noticias\/covid-19-preven-una-fuerte-caida-del-consumo-electrico-en-alemania\/#webpage","url":"https:\/\/www.eldigitaldeasturias.com\/noticias\/covid-19-preven-una-fuerte-caida-del-consumo-electrico-en-alemania\/","name":"Covid-19: Prev\u00e9n una fuerte ca\u00edda del consumo el\u00e9ctrico en Alemania - El Digital de Asturias","description":"Essen (Alemania), 22 mar (dpa) - El cierre de f\u00e1bricas y las restricciones a la producci\u00f3n dipuestas en la industria debido a la pandemia de coronavirus generar\u00e1n una importante ca\u00edda en el consumo de energ\u00eda el\u00e9ctrica en Alemania, estim\u00f3 hoy la Asociaci\u00f3n Alemana de Gesti\u00f3n de Energ\u00eda y Agua (BdEW). De acuerdo a esa informaci\u00f3n,","inLanguage":"es-ES","isPartOf":{"@id":"https:\/\/www.eldigitaldeasturias.com\/noticias\/#website"},"breadcrumb":{"@id":"https:\/\/www.eldigitaldeasturias.com\/noticias\/covid-19-preven-una-fuerte-caida-del-consumo-electrico-en-alemania\/#breadcrumblist"},"author":{"@id":"https:\/\/www.eldigitaldeasturias.com\/noticias\/author\/admin\/#author"},"creator":{"@id":"https:\/\/www.eldigitaldeasturias.com\/noticias\/author\/admin\/#author"},"image":{"@type":"ImageObject","url":"https:\/\/www.eldigitaldeasturias.com\/noticias\/wp-content\/uploads\/2020\/03\/connection-4884862_640.jpg","@id":"https:\/\/www.eldigitaldeasturias.com\/noticias\/covid-19-preven-una-fuerte-caida-del-consumo-electrico-en-alemania\/#mainImage","width":640,"height":436},"primaryImageOfPage":{"@id":"https:\/\/www.eldigitaldeasturias.com\/noticias\/covid-19-preven-una-fuerte-caida-del-consumo-electrico-en-alemania\/#mainImage"},"datePublished":"2020-03-22T19:41:13+01:00","dateModified":"2020-03-22T19:41:13+01:00"},{"@type":"WebSite","@id":"https:\/\/www.eldigitaldeasturias.com\/noticias\/#website","url":"https:\/\/www.eldigitaldeasturias.com\/noticias\/","name":"El Digital de Asturias - Diario de actualidad y noticias","alternateName":"El Digital de Asturias - Diario de actualidad y noticias","description":"Hemeroteca","inLanguage":"es-ES","publisher":{"@id":"https:\/\/www.eldigitaldeasturias.com\/noticias\/#organization"}}]},"og:locale":"es_ES","og:site_name":"El Digital de Asturias","og:type":"article","og:title":"Covid-19: Prev\u00e9n una fuerte ca\u00edda del consumo el\u00e9ctrico en Alemania - El Digital de Asturias","og:description":"Essen (Alemania), 22 mar (dpa) - El cierre de f\u00e1bricas y las restricciones a la producci\u00f3n dipuestas en la industria debido a la pandemia de coronavirus generar\u00e1n una importante ca\u00edda en el consumo de energ\u00eda el\u00e9ctrica en Alemania, estim\u00f3 hoy la Asociaci\u00f3n Alemana de Gesti\u00f3n de Energ\u00eda y Agua (BdEW). De acuerdo a esa informaci\u00f3n,","og:url":"https:\/\/www.eldigitaldeasturias.com\/noticias\/covid-19-preven-una-fuerte-caida-del-consumo-electrico-en-alemania\/","og:image":"https:\/\/www.eldigitaldeasturias.com\/noticias\/wp-content\/uploads\/2020\/03\/connection-4884862_640.jpg","og:image:secure_url":"https:\/\/www.eldigitaldeasturias.com\/noticias\/wp-content\/uploads\/2020\/03\/connection-4884862_640.jpg","og:image:width":640,"og:image:height":436,"article:tag":["econom\u00eda"],"article:published_time":"2020-03-22T19:41:13+00:00","article:modified_time":"2020-03-22T19:41:13+00:00","article:publisher":"https:\/\/facebook.com\/eldigitaldeasturias","twitter:card":"summary_large_image","twitter:title":"Covid-19: Prev\u00e9n una fuerte ca\u00edda del consumo el\u00e9ctrico en Alemania - El Digital de Asturias","twitter:description":"Essen (Alemania), 22 mar (dpa) - El cierre de f\u00e1bricas y las restricciones a la producci\u00f3n dipuestas en la industria debido a la pandemia de coronavirus generar\u00e1n una importante ca\u00edda en el consumo de energ\u00eda el\u00e9ctrica en Alemania, estim\u00f3 hoy la Asociaci\u00f3n Alemana de Gesti\u00f3n de Energ\u00eda y Agua (BdEW). De acuerdo a esa informaci\u00f3n,","twitter:image":"https:\/\/www.eldigitaldeasturias.com\/noticias\/wp-content\/uploads\/2020\/03\/connection-4884862_640.jpg","twitter:label1":"Escrito por","twitter:data1":"El Digital de Asturias","twitter:label2":"Tiempo de lectura estimado","twitter:data2":"2 minutos"},"aioseo_meta_data":{"post_id":"1061592","title":null,"description":null,"keywords":null,"keyphrases":null,"primary_term":null,"canonical_url":null,"og_title":null,"og_description":null,"og_object_type":"default","og_image_type":"default","og_image_url":null,"og_image_width":null,"og_image_height":null,"og_image_custom_url":null,"og_image_custom_fields":null,"og_video":null,"og_custom_url":null,"og_article_section":null,"og_article_tags":null,"twitter_use_og":false,"twitter_card":"default","twitter_image_type":"default","twitter_image_url":null,"twitter_image_custom_url":null,"twitter_image_custom_fields":null,"twitter_title":null,"twitter_description":null,"schema":{"blockGraphs":[],"customGraphs":[],"default":{"data":{"Article":[],"Course":[],"Dataset":[],"FAQPage":[],"Movie":[],"Person":[],"Product":[],"ProductReview":[],"Car":[],"Recipe":[],"Service":[],"SoftwareApplication":[],"WebPage":[]},"graphName":"","isEnabled":true},"graphs":[],"defaultGraph":"","defaultPostTypeGraph":""},"schema_type":null,"schema_type_options":null,"pillar_content":false,"robots_default":true,"robots_noindex":false,"robots_noarchive":false,"robots_nosnippet":false,"robots_nofollow":false,"robots_noimageindex":false,"robots_noodp":false,"robots_notranslate":false,"robots_max_snippet":null,"robots_max_videopreview":null,"robots_max_imagepreview":"large","priority":null,"frequency":null,"local_seo":null,"seo_analyzer_scan_date":"2025-10-31 16:05:26","breadcrumb_settings":null,"limit_modified_date":false,"open_ai":null,"ai":null,"created":"2020-12-21 10:53:25","updated":"2025-10-31 16:05:26"},"aioseo_breadcrumb":"<div class=\"aioseo-breadcrumbs\"><span class=\"aioseo-breadcrumb\">\n\t<a href=\"https:\/\/www.eldigitaldeasturias.com\/noticias\" title=\"Home\">Home<\/a>\n<\/span><span class=\"aioseo-breadcrumb-separator\">\u2013<\/span><span class=\"aioseo-breadcrumb\">\n\t<a href=\"https:\/\/www.eldigitaldeasturias.com\/noticias\/category\/economia\/\" title=\"Econom\u00eda\">Econom\u00eda<\/a>\n<\/span><span class=\"aioseo-breadcrumb-separator\">\u2013<\/span><span class=\"aioseo-breadcrumb\">\n\t<a href=\"https:\/\/www.eldigitaldeasturias.com\/noticias\/covid-19-preven-una-fuerte-caida-del-consumo-electrico-en-alemania\/\" title=\"Covid-19: Prev\u00e9n una fuerte ca\u00edda del consumo el\u00e9ctrico en Alemania\">Covid-19: Prev\u00e9n una fuerte ca\u00edda del consumo el\u00e9ctrico en Alemania<\/a>\n<\/span><\/div>","aioseo_breadcrumb_json":[{"label":"Home","link":"https:\/\/www.eldigitaldeasturias.com\/noticias"},{"label":"Econom\u00eda","link":"https:\/\/www.eldigitaldeasturias.com\/noticias\/category\/economia\/"},{"label":"Covid-19: Prev\u00e9n una fuerte ca\u00edda del consumo el\u00e9ctrico en Alemania","link":"https:\/\/www.eldigitaldeasturias.com\/noticias\/covid-19-preven-una-fuerte-caida-del-consumo-electrico-en-alemania\/"}],"_links":{"self":[{"href":"https:\/\/www.eldigitaldeasturias.com\/noticias\/wp-json\/wp\/v2\/posts\/1061592","targetHints":{"allow":["GET"]}}],"collection":[{"href":"https:\/\/www.eldigitaldeasturias.com\/noticias\/wp-json\/wp\/v2\/posts"}],"about":[{"href":"https:\/\/www.eldigitaldeasturias.com\/noticias\/wp-json\/wp\/v2\/types\/post"}],"author":[{"embeddable":true,"href":"https:\/\/www.eldigitaldeasturias.com\/noticias\/wp-json\/wp\/v2\/users\/1"}],"replies":[{"embeddable":true,"href":"https:\/\/www.eldigitaldeasturias.com\/noticias\/wp-json\/wp\/v2\/comments?post=1061592"}],"version-history":[{"count":0,"href":"https:\/\/www.eldigitaldeasturias.com\/noticias\/wp-json\/wp\/v2\/posts\/1061592\/revisions"}],"wp:featuredmedia":[{"embeddable":true,"href":"https:\/\/www.eldigitaldeasturias.com\/noticias\/wp-json\/wp\/v2\/media\/1060632"}],"wp:attachment":[{"href":"https:\/\/www.eldigitaldeasturias.com\/noticias\/wp-json\/wp\/v2\/media?parent=1061592"}],"wp:term":[{"taxonomy":"category","embeddable":true,"href":"https:\/\/www.eldigitaldeasturias.com\/noticias\/wp-json\/wp\/v2\/categories?post=1061592"},{"taxonomy":"post_tag","embeddable":true,"href":"https:\/\/www.eldigitaldeasturias.com\/noticias\/wp-json\/wp\/v2\/tags?post=1061592"}],"curies":[{"name":"wp","href":"https:\/\/api.w.org\/{rel}","templated":true}]}}