{"id":1061490,"date":"2020-03-22T01:29:20","date_gmt":"2020-03-22T01:29:20","guid":{"rendered":"https:\/\/www.eldigitaldeasturias.com\/noticias\/?p=1061490"},"modified":"2020-03-22T01:29:20","modified_gmt":"2020-03-22T01:29:20","slug":"prorrogado-el-plazo-para-presentar-la-solicitud-unica-de-ayudas-de-la-pac-2020","status":"publish","type":"post","link":"https:\/\/www.eldigitaldeasturias.com\/noticias\/prorrogado-el-plazo-para-presentar-la-solicitud-unica-de-ayudas-de-la-pac-2020\/","title":{"rendered":"Prorrogado el plazo para presentar la solicitud \u00fanica de ayudas de la PAC 2020"},"content":{"rendered":"<p><img loading=\"lazy\" decoding=\"async\" class=\"alignleft size-medium wp-image-1061491\" src=\"https:\/\/www.eldigitaldeasturias.com\/noticias\/wp-content\/uploads\/2020\/03\/110219-campo-360x239.jpg\" alt=\"\" width=\"360\" height=\"239\" srcset=\"https:\/\/www.eldigitaldeasturias.com\/noticias\/wp-content\/uploads\/2020\/03\/110219-campo-360x239.jpg 360w, https:\/\/www.eldigitaldeasturias.com\/noticias\/wp-content\/uploads\/2020\/03\/110219-campo-452x300.jpg 452w, https:\/\/www.eldigitaldeasturias.com\/noticias\/wp-content\/uploads\/2020\/03\/110219-campo.jpg 512w\" sizes=\"auto, (max-width: 360px) 100vw, 360px\" \/>El Bolet\u00edn Oficial del Estado (BOE) ha publicado el s\u00e1bado, una orden firmada por el ministro de Agricultura, Pesca y Alimentaci\u00f3n, Luis Planas, por la que<strong> se ampl\u00eda en toda Espa\u00f1a, hasta el 15 de mayo, el plazo de presentaci\u00f3n de la solicitud \u00fanica de los pagos directos a la agricultura y ganader\u00eda para el a\u00f1o 2020<\/strong>.<\/p>\n<p>Este plazo se inici\u00f3 el 1 de febrero y su finalizaci\u00f3n estaba prevista para el pr\u00f3ximo 30 de abril. Sin embargo, con la publicaci\u00f3n del Real Decreto por el que se ha declarado el Estado de Alarma para la gesti\u00f3n de la situaci\u00f3n de crisis sanitaria ocasionada por el COVID-19, las restricciones al movimiento de las personas dificultan el proceso de presentaci\u00f3n de la solicitud \u00fanica.<\/p>\n<p>Para facilitar a agricultores y ganaderos la presentaci\u00f3n de su solicitud \u00fanica de la PAC en la actual circunstancia, el Ministerio de Agricultura, Pesca y Alimentaci\u00f3n ha decidido alargar quince d\u00edas el periodo de presentaci\u00f3n. Seg\u00fan el ministro de Agricultura, Pesca y Alimentaci\u00f3n, Luis Planas, se trata de una medida que<strong> \u00abdar\u00e1 mayor tranquilidad a los beneficiarios de la PAC\u00bb<\/strong>, a la espera de que la Comisi\u00f3n Europea desarrolle, a petici\u00f3n de Espa\u00f1a y otros pa\u00edses, el reglamento comunitario que lo prorrogar\u00e1 hasta el 15 de junio.<\/p>\n<p>Una vez se publique este reglamento, en Espa\u00f1a se tomaran las medidas necesarias para prorrogar el plazo hasta dicha fecha en funci\u00f3n de la evoluci\u00f3n del estado de alarma.<\/p>\n<h3>Presentaci\u00f3n telem\u00e1tica<\/h3>\n<p>El Fondo Espa\u00f1ol de Garant\u00eda Agraria (FEGA), junto a las autonom\u00edas, impulsa los procesos de presentaci\u00f3n telem\u00e1tica de la solicitud \u00fanica y promueve alternativas para aprovechar los mecanismos tecnol\u00f3gicos para que su presentaci\u00f3n y gesti\u00f3n se realice con normalidad, a pesar de la restricci\u00f3n en los desplazamientos.<\/p>\n<p>La presentaci\u00f3n telem\u00e1tica de la solicitud la puede realizar o directamente el beneficiario o a trav\u00e9s de entidades colaboradoras. Las autoridades competentes de las autonom\u00edas proporcionar\u00e1n las instrucciones necesarias. Mediante citas telef\u00f3nicas o cualquier otra v\u00eda de comunicaci\u00f3n fijada por cada CCAA, los beneficiarios contar\u00e1n con asistencia de organizaciones agrarias, entidades financieras, oficinas comarcales, etc. para realizar el tr\u00e1mite en plazo.<\/p>\n<p>Se tomar\u00e1n las medidas necesarias para que este proceso de captura telem\u00e1tica sea lo m\u00e1s \u00e1gil posible, si bien existen alternativas para realizar una modificaci\u00f3n posterior. En caso de no poder cumplimentar todos los datos requeridos, podr\u00e1n completarse o corregirse con posterioridad. As\u00ed, se garantizar\u00e1 que las solicitudes cuentan con toda la informaci\u00f3n necesaria para que los procesos de gesti\u00f3n y pago se desarrollen con total normalidad.<\/p>\n<p>Con todos estos mecanismos, el Gobierno busca que todos los agricultores y ganaderos de Espa\u00f1a puedan presentar su solicitud \u00fanica de ayudas de la PAC 2020 sin problemas y que empiece el proceso para que el futuro cobro de estas ayudas se produzca en los plazos habituales.<\/p>\n<p>&nbsp;<\/p>\n","protected":false},"excerpt":{"rendered":"<p>El Bolet\u00edn Oficial del Estado (BOE) ha publicado el s\u00e1bado, una orden firmada por el ministro de Agricultura, Pesca y Alimentaci\u00f3n, Luis Planas, por la que se ampl\u00eda en toda Espa\u00f1a, hasta el 15 de mayo, el plazo de presentaci\u00f3n de la solicitud \u00fanica de los pagos directos a la agricultura y ganader\u00eda para el [&hellip;]<\/p>\n","protected":false},"author":1,"featured_media":1061491,"comment_status":"closed","ping_status":"closed","sticky":false,"template":"","format":"standard","meta":{"footnotes":""},"categories":[187],"tags":[],"class_list":["post-1061490","post","type-post","status-publish","format-standard","has-post-thumbnail","hentry","category-economia"],"aioseo_notices":[],"aioseo_head":"\n\t\t<!-- All in One SEO Pro 4.9.6.2 - aioseo.com -->\n\t<meta name=\"description\" content=\"El Bolet\u00edn Oficial del Estado (BOE) ha publicado el s\u00e1bado, una orden firmada por el ministro de Agricultura, Pesca y Alimentaci\u00f3n, Luis Planas, por la que se ampl\u00eda en toda Espa\u00f1a, hasta el 15 de mayo, el plazo de presentaci\u00f3n de la solicitud \u00fanica de los pagos directos a la agricultura y ganader\u00eda para el\" \/>\n\t<meta name=\"robots\" content=\"max-image-preview:large\" \/>\n\t<meta name=\"author\" content=\"El Digital de Asturias\"\/>\n\t<meta name=\"google-site-verification\" content=\"UA-38556648-1\" \/>\n\t<meta name=\"msvalidate.01\" content=\"7dfe9f3f1b24437ab69f4f2559babe99\" \/>\n\t<meta name=\"keywords\" content=\"econom\u00eda\" \/>\n\t<link rel=\"canonical\" href=\"https:\/\/www.eldigitaldeasturias.com\/noticias\/prorrogado-el-plazo-para-presentar-la-solicitud-unica-de-ayudas-de-la-pac-2020\/\" \/>\n\t<meta name=\"generator\" content=\"All in One SEO Pro (AIOSEO) 4.9.6.2\" \/>\n\t\t<meta property=\"og:locale\" content=\"es_ES\" \/>\n\t\t<meta property=\"og:site_name\" content=\"El Digital de Asturias\" \/>\n\t\t<meta property=\"og:type\" content=\"article\" \/>\n\t\t<meta property=\"og:title\" content=\"Prorrogado el plazo para presentar la solicitud \u00fanica de ayudas de la PAC 2020 - El Digital de Asturias\" \/>\n\t\t<meta property=\"og:description\" content=\"El Bolet\u00edn Oficial del Estado (BOE) ha publicado el s\u00e1bado, una orden firmada por el ministro de Agricultura, Pesca y Alimentaci\u00f3n, Luis Planas, por la que se ampl\u00eda en toda Espa\u00f1a, hasta el 15 de mayo, el plazo de presentaci\u00f3n de la solicitud \u00fanica de los pagos directos a la agricultura y ganader\u00eda para el\" \/>\n\t\t<meta property=\"og:url\" content=\"https:\/\/www.eldigitaldeasturias.com\/noticias\/prorrogado-el-plazo-para-presentar-la-solicitud-unica-de-ayudas-de-la-pac-2020\/\" \/>\n\t\t<meta property=\"og:image\" content=\"https:\/\/www.eldigitaldeasturias.com\/noticias\/wp-content\/uploads\/2020\/03\/110219-campo.jpg\" \/>\n\t\t<meta property=\"og:image:secure_url\" content=\"https:\/\/www.eldigitaldeasturias.com\/noticias\/wp-content\/uploads\/2020\/03\/110219-campo.jpg\" \/>\n\t\t<meta property=\"og:image:width\" content=\"512\" \/>\n\t\t<meta property=\"og:image:height\" content=\"340\" \/>\n\t\t<meta property=\"article:tag\" content=\"econom\u00eda\" \/>\n\t\t<meta property=\"article:published_time\" content=\"2020-03-22T01:29:20+00:00\" \/>\n\t\t<meta property=\"article:modified_time\" content=\"2020-03-22T01:29:20+00:00\" \/>\n\t\t<meta property=\"article:publisher\" content=\"https:\/\/facebook.com\/eldigitaldeasturias\" \/>\n\t\t<meta name=\"twitter:card\" content=\"summary_large_image\" \/>\n\t\t<meta name=\"twitter:title\" content=\"Prorrogado el plazo para presentar la solicitud \u00fanica de ayudas de la PAC 2020 - El Digital de Asturias\" \/>\n\t\t<meta name=\"twitter:description\" content=\"El Bolet\u00edn Oficial del Estado (BOE) ha publicado el s\u00e1bado, una orden firmada por el ministro de Agricultura, Pesca y Alimentaci\u00f3n, Luis Planas, por la que se ampl\u00eda en toda Espa\u00f1a, hasta el 15 de mayo, el plazo de presentaci\u00f3n de la solicitud \u00fanica de los pagos directos a la agricultura y ganader\u00eda para el\" \/>\n\t\t<meta name=\"twitter:image\" content=\"https:\/\/www.eldigitaldeasturias.com\/noticias\/wp-content\/uploads\/2020\/03\/110219-campo.jpg\" \/>\n\t\t<meta name=\"twitter:label1\" content=\"Escrito por\" \/>\n\t\t<meta name=\"twitter:data1\" content=\"El Digital de Asturias\" \/>\n\t\t<meta name=\"twitter:label2\" content=\"Tiempo de lectura estimado\" \/>\n\t\t<meta name=\"twitter:data2\" content=\"3 minutos\" \/>\n\t\t<script type=\"application\/ld+json\" class=\"aioseo-schema\">\n\t\t\t{\"@context\":\"https:\\\/\\\/schema.org\",\"@graph\":[{\"@type\":\"BlogPosting\",\"@id\":\"https:\\\/\\\/www.eldigitaldeasturias.com\\\/noticias\\\/prorrogado-el-plazo-para-presentar-la-solicitud-unica-de-ayudas-de-la-pac-2020\\\/#blogposting\",\"name\":\"Prorrogado el plazo para presentar la solicitud \\u00fanica de ayudas de la PAC 2020 - El Digital de Asturias\",\"headline\":\"Prorrogado el plazo para presentar la solicitud \\u00fanica de ayudas de la PAC 2020\",\"author\":{\"@id\":\"https:\\\/\\\/www.eldigitaldeasturias.com\\\/noticias\\\/author\\\/admin\\\/#author\"},\"publisher\":{\"@id\":\"https:\\\/\\\/www.eldigitaldeasturias.com\\\/noticias\\\/#organization\"},\"image\":{\"@type\":\"ImageObject\",\"url\":\"https:\\\/\\\/www.eldigitaldeasturias.com\\\/noticias\\\/wp-content\\\/uploads\\\/2020\\\/03\\\/110219-campo.jpg\",\"width\":512,\"height\":340},\"datePublished\":\"2020-03-22T01:29:20+01:00\",\"dateModified\":\"2020-03-22T01:29:20+01:00\",\"inLanguage\":\"es-ES\",\"mainEntityOfPage\":{\"@id\":\"https:\\\/\\\/www.eldigitaldeasturias.com\\\/noticias\\\/prorrogado-el-plazo-para-presentar-la-solicitud-unica-de-ayudas-de-la-pac-2020\\\/#webpage\"},\"isPartOf\":{\"@id\":\"https:\\\/\\\/www.eldigitaldeasturias.com\\\/noticias\\\/prorrogado-el-plazo-para-presentar-la-solicitud-unica-de-ayudas-de-la-pac-2020\\\/#webpage\"},\"articleSection\":\"Econom\\u00eda\"},{\"@type\":\"BreadcrumbList\",\"@id\":\"https:\\\/\\\/www.eldigitaldeasturias.com\\\/noticias\\\/prorrogado-el-plazo-para-presentar-la-solicitud-unica-de-ayudas-de-la-pac-2020\\\/#breadcrumblist\",\"itemListElement\":[{\"@type\":\"ListItem\",\"@id\":\"https:\\\/\\\/www.eldigitaldeasturias.com\\\/noticias#listItem\",\"position\":1,\"name\":\"Home\",\"item\":\"https:\\\/\\\/www.eldigitaldeasturias.com\\\/noticias\",\"nextItem\":{\"@type\":\"ListItem\",\"@id\":\"https:\\\/\\\/www.eldigitaldeasturias.com\\\/noticias\\\/category\\\/economia\\\/#listItem\",\"name\":\"Econom\\u00eda\"}},{\"@type\":\"ListItem\",\"@id\":\"https:\\\/\\\/www.eldigitaldeasturias.com\\\/noticias\\\/category\\\/economia\\\/#listItem\",\"position\":2,\"name\":\"Econom\\u00eda\",\"item\":\"https:\\\/\\\/www.eldigitaldeasturias.com\\\/noticias\\\/category\\\/economia\\\/\",\"nextItem\":{\"@type\":\"ListItem\",\"@id\":\"https:\\\/\\\/www.eldigitaldeasturias.com\\\/noticias\\\/prorrogado-el-plazo-para-presentar-la-solicitud-unica-de-ayudas-de-la-pac-2020\\\/#listItem\",\"name\":\"Prorrogado el plazo para presentar la solicitud \\u00fanica de ayudas de la PAC 2020\"},\"previousItem\":{\"@type\":\"ListItem\",\"@id\":\"https:\\\/\\\/www.eldigitaldeasturias.com\\\/noticias#listItem\",\"name\":\"Home\"}},{\"@type\":\"ListItem\",\"@id\":\"https:\\\/\\\/www.eldigitaldeasturias.com\\\/noticias\\\/prorrogado-el-plazo-para-presentar-la-solicitud-unica-de-ayudas-de-la-pac-2020\\\/#listItem\",\"position\":3,\"name\":\"Prorrogado el plazo para presentar la solicitud \\u00fanica de ayudas de la PAC 2020\",\"previousItem\":{\"@type\":\"ListItem\",\"@id\":\"https:\\\/\\\/www.eldigitaldeasturias.com\\\/noticias\\\/category\\\/economia\\\/#listItem\",\"name\":\"Econom\\u00eda\"}}]},{\"@type\":\"Organization\",\"@id\":\"https:\\\/\\\/www.eldigitaldeasturias.com\\\/noticias\\\/#organization\",\"name\":\"El Digital de Asturias\",\"description\":\"Hemeroteca\",\"url\":\"https:\\\/\\\/www.eldigitaldeasturias.com\\\/noticias\\\/\",\"email\":\"info@eldigitaldeasturias.com\",\"telephone\":\"+34652131393\",\"logo\":{\"@type\":\"ImageObject\",\"url\":\"https:\\\/\\\/www.eldigitaldeasturias.com\\\/noticias\\\/wp-content\\\/uploads\\\/2020\\\/12\\\/EDA.jpg\",\"@id\":\"https:\\\/\\\/www.eldigitaldeasturias.com\\\/noticias\\\/prorrogado-el-plazo-para-presentar-la-solicitud-unica-de-ayudas-de-la-pac-2020\\\/#organizationLogo\",\"width\":649,\"height\":297},\"image\":{\"@id\":\"https:\\\/\\\/www.eldigitaldeasturias.com\\\/noticias\\\/prorrogado-el-plazo-para-presentar-la-solicitud-unica-de-ayudas-de-la-pac-2020\\\/#organizationLogo\"},\"sameAs\":[\"https:\\\/\\\/facebook.com\\\/eldigitaldeasturias\",\"https:\\\/\\\/www.youtube.com\\\/channel\\\/UCZP-2wLEB9Rv6erhFmqVnvg\"],\"address\":{\"@id\":\"https:\\\/\\\/www.eldigitaldeasturias.com\\\/noticias\\\/#postaladdress\",\"@type\":\"PostalAddress\",\"streetAddress\":\"san antonio 4,\",\"postalCode\":\"33430\",\"addressLocality\":\"Cand\\u00e1s\",\"addressRegion\":\"Asturias\",\"addressCountry\":\"ES\"}},{\"@type\":\"Person\",\"@id\":\"https:\\\/\\\/www.eldigitaldeasturias.com\\\/noticias\\\/author\\\/admin\\\/#author\",\"url\":\"https:\\\/\\\/www.eldigitaldeasturias.com\\\/noticias\\\/author\\\/admin\\\/\",\"name\":\"El Digital de Asturias\",\"image\":{\"@type\":\"ImageObject\",\"@id\":\"https:\\\/\\\/www.eldigitaldeasturias.com\\\/noticias\\\/prorrogado-el-plazo-para-presentar-la-solicitud-unica-de-ayudas-de-la-pac-2020\\\/#authorImage\",\"url\":\"https:\\\/\\\/www.eldigitaldeasturias.com\\\/noticias\\\/wp-content\\\/litespeed\\\/avatar\\\/18677e78aa0546b92d9dbf31ec7d7668.jpg?ver=1777290358\",\"width\":96,\"height\":96,\"caption\":\"El Digital de Asturias\"}},{\"@type\":\"WebPage\",\"@id\":\"https:\\\/\\\/www.eldigitaldeasturias.com\\\/noticias\\\/prorrogado-el-plazo-para-presentar-la-solicitud-unica-de-ayudas-de-la-pac-2020\\\/#webpage\",\"url\":\"https:\\\/\\\/www.eldigitaldeasturias.com\\\/noticias\\\/prorrogado-el-plazo-para-presentar-la-solicitud-unica-de-ayudas-de-la-pac-2020\\\/\",\"name\":\"Prorrogado el plazo para presentar la solicitud \\u00fanica de ayudas de la PAC 2020 - El Digital de Asturias\",\"description\":\"El Bolet\\u00edn Oficial del Estado (BOE) ha publicado el s\\u00e1bado, una orden firmada por el ministro de Agricultura, Pesca y Alimentaci\\u00f3n, Luis Planas, por la que se ampl\\u00eda en toda Espa\\u00f1a, hasta el 15 de mayo, el plazo de presentaci\\u00f3n de la solicitud \\u00fanica de los pagos directos a la agricultura y ganader\\u00eda para el\",\"inLanguage\":\"es-ES\",\"isPartOf\":{\"@id\":\"https:\\\/\\\/www.eldigitaldeasturias.com\\\/noticias\\\/#website\"},\"breadcrumb\":{\"@id\":\"https:\\\/\\\/www.eldigitaldeasturias.com\\\/noticias\\\/prorrogado-el-plazo-para-presentar-la-solicitud-unica-de-ayudas-de-la-pac-2020\\\/#breadcrumblist\"},\"author\":{\"@id\":\"https:\\\/\\\/www.eldigitaldeasturias.com\\\/noticias\\\/author\\\/admin\\\/#author\"},\"creator\":{\"@id\":\"https:\\\/\\\/www.eldigitaldeasturias.com\\\/noticias\\\/author\\\/admin\\\/#author\"},\"image\":{\"@type\":\"ImageObject\",\"url\":\"https:\\\/\\\/www.eldigitaldeasturias.com\\\/noticias\\\/wp-content\\\/uploads\\\/2020\\\/03\\\/110219-campo.jpg\",\"@id\":\"https:\\\/\\\/www.eldigitaldeasturias.com\\\/noticias\\\/prorrogado-el-plazo-para-presentar-la-solicitud-unica-de-ayudas-de-la-pac-2020\\\/#mainImage\",\"width\":512,\"height\":340},\"primaryImageOfPage\":{\"@id\":\"https:\\\/\\\/www.eldigitaldeasturias.com\\\/noticias\\\/prorrogado-el-plazo-para-presentar-la-solicitud-unica-de-ayudas-de-la-pac-2020\\\/#mainImage\"},\"datePublished\":\"2020-03-22T01:29:20+01:00\",\"dateModified\":\"2020-03-22T01:29:20+01:00\"},{\"@type\":\"WebSite\",\"@id\":\"https:\\\/\\\/www.eldigitaldeasturias.com\\\/noticias\\\/#website\",\"url\":\"https:\\\/\\\/www.eldigitaldeasturias.com\\\/noticias\\\/\",\"name\":\"El Digital de Asturias - Diario de actualidad y noticias\",\"alternateName\":\"El Digital de Asturias - Diario de actualidad y noticias\",\"description\":\"Hemeroteca\",\"inLanguage\":\"es-ES\",\"publisher\":{\"@id\":\"https:\\\/\\\/www.eldigitaldeasturias.com\\\/noticias\\\/#organization\"}}]}\n\t\t<\/script>\n\t\t<!-- All in One SEO Pro -->\r\n\t\t<title>Prorrogado el plazo para presentar la solicitud \u00fanica de ayudas de la PAC 2020 - El Digital de Asturias<\/title>\n\n","aioseo_head_json":{"title":"Prorrogado el plazo para presentar la solicitud \u00fanica de ayudas de la PAC 2020 - El Digital de Asturias","description":"El Bolet\u00edn Oficial del Estado (BOE) ha publicado el s\u00e1bado, una orden firmada por el ministro de Agricultura, Pesca y Alimentaci\u00f3n, Luis Planas, por la que se ampl\u00eda en toda Espa\u00f1a, hasta el 15 de mayo, el plazo de presentaci\u00f3n de la solicitud \u00fanica de los pagos directos a la agricultura y ganader\u00eda para el","canonical_url":"https:\/\/www.eldigitaldeasturias.com\/noticias\/prorrogado-el-plazo-para-presentar-la-solicitud-unica-de-ayudas-de-la-pac-2020\/","robots":"max-image-preview:large","keywords":"econom\u00eda","webmasterTools":{"google-site-verification":"UA-38556648-1","msvalidate.01":"7dfe9f3f1b24437ab69f4f2559babe99","miscellaneous":""},"schema":{"@context":"https:\/\/schema.org","@graph":[{"@type":"BlogPosting","@id":"https:\/\/www.eldigitaldeasturias.com\/noticias\/prorrogado-el-plazo-para-presentar-la-solicitud-unica-de-ayudas-de-la-pac-2020\/#blogposting","name":"Prorrogado el plazo para presentar la solicitud \u00fanica de ayudas de la PAC 2020 - El Digital de Asturias","headline":"Prorrogado el plazo para presentar la solicitud \u00fanica de ayudas de la PAC 2020","author":{"@id":"https:\/\/www.eldigitaldeasturias.com\/noticias\/author\/admin\/#author"},"publisher":{"@id":"https:\/\/www.eldigitaldeasturias.com\/noticias\/#organization"},"image":{"@type":"ImageObject","url":"https:\/\/www.eldigitaldeasturias.com\/noticias\/wp-content\/uploads\/2020\/03\/110219-campo.jpg","width":512,"height":340},"datePublished":"2020-03-22T01:29:20+01:00","dateModified":"2020-03-22T01:29:20+01:00","inLanguage":"es-ES","mainEntityOfPage":{"@id":"https:\/\/www.eldigitaldeasturias.com\/noticias\/prorrogado-el-plazo-para-presentar-la-solicitud-unica-de-ayudas-de-la-pac-2020\/#webpage"},"isPartOf":{"@id":"https:\/\/www.eldigitaldeasturias.com\/noticias\/prorrogado-el-plazo-para-presentar-la-solicitud-unica-de-ayudas-de-la-pac-2020\/#webpage"},"articleSection":"Econom\u00eda"},{"@type":"BreadcrumbList","@id":"https:\/\/www.eldigitaldeasturias.com\/noticias\/prorrogado-el-plazo-para-presentar-la-solicitud-unica-de-ayudas-de-la-pac-2020\/#breadcrumblist","itemListElement":[{"@type":"ListItem","@id":"https:\/\/www.eldigitaldeasturias.com\/noticias#listItem","position":1,"name":"Home","item":"https:\/\/www.eldigitaldeasturias.com\/noticias","nextItem":{"@type":"ListItem","@id":"https:\/\/www.eldigitaldeasturias.com\/noticias\/category\/economia\/#listItem","name":"Econom\u00eda"}},{"@type":"ListItem","@id":"https:\/\/www.eldigitaldeasturias.com\/noticias\/category\/economia\/#listItem","position":2,"name":"Econom\u00eda","item":"https:\/\/www.eldigitaldeasturias.com\/noticias\/category\/economia\/","nextItem":{"@type":"ListItem","@id":"https:\/\/www.eldigitaldeasturias.com\/noticias\/prorrogado-el-plazo-para-presentar-la-solicitud-unica-de-ayudas-de-la-pac-2020\/#listItem","name":"Prorrogado el plazo para presentar la solicitud \u00fanica de ayudas de la PAC 2020"},"previousItem":{"@type":"ListItem","@id":"https:\/\/www.eldigitaldeasturias.com\/noticias#listItem","name":"Home"}},{"@type":"ListItem","@id":"https:\/\/www.eldigitaldeasturias.com\/noticias\/prorrogado-el-plazo-para-presentar-la-solicitud-unica-de-ayudas-de-la-pac-2020\/#listItem","position":3,"name":"Prorrogado el plazo para presentar la solicitud \u00fanica de ayudas de la PAC 2020","previousItem":{"@type":"ListItem","@id":"https:\/\/www.eldigitaldeasturias.com\/noticias\/category\/economia\/#listItem","name":"Econom\u00eda"}}]},{"@type":"Organization","@id":"https:\/\/www.eldigitaldeasturias.com\/noticias\/#organization","name":"El Digital de Asturias","description":"Hemeroteca","url":"https:\/\/www.eldigitaldeasturias.com\/noticias\/","email":"info@eldigitaldeasturias.com","telephone":"+34652131393","logo":{"@type":"ImageObject","url":"https:\/\/www.eldigitaldeasturias.com\/noticias\/wp-content\/uploads\/2020\/12\/EDA.jpg","@id":"https:\/\/www.eldigitaldeasturias.com\/noticias\/prorrogado-el-plazo-para-presentar-la-solicitud-unica-de-ayudas-de-la-pac-2020\/#organizationLogo","width":649,"height":297},"image":{"@id":"https:\/\/www.eldigitaldeasturias.com\/noticias\/prorrogado-el-plazo-para-presentar-la-solicitud-unica-de-ayudas-de-la-pac-2020\/#organizationLogo"},"sameAs":["https:\/\/facebook.com\/eldigitaldeasturias","https:\/\/www.youtube.com\/channel\/UCZP-2wLEB9Rv6erhFmqVnvg"],"address":{"@id":"https:\/\/www.eldigitaldeasturias.com\/noticias\/#postaladdress","@type":"PostalAddress","streetAddress":"san antonio 4,","postalCode":"33430","addressLocality":"Cand\u00e1s","addressRegion":"Asturias","addressCountry":"ES"}},{"@type":"Person","@id":"https:\/\/www.eldigitaldeasturias.com\/noticias\/author\/admin\/#author","url":"https:\/\/www.eldigitaldeasturias.com\/noticias\/author\/admin\/","name":"El Digital de Asturias","image":{"@type":"ImageObject","@id":"https:\/\/www.eldigitaldeasturias.com\/noticias\/prorrogado-el-plazo-para-presentar-la-solicitud-unica-de-ayudas-de-la-pac-2020\/#authorImage","url":"https:\/\/www.eldigitaldeasturias.com\/noticias\/wp-content\/litespeed\/avatar\/18677e78aa0546b92d9dbf31ec7d7668.jpg?ver=1777290358","width":96,"height":96,"caption":"El Digital de Asturias"}},{"@type":"WebPage","@id":"https:\/\/www.eldigitaldeasturias.com\/noticias\/prorrogado-el-plazo-para-presentar-la-solicitud-unica-de-ayudas-de-la-pac-2020\/#webpage","url":"https:\/\/www.eldigitaldeasturias.com\/noticias\/prorrogado-el-plazo-para-presentar-la-solicitud-unica-de-ayudas-de-la-pac-2020\/","name":"Prorrogado el plazo para presentar la solicitud \u00fanica de ayudas de la PAC 2020 - El Digital de Asturias","description":"El Bolet\u00edn Oficial del Estado (BOE) ha publicado el s\u00e1bado, una orden firmada por el ministro de Agricultura, Pesca y Alimentaci\u00f3n, Luis Planas, por la que se ampl\u00eda en toda Espa\u00f1a, hasta el 15 de mayo, el plazo de presentaci\u00f3n de la solicitud \u00fanica de los pagos directos a la agricultura y ganader\u00eda para el","inLanguage":"es-ES","isPartOf":{"@id":"https:\/\/www.eldigitaldeasturias.com\/noticias\/#website"},"breadcrumb":{"@id":"https:\/\/www.eldigitaldeasturias.com\/noticias\/prorrogado-el-plazo-para-presentar-la-solicitud-unica-de-ayudas-de-la-pac-2020\/#breadcrumblist"},"author":{"@id":"https:\/\/www.eldigitaldeasturias.com\/noticias\/author\/admin\/#author"},"creator":{"@id":"https:\/\/www.eldigitaldeasturias.com\/noticias\/author\/admin\/#author"},"image":{"@type":"ImageObject","url":"https:\/\/www.eldigitaldeasturias.com\/noticias\/wp-content\/uploads\/2020\/03\/110219-campo.jpg","@id":"https:\/\/www.eldigitaldeasturias.com\/noticias\/prorrogado-el-plazo-para-presentar-la-solicitud-unica-de-ayudas-de-la-pac-2020\/#mainImage","width":512,"height":340},"primaryImageOfPage":{"@id":"https:\/\/www.eldigitaldeasturias.com\/noticias\/prorrogado-el-plazo-para-presentar-la-solicitud-unica-de-ayudas-de-la-pac-2020\/#mainImage"},"datePublished":"2020-03-22T01:29:20+01:00","dateModified":"2020-03-22T01:29:20+01:00"},{"@type":"WebSite","@id":"https:\/\/www.eldigitaldeasturias.com\/noticias\/#website","url":"https:\/\/www.eldigitaldeasturias.com\/noticias\/","name":"El Digital de Asturias - Diario de actualidad y noticias","alternateName":"El Digital de Asturias - Diario de actualidad y noticias","description":"Hemeroteca","inLanguage":"es-ES","publisher":{"@id":"https:\/\/www.eldigitaldeasturias.com\/noticias\/#organization"}}]},"og:locale":"es_ES","og:site_name":"El Digital de Asturias","og:type":"article","og:title":"Prorrogado el plazo para presentar la solicitud \u00fanica de ayudas de la PAC 2020 - El Digital de Asturias","og:description":"El Bolet\u00edn Oficial del Estado (BOE) ha publicado el s\u00e1bado, una orden firmada por el ministro de Agricultura, Pesca y Alimentaci\u00f3n, Luis Planas, por la que se ampl\u00eda en toda Espa\u00f1a, hasta el 15 de mayo, el plazo de presentaci\u00f3n de la solicitud \u00fanica de los pagos directos a la agricultura y ganader\u00eda para el","og:url":"https:\/\/www.eldigitaldeasturias.com\/noticias\/prorrogado-el-plazo-para-presentar-la-solicitud-unica-de-ayudas-de-la-pac-2020\/","og:image":"https:\/\/www.eldigitaldeasturias.com\/noticias\/wp-content\/uploads\/2020\/03\/110219-campo.jpg","og:image:secure_url":"https:\/\/www.eldigitaldeasturias.com\/noticias\/wp-content\/uploads\/2020\/03\/110219-campo.jpg","og:image:width":512,"og:image:height":340,"article:tag":["econom\u00eda"],"article:published_time":"2020-03-22T01:29:20+00:00","article:modified_time":"2020-03-22T01:29:20+00:00","article:publisher":"https:\/\/facebook.com\/eldigitaldeasturias","twitter:card":"summary_large_image","twitter:title":"Prorrogado el plazo para presentar la solicitud \u00fanica de ayudas de la PAC 2020 - El Digital de Asturias","twitter:description":"El Bolet\u00edn Oficial del Estado (BOE) ha publicado el s\u00e1bado, una orden firmada por el ministro de Agricultura, Pesca y Alimentaci\u00f3n, Luis Planas, por la que se ampl\u00eda en toda Espa\u00f1a, hasta el 15 de mayo, el plazo de presentaci\u00f3n de la solicitud \u00fanica de los pagos directos a la agricultura y ganader\u00eda para el","twitter:image":"https:\/\/www.eldigitaldeasturias.com\/noticias\/wp-content\/uploads\/2020\/03\/110219-campo.jpg","twitter:label1":"Escrito por","twitter:data1":"El Digital de Asturias","twitter:label2":"Tiempo de lectura estimado","twitter:data2":"3 minutos"},"aioseo_meta_data":{"post_id":"1061490","title":null,"description":null,"keywords":null,"keyphrases":null,"primary_term":null,"canonical_url":null,"og_title":null,"og_description":null,"og_object_type":"default","og_image_type":"default","og_image_url":null,"og_image_width":null,"og_image_height":null,"og_image_custom_url":null,"og_image_custom_fields":null,"og_video":null,"og_custom_url":null,"og_article_section":null,"og_article_tags":null,"twitter_use_og":false,"twitter_card":"default","twitter_image_type":"default","twitter_image_url":null,"twitter_image_custom_url":null,"twitter_image_custom_fields":null,"twitter_title":null,"twitter_description":null,"schema":{"blockGraphs":[],"customGraphs":[],"default":{"data":{"Article":[],"Course":[],"Dataset":[],"FAQPage":[],"Movie":[],"Person":[],"Product":[],"ProductReview":[],"Car":[],"Recipe":[],"Service":[],"SoftwareApplication":[],"WebPage":[]},"graphName":"","isEnabled":true},"graphs":[],"defaultGraph":"","defaultPostTypeGraph":""},"schema_type":null,"schema_type_options":null,"pillar_content":false,"robots_default":true,"robots_noindex":false,"robots_noarchive":false,"robots_nosnippet":false,"robots_nofollow":false,"robots_noimageindex":false,"robots_noodp":false,"robots_notranslate":false,"robots_max_snippet":null,"robots_max_videopreview":null,"robots_max_imagepreview":"large","priority":null,"frequency":null,"local_seo":null,"seo_analyzer_scan_date":"2025-10-31 15:45:13","breadcrumb_settings":null,"limit_modified_date":false,"open_ai":null,"ai":null,"created":"2020-12-21 10:53:31","updated":"2025-10-31 15:45:13"},"aioseo_breadcrumb":"<div class=\"aioseo-breadcrumbs\"><span class=\"aioseo-breadcrumb\">\n\t<a href=\"https:\/\/www.eldigitaldeasturias.com\/noticias\" title=\"Home\">Home<\/a>\n<\/span><span class=\"aioseo-breadcrumb-separator\">\u2013<\/span><span class=\"aioseo-breadcrumb\">\n\t<a href=\"https:\/\/www.eldigitaldeasturias.com\/noticias\/category\/economia\/\" title=\"Econom\u00eda\">Econom\u00eda<\/a>\n<\/span><span class=\"aioseo-breadcrumb-separator\">\u2013<\/span><span class=\"aioseo-breadcrumb\">\n\t<a href=\"https:\/\/www.eldigitaldeasturias.com\/noticias\/prorrogado-el-plazo-para-presentar-la-solicitud-unica-de-ayudas-de-la-pac-2020\/\" title=\"Prorrogado el plazo para presentar la solicitud \u00fanica de ayudas de la PAC 2020\">Prorrogado el plazo para presentar la solicitud \u00fanica de ayudas de la PAC 2020<\/a>\n<\/span><\/div>","aioseo_breadcrumb_json":[{"label":"Home","link":"https:\/\/www.eldigitaldeasturias.com\/noticias"},{"label":"Econom\u00eda","link":"https:\/\/www.eldigitaldeasturias.com\/noticias\/category\/economia\/"},{"label":"Prorrogado el plazo para presentar la solicitud \u00fanica de ayudas de la PAC 2020","link":"https:\/\/www.eldigitaldeasturias.com\/noticias\/prorrogado-el-plazo-para-presentar-la-solicitud-unica-de-ayudas-de-la-pac-2020\/"}],"_links":{"self":[{"href":"https:\/\/www.eldigitaldeasturias.com\/noticias\/wp-json\/wp\/v2\/posts\/1061490","targetHints":{"allow":["GET"]}}],"collection":[{"href":"https:\/\/www.eldigitaldeasturias.com\/noticias\/wp-json\/wp\/v2\/posts"}],"about":[{"href":"https:\/\/www.eldigitaldeasturias.com\/noticias\/wp-json\/wp\/v2\/types\/post"}],"author":[{"embeddable":true,"href":"https:\/\/www.eldigitaldeasturias.com\/noticias\/wp-json\/wp\/v2\/users\/1"}],"replies":[{"embeddable":true,"href":"https:\/\/www.eldigitaldeasturias.com\/noticias\/wp-json\/wp\/v2\/comments?post=1061490"}],"version-history":[{"count":0,"href":"https:\/\/www.eldigitaldeasturias.com\/noticias\/wp-json\/wp\/v2\/posts\/1061490\/revisions"}],"wp:featuredmedia":[{"embeddable":true,"href":"https:\/\/www.eldigitaldeasturias.com\/noticias\/wp-json\/wp\/v2\/media\/1061491"}],"wp:attachment":[{"href":"https:\/\/www.eldigitaldeasturias.com\/noticias\/wp-json\/wp\/v2\/media?parent=1061490"}],"wp:term":[{"taxonomy":"category","embeddable":true,"href":"https:\/\/www.eldigitaldeasturias.com\/noticias\/wp-json\/wp\/v2\/categories?post=1061490"},{"taxonomy":"post_tag","embeddable":true,"href":"https:\/\/www.eldigitaldeasturias.com\/noticias\/wp-json\/wp\/v2\/tags?post=1061490"}],"curies":[{"name":"wp","href":"https:\/\/api.w.org\/{rel}","templated":true}]}}