{"id":1061416,"date":"2020-03-20T20:41:32","date_gmt":"2020-03-20T20:41:32","guid":{"rendered":"https:\/\/www.eldigitaldeasturias.com\/noticias\/?p=1061416"},"modified":"2020-03-20T20:41:32","modified_gmt":"2020-03-20T20:41:32","slug":"creada-una-unidad-de-gestion-especifica-para-afrontar-la-incidencia-del-covid-19-en-el-ambito-laboral","status":"publish","type":"post","link":"https:\/\/www.eldigitaldeasturias.com\/noticias\/creada-una-unidad-de-gestion-especifica-para-afrontar-la-incidencia-del-covid-19-en-el-ambito-laboral\/","title":{"rendered":"Creada una unidad de gesti\u00f3n espec\u00edfica para afrontar la incidencia del Covid-19 en el \u00e1mbito laboral"},"content":{"rendered":"<p><img loading=\"lazy\" decoding=\"async\" class=\"alignleft size-medium wp-image-1061417\" src=\"https:\/\/www.eldigitaldeasturias.com\/noticias\/wp-content\/uploads\/2020\/03\/040917Afiliados-SS-360x240.jpg\" alt=\"\" width=\"360\" height=\"240\" srcset=\"https:\/\/www.eldigitaldeasturias.com\/noticias\/wp-content\/uploads\/2020\/03\/040917Afiliados-SS-360x240.jpg 360w, https:\/\/www.eldigitaldeasturias.com\/noticias\/wp-content\/uploads\/2020\/03\/040917Afiliados-SS-450x300.jpg 450w, https:\/\/www.eldigitaldeasturias.com\/noticias\/wp-content\/uploads\/2020\/03\/040917Afiliados-SS.jpg 496w\" sizes=\"auto, (max-width: 360px) 100vw, 360px\" \/>La Inspecci\u00f3n de Trabajo y Seguridad Social (ITSS), ante la crisis sanitaria motivada por la pandemia de coronavirus, ha modificado su organizaci\u00f3n para adaptarse a la situaci\u00f3n, reorganizando sus recursos para dedicar todos los medios disponibles a la atenci\u00f3n de la situaci\u00f3n creada por el Covid-19 en el \u00e1mbito laboral, en colaboraci\u00f3n con las autoridades laborales y sanitarias.<\/p>\n<p>La ITSS ha instruido a las Inspecciones Provinciales para que dediquen preferentemente la actuaci\u00f3n inspectora a las actividades espec\u00edficas derivadas del Covid-19 en el seno de las empresas, y para que mantengan el resto de su actividad en relaci\u00f3n con las actuaciones urgentes.<\/p>\n<p>Con este fin, se ha creado una unidad de gesti\u00f3n de la crisis sanitaria del coronavirus, cuyas funciones van dirigidas a:<\/p>\n<h3>Reforzar la actuaci\u00f3n en materia de la prevenci\u00f3n de riesgos.<\/h3>\n<p>Proteger los derechos individuales y colectivos de los trabajadores que pudieran resultar ignorados o limitados consecuencia de esta situaci\u00f3n.<br \/>\nCoordinar y unificar criterios en los informes que debe realizar la Inspecci\u00f3n consecuencia de los expedientes de regulaci\u00f3n temporal de empleo.<br \/>\nEsta Unidad se dividir\u00e1 en tres \u00e1reas:<\/p>\n<ul>\n<li>\u00c1rea de coordinaci\u00f3n de la actuaci\u00f3n de las Inspecciones Provinciales en esta materia. Se encargar\u00e1 de la coordinaci\u00f3n y apoyo a las Inspecciones Provinciales de Trabajo y Seguridad Social, resolviendo dudas y problemas interpretativos y resolviendo las incidencias que se planteen.<\/li>\n<li>\u00c1rea de Planificaci\u00f3n. Se dedicar\u00e1 al seguimiento de las comunicaciones planteadas en el Buz\u00f3n telem\u00e1tico de denuncias de la Inspecci\u00f3n, comunicaciones de sindicatos, medios de comunicaci\u00f3n y otros medios, a efectos de identificar situaciones que requieran la actuaci\u00f3n de la Inspecci\u00f3n.<\/li>\n<li>\u00c1rea de seguimiento. Desarrollar\u00e1 funciones de seguimiento del resultado de las actuaciones en estas materias.<\/li>\n<\/ul>\n<p>La Inspecci\u00f3n de Trabajo y Seguridad Social es un organismo estatal, dependiente del Ministerio de Trabajo y Econom\u00eda Social, que re\u00fane los servicios de vigilancia y exigencia del cumplimiento de las normas legales, reglamentarias y contenido normativo de los convenios colectivos; servicios de asistencia t\u00e9cnica; servicios de arbitraje, conciliaci\u00f3n y mediaci\u00f3n; as\u00ed como actuaciones inspectoras derivadas de los servicios prestados por la Inspecci\u00f3n de Trabajo y de Seguridad Social.<\/p>\n","protected":false},"excerpt":{"rendered":"<p>La Inspecci\u00f3n de Trabajo y Seguridad Social (ITSS), ante la crisis sanitaria motivada por la pandemia de coronavirus, ha modificado su organizaci\u00f3n para adaptarse a la situaci\u00f3n, reorganizando sus recursos para dedicar todos los medios disponibles a la atenci\u00f3n de la situaci\u00f3n creada por el Covid-19 en el \u00e1mbito laboral, en colaboraci\u00f3n con las autoridades [&hellip;]<\/p>\n","protected":false},"author":1,"featured_media":1061417,"comment_status":"closed","ping_status":"closed","sticky":false,"template":"","format":"standard","meta":{"footnotes":""},"categories":[187],"tags":[],"class_list":["post-1061416","post","type-post","status-publish","format-standard","has-post-thumbnail","hentry","category-economia"],"aioseo_notices":[],"aioseo_head":"\n\t\t<!-- All in One SEO Pro 4.9.6.2 - aioseo.com -->\n\t<meta name=\"description\" content=\"La Inspecci\u00f3n de Trabajo y Seguridad Social (ITSS), ante la crisis sanitaria motivada por la pandemia de coronavirus, ha modificado su organizaci\u00f3n para adaptarse a la situaci\u00f3n, reorganizando sus recursos para dedicar todos los medios disponibles a la atenci\u00f3n de la situaci\u00f3n creada por el Covid-19 en el \u00e1mbito laboral, en colaboraci\u00f3n con las autoridades\" \/>\n\t<meta name=\"robots\" content=\"max-image-preview:large\" \/>\n\t<meta name=\"author\" content=\"El Digital de Asturias\"\/>\n\t<meta name=\"google-site-verification\" content=\"UA-38556648-1\" \/>\n\t<meta name=\"msvalidate.01\" content=\"7dfe9f3f1b24437ab69f4f2559babe99\" \/>\n\t<meta name=\"keywords\" content=\"econom\u00eda\" \/>\n\t<link rel=\"canonical\" href=\"https:\/\/www.eldigitaldeasturias.com\/noticias\/creada-una-unidad-de-gestion-especifica-para-afrontar-la-incidencia-del-covid-19-en-el-ambito-laboral\/\" \/>\n\t<meta name=\"generator\" content=\"All in One SEO Pro (AIOSEO) 4.9.6.2\" \/>\n\t\t<meta property=\"og:locale\" content=\"es_ES\" \/>\n\t\t<meta property=\"og:site_name\" content=\"El Digital de Asturias\" \/>\n\t\t<meta property=\"og:type\" content=\"article\" \/>\n\t\t<meta property=\"og:title\" content=\"Creada una unidad de gesti\u00f3n espec\u00edfica para afrontar la incidencia del Covid-19 en el \u00e1mbito laboral - El Digital de Asturias\" \/>\n\t\t<meta property=\"og:description\" content=\"La Inspecci\u00f3n de Trabajo y Seguridad Social (ITSS), ante la crisis sanitaria motivada por la pandemia de coronavirus, ha modificado su organizaci\u00f3n para adaptarse a la situaci\u00f3n, reorganizando sus recursos para dedicar todos los medios disponibles a la atenci\u00f3n de la situaci\u00f3n creada por el Covid-19 en el \u00e1mbito laboral, en colaboraci\u00f3n con las autoridades\" \/>\n\t\t<meta property=\"og:url\" content=\"https:\/\/www.eldigitaldeasturias.com\/noticias\/creada-una-unidad-de-gestion-especifica-para-afrontar-la-incidencia-del-covid-19-en-el-ambito-laboral\/\" \/>\n\t\t<meta property=\"og:image\" content=\"https:\/\/www.eldigitaldeasturias.com\/noticias\/wp-content\/uploads\/2020\/03\/040917Afiliados-SS.jpg\" \/>\n\t\t<meta property=\"og:image:secure_url\" content=\"https:\/\/www.eldigitaldeasturias.com\/noticias\/wp-content\/uploads\/2020\/03\/040917Afiliados-SS.jpg\" \/>\n\t\t<meta property=\"og:image:width\" content=\"496\" \/>\n\t\t<meta property=\"og:image:height\" content=\"331\" \/>\n\t\t<meta property=\"article:tag\" content=\"econom\u00eda\" \/>\n\t\t<meta property=\"article:published_time\" content=\"2020-03-20T20:41:32+00:00\" \/>\n\t\t<meta property=\"article:modified_time\" content=\"2020-03-20T20:41:32+00:00\" \/>\n\t\t<meta property=\"article:publisher\" content=\"https:\/\/facebook.com\/eldigitaldeasturias\" \/>\n\t\t<meta name=\"twitter:card\" content=\"summary_large_image\" \/>\n\t\t<meta name=\"twitter:title\" content=\"Creada una unidad de gesti\u00f3n espec\u00edfica para afrontar la incidencia del Covid-19 en el \u00e1mbito laboral - El Digital de Asturias\" \/>\n\t\t<meta name=\"twitter:description\" content=\"La Inspecci\u00f3n de Trabajo y Seguridad Social (ITSS), ante la crisis sanitaria motivada por la pandemia de coronavirus, ha modificado su organizaci\u00f3n para adaptarse a la situaci\u00f3n, reorganizando sus recursos para dedicar todos los medios disponibles a la atenci\u00f3n de la situaci\u00f3n creada por el Covid-19 en el \u00e1mbito laboral, en colaboraci\u00f3n con las autoridades\" \/>\n\t\t<meta name=\"twitter:image\" content=\"https:\/\/www.eldigitaldeasturias.com\/noticias\/wp-content\/uploads\/2020\/03\/040917Afiliados-SS.jpg\" \/>\n\t\t<meta name=\"twitter:label1\" content=\"Escrito por\" \/>\n\t\t<meta name=\"twitter:data1\" content=\"El Digital de Asturias\" \/>\n\t\t<meta name=\"twitter:label2\" content=\"Tiempo de lectura estimado\" \/>\n\t\t<meta name=\"twitter:data2\" content=\"2 minutos\" \/>\n\t\t<script type=\"application\/ld+json\" class=\"aioseo-schema\">\n\t\t\t{\"@context\":\"https:\\\/\\\/schema.org\",\"@graph\":[{\"@type\":\"BlogPosting\",\"@id\":\"https:\\\/\\\/www.eldigitaldeasturias.com\\\/noticias\\\/creada-una-unidad-de-gestion-especifica-para-afrontar-la-incidencia-del-covid-19-en-el-ambito-laboral\\\/#blogposting\",\"name\":\"Creada una unidad de gesti\\u00f3n espec\\u00edfica para afrontar la incidencia del Covid-19 en el \\u00e1mbito laboral - El Digital de Asturias\",\"headline\":\"Creada una unidad de gesti\\u00f3n espec\\u00edfica para afrontar la incidencia del Covid-19 en el \\u00e1mbito laboral\",\"author\":{\"@id\":\"https:\\\/\\\/www.eldigitaldeasturias.com\\\/noticias\\\/author\\\/admin\\\/#author\"},\"publisher\":{\"@id\":\"https:\\\/\\\/www.eldigitaldeasturias.com\\\/noticias\\\/#organization\"},\"image\":{\"@type\":\"ImageObject\",\"url\":\"https:\\\/\\\/www.eldigitaldeasturias.com\\\/noticias\\\/wp-content\\\/uploads\\\/2020\\\/03\\\/040917Afiliados-SS.jpg\",\"width\":496,\"height\":331},\"datePublished\":\"2020-03-20T20:41:32+01:00\",\"dateModified\":\"2020-03-20T20:41:32+01:00\",\"inLanguage\":\"es-ES\",\"mainEntityOfPage\":{\"@id\":\"https:\\\/\\\/www.eldigitaldeasturias.com\\\/noticias\\\/creada-una-unidad-de-gestion-especifica-para-afrontar-la-incidencia-del-covid-19-en-el-ambito-laboral\\\/#webpage\"},\"isPartOf\":{\"@id\":\"https:\\\/\\\/www.eldigitaldeasturias.com\\\/noticias\\\/creada-una-unidad-de-gestion-especifica-para-afrontar-la-incidencia-del-covid-19-en-el-ambito-laboral\\\/#webpage\"},\"articleSection\":\"Econom\\u00eda\"},{\"@type\":\"BreadcrumbList\",\"@id\":\"https:\\\/\\\/www.eldigitaldeasturias.com\\\/noticias\\\/creada-una-unidad-de-gestion-especifica-para-afrontar-la-incidencia-del-covid-19-en-el-ambito-laboral\\\/#breadcrumblist\",\"itemListElement\":[{\"@type\":\"ListItem\",\"@id\":\"https:\\\/\\\/www.eldigitaldeasturias.com\\\/noticias#listItem\",\"position\":1,\"name\":\"Home\",\"item\":\"https:\\\/\\\/www.eldigitaldeasturias.com\\\/noticias\",\"nextItem\":{\"@type\":\"ListItem\",\"@id\":\"https:\\\/\\\/www.eldigitaldeasturias.com\\\/noticias\\\/category\\\/economia\\\/#listItem\",\"name\":\"Econom\\u00eda\"}},{\"@type\":\"ListItem\",\"@id\":\"https:\\\/\\\/www.eldigitaldeasturias.com\\\/noticias\\\/category\\\/economia\\\/#listItem\",\"position\":2,\"name\":\"Econom\\u00eda\",\"item\":\"https:\\\/\\\/www.eldigitaldeasturias.com\\\/noticias\\\/category\\\/economia\\\/\",\"nextItem\":{\"@type\":\"ListItem\",\"@id\":\"https:\\\/\\\/www.eldigitaldeasturias.com\\\/noticias\\\/creada-una-unidad-de-gestion-especifica-para-afrontar-la-incidencia-del-covid-19-en-el-ambito-laboral\\\/#listItem\",\"name\":\"Creada una unidad de gesti\\u00f3n espec\\u00edfica para afrontar la incidencia del Covid-19 en el \\u00e1mbito laboral\"},\"previousItem\":{\"@type\":\"ListItem\",\"@id\":\"https:\\\/\\\/www.eldigitaldeasturias.com\\\/noticias#listItem\",\"name\":\"Home\"}},{\"@type\":\"ListItem\",\"@id\":\"https:\\\/\\\/www.eldigitaldeasturias.com\\\/noticias\\\/creada-una-unidad-de-gestion-especifica-para-afrontar-la-incidencia-del-covid-19-en-el-ambito-laboral\\\/#listItem\",\"position\":3,\"name\":\"Creada una unidad de gesti\\u00f3n espec\\u00edfica para afrontar la incidencia del Covid-19 en el \\u00e1mbito laboral\",\"previousItem\":{\"@type\":\"ListItem\",\"@id\":\"https:\\\/\\\/www.eldigitaldeasturias.com\\\/noticias\\\/category\\\/economia\\\/#listItem\",\"name\":\"Econom\\u00eda\"}}]},{\"@type\":\"Organization\",\"@id\":\"https:\\\/\\\/www.eldigitaldeasturias.com\\\/noticias\\\/#organization\",\"name\":\"El Digital de Asturias\",\"description\":\"Hemeroteca\",\"url\":\"https:\\\/\\\/www.eldigitaldeasturias.com\\\/noticias\\\/\",\"email\":\"info@eldigitaldeasturias.com\",\"telephone\":\"+34652131393\",\"logo\":{\"@type\":\"ImageObject\",\"url\":\"https:\\\/\\\/www.eldigitaldeasturias.com\\\/noticias\\\/wp-content\\\/uploads\\\/2020\\\/12\\\/EDA.jpg\",\"@id\":\"https:\\\/\\\/www.eldigitaldeasturias.com\\\/noticias\\\/creada-una-unidad-de-gestion-especifica-para-afrontar-la-incidencia-del-covid-19-en-el-ambito-laboral\\\/#organizationLogo\",\"width\":649,\"height\":297},\"image\":{\"@id\":\"https:\\\/\\\/www.eldigitaldeasturias.com\\\/noticias\\\/creada-una-unidad-de-gestion-especifica-para-afrontar-la-incidencia-del-covid-19-en-el-ambito-laboral\\\/#organizationLogo\"},\"sameAs\":[\"https:\\\/\\\/facebook.com\\\/eldigitaldeasturias\",\"https:\\\/\\\/www.youtube.com\\\/channel\\\/UCZP-2wLEB9Rv6erhFmqVnvg\"],\"address\":{\"@id\":\"https:\\\/\\\/www.eldigitaldeasturias.com\\\/noticias\\\/#postaladdress\",\"@type\":\"PostalAddress\",\"streetAddress\":\"san antonio 4,\",\"postalCode\":\"33430\",\"addressLocality\":\"Cand\\u00e1s\",\"addressRegion\":\"Asturias\",\"addressCountry\":\"ES\"}},{\"@type\":\"Person\",\"@id\":\"https:\\\/\\\/www.eldigitaldeasturias.com\\\/noticias\\\/author\\\/admin\\\/#author\",\"url\":\"https:\\\/\\\/www.eldigitaldeasturias.com\\\/noticias\\\/author\\\/admin\\\/\",\"name\":\"El Digital de Asturias\",\"image\":{\"@type\":\"ImageObject\",\"@id\":\"https:\\\/\\\/www.eldigitaldeasturias.com\\\/noticias\\\/creada-una-unidad-de-gestion-especifica-para-afrontar-la-incidencia-del-covid-19-en-el-ambito-laboral\\\/#authorImage\",\"url\":\"https:\\\/\\\/www.eldigitaldeasturias.com\\\/noticias\\\/wp-content\\\/litespeed\\\/avatar\\\/18677e78aa0546b92d9dbf31ec7d7668.jpg?ver=1777290358\",\"width\":96,\"height\":96,\"caption\":\"El Digital de Asturias\"}},{\"@type\":\"WebPage\",\"@id\":\"https:\\\/\\\/www.eldigitaldeasturias.com\\\/noticias\\\/creada-una-unidad-de-gestion-especifica-para-afrontar-la-incidencia-del-covid-19-en-el-ambito-laboral\\\/#webpage\",\"url\":\"https:\\\/\\\/www.eldigitaldeasturias.com\\\/noticias\\\/creada-una-unidad-de-gestion-especifica-para-afrontar-la-incidencia-del-covid-19-en-el-ambito-laboral\\\/\",\"name\":\"Creada una unidad de gesti\\u00f3n espec\\u00edfica para afrontar la incidencia del Covid-19 en el \\u00e1mbito laboral - El Digital de Asturias\",\"description\":\"La Inspecci\\u00f3n de Trabajo y Seguridad Social (ITSS), ante la crisis sanitaria motivada por la pandemia de coronavirus, ha modificado su organizaci\\u00f3n para adaptarse a la situaci\\u00f3n, reorganizando sus recursos para dedicar todos los medios disponibles a la atenci\\u00f3n de la situaci\\u00f3n creada por el Covid-19 en el \\u00e1mbito laboral, en colaboraci\\u00f3n con las autoridades\",\"inLanguage\":\"es-ES\",\"isPartOf\":{\"@id\":\"https:\\\/\\\/www.eldigitaldeasturias.com\\\/noticias\\\/#website\"},\"breadcrumb\":{\"@id\":\"https:\\\/\\\/www.eldigitaldeasturias.com\\\/noticias\\\/creada-una-unidad-de-gestion-especifica-para-afrontar-la-incidencia-del-covid-19-en-el-ambito-laboral\\\/#breadcrumblist\"},\"author\":{\"@id\":\"https:\\\/\\\/www.eldigitaldeasturias.com\\\/noticias\\\/author\\\/admin\\\/#author\"},\"creator\":{\"@id\":\"https:\\\/\\\/www.eldigitaldeasturias.com\\\/noticias\\\/author\\\/admin\\\/#author\"},\"image\":{\"@type\":\"ImageObject\",\"url\":\"https:\\\/\\\/www.eldigitaldeasturias.com\\\/noticias\\\/wp-content\\\/uploads\\\/2020\\\/03\\\/040917Afiliados-SS.jpg\",\"@id\":\"https:\\\/\\\/www.eldigitaldeasturias.com\\\/noticias\\\/creada-una-unidad-de-gestion-especifica-para-afrontar-la-incidencia-del-covid-19-en-el-ambito-laboral\\\/#mainImage\",\"width\":496,\"height\":331},\"primaryImageOfPage\":{\"@id\":\"https:\\\/\\\/www.eldigitaldeasturias.com\\\/noticias\\\/creada-una-unidad-de-gestion-especifica-para-afrontar-la-incidencia-del-covid-19-en-el-ambito-laboral\\\/#mainImage\"},\"datePublished\":\"2020-03-20T20:41:32+01:00\",\"dateModified\":\"2020-03-20T20:41:32+01:00\"},{\"@type\":\"WebSite\",\"@id\":\"https:\\\/\\\/www.eldigitaldeasturias.com\\\/noticias\\\/#website\",\"url\":\"https:\\\/\\\/www.eldigitaldeasturias.com\\\/noticias\\\/\",\"name\":\"El Digital de Asturias - Diario de actualidad y noticias\",\"alternateName\":\"El Digital de Asturias - Diario de actualidad y noticias\",\"description\":\"Hemeroteca\",\"inLanguage\":\"es-ES\",\"publisher\":{\"@id\":\"https:\\\/\\\/www.eldigitaldeasturias.com\\\/noticias\\\/#organization\"}}]}\n\t\t<\/script>\n\t\t<!-- All in One SEO Pro -->\r\n\t\t<title>Creada una unidad de gesti\u00f3n espec\u00edfica para afrontar la incidencia del Covid-19 en el \u00e1mbito laboral - El Digital de Asturias<\/title>\n\n","aioseo_head_json":{"title":"Creada una unidad de gesti\u00f3n espec\u00edfica para afrontar la incidencia del Covid-19 en el \u00e1mbito laboral - El Digital de Asturias","description":"La Inspecci\u00f3n de Trabajo y Seguridad Social (ITSS), ante la crisis sanitaria motivada por la pandemia de coronavirus, ha modificado su organizaci\u00f3n para adaptarse a la situaci\u00f3n, reorganizando sus recursos para dedicar todos los medios disponibles a la atenci\u00f3n de la situaci\u00f3n creada por el Covid-19 en el \u00e1mbito laboral, en colaboraci\u00f3n con las autoridades","canonical_url":"https:\/\/www.eldigitaldeasturias.com\/noticias\/creada-una-unidad-de-gestion-especifica-para-afrontar-la-incidencia-del-covid-19-en-el-ambito-laboral\/","robots":"max-image-preview:large","keywords":"econom\u00eda","webmasterTools":{"google-site-verification":"UA-38556648-1","msvalidate.01":"7dfe9f3f1b24437ab69f4f2559babe99","miscellaneous":""},"schema":{"@context":"https:\/\/schema.org","@graph":[{"@type":"BlogPosting","@id":"https:\/\/www.eldigitaldeasturias.com\/noticias\/creada-una-unidad-de-gestion-especifica-para-afrontar-la-incidencia-del-covid-19-en-el-ambito-laboral\/#blogposting","name":"Creada una unidad de gesti\u00f3n espec\u00edfica para afrontar la incidencia del Covid-19 en el \u00e1mbito laboral - El Digital de Asturias","headline":"Creada una unidad de gesti\u00f3n espec\u00edfica para afrontar la incidencia del Covid-19 en el \u00e1mbito laboral","author":{"@id":"https:\/\/www.eldigitaldeasturias.com\/noticias\/author\/admin\/#author"},"publisher":{"@id":"https:\/\/www.eldigitaldeasturias.com\/noticias\/#organization"},"image":{"@type":"ImageObject","url":"https:\/\/www.eldigitaldeasturias.com\/noticias\/wp-content\/uploads\/2020\/03\/040917Afiliados-SS.jpg","width":496,"height":331},"datePublished":"2020-03-20T20:41:32+01:00","dateModified":"2020-03-20T20:41:32+01:00","inLanguage":"es-ES","mainEntityOfPage":{"@id":"https:\/\/www.eldigitaldeasturias.com\/noticias\/creada-una-unidad-de-gestion-especifica-para-afrontar-la-incidencia-del-covid-19-en-el-ambito-laboral\/#webpage"},"isPartOf":{"@id":"https:\/\/www.eldigitaldeasturias.com\/noticias\/creada-una-unidad-de-gestion-especifica-para-afrontar-la-incidencia-del-covid-19-en-el-ambito-laboral\/#webpage"},"articleSection":"Econom\u00eda"},{"@type":"BreadcrumbList","@id":"https:\/\/www.eldigitaldeasturias.com\/noticias\/creada-una-unidad-de-gestion-especifica-para-afrontar-la-incidencia-del-covid-19-en-el-ambito-laboral\/#breadcrumblist","itemListElement":[{"@type":"ListItem","@id":"https:\/\/www.eldigitaldeasturias.com\/noticias#listItem","position":1,"name":"Home","item":"https:\/\/www.eldigitaldeasturias.com\/noticias","nextItem":{"@type":"ListItem","@id":"https:\/\/www.eldigitaldeasturias.com\/noticias\/category\/economia\/#listItem","name":"Econom\u00eda"}},{"@type":"ListItem","@id":"https:\/\/www.eldigitaldeasturias.com\/noticias\/category\/economia\/#listItem","position":2,"name":"Econom\u00eda","item":"https:\/\/www.eldigitaldeasturias.com\/noticias\/category\/economia\/","nextItem":{"@type":"ListItem","@id":"https:\/\/www.eldigitaldeasturias.com\/noticias\/creada-una-unidad-de-gestion-especifica-para-afrontar-la-incidencia-del-covid-19-en-el-ambito-laboral\/#listItem","name":"Creada una unidad de gesti\u00f3n espec\u00edfica para afrontar la incidencia del Covid-19 en el \u00e1mbito laboral"},"previousItem":{"@type":"ListItem","@id":"https:\/\/www.eldigitaldeasturias.com\/noticias#listItem","name":"Home"}},{"@type":"ListItem","@id":"https:\/\/www.eldigitaldeasturias.com\/noticias\/creada-una-unidad-de-gestion-especifica-para-afrontar-la-incidencia-del-covid-19-en-el-ambito-laboral\/#listItem","position":3,"name":"Creada una unidad de gesti\u00f3n espec\u00edfica para afrontar la incidencia del Covid-19 en el \u00e1mbito laboral","previousItem":{"@type":"ListItem","@id":"https:\/\/www.eldigitaldeasturias.com\/noticias\/category\/economia\/#listItem","name":"Econom\u00eda"}}]},{"@type":"Organization","@id":"https:\/\/www.eldigitaldeasturias.com\/noticias\/#organization","name":"El Digital de Asturias","description":"Hemeroteca","url":"https:\/\/www.eldigitaldeasturias.com\/noticias\/","email":"info@eldigitaldeasturias.com","telephone":"+34652131393","logo":{"@type":"ImageObject","url":"https:\/\/www.eldigitaldeasturias.com\/noticias\/wp-content\/uploads\/2020\/12\/EDA.jpg","@id":"https:\/\/www.eldigitaldeasturias.com\/noticias\/creada-una-unidad-de-gestion-especifica-para-afrontar-la-incidencia-del-covid-19-en-el-ambito-laboral\/#organizationLogo","width":649,"height":297},"image":{"@id":"https:\/\/www.eldigitaldeasturias.com\/noticias\/creada-una-unidad-de-gestion-especifica-para-afrontar-la-incidencia-del-covid-19-en-el-ambito-laboral\/#organizationLogo"},"sameAs":["https:\/\/facebook.com\/eldigitaldeasturias","https:\/\/www.youtube.com\/channel\/UCZP-2wLEB9Rv6erhFmqVnvg"],"address":{"@id":"https:\/\/www.eldigitaldeasturias.com\/noticias\/#postaladdress","@type":"PostalAddress","streetAddress":"san antonio 4,","postalCode":"33430","addressLocality":"Cand\u00e1s","addressRegion":"Asturias","addressCountry":"ES"}},{"@type":"Person","@id":"https:\/\/www.eldigitaldeasturias.com\/noticias\/author\/admin\/#author","url":"https:\/\/www.eldigitaldeasturias.com\/noticias\/author\/admin\/","name":"El Digital de Asturias","image":{"@type":"ImageObject","@id":"https:\/\/www.eldigitaldeasturias.com\/noticias\/creada-una-unidad-de-gestion-especifica-para-afrontar-la-incidencia-del-covid-19-en-el-ambito-laboral\/#authorImage","url":"https:\/\/www.eldigitaldeasturias.com\/noticias\/wp-content\/litespeed\/avatar\/18677e78aa0546b92d9dbf31ec7d7668.jpg?ver=1777290358","width":96,"height":96,"caption":"El Digital de Asturias"}},{"@type":"WebPage","@id":"https:\/\/www.eldigitaldeasturias.com\/noticias\/creada-una-unidad-de-gestion-especifica-para-afrontar-la-incidencia-del-covid-19-en-el-ambito-laboral\/#webpage","url":"https:\/\/www.eldigitaldeasturias.com\/noticias\/creada-una-unidad-de-gestion-especifica-para-afrontar-la-incidencia-del-covid-19-en-el-ambito-laboral\/","name":"Creada una unidad de gesti\u00f3n espec\u00edfica para afrontar la incidencia del Covid-19 en el \u00e1mbito laboral - El Digital de Asturias","description":"La Inspecci\u00f3n de Trabajo y Seguridad Social (ITSS), ante la crisis sanitaria motivada por la pandemia de coronavirus, ha modificado su organizaci\u00f3n para adaptarse a la situaci\u00f3n, reorganizando sus recursos para dedicar todos los medios disponibles a la atenci\u00f3n de la situaci\u00f3n creada por el Covid-19 en el \u00e1mbito laboral, en colaboraci\u00f3n con las autoridades","inLanguage":"es-ES","isPartOf":{"@id":"https:\/\/www.eldigitaldeasturias.com\/noticias\/#website"},"breadcrumb":{"@id":"https:\/\/www.eldigitaldeasturias.com\/noticias\/creada-una-unidad-de-gestion-especifica-para-afrontar-la-incidencia-del-covid-19-en-el-ambito-laboral\/#breadcrumblist"},"author":{"@id":"https:\/\/www.eldigitaldeasturias.com\/noticias\/author\/admin\/#author"},"creator":{"@id":"https:\/\/www.eldigitaldeasturias.com\/noticias\/author\/admin\/#author"},"image":{"@type":"ImageObject","url":"https:\/\/www.eldigitaldeasturias.com\/noticias\/wp-content\/uploads\/2020\/03\/040917Afiliados-SS.jpg","@id":"https:\/\/www.eldigitaldeasturias.com\/noticias\/creada-una-unidad-de-gestion-especifica-para-afrontar-la-incidencia-del-covid-19-en-el-ambito-laboral\/#mainImage","width":496,"height":331},"primaryImageOfPage":{"@id":"https:\/\/www.eldigitaldeasturias.com\/noticias\/creada-una-unidad-de-gestion-especifica-para-afrontar-la-incidencia-del-covid-19-en-el-ambito-laboral\/#mainImage"},"datePublished":"2020-03-20T20:41:32+01:00","dateModified":"2020-03-20T20:41:32+01:00"},{"@type":"WebSite","@id":"https:\/\/www.eldigitaldeasturias.com\/noticias\/#website","url":"https:\/\/www.eldigitaldeasturias.com\/noticias\/","name":"El Digital de Asturias - Diario de actualidad y noticias","alternateName":"El Digital de Asturias - Diario de actualidad y noticias","description":"Hemeroteca","inLanguage":"es-ES","publisher":{"@id":"https:\/\/www.eldigitaldeasturias.com\/noticias\/#organization"}}]},"og:locale":"es_ES","og:site_name":"El Digital de Asturias","og:type":"article","og:title":"Creada una unidad de gesti\u00f3n espec\u00edfica para afrontar la incidencia del Covid-19 en el \u00e1mbito laboral - El Digital de Asturias","og:description":"La Inspecci\u00f3n de Trabajo y Seguridad Social (ITSS), ante la crisis sanitaria motivada por la pandemia de coronavirus, ha modificado su organizaci\u00f3n para adaptarse a la situaci\u00f3n, reorganizando sus recursos para dedicar todos los medios disponibles a la atenci\u00f3n de la situaci\u00f3n creada por el Covid-19 en el \u00e1mbito laboral, en colaboraci\u00f3n con las autoridades","og:url":"https:\/\/www.eldigitaldeasturias.com\/noticias\/creada-una-unidad-de-gestion-especifica-para-afrontar-la-incidencia-del-covid-19-en-el-ambito-laboral\/","og:image":"https:\/\/www.eldigitaldeasturias.com\/noticias\/wp-content\/uploads\/2020\/03\/040917Afiliados-SS.jpg","og:image:secure_url":"https:\/\/www.eldigitaldeasturias.com\/noticias\/wp-content\/uploads\/2020\/03\/040917Afiliados-SS.jpg","og:image:width":496,"og:image:height":331,"article:tag":["econom\u00eda"],"article:published_time":"2020-03-20T20:41:32+00:00","article:modified_time":"2020-03-20T20:41:32+00:00","article:publisher":"https:\/\/facebook.com\/eldigitaldeasturias","twitter:card":"summary_large_image","twitter:title":"Creada una unidad de gesti\u00f3n espec\u00edfica para afrontar la incidencia del Covid-19 en el \u00e1mbito laboral - El Digital de Asturias","twitter:description":"La Inspecci\u00f3n de Trabajo y Seguridad Social (ITSS), ante la crisis sanitaria motivada por la pandemia de coronavirus, ha modificado su organizaci\u00f3n para adaptarse a la situaci\u00f3n, reorganizando sus recursos para dedicar todos los medios disponibles a la atenci\u00f3n de la situaci\u00f3n creada por el Covid-19 en el \u00e1mbito laboral, en colaboraci\u00f3n con las autoridades","twitter:image":"https:\/\/www.eldigitaldeasturias.com\/noticias\/wp-content\/uploads\/2020\/03\/040917Afiliados-SS.jpg","twitter:label1":"Escrito por","twitter:data1":"El Digital de Asturias","twitter:label2":"Tiempo de lectura estimado","twitter:data2":"2 minutos"},"aioseo_meta_data":{"post_id":"1061416","title":null,"description":null,"keywords":null,"keyphrases":null,"primary_term":null,"canonical_url":null,"og_title":null,"og_description":null,"og_object_type":"default","og_image_type":"default","og_image_url":null,"og_image_width":null,"og_image_height":null,"og_image_custom_url":null,"og_image_custom_fields":null,"og_video":null,"og_custom_url":null,"og_article_section":null,"og_article_tags":null,"twitter_use_og":false,"twitter_card":"default","twitter_image_type":"default","twitter_image_url":null,"twitter_image_custom_url":null,"twitter_image_custom_fields":null,"twitter_title":null,"twitter_description":null,"schema":{"blockGraphs":[],"customGraphs":[],"default":{"data":{"Article":[],"Course":[],"Dataset":[],"FAQPage":[],"Movie":[],"Person":[],"Product":[],"ProductReview":[],"Car":[],"Recipe":[],"Service":[],"SoftwareApplication":[],"WebPage":[]},"graphName":"","isEnabled":true},"graphs":[],"defaultGraph":"","defaultPostTypeGraph":""},"schema_type":null,"schema_type_options":null,"pillar_content":false,"robots_default":true,"robots_noindex":false,"robots_noarchive":false,"robots_nosnippet":false,"robots_nofollow":false,"robots_noimageindex":false,"robots_noodp":false,"robots_notranslate":false,"robots_max_snippet":null,"robots_max_videopreview":null,"robots_max_imagepreview":"large","priority":null,"frequency":null,"local_seo":null,"seo_analyzer_scan_date":"2025-10-31 15:29:08","breadcrumb_settings":null,"limit_modified_date":false,"open_ai":null,"ai":null,"created":"2020-12-21 10:53:31","updated":"2025-10-31 15:29:08"},"aioseo_breadcrumb":"<div class=\"aioseo-breadcrumbs\"><span class=\"aioseo-breadcrumb\">\n\t<a href=\"https:\/\/www.eldigitaldeasturias.com\/noticias\" title=\"Home\">Home<\/a>\n<\/span><span class=\"aioseo-breadcrumb-separator\">\u2013<\/span><span class=\"aioseo-breadcrumb\">\n\t<a href=\"https:\/\/www.eldigitaldeasturias.com\/noticias\/category\/economia\/\" title=\"Econom\u00eda\">Econom\u00eda<\/a>\n<\/span><span class=\"aioseo-breadcrumb-separator\">\u2013<\/span><span class=\"aioseo-breadcrumb\">\n\t<a href=\"https:\/\/www.eldigitaldeasturias.com\/noticias\/creada-una-unidad-de-gestion-especifica-para-afrontar-la-incidencia-del-covid-19-en-el-ambito-laboral\/\" title=\"Creada una unidad de gesti\u00f3n espec\u00edfica para afrontar la incidencia del Covid-19 en el \u00e1mbito laboral\">Creada una unidad de gesti\u00f3n espec\u00edfica para afrontar la incidencia del Covid-19 en el \u00e1mbito laboral<\/a>\n<\/span><\/div>","aioseo_breadcrumb_json":[{"label":"Home","link":"https:\/\/www.eldigitaldeasturias.com\/noticias"},{"label":"Econom\u00eda","link":"https:\/\/www.eldigitaldeasturias.com\/noticias\/category\/economia\/"},{"label":"Creada una unidad de gesti\u00f3n espec\u00edfica para afrontar la incidencia del Covid-19 en el \u00e1mbito laboral","link":"https:\/\/www.eldigitaldeasturias.com\/noticias\/creada-una-unidad-de-gestion-especifica-para-afrontar-la-incidencia-del-covid-19-en-el-ambito-laboral\/"}],"_links":{"self":[{"href":"https:\/\/www.eldigitaldeasturias.com\/noticias\/wp-json\/wp\/v2\/posts\/1061416","targetHints":{"allow":["GET"]}}],"collection":[{"href":"https:\/\/www.eldigitaldeasturias.com\/noticias\/wp-json\/wp\/v2\/posts"}],"about":[{"href":"https:\/\/www.eldigitaldeasturias.com\/noticias\/wp-json\/wp\/v2\/types\/post"}],"author":[{"embeddable":true,"href":"https:\/\/www.eldigitaldeasturias.com\/noticias\/wp-json\/wp\/v2\/users\/1"}],"replies":[{"embeddable":true,"href":"https:\/\/www.eldigitaldeasturias.com\/noticias\/wp-json\/wp\/v2\/comments?post=1061416"}],"version-history":[{"count":0,"href":"https:\/\/www.eldigitaldeasturias.com\/noticias\/wp-json\/wp\/v2\/posts\/1061416\/revisions"}],"wp:featuredmedia":[{"embeddable":true,"href":"https:\/\/www.eldigitaldeasturias.com\/noticias\/wp-json\/wp\/v2\/media\/1061417"}],"wp:attachment":[{"href":"https:\/\/www.eldigitaldeasturias.com\/noticias\/wp-json\/wp\/v2\/media?parent=1061416"}],"wp:term":[{"taxonomy":"category","embeddable":true,"href":"https:\/\/www.eldigitaldeasturias.com\/noticias\/wp-json\/wp\/v2\/categories?post=1061416"},{"taxonomy":"post_tag","embeddable":true,"href":"https:\/\/www.eldigitaldeasturias.com\/noticias\/wp-json\/wp\/v2\/tags?post=1061416"}],"curies":[{"name":"wp","href":"https:\/\/api.w.org\/{rel}","templated":true}]}}