{"id":1061405,"date":"2020-03-20T20:28:16","date_gmt":"2020-03-20T20:28:16","guid":{"rendered":"https:\/\/www.eldigitaldeasturias.com\/noticias\/?p=1061405"},"modified":"2020-03-20T20:28:16","modified_gmt":"2020-03-20T20:28:16","slug":"planas-propone-a-la-comision-europea-cambios-en-la-pac-y-el-femp-por-el-covid-19","status":"publish","type":"post","link":"https:\/\/www.eldigitaldeasturias.com\/noticias\/planas-propone-a-la-comision-europea-cambios-en-la-pac-y-el-femp-por-el-covid-19\/","title":{"rendered":"Planas propone a la Comisi\u00f3n Europea cambios en la PAC y el FEMP por el COVID-19"},"content":{"rendered":"<p><img loading=\"lazy\" decoding=\"async\" class=\"alignleft size-medium wp-image-1039575\" src=\"https:\/\/www.eldigitaldeasturias.com\/noticias\/wp-content\/uploads\/2019\/09\/fishing-nets-2329659_960_720-360x238.jpg\" alt=\"\" width=\"360\" height=\"238\" srcset=\"https:\/\/www.eldigitaldeasturias.com\/noticias\/wp-content\/uploads\/2019\/09\/fishing-nets-2329659_960_720-360x238.jpg 360w, https:\/\/www.eldigitaldeasturias.com\/noticias\/wp-content\/uploads\/2019\/09\/fishing-nets-2329659_960_720-768x508.jpg 768w, https:\/\/www.eldigitaldeasturias.com\/noticias\/wp-content\/uploads\/2019\/09\/fishing-nets-2329659_960_720-650x430.jpg 650w, https:\/\/www.eldigitaldeasturias.com\/noticias\/wp-content\/uploads\/2019\/09\/fishing-nets-2329659_960_720.jpg 960w\" sizes=\"auto, (max-width: 360px) 100vw, 360px\" \/>El ministro de Agricultura, Pesca y Alimentaci\u00f3n, <strong>Luis Planas<\/strong>, ha enviado cartas a los comisarios de Agricultura y de Medio Ambiente, Oc\u00e9anos y Pesca, para solicitar la adopci\u00f3n de medidas paliativas ante la situaci\u00f3n creada por la pandemia del coronavirus.<\/p>\n<p>El ministro de Agricultura, Pesca y Alimentaci\u00f3n, Luis Planas, ha indicado al comisario de Agricultura, Janusz Wojciechowski, la necesidad de adoptar cambios significativos en los reglamentos de aplicaci\u00f3n de la Pol\u00edtica Agr\u00edcola Com\u00fan (PAC), para que agricultores y ganaderos \u00abno se vean perjudicados doblemente por esta crisis\u00bb sanitaria. Asimismo, ha solicitado al comisario de Medio Ambiente, Oc\u00e9anos y Pesca, Virginijus Sinkevi\u010dius, una modificaci\u00f3n temporal del Fondo Europeo Mar\u00edtimo y de la Pesca (FEMP) que permitan ayudar al sector pesquero y acu\u00edcola ante la situaci\u00f3n generada por el COVID-19.<\/p>\n<h3>Cambios en los reglamentos de aplicaci\u00f3n de la PAC<\/h3>\n<p>Luis Planas ha advertido que, en muchos casos, la situaci\u00f3n actual impedir\u00eda el pago de las ayudas de la PAC, si se tiene que cumplir toda la normativa establecida para un a\u00f1o normal. \u00abMuchos agricultores, ganaderos y empresas agroalimentarias, no podr\u00e1n cumplir con los requisitos y compromisos, al ralentizarse o incluso detenerse la actividad econ\u00f3mica ordinaria\u00bb, seg\u00fan el ministro.<\/p>\n<p>La rapidez en la evoluci\u00f3n de la pandemia internacional del COVID-19 en toda la Uni\u00f3n Europea requiere de la adopci\u00f3n de medidas inmediatas y eficaces para hacer frente a esta situaci\u00f3n \u00abpara todos in\u00e9dita\u00bb, ya que \u00ablas circunstancias extraordinarias que concurren constituyen, sin duda, una crisis sanitaria sin precedentes\u00bb, apunta el ministro.<\/p>\n<p>Ante esta excepcional y cr\u00edtica situaci\u00f3n, los compromisos vinculados a la PAC, tanto para los beneficiarios de las ayudas como para los Estados miembros, ser\u00e1n \u00abdif\u00edciles de cumplir en una circunstancia de fuerza mayor como en la que nos encontramos\u00bb, destaca el ministro.<\/p>\n<p>La pr\u00f3xima semana est\u00e1 previsto la celebraci\u00f3n del Consejo de Ministros de Agricultura y de Pesca en Bruselas por videoconferencia. Uno de los asuntos prioritarios ser\u00e1 abordar el estado de situaci\u00f3n de los sectores y c\u00f3mo minimizar el impacto en los mismos. En Espa\u00f1a el pasado 14 de marzo se decret\u00f3 el estado de alarma en Espa\u00f1a, con el fin de proteger la salud de la ciudadan\u00eda y contener la progresi\u00f3n de la enfermedad.<\/p>\n<p>En su carta, Planas explica que aunque el sector agroalimentario en su conjunto mantiene su actividad, el cierre de la restauraci\u00f3n fuera del hogar, la ralentizaci\u00f3n del comercio, tanto a nivel interno como internacional y el cambio de pautas de consumo de la poblaci\u00f3n confinada en sus domicilios, \u00abest\u00e1n empezando a ocasionar desequilibrios a cuyas consecuencias debemos anticiparnos\u00bb.<\/p>\n<p>\u00abConf\u00edo en que el debate que mantendremos la semana que viene todos los Estados miembros en torno a este grave problema nos ayude a encontrar soluciones con las que podamos ayudar a nuestros ciudadanos lo antes posible\u00bb, seg\u00fan el ministro.<\/p>\n<p>Propuesta de modificaciones del Fondo Europeo Mar\u00edtimo y de la Pesca (FEMP)<br \/>\nEntre las medidas que plantea al comisario responsable de pesca, el ministro propone incluir la raz\u00f3n de salud p\u00fablica en el \u00e1mbito de las paradas temporales, que se han de circunscribir al periodo de duraci\u00f3n de la crisis, recuperar las ayudas al almacenamiento durante el periodo de esta crisis hasta la recuperaci\u00f3n de precios y ventas, incorporar ayudas a la acuicultura por razones de salud p\u00fablica, as\u00ed como establecer mecanismos r\u00e1pidos y simplificados de modificaci\u00f3n de los programas operativos, al igual que criterios flexibles de transferencia y uso de esta financiaci\u00f3n.<\/p>\n<p><strong>\u00abUna situaci\u00f3n excepcional como la que hacemos frente en la actualidad, requiere una respuesta urgente y robusta\u00bb, resalta el ministro<\/strong>.<\/p>\n<p>En este sentido, y ante la ca\u00edda de la demanda de pescado como consecuencia del cierre de restaurantes y establecimientos hosteleros, el ministro ha pedido ampliar el porcentaje del 10 % de la cuota asignada a Espa\u00f1a este a\u00f1o para que se pueda trasladar al siguiente.<\/p>\n<p>En la misiva, el ministro valora y apoya tambi\u00e9n las propuestas de otros Estados miembros dirigidas a mejorar la cofinanciaci\u00f3n de las paradas temporales al 100% o las referidas a los Planes de Producci\u00f3n y Comercializaci\u00f3n articul\u00e1ndose mecanismos de apoyo espec\u00edfico.<\/p>\n<p>Planas recalca que \u00abtodas nuestras propuestas se circunscriben al periodo de crisis abierta ocasionada por el COVID-19, es decir, no estamos proponiendo ninguna modificaci\u00f3n permanente del Fondo o de las ayudas nacionales para el resto de periodo\u00bb.<\/p>\n<p>\u00abEst\u00e1 en nuestras manos asegurar que el FEMP se constituya como un instrumento estrat\u00e9gico que permita, al sector y a la sociedad en general, encontrar una soluci\u00f3n a la grave crisis a la que nos enfrentamos\u00bb, a\u00f1ade el ministro.<\/p>\n<p>&nbsp;<\/p>\n","protected":false},"excerpt":{"rendered":"<p>El ministro de Agricultura, Pesca y Alimentaci\u00f3n, Luis Planas, ha enviado cartas a los comisarios de Agricultura y de Medio Ambiente, Oc\u00e9anos y Pesca, para solicitar la adopci\u00f3n de medidas paliativas ante la situaci\u00f3n creada por la pandemia del coronavirus. El ministro de Agricultura, Pesca y Alimentaci\u00f3n, Luis Planas, ha indicado al comisario de Agricultura, [&hellip;]<\/p>\n","protected":false},"author":1,"featured_media":1011454,"comment_status":"closed","ping_status":"closed","sticky":false,"template":"","format":"standard","meta":{"footnotes":""},"categories":[187],"tags":[],"class_list":["post-1061405","post","type-post","status-publish","format-standard","has-post-thumbnail","hentry","category-economia"],"aioseo_notices":[],"aioseo_head":"\n\t\t<!-- All in One SEO Pro 4.9.6.2 - aioseo.com -->\n\t<meta name=\"description\" content=\"El ministro de Agricultura, Pesca y Alimentaci\u00f3n, Luis Planas, ha enviado cartas a los comisarios de Agricultura y de Medio Ambiente, Oc\u00e9anos y Pesca, para solicitar la adopci\u00f3n de medidas paliativas ante la situaci\u00f3n creada por la pandemia del coronavirus. El ministro de Agricultura, Pesca y Alimentaci\u00f3n, Luis Planas, ha indicado al comisario de Agricultura,\" \/>\n\t<meta name=\"robots\" content=\"max-image-preview:large\" \/>\n\t<meta name=\"author\" content=\"El Digital de Asturias\"\/>\n\t<meta name=\"google-site-verification\" content=\"UA-38556648-1\" \/>\n\t<meta name=\"msvalidate.01\" content=\"7dfe9f3f1b24437ab69f4f2559babe99\" \/>\n\t<meta name=\"keywords\" content=\"econom\u00eda\" \/>\n\t<link rel=\"canonical\" href=\"https:\/\/www.eldigitaldeasturias.com\/noticias\/planas-propone-a-la-comision-europea-cambios-en-la-pac-y-el-femp-por-el-covid-19\/\" \/>\n\t<meta name=\"generator\" content=\"All in One SEO Pro (AIOSEO) 4.9.6.2\" \/>\n\t\t<meta property=\"og:locale\" content=\"es_ES\" \/>\n\t\t<meta property=\"og:site_name\" content=\"El Digital de Asturias\" \/>\n\t\t<meta property=\"og:type\" content=\"article\" \/>\n\t\t<meta property=\"og:title\" content=\"Planas propone a la Comisi\u00f3n Europea cambios en la PAC y el FEMP por el COVID-19 - El Digital de Asturias\" \/>\n\t\t<meta property=\"og:description\" content=\"El ministro de Agricultura, Pesca y Alimentaci\u00f3n, Luis Planas, ha enviado cartas a los comisarios de Agricultura y de Medio Ambiente, Oc\u00e9anos y Pesca, para solicitar la adopci\u00f3n de medidas paliativas ante la situaci\u00f3n creada por la pandemia del coronavirus. El ministro de Agricultura, Pesca y Alimentaci\u00f3n, Luis Planas, ha indicado al comisario de Agricultura,\" \/>\n\t\t<meta property=\"og:url\" content=\"https:\/\/www.eldigitaldeasturias.com\/noticias\/planas-propone-a-la-comision-europea-cambios-en-la-pac-y-el-femp-por-el-covid-19\/\" \/>\n\t\t<meta property=\"og:image\" content=\"https:\/\/www.eldigitaldeasturias.com\/noticias\/wp-content\/uploads\/2018\/12\/fishing-nets-2329659_960_720.jpg\" \/>\n\t\t<meta property=\"og:image:secure_url\" content=\"https:\/\/www.eldigitaldeasturias.com\/noticias\/wp-content\/uploads\/2018\/12\/fishing-nets-2329659_960_720.jpg\" \/>\n\t\t<meta property=\"og:image:width\" content=\"960\" \/>\n\t\t<meta property=\"og:image:height\" content=\"635\" \/>\n\t\t<meta property=\"article:tag\" content=\"econom\u00eda\" \/>\n\t\t<meta property=\"article:published_time\" content=\"2020-03-20T20:28:16+00:00\" \/>\n\t\t<meta property=\"article:modified_time\" content=\"2020-03-20T20:28:16+00:00\" \/>\n\t\t<meta property=\"article:publisher\" content=\"https:\/\/facebook.com\/eldigitaldeasturias\" \/>\n\t\t<meta name=\"twitter:card\" content=\"summary_large_image\" \/>\n\t\t<meta name=\"twitter:title\" content=\"Planas propone a la Comisi\u00f3n Europea cambios en la PAC y el FEMP por el COVID-19 - El Digital de Asturias\" \/>\n\t\t<meta name=\"twitter:description\" content=\"El ministro de Agricultura, Pesca y Alimentaci\u00f3n, Luis Planas, ha enviado cartas a los comisarios de Agricultura y de Medio Ambiente, Oc\u00e9anos y Pesca, para solicitar la adopci\u00f3n de medidas paliativas ante la situaci\u00f3n creada por la pandemia del coronavirus. El ministro de Agricultura, Pesca y Alimentaci\u00f3n, Luis Planas, ha indicado al comisario de Agricultura,\" \/>\n\t\t<meta name=\"twitter:image\" content=\"https:\/\/www.eldigitaldeasturias.com\/noticias\/wp-content\/uploads\/2018\/12\/fishing-nets-2329659_960_720.jpg\" \/>\n\t\t<meta name=\"twitter:label1\" content=\"Escrito por\" \/>\n\t\t<meta name=\"twitter:data1\" content=\"El Digital de Asturias\" \/>\n\t\t<meta name=\"twitter:label2\" content=\"Tiempo de lectura estimado\" \/>\n\t\t<meta name=\"twitter:data2\" content=\"4 minutos\" \/>\n\t\t<script type=\"application\/ld+json\" class=\"aioseo-schema\">\n\t\t\t{\"@context\":\"https:\\\/\\\/schema.org\",\"@graph\":[{\"@type\":\"BlogPosting\",\"@id\":\"https:\\\/\\\/www.eldigitaldeasturias.com\\\/noticias\\\/planas-propone-a-la-comision-europea-cambios-en-la-pac-y-el-femp-por-el-covid-19\\\/#blogposting\",\"name\":\"Planas propone a la Comisi\\u00f3n Europea cambios en la PAC y el FEMP por el COVID-19 - El Digital de Asturias\",\"headline\":\"Planas propone a la Comisi\\u00f3n Europea cambios en la PAC y el FEMP por el COVID-19\",\"author\":{\"@id\":\"https:\\\/\\\/www.eldigitaldeasturias.com\\\/noticias\\\/author\\\/admin\\\/#author\"},\"publisher\":{\"@id\":\"https:\\\/\\\/www.eldigitaldeasturias.com\\\/noticias\\\/#organization\"},\"image\":{\"@type\":\"ImageObject\",\"url\":\"https:\\\/\\\/www.eldigitaldeasturias.com\\\/noticias\\\/wp-content\\\/uploads\\\/2018\\\/12\\\/fishing-nets-2329659_960_720.jpg\",\"width\":960,\"height\":635},\"datePublished\":\"2020-03-20T20:28:16+01:00\",\"dateModified\":\"2020-03-20T20:28:16+01:00\",\"inLanguage\":\"es-ES\",\"mainEntityOfPage\":{\"@id\":\"https:\\\/\\\/www.eldigitaldeasturias.com\\\/noticias\\\/planas-propone-a-la-comision-europea-cambios-en-la-pac-y-el-femp-por-el-covid-19\\\/#webpage\"},\"isPartOf\":{\"@id\":\"https:\\\/\\\/www.eldigitaldeasturias.com\\\/noticias\\\/planas-propone-a-la-comision-europea-cambios-en-la-pac-y-el-femp-por-el-covid-19\\\/#webpage\"},\"articleSection\":\"Econom\\u00eda\"},{\"@type\":\"BreadcrumbList\",\"@id\":\"https:\\\/\\\/www.eldigitaldeasturias.com\\\/noticias\\\/planas-propone-a-la-comision-europea-cambios-en-la-pac-y-el-femp-por-el-covid-19\\\/#breadcrumblist\",\"itemListElement\":[{\"@type\":\"ListItem\",\"@id\":\"https:\\\/\\\/www.eldigitaldeasturias.com\\\/noticias#listItem\",\"position\":1,\"name\":\"Home\",\"item\":\"https:\\\/\\\/www.eldigitaldeasturias.com\\\/noticias\",\"nextItem\":{\"@type\":\"ListItem\",\"@id\":\"https:\\\/\\\/www.eldigitaldeasturias.com\\\/noticias\\\/category\\\/economia\\\/#listItem\",\"name\":\"Econom\\u00eda\"}},{\"@type\":\"ListItem\",\"@id\":\"https:\\\/\\\/www.eldigitaldeasturias.com\\\/noticias\\\/category\\\/economia\\\/#listItem\",\"position\":2,\"name\":\"Econom\\u00eda\",\"item\":\"https:\\\/\\\/www.eldigitaldeasturias.com\\\/noticias\\\/category\\\/economia\\\/\",\"nextItem\":{\"@type\":\"ListItem\",\"@id\":\"https:\\\/\\\/www.eldigitaldeasturias.com\\\/noticias\\\/planas-propone-a-la-comision-europea-cambios-en-la-pac-y-el-femp-por-el-covid-19\\\/#listItem\",\"name\":\"Planas propone a la Comisi\\u00f3n Europea cambios en la PAC y el FEMP por el COVID-19\"},\"previousItem\":{\"@type\":\"ListItem\",\"@id\":\"https:\\\/\\\/www.eldigitaldeasturias.com\\\/noticias#listItem\",\"name\":\"Home\"}},{\"@type\":\"ListItem\",\"@id\":\"https:\\\/\\\/www.eldigitaldeasturias.com\\\/noticias\\\/planas-propone-a-la-comision-europea-cambios-en-la-pac-y-el-femp-por-el-covid-19\\\/#listItem\",\"position\":3,\"name\":\"Planas propone a la Comisi\\u00f3n Europea cambios en la PAC y el FEMP por el COVID-19\",\"previousItem\":{\"@type\":\"ListItem\",\"@id\":\"https:\\\/\\\/www.eldigitaldeasturias.com\\\/noticias\\\/category\\\/economia\\\/#listItem\",\"name\":\"Econom\\u00eda\"}}]},{\"@type\":\"Organization\",\"@id\":\"https:\\\/\\\/www.eldigitaldeasturias.com\\\/noticias\\\/#organization\",\"name\":\"El Digital de Asturias\",\"description\":\"Hemeroteca\",\"url\":\"https:\\\/\\\/www.eldigitaldeasturias.com\\\/noticias\\\/\",\"email\":\"info@eldigitaldeasturias.com\",\"telephone\":\"+34652131393\",\"logo\":{\"@type\":\"ImageObject\",\"url\":\"https:\\\/\\\/www.eldigitaldeasturias.com\\\/noticias\\\/wp-content\\\/uploads\\\/2020\\\/12\\\/EDA.jpg\",\"@id\":\"https:\\\/\\\/www.eldigitaldeasturias.com\\\/noticias\\\/planas-propone-a-la-comision-europea-cambios-en-la-pac-y-el-femp-por-el-covid-19\\\/#organizationLogo\",\"width\":649,\"height\":297},\"image\":{\"@id\":\"https:\\\/\\\/www.eldigitaldeasturias.com\\\/noticias\\\/planas-propone-a-la-comision-europea-cambios-en-la-pac-y-el-femp-por-el-covid-19\\\/#organizationLogo\"},\"sameAs\":[\"https:\\\/\\\/facebook.com\\\/eldigitaldeasturias\",\"https:\\\/\\\/www.youtube.com\\\/channel\\\/UCZP-2wLEB9Rv6erhFmqVnvg\"],\"address\":{\"@id\":\"https:\\\/\\\/www.eldigitaldeasturias.com\\\/noticias\\\/#postaladdress\",\"@type\":\"PostalAddress\",\"streetAddress\":\"san antonio 4,\",\"postalCode\":\"33430\",\"addressLocality\":\"Cand\\u00e1s\",\"addressRegion\":\"Asturias\",\"addressCountry\":\"ES\"}},{\"@type\":\"Person\",\"@id\":\"https:\\\/\\\/www.eldigitaldeasturias.com\\\/noticias\\\/author\\\/admin\\\/#author\",\"url\":\"https:\\\/\\\/www.eldigitaldeasturias.com\\\/noticias\\\/author\\\/admin\\\/\",\"name\":\"El Digital de Asturias\",\"image\":{\"@type\":\"ImageObject\",\"@id\":\"https:\\\/\\\/www.eldigitaldeasturias.com\\\/noticias\\\/planas-propone-a-la-comision-europea-cambios-en-la-pac-y-el-femp-por-el-covid-19\\\/#authorImage\",\"url\":\"https:\\\/\\\/www.eldigitaldeasturias.com\\\/noticias\\\/wp-content\\\/litespeed\\\/avatar\\\/18677e78aa0546b92d9dbf31ec7d7668.jpg?ver=1777290358\",\"width\":96,\"height\":96,\"caption\":\"El Digital de Asturias\"}},{\"@type\":\"WebPage\",\"@id\":\"https:\\\/\\\/www.eldigitaldeasturias.com\\\/noticias\\\/planas-propone-a-la-comision-europea-cambios-en-la-pac-y-el-femp-por-el-covid-19\\\/#webpage\",\"url\":\"https:\\\/\\\/www.eldigitaldeasturias.com\\\/noticias\\\/planas-propone-a-la-comision-europea-cambios-en-la-pac-y-el-femp-por-el-covid-19\\\/\",\"name\":\"Planas propone a la Comisi\\u00f3n Europea cambios en la PAC y el FEMP por el COVID-19 - El Digital de Asturias\",\"description\":\"El ministro de Agricultura, Pesca y Alimentaci\\u00f3n, Luis Planas, ha enviado cartas a los comisarios de Agricultura y de Medio Ambiente, Oc\\u00e9anos y Pesca, para solicitar la adopci\\u00f3n de medidas paliativas ante la situaci\\u00f3n creada por la pandemia del coronavirus. El ministro de Agricultura, Pesca y Alimentaci\\u00f3n, Luis Planas, ha indicado al comisario de Agricultura,\",\"inLanguage\":\"es-ES\",\"isPartOf\":{\"@id\":\"https:\\\/\\\/www.eldigitaldeasturias.com\\\/noticias\\\/#website\"},\"breadcrumb\":{\"@id\":\"https:\\\/\\\/www.eldigitaldeasturias.com\\\/noticias\\\/planas-propone-a-la-comision-europea-cambios-en-la-pac-y-el-femp-por-el-covid-19\\\/#breadcrumblist\"},\"author\":{\"@id\":\"https:\\\/\\\/www.eldigitaldeasturias.com\\\/noticias\\\/author\\\/admin\\\/#author\"},\"creator\":{\"@id\":\"https:\\\/\\\/www.eldigitaldeasturias.com\\\/noticias\\\/author\\\/admin\\\/#author\"},\"image\":{\"@type\":\"ImageObject\",\"url\":\"https:\\\/\\\/www.eldigitaldeasturias.com\\\/noticias\\\/wp-content\\\/uploads\\\/2018\\\/12\\\/fishing-nets-2329659_960_720.jpg\",\"@id\":\"https:\\\/\\\/www.eldigitaldeasturias.com\\\/noticias\\\/planas-propone-a-la-comision-europea-cambios-en-la-pac-y-el-femp-por-el-covid-19\\\/#mainImage\",\"width\":960,\"height\":635},\"primaryImageOfPage\":{\"@id\":\"https:\\\/\\\/www.eldigitaldeasturias.com\\\/noticias\\\/planas-propone-a-la-comision-europea-cambios-en-la-pac-y-el-femp-por-el-covid-19\\\/#mainImage\"},\"datePublished\":\"2020-03-20T20:28:16+01:00\",\"dateModified\":\"2020-03-20T20:28:16+01:00\"},{\"@type\":\"WebSite\",\"@id\":\"https:\\\/\\\/www.eldigitaldeasturias.com\\\/noticias\\\/#website\",\"url\":\"https:\\\/\\\/www.eldigitaldeasturias.com\\\/noticias\\\/\",\"name\":\"El Digital de Asturias - Diario de actualidad y noticias\",\"alternateName\":\"El Digital de Asturias - Diario de actualidad y noticias\",\"description\":\"Hemeroteca\",\"inLanguage\":\"es-ES\",\"publisher\":{\"@id\":\"https:\\\/\\\/www.eldigitaldeasturias.com\\\/noticias\\\/#organization\"}}]}\n\t\t<\/script>\n\t\t<!-- All in One SEO Pro -->\r\n\t\t<title>Planas propone a la Comisi\u00f3n Europea cambios en la PAC y el FEMP por el COVID-19 - El Digital de Asturias<\/title>\n\n","aioseo_head_json":{"title":"Planas propone a la Comisi\u00f3n Europea cambios en la PAC y el FEMP por el COVID-19 - El Digital de Asturias","description":"El ministro de Agricultura, Pesca y Alimentaci\u00f3n, Luis Planas, ha enviado cartas a los comisarios de Agricultura y de Medio Ambiente, Oc\u00e9anos y Pesca, para solicitar la adopci\u00f3n de medidas paliativas ante la situaci\u00f3n creada por la pandemia del coronavirus. El ministro de Agricultura, Pesca y Alimentaci\u00f3n, Luis Planas, ha indicado al comisario de Agricultura,","canonical_url":"https:\/\/www.eldigitaldeasturias.com\/noticias\/planas-propone-a-la-comision-europea-cambios-en-la-pac-y-el-femp-por-el-covid-19\/","robots":"max-image-preview:large","keywords":"econom\u00eda","webmasterTools":{"google-site-verification":"UA-38556648-1","msvalidate.01":"7dfe9f3f1b24437ab69f4f2559babe99","miscellaneous":""},"schema":{"@context":"https:\/\/schema.org","@graph":[{"@type":"BlogPosting","@id":"https:\/\/www.eldigitaldeasturias.com\/noticias\/planas-propone-a-la-comision-europea-cambios-en-la-pac-y-el-femp-por-el-covid-19\/#blogposting","name":"Planas propone a la Comisi\u00f3n Europea cambios en la PAC y el FEMP por el COVID-19 - El Digital de Asturias","headline":"Planas propone a la Comisi\u00f3n Europea cambios en la PAC y el FEMP por el COVID-19","author":{"@id":"https:\/\/www.eldigitaldeasturias.com\/noticias\/author\/admin\/#author"},"publisher":{"@id":"https:\/\/www.eldigitaldeasturias.com\/noticias\/#organization"},"image":{"@type":"ImageObject","url":"https:\/\/www.eldigitaldeasturias.com\/noticias\/wp-content\/uploads\/2018\/12\/fishing-nets-2329659_960_720.jpg","width":960,"height":635},"datePublished":"2020-03-20T20:28:16+01:00","dateModified":"2020-03-20T20:28:16+01:00","inLanguage":"es-ES","mainEntityOfPage":{"@id":"https:\/\/www.eldigitaldeasturias.com\/noticias\/planas-propone-a-la-comision-europea-cambios-en-la-pac-y-el-femp-por-el-covid-19\/#webpage"},"isPartOf":{"@id":"https:\/\/www.eldigitaldeasturias.com\/noticias\/planas-propone-a-la-comision-europea-cambios-en-la-pac-y-el-femp-por-el-covid-19\/#webpage"},"articleSection":"Econom\u00eda"},{"@type":"BreadcrumbList","@id":"https:\/\/www.eldigitaldeasturias.com\/noticias\/planas-propone-a-la-comision-europea-cambios-en-la-pac-y-el-femp-por-el-covid-19\/#breadcrumblist","itemListElement":[{"@type":"ListItem","@id":"https:\/\/www.eldigitaldeasturias.com\/noticias#listItem","position":1,"name":"Home","item":"https:\/\/www.eldigitaldeasturias.com\/noticias","nextItem":{"@type":"ListItem","@id":"https:\/\/www.eldigitaldeasturias.com\/noticias\/category\/economia\/#listItem","name":"Econom\u00eda"}},{"@type":"ListItem","@id":"https:\/\/www.eldigitaldeasturias.com\/noticias\/category\/economia\/#listItem","position":2,"name":"Econom\u00eda","item":"https:\/\/www.eldigitaldeasturias.com\/noticias\/category\/economia\/","nextItem":{"@type":"ListItem","@id":"https:\/\/www.eldigitaldeasturias.com\/noticias\/planas-propone-a-la-comision-europea-cambios-en-la-pac-y-el-femp-por-el-covid-19\/#listItem","name":"Planas propone a la Comisi\u00f3n Europea cambios en la PAC y el FEMP por el COVID-19"},"previousItem":{"@type":"ListItem","@id":"https:\/\/www.eldigitaldeasturias.com\/noticias#listItem","name":"Home"}},{"@type":"ListItem","@id":"https:\/\/www.eldigitaldeasturias.com\/noticias\/planas-propone-a-la-comision-europea-cambios-en-la-pac-y-el-femp-por-el-covid-19\/#listItem","position":3,"name":"Planas propone a la Comisi\u00f3n Europea cambios en la PAC y el FEMP por el COVID-19","previousItem":{"@type":"ListItem","@id":"https:\/\/www.eldigitaldeasturias.com\/noticias\/category\/economia\/#listItem","name":"Econom\u00eda"}}]},{"@type":"Organization","@id":"https:\/\/www.eldigitaldeasturias.com\/noticias\/#organization","name":"El Digital de Asturias","description":"Hemeroteca","url":"https:\/\/www.eldigitaldeasturias.com\/noticias\/","email":"info@eldigitaldeasturias.com","telephone":"+34652131393","logo":{"@type":"ImageObject","url":"https:\/\/www.eldigitaldeasturias.com\/noticias\/wp-content\/uploads\/2020\/12\/EDA.jpg","@id":"https:\/\/www.eldigitaldeasturias.com\/noticias\/planas-propone-a-la-comision-europea-cambios-en-la-pac-y-el-femp-por-el-covid-19\/#organizationLogo","width":649,"height":297},"image":{"@id":"https:\/\/www.eldigitaldeasturias.com\/noticias\/planas-propone-a-la-comision-europea-cambios-en-la-pac-y-el-femp-por-el-covid-19\/#organizationLogo"},"sameAs":["https:\/\/facebook.com\/eldigitaldeasturias","https:\/\/www.youtube.com\/channel\/UCZP-2wLEB9Rv6erhFmqVnvg"],"address":{"@id":"https:\/\/www.eldigitaldeasturias.com\/noticias\/#postaladdress","@type":"PostalAddress","streetAddress":"san antonio 4,","postalCode":"33430","addressLocality":"Cand\u00e1s","addressRegion":"Asturias","addressCountry":"ES"}},{"@type":"Person","@id":"https:\/\/www.eldigitaldeasturias.com\/noticias\/author\/admin\/#author","url":"https:\/\/www.eldigitaldeasturias.com\/noticias\/author\/admin\/","name":"El Digital de Asturias","image":{"@type":"ImageObject","@id":"https:\/\/www.eldigitaldeasturias.com\/noticias\/planas-propone-a-la-comision-europea-cambios-en-la-pac-y-el-femp-por-el-covid-19\/#authorImage","url":"https:\/\/www.eldigitaldeasturias.com\/noticias\/wp-content\/litespeed\/avatar\/18677e78aa0546b92d9dbf31ec7d7668.jpg?ver=1777290358","width":96,"height":96,"caption":"El Digital de Asturias"}},{"@type":"WebPage","@id":"https:\/\/www.eldigitaldeasturias.com\/noticias\/planas-propone-a-la-comision-europea-cambios-en-la-pac-y-el-femp-por-el-covid-19\/#webpage","url":"https:\/\/www.eldigitaldeasturias.com\/noticias\/planas-propone-a-la-comision-europea-cambios-en-la-pac-y-el-femp-por-el-covid-19\/","name":"Planas propone a la Comisi\u00f3n Europea cambios en la PAC y el FEMP por el COVID-19 - El Digital de Asturias","description":"El ministro de Agricultura, Pesca y Alimentaci\u00f3n, Luis Planas, ha enviado cartas a los comisarios de Agricultura y de Medio Ambiente, Oc\u00e9anos y Pesca, para solicitar la adopci\u00f3n de medidas paliativas ante la situaci\u00f3n creada por la pandemia del coronavirus. El ministro de Agricultura, Pesca y Alimentaci\u00f3n, Luis Planas, ha indicado al comisario de Agricultura,","inLanguage":"es-ES","isPartOf":{"@id":"https:\/\/www.eldigitaldeasturias.com\/noticias\/#website"},"breadcrumb":{"@id":"https:\/\/www.eldigitaldeasturias.com\/noticias\/planas-propone-a-la-comision-europea-cambios-en-la-pac-y-el-femp-por-el-covid-19\/#breadcrumblist"},"author":{"@id":"https:\/\/www.eldigitaldeasturias.com\/noticias\/author\/admin\/#author"},"creator":{"@id":"https:\/\/www.eldigitaldeasturias.com\/noticias\/author\/admin\/#author"},"image":{"@type":"ImageObject","url":"https:\/\/www.eldigitaldeasturias.com\/noticias\/wp-content\/uploads\/2018\/12\/fishing-nets-2329659_960_720.jpg","@id":"https:\/\/www.eldigitaldeasturias.com\/noticias\/planas-propone-a-la-comision-europea-cambios-en-la-pac-y-el-femp-por-el-covid-19\/#mainImage","width":960,"height":635},"primaryImageOfPage":{"@id":"https:\/\/www.eldigitaldeasturias.com\/noticias\/planas-propone-a-la-comision-europea-cambios-en-la-pac-y-el-femp-por-el-covid-19\/#mainImage"},"datePublished":"2020-03-20T20:28:16+01:00","dateModified":"2020-03-20T20:28:16+01:00"},{"@type":"WebSite","@id":"https:\/\/www.eldigitaldeasturias.com\/noticias\/#website","url":"https:\/\/www.eldigitaldeasturias.com\/noticias\/","name":"El Digital de Asturias - Diario de actualidad y noticias","alternateName":"El Digital de Asturias - Diario de actualidad y noticias","description":"Hemeroteca","inLanguage":"es-ES","publisher":{"@id":"https:\/\/www.eldigitaldeasturias.com\/noticias\/#organization"}}]},"og:locale":"es_ES","og:site_name":"El Digital de Asturias","og:type":"article","og:title":"Planas propone a la Comisi\u00f3n Europea cambios en la PAC y el FEMP por el COVID-19 - El Digital de Asturias","og:description":"El ministro de Agricultura, Pesca y Alimentaci\u00f3n, Luis Planas, ha enviado cartas a los comisarios de Agricultura y de Medio Ambiente, Oc\u00e9anos y Pesca, para solicitar la adopci\u00f3n de medidas paliativas ante la situaci\u00f3n creada por la pandemia del coronavirus. El ministro de Agricultura, Pesca y Alimentaci\u00f3n, Luis Planas, ha indicado al comisario de Agricultura,","og:url":"https:\/\/www.eldigitaldeasturias.com\/noticias\/planas-propone-a-la-comision-europea-cambios-en-la-pac-y-el-femp-por-el-covid-19\/","og:image":"https:\/\/www.eldigitaldeasturias.com\/noticias\/wp-content\/uploads\/2018\/12\/fishing-nets-2329659_960_720.jpg","og:image:secure_url":"https:\/\/www.eldigitaldeasturias.com\/noticias\/wp-content\/uploads\/2018\/12\/fishing-nets-2329659_960_720.jpg","og:image:width":960,"og:image:height":635,"article:tag":["econom\u00eda"],"article:published_time":"2020-03-20T20:28:16+00:00","article:modified_time":"2020-03-20T20:28:16+00:00","article:publisher":"https:\/\/facebook.com\/eldigitaldeasturias","twitter:card":"summary_large_image","twitter:title":"Planas propone a la Comisi\u00f3n Europea cambios en la PAC y el FEMP por el COVID-19 - El Digital de Asturias","twitter:description":"El ministro de Agricultura, Pesca y Alimentaci\u00f3n, Luis Planas, ha enviado cartas a los comisarios de Agricultura y de Medio Ambiente, Oc\u00e9anos y Pesca, para solicitar la adopci\u00f3n de medidas paliativas ante la situaci\u00f3n creada por la pandemia del coronavirus. El ministro de Agricultura, Pesca y Alimentaci\u00f3n, Luis Planas, ha indicado al comisario de Agricultura,","twitter:image":"https:\/\/www.eldigitaldeasturias.com\/noticias\/wp-content\/uploads\/2018\/12\/fishing-nets-2329659_960_720.jpg","twitter:label1":"Escrito por","twitter:data1":"El Digital de Asturias","twitter:label2":"Tiempo de lectura estimado","twitter:data2":"4 minutos"},"aioseo_meta_data":{"post_id":"1061405","title":null,"description":null,"keywords":null,"keyphrases":null,"primary_term":null,"canonical_url":null,"og_title":null,"og_description":null,"og_object_type":"default","og_image_type":"default","og_image_url":null,"og_image_width":null,"og_image_height":null,"og_image_custom_url":null,"og_image_custom_fields":null,"og_video":null,"og_custom_url":null,"og_article_section":null,"og_article_tags":null,"twitter_use_og":false,"twitter_card":"default","twitter_image_type":"default","twitter_image_url":null,"twitter_image_custom_url":null,"twitter_image_custom_fields":null,"twitter_title":null,"twitter_description":null,"schema":{"blockGraphs":[],"customGraphs":[],"default":{"data":{"Article":[],"Course":[],"Dataset":[],"FAQPage":[],"Movie":[],"Person":[],"Product":[],"ProductReview":[],"Car":[],"Recipe":[],"Service":[],"SoftwareApplication":[],"WebPage":[]},"graphName":"","isEnabled":true},"graphs":[],"defaultGraph":"","defaultPostTypeGraph":""},"schema_type":null,"schema_type_options":null,"pillar_content":false,"robots_default":true,"robots_noindex":false,"robots_noarchive":false,"robots_nosnippet":false,"robots_nofollow":false,"robots_noimageindex":false,"robots_noodp":false,"robots_notranslate":false,"robots_max_snippet":null,"robots_max_videopreview":null,"robots_max_imagepreview":"large","priority":null,"frequency":null,"local_seo":null,"seo_analyzer_scan_date":"2025-10-31 15:27:43","breadcrumb_settings":null,"limit_modified_date":false,"open_ai":null,"ai":null,"created":"2020-12-21 10:53:31","updated":"2025-10-31 15:27:43"},"aioseo_breadcrumb":"<div class=\"aioseo-breadcrumbs\"><span class=\"aioseo-breadcrumb\">\n\t<a href=\"https:\/\/www.eldigitaldeasturias.com\/noticias\" title=\"Home\">Home<\/a>\n<\/span><span class=\"aioseo-breadcrumb-separator\">\u2013<\/span><span class=\"aioseo-breadcrumb\">\n\t<a href=\"https:\/\/www.eldigitaldeasturias.com\/noticias\/category\/economia\/\" title=\"Econom\u00eda\">Econom\u00eda<\/a>\n<\/span><span class=\"aioseo-breadcrumb-separator\">\u2013<\/span><span class=\"aioseo-breadcrumb\">\n\t<a href=\"https:\/\/www.eldigitaldeasturias.com\/noticias\/planas-propone-a-la-comision-europea-cambios-en-la-pac-y-el-femp-por-el-covid-19\/\" title=\"Planas propone a la Comisi\u00f3n Europea cambios en la PAC y el FEMP por el COVID-19\">Planas propone a la Comisi\u00f3n Europea cambios en la PAC y el FEMP por el COVID-19<\/a>\n<\/span><\/div>","aioseo_breadcrumb_json":[{"label":"Home","link":"https:\/\/www.eldigitaldeasturias.com\/noticias"},{"label":"Econom\u00eda","link":"https:\/\/www.eldigitaldeasturias.com\/noticias\/category\/economia\/"},{"label":"Planas propone a la Comisi\u00f3n Europea cambios en la PAC y el FEMP por el COVID-19","link":"https:\/\/www.eldigitaldeasturias.com\/noticias\/planas-propone-a-la-comision-europea-cambios-en-la-pac-y-el-femp-por-el-covid-19\/"}],"_links":{"self":[{"href":"https:\/\/www.eldigitaldeasturias.com\/noticias\/wp-json\/wp\/v2\/posts\/1061405","targetHints":{"allow":["GET"]}}],"collection":[{"href":"https:\/\/www.eldigitaldeasturias.com\/noticias\/wp-json\/wp\/v2\/posts"}],"about":[{"href":"https:\/\/www.eldigitaldeasturias.com\/noticias\/wp-json\/wp\/v2\/types\/post"}],"author":[{"embeddable":true,"href":"https:\/\/www.eldigitaldeasturias.com\/noticias\/wp-json\/wp\/v2\/users\/1"}],"replies":[{"embeddable":true,"href":"https:\/\/www.eldigitaldeasturias.com\/noticias\/wp-json\/wp\/v2\/comments?post=1061405"}],"version-history":[{"count":0,"href":"https:\/\/www.eldigitaldeasturias.com\/noticias\/wp-json\/wp\/v2\/posts\/1061405\/revisions"}],"wp:featuredmedia":[{"embeddable":true,"href":"https:\/\/www.eldigitaldeasturias.com\/noticias\/wp-json\/wp\/v2\/media\/1011454"}],"wp:attachment":[{"href":"https:\/\/www.eldigitaldeasturias.com\/noticias\/wp-json\/wp\/v2\/media?parent=1061405"}],"wp:term":[{"taxonomy":"category","embeddable":true,"href":"https:\/\/www.eldigitaldeasturias.com\/noticias\/wp-json\/wp\/v2\/categories?post=1061405"},{"taxonomy":"post_tag","embeddable":true,"href":"https:\/\/www.eldigitaldeasturias.com\/noticias\/wp-json\/wp\/v2\/tags?post=1061405"}],"curies":[{"name":"wp","href":"https:\/\/api.w.org\/{rel}","templated":true}]}}