{"id":1061356,"date":"2020-03-19T22:24:05","date_gmt":"2020-03-19T22:24:05","guid":{"rendered":"https:\/\/www.eldigitaldeasturias.com\/noticias\/?p=1061356"},"modified":"2020-03-19T22:24:05","modified_gmt":"2020-03-19T22:24:05","slug":"alvaro-saez-los-espanoles-vuelven-a-no-confiar-en-la-economia","status":"publish","type":"post","link":"https:\/\/www.eldigitaldeasturias.com\/noticias\/alvaro-saez-los-espanoles-vuelven-a-no-confiar-en-la-economia\/","title":{"rendered":"\u00c1lvaro Sa\u00e9z: \u00abLos espa\u00f1oles vuelven a no confiar en la Econom\u00eda\u00bb"},"content":{"rendered":"<p><img loading=\"lazy\" decoding=\"async\" class=\"alignleft size-medium wp-image-1061357\" src=\"https:\/\/www.eldigitaldeasturias.com\/noticias\/wp-content\/uploads\/2020\/03\/1583924915_alvaro_saez_abobado_fiscalista-360x235.png\" alt=\"\" width=\"360\" height=\"235\" srcset=\"https:\/\/www.eldigitaldeasturias.com\/noticias\/wp-content\/uploads\/2020\/03\/1583924915_alvaro_saez_abobado_fiscalista-360x235.png 360w, https:\/\/www.eldigitaldeasturias.com\/noticias\/wp-content\/uploads\/2020\/03\/1583924915_alvaro_saez_abobado_fiscalista-459x300.png 459w, https:\/\/www.eldigitaldeasturias.com\/noticias\/wp-content\/uploads\/2020\/03\/1583924915_alvaro_saez_abobado_fiscalista.png 688w\" sizes=\"auto, (max-width: 360px) 100vw, 360px\" \/>\u00c1lvaro Sa\u00e9z, abogado fiscalista: \u00abDespu\u00e9s de unos a\u00f1os en los que hemos visto como la confianza de los consumidores espa\u00f1oles crec\u00eda, hoy la crisis sanitaria por el coronavirus, la inestabilidad pol\u00edtica y la esperada subida de Impuestos y precios la ha roto\u00bb<\/p>\n<p>Seg\u00fan el \u00faltimo \u00cdndice de Confianza del Consumidor (ICC) del mes de diciembre \u2014\u00a0<span style=\"color: #ff6600;\"><strong><a style=\"color: #ff6600;\" href=\"http:\/\/datos.cis.es\/pdf\/Es3270mar_A.pdf\" target=\"_blank\" rel=\"nofollow noopener noreferrer\">http:\/\/datos.cis.es\/pdf\/Es3270mar_A.pdf\u00a0<\/a><\/strong><\/span>\u2014 elaborado por el CIS (2019) los espa\u00f1oles han perdido un 13,2% de su confianza general en precios, ahorro, consumo y tipos de inter\u00e9s. En enero de 2019 el \u00edndice se situaba en un 90,9% y ha llegado a un 77,7% en diciembre.<\/p>\n<p>La memoria recoge la confianza del consumidor que es un indicador econ\u00f3mico que mide el grado de optimismo que los propios consumidores sienten sobre el estado general de la econom\u00eda y sobre su situaci\u00f3n financiera personal.<br \/>\nEl ICC permite aproximarse a las intenciones de gasto de los consumidores pregunt\u00e1ndoles por su percepci\u00f3n actual y sus expectativas de futuro para la econom\u00eda del pa\u00eds, su econom\u00eda familiar y el empleo. Se basa en una encuesta mensual realizada telef\u00f3nicamente a una muestra de 2.200 individuos mayores de 16 a\u00f1os representativos del conjunto de la sociedad espa\u00f1ola.<\/p>\n<p>El objetivo final de este \u00edndice, dentro de la bater\u00eda de \u00edndices econ\u00f3micos elaborados por instituciones espa\u00f1olas, es el de ser una herramienta \u00fatil para interpretar y predecir la evoluci\u00f3n del consumo privado en Espa\u00f1a.<\/p>\n<p><strong>\u00c1lvaro S\u00e1ez, abogado fiscalista, afirma:<\/strong><\/p>\n<p>\u00abEl ICC es negativo y por tanto pesimista. Solo hay que ver como los datos han crecido exponencialmente en apenas un a\u00f1o. Hoy por hoy casi la mitad de la poblaci\u00f3n, en concreto un 46,4% asegura que en el 2020 la econom\u00eda ir\u00e1 a peor, eso significa menos inversi\u00f3n y menos emprendimiento lo que sin duda se traducir\u00e1 en menos ingresos futuros y m\u00e1s impuestos a pagar\u00bb.<\/p>\n<p>En la parte global del estudio, adem\u00e1s de la evoluci\u00f3n de la Confianza de los Consumidores desde el a\u00f1o 2005, se concretan algunos datos relacionados con el estancamiento de sueldos con un 12% que ven peor hoy su situaci\u00f3n que hace un a\u00f1o en ese caso concreto o el 29,8% que cree que el alza de los precios es un hecho.<\/p>\n<p>En Espa\u00f1a el 52,9% considera que hoy su situaci\u00f3n es peor que hace 6 meses y un 46,9% que encontrar trabajo tambi\u00e9n es m\u00e1s dif\u00edcil que 6 meses atr\u00e1s.<\/p>\n<p>Es cierto que comparativamente con los resultados de a\u00f1os como el 2008 o el 2012 con unos datos de confianza del ICC de un 47% y 38% respectivamente, hay una enorme distancia de entre 30 y 40 puntos porcentuales.<\/p>\n<p>Toda esta situaci\u00f3n se agravado en los \u00faltimos d\u00edas tras la declaraci\u00f3n del Estado de Alarma para frenar la epidemia por coronavirus en Espa\u00f1a.<\/p>\n<p><strong>\u00c1lvaro S\u00e1ez, Abogado de Impuestos, dice:<\/strong><\/p>\n<p>\u00abCuanta menos confianza, menos inversi\u00f3n y menos empleo. Y el empleo es lo que m\u00e1s impuestos recauda. Es normal tener miedo a no llegar a fin de mes y a los cambios en pol\u00edtica econ\u00f3mica cuando estos suponen m\u00e1s Impuestos. Pasar de tener a perder no es f\u00e1cil\u00bb.<\/p>\n<p>En el libro\u00a0<em>No pagar Impuestos para ayudar a los dem\u00e1s<\/em>\u2014\u00a0<strong><a href=\"https:\/\/www.amazon.es\/dp\/8417740961\/ref=cm_sw_em_r_mt_dp_U_CmvWDb6E51Y3N\" target=\"_blank\" rel=\"nofollow noopener noreferrer\"><span style=\"color: #ff6600;\">https:\/\/www.amazon.es\/dp\/8417740961\/ref=cm_sw_em_r_mt_dp_U_CmvWDb6E51Y3N<\/span><\/a><\/strong>\u2014, \u00c1lvaro S\u00e1ez habla del miedo a los Impuestos y de c\u00f3mo es posible simplificar esos temores:<\/p>\n<p>\u00abTodo es una cuesti\u00f3n de plantearse la situaci\u00f3n econ\u00f3mica de una manera un tanto distinta. Existen estrategias y f\u00f3rmulas al alcance de todos para poder hacerlo.<\/p>\n<p>No pagar Impuestos, o pagar menos es sencillo siempre y cuando est\u00e9s dispuesto a cambiar y crecer, es decir, a invertir. Dejando a un lado el miedo.<\/p>\n<p>Sin trucos raros que te lleven a la bancarrota, sin enga\u00f1os que te hagan temer los resultados.<\/p>\n<p>Es hora de dejar de ser parte de ese 46,5 % que llega justo a fin de mes o de ese cuarto \u201425%\u2014 que cree que hoy su situaci\u00f3n econ\u00f3mica es peor que la de hace un a\u00f1o\u00bb.<\/p>\n<p>El indicador de confianza del consumidor registr\u00f3 en 2019 su nivel m\u00e1s bajo desde 2015. Revela tambi\u00e9n un empeoramiento de las perspectivas de consumo, que cae 2,4 puntos, y ahorro que cae 2 puntos, as\u00ed como una bajada de 5,8 puntos en los temores de inflaci\u00f3n y de 3,8 puntos en la expectativa de subida de los tipos de inter\u00e9s.<\/p>\n<p>\u00c1lvaro S\u00e1ez,\u00a0<span style=\"color: #ff6600;\"><strong><a style=\"color: #ff6600;\" href=\"https:\/\/saez.law\/tus-impresiones\/\" target=\"_blank\" rel=\"nofollow noopener noreferrer\">abogado fiscal<\/a><\/strong><\/span>, insiste:<\/p>\n<p>\u00abLa Confianza del Consumidor, del Inversor y los Impuestos son tres factores que van de la mano. Si el consumidor y el inversor no conf\u00edan es, en su base, porque temen que las subidas y los Impuestos acaben con la estabilidad y el crecimiento de su propia econom\u00eda. La consecuencia, dejan de consumir y de invertir y la econom\u00eda en definitiva termina y\u00e9ndose al traste lo que hace caer la recaudaci\u00f3n de Impuestos. Una fiscalidad inteligente puede ser el revulsivo que necesitamos para salir de la crisis econ\u00f3mica derivada del coronavirus\u00bb.<\/p>\n<p>Es posible\u00a0ampliar el contenido de esta noticia en su blog:\u00a0<span style=\"color: #ff6600;\"><strong><a style=\"color: #ff6600;\" href=\"https:\/\/saez.law\/blog\/\" target=\"_blank\" rel=\"nofollow noopener noreferrer\">https:\/\/saez.law\/blog\/<\/a><\/strong><\/span><\/p>\n<p>&nbsp;<\/p>\n","protected":false},"excerpt":{"rendered":"<p>\u00c1lvaro Sa\u00e9z, abogado fiscalista: \u00abDespu\u00e9s de unos a\u00f1os en los que hemos visto como la confianza de los consumidores espa\u00f1oles crec\u00eda, hoy la crisis sanitaria por el coronavirus, la inestabilidad pol\u00edtica y la esperada subida de Impuestos y precios la ha roto\u00bb Seg\u00fan el \u00faltimo \u00cdndice de Confianza del Consumidor (ICC) del mes de diciembre [&hellip;]<\/p>\n","protected":false},"author":1,"featured_media":1061357,"comment_status":"closed","ping_status":"closed","sticky":false,"template":"","format":"standard","meta":{"footnotes":""},"categories":[187],"tags":[],"class_list":["post-1061356","post","type-post","status-publish","format-standard","has-post-thumbnail","hentry","category-economia"],"aioseo_notices":[],"aioseo_head":"\n\t\t<!-- All in One SEO Pro 4.9.6.2 - aioseo.com -->\n\t<meta name=\"description\" content=\"\u00c1lvaro Sa\u00e9z, abogado fiscalista: &quot;Despu\u00e9s de unos a\u00f1os en los que hemos visto como la confianza de los consumidores espa\u00f1oles crec\u00eda, hoy la crisis sanitaria por el coronavirus, la inestabilidad pol\u00edtica y la esperada subida de Impuestos y precios la ha roto&quot; Seg\u00fan el \u00faltimo \u00cdndice de Confianza del Consumidor (ICC) del mes de diciembre\" \/>\n\t<meta name=\"robots\" content=\"max-image-preview:large\" \/>\n\t<meta name=\"author\" content=\"El Digital de Asturias\"\/>\n\t<meta name=\"google-site-verification\" content=\"UA-38556648-1\" \/>\n\t<meta name=\"msvalidate.01\" content=\"7dfe9f3f1b24437ab69f4f2559babe99\" \/>\n\t<meta name=\"keywords\" content=\"econom\u00eda\" \/>\n\t<link rel=\"canonical\" href=\"https:\/\/www.eldigitaldeasturias.com\/noticias\/alvaro-saez-los-espanoles-vuelven-a-no-confiar-en-la-economia\/\" \/>\n\t<meta name=\"generator\" content=\"All in One SEO Pro (AIOSEO) 4.9.6.2\" \/>\n\t\t<meta property=\"og:locale\" content=\"es_ES\" \/>\n\t\t<meta property=\"og:site_name\" content=\"El Digital de Asturias\" \/>\n\t\t<meta property=\"og:type\" content=\"article\" \/>\n\t\t<meta property=\"og:title\" content=\"\u00c1lvaro Sa\u00e9z: \u00abLos espa\u00f1oles vuelven a no confiar en la Econom\u00eda\u00bb - El Digital de Asturias\" \/>\n\t\t<meta property=\"og:description\" content=\"\u00c1lvaro Sa\u00e9z, abogado fiscalista: &quot;Despu\u00e9s de unos a\u00f1os en los que hemos visto como la confianza de los consumidores espa\u00f1oles crec\u00eda, hoy la crisis sanitaria por el coronavirus, la inestabilidad pol\u00edtica y la esperada subida de Impuestos y precios la ha roto&quot; Seg\u00fan el \u00faltimo \u00cdndice de Confianza del Consumidor (ICC) del mes de diciembre\" \/>\n\t\t<meta property=\"og:url\" content=\"https:\/\/www.eldigitaldeasturias.com\/noticias\/alvaro-saez-los-espanoles-vuelven-a-no-confiar-en-la-economia\/\" \/>\n\t\t<meta property=\"og:image\" content=\"https:\/\/www.eldigitaldeasturias.com\/noticias\/wp-content\/uploads\/2020\/03\/1583924915_alvaro_saez_abobado_fiscalista.png\" \/>\n\t\t<meta property=\"og:image:secure_url\" content=\"https:\/\/www.eldigitaldeasturias.com\/noticias\/wp-content\/uploads\/2020\/03\/1583924915_alvaro_saez_abobado_fiscalista.png\" \/>\n\t\t<meta property=\"og:image:width\" content=\"688\" \/>\n\t\t<meta property=\"og:image:height\" content=\"450\" \/>\n\t\t<meta property=\"article:tag\" content=\"econom\u00eda\" \/>\n\t\t<meta property=\"article:published_time\" content=\"2020-03-19T22:24:05+00:00\" \/>\n\t\t<meta property=\"article:modified_time\" content=\"2020-03-19T22:24:05+00:00\" \/>\n\t\t<meta property=\"article:publisher\" content=\"https:\/\/facebook.com\/eldigitaldeasturias\" \/>\n\t\t<meta name=\"twitter:card\" content=\"summary_large_image\" \/>\n\t\t<meta name=\"twitter:title\" content=\"\u00c1lvaro Sa\u00e9z: \u00abLos espa\u00f1oles vuelven a no confiar en la Econom\u00eda\u00bb - El Digital de Asturias\" \/>\n\t\t<meta name=\"twitter:description\" content=\"\u00c1lvaro Sa\u00e9z, abogado fiscalista: &quot;Despu\u00e9s de unos a\u00f1os en los que hemos visto como la confianza de los consumidores espa\u00f1oles crec\u00eda, hoy la crisis sanitaria por el coronavirus, la inestabilidad pol\u00edtica y la esperada subida de Impuestos y precios la ha roto&quot; Seg\u00fan el \u00faltimo \u00cdndice de Confianza del Consumidor (ICC) del mes de diciembre\" \/>\n\t\t<meta name=\"twitter:image\" content=\"https:\/\/www.eldigitaldeasturias.com\/noticias\/wp-content\/uploads\/2020\/03\/1583924915_alvaro_saez_abobado_fiscalista.png\" \/>\n\t\t<meta name=\"twitter:label1\" content=\"Escrito por\" \/>\n\t\t<meta name=\"twitter:data1\" content=\"El Digital de Asturias\" \/>\n\t\t<meta name=\"twitter:label2\" content=\"Tiempo de lectura estimado\" \/>\n\t\t<meta name=\"twitter:data2\" content=\"4 minutos\" \/>\n\t\t<script type=\"application\/ld+json\" class=\"aioseo-schema\">\n\t\t\t{\"@context\":\"https:\\\/\\\/schema.org\",\"@graph\":[{\"@type\":\"BlogPosting\",\"@id\":\"https:\\\/\\\/www.eldigitaldeasturias.com\\\/noticias\\\/alvaro-saez-los-espanoles-vuelven-a-no-confiar-en-la-economia\\\/#blogposting\",\"name\":\"\\u00c1lvaro Sa\\u00e9z: \\u00abLos espa\\u00f1oles vuelven a no confiar en la Econom\\u00eda\\u00bb - El Digital de Asturias\",\"headline\":\"\\u00c1lvaro Sa\\u00e9z: \\u00abLos espa\\u00f1oles vuelven a no confiar en la Econom\\u00eda\\u00bb\",\"author\":{\"@id\":\"https:\\\/\\\/www.eldigitaldeasturias.com\\\/noticias\\\/author\\\/admin\\\/#author\"},\"publisher\":{\"@id\":\"https:\\\/\\\/www.eldigitaldeasturias.com\\\/noticias\\\/#organization\"},\"image\":{\"@type\":\"ImageObject\",\"url\":\"https:\\\/\\\/www.eldigitaldeasturias.com\\\/noticias\\\/wp-content\\\/uploads\\\/2020\\\/03\\\/1583924915_alvaro_saez_abobado_fiscalista.png\",\"width\":688,\"height\":450},\"datePublished\":\"2020-03-19T22:24:05+01:00\",\"dateModified\":\"2020-03-19T22:24:05+01:00\",\"inLanguage\":\"es-ES\",\"mainEntityOfPage\":{\"@id\":\"https:\\\/\\\/www.eldigitaldeasturias.com\\\/noticias\\\/alvaro-saez-los-espanoles-vuelven-a-no-confiar-en-la-economia\\\/#webpage\"},\"isPartOf\":{\"@id\":\"https:\\\/\\\/www.eldigitaldeasturias.com\\\/noticias\\\/alvaro-saez-los-espanoles-vuelven-a-no-confiar-en-la-economia\\\/#webpage\"},\"articleSection\":\"Econom\\u00eda\"},{\"@type\":\"BreadcrumbList\",\"@id\":\"https:\\\/\\\/www.eldigitaldeasturias.com\\\/noticias\\\/alvaro-saez-los-espanoles-vuelven-a-no-confiar-en-la-economia\\\/#breadcrumblist\",\"itemListElement\":[{\"@type\":\"ListItem\",\"@id\":\"https:\\\/\\\/www.eldigitaldeasturias.com\\\/noticias#listItem\",\"position\":1,\"name\":\"Home\",\"item\":\"https:\\\/\\\/www.eldigitaldeasturias.com\\\/noticias\",\"nextItem\":{\"@type\":\"ListItem\",\"@id\":\"https:\\\/\\\/www.eldigitaldeasturias.com\\\/noticias\\\/category\\\/economia\\\/#listItem\",\"name\":\"Econom\\u00eda\"}},{\"@type\":\"ListItem\",\"@id\":\"https:\\\/\\\/www.eldigitaldeasturias.com\\\/noticias\\\/category\\\/economia\\\/#listItem\",\"position\":2,\"name\":\"Econom\\u00eda\",\"item\":\"https:\\\/\\\/www.eldigitaldeasturias.com\\\/noticias\\\/category\\\/economia\\\/\",\"nextItem\":{\"@type\":\"ListItem\",\"@id\":\"https:\\\/\\\/www.eldigitaldeasturias.com\\\/noticias\\\/alvaro-saez-los-espanoles-vuelven-a-no-confiar-en-la-economia\\\/#listItem\",\"name\":\"\\u00c1lvaro Sa\\u00e9z: \\u00abLos espa\\u00f1oles vuelven a no confiar en la Econom\\u00eda\\u00bb\"},\"previousItem\":{\"@type\":\"ListItem\",\"@id\":\"https:\\\/\\\/www.eldigitaldeasturias.com\\\/noticias#listItem\",\"name\":\"Home\"}},{\"@type\":\"ListItem\",\"@id\":\"https:\\\/\\\/www.eldigitaldeasturias.com\\\/noticias\\\/alvaro-saez-los-espanoles-vuelven-a-no-confiar-en-la-economia\\\/#listItem\",\"position\":3,\"name\":\"\\u00c1lvaro Sa\\u00e9z: \\u00abLos espa\\u00f1oles vuelven a no confiar en la Econom\\u00eda\\u00bb\",\"previousItem\":{\"@type\":\"ListItem\",\"@id\":\"https:\\\/\\\/www.eldigitaldeasturias.com\\\/noticias\\\/category\\\/economia\\\/#listItem\",\"name\":\"Econom\\u00eda\"}}]},{\"@type\":\"Organization\",\"@id\":\"https:\\\/\\\/www.eldigitaldeasturias.com\\\/noticias\\\/#organization\",\"name\":\"El Digital de Asturias\",\"description\":\"Hemeroteca\",\"url\":\"https:\\\/\\\/www.eldigitaldeasturias.com\\\/noticias\\\/\",\"email\":\"info@eldigitaldeasturias.com\",\"telephone\":\"+34652131393\",\"logo\":{\"@type\":\"ImageObject\",\"url\":\"https:\\\/\\\/www.eldigitaldeasturias.com\\\/noticias\\\/wp-content\\\/uploads\\\/2020\\\/12\\\/EDA.jpg\",\"@id\":\"https:\\\/\\\/www.eldigitaldeasturias.com\\\/noticias\\\/alvaro-saez-los-espanoles-vuelven-a-no-confiar-en-la-economia\\\/#organizationLogo\",\"width\":649,\"height\":297},\"image\":{\"@id\":\"https:\\\/\\\/www.eldigitaldeasturias.com\\\/noticias\\\/alvaro-saez-los-espanoles-vuelven-a-no-confiar-en-la-economia\\\/#organizationLogo\"},\"sameAs\":[\"https:\\\/\\\/facebook.com\\\/eldigitaldeasturias\",\"https:\\\/\\\/www.youtube.com\\\/channel\\\/UCZP-2wLEB9Rv6erhFmqVnvg\"],\"address\":{\"@id\":\"https:\\\/\\\/www.eldigitaldeasturias.com\\\/noticias\\\/#postaladdress\",\"@type\":\"PostalAddress\",\"streetAddress\":\"san antonio 4,\",\"postalCode\":\"33430\",\"addressLocality\":\"Cand\\u00e1s\",\"addressRegion\":\"Asturias\",\"addressCountry\":\"ES\"}},{\"@type\":\"Person\",\"@id\":\"https:\\\/\\\/www.eldigitaldeasturias.com\\\/noticias\\\/author\\\/admin\\\/#author\",\"url\":\"https:\\\/\\\/www.eldigitaldeasturias.com\\\/noticias\\\/author\\\/admin\\\/\",\"name\":\"El Digital de Asturias\",\"image\":{\"@type\":\"ImageObject\",\"@id\":\"https:\\\/\\\/www.eldigitaldeasturias.com\\\/noticias\\\/alvaro-saez-los-espanoles-vuelven-a-no-confiar-en-la-economia\\\/#authorImage\",\"url\":\"https:\\\/\\\/www.eldigitaldeasturias.com\\\/noticias\\\/wp-content\\\/litespeed\\\/avatar\\\/18677e78aa0546b92d9dbf31ec7d7668.jpg?ver=1777290358\",\"width\":96,\"height\":96,\"caption\":\"El Digital de Asturias\"}},{\"@type\":\"WebPage\",\"@id\":\"https:\\\/\\\/www.eldigitaldeasturias.com\\\/noticias\\\/alvaro-saez-los-espanoles-vuelven-a-no-confiar-en-la-economia\\\/#webpage\",\"url\":\"https:\\\/\\\/www.eldigitaldeasturias.com\\\/noticias\\\/alvaro-saez-los-espanoles-vuelven-a-no-confiar-en-la-economia\\\/\",\"name\":\"\\u00c1lvaro Sa\\u00e9z: \\u00abLos espa\\u00f1oles vuelven a no confiar en la Econom\\u00eda\\u00bb - El Digital de Asturias\",\"description\":\"\\u00c1lvaro Sa\\u00e9z, abogado fiscalista: \\\"Despu\\u00e9s de unos a\\u00f1os en los que hemos visto como la confianza de los consumidores espa\\u00f1oles crec\\u00eda, hoy la crisis sanitaria por el coronavirus, la inestabilidad pol\\u00edtica y la esperada subida de Impuestos y precios la ha roto\\\" Seg\\u00fan el \\u00faltimo \\u00cdndice de Confianza del Consumidor (ICC) del mes de diciembre\",\"inLanguage\":\"es-ES\",\"isPartOf\":{\"@id\":\"https:\\\/\\\/www.eldigitaldeasturias.com\\\/noticias\\\/#website\"},\"breadcrumb\":{\"@id\":\"https:\\\/\\\/www.eldigitaldeasturias.com\\\/noticias\\\/alvaro-saez-los-espanoles-vuelven-a-no-confiar-en-la-economia\\\/#breadcrumblist\"},\"author\":{\"@id\":\"https:\\\/\\\/www.eldigitaldeasturias.com\\\/noticias\\\/author\\\/admin\\\/#author\"},\"creator\":{\"@id\":\"https:\\\/\\\/www.eldigitaldeasturias.com\\\/noticias\\\/author\\\/admin\\\/#author\"},\"image\":{\"@type\":\"ImageObject\",\"url\":\"https:\\\/\\\/www.eldigitaldeasturias.com\\\/noticias\\\/wp-content\\\/uploads\\\/2020\\\/03\\\/1583924915_alvaro_saez_abobado_fiscalista.png\",\"@id\":\"https:\\\/\\\/www.eldigitaldeasturias.com\\\/noticias\\\/alvaro-saez-los-espanoles-vuelven-a-no-confiar-en-la-economia\\\/#mainImage\",\"width\":688,\"height\":450},\"primaryImageOfPage\":{\"@id\":\"https:\\\/\\\/www.eldigitaldeasturias.com\\\/noticias\\\/alvaro-saez-los-espanoles-vuelven-a-no-confiar-en-la-economia\\\/#mainImage\"},\"datePublished\":\"2020-03-19T22:24:05+01:00\",\"dateModified\":\"2020-03-19T22:24:05+01:00\"},{\"@type\":\"WebSite\",\"@id\":\"https:\\\/\\\/www.eldigitaldeasturias.com\\\/noticias\\\/#website\",\"url\":\"https:\\\/\\\/www.eldigitaldeasturias.com\\\/noticias\\\/\",\"name\":\"El Digital de Asturias - Diario de actualidad y noticias\",\"alternateName\":\"El Digital de Asturias - Diario de actualidad y noticias\",\"description\":\"Hemeroteca\",\"inLanguage\":\"es-ES\",\"publisher\":{\"@id\":\"https:\\\/\\\/www.eldigitaldeasturias.com\\\/noticias\\\/#organization\"}}]}\n\t\t<\/script>\n\t\t<!-- All in One SEO Pro -->\r\n\t\t<title>\u00c1lvaro Sa\u00e9z: \u00abLos espa\u00f1oles vuelven a no confiar en la Econom\u00eda\u00bb - El Digital de Asturias<\/title>\n\n","aioseo_head_json":{"title":"\u00c1lvaro Sa\u00e9z: \u00abLos espa\u00f1oles vuelven a no confiar en la Econom\u00eda\u00bb - El Digital de Asturias","description":"\u00c1lvaro Sa\u00e9z, abogado fiscalista: \"Despu\u00e9s de unos a\u00f1os en los que hemos visto como la confianza de los consumidores espa\u00f1oles crec\u00eda, hoy la crisis sanitaria por el coronavirus, la inestabilidad pol\u00edtica y la esperada subida de Impuestos y precios la ha roto\" Seg\u00fan el \u00faltimo \u00cdndice de Confianza del Consumidor (ICC) del mes de diciembre","canonical_url":"https:\/\/www.eldigitaldeasturias.com\/noticias\/alvaro-saez-los-espanoles-vuelven-a-no-confiar-en-la-economia\/","robots":"max-image-preview:large","keywords":"econom\u00eda","webmasterTools":{"google-site-verification":"UA-38556648-1","msvalidate.01":"7dfe9f3f1b24437ab69f4f2559babe99","miscellaneous":""},"schema":{"@context":"https:\/\/schema.org","@graph":[{"@type":"BlogPosting","@id":"https:\/\/www.eldigitaldeasturias.com\/noticias\/alvaro-saez-los-espanoles-vuelven-a-no-confiar-en-la-economia\/#blogposting","name":"\u00c1lvaro Sa\u00e9z: \u00abLos espa\u00f1oles vuelven a no confiar en la Econom\u00eda\u00bb - El Digital de Asturias","headline":"\u00c1lvaro Sa\u00e9z: \u00abLos espa\u00f1oles vuelven a no confiar en la Econom\u00eda\u00bb","author":{"@id":"https:\/\/www.eldigitaldeasturias.com\/noticias\/author\/admin\/#author"},"publisher":{"@id":"https:\/\/www.eldigitaldeasturias.com\/noticias\/#organization"},"image":{"@type":"ImageObject","url":"https:\/\/www.eldigitaldeasturias.com\/noticias\/wp-content\/uploads\/2020\/03\/1583924915_alvaro_saez_abobado_fiscalista.png","width":688,"height":450},"datePublished":"2020-03-19T22:24:05+01:00","dateModified":"2020-03-19T22:24:05+01:00","inLanguage":"es-ES","mainEntityOfPage":{"@id":"https:\/\/www.eldigitaldeasturias.com\/noticias\/alvaro-saez-los-espanoles-vuelven-a-no-confiar-en-la-economia\/#webpage"},"isPartOf":{"@id":"https:\/\/www.eldigitaldeasturias.com\/noticias\/alvaro-saez-los-espanoles-vuelven-a-no-confiar-en-la-economia\/#webpage"},"articleSection":"Econom\u00eda"},{"@type":"BreadcrumbList","@id":"https:\/\/www.eldigitaldeasturias.com\/noticias\/alvaro-saez-los-espanoles-vuelven-a-no-confiar-en-la-economia\/#breadcrumblist","itemListElement":[{"@type":"ListItem","@id":"https:\/\/www.eldigitaldeasturias.com\/noticias#listItem","position":1,"name":"Home","item":"https:\/\/www.eldigitaldeasturias.com\/noticias","nextItem":{"@type":"ListItem","@id":"https:\/\/www.eldigitaldeasturias.com\/noticias\/category\/economia\/#listItem","name":"Econom\u00eda"}},{"@type":"ListItem","@id":"https:\/\/www.eldigitaldeasturias.com\/noticias\/category\/economia\/#listItem","position":2,"name":"Econom\u00eda","item":"https:\/\/www.eldigitaldeasturias.com\/noticias\/category\/economia\/","nextItem":{"@type":"ListItem","@id":"https:\/\/www.eldigitaldeasturias.com\/noticias\/alvaro-saez-los-espanoles-vuelven-a-no-confiar-en-la-economia\/#listItem","name":"\u00c1lvaro Sa\u00e9z: \u00abLos espa\u00f1oles vuelven a no confiar en la Econom\u00eda\u00bb"},"previousItem":{"@type":"ListItem","@id":"https:\/\/www.eldigitaldeasturias.com\/noticias#listItem","name":"Home"}},{"@type":"ListItem","@id":"https:\/\/www.eldigitaldeasturias.com\/noticias\/alvaro-saez-los-espanoles-vuelven-a-no-confiar-en-la-economia\/#listItem","position":3,"name":"\u00c1lvaro Sa\u00e9z: \u00abLos espa\u00f1oles vuelven a no confiar en la Econom\u00eda\u00bb","previousItem":{"@type":"ListItem","@id":"https:\/\/www.eldigitaldeasturias.com\/noticias\/category\/economia\/#listItem","name":"Econom\u00eda"}}]},{"@type":"Organization","@id":"https:\/\/www.eldigitaldeasturias.com\/noticias\/#organization","name":"El Digital de Asturias","description":"Hemeroteca","url":"https:\/\/www.eldigitaldeasturias.com\/noticias\/","email":"info@eldigitaldeasturias.com","telephone":"+34652131393","logo":{"@type":"ImageObject","url":"https:\/\/www.eldigitaldeasturias.com\/noticias\/wp-content\/uploads\/2020\/12\/EDA.jpg","@id":"https:\/\/www.eldigitaldeasturias.com\/noticias\/alvaro-saez-los-espanoles-vuelven-a-no-confiar-en-la-economia\/#organizationLogo","width":649,"height":297},"image":{"@id":"https:\/\/www.eldigitaldeasturias.com\/noticias\/alvaro-saez-los-espanoles-vuelven-a-no-confiar-en-la-economia\/#organizationLogo"},"sameAs":["https:\/\/facebook.com\/eldigitaldeasturias","https:\/\/www.youtube.com\/channel\/UCZP-2wLEB9Rv6erhFmqVnvg"],"address":{"@id":"https:\/\/www.eldigitaldeasturias.com\/noticias\/#postaladdress","@type":"PostalAddress","streetAddress":"san antonio 4,","postalCode":"33430","addressLocality":"Cand\u00e1s","addressRegion":"Asturias","addressCountry":"ES"}},{"@type":"Person","@id":"https:\/\/www.eldigitaldeasturias.com\/noticias\/author\/admin\/#author","url":"https:\/\/www.eldigitaldeasturias.com\/noticias\/author\/admin\/","name":"El Digital de Asturias","image":{"@type":"ImageObject","@id":"https:\/\/www.eldigitaldeasturias.com\/noticias\/alvaro-saez-los-espanoles-vuelven-a-no-confiar-en-la-economia\/#authorImage","url":"https:\/\/www.eldigitaldeasturias.com\/noticias\/wp-content\/litespeed\/avatar\/18677e78aa0546b92d9dbf31ec7d7668.jpg?ver=1777290358","width":96,"height":96,"caption":"El Digital de Asturias"}},{"@type":"WebPage","@id":"https:\/\/www.eldigitaldeasturias.com\/noticias\/alvaro-saez-los-espanoles-vuelven-a-no-confiar-en-la-economia\/#webpage","url":"https:\/\/www.eldigitaldeasturias.com\/noticias\/alvaro-saez-los-espanoles-vuelven-a-no-confiar-en-la-economia\/","name":"\u00c1lvaro Sa\u00e9z: \u00abLos espa\u00f1oles vuelven a no confiar en la Econom\u00eda\u00bb - El Digital de Asturias","description":"\u00c1lvaro Sa\u00e9z, abogado fiscalista: \"Despu\u00e9s de unos a\u00f1os en los que hemos visto como la confianza de los consumidores espa\u00f1oles crec\u00eda, hoy la crisis sanitaria por el coronavirus, la inestabilidad pol\u00edtica y la esperada subida de Impuestos y precios la ha roto\" Seg\u00fan el \u00faltimo \u00cdndice de Confianza del Consumidor (ICC) del mes de diciembre","inLanguage":"es-ES","isPartOf":{"@id":"https:\/\/www.eldigitaldeasturias.com\/noticias\/#website"},"breadcrumb":{"@id":"https:\/\/www.eldigitaldeasturias.com\/noticias\/alvaro-saez-los-espanoles-vuelven-a-no-confiar-en-la-economia\/#breadcrumblist"},"author":{"@id":"https:\/\/www.eldigitaldeasturias.com\/noticias\/author\/admin\/#author"},"creator":{"@id":"https:\/\/www.eldigitaldeasturias.com\/noticias\/author\/admin\/#author"},"image":{"@type":"ImageObject","url":"https:\/\/www.eldigitaldeasturias.com\/noticias\/wp-content\/uploads\/2020\/03\/1583924915_alvaro_saez_abobado_fiscalista.png","@id":"https:\/\/www.eldigitaldeasturias.com\/noticias\/alvaro-saez-los-espanoles-vuelven-a-no-confiar-en-la-economia\/#mainImage","width":688,"height":450},"primaryImageOfPage":{"@id":"https:\/\/www.eldigitaldeasturias.com\/noticias\/alvaro-saez-los-espanoles-vuelven-a-no-confiar-en-la-economia\/#mainImage"},"datePublished":"2020-03-19T22:24:05+01:00","dateModified":"2020-03-19T22:24:05+01:00"},{"@type":"WebSite","@id":"https:\/\/www.eldigitaldeasturias.com\/noticias\/#website","url":"https:\/\/www.eldigitaldeasturias.com\/noticias\/","name":"El Digital de Asturias - Diario de actualidad y noticias","alternateName":"El Digital de Asturias - Diario de actualidad y noticias","description":"Hemeroteca","inLanguage":"es-ES","publisher":{"@id":"https:\/\/www.eldigitaldeasturias.com\/noticias\/#organization"}}]},"og:locale":"es_ES","og:site_name":"El Digital de Asturias","og:type":"article","og:title":"\u00c1lvaro Sa\u00e9z: \u00abLos espa\u00f1oles vuelven a no confiar en la Econom\u00eda\u00bb - El Digital de Asturias","og:description":"\u00c1lvaro Sa\u00e9z, abogado fiscalista: &quot;Despu\u00e9s de unos a\u00f1os en los que hemos visto como la confianza de los consumidores espa\u00f1oles crec\u00eda, hoy la crisis sanitaria por el coronavirus, la inestabilidad pol\u00edtica y la esperada subida de Impuestos y precios la ha roto&quot; Seg\u00fan el \u00faltimo \u00cdndice de Confianza del Consumidor (ICC) del mes de diciembre","og:url":"https:\/\/www.eldigitaldeasturias.com\/noticias\/alvaro-saez-los-espanoles-vuelven-a-no-confiar-en-la-economia\/","og:image":"https:\/\/www.eldigitaldeasturias.com\/noticias\/wp-content\/uploads\/2020\/03\/1583924915_alvaro_saez_abobado_fiscalista.png","og:image:secure_url":"https:\/\/www.eldigitaldeasturias.com\/noticias\/wp-content\/uploads\/2020\/03\/1583924915_alvaro_saez_abobado_fiscalista.png","og:image:width":688,"og:image:height":450,"article:tag":["econom\u00eda"],"article:published_time":"2020-03-19T22:24:05+00:00","article:modified_time":"2020-03-19T22:24:05+00:00","article:publisher":"https:\/\/facebook.com\/eldigitaldeasturias","twitter:card":"summary_large_image","twitter:title":"\u00c1lvaro Sa\u00e9z: \u00abLos espa\u00f1oles vuelven a no confiar en la Econom\u00eda\u00bb - El Digital de Asturias","twitter:description":"\u00c1lvaro Sa\u00e9z, abogado fiscalista: &quot;Despu\u00e9s de unos a\u00f1os en los que hemos visto como la confianza de los consumidores espa\u00f1oles crec\u00eda, hoy la crisis sanitaria por el coronavirus, la inestabilidad pol\u00edtica y la esperada subida de Impuestos y precios la ha roto&quot; Seg\u00fan el \u00faltimo \u00cdndice de Confianza del Consumidor (ICC) del mes de diciembre","twitter:image":"https:\/\/www.eldigitaldeasturias.com\/noticias\/wp-content\/uploads\/2020\/03\/1583924915_alvaro_saez_abobado_fiscalista.png","twitter:label1":"Escrito por","twitter:data1":"El Digital de Asturias","twitter:label2":"Tiempo de lectura estimado","twitter:data2":"4 minutos"},"aioseo_meta_data":{"post_id":"1061356","title":null,"description":null,"keywords":null,"keyphrases":null,"primary_term":null,"canonical_url":null,"og_title":null,"og_description":null,"og_object_type":"default","og_image_type":"default","og_image_url":null,"og_image_width":null,"og_image_height":null,"og_image_custom_url":null,"og_image_custom_fields":null,"og_video":null,"og_custom_url":null,"og_article_section":null,"og_article_tags":null,"twitter_use_og":false,"twitter_card":"default","twitter_image_type":"default","twitter_image_url":null,"twitter_image_custom_url":null,"twitter_image_custom_fields":null,"twitter_title":null,"twitter_description":null,"schema":{"blockGraphs":[],"customGraphs":[],"default":{"data":{"Article":[],"Course":[],"Dataset":[],"FAQPage":[],"Movie":[],"Person":[],"Product":[],"ProductReview":[],"Car":[],"Recipe":[],"Service":[],"SoftwareApplication":[],"WebPage":[]},"graphName":"","isEnabled":true},"graphs":[],"defaultGraph":"","defaultPostTypeGraph":""},"schema_type":null,"schema_type_options":null,"pillar_content":false,"robots_default":true,"robots_noindex":false,"robots_noarchive":false,"robots_nosnippet":false,"robots_nofollow":false,"robots_noimageindex":false,"robots_noodp":false,"robots_notranslate":false,"robots_max_snippet":null,"robots_max_videopreview":null,"robots_max_imagepreview":"large","priority":null,"frequency":null,"local_seo":null,"seo_analyzer_scan_date":"2025-10-31 15:17:06","breadcrumb_settings":null,"limit_modified_date":false,"open_ai":null,"ai":null,"created":"2020-12-21 10:53:32","updated":"2025-10-31 15:17:06"},"aioseo_breadcrumb":"<div class=\"aioseo-breadcrumbs\"><span class=\"aioseo-breadcrumb\">\n\t<a href=\"https:\/\/www.eldigitaldeasturias.com\/noticias\" title=\"Home\">Home<\/a>\n<\/span><span class=\"aioseo-breadcrumb-separator\">\u2013<\/span><span class=\"aioseo-breadcrumb\">\n\t<a href=\"https:\/\/www.eldigitaldeasturias.com\/noticias\/category\/economia\/\" title=\"Econom\u00eda\">Econom\u00eda<\/a>\n<\/span><span class=\"aioseo-breadcrumb-separator\">\u2013<\/span><span class=\"aioseo-breadcrumb\">\n\t<a href=\"https:\/\/www.eldigitaldeasturias.com\/noticias\/alvaro-saez-los-espanoles-vuelven-a-no-confiar-en-la-economia\/\" title=\"\u00c1lvaro Sa\u00e9z: \u00abLos espa\u00f1oles vuelven a no confiar en la Econom\u00eda\u00bb\">\u00c1lvaro Sa\u00e9z: \u00abLos espa\u00f1oles vuelven a no confiar en la Econom\u00eda\u00bb<\/a>\n<\/span><\/div>","aioseo_breadcrumb_json":[{"label":"Home","link":"https:\/\/www.eldigitaldeasturias.com\/noticias"},{"label":"Econom\u00eda","link":"https:\/\/www.eldigitaldeasturias.com\/noticias\/category\/economia\/"},{"label":"\u00c1lvaro Sa\u00e9z: \u00abLos espa\u00f1oles vuelven a no confiar en la Econom\u00eda\u00bb","link":"https:\/\/www.eldigitaldeasturias.com\/noticias\/alvaro-saez-los-espanoles-vuelven-a-no-confiar-en-la-economia\/"}],"_links":{"self":[{"href":"https:\/\/www.eldigitaldeasturias.com\/noticias\/wp-json\/wp\/v2\/posts\/1061356","targetHints":{"allow":["GET"]}}],"collection":[{"href":"https:\/\/www.eldigitaldeasturias.com\/noticias\/wp-json\/wp\/v2\/posts"}],"about":[{"href":"https:\/\/www.eldigitaldeasturias.com\/noticias\/wp-json\/wp\/v2\/types\/post"}],"author":[{"embeddable":true,"href":"https:\/\/www.eldigitaldeasturias.com\/noticias\/wp-json\/wp\/v2\/users\/1"}],"replies":[{"embeddable":true,"href":"https:\/\/www.eldigitaldeasturias.com\/noticias\/wp-json\/wp\/v2\/comments?post=1061356"}],"version-history":[{"count":0,"href":"https:\/\/www.eldigitaldeasturias.com\/noticias\/wp-json\/wp\/v2\/posts\/1061356\/revisions"}],"wp:featuredmedia":[{"embeddable":true,"href":"https:\/\/www.eldigitaldeasturias.com\/noticias\/wp-json\/wp\/v2\/media\/1061357"}],"wp:attachment":[{"href":"https:\/\/www.eldigitaldeasturias.com\/noticias\/wp-json\/wp\/v2\/media?parent=1061356"}],"wp:term":[{"taxonomy":"category","embeddable":true,"href":"https:\/\/www.eldigitaldeasturias.com\/noticias\/wp-json\/wp\/v2\/categories?post=1061356"},{"taxonomy":"post_tag","embeddable":true,"href":"https:\/\/www.eldigitaldeasturias.com\/noticias\/wp-json\/wp\/v2\/tags?post=1061356"}],"curies":[{"name":"wp","href":"https:\/\/api.w.org\/{rel}","templated":true}]}}